{"id":22117,"date":"2018-07-16T16:31:00","date_gmt":"2018-07-16T14:31:00","guid":{"rendered":"http:\/\/dicodusport.fr\/blog\/?p=22117"},"modified":"2018-07-16T17:36:02","modified_gmt":"2018-07-16T15:36:02","slug":"tour-de-france-bilan-1ere-semaine-course","status":"publish","type":"post","link":"https:\/\/dicodusport.fr\/blog\/tour-de-france-bilan-1ere-semaine-course\/","title":{"rendered":"Tour de France : bilan de cette premi\u00e8re semaine de course"},"content":{"rendered":"<p style=\"text-align: justify;\"><em><strong>\u00c0 l&rsquo;occasion de la journ\u00e9e de repos, retour sur une 1\u00e8re semaine assez d\u00e9cevante en terme de spectacle, l&rsquo;\u00e9tape de pav\u00e9s \u00e9tant l&rsquo;arbre qui a cach\u00e9 la for\u00eat de l&rsquo;ennui. Quels premiers enseignements pouvons-nous tirer de ce Tour de France 2018 ?<\/strong><\/em><\/p>\n<h4 style=\"text-align: justify;\">Gaviria, Groenewegen, Sagan et Van Avermaet, les tauliers de ce d\u00e9but de Tour !<\/h4>\n<div id=\"attachment_22134\" style=\"width: 1010px\" class=\"wp-caption aligncenter\"><img loading=\"lazy\" decoding=\"async\" aria-describedby=\"caption-attachment-22134\" class=\"wp-image-22134 size-full\" src=\"http:\/\/dicodusport.fr\/blog\/wp-content\/uploads\/2018\/07\/Tour-de-France-2018-Dylan-Groenewegen.jpg\" alt=\"Tour de France 2018\" width=\"1000\" height=\"666\" srcset=\"https:\/\/dicodusport.fr\/blog\/wp-content\/uploads\/2018\/07\/Tour-de-France-2018-Dylan-Groenewegen.jpg 1000w, https:\/\/dicodusport.fr\/blog\/wp-content\/uploads\/2018\/07\/Tour-de-France-2018-Dylan-Groenewegen-300x200.jpg 300w, https:\/\/dicodusport.fr\/blog\/wp-content\/uploads\/2018\/07\/Tour-de-France-2018-Dylan-Groenewegen-768x511.jpg 768w\" sizes=\"auto, (max-width: 1000px) 100vw, 1000px\" \/><p id=\"caption-attachment-22134\" class=\"wp-caption-text\">Dylan Groenewegen &#8211; ASO<\/p><\/div>\n<p style=\"text-align: justify;\">Premier porteur du Maillot Jaune sur ce Tour de France 2018, <strong>Fernando Gavria<\/strong> a impressionn\u00e9 pour sa premi\u00e8re participation : avec deux victoires d&rsquo;\u00e9tape et un jour en jaune, le Colombien a sans doute d\u00e9pass\u00e9 ses objectifs initiaux. <strong>Dylan Groenewegen<\/strong> a lui aussi tir\u00e9 son \u00e9pingle du jeu sur les sprints, en gagnant les \u00e9tapes 7 et 8 \u00e0 Chartres et Amiens.<\/p>\n<p style=\"text-align: justify;\">2 victoires \u00e9galement pour <strong>Peter Sagan<\/strong>,\u00a0un jour en jaune et le reste du Tour avec le maillot vert du classement \u00e0 points qui restera sans doute solidement accroch\u00e9 sur ses \u00e9paules jusqu&rsquo;\u00e0 Paris sauf grosse d\u00e9faillance. Et enfin, <strong>Greg Van Avermaet<\/strong>\u00a0a pu profiter du Maillot Jaune durant 6 \u00e9tapes et l&rsquo;a m\u00eame brillamment mis en valeur dimanche dans l&rsquo;\u00e9tape des pav\u00e9s, en prenant la 2\u00e8me place d&rsquo;une \u00e9tape dantesque.<\/p>\n<hr \/>\n<h4 style=\"text-align: justify;\">Chez les favoris, certains ont gagn\u00e9 du temps, d&rsquo;autres ont limit\u00e9 la casse tant bien que mal.<\/h4>\n<div id=\"attachment_22133\" style=\"width: 1010px\" class=\"wp-caption aligncenter\"><img loading=\"lazy\" decoding=\"async\" aria-describedby=\"caption-attachment-22133\" class=\"wp-image-22133 size-full\" src=\"http:\/\/dicodusport.fr\/blog\/wp-content\/uploads\/2018\/07\/Tour-de-France-2018-Christopher-Froome.jpg\" alt=\"Tour de France 2018\" width=\"1000\" height=\"667\" srcset=\"https:\/\/dicodusport.fr\/blog\/wp-content\/uploads\/2018\/07\/Tour-de-France-2018-Christopher-Froome.jpg 1000w, https:\/\/dicodusport.fr\/blog\/wp-content\/uploads\/2018\/07\/Tour-de-France-2018-Christopher-Froome-300x200.jpg 300w, https:\/\/dicodusport.fr\/blog\/wp-content\/uploads\/2018\/07\/Tour-de-France-2018-Christopher-Froome-768x512.jpg 768w\" sizes=\"auto, (max-width: 1000px) 100vw, 1000px\" \/><p id=\"caption-attachment-22133\" class=\"wp-caption-text\">Christopher Froome et Geraint Thomas &#8211; ASO<\/p><\/div>\n<p style=\"text-align: justify;\">Le grand gagnant de cette premi\u00e8re semaine est <strong>Geraint Thomas<\/strong>, le lieutenant de luxe de <strong>Chris Froome<\/strong>, lui aussi plut\u00f4t bien plac\u00e9 au g\u00e9n\u00e9ral. Avec deux options int\u00e9ressantes, l&rsquo;\u00e9quipe Sky est donc une nouvelle fois en position de force \u00e0 l&rsquo;approche de la montagne. Derri\u00e8re, <strong>Valverde<\/strong>,\u00a0<strong>Majka, Fuglsang<\/strong>, <strong>Yates<\/strong>, <strong>Landa<\/strong> et <strong>Nibali<\/strong> sont \u00e0 pr\u00e8s d&rsquo;une minute du Gallois et restent dans le coup.<\/p>\n<p style=\"text-align: justify;\">Pour <strong>Dumoulin<\/strong> et <strong>Bardet<\/strong>, cela a \u00e9t\u00e9 un peu plus compliqu\u00e9 \u00e0 cause d&rsquo;ennuis m\u00e9caniques au mauvais moment. N\u00e9anmoins, la forme semble bonne et rien n&rsquo;est fini pour eux.<\/p>\n<p style=\"text-align: justify;\"><strong>Nairo Quintana<\/strong>, <strong>Rigoberto Uran<\/strong> et <strong>Dan Martin<\/strong> ferment la marche au g\u00e9n\u00e9ral chez les favoris, alors que <strong>Richie Porte<\/strong> a abandonn\u00e9 sur une chute lors de la derni\u00e8re \u00e9tape.<\/p>\n<hr \/>\n<h4 style=\"text-align: justify;\">Un d\u00e9but de parcours soporifique ?<\/h4>\n<p style=\"text-align: justify;\">Va-t-on un jour se poser la question de l&rsquo;int\u00e9r\u00eat des \u00e9tapes de plaine ? Alors certes, la France n&rsquo;est pas qu&rsquo;un pays montagneux ou pav\u00e9, et comme dirait Thierry Adam, \u00ab <em>Le Tour de France c&rsquo;est aussi le Tour de LA France \u00bb<\/em>. Mais il faut bien avouer que les \u00e9tapes dites \u00ab\u00a0de transition\u00a0\u00bb sont bien trop nombreuses et ennuyantes dans ce Tour de France 2018.<\/p>\n<p style=\"text-align: justify;\">Regarder 200km de course, avec une \u00e9chapp\u00e9e syst\u00e9matiquement reprise, n&rsquo;a rien d\u2019int\u00e9ressant sauf pour faire une longue sieste. L&rsquo;id\u00e9e des sprint bonus dans les \u00e9tapes est int\u00e9ressante, mais peine \u00e0 motiver les grands favoris pour l&rsquo;instant qui restent au chaud avant les 5 derniers kilom\u00e8tres des \u00e9tapes. On esp\u00e8re assister \u00e0 une seconde partie de Tour plus convaincante en terme de spectacle&#8230;<\/p>\n<p style=\"text-align: justify;\"><em><strong>Mathieu Veillon<br \/>\n<a href=\"https:\/\/twitter.com\/MathieuVeillon\" target=\"_blank\" rel=\"noopener noreferrer\"><img loading=\"lazy\" decoding=\"async\" class=\"alignnone wp-image-2908\" src=\"http:\/\/dicodusport.fr\/blog\/wp-content\/uploads\/2017\/07\/logo-twitter-150x150.png\" alt=\"\" width=\"39\" height=\"39\" \/><\/a><\/strong><\/em><\/p>\n","protected":false},"excerpt":{"rendered":"<p>\u00c0 l&rsquo;occasion de la journ\u00e9e de repos, retour sur une 1\u00e8re semaine assez d\u00e9cevante en terme de spectacle, l&rsquo;\u00e9tape de pav\u00e9s \u00e9tant l&rsquo;arbre qui a cach\u00e9 la for\u00eat de l&rsquo;ennui. Quels premiers enseignements pouvons-nous tirer de ce Tour de France 2018 ? Gaviria, Groenewegen, Sagan et Van Avermaet, les tauliers de ce d\u00e9but de Tour [&hellip;]<\/p>\n","protected":false},"author":21,"featured_media":22140,"comment_status":"open","ping_status":"closed","sticky":false,"template":"","format":"standard","meta":{"_acf_changed":false,"_daextam_enable_autolinks":"","footnotes":""},"categories":[2,2307,46995],"tags":[4373,1262],"class_list":["post-22117","post","type-post","status-publish","format-standard","has-post-thumbnail","hentry","category-actualites","category-cyclisme","category-tour-de-france","tag-sagan","tag-tour-de-france"],"acf":[],"yoast_head":"<!-- This site is optimized with the Yoast SEO Premium plugin v26.7 (Yoast SEO v26.7) - https:\/\/yoast.com\/wordpress\/plugins\/seo\/ -->\n<title>Tour de France 2018 : bilan de cette premi\u00e8re semaine de course<\/title>\n<meta name=\"description\" content=\"\u00c0 l&#039;occasion de la journ\u00e9e de repos, retour sur une 1\u00e8re semaine assez d\u00e9cevante en spectacle. Quels enseignements peut-on tirer de ce Tour de France 2018 ?\" \/>\n<meta name=\"robots\" content=\"index, follow, max-snippet:-1, max-image-preview:large, max-video-preview:-1\" \/>\n<link rel=\"canonical\" href=\"https:\/\/dicodusport.fr\/blog\/tour-de-france-bilan-1ere-semaine-course\/\" \/>\n<meta property=\"og:locale\" content=\"fr_FR\" \/>\n<meta property=\"og:type\" content=\"article\" \/>\n<meta property=\"og:title\" content=\"Tour de France : bilan de cette premi\u00e8re semaine de course\" \/>\n<meta property=\"og:description\" content=\"\u00c0 l&#039;occasion de la journ\u00e9e de repos, retour sur une 1\u00e8re semaine assez d\u00e9cevante en spectacle. Quels enseignements peut-on tirer de ce Tour de France 2018 ?\" \/>\n<meta property=\"og:url\" content=\"https:\/\/dicodusport.fr\/blog\/tour-de-france-bilan-1ere-semaine-course\/\" \/>\n<meta property=\"og:site_name\" content=\"Dicodusport\" \/>\n<meta property=\"article:publisher\" content=\"https:\/\/www.facebook.com\/dicodusport\" \/>\n<meta property=\"article:published_time\" content=\"2018-07-16T14:31:00+00:00\" \/>\n<meta property=\"article:modified_time\" content=\"2018-07-16T15:36:02+00:00\" \/>\n<meta property=\"og:image\" content=\"https:\/\/dicodusport.fr\/blog\/wp-content\/uploads\/2018\/07\/Bilan-1\u00e8re-semaine-Tour-de-France-2018.png\" \/>\n\t<meta property=\"og:image:width\" content=\"800\" \/>\n\t<meta property=\"og:image:height\" content=\"445\" \/>\n\t<meta property=\"og:image:type\" content=\"image\/png\" \/>\n<meta name=\"author\" content=\"Mathieu Veillon\" \/>\n<meta name=\"twitter:card\" content=\"summary_large_image\" \/>\n<meta name=\"twitter:creator\" content=\"@https:\/\/twitter.com\/MathieuVeillon\" \/>\n<meta name=\"twitter:site\" content=\"@dicodusport\" \/>\n<script type=\"application\/ld+json\" class=\"yoast-schema-graph\">{\"@context\":\"https:\/\/schema.org\",\"@graph\":[{\"@type\":\"NewsArticle\",\"@id\":\"https:\/\/dicodusport.fr\/blog\/tour-de-france-bilan-1ere-semaine-course\/#article\",\"isPartOf\":{\"@id\":\"https:\/\/dicodusport.fr\/blog\/tour-de-france-bilan-1ere-semaine-course\/\"},\"author\":{\"name\":\"Mathieu Veillon\",\"@id\":\"https:\/\/dicodusport.fr\/blog\/#\/schema\/person\/9731cdc747db1ceb457a2bfa9180a806\"},\"headline\":\"Tour de France : bilan de cette premi\u00e8re semaine de course\",\"datePublished\":\"2018-07-16T14:31:00+00:00\",\"dateModified\":\"2018-07-16T15:36:02+00:00\",\"mainEntityOfPage\":{\"@id\":\"https:\/\/dicodusport.fr\/blog\/tour-de-france-bilan-1ere-semaine-course\/\"},\"wordCount\":531,\"commentCount\":0,\"publisher\":{\"@id\":\"https:\/\/dicodusport.fr\/blog\/#organization\"},\"image\":{\"@id\":\"https:\/\/dicodusport.fr\/blog\/tour-de-france-bilan-1ere-semaine-course\/#primaryimage\"},\"thumbnailUrl\":\"https:\/\/dicodusport.fr\/blog\/wp-content\/uploads\/2018\/07\/Bilan-1\u00e8re-semaine-Tour-de-France-2018.png\",\"keywords\":[\"Sagan\",\"Tour de France\"],\"articleSection\":[\"Actualit\u00e9s\",\"Cyclisme\",\"Tour de France\"],\"inLanguage\":\"fr-FR\",\"potentialAction\":[{\"@type\":\"CommentAction\",\"name\":\"Comment\",\"target\":[\"https:\/\/dicodusport.fr\/blog\/tour-de-france-bilan-1ere-semaine-course\/#respond\"]}],\"copyrightYear\":\"2018\",\"copyrightHolder\":{\"@id\":\"https:\/\/dicodusport.fr\/blog\/#organization\"}},{\"@type\":\"WebPage\",\"@id\":\"https:\/\/dicodusport.fr\/blog\/tour-de-france-bilan-1ere-semaine-course\/\",\"url\":\"https:\/\/dicodusport.fr\/blog\/tour-de-france-bilan-1ere-semaine-course\/\",\"name\":\"Tour de France 2018 : bilan de cette premi\u00e8re semaine de course\",\"isPartOf\":{\"@id\":\"https:\/\/dicodusport.fr\/blog\/#website\"},\"primaryImageOfPage\":{\"@id\":\"https:\/\/dicodusport.fr\/blog\/tour-de-france-bilan-1ere-semaine-course\/#primaryimage\"},\"image\":{\"@id\":\"https:\/\/dicodusport.fr\/blog\/tour-de-france-bilan-1ere-semaine-course\/#primaryimage\"},\"thumbnailUrl\":\"https:\/\/dicodusport.fr\/blog\/wp-content\/uploads\/2018\/07\/Bilan-1\u00e8re-semaine-Tour-de-France-2018.png\",\"datePublished\":\"2018-07-16T14:31:00+00:00\",\"dateModified\":\"2018-07-16T15:36:02+00:00\",\"description\":\"\u00c0 l'occasion de la journ\u00e9e de repos, retour sur une 1\u00e8re semaine assez d\u00e9cevante en spectacle. Quels enseignements peut-on tirer de ce Tour de France 2018 ?\",\"breadcrumb\":{\"@id\":\"https:\/\/dicodusport.fr\/blog\/tour-de-france-bilan-1ere-semaine-course\/#breadcrumb\"},\"inLanguage\":\"fr-FR\",\"potentialAction\":[{\"@type\":\"ReadAction\",\"target\":[\"https:\/\/dicodusport.fr\/blog\/tour-de-france-bilan-1ere-semaine-course\/\"]}]},{\"@type\":\"ImageObject\",\"inLanguage\":\"fr-FR\",\"@id\":\"https:\/\/dicodusport.fr\/blog\/tour-de-france-bilan-1ere-semaine-course\/#primaryimage\",\"url\":\"https:\/\/dicodusport.fr\/blog\/wp-content\/uploads\/2018\/07\/Bilan-1\u00e8re-semaine-Tour-de-France-2018.png\",\"contentUrl\":\"https:\/\/dicodusport.fr\/blog\/wp-content\/uploads\/2018\/07\/Bilan-1\u00e8re-semaine-Tour-de-France-2018.png\",\"width\":800,\"height\":445},{\"@type\":\"BreadcrumbList\",\"@id\":\"https:\/\/dicodusport.fr\/blog\/tour-de-france-bilan-1ere-semaine-course\/#breadcrumb\",\"itemListElement\":[{\"@type\":\"ListItem\",\"position\":1,\"name\":\"Accueil\",\"item\":\"https:\/\/dicodusport.fr\/blog\/\"},{\"@type\":\"ListItem\",\"position\":2,\"name\":\"Tour de France : bilan de cette premi\u00e8re semaine de course\"}]},{\"@type\":\"WebSite\",\"@id\":\"https:\/\/dicodusport.fr\/blog\/#website\",\"url\":\"https:\/\/dicodusport.fr\/blog\/\",\"name\":\"Dicodusport\",\"description\":\"L&#039;encyclop\u00e9die de l&#039;actualit\u00e9 sportive\",\"publisher\":{\"@id\":\"https:\/\/dicodusport.fr\/blog\/#organization\"},\"potentialAction\":[{\"@type\":\"SearchAction\",\"target\":{\"@type\":\"EntryPoint\",\"urlTemplate\":\"https:\/\/dicodusport.fr\/blog\/?s={search_term_string}\"},\"query-input\":{\"@type\":\"PropertyValueSpecification\",\"valueRequired\":true,\"valueName\":\"search_term_string\"}}],\"inLanguage\":\"fr-FR\"},{\"@type\":\"NewsMediaOrganization\",\"@id\":\"https:\/\/dicodusport.fr\/blog\/#organization\",\"name\":\"Dicodusport\",\"url\":\"https:\/\/dicodusport.fr\/blog\/\",\"logo\":{\"@type\":\"ImageObject\",\"inLanguage\":\"fr-FR\",\"@id\":\"https:\/\/dicodusport.fr\/blog\/#\/schema\/logo\/image\/\",\"url\":\"https:\/\/dicodusport.fr\/blog\/wp-content\/uploads\/2020\/06\/cropped-LOGO-DICODUSPORT-2020-SANS-FOND-SANS-TEXTE.png\",\"contentUrl\":\"https:\/\/dicodusport.fr\/blog\/wp-content\/uploads\/2020\/06\/cropped-LOGO-DICODUSPORT-2020-SANS-FOND-SANS-TEXTE.png\",\"width\":512,\"height\":512,\"caption\":\"Dicodusport\"},\"image\":{\"@id\":\"https:\/\/dicodusport.fr\/blog\/#\/schema\/logo\/image\/\"},\"sameAs\":[\"https:\/\/www.facebook.com\/dicodusport\",\"https:\/\/x.com\/dicodusport\",\"https:\/\/www.instagram.com\/dicodusport\/\",\"https:\/\/www.youtube.com\/channel\/UC7V2KZ5sd3htJivAbA4ZG3w\"],\"description\":\"Dicodusport est l'encyclop\u00e9die de l'actualit\u00e9 sportive.\",\"email\":\"bonjour@dicodusport.fr\",\"legalName\":\"DICODUSPORT\",\"foundingDate\":\"2018-01-14\",\"vatID\":\"FR71834470973\",\"taxID\":\"83447097300043\",\"numberOfEmployees\":{\"@type\":\"QuantitativeValue\",\"minValue\":\"1\",\"maxValue\":\"10\"}},{\"@type\":\"Person\",\"@id\":\"https:\/\/dicodusport.fr\/blog\/#\/schema\/person\/9731cdc747db1ceb457a2bfa9180a806\",\"name\":\"Mathieu Veillon\",\"image\":{\"@type\":\"ImageObject\",\"inLanguage\":\"fr-FR\",\"@id\":\"https:\/\/dicodusport.fr\/blog\/#\/schema\/person\/image\/\",\"url\":\"https:\/\/dicodusport.fr\/blog\/wp-content\/uploads\/2021\/05\/Mathieu-Veillon-150x150.jpg\",\"contentUrl\":\"https:\/\/dicodusport.fr\/blog\/wp-content\/uploads\/2021\/05\/Mathieu-Veillon-150x150.jpg\",\"caption\":\"Mathieu Veillon\"},\"description\":\"Journaliste\/r\u00e9dacteur depuis septembre 2015 - Ma d\u00e9finition du bonheur ? Une galette-saucisse au Roazhon Park ou un caf\u00e9 devant un Lakers\/Celtics au petit matin. Fid\u00e8le membre de la team insomniaque de la r\u00e9dac, j\u2019ai le pouvoir de rester \u00e9veill\u00e9 jusqu\u2019\u00e0 l\u2019aube pour faire vivre aux lecteurs ma passion du sport. Ainsi, j\u2019\u00e9cris principalement sur la NBA, le biathlon, le cyclisme ou encore la F1. Comptez dans mes exploits sportifs le fait d\u2019avoir fait gagner le Tour de France 2018 \u00e0 Tony Gallopin sur Pro Cycling Manager, ou encore d\u2019avoir men\u00e9 l\u2019\u00e9quipe nationale de Bretagne en finale de Coupe du monde sur Football Manager.\",\"sameAs\":[\"https:\/\/x.com\/https:\/\/twitter.com\/MathieuVeillon\"],\"url\":\"https:\/\/dicodusport.fr\/blog\/author\/mathieu\/\"}]}<\/script>\n<!-- \/ Yoast SEO Premium plugin. -->","yoast_head_json":{"title":"Tour de France 2018 : bilan de cette premi\u00e8re semaine de course","description":"\u00c0 l'occasion de la journ\u00e9e de repos, retour sur une 1\u00e8re semaine assez d\u00e9cevante en spectacle. Quels enseignements peut-on tirer de ce Tour de France 2018 ?","robots":{"index":"index","follow":"follow","max-snippet":"max-snippet:-1","max-image-preview":"max-image-preview:large","max-video-preview":"max-video-preview:-1"},"canonical":"https:\/\/dicodusport.fr\/blog\/tour-de-france-bilan-1ere-semaine-course\/","og_locale":"fr_FR","og_type":"article","og_title":"Tour de France : bilan de cette premi\u00e8re semaine de course","og_description":"\u00c0 l'occasion de la journ\u00e9e de repos, retour sur une 1\u00e8re semaine assez d\u00e9cevante en spectacle. Quels enseignements peut-on tirer de ce Tour de France 2018 ?","og_url":"https:\/\/dicodusport.fr\/blog\/tour-de-france-bilan-1ere-semaine-course\/","og_site_name":"Dicodusport","article_publisher":"https:\/\/www.facebook.com\/dicodusport","article_published_time":"2018-07-16T14:31:00+00:00","article_modified_time":"2018-07-16T15:36:02+00:00","og_image":[{"width":800,"height":445,"url":"https:\/\/dicodusport.fr\/blog\/wp-content\/uploads\/2018\/07\/Bilan-1\u00e8re-semaine-Tour-de-France-2018.png","type":"image\/png"}],"author":"Mathieu Veillon","twitter_card":"summary_large_image","twitter_creator":"@https:\/\/twitter.com\/MathieuVeillon","twitter_site":"@dicodusport","schema":{"@context":"https:\/\/schema.org","@graph":[{"@type":"NewsArticle","@id":"https:\/\/dicodusport.fr\/blog\/tour-de-france-bilan-1ere-semaine-course\/#article","isPartOf":{"@id":"https:\/\/dicodusport.fr\/blog\/tour-de-france-bilan-1ere-semaine-course\/"},"author":{"name":"Mathieu Veillon","@id":"https:\/\/dicodusport.fr\/blog\/#\/schema\/person\/9731cdc747db1ceb457a2bfa9180a806"},"headline":"Tour de France : bilan de cette premi\u00e8re semaine de course","datePublished":"2018-07-16T14:31:00+00:00","dateModified":"2018-07-16T15:36:02+00:00","mainEntityOfPage":{"@id":"https:\/\/dicodusport.fr\/blog\/tour-de-france-bilan-1ere-semaine-course\/"},"wordCount":531,"commentCount":0,"publisher":{"@id":"https:\/\/dicodusport.fr\/blog\/#organization"},"image":{"@id":"https:\/\/dicodusport.fr\/blog\/tour-de-france-bilan-1ere-semaine-course\/#primaryimage"},"thumbnailUrl":"https:\/\/dicodusport.fr\/blog\/wp-content\/uploads\/2018\/07\/Bilan-1\u00e8re-semaine-Tour-de-France-2018.png","keywords":["Sagan","Tour de France"],"articleSection":["Actualit\u00e9s","Cyclisme","Tour de France"],"inLanguage":"fr-FR","potentialAction":[{"@type":"CommentAction","name":"Comment","target":["https:\/\/dicodusport.fr\/blog\/tour-de-france-bilan-1ere-semaine-course\/#respond"]}],"copyrightYear":"2018","copyrightHolder":{"@id":"https:\/\/dicodusport.fr\/blog\/#organization"}},{"@type":"WebPage","@id":"https:\/\/dicodusport.fr\/blog\/tour-de-france-bilan-1ere-semaine-course\/","url":"https:\/\/dicodusport.fr\/blog\/tour-de-france-bilan-1ere-semaine-course\/","name":"Tour de France 2018 : bilan de cette premi\u00e8re semaine de course","isPartOf":{"@id":"https:\/\/dicodusport.fr\/blog\/#website"},"primaryImageOfPage":{"@id":"https:\/\/dicodusport.fr\/blog\/tour-de-france-bilan-1ere-semaine-course\/#primaryimage"},"image":{"@id":"https:\/\/dicodusport.fr\/blog\/tour-de-france-bilan-1ere-semaine-course\/#primaryimage"},"thumbnailUrl":"https:\/\/dicodusport.fr\/blog\/wp-content\/uploads\/2018\/07\/Bilan-1\u00e8re-semaine-Tour-de-France-2018.png","datePublished":"2018-07-16T14:31:00+00:00","dateModified":"2018-07-16T15:36:02+00:00","description":"\u00c0 l'occasion de la journ\u00e9e de repos, retour sur une 1\u00e8re semaine assez d\u00e9cevante en spectacle. Quels enseignements peut-on tirer de ce Tour de France 2018 ?","breadcrumb":{"@id":"https:\/\/dicodusport.fr\/blog\/tour-de-france-bilan-1ere-semaine-course\/#breadcrumb"},"inLanguage":"fr-FR","potentialAction":[{"@type":"ReadAction","target":["https:\/\/dicodusport.fr\/blog\/tour-de-france-bilan-1ere-semaine-course\/"]}]},{"@type":"ImageObject","inLanguage":"fr-FR","@id":"https:\/\/dicodusport.fr\/blog\/tour-de-france-bilan-1ere-semaine-course\/#primaryimage","url":"https:\/\/dicodusport.fr\/blog\/wp-content\/uploads\/2018\/07\/Bilan-1\u00e8re-semaine-Tour-de-France-2018.png","contentUrl":"https:\/\/dicodusport.fr\/blog\/wp-content\/uploads\/2018\/07\/Bilan-1\u00e8re-semaine-Tour-de-France-2018.png","width":800,"height":445},{"@type":"BreadcrumbList","@id":"https:\/\/dicodusport.fr\/blog\/tour-de-france-bilan-1ere-semaine-course\/#breadcrumb","itemListElement":[{"@type":"ListItem","position":1,"name":"Accueil","item":"https:\/\/dicodusport.fr\/blog\/"},{"@type":"ListItem","position":2,"name":"Tour de France : bilan de cette premi\u00e8re semaine de course"}]},{"@type":"WebSite","@id":"https:\/\/dicodusport.fr\/blog\/#website","url":"https:\/\/dicodusport.fr\/blog\/","name":"Dicodusport","description":"L&#039;encyclop\u00e9die de l&#039;actualit\u00e9 sportive","publisher":{"@id":"https:\/\/dicodusport.fr\/blog\/#organization"},"potentialAction":[{"@type":"SearchAction","target":{"@type":"EntryPoint","urlTemplate":"https:\/\/dicodusport.fr\/blog\/?s={search_term_string}"},"query-input":{"@type":"PropertyValueSpecification","valueRequired":true,"valueName":"search_term_string"}}],"inLanguage":"fr-FR"},{"@type":"NewsMediaOrganization","@id":"https:\/\/dicodusport.fr\/blog\/#organization","name":"Dicodusport","url":"https:\/\/dicodusport.fr\/blog\/","logo":{"@type":"ImageObject","inLanguage":"fr-FR","@id":"https:\/\/dicodusport.fr\/blog\/#\/schema\/logo\/image\/","url":"https:\/\/dicodusport.fr\/blog\/wp-content\/uploads\/2020\/06\/cropped-LOGO-DICODUSPORT-2020-SANS-FOND-SANS-TEXTE.png","contentUrl":"https:\/\/dicodusport.fr\/blog\/wp-content\/uploads\/2020\/06\/cropped-LOGO-DICODUSPORT-2020-SANS-FOND-SANS-TEXTE.png","width":512,"height":512,"caption":"Dicodusport"},"image":{"@id":"https:\/\/dicodusport.fr\/blog\/#\/schema\/logo\/image\/"},"sameAs":["https:\/\/www.facebook.com\/dicodusport","https:\/\/x.com\/dicodusport","https:\/\/www.instagram.com\/dicodusport\/","https:\/\/www.youtube.com\/channel\/UC7V2KZ5sd3htJivAbA4ZG3w"],"description":"Dicodusport est l'encyclop\u00e9die de l'actualit\u00e9 sportive.","email":"bonjour@dicodusport.fr","legalName":"DICODUSPORT","foundingDate":"2018-01-14","vatID":"FR71834470973","taxID":"83447097300043","numberOfEmployees":{"@type":"QuantitativeValue","minValue":"1","maxValue":"10"}},{"@type":"Person","@id":"https:\/\/dicodusport.fr\/blog\/#\/schema\/person\/9731cdc747db1ceb457a2bfa9180a806","name":"Mathieu Veillon","image":{"@type":"ImageObject","inLanguage":"fr-FR","@id":"https:\/\/dicodusport.fr\/blog\/#\/schema\/person\/image\/","url":"https:\/\/dicodusport.fr\/blog\/wp-content\/uploads\/2021\/05\/Mathieu-Veillon-150x150.jpg","contentUrl":"https:\/\/dicodusport.fr\/blog\/wp-content\/uploads\/2021\/05\/Mathieu-Veillon-150x150.jpg","caption":"Mathieu Veillon"},"description":"Journaliste\/r\u00e9dacteur depuis septembre 2015 - Ma d\u00e9finition du bonheur ? Une galette-saucisse au Roazhon Park ou un caf\u00e9 devant un Lakers\/Celtics au petit matin. Fid\u00e8le membre de la team insomniaque de la r\u00e9dac, j\u2019ai le pouvoir de rester \u00e9veill\u00e9 jusqu\u2019\u00e0 l\u2019aube pour faire vivre aux lecteurs ma passion du sport. Ainsi, j\u2019\u00e9cris principalement sur la NBA, le biathlon, le cyclisme ou encore la F1. Comptez dans mes exploits sportifs le fait d\u2019avoir fait gagner le Tour de France 2018 \u00e0 Tony Gallopin sur Pro Cycling Manager, ou encore d\u2019avoir men\u00e9 l\u2019\u00e9quipe nationale de Bretagne en finale de Coupe du monde sur Football Manager.","sameAs":["https:\/\/x.com\/https:\/\/twitter.com\/MathieuVeillon"],"url":"https:\/\/dicodusport.fr\/blog\/author\/mathieu\/"}]}},"_links":{"self":[{"href":"https:\/\/dicodusport.fr\/blog\/wp-json\/wp\/v2\/posts\/22117","targetHints":{"allow":["GET"]}}],"collection":[{"href":"https:\/\/dicodusport.fr\/blog\/wp-json\/wp\/v2\/posts"}],"about":[{"href":"https:\/\/dicodusport.fr\/blog\/wp-json\/wp\/v2\/types\/post"}],"author":[{"embeddable":true,"href":"https:\/\/dicodusport.fr\/blog\/wp-json\/wp\/v2\/users\/21"}],"replies":[{"embeddable":true,"href":"https:\/\/dicodusport.fr\/blog\/wp-json\/wp\/v2\/comments?post=22117"}],"version-history":[{"count":0,"href":"https:\/\/dicodusport.fr\/blog\/wp-json\/wp\/v2\/posts\/22117\/revisions"}],"wp:featuredmedia":[{"embeddable":true,"href":"https:\/\/dicodusport.fr\/blog\/wp-json\/wp\/v2\/media\/22140"}],"wp:attachment":[{"href":"https:\/\/dicodusport.fr\/blog\/wp-json\/wp\/v2\/media?parent=22117"}],"wp:term":[{"taxonomy":"category","embeddable":true,"href":"https:\/\/dicodusport.fr\/blog\/wp-json\/wp\/v2\/categories?post=22117"},{"taxonomy":"post_tag","embeddable":true,"href":"https:\/\/dicodusport.fr\/blog\/wp-json\/wp\/v2\/tags?post=22117"}],"curies":[{"name":"wp","href":"https:\/\/api.w.org\/{rel}","templated":true}]}}