{"id":22122,"date":"2018-07-16T18:13:15","date_gmt":"2018-07-16T16:13:15","guid":{"rendered":"http:\/\/dicodusport.fr\/blog\/?p=22122"},"modified":"2018-07-16T18:13:15","modified_gmt":"2018-07-16T16:13:15","slug":"tour-de-france-classement-meilleur-jeune-ou-en-sont-les-favoris-apres-9-etapes","status":"publish","type":"post","link":"https:\/\/dicodusport.fr\/blog\/tour-de-france-classement-meilleur-jeune-ou-en-sont-les-favoris-apres-9-etapes\/","title":{"rendered":"Tour de France &#8211; Classement meilleur jeune : o\u00f9 en sont les favoris apr\u00e8s 9 \u00e9tapes ?"},"content":{"rendered":"<p style=\"text-align: justify;\"><em><strong>Premier jour de repos pour les coureurs apr\u00e8s 9 \u00e9tapes \u00e9tapes disput\u00e9es avant d&rsquo;attaquer les choses s\u00e9rieuses. Si S\u00f8ren Kragh Andersen est en blanc, o\u00f9 en sont les autres pr\u00e9tendants au maillot blanc ?<\/strong><\/em><\/p>\n<h4 style=\"text-align: justify;\">&#x2600; Ils sont id\u00e9alement plac\u00e9s<\/h4>\n<p style=\"text-align: justify;\"><strong>S\u00f8ren Kragh Andersen<\/strong>, porteur du maillot blanc apr\u00e8s neuf \u00e9tapes, n&rsquo;a que tr\u00e8s peu de chances de triompher \u00e0 Paris. M\u00eame s&rsquo;il poss\u00e8de plus de sept minutes d&rsquo;avance sur le second, le rouleur\/sprinteur devrait perdre beaucoup de temps en montagne. <strong>Pierre Latour<\/strong> est le grand gagnant de ce d\u00e9but de Grande Boucle pour le maillot blanc. Troisi\u00e8me de ce classement, il est en avance sur les autres pr\u00e9tendants. Parmi eux, un autre Fran\u00e7ais, <strong>Guillaume Martin<\/strong> qui comme son compatriote d&rsquo;AG2R, a r\u00e9ussi\u00a0\u00e0 limiter la casse sur l&rsquo;\u00e9tape des pav\u00e9s, pointant \u00e0 moins de deux minutes du double champion de France du contre-la-montre.<\/p>\n<p style=\"text-align: justify;\"><em>Les deux Fran\u00e7ais sont en tr\u00e8s bonne position pour remporter ce maillot blanc, Guillaume Martin, leader de son \u00e9quipe, a toutes les cartes en mains.\u00a0<\/em><\/p>\n<h4 style=\"text-align: justify;\">&#x1f324; Ils ont laiss\u00e9 des plumes sur les pav\u00e9s<\/h4>\n<p style=\"text-align: justify;\"><strong>Egan Bernal<\/strong>, le jeune Colombien de l&rsquo;\u00e9quipe Sky, est le grand perdant de l&rsquo;\u00e9tape des pav\u00e9s : Seize minutes conc\u00e9d\u00e9es sur le vainqueur et un peu plus de dix minutes sur Latour et Martin. Il faudrait qu&rsquo;il soit plus qu&rsquo;a\u00e9rien en montagne pour revenir. <strong>Marc Soler<\/strong> est l&rsquo;autre grand battu de la neuvi\u00e8me \u00e9tape : douze minutes l\u00e2ch\u00e9es alors qu&rsquo;il en avait d\u00e9j\u00e0 beaucoup perdu sur les premiers jours. Il faudrait un miracle pour le voir en blanc \u00e0 Paris. Pour <strong>David Gaudu<\/strong>, ce n&rsquo;est gu\u00e8re mieux, seize minutes abandonn\u00e9es sur les pav\u00e9s et un maillot blanc \u00e0 oublier pour le tr\u00e8s jeune Fran\u00e7ais.<\/p>\n<p style=\"text-align: justify;\"><em>A moins d&rsquo;un num\u00e9ro en montagne ou d&rsquo;une grosse d\u00e9faillance de Latour et Martin, ces coureurs ont laiss\u00e9 passer leur chance \u00e0 Roubaix.\u00a0<\/em><\/p>\n<h4 style=\"text-align: justify;\">&#x26c8; Ils n&rsquo;est plus en course<\/h4>\n<p style=\"text-align: justify;\">Le coureur de la Lotto-Soudal,\u00a0<strong>Tiesj Benoot<\/strong>, qui pouvait pr\u00e9tendre \u00e0 ce maillot blanc, a d\u00fb renoncer \u00e0 prendre le d\u00e9part de la cinqui\u00e8me \u00e9tape.<\/p>\n<p style=\"text-align: justify;\"><strong><em>Nicolas Jacquemard<\/em><\/strong><br \/>\n<a style=\"color: #000000;\" href=\"https:\/\/twitter.com\/Nico_Jacquemard\" target=\"_blank\" rel=\"noopener noreferrer\"><img loading=\"lazy\" decoding=\"async\" class=\"alignnone wp-image-2908\" src=\"http:\/\/dicodusport.fr\/blog\/wp-content\/uploads\/2017\/07\/logo-twitter-150x150.png\" alt=\"\" width=\"39\" height=\"39\" \/><\/a><a style=\"color: #000000;\" href=\"https:\/\/www.facebook.com\/dicodusport\/\" target=\"_blank\" rel=\"noopener noreferrer\"><img loading=\"lazy\" decoding=\"async\" class=\"alignnone wp-image-2909\" src=\"http:\/\/dicodusport.fr\/blog\/wp-content\/uploads\/2017\/07\/logo-facebook-150x150.png\" alt=\"\" width=\"40\" height=\"40\" \/><\/a><\/p>\n","protected":false},"excerpt":{"rendered":"<p>Si S\u00f8ren Kragh Andersen est en blanc, o\u00f9 en sont les autres pr\u00e9tendants au maillot blanc ?<\/p>\n","protected":false},"author":1,"featured_media":22145,"comment_status":"open","ping_status":"closed","sticky":false,"template":"","format":"standard","meta":{"_acf_changed":false,"_daextam_enable_autolinks":"","footnotes":""},"categories":[2,2307,46995],"tags":[3113,5357,5358,5326],"class_list":["post-22122","post","type-post","status-publish","format-standard","has-post-thumbnail","hentry","category-actualites","category-cyclisme","category-tour-de-france","tag-david-gaudu","tag-guillaume-martin","tag-maillot-blanc","tag-pierre-latour"],"acf":[],"yoast_head":"<!-- This site is optimized with the Yoast SEO Premium plugin v26.7 (Yoast SEO v26.7) - https:\/\/yoast.com\/wordpress\/plugins\/seo\/ -->\n<title>Tour de France - Classement meilleur jeune : o\u00f9 en sont les favoris apr\u00e8s 9 \u00e9tapes ?<\/title>\n<meta name=\"description\" content=\"Si S\u00f8ren Kragh Andersen est en blanc, o\u00f9 en sont les autres pr\u00e9tendants au maillot blanc ?\" \/>\n<meta name=\"robots\" content=\"index, follow, max-snippet:-1, max-image-preview:large, max-video-preview:-1\" \/>\n<link rel=\"canonical\" href=\"https:\/\/dicodusport.fr\/blog\/tour-de-france-classement-meilleur-jeune-ou-en-sont-les-favoris-apres-9-etapes\/\" \/>\n<meta property=\"og:locale\" content=\"fr_FR\" \/>\n<meta property=\"og:type\" content=\"article\" \/>\n<meta property=\"og:title\" content=\"Tour de France - Classement meilleur jeune : o\u00f9 en sont les favoris apr\u00e8s 9 \u00e9tapes ?\" \/>\n<meta property=\"og:description\" content=\"Si S\u00f8ren Kragh Andersen est en blanc, o\u00f9 en sont les autres pr\u00e9tendants au maillot blanc ?\" \/>\n<meta property=\"og:url\" content=\"https:\/\/dicodusport.fr\/blog\/tour-de-france-classement-meilleur-jeune-ou-en-sont-les-favoris-apres-9-etapes\/\" \/>\n<meta property=\"og:site_name\" content=\"Dicodusport\" \/>\n<meta property=\"article:publisher\" content=\"https:\/\/www.facebook.com\/dicodusport\" \/>\n<meta property=\"article:author\" content=\"https:\/\/www.facebook.com\/dicodusport\" \/>\n<meta property=\"article:published_time\" content=\"2018-07-16T16:13:15+00:00\" \/>\n<meta property=\"og:image\" content=\"https:\/\/dicodusport.fr\/blog\/wp-content\/uploads\/2018\/07\/Guillaume-Martin.png\" \/>\n\t<meta property=\"og:image:width\" content=\"800\" \/>\n\t<meta property=\"og:image:height\" content=\"445\" \/>\n\t<meta property=\"og:image:type\" content=\"image\/png\" \/>\n<meta name=\"author\" content=\"Nicolas Jacquemard\" \/>\n<meta name=\"twitter:card\" content=\"summary_large_image\" \/>\n<meta name=\"twitter:creator\" content=\"@https:\/\/twitter.com\/Nico_Jacquemard\" \/>\n<meta name=\"twitter:site\" content=\"@dicodusport\" \/>\n<script type=\"application\/ld+json\" class=\"yoast-schema-graph\">{\"@context\":\"https:\/\/schema.org\",\"@graph\":[{\"@type\":\"NewsArticle\",\"@id\":\"https:\/\/dicodusport.fr\/blog\/tour-de-france-classement-meilleur-jeune-ou-en-sont-les-favoris-apres-9-etapes\/#article\",\"isPartOf\":{\"@id\":\"https:\/\/dicodusport.fr\/blog\/tour-de-france-classement-meilleur-jeune-ou-en-sont-les-favoris-apres-9-etapes\/\"},\"author\":{\"name\":\"Nicolas Jacquemard\",\"@id\":\"https:\/\/dicodusport.fr\/blog\/#\/schema\/person\/55dcb50ad410894e431ed812bbb70191\"},\"headline\":\"Tour de France &#8211; Classement meilleur jeune : o\u00f9 en sont les favoris apr\u00e8s 9 \u00e9tapes ?\",\"datePublished\":\"2018-07-16T16:13:15+00:00\",\"mainEntityOfPage\":{\"@id\":\"https:\/\/dicodusport.fr\/blog\/tour-de-france-classement-meilleur-jeune-ou-en-sont-les-favoris-apres-9-etapes\/\"},\"wordCount\":398,\"commentCount\":0,\"publisher\":{\"@id\":\"https:\/\/dicodusport.fr\/blog\/#organization\"},\"image\":{\"@id\":\"https:\/\/dicodusport.fr\/blog\/tour-de-france-classement-meilleur-jeune-ou-en-sont-les-favoris-apres-9-etapes\/#primaryimage\"},\"thumbnailUrl\":\"https:\/\/dicodusport.fr\/blog\/wp-content\/uploads\/2018\/07\/Guillaume-Martin.png\",\"keywords\":[\"David Gaudu\",\"Guillaume Martin\",\"Maillot Blanc\",\"Pierre Latour\"],\"articleSection\":[\"Actualit\u00e9s\",\"Cyclisme\",\"Tour de France\"],\"inLanguage\":\"fr-FR\",\"potentialAction\":[{\"@type\":\"CommentAction\",\"name\":\"Comment\",\"target\":[\"https:\/\/dicodusport.fr\/blog\/tour-de-france-classement-meilleur-jeune-ou-en-sont-les-favoris-apres-9-etapes\/#respond\"]}],\"copyrightYear\":\"2018\",\"copyrightHolder\":{\"@id\":\"https:\/\/dicodusport.fr\/blog\/#organization\"}},{\"@type\":\"WebPage\",\"@id\":\"https:\/\/dicodusport.fr\/blog\/tour-de-france-classement-meilleur-jeune-ou-en-sont-les-favoris-apres-9-etapes\/\",\"url\":\"https:\/\/dicodusport.fr\/blog\/tour-de-france-classement-meilleur-jeune-ou-en-sont-les-favoris-apres-9-etapes\/\",\"name\":\"Tour de France - Classement meilleur jeune : o\u00f9 en sont les favoris apr\u00e8s 9 \u00e9tapes ?\",\"isPartOf\":{\"@id\":\"https:\/\/dicodusport.fr\/blog\/#website\"},\"primaryImageOfPage\":{\"@id\":\"https:\/\/dicodusport.fr\/blog\/tour-de-france-classement-meilleur-jeune-ou-en-sont-les-favoris-apres-9-etapes\/#primaryimage\"},\"image\":{\"@id\":\"https:\/\/dicodusport.fr\/blog\/tour-de-france-classement-meilleur-jeune-ou-en-sont-les-favoris-apres-9-etapes\/#primaryimage\"},\"thumbnailUrl\":\"https:\/\/dicodusport.fr\/blog\/wp-content\/uploads\/2018\/07\/Guillaume-Martin.png\",\"datePublished\":\"2018-07-16T16:13:15+00:00\",\"description\":\"Si S\u00f8ren Kragh Andersen est en blanc, o\u00f9 en sont les autres pr\u00e9tendants au maillot blanc ?\",\"breadcrumb\":{\"@id\":\"https:\/\/dicodusport.fr\/blog\/tour-de-france-classement-meilleur-jeune-ou-en-sont-les-favoris-apres-9-etapes\/#breadcrumb\"},\"inLanguage\":\"fr-FR\",\"potentialAction\":[{\"@type\":\"ReadAction\",\"target\":[\"https:\/\/dicodusport.fr\/blog\/tour-de-france-classement-meilleur-jeune-ou-en-sont-les-favoris-apres-9-etapes\/\"]}]},{\"@type\":\"ImageObject\",\"inLanguage\":\"fr-FR\",\"@id\":\"https:\/\/dicodusport.fr\/blog\/tour-de-france-classement-meilleur-jeune-ou-en-sont-les-favoris-apres-9-etapes\/#primaryimage\",\"url\":\"https:\/\/dicodusport.fr\/blog\/wp-content\/uploads\/2018\/07\/Guillaume-Martin.png\",\"contentUrl\":\"https:\/\/dicodusport.fr\/blog\/wp-content\/uploads\/2018\/07\/Guillaume-Martin.png\",\"width\":800,\"height\":445},{\"@type\":\"BreadcrumbList\",\"@id\":\"https:\/\/dicodusport.fr\/blog\/tour-de-france-classement-meilleur-jeune-ou-en-sont-les-favoris-apres-9-etapes\/#breadcrumb\",\"itemListElement\":[{\"@type\":\"ListItem\",\"position\":1,\"name\":\"Accueil\",\"item\":\"https:\/\/dicodusport.fr\/blog\/\"},{\"@type\":\"ListItem\",\"position\":2,\"name\":\"Tour de France &#8211; Classement meilleur jeune : o\u00f9 en sont les favoris apr\u00e8s 9 \u00e9tapes ?\"}]},{\"@type\":\"WebSite\",\"@id\":\"https:\/\/dicodusport.fr\/blog\/#website\",\"url\":\"https:\/\/dicodusport.fr\/blog\/\",\"name\":\"Dicodusport\",\"description\":\"L&#039;encyclop\u00e9die de l&#039;actualit\u00e9 sportive\",\"publisher\":{\"@id\":\"https:\/\/dicodusport.fr\/blog\/#organization\"},\"potentialAction\":[{\"@type\":\"SearchAction\",\"target\":{\"@type\":\"EntryPoint\",\"urlTemplate\":\"https:\/\/dicodusport.fr\/blog\/?s={search_term_string}\"},\"query-input\":{\"@type\":\"PropertyValueSpecification\",\"valueRequired\":true,\"valueName\":\"search_term_string\"}}],\"inLanguage\":\"fr-FR\"},{\"@type\":\"NewsMediaOrganization\",\"@id\":\"https:\/\/dicodusport.fr\/blog\/#organization\",\"name\":\"Dicodusport\",\"url\":\"https:\/\/dicodusport.fr\/blog\/\",\"logo\":{\"@type\":\"ImageObject\",\"inLanguage\":\"fr-FR\",\"@id\":\"https:\/\/dicodusport.fr\/blog\/#\/schema\/logo\/image\/\",\"url\":\"https:\/\/dicodusport.fr\/blog\/wp-content\/uploads\/2020\/06\/cropped-LOGO-DICODUSPORT-2020-SANS-FOND-SANS-TEXTE.png\",\"contentUrl\":\"https:\/\/dicodusport.fr\/blog\/wp-content\/uploads\/2020\/06\/cropped-LOGO-DICODUSPORT-2020-SANS-FOND-SANS-TEXTE.png\",\"width\":512,\"height\":512,\"caption\":\"Dicodusport\"},\"image\":{\"@id\":\"https:\/\/dicodusport.fr\/blog\/#\/schema\/logo\/image\/\"},\"sameAs\":[\"https:\/\/www.facebook.com\/dicodusport\",\"https:\/\/x.com\/dicodusport\",\"https:\/\/www.instagram.com\/dicodusport\/\",\"https:\/\/www.youtube.com\/channel\/UC7V2KZ5sd3htJivAbA4ZG3w\"],\"description\":\"Dicodusport est l'encyclop\u00e9die de l'actualit\u00e9 sportive.\",\"email\":\"bonjour@dicodusport.fr\",\"legalName\":\"DICODUSPORT\",\"foundingDate\":\"2018-01-14\",\"vatID\":\"FR71834470973\",\"taxID\":\"83447097300043\",\"numberOfEmployees\":{\"@type\":\"QuantitativeValue\",\"minValue\":\"1\",\"maxValue\":\"10\"}},{\"@type\":\"Person\",\"@id\":\"https:\/\/dicodusport.fr\/blog\/#\/schema\/person\/55dcb50ad410894e431ed812bbb70191\",\"name\":\"Nicolas Jacquemard\",\"image\":{\"@type\":\"ImageObject\",\"inLanguage\":\"fr-FR\",\"@id\":\"https:\/\/dicodusport.fr\/blog\/#\/schema\/person\/image\/\",\"url\":\"https:\/\/dicodusport.fr\/blog\/wp-content\/uploads\/2021\/05\/Nicolas-Jacquemard-150x150.jpeg\",\"contentUrl\":\"https:\/\/dicodusport.fr\/blog\/wp-content\/uploads\/2021\/05\/Nicolas-Jacquemard-150x150.jpeg\",\"caption\":\"Nicolas Jacquemard\"},\"description\":\"Passionn\u00e9 de sport et entrepreneur depuis mes 18 ans, la cr\u00e9ation de Dicodusport m'a sembl\u00e9 \u00e9vidente pour participer \u00e0 la m\u00e9diatisation d'un plus grand nombre de sports. Le chemin est long mais avec une \u00e9quipe des plus motiv\u00e9es et les Jeux Olympiques de Paris 2024 en point de mire, nous y arriverons ! Journaliste dans le monde du sport depuis plus de 5 ans, je traite aussi bien de football, de rugby, de biathlon que de cyclisme.\",\"sameAs\":[\"https:\/\/www.facebook.com\/dicodusport\",\"https:\/\/x.com\/https:\/\/twitter.com\/Nico_Jacquemard\"],\"url\":\"https:\/\/dicodusport.fr\/blog\/author\/dicodusport\/\"}]}<\/script>\n<!-- \/ Yoast SEO Premium plugin. -->","yoast_head_json":{"title":"Tour de France - Classement meilleur jeune : o\u00f9 en sont les favoris apr\u00e8s 9 \u00e9tapes ?","description":"Si S\u00f8ren Kragh Andersen est en blanc, o\u00f9 en sont les autres pr\u00e9tendants au maillot blanc ?","robots":{"index":"index","follow":"follow","max-snippet":"max-snippet:-1","max-image-preview":"max-image-preview:large","max-video-preview":"max-video-preview:-1"},"canonical":"https:\/\/dicodusport.fr\/blog\/tour-de-france-classement-meilleur-jeune-ou-en-sont-les-favoris-apres-9-etapes\/","og_locale":"fr_FR","og_type":"article","og_title":"Tour de France - Classement meilleur jeune : o\u00f9 en sont les favoris apr\u00e8s 9 \u00e9tapes ?","og_description":"Si S\u00f8ren Kragh Andersen est en blanc, o\u00f9 en sont les autres pr\u00e9tendants au maillot blanc ?","og_url":"https:\/\/dicodusport.fr\/blog\/tour-de-france-classement-meilleur-jeune-ou-en-sont-les-favoris-apres-9-etapes\/","og_site_name":"Dicodusport","article_publisher":"https:\/\/www.facebook.com\/dicodusport","article_author":"https:\/\/www.facebook.com\/dicodusport","article_published_time":"2018-07-16T16:13:15+00:00","og_image":[{"width":800,"height":445,"url":"https:\/\/dicodusport.fr\/blog\/wp-content\/uploads\/2018\/07\/Guillaume-Martin.png","type":"image\/png"}],"author":"Nicolas Jacquemard","twitter_card":"summary_large_image","twitter_creator":"@https:\/\/twitter.com\/Nico_Jacquemard","twitter_site":"@dicodusport","schema":{"@context":"https:\/\/schema.org","@graph":[{"@type":"NewsArticle","@id":"https:\/\/dicodusport.fr\/blog\/tour-de-france-classement-meilleur-jeune-ou-en-sont-les-favoris-apres-9-etapes\/#article","isPartOf":{"@id":"https:\/\/dicodusport.fr\/blog\/tour-de-france-classement-meilleur-jeune-ou-en-sont-les-favoris-apres-9-etapes\/"},"author":{"name":"Nicolas Jacquemard","@id":"https:\/\/dicodusport.fr\/blog\/#\/schema\/person\/55dcb50ad410894e431ed812bbb70191"},"headline":"Tour de France &#8211; Classement meilleur jeune : o\u00f9 en sont les favoris apr\u00e8s 9 \u00e9tapes ?","datePublished":"2018-07-16T16:13:15+00:00","mainEntityOfPage":{"@id":"https:\/\/dicodusport.fr\/blog\/tour-de-france-classement-meilleur-jeune-ou-en-sont-les-favoris-apres-9-etapes\/"},"wordCount":398,"commentCount":0,"publisher":{"@id":"https:\/\/dicodusport.fr\/blog\/#organization"},"image":{"@id":"https:\/\/dicodusport.fr\/blog\/tour-de-france-classement-meilleur-jeune-ou-en-sont-les-favoris-apres-9-etapes\/#primaryimage"},"thumbnailUrl":"https:\/\/dicodusport.fr\/blog\/wp-content\/uploads\/2018\/07\/Guillaume-Martin.png","keywords":["David Gaudu","Guillaume Martin","Maillot Blanc","Pierre Latour"],"articleSection":["Actualit\u00e9s","Cyclisme","Tour de France"],"inLanguage":"fr-FR","potentialAction":[{"@type":"CommentAction","name":"Comment","target":["https:\/\/dicodusport.fr\/blog\/tour-de-france-classement-meilleur-jeune-ou-en-sont-les-favoris-apres-9-etapes\/#respond"]}],"copyrightYear":"2018","copyrightHolder":{"@id":"https:\/\/dicodusport.fr\/blog\/#organization"}},{"@type":"WebPage","@id":"https:\/\/dicodusport.fr\/blog\/tour-de-france-classement-meilleur-jeune-ou-en-sont-les-favoris-apres-9-etapes\/","url":"https:\/\/dicodusport.fr\/blog\/tour-de-france-classement-meilleur-jeune-ou-en-sont-les-favoris-apres-9-etapes\/","name":"Tour de France - Classement meilleur jeune : o\u00f9 en sont les favoris apr\u00e8s 9 \u00e9tapes ?","isPartOf":{"@id":"https:\/\/dicodusport.fr\/blog\/#website"},"primaryImageOfPage":{"@id":"https:\/\/dicodusport.fr\/blog\/tour-de-france-classement-meilleur-jeune-ou-en-sont-les-favoris-apres-9-etapes\/#primaryimage"},"image":{"@id":"https:\/\/dicodusport.fr\/blog\/tour-de-france-classement-meilleur-jeune-ou-en-sont-les-favoris-apres-9-etapes\/#primaryimage"},"thumbnailUrl":"https:\/\/dicodusport.fr\/blog\/wp-content\/uploads\/2018\/07\/Guillaume-Martin.png","datePublished":"2018-07-16T16:13:15+00:00","description":"Si S\u00f8ren Kragh Andersen est en blanc, o\u00f9 en sont les autres pr\u00e9tendants au maillot blanc ?","breadcrumb":{"@id":"https:\/\/dicodusport.fr\/blog\/tour-de-france-classement-meilleur-jeune-ou-en-sont-les-favoris-apres-9-etapes\/#breadcrumb"},"inLanguage":"fr-FR","potentialAction":[{"@type":"ReadAction","target":["https:\/\/dicodusport.fr\/blog\/tour-de-france-classement-meilleur-jeune-ou-en-sont-les-favoris-apres-9-etapes\/"]}]},{"@type":"ImageObject","inLanguage":"fr-FR","@id":"https:\/\/dicodusport.fr\/blog\/tour-de-france-classement-meilleur-jeune-ou-en-sont-les-favoris-apres-9-etapes\/#primaryimage","url":"https:\/\/dicodusport.fr\/blog\/wp-content\/uploads\/2018\/07\/Guillaume-Martin.png","contentUrl":"https:\/\/dicodusport.fr\/blog\/wp-content\/uploads\/2018\/07\/Guillaume-Martin.png","width":800,"height":445},{"@type":"BreadcrumbList","@id":"https:\/\/dicodusport.fr\/blog\/tour-de-france-classement-meilleur-jeune-ou-en-sont-les-favoris-apres-9-etapes\/#breadcrumb","itemListElement":[{"@type":"ListItem","position":1,"name":"Accueil","item":"https:\/\/dicodusport.fr\/blog\/"},{"@type":"ListItem","position":2,"name":"Tour de France &#8211; Classement meilleur jeune : o\u00f9 en sont les favoris apr\u00e8s 9 \u00e9tapes ?"}]},{"@type":"WebSite","@id":"https:\/\/dicodusport.fr\/blog\/#website","url":"https:\/\/dicodusport.fr\/blog\/","name":"Dicodusport","description":"L&#039;encyclop\u00e9die de l&#039;actualit\u00e9 sportive","publisher":{"@id":"https:\/\/dicodusport.fr\/blog\/#organization"},"potentialAction":[{"@type":"SearchAction","target":{"@type":"EntryPoint","urlTemplate":"https:\/\/dicodusport.fr\/blog\/?s={search_term_string}"},"query-input":{"@type":"PropertyValueSpecification","valueRequired":true,"valueName":"search_term_string"}}],"inLanguage":"fr-FR"},{"@type":"NewsMediaOrganization","@id":"https:\/\/dicodusport.fr\/blog\/#organization","name":"Dicodusport","url":"https:\/\/dicodusport.fr\/blog\/","logo":{"@type":"ImageObject","inLanguage":"fr-FR","@id":"https:\/\/dicodusport.fr\/blog\/#\/schema\/logo\/image\/","url":"https:\/\/dicodusport.fr\/blog\/wp-content\/uploads\/2020\/06\/cropped-LOGO-DICODUSPORT-2020-SANS-FOND-SANS-TEXTE.png","contentUrl":"https:\/\/dicodusport.fr\/blog\/wp-content\/uploads\/2020\/06\/cropped-LOGO-DICODUSPORT-2020-SANS-FOND-SANS-TEXTE.png","width":512,"height":512,"caption":"Dicodusport"},"image":{"@id":"https:\/\/dicodusport.fr\/blog\/#\/schema\/logo\/image\/"},"sameAs":["https:\/\/www.facebook.com\/dicodusport","https:\/\/x.com\/dicodusport","https:\/\/www.instagram.com\/dicodusport\/","https:\/\/www.youtube.com\/channel\/UC7V2KZ5sd3htJivAbA4ZG3w"],"description":"Dicodusport est l'encyclop\u00e9die de l'actualit\u00e9 sportive.","email":"bonjour@dicodusport.fr","legalName":"DICODUSPORT","foundingDate":"2018-01-14","vatID":"FR71834470973","taxID":"83447097300043","numberOfEmployees":{"@type":"QuantitativeValue","minValue":"1","maxValue":"10"}},{"@type":"Person","@id":"https:\/\/dicodusport.fr\/blog\/#\/schema\/person\/55dcb50ad410894e431ed812bbb70191","name":"Nicolas Jacquemard","image":{"@type":"ImageObject","inLanguage":"fr-FR","@id":"https:\/\/dicodusport.fr\/blog\/#\/schema\/person\/image\/","url":"https:\/\/dicodusport.fr\/blog\/wp-content\/uploads\/2021\/05\/Nicolas-Jacquemard-150x150.jpeg","contentUrl":"https:\/\/dicodusport.fr\/blog\/wp-content\/uploads\/2021\/05\/Nicolas-Jacquemard-150x150.jpeg","caption":"Nicolas Jacquemard"},"description":"Passionn\u00e9 de sport et entrepreneur depuis mes 18 ans, la cr\u00e9ation de Dicodusport m'a sembl\u00e9 \u00e9vidente pour participer \u00e0 la m\u00e9diatisation d'un plus grand nombre de sports. Le chemin est long mais avec une \u00e9quipe des plus motiv\u00e9es et les Jeux Olympiques de Paris 2024 en point de mire, nous y arriverons ! Journaliste dans le monde du sport depuis plus de 5 ans, je traite aussi bien de football, de rugby, de biathlon que de cyclisme.","sameAs":["https:\/\/www.facebook.com\/dicodusport","https:\/\/x.com\/https:\/\/twitter.com\/Nico_Jacquemard"],"url":"https:\/\/dicodusport.fr\/blog\/author\/dicodusport\/"}]}},"_links":{"self":[{"href":"https:\/\/dicodusport.fr\/blog\/wp-json\/wp\/v2\/posts\/22122","targetHints":{"allow":["GET"]}}],"collection":[{"href":"https:\/\/dicodusport.fr\/blog\/wp-json\/wp\/v2\/posts"}],"about":[{"href":"https:\/\/dicodusport.fr\/blog\/wp-json\/wp\/v2\/types\/post"}],"author":[{"embeddable":true,"href":"https:\/\/dicodusport.fr\/blog\/wp-json\/wp\/v2\/users\/1"}],"replies":[{"embeddable":true,"href":"https:\/\/dicodusport.fr\/blog\/wp-json\/wp\/v2\/comments?post=22122"}],"version-history":[{"count":0,"href":"https:\/\/dicodusport.fr\/blog\/wp-json\/wp\/v2\/posts\/22122\/revisions"}],"wp:featuredmedia":[{"embeddable":true,"href":"https:\/\/dicodusport.fr\/blog\/wp-json\/wp\/v2\/media\/22145"}],"wp:attachment":[{"href":"https:\/\/dicodusport.fr\/blog\/wp-json\/wp\/v2\/media?parent=22122"}],"wp:term":[{"taxonomy":"category","embeddable":true,"href":"https:\/\/dicodusport.fr\/blog\/wp-json\/wp\/v2\/categories?post=22122"},{"taxonomy":"post_tag","embeddable":true,"href":"https:\/\/dicodusport.fr\/blog\/wp-json\/wp\/v2\/tags?post=22122"}],"curies":[{"name":"wp","href":"https:\/\/api.w.org\/{rel}","templated":true}]}}