{"id":221290,"date":"2022-05-05T23:02:32","date_gmt":"2022-05-05T21:02:32","guid":{"rendered":"https:\/\/dicodusport.fr\/blog\/?p=221290"},"modified":"2022-05-05T23:21:30","modified_gmt":"2022-05-05T21:21:30","slug":"ligue-europa-conference-fin-de-l-aventure-pour-om","status":"publish","type":"post","link":"https:\/\/dicodusport.fr\/blog\/ligue-europa-conference-fin-de-l-aventure-pour-om\/","title":{"rendered":"Ligue Europa Conf\u00e9rence : Fin de l&rsquo;aventure pour l&rsquo;OM"},"content":{"rendered":"<p style=\"text-align: justify;\"><em><strong>LIGUE EUROPA CONF\u00c9RENCE &#8211; D\u00e9faits la semaine derni\u00e8re aux Pays-Bas sur la pelouse du Feyenoord (3-2), les hommes de Jorge Sampaoli devaient combler leur but de retard pour esp\u00e9rer d\u00e9crocher une nouvelle finale europ\u00e9enne. Dans une ambiance incandescente, Marseille aura eu la ma\u00eetrise du jeu durant tout le match. Sans parvenir \u00e0 marquer le but qui aurait pu changer le destin du match (0-0).<\/strong> <\/em><\/p>\n<p style=\"text-align: justify;\">Hasard du calendrier, les Marseillais avaient rendez-vous ce soir avec l\u2019histoire en ce jour si particulier pour le football fran\u00e7ais. 30 ans apr\u00e8s le drame de Furiani et alors qu\u2019ils jouaient une demi-finale de Coupe de France contre Bastia. Ce soir, les Olympiens voulaient \u00e9crire un nouveau chapitre en Coupe d\u2019Europe. Au bout, c\u2019est une sixi\u00e8me finale qui les attendait.<\/p>\n<h2 style=\"text-align: justify;\"><strong>Bless\u00e9, Dimitri Payet quitte ses partenaires<\/strong><\/h2>\n<p style=\"text-align: justify;\">Le Feyenoord Rotterdam donne le coup d\u2019envoi dans l\u2019ambiance bouillante de l\u2019Orange V\u00e9lodrome. Plong\u00e9s dans le brouillard des fumig\u00e8nes, <strong>les Olympiens<\/strong> essayent de mettre d\u2019entr\u00e9e le pied sur le ballon. Mais bons dans le pressing, les visiteurs semblent vouloir r\u00e9cup\u00e9rer le cuir pour se projeter vers l\u2019avant. <strong>Dimitri Payet<\/strong> se procure la premi\u00e8re frappe du match du pied gauche, \u00e0 la suite d\u2019une passe en retrait de Gerson. Celle-ci est contr\u00e9e (6\u2019). L\u2019OM, auteur d\u2019un bon premier quart d\u2019heure, manque peut-\u00eatre quelque peu de justesse pour trouver l\u2019ouverture.<\/p>\n<p style=\"text-align: justify;\">La pression marseillaise s\u2019accentue dans la surface du Feyenoord. Les locaux finissent par avoir de l\u2019espace et ne sont pas loin de marquer. Apr\u00e8s plusieurs d\u00e9calages dans le camp adverse, <strong>Guendouzi<\/strong> sert intelligemment Payet qui contr\u00f4le, revient dans l\u2019axe et frappe du gauche. C\u2019est de peu au-dessus de la transversale de <strong>Marciano<\/strong> (21\u2019). Ensuite, le tir de Pape Gueye est totalement d\u00e9viss\u00e9 (23\u2019).<\/p>\n<p style=\"text-align: justify;\">De son c\u00f4t\u00e9, <strong>Payet<\/strong> est contraint de c\u00e9der sa place \u00e0 la demi-heure de jeu pour un ennui physique. Comme un mauvais souvenir d\u2019un soir de mai 2018 o\u00f9 lui-m\u00eame avait d\u00e9j\u00e0 d\u00fb quitter ses partenaires alors que l\u2019OM disputait la finale de C3 contre l\u2019Atl\u00e9tico de Madrid. Ovationn\u00e9 par le public du V\u00e9lodrome, il est remplac\u00e9 par <strong>Arkadiusz Milik<\/strong>. Le Polonais s\u2019illustre rapidement. Sur un centre de Gerson, sa t\u00eate n\u2019est pas assez puissante pour tromper Marciano (33\u2019).<\/p>\n<p style=\"text-align: justify;\">Jusqu\u2019\u00e0 pr\u00e9sent inoffensifs, les joueurs du Feyenoord Rotterdam se cr\u00e9ent leur meilleure situation avant la pause. <strong>Til<\/strong> parvient \u00e0 frapper dans la surface de Mandanda, mais le ballon est contr\u00e9 en corner. C\u2019\u00e9tait une belle opportunit\u00e9 d\u2019ouvrir le score (39\u2019). Dans le temps additionnel, <strong>Ronger<\/strong> ne parvient pas \u00e0 redresser le ballon de la t\u00eate (45 + 2\u2019).<\/p>\n<h2 style=\"text-align: justify;\">La fin du r\u00eave olympien<\/h2>\n<p style=\"text-align: justify;\">Premi\u00e8re chaude alerte sur le but de Mandanda d\u00e8s le d\u00e9but du second acte. Mais la t\u00eate de <strong>Sinisterra<\/strong> est bien capt\u00e9e par le portier phoc\u00e9en (46\u2019). Marseille reprend ensuite la ma\u00eetrise du ballon sans pour autant r\u00e9ussir \u00e0 se montrer suffisamment tranchant dans le dernier geste. Les approximations techniques dans la surface du <strong>Feyenoord Rotterdam<\/strong> emp\u00eachent les hommes en blancsde conclure leurs actions.<\/p>\n<p style=\"text-align: justify;\">En face, les visiteurs ont peu de choses \u00e0 se mettre sur la dent. Mais \u00e0 la moindre opportunit\u00e9, ils apportent le danger. La frappe de <strong>Trauner<\/strong>, apr\u00e8s un service en retrait de Nelson, n\u2019est pas loin de faire mouche (66\u2019).<\/p>\n<p style=\"text-align: justify;\">Le manque cruel de r\u00e9alisme se fait ressentir du c\u00f4t\u00e9 des Olympiens, m\u00eame si ces derniers n\u2019ont pas pl\u00e9thore d\u2019occasions. C\u2019est aussi \u00e0 cause du mur d\u00e9fensif infranchissable des joueurs d\u2019<strong>Arne Slott<\/strong>. En tout cas, on ne peut pas reprocher l\u2019ambiance que mettent les 50 000 supporters du stade V\u00e9lodrome, qui encouragent comme il le faut leurs prot\u00e9g\u00e9s. Sur corner, <strong>Lirola<\/strong> voit sa frappe \u00eatre contr\u00e9e (76\u2019).<\/p>\n<p style=\"text-align: justify;\">Jusqu\u2019au bout, Marseille pousse pour aller chercher les prolongations. Incapable de marquer, le Feyenoord est m\u00eame tout proche de tuer tout suspense. Mais ni Jahanbakhsh, ni K\u00f6kc\u00fc ne r\u00e9ussissent \u00e0 marquer. A l\u2019arriv\u00e9e, <strong>les N\u00e9erlandais<\/strong> retrouvent une finale europ\u00e9enne 20 ans apr\u00e8s la derni\u00e8re contre le Borussia Dortmund. Les Phoc\u00e9ens pourront nourrir de la frustration, tant on a le sentiment qu\u2019ils auraient pu davantage enflammer la rencontre.<\/p>\n<blockquote class=\"twitter-tweet\">\n<p dir=\"ltr\" lang=\"fr\">&#x274c; Triste match nul et fin de l&rsquo;aventure europ\u00e9enne pour l&rsquo;OM ! &#x1f937;&#x200d;&#x2642;&#xfe0f; <a href=\"https:\/\/twitter.com\/hashtag\/OMFEY?src=hash&amp;ref_src=twsrc%5Etfw\">#OMFEY<\/a> <a href=\"https:\/\/twitter.com\/hashtag\/UECL?src=hash&amp;ref_src=twsrc%5Etfw\">#UECL<\/a> <a href=\"https:\/\/t.co\/H0Eu1ZMM4C\">pic.twitter.com\/H0Eu1ZMM4C<\/a><\/p>\n<p>\u2014 Dicodusport &#x2b50;&#x2b50; (@dicodusport) <a href=\"https:\/\/twitter.com\/dicodusport\/status\/1522319430029660162?ref_src=twsrc%5Etfw\">May 5, 2022<\/a><\/p><\/blockquote>\n<p><script async src=\"https:\/\/platform.twitter.com\/widgets.js\" charset=\"utf-8\"><\/script><\/p>\n","protected":false},"excerpt":{"rendered":"<p>LIGUE EUROPA CONF\u00c9RENCE &#8211; D\u00e9faits la semaine derni\u00e8re aux Pays-Bas sur la pelouse du Feyenoord (3-2), les hommes de Jorge Sampaoli devaient combler leur but de retard pour esp\u00e9rer d\u00e9crocher une nouvelle finale europ\u00e9enne. Dans une ambiance incandescente, Marseille aura eu la ma\u00eetrise du jeu durant tout le match. Sans parvenir \u00e0 marquer le but qui aurait pu changer le destin du match (0-0).<\/p>\n","protected":false},"author":56,"featured_media":221313,"comment_status":"open","ping_status":"closed","sticky":false,"template":"","format":"standard","meta":{"_acf_changed":false,"_daextam_enable_autolinks":"","footnotes":""},"categories":[2301],"tags":[75,446,1889],"class_list":["post-221290","post","type-post","status-publish","format-standard","has-post-thumbnail","hentry","category-football","tag-football","tag-marseille","tag-om"],"acf":[],"yoast_head":"<!-- This site is optimized with the Yoast SEO Premium plugin v26.7 (Yoast SEO v26.7) - https:\/\/yoast.com\/wordpress\/plugins\/seo\/ -->\n<title>Ligue Europa Conf\u00e9rence : Fin de l&#039;aventure pour l&#039;OM<\/title>\n<meta name=\"description\" content=\"LLIGUE EUROPA CONF\u00c9RENCE - Match nul entre l&#039;OM et le Feyenoord (0-0) et fin de l&#039;aventure europ\u00e9enne pour les Olympiens.\" \/>\n<meta name=\"robots\" content=\"index, follow, max-snippet:-1, max-image-preview:large, max-video-preview:-1\" \/>\n<link rel=\"canonical\" href=\"https:\/\/dicodusport.fr\/blog\/ligue-europa-conference-fin-de-l-aventure-pour-om\/\" \/>\n<meta property=\"og:locale\" content=\"fr_FR\" \/>\n<meta property=\"og:type\" content=\"article\" \/>\n<meta property=\"og:title\" content=\"Ligue Europa Conf\u00e9rence : Fin de l&#039;aventure pour l&#039;OM\" \/>\n<meta property=\"og:description\" content=\"LLIGUE EUROPA CONF\u00c9RENCE - Match nul entre l&#039;OM et le Feyenoord (0-0) et fin de l&#039;aventure europ\u00e9enne pour les Olympiens.\" \/>\n<meta property=\"og:url\" content=\"https:\/\/dicodusport.fr\/blog\/ligue-europa-conference-fin-de-l-aventure-pour-om\/\" \/>\n<meta property=\"og:site_name\" content=\"Dicodusport\" \/>\n<meta property=\"article:publisher\" content=\"https:\/\/www.facebook.com\/dicodusport\" \/>\n<meta property=\"article:author\" content=\"https:\/\/www.facebook.com\/antoine.anc.5\" \/>\n<meta property=\"article:published_time\" content=\"2022-05-05T21:02:32+00:00\" \/>\n<meta property=\"article:modified_time\" content=\"2022-05-05T21:21:30+00:00\" \/>\n<meta property=\"og:image\" content=\"https:\/\/dicodusport.fr\/blog\/wp-content\/uploads\/2022\/05\/Ligue-Europa-Conference-Fin-de-laventure-pour-lOM.png\" \/>\n\t<meta property=\"og:image:width\" content=\"800\" \/>\n\t<meta property=\"og:image:height\" content=\"445\" \/>\n\t<meta property=\"og:image:type\" content=\"image\/png\" \/>\n<meta name=\"author\" content=\"Antoine Ancien\" \/>\n<meta name=\"twitter:card\" content=\"summary_large_image\" \/>\n<meta name=\"twitter:title\" content=\"Ligue Europa Conf\u00e9rence : Fin de l&#039;aventure pour l&#039;OM\" \/>\n<meta name=\"twitter:creator\" content=\"@dicodusport\" \/>\n<meta name=\"twitter:site\" content=\"@dicodusport\" \/>\n<script type=\"application\/ld+json\" class=\"yoast-schema-graph\">{\"@context\":\"https:\/\/schema.org\",\"@graph\":[{\"@type\":\"NewsArticle\",\"@id\":\"https:\/\/dicodusport.fr\/blog\/ligue-europa-conference-fin-de-l-aventure-pour-om\/#article\",\"isPartOf\":{\"@id\":\"https:\/\/dicodusport.fr\/blog\/ligue-europa-conference-fin-de-l-aventure-pour-om\/\"},\"author\":{\"name\":\"Antoine Ancien\",\"@id\":\"https:\/\/dicodusport.fr\/blog\/#\/schema\/person\/9fda0d458293182a5e104fbfcf4cc34a\"},\"headline\":\"Ligue Europa Conf\u00e9rence : Fin de l&rsquo;aventure pour l&rsquo;OM\",\"datePublished\":\"2022-05-05T21:02:32+00:00\",\"dateModified\":\"2022-05-05T21:21:30+00:00\",\"mainEntityOfPage\":{\"@id\":\"https:\/\/dicodusport.fr\/blog\/ligue-europa-conference-fin-de-l-aventure-pour-om\/\"},\"wordCount\":781,\"commentCount\":0,\"publisher\":{\"@id\":\"https:\/\/dicodusport.fr\/blog\/#organization\"},\"image\":{\"@id\":\"https:\/\/dicodusport.fr\/blog\/ligue-europa-conference-fin-de-l-aventure-pour-om\/#primaryimage\"},\"thumbnailUrl\":\"https:\/\/dicodusport.fr\/blog\/wp-content\/uploads\/2022\/05\/Ligue-Europa-Conference-Fin-de-laventure-pour-lOM.png\",\"keywords\":[\"Football\",\"Marseille\",\"OM\"],\"articleSection\":[\"Football\"],\"inLanguage\":\"fr-FR\",\"potentialAction\":[{\"@type\":\"CommentAction\",\"name\":\"Comment\",\"target\":[\"https:\/\/dicodusport.fr\/blog\/ligue-europa-conference-fin-de-l-aventure-pour-om\/#respond\"]}],\"copyrightYear\":\"2022\",\"copyrightHolder\":{\"@id\":\"https:\/\/dicodusport.fr\/blog\/#organization\"}},{\"@type\":\"WebPage\",\"@id\":\"https:\/\/dicodusport.fr\/blog\/ligue-europa-conference-fin-de-l-aventure-pour-om\/\",\"url\":\"https:\/\/dicodusport.fr\/blog\/ligue-europa-conference-fin-de-l-aventure-pour-om\/\",\"name\":\"Ligue Europa Conf\u00e9rence : Fin de l'aventure pour l'OM\",\"isPartOf\":{\"@id\":\"https:\/\/dicodusport.fr\/blog\/#website\"},\"primaryImageOfPage\":{\"@id\":\"https:\/\/dicodusport.fr\/blog\/ligue-europa-conference-fin-de-l-aventure-pour-om\/#primaryimage\"},\"image\":{\"@id\":\"https:\/\/dicodusport.fr\/blog\/ligue-europa-conference-fin-de-l-aventure-pour-om\/#primaryimage\"},\"thumbnailUrl\":\"https:\/\/dicodusport.fr\/blog\/wp-content\/uploads\/2022\/05\/Ligue-Europa-Conference-Fin-de-laventure-pour-lOM.png\",\"datePublished\":\"2022-05-05T21:02:32+00:00\",\"dateModified\":\"2022-05-05T21:21:30+00:00\",\"description\":\"LLIGUE EUROPA CONF\u00c9RENCE - Match nul entre l'OM et le Feyenoord (0-0) et fin de l'aventure europ\u00e9enne pour les Olympiens.\",\"breadcrumb\":{\"@id\":\"https:\/\/dicodusport.fr\/blog\/ligue-europa-conference-fin-de-l-aventure-pour-om\/#breadcrumb\"},\"inLanguage\":\"fr-FR\",\"potentialAction\":[{\"@type\":\"ReadAction\",\"target\":[\"https:\/\/dicodusport.fr\/blog\/ligue-europa-conference-fin-de-l-aventure-pour-om\/\"]}]},{\"@type\":\"ImageObject\",\"inLanguage\":\"fr-FR\",\"@id\":\"https:\/\/dicodusport.fr\/blog\/ligue-europa-conference-fin-de-l-aventure-pour-om\/#primaryimage\",\"url\":\"https:\/\/dicodusport.fr\/blog\/wp-content\/uploads\/2022\/05\/Ligue-Europa-Conference-Fin-de-laventure-pour-lOM.png\",\"contentUrl\":\"https:\/\/dicodusport.fr\/blog\/wp-content\/uploads\/2022\/05\/Ligue-Europa-Conference-Fin-de-laventure-pour-lOM.png\",\"width\":800,\"height\":445,\"caption\":\"Ligue Europa Conf\u00e9rence Fin de l'aventure pour l'OM\"},{\"@type\":\"BreadcrumbList\",\"@id\":\"https:\/\/dicodusport.fr\/blog\/ligue-europa-conference-fin-de-l-aventure-pour-om\/#breadcrumb\",\"itemListElement\":[{\"@type\":\"ListItem\",\"position\":1,\"name\":\"Accueil\",\"item\":\"https:\/\/dicodusport.fr\/blog\/\"},{\"@type\":\"ListItem\",\"position\":2,\"name\":\"Ligue Europa Conf\u00e9rence : Fin de l&rsquo;aventure pour l&rsquo;OM\"}]},{\"@type\":\"WebSite\",\"@id\":\"https:\/\/dicodusport.fr\/blog\/#website\",\"url\":\"https:\/\/dicodusport.fr\/blog\/\",\"name\":\"Dicodusport\",\"description\":\"L&#039;encyclop\u00e9die de l&#039;actualit\u00e9 sportive\",\"publisher\":{\"@id\":\"https:\/\/dicodusport.fr\/blog\/#organization\"},\"potentialAction\":[{\"@type\":\"SearchAction\",\"target\":{\"@type\":\"EntryPoint\",\"urlTemplate\":\"https:\/\/dicodusport.fr\/blog\/?s={search_term_string}\"},\"query-input\":{\"@type\":\"PropertyValueSpecification\",\"valueRequired\":true,\"valueName\":\"search_term_string\"}}],\"inLanguage\":\"fr-FR\"},{\"@type\":\"NewsMediaOrganization\",\"@id\":\"https:\/\/dicodusport.fr\/blog\/#organization\",\"name\":\"Dicodusport\",\"url\":\"https:\/\/dicodusport.fr\/blog\/\",\"logo\":{\"@type\":\"ImageObject\",\"inLanguage\":\"fr-FR\",\"@id\":\"https:\/\/dicodusport.fr\/blog\/#\/schema\/logo\/image\/\",\"url\":\"https:\/\/dicodusport.fr\/blog\/wp-content\/uploads\/2020\/06\/cropped-LOGO-DICODUSPORT-2020-SANS-FOND-SANS-TEXTE.png\",\"contentUrl\":\"https:\/\/dicodusport.fr\/blog\/wp-content\/uploads\/2020\/06\/cropped-LOGO-DICODUSPORT-2020-SANS-FOND-SANS-TEXTE.png\",\"width\":512,\"height\":512,\"caption\":\"Dicodusport\"},\"image\":{\"@id\":\"https:\/\/dicodusport.fr\/blog\/#\/schema\/logo\/image\/\"},\"sameAs\":[\"https:\/\/www.facebook.com\/dicodusport\",\"https:\/\/x.com\/dicodusport\",\"https:\/\/www.instagram.com\/dicodusport\/\",\"https:\/\/www.youtube.com\/channel\/UC7V2KZ5sd3htJivAbA4ZG3w\"],\"description\":\"Dicodusport est l'encyclop\u00e9die de l'actualit\u00e9 sportive.\",\"email\":\"bonjour@dicodusport.fr\",\"legalName\":\"DICODUSPORT\",\"foundingDate\":\"2018-01-14\",\"vatID\":\"FR71834470973\",\"taxID\":\"83447097300043\",\"numberOfEmployees\":{\"@type\":\"QuantitativeValue\",\"minValue\":\"1\",\"maxValue\":\"10\"}},{\"@type\":\"Person\",\"@id\":\"https:\/\/dicodusport.fr\/blog\/#\/schema\/person\/9fda0d458293182a5e104fbfcf4cc34a\",\"name\":\"Antoine Ancien\",\"image\":{\"@type\":\"ImageObject\",\"inLanguage\":\"fr-FR\",\"@id\":\"https:\/\/dicodusport.fr\/blog\/#\/schema\/person\/image\/\",\"url\":\"https:\/\/dicodusport.fr\/blog\/wp-content\/uploads\/2022\/06\/RoundPhoto_Sep252021_144212-1-150x150.png\",\"contentUrl\":\"https:\/\/dicodusport.fr\/blog\/wp-content\/uploads\/2022\/06\/RoundPhoto_Sep252021_144212-1-150x150.png\",\"caption\":\"Antoine Ancien\"},\"description\":\"Journaliste\/r\u00e9dacteur depuis mai 2021 - Coupe de monde de football, Roland-Garros, 24h du Mans autos...Qu'importe la comp\u00e9tition sportive, je vis le sport \u00e0 chaque instant de l'ann\u00e9e. Passionn\u00e9 depuis l'adolescence par son histoire, ses enjeux ainsi que par le milieu du journalisme, c'est en toute logique que j'ai d\u00e9cid\u00e9 de rejoindre l'aventure Dicodusport. Mon but ? Vous transmettre ma fi\u00e8vre sur chacune des disciplines.\",\"sameAs\":[\"https:\/\/www.facebook.com\/antoine.anc.5\",\"https:\/\/www.linkedin.com\/in\/antoine-ancien-04b0631a1\/\"],\"url\":\"https:\/\/dicodusport.fr\/blog\/author\/antoinea\/\"}]}<\/script>\n<!-- \/ Yoast SEO Premium plugin. -->","yoast_head_json":{"title":"Ligue Europa Conf\u00e9rence : Fin de l'aventure pour l'OM","description":"LLIGUE EUROPA CONF\u00c9RENCE - Match nul entre l'OM et le Feyenoord (0-0) et fin de l'aventure europ\u00e9enne pour les Olympiens.","robots":{"index":"index","follow":"follow","max-snippet":"max-snippet:-1","max-image-preview":"max-image-preview:large","max-video-preview":"max-video-preview:-1"},"canonical":"https:\/\/dicodusport.fr\/blog\/ligue-europa-conference-fin-de-l-aventure-pour-om\/","og_locale":"fr_FR","og_type":"article","og_title":"Ligue Europa Conf\u00e9rence : Fin de l'aventure pour l'OM","og_description":"LLIGUE EUROPA CONF\u00c9RENCE - Match nul entre l'OM et le Feyenoord (0-0) et fin de l'aventure europ\u00e9enne pour les Olympiens.","og_url":"https:\/\/dicodusport.fr\/blog\/ligue-europa-conference-fin-de-l-aventure-pour-om\/","og_site_name":"Dicodusport","article_publisher":"https:\/\/www.facebook.com\/dicodusport","article_author":"https:\/\/www.facebook.com\/antoine.anc.5","article_published_time":"2022-05-05T21:02:32+00:00","article_modified_time":"2022-05-05T21:21:30+00:00","og_image":[{"width":800,"height":445,"url":"https:\/\/dicodusport.fr\/blog\/wp-content\/uploads\/2022\/05\/Ligue-Europa-Conference-Fin-de-laventure-pour-lOM.png","type":"image\/png"}],"author":"Antoine Ancien","twitter_card":"summary_large_image","twitter_title":"Ligue Europa Conf\u00e9rence : Fin de l'aventure pour l'OM","twitter_creator":"@dicodusport","twitter_site":"@dicodusport","schema":{"@context":"https:\/\/schema.org","@graph":[{"@type":"NewsArticle","@id":"https:\/\/dicodusport.fr\/blog\/ligue-europa-conference-fin-de-l-aventure-pour-om\/#article","isPartOf":{"@id":"https:\/\/dicodusport.fr\/blog\/ligue-europa-conference-fin-de-l-aventure-pour-om\/"},"author":{"name":"Antoine Ancien","@id":"https:\/\/dicodusport.fr\/blog\/#\/schema\/person\/9fda0d458293182a5e104fbfcf4cc34a"},"headline":"Ligue Europa Conf\u00e9rence : Fin de l&rsquo;aventure pour l&rsquo;OM","datePublished":"2022-05-05T21:02:32+00:00","dateModified":"2022-05-05T21:21:30+00:00","mainEntityOfPage":{"@id":"https:\/\/dicodusport.fr\/blog\/ligue-europa-conference-fin-de-l-aventure-pour-om\/"},"wordCount":781,"commentCount":0,"publisher":{"@id":"https:\/\/dicodusport.fr\/blog\/#organization"},"image":{"@id":"https:\/\/dicodusport.fr\/blog\/ligue-europa-conference-fin-de-l-aventure-pour-om\/#primaryimage"},"thumbnailUrl":"https:\/\/dicodusport.fr\/blog\/wp-content\/uploads\/2022\/05\/Ligue-Europa-Conference-Fin-de-laventure-pour-lOM.png","keywords":["Football","Marseille","OM"],"articleSection":["Football"],"inLanguage":"fr-FR","potentialAction":[{"@type":"CommentAction","name":"Comment","target":["https:\/\/dicodusport.fr\/blog\/ligue-europa-conference-fin-de-l-aventure-pour-om\/#respond"]}],"copyrightYear":"2022","copyrightHolder":{"@id":"https:\/\/dicodusport.fr\/blog\/#organization"}},{"@type":"WebPage","@id":"https:\/\/dicodusport.fr\/blog\/ligue-europa-conference-fin-de-l-aventure-pour-om\/","url":"https:\/\/dicodusport.fr\/blog\/ligue-europa-conference-fin-de-l-aventure-pour-om\/","name":"Ligue Europa Conf\u00e9rence : Fin de l'aventure pour l'OM","isPartOf":{"@id":"https:\/\/dicodusport.fr\/blog\/#website"},"primaryImageOfPage":{"@id":"https:\/\/dicodusport.fr\/blog\/ligue-europa-conference-fin-de-l-aventure-pour-om\/#primaryimage"},"image":{"@id":"https:\/\/dicodusport.fr\/blog\/ligue-europa-conference-fin-de-l-aventure-pour-om\/#primaryimage"},"thumbnailUrl":"https:\/\/dicodusport.fr\/blog\/wp-content\/uploads\/2022\/05\/Ligue-Europa-Conference-Fin-de-laventure-pour-lOM.png","datePublished":"2022-05-05T21:02:32+00:00","dateModified":"2022-05-05T21:21:30+00:00","description":"LLIGUE EUROPA CONF\u00c9RENCE - Match nul entre l'OM et le Feyenoord (0-0) et fin de l'aventure europ\u00e9enne pour les Olympiens.","breadcrumb":{"@id":"https:\/\/dicodusport.fr\/blog\/ligue-europa-conference-fin-de-l-aventure-pour-om\/#breadcrumb"},"inLanguage":"fr-FR","potentialAction":[{"@type":"ReadAction","target":["https:\/\/dicodusport.fr\/blog\/ligue-europa-conference-fin-de-l-aventure-pour-om\/"]}]},{"@type":"ImageObject","inLanguage":"fr-FR","@id":"https:\/\/dicodusport.fr\/blog\/ligue-europa-conference-fin-de-l-aventure-pour-om\/#primaryimage","url":"https:\/\/dicodusport.fr\/blog\/wp-content\/uploads\/2022\/05\/Ligue-Europa-Conference-Fin-de-laventure-pour-lOM.png","contentUrl":"https:\/\/dicodusport.fr\/blog\/wp-content\/uploads\/2022\/05\/Ligue-Europa-Conference-Fin-de-laventure-pour-lOM.png","width":800,"height":445,"caption":"Ligue Europa Conf\u00e9rence Fin de l'aventure pour l'OM"},{"@type":"BreadcrumbList","@id":"https:\/\/dicodusport.fr\/blog\/ligue-europa-conference-fin-de-l-aventure-pour-om\/#breadcrumb","itemListElement":[{"@type":"ListItem","position":1,"name":"Accueil","item":"https:\/\/dicodusport.fr\/blog\/"},{"@type":"ListItem","position":2,"name":"Ligue Europa Conf\u00e9rence : Fin de l&rsquo;aventure pour l&rsquo;OM"}]},{"@type":"WebSite","@id":"https:\/\/dicodusport.fr\/blog\/#website","url":"https:\/\/dicodusport.fr\/blog\/","name":"Dicodusport","description":"L&#039;encyclop\u00e9die de l&#039;actualit\u00e9 sportive","publisher":{"@id":"https:\/\/dicodusport.fr\/blog\/#organization"},"potentialAction":[{"@type":"SearchAction","target":{"@type":"EntryPoint","urlTemplate":"https:\/\/dicodusport.fr\/blog\/?s={search_term_string}"},"query-input":{"@type":"PropertyValueSpecification","valueRequired":true,"valueName":"search_term_string"}}],"inLanguage":"fr-FR"},{"@type":"NewsMediaOrganization","@id":"https:\/\/dicodusport.fr\/blog\/#organization","name":"Dicodusport","url":"https:\/\/dicodusport.fr\/blog\/","logo":{"@type":"ImageObject","inLanguage":"fr-FR","@id":"https:\/\/dicodusport.fr\/blog\/#\/schema\/logo\/image\/","url":"https:\/\/dicodusport.fr\/blog\/wp-content\/uploads\/2020\/06\/cropped-LOGO-DICODUSPORT-2020-SANS-FOND-SANS-TEXTE.png","contentUrl":"https:\/\/dicodusport.fr\/blog\/wp-content\/uploads\/2020\/06\/cropped-LOGO-DICODUSPORT-2020-SANS-FOND-SANS-TEXTE.png","width":512,"height":512,"caption":"Dicodusport"},"image":{"@id":"https:\/\/dicodusport.fr\/blog\/#\/schema\/logo\/image\/"},"sameAs":["https:\/\/www.facebook.com\/dicodusport","https:\/\/x.com\/dicodusport","https:\/\/www.instagram.com\/dicodusport\/","https:\/\/www.youtube.com\/channel\/UC7V2KZ5sd3htJivAbA4ZG3w"],"description":"Dicodusport est l'encyclop\u00e9die de l'actualit\u00e9 sportive.","email":"bonjour@dicodusport.fr","legalName":"DICODUSPORT","foundingDate":"2018-01-14","vatID":"FR71834470973","taxID":"83447097300043","numberOfEmployees":{"@type":"QuantitativeValue","minValue":"1","maxValue":"10"}},{"@type":"Person","@id":"https:\/\/dicodusport.fr\/blog\/#\/schema\/person\/9fda0d458293182a5e104fbfcf4cc34a","name":"Antoine Ancien","image":{"@type":"ImageObject","inLanguage":"fr-FR","@id":"https:\/\/dicodusport.fr\/blog\/#\/schema\/person\/image\/","url":"https:\/\/dicodusport.fr\/blog\/wp-content\/uploads\/2022\/06\/RoundPhoto_Sep252021_144212-1-150x150.png","contentUrl":"https:\/\/dicodusport.fr\/blog\/wp-content\/uploads\/2022\/06\/RoundPhoto_Sep252021_144212-1-150x150.png","caption":"Antoine Ancien"},"description":"Journaliste\/r\u00e9dacteur depuis mai 2021 - Coupe de monde de football, Roland-Garros, 24h du Mans autos...Qu'importe la comp\u00e9tition sportive, je vis le sport \u00e0 chaque instant de l'ann\u00e9e. Passionn\u00e9 depuis l'adolescence par son histoire, ses enjeux ainsi que par le milieu du journalisme, c'est en toute logique que j'ai d\u00e9cid\u00e9 de rejoindre l'aventure Dicodusport. Mon but ? Vous transmettre ma fi\u00e8vre sur chacune des disciplines.","sameAs":["https:\/\/www.facebook.com\/antoine.anc.5","https:\/\/www.linkedin.com\/in\/antoine-ancien-04b0631a1\/"],"url":"https:\/\/dicodusport.fr\/blog\/author\/antoinea\/"}]}},"_links":{"self":[{"href":"https:\/\/dicodusport.fr\/blog\/wp-json\/wp\/v2\/posts\/221290","targetHints":{"allow":["GET"]}}],"collection":[{"href":"https:\/\/dicodusport.fr\/blog\/wp-json\/wp\/v2\/posts"}],"about":[{"href":"https:\/\/dicodusport.fr\/blog\/wp-json\/wp\/v2\/types\/post"}],"author":[{"embeddable":true,"href":"https:\/\/dicodusport.fr\/blog\/wp-json\/wp\/v2\/users\/56"}],"replies":[{"embeddable":true,"href":"https:\/\/dicodusport.fr\/blog\/wp-json\/wp\/v2\/comments?post=221290"}],"version-history":[{"count":0,"href":"https:\/\/dicodusport.fr\/blog\/wp-json\/wp\/v2\/posts\/221290\/revisions"}],"wp:featuredmedia":[{"embeddable":true,"href":"https:\/\/dicodusport.fr\/blog\/wp-json\/wp\/v2\/media\/221313"}],"wp:attachment":[{"href":"https:\/\/dicodusport.fr\/blog\/wp-json\/wp\/v2\/media?parent=221290"}],"wp:term":[{"taxonomy":"category","embeddable":true,"href":"https:\/\/dicodusport.fr\/blog\/wp-json\/wp\/v2\/categories?post=221290"},{"taxonomy":"post_tag","embeddable":true,"href":"https:\/\/dicodusport.fr\/blog\/wp-json\/wp\/v2\/tags?post=221290"}],"curies":[{"name":"wp","href":"https:\/\/api.w.org\/{rel}","templated":true}]}}