{"id":221884,"date":"2022-05-07T20:07:09","date_gmt":"2022-05-07T18:07:09","guid":{"rendered":"https:\/\/dicodusport.fr\/blog\/?p=221884&#038;preview=true&#038;preview_id=221884"},"modified":"2022-05-07T20:07:09","modified_gmt":"2022-05-07T18:07:09","slug":"gilles-simon-annonce-sa-retraite","status":"publish","type":"post","link":"https:\/\/dicodusport.fr\/blog\/gilles-simon-annonce-sa-retraite\/","title":{"rendered":"Gilles Simon annonce sa retraite"},"content":{"rendered":"<p style=\"text-align: justify;\"><b><i>TENNIS &#8211; Gilles Simon vient d&rsquo;annoncer qu&rsquo;il prendrait sa retraite \u00e0 la fin de l&rsquo;ann\u00e9e. Apr\u00e8s Jo-Wilfried Tsonga, c&rsquo;est une nouvelle glorieuse t\u00eate d&rsquo;affiche fran\u00e7aise qui va quitter le circuit professionnel.<\/i><\/b><\/p>\n<p style=\"text-align: justify;\">C&rsquo;est par un communiqu\u00e9 laconique que<strong> Gilles Simon<\/strong> a annonc\u00e9 sa retraite en fin de saison. Une d\u00e9cision logique pour un joueur en perte de vitesse ces derni\u00e8res ann\u00e9es. Tout <a href=\"https:\/\/dicodusport.fr\/blog\/jo-wilfried-tsonga-annonce-qu-il-prendra-sa-retraite-apres-roland-garros\/\">comme <strong>Jo-Wilfried Tsonga<\/strong><\/a>, il disputera donc son dernier Roland-Garros en fin de mois, \u00e0 condition de recevoir une <em>wildcard<\/em> de la part des organisateurs. Une page importante est donc en train de se tourner pour le tennis fran\u00e7ais avec ces deux d\u00e9parts.<\/p>\n<blockquote class=\"twitter-tweet\">\n<p dir=\"ltr\" lang=\"fr\">Ce fut une aventure magique, merveilleuse et extraordinaire. Elle s\u2019arr\u00eatera \u00e0 la fin de l\u2019ann\u00e9e. Un \u00e9norme MERCI \u00e0 tous ceux qui l\u2019ont rendue possible.<br \/>\nIl n\u2019y a aucune tristesse, aucun regret. Juste la volont\u00e9 de mettre tout ce qu\u2019il me reste. Sur chaque match, jusqu\u2019\u00e0 la fin.<\/p>\n<p>\u2014 Gilles SIMON (@GillesSimon84) <a href=\"https:\/\/twitter.com\/GillesSimon84\/status\/1522980820889313282?ref_src=twsrc%5Etfw\">May 7, 2022<\/a><\/p><\/blockquote>\n<p><script async src=\"https:\/\/platform.twitter.com\/widgets.js\" charset=\"utf-8\"><\/script><\/p>\n<p style=\"text-align: justify;\">Pass\u00e9 professionnel voil\u00e0 20 ans, <strong>Gilles Simon<\/strong> aura connu de nombreux succ\u00e8s durant sa carri\u00e8re. Laur\u00e9at de 14 tournois ATP, son dernier succ\u00e8s remontait \u00e0 l&rsquo;ATP 250 de Metz en 2018. Il s&rsquo;\u00e9tait surtout distingu\u00e9 en 2008, en allant jusqu&rsquo;en finale du Masters 1000 de Madrid avant de disputer les demi-finales des Masters en fin de saison. On peut \u00e9galement mentionner sa finale aux Masters 1000 de Shanghai en 2014. Mais il n&rsquo;aura pas connu de succ\u00e8s en Grand Chelem, avec seulement deux quarts de finale \u00e0 ce niveau. 6\u00e8me mondial au plus haut de sa carri\u00e8re, il peut n\u00e9anmoins s&rsquo;en aller avec la sensation du devoir accompli, en esp\u00e9rant une sortie \u00e0 la hauteur de sa carri\u00e8re.<\/p>\n","protected":false},"excerpt":{"rendered":"<p>TENNIS &#8211; Gilles Simon vient d&rsquo;annoncer qu&rsquo;il prendrait sa retraite \u00e0 la fin de l&rsquo;ann\u00e9e. Apr\u00e8s Jo-Wilfried Tsonga, c&rsquo;est une nouvelle glorieuse t\u00eate d&rsquo;affiche fran\u00e7aise qui va quitter le circuit professionnel.<\/p>\n","protected":false},"author":59,"featured_media":221894,"comment_status":"open","ping_status":"closed","sticky":false,"template":"","format":"standard","meta":{"_acf_changed":false,"_daextam_enable_autolinks":"","footnotes":""},"categories":[2302],"tags":[23367,3307,4792],"class_list":["post-221884","post","type-post","status-publish","format-standard","has-post-thumbnail","hentry","category-tennis","tag-circuit-atp","tag-gilles-simon","tag-tennis-francais"],"acf":[],"yoast_head":"<!-- This site is optimized with the Yoast SEO Premium plugin v26.7 (Yoast SEO v26.7) - https:\/\/yoast.com\/wordpress\/plugins\/seo\/ -->\n<title>Tennis - Gilles Simon annonce sa retraite - Dicodusport<\/title>\n<meta name=\"description\" content=\"TENNIS - Gilles Simon vient d&#039;annoncer qu&#039;il prendrait sa retraite en fin de saison, un d\u00e9part de plus apr\u00e8s celui de Jo-Wilfried Tsonga.\" \/>\n<meta name=\"robots\" content=\"index, follow, max-snippet:-1, max-image-preview:large, max-video-preview:-1\" \/>\n<link rel=\"canonical\" href=\"https:\/\/dicodusport.fr\/blog\/gilles-simon-annonce-sa-retraite\/\" \/>\n<meta property=\"og:locale\" content=\"fr_FR\" \/>\n<meta property=\"og:type\" content=\"article\" \/>\n<meta property=\"og:title\" content=\"Gilles Simon annonce sa retraite\" \/>\n<meta property=\"og:description\" content=\"TENNIS - Gilles Simon vient d&#039;annoncer qu&#039;il prendrait sa retraite en fin de saison, un d\u00e9part de plus apr\u00e8s celui de Jo-Wilfried Tsonga.\" \/>\n<meta property=\"og:url\" content=\"https:\/\/dicodusport.fr\/blog\/gilles-simon-annonce-sa-retraite\/\" \/>\n<meta property=\"og:site_name\" content=\"Dicodusport\" \/>\n<meta property=\"article:publisher\" content=\"https:\/\/www.facebook.com\/dicodusport\" \/>\n<meta property=\"article:author\" content=\"https:\/\/www.facebook.com\/sebastien.gente\/\" \/>\n<meta property=\"article:published_time\" content=\"2022-05-07T18:07:09+00:00\" \/>\n<meta property=\"og:image\" content=\"https:\/\/dicodusport.fr\/blog\/wp-content\/uploads\/2022\/05\/Gilles-Simon-annonce-sa-retraite.png\" \/>\n\t<meta property=\"og:image:width\" content=\"800\" \/>\n\t<meta property=\"og:image:height\" content=\"445\" \/>\n\t<meta property=\"og:image:type\" content=\"image\/png\" \/>\n<meta name=\"author\" content=\"S\u00e9bastien Gente\" \/>\n<meta name=\"twitter:card\" content=\"summary_large_image\" \/>\n<meta name=\"twitter:title\" content=\"Gilles Simon annonce sa retraite\" \/>\n<meta name=\"twitter:creator\" content=\"@https:\/\/twitter.com\/globulo24\" \/>\n<meta name=\"twitter:site\" content=\"@dicodusport\" \/>\n<script type=\"application\/ld+json\" class=\"yoast-schema-graph\">{\"@context\":\"https:\/\/schema.org\",\"@graph\":[{\"@type\":\"NewsArticle\",\"@id\":\"https:\/\/dicodusport.fr\/blog\/gilles-simon-annonce-sa-retraite\/#article\",\"isPartOf\":{\"@id\":\"https:\/\/dicodusport.fr\/blog\/gilles-simon-annonce-sa-retraite\/\"},\"author\":{\"name\":\"S\u00e9bastien Gente\",\"@id\":\"https:\/\/dicodusport.fr\/blog\/#\/schema\/person\/627966a6cde45dbd8c5e36ac85d783da\"},\"headline\":\"Gilles Simon annonce sa retraite\",\"datePublished\":\"2022-05-07T18:07:09+00:00\",\"mainEntityOfPage\":{\"@id\":\"https:\/\/dicodusport.fr\/blog\/gilles-simon-annonce-sa-retraite\/\"},\"wordCount\":299,\"commentCount\":0,\"publisher\":{\"@id\":\"https:\/\/dicodusport.fr\/blog\/#organization\"},\"image\":{\"@id\":\"https:\/\/dicodusport.fr\/blog\/gilles-simon-annonce-sa-retraite\/#primaryimage\"},\"thumbnailUrl\":\"https:\/\/dicodusport.fr\/blog\/wp-content\/uploads\/2022\/05\/Gilles-Simon-annonce-sa-retraite.png\",\"keywords\":[\"circuit ATP\",\"Gilles Simon\",\"Tennis fran\u00e7ais\"],\"articleSection\":[\"Tennis\"],\"inLanguage\":\"fr-FR\",\"potentialAction\":[{\"@type\":\"CommentAction\",\"name\":\"Comment\",\"target\":[\"https:\/\/dicodusport.fr\/blog\/gilles-simon-annonce-sa-retraite\/#respond\"]}],\"copyrightYear\":\"2022\",\"copyrightHolder\":{\"@id\":\"https:\/\/dicodusport.fr\/blog\/#organization\"}},{\"@type\":\"WebPage\",\"@id\":\"https:\/\/dicodusport.fr\/blog\/gilles-simon-annonce-sa-retraite\/\",\"url\":\"https:\/\/dicodusport.fr\/blog\/gilles-simon-annonce-sa-retraite\/\",\"name\":\"Tennis - Gilles Simon annonce sa retraite - Dicodusport\",\"isPartOf\":{\"@id\":\"https:\/\/dicodusport.fr\/blog\/#website\"},\"primaryImageOfPage\":{\"@id\":\"https:\/\/dicodusport.fr\/blog\/gilles-simon-annonce-sa-retraite\/#primaryimage\"},\"image\":{\"@id\":\"https:\/\/dicodusport.fr\/blog\/gilles-simon-annonce-sa-retraite\/#primaryimage\"},\"thumbnailUrl\":\"https:\/\/dicodusport.fr\/blog\/wp-content\/uploads\/2022\/05\/Gilles-Simon-annonce-sa-retraite.png\",\"datePublished\":\"2022-05-07T18:07:09+00:00\",\"description\":\"TENNIS - Gilles Simon vient d'annoncer qu'il prendrait sa retraite en fin de saison, un d\u00e9part de plus apr\u00e8s celui de Jo-Wilfried Tsonga.\",\"breadcrumb\":{\"@id\":\"https:\/\/dicodusport.fr\/blog\/gilles-simon-annonce-sa-retraite\/#breadcrumb\"},\"inLanguage\":\"fr-FR\",\"potentialAction\":[{\"@type\":\"ReadAction\",\"target\":[\"https:\/\/dicodusport.fr\/blog\/gilles-simon-annonce-sa-retraite\/\"]}]},{\"@type\":\"ImageObject\",\"inLanguage\":\"fr-FR\",\"@id\":\"https:\/\/dicodusport.fr\/blog\/gilles-simon-annonce-sa-retraite\/#primaryimage\",\"url\":\"https:\/\/dicodusport.fr\/blog\/wp-content\/uploads\/2022\/05\/Gilles-Simon-annonce-sa-retraite.png\",\"contentUrl\":\"https:\/\/dicodusport.fr\/blog\/wp-content\/uploads\/2022\/05\/Gilles-Simon-annonce-sa-retraite.png\",\"width\":800,\"height\":445,\"caption\":\"Gilles Simon annonce sa retraite\"},{\"@type\":\"BreadcrumbList\",\"@id\":\"https:\/\/dicodusport.fr\/blog\/gilles-simon-annonce-sa-retraite\/#breadcrumb\",\"itemListElement\":[{\"@type\":\"ListItem\",\"position\":1,\"name\":\"Accueil\",\"item\":\"https:\/\/dicodusport.fr\/blog\/\"},{\"@type\":\"ListItem\",\"position\":2,\"name\":\"Gilles Simon annonce sa retraite\"}]},{\"@type\":\"WebSite\",\"@id\":\"https:\/\/dicodusport.fr\/blog\/#website\",\"url\":\"https:\/\/dicodusport.fr\/blog\/\",\"name\":\"Dicodusport\",\"description\":\"L&#039;encyclop\u00e9die de l&#039;actualit\u00e9 sportive\",\"publisher\":{\"@id\":\"https:\/\/dicodusport.fr\/blog\/#organization\"},\"potentialAction\":[{\"@type\":\"SearchAction\",\"target\":{\"@type\":\"EntryPoint\",\"urlTemplate\":\"https:\/\/dicodusport.fr\/blog\/?s={search_term_string}\"},\"query-input\":{\"@type\":\"PropertyValueSpecification\",\"valueRequired\":true,\"valueName\":\"search_term_string\"}}],\"inLanguage\":\"fr-FR\"},{\"@type\":\"NewsMediaOrganization\",\"@id\":\"https:\/\/dicodusport.fr\/blog\/#organization\",\"name\":\"Dicodusport\",\"url\":\"https:\/\/dicodusport.fr\/blog\/\",\"logo\":{\"@type\":\"ImageObject\",\"inLanguage\":\"fr-FR\",\"@id\":\"https:\/\/dicodusport.fr\/blog\/#\/schema\/logo\/image\/\",\"url\":\"https:\/\/dicodusport.fr\/blog\/wp-content\/uploads\/2020\/06\/cropped-LOGO-DICODUSPORT-2020-SANS-FOND-SANS-TEXTE.png\",\"contentUrl\":\"https:\/\/dicodusport.fr\/blog\/wp-content\/uploads\/2020\/06\/cropped-LOGO-DICODUSPORT-2020-SANS-FOND-SANS-TEXTE.png\",\"width\":512,\"height\":512,\"caption\":\"Dicodusport\"},\"image\":{\"@id\":\"https:\/\/dicodusport.fr\/blog\/#\/schema\/logo\/image\/\"},\"sameAs\":[\"https:\/\/www.facebook.com\/dicodusport\",\"https:\/\/x.com\/dicodusport\",\"https:\/\/www.instagram.com\/dicodusport\/\",\"https:\/\/www.youtube.com\/channel\/UC7V2KZ5sd3htJivAbA4ZG3w\"],\"description\":\"Dicodusport est l'encyclop\u00e9die de l'actualit\u00e9 sportive.\",\"email\":\"bonjour@dicodusport.fr\",\"legalName\":\"DICODUSPORT\",\"foundingDate\":\"2018-01-14\",\"vatID\":\"FR71834470973\",\"taxID\":\"83447097300043\",\"numberOfEmployees\":{\"@type\":\"QuantitativeValue\",\"minValue\":\"1\",\"maxValue\":\"10\"}},{\"@type\":\"Person\",\"@id\":\"https:\/\/dicodusport.fr\/blog\/#\/schema\/person\/627966a6cde45dbd8c5e36ac85d783da\",\"name\":\"S\u00e9bastien Gente\",\"image\":{\"@type\":\"ImageObject\",\"inLanguage\":\"fr-FR\",\"@id\":\"https:\/\/dicodusport.fr\/blog\/#\/schema\/person\/image\/\",\"url\":\"https:\/\/dicodusport.fr\/blog\/wp-content\/uploads\/2021\/09\/1510990_10205810251400683_4124423575079401707_n-150x150.jpg\",\"contentUrl\":\"https:\/\/dicodusport.fr\/blog\/wp-content\/uploads\/2021\/09\/1510990_10205810251400683_4124423575079401707_n-150x150.jpg\",\"caption\":\"S\u00e9bastien Gente\"},\"description\":\"John Stockton, Gianni Bugno, Zinedine Zidane, Steffi Graf, Frode Andresen, St\u00e9phane Stoecklin, Davis Kamoga, Primoz Peterka, Werner Schlager et Aur\u00e9lien Rougerie. Point commun entre ces sportifs? Ils m'ont fait r\u00eaver et ont berc\u00e9 mon adolescence. Je suis un fondu de sports et j'essaie de retranscrire ma passion \u00e0 travers mes articles. Originaire du P\u00e9rigord, ma passion pour les Girondins, les Jaunards et les Jazzmen transpire dans mes \u00e9crits. \u00c0 Dicodusport depuis 2021, je d\u00e9niche les sports m\u00e9connus dans lesquels la France brille, et il y en a !\",\"sameAs\":[\"https:\/\/www.facebook.com\/sebastien.gente\/\",\"https:\/\/www.instagram.com\/sebgente\/\",\"https:\/\/www.linkedin.com\/in\/sbastien-gente-a29583169\/\",\"https:\/\/x.com\/https:\/\/twitter.com\/globulo24\",\"SebastienGente\"],\"worksFor\":\"S\u00e9bastien GENTE\",\"url\":\"https:\/\/dicodusport.fr\/blog\/author\/sebastiengente\/\"}]}<\/script>\n<!-- \/ Yoast SEO Premium plugin. -->","yoast_head_json":{"title":"Tennis - Gilles Simon annonce sa retraite - Dicodusport","description":"TENNIS - Gilles Simon vient d'annoncer qu'il prendrait sa retraite en fin de saison, un d\u00e9part de plus apr\u00e8s celui de Jo-Wilfried Tsonga.","robots":{"index":"index","follow":"follow","max-snippet":"max-snippet:-1","max-image-preview":"max-image-preview:large","max-video-preview":"max-video-preview:-1"},"canonical":"https:\/\/dicodusport.fr\/blog\/gilles-simon-annonce-sa-retraite\/","og_locale":"fr_FR","og_type":"article","og_title":"Gilles Simon annonce sa retraite","og_description":"TENNIS - Gilles Simon vient d'annoncer qu'il prendrait sa retraite en fin de saison, un d\u00e9part de plus apr\u00e8s celui de Jo-Wilfried Tsonga.","og_url":"https:\/\/dicodusport.fr\/blog\/gilles-simon-annonce-sa-retraite\/","og_site_name":"Dicodusport","article_publisher":"https:\/\/www.facebook.com\/dicodusport","article_author":"https:\/\/www.facebook.com\/sebastien.gente\/","article_published_time":"2022-05-07T18:07:09+00:00","og_image":[{"width":800,"height":445,"url":"https:\/\/dicodusport.fr\/blog\/wp-content\/uploads\/2022\/05\/Gilles-Simon-annonce-sa-retraite.png","type":"image\/png"}],"author":"S\u00e9bastien Gente","twitter_card":"summary_large_image","twitter_title":"Gilles Simon annonce sa retraite","twitter_creator":"@https:\/\/twitter.com\/globulo24","twitter_site":"@dicodusport","schema":{"@context":"https:\/\/schema.org","@graph":[{"@type":"NewsArticle","@id":"https:\/\/dicodusport.fr\/blog\/gilles-simon-annonce-sa-retraite\/#article","isPartOf":{"@id":"https:\/\/dicodusport.fr\/blog\/gilles-simon-annonce-sa-retraite\/"},"author":{"name":"S\u00e9bastien Gente","@id":"https:\/\/dicodusport.fr\/blog\/#\/schema\/person\/627966a6cde45dbd8c5e36ac85d783da"},"headline":"Gilles Simon annonce sa retraite","datePublished":"2022-05-07T18:07:09+00:00","mainEntityOfPage":{"@id":"https:\/\/dicodusport.fr\/blog\/gilles-simon-annonce-sa-retraite\/"},"wordCount":299,"commentCount":0,"publisher":{"@id":"https:\/\/dicodusport.fr\/blog\/#organization"},"image":{"@id":"https:\/\/dicodusport.fr\/blog\/gilles-simon-annonce-sa-retraite\/#primaryimage"},"thumbnailUrl":"https:\/\/dicodusport.fr\/blog\/wp-content\/uploads\/2022\/05\/Gilles-Simon-annonce-sa-retraite.png","keywords":["circuit ATP","Gilles Simon","Tennis fran\u00e7ais"],"articleSection":["Tennis"],"inLanguage":"fr-FR","potentialAction":[{"@type":"CommentAction","name":"Comment","target":["https:\/\/dicodusport.fr\/blog\/gilles-simon-annonce-sa-retraite\/#respond"]}],"copyrightYear":"2022","copyrightHolder":{"@id":"https:\/\/dicodusport.fr\/blog\/#organization"}},{"@type":"WebPage","@id":"https:\/\/dicodusport.fr\/blog\/gilles-simon-annonce-sa-retraite\/","url":"https:\/\/dicodusport.fr\/blog\/gilles-simon-annonce-sa-retraite\/","name":"Tennis - Gilles Simon annonce sa retraite - Dicodusport","isPartOf":{"@id":"https:\/\/dicodusport.fr\/blog\/#website"},"primaryImageOfPage":{"@id":"https:\/\/dicodusport.fr\/blog\/gilles-simon-annonce-sa-retraite\/#primaryimage"},"image":{"@id":"https:\/\/dicodusport.fr\/blog\/gilles-simon-annonce-sa-retraite\/#primaryimage"},"thumbnailUrl":"https:\/\/dicodusport.fr\/blog\/wp-content\/uploads\/2022\/05\/Gilles-Simon-annonce-sa-retraite.png","datePublished":"2022-05-07T18:07:09+00:00","description":"TENNIS - Gilles Simon vient d'annoncer qu'il prendrait sa retraite en fin de saison, un d\u00e9part de plus apr\u00e8s celui de Jo-Wilfried Tsonga.","breadcrumb":{"@id":"https:\/\/dicodusport.fr\/blog\/gilles-simon-annonce-sa-retraite\/#breadcrumb"},"inLanguage":"fr-FR","potentialAction":[{"@type":"ReadAction","target":["https:\/\/dicodusport.fr\/blog\/gilles-simon-annonce-sa-retraite\/"]}]},{"@type":"ImageObject","inLanguage":"fr-FR","@id":"https:\/\/dicodusport.fr\/blog\/gilles-simon-annonce-sa-retraite\/#primaryimage","url":"https:\/\/dicodusport.fr\/blog\/wp-content\/uploads\/2022\/05\/Gilles-Simon-annonce-sa-retraite.png","contentUrl":"https:\/\/dicodusport.fr\/blog\/wp-content\/uploads\/2022\/05\/Gilles-Simon-annonce-sa-retraite.png","width":800,"height":445,"caption":"Gilles Simon annonce sa retraite"},{"@type":"BreadcrumbList","@id":"https:\/\/dicodusport.fr\/blog\/gilles-simon-annonce-sa-retraite\/#breadcrumb","itemListElement":[{"@type":"ListItem","position":1,"name":"Accueil","item":"https:\/\/dicodusport.fr\/blog\/"},{"@type":"ListItem","position":2,"name":"Gilles Simon annonce sa retraite"}]},{"@type":"WebSite","@id":"https:\/\/dicodusport.fr\/blog\/#website","url":"https:\/\/dicodusport.fr\/blog\/","name":"Dicodusport","description":"L&#039;encyclop\u00e9die de l&#039;actualit\u00e9 sportive","publisher":{"@id":"https:\/\/dicodusport.fr\/blog\/#organization"},"potentialAction":[{"@type":"SearchAction","target":{"@type":"EntryPoint","urlTemplate":"https:\/\/dicodusport.fr\/blog\/?s={search_term_string}"},"query-input":{"@type":"PropertyValueSpecification","valueRequired":true,"valueName":"search_term_string"}}],"inLanguage":"fr-FR"},{"@type":"NewsMediaOrganization","@id":"https:\/\/dicodusport.fr\/blog\/#organization","name":"Dicodusport","url":"https:\/\/dicodusport.fr\/blog\/","logo":{"@type":"ImageObject","inLanguage":"fr-FR","@id":"https:\/\/dicodusport.fr\/blog\/#\/schema\/logo\/image\/","url":"https:\/\/dicodusport.fr\/blog\/wp-content\/uploads\/2020\/06\/cropped-LOGO-DICODUSPORT-2020-SANS-FOND-SANS-TEXTE.png","contentUrl":"https:\/\/dicodusport.fr\/blog\/wp-content\/uploads\/2020\/06\/cropped-LOGO-DICODUSPORT-2020-SANS-FOND-SANS-TEXTE.png","width":512,"height":512,"caption":"Dicodusport"},"image":{"@id":"https:\/\/dicodusport.fr\/blog\/#\/schema\/logo\/image\/"},"sameAs":["https:\/\/www.facebook.com\/dicodusport","https:\/\/x.com\/dicodusport","https:\/\/www.instagram.com\/dicodusport\/","https:\/\/www.youtube.com\/channel\/UC7V2KZ5sd3htJivAbA4ZG3w"],"description":"Dicodusport est l'encyclop\u00e9die de l'actualit\u00e9 sportive.","email":"bonjour@dicodusport.fr","legalName":"DICODUSPORT","foundingDate":"2018-01-14","vatID":"FR71834470973","taxID":"83447097300043","numberOfEmployees":{"@type":"QuantitativeValue","minValue":"1","maxValue":"10"}},{"@type":"Person","@id":"https:\/\/dicodusport.fr\/blog\/#\/schema\/person\/627966a6cde45dbd8c5e36ac85d783da","name":"S\u00e9bastien Gente","image":{"@type":"ImageObject","inLanguage":"fr-FR","@id":"https:\/\/dicodusport.fr\/blog\/#\/schema\/person\/image\/","url":"https:\/\/dicodusport.fr\/blog\/wp-content\/uploads\/2021\/09\/1510990_10205810251400683_4124423575079401707_n-150x150.jpg","contentUrl":"https:\/\/dicodusport.fr\/blog\/wp-content\/uploads\/2021\/09\/1510990_10205810251400683_4124423575079401707_n-150x150.jpg","caption":"S\u00e9bastien Gente"},"description":"John Stockton, Gianni Bugno, Zinedine Zidane, Steffi Graf, Frode Andresen, St\u00e9phane Stoecklin, Davis Kamoga, Primoz Peterka, Werner Schlager et Aur\u00e9lien Rougerie. Point commun entre ces sportifs? Ils m'ont fait r\u00eaver et ont berc\u00e9 mon adolescence. Je suis un fondu de sports et j'essaie de retranscrire ma passion \u00e0 travers mes articles. Originaire du P\u00e9rigord, ma passion pour les Girondins, les Jaunards et les Jazzmen transpire dans mes \u00e9crits. \u00c0 Dicodusport depuis 2021, je d\u00e9niche les sports m\u00e9connus dans lesquels la France brille, et il y en a !","sameAs":["https:\/\/www.facebook.com\/sebastien.gente\/","https:\/\/www.instagram.com\/sebgente\/","https:\/\/www.linkedin.com\/in\/sbastien-gente-a29583169\/","https:\/\/x.com\/https:\/\/twitter.com\/globulo24","SebastienGente"],"worksFor":"S\u00e9bastien GENTE","url":"https:\/\/dicodusport.fr\/blog\/author\/sebastiengente\/"}]}},"_links":{"self":[{"href":"https:\/\/dicodusport.fr\/blog\/wp-json\/wp\/v2\/posts\/221884","targetHints":{"allow":["GET"]}}],"collection":[{"href":"https:\/\/dicodusport.fr\/blog\/wp-json\/wp\/v2\/posts"}],"about":[{"href":"https:\/\/dicodusport.fr\/blog\/wp-json\/wp\/v2\/types\/post"}],"author":[{"embeddable":true,"href":"https:\/\/dicodusport.fr\/blog\/wp-json\/wp\/v2\/users\/59"}],"replies":[{"embeddable":true,"href":"https:\/\/dicodusport.fr\/blog\/wp-json\/wp\/v2\/comments?post=221884"}],"version-history":[{"count":0,"href":"https:\/\/dicodusport.fr\/blog\/wp-json\/wp\/v2\/posts\/221884\/revisions"}],"wp:featuredmedia":[{"embeddable":true,"href":"https:\/\/dicodusport.fr\/blog\/wp-json\/wp\/v2\/media\/221894"}],"wp:attachment":[{"href":"https:\/\/dicodusport.fr\/blog\/wp-json\/wp\/v2\/media?parent=221884"}],"wp:term":[{"taxonomy":"category","embeddable":true,"href":"https:\/\/dicodusport.fr\/blog\/wp-json\/wp\/v2\/categories?post=221884"},{"taxonomy":"post_tag","embeddable":true,"href":"https:\/\/dicodusport.fr\/blog\/wp-json\/wp\/v2\/tags?post=221884"}],"curies":[{"name":"wp","href":"https:\/\/api.w.org\/{rel}","templated":true}]}}