{"id":222058,"date":"2022-05-08T12:55:42","date_gmt":"2022-05-08T10:55:42","guid":{"rendered":"https:\/\/dicodusport.fr\/blog\/?p=222058"},"modified":"2022-05-08T13:23:21","modified_gmt":"2022-05-08T11:23:21","slug":"vtt-xco-albstadt-rebecca-mcconnell-simpose-de-nouveau","status":"publish","type":"post","link":"https:\/\/dicodusport.fr\/blog\/vtt-xco-albstadt-rebecca-mcconnell-simpose-de-nouveau\/","title":{"rendered":"VTT XCO Albstadt : Rebecca McConnell s&rsquo;impose de nouveau, Loana Lecomte 4\u00e8me"},"content":{"rendered":"<p style=\"text-align: justify;\"><strong><em><a href=\"https:\/\/dicodusport.fr\/blog\/actualites\/cyclisme\/vtt\/coupe-du-monde-vtt-2022\/\">COUPE DU MONDE DE VTT 2022<\/a> &#8211; Vainqueur vendredi de la course short-track, l&rsquo;Australienne Rebecca McConnell l\u00e8ve de nouveau les bras ce dimanche en s&rsquo;imposant sur le format olympique. Irr\u00e9sistible en ce d\u00e9but de saison, c&rsquo;est d\u00e9j\u00e0 sa troisi\u00e8me victoire en quatre courses.<\/em><\/strong><\/p>\n<h2>La confirmation pour McConnell<\/h2>\n<p style=\"text-align: justify;\">Laur\u00e9ate de la premi\u00e8re manche de Coupe du monde \u00e0 P\u00e9tropolis, vainqueur en short track vendredi, l&rsquo;octuple championne d&rsquo;Australie, <strong>Rebecca McConnell<\/strong>, montre qu&rsquo;elle sera la fille \u00e0 battre cette ann\u00e9e. \u00c0 Albstadt (Allemagne), elle\u00a0aura \u00e9t\u00e9 invaincue. Partie t\u00f4t dans la course en compagnie de la Su\u00e9doise <strong>Jenny Rissveds<\/strong>, elles seront rest\u00e9es toutes les deux jusqu&rsquo;au 4\u00e8me tour. Dans l&rsquo;avant-dernier tour, c&rsquo;est McConnell qui attaque la premi\u00e8re, pour s&rsquo;envoler seule en t\u00eate. Revenue dans un premier temps, Rissveds n&rsquo;a pas pu amortir l&rsquo;attaque et conc\u00e8de par la suite plus de 20 secondes en un demi-tour.<\/p>\n<p style=\"text-align: justify;\">Derri\u00e8re, on retrouve un deuxi\u00e8me duo pour la troisi\u00e8me place : l&rsquo;Autrichienne <strong>Mona Mitterwallner<\/strong> et la championne de France <strong>Loana Lecomte<\/strong>. Alors qu&rsquo;elles attaquent l&rsquo;ultime tour, Mitterwallner prend quelques longueurs d&rsquo;avance et l\u00e2che Lecomte en passant la ligne. Par la suite, le classement en t\u00eate de course ne changera pas, <strong>Rebecca McConnell<\/strong> s&rsquo;impose devant <strong>Jenny Rissveds<\/strong> avec 50 secondes d&rsquo;avance, <strong>Mona Mitterwallner<\/strong> prend la troisi\u00e8me place, pour sa premi\u00e8re saison en cat\u00e9gorie \u00e9lite, elle qui a remport\u00e9 toutes les \u00e9tapes de Coupe du monde chez les espoirs en 2021. <strong>Loana Lecomte<\/strong> et <strong>Pauline Ferrand-Pr\u00e9vot<\/strong> terminent respectivement quatri\u00e8me et septi\u00e8me.<\/p>\n<blockquote class=\"twitter-tweet\">\n<p dir=\"ltr\" lang=\"en\">Women&rsquo;s finish (top 10) <a href=\"https:\/\/twitter.com\/hashtag\/MBWorldCup?src=hash&amp;ref_src=twsrc%5Etfw\">#MBWorldCup<\/a> <a href=\"https:\/\/t.co\/XFFJZ8k4La\">pic.twitter.com\/XFFJZ8k4La<\/a><\/p>\n<p>\u2014 Canadian Cyclist (@cdncyclist) <a href=\"https:\/\/twitter.com\/cdncyclist\/status\/1523252394393751552?ref_src=twsrc%5Etfw\">May 8, 2022<\/a><\/p><\/blockquote>\n<p><script async src=\"https:\/\/platform.twitter.com\/widgets.js\" charset=\"utf-8\"><\/script><\/p>\n<ul>\n<li style=\"text-align: justify;\"><a href=\"https:\/\/dicodusport.fr\/blog\/vtt-xco-albstadt-classement-course-femmes\/\"><strong>Classement de la course femmes VTT XCO \u00e0 Albstadt<\/strong><\/a><\/li>\n<\/ul>\n","protected":false},"excerpt":{"rendered":"<p>COUPE DU MONDE DE VTT 2022 &#8211; Vainqueur vendredi de la course short-track, l&rsquo;Australienne Rebecca McConnell l\u00e8ve de nouveau les bras ce dimanche en s&rsquo;imposant sur le format olympique. Irr\u00e9sistible en ce d\u00e9but de saison, c&rsquo;est d\u00e9j\u00e0 sa troisi\u00e8me victoire en quatre courses.<\/p>\n","protected":false},"author":43,"featured_media":222073,"comment_status":"open","ping_status":"closed","sticky":false,"template":"","format":"standard","meta":{"_acf_changed":false,"_daextam_enable_autolinks":"","footnotes":""},"categories":[10279],"tags":[11873,574,16500],"class_list":["post-222058","post","type-post","status-publish","format-standard","has-post-thumbnail","hentry","category-vtt","tag-coupe-du-monde-de-vtt","tag-cyclisme","tag-vtt-albstadt"],"acf":[],"yoast_head":"<!-- This site is optimized with the Yoast SEO Premium plugin v26.7 (Yoast SEO v26.7) - https:\/\/yoast.com\/wordpress\/plugins\/seo\/ -->\n<title>VTT XCO Albstadt : Rebecca McConnell s&#039;impose de nouveau, Loana Lecomte 4\u00e8me<\/title>\n<meta name=\"description\" content=\"VTT - Nouvelle victoire pour l&#039;Australienne Rebecca McConnell \u00e0 Albstadt. Elle s&#039;affirme en nouvelle favorite pour le classement g\u00e9n\u00e9ral 2022.\" \/>\n<meta name=\"robots\" content=\"index, follow, max-snippet:-1, max-image-preview:large, max-video-preview:-1\" \/>\n<link rel=\"canonical\" href=\"https:\/\/dicodusport.fr\/blog\/vtt-xco-albstadt-rebecca-mcconnell-simpose-de-nouveau\/\" \/>\n<meta property=\"og:locale\" content=\"fr_FR\" \/>\n<meta property=\"og:type\" content=\"article\" \/>\n<meta property=\"og:title\" content=\"VTT XCO Albstadt : Rebecca McConnell s&#039;impose de nouveau, Loana Lecomte 4\u00e8me\" \/>\n<meta property=\"og:description\" content=\"VTT - Nouvelle victoire pour l&#039;Australienne Rebecca McConnell \u00e0 Albstadt. Elle s&#039;affirme en nouvelle favorite pour le classement g\u00e9n\u00e9ral 2022.\" \/>\n<meta property=\"og:url\" content=\"https:\/\/dicodusport.fr\/blog\/vtt-xco-albstadt-rebecca-mcconnell-simpose-de-nouveau\/\" \/>\n<meta property=\"og:site_name\" content=\"Dicodusport\" \/>\n<meta property=\"article:publisher\" content=\"https:\/\/www.facebook.com\/dicodusport\" \/>\n<meta property=\"article:author\" content=\"https:\/\/www.facebook.com\/Max.Bld2\/\" \/>\n<meta property=\"article:published_time\" content=\"2022-05-08T10:55:42+00:00\" \/>\n<meta property=\"article:modified_time\" content=\"2022-05-08T11:23:21+00:00\" \/>\n<meta property=\"og:image\" content=\"https:\/\/dicodusport.fr\/blog\/wp-content\/uploads\/2022\/05\/VTT-XCO-Albstadt-Rebecca-McConnell-simpose-de-nouveau-Loana-Lecomte-4eme.png\" \/>\n\t<meta property=\"og:image:width\" content=\"800\" \/>\n\t<meta property=\"og:image:height\" content=\"445\" \/>\n\t<meta property=\"og:image:type\" content=\"image\/png\" \/>\n<meta name=\"author\" content=\"Maxime Boulard\" \/>\n<meta name=\"twitter:card\" content=\"summary_large_image\" \/>\n<meta name=\"twitter:title\" content=\"VTT XCO Albstadt : Rebecca McConnell s&#039;impose de nouveau, Loana Lecomte 4\u00e8me\" \/>\n<meta name=\"twitter:creator\" content=\"@https:\/\/twitter.com\/MaximeB_2\" \/>\n<meta name=\"twitter:site\" content=\"@dicodusport\" \/>\n<script type=\"application\/ld+json\" class=\"yoast-schema-graph\">{\"@context\":\"https:\/\/schema.org\",\"@graph\":[{\"@type\":\"NewsArticle\",\"@id\":\"https:\/\/dicodusport.fr\/blog\/vtt-xco-albstadt-rebecca-mcconnell-simpose-de-nouveau\/#article\",\"isPartOf\":{\"@id\":\"https:\/\/dicodusport.fr\/blog\/vtt-xco-albstadt-rebecca-mcconnell-simpose-de-nouveau\/\"},\"author\":{\"name\":\"Maxime Boulard\",\"@id\":\"https:\/\/dicodusport.fr\/blog\/#\/schema\/person\/5aab10ee856e86ac63e9819a9da34784\"},\"headline\":\"VTT XCO Albstadt : Rebecca McConnell s&rsquo;impose de nouveau, Loana Lecomte 4\u00e8me\",\"datePublished\":\"2022-05-08T10:55:42+00:00\",\"dateModified\":\"2022-05-08T11:23:21+00:00\",\"mainEntityOfPage\":{\"@id\":\"https:\/\/dicodusport.fr\/blog\/vtt-xco-albstadt-rebecca-mcconnell-simpose-de-nouveau\/\"},\"wordCount\":312,\"commentCount\":0,\"publisher\":{\"@id\":\"https:\/\/dicodusport.fr\/blog\/#organization\"},\"image\":{\"@id\":\"https:\/\/dicodusport.fr\/blog\/vtt-xco-albstadt-rebecca-mcconnell-simpose-de-nouveau\/#primaryimage\"},\"thumbnailUrl\":\"https:\/\/dicodusport.fr\/blog\/wp-content\/uploads\/2022\/05\/VTT-XCO-Albstadt-Rebecca-McConnell-simpose-de-nouveau-Loana-Lecomte-4eme.png\",\"keywords\":[\"Coupe du monde de VTT\",\"Cyclisme\",\"VTT Albstadt\"],\"articleSection\":[\"VTT\"],\"inLanguage\":\"fr-FR\",\"potentialAction\":[{\"@type\":\"CommentAction\",\"name\":\"Comment\",\"target\":[\"https:\/\/dicodusport.fr\/blog\/vtt-xco-albstadt-rebecca-mcconnell-simpose-de-nouveau\/#respond\"]}],\"copyrightYear\":\"2022\",\"copyrightHolder\":{\"@id\":\"https:\/\/dicodusport.fr\/blog\/#organization\"}},{\"@type\":\"WebPage\",\"@id\":\"https:\/\/dicodusport.fr\/blog\/vtt-xco-albstadt-rebecca-mcconnell-simpose-de-nouveau\/\",\"url\":\"https:\/\/dicodusport.fr\/blog\/vtt-xco-albstadt-rebecca-mcconnell-simpose-de-nouveau\/\",\"name\":\"VTT XCO Albstadt : Rebecca McConnell s'impose de nouveau, Loana Lecomte 4\u00e8me\",\"isPartOf\":{\"@id\":\"https:\/\/dicodusport.fr\/blog\/#website\"},\"primaryImageOfPage\":{\"@id\":\"https:\/\/dicodusport.fr\/blog\/vtt-xco-albstadt-rebecca-mcconnell-simpose-de-nouveau\/#primaryimage\"},\"image\":{\"@id\":\"https:\/\/dicodusport.fr\/blog\/vtt-xco-albstadt-rebecca-mcconnell-simpose-de-nouveau\/#primaryimage\"},\"thumbnailUrl\":\"https:\/\/dicodusport.fr\/blog\/wp-content\/uploads\/2022\/05\/VTT-XCO-Albstadt-Rebecca-McConnell-simpose-de-nouveau-Loana-Lecomte-4eme.png\",\"datePublished\":\"2022-05-08T10:55:42+00:00\",\"dateModified\":\"2022-05-08T11:23:21+00:00\",\"description\":\"VTT - Nouvelle victoire pour l'Australienne Rebecca McConnell \u00e0 Albstadt. Elle s'affirme en nouvelle favorite pour le classement g\u00e9n\u00e9ral 2022.\",\"breadcrumb\":{\"@id\":\"https:\/\/dicodusport.fr\/blog\/vtt-xco-albstadt-rebecca-mcconnell-simpose-de-nouveau\/#breadcrumb\"},\"inLanguage\":\"fr-FR\",\"potentialAction\":[{\"@type\":\"ReadAction\",\"target\":[\"https:\/\/dicodusport.fr\/blog\/vtt-xco-albstadt-rebecca-mcconnell-simpose-de-nouveau\/\"]}]},{\"@type\":\"ImageObject\",\"inLanguage\":\"fr-FR\",\"@id\":\"https:\/\/dicodusport.fr\/blog\/vtt-xco-albstadt-rebecca-mcconnell-simpose-de-nouveau\/#primaryimage\",\"url\":\"https:\/\/dicodusport.fr\/blog\/wp-content\/uploads\/2022\/05\/VTT-XCO-Albstadt-Rebecca-McConnell-simpose-de-nouveau-Loana-Lecomte-4eme.png\",\"contentUrl\":\"https:\/\/dicodusport.fr\/blog\/wp-content\/uploads\/2022\/05\/VTT-XCO-Albstadt-Rebecca-McConnell-simpose-de-nouveau-Loana-Lecomte-4eme.png\",\"width\":800,\"height\":445,\"caption\":\"VTT XCO Albstadt Rebecca McConnell s'impose de nouveau, Loana Lecomte 4\u00e8me\"},{\"@type\":\"BreadcrumbList\",\"@id\":\"https:\/\/dicodusport.fr\/blog\/vtt-xco-albstadt-rebecca-mcconnell-simpose-de-nouveau\/#breadcrumb\",\"itemListElement\":[{\"@type\":\"ListItem\",\"position\":1,\"name\":\"Accueil\",\"item\":\"https:\/\/dicodusport.fr\/blog\/\"},{\"@type\":\"ListItem\",\"position\":2,\"name\":\"VTT XCO Albstadt : Rebecca McConnell s&rsquo;impose de nouveau, Loana Lecomte 4\u00e8me\"}]},{\"@type\":\"WebSite\",\"@id\":\"https:\/\/dicodusport.fr\/blog\/#website\",\"url\":\"https:\/\/dicodusport.fr\/blog\/\",\"name\":\"Dicodusport\",\"description\":\"L&#039;encyclop\u00e9die de l&#039;actualit\u00e9 sportive\",\"publisher\":{\"@id\":\"https:\/\/dicodusport.fr\/blog\/#organization\"},\"potentialAction\":[{\"@type\":\"SearchAction\",\"target\":{\"@type\":\"EntryPoint\",\"urlTemplate\":\"https:\/\/dicodusport.fr\/blog\/?s={search_term_string}\"},\"query-input\":{\"@type\":\"PropertyValueSpecification\",\"valueRequired\":true,\"valueName\":\"search_term_string\"}}],\"inLanguage\":\"fr-FR\"},{\"@type\":\"NewsMediaOrganization\",\"@id\":\"https:\/\/dicodusport.fr\/blog\/#organization\",\"name\":\"Dicodusport\",\"url\":\"https:\/\/dicodusport.fr\/blog\/\",\"logo\":{\"@type\":\"ImageObject\",\"inLanguage\":\"fr-FR\",\"@id\":\"https:\/\/dicodusport.fr\/blog\/#\/schema\/logo\/image\/\",\"url\":\"https:\/\/dicodusport.fr\/blog\/wp-content\/uploads\/2020\/06\/cropped-LOGO-DICODUSPORT-2020-SANS-FOND-SANS-TEXTE.png\",\"contentUrl\":\"https:\/\/dicodusport.fr\/blog\/wp-content\/uploads\/2020\/06\/cropped-LOGO-DICODUSPORT-2020-SANS-FOND-SANS-TEXTE.png\",\"width\":512,\"height\":512,\"caption\":\"Dicodusport\"},\"image\":{\"@id\":\"https:\/\/dicodusport.fr\/blog\/#\/schema\/logo\/image\/\"},\"sameAs\":[\"https:\/\/www.facebook.com\/dicodusport\",\"https:\/\/x.com\/dicodusport\",\"https:\/\/www.instagram.com\/dicodusport\/\",\"https:\/\/www.youtube.com\/channel\/UC7V2KZ5sd3htJivAbA4ZG3w\"],\"description\":\"Dicodusport est l'encyclop\u00e9die de l'actualit\u00e9 sportive.\",\"email\":\"bonjour@dicodusport.fr\",\"legalName\":\"DICODUSPORT\",\"foundingDate\":\"2018-01-14\",\"vatID\":\"FR71834470973\",\"taxID\":\"83447097300043\",\"numberOfEmployees\":{\"@type\":\"QuantitativeValue\",\"minValue\":\"1\",\"maxValue\":\"10\"}},{\"@type\":\"Person\",\"@id\":\"https:\/\/dicodusport.fr\/blog\/#\/schema\/person\/5aab10ee856e86ac63e9819a9da34784\",\"name\":\"Maxime Boulard\",\"image\":{\"@type\":\"ImageObject\",\"inLanguage\":\"fr-FR\",\"@id\":\"https:\/\/dicodusport.fr\/blog\/#\/schema\/person\/image\/\",\"url\":\"https:\/\/dicodusport.fr\/blog\/wp-content\/uploads\/2021\/05\/Maxime-Boulard-150x150.jpg\",\"contentUrl\":\"https:\/\/dicodusport.fr\/blog\/wp-content\/uploads\/2021\/05\/Maxime-Boulard-150x150.jpg\",\"caption\":\"Maxime Boulard\"},\"description\":\"Journaliste\/r\u00e9dacteur depuis octobre 2020 - Si mon plus vieux souvenir de sport aurait pu m'en d\u00e9go\u00fbter, la finale de la Coupe du monde 2006 a \u00e9t\u00e9 tout le contraire. V\u00e9ritable d\u00e9clencheur d'une passion qui aujourd'hui ne fait que grandir avec le temps, mon leitmotiv est la France qui brille ! Je relate les exploits pass\u00e9s et pr\u00e9sents du sport bleu-blanc-rouge sans m\u00e9nagement depuis octobre 2020. Sport valide ou handisport, aucune diff\u00e9rence, il n'y a que du sport et plusieurs fa\u00e7ons de le pratiquer.\",\"sameAs\":[\"https:\/\/www.facebook.com\/Max.Bld2\/\",\"https:\/\/x.com\/https:\/\/twitter.com\/MaximeB_2\"],\"url\":\"https:\/\/dicodusport.fr\/blog\/author\/maxime-b\/\"}]}<\/script>\n<!-- \/ Yoast SEO Premium plugin. -->","yoast_head_json":{"title":"VTT XCO Albstadt : Rebecca McConnell s'impose de nouveau, Loana Lecomte 4\u00e8me","description":"VTT - Nouvelle victoire pour l'Australienne Rebecca McConnell \u00e0 Albstadt. Elle s'affirme en nouvelle favorite pour le classement g\u00e9n\u00e9ral 2022.","robots":{"index":"index","follow":"follow","max-snippet":"max-snippet:-1","max-image-preview":"max-image-preview:large","max-video-preview":"max-video-preview:-1"},"canonical":"https:\/\/dicodusport.fr\/blog\/vtt-xco-albstadt-rebecca-mcconnell-simpose-de-nouveau\/","og_locale":"fr_FR","og_type":"article","og_title":"VTT XCO Albstadt : Rebecca McConnell s'impose de nouveau, Loana Lecomte 4\u00e8me","og_description":"VTT - Nouvelle victoire pour l'Australienne Rebecca McConnell \u00e0 Albstadt. Elle s'affirme en nouvelle favorite pour le classement g\u00e9n\u00e9ral 2022.","og_url":"https:\/\/dicodusport.fr\/blog\/vtt-xco-albstadt-rebecca-mcconnell-simpose-de-nouveau\/","og_site_name":"Dicodusport","article_publisher":"https:\/\/www.facebook.com\/dicodusport","article_author":"https:\/\/www.facebook.com\/Max.Bld2\/","article_published_time":"2022-05-08T10:55:42+00:00","article_modified_time":"2022-05-08T11:23:21+00:00","og_image":[{"width":800,"height":445,"url":"https:\/\/dicodusport.fr\/blog\/wp-content\/uploads\/2022\/05\/VTT-XCO-Albstadt-Rebecca-McConnell-simpose-de-nouveau-Loana-Lecomte-4eme.png","type":"image\/png"}],"author":"Maxime Boulard","twitter_card":"summary_large_image","twitter_title":"VTT XCO Albstadt : Rebecca McConnell s'impose de nouveau, Loana Lecomte 4\u00e8me","twitter_creator":"@https:\/\/twitter.com\/MaximeB_2","twitter_site":"@dicodusport","schema":{"@context":"https:\/\/schema.org","@graph":[{"@type":"NewsArticle","@id":"https:\/\/dicodusport.fr\/blog\/vtt-xco-albstadt-rebecca-mcconnell-simpose-de-nouveau\/#article","isPartOf":{"@id":"https:\/\/dicodusport.fr\/blog\/vtt-xco-albstadt-rebecca-mcconnell-simpose-de-nouveau\/"},"author":{"name":"Maxime Boulard","@id":"https:\/\/dicodusport.fr\/blog\/#\/schema\/person\/5aab10ee856e86ac63e9819a9da34784"},"headline":"VTT XCO Albstadt : Rebecca McConnell s&rsquo;impose de nouveau, Loana Lecomte 4\u00e8me","datePublished":"2022-05-08T10:55:42+00:00","dateModified":"2022-05-08T11:23:21+00:00","mainEntityOfPage":{"@id":"https:\/\/dicodusport.fr\/blog\/vtt-xco-albstadt-rebecca-mcconnell-simpose-de-nouveau\/"},"wordCount":312,"commentCount":0,"publisher":{"@id":"https:\/\/dicodusport.fr\/blog\/#organization"},"image":{"@id":"https:\/\/dicodusport.fr\/blog\/vtt-xco-albstadt-rebecca-mcconnell-simpose-de-nouveau\/#primaryimage"},"thumbnailUrl":"https:\/\/dicodusport.fr\/blog\/wp-content\/uploads\/2022\/05\/VTT-XCO-Albstadt-Rebecca-McConnell-simpose-de-nouveau-Loana-Lecomte-4eme.png","keywords":["Coupe du monde de VTT","Cyclisme","VTT Albstadt"],"articleSection":["VTT"],"inLanguage":"fr-FR","potentialAction":[{"@type":"CommentAction","name":"Comment","target":["https:\/\/dicodusport.fr\/blog\/vtt-xco-albstadt-rebecca-mcconnell-simpose-de-nouveau\/#respond"]}],"copyrightYear":"2022","copyrightHolder":{"@id":"https:\/\/dicodusport.fr\/blog\/#organization"}},{"@type":"WebPage","@id":"https:\/\/dicodusport.fr\/blog\/vtt-xco-albstadt-rebecca-mcconnell-simpose-de-nouveau\/","url":"https:\/\/dicodusport.fr\/blog\/vtt-xco-albstadt-rebecca-mcconnell-simpose-de-nouveau\/","name":"VTT XCO Albstadt : Rebecca McConnell s'impose de nouveau, Loana Lecomte 4\u00e8me","isPartOf":{"@id":"https:\/\/dicodusport.fr\/blog\/#website"},"primaryImageOfPage":{"@id":"https:\/\/dicodusport.fr\/blog\/vtt-xco-albstadt-rebecca-mcconnell-simpose-de-nouveau\/#primaryimage"},"image":{"@id":"https:\/\/dicodusport.fr\/blog\/vtt-xco-albstadt-rebecca-mcconnell-simpose-de-nouveau\/#primaryimage"},"thumbnailUrl":"https:\/\/dicodusport.fr\/blog\/wp-content\/uploads\/2022\/05\/VTT-XCO-Albstadt-Rebecca-McConnell-simpose-de-nouveau-Loana-Lecomte-4eme.png","datePublished":"2022-05-08T10:55:42+00:00","dateModified":"2022-05-08T11:23:21+00:00","description":"VTT - Nouvelle victoire pour l'Australienne Rebecca McConnell \u00e0 Albstadt. Elle s'affirme en nouvelle favorite pour le classement g\u00e9n\u00e9ral 2022.","breadcrumb":{"@id":"https:\/\/dicodusport.fr\/blog\/vtt-xco-albstadt-rebecca-mcconnell-simpose-de-nouveau\/#breadcrumb"},"inLanguage":"fr-FR","potentialAction":[{"@type":"ReadAction","target":["https:\/\/dicodusport.fr\/blog\/vtt-xco-albstadt-rebecca-mcconnell-simpose-de-nouveau\/"]}]},{"@type":"ImageObject","inLanguage":"fr-FR","@id":"https:\/\/dicodusport.fr\/blog\/vtt-xco-albstadt-rebecca-mcconnell-simpose-de-nouveau\/#primaryimage","url":"https:\/\/dicodusport.fr\/blog\/wp-content\/uploads\/2022\/05\/VTT-XCO-Albstadt-Rebecca-McConnell-simpose-de-nouveau-Loana-Lecomte-4eme.png","contentUrl":"https:\/\/dicodusport.fr\/blog\/wp-content\/uploads\/2022\/05\/VTT-XCO-Albstadt-Rebecca-McConnell-simpose-de-nouveau-Loana-Lecomte-4eme.png","width":800,"height":445,"caption":"VTT XCO Albstadt Rebecca McConnell s'impose de nouveau, Loana Lecomte 4\u00e8me"},{"@type":"BreadcrumbList","@id":"https:\/\/dicodusport.fr\/blog\/vtt-xco-albstadt-rebecca-mcconnell-simpose-de-nouveau\/#breadcrumb","itemListElement":[{"@type":"ListItem","position":1,"name":"Accueil","item":"https:\/\/dicodusport.fr\/blog\/"},{"@type":"ListItem","position":2,"name":"VTT XCO Albstadt : Rebecca McConnell s&rsquo;impose de nouveau, Loana Lecomte 4\u00e8me"}]},{"@type":"WebSite","@id":"https:\/\/dicodusport.fr\/blog\/#website","url":"https:\/\/dicodusport.fr\/blog\/","name":"Dicodusport","description":"L&#039;encyclop\u00e9die de l&#039;actualit\u00e9 sportive","publisher":{"@id":"https:\/\/dicodusport.fr\/blog\/#organization"},"potentialAction":[{"@type":"SearchAction","target":{"@type":"EntryPoint","urlTemplate":"https:\/\/dicodusport.fr\/blog\/?s={search_term_string}"},"query-input":{"@type":"PropertyValueSpecification","valueRequired":true,"valueName":"search_term_string"}}],"inLanguage":"fr-FR"},{"@type":"NewsMediaOrganization","@id":"https:\/\/dicodusport.fr\/blog\/#organization","name":"Dicodusport","url":"https:\/\/dicodusport.fr\/blog\/","logo":{"@type":"ImageObject","inLanguage":"fr-FR","@id":"https:\/\/dicodusport.fr\/blog\/#\/schema\/logo\/image\/","url":"https:\/\/dicodusport.fr\/blog\/wp-content\/uploads\/2020\/06\/cropped-LOGO-DICODUSPORT-2020-SANS-FOND-SANS-TEXTE.png","contentUrl":"https:\/\/dicodusport.fr\/blog\/wp-content\/uploads\/2020\/06\/cropped-LOGO-DICODUSPORT-2020-SANS-FOND-SANS-TEXTE.png","width":512,"height":512,"caption":"Dicodusport"},"image":{"@id":"https:\/\/dicodusport.fr\/blog\/#\/schema\/logo\/image\/"},"sameAs":["https:\/\/www.facebook.com\/dicodusport","https:\/\/x.com\/dicodusport","https:\/\/www.instagram.com\/dicodusport\/","https:\/\/www.youtube.com\/channel\/UC7V2KZ5sd3htJivAbA4ZG3w"],"description":"Dicodusport est l'encyclop\u00e9die de l'actualit\u00e9 sportive.","email":"bonjour@dicodusport.fr","legalName":"DICODUSPORT","foundingDate":"2018-01-14","vatID":"FR71834470973","taxID":"83447097300043","numberOfEmployees":{"@type":"QuantitativeValue","minValue":"1","maxValue":"10"}},{"@type":"Person","@id":"https:\/\/dicodusport.fr\/blog\/#\/schema\/person\/5aab10ee856e86ac63e9819a9da34784","name":"Maxime Boulard","image":{"@type":"ImageObject","inLanguage":"fr-FR","@id":"https:\/\/dicodusport.fr\/blog\/#\/schema\/person\/image\/","url":"https:\/\/dicodusport.fr\/blog\/wp-content\/uploads\/2021\/05\/Maxime-Boulard-150x150.jpg","contentUrl":"https:\/\/dicodusport.fr\/blog\/wp-content\/uploads\/2021\/05\/Maxime-Boulard-150x150.jpg","caption":"Maxime Boulard"},"description":"Journaliste\/r\u00e9dacteur depuis octobre 2020 - Si mon plus vieux souvenir de sport aurait pu m'en d\u00e9go\u00fbter, la finale de la Coupe du monde 2006 a \u00e9t\u00e9 tout le contraire. V\u00e9ritable d\u00e9clencheur d'une passion qui aujourd'hui ne fait que grandir avec le temps, mon leitmotiv est la France qui brille ! Je relate les exploits pass\u00e9s et pr\u00e9sents du sport bleu-blanc-rouge sans m\u00e9nagement depuis octobre 2020. Sport valide ou handisport, aucune diff\u00e9rence, il n'y a que du sport et plusieurs fa\u00e7ons de le pratiquer.","sameAs":["https:\/\/www.facebook.com\/Max.Bld2\/","https:\/\/x.com\/https:\/\/twitter.com\/MaximeB_2"],"url":"https:\/\/dicodusport.fr\/blog\/author\/maxime-b\/"}]}},"_links":{"self":[{"href":"https:\/\/dicodusport.fr\/blog\/wp-json\/wp\/v2\/posts\/222058","targetHints":{"allow":["GET"]}}],"collection":[{"href":"https:\/\/dicodusport.fr\/blog\/wp-json\/wp\/v2\/posts"}],"about":[{"href":"https:\/\/dicodusport.fr\/blog\/wp-json\/wp\/v2\/types\/post"}],"author":[{"embeddable":true,"href":"https:\/\/dicodusport.fr\/blog\/wp-json\/wp\/v2\/users\/43"}],"replies":[{"embeddable":true,"href":"https:\/\/dicodusport.fr\/blog\/wp-json\/wp\/v2\/comments?post=222058"}],"version-history":[{"count":0,"href":"https:\/\/dicodusport.fr\/blog\/wp-json\/wp\/v2\/posts\/222058\/revisions"}],"wp:featuredmedia":[{"embeddable":true,"href":"https:\/\/dicodusport.fr\/blog\/wp-json\/wp\/v2\/media\/222073"}],"wp:attachment":[{"href":"https:\/\/dicodusport.fr\/blog\/wp-json\/wp\/v2\/media?parent=222058"}],"wp:term":[{"taxonomy":"category","embeddable":true,"href":"https:\/\/dicodusport.fr\/blog\/wp-json\/wp\/v2\/categories?post=222058"},{"taxonomy":"post_tag","embeddable":true,"href":"https:\/\/dicodusport.fr\/blog\/wp-json\/wp\/v2\/tags?post=222058"}],"curies":[{"name":"wp","href":"https:\/\/api.w.org\/{rel}","templated":true}]}}