{"id":222096,"date":"2022-05-08T16:05:24","date_gmt":"2022-05-08T14:05:24","guid":{"rendered":"https:\/\/dicodusport.fr\/blog\/?p=222096&#038;preview=true&#038;preview_id=222096"},"modified":"2022-05-08T16:19:12","modified_gmt":"2022-05-08T14:19:12","slug":"vtt-xco-albstadt-tom-pidcock-s-impose-en-patron","status":"publish","type":"post","link":"https:\/\/dicodusport.fr\/blog\/vtt-xco-albstadt-tom-pidcock-s-impose-en-patron\/","title":{"rendered":"VTT XCO Albstadt : Tom Pidcock s&rsquo;impose en patron"},"content":{"rendered":"<p style=\"text-align: justify;\"><strong><em><a href=\"https:\/\/dicodusport.fr\/blog\/actualites\/cyclisme\/vtt\/coupe-du-monde-vtt-2022\/\">COUPE DU MONDE DE VTT 2022<\/a> &#8211; Imprenable, Tom Pidcock (INEOS Grenadiers) a remport\u00e9 ce dimanche la Coupe du monde XCO d&rsquo;Albstadt (Allemagne). Il devance le Suisse Nino Schurter et le Roumain Vlad Dascalu.<\/em><\/strong><\/p>\n<p style=\"text-align: justify;\">Deuxi\u00e8me victoire en Coupe du monde de VTT pour <strong>Tom Pidcock<\/strong> ! Vainqueur \u00e0 Nove Mesto (R\u00e9p. Tch\u00e8que) l&rsquo;an dernier, le Britannique, champion olympique \u00e0 Tokyo l&rsquo;\u00e9t\u00e9 dernier, a fait parler la poudre. De retour en VTT apr\u00e8s une campagne de classiques d\u00e9cevante sur la route, plomb\u00e9e par un virus \u00e0 l&rsquo;estomac, <strong>Pidcock<\/strong> a fait la diff\u00e9rence dans le 3\u00e8me des tours du circuit d&rsquo;Albstadt (Allemagne). Son punch a fait mal \u00e0 <strong>Nino Schurter<\/strong>, qui n&rsquo;a pas pu suivre le coureur de la formation INEOS Grenadiers. Derri\u00e8re Pidcock, <strong>Nino Schurter<\/strong> (Scott &#8211; SRAM MTB Racing Team) prend la deuxi\u00e8me place, devant le Roumain <strong>Vlad Dascalu<\/strong> (Trek Factory Racing). Premier Fran\u00e7ais, <strong>Titouan Carod<\/strong> (BMC MTB Racing) prend la 4\u00e8me place.<\/p>\n<blockquote class=\"twitter-tweet\">\n<p dir=\"ltr\" lang=\"en\">Elite Men&rsquo;s Finish (top 10) <a href=\"https:\/\/twitter.com\/hashtag\/MBWorldCup?src=hash&amp;ref_src=twsrc%5Etfw\">#MBWorldCup<\/a> <a href=\"https:\/\/t.co\/9F6jlu06JI\">pic.twitter.com\/9F6jlu06JI<\/a><\/p>\n<p>\u2014 Canadian Cyclist (@cdncyclist) <a href=\"https:\/\/twitter.com\/cdncyclist\/status\/1523300758975762437?ref_src=twsrc%5Etfw\">May 8, 2022<\/a><\/p><\/blockquote>\n<p><script async src=\"https:\/\/platform.twitter.com\/widgets.js\" charset=\"utf-8\"><\/script><\/p>\n<ul>\n<li style=\"text-align: justify;\"><a href=\"https:\/\/dicodusport.fr\/blog\/vtt-xco-albstadt-2022-classement-course-hommes\/\"><strong>Classement de la course hommes VTT XCO \u00e0 Albstadt<\/strong><\/a><\/li>\n<\/ul>\n","protected":false},"excerpt":{"rendered":"<p>COUPE DU MONDE DE VTT 2022 &#8211; Imprenable, Tom Pidcock (INEOS Grenadiers) a remport\u00e9 ce dimanche la Coupe du monde XCO d&rsquo;Albstadt (Allemagne). Il devance le Suisse Nino Schurter et le Roumain Vlad Dascalu.<\/p>\n","protected":false},"author":4,"featured_media":222137,"comment_status":"open","ping_status":"closed","sticky":false,"template":"","format":"standard","meta":{"_acf_changed":false,"_daextam_enable_autolinks":"","footnotes":""},"categories":[10279],"tags":[11873,574,16500],"class_list":["post-222096","post","type-post","status-publish","format-standard","has-post-thumbnail","hentry","category-vtt","tag-coupe-du-monde-de-vtt","tag-cyclisme","tag-vtt-albstadt"],"acf":[],"yoast_head":"<!-- This site is optimized with the Yoast SEO Premium plugin v26.7 (Yoast SEO v26.7) - https:\/\/yoast.com\/wordpress\/plugins\/seo\/ -->\n<title>VTT XCO Albstadt : Tom Pidcock s&#039;impose en patron<\/title>\n<meta name=\"description\" content=\"COUPE DU MONDE DE VTT 2022 - Imprenable, Tom Pidcock (INEOS Grenadiers) a remport\u00e9 ce dimanche la Coupe du monde XCO d&#039;Albstadt (Allemagne).\" \/>\n<meta name=\"robots\" content=\"index, follow, max-snippet:-1, max-image-preview:large, max-video-preview:-1\" \/>\n<link rel=\"canonical\" href=\"https:\/\/dicodusport.fr\/blog\/vtt-xco-albstadt-tom-pidcock-s-impose-en-patron\/\" \/>\n<meta property=\"og:locale\" content=\"fr_FR\" \/>\n<meta property=\"og:type\" content=\"article\" \/>\n<meta property=\"og:title\" content=\"VTT XCO Albstadt : Tom Pidcock s&#039;impose en patron\" \/>\n<meta property=\"og:description\" content=\"COUPE DU MONDE DE VTT 2022 - Imprenable, Tom Pidcock (INEOS Grenadiers) a remport\u00e9 ce dimanche la Coupe du monde XCO d&#039;Albstadt (Allemagne).\" \/>\n<meta property=\"og:url\" content=\"https:\/\/dicodusport.fr\/blog\/vtt-xco-albstadt-tom-pidcock-s-impose-en-patron\/\" \/>\n<meta property=\"og:site_name\" content=\"Dicodusport\" \/>\n<meta property=\"article:publisher\" content=\"https:\/\/www.facebook.com\/dicodusport\" \/>\n<meta property=\"article:author\" content=\"https:\/\/www.facebook.com\/florent.ostermann\" \/>\n<meta property=\"article:published_time\" content=\"2022-05-08T14:05:24+00:00\" \/>\n<meta property=\"article:modified_time\" content=\"2022-05-08T14:19:12+00:00\" \/>\n<meta property=\"og:image\" content=\"https:\/\/dicodusport.fr\/blog\/wp-content\/uploads\/2022\/05\/VTT-XCO-Albstadt-Tom-Pidcock-simpose-en-patron.png\" \/>\n\t<meta property=\"og:image:width\" content=\"800\" \/>\n\t<meta property=\"og:image:height\" content=\"445\" \/>\n\t<meta property=\"og:image:type\" content=\"image\/png\" \/>\n<meta name=\"author\" content=\"Flo Ostermann\" \/>\n<meta name=\"twitter:card\" content=\"summary_large_image\" \/>\n<meta name=\"twitter:title\" content=\"VTT XCO Albstadt : Tom Pidcock s&#039;impose en patron\" \/>\n<meta name=\"twitter:creator\" content=\"@https:\/\/twitter.com\/FlOstermann\" \/>\n<meta name=\"twitter:site\" content=\"@dicodusport\" \/>\n<script type=\"application\/ld+json\" class=\"yoast-schema-graph\">{\"@context\":\"https:\/\/schema.org\",\"@graph\":[{\"@type\":\"NewsArticle\",\"@id\":\"https:\/\/dicodusport.fr\/blog\/vtt-xco-albstadt-tom-pidcock-s-impose-en-patron\/#article\",\"isPartOf\":{\"@id\":\"https:\/\/dicodusport.fr\/blog\/vtt-xco-albstadt-tom-pidcock-s-impose-en-patron\/\"},\"author\":{\"name\":\"Flo Ostermann\",\"@id\":\"https:\/\/dicodusport.fr\/blog\/#\/schema\/person\/cb02af4c173ce4a653b55e9baf388d4a\"},\"headline\":\"VTT XCO Albstadt : Tom Pidcock s&rsquo;impose en patron\",\"datePublished\":\"2022-05-08T14:05:24+00:00\",\"dateModified\":\"2022-05-08T14:19:12+00:00\",\"mainEntityOfPage\":{\"@id\":\"https:\/\/dicodusport.fr\/blog\/vtt-xco-albstadt-tom-pidcock-s-impose-en-patron\/\"},\"wordCount\":196,\"commentCount\":0,\"publisher\":{\"@id\":\"https:\/\/dicodusport.fr\/blog\/#organization\"},\"image\":{\"@id\":\"https:\/\/dicodusport.fr\/blog\/vtt-xco-albstadt-tom-pidcock-s-impose-en-patron\/#primaryimage\"},\"thumbnailUrl\":\"https:\/\/dicodusport.fr\/blog\/wp-content\/uploads\/2022\/05\/VTT-XCO-Albstadt-Tom-Pidcock-simpose-en-patron.png\",\"keywords\":[\"Coupe du monde de VTT\",\"Cyclisme\",\"VTT Albstadt\"],\"articleSection\":[\"VTT\"],\"inLanguage\":\"fr-FR\",\"potentialAction\":[{\"@type\":\"CommentAction\",\"name\":\"Comment\",\"target\":[\"https:\/\/dicodusport.fr\/blog\/vtt-xco-albstadt-tom-pidcock-s-impose-en-patron\/#respond\"]}],\"copyrightYear\":\"2022\",\"copyrightHolder\":{\"@id\":\"https:\/\/dicodusport.fr\/blog\/#organization\"}},{\"@type\":\"WebPage\",\"@id\":\"https:\/\/dicodusport.fr\/blog\/vtt-xco-albstadt-tom-pidcock-s-impose-en-patron\/\",\"url\":\"https:\/\/dicodusport.fr\/blog\/vtt-xco-albstadt-tom-pidcock-s-impose-en-patron\/\",\"name\":\"VTT XCO Albstadt : Tom Pidcock s'impose en patron\",\"isPartOf\":{\"@id\":\"https:\/\/dicodusport.fr\/blog\/#website\"},\"primaryImageOfPage\":{\"@id\":\"https:\/\/dicodusport.fr\/blog\/vtt-xco-albstadt-tom-pidcock-s-impose-en-patron\/#primaryimage\"},\"image\":{\"@id\":\"https:\/\/dicodusport.fr\/blog\/vtt-xco-albstadt-tom-pidcock-s-impose-en-patron\/#primaryimage\"},\"thumbnailUrl\":\"https:\/\/dicodusport.fr\/blog\/wp-content\/uploads\/2022\/05\/VTT-XCO-Albstadt-Tom-Pidcock-simpose-en-patron.png\",\"datePublished\":\"2022-05-08T14:05:24+00:00\",\"dateModified\":\"2022-05-08T14:19:12+00:00\",\"description\":\"COUPE DU MONDE DE VTT 2022 - Imprenable, Tom Pidcock (INEOS Grenadiers) a remport\u00e9 ce dimanche la Coupe du monde XCO d'Albstadt (Allemagne).\",\"breadcrumb\":{\"@id\":\"https:\/\/dicodusport.fr\/blog\/vtt-xco-albstadt-tom-pidcock-s-impose-en-patron\/#breadcrumb\"},\"inLanguage\":\"fr-FR\",\"potentialAction\":[{\"@type\":\"ReadAction\",\"target\":[\"https:\/\/dicodusport.fr\/blog\/vtt-xco-albstadt-tom-pidcock-s-impose-en-patron\/\"]}]},{\"@type\":\"ImageObject\",\"inLanguage\":\"fr-FR\",\"@id\":\"https:\/\/dicodusport.fr\/blog\/vtt-xco-albstadt-tom-pidcock-s-impose-en-patron\/#primaryimage\",\"url\":\"https:\/\/dicodusport.fr\/blog\/wp-content\/uploads\/2022\/05\/VTT-XCO-Albstadt-Tom-Pidcock-simpose-en-patron.png\",\"contentUrl\":\"https:\/\/dicodusport.fr\/blog\/wp-content\/uploads\/2022\/05\/VTT-XCO-Albstadt-Tom-Pidcock-simpose-en-patron.png\",\"width\":800,\"height\":445,\"caption\":\"VTT XCO Albstadt Tom Pidcock s'impose en patron\"},{\"@type\":\"BreadcrumbList\",\"@id\":\"https:\/\/dicodusport.fr\/blog\/vtt-xco-albstadt-tom-pidcock-s-impose-en-patron\/#breadcrumb\",\"itemListElement\":[{\"@type\":\"ListItem\",\"position\":1,\"name\":\"Accueil\",\"item\":\"https:\/\/dicodusport.fr\/blog\/\"},{\"@type\":\"ListItem\",\"position\":2,\"name\":\"VTT XCO Albstadt : Tom Pidcock s&rsquo;impose en patron\"}]},{\"@type\":\"WebSite\",\"@id\":\"https:\/\/dicodusport.fr\/blog\/#website\",\"url\":\"https:\/\/dicodusport.fr\/blog\/\",\"name\":\"Dicodusport\",\"description\":\"L&#039;encyclop\u00e9die de l&#039;actualit\u00e9 sportive\",\"publisher\":{\"@id\":\"https:\/\/dicodusport.fr\/blog\/#organization\"},\"potentialAction\":[{\"@type\":\"SearchAction\",\"target\":{\"@type\":\"EntryPoint\",\"urlTemplate\":\"https:\/\/dicodusport.fr\/blog\/?s={search_term_string}\"},\"query-input\":{\"@type\":\"PropertyValueSpecification\",\"valueRequired\":true,\"valueName\":\"search_term_string\"}}],\"inLanguage\":\"fr-FR\"},{\"@type\":\"NewsMediaOrganization\",\"@id\":\"https:\/\/dicodusport.fr\/blog\/#organization\",\"name\":\"Dicodusport\",\"url\":\"https:\/\/dicodusport.fr\/blog\/\",\"logo\":{\"@type\":\"ImageObject\",\"inLanguage\":\"fr-FR\",\"@id\":\"https:\/\/dicodusport.fr\/blog\/#\/schema\/logo\/image\/\",\"url\":\"https:\/\/dicodusport.fr\/blog\/wp-content\/uploads\/2020\/06\/cropped-LOGO-DICODUSPORT-2020-SANS-FOND-SANS-TEXTE.png\",\"contentUrl\":\"https:\/\/dicodusport.fr\/blog\/wp-content\/uploads\/2020\/06\/cropped-LOGO-DICODUSPORT-2020-SANS-FOND-SANS-TEXTE.png\",\"width\":512,\"height\":512,\"caption\":\"Dicodusport\"},\"image\":{\"@id\":\"https:\/\/dicodusport.fr\/blog\/#\/schema\/logo\/image\/\"},\"sameAs\":[\"https:\/\/www.facebook.com\/dicodusport\",\"https:\/\/x.com\/dicodusport\",\"https:\/\/www.instagram.com\/dicodusport\/\",\"https:\/\/www.youtube.com\/channel\/UC7V2KZ5sd3htJivAbA4ZG3w\"],\"description\":\"Dicodusport est l'encyclop\u00e9die de l'actualit\u00e9 sportive.\",\"email\":\"bonjour@dicodusport.fr\",\"legalName\":\"DICODUSPORT\",\"foundingDate\":\"2018-01-14\",\"vatID\":\"FR71834470973\",\"taxID\":\"83447097300043\",\"numberOfEmployees\":{\"@type\":\"QuantitativeValue\",\"minValue\":\"1\",\"maxValue\":\"10\"}},{\"@type\":\"Person\",\"@id\":\"https:\/\/dicodusport.fr\/blog\/#\/schema\/person\/cb02af4c173ce4a653b55e9baf388d4a\",\"name\":\"Flo Ostermann\",\"image\":{\"@type\":\"ImageObject\",\"inLanguage\":\"fr-FR\",\"@id\":\"https:\/\/dicodusport.fr\/blog\/#\/schema\/person\/image\/\",\"url\":\"https:\/\/dicodusport.fr\/blog\/wp-content\/uploads\/2021\/05\/Flo-Ostermann-150x150.jpg\",\"contentUrl\":\"https:\/\/dicodusport.fr\/blog\/wp-content\/uploads\/2021\/05\/Flo-Ostermann-150x150.jpg\",\"caption\":\"Flo Ostermann\"},\"description\":\"Journaliste\/R\u00e9dacteur depuis septembre 2015 - Mes premiers souvenirs dans le sport ? Les envol\u00e9es du Stade Toulousain et les duels Villeneuve-Schumacher et H\u00e4kkinen-Schumacher \u00e0 la fin des ann\u00e9es 90, la Coupe du monde de football en 1998, l\u2019exploit du XV de France face aux All Blacks en 1999, mais aussi Richard C\u0153ur de Lion qui vole sur les montagnes du Tour de France. Bien parti pour devenir professeur d\u2019EPS, les \u00e9v\u00e9nements de la vie (et la flemme d\u2019animer des s\u00e9ances de 3x500 m\u00e8tres toute ma vie) m\u2019ont conduit \u00e0 revoir mes plans. Me voil\u00e0 depuis fin 2017 sur Dicodusport, m\u00e9dia gr\u00e2ce (et pour) lequel je partage ma passion : le sport dans tous ses \u00e9tats. Le tout accompagn\u00e9 par les fous furieux et folles furieuses cit\u00e9s sur cette page !\",\"sameAs\":[\"https:\/\/www.facebook.com\/florent.ostermann\",\"https:\/\/x.com\/https:\/\/twitter.com\/FlOstermann\",\"admin\"],\"url\":\"https:\/\/dicodusport.fr\/blog\/author\/flo\/\"}]}<\/script>\n<!-- \/ Yoast SEO Premium plugin. -->","yoast_head_json":{"title":"VTT XCO Albstadt : Tom Pidcock s'impose en patron","description":"COUPE DU MONDE DE VTT 2022 - Imprenable, Tom Pidcock (INEOS Grenadiers) a remport\u00e9 ce dimanche la Coupe du monde XCO d'Albstadt (Allemagne).","robots":{"index":"index","follow":"follow","max-snippet":"max-snippet:-1","max-image-preview":"max-image-preview:large","max-video-preview":"max-video-preview:-1"},"canonical":"https:\/\/dicodusport.fr\/blog\/vtt-xco-albstadt-tom-pidcock-s-impose-en-patron\/","og_locale":"fr_FR","og_type":"article","og_title":"VTT XCO Albstadt : Tom Pidcock s'impose en patron","og_description":"COUPE DU MONDE DE VTT 2022 - Imprenable, Tom Pidcock (INEOS Grenadiers) a remport\u00e9 ce dimanche la Coupe du monde XCO d'Albstadt (Allemagne).","og_url":"https:\/\/dicodusport.fr\/blog\/vtt-xco-albstadt-tom-pidcock-s-impose-en-patron\/","og_site_name":"Dicodusport","article_publisher":"https:\/\/www.facebook.com\/dicodusport","article_author":"https:\/\/www.facebook.com\/florent.ostermann","article_published_time":"2022-05-08T14:05:24+00:00","article_modified_time":"2022-05-08T14:19:12+00:00","og_image":[{"width":800,"height":445,"url":"https:\/\/dicodusport.fr\/blog\/wp-content\/uploads\/2022\/05\/VTT-XCO-Albstadt-Tom-Pidcock-simpose-en-patron.png","type":"image\/png"}],"author":"Flo Ostermann","twitter_card":"summary_large_image","twitter_title":"VTT XCO Albstadt : Tom Pidcock s'impose en patron","twitter_creator":"@https:\/\/twitter.com\/FlOstermann","twitter_site":"@dicodusport","schema":{"@context":"https:\/\/schema.org","@graph":[{"@type":"NewsArticle","@id":"https:\/\/dicodusport.fr\/blog\/vtt-xco-albstadt-tom-pidcock-s-impose-en-patron\/#article","isPartOf":{"@id":"https:\/\/dicodusport.fr\/blog\/vtt-xco-albstadt-tom-pidcock-s-impose-en-patron\/"},"author":{"name":"Flo Ostermann","@id":"https:\/\/dicodusport.fr\/blog\/#\/schema\/person\/cb02af4c173ce4a653b55e9baf388d4a"},"headline":"VTT XCO Albstadt : Tom Pidcock s&rsquo;impose en patron","datePublished":"2022-05-08T14:05:24+00:00","dateModified":"2022-05-08T14:19:12+00:00","mainEntityOfPage":{"@id":"https:\/\/dicodusport.fr\/blog\/vtt-xco-albstadt-tom-pidcock-s-impose-en-patron\/"},"wordCount":196,"commentCount":0,"publisher":{"@id":"https:\/\/dicodusport.fr\/blog\/#organization"},"image":{"@id":"https:\/\/dicodusport.fr\/blog\/vtt-xco-albstadt-tom-pidcock-s-impose-en-patron\/#primaryimage"},"thumbnailUrl":"https:\/\/dicodusport.fr\/blog\/wp-content\/uploads\/2022\/05\/VTT-XCO-Albstadt-Tom-Pidcock-simpose-en-patron.png","keywords":["Coupe du monde de VTT","Cyclisme","VTT Albstadt"],"articleSection":["VTT"],"inLanguage":"fr-FR","potentialAction":[{"@type":"CommentAction","name":"Comment","target":["https:\/\/dicodusport.fr\/blog\/vtt-xco-albstadt-tom-pidcock-s-impose-en-patron\/#respond"]}],"copyrightYear":"2022","copyrightHolder":{"@id":"https:\/\/dicodusport.fr\/blog\/#organization"}},{"@type":"WebPage","@id":"https:\/\/dicodusport.fr\/blog\/vtt-xco-albstadt-tom-pidcock-s-impose-en-patron\/","url":"https:\/\/dicodusport.fr\/blog\/vtt-xco-albstadt-tom-pidcock-s-impose-en-patron\/","name":"VTT XCO Albstadt : Tom Pidcock s'impose en patron","isPartOf":{"@id":"https:\/\/dicodusport.fr\/blog\/#website"},"primaryImageOfPage":{"@id":"https:\/\/dicodusport.fr\/blog\/vtt-xco-albstadt-tom-pidcock-s-impose-en-patron\/#primaryimage"},"image":{"@id":"https:\/\/dicodusport.fr\/blog\/vtt-xco-albstadt-tom-pidcock-s-impose-en-patron\/#primaryimage"},"thumbnailUrl":"https:\/\/dicodusport.fr\/blog\/wp-content\/uploads\/2022\/05\/VTT-XCO-Albstadt-Tom-Pidcock-simpose-en-patron.png","datePublished":"2022-05-08T14:05:24+00:00","dateModified":"2022-05-08T14:19:12+00:00","description":"COUPE DU MONDE DE VTT 2022 - Imprenable, Tom Pidcock (INEOS Grenadiers) a remport\u00e9 ce dimanche la Coupe du monde XCO d'Albstadt (Allemagne).","breadcrumb":{"@id":"https:\/\/dicodusport.fr\/blog\/vtt-xco-albstadt-tom-pidcock-s-impose-en-patron\/#breadcrumb"},"inLanguage":"fr-FR","potentialAction":[{"@type":"ReadAction","target":["https:\/\/dicodusport.fr\/blog\/vtt-xco-albstadt-tom-pidcock-s-impose-en-patron\/"]}]},{"@type":"ImageObject","inLanguage":"fr-FR","@id":"https:\/\/dicodusport.fr\/blog\/vtt-xco-albstadt-tom-pidcock-s-impose-en-patron\/#primaryimage","url":"https:\/\/dicodusport.fr\/blog\/wp-content\/uploads\/2022\/05\/VTT-XCO-Albstadt-Tom-Pidcock-simpose-en-patron.png","contentUrl":"https:\/\/dicodusport.fr\/blog\/wp-content\/uploads\/2022\/05\/VTT-XCO-Albstadt-Tom-Pidcock-simpose-en-patron.png","width":800,"height":445,"caption":"VTT XCO Albstadt Tom Pidcock s'impose en patron"},{"@type":"BreadcrumbList","@id":"https:\/\/dicodusport.fr\/blog\/vtt-xco-albstadt-tom-pidcock-s-impose-en-patron\/#breadcrumb","itemListElement":[{"@type":"ListItem","position":1,"name":"Accueil","item":"https:\/\/dicodusport.fr\/blog\/"},{"@type":"ListItem","position":2,"name":"VTT XCO Albstadt : Tom Pidcock s&rsquo;impose en patron"}]},{"@type":"WebSite","@id":"https:\/\/dicodusport.fr\/blog\/#website","url":"https:\/\/dicodusport.fr\/blog\/","name":"Dicodusport","description":"L&#039;encyclop\u00e9die de l&#039;actualit\u00e9 sportive","publisher":{"@id":"https:\/\/dicodusport.fr\/blog\/#organization"},"potentialAction":[{"@type":"SearchAction","target":{"@type":"EntryPoint","urlTemplate":"https:\/\/dicodusport.fr\/blog\/?s={search_term_string}"},"query-input":{"@type":"PropertyValueSpecification","valueRequired":true,"valueName":"search_term_string"}}],"inLanguage":"fr-FR"},{"@type":"NewsMediaOrganization","@id":"https:\/\/dicodusport.fr\/blog\/#organization","name":"Dicodusport","url":"https:\/\/dicodusport.fr\/blog\/","logo":{"@type":"ImageObject","inLanguage":"fr-FR","@id":"https:\/\/dicodusport.fr\/blog\/#\/schema\/logo\/image\/","url":"https:\/\/dicodusport.fr\/blog\/wp-content\/uploads\/2020\/06\/cropped-LOGO-DICODUSPORT-2020-SANS-FOND-SANS-TEXTE.png","contentUrl":"https:\/\/dicodusport.fr\/blog\/wp-content\/uploads\/2020\/06\/cropped-LOGO-DICODUSPORT-2020-SANS-FOND-SANS-TEXTE.png","width":512,"height":512,"caption":"Dicodusport"},"image":{"@id":"https:\/\/dicodusport.fr\/blog\/#\/schema\/logo\/image\/"},"sameAs":["https:\/\/www.facebook.com\/dicodusport","https:\/\/x.com\/dicodusport","https:\/\/www.instagram.com\/dicodusport\/","https:\/\/www.youtube.com\/channel\/UC7V2KZ5sd3htJivAbA4ZG3w"],"description":"Dicodusport est l'encyclop\u00e9die de l'actualit\u00e9 sportive.","email":"bonjour@dicodusport.fr","legalName":"DICODUSPORT","foundingDate":"2018-01-14","vatID":"FR71834470973","taxID":"83447097300043","numberOfEmployees":{"@type":"QuantitativeValue","minValue":"1","maxValue":"10"}},{"@type":"Person","@id":"https:\/\/dicodusport.fr\/blog\/#\/schema\/person\/cb02af4c173ce4a653b55e9baf388d4a","name":"Flo Ostermann","image":{"@type":"ImageObject","inLanguage":"fr-FR","@id":"https:\/\/dicodusport.fr\/blog\/#\/schema\/person\/image\/","url":"https:\/\/dicodusport.fr\/blog\/wp-content\/uploads\/2021\/05\/Flo-Ostermann-150x150.jpg","contentUrl":"https:\/\/dicodusport.fr\/blog\/wp-content\/uploads\/2021\/05\/Flo-Ostermann-150x150.jpg","caption":"Flo Ostermann"},"description":"Journaliste\/R\u00e9dacteur depuis septembre 2015 - Mes premiers souvenirs dans le sport ? Les envol\u00e9es du Stade Toulousain et les duels Villeneuve-Schumacher et H\u00e4kkinen-Schumacher \u00e0 la fin des ann\u00e9es 90, la Coupe du monde de football en 1998, l\u2019exploit du XV de France face aux All Blacks en 1999, mais aussi Richard C\u0153ur de Lion qui vole sur les montagnes du Tour de France. Bien parti pour devenir professeur d\u2019EPS, les \u00e9v\u00e9nements de la vie (et la flemme d\u2019animer des s\u00e9ances de 3x500 m\u00e8tres toute ma vie) m\u2019ont conduit \u00e0 revoir mes plans. Me voil\u00e0 depuis fin 2017 sur Dicodusport, m\u00e9dia gr\u00e2ce (et pour) lequel je partage ma passion : le sport dans tous ses \u00e9tats. Le tout accompagn\u00e9 par les fous furieux et folles furieuses cit\u00e9s sur cette page !","sameAs":["https:\/\/www.facebook.com\/florent.ostermann","https:\/\/x.com\/https:\/\/twitter.com\/FlOstermann","admin"],"url":"https:\/\/dicodusport.fr\/blog\/author\/flo\/"}]}},"_links":{"self":[{"href":"https:\/\/dicodusport.fr\/blog\/wp-json\/wp\/v2\/posts\/222096","targetHints":{"allow":["GET"]}}],"collection":[{"href":"https:\/\/dicodusport.fr\/blog\/wp-json\/wp\/v2\/posts"}],"about":[{"href":"https:\/\/dicodusport.fr\/blog\/wp-json\/wp\/v2\/types\/post"}],"author":[{"embeddable":true,"href":"https:\/\/dicodusport.fr\/blog\/wp-json\/wp\/v2\/users\/4"}],"replies":[{"embeddable":true,"href":"https:\/\/dicodusport.fr\/blog\/wp-json\/wp\/v2\/comments?post=222096"}],"version-history":[{"count":0,"href":"https:\/\/dicodusport.fr\/blog\/wp-json\/wp\/v2\/posts\/222096\/revisions"}],"wp:featuredmedia":[{"embeddable":true,"href":"https:\/\/dicodusport.fr\/blog\/wp-json\/wp\/v2\/media\/222137"}],"wp:attachment":[{"href":"https:\/\/dicodusport.fr\/blog\/wp-json\/wp\/v2\/media?parent=222096"}],"wp:term":[{"taxonomy":"category","embeddable":true,"href":"https:\/\/dicodusport.fr\/blog\/wp-json\/wp\/v2\/categories?post=222096"},{"taxonomy":"post_tag","embeddable":true,"href":"https:\/\/dicodusport.fr\/blog\/wp-json\/wp\/v2\/tags?post=222096"}],"curies":[{"name":"wp","href":"https:\/\/api.w.org\/{rel}","templated":true}]}}