{"id":222121,"date":"2022-05-08T17:09:20","date_gmt":"2022-05-08T15:09:20","guid":{"rendered":"https:\/\/dicodusport.fr\/blog\/?p=222121&#038;preview=true&#038;preview_id=222121"},"modified":"2022-05-08T17:32:45","modified_gmt":"2022-05-08T15:32:45","slug":"4-jours-de-dunkerque-philippe-gilbert-sacre-la-derniere-etape-pour-thijssen","status":"publish","type":"post","link":"https:\/\/dicodusport.fr\/blog\/4-jours-de-dunkerque-philippe-gilbert-sacre-la-derniere-etape-pour-thijssen\/","title":{"rendered":"4 Jours de Dunkerque : Philippe Gilbert sacr\u00e9, la derni\u00e8re \u00e9tape pour Thijssen"},"content":{"rendered":"<p style=\"text-align: justify;\"><b><i>4 JOURS DE DUNKERQUE 2022, 6\u00c8ME ETAPE &#8211; On attendait un \u00e9ni\u00e8me changement au classement g\u00e9n\u00e9ral, il n&rsquo;a pas eu lieu. A Dunkerque, c&rsquo;est le Belge Gerben Thijssen (Intermarch\u00e9-Wanty-Gobert) qui s&rsquo;est impos\u00e9 sur cette derni\u00e8re \u00e9tape au sprint, apr\u00e8s avoir fait deuxi\u00e8me et troisi\u00e8me cette semaine. Hugo Hofstetter (Ark\u00e9a-Samsic) et Lorrenzo Manzin (TotalEnergies) compl\u00e8tent le podium, tandis que Philippe Gilbert n&rsquo;a pas \u00e9t\u00e9 mis en danger et remporte le classement g\u00e9n\u00e9ral de cette 66\u00e8me \u00e9dition.\u00a0<\/i><\/b><\/p>\n<p style=\"text-align: justify;\">L&rsquo;\u00e9pilogue de cette 66\u1d49 \u00e9dition des 4 Jours de Dunkerque nous promettait du grand spectacle \u00e0 tous les niveaux. Outre la victoire d&rsquo;\u00e9tape promise aux sprinteurs, tout restait \u00e0 faire pour le classement g\u00e9n\u00e9ral. Hier, au Mont Cassel, <strong>Philippe Gilbert<\/strong> a pris le leadership du g\u00e9n\u00e9ral apr\u00e8s sa quatri\u00e8me place sur l&rsquo;\u00e9tape. N\u00e9anmoins, le v\u00e9t\u00e9ran de la Lotto-Soudal devait se m\u00e9fier d&rsquo;<strong>Oliver Naesen<\/strong>, <strong>Baptiste Planckaert<\/strong> et surtout de <strong>Jake Stewart<\/strong>, puisque le sprinteur britannique de la Groupama-FDJ pointait ce matin \u00e0 5\u2009secondes du Belge. Sur cette derni\u00e8re \u00e9tape entre Ardres et Dunkerque, neuf secondes de bonifications \u00e9taient distribu\u00e9es, tandis que le vainqueur du jour pouvait glaner dix secondes de bonifs&rsquo; sur la ligne. Toute la question \u00e9tait donc de savoir si nous allions assister \u00e0 un sixi\u00e8me changement de leader en six jours.<\/p>\n<h2 style=\"text-align: justify;\">Pas de bagarre pour les bonifications<\/h2>\n<p style=\"text-align: justify;\">L&rsquo;\u00e9chapp\u00e9e s&rsquo;est compos\u00e9e durant le passage au Mont de Fiennes o\u00f9 six hommes ont fauss\u00e9 compagnie au peloton. <strong>Alexis Renard<\/strong> (Cofidis), <strong>Fabien Lienhard<\/strong> (Groupama-FDJ), <strong>Gilles de Wilde<\/strong> (Sport Vlaanderen), <strong>Juraj Sagan<\/strong> (TotalEnergies), <strong>Joris Delbove<\/strong> (St-Michel Auber 93) et <strong>Leo Dan\u00e8s<\/strong> (Team U Nantes Atlantique) formaient de ce fait l&rsquo;\u00e9chapp\u00e9e du jour. Compte tenu de la pr\u00e9sence de <strong>Joris Delbove<\/strong> dans cette \u00e9chapp\u00e9e, point\u00e9 \u00e0 48 secondes de <strong>Philippe Gilbert<\/strong> au g\u00e9n\u00e9ral ce matin, le peloton ne pouvait pas laisser trop de champ \u00e0 cette \u00e9chapp\u00e9e.<\/p>\n<p style=\"text-align: justify;\">Par cons\u00e9quent, l&rsquo;\u00e9cart entre les six fuyards et le peloton n&rsquo;a jamais d\u00e9pass\u00e9 les trois minutes, les Lotto-Soudal et les AG2R Citro\u00ebn se chargeaient de mener la poursuite. En raison du nombre cons\u00e9quent d&rsquo;\u00e9chapp\u00e9s, ni <strong>Oliver Naesen<\/strong>, ni <strong>Baptiste Planckaert<\/strong> ou encore <strong>Jake Stewart<\/strong> n&rsquo;ont pu prendre des bonifications \u00e0 Licques, \u00e0 Nortkerque et \u00e0 Dunkerque pour grappiller des secondes pr\u00e9cieuses. \u00c0 quarante kilom\u00e8tres de l&rsquo;arriv\u00e9e, ils n&rsquo;\u00e9taient plus que cinq devant puisque <strong>Leo Dan\u00e8s<\/strong> et <strong>Juraj Sagan<\/strong> ont \u00e9t\u00e9 distanc\u00e9s par leurs compagnons d&rsquo;\u00e9chapp\u00e9e et ont \u00e9t\u00e9 aval\u00e9s par le peloton, men\u00e9 par les Bingoal Pauwels de <b>Stanis\u0142aw<\/b>\u00a0<b>Anio\u0142kowski, <\/b>deuxi\u00e8me de l&rsquo;\u00e9tape \u00e0 Aire-sur-la-Lys.<\/p>\n<blockquote class=\"twitter-tweet\">\n<p dir=\"ltr\" lang=\"fr\">&#x1f3c1; Km 164,900<br \/>\nSepti\u00e8me passage sur la ligne d\u2019arriv\u00e9e. 18 Km \u00e0 parcourir. <a href=\"https:\/\/twitter.com\/hashtag\/4JDD?src=hash&amp;ref_src=twsrc%5Etfw\">#4JDD<\/a> <a href=\"https:\/\/t.co\/vHG3hjRZNF\">pic.twitter.com\/vHG3hjRZNF<\/a><\/p>\n<p>\u2014 4 Jours de Dunkerque \/ GP des Hauts-de-France (@4JDDunkerque) <a href=\"https:\/\/twitter.com\/4JDDunkerque\/status\/1523310433310244864?ref_src=twsrc%5Etfw\">May 8, 2022<\/a><\/p><\/blockquote>\n<p><script async src=\"https:\/\/platform.twitter.com\/widgets.js\" charset=\"utf-8\"><\/script><\/p>\n<h2 style=\"text-align: justify;\">Le coup du kilom\u00e8tre pour Maciej Bodnar<\/h2>\n<p style=\"text-align: justify;\">\u00c0 l&rsquo;amorce des deux derniers tours du circuit final, les cinq derniers \u00e9chapp\u00e9s matinaux jouaient leur va-tout et poss\u00e9daient encore une trentaine de secondes d&rsquo;avance sur le peloton qui g\u00e9rait son effort. Dans les dix derniers kilom\u00e8tres, tous les coureurs \u00e9chapp\u00e9s ont \u00e9t\u00e9 repris, \u00e0 l&rsquo;exception d&rsquo;<strong>Alexis Renard<\/strong> et de<strong> Gilles de Wilde<\/strong> qui faisaient de la r\u00e9sistance, apr\u00e8s plus de 160 km en t\u00eate de course. Malheureusement, les deux fuyards ont \u00e9t\u00e9 repris peu avant le portique indiquant les cinq derniers kilom\u00e8tres de course. <strong>Philippe Gilbert<\/strong> \u00e9tait bien pr\u00e9sent en t\u00eate du peloton, l&rsquo;ancien champion du monde ne voulait pas \u00eatre pris par une chute et \u00e9tait prot\u00e9g\u00e9 par ses \u00e9quipiers. On se dirigeait alors vers un sprint massif, et les \u00e9quipes de sprinteurs pla\u00e7aient leurs pions telle une partie d&rsquo;\u00e9checs.<\/p>\n<p style=\"text-align: justify;\">Aux deux kilom\u00e8tres, <strong>Maciej Bodnar<\/strong> (TotalEnergies) a tent\u00e9 sa chance en solo, lui qui n&rsquo;a pas plus gagn\u00e9 depuis pr\u00e8s de 330 jours et une victoire sur le contre-la-montre national. \u00c0 la flamme rouge, le rouleur polonais a \u00e9t\u00e9 repris et des cassures ont eu lieu en t\u00eate. En bon sprinteur, <strong>Gerben Thijssen<\/strong> (Intermarch\u00e9-Wanty-Gobert) a lanc\u00e9 de loin et s&rsquo;est impos\u00e9 de deux roues devant <strong>Hugo Hofstetter<\/strong>. <strong>Lorrenzo Manzin<\/strong> compl\u00e8te le podium. Apr\u00e8s une deuxi\u00e8me place \u00e0 Maubeuge et une troisi\u00e8me place \u00e0 Aire-sur-la-Lys, le Belge l\u00e8ve enfin les bras cette semaine et remporte sa premi\u00e8re victoire chez les professionnels. Finalement, la journ\u00e9e a \u00e9t\u00e9 plut\u00f4t tranquille pour <strong>Philippe Gilbert<\/strong>, qui n&rsquo;a pas \u00e9t\u00e9 inqui\u00e9t\u00e9 durant ces 182 km. Du haut de ses 39 ans, le champion belge remporte l\u00e0 son 80\u1d49 bouquet en carri\u00e8re et succ\u00e8de \u00e0 Mike Teunissen au palmar\u00e8s de cette course. <strong>Oliver Naesen<\/strong> termine deuxi\u00e8me du classement g\u00e9n\u00e9ral, devant <strong>Jake Stewart.\u00a0<\/strong><\/p>\n<blockquote class=\"twitter-tweet\">\n<p dir=\"ltr\" lang=\"fr\">Gerben Thijssen (Intermarch\u00e9 Wanty Gobert) a remport\u00e9 au sprint la derni\u00e8re \u00e9tape des <a href=\"https:\/\/twitter.com\/hashtag\/4joursdedunkerque?src=hash&amp;ref_src=twsrc%5Etfw\">#4joursdedunkerque<\/a> devant Hugo Hofstetter et Lorrenzo Manzin. Philippe Gilbert remporte le g\u00e9n\u00e9ral <a href=\"https:\/\/twitter.com\/hashtag\/4jdd?src=hash&amp;ref_src=twsrc%5Etfw\">#4jdd<\/a> <a href=\"https:\/\/twitter.com\/hashtag\/cyclisme?src=hash&amp;ref_src=twsrc%5Etfw\">#cyclisme<\/a> <a href=\"https:\/\/twitter.com\/hashtag\/wielrennen?src=hash&amp;ref_src=twsrc%5Etfw\">#wielrennen<\/a> <a href=\"https:\/\/t.co\/6lD57a7qqI\">pic.twitter.com\/6lD57a7qqI<\/a><\/p>\n<p>\u2014 Les Rois du Peloton (@LRoisDuPeloton) <a href=\"https:\/\/twitter.com\/LRoisDuPeloton\/status\/1523318647632146434?ref_src=twsrc%5Etfw\">May 8, 2022<\/a><\/p><\/blockquote>\n<p><script async src=\"https:\/\/platform.twitter.com\/widgets.js\" charset=\"utf-8\"><\/script><\/p>\n<h2 style=\"text-align: justify;\"><strong>\u00c0 lire aussi<\/strong><\/h2>\n<ul>\n<li style=\"text-align: justify;\"><a href=\"https:\/\/dicodusport.fr\/blog\/4-jours-de-dunkerque-2022-classement-6eme-etape\/\"><strong>Classement de la 6\u00e8me \u00e9tape<\/strong><\/a><\/li>\n<li style=\"text-align: justify;\"><a href=\"https:\/\/dicodusport.fr\/blog\/4-jours-de-dunkerque-2022-classement-general\/\"><strong>Classement g\u00e9n\u00e9ral des 4 Jours de Dunkerque<\/strong><\/a><\/li>\n<\/ul>\n","protected":false},"excerpt":{"rendered":"<p>4 JOURS DE DUNKERQUE 2022, 6\u00c8ME ETAPE &#8211; On attendait un \u00e9ni\u00e8me changement au classement g\u00e9n\u00e9ral, il n&rsquo;a pas eu lieu. A Dunkerque, c&rsquo;est le Belge Gerben Thijssen (Intermarch\u00e9-Wanty-Gobert) qui s&rsquo;est impos\u00e9 sur cette derni\u00e8re \u00e9tape au sprint, apr\u00e8s avoir fait deuxi\u00e8me et troisi\u00e8me cette semaine. Hugo Hofstetter (Ark\u00e9a-Samsic) et Lorrenzo Manzin (TotalEnergies) compl\u00e8tent le podium, tandis que Philippe Gilbert n&rsquo;a pas \u00e9t\u00e9 mis en danger et remporte le classement g\u00e9n\u00e9ral de cette 66\u00e8me \u00e9dition.\u00a0<\/p>\n","protected":false},"author":42,"featured_media":222169,"comment_status":"open","ping_status":"closed","sticky":false,"template":"","format":"standard","meta":{"_acf_changed":false,"_daextam_enable_autolinks":"","footnotes":""},"categories":[46994],"tags":[16502],"class_list":["post-222121","post","type-post","status-publish","format-standard","has-post-thumbnail","hentry","category-cyclisme-sur-route","tag-dunkerque"],"acf":[],"yoast_head":"<!-- This site is optimized with the Yoast SEO Premium plugin v26.7 (Yoast SEO v26.7) - https:\/\/yoast.com\/wordpress\/plugins\/seo\/ -->\n<title>- 4 Jours de Dunkerque : Philippe Gilbert sacr\u00e9, la derni\u00e8re \u00e9tape pour Thijssen - Dicodusport<\/title>\n<meta name=\"description\" content=\"4 JOURS DE DUNKERQUE 2022, 6\u00c8ME ETAPE - Gerben Thijssen s&#039;est impos\u00e9 sur cette derni\u00e8re \u00e9tape, le g\u00e9n\u00e9ral pour Philippe Gilbert.\" \/>\n<meta name=\"robots\" content=\"index, follow, max-snippet:-1, max-image-preview:large, max-video-preview:-1\" \/>\n<link rel=\"canonical\" href=\"https:\/\/dicodusport.fr\/blog\/4-jours-de-dunkerque-philippe-gilbert-sacre-la-derniere-etape-pour-thijssen\/\" \/>\n<meta property=\"og:locale\" content=\"fr_FR\" \/>\n<meta property=\"og:type\" content=\"article\" \/>\n<meta property=\"og:title\" content=\"4 Jours de Dunkerque : Philippe Gilbert sacr\u00e9, la derni\u00e8re \u00e9tape pour Thijssen\" \/>\n<meta property=\"og:description\" content=\"4 JOURS DE DUNKERQUE 2022, 6\u00c8ME ETAPE - Gerben Thijssen s&#039;est impos\u00e9 sur cette derni\u00e8re \u00e9tape, le g\u00e9n\u00e9ral pour Philippe Gilbert.\" \/>\n<meta property=\"og:url\" content=\"https:\/\/dicodusport.fr\/blog\/4-jours-de-dunkerque-philippe-gilbert-sacre-la-derniere-etape-pour-thijssen\/\" \/>\n<meta property=\"og:site_name\" content=\"Dicodusport\" \/>\n<meta property=\"article:publisher\" content=\"https:\/\/www.facebook.com\/dicodusport\" \/>\n<meta property=\"article:published_time\" content=\"2022-05-08T15:09:20+00:00\" \/>\n<meta property=\"article:modified_time\" content=\"2022-05-08T15:32:45+00:00\" \/>\n<meta property=\"og:image\" content=\"https:\/\/dicodusport.fr\/blog\/wp-content\/uploads\/2022\/05\/4-Jours-de-Dunkerque-Philippe-Gilbert-sacre-la-derniere-etape-pour-Thijssen.png\" \/>\n\t<meta property=\"og:image:width\" content=\"800\" \/>\n\t<meta property=\"og:image:height\" content=\"445\" \/>\n\t<meta property=\"og:image:type\" content=\"image\/png\" \/>\n<meta name=\"author\" content=\"Nicolas Mezine\" \/>\n<meta name=\"twitter:card\" content=\"summary_large_image\" \/>\n<meta name=\"twitter:title\" content=\"4 Jours de Dunkerque : Philippe Gilbert sacr\u00e9, la derni\u00e8re \u00e9tape pour Thijssen\" \/>\n<meta name=\"twitter:creator\" content=\"@https:\/\/twitter.com\/Lbiji13\" \/>\n<meta name=\"twitter:site\" content=\"@dicodusport\" \/>\n<script type=\"application\/ld+json\" class=\"yoast-schema-graph\">{\"@context\":\"https:\/\/schema.org\",\"@graph\":[{\"@type\":\"NewsArticle\",\"@id\":\"https:\/\/dicodusport.fr\/blog\/4-jours-de-dunkerque-philippe-gilbert-sacre-la-derniere-etape-pour-thijssen\/#article\",\"isPartOf\":{\"@id\":\"https:\/\/dicodusport.fr\/blog\/4-jours-de-dunkerque-philippe-gilbert-sacre-la-derniere-etape-pour-thijssen\/\"},\"author\":{\"name\":\"Nicolas Mezine\",\"@id\":\"https:\/\/dicodusport.fr\/blog\/#\/schema\/person\/99fcf31b3ee0d51fed53ade78139bbbf\"},\"headline\":\"4 Jours de Dunkerque : Philippe Gilbert sacr\u00e9, la derni\u00e8re \u00e9tape pour Thijssen\",\"datePublished\":\"2022-05-08T15:09:20+00:00\",\"dateModified\":\"2022-05-08T15:32:45+00:00\",\"mainEntityOfPage\":{\"@id\":\"https:\/\/dicodusport.fr\/blog\/4-jours-de-dunkerque-philippe-gilbert-sacre-la-derniere-etape-pour-thijssen\/\"},\"wordCount\":880,\"commentCount\":0,\"publisher\":{\"@id\":\"https:\/\/dicodusport.fr\/blog\/#organization\"},\"image\":{\"@id\":\"https:\/\/dicodusport.fr\/blog\/4-jours-de-dunkerque-philippe-gilbert-sacre-la-derniere-etape-pour-thijssen\/#primaryimage\"},\"thumbnailUrl\":\"https:\/\/dicodusport.fr\/blog\/wp-content\/uploads\/2022\/05\/4-Jours-de-Dunkerque-Philippe-Gilbert-sacre-la-derniere-etape-pour-Thijssen.png\",\"keywords\":[\"Dunkerque\"],\"articleSection\":[\"Cyclisme sur route\"],\"inLanguage\":\"fr-FR\",\"potentialAction\":[{\"@type\":\"CommentAction\",\"name\":\"Comment\",\"target\":[\"https:\/\/dicodusport.fr\/blog\/4-jours-de-dunkerque-philippe-gilbert-sacre-la-derniere-etape-pour-thijssen\/#respond\"]}],\"copyrightYear\":\"2022\",\"copyrightHolder\":{\"@id\":\"https:\/\/dicodusport.fr\/blog\/#organization\"}},{\"@type\":\"WebPage\",\"@id\":\"https:\/\/dicodusport.fr\/blog\/4-jours-de-dunkerque-philippe-gilbert-sacre-la-derniere-etape-pour-thijssen\/\",\"url\":\"https:\/\/dicodusport.fr\/blog\/4-jours-de-dunkerque-philippe-gilbert-sacre-la-derniere-etape-pour-thijssen\/\",\"name\":\"- 4 Jours de Dunkerque : Philippe Gilbert sacr\u00e9, la derni\u00e8re \u00e9tape pour Thijssen - Dicodusport\",\"isPartOf\":{\"@id\":\"https:\/\/dicodusport.fr\/blog\/#website\"},\"primaryImageOfPage\":{\"@id\":\"https:\/\/dicodusport.fr\/blog\/4-jours-de-dunkerque-philippe-gilbert-sacre-la-derniere-etape-pour-thijssen\/#primaryimage\"},\"image\":{\"@id\":\"https:\/\/dicodusport.fr\/blog\/4-jours-de-dunkerque-philippe-gilbert-sacre-la-derniere-etape-pour-thijssen\/#primaryimage\"},\"thumbnailUrl\":\"https:\/\/dicodusport.fr\/blog\/wp-content\/uploads\/2022\/05\/4-Jours-de-Dunkerque-Philippe-Gilbert-sacre-la-derniere-etape-pour-Thijssen.png\",\"datePublished\":\"2022-05-08T15:09:20+00:00\",\"dateModified\":\"2022-05-08T15:32:45+00:00\",\"description\":\"4 JOURS DE DUNKERQUE 2022, 6\u00c8ME ETAPE - Gerben Thijssen s'est impos\u00e9 sur cette derni\u00e8re \u00e9tape, le g\u00e9n\u00e9ral pour Philippe Gilbert.\",\"breadcrumb\":{\"@id\":\"https:\/\/dicodusport.fr\/blog\/4-jours-de-dunkerque-philippe-gilbert-sacre-la-derniere-etape-pour-thijssen\/#breadcrumb\"},\"inLanguage\":\"fr-FR\",\"potentialAction\":[{\"@type\":\"ReadAction\",\"target\":[\"https:\/\/dicodusport.fr\/blog\/4-jours-de-dunkerque-philippe-gilbert-sacre-la-derniere-etape-pour-thijssen\/\"]}]},{\"@type\":\"ImageObject\",\"inLanguage\":\"fr-FR\",\"@id\":\"https:\/\/dicodusport.fr\/blog\/4-jours-de-dunkerque-philippe-gilbert-sacre-la-derniere-etape-pour-thijssen\/#primaryimage\",\"url\":\"https:\/\/dicodusport.fr\/blog\/wp-content\/uploads\/2022\/05\/4-Jours-de-Dunkerque-Philippe-Gilbert-sacre-la-derniere-etape-pour-Thijssen.png\",\"contentUrl\":\"https:\/\/dicodusport.fr\/blog\/wp-content\/uploads\/2022\/05\/4-Jours-de-Dunkerque-Philippe-Gilbert-sacre-la-derniere-etape-pour-Thijssen.png\",\"width\":800,\"height\":445,\"caption\":\"4 Jours de Dunkerque Philippe Gilbert sacr\u00e9, la derni\u00e8re \u00e9tape pour Thijssen\"},{\"@type\":\"BreadcrumbList\",\"@id\":\"https:\/\/dicodusport.fr\/blog\/4-jours-de-dunkerque-philippe-gilbert-sacre-la-derniere-etape-pour-thijssen\/#breadcrumb\",\"itemListElement\":[{\"@type\":\"ListItem\",\"position\":1,\"name\":\"Accueil\",\"item\":\"https:\/\/dicodusport.fr\/blog\/\"},{\"@type\":\"ListItem\",\"position\":2,\"name\":\"4 Jours de Dunkerque : Philippe Gilbert sacr\u00e9, la derni\u00e8re \u00e9tape pour Thijssen\"}]},{\"@type\":\"WebSite\",\"@id\":\"https:\/\/dicodusport.fr\/blog\/#website\",\"url\":\"https:\/\/dicodusport.fr\/blog\/\",\"name\":\"Dicodusport\",\"description\":\"L&#039;encyclop\u00e9die de l&#039;actualit\u00e9 sportive\",\"publisher\":{\"@id\":\"https:\/\/dicodusport.fr\/blog\/#organization\"},\"potentialAction\":[{\"@type\":\"SearchAction\",\"target\":{\"@type\":\"EntryPoint\",\"urlTemplate\":\"https:\/\/dicodusport.fr\/blog\/?s={search_term_string}\"},\"query-input\":{\"@type\":\"PropertyValueSpecification\",\"valueRequired\":true,\"valueName\":\"search_term_string\"}}],\"inLanguage\":\"fr-FR\"},{\"@type\":\"NewsMediaOrganization\",\"@id\":\"https:\/\/dicodusport.fr\/blog\/#organization\",\"name\":\"Dicodusport\",\"url\":\"https:\/\/dicodusport.fr\/blog\/\",\"logo\":{\"@type\":\"ImageObject\",\"inLanguage\":\"fr-FR\",\"@id\":\"https:\/\/dicodusport.fr\/blog\/#\/schema\/logo\/image\/\",\"url\":\"https:\/\/dicodusport.fr\/blog\/wp-content\/uploads\/2020\/06\/cropped-LOGO-DICODUSPORT-2020-SANS-FOND-SANS-TEXTE.png\",\"contentUrl\":\"https:\/\/dicodusport.fr\/blog\/wp-content\/uploads\/2020\/06\/cropped-LOGO-DICODUSPORT-2020-SANS-FOND-SANS-TEXTE.png\",\"width\":512,\"height\":512,\"caption\":\"Dicodusport\"},\"image\":{\"@id\":\"https:\/\/dicodusport.fr\/blog\/#\/schema\/logo\/image\/\"},\"sameAs\":[\"https:\/\/www.facebook.com\/dicodusport\",\"https:\/\/x.com\/dicodusport\",\"https:\/\/www.instagram.com\/dicodusport\/\",\"https:\/\/www.youtube.com\/channel\/UC7V2KZ5sd3htJivAbA4ZG3w\"],\"description\":\"Dicodusport est l'encyclop\u00e9die de l'actualit\u00e9 sportive.\",\"email\":\"bonjour@dicodusport.fr\",\"legalName\":\"DICODUSPORT\",\"foundingDate\":\"2018-01-14\",\"vatID\":\"FR71834470973\",\"taxID\":\"83447097300043\",\"numberOfEmployees\":{\"@type\":\"QuantitativeValue\",\"minValue\":\"1\",\"maxValue\":\"10\"}},{\"@type\":\"Person\",\"@id\":\"https:\/\/dicodusport.fr\/blog\/#\/schema\/person\/99fcf31b3ee0d51fed53ade78139bbbf\",\"name\":\"Nicolas Mezine\",\"image\":{\"@type\":\"ImageObject\",\"inLanguage\":\"fr-FR\",\"@id\":\"https:\/\/dicodusport.fr\/blog\/#\/schema\/person\/image\/\",\"url\":\"https:\/\/dicodusport.fr\/blog\/wp-content\/uploads\/2021\/09\/IMG_4655-e1631787111223-150x150.jpg\",\"contentUrl\":\"https:\/\/dicodusport.fr\/blog\/wp-content\/uploads\/2021\/09\/IMG_4655-e1631787111223-150x150.jpg\",\"caption\":\"Nicolas Mezine\"},\"description\":\"Passionn\u00e9 de sport, notamment de rugby dans toutes ses variantes (XV, XIII et VII). Fan du RC Toulon et de l'Olympique de Marseille.\",\"sameAs\":[\"https:\/\/www.linkedin.com\/in\/nicolas-mezine-521380160\/\",\"https:\/\/x.com\/https:\/\/twitter.com\/Lbiji13\"],\"url\":\"https:\/\/dicodusport.fr\/blog\/author\/nicolas-m\/\"}]}<\/script>\n<!-- \/ Yoast SEO Premium plugin. -->","yoast_head_json":{"title":"- 4 Jours de Dunkerque : Philippe Gilbert sacr\u00e9, la derni\u00e8re \u00e9tape pour Thijssen - Dicodusport","description":"4 JOURS DE DUNKERQUE 2022, 6\u00c8ME ETAPE - Gerben Thijssen s'est impos\u00e9 sur cette derni\u00e8re \u00e9tape, le g\u00e9n\u00e9ral pour Philippe Gilbert.","robots":{"index":"index","follow":"follow","max-snippet":"max-snippet:-1","max-image-preview":"max-image-preview:large","max-video-preview":"max-video-preview:-1"},"canonical":"https:\/\/dicodusport.fr\/blog\/4-jours-de-dunkerque-philippe-gilbert-sacre-la-derniere-etape-pour-thijssen\/","og_locale":"fr_FR","og_type":"article","og_title":"4 Jours de Dunkerque : Philippe Gilbert sacr\u00e9, la derni\u00e8re \u00e9tape pour Thijssen","og_description":"4 JOURS DE DUNKERQUE 2022, 6\u00c8ME ETAPE - Gerben Thijssen s'est impos\u00e9 sur cette derni\u00e8re \u00e9tape, le g\u00e9n\u00e9ral pour Philippe Gilbert.","og_url":"https:\/\/dicodusport.fr\/blog\/4-jours-de-dunkerque-philippe-gilbert-sacre-la-derniere-etape-pour-thijssen\/","og_site_name":"Dicodusport","article_publisher":"https:\/\/www.facebook.com\/dicodusport","article_published_time":"2022-05-08T15:09:20+00:00","article_modified_time":"2022-05-08T15:32:45+00:00","og_image":[{"width":800,"height":445,"url":"https:\/\/dicodusport.fr\/blog\/wp-content\/uploads\/2022\/05\/4-Jours-de-Dunkerque-Philippe-Gilbert-sacre-la-derniere-etape-pour-Thijssen.png","type":"image\/png"}],"author":"Nicolas Mezine","twitter_card":"summary_large_image","twitter_title":"4 Jours de Dunkerque : Philippe Gilbert sacr\u00e9, la derni\u00e8re \u00e9tape pour Thijssen","twitter_creator":"@https:\/\/twitter.com\/Lbiji13","twitter_site":"@dicodusport","schema":{"@context":"https:\/\/schema.org","@graph":[{"@type":"NewsArticle","@id":"https:\/\/dicodusport.fr\/blog\/4-jours-de-dunkerque-philippe-gilbert-sacre-la-derniere-etape-pour-thijssen\/#article","isPartOf":{"@id":"https:\/\/dicodusport.fr\/blog\/4-jours-de-dunkerque-philippe-gilbert-sacre-la-derniere-etape-pour-thijssen\/"},"author":{"name":"Nicolas Mezine","@id":"https:\/\/dicodusport.fr\/blog\/#\/schema\/person\/99fcf31b3ee0d51fed53ade78139bbbf"},"headline":"4 Jours de Dunkerque : Philippe Gilbert sacr\u00e9, la derni\u00e8re \u00e9tape pour Thijssen","datePublished":"2022-05-08T15:09:20+00:00","dateModified":"2022-05-08T15:32:45+00:00","mainEntityOfPage":{"@id":"https:\/\/dicodusport.fr\/blog\/4-jours-de-dunkerque-philippe-gilbert-sacre-la-derniere-etape-pour-thijssen\/"},"wordCount":880,"commentCount":0,"publisher":{"@id":"https:\/\/dicodusport.fr\/blog\/#organization"},"image":{"@id":"https:\/\/dicodusport.fr\/blog\/4-jours-de-dunkerque-philippe-gilbert-sacre-la-derniere-etape-pour-thijssen\/#primaryimage"},"thumbnailUrl":"https:\/\/dicodusport.fr\/blog\/wp-content\/uploads\/2022\/05\/4-Jours-de-Dunkerque-Philippe-Gilbert-sacre-la-derniere-etape-pour-Thijssen.png","keywords":["Dunkerque"],"articleSection":["Cyclisme sur route"],"inLanguage":"fr-FR","potentialAction":[{"@type":"CommentAction","name":"Comment","target":["https:\/\/dicodusport.fr\/blog\/4-jours-de-dunkerque-philippe-gilbert-sacre-la-derniere-etape-pour-thijssen\/#respond"]}],"copyrightYear":"2022","copyrightHolder":{"@id":"https:\/\/dicodusport.fr\/blog\/#organization"}},{"@type":"WebPage","@id":"https:\/\/dicodusport.fr\/blog\/4-jours-de-dunkerque-philippe-gilbert-sacre-la-derniere-etape-pour-thijssen\/","url":"https:\/\/dicodusport.fr\/blog\/4-jours-de-dunkerque-philippe-gilbert-sacre-la-derniere-etape-pour-thijssen\/","name":"- 4 Jours de Dunkerque : Philippe Gilbert sacr\u00e9, la derni\u00e8re \u00e9tape pour Thijssen - Dicodusport","isPartOf":{"@id":"https:\/\/dicodusport.fr\/blog\/#website"},"primaryImageOfPage":{"@id":"https:\/\/dicodusport.fr\/blog\/4-jours-de-dunkerque-philippe-gilbert-sacre-la-derniere-etape-pour-thijssen\/#primaryimage"},"image":{"@id":"https:\/\/dicodusport.fr\/blog\/4-jours-de-dunkerque-philippe-gilbert-sacre-la-derniere-etape-pour-thijssen\/#primaryimage"},"thumbnailUrl":"https:\/\/dicodusport.fr\/blog\/wp-content\/uploads\/2022\/05\/4-Jours-de-Dunkerque-Philippe-Gilbert-sacre-la-derniere-etape-pour-Thijssen.png","datePublished":"2022-05-08T15:09:20+00:00","dateModified":"2022-05-08T15:32:45+00:00","description":"4 JOURS DE DUNKERQUE 2022, 6\u00c8ME ETAPE - Gerben Thijssen s'est impos\u00e9 sur cette derni\u00e8re \u00e9tape, le g\u00e9n\u00e9ral pour Philippe Gilbert.","breadcrumb":{"@id":"https:\/\/dicodusport.fr\/blog\/4-jours-de-dunkerque-philippe-gilbert-sacre-la-derniere-etape-pour-thijssen\/#breadcrumb"},"inLanguage":"fr-FR","potentialAction":[{"@type":"ReadAction","target":["https:\/\/dicodusport.fr\/blog\/4-jours-de-dunkerque-philippe-gilbert-sacre-la-derniere-etape-pour-thijssen\/"]}]},{"@type":"ImageObject","inLanguage":"fr-FR","@id":"https:\/\/dicodusport.fr\/blog\/4-jours-de-dunkerque-philippe-gilbert-sacre-la-derniere-etape-pour-thijssen\/#primaryimage","url":"https:\/\/dicodusport.fr\/blog\/wp-content\/uploads\/2022\/05\/4-Jours-de-Dunkerque-Philippe-Gilbert-sacre-la-derniere-etape-pour-Thijssen.png","contentUrl":"https:\/\/dicodusport.fr\/blog\/wp-content\/uploads\/2022\/05\/4-Jours-de-Dunkerque-Philippe-Gilbert-sacre-la-derniere-etape-pour-Thijssen.png","width":800,"height":445,"caption":"4 Jours de Dunkerque Philippe Gilbert sacr\u00e9, la derni\u00e8re \u00e9tape pour Thijssen"},{"@type":"BreadcrumbList","@id":"https:\/\/dicodusport.fr\/blog\/4-jours-de-dunkerque-philippe-gilbert-sacre-la-derniere-etape-pour-thijssen\/#breadcrumb","itemListElement":[{"@type":"ListItem","position":1,"name":"Accueil","item":"https:\/\/dicodusport.fr\/blog\/"},{"@type":"ListItem","position":2,"name":"4 Jours de Dunkerque : Philippe Gilbert sacr\u00e9, la derni\u00e8re \u00e9tape pour Thijssen"}]},{"@type":"WebSite","@id":"https:\/\/dicodusport.fr\/blog\/#website","url":"https:\/\/dicodusport.fr\/blog\/","name":"Dicodusport","description":"L&#039;encyclop\u00e9die de l&#039;actualit\u00e9 sportive","publisher":{"@id":"https:\/\/dicodusport.fr\/blog\/#organization"},"potentialAction":[{"@type":"SearchAction","target":{"@type":"EntryPoint","urlTemplate":"https:\/\/dicodusport.fr\/blog\/?s={search_term_string}"},"query-input":{"@type":"PropertyValueSpecification","valueRequired":true,"valueName":"search_term_string"}}],"inLanguage":"fr-FR"},{"@type":"NewsMediaOrganization","@id":"https:\/\/dicodusport.fr\/blog\/#organization","name":"Dicodusport","url":"https:\/\/dicodusport.fr\/blog\/","logo":{"@type":"ImageObject","inLanguage":"fr-FR","@id":"https:\/\/dicodusport.fr\/blog\/#\/schema\/logo\/image\/","url":"https:\/\/dicodusport.fr\/blog\/wp-content\/uploads\/2020\/06\/cropped-LOGO-DICODUSPORT-2020-SANS-FOND-SANS-TEXTE.png","contentUrl":"https:\/\/dicodusport.fr\/blog\/wp-content\/uploads\/2020\/06\/cropped-LOGO-DICODUSPORT-2020-SANS-FOND-SANS-TEXTE.png","width":512,"height":512,"caption":"Dicodusport"},"image":{"@id":"https:\/\/dicodusport.fr\/blog\/#\/schema\/logo\/image\/"},"sameAs":["https:\/\/www.facebook.com\/dicodusport","https:\/\/x.com\/dicodusport","https:\/\/www.instagram.com\/dicodusport\/","https:\/\/www.youtube.com\/channel\/UC7V2KZ5sd3htJivAbA4ZG3w"],"description":"Dicodusport est l'encyclop\u00e9die de l'actualit\u00e9 sportive.","email":"bonjour@dicodusport.fr","legalName":"DICODUSPORT","foundingDate":"2018-01-14","vatID":"FR71834470973","taxID":"83447097300043","numberOfEmployees":{"@type":"QuantitativeValue","minValue":"1","maxValue":"10"}},{"@type":"Person","@id":"https:\/\/dicodusport.fr\/blog\/#\/schema\/person\/99fcf31b3ee0d51fed53ade78139bbbf","name":"Nicolas Mezine","image":{"@type":"ImageObject","inLanguage":"fr-FR","@id":"https:\/\/dicodusport.fr\/blog\/#\/schema\/person\/image\/","url":"https:\/\/dicodusport.fr\/blog\/wp-content\/uploads\/2021\/09\/IMG_4655-e1631787111223-150x150.jpg","contentUrl":"https:\/\/dicodusport.fr\/blog\/wp-content\/uploads\/2021\/09\/IMG_4655-e1631787111223-150x150.jpg","caption":"Nicolas Mezine"},"description":"Passionn\u00e9 de sport, notamment de rugby dans toutes ses variantes (XV, XIII et VII). Fan du RC Toulon et de l'Olympique de Marseille.","sameAs":["https:\/\/www.linkedin.com\/in\/nicolas-mezine-521380160\/","https:\/\/x.com\/https:\/\/twitter.com\/Lbiji13"],"url":"https:\/\/dicodusport.fr\/blog\/author\/nicolas-m\/"}]}},"_links":{"self":[{"href":"https:\/\/dicodusport.fr\/blog\/wp-json\/wp\/v2\/posts\/222121","targetHints":{"allow":["GET"]}}],"collection":[{"href":"https:\/\/dicodusport.fr\/blog\/wp-json\/wp\/v2\/posts"}],"about":[{"href":"https:\/\/dicodusport.fr\/blog\/wp-json\/wp\/v2\/types\/post"}],"author":[{"embeddable":true,"href":"https:\/\/dicodusport.fr\/blog\/wp-json\/wp\/v2\/users\/42"}],"replies":[{"embeddable":true,"href":"https:\/\/dicodusport.fr\/blog\/wp-json\/wp\/v2\/comments?post=222121"}],"version-history":[{"count":0,"href":"https:\/\/dicodusport.fr\/blog\/wp-json\/wp\/v2\/posts\/222121\/revisions"}],"wp:featuredmedia":[{"embeddable":true,"href":"https:\/\/dicodusport.fr\/blog\/wp-json\/wp\/v2\/media\/222169"}],"wp:attachment":[{"href":"https:\/\/dicodusport.fr\/blog\/wp-json\/wp\/v2\/media?parent=222121"}],"wp:term":[{"taxonomy":"category","embeddable":true,"href":"https:\/\/dicodusport.fr\/blog\/wp-json\/wp\/v2\/categories?post=222121"},{"taxonomy":"post_tag","embeddable":true,"href":"https:\/\/dicodusport.fr\/blog\/wp-json\/wp\/v2\/tags?post=222121"}],"curies":[{"name":"wp","href":"https:\/\/api.w.org\/{rel}","templated":true}]}}