{"id":222374,"date":"2022-05-09T12:01:18","date_gmt":"2022-05-09T10:01:18","guid":{"rendered":"https:\/\/dicodusport.fr\/blog\/?p=222374&#038;preview=true&#038;preview_id=222374"},"modified":"2022-05-09T16:08:12","modified_gmt":"2022-05-09T14:08:12","slug":"loana-lecomte-jai-eu-tres-tres-peur-pendant-la-chute","status":"publish","type":"post","link":"https:\/\/dicodusport.fr\/blog\/loana-lecomte-jai-eu-tres-tres-peur-pendant-la-chute\/","title":{"rendered":"Loana Lecomte : \u00ab\u00a0J&rsquo;ai eu tr\u00e8s tr\u00e8s peur pendant la chute\u00a0\u00bb"},"content":{"rendered":"<p style=\"text-align: justify;\"><strong><em>VTT &#8211; Quatri\u00e8me de <a href=\"https:\/\/dicodusport.fr\/blog\/vtt-xco-albstadt-classement-course-femmes\/\">la course olympique <\/a>dimanche, Loana Lecomte s&rsquo;est confi\u00e9e \u00e0 Cyclism&rsquo;Actu sur son week-end un peu sp\u00e9cial en Allemagne.<\/em><\/strong><\/p>\n<p style=\"text-align: justify;\">Une lourde chute de la Fran\u00e7aise sur la Short Race aurait pu avoir plus de cons\u00e9quences. Mais finalement, <strong>Loana Lecomte<\/strong> <a href=\"https:\/\/dicodusport.fr\/blog\/vtt-xco-albstadt-rebecca-mcconnell-simpose-de-nouveau\/\">\u00e9tait au d\u00e9part<\/a> dimanche, malgr\u00e9 de l&rsquo;appr\u00e9hension suite \u00e0 sa chute deux jours plus t\u00f4t.<\/p>\n<blockquote>\n<p style=\"text-align: justify;\">Je savais que j&rsquo;allais apprendre beaucoup en partant en quatri\u00e8me ligne, en essayant de me replacer le plus vite possible, de remonter intelligemment sans me cramer d\u00e8s le d\u00e9part. Par chance j&rsquo;ai r\u00e9ussi \u00e0 remonter assez rapidement. C&rsquo;\u00e9tait dur en d\u00e9but de course, \u00e7a allait mieux \u00e0 la fin mais je suis contente de ce r\u00e9sultat apr\u00e8s tout ce qu&rsquo;il s&rsquo;est pass\u00e9 depuis vendredi soir. J&rsquo;ai eu tr\u00e8s tr\u00e8s peur pendant la chute parce que pendant un moment j&rsquo;arrivais pas trop \u00e0 bouger les jambes, j&rsquo;\u00e9tais sonn\u00e9e, j&rsquo;avais tr\u00e8s mal au dos. C&rsquo;est vrai qu&rsquo;hier c&rsquo;\u00e9tait les montagnes russes que ce soit au niveau \u00e9nerg\u00e9tique ou des \u00e9motions, je pleurais, je ne savais plus quoi faire. Donc on a tout fait pour que je sois au mieux possible au d\u00e9part. Aujourd&rsquo;hui j&rsquo;avais \u00e0 la fois peur, \u00e0 la fois envie donc l\u00e0 c&rsquo;est que du bonheur.<\/p>\n<\/blockquote>\n<p style=\"text-align: justify;\"><a href=\"https:\/\/dicodusport.fr\/blog\/vtt-xco-petropolis-rebecca-mcconnell-victorieuse-loana-lecomte-3eme\/\">Troisi\u00e8me de la premi\u00e8re manche au Br\u00e9sil<\/a>, <strong>Loana Lecomte<\/strong> aura une nouvelle occasion de briller avec la troisi\u00e8me \u00e9tape de Coupe du monde pr\u00e9vue en fin de semaine\u00a0 \u00e0 Nove Mesto.<\/p>\n<blockquote class=\"twitter-tweet\">\n<p dir=\"ltr\" lang=\"fr\">VTT &#8211; CDM (F) : Loana Lecomte, 4e : \u00ab\u00a0J&rsquo;avais \u00e0 la fois envie et peur\u00a0\u00bb <a href=\"https:\/\/twitter.com\/hashtag\/MBWorldCup?src=hash&amp;ref_src=twsrc%5Etfw\">#MBWorldCup<\/a> <a href=\"https:\/\/twitter.com\/hashtag\/Lecomte?src=hash&amp;ref_src=twsrc%5Etfw\">#Lecomte<\/a> <a href=\"https:\/\/twitter.com\/hashtag\/LoanaLecomte?src=hash&amp;ref_src=twsrc%5Etfw\">#LoanaLecomte<\/a> <a href=\"https:\/\/twitter.com\/hashtag\/Albstadt?src=hash&amp;ref_src=twsrc%5Etfw\">#Albstadt<\/a> <a href=\"https:\/\/t.co\/c5QAICOmqP\">https:\/\/t.co\/c5QAICOmqP<\/a><\/p>\n<p>\u2014 Cyclism&rsquo;Actu (@cyclismactu) <a href=\"https:\/\/twitter.com\/cyclismactu\/status\/1523583116752920576?ref_src=twsrc%5Etfw\">May 9, 2022<\/a><\/p><\/blockquote>\n<p><script async src=\"https:\/\/platform.twitter.com\/widgets.js\" charset=\"utf-8\"><\/script><\/p>\n","protected":false},"excerpt":{"rendered":"<p>VTT &#8211; Quatri\u00e8me de la course olympique dimanche, Loana Lecomte s&rsquo;est confi\u00e9e \u00e0 Cyclism&rsquo;Actu sur son week-end un peu sp\u00e9cial en Allemagne.<\/p>\n","protected":false},"author":1,"featured_media":222375,"comment_status":"open","ping_status":"closed","sticky":false,"template":"","format":"standard","meta":{"_acf_changed":false,"_daextam_enable_autolinks":"","footnotes":""},"categories":[10279],"tags":[10994,692,16500],"class_list":["post-222374","post","type-post","status-publish","format-standard","has-post-thumbnail","hentry","category-vtt","tag-loana-lecomte","tag-vtt","tag-vtt-albstadt"],"acf":[],"yoast_head":"<!-- This site is optimized with the Yoast SEO Premium plugin v26.7 (Yoast SEO v26.7) - https:\/\/yoast.com\/wordpress\/plugins\/seo\/ -->\n<title>- Loana Lecomte : &quot;J&#039;ai eu tr\u00e8s tr\u00e8s peur pendant la chute&quot; - Dicodusport<\/title>\n<meta name=\"description\" content=\"VTT - Quatri\u00e8me de la course principale dimanche, Loana Lecomte s&#039;est confi\u00e9e \u00e0 Cyclism&#039;Actu sur son week-end un peu sp\u00e9cial en Allemagne.\" \/>\n<meta name=\"robots\" content=\"index, follow, max-snippet:-1, max-image-preview:large, max-video-preview:-1\" \/>\n<link rel=\"canonical\" href=\"https:\/\/dicodusport.fr\/blog\/loana-lecomte-jai-eu-tres-tres-peur-pendant-la-chute\/\" \/>\n<meta property=\"og:locale\" content=\"fr_FR\" \/>\n<meta property=\"og:type\" content=\"article\" \/>\n<meta property=\"og:title\" content=\"Loana Lecomte : &quot;J&#039;ai eu tr\u00e8s tr\u00e8s peur pendant la chute&quot;\" \/>\n<meta property=\"og:description\" content=\"VTT - Quatri\u00e8me de la course principale dimanche, Loana Lecomte s&#039;est confi\u00e9e \u00e0 Cyclism&#039;Actu sur son week-end un peu sp\u00e9cial en Allemagne.\" \/>\n<meta property=\"og:url\" content=\"https:\/\/dicodusport.fr\/blog\/loana-lecomte-jai-eu-tres-tres-peur-pendant-la-chute\/\" \/>\n<meta property=\"og:site_name\" content=\"Dicodusport\" \/>\n<meta property=\"article:publisher\" content=\"https:\/\/www.facebook.com\/dicodusport\" \/>\n<meta property=\"article:author\" content=\"https:\/\/www.facebook.com\/dicodusport\" \/>\n<meta property=\"article:published_time\" content=\"2022-05-09T10:01:18+00:00\" \/>\n<meta property=\"article:modified_time\" content=\"2022-05-09T14:08:12+00:00\" \/>\n<meta property=\"og:image\" content=\"https:\/\/dicodusport.fr\/blog\/wp-content\/uploads\/2022\/05\/Loana-Lecomte-Jai-eu-tre\u0300s-tre\u0300s-peur-pendant-la-chute.png\" \/>\n\t<meta property=\"og:image:width\" content=\"800\" \/>\n\t<meta property=\"og:image:height\" content=\"445\" \/>\n\t<meta property=\"og:image:type\" content=\"image\/png\" \/>\n<meta name=\"author\" content=\"Nicolas Jacquemard\" \/>\n<meta name=\"twitter:card\" content=\"summary_large_image\" \/>\n<meta name=\"twitter:title\" content=\"Loana Lecomte : &quot;J&#039;ai eu tr\u00e8s tr\u00e8s peur pendant la chute&quot;\" \/>\n<meta name=\"twitter:creator\" content=\"@https:\/\/twitter.com\/Nico_Jacquemard\" \/>\n<meta name=\"twitter:site\" content=\"@dicodusport\" \/>\n<script type=\"application\/ld+json\" class=\"yoast-schema-graph\">{\"@context\":\"https:\/\/schema.org\",\"@graph\":[{\"@type\":\"NewsArticle\",\"@id\":\"https:\/\/dicodusport.fr\/blog\/loana-lecomte-jai-eu-tres-tres-peur-pendant-la-chute\/#article\",\"isPartOf\":{\"@id\":\"https:\/\/dicodusport.fr\/blog\/loana-lecomte-jai-eu-tres-tres-peur-pendant-la-chute\/\"},\"author\":{\"name\":\"Nicolas Jacquemard\",\"@id\":\"https:\/\/dicodusport.fr\/blog\/#\/schema\/person\/55dcb50ad410894e431ed812bbb70191\"},\"headline\":\"Loana Lecomte : \u00ab\u00a0J&rsquo;ai eu tr\u00e8s tr\u00e8s peur pendant la chute\u00a0\u00bb\",\"datePublished\":\"2022-05-09T10:01:18+00:00\",\"dateModified\":\"2022-05-09T14:08:12+00:00\",\"mainEntityOfPage\":{\"@id\":\"https:\/\/dicodusport.fr\/blog\/loana-lecomte-jai-eu-tres-tres-peur-pendant-la-chute\/\"},\"wordCount\":310,\"commentCount\":0,\"publisher\":{\"@id\":\"https:\/\/dicodusport.fr\/blog\/#organization\"},\"image\":{\"@id\":\"https:\/\/dicodusport.fr\/blog\/loana-lecomte-jai-eu-tres-tres-peur-pendant-la-chute\/#primaryimage\"},\"thumbnailUrl\":\"https:\/\/dicodusport.fr\/blog\/wp-content\/uploads\/2022\/05\/Loana-Lecomte-Jai-eu-tre\u0300s-tre\u0300s-peur-pendant-la-chute.png\",\"keywords\":[\"Loana Lecomte\",\"VTT\",\"VTT Albstadt\"],\"articleSection\":[\"VTT\"],\"inLanguage\":\"fr-FR\",\"potentialAction\":[{\"@type\":\"CommentAction\",\"name\":\"Comment\",\"target\":[\"https:\/\/dicodusport.fr\/blog\/loana-lecomte-jai-eu-tres-tres-peur-pendant-la-chute\/#respond\"]}],\"copyrightYear\":\"2022\",\"copyrightHolder\":{\"@id\":\"https:\/\/dicodusport.fr\/blog\/#organization\"}},{\"@type\":\"WebPage\",\"@id\":\"https:\/\/dicodusport.fr\/blog\/loana-lecomte-jai-eu-tres-tres-peur-pendant-la-chute\/\",\"url\":\"https:\/\/dicodusport.fr\/blog\/loana-lecomte-jai-eu-tres-tres-peur-pendant-la-chute\/\",\"name\":\"- Loana Lecomte : \\\"J'ai eu tr\u00e8s tr\u00e8s peur pendant la chute\\\" - Dicodusport\",\"isPartOf\":{\"@id\":\"https:\/\/dicodusport.fr\/blog\/#website\"},\"primaryImageOfPage\":{\"@id\":\"https:\/\/dicodusport.fr\/blog\/loana-lecomte-jai-eu-tres-tres-peur-pendant-la-chute\/#primaryimage\"},\"image\":{\"@id\":\"https:\/\/dicodusport.fr\/blog\/loana-lecomte-jai-eu-tres-tres-peur-pendant-la-chute\/#primaryimage\"},\"thumbnailUrl\":\"https:\/\/dicodusport.fr\/blog\/wp-content\/uploads\/2022\/05\/Loana-Lecomte-Jai-eu-tre\u0300s-tre\u0300s-peur-pendant-la-chute.png\",\"datePublished\":\"2022-05-09T10:01:18+00:00\",\"dateModified\":\"2022-05-09T14:08:12+00:00\",\"description\":\"VTT - Quatri\u00e8me de la course principale dimanche, Loana Lecomte s'est confi\u00e9e \u00e0 Cyclism'Actu sur son week-end un peu sp\u00e9cial en Allemagne.\",\"breadcrumb\":{\"@id\":\"https:\/\/dicodusport.fr\/blog\/loana-lecomte-jai-eu-tres-tres-peur-pendant-la-chute\/#breadcrumb\"},\"inLanguage\":\"fr-FR\",\"potentialAction\":[{\"@type\":\"ReadAction\",\"target\":[\"https:\/\/dicodusport.fr\/blog\/loana-lecomte-jai-eu-tres-tres-peur-pendant-la-chute\/\"]}]},{\"@type\":\"ImageObject\",\"inLanguage\":\"fr-FR\",\"@id\":\"https:\/\/dicodusport.fr\/blog\/loana-lecomte-jai-eu-tres-tres-peur-pendant-la-chute\/#primaryimage\",\"url\":\"https:\/\/dicodusport.fr\/blog\/wp-content\/uploads\/2022\/05\/Loana-Lecomte-Jai-eu-tre\u0300s-tre\u0300s-peur-pendant-la-chute.png\",\"contentUrl\":\"https:\/\/dicodusport.fr\/blog\/wp-content\/uploads\/2022\/05\/Loana-Lecomte-Jai-eu-tre\u0300s-tre\u0300s-peur-pendant-la-chute.png\",\"width\":800,\"height\":445},{\"@type\":\"BreadcrumbList\",\"@id\":\"https:\/\/dicodusport.fr\/blog\/loana-lecomte-jai-eu-tres-tres-peur-pendant-la-chute\/#breadcrumb\",\"itemListElement\":[{\"@type\":\"ListItem\",\"position\":1,\"name\":\"Accueil\",\"item\":\"https:\/\/dicodusport.fr\/blog\/\"},{\"@type\":\"ListItem\",\"position\":2,\"name\":\"Loana Lecomte : \u00ab\u00a0J&rsquo;ai eu tr\u00e8s tr\u00e8s peur pendant la chute\u00a0\u00bb\"}]},{\"@type\":\"WebSite\",\"@id\":\"https:\/\/dicodusport.fr\/blog\/#website\",\"url\":\"https:\/\/dicodusport.fr\/blog\/\",\"name\":\"Dicodusport\",\"description\":\"L&#039;encyclop\u00e9die de l&#039;actualit\u00e9 sportive\",\"publisher\":{\"@id\":\"https:\/\/dicodusport.fr\/blog\/#organization\"},\"potentialAction\":[{\"@type\":\"SearchAction\",\"target\":{\"@type\":\"EntryPoint\",\"urlTemplate\":\"https:\/\/dicodusport.fr\/blog\/?s={search_term_string}\"},\"query-input\":{\"@type\":\"PropertyValueSpecification\",\"valueRequired\":true,\"valueName\":\"search_term_string\"}}],\"inLanguage\":\"fr-FR\"},{\"@type\":\"NewsMediaOrganization\",\"@id\":\"https:\/\/dicodusport.fr\/blog\/#organization\",\"name\":\"Dicodusport\",\"url\":\"https:\/\/dicodusport.fr\/blog\/\",\"logo\":{\"@type\":\"ImageObject\",\"inLanguage\":\"fr-FR\",\"@id\":\"https:\/\/dicodusport.fr\/blog\/#\/schema\/logo\/image\/\",\"url\":\"https:\/\/dicodusport.fr\/blog\/wp-content\/uploads\/2020\/06\/cropped-LOGO-DICODUSPORT-2020-SANS-FOND-SANS-TEXTE.png\",\"contentUrl\":\"https:\/\/dicodusport.fr\/blog\/wp-content\/uploads\/2020\/06\/cropped-LOGO-DICODUSPORT-2020-SANS-FOND-SANS-TEXTE.png\",\"width\":512,\"height\":512,\"caption\":\"Dicodusport\"},\"image\":{\"@id\":\"https:\/\/dicodusport.fr\/blog\/#\/schema\/logo\/image\/\"},\"sameAs\":[\"https:\/\/www.facebook.com\/dicodusport\",\"https:\/\/x.com\/dicodusport\",\"https:\/\/www.instagram.com\/dicodusport\/\",\"https:\/\/www.youtube.com\/channel\/UC7V2KZ5sd3htJivAbA4ZG3w\"],\"description\":\"Dicodusport est l'encyclop\u00e9die de l'actualit\u00e9 sportive.\",\"email\":\"bonjour@dicodusport.fr\",\"legalName\":\"DICODUSPORT\",\"foundingDate\":\"2018-01-14\",\"vatID\":\"FR71834470973\",\"taxID\":\"83447097300043\",\"numberOfEmployees\":{\"@type\":\"QuantitativeValue\",\"minValue\":\"1\",\"maxValue\":\"10\"}},{\"@type\":\"Person\",\"@id\":\"https:\/\/dicodusport.fr\/blog\/#\/schema\/person\/55dcb50ad410894e431ed812bbb70191\",\"name\":\"Nicolas Jacquemard\",\"image\":{\"@type\":\"ImageObject\",\"inLanguage\":\"fr-FR\",\"@id\":\"https:\/\/dicodusport.fr\/blog\/#\/schema\/person\/image\/\",\"url\":\"https:\/\/dicodusport.fr\/blog\/wp-content\/uploads\/2021\/05\/Nicolas-Jacquemard-150x150.jpeg\",\"contentUrl\":\"https:\/\/dicodusport.fr\/blog\/wp-content\/uploads\/2021\/05\/Nicolas-Jacquemard-150x150.jpeg\",\"caption\":\"Nicolas Jacquemard\"},\"description\":\"Passionn\u00e9 de sport et entrepreneur depuis mes 18 ans, la cr\u00e9ation de Dicodusport m'a sembl\u00e9 \u00e9vidente pour participer \u00e0 la m\u00e9diatisation d'un plus grand nombre de sports. Le chemin est long mais avec une \u00e9quipe des plus motiv\u00e9es et les Jeux Olympiques de Paris 2024 en point de mire, nous y arriverons ! Journaliste dans le monde du sport depuis plus de 5 ans, je traite aussi bien de football, de rugby, de biathlon que de cyclisme.\",\"sameAs\":[\"https:\/\/www.facebook.com\/dicodusport\",\"https:\/\/x.com\/https:\/\/twitter.com\/Nico_Jacquemard\"],\"url\":\"https:\/\/dicodusport.fr\/blog\/author\/dicodusport\/\"}]}<\/script>\n<!-- \/ Yoast SEO Premium plugin. -->","yoast_head_json":{"title":"- Loana Lecomte : \"J'ai eu tr\u00e8s tr\u00e8s peur pendant la chute\" - Dicodusport","description":"VTT - Quatri\u00e8me de la course principale dimanche, Loana Lecomte s'est confi\u00e9e \u00e0 Cyclism'Actu sur son week-end un peu sp\u00e9cial en Allemagne.","robots":{"index":"index","follow":"follow","max-snippet":"max-snippet:-1","max-image-preview":"max-image-preview:large","max-video-preview":"max-video-preview:-1"},"canonical":"https:\/\/dicodusport.fr\/blog\/loana-lecomte-jai-eu-tres-tres-peur-pendant-la-chute\/","og_locale":"fr_FR","og_type":"article","og_title":"Loana Lecomte : \"J'ai eu tr\u00e8s tr\u00e8s peur pendant la chute\"","og_description":"VTT - Quatri\u00e8me de la course principale dimanche, Loana Lecomte s'est confi\u00e9e \u00e0 Cyclism'Actu sur son week-end un peu sp\u00e9cial en Allemagne.","og_url":"https:\/\/dicodusport.fr\/blog\/loana-lecomte-jai-eu-tres-tres-peur-pendant-la-chute\/","og_site_name":"Dicodusport","article_publisher":"https:\/\/www.facebook.com\/dicodusport","article_author":"https:\/\/www.facebook.com\/dicodusport","article_published_time":"2022-05-09T10:01:18+00:00","article_modified_time":"2022-05-09T14:08:12+00:00","og_image":[{"width":800,"height":445,"url":"https:\/\/dicodusport.fr\/blog\/wp-content\/uploads\/2022\/05\/Loana-Lecomte-Jai-eu-tre\u0300s-tre\u0300s-peur-pendant-la-chute.png","type":"image\/png"}],"author":"Nicolas Jacquemard","twitter_card":"summary_large_image","twitter_title":"Loana Lecomte : \"J'ai eu tr\u00e8s tr\u00e8s peur pendant la chute\"","twitter_creator":"@https:\/\/twitter.com\/Nico_Jacquemard","twitter_site":"@dicodusport","schema":{"@context":"https:\/\/schema.org","@graph":[{"@type":"NewsArticle","@id":"https:\/\/dicodusport.fr\/blog\/loana-lecomte-jai-eu-tres-tres-peur-pendant-la-chute\/#article","isPartOf":{"@id":"https:\/\/dicodusport.fr\/blog\/loana-lecomte-jai-eu-tres-tres-peur-pendant-la-chute\/"},"author":{"name":"Nicolas Jacquemard","@id":"https:\/\/dicodusport.fr\/blog\/#\/schema\/person\/55dcb50ad410894e431ed812bbb70191"},"headline":"Loana Lecomte : \u00ab\u00a0J&rsquo;ai eu tr\u00e8s tr\u00e8s peur pendant la chute\u00a0\u00bb","datePublished":"2022-05-09T10:01:18+00:00","dateModified":"2022-05-09T14:08:12+00:00","mainEntityOfPage":{"@id":"https:\/\/dicodusport.fr\/blog\/loana-lecomte-jai-eu-tres-tres-peur-pendant-la-chute\/"},"wordCount":310,"commentCount":0,"publisher":{"@id":"https:\/\/dicodusport.fr\/blog\/#organization"},"image":{"@id":"https:\/\/dicodusport.fr\/blog\/loana-lecomte-jai-eu-tres-tres-peur-pendant-la-chute\/#primaryimage"},"thumbnailUrl":"https:\/\/dicodusport.fr\/blog\/wp-content\/uploads\/2022\/05\/Loana-Lecomte-Jai-eu-tre\u0300s-tre\u0300s-peur-pendant-la-chute.png","keywords":["Loana Lecomte","VTT","VTT Albstadt"],"articleSection":["VTT"],"inLanguage":"fr-FR","potentialAction":[{"@type":"CommentAction","name":"Comment","target":["https:\/\/dicodusport.fr\/blog\/loana-lecomte-jai-eu-tres-tres-peur-pendant-la-chute\/#respond"]}],"copyrightYear":"2022","copyrightHolder":{"@id":"https:\/\/dicodusport.fr\/blog\/#organization"}},{"@type":"WebPage","@id":"https:\/\/dicodusport.fr\/blog\/loana-lecomte-jai-eu-tres-tres-peur-pendant-la-chute\/","url":"https:\/\/dicodusport.fr\/blog\/loana-lecomte-jai-eu-tres-tres-peur-pendant-la-chute\/","name":"- Loana Lecomte : \"J'ai eu tr\u00e8s tr\u00e8s peur pendant la chute\" - Dicodusport","isPartOf":{"@id":"https:\/\/dicodusport.fr\/blog\/#website"},"primaryImageOfPage":{"@id":"https:\/\/dicodusport.fr\/blog\/loana-lecomte-jai-eu-tres-tres-peur-pendant-la-chute\/#primaryimage"},"image":{"@id":"https:\/\/dicodusport.fr\/blog\/loana-lecomte-jai-eu-tres-tres-peur-pendant-la-chute\/#primaryimage"},"thumbnailUrl":"https:\/\/dicodusport.fr\/blog\/wp-content\/uploads\/2022\/05\/Loana-Lecomte-Jai-eu-tre\u0300s-tre\u0300s-peur-pendant-la-chute.png","datePublished":"2022-05-09T10:01:18+00:00","dateModified":"2022-05-09T14:08:12+00:00","description":"VTT - Quatri\u00e8me de la course principale dimanche, Loana Lecomte s'est confi\u00e9e \u00e0 Cyclism'Actu sur son week-end un peu sp\u00e9cial en Allemagne.","breadcrumb":{"@id":"https:\/\/dicodusport.fr\/blog\/loana-lecomte-jai-eu-tres-tres-peur-pendant-la-chute\/#breadcrumb"},"inLanguage":"fr-FR","potentialAction":[{"@type":"ReadAction","target":["https:\/\/dicodusport.fr\/blog\/loana-lecomte-jai-eu-tres-tres-peur-pendant-la-chute\/"]}]},{"@type":"ImageObject","inLanguage":"fr-FR","@id":"https:\/\/dicodusport.fr\/blog\/loana-lecomte-jai-eu-tres-tres-peur-pendant-la-chute\/#primaryimage","url":"https:\/\/dicodusport.fr\/blog\/wp-content\/uploads\/2022\/05\/Loana-Lecomte-Jai-eu-tre\u0300s-tre\u0300s-peur-pendant-la-chute.png","contentUrl":"https:\/\/dicodusport.fr\/blog\/wp-content\/uploads\/2022\/05\/Loana-Lecomte-Jai-eu-tre\u0300s-tre\u0300s-peur-pendant-la-chute.png","width":800,"height":445},{"@type":"BreadcrumbList","@id":"https:\/\/dicodusport.fr\/blog\/loana-lecomte-jai-eu-tres-tres-peur-pendant-la-chute\/#breadcrumb","itemListElement":[{"@type":"ListItem","position":1,"name":"Accueil","item":"https:\/\/dicodusport.fr\/blog\/"},{"@type":"ListItem","position":2,"name":"Loana Lecomte : \u00ab\u00a0J&rsquo;ai eu tr\u00e8s tr\u00e8s peur pendant la chute\u00a0\u00bb"}]},{"@type":"WebSite","@id":"https:\/\/dicodusport.fr\/blog\/#website","url":"https:\/\/dicodusport.fr\/blog\/","name":"Dicodusport","description":"L&#039;encyclop\u00e9die de l&#039;actualit\u00e9 sportive","publisher":{"@id":"https:\/\/dicodusport.fr\/blog\/#organization"},"potentialAction":[{"@type":"SearchAction","target":{"@type":"EntryPoint","urlTemplate":"https:\/\/dicodusport.fr\/blog\/?s={search_term_string}"},"query-input":{"@type":"PropertyValueSpecification","valueRequired":true,"valueName":"search_term_string"}}],"inLanguage":"fr-FR"},{"@type":"NewsMediaOrganization","@id":"https:\/\/dicodusport.fr\/blog\/#organization","name":"Dicodusport","url":"https:\/\/dicodusport.fr\/blog\/","logo":{"@type":"ImageObject","inLanguage":"fr-FR","@id":"https:\/\/dicodusport.fr\/blog\/#\/schema\/logo\/image\/","url":"https:\/\/dicodusport.fr\/blog\/wp-content\/uploads\/2020\/06\/cropped-LOGO-DICODUSPORT-2020-SANS-FOND-SANS-TEXTE.png","contentUrl":"https:\/\/dicodusport.fr\/blog\/wp-content\/uploads\/2020\/06\/cropped-LOGO-DICODUSPORT-2020-SANS-FOND-SANS-TEXTE.png","width":512,"height":512,"caption":"Dicodusport"},"image":{"@id":"https:\/\/dicodusport.fr\/blog\/#\/schema\/logo\/image\/"},"sameAs":["https:\/\/www.facebook.com\/dicodusport","https:\/\/x.com\/dicodusport","https:\/\/www.instagram.com\/dicodusport\/","https:\/\/www.youtube.com\/channel\/UC7V2KZ5sd3htJivAbA4ZG3w"],"description":"Dicodusport est l'encyclop\u00e9die de l'actualit\u00e9 sportive.","email":"bonjour@dicodusport.fr","legalName":"DICODUSPORT","foundingDate":"2018-01-14","vatID":"FR71834470973","taxID":"83447097300043","numberOfEmployees":{"@type":"QuantitativeValue","minValue":"1","maxValue":"10"}},{"@type":"Person","@id":"https:\/\/dicodusport.fr\/blog\/#\/schema\/person\/55dcb50ad410894e431ed812bbb70191","name":"Nicolas Jacquemard","image":{"@type":"ImageObject","inLanguage":"fr-FR","@id":"https:\/\/dicodusport.fr\/blog\/#\/schema\/person\/image\/","url":"https:\/\/dicodusport.fr\/blog\/wp-content\/uploads\/2021\/05\/Nicolas-Jacquemard-150x150.jpeg","contentUrl":"https:\/\/dicodusport.fr\/blog\/wp-content\/uploads\/2021\/05\/Nicolas-Jacquemard-150x150.jpeg","caption":"Nicolas Jacquemard"},"description":"Passionn\u00e9 de sport et entrepreneur depuis mes 18 ans, la cr\u00e9ation de Dicodusport m'a sembl\u00e9 \u00e9vidente pour participer \u00e0 la m\u00e9diatisation d'un plus grand nombre de sports. Le chemin est long mais avec une \u00e9quipe des plus motiv\u00e9es et les Jeux Olympiques de Paris 2024 en point de mire, nous y arriverons ! Journaliste dans le monde du sport depuis plus de 5 ans, je traite aussi bien de football, de rugby, de biathlon que de cyclisme.","sameAs":["https:\/\/www.facebook.com\/dicodusport","https:\/\/x.com\/https:\/\/twitter.com\/Nico_Jacquemard"],"url":"https:\/\/dicodusport.fr\/blog\/author\/dicodusport\/"}]}},"_links":{"self":[{"href":"https:\/\/dicodusport.fr\/blog\/wp-json\/wp\/v2\/posts\/222374","targetHints":{"allow":["GET"]}}],"collection":[{"href":"https:\/\/dicodusport.fr\/blog\/wp-json\/wp\/v2\/posts"}],"about":[{"href":"https:\/\/dicodusport.fr\/blog\/wp-json\/wp\/v2\/types\/post"}],"author":[{"embeddable":true,"href":"https:\/\/dicodusport.fr\/blog\/wp-json\/wp\/v2\/users\/1"}],"replies":[{"embeddable":true,"href":"https:\/\/dicodusport.fr\/blog\/wp-json\/wp\/v2\/comments?post=222374"}],"version-history":[{"count":0,"href":"https:\/\/dicodusport.fr\/blog\/wp-json\/wp\/v2\/posts\/222374\/revisions"}],"wp:featuredmedia":[{"embeddable":true,"href":"https:\/\/dicodusport.fr\/blog\/wp-json\/wp\/v2\/media\/222375"}],"wp:attachment":[{"href":"https:\/\/dicodusport.fr\/blog\/wp-json\/wp\/v2\/media?parent=222374"}],"wp:term":[{"taxonomy":"category","embeddable":true,"href":"https:\/\/dicodusport.fr\/blog\/wp-json\/wp\/v2\/categories?post=222374"},{"taxonomy":"post_tag","embeddable":true,"href":"https:\/\/dicodusport.fr\/blog\/wp-json\/wp\/v2\/tags?post=222374"}],"curies":[{"name":"wp","href":"https:\/\/api.w.org\/{rel}","templated":true}]}}