{"id":222384,"date":"2022-05-09T15:59:14","date_gmt":"2022-05-09T13:59:14","guid":{"rendered":"https:\/\/dicodusport.fr\/blog\/?p=222384"},"modified":"2022-05-09T16:17:21","modified_gmt":"2022-05-09T14:17:21","slug":"mondial-elite-2022-la-liste-definitive-des-bleus-devoilee","status":"publish","type":"post","link":"https:\/\/dicodusport.fr\/blog\/mondial-elite-2022-la-liste-definitive-des-bleus-devoilee\/","title":{"rendered":"Mondial \u00c9lite 2022 : La liste d\u00e9finitive des Bleus d\u00e9voil\u00e9e"},"content":{"rendered":"<p style=\"text-align: justify;\"><strong><em><a href=\"https:\/\/dicodusport.fr\/blog\/?s=mondial+elite\">Mondial \u00c9lite 2022<\/a> &#8211; \u00c0 quatre jours du d\u00e9but de la comp\u00e9tition \u00e0 Helsinki, la liste de Philippe Bozon a \u00e9t\u00e9 d\u00e9voil\u00e9e. Une liste qui ressemble dans les grandes lignes \u00e0 celle de la semaine derni\u00e8re. Toutefois, deux absents de marque se rajoutent au forfait d\u00e9j\u00e0 connu de St\u00e9phane Da Costa : Antoine Roussel, et Pierre-\u00c9douard Bellemare. Alexandre Texier sera donc le seul NHLer pr\u00e9sent.<\/em><\/strong><\/p>\n<p style=\"text-align: justify;\">Les choses s\u00e9rieuses se rapprochent \u00e0 tr\u00e8s grands pas pour l&rsquo;<strong>\u00e9quipe de France<\/strong> de hockey sur glace. Il est d\u00e9sormais bien loin le temps de la <a href=\"https:\/\/dicodusport.fr\/blog\/hockey-mondial-elite-2022-les-enseignements-de-la-liste-elargie-des-bleus\/\">pr\u00e9-liste de 52 joueurs<\/a>, et des premi\u00e8res joutes amicales face \u00e0 la Lettonie \u00e0 \u00c9pinal. Suite \u00e0 quasiment un mois de pr\u00e9paration, et huit rencontres amicales disput\u00e9es, les Bleus sont sur le point de rentrer dans le vif du sujet. \u00c0 <strong>Helsinki<\/strong>, ils vont ainsi entamer leur campagne au <strong>Mondial \u00c9lite<\/strong> face \u00e0 la <strong>Slovaquie<\/strong>, d\u00e8s vendredi. Ainsi, la f\u00e9d\u00e9ration a annonc\u00e9 en d\u00e9but d&rsquo;apr\u00e8s-midi <strong>la liste d\u00e9finitive des 25 joueurs<\/strong> qui tenteront de d\u00e9crocher le maintien.<\/p>\n<h2 style=\"text-align: justify;\"><strong>Bellemare et Roussel, deux absents de marque<\/strong><\/h2>\n<p style=\"text-align: justify;\">Sans grande surprise, cette liste ressemble dans les grandes lignes \u00e0 la derni\u00e8re de 27, d\u00e9livr\u00e9e la semaine derni\u00e8re pour le stage \u00e0 Zilina. Au niveau des gardiens, on retrouve le m\u00eame trio compos\u00e9 de <strong>Henri-Corentin Buysse<\/strong>, <strong>Quentin Papillon<\/strong> et <strong>S\u00e9bastien Yl\u00f6nen<\/strong>. Le premier cit\u00e9 sera sans aucun doute titulaire, mais il ne serait pas \u00e9tonnant de voir les deux autres b\u00e9n\u00e9ficier d&rsquo;une titularisation \u00e0 l&rsquo;occasion, au vu de leurs belles performances tout au long de la pr\u00e9paration. En d\u00e9fense, ce sont l\u00e0 encore les huit m\u00eames qui seront sur le front. Bless\u00e9 avant m\u00eame le d\u00e9but du TQO il y a neuf mois, <strong>Yohan Auvitu<\/strong> apportera sa pr\u00e9sence rassurante, et aura \u00e9galement un r\u00f4le cl\u00e9 pour tenter de lancer au mieux les offensives de l&rsquo;arri\u00e8re. Pour l&rsquo;accompagner, il pourra compter sur des trentenaires exp\u00e9riment\u00e9s, et la talentueuse jeunesse de <strong>Pierre Crinon<\/strong> et <strong>Hugo Gallet<\/strong>.<\/p>\n<p style=\"text-align: justify;\">En revanche, la composition de l&rsquo;offensive est elle riche en enseignements. Avant toute chose, trois joueurs ont \u00e9t\u00e9 \u00e9cart\u00e9s durant ce dernier cut : Lo\u00efc Farnier, Peter Valier et Gabin Ville. Pour les remplacer et arriver au nombre exact de 25, <strong>Fabien Colotti<\/strong> est le seul \u00e0 effectuer son retour. Cela signifie en cons\u00e9quence que <strong>ni Antoine Roussel, ni Pierre-\u00c9douard Bellemare<\/strong> ne prendront part \u00e0 l&rsquo;aventure. Si l&rsquo;on rajoute \u00e0 cela le forfait d\u00e9j\u00e0 connu depuis plusieurs semaines de <strong>St\u00e9phane Da Costa<\/strong>,<strong> Philippe Bozon va devoir composer sans trois de ses quatre hommes forts<\/strong>.<\/p>\n<p style=\"text-align: justify;\">Une terrible nouvelle, d&rsquo;autant plus au vu des probl\u00e8mes offensifs r\u00e9currents entrevus, durant les derni\u00e8res semaines. Il faudra donc que les joueurs d&rsquo;exp\u00e9rience comme <strong>Damien Fleury, Sacha Treille, Charles Bertrand<\/strong> ou <strong>Anthony Rech<\/strong> soient \u00e0 leur meilleur niveau pour inscrire des buts. Il sera \u00e9galement int\u00e9ressant de voir l&rsquo;apport des jeunes <strong>Louis Boudon<\/strong> ou <strong>Dylan Fabre,<\/strong> tous deux auteurs de saison remarquables, respectivement en NCAA et en Ligue Magnus. Cette derni\u00e8re est d&rsquo;ailleurs bien repr\u00e9sent\u00e9e avec onze joueurs, dont quatre champions grenoblois.<\/p>\n<blockquote class=\"twitter-tweet\">\n<p dir=\"ltr\" lang=\"fr\">Voici la liste des 2&#x20e3;5&#x20e3; s\u00e9lectionn\u00e9s par Philippe Bozon qui se battront pour r\u00e9ussir la <a href=\"https:\/\/twitter.com\/hashtag\/MissionBleue?src=hash&amp;ref_src=twsrc%5Etfw\">#MissionBleue<\/a> : se maintenir en \u00c9lite.<\/p>\n<p>&#xfe0f; 13 au 29 mai<br \/>\nHelsinki<\/p>\n<p>&#x2139;&#xfe0f; Plus d&rsquo;infos <a href=\"https:\/\/t.co\/UHh1kGCs50\">https:\/\/t.co\/UHh1kGCs50<\/a> <a href=\"https:\/\/t.co\/Cr5qmVe5vV\">pic.twitter.com\/Cr5qmVe5vV<\/a><\/p>\n<p>\u2014 \u00c9quipes France Hockey (@Hockey_FRA) <a href=\"https:\/\/twitter.com\/Hockey_FRA\/status\/1523611727400960001?ref_src=twsrc%5Etfw\">May 9, 2022<\/a><\/p><\/blockquote>\n<p><script async src=\"https:\/\/platform.twitter.com\/widgets.js\" charset=\"utf-8\"><\/script><\/p>\n<h2 style=\"text-align: justify;\"><strong>R\u00e9partition des 25 joueurs :<\/strong><\/h2>\n<p style=\"text-align: justify;\"><em><strong>Ligue Magnus (11)<\/strong><\/em> : Pierre Crinon, Dylan Fabre, Damien Fleury, Sacha Treille (Grenoble), Vincent Llorca, Nicolas Ritz (Angers), Florian Chakiachvili (Rouen), Romain Bault, Henri-Corentin Buysse (Amiens), S\u00e9bastien Yl\u00f6nen (Cergy-Pontoise), Fabien Colotti (Gap)<\/p>\n<p style=\"text-align: justify;\"><strong>Ligue Nationale Suisse (4)<\/strong> : K\u00e9vin Bozon (Ajoie), Tim Bozon (Lausanne), Enzo Guebey (Z\u00fcrich), Thomas Thiry (Berne)<\/p>\n<p style=\"text-align: justify;\"><strong>Liiga finlandaise (3)<\/strong> : Charles Bertrand (Tappara), Yohan Auvitu (IFK Helsinki), Hugo Gallet (KalPa)<\/p>\n<p style=\"text-align: justify;\"><strong>R\u00e9publique Tch\u00e8que (2)<\/strong> : Valentin Claireaux (Zlin), Jordann Perret (Mountfield)<\/p>\n<p style=\"text-align: justify;\"><strong>NHL (1)<\/strong> : Alexandre Texier (Columbus Blue Jackets)<\/p>\n<p style=\"text-align: justify;\"><strong>DEL Allemande (1)<\/strong> : Anthony Rech (Wolfsbourg)<\/p>\n<p style=\"text-align: justify;\"><strong>ICEHL (1)<\/strong> : Guillaume Leclerc (Olimpia Ljubljana)<\/p>\n<p style=\"text-align: justify;\"><strong>NCAA (1)<\/strong> : Louis Boudon (Lake Superior State University)<\/p>\n<p style=\"text-align: justify;\"><strong>Norv\u00e8ge (1)<\/strong> : Quentin Papillon (Gr\u00fcner)<\/p>\n<h2 style=\"text-align: justify;\"><strong>Calendrier des Bleus :<\/strong><\/h2>\n<p style=\"text-align: justify;\">13\/05 : Slovaquie &#8211; France (16h30)<\/p>\n<p style=\"text-align: justify;\">15\/05 : France &#8211; Kazakhstan (16h30)<\/p>\n<p style=\"text-align: justify;\">16\/05 : France &#8211; Allemagne (20h30)<\/p>\n<p style=\"text-align: justify;\">18\/05 : France &#8211; Italie (16h30)<\/p>\n<p style=\"text-align: justify;\">21\/05 : Danemark &#8211; France (12h30)<\/p>\n<p style=\"text-align: justify;\">22\/05 : Suisse &#8211; France (20h30)<\/p>\n<p style=\"text-align: justify;\">24\/05 : Canada &#8211; France (20h30)<\/p>\n<blockquote class=\"twitter-tweet\">\n<p dir=\"ltr\" lang=\"fr\">:<\/p>\n<p>Du 13 au 29 mai, les 16 meilleures \u00e9quipes nationales s\u2019affronteront au Championnat du Monde 2022, en Finlande, et FANSEAT diffusera toute l\u2019action ! <a href=\"https:\/\/twitter.com\/IIHFHockey?ref_src=twsrc%5Etfw\">@IIHFHockey<\/a> <a href=\"https:\/\/twitter.com\/Hockey_FRA?ref_src=twsrc%5Etfw\">@Hockey_FRA<\/a> <a href=\"https:\/\/twitter.com\/hashtag\/HockeyFrance?src=hash&amp;ref_src=twsrc%5Etfw\">#HockeyFrance<\/a> <a href=\"https:\/\/t.co\/3queQgtDjb\">pic.twitter.com\/3queQgtDjb<\/a><\/p>\n<p>\u2014 FANSEAT (@FANSEAT_FR) <a href=\"https:\/\/twitter.com\/FANSEAT_FR\/status\/1514246909745156097?ref_src=twsrc%5Etfw\">April 13, 2022<\/a><\/p><\/blockquote>\n<p style=\"text-align: justify;\"><script async src=\"https:\/\/platform.twitter.com\/widgets.js\" charset=\"utf-8\"><\/script><\/p>\n","protected":false},"excerpt":{"rendered":"<p>Mondial \u00c9lite 2022 &#8211; \u00c0 quatre jours du d\u00e9but de la comp\u00e9tition \u00e0 Helsinki, la liste de Philippe Bozon a \u00e9t\u00e9 d\u00e9voil\u00e9e. Une liste qui ressemble dans les grandes lignes \u00e0 celle de la semaine derni\u00e8re. Toutefois, deux absents de marque se rajoutent au forfait d\u00e9j\u00e0 connu de St\u00e9phane Da Costa : Antoine Roussel, et Pierre-\u00c9douard Bellemare. Alexandre Texier sera donc le seul NHLer pr\u00e9sent.<\/p>\n","protected":false},"author":55,"featured_media":220931,"comment_status":"open","ping_status":"closed","sticky":false,"template":"","format":"standard","meta":{"_acf_changed":false,"_daextam_enable_autolinks":"","footnotes":""},"categories":[10575],"tags":[3059,838,23397],"class_list":["post-222384","post","type-post","status-publish","format-standard","has-post-thumbnail","hentry","category-hockey-sur-glace","tag-equipe-de-france-de-hockey-sur-glace","tag-hockey-sur-glace","tag-mondial-elite-hockey-sur-glace"],"acf":[],"yoast_head":"<!-- This site is optimized with the Yoast SEO Premium plugin v26.7 (Yoast SEO v26.7) - https:\/\/yoast.com\/wordpress\/plugins\/seo\/ -->\n<title>Mondial \u00c9lite 2022 : La liste d\u00e9finitive des Bleus d\u00e9voil\u00e9e<\/title>\n<meta name=\"description\" content=\"La liste des 25 Bleus qui disputeront le Mondial \u00c9lite de hockey sur glace \u00e0 Helsinki a \u00e9t\u00e9 d\u00e9voil\u00e9e ce lundi.\" \/>\n<meta name=\"robots\" content=\"index, follow, max-snippet:-1, max-image-preview:large, max-video-preview:-1\" \/>\n<link rel=\"canonical\" href=\"https:\/\/dicodusport.fr\/blog\/mondial-elite-2022-la-liste-definitive-des-bleus-devoilee\/\" \/>\n<meta property=\"og:locale\" content=\"fr_FR\" \/>\n<meta property=\"og:type\" content=\"article\" \/>\n<meta property=\"og:title\" content=\"Mondial \u00c9lite 2022 : La liste d\u00e9finitive des Bleus d\u00e9voil\u00e9e\" \/>\n<meta property=\"og:description\" content=\"La liste des 25 Bleus qui disputeront le Mondial \u00c9lite de hockey sur glace \u00e0 Helsinki a \u00e9t\u00e9 d\u00e9voil\u00e9e ce lundi.\" \/>\n<meta property=\"og:url\" content=\"https:\/\/dicodusport.fr\/blog\/mondial-elite-2022-la-liste-definitive-des-bleus-devoilee\/\" \/>\n<meta property=\"og:site_name\" content=\"Dicodusport\" \/>\n<meta property=\"article:publisher\" content=\"https:\/\/www.facebook.com\/dicodusport\" \/>\n<meta property=\"article:published_time\" content=\"2022-05-09T13:59:14+00:00\" \/>\n<meta property=\"article:modified_time\" content=\"2022-05-09T14:17:21+00:00\" \/>\n<meta property=\"og:image\" content=\"https:\/\/dicodusport.fr\/blog\/wp-content\/uploads\/2022\/05\/Hockey-Mondial-Elite-2022-Lequipe-de-France-pourra-compter-sur-Alexandre-Texier.png\" \/>\n\t<meta property=\"og:image:width\" content=\"800\" \/>\n\t<meta property=\"og:image:height\" content=\"445\" \/>\n\t<meta property=\"og:image:type\" content=\"image\/png\" \/>\n<meta name=\"author\" content=\"Maxime Cazenave\" \/>\n<meta name=\"twitter:card\" content=\"summary_large_image\" \/>\n<meta name=\"twitter:title\" content=\"Mondial \u00c9lite 2022 : La liste d\u00e9finitive des Bleus d\u00e9voil\u00e9e\" \/>\n<meta name=\"twitter:creator\" content=\"@https:\/\/twitter.com\/Maxime_Caze\" \/>\n<meta name=\"twitter:site\" content=\"@dicodusport\" \/>\n<script type=\"application\/ld+json\" class=\"yoast-schema-graph\">{\"@context\":\"https:\/\/schema.org\",\"@graph\":[{\"@type\":\"NewsArticle\",\"@id\":\"https:\/\/dicodusport.fr\/blog\/mondial-elite-2022-la-liste-definitive-des-bleus-devoilee\/#article\",\"isPartOf\":{\"@id\":\"https:\/\/dicodusport.fr\/blog\/mondial-elite-2022-la-liste-definitive-des-bleus-devoilee\/\"},\"author\":{\"name\":\"Maxime Cazenave\",\"@id\":\"https:\/\/dicodusport.fr\/blog\/#\/schema\/person\/37def232098a7a5cbab3974a3690abb0\"},\"headline\":\"Mondial \u00c9lite 2022 : La liste d\u00e9finitive des Bleus d\u00e9voil\u00e9e\",\"datePublished\":\"2022-05-09T13:59:14+00:00\",\"dateModified\":\"2022-05-09T14:17:21+00:00\",\"mainEntityOfPage\":{\"@id\":\"https:\/\/dicodusport.fr\/blog\/mondial-elite-2022-la-liste-definitive-des-bleus-devoilee\/\"},\"wordCount\":775,\"commentCount\":0,\"publisher\":{\"@id\":\"https:\/\/dicodusport.fr\/blog\/#organization\"},\"image\":{\"@id\":\"https:\/\/dicodusport.fr\/blog\/mondial-elite-2022-la-liste-definitive-des-bleus-devoilee\/#primaryimage\"},\"thumbnailUrl\":\"https:\/\/dicodusport.fr\/blog\/wp-content\/uploads\/2022\/05\/Hockey-Mondial-Elite-2022-Lequipe-de-France-pourra-compter-sur-Alexandre-Texier.png\",\"keywords\":[\"Equipe de France de Hockey sur Glace\",\"hockey sur glace\",\"Mondial \u00c9lite Hockey sur glace\"],\"articleSection\":[\"Hockey sur glace\"],\"inLanguage\":\"fr-FR\",\"potentialAction\":[{\"@type\":\"CommentAction\",\"name\":\"Comment\",\"target\":[\"https:\/\/dicodusport.fr\/blog\/mondial-elite-2022-la-liste-definitive-des-bleus-devoilee\/#respond\"]}],\"copyrightYear\":\"2022\",\"copyrightHolder\":{\"@id\":\"https:\/\/dicodusport.fr\/blog\/#organization\"}},{\"@type\":\"WebPage\",\"@id\":\"https:\/\/dicodusport.fr\/blog\/mondial-elite-2022-la-liste-definitive-des-bleus-devoilee\/\",\"url\":\"https:\/\/dicodusport.fr\/blog\/mondial-elite-2022-la-liste-definitive-des-bleus-devoilee\/\",\"name\":\"Mondial \u00c9lite 2022 : La liste d\u00e9finitive des Bleus d\u00e9voil\u00e9e\",\"isPartOf\":{\"@id\":\"https:\/\/dicodusport.fr\/blog\/#website\"},\"primaryImageOfPage\":{\"@id\":\"https:\/\/dicodusport.fr\/blog\/mondial-elite-2022-la-liste-definitive-des-bleus-devoilee\/#primaryimage\"},\"image\":{\"@id\":\"https:\/\/dicodusport.fr\/blog\/mondial-elite-2022-la-liste-definitive-des-bleus-devoilee\/#primaryimage\"},\"thumbnailUrl\":\"https:\/\/dicodusport.fr\/blog\/wp-content\/uploads\/2022\/05\/Hockey-Mondial-Elite-2022-Lequipe-de-France-pourra-compter-sur-Alexandre-Texier.png\",\"datePublished\":\"2022-05-09T13:59:14+00:00\",\"dateModified\":\"2022-05-09T14:17:21+00:00\",\"description\":\"La liste des 25 Bleus qui disputeront le Mondial \u00c9lite de hockey sur glace \u00e0 Helsinki a \u00e9t\u00e9 d\u00e9voil\u00e9e ce lundi.\",\"breadcrumb\":{\"@id\":\"https:\/\/dicodusport.fr\/blog\/mondial-elite-2022-la-liste-definitive-des-bleus-devoilee\/#breadcrumb\"},\"inLanguage\":\"fr-FR\",\"potentialAction\":[{\"@type\":\"ReadAction\",\"target\":[\"https:\/\/dicodusport.fr\/blog\/mondial-elite-2022-la-liste-definitive-des-bleus-devoilee\/\"]}]},{\"@type\":\"ImageObject\",\"inLanguage\":\"fr-FR\",\"@id\":\"https:\/\/dicodusport.fr\/blog\/mondial-elite-2022-la-liste-definitive-des-bleus-devoilee\/#primaryimage\",\"url\":\"https:\/\/dicodusport.fr\/blog\/wp-content\/uploads\/2022\/05\/Hockey-Mondial-Elite-2022-Lequipe-de-France-pourra-compter-sur-Alexandre-Texier.png\",\"contentUrl\":\"https:\/\/dicodusport.fr\/blog\/wp-content\/uploads\/2022\/05\/Hockey-Mondial-Elite-2022-Lequipe-de-France-pourra-compter-sur-Alexandre-Texier.png\",\"width\":800,\"height\":445,\"caption\":\"Hockey Mondial \u00c9lite 2022 L'\u00e9quipe de France pourra compter sur Alexandre Texier\"},{\"@type\":\"BreadcrumbList\",\"@id\":\"https:\/\/dicodusport.fr\/blog\/mondial-elite-2022-la-liste-definitive-des-bleus-devoilee\/#breadcrumb\",\"itemListElement\":[{\"@type\":\"ListItem\",\"position\":1,\"name\":\"Accueil\",\"item\":\"https:\/\/dicodusport.fr\/blog\/\"},{\"@type\":\"ListItem\",\"position\":2,\"name\":\"Mondial \u00c9lite 2022 : La liste d\u00e9finitive des Bleus d\u00e9voil\u00e9e\"}]},{\"@type\":\"WebSite\",\"@id\":\"https:\/\/dicodusport.fr\/blog\/#website\",\"url\":\"https:\/\/dicodusport.fr\/blog\/\",\"name\":\"Dicodusport\",\"description\":\"L&#039;encyclop\u00e9die de l&#039;actualit\u00e9 sportive\",\"publisher\":{\"@id\":\"https:\/\/dicodusport.fr\/blog\/#organization\"},\"potentialAction\":[{\"@type\":\"SearchAction\",\"target\":{\"@type\":\"EntryPoint\",\"urlTemplate\":\"https:\/\/dicodusport.fr\/blog\/?s={search_term_string}\"},\"query-input\":{\"@type\":\"PropertyValueSpecification\",\"valueRequired\":true,\"valueName\":\"search_term_string\"}}],\"inLanguage\":\"fr-FR\"},{\"@type\":\"NewsMediaOrganization\",\"@id\":\"https:\/\/dicodusport.fr\/blog\/#organization\",\"name\":\"Dicodusport\",\"url\":\"https:\/\/dicodusport.fr\/blog\/\",\"logo\":{\"@type\":\"ImageObject\",\"inLanguage\":\"fr-FR\",\"@id\":\"https:\/\/dicodusport.fr\/blog\/#\/schema\/logo\/image\/\",\"url\":\"https:\/\/dicodusport.fr\/blog\/wp-content\/uploads\/2020\/06\/cropped-LOGO-DICODUSPORT-2020-SANS-FOND-SANS-TEXTE.png\",\"contentUrl\":\"https:\/\/dicodusport.fr\/blog\/wp-content\/uploads\/2020\/06\/cropped-LOGO-DICODUSPORT-2020-SANS-FOND-SANS-TEXTE.png\",\"width\":512,\"height\":512,\"caption\":\"Dicodusport\"},\"image\":{\"@id\":\"https:\/\/dicodusport.fr\/blog\/#\/schema\/logo\/image\/\"},\"sameAs\":[\"https:\/\/www.facebook.com\/dicodusport\",\"https:\/\/x.com\/dicodusport\",\"https:\/\/www.instagram.com\/dicodusport\/\",\"https:\/\/www.youtube.com\/channel\/UC7V2KZ5sd3htJivAbA4ZG3w\"],\"description\":\"Dicodusport est l'encyclop\u00e9die de l'actualit\u00e9 sportive.\",\"email\":\"bonjour@dicodusport.fr\",\"legalName\":\"DICODUSPORT\",\"foundingDate\":\"2018-01-14\",\"vatID\":\"FR71834470973\",\"taxID\":\"83447097300043\",\"numberOfEmployees\":{\"@type\":\"QuantitativeValue\",\"minValue\":\"1\",\"maxValue\":\"10\"}},{\"@type\":\"Person\",\"@id\":\"https:\/\/dicodusport.fr\/blog\/#\/schema\/person\/37def232098a7a5cbab3974a3690abb0\",\"name\":\"Maxime Cazenave\",\"image\":{\"@type\":\"ImageObject\",\"inLanguage\":\"fr-FR\",\"@id\":\"https:\/\/dicodusport.fr\/blog\/#\/schema\/person\/image\/\",\"url\":\"https:\/\/dicodusport.fr\/blog\/wp-content\/uploads\/2021\/05\/Maxime-Cazenave-150x150.jpg\",\"contentUrl\":\"https:\/\/dicodusport.fr\/blog\/wp-content\/uploads\/2021\/05\/Maxime-Cazenave-150x150.jpg\",\"caption\":\"Maxime Cazenave\"},\"description\":\"Journaliste\/R\u00e9dacteur depuis 2012 - Berc\u00e9 par l\u2019amour des Girondins de Bordeaux, les \u00e9checs de Christophe Moreau sur le Tour de France sous l'\u00e8re Lance Armstrong et le fade-away l\u00e9tal de Dirk Nowitzki, ma passion d\u00e9vorante pour le sport a toujours \u00e9t\u00e9 un pan incontournable de ma vie. Transmettre ma passion \u00e0 l\u2019\u00e9crit a \u00e9t\u00e9 une transition naturelle. Suiveur assidu de basket et de hockey sur glace, je garde toujours un peu de place pour suivre le cyclisme, le football et le maximum de performances fran\u00e7aises.\",\"sameAs\":[\"https:\/\/x.com\/https:\/\/twitter.com\/Maxime_Caze\"],\"url\":\"https:\/\/dicodusport.fr\/blog\/author\/maximec\/\"}]}<\/script>\n<!-- \/ Yoast SEO Premium plugin. -->","yoast_head_json":{"title":"Mondial \u00c9lite 2022 : La liste d\u00e9finitive des Bleus d\u00e9voil\u00e9e","description":"La liste des 25 Bleus qui disputeront le Mondial \u00c9lite de hockey sur glace \u00e0 Helsinki a \u00e9t\u00e9 d\u00e9voil\u00e9e ce lundi.","robots":{"index":"index","follow":"follow","max-snippet":"max-snippet:-1","max-image-preview":"max-image-preview:large","max-video-preview":"max-video-preview:-1"},"canonical":"https:\/\/dicodusport.fr\/blog\/mondial-elite-2022-la-liste-definitive-des-bleus-devoilee\/","og_locale":"fr_FR","og_type":"article","og_title":"Mondial \u00c9lite 2022 : La liste d\u00e9finitive des Bleus d\u00e9voil\u00e9e","og_description":"La liste des 25 Bleus qui disputeront le Mondial \u00c9lite de hockey sur glace \u00e0 Helsinki a \u00e9t\u00e9 d\u00e9voil\u00e9e ce lundi.","og_url":"https:\/\/dicodusport.fr\/blog\/mondial-elite-2022-la-liste-definitive-des-bleus-devoilee\/","og_site_name":"Dicodusport","article_publisher":"https:\/\/www.facebook.com\/dicodusport","article_published_time":"2022-05-09T13:59:14+00:00","article_modified_time":"2022-05-09T14:17:21+00:00","og_image":[{"width":800,"height":445,"url":"https:\/\/dicodusport.fr\/blog\/wp-content\/uploads\/2022\/05\/Hockey-Mondial-Elite-2022-Lequipe-de-France-pourra-compter-sur-Alexandre-Texier.png","type":"image\/png"}],"author":"Maxime Cazenave","twitter_card":"summary_large_image","twitter_title":"Mondial \u00c9lite 2022 : La liste d\u00e9finitive des Bleus d\u00e9voil\u00e9e","twitter_creator":"@https:\/\/twitter.com\/Maxime_Caze","twitter_site":"@dicodusport","schema":{"@context":"https:\/\/schema.org","@graph":[{"@type":"NewsArticle","@id":"https:\/\/dicodusport.fr\/blog\/mondial-elite-2022-la-liste-definitive-des-bleus-devoilee\/#article","isPartOf":{"@id":"https:\/\/dicodusport.fr\/blog\/mondial-elite-2022-la-liste-definitive-des-bleus-devoilee\/"},"author":{"name":"Maxime Cazenave","@id":"https:\/\/dicodusport.fr\/blog\/#\/schema\/person\/37def232098a7a5cbab3974a3690abb0"},"headline":"Mondial \u00c9lite 2022 : La liste d\u00e9finitive des Bleus d\u00e9voil\u00e9e","datePublished":"2022-05-09T13:59:14+00:00","dateModified":"2022-05-09T14:17:21+00:00","mainEntityOfPage":{"@id":"https:\/\/dicodusport.fr\/blog\/mondial-elite-2022-la-liste-definitive-des-bleus-devoilee\/"},"wordCount":775,"commentCount":0,"publisher":{"@id":"https:\/\/dicodusport.fr\/blog\/#organization"},"image":{"@id":"https:\/\/dicodusport.fr\/blog\/mondial-elite-2022-la-liste-definitive-des-bleus-devoilee\/#primaryimage"},"thumbnailUrl":"https:\/\/dicodusport.fr\/blog\/wp-content\/uploads\/2022\/05\/Hockey-Mondial-Elite-2022-Lequipe-de-France-pourra-compter-sur-Alexandre-Texier.png","keywords":["Equipe de France de Hockey sur Glace","hockey sur glace","Mondial \u00c9lite Hockey sur glace"],"articleSection":["Hockey sur glace"],"inLanguage":"fr-FR","potentialAction":[{"@type":"CommentAction","name":"Comment","target":["https:\/\/dicodusport.fr\/blog\/mondial-elite-2022-la-liste-definitive-des-bleus-devoilee\/#respond"]}],"copyrightYear":"2022","copyrightHolder":{"@id":"https:\/\/dicodusport.fr\/blog\/#organization"}},{"@type":"WebPage","@id":"https:\/\/dicodusport.fr\/blog\/mondial-elite-2022-la-liste-definitive-des-bleus-devoilee\/","url":"https:\/\/dicodusport.fr\/blog\/mondial-elite-2022-la-liste-definitive-des-bleus-devoilee\/","name":"Mondial \u00c9lite 2022 : La liste d\u00e9finitive des Bleus d\u00e9voil\u00e9e","isPartOf":{"@id":"https:\/\/dicodusport.fr\/blog\/#website"},"primaryImageOfPage":{"@id":"https:\/\/dicodusport.fr\/blog\/mondial-elite-2022-la-liste-definitive-des-bleus-devoilee\/#primaryimage"},"image":{"@id":"https:\/\/dicodusport.fr\/blog\/mondial-elite-2022-la-liste-definitive-des-bleus-devoilee\/#primaryimage"},"thumbnailUrl":"https:\/\/dicodusport.fr\/blog\/wp-content\/uploads\/2022\/05\/Hockey-Mondial-Elite-2022-Lequipe-de-France-pourra-compter-sur-Alexandre-Texier.png","datePublished":"2022-05-09T13:59:14+00:00","dateModified":"2022-05-09T14:17:21+00:00","description":"La liste des 25 Bleus qui disputeront le Mondial \u00c9lite de hockey sur glace \u00e0 Helsinki a \u00e9t\u00e9 d\u00e9voil\u00e9e ce lundi.","breadcrumb":{"@id":"https:\/\/dicodusport.fr\/blog\/mondial-elite-2022-la-liste-definitive-des-bleus-devoilee\/#breadcrumb"},"inLanguage":"fr-FR","potentialAction":[{"@type":"ReadAction","target":["https:\/\/dicodusport.fr\/blog\/mondial-elite-2022-la-liste-definitive-des-bleus-devoilee\/"]}]},{"@type":"ImageObject","inLanguage":"fr-FR","@id":"https:\/\/dicodusport.fr\/blog\/mondial-elite-2022-la-liste-definitive-des-bleus-devoilee\/#primaryimage","url":"https:\/\/dicodusport.fr\/blog\/wp-content\/uploads\/2022\/05\/Hockey-Mondial-Elite-2022-Lequipe-de-France-pourra-compter-sur-Alexandre-Texier.png","contentUrl":"https:\/\/dicodusport.fr\/blog\/wp-content\/uploads\/2022\/05\/Hockey-Mondial-Elite-2022-Lequipe-de-France-pourra-compter-sur-Alexandre-Texier.png","width":800,"height":445,"caption":"Hockey Mondial \u00c9lite 2022 L'\u00e9quipe de France pourra compter sur Alexandre Texier"},{"@type":"BreadcrumbList","@id":"https:\/\/dicodusport.fr\/blog\/mondial-elite-2022-la-liste-definitive-des-bleus-devoilee\/#breadcrumb","itemListElement":[{"@type":"ListItem","position":1,"name":"Accueil","item":"https:\/\/dicodusport.fr\/blog\/"},{"@type":"ListItem","position":2,"name":"Mondial \u00c9lite 2022 : La liste d\u00e9finitive des Bleus d\u00e9voil\u00e9e"}]},{"@type":"WebSite","@id":"https:\/\/dicodusport.fr\/blog\/#website","url":"https:\/\/dicodusport.fr\/blog\/","name":"Dicodusport","description":"L&#039;encyclop\u00e9die de l&#039;actualit\u00e9 sportive","publisher":{"@id":"https:\/\/dicodusport.fr\/blog\/#organization"},"potentialAction":[{"@type":"SearchAction","target":{"@type":"EntryPoint","urlTemplate":"https:\/\/dicodusport.fr\/blog\/?s={search_term_string}"},"query-input":{"@type":"PropertyValueSpecification","valueRequired":true,"valueName":"search_term_string"}}],"inLanguage":"fr-FR"},{"@type":"NewsMediaOrganization","@id":"https:\/\/dicodusport.fr\/blog\/#organization","name":"Dicodusport","url":"https:\/\/dicodusport.fr\/blog\/","logo":{"@type":"ImageObject","inLanguage":"fr-FR","@id":"https:\/\/dicodusport.fr\/blog\/#\/schema\/logo\/image\/","url":"https:\/\/dicodusport.fr\/blog\/wp-content\/uploads\/2020\/06\/cropped-LOGO-DICODUSPORT-2020-SANS-FOND-SANS-TEXTE.png","contentUrl":"https:\/\/dicodusport.fr\/blog\/wp-content\/uploads\/2020\/06\/cropped-LOGO-DICODUSPORT-2020-SANS-FOND-SANS-TEXTE.png","width":512,"height":512,"caption":"Dicodusport"},"image":{"@id":"https:\/\/dicodusport.fr\/blog\/#\/schema\/logo\/image\/"},"sameAs":["https:\/\/www.facebook.com\/dicodusport","https:\/\/x.com\/dicodusport","https:\/\/www.instagram.com\/dicodusport\/","https:\/\/www.youtube.com\/channel\/UC7V2KZ5sd3htJivAbA4ZG3w"],"description":"Dicodusport est l'encyclop\u00e9die de l'actualit\u00e9 sportive.","email":"bonjour@dicodusport.fr","legalName":"DICODUSPORT","foundingDate":"2018-01-14","vatID":"FR71834470973","taxID":"83447097300043","numberOfEmployees":{"@type":"QuantitativeValue","minValue":"1","maxValue":"10"}},{"@type":"Person","@id":"https:\/\/dicodusport.fr\/blog\/#\/schema\/person\/37def232098a7a5cbab3974a3690abb0","name":"Maxime Cazenave","image":{"@type":"ImageObject","inLanguage":"fr-FR","@id":"https:\/\/dicodusport.fr\/blog\/#\/schema\/person\/image\/","url":"https:\/\/dicodusport.fr\/blog\/wp-content\/uploads\/2021\/05\/Maxime-Cazenave-150x150.jpg","contentUrl":"https:\/\/dicodusport.fr\/blog\/wp-content\/uploads\/2021\/05\/Maxime-Cazenave-150x150.jpg","caption":"Maxime Cazenave"},"description":"Journaliste\/R\u00e9dacteur depuis 2012 - Berc\u00e9 par l\u2019amour des Girondins de Bordeaux, les \u00e9checs de Christophe Moreau sur le Tour de France sous l'\u00e8re Lance Armstrong et le fade-away l\u00e9tal de Dirk Nowitzki, ma passion d\u00e9vorante pour le sport a toujours \u00e9t\u00e9 un pan incontournable de ma vie. Transmettre ma passion \u00e0 l\u2019\u00e9crit a \u00e9t\u00e9 une transition naturelle. Suiveur assidu de basket et de hockey sur glace, je garde toujours un peu de place pour suivre le cyclisme, le football et le maximum de performances fran\u00e7aises.","sameAs":["https:\/\/x.com\/https:\/\/twitter.com\/Maxime_Caze"],"url":"https:\/\/dicodusport.fr\/blog\/author\/maximec\/"}]}},"_links":{"self":[{"href":"https:\/\/dicodusport.fr\/blog\/wp-json\/wp\/v2\/posts\/222384","targetHints":{"allow":["GET"]}}],"collection":[{"href":"https:\/\/dicodusport.fr\/blog\/wp-json\/wp\/v2\/posts"}],"about":[{"href":"https:\/\/dicodusport.fr\/blog\/wp-json\/wp\/v2\/types\/post"}],"author":[{"embeddable":true,"href":"https:\/\/dicodusport.fr\/blog\/wp-json\/wp\/v2\/users\/55"}],"replies":[{"embeddable":true,"href":"https:\/\/dicodusport.fr\/blog\/wp-json\/wp\/v2\/comments?post=222384"}],"version-history":[{"count":0,"href":"https:\/\/dicodusport.fr\/blog\/wp-json\/wp\/v2\/posts\/222384\/revisions"}],"wp:featuredmedia":[{"embeddable":true,"href":"https:\/\/dicodusport.fr\/blog\/wp-json\/wp\/v2\/media\/220931"}],"wp:attachment":[{"href":"https:\/\/dicodusport.fr\/blog\/wp-json\/wp\/v2\/media?parent=222384"}],"wp:term":[{"taxonomy":"category","embeddable":true,"href":"https:\/\/dicodusport.fr\/blog\/wp-json\/wp\/v2\/categories?post=222384"},{"taxonomy":"post_tag","embeddable":true,"href":"https:\/\/dicodusport.fr\/blog\/wp-json\/wp\/v2\/tags?post=222384"}],"curies":[{"name":"wp","href":"https:\/\/api.w.org\/{rel}","templated":true}]}}