{"id":222436,"date":"2022-05-10T08:50:56","date_gmt":"2022-05-10T06:50:56","guid":{"rendered":"https:\/\/dicodusport.fr\/blog\/?p=222436"},"modified":"2022-05-10T09:38:37","modified_gmt":"2022-05-10T07:38:37","slug":"atp-challenger-primrose-ce-qu-il-faut-retenir-de-la-journee-de-lundi","status":"publish","type":"post","link":"https:\/\/dicodusport.fr\/blog\/atp-challenger-primrose-ce-qu-il-faut-retenir-de-la-journee-de-lundi\/","title":{"rendered":"ATP Challenger Primrose\u00a0: Ce qu&rsquo;il faut retenir de la journ\u00e9e de lundi"},"content":{"rendered":"<p style=\"text-align: justify;\"><em><strong>ATP Challenger Primrose &#8211; Trois ans apr\u00e8s sa derni\u00e8re \u00e9dition, le Challenger ATP de Primrose a vu son tableau principal d\u00e9buter. Ce lundi, quatre rencontres ont anim\u00e9 la premi\u00e8re journ\u00e9e. Une journ\u00e9e mitig\u00e9e pour les Fran\u00e7ais puisque seul Quentin Halys est parvenu \u00e0 se qualifier face \u00e0 son compatriote Hugo Grenier. Richard Gasquet a de son c\u00f4t\u00e9 d\u00e9j\u00e0 pris la porte, tout comme le jeune espoir Arthur Fils.<\/strong><\/em><\/p>\n<p style=\"text-align: justify;\">Le tournoi <strong>Challenger ATP de Primrose<\/strong> faisait peau neuve. Suite aux deux annulations cons\u00e9cutives en raison du Covid, la ville de <strong>Bordeaux<\/strong> a enfin retrouv\u00e9 son tournoi, plus beau et comp\u00e9titif que jamais. En effet, le tournoi a d\u00e9sormais rejoint le plus haut grade des tournois Challenger en devenant un <strong>Challenger 125<\/strong>, ce qui signifie plus de points pour le ranking ATP, mais \u00e9galement un cash prize plus \u00e9lev\u00e9.<\/p>\n<h2 style=\"text-align: justify;\">Quentin Halys, premier tricolore qualifi\u00e9 au second tour<\/h2>\n<p style=\"text-align: justify;\"><span style=\"text-align: justify;\">Ainsi, le tableau final pour d\u00e9terminer le successeur de <\/span><strong style=\"text-align: justify;\">Lucas Pouille<\/strong><span style=\"text-align: justify;\">, dernier vainqueur en 2019, a d\u00e9but\u00e9 aujourd\u2019hui. Pour l\u2019occasion, c\u2019est <\/span><strong style=\"text-align: justify;\">Arthur Fils<\/strong><span style=\"text-align: justify;\"> qui a eu le privil\u00e8ge de lancer l\u2019hostilit\u00e9. Actuellement class\u00e9 407e, <\/span><a style=\"text-align: justify;\" href=\"https:\/\/dicodusport.fr\/blog\/roland-garros-luca-van-assche-s-offre-le-titre-chez-les-juniors\/\">le finaliste du dernier Roland-Garros juniors<\/a><span style=\"text-align: justify;\"> b\u00e9n\u00e9ficiait d\u2019une wild card. Cela lui a donc permis de se confronter \u00e0 l\u2019un des outsiders du tournoi, <\/span><strong style=\"text-align: justify;\">Pablo Cuevas<\/strong><span style=\"text-align: justify;\"> (128e). Le v\u00e9t\u00e9ran de 36 ans, ancien num\u00e9ro 19 mondial, a fait le boulot en exp\u00e9diant le jeune espoir fran\u00e7ais. Ce dernier s\u2019est accroch\u00e9 en d\u00e9but de rencontre, obtenant m\u00eame trois balles de break \u00e0 3-3. Une occasion en or qui ne se repr\u00e9sentera plus puisque l\u2019Uruguayen va ensuite imposer son emprise sur la rencontre, pour l\u2019emporter en 1h10 (6-4, 6-0).<\/span><\/p>\n<p style=\"text-align: justify;\">C\u2019est ensuite une rencontre 100\u00a0% tricolore qui a enflamm\u00e9 le court central. <strong>Quentin Halys<\/strong> affrontait le pensionnaire du club de la Villa Primrose, <strong>Hugo Grenier<\/strong> (156e). Sans surprise, le premier l\u2019a emport\u00e9. Le 100e mondial s\u2019est montr\u00e9 autoritaire pour plier l\u2019affaire en deux sets (7-6, 6-4). En parall\u00e8le sur l\u2019un des courts annexes, un beau duel a eu lieu entre <strong>Elias Ymer<\/strong> et <strong>Gastao Elias<\/strong>.<\/p>\n<blockquote class=\"twitter-tweet\">\n<p dir=\"ltr\" lang=\"fr\">&#x1f3ac; LES TEMPS FORTS DU LUNDI 9 MAI<\/p>\n<p>Les premiers tours en simple ont d\u00e9but\u00e9 aujourd\u2019hui avec la victoire du num\u00e9ro 100 mondial <a href=\"https:\/\/twitter.com\/QuentinHalys?ref_src=twsrc%5Etfw\">@quentinhalys<\/a> contre @gregoirebarrere mais aussi la d\u00e9faite de @richardgasquet34 apr\u00e8s un match serr\u00e9 contre l\u2019am\u00e9ricain <a href=\"https:\/\/twitter.com\/chris_eubanks96?ref_src=twsrc%5Etfw\">@chris_eubanks96<\/a><a href=\"https:\/\/twitter.com\/hashtag\/BNPPprimrose?src=hash&amp;ref_src=twsrc%5Etfw\">#BNPPprimrose<\/a> <a href=\"https:\/\/t.co\/hDHVZIpgDq\">pic.twitter.com\/hDHVZIpgDq<\/a><\/p>\n<p>\u2014 BNP PARIBAS PRIMROSE (@BNPPprimrose) <a href=\"https:\/\/twitter.com\/BNPPprimrose\/status\/1523760144848355329?ref_src=twsrc%5Etfw\">May 9, 2022<\/a><\/p><\/blockquote>\n<p style=\"text-align: justify;\"><script async src=\"https:\/\/platform.twitter.com\/widgets.js\" charset=\"utf-8\"><\/script><\/p>\n<h2 style=\"text-align: justify;\">Richard Gasquet laisse passer sa chance<\/h2>\n<p style=\"text-align: justify;\">C&rsquo;est un d\u00e9but de mois de mai compliqu\u00e9 que vit <strong>Richard Gasquet<\/strong>. L&rsquo;une des t\u00eates d&rsquo;affiche du tournoi a en effet \u00e9t\u00e9 sorti d\u00e8s son entr\u00e9e en lice. Battu la semaine derni\u00e8re par Alexandre Muller au 2e tour du Tournoi d&rsquo;Aix-en-Provence, le gaucher tricolore a cette fois succomb\u00e9 face \u00e0 la puissance de <strong>Christopher Eubanks<\/strong> (157e). L&rsquo;Am\u00e9ricain de 26 ans avait pourtant conc\u00e9d\u00e9 le premier set et semblait avoir du mal \u00e0 rentrer dans son match. Il a toutefois r\u00e9agi en remportant le second, et a ensuite fait preuve d&rsquo;une grosse force mentale pour renverser un break conc\u00e9d\u00e9 t\u00f4t dans le troisi\u00e8me, avant de sauver quatre balles de match. C&rsquo;est finalement au tie-break qu&rsquo;il a r\u00e9ussi \u00e0 faire la diff\u00e9rence (4-6, 6-3, 7-6). Au prochain tour, il affrontera <strong>Elias Ymer<\/strong> (139e), vainqueur de<strong> Gastao Elias<\/strong> (155e) au bout de trois sets (6-4, 3-6, 7-5) dans la derni\u00e8re rencontre.<\/p>\n<blockquote class=\"twitter-tweet\">\n<p dir=\"ltr\" lang=\"fr\">&#x1f538; LE TABLEAU DE SIMPLE &#8211; MARDI 10 MAI &#x1f538;<\/p>\n<p>&#x1f449; 15h : Le fran\u00e7ais <a href=\"https:\/\/twitter.com\/la_pouille?ref_src=twsrc%5Etfw\">@la_pouille<\/a> s&rsquo;opposera \u00e0 Martin Cuevas<\/p>\n<p>&#x1f449; 18h : <a href=\"https:\/\/twitter.com\/HugoGaston7?ref_src=twsrc%5Etfw\">@hugogaston7<\/a>, t\u00eate de s\u00e9rie n\u00b01, affrontera l\u2019ancien n\u00b010 mondial <a href=\"https:\/\/twitter.com\/FerVerdasco?ref_src=twsrc%5Etfw\">@FerVerdasco<\/a><\/p>\n<p>&#x1f449; Heure \u00e0 d\u00e9finir : <a href=\"https:\/\/twitter.com\/JackSock92?ref_src=twsrc%5Etfw\">@JackSock92<\/a> sera en duel face au fran\u00e7ais Calvin Hemery <a href=\"https:\/\/t.co\/CavYrBwKo1\">pic.twitter.com\/CavYrBwKo1<\/a><\/p>\n<p>\u2014 BNP PARIBAS PRIMROSE (@BNPPprimrose) <a href=\"https:\/\/twitter.com\/BNPPprimrose\/status\/1523779845544722432?ref_src=twsrc%5Etfw\">May 9, 2022<\/a><\/p><\/blockquote>\n<p style=\"text-align: justify;\"><script async src=\"https:\/\/platform.twitter.com\/widgets.js\" charset=\"utf-8\"><\/script><\/p>\n<h2 style=\"text-align: justify;\"><strong>Une fin de qualification difficile pour les Tricolores<\/strong><\/h2>\n<p style=\"text-align: justify;\">En parall\u00e8le au d\u00e9but du premier tour, les qualifications se sont \u00e9galement achev\u00e9es. A un set partout face au Belge Kimmer Coppejans, <strong>Kenny De Schepper<\/strong> a l\u00e2ch\u00e9 l\u2019ultime set, et ne rejoindra donc pas le tableau final. \u00c9galement engag\u00e9s, <strong>Mathias Bourgue<\/strong> et <strong>Matteo Martineau<\/strong> ont, eux aussi, rat\u00e9 le coche, respectivement battus par Martin Cuevas et Andrea Pellegrino.<\/p>\n","protected":false},"excerpt":{"rendered":"<p>ATP Challenger Primrose &#8211; Trois ans apr\u00e8s sa derni\u00e8re \u00e9dition, le Challenger ATP de Primrose a vu son tableau principal d\u00e9buter. Ce lundi, quatre rencontres ont anim\u00e9 la premi\u00e8re journ\u00e9e. Une journ\u00e9e mitig\u00e9e pour les Fran\u00e7ais puisque seul Quentin Halys est parvenu \u00e0 se qualifier face \u00e0 son compatriote Hugo Grenier. Richard Gasquet a de son c\u00f4t\u00e9 d\u00e9j\u00e0 pris la porte, tout comme le jeune espoir Arthur Fils.<\/p>\n","protected":false},"author":55,"featured_media":222492,"comment_status":"open","ping_status":"closed","sticky":false,"template":"","format":"standard","meta":{"_acf_changed":false,"_daextam_enable_autolinks":"","footnotes":""},"categories":[2302],"tags":[17250,156,2477,2542,136],"class_list":["post-222436","post","type-post","status-publish","format-standard","has-post-thumbnail","hentry","category-tennis","tag-arthur-fils","tag-atp","tag-quentin-halys","tag-richard-gasquet","tag-tennis"],"acf":[],"yoast_head":"<!-- This site is optimized with the Yoast SEO Premium plugin v26.7 (Yoast SEO v26.7) - https:\/\/yoast.com\/wordpress\/plugins\/seo\/ -->\n<title>ATP Challenger Primrose\u00a0: Ce qu&#039;il faut retenir de la journ\u00e9e de lundi<\/title>\n<meta name=\"description\" content=\"Retour complet sur la premi\u00e8re journ\u00e9e du tableau principal du Challenger ATP Primrose de Bordeaux, disput\u00e9e ce lundi.\" \/>\n<meta name=\"robots\" content=\"index, follow, max-snippet:-1, max-image-preview:large, max-video-preview:-1\" \/>\n<link rel=\"canonical\" href=\"https:\/\/dicodusport.fr\/blog\/atp-challenger-primrose-ce-qu-il-faut-retenir-de-la-journee-de-lundi\/\" \/>\n<meta property=\"og:locale\" content=\"fr_FR\" \/>\n<meta property=\"og:type\" content=\"article\" \/>\n<meta property=\"og:title\" content=\"ATP Challenger Primrose\u00a0: Ce qu&#039;il faut retenir de la journ\u00e9e de lundi\" \/>\n<meta property=\"og:description\" content=\"Retour complet sur la premi\u00e8re journ\u00e9e du tableau principal du Challenger ATP Primrose de Bordeaux, disput\u00e9e ce lundi.\" \/>\n<meta property=\"og:url\" content=\"https:\/\/dicodusport.fr\/blog\/atp-challenger-primrose-ce-qu-il-faut-retenir-de-la-journee-de-lundi\/\" \/>\n<meta property=\"og:site_name\" content=\"Dicodusport\" \/>\n<meta property=\"article:publisher\" content=\"https:\/\/www.facebook.com\/dicodusport\" \/>\n<meta property=\"article:published_time\" content=\"2022-05-10T06:50:56+00:00\" \/>\n<meta property=\"article:modified_time\" content=\"2022-05-10T07:38:37+00:00\" \/>\n<meta property=\"og:image\" content=\"https:\/\/dicodusport.fr\/blog\/wp-content\/uploads\/2022\/05\/ATP-Challenger-Primrose-Ce-quil-faut-retenir-de-la-journee-de-lundi.png\" \/>\n\t<meta property=\"og:image:width\" content=\"800\" \/>\n\t<meta property=\"og:image:height\" content=\"445\" \/>\n\t<meta property=\"og:image:type\" content=\"image\/png\" \/>\n<meta name=\"author\" content=\"Maxime Cazenave\" \/>\n<meta name=\"twitter:card\" content=\"summary_large_image\" \/>\n<meta name=\"twitter:title\" content=\"ATP Challenger Primrose\u00a0: Ce qu&#039;il faut retenir de la journ\u00e9e de lundi\" \/>\n<meta name=\"twitter:creator\" content=\"@https:\/\/twitter.com\/Maxime_Caze\" \/>\n<meta name=\"twitter:site\" content=\"@dicodusport\" \/>\n<script type=\"application\/ld+json\" class=\"yoast-schema-graph\">{\"@context\":\"https:\/\/schema.org\",\"@graph\":[{\"@type\":\"NewsArticle\",\"@id\":\"https:\/\/dicodusport.fr\/blog\/atp-challenger-primrose-ce-qu-il-faut-retenir-de-la-journee-de-lundi\/#article\",\"isPartOf\":{\"@id\":\"https:\/\/dicodusport.fr\/blog\/atp-challenger-primrose-ce-qu-il-faut-retenir-de-la-journee-de-lundi\/\"},\"author\":{\"name\":\"Maxime Cazenave\",\"@id\":\"https:\/\/dicodusport.fr\/blog\/#\/schema\/person\/37def232098a7a5cbab3974a3690abb0\"},\"headline\":\"ATP Challenger Primrose\u00a0: Ce qu&rsquo;il faut retenir de la journ\u00e9e de lundi\",\"datePublished\":\"2022-05-10T06:50:56+00:00\",\"dateModified\":\"2022-05-10T07:38:37+00:00\",\"mainEntityOfPage\":{\"@id\":\"https:\/\/dicodusport.fr\/blog\/atp-challenger-primrose-ce-qu-il-faut-retenir-de-la-journee-de-lundi\/\"},\"wordCount\":741,\"commentCount\":0,\"publisher\":{\"@id\":\"https:\/\/dicodusport.fr\/blog\/#organization\"},\"image\":{\"@id\":\"https:\/\/dicodusport.fr\/blog\/atp-challenger-primrose-ce-qu-il-faut-retenir-de-la-journee-de-lundi\/#primaryimage\"},\"thumbnailUrl\":\"https:\/\/dicodusport.fr\/blog\/wp-content\/uploads\/2022\/05\/ATP-Challenger-Primrose-Ce-quil-faut-retenir-de-la-journee-de-lundi.png\",\"keywords\":[\"Arthur Fils\",\"ATP\",\"Quentin Halys\",\"Richard Gasquet\",\"Tennis\"],\"articleSection\":[\"Tennis\"],\"inLanguage\":\"fr-FR\",\"potentialAction\":[{\"@type\":\"CommentAction\",\"name\":\"Comment\",\"target\":[\"https:\/\/dicodusport.fr\/blog\/atp-challenger-primrose-ce-qu-il-faut-retenir-de-la-journee-de-lundi\/#respond\"]}],\"copyrightYear\":\"2022\",\"copyrightHolder\":{\"@id\":\"https:\/\/dicodusport.fr\/blog\/#organization\"}},{\"@type\":\"WebPage\",\"@id\":\"https:\/\/dicodusport.fr\/blog\/atp-challenger-primrose-ce-qu-il-faut-retenir-de-la-journee-de-lundi\/\",\"url\":\"https:\/\/dicodusport.fr\/blog\/atp-challenger-primrose-ce-qu-il-faut-retenir-de-la-journee-de-lundi\/\",\"name\":\"ATP Challenger Primrose\u00a0: Ce qu'il faut retenir de la journ\u00e9e de lundi\",\"isPartOf\":{\"@id\":\"https:\/\/dicodusport.fr\/blog\/#website\"},\"primaryImageOfPage\":{\"@id\":\"https:\/\/dicodusport.fr\/blog\/atp-challenger-primrose-ce-qu-il-faut-retenir-de-la-journee-de-lundi\/#primaryimage\"},\"image\":{\"@id\":\"https:\/\/dicodusport.fr\/blog\/atp-challenger-primrose-ce-qu-il-faut-retenir-de-la-journee-de-lundi\/#primaryimage\"},\"thumbnailUrl\":\"https:\/\/dicodusport.fr\/blog\/wp-content\/uploads\/2022\/05\/ATP-Challenger-Primrose-Ce-quil-faut-retenir-de-la-journee-de-lundi.png\",\"datePublished\":\"2022-05-10T06:50:56+00:00\",\"dateModified\":\"2022-05-10T07:38:37+00:00\",\"description\":\"Retour complet sur la premi\u00e8re journ\u00e9e du tableau principal du Challenger ATP Primrose de Bordeaux, disput\u00e9e ce lundi.\",\"breadcrumb\":{\"@id\":\"https:\/\/dicodusport.fr\/blog\/atp-challenger-primrose-ce-qu-il-faut-retenir-de-la-journee-de-lundi\/#breadcrumb\"},\"inLanguage\":\"fr-FR\",\"potentialAction\":[{\"@type\":\"ReadAction\",\"target\":[\"https:\/\/dicodusport.fr\/blog\/atp-challenger-primrose-ce-qu-il-faut-retenir-de-la-journee-de-lundi\/\"]}]},{\"@type\":\"ImageObject\",\"inLanguage\":\"fr-FR\",\"@id\":\"https:\/\/dicodusport.fr\/blog\/atp-challenger-primrose-ce-qu-il-faut-retenir-de-la-journee-de-lundi\/#primaryimage\",\"url\":\"https:\/\/dicodusport.fr\/blog\/wp-content\/uploads\/2022\/05\/ATP-Challenger-Primrose-Ce-quil-faut-retenir-de-la-journee-de-lundi.png\",\"contentUrl\":\"https:\/\/dicodusport.fr\/blog\/wp-content\/uploads\/2022\/05\/ATP-Challenger-Primrose-Ce-quil-faut-retenir-de-la-journee-de-lundi.png\",\"width\":800,\"height\":445,\"caption\":\"ATP Challenger Primrose\u00a0 Ce qu'il faut retenir de la journ\u00e9e de lundi\"},{\"@type\":\"BreadcrumbList\",\"@id\":\"https:\/\/dicodusport.fr\/blog\/atp-challenger-primrose-ce-qu-il-faut-retenir-de-la-journee-de-lundi\/#breadcrumb\",\"itemListElement\":[{\"@type\":\"ListItem\",\"position\":1,\"name\":\"Accueil\",\"item\":\"https:\/\/dicodusport.fr\/blog\/\"},{\"@type\":\"ListItem\",\"position\":2,\"name\":\"ATP Challenger Primrose\u00a0: Ce qu&rsquo;il faut retenir de la journ\u00e9e de lundi\"}]},{\"@type\":\"WebSite\",\"@id\":\"https:\/\/dicodusport.fr\/blog\/#website\",\"url\":\"https:\/\/dicodusport.fr\/blog\/\",\"name\":\"Dicodusport\",\"description\":\"L&#039;encyclop\u00e9die de l&#039;actualit\u00e9 sportive\",\"publisher\":{\"@id\":\"https:\/\/dicodusport.fr\/blog\/#organization\"},\"potentialAction\":[{\"@type\":\"SearchAction\",\"target\":{\"@type\":\"EntryPoint\",\"urlTemplate\":\"https:\/\/dicodusport.fr\/blog\/?s={search_term_string}\"},\"query-input\":{\"@type\":\"PropertyValueSpecification\",\"valueRequired\":true,\"valueName\":\"search_term_string\"}}],\"inLanguage\":\"fr-FR\"},{\"@type\":\"NewsMediaOrganization\",\"@id\":\"https:\/\/dicodusport.fr\/blog\/#organization\",\"name\":\"Dicodusport\",\"url\":\"https:\/\/dicodusport.fr\/blog\/\",\"logo\":{\"@type\":\"ImageObject\",\"inLanguage\":\"fr-FR\",\"@id\":\"https:\/\/dicodusport.fr\/blog\/#\/schema\/logo\/image\/\",\"url\":\"https:\/\/dicodusport.fr\/blog\/wp-content\/uploads\/2020\/06\/cropped-LOGO-DICODUSPORT-2020-SANS-FOND-SANS-TEXTE.png\",\"contentUrl\":\"https:\/\/dicodusport.fr\/blog\/wp-content\/uploads\/2020\/06\/cropped-LOGO-DICODUSPORT-2020-SANS-FOND-SANS-TEXTE.png\",\"width\":512,\"height\":512,\"caption\":\"Dicodusport\"},\"image\":{\"@id\":\"https:\/\/dicodusport.fr\/blog\/#\/schema\/logo\/image\/\"},\"sameAs\":[\"https:\/\/www.facebook.com\/dicodusport\",\"https:\/\/x.com\/dicodusport\",\"https:\/\/www.instagram.com\/dicodusport\/\",\"https:\/\/www.youtube.com\/channel\/UC7V2KZ5sd3htJivAbA4ZG3w\"],\"description\":\"Dicodusport est l'encyclop\u00e9die de l'actualit\u00e9 sportive.\",\"email\":\"bonjour@dicodusport.fr\",\"legalName\":\"DICODUSPORT\",\"foundingDate\":\"2018-01-14\",\"vatID\":\"FR71834470973\",\"taxID\":\"83447097300043\",\"numberOfEmployees\":{\"@type\":\"QuantitativeValue\",\"minValue\":\"1\",\"maxValue\":\"10\"}},{\"@type\":\"Person\",\"@id\":\"https:\/\/dicodusport.fr\/blog\/#\/schema\/person\/37def232098a7a5cbab3974a3690abb0\",\"name\":\"Maxime Cazenave\",\"image\":{\"@type\":\"ImageObject\",\"inLanguage\":\"fr-FR\",\"@id\":\"https:\/\/dicodusport.fr\/blog\/#\/schema\/person\/image\/\",\"url\":\"https:\/\/dicodusport.fr\/blog\/wp-content\/uploads\/2021\/05\/Maxime-Cazenave-150x150.jpg\",\"contentUrl\":\"https:\/\/dicodusport.fr\/blog\/wp-content\/uploads\/2021\/05\/Maxime-Cazenave-150x150.jpg\",\"caption\":\"Maxime Cazenave\"},\"description\":\"Journaliste\/R\u00e9dacteur depuis 2012 - Berc\u00e9 par l\u2019amour des Girondins de Bordeaux, les \u00e9checs de Christophe Moreau sur le Tour de France sous l'\u00e8re Lance Armstrong et le fade-away l\u00e9tal de Dirk Nowitzki, ma passion d\u00e9vorante pour le sport a toujours \u00e9t\u00e9 un pan incontournable de ma vie. Transmettre ma passion \u00e0 l\u2019\u00e9crit a \u00e9t\u00e9 une transition naturelle. Suiveur assidu de basket et de hockey sur glace, je garde toujours un peu de place pour suivre le cyclisme, le football et le maximum de performances fran\u00e7aises.\",\"sameAs\":[\"https:\/\/x.com\/https:\/\/twitter.com\/Maxime_Caze\"],\"url\":\"https:\/\/dicodusport.fr\/blog\/author\/maximec\/\"}]}<\/script>\n<!-- \/ Yoast SEO Premium plugin. -->","yoast_head_json":{"title":"ATP Challenger Primrose\u00a0: Ce qu'il faut retenir de la journ\u00e9e de lundi","description":"Retour complet sur la premi\u00e8re journ\u00e9e du tableau principal du Challenger ATP Primrose de Bordeaux, disput\u00e9e ce lundi.","robots":{"index":"index","follow":"follow","max-snippet":"max-snippet:-1","max-image-preview":"max-image-preview:large","max-video-preview":"max-video-preview:-1"},"canonical":"https:\/\/dicodusport.fr\/blog\/atp-challenger-primrose-ce-qu-il-faut-retenir-de-la-journee-de-lundi\/","og_locale":"fr_FR","og_type":"article","og_title":"ATP Challenger Primrose\u00a0: Ce qu'il faut retenir de la journ\u00e9e de lundi","og_description":"Retour complet sur la premi\u00e8re journ\u00e9e du tableau principal du Challenger ATP Primrose de Bordeaux, disput\u00e9e ce lundi.","og_url":"https:\/\/dicodusport.fr\/blog\/atp-challenger-primrose-ce-qu-il-faut-retenir-de-la-journee-de-lundi\/","og_site_name":"Dicodusport","article_publisher":"https:\/\/www.facebook.com\/dicodusport","article_published_time":"2022-05-10T06:50:56+00:00","article_modified_time":"2022-05-10T07:38:37+00:00","og_image":[{"width":800,"height":445,"url":"https:\/\/dicodusport.fr\/blog\/wp-content\/uploads\/2022\/05\/ATP-Challenger-Primrose-Ce-quil-faut-retenir-de-la-journee-de-lundi.png","type":"image\/png"}],"author":"Maxime Cazenave","twitter_card":"summary_large_image","twitter_title":"ATP Challenger Primrose\u00a0: Ce qu'il faut retenir de la journ\u00e9e de lundi","twitter_creator":"@https:\/\/twitter.com\/Maxime_Caze","twitter_site":"@dicodusport","schema":{"@context":"https:\/\/schema.org","@graph":[{"@type":"NewsArticle","@id":"https:\/\/dicodusport.fr\/blog\/atp-challenger-primrose-ce-qu-il-faut-retenir-de-la-journee-de-lundi\/#article","isPartOf":{"@id":"https:\/\/dicodusport.fr\/blog\/atp-challenger-primrose-ce-qu-il-faut-retenir-de-la-journee-de-lundi\/"},"author":{"name":"Maxime Cazenave","@id":"https:\/\/dicodusport.fr\/blog\/#\/schema\/person\/37def232098a7a5cbab3974a3690abb0"},"headline":"ATP Challenger Primrose\u00a0: Ce qu&rsquo;il faut retenir de la journ\u00e9e de lundi","datePublished":"2022-05-10T06:50:56+00:00","dateModified":"2022-05-10T07:38:37+00:00","mainEntityOfPage":{"@id":"https:\/\/dicodusport.fr\/blog\/atp-challenger-primrose-ce-qu-il-faut-retenir-de-la-journee-de-lundi\/"},"wordCount":741,"commentCount":0,"publisher":{"@id":"https:\/\/dicodusport.fr\/blog\/#organization"},"image":{"@id":"https:\/\/dicodusport.fr\/blog\/atp-challenger-primrose-ce-qu-il-faut-retenir-de-la-journee-de-lundi\/#primaryimage"},"thumbnailUrl":"https:\/\/dicodusport.fr\/blog\/wp-content\/uploads\/2022\/05\/ATP-Challenger-Primrose-Ce-quil-faut-retenir-de-la-journee-de-lundi.png","keywords":["Arthur Fils","ATP","Quentin Halys","Richard Gasquet","Tennis"],"articleSection":["Tennis"],"inLanguage":"fr-FR","potentialAction":[{"@type":"CommentAction","name":"Comment","target":["https:\/\/dicodusport.fr\/blog\/atp-challenger-primrose-ce-qu-il-faut-retenir-de-la-journee-de-lundi\/#respond"]}],"copyrightYear":"2022","copyrightHolder":{"@id":"https:\/\/dicodusport.fr\/blog\/#organization"}},{"@type":"WebPage","@id":"https:\/\/dicodusport.fr\/blog\/atp-challenger-primrose-ce-qu-il-faut-retenir-de-la-journee-de-lundi\/","url":"https:\/\/dicodusport.fr\/blog\/atp-challenger-primrose-ce-qu-il-faut-retenir-de-la-journee-de-lundi\/","name":"ATP Challenger Primrose\u00a0: Ce qu'il faut retenir de la journ\u00e9e de lundi","isPartOf":{"@id":"https:\/\/dicodusport.fr\/blog\/#website"},"primaryImageOfPage":{"@id":"https:\/\/dicodusport.fr\/blog\/atp-challenger-primrose-ce-qu-il-faut-retenir-de-la-journee-de-lundi\/#primaryimage"},"image":{"@id":"https:\/\/dicodusport.fr\/blog\/atp-challenger-primrose-ce-qu-il-faut-retenir-de-la-journee-de-lundi\/#primaryimage"},"thumbnailUrl":"https:\/\/dicodusport.fr\/blog\/wp-content\/uploads\/2022\/05\/ATP-Challenger-Primrose-Ce-quil-faut-retenir-de-la-journee-de-lundi.png","datePublished":"2022-05-10T06:50:56+00:00","dateModified":"2022-05-10T07:38:37+00:00","description":"Retour complet sur la premi\u00e8re journ\u00e9e du tableau principal du Challenger ATP Primrose de Bordeaux, disput\u00e9e ce lundi.","breadcrumb":{"@id":"https:\/\/dicodusport.fr\/blog\/atp-challenger-primrose-ce-qu-il-faut-retenir-de-la-journee-de-lundi\/#breadcrumb"},"inLanguage":"fr-FR","potentialAction":[{"@type":"ReadAction","target":["https:\/\/dicodusport.fr\/blog\/atp-challenger-primrose-ce-qu-il-faut-retenir-de-la-journee-de-lundi\/"]}]},{"@type":"ImageObject","inLanguage":"fr-FR","@id":"https:\/\/dicodusport.fr\/blog\/atp-challenger-primrose-ce-qu-il-faut-retenir-de-la-journee-de-lundi\/#primaryimage","url":"https:\/\/dicodusport.fr\/blog\/wp-content\/uploads\/2022\/05\/ATP-Challenger-Primrose-Ce-quil-faut-retenir-de-la-journee-de-lundi.png","contentUrl":"https:\/\/dicodusport.fr\/blog\/wp-content\/uploads\/2022\/05\/ATP-Challenger-Primrose-Ce-quil-faut-retenir-de-la-journee-de-lundi.png","width":800,"height":445,"caption":"ATP Challenger Primrose\u00a0 Ce qu'il faut retenir de la journ\u00e9e de lundi"},{"@type":"BreadcrumbList","@id":"https:\/\/dicodusport.fr\/blog\/atp-challenger-primrose-ce-qu-il-faut-retenir-de-la-journee-de-lundi\/#breadcrumb","itemListElement":[{"@type":"ListItem","position":1,"name":"Accueil","item":"https:\/\/dicodusport.fr\/blog\/"},{"@type":"ListItem","position":2,"name":"ATP Challenger Primrose\u00a0: Ce qu&rsquo;il faut retenir de la journ\u00e9e de lundi"}]},{"@type":"WebSite","@id":"https:\/\/dicodusport.fr\/blog\/#website","url":"https:\/\/dicodusport.fr\/blog\/","name":"Dicodusport","description":"L&#039;encyclop\u00e9die de l&#039;actualit\u00e9 sportive","publisher":{"@id":"https:\/\/dicodusport.fr\/blog\/#organization"},"potentialAction":[{"@type":"SearchAction","target":{"@type":"EntryPoint","urlTemplate":"https:\/\/dicodusport.fr\/blog\/?s={search_term_string}"},"query-input":{"@type":"PropertyValueSpecification","valueRequired":true,"valueName":"search_term_string"}}],"inLanguage":"fr-FR"},{"@type":"NewsMediaOrganization","@id":"https:\/\/dicodusport.fr\/blog\/#organization","name":"Dicodusport","url":"https:\/\/dicodusport.fr\/blog\/","logo":{"@type":"ImageObject","inLanguage":"fr-FR","@id":"https:\/\/dicodusport.fr\/blog\/#\/schema\/logo\/image\/","url":"https:\/\/dicodusport.fr\/blog\/wp-content\/uploads\/2020\/06\/cropped-LOGO-DICODUSPORT-2020-SANS-FOND-SANS-TEXTE.png","contentUrl":"https:\/\/dicodusport.fr\/blog\/wp-content\/uploads\/2020\/06\/cropped-LOGO-DICODUSPORT-2020-SANS-FOND-SANS-TEXTE.png","width":512,"height":512,"caption":"Dicodusport"},"image":{"@id":"https:\/\/dicodusport.fr\/blog\/#\/schema\/logo\/image\/"},"sameAs":["https:\/\/www.facebook.com\/dicodusport","https:\/\/x.com\/dicodusport","https:\/\/www.instagram.com\/dicodusport\/","https:\/\/www.youtube.com\/channel\/UC7V2KZ5sd3htJivAbA4ZG3w"],"description":"Dicodusport est l'encyclop\u00e9die de l'actualit\u00e9 sportive.","email":"bonjour@dicodusport.fr","legalName":"DICODUSPORT","foundingDate":"2018-01-14","vatID":"FR71834470973","taxID":"83447097300043","numberOfEmployees":{"@type":"QuantitativeValue","minValue":"1","maxValue":"10"}},{"@type":"Person","@id":"https:\/\/dicodusport.fr\/blog\/#\/schema\/person\/37def232098a7a5cbab3974a3690abb0","name":"Maxime Cazenave","image":{"@type":"ImageObject","inLanguage":"fr-FR","@id":"https:\/\/dicodusport.fr\/blog\/#\/schema\/person\/image\/","url":"https:\/\/dicodusport.fr\/blog\/wp-content\/uploads\/2021\/05\/Maxime-Cazenave-150x150.jpg","contentUrl":"https:\/\/dicodusport.fr\/blog\/wp-content\/uploads\/2021\/05\/Maxime-Cazenave-150x150.jpg","caption":"Maxime Cazenave"},"description":"Journaliste\/R\u00e9dacteur depuis 2012 - Berc\u00e9 par l\u2019amour des Girondins de Bordeaux, les \u00e9checs de Christophe Moreau sur le Tour de France sous l'\u00e8re Lance Armstrong et le fade-away l\u00e9tal de Dirk Nowitzki, ma passion d\u00e9vorante pour le sport a toujours \u00e9t\u00e9 un pan incontournable de ma vie. Transmettre ma passion \u00e0 l\u2019\u00e9crit a \u00e9t\u00e9 une transition naturelle. Suiveur assidu de basket et de hockey sur glace, je garde toujours un peu de place pour suivre le cyclisme, le football et le maximum de performances fran\u00e7aises.","sameAs":["https:\/\/x.com\/https:\/\/twitter.com\/Maxime_Caze"],"url":"https:\/\/dicodusport.fr\/blog\/author\/maximec\/"}]}},"_links":{"self":[{"href":"https:\/\/dicodusport.fr\/blog\/wp-json\/wp\/v2\/posts\/222436","targetHints":{"allow":["GET"]}}],"collection":[{"href":"https:\/\/dicodusport.fr\/blog\/wp-json\/wp\/v2\/posts"}],"about":[{"href":"https:\/\/dicodusport.fr\/blog\/wp-json\/wp\/v2\/types\/post"}],"author":[{"embeddable":true,"href":"https:\/\/dicodusport.fr\/blog\/wp-json\/wp\/v2\/users\/55"}],"replies":[{"embeddable":true,"href":"https:\/\/dicodusport.fr\/blog\/wp-json\/wp\/v2\/comments?post=222436"}],"version-history":[{"count":0,"href":"https:\/\/dicodusport.fr\/blog\/wp-json\/wp\/v2\/posts\/222436\/revisions"}],"wp:featuredmedia":[{"embeddable":true,"href":"https:\/\/dicodusport.fr\/blog\/wp-json\/wp\/v2\/media\/222492"}],"wp:attachment":[{"href":"https:\/\/dicodusport.fr\/blog\/wp-json\/wp\/v2\/media?parent=222436"}],"wp:term":[{"taxonomy":"category","embeddable":true,"href":"https:\/\/dicodusport.fr\/blog\/wp-json\/wp\/v2\/categories?post=222436"},{"taxonomy":"post_tag","embeddable":true,"href":"https:\/\/dicodusport.fr\/blog\/wp-json\/wp\/v2\/tags?post=222436"}],"curies":[{"name":"wp","href":"https:\/\/api.w.org\/{rel}","templated":true}]}}