{"id":222525,"date":"2022-05-10T11:50:07","date_gmt":"2022-05-10T09:50:07","guid":{"rendered":"https:\/\/dicodusport.fr\/blog\/?p=222525&#038;preview=true&#038;preview_id=222525"},"modified":"2022-05-10T14:27:12","modified_gmt":"2022-05-10T12:27:12","slug":"biathlon-anais-chevalier-bouchet-poursuit-au-moins-une-saison","status":"publish","type":"post","link":"https:\/\/dicodusport.fr\/blog\/biathlon-anais-chevalier-bouchet-poursuit-au-moins-une-saison\/","title":{"rendered":"Biathlon : Ana\u00efs Chevalier-Bouchet poursuit au moins une saison"},"content":{"rendered":"<p style=\"text-align: justify;\"><b><i>BIATHLON &#8211; Alors qu&rsquo;elle avait laiss\u00e9 planer le doute sur la suite de sa carri\u00e8re \u00e0 la fin de la saison 2021-2022, Ana\u00efs Chevalier-Bouchet a annonc\u00e9 qu&rsquo;elle repartait pour un an.\u00a0<\/i><\/b><\/p>\n<p style=\"text-align: justify;\">Pas de projet sur le long terme, mais la confirmation que la vice-championne olympique de l&rsquo;individuel sera bien au d\u00e9part de la prochaine saison, en novembre prochain. A Nordic Magazine, <strong>Ana\u00efs Chevalier-Bouchet<\/strong> a justifi\u00e9 son choix de poursuivre l&rsquo;aventure sur les skis, carabine sur le dos.<\/p>\n<blockquote>\n<p style=\"text-align: justify;\">Je repars pour un an. Je prends maintenant les ann\u00e9es les unes apr\u00e8s les autres, r\u00e9v\u00e8le l\u2019Is\u00e9roise. Je pense que l\u2019objectif des Jeux olympiques \u00e9tait tellement gros et important pour moi que, maintenant, il ne me manque plus que des petites choses \u00e0 accomplir. Mais je sens que je ne suis pas arriv\u00e9e au bout. Je vais donc tout mettre en place cette ann\u00e9e pour y arriver et, dans un an, je referai le point.<\/p>\n<\/blockquote>\n<p style=\"text-align: justify;\">La championne tricolore a expliqu\u00e9 qu&rsquo;elle ferait de nouveau le point dans un an, apr\u00e8s la prochaine saison, pour voir si elle continue au haut niveau. <strong>Ana\u00efs Chevalier-Bouchet<\/strong> aura les championnats du monde d&rsquo;Oberhof comme principal objectif l&rsquo;hiver prochain.<\/p>\n<blockquote class=\"twitter-tweet\">\n<p dir=\"ltr\" lang=\"fr\">&#x1f525;&#x1f6a8;&#x1f4a5; <a href=\"https:\/\/twitter.com\/hashtag\/Biathlon?src=hash&amp;ref_src=twsrc%5Etfw\">#Biathlon<\/a> \u00ab Je repars pour un an \u00bb, annonce Ana\u00efs Chevalier \u00e0 Nordic Magazine. &#x1f53d;<a href=\"https:\/\/t.co\/I5HXUOdOkv\">https:\/\/t.co\/I5HXUOdOkv<\/a><\/p>\n<p>\u2014 Nordic Magazine (@NordicMag) <a href=\"https:\/\/twitter.com\/NordicMag\/status\/1523939631758254080?ref_src=twsrc%5Etfw\">May 10, 2022<\/a><\/p><\/blockquote>\n<p><script async src=\"https:\/\/platform.twitter.com\/widgets.js\" charset=\"utf-8\"><\/script><\/p>\n<ul>\n<li style=\"text-align: justify;\"><strong>\u00c0 lire aussi \u2013\u00a0<a href=\"https:\/\/dicodusport.fr\/blog\/biathlon-coupe-du-monde-2022-2023-calendrier-complet\/\">Le calendrier de la Coupe du monde de biathlon 2022-2023<\/a><\/strong><\/li>\n<\/ul>\n","protected":false},"excerpt":{"rendered":"<p>BIBIATHLON &#8211; Alors qu&rsquo;elle avait laiss\u00e9 planer le doute sur la suite de sa carri\u00e8re \u00e0 la fin de la saison 2021-2022, Ana\u00efs Chevalier-Bouchet a annonc\u00e9 qu&rsquo;elle repartait pour un an.\u00a0<\/p>\n","protected":false},"author":1,"featured_media":222528,"comment_status":"open","ping_status":"closed","sticky":false,"template":"","format":"standard","meta":{"_acf_changed":false,"_daextam_enable_autolinks":"","footnotes":""},"categories":[47040],"tags":[19936,2427],"class_list":["post-222525","post","type-post","status-publish","format-standard","has-post-thumbnail","hentry","category-coupe-du-monde-de-biathlon","tag-anais-chevalier-bouchet","tag-biathlon"],"acf":[],"yoast_head":"<!-- This site is optimized with the Yoast SEO Premium plugin v26.7 (Yoast SEO v26.7) - https:\/\/yoast.com\/wordpress\/plugins\/seo\/ -->\n<title>- Biathlon : Ana\u00efs Chevalier-Bouchet poursuit au moins une saison - Dicodusport<\/title>\n<meta name=\"description\" content=\"Alors qu&#039;elle avait laiss\u00e9 planer le doute sur la suite de sa carri\u00e8re, Ana\u00efs Chevalier-Bouchet a annonc\u00e9 qu&#039;elle repartait pour un an.\u00a0\" \/>\n<meta name=\"robots\" content=\"index, follow, max-snippet:-1, max-image-preview:large, max-video-preview:-1\" \/>\n<link rel=\"canonical\" href=\"https:\/\/dicodusport.fr\/blog\/biathlon-anais-chevalier-bouchet-poursuit-au-moins-une-saison\/\" \/>\n<meta property=\"og:locale\" content=\"fr_FR\" \/>\n<meta property=\"og:type\" content=\"article\" \/>\n<meta property=\"og:title\" content=\"Biathlon : Ana\u00efs Chevalier-Bouchet poursuit au moins une saison\" \/>\n<meta property=\"og:description\" content=\"Alors qu&#039;elle avait laiss\u00e9 planer le doute sur la suite de sa carri\u00e8re, Ana\u00efs Chevalier-Bouchet a annonc\u00e9 qu&#039;elle repartait pour un an.\u00a0\" \/>\n<meta property=\"og:url\" content=\"https:\/\/dicodusport.fr\/blog\/biathlon-anais-chevalier-bouchet-poursuit-au-moins-une-saison\/\" \/>\n<meta property=\"og:site_name\" content=\"Dicodusport\" \/>\n<meta property=\"article:publisher\" content=\"https:\/\/www.facebook.com\/dicodusport\" \/>\n<meta property=\"article:author\" content=\"https:\/\/www.facebook.com\/dicodusport\" \/>\n<meta property=\"article:published_time\" content=\"2022-05-10T09:50:07+00:00\" \/>\n<meta property=\"article:modified_time\" content=\"2022-05-10T12:27:12+00:00\" \/>\n<meta property=\"og:image\" content=\"https:\/\/dicodusport.fr\/blog\/wp-content\/uploads\/2022\/05\/Biathlon-Anai\u0308s-Chevalier-Bouchet-poursuit-au-moins-une-saison.png\" \/>\n\t<meta property=\"og:image:width\" content=\"800\" \/>\n\t<meta property=\"og:image:height\" content=\"445\" \/>\n\t<meta property=\"og:image:type\" content=\"image\/png\" \/>\n<meta name=\"author\" content=\"Nicolas Jacquemard\" \/>\n<meta name=\"twitter:card\" content=\"summary_large_image\" \/>\n<meta name=\"twitter:title\" content=\"Biathlon : Ana\u00efs Chevalier-Bouchet poursuit au moins une saison\" \/>\n<meta name=\"twitter:creator\" content=\"@https:\/\/twitter.com\/Nico_Jacquemard\" \/>\n<meta name=\"twitter:site\" content=\"@dicodusport\" \/>\n<script type=\"application\/ld+json\" class=\"yoast-schema-graph\">{\"@context\":\"https:\/\/schema.org\",\"@graph\":[{\"@type\":\"NewsArticle\",\"@id\":\"https:\/\/dicodusport.fr\/blog\/biathlon-anais-chevalier-bouchet-poursuit-au-moins-une-saison\/#article\",\"isPartOf\":{\"@id\":\"https:\/\/dicodusport.fr\/blog\/biathlon-anais-chevalier-bouchet-poursuit-au-moins-une-saison\/\"},\"author\":{\"name\":\"Nicolas Jacquemard\",\"@id\":\"https:\/\/dicodusport.fr\/blog\/#\/schema\/person\/55dcb50ad410894e431ed812bbb70191\"},\"headline\":\"Biathlon : Ana\u00efs Chevalier-Bouchet poursuit au moins une saison\",\"datePublished\":\"2022-05-10T09:50:07+00:00\",\"dateModified\":\"2022-05-10T12:27:12+00:00\",\"mainEntityOfPage\":{\"@id\":\"https:\/\/dicodusport.fr\/blog\/biathlon-anais-chevalier-bouchet-poursuit-au-moins-une-saison\/\"},\"wordCount\":264,\"commentCount\":0,\"publisher\":{\"@id\":\"https:\/\/dicodusport.fr\/blog\/#organization\"},\"image\":{\"@id\":\"https:\/\/dicodusport.fr\/blog\/biathlon-anais-chevalier-bouchet-poursuit-au-moins-une-saison\/#primaryimage\"},\"thumbnailUrl\":\"https:\/\/dicodusport.fr\/blog\/wp-content\/uploads\/2022\/05\/Biathlon-Anai\u0308s-Chevalier-Bouchet-poursuit-au-moins-une-saison.png\",\"keywords\":[\"Ana\u00efs Chevalier-Bouchet\",\"Biathlon\"],\"articleSection\":[\"Coupe du monde de biathlon\"],\"inLanguage\":\"fr-FR\",\"potentialAction\":[{\"@type\":\"CommentAction\",\"name\":\"Comment\",\"target\":[\"https:\/\/dicodusport.fr\/blog\/biathlon-anais-chevalier-bouchet-poursuit-au-moins-une-saison\/#respond\"]}],\"copyrightYear\":\"2022\",\"copyrightHolder\":{\"@id\":\"https:\/\/dicodusport.fr\/blog\/#organization\"}},{\"@type\":\"WebPage\",\"@id\":\"https:\/\/dicodusport.fr\/blog\/biathlon-anais-chevalier-bouchet-poursuit-au-moins-une-saison\/\",\"url\":\"https:\/\/dicodusport.fr\/blog\/biathlon-anais-chevalier-bouchet-poursuit-au-moins-une-saison\/\",\"name\":\"- Biathlon : Ana\u00efs Chevalier-Bouchet poursuit au moins une saison - Dicodusport\",\"isPartOf\":{\"@id\":\"https:\/\/dicodusport.fr\/blog\/#website\"},\"primaryImageOfPage\":{\"@id\":\"https:\/\/dicodusport.fr\/blog\/biathlon-anais-chevalier-bouchet-poursuit-au-moins-une-saison\/#primaryimage\"},\"image\":{\"@id\":\"https:\/\/dicodusport.fr\/blog\/biathlon-anais-chevalier-bouchet-poursuit-au-moins-une-saison\/#primaryimage\"},\"thumbnailUrl\":\"https:\/\/dicodusport.fr\/blog\/wp-content\/uploads\/2022\/05\/Biathlon-Anai\u0308s-Chevalier-Bouchet-poursuit-au-moins-une-saison.png\",\"datePublished\":\"2022-05-10T09:50:07+00:00\",\"dateModified\":\"2022-05-10T12:27:12+00:00\",\"description\":\"Alors qu'elle avait laiss\u00e9 planer le doute sur la suite de sa carri\u00e8re, Ana\u00efs Chevalier-Bouchet a annonc\u00e9 qu'elle repartait pour un an.\u00a0\",\"breadcrumb\":{\"@id\":\"https:\/\/dicodusport.fr\/blog\/biathlon-anais-chevalier-bouchet-poursuit-au-moins-une-saison\/#breadcrumb\"},\"inLanguage\":\"fr-FR\",\"potentialAction\":[{\"@type\":\"ReadAction\",\"target\":[\"https:\/\/dicodusport.fr\/blog\/biathlon-anais-chevalier-bouchet-poursuit-au-moins-une-saison\/\"]}]},{\"@type\":\"ImageObject\",\"inLanguage\":\"fr-FR\",\"@id\":\"https:\/\/dicodusport.fr\/blog\/biathlon-anais-chevalier-bouchet-poursuit-au-moins-une-saison\/#primaryimage\",\"url\":\"https:\/\/dicodusport.fr\/blog\/wp-content\/uploads\/2022\/05\/Biathlon-Anai\u0308s-Chevalier-Bouchet-poursuit-au-moins-une-saison.png\",\"contentUrl\":\"https:\/\/dicodusport.fr\/blog\/wp-content\/uploads\/2022\/05\/Biathlon-Anai\u0308s-Chevalier-Bouchet-poursuit-au-moins-une-saison.png\",\"width\":800,\"height\":445,\"caption\":\"Coupe du monde de biathlon 2022\/2023 Qu'attendre des Fran\u00e7aises cette saison\"},{\"@type\":\"BreadcrumbList\",\"@id\":\"https:\/\/dicodusport.fr\/blog\/biathlon-anais-chevalier-bouchet-poursuit-au-moins-une-saison\/#breadcrumb\",\"itemListElement\":[{\"@type\":\"ListItem\",\"position\":1,\"name\":\"Accueil\",\"item\":\"https:\/\/dicodusport.fr\/blog\/\"},{\"@type\":\"ListItem\",\"position\":2,\"name\":\"Biathlon : Ana\u00efs Chevalier-Bouchet poursuit au moins une saison\"}]},{\"@type\":\"WebSite\",\"@id\":\"https:\/\/dicodusport.fr\/blog\/#website\",\"url\":\"https:\/\/dicodusport.fr\/blog\/\",\"name\":\"Dicodusport\",\"description\":\"L&#039;encyclop\u00e9die de l&#039;actualit\u00e9 sportive\",\"publisher\":{\"@id\":\"https:\/\/dicodusport.fr\/blog\/#organization\"},\"potentialAction\":[{\"@type\":\"SearchAction\",\"target\":{\"@type\":\"EntryPoint\",\"urlTemplate\":\"https:\/\/dicodusport.fr\/blog\/?s={search_term_string}\"},\"query-input\":{\"@type\":\"PropertyValueSpecification\",\"valueRequired\":true,\"valueName\":\"search_term_string\"}}],\"inLanguage\":\"fr-FR\"},{\"@type\":\"NewsMediaOrganization\",\"@id\":\"https:\/\/dicodusport.fr\/blog\/#organization\",\"name\":\"Dicodusport\",\"url\":\"https:\/\/dicodusport.fr\/blog\/\",\"logo\":{\"@type\":\"ImageObject\",\"inLanguage\":\"fr-FR\",\"@id\":\"https:\/\/dicodusport.fr\/blog\/#\/schema\/logo\/image\/\",\"url\":\"https:\/\/dicodusport.fr\/blog\/wp-content\/uploads\/2020\/06\/cropped-LOGO-DICODUSPORT-2020-SANS-FOND-SANS-TEXTE.png\",\"contentUrl\":\"https:\/\/dicodusport.fr\/blog\/wp-content\/uploads\/2020\/06\/cropped-LOGO-DICODUSPORT-2020-SANS-FOND-SANS-TEXTE.png\",\"width\":512,\"height\":512,\"caption\":\"Dicodusport\"},\"image\":{\"@id\":\"https:\/\/dicodusport.fr\/blog\/#\/schema\/logo\/image\/\"},\"sameAs\":[\"https:\/\/www.facebook.com\/dicodusport\",\"https:\/\/x.com\/dicodusport\",\"https:\/\/www.instagram.com\/dicodusport\/\",\"https:\/\/www.youtube.com\/channel\/UC7V2KZ5sd3htJivAbA4ZG3w\"],\"description\":\"Dicodusport est l'encyclop\u00e9die de l'actualit\u00e9 sportive.\",\"email\":\"bonjour@dicodusport.fr\",\"legalName\":\"DICODUSPORT\",\"foundingDate\":\"2018-01-14\",\"vatID\":\"FR71834470973\",\"taxID\":\"83447097300043\",\"numberOfEmployees\":{\"@type\":\"QuantitativeValue\",\"minValue\":\"1\",\"maxValue\":\"10\"}},{\"@type\":\"Person\",\"@id\":\"https:\/\/dicodusport.fr\/blog\/#\/schema\/person\/55dcb50ad410894e431ed812bbb70191\",\"name\":\"Nicolas Jacquemard\",\"image\":{\"@type\":\"ImageObject\",\"inLanguage\":\"fr-FR\",\"@id\":\"https:\/\/dicodusport.fr\/blog\/#\/schema\/person\/image\/\",\"url\":\"https:\/\/dicodusport.fr\/blog\/wp-content\/uploads\/2021\/05\/Nicolas-Jacquemard-150x150.jpeg\",\"contentUrl\":\"https:\/\/dicodusport.fr\/blog\/wp-content\/uploads\/2021\/05\/Nicolas-Jacquemard-150x150.jpeg\",\"caption\":\"Nicolas Jacquemard\"},\"description\":\"Passionn\u00e9 de sport et entrepreneur depuis mes 18 ans, la cr\u00e9ation de Dicodusport m'a sembl\u00e9 \u00e9vidente pour participer \u00e0 la m\u00e9diatisation d'un plus grand nombre de sports. Le chemin est long mais avec une \u00e9quipe des plus motiv\u00e9es et les Jeux Olympiques de Paris 2024 en point de mire, nous y arriverons ! Journaliste dans le monde du sport depuis plus de 5 ans, je traite aussi bien de football, de rugby, de biathlon que de cyclisme.\",\"sameAs\":[\"https:\/\/www.facebook.com\/dicodusport\",\"https:\/\/x.com\/https:\/\/twitter.com\/Nico_Jacquemard\"],\"url\":\"https:\/\/dicodusport.fr\/blog\/author\/dicodusport\/\"}]}<\/script>\n<!-- \/ Yoast SEO Premium plugin. -->","yoast_head_json":{"title":"- Biathlon : Ana\u00efs Chevalier-Bouchet poursuit au moins une saison - Dicodusport","description":"Alors qu'elle avait laiss\u00e9 planer le doute sur la suite de sa carri\u00e8re, Ana\u00efs Chevalier-Bouchet a annonc\u00e9 qu'elle repartait pour un an.\u00a0","robots":{"index":"index","follow":"follow","max-snippet":"max-snippet:-1","max-image-preview":"max-image-preview:large","max-video-preview":"max-video-preview:-1"},"canonical":"https:\/\/dicodusport.fr\/blog\/biathlon-anais-chevalier-bouchet-poursuit-au-moins-une-saison\/","og_locale":"fr_FR","og_type":"article","og_title":"Biathlon : Ana\u00efs Chevalier-Bouchet poursuit au moins une saison","og_description":"Alors qu'elle avait laiss\u00e9 planer le doute sur la suite de sa carri\u00e8re, Ana\u00efs Chevalier-Bouchet a annonc\u00e9 qu'elle repartait pour un an.\u00a0","og_url":"https:\/\/dicodusport.fr\/blog\/biathlon-anais-chevalier-bouchet-poursuit-au-moins-une-saison\/","og_site_name":"Dicodusport","article_publisher":"https:\/\/www.facebook.com\/dicodusport","article_author":"https:\/\/www.facebook.com\/dicodusport","article_published_time":"2022-05-10T09:50:07+00:00","article_modified_time":"2022-05-10T12:27:12+00:00","og_image":[{"width":800,"height":445,"url":"https:\/\/dicodusport.fr\/blog\/wp-content\/uploads\/2022\/05\/Biathlon-Anai\u0308s-Chevalier-Bouchet-poursuit-au-moins-une-saison.png","type":"image\/png"}],"author":"Nicolas Jacquemard","twitter_card":"summary_large_image","twitter_title":"Biathlon : Ana\u00efs Chevalier-Bouchet poursuit au moins une saison","twitter_creator":"@https:\/\/twitter.com\/Nico_Jacquemard","twitter_site":"@dicodusport","schema":{"@context":"https:\/\/schema.org","@graph":[{"@type":"NewsArticle","@id":"https:\/\/dicodusport.fr\/blog\/biathlon-anais-chevalier-bouchet-poursuit-au-moins-une-saison\/#article","isPartOf":{"@id":"https:\/\/dicodusport.fr\/blog\/biathlon-anais-chevalier-bouchet-poursuit-au-moins-une-saison\/"},"author":{"name":"Nicolas Jacquemard","@id":"https:\/\/dicodusport.fr\/blog\/#\/schema\/person\/55dcb50ad410894e431ed812bbb70191"},"headline":"Biathlon : Ana\u00efs Chevalier-Bouchet poursuit au moins une saison","datePublished":"2022-05-10T09:50:07+00:00","dateModified":"2022-05-10T12:27:12+00:00","mainEntityOfPage":{"@id":"https:\/\/dicodusport.fr\/blog\/biathlon-anais-chevalier-bouchet-poursuit-au-moins-une-saison\/"},"wordCount":264,"commentCount":0,"publisher":{"@id":"https:\/\/dicodusport.fr\/blog\/#organization"},"image":{"@id":"https:\/\/dicodusport.fr\/blog\/biathlon-anais-chevalier-bouchet-poursuit-au-moins-une-saison\/#primaryimage"},"thumbnailUrl":"https:\/\/dicodusport.fr\/blog\/wp-content\/uploads\/2022\/05\/Biathlon-Anai\u0308s-Chevalier-Bouchet-poursuit-au-moins-une-saison.png","keywords":["Ana\u00efs Chevalier-Bouchet","Biathlon"],"articleSection":["Coupe du monde de biathlon"],"inLanguage":"fr-FR","potentialAction":[{"@type":"CommentAction","name":"Comment","target":["https:\/\/dicodusport.fr\/blog\/biathlon-anais-chevalier-bouchet-poursuit-au-moins-une-saison\/#respond"]}],"copyrightYear":"2022","copyrightHolder":{"@id":"https:\/\/dicodusport.fr\/blog\/#organization"}},{"@type":"WebPage","@id":"https:\/\/dicodusport.fr\/blog\/biathlon-anais-chevalier-bouchet-poursuit-au-moins-une-saison\/","url":"https:\/\/dicodusport.fr\/blog\/biathlon-anais-chevalier-bouchet-poursuit-au-moins-une-saison\/","name":"- Biathlon : Ana\u00efs Chevalier-Bouchet poursuit au moins une saison - Dicodusport","isPartOf":{"@id":"https:\/\/dicodusport.fr\/blog\/#website"},"primaryImageOfPage":{"@id":"https:\/\/dicodusport.fr\/blog\/biathlon-anais-chevalier-bouchet-poursuit-au-moins-une-saison\/#primaryimage"},"image":{"@id":"https:\/\/dicodusport.fr\/blog\/biathlon-anais-chevalier-bouchet-poursuit-au-moins-une-saison\/#primaryimage"},"thumbnailUrl":"https:\/\/dicodusport.fr\/blog\/wp-content\/uploads\/2022\/05\/Biathlon-Anai\u0308s-Chevalier-Bouchet-poursuit-au-moins-une-saison.png","datePublished":"2022-05-10T09:50:07+00:00","dateModified":"2022-05-10T12:27:12+00:00","description":"Alors qu'elle avait laiss\u00e9 planer le doute sur la suite de sa carri\u00e8re, Ana\u00efs Chevalier-Bouchet a annonc\u00e9 qu'elle repartait pour un an.\u00a0","breadcrumb":{"@id":"https:\/\/dicodusport.fr\/blog\/biathlon-anais-chevalier-bouchet-poursuit-au-moins-une-saison\/#breadcrumb"},"inLanguage":"fr-FR","potentialAction":[{"@type":"ReadAction","target":["https:\/\/dicodusport.fr\/blog\/biathlon-anais-chevalier-bouchet-poursuit-au-moins-une-saison\/"]}]},{"@type":"ImageObject","inLanguage":"fr-FR","@id":"https:\/\/dicodusport.fr\/blog\/biathlon-anais-chevalier-bouchet-poursuit-au-moins-une-saison\/#primaryimage","url":"https:\/\/dicodusport.fr\/blog\/wp-content\/uploads\/2022\/05\/Biathlon-Anai\u0308s-Chevalier-Bouchet-poursuit-au-moins-une-saison.png","contentUrl":"https:\/\/dicodusport.fr\/blog\/wp-content\/uploads\/2022\/05\/Biathlon-Anai\u0308s-Chevalier-Bouchet-poursuit-au-moins-une-saison.png","width":800,"height":445,"caption":"Coupe du monde de biathlon 2022\/2023 Qu'attendre des Fran\u00e7aises cette saison"},{"@type":"BreadcrumbList","@id":"https:\/\/dicodusport.fr\/blog\/biathlon-anais-chevalier-bouchet-poursuit-au-moins-une-saison\/#breadcrumb","itemListElement":[{"@type":"ListItem","position":1,"name":"Accueil","item":"https:\/\/dicodusport.fr\/blog\/"},{"@type":"ListItem","position":2,"name":"Biathlon : Ana\u00efs Chevalier-Bouchet poursuit au moins une saison"}]},{"@type":"WebSite","@id":"https:\/\/dicodusport.fr\/blog\/#website","url":"https:\/\/dicodusport.fr\/blog\/","name":"Dicodusport","description":"L&#039;encyclop\u00e9die de l&#039;actualit\u00e9 sportive","publisher":{"@id":"https:\/\/dicodusport.fr\/blog\/#organization"},"potentialAction":[{"@type":"SearchAction","target":{"@type":"EntryPoint","urlTemplate":"https:\/\/dicodusport.fr\/blog\/?s={search_term_string}"},"query-input":{"@type":"PropertyValueSpecification","valueRequired":true,"valueName":"search_term_string"}}],"inLanguage":"fr-FR"},{"@type":"NewsMediaOrganization","@id":"https:\/\/dicodusport.fr\/blog\/#organization","name":"Dicodusport","url":"https:\/\/dicodusport.fr\/blog\/","logo":{"@type":"ImageObject","inLanguage":"fr-FR","@id":"https:\/\/dicodusport.fr\/blog\/#\/schema\/logo\/image\/","url":"https:\/\/dicodusport.fr\/blog\/wp-content\/uploads\/2020\/06\/cropped-LOGO-DICODUSPORT-2020-SANS-FOND-SANS-TEXTE.png","contentUrl":"https:\/\/dicodusport.fr\/blog\/wp-content\/uploads\/2020\/06\/cropped-LOGO-DICODUSPORT-2020-SANS-FOND-SANS-TEXTE.png","width":512,"height":512,"caption":"Dicodusport"},"image":{"@id":"https:\/\/dicodusport.fr\/blog\/#\/schema\/logo\/image\/"},"sameAs":["https:\/\/www.facebook.com\/dicodusport","https:\/\/x.com\/dicodusport","https:\/\/www.instagram.com\/dicodusport\/","https:\/\/www.youtube.com\/channel\/UC7V2KZ5sd3htJivAbA4ZG3w"],"description":"Dicodusport est l'encyclop\u00e9die de l'actualit\u00e9 sportive.","email":"bonjour@dicodusport.fr","legalName":"DICODUSPORT","foundingDate":"2018-01-14","vatID":"FR71834470973","taxID":"83447097300043","numberOfEmployees":{"@type":"QuantitativeValue","minValue":"1","maxValue":"10"}},{"@type":"Person","@id":"https:\/\/dicodusport.fr\/blog\/#\/schema\/person\/55dcb50ad410894e431ed812bbb70191","name":"Nicolas Jacquemard","image":{"@type":"ImageObject","inLanguage":"fr-FR","@id":"https:\/\/dicodusport.fr\/blog\/#\/schema\/person\/image\/","url":"https:\/\/dicodusport.fr\/blog\/wp-content\/uploads\/2021\/05\/Nicolas-Jacquemard-150x150.jpeg","contentUrl":"https:\/\/dicodusport.fr\/blog\/wp-content\/uploads\/2021\/05\/Nicolas-Jacquemard-150x150.jpeg","caption":"Nicolas Jacquemard"},"description":"Passionn\u00e9 de sport et entrepreneur depuis mes 18 ans, la cr\u00e9ation de Dicodusport m'a sembl\u00e9 \u00e9vidente pour participer \u00e0 la m\u00e9diatisation d'un plus grand nombre de sports. Le chemin est long mais avec une \u00e9quipe des plus motiv\u00e9es et les Jeux Olympiques de Paris 2024 en point de mire, nous y arriverons ! Journaliste dans le monde du sport depuis plus de 5 ans, je traite aussi bien de football, de rugby, de biathlon que de cyclisme.","sameAs":["https:\/\/www.facebook.com\/dicodusport","https:\/\/x.com\/https:\/\/twitter.com\/Nico_Jacquemard"],"url":"https:\/\/dicodusport.fr\/blog\/author\/dicodusport\/"}]}},"_links":{"self":[{"href":"https:\/\/dicodusport.fr\/blog\/wp-json\/wp\/v2\/posts\/222525","targetHints":{"allow":["GET"]}}],"collection":[{"href":"https:\/\/dicodusport.fr\/blog\/wp-json\/wp\/v2\/posts"}],"about":[{"href":"https:\/\/dicodusport.fr\/blog\/wp-json\/wp\/v2\/types\/post"}],"author":[{"embeddable":true,"href":"https:\/\/dicodusport.fr\/blog\/wp-json\/wp\/v2\/users\/1"}],"replies":[{"embeddable":true,"href":"https:\/\/dicodusport.fr\/blog\/wp-json\/wp\/v2\/comments?post=222525"}],"version-history":[{"count":0,"href":"https:\/\/dicodusport.fr\/blog\/wp-json\/wp\/v2\/posts\/222525\/revisions"}],"wp:featuredmedia":[{"embeddable":true,"href":"https:\/\/dicodusport.fr\/blog\/wp-json\/wp\/v2\/media\/222528"}],"wp:attachment":[{"href":"https:\/\/dicodusport.fr\/blog\/wp-json\/wp\/v2\/media?parent=222525"}],"wp:term":[{"taxonomy":"category","embeddable":true,"href":"https:\/\/dicodusport.fr\/blog\/wp-json\/wp\/v2\/categories?post=222525"},{"taxonomy":"post_tag","embeddable":true,"href":"https:\/\/dicodusport.fr\/blog\/wp-json\/wp\/v2\/tags?post=222525"}],"curies":[{"name":"wp","href":"https:\/\/api.w.org\/{rel}","templated":true}]}}