{"id":222612,"date":"2022-05-10T18:08:27","date_gmt":"2022-05-10T16:08:27","guid":{"rendered":"https:\/\/dicodusport.fr\/blog\/?p=222612&#038;preview=true&#038;preview_id=222612"},"modified":"2022-05-10T18:08:27","modified_gmt":"2022-05-10T16:08:27","slug":"roland-garros-les-wildcards-des-francais-devoilees","status":"publish","type":"post","link":"https:\/\/dicodusport.fr\/blog\/roland-garros-les-wildcards-des-francais-devoilees\/","title":{"rendered":"Roland-Garros : Les wildcards des Fran\u00e7ais d\u00e9voil\u00e9es"},"content":{"rendered":"<p style=\"text-align: justify;\"><i><b>ROLAND-GARROS 2022 &#8211; La F\u00e9d\u00e9ration Fran\u00e7aise de Tennis a d\u00e9livr\u00e9 la liste des Tricolores invit\u00e9s pour le prochain Roland-Garros. Comme attendu, Jo-Wilfried Tsonga et Gilles Simon en sont b\u00e9n\u00e9ficiaires.<\/b><\/i><\/p>\n<p style=\"text-align: justify;\">Le tournoi de Roland-Garros, deuxi\u00e8me Grand Chelem de l&rsquo;ann\u00e9e, aura lieu du 22 mai au 5 juin prochain. Huit invitations, ou <em>wildcards,<\/em> sont d\u00e9cern\u00e9es par tableau, dont six r\u00e9serv\u00e9es aux joueurs et joueuses fran\u00e7ais. La FFT vient de donner le nom des b\u00e9n\u00e9ficiaires de ces invitations. Chez les femmes, <strong>Chlo\u00e9 Paquet, Harmony Tan, Fiona Ferro, Tessah Andrianjafitrimo, L\u00e9olia Jeanjean <\/strong>et <strong>Elsa Jacquemot<\/strong> int\u00e9greront le tableau final. Toutes class\u00e9es entre la 100\u00e8me et la 230\u00e8me place mondiale, elle n&rsquo;auront donc pas besoin de passer par les qualifications.<\/p>\n<blockquote class=\"twitter-tweet\">\n<p dir=\"ltr\" lang=\"it\">Les WC &#x1f1eb;&#x1f1f7; de <a href=\"https:\/\/twitter.com\/hashtag\/RG22?src=hash&amp;ref_src=twsrc%5Etfw\">#RG22<\/a> :<br \/>\n&#x2640;&#xfe0f; (tableau final) :<br \/>\nPaquet (101\u00e8)<br \/>\nTan (115\u00e8)<br \/>\nFerro (139\u00e8)<br \/>\nAndrianjafitrimo (144\u00e8)<br \/>\nJeanjean (223\u00e8)<br \/>\nJacquemot (229\u00e8)<br \/>\n&#x2640;&#xfe0f; (Q) :<br \/>\nMonnet (266\u00e8)<br \/>\nJanicijevic (344\u00e8)<br \/>\nRame (345\u00e8)<br \/>\nDjoubri (426\u00e8)<br \/>\nAlbie (438\u00e8)<br \/>\nDartron (451\u00e8)<br \/>\nBoisson (524\u00e8)<br \/>\nNguyen Tan (614\u00e8)<br \/>\nBabel (661\u00e8)<\/p>\n<p>\u2014 FrenchiesTennis (@FrenchiesTennis) <a href=\"https:\/\/twitter.com\/FrenchiesTennis\/status\/1524048644923707395?ref_src=twsrc%5Etfw\">May 10, 2022<\/a><\/p><\/blockquote>\n<p><script async src=\"https:\/\/platform.twitter.com\/widgets.js\" charset=\"utf-8\"><\/script><\/p>\n<h2 style=\"text-align: justify;\">Tsonga et Simon pourront dire au revoir<\/h2>\n<p style=\"text-align: justify;\">La liste hommes \u00e9tait particuli\u00e8rement attendue, mais au final, <strong>Jo-Wilfried Tsonga<\/strong> et <strong>Gilles Simon<\/strong> pourront bien disputer le plus grand tournoi du monde sur terre battue pour la derni\u00e8re fois. Une r\u00e9compense logique pour deux joueurs qui ont beaucoup apport\u00e9 au tennis fran\u00e7ais, et qui prendront leur retraite prochainement (<a href=\"https:\/\/dicodusport.fr\/blog\/jo-wilfried-tsonga-annonce-qu-il-prendra-sa-retraite-apres-roland-garros\/\">Tsonga juste apr\u00e8s le tournoi<\/a>, <a href=\"https:\/\/dicodusport.fr\/blog\/gilles-simon-annonce-sa-retraite\/\">Simon \u00e0 la fin de la saison<\/a>). <strong>Corentin Moutet, Manuel Guinard, Lucas Pouille <\/strong>et <strong>Gr\u00e9goire Barr\u00e8re<\/strong> sont les autres b\u00e9n\u00e9ficiaires.<\/p>\n<blockquote class=\"twitter-tweet\">\n<p dir=\"ltr\" lang=\"it\">Les WC &#x1f1eb;&#x1f1f7; de <a href=\"https:\/\/twitter.com\/hashtag\/RG22?src=hash&amp;ref_src=twsrc%5Etfw\">#RG22<\/a> :<br \/>\n&#x2642;&#xfe0f; (tableau final) :<br \/>\nMoutet (126\u00e8)<br \/>\nGuinard (158\u00e8)<br \/>\nSimon (160\u00e8)<br \/>\nPouille (165\u00e8)<br \/>\nBarrere (210\u00e8)<br \/>\nTsonga (263\u00e8)<br \/>\n&#x2642;&#xfe0f; (qualifs):<br \/>\nFurness (214\u00e8)<br \/>\nLokoli (278\u00e8)<br \/>\nCazaux (308\u00e8)<br \/>\nTabur (360\u00e8)<br \/>\nVan Assche (377\u00e8)<br \/>\nFils (405\u00e8)<br \/>\nGueymard Wayenburg (587\u00e8)<br \/>\nCuenin (595\u00e8)<br \/>\nDebru (782\u00e8)<\/p>\n<p>\u2014 FrenchiesTennis (@FrenchiesTennis) <a href=\"https:\/\/twitter.com\/FrenchiesTennis\/status\/1524047816368267266?ref_src=twsrc%5Etfw\">May 10, 2022<\/a><\/p><\/blockquote>\n<p><script async src=\"https:\/\/platform.twitter.com\/widgets.js\" charset=\"utf-8\"><\/script><\/p>\n<p style=\"text-align: justify;\">Il reste deux <em>wildcards<\/em> \u00e0 distribuer dans chaque tableau, qui seront annonc\u00e9es ult\u00e9rieurement. Elles sont destin\u00e9es \u00e0 des joueurs et joueuses am\u00e9ricains et australiens, en vertu des accords entre les f\u00e9d\u00e9rations (en \u00e9change, un Fran\u00e7ais et une Fran\u00e7aise sont invit\u00e9s \u00e0 l&rsquo;Open d&rsquo;Australie et \u00e0 l&rsquo;US Open). \u00c0 noter que des invitations ont \u00e9galement \u00e9t\u00e9 distribu\u00e9es pour participer aux qualifications du tournoi. On y retrouvera notamment le jeune <strong>Gabriel Debru<\/strong>, 16 ans, et <strong>Lucie Nguyen Tan<\/strong>, 18 ans, deux des plus prometteurs espoirs tricolores.<\/p>\n","protected":false},"excerpt":{"rendered":"<p>ROLAND-GARROS 2022 &#8211; La F\u00e9d\u00e9ration Fran\u00e7aise de Tennis a d\u00e9livr\u00e9 la liste des Tricolores invit\u00e9s pour le prochain Roland-Garros. Comme attendu, Jo-Wilfried Tsonga et Gilles Simon en sont b\u00e9n\u00e9ficiaires.<\/p>\n","protected":false},"author":59,"featured_media":222628,"comment_status":"open","ping_status":"closed","sticky":false,"template":"","format":"standard","meta":{"_acf_changed":false,"_daextam_enable_autolinks":"","footnotes":""},"categories":[47090],"tags":[3307,2543,4792],"class_list":["post-222612","post","type-post","status-publish","format-standard","has-post-thumbnail","hentry","category-roland-garros","tag-gilles-simon","tag-jo-wilfried-tsonga","tag-tennis-francais"],"acf":[],"yoast_head":"<!-- This site is optimized with the Yoast SEO Premium plugin v26.7 (Yoast SEO v26.7) - https:\/\/yoast.com\/wordpress\/plugins\/seo\/ -->\n<title>- Roland-Garros : Les wildcards des Fran\u00e7ais d\u00e9voil\u00e9es - Dicodusport<\/title>\n<meta name=\"description\" content=\"ROLAND-GARROS 2022 - La F\u00e9d\u00e9ration Fran\u00e7aise de Tennis a d\u00e9livr\u00e9 la liste des Tricolores invit\u00e9s pour le prochain Roland-Garros.\" \/>\n<meta name=\"robots\" content=\"index, follow, max-snippet:-1, max-image-preview:large, max-video-preview:-1\" \/>\n<link rel=\"canonical\" href=\"https:\/\/dicodusport.fr\/blog\/roland-garros-les-wildcards-des-francais-devoilees\/\" \/>\n<meta property=\"og:locale\" content=\"fr_FR\" \/>\n<meta property=\"og:type\" content=\"article\" \/>\n<meta property=\"og:title\" content=\"Roland-Garros : Les wildcards des Fran\u00e7ais d\u00e9voil\u00e9es\" \/>\n<meta property=\"og:description\" content=\"ROLAND-GARROS 2022 - La F\u00e9d\u00e9ration Fran\u00e7aise de Tennis a d\u00e9livr\u00e9 la liste des Tricolores invit\u00e9s pour le prochain Roland-Garros.\" \/>\n<meta property=\"og:url\" content=\"https:\/\/dicodusport.fr\/blog\/roland-garros-les-wildcards-des-francais-devoilees\/\" \/>\n<meta property=\"og:site_name\" content=\"Dicodusport\" \/>\n<meta property=\"article:publisher\" content=\"https:\/\/www.facebook.com\/dicodusport\" \/>\n<meta property=\"article:author\" content=\"https:\/\/www.facebook.com\/sebastien.gente\/\" \/>\n<meta property=\"article:published_time\" content=\"2022-05-10T16:08:27+00:00\" \/>\n<meta property=\"og:image\" content=\"https:\/\/dicodusport.fr\/blog\/wp-content\/uploads\/2022\/05\/Tout-ce-quil-faut-savoir-sur-la-nouvelle-formule-de-la-Ligue-des-Champions-1.png\" \/>\n\t<meta property=\"og:image:width\" content=\"800\" \/>\n\t<meta property=\"og:image:height\" content=\"445\" \/>\n\t<meta property=\"og:image:type\" content=\"image\/png\" \/>\n<meta name=\"author\" content=\"S\u00e9bastien Gente\" \/>\n<meta name=\"twitter:card\" content=\"summary_large_image\" \/>\n<meta name=\"twitter:title\" content=\"Roland-Garros : Les wildcards des Fran\u00e7ais d\u00e9voil\u00e9es\" \/>\n<meta name=\"twitter:creator\" content=\"@https:\/\/twitter.com\/globulo24\" \/>\n<meta name=\"twitter:site\" content=\"@dicodusport\" \/>\n<script type=\"application\/ld+json\" class=\"yoast-schema-graph\">{\"@context\":\"https:\/\/schema.org\",\"@graph\":[{\"@type\":\"NewsArticle\",\"@id\":\"https:\/\/dicodusport.fr\/blog\/roland-garros-les-wildcards-des-francais-devoilees\/#article\",\"isPartOf\":{\"@id\":\"https:\/\/dicodusport.fr\/blog\/roland-garros-les-wildcards-des-francais-devoilees\/\"},\"author\":{\"name\":\"S\u00e9bastien Gente\",\"@id\":\"https:\/\/dicodusport.fr\/blog\/#\/schema\/person\/627966a6cde45dbd8c5e36ac85d783da\"},\"headline\":\"Roland-Garros : Les wildcards des Fran\u00e7ais d\u00e9voil\u00e9es\",\"datePublished\":\"2022-05-10T16:08:27+00:00\",\"mainEntityOfPage\":{\"@id\":\"https:\/\/dicodusport.fr\/blog\/roland-garros-les-wildcards-des-francais-devoilees\/\"},\"wordCount\":398,\"commentCount\":0,\"publisher\":{\"@id\":\"https:\/\/dicodusport.fr\/blog\/#organization\"},\"image\":{\"@id\":\"https:\/\/dicodusport.fr\/blog\/roland-garros-les-wildcards-des-francais-devoilees\/#primaryimage\"},\"thumbnailUrl\":\"https:\/\/dicodusport.fr\/blog\/wp-content\/uploads\/2022\/05\/Tout-ce-quil-faut-savoir-sur-la-nouvelle-formule-de-la-Ligue-des-Champions-1.png\",\"keywords\":[\"Gilles Simon\",\"Jo-Wilfried Tsonga\",\"Tennis fran\u00e7ais\"],\"articleSection\":[\"Roland-Garros\"],\"inLanguage\":\"fr-FR\",\"potentialAction\":[{\"@type\":\"CommentAction\",\"name\":\"Comment\",\"target\":[\"https:\/\/dicodusport.fr\/blog\/roland-garros-les-wildcards-des-francais-devoilees\/#respond\"]}],\"copyrightYear\":\"2022\",\"copyrightHolder\":{\"@id\":\"https:\/\/dicodusport.fr\/blog\/#organization\"}},{\"@type\":\"WebPage\",\"@id\":\"https:\/\/dicodusport.fr\/blog\/roland-garros-les-wildcards-des-francais-devoilees\/\",\"url\":\"https:\/\/dicodusport.fr\/blog\/roland-garros-les-wildcards-des-francais-devoilees\/\",\"name\":\"- Roland-Garros : Les wildcards des Fran\u00e7ais d\u00e9voil\u00e9es - Dicodusport\",\"isPartOf\":{\"@id\":\"https:\/\/dicodusport.fr\/blog\/#website\"},\"primaryImageOfPage\":{\"@id\":\"https:\/\/dicodusport.fr\/blog\/roland-garros-les-wildcards-des-francais-devoilees\/#primaryimage\"},\"image\":{\"@id\":\"https:\/\/dicodusport.fr\/blog\/roland-garros-les-wildcards-des-francais-devoilees\/#primaryimage\"},\"thumbnailUrl\":\"https:\/\/dicodusport.fr\/blog\/wp-content\/uploads\/2022\/05\/Tout-ce-quil-faut-savoir-sur-la-nouvelle-formule-de-la-Ligue-des-Champions-1.png\",\"datePublished\":\"2022-05-10T16:08:27+00:00\",\"description\":\"ROLAND-GARROS 2022 - La F\u00e9d\u00e9ration Fran\u00e7aise de Tennis a d\u00e9livr\u00e9 la liste des Tricolores invit\u00e9s pour le prochain Roland-Garros.\",\"breadcrumb\":{\"@id\":\"https:\/\/dicodusport.fr\/blog\/roland-garros-les-wildcards-des-francais-devoilees\/#breadcrumb\"},\"inLanguage\":\"fr-FR\",\"potentialAction\":[{\"@type\":\"ReadAction\",\"target\":[\"https:\/\/dicodusport.fr\/blog\/roland-garros-les-wildcards-des-francais-devoilees\/\"]}]},{\"@type\":\"ImageObject\",\"inLanguage\":\"fr-FR\",\"@id\":\"https:\/\/dicodusport.fr\/blog\/roland-garros-les-wildcards-des-francais-devoilees\/#primaryimage\",\"url\":\"https:\/\/dicodusport.fr\/blog\/wp-content\/uploads\/2022\/05\/Tout-ce-quil-faut-savoir-sur-la-nouvelle-formule-de-la-Ligue-des-Champions-1.png\",\"contentUrl\":\"https:\/\/dicodusport.fr\/blog\/wp-content\/uploads\/2022\/05\/Tout-ce-quil-faut-savoir-sur-la-nouvelle-formule-de-la-Ligue-des-Champions-1.png\",\"width\":800,\"height\":445,\"caption\":\"Tout ce qu'il faut savoir sur la nouvelle formule de la Ligue des Champions (1)\"},{\"@type\":\"BreadcrumbList\",\"@id\":\"https:\/\/dicodusport.fr\/blog\/roland-garros-les-wildcards-des-francais-devoilees\/#breadcrumb\",\"itemListElement\":[{\"@type\":\"ListItem\",\"position\":1,\"name\":\"Accueil\",\"item\":\"https:\/\/dicodusport.fr\/blog\/\"},{\"@type\":\"ListItem\",\"position\":2,\"name\":\"Roland-Garros : Les wildcards des Fran\u00e7ais d\u00e9voil\u00e9es\"}]},{\"@type\":\"WebSite\",\"@id\":\"https:\/\/dicodusport.fr\/blog\/#website\",\"url\":\"https:\/\/dicodusport.fr\/blog\/\",\"name\":\"Dicodusport\",\"description\":\"L&#039;encyclop\u00e9die de l&#039;actualit\u00e9 sportive\",\"publisher\":{\"@id\":\"https:\/\/dicodusport.fr\/blog\/#organization\"},\"potentialAction\":[{\"@type\":\"SearchAction\",\"target\":{\"@type\":\"EntryPoint\",\"urlTemplate\":\"https:\/\/dicodusport.fr\/blog\/?s={search_term_string}\"},\"query-input\":{\"@type\":\"PropertyValueSpecification\",\"valueRequired\":true,\"valueName\":\"search_term_string\"}}],\"inLanguage\":\"fr-FR\"},{\"@type\":\"NewsMediaOrganization\",\"@id\":\"https:\/\/dicodusport.fr\/blog\/#organization\",\"name\":\"Dicodusport\",\"url\":\"https:\/\/dicodusport.fr\/blog\/\",\"logo\":{\"@type\":\"ImageObject\",\"inLanguage\":\"fr-FR\",\"@id\":\"https:\/\/dicodusport.fr\/blog\/#\/schema\/logo\/image\/\",\"url\":\"https:\/\/dicodusport.fr\/blog\/wp-content\/uploads\/2020\/06\/cropped-LOGO-DICODUSPORT-2020-SANS-FOND-SANS-TEXTE.png\",\"contentUrl\":\"https:\/\/dicodusport.fr\/blog\/wp-content\/uploads\/2020\/06\/cropped-LOGO-DICODUSPORT-2020-SANS-FOND-SANS-TEXTE.png\",\"width\":512,\"height\":512,\"caption\":\"Dicodusport\"},\"image\":{\"@id\":\"https:\/\/dicodusport.fr\/blog\/#\/schema\/logo\/image\/\"},\"sameAs\":[\"https:\/\/www.facebook.com\/dicodusport\",\"https:\/\/x.com\/dicodusport\",\"https:\/\/www.instagram.com\/dicodusport\/\",\"https:\/\/www.youtube.com\/channel\/UC7V2KZ5sd3htJivAbA4ZG3w\"],\"description\":\"Dicodusport est l'encyclop\u00e9die de l'actualit\u00e9 sportive.\",\"email\":\"bonjour@dicodusport.fr\",\"legalName\":\"DICODUSPORT\",\"foundingDate\":\"2018-01-14\",\"vatID\":\"FR71834470973\",\"taxID\":\"83447097300043\",\"numberOfEmployees\":{\"@type\":\"QuantitativeValue\",\"minValue\":\"1\",\"maxValue\":\"10\"}},{\"@type\":\"Person\",\"@id\":\"https:\/\/dicodusport.fr\/blog\/#\/schema\/person\/627966a6cde45dbd8c5e36ac85d783da\",\"name\":\"S\u00e9bastien Gente\",\"image\":{\"@type\":\"ImageObject\",\"inLanguage\":\"fr-FR\",\"@id\":\"https:\/\/dicodusport.fr\/blog\/#\/schema\/person\/image\/\",\"url\":\"https:\/\/dicodusport.fr\/blog\/wp-content\/uploads\/2021\/09\/1510990_10205810251400683_4124423575079401707_n-150x150.jpg\",\"contentUrl\":\"https:\/\/dicodusport.fr\/blog\/wp-content\/uploads\/2021\/09\/1510990_10205810251400683_4124423575079401707_n-150x150.jpg\",\"caption\":\"S\u00e9bastien Gente\"},\"description\":\"John Stockton, Gianni Bugno, Zinedine Zidane, Steffi Graf, Frode Andresen, St\u00e9phane Stoecklin, Davis Kamoga, Primoz Peterka, Werner Schlager et Aur\u00e9lien Rougerie. Point commun entre ces sportifs? Ils m'ont fait r\u00eaver et ont berc\u00e9 mon adolescence. Je suis un fondu de sports et j'essaie de retranscrire ma passion \u00e0 travers mes articles. Originaire du P\u00e9rigord, ma passion pour les Girondins, les Jaunards et les Jazzmen transpire dans mes \u00e9crits. \u00c0 Dicodusport depuis 2021, je d\u00e9niche les sports m\u00e9connus dans lesquels la France brille, et il y en a !\",\"sameAs\":[\"https:\/\/www.facebook.com\/sebastien.gente\/\",\"https:\/\/www.instagram.com\/sebgente\/\",\"https:\/\/www.linkedin.com\/in\/sbastien-gente-a29583169\/\",\"https:\/\/x.com\/https:\/\/twitter.com\/globulo24\",\"SebastienGente\"],\"worksFor\":\"S\u00e9bastien GENTE\",\"url\":\"https:\/\/dicodusport.fr\/blog\/author\/sebastiengente\/\"}]}<\/script>\n<!-- \/ Yoast SEO Premium plugin. -->","yoast_head_json":{"title":"- Roland-Garros : Les wildcards des Fran\u00e7ais d\u00e9voil\u00e9es - Dicodusport","description":"ROLAND-GARROS 2022 - La F\u00e9d\u00e9ration Fran\u00e7aise de Tennis a d\u00e9livr\u00e9 la liste des Tricolores invit\u00e9s pour le prochain Roland-Garros.","robots":{"index":"index","follow":"follow","max-snippet":"max-snippet:-1","max-image-preview":"max-image-preview:large","max-video-preview":"max-video-preview:-1"},"canonical":"https:\/\/dicodusport.fr\/blog\/roland-garros-les-wildcards-des-francais-devoilees\/","og_locale":"fr_FR","og_type":"article","og_title":"Roland-Garros : Les wildcards des Fran\u00e7ais d\u00e9voil\u00e9es","og_description":"ROLAND-GARROS 2022 - La F\u00e9d\u00e9ration Fran\u00e7aise de Tennis a d\u00e9livr\u00e9 la liste des Tricolores invit\u00e9s pour le prochain Roland-Garros.","og_url":"https:\/\/dicodusport.fr\/blog\/roland-garros-les-wildcards-des-francais-devoilees\/","og_site_name":"Dicodusport","article_publisher":"https:\/\/www.facebook.com\/dicodusport","article_author":"https:\/\/www.facebook.com\/sebastien.gente\/","article_published_time":"2022-05-10T16:08:27+00:00","og_image":[{"width":800,"height":445,"url":"https:\/\/dicodusport.fr\/blog\/wp-content\/uploads\/2022\/05\/Tout-ce-quil-faut-savoir-sur-la-nouvelle-formule-de-la-Ligue-des-Champions-1.png","type":"image\/png"}],"author":"S\u00e9bastien Gente","twitter_card":"summary_large_image","twitter_title":"Roland-Garros : Les wildcards des Fran\u00e7ais d\u00e9voil\u00e9es","twitter_creator":"@https:\/\/twitter.com\/globulo24","twitter_site":"@dicodusport","schema":{"@context":"https:\/\/schema.org","@graph":[{"@type":"NewsArticle","@id":"https:\/\/dicodusport.fr\/blog\/roland-garros-les-wildcards-des-francais-devoilees\/#article","isPartOf":{"@id":"https:\/\/dicodusport.fr\/blog\/roland-garros-les-wildcards-des-francais-devoilees\/"},"author":{"name":"S\u00e9bastien Gente","@id":"https:\/\/dicodusport.fr\/blog\/#\/schema\/person\/627966a6cde45dbd8c5e36ac85d783da"},"headline":"Roland-Garros : Les wildcards des Fran\u00e7ais d\u00e9voil\u00e9es","datePublished":"2022-05-10T16:08:27+00:00","mainEntityOfPage":{"@id":"https:\/\/dicodusport.fr\/blog\/roland-garros-les-wildcards-des-francais-devoilees\/"},"wordCount":398,"commentCount":0,"publisher":{"@id":"https:\/\/dicodusport.fr\/blog\/#organization"},"image":{"@id":"https:\/\/dicodusport.fr\/blog\/roland-garros-les-wildcards-des-francais-devoilees\/#primaryimage"},"thumbnailUrl":"https:\/\/dicodusport.fr\/blog\/wp-content\/uploads\/2022\/05\/Tout-ce-quil-faut-savoir-sur-la-nouvelle-formule-de-la-Ligue-des-Champions-1.png","keywords":["Gilles Simon","Jo-Wilfried Tsonga","Tennis fran\u00e7ais"],"articleSection":["Roland-Garros"],"inLanguage":"fr-FR","potentialAction":[{"@type":"CommentAction","name":"Comment","target":["https:\/\/dicodusport.fr\/blog\/roland-garros-les-wildcards-des-francais-devoilees\/#respond"]}],"copyrightYear":"2022","copyrightHolder":{"@id":"https:\/\/dicodusport.fr\/blog\/#organization"}},{"@type":"WebPage","@id":"https:\/\/dicodusport.fr\/blog\/roland-garros-les-wildcards-des-francais-devoilees\/","url":"https:\/\/dicodusport.fr\/blog\/roland-garros-les-wildcards-des-francais-devoilees\/","name":"- Roland-Garros : Les wildcards des Fran\u00e7ais d\u00e9voil\u00e9es - Dicodusport","isPartOf":{"@id":"https:\/\/dicodusport.fr\/blog\/#website"},"primaryImageOfPage":{"@id":"https:\/\/dicodusport.fr\/blog\/roland-garros-les-wildcards-des-francais-devoilees\/#primaryimage"},"image":{"@id":"https:\/\/dicodusport.fr\/blog\/roland-garros-les-wildcards-des-francais-devoilees\/#primaryimage"},"thumbnailUrl":"https:\/\/dicodusport.fr\/blog\/wp-content\/uploads\/2022\/05\/Tout-ce-quil-faut-savoir-sur-la-nouvelle-formule-de-la-Ligue-des-Champions-1.png","datePublished":"2022-05-10T16:08:27+00:00","description":"ROLAND-GARROS 2022 - La F\u00e9d\u00e9ration Fran\u00e7aise de Tennis a d\u00e9livr\u00e9 la liste des Tricolores invit\u00e9s pour le prochain Roland-Garros.","breadcrumb":{"@id":"https:\/\/dicodusport.fr\/blog\/roland-garros-les-wildcards-des-francais-devoilees\/#breadcrumb"},"inLanguage":"fr-FR","potentialAction":[{"@type":"ReadAction","target":["https:\/\/dicodusport.fr\/blog\/roland-garros-les-wildcards-des-francais-devoilees\/"]}]},{"@type":"ImageObject","inLanguage":"fr-FR","@id":"https:\/\/dicodusport.fr\/blog\/roland-garros-les-wildcards-des-francais-devoilees\/#primaryimage","url":"https:\/\/dicodusport.fr\/blog\/wp-content\/uploads\/2022\/05\/Tout-ce-quil-faut-savoir-sur-la-nouvelle-formule-de-la-Ligue-des-Champions-1.png","contentUrl":"https:\/\/dicodusport.fr\/blog\/wp-content\/uploads\/2022\/05\/Tout-ce-quil-faut-savoir-sur-la-nouvelle-formule-de-la-Ligue-des-Champions-1.png","width":800,"height":445,"caption":"Tout ce qu'il faut savoir sur la nouvelle formule de la Ligue des Champions (1)"},{"@type":"BreadcrumbList","@id":"https:\/\/dicodusport.fr\/blog\/roland-garros-les-wildcards-des-francais-devoilees\/#breadcrumb","itemListElement":[{"@type":"ListItem","position":1,"name":"Accueil","item":"https:\/\/dicodusport.fr\/blog\/"},{"@type":"ListItem","position":2,"name":"Roland-Garros : Les wildcards des Fran\u00e7ais d\u00e9voil\u00e9es"}]},{"@type":"WebSite","@id":"https:\/\/dicodusport.fr\/blog\/#website","url":"https:\/\/dicodusport.fr\/blog\/","name":"Dicodusport","description":"L&#039;encyclop\u00e9die de l&#039;actualit\u00e9 sportive","publisher":{"@id":"https:\/\/dicodusport.fr\/blog\/#organization"},"potentialAction":[{"@type":"SearchAction","target":{"@type":"EntryPoint","urlTemplate":"https:\/\/dicodusport.fr\/blog\/?s={search_term_string}"},"query-input":{"@type":"PropertyValueSpecification","valueRequired":true,"valueName":"search_term_string"}}],"inLanguage":"fr-FR"},{"@type":"NewsMediaOrganization","@id":"https:\/\/dicodusport.fr\/blog\/#organization","name":"Dicodusport","url":"https:\/\/dicodusport.fr\/blog\/","logo":{"@type":"ImageObject","inLanguage":"fr-FR","@id":"https:\/\/dicodusport.fr\/blog\/#\/schema\/logo\/image\/","url":"https:\/\/dicodusport.fr\/blog\/wp-content\/uploads\/2020\/06\/cropped-LOGO-DICODUSPORT-2020-SANS-FOND-SANS-TEXTE.png","contentUrl":"https:\/\/dicodusport.fr\/blog\/wp-content\/uploads\/2020\/06\/cropped-LOGO-DICODUSPORT-2020-SANS-FOND-SANS-TEXTE.png","width":512,"height":512,"caption":"Dicodusport"},"image":{"@id":"https:\/\/dicodusport.fr\/blog\/#\/schema\/logo\/image\/"},"sameAs":["https:\/\/www.facebook.com\/dicodusport","https:\/\/x.com\/dicodusport","https:\/\/www.instagram.com\/dicodusport\/","https:\/\/www.youtube.com\/channel\/UC7V2KZ5sd3htJivAbA4ZG3w"],"description":"Dicodusport est l'encyclop\u00e9die de l'actualit\u00e9 sportive.","email":"bonjour@dicodusport.fr","legalName":"DICODUSPORT","foundingDate":"2018-01-14","vatID":"FR71834470973","taxID":"83447097300043","numberOfEmployees":{"@type":"QuantitativeValue","minValue":"1","maxValue":"10"}},{"@type":"Person","@id":"https:\/\/dicodusport.fr\/blog\/#\/schema\/person\/627966a6cde45dbd8c5e36ac85d783da","name":"S\u00e9bastien Gente","image":{"@type":"ImageObject","inLanguage":"fr-FR","@id":"https:\/\/dicodusport.fr\/blog\/#\/schema\/person\/image\/","url":"https:\/\/dicodusport.fr\/blog\/wp-content\/uploads\/2021\/09\/1510990_10205810251400683_4124423575079401707_n-150x150.jpg","contentUrl":"https:\/\/dicodusport.fr\/blog\/wp-content\/uploads\/2021\/09\/1510990_10205810251400683_4124423575079401707_n-150x150.jpg","caption":"S\u00e9bastien Gente"},"description":"John Stockton, Gianni Bugno, Zinedine Zidane, Steffi Graf, Frode Andresen, St\u00e9phane Stoecklin, Davis Kamoga, Primoz Peterka, Werner Schlager et Aur\u00e9lien Rougerie. Point commun entre ces sportifs? Ils m'ont fait r\u00eaver et ont berc\u00e9 mon adolescence. Je suis un fondu de sports et j'essaie de retranscrire ma passion \u00e0 travers mes articles. Originaire du P\u00e9rigord, ma passion pour les Girondins, les Jaunards et les Jazzmen transpire dans mes \u00e9crits. \u00c0 Dicodusport depuis 2021, je d\u00e9niche les sports m\u00e9connus dans lesquels la France brille, et il y en a !","sameAs":["https:\/\/www.facebook.com\/sebastien.gente\/","https:\/\/www.instagram.com\/sebgente\/","https:\/\/www.linkedin.com\/in\/sbastien-gente-a29583169\/","https:\/\/x.com\/https:\/\/twitter.com\/globulo24","SebastienGente"],"worksFor":"S\u00e9bastien GENTE","url":"https:\/\/dicodusport.fr\/blog\/author\/sebastiengente\/"}]}},"_links":{"self":[{"href":"https:\/\/dicodusport.fr\/blog\/wp-json\/wp\/v2\/posts\/222612","targetHints":{"allow":["GET"]}}],"collection":[{"href":"https:\/\/dicodusport.fr\/blog\/wp-json\/wp\/v2\/posts"}],"about":[{"href":"https:\/\/dicodusport.fr\/blog\/wp-json\/wp\/v2\/types\/post"}],"author":[{"embeddable":true,"href":"https:\/\/dicodusport.fr\/blog\/wp-json\/wp\/v2\/users\/59"}],"replies":[{"embeddable":true,"href":"https:\/\/dicodusport.fr\/blog\/wp-json\/wp\/v2\/comments?post=222612"}],"version-history":[{"count":0,"href":"https:\/\/dicodusport.fr\/blog\/wp-json\/wp\/v2\/posts\/222612\/revisions"}],"wp:featuredmedia":[{"embeddable":true,"href":"https:\/\/dicodusport.fr\/blog\/wp-json\/wp\/v2\/media\/222628"}],"wp:attachment":[{"href":"https:\/\/dicodusport.fr\/blog\/wp-json\/wp\/v2\/media?parent=222612"}],"wp:term":[{"taxonomy":"category","embeddable":true,"href":"https:\/\/dicodusport.fr\/blog\/wp-json\/wp\/v2\/categories?post=222612"},{"taxonomy":"post_tag","embeddable":true,"href":"https:\/\/dicodusport.fr\/blog\/wp-json\/wp\/v2\/tags?post=222612"}],"curies":[{"name":"wp","href":"https:\/\/api.w.org\/{rel}","templated":true}]}}