{"id":222765,"date":"2022-11-19T12:27:27","date_gmt":"2022-11-19T11:27:27","guid":{"rendered":"https:\/\/dicodusport.fr\/blog\/?p=222765&#038;preview=true&#038;preview_id=222765"},"modified":"2023-04-20T00:03:39","modified_gmt":"2023-04-19T22:03:39","slug":"cyclisme-transferts-2022-2023-tableau-du-mercato","status":"publish","type":"post","link":"https:\/\/dicodusport.fr\/blog\/cyclisme-transferts-2022-2023-tableau-du-mercato\/","title":{"rendered":"Cyclisme Transferts 2022-2023 &#8211; Tableau du mercato"},"content":{"rendered":"<p style=\"text-align: justify;\"><strong><em>TRANSFERTS <a href=\"https:\/\/dicodusport.fr\/blog\/actualites\/cyclisme\/\">CYCLISME<\/a> 2022-2023 &#8211; Retrouvez toutes les rumeurs ainsi que les transferts officiels du mercato des \u00e9quipes UCI WorldTeam, mais aussi des \u00e9quipes fran\u00e7aises en UCI ProTeam.<\/em><\/strong><\/p>\n<p style=\"text-align: justify;\"><span style=\"font-size: 14px;\"><strong>En gras : Officiel<\/strong><\/span><br \/>\n<span style=\"font-size: 14px;\">En \u00e9criture normale : Rumeur<\/span><\/p>\n<div class=\"su-table su-table-alternate\">\n<table style=\"height: x;width: 100%;border-collapse: collapse\" border=\"1\">\n<tbody>\n<tr style=\"height: 22px\">\n<td style=\"width: 15.8859%;border-color: #e8e8e8;height: 23px;text-align: center;vertical-align: middle\"><span style=\"color: #000000;font-size: 0.9em\"><strong>\ud83d\udc55 EQUIPES<\/strong><\/span><\/td>\n<td style=\"width: 28.5132%;height: 23px;border-color: #e8e8e8;text-align: center;vertical-align: middle\"><span style=\"font-size: 0.9em\"><span style=\"color: #000000\"><strong><span style=\"color: #008000\">\u25bc<\/span> <\/strong><\/span><strong><span style=\"color: #000000\">ARRIV\u00c9ES<\/span><\/strong><\/span><\/td>\n<td style=\"width: 27.9022%;height: 23px;border-color: #e8e8e8;text-align: center;vertical-align: middle\"><span style=\"font-size: 0.9em\"><span style=\"color: #000000\"><strong><span style=\"color: #ff0000\">\u25b2<\/span> <\/strong><\/span><strong><span style=\"color: #000000\">D\u00c9PARTS<\/span><\/strong><\/span><\/td>\n<td style=\"width: 27.5967%;height: 23px;border-color: #e8e8e8;text-align: center;vertical-align: middle\"><span style=\"color: #000000;font-size: 0.9em\"><strong>\ud83d\udcdd PROLONGATIONS <\/strong><\/span><\/td>\n<\/tr>\n<tr style=\"height: 22px\">\n<td style=\"width: 15.8859%;border-color: #e8e8e8;height: 46px;text-align: center;vertical-align: middle\"><span style=\"font-size: 0.9em\"><a href=\"https:\/\/dicodusport.fr\/blog\/wp-content\/uploads\/2022\/05\/Maillot-AG2R-CITROEN-TEAM-2022.png\"><img loading=\"lazy\" decoding=\"async\" class=\"aligncenter wp-image-226594\" src=\"https:\/\/dicodusport.fr\/blog\/wp-content\/uploads\/2022\/05\/Maillot-AG2R-CITROEN-TEAM-2022.png\" alt=\"\" width=\"62\" height=\"62\" srcset=\"https:\/\/dicodusport.fr\/blog\/wp-content\/uploads\/2022\/05\/Maillot-AG2R-CITROEN-TEAM-2022.png 300w, https:\/\/dicodusport.fr\/blog\/wp-content\/uploads\/2022\/05\/Maillot-AG2R-CITROEN-TEAM-2022-150x150.png 150w, https:\/\/dicodusport.fr\/blog\/wp-content\/uploads\/2022\/05\/Maillot-AG2R-CITROEN-TEAM-2022-80x80.png 80w\" sizes=\"auto, (max-width: 62px) 100vw, 62px\" \/><\/a><b>AG2R CITRO\u00cbN TEAM<\/b><br \/>\n<\/span><\/td>\n<td style=\"width: 28.5132%;height: 46px;border-color: #e8e8e8;text-align: left;vertical-align: middle\"><span style=\"font-size: 0.9em\"><strong>&#8211; A. Baudin (Tudor Pro Cycling)<br \/>\n&#8211; P. Gautherat (SCO Dijon)<br \/>\n&#8211; V. Retailleau (AG2R Citro\u00ebn U23)<br \/>\n&#8211; B. Tronchon (AG2R Citro\u00ebn U23)<br \/>\n<\/strong>&#8211; F. Bonnamour (B&amp;B Hotels KTM)<br \/>\n<\/span><\/td>\n<td style=\"width: 27.9022%;height: 46px;border-color: #e8e8e8;text-align: left;vertical-align: middle\"><span style=\"font-size: 0.9em\"><strong>&#8211; L. Calmejane (Intermarch\u00e9 &#8211; Wanty Gobert)<br \/>\n&#8211; C. Champoussin (Ark\u00e9a-Samsic)<br \/>\n&#8211; B. Jungels \u2192 Bora-Hansgrohe<br \/>\n&#8211; G. Van Hoecke \u2192 Human Powered Health<\/strong><br \/>\n<\/span><\/td>\n<td style=\"width: 27.5967%;height: 46px;text-align: left;border-color: #e8e8e8;vertical-align: middle\"><span style=\"font-size: 0.9em\"><strong>&#8211; M. Cherel \u2192 2023<br \/>\n&#8211; M. Sarreau \u2192 2023<br \/>\n&#8211; L. Warbasse \u2192 2023<br \/>\n&#8211; S. Dewulf \u2192 2024<br \/>\n&#8211; N. Prodhomme \u2192 2024<br \/>\n&#8211; D. Godon \u2192 2025<\/strong><strong><br \/>\n<\/strong><\/span><\/td>\n<\/tr>\n<tr style=\"height: 22px\">\n<td style=\"width: 15.8859%;border-color: #e8e8e8;text-align: center;vertical-align: middle;height: 69px\"><span style=\"font-size: 0.9em\"><strong><a href=\"https:\/\/dicodusport.fr\/blog\/wp-content\/uploads\/2022\/05\/Maillot-ASTANA-QAZAQSTAN-TEAM-2022.png\"><img loading=\"lazy\" decoding=\"async\" class=\"aligncenter wp-image-226593 \" src=\"https:\/\/dicodusport.fr\/blog\/wp-content\/uploads\/2022\/05\/Maillot-ASTANA-QAZAQSTAN-TEAM-2022.png\" alt=\"\" width=\"62\" height=\"62\" srcset=\"https:\/\/dicodusport.fr\/blog\/wp-content\/uploads\/2022\/05\/Maillot-ASTANA-QAZAQSTAN-TEAM-2022.png 300w, https:\/\/dicodusport.fr\/blog\/wp-content\/uploads\/2022\/05\/Maillot-ASTANA-QAZAQSTAN-TEAM-2022-150x150.png 150w, https:\/\/dicodusport.fr\/blog\/wp-content\/uploads\/2022\/05\/Maillot-ASTANA-QAZAQSTAN-TEAM-2022-80x80.png 80w\" sizes=\"auto, (max-width: 62px) 100vw, 62px\" \/><\/a>ASTANA<\/strong><\/span><\/td>\n<td style=\"width: 28.5132%;height: 69px;border-color: #e8e8e8;text-align: left;vertical-align: middle\"><span style=\"font-size: 0.9em\"><strong>&#8211; I. Chzhan (Almaty)<br \/>\n&#8211; M. Laas (Bora-Hansgrohe)<br \/>\n&#8211; H.M. Lopez (Astana Qazaqstan Development)<br \/>\n&#8211; L.L Sanchez (Bahrain Victorious)<br \/>\n&#8211; C. Scaroni (Gazprom-RusVelo)<br \/>\n&#8211; G. Syritsa (Lokosphinx)<br \/>\n<\/strong>&#8211; N. Quintana ?<strong><br \/>\n<\/strong><\/span><\/td>\n<td style=\"width: 27.9022%;height: 69px;border-color: #e8e8e8;text-align: left;vertical-align: middle\"><span style=\"font-size: 0.9em\"><strong>&#8211; V. Nibali (Retraite)<br \/>\n&#8211; V. Conti (Team Corratec)<br \/>\n&#8211; S. de Bod (EF Education-EasyPost)<\/strong><strong><br \/>\n<\/strong><\/span><\/td>\n<td style=\"width: 27.5967%;height: 69px;text-align: left;border-color: #e8e8e8;vertical-align: middle\"><span style=\"font-size: 0.9em\"><strong>&#8211; G. Brussenskiy \u2192 2023<br \/>\n&#8211; C. Scaroni \u2192 2023<br \/>\n&#8211; A. Zeits \u2192 2023<br \/>\n&#8211; S. Battistella \u2192 2024<br \/>\n<\/strong><\/span><\/td>\n<\/tr>\n<tr style=\"height: 22px\">\n<td style=\"width: 15.8859%;border-color: #e8e8e8;text-align: center;vertical-align: middle;height: 161px\"><span style=\"font-size: 0.9em\"><strong><a href=\"https:\/\/dicodusport.fr\/blog\/wp-content\/uploads\/2022\/05\/Maillot-BAHRAIN-VICTORIOUS-2022.png\"><img loading=\"lazy\" decoding=\"async\" class=\"aligncenter wp-image-226592 \" src=\"https:\/\/dicodusport.fr\/blog\/wp-content\/uploads\/2022\/05\/Maillot-BAHRAIN-VICTORIOUS-2022.png\" alt=\"\" width=\"62\" height=\"62\" srcset=\"https:\/\/dicodusport.fr\/blog\/wp-content\/uploads\/2022\/05\/Maillot-BAHRAIN-VICTORIOUS-2022.png 300w, https:\/\/dicodusport.fr\/blog\/wp-content\/uploads\/2022\/05\/Maillot-BAHRAIN-VICTORIOUS-2022-150x150.png 150w, https:\/\/dicodusport.fr\/blog\/wp-content\/uploads\/2022\/05\/Maillot-BAHRAIN-VICTORIOUS-2022-80x80.png 80w\" sizes=\"auto, (max-width: 62px) 100vw, 62px\" \/><\/a>BAHRAIN VICTORIOUS<\/strong><\/span><\/td>\n<td style=\"width: 28.5132%;height: 161px;border-color: #e8e8e8;text-align: left;vertical-align: middle\"><span style=\"font-size: 0.9em\"><strong>&#8211; N. Arndt (Team DSM)<br \/>\n&#8211; C. Scott (ARA Pro Racing Sunshine Coast)<br \/>\n&#8211; F. Miholjevic (Cycling Team Friuli ASD)<br \/>\n&#8211; R. Kepplinger (Hrinkow Advarics)<br \/>\n&#8211; A. Pasqualon (Intermarch\u00e9 &#8211; Wanty Gobert)<br \/>\n&#8211; D. Rajovic (Team Corratec)<br \/>\n&#8211; S. Tu (Cycling Team Friuli ASD)<br \/>\n<\/strong>&#8211; N. Quintana ?<br \/>\n<\/span><\/td>\n<td style=\"width: 27.9022%;height: 161px;border-color: #e8e8e8;text-align: left;vertical-align: middle\"><span style=\"font-size: 0.9em\"><strong>&#8211; S. Colbrelli (Retraite)<br \/>\n&#8211; C. Kai-Feng (Utsunomiya Blitzen)<br \/>\n&#8211; D. Novak (UAE Team Emirates)<br \/>\n&#8211; L.L Sanchez (Astana)<br \/>\n&#8211; D. Teuns (Israel Premier Tech d\u00e8s le 5\/08)<\/strong><strong><br \/>\n&#8211; J. Tratnik (Jumbo Visma)<\/strong><br \/>\n<strong>&#8211; S. Williams (B&amp;B Hotels KTM)<\/strong><br \/>\n<\/span><\/td>\n<td style=\"width: 27.5967%;height: 161px;text-align: left;border-color: #e8e8e8;vertical-align: middle\"><span style=\"font-size: 0.9em\"><strong>&#8211; Y. Arashiro \u2192 2023<br \/>\n&#8211; H. Haussler \u2192 2023<br \/>\n&#8211; P. Bauhaus \u2192 2024<br \/>\n&#8211; P. Bilbao \u2192 2024<br \/>\n&#8211; K. Gradek \u2192 2024<br \/>\n&#8211; W. Poels \u2192 2024<br \/>\n&#8211; J. Sutterlin \u2192 2024<br \/>\n&#8211; E. Zambanini \u2192 2024<br \/>\n&#8211; J. Haig<\/strong><\/span><span style=\"font-size: 0.9em\"><strong> \u2192 2025<br \/>\n&#8211; M. Mohoric \u2192 2025<br \/>\n&#8211; F. Wright \u2192 2025<br \/>\n<\/strong><\/span><\/td>\n<\/tr>\n<tr style=\"height: 22px\">\n<td style=\"width: 15.8859%;border-color: #e8e8e8;text-align: center;vertical-align: middle;height: 175px\"><span style=\"font-size: 0.9em\"><strong><a href=\"https:\/\/dicodusport.fr\/blog\/wp-content\/uploads\/2022\/05\/Maillot-BORA-HANSGROHE-2022.png\"><img loading=\"lazy\" decoding=\"async\" class=\"aligncenter wp-image-226591 \" src=\"https:\/\/dicodusport.fr\/blog\/wp-content\/uploads\/2022\/05\/Maillot-BORA-HANSGROHE-2022.png\" alt=\"\" width=\"62\" height=\"62\" srcset=\"https:\/\/dicodusport.fr\/blog\/wp-content\/uploads\/2022\/05\/Maillot-BORA-HANSGROHE-2022.png 300w, https:\/\/dicodusport.fr\/blog\/wp-content\/uploads\/2022\/05\/Maillot-BORA-HANSGROHE-2022-150x150.png 150w, https:\/\/dicodusport.fr\/blog\/wp-content\/uploads\/2022\/05\/Maillot-BORA-HANSGROHE-2022-80x80.png 80w\" sizes=\"auto, (max-width: 62px) 100vw, 62px\" \/><\/a>BORA-HANSGROHE<\/strong><\/span><\/td>\n<td style=\"width: 28.5132%;height: 175px;border-color: #e8e8e8;text-align: left;vertical-align: middle\"><span style=\"font-size: 0.9em\"><strong>&#8211; N. Denz (Team DSM)<br \/>\n&#8211; B. Jungels (AG2R Citro\u00ebn)<br \/>\n&#8211; F. Lipowitz (Tirol-KTM)<\/strong><br \/>\n&#8211; N. Buratti (Cycling Team Friuli ASD)<br \/>\n<\/span><\/td>\n<td style=\"width: 27.9022%;height: 175px;border-color: #e8e8e8;text-align: left;vertical-align: middle\"><span style=\"font-size: 0.9em\"><strong> &#8211; F. Grossschartner (UAE Team Emirates)<\/strong><br \/>\n<strong>&#8211; W. Keldermann (Jumbo-Visma)<br \/>\n&#8211; M. Laas (Astana)<br \/>\n&#8211; L. P\u00f6stlberger (BikeExchange-Jayco)<\/strong><br \/>\n<\/span><\/td>\n<td style=\"width: 27.5967%;height: 175px;text-align: left;border-color: #e8e8e8;vertical-align: middle\"><span style=\"font-size: 0.9em\"><strong>&#8211; P. Gamper \u2192 Au-del\u00e0 de 2023<br \/>\n&#8211; L. K\u00e4mna \u2192 Au-del\u00e0 de 2023<br \/>\n&#8211; A. Palzer \u2192 Au-del\u00e0 de 2023<br \/>\n<\/strong><strong>&#8211; B. Zwiehoff<\/strong> \u2192 <strong>Au-del\u00e0 de 2023<\/strong><\/span><\/td>\n<\/tr>\n<tr style=\"height: 22px\">\n<td style=\"width: 15.8859%;border-color: #e8e8e8;text-align: center;vertical-align: middle;height: 23px\"><span style=\"font-size: 0.9em\"><strong><a href=\"https:\/\/dicodusport.fr\/blog\/wp-content\/uploads\/2022\/05\/Maillot-COFIDIS-2022.png\"><img loading=\"lazy\" decoding=\"async\" class=\"aligncenter wp-image-226590 \" src=\"https:\/\/dicodusport.fr\/blog\/wp-content\/uploads\/2022\/05\/Maillot-COFIDIS-2022.png\" alt=\"\" width=\"62\" height=\"62\" srcset=\"https:\/\/dicodusport.fr\/blog\/wp-content\/uploads\/2022\/05\/Maillot-COFIDIS-2022.png 300w, https:\/\/dicodusport.fr\/blog\/wp-content\/uploads\/2022\/05\/Maillot-COFIDIS-2022-150x150.png 150w, https:\/\/dicodusport.fr\/blog\/wp-content\/uploads\/2022\/05\/Maillot-COFIDIS-2022-80x80.png 80w\" sizes=\"auto, (max-width: 62px) 100vw, 62px\" \/><\/a>COFIDIS<br \/>\n<\/strong><\/span><\/td>\n<td style=\"width: 28.5132%;height: 23px;border-color: #e8e8e8;text-align: left;vertical-align: middle\"><span style=\"font-size: 0.9em\"><strong>&#8211; J. Lastra (Caja Rural)<br \/>\n&#8211; A. Mariault (Team U Nantes Atlantique)<br \/>\n&#8211; C. Noppe (Ark\u00e9a-Samsic)<br \/>\n&#8211; H. Wood (Stagiaire Cofidis)<br \/>\n<\/strong><\/span><\/td>\n<td style=\"width: 27.9022%;height: 23px;border-color: #e8e8e8;text-align: left;vertical-align: middle\"><span style=\"font-size: 0.9em\"><strong>&#8211; S. Arm\u00e9e (?)<br \/>\n&#8211; T. Bohli (?)<br \/>\n&#8211; S. Sajnok (Q36.5)<br \/>\n&#8211; K. Vanbilsen (?)<br \/>\n&#8211; D. Villella (?)<br \/>\n<\/strong><\/span><\/td>\n<td style=\"width: 27.5967%;height: 23px;text-align: left;border-color: #e8e8e8;vertical-align: middle\"><span style=\"font-size: 0.9em\"><strong>&#8211; E. Fin\u00e9 \u2192 2023<br \/>\n&#8211; Jo. Herrada \u2192 2023<br \/>\n&#8211; M. Walscheid \u2192 2023<br \/>\n&#8211; T. Champion \u2192 2024<br \/>\n&#8211; R. Fernandez \u2192 2024<br \/>\n&#8211; S. Geschke \u2192 2024<br \/>\n&#8211; I. Izagirre \u2192 2024<br \/>\n&#8211; G. Martin \u2192 2024<br \/>\n<\/strong><\/span><\/td>\n<\/tr>\n<tr style=\"height: 22px\">\n<td style=\"width: 15.8859%;border-color: #e8e8e8;text-align: center;vertical-align: middle;height: 69px\"><span style=\"font-size: 0.9em\"><strong><a href=\"https:\/\/dicodusport.fr\/blog\/wp-content\/uploads\/2022\/05\/Maillot-EF-EDUCATION-EASYPOST-2022.png\"><img loading=\"lazy\" decoding=\"async\" class=\"aligncenter wp-image-226589 \" src=\"https:\/\/dicodusport.fr\/blog\/wp-content\/uploads\/2022\/05\/Maillot-EF-EDUCATION-EASYPOST-2022.png\" alt=\"\" width=\"62\" height=\"62\" srcset=\"https:\/\/dicodusport.fr\/blog\/wp-content\/uploads\/2022\/05\/Maillot-EF-EDUCATION-EASYPOST-2022.png 300w, https:\/\/dicodusport.fr\/blog\/wp-content\/uploads\/2022\/05\/Maillot-EF-EDUCATION-EASYPOST-2022-150x150.png 150w, https:\/\/dicodusport.fr\/blog\/wp-content\/uploads\/2022\/05\/Maillot-EF-EDUCATION-EASYPOST-2022-80x80.png 80w\" sizes=\"auto, (max-width: 62px) 100vw, 62px\" \/><\/a>EF EDUCATION EASYPOST<\/strong><strong><br \/>\n<\/strong><\/span><\/td>\n<td style=\"width: 28.5132%;height: 69px;border-color: #e8e8e8;text-align: left;vertical-align: middle\"><span style=\"font-size: 0.9em\"><strong>&#8211; J. Cepeda (d\u00e8s le 1\/08, Caja Rural)<\/strong><br \/>\n<strong>&#8211; A. Piccolo (d\u00e8s le 1\/08, Drone Hopper)<br \/>\n&#8211; A. Amador (INEOS Grenadiers)<br \/>\n&#8211; R. Carapaz (INEOS Grenadiers)<br \/>\n&#8211; S. de Bod (Astana)<\/strong><br \/>\n<strong>&#8211; M. Honor\u00e9 (Quick-Step Alpha Vinyl)<\/strong><br \/>\n&#8211; T. Kangert (BikeExchange-Jayco)<br \/>\n&#8211; J. Narvaez (INEOS Grenadiers)<br \/>\n&#8211; N. Van Der Poel (Patinage de vitesse)<\/span><\/td>\n<td style=\"width: 27.9022%;height: 69px;border-color: #e8e8e8;vertical-align: middle\">&nbsp;<\/p>\n<p><strong><span style=\"font-size: 0.9em\">&#8211; S. Langeveld (Retraite)<br \/>\n&#8211; H. Nakane (Retraite)<br \/>\n&#8211; R. Guerreiro (Movistar)<\/span><\/strong><\/p>\n<p>&nbsp;<\/td>\n<td style=\"width: 27.5967%;height: 69px;text-align: left;border-color: #e8e8e8;vertical-align: middle\"><span style=\"font-size: 0.9em\"><strong>&#8211; S. Carr \u2192 2024<br \/>\n&#8211; E. Chaves \u2192 2024<br \/>\n&#8211; R. Uran \u2192 2024<\/strong><\/span><\/td>\n<\/tr>\n<tr style=\"height: 22px\">\n<td style=\"width: 15.8859%;border-color: #e8e8e8;text-align: center;vertical-align: middle;height: 46px\"><span style=\"font-size: 0.9em\"><strong><a href=\"https:\/\/dicodusport.fr\/blog\/wp-content\/uploads\/2022\/05\/Maillot-GROUPAMA-FDJ-2022.png\"><img loading=\"lazy\" decoding=\"async\" class=\"aligncenter wp-image-226588 \" src=\"https:\/\/dicodusport.fr\/blog\/wp-content\/uploads\/2022\/05\/Maillot-GROUPAMA-FDJ-2022.png\" alt=\"\" width=\"62\" height=\"62\" srcset=\"https:\/\/dicodusport.fr\/blog\/wp-content\/uploads\/2022\/05\/Maillot-GROUPAMA-FDJ-2022.png 300w, https:\/\/dicodusport.fr\/blog\/wp-content\/uploads\/2022\/05\/Maillot-GROUPAMA-FDJ-2022-150x150.png 150w, https:\/\/dicodusport.fr\/blog\/wp-content\/uploads\/2022\/05\/Maillot-GROUPAMA-FDJ-2022-80x80.png 80w\" sizes=\"auto, (max-width: 62px) 100vw, 62px\" \/><\/a>GROUPAMA-FDJ<\/strong><strong><br \/>\n<\/strong><\/span><\/td>\n<td style=\"width: 28.5132%;height: 46px;border-color: #e8e8e8;text-align: left;vertical-align: middle\"><span style=\"font-size: 0.9em\"><strong>&#8211; L. Germani (Conti Groupama FDJ)<br \/>\n&#8211; R. Gr\u00e9goire (Conti Groupama FDJ)<br \/>\n&#8211; L. Martinez (Conti Groupama FDJ)<br \/>\n&#8211; E. Paleni (Conti Groupama FDJ)<br \/>\n&#8211; <a href=\"https:\/\/dicodusport.fr\/blog\/paul-penhoet-promu-chez-la-groupama-fdj\/\">P. Penho\u00ebt (Conti Groupama FDJ, d\u00e8s le 1er ao\u00fbt 2022)<\/a><br \/>\n&#8211; L. Pithie (Conti Groupama FDJ)<br \/>\n&#8211; R. Thompson (Conti Groupama FDJ)<br \/>\n&#8211; S. Watson (Conti Groupama FDJ)<br \/>\n<\/strong><\/span><\/td>\n<td style=\"width: 27.9022%;height: 46px;border-color: #e8e8e8;text-align: left;vertical-align: middle\"><span style=\"font-size: 0.9em\"><strong>&#8211; A. Duchesne (Retraite)<br \/>\n&#8211; A. Roux (Retraite)<br \/>\n&#8211; M. Badilatti (Q36.5)<\/strong><br \/>\n<strong>&#8211; J. Guarnieri (Lotto-Dstny)<br \/>\n&#8211; S. Reichenbach (Tudor Pro Cycling)<br \/>\n&#8211; R. Sinkeldam (Alpecin-Deceuninck)<br \/>\n&#8211; T. Ludvigsson (Q36.5)<br \/>\n&#8211; A. Valter (Jumbo-Visma)<\/strong><br \/>\n<\/span><\/td>\n<td style=\"width: 27.5967%;height: 46px;text-align: left;border-color: #e8e8e8;vertical-align: middle\"><span style=\"font-size: 0.9em\"><strong>&#8211; I. Konovalovas \u2192 2023<br \/>\n&#8211; M. Ladagnous \u2192 2023<br \/>\n&#8211; O. Le Gac \u2192 2024<br \/>\n&#8211; F. Lienhard \u2192 2024<br \/>\n&#8211; L. van den Berg \u2192 2024<br \/>\n&#8211; L. Askey \u2192 2025<br \/>\n&#8211; C. Davy \u2192 2025<br \/>\n&#8211; <\/strong><a href=\"https:\/\/dicodusport.fr\/blog\/david-gaudu-prolonge-laventure-chez-groupama-fdj\/\"><strong>D. Gaudu \u2192 2025<\/strong><\/a><br \/>\n<strong>&#8211; <a title=\"Mercato : Apr\u00e8s un long feuilleton, Stefan K\u00fcng prolonge avec Groupama-FDJ\" href=\"https:\/\/dicodusport.fr\/blog\/mercato-apres-un-long-feuilleton-stefan-kung-prolonge-avec-groupama-fdj\/\" rel=\"\">S. K\u00fcng \u2192 2025<\/a><\/strong><\/span><\/td>\n<\/tr>\n<tr style=\"height: 22px\">\n<td style=\"width: 15.8859%;border-color: #e8e8e8;text-align: center;vertical-align: middle;height: 92px\"><span style=\"font-size: 0.9em\"><strong><a href=\"https:\/\/dicodusport.fr\/blog\/wp-content\/uploads\/2022\/05\/Maillot-INEOS-GRENADIERS-2022.png\"><img loading=\"lazy\" decoding=\"async\" class=\"aligncenter wp-image-226587 \" src=\"https:\/\/dicodusport.fr\/blog\/wp-content\/uploads\/2022\/05\/Maillot-INEOS-GRENADIERS-2022.png\" alt=\"\" width=\"62\" height=\"62\" srcset=\"https:\/\/dicodusport.fr\/blog\/wp-content\/uploads\/2022\/05\/Maillot-INEOS-GRENADIERS-2022.png 300w, https:\/\/dicodusport.fr\/blog\/wp-content\/uploads\/2022\/05\/Maillot-INEOS-GRENADIERS-2022-150x150.png 150w, https:\/\/dicodusport.fr\/blog\/wp-content\/uploads\/2022\/05\/Maillot-INEOS-GRENADIERS-2022-80x80.png 80w\" sizes=\"auto, (max-width: 62px) 100vw, 62px\" \/><\/a>INEOS GRENADIERS<\/strong><strong><br \/>\n<\/strong><\/span><\/td>\n<td style=\"width: 28.5132%;height: 92px;border-color: #e8e8e8;text-align: left;vertical-align: middle\"><span style=\"font-size: 0.9em\"><strong>&#8211; T. Arensman (Team DSM)<br \/>\n&#8211; L. Hayter (Hagens Berman Axeon)<br \/>\n&#8211; M. Leonard (Team Franco Ballerini)<br \/>\n&#8211; C. Swift (Ark\u00e9a-Samsic)<br \/>\n&#8211; J. Tarling (FlandersColor Galloo)<\/strong><br \/>\n<\/span><\/td>\n<td style=\"width: 27.9022%;height: 92px;border-color: #e8e8e8;text-align: left;vertical-align: middle\"><span style=\"font-size: 0.9em\"><strong>&#8211; R. Porte (Retraite)<br \/>\n&#8211; A. Amador (EF Education-EasyPost)<br \/>\n&#8211; E. Dunbar (BikeExchange-Jayco)<br \/>\n&#8211; D. van Baarle (Jumbo-Visma)<br \/>\n&#8211; R. Carapaz (EF Education-EasyPost)<br \/>\n&#8211; A. Yates (UAE Team Emirates)<\/strong><br \/>\n<\/span><\/td>\n<td style=\"width: 27.5967%;height: 92px;text-align: left;border-color: #e8e8e8;vertical-align: middle\"><span style=\"font-size: 0.9em\"><strong>&#8211; E. Hayter \u2192 2024<br \/>\n&#8211; B. Rivera \u2192 2024<br \/>\n&#8211; C. Wurf \u2192 2024<br \/>\n&#8211; M. Kwiatkowski \u2192 2025<br \/>\n&#8211; E. Bernal \u2192 2026<br \/>\n&#8211; B. Turner \u2192 2026<br \/>\n&#8211; F. Ganna \u2192 2027<br \/>\n&#8211; <a href=\"https:\/\/dicodusport.fr\/blog\/tom-pidcock-lie-avec-ineos-grenadiers-jusquen-2027\/\">T. Pidcock \u2192 2027<\/a><\/strong><strong><br \/>\n<\/strong><\/span><\/td>\n<\/tr>\n<tr style=\"height: 22px\">\n<td style=\"width: 15.8859%;border-color: #e8e8e8;text-align: center;vertical-align: middle;height: 69px\"><span style=\"font-size: 0.9em\"><strong><a href=\"https:\/\/dicodusport.fr\/blog\/wp-content\/uploads\/2022\/05\/Maillot-INTERMARCHE-WANTY-GOBERT-MATERIAUX-2022.png\"><img loading=\"lazy\" decoding=\"async\" class=\"aligncenter wp-image-226608 \" src=\"https:\/\/dicodusport.fr\/blog\/wp-content\/uploads\/2022\/05\/Maillot-INTERMARCHE-WANTY-GOBERT-MATERIAUX-2022.png\" alt=\"\" width=\"62\" height=\"62\" srcset=\"https:\/\/dicodusport.fr\/blog\/wp-content\/uploads\/2022\/05\/Maillot-INTERMARCHE-WANTY-GOBERT-MATERIAUX-2022.png 300w, https:\/\/dicodusport.fr\/blog\/wp-content\/uploads\/2022\/05\/Maillot-INTERMARCHE-WANTY-GOBERT-MATERIAUX-2022-150x150.png 150w, https:\/\/dicodusport.fr\/blog\/wp-content\/uploads\/2022\/05\/Maillot-INTERMARCHE-WANTY-GOBERT-MATERIAUX-2022-80x80.png 80w\" sizes=\"auto, (max-width: 62px) 100vw, 62px\" \/><\/a>INTERMARCH\u00c9 &#8211; WANTY GOBERT MAT\u00c9RIAUX<\/strong><strong><br \/>\n<\/strong><\/span><\/td>\n<td style=\"width: 28.5132%;height: 69px;border-color: #e8e8e8;text-align: left;vertical-align: middle\"><span style=\"font-size: 0.9em\"><strong>&#8211; L. Calmejane (AG2R Citro\u00ebn)<br \/>\n&#8211; R. Costa (UAE Team Emirates)<br \/>\n&#8211; D. De Pooter (Hagens Berman Axeon)<br \/>\n&#8211; M. Mihkels (Team Ampler &#8211; Tartu2024)<br \/>\n&#8211; T. Paquot (Bingoal Pauwels Sauces WB)<br \/>\n&#8211; L. Rex (Bingoal Pauwels Sauces WB)<br \/>\n&#8211; D. Smith (BikeExchange-Jayco)<br \/>\n&#8211; M. Teunissen (Jumbo-Visma)<br \/>\n&#8211; R. Herregodts (Sport Vlaanderen)<br \/>\n&#8211; A. Marit (Sport Vlaanderen)<\/strong><br \/>\n<\/span><\/td>\n<td style=\"width: 27.9022%;height: 69px;border-color: #e8e8e8;vertical-align: middle\"><span style=\"font-size: 0.9em\"><strong>&#8211; D. Claeys (Retraite)<br \/>\n&#8211; K. Van Melsen (Retraite)<br \/>\n&#8211; T. Delacroix (Saint-Michel &#8211; Auber 93)<br \/>\n&#8211; T. Devriendt (Q36.5)<br \/>\n&#8211; Q. Hermans (Alecin &#8211; Deceuninck)<br \/>\n&#8211; J. Hirt (Soudal &#8211; Quick-Step)<br \/>\n&#8211; A. Kristoff (Uno-X)<br \/>\n&#8211; A. Pasqualon (Bahrain Victorious)<br \/>\n&#8211; C. Van Kessel (Deschacht-Hens-Maes Containers, CX)<br \/>\n<\/strong>&#8211; J. Bakelants (Alpecin &#8211; Deceuninck, Bingoal Pauwels Sauces WB)<strong><br \/>\n<\/strong><\/span><\/td>\n<td style=\"width: 27.5967%;height: 69px;text-align: left;border-color: #e8e8e8;vertical-align: middle\"><span style=\"font-size: 0.9em\"><strong>&#8211; S. Petilli \u2192 2023<br \/>\n&#8211; B. van Poppel \u2192 2023<br \/>\n&#8211; L. Vliegen \u2192 2023<br \/>\n&#8211; B. Planckaert \u2192 2024<br \/>\n&#8211; G. Zimmermann \u2192 2024<br \/>\n&#8211; H. Page \u2192 2025<br \/>\n&#8211; B. Girmay \u2192 2026<\/strong><strong><br \/>\n<\/strong><\/span><\/td>\n<\/tr>\n<tr style=\"height: 22px\">\n<td style=\"width: 15.8859%;border-color: #e8e8e8;text-align: center;vertical-align: middle;height: 23px\"><span style=\"font-size: 0.9em\"><strong><a href=\"https:\/\/dicodusport.fr\/blog\/wp-content\/uploads\/2022\/05\/Maillot-ISRAEL-PREMIER-TECH-2022.png\"><img loading=\"lazy\" decoding=\"async\" class=\"aligncenter wp-image-226607 \" src=\"https:\/\/dicodusport.fr\/blog\/wp-content\/uploads\/2022\/05\/Maillot-ISRAEL-PREMIER-TECH-2022.png\" alt=\"\" width=\"62\" height=\"62\" srcset=\"https:\/\/dicodusport.fr\/blog\/wp-content\/uploads\/2022\/05\/Maillot-ISRAEL-PREMIER-TECH-2022.png 300w, https:\/\/dicodusport.fr\/blog\/wp-content\/uploads\/2022\/05\/Maillot-ISRAEL-PREMIER-TECH-2022-150x150.png 150w, https:\/\/dicodusport.fr\/blog\/wp-content\/uploads\/2022\/05\/Maillot-ISRAEL-PREMIER-TECH-2022-80x80.png 80w\" sizes=\"auto, (max-width: 62px) 100vw, 62px\" \/><\/a><\/strong><strong>ISRAEL PREMIER TECH<\/strong><\/span><\/td>\n<td style=\"width: 28.5132%;height: 23px;border-color: #e8e8e8;text-align: left;vertical-align: middle\"><span style=\"font-size: 0.9em\"><strong>&#8211; M. Frigo (Israel Cycling Academy)<br \/>\n&#8211; D. Gee (Israel Cycling Academy)<br \/>\n&#8211; M. Hollyman (Israel Cycling Academy)<br \/>\n&#8211; J. Reynders (Sport Vlaanderen)<br \/>\n&#8211; M. Riccitello (Hagens Berman Axeon)<br \/>\n&#8211; N. Schultz (BikeExchange-Jayco)<br \/>\n&#8211; D. Teuns (Bahrain Victorious, d\u00e8s le 5\/08)<br \/>\n&#8211; S. Williams (Bahrain-Victorious)<\/strong><strong><br \/>\n<\/strong><\/span><\/td>\n<td style=\"width: 27.9022%;height: 23px;border-color: #e8e8e8;text-align: left;vertical-align: middle\"><span style=\"font-size: 0.9em\"><strong>&#8211; M. Br\u00e4ndle (Retraite)<br \/>\n&#8211; A. Dowsett (Retraite)<br \/>\n&#8211; R. Barbier (Saint-Michel &#8211; Auber 93)<br \/>\n&#8211; P. Bevin (Team DSM)<br \/>\n&#8211; J. Biermans (Ark\u00e9a-Samsic)<br \/>\n<\/strong><\/span><span style=\"font-size: 0.9em\"><strong>&#8211; A. de Marchi (BikeExchange-Jayco)<br \/>\n&#8211; C.F. Hagen (Q36.5)<br \/>\n<\/strong>&#8211; J. Piccoli (Lotto-Dstny)<strong><br \/>\n<\/strong><\/span><\/td>\n<td style=\"width: 27.5967%;height: 23px;text-align: left;border-color: #e8e8e8;vertical-align: middle\"><span style=\"font-size: 0.9em\"><strong>&#8211; G. Boivin \u2192 2023<br \/>\n&#8211; O. Goldstein \u2192 2023<br \/>\n&#8211; G. Sagiv \u2192 2023<br \/>\n&#8211; S. Clarke \u2192 2024<br \/>\n&#8211; T. Van Asbroeck \u2192 2024<br \/>\n&#8211; M. W\u00fcrtz Schmidt \u2192 2024<br \/>\n&#8211; R. Zabel \u2192 2024<br \/>\n<\/strong><\/span><\/td>\n<\/tr>\n<tr style=\"height: 22px\">\n<td style=\"width: 15.8859%;border-color: #e8e8e8;text-align: center;vertical-align: middle;height: 46px\"><span style=\"font-size: 0.9em\"><strong><a href=\"https:\/\/dicodusport.fr\/blog\/wp-content\/uploads\/2022\/05\/Maillot-TEAM-JUMBO-VISMA-2022.png\"><img loading=\"lazy\" decoding=\"async\" class=\"aligncenter wp-image-226611 \" src=\"https:\/\/dicodusport.fr\/blog\/wp-content\/uploads\/2022\/05\/Maillot-TEAM-JUMBO-VISMA-2022.png\" alt=\"\" width=\"62\" height=\"62\" srcset=\"https:\/\/dicodusport.fr\/blog\/wp-content\/uploads\/2022\/05\/Maillot-TEAM-JUMBO-VISMA-2022.png 469w, https:\/\/dicodusport.fr\/blog\/wp-content\/uploads\/2022\/05\/Maillot-TEAM-JUMBO-VISMA-2022-300x300.png 300w, https:\/\/dicodusport.fr\/blog\/wp-content\/uploads\/2022\/05\/Maillot-TEAM-JUMBO-VISMA-2022-150x150.png 150w, https:\/\/dicodusport.fr\/blog\/wp-content\/uploads\/2022\/05\/Maillot-TEAM-JUMBO-VISMA-2022-80x80.png 80w\" sizes=\"auto, (max-width: 62px) 100vw, 62px\" \/><\/a><\/strong><strong>JUMBO-VISMA<\/strong><\/span><\/td>\n<td style=\"width: 28.5132%;height: 46px;border-color: #e8e8e8;text-align: left;vertical-align: middle\"><span style=\"font-size: 0.9em\"><strong>&#8211; T. Gloag (Trinity)<br \/>\n&#8211; W. Keldermann (Bora-Hansgrohe)<br \/>\n&#8211; J. Tratnik (Bahrain Victorious)<br \/>\n&#8211; A. Valter (Groupama-FDJ)<\/strong><br \/>\n<strong>&#8211; D. Van Baarle (INEOS Grenadiers)<\/strong><br \/>\n<\/span><\/td>\n<td style=\"width: 27.9022%;height: 46px;border-color: #e8e8e8;text-align: left;vertical-align: middle\"><span style=\"font-size: 0.9em\"><strong>&#8211; T. Dumoulin (Retraite)<br \/>\n&#8211; D. Dekker (Ark\u00e9a-Samsic)<br \/>\n&#8211; P. Eenkhoorn (Lotto-Dstny)<br \/>\n&#8211; C. Harper (BikeExchange-Jayco)<br \/>\n&#8211; M. Teunissen (Intermach\u00e9 &#8211; Wanty-Gobert)<\/strong><strong><br \/>\n<\/strong><\/span><\/td>\n<td style=\"width: 27.5967%;height: 46px;text-align: left;border-color: #e8e8e8;vertical-align: middle\"><span style=\"font-size: 0.9em\"><strong>&#8211; T. Roosen \u2192 2024<br \/>\n&#8211; L. Hofstede \u2192 2024<br \/>\n&#8211; N. Van Hooydonck \u2192 2024<br \/>\n&#8211; T. Benoot \u2192 2025<br \/>\n&#8211; W. Van Aert \u2192 2026<br \/>\n<\/strong><\/span><\/td>\n<\/tr>\n<tr style=\"height: 22px\">\n<td style=\"width: 15.8859%;border-color: #e8e8e8;text-align: center;vertical-align: middle;height: 23px\"><span style=\"font-size: 0.9em\"><strong><a href=\"https:\/\/dicodusport.fr\/blog\/wp-content\/uploads\/2022\/05\/Maillot-LOTTO-SOUDAL-2022.png\"><img loading=\"lazy\" decoding=\"async\" class=\"aligncenter wp-image-226605 \" src=\"https:\/\/dicodusport.fr\/blog\/wp-content\/uploads\/2022\/05\/Maillot-LOTTO-SOUDAL-2022.png\" alt=\"\" width=\"62\" height=\"62\" srcset=\"https:\/\/dicodusport.fr\/blog\/wp-content\/uploads\/2022\/05\/Maillot-LOTTO-SOUDAL-2022.png 300w, https:\/\/dicodusport.fr\/blog\/wp-content\/uploads\/2022\/05\/Maillot-LOTTO-SOUDAL-2022-150x150.png 150w, https:\/\/dicodusport.fr\/blog\/wp-content\/uploads\/2022\/05\/Maillot-LOTTO-SOUDAL-2022-80x80.png 80w\" sizes=\"auto, (max-width: 62px) 100vw, 62px\" \/><\/a>LOTTO-SOUDAL<br \/>\n<\/strong><em>LOTTO-DSTNY EN 2023<\/em><strong><br \/>\n<\/strong><\/span><\/td>\n<td style=\"width: 28.5132%;height: 23px;border-color: #e8e8e8;text-align: left;vertical-align: middle\"><span style=\"font-size: 0.9em\"><strong>&#8211; J. Adamietz (Saris Rouvy Sauerland)<br \/>\n&#8211; P. Eenkhoorn (Jumbo-Visma)<br \/>\n&#8211; J. Guarnieri (Groupama-FDJ)<br \/>\n&#8211; A. Livyns (Bingoal Pauwels Sauces WB)<br \/>\n&#8211; M. Menten (Bingoal Pauwels Sauces WB)<br \/>\n&#8211; M. Paasschens (Bingoal Pauwels Sauces WB)<br \/>\n&#8211; E. Sepulveda (Drone Hopper-Androni Giocattoli)<br \/>\n&#8211; L. Slock (Lotto-Soudal U23)<br \/>\n&#8211; L. Van Eetvelt (Lotto-Soudal U23)<br \/>\n<\/strong>&#8211; J. Piccoli (Israel Premier-Tech)<strong><br \/>\n<\/strong><\/span><\/td>\n<td style=\"width: 27.9022%;height: 23px;border-color: #e8e8e8;text-align: left;vertical-align: middle\"><span style=\"font-size: 0.9em\"><strong>&#8211; P. Gilbert (Retraite)<br \/>\n&#8211; R. Janse van Rensburg (Retraite)<br \/>\n&#8211; F. Conca (Q36.5)<br \/>\n&#8211; S. Cras (TotalEnergies)<br \/>\n&#8211; K. Malecki (Team DSM)<br \/>\n&#8211; T. Wellens (UAE Team Emirates)<br \/>\n&#8211; H. Vanhoucke (Team DSM)<\/strong><br \/>\n&#8211; B. Van Moer (?)<br \/>\n&#8211; F. Vermeersch (?)<br \/>\n<\/span><\/td>\n<td style=\"width: 27.5967%;height: 23px;text-align: left;border-color: #e8e8e8;vertical-align: middle\"><span style=\"font-size: 0.9em\"><strong>&#8211; T. De Gendt \u2192 2024<br \/>\n&#8211; A. De Lie \u2192 2024<br \/>\n&#8211; S. Grignard \u2192 2024<br \/>\n&#8211; A. Kron \u2192 2024<br \/>\n&#8211; S. Moniquet \u2192 2024<br \/>\n&#8211; M. Van Gils \u2192 2024<\/strong><\/span><\/td>\n<\/tr>\n<tr style=\"height: 22px\">\n<td style=\"width: 15.8859%;border-color: #e8e8e8;text-align: center;vertical-align: middle;height: 46px\"><span style=\"font-size: 0.9em\"><strong><a href=\"https:\/\/dicodusport.fr\/blog\/wp-content\/uploads\/2022\/05\/Maillot-MOVISTAR-TEAM-2022.png\"><img loading=\"lazy\" decoding=\"async\" class=\"aligncenter wp-image-226604 \" src=\"https:\/\/dicodusport.fr\/blog\/wp-content\/uploads\/2022\/05\/Maillot-MOVISTAR-TEAM-2022.png\" alt=\"\" width=\"62\" height=\"62\" srcset=\"https:\/\/dicodusport.fr\/blog\/wp-content\/uploads\/2022\/05\/Maillot-MOVISTAR-TEAM-2022.png 300w, https:\/\/dicodusport.fr\/blog\/wp-content\/uploads\/2022\/05\/Maillot-MOVISTAR-TEAM-2022-150x150.png 150w, https:\/\/dicodusport.fr\/blog\/wp-content\/uploads\/2022\/05\/Maillot-MOVISTAR-TEAM-2022-80x80.png 80w\" sizes=\"auto, (max-width: 62px) 100vw, 62px\" \/><\/a>MOVISTAR<\/strong><strong><br \/>\n<\/strong><\/span><\/td>\n<td style=\"width: 28.5132%;height: 46px;border-color: #e8e8e8;text-align: left;vertical-align: middle\"><span style=\"font-size: 0.9em\"><strong>&#8211; F. Gaviria (UAE Team Emirates)<br \/>\n&#8211; R. Guerreiro (EF Education EasyPost)<br \/>\n&#8211; I. Romeo (Hagens Berman Axeon)<\/strong><br \/>\n&#8211; X.M. Azparren (Euskaltel-Euskadi)<br \/>\n&#8211; M. Moro (Zalf Euromobil Fior)<br \/>\n&#8211; C. Rodriguez (INEOS Grenadiers)<br \/>\n<\/span><\/td>\n<td style=\"width: 27.9022%;height: 46px;border-color: #e8e8e8;text-align: left;vertical-align: middle\"><span style=\"font-size: 0.9em\"><strong>&#8211; A. Valverde (Retraite)<br \/>\n&#8211; I. Elosegui (Kern Pharma)<br \/>\n<\/strong><\/span><\/td>\n<td style=\"width: 27.5967%;height: 46px;text-align: left;border-color: #e8e8e8;vertical-align: middle\"><span style=\"font-size: 0.9em\"><strong>&#8211; I. Erviti \u2192 2023<br \/>\n&#8211; L. Mas \u2192 2023<br \/>\n&#8211; J.J. Rojas \u2192 2023<br \/>\n&#8211; A. Torres \u2192 2023<br \/>\n&#8211; E. Mas \u2192 2025<\/strong><\/span><\/td>\n<\/tr>\n<tr style=\"height: 22px\">\n<td style=\"width: 15.8859%;border-color: #e8e8e8;text-align: center;vertical-align: middle;height: 161px\"><span style=\"font-size: 0.9em\"><strong><a href=\"https:\/\/dicodusport.fr\/blog\/wp-content\/uploads\/2022\/05\/Maillot-QUICK-STEP-ALPHA-VINYL-TEAM-2022.png\"><img loading=\"lazy\" decoding=\"async\" class=\"aligncenter wp-image-226603 \" src=\"https:\/\/dicodusport.fr\/blog\/wp-content\/uploads\/2022\/05\/Maillot-QUICK-STEP-ALPHA-VINYL-TEAM-2022.png\" alt=\"\" width=\"62\" height=\"62\" srcset=\"https:\/\/dicodusport.fr\/blog\/wp-content\/uploads\/2022\/05\/Maillot-QUICK-STEP-ALPHA-VINYL-TEAM-2022.png 300w, https:\/\/dicodusport.fr\/blog\/wp-content\/uploads\/2022\/05\/Maillot-QUICK-STEP-ALPHA-VINYL-TEAM-2022-150x150.png 150w, https:\/\/dicodusport.fr\/blog\/wp-content\/uploads\/2022\/05\/Maillot-QUICK-STEP-ALPHA-VINYL-TEAM-2022-80x80.png 80w\" sizes=\"auto, (max-width: 62px) 100vw, 62px\" \/><\/a>QUICK-STEP ALPHA VINYL<br \/>\n<\/strong><em>SOUDAL &#8211; QUICK-STEP EN 2023<\/em><\/span><\/td>\n<td style=\"width: 28.5132%;height: 161px;border-color: #e8e8e8;text-align: left;vertical-align: middle\"><span style=\"font-size: 0.9em\"><strong>&#8211; J. Hirt (Intermarch\u00e9 &#8211; Wanty Gobert)<\/strong><br \/>\n<strong>&#8211; <a href=\"https:\/\/dicodusport.fr\/blog\/tim-merlier-rejoindra-quick-step-alpha-vinyl-la-saison-prochaine\/\">T. Merlier (Alpecin-Fenix)<\/a><br \/>\n&#8211; C. Pedersen (Team DSM)<\/strong><br \/>\n&#8211; M. Malucelli (Gazprom-RusVelo)<br \/>\n&#8211; R. Sinkeldam (Groupama-FDJ)<\/span><\/td>\n<td style=\"width: 27.9022%;height: 161px;border-color: #e8e8e8;text-align: left;vertical-align: middle\"><span style=\"font-size: 0.9em\"><strong>&#8211; I. Keisse (Retraite)<br \/>\n&#8211; M. Honor\u00e9 (EF Education-EasyPost)<br \/>\n&#8211; Z. Stybar (BikeExchange-Jayco)<br \/>\n<\/strong>&#8211; M. Cavendish (B&amp;B Hotels KTM)<br \/>\n<\/span><\/td>\n<td style=\"width: 27.5967%;height: 161px;text-align: left;border-color: #e8e8e8;vertical-align: middle\"><span style=\"font-size: 0.9em\"><strong>&#8211; D. Devenyns \u2192 2023<\/strong><br \/>\n<strong>&#8211; Y. Lampaert \u2192 2025<\/strong><\/span><\/td>\n<\/tr>\n<tr style=\"height: 22px\">\n<td style=\"width: 15.8859%;border-color: #e8e8e8;text-align: center;vertical-align: middle\"><span style=\"font-size: 0.9em\"><strong><a href=\"https:\/\/dicodusport.fr\/blog\/wp-content\/uploads\/2022\/05\/Maillot-TEAM-BIKEEXCHANGE-JAYCO-2022.png\"><img loading=\"lazy\" decoding=\"async\" class=\"aligncenter wp-image-226602 \" src=\"https:\/\/dicodusport.fr\/blog\/wp-content\/uploads\/2022\/05\/Maillot-TEAM-BIKEEXCHANGE-JAYCO-2022.png\" alt=\"\" width=\"62\" height=\"62\" srcset=\"https:\/\/dicodusport.fr\/blog\/wp-content\/uploads\/2022\/05\/Maillot-TEAM-BIKEEXCHANGE-JAYCO-2022.png 300w, https:\/\/dicodusport.fr\/blog\/wp-content\/uploads\/2022\/05\/Maillot-TEAM-BIKEEXCHANGE-JAYCO-2022-150x150.png 150w, https:\/\/dicodusport.fr\/blog\/wp-content\/uploads\/2022\/05\/Maillot-TEAM-BIKEEXCHANGE-JAYCO-2022-80x80.png 80w\" sizes=\"auto, (max-width: 62px) 100vw, 62px\" \/><\/a>TEAM BIKEEXCHANGE-JAYCO<br \/>\n<\/strong><\/span><\/td>\n<td style=\"width: 28.5132%;border-color: #e8e8e8;text-align: left;vertical-align: middle\"><span style=\"font-size: 0.9em\"><strong>&#8211; W.H. Berhe (EF Education &#8211; NIPPO Development)<br \/>\n&#8211; A. de Marchi (Israel Premier-Tech)<br \/>\n&#8211; E. Dunbar (INEOS Grenadiers)<br \/>\n&#8211; F. Engelhardt (Tirol-KTM)<br \/>\n&#8211; C. Harper (Jumbo-Visma)<br \/>\n&#8211; R. Porter (Trinity)<br \/>\n&#8211; L. P\u00f6stlberger (Bora-Hansgrohe)<br \/>\n&#8211; B. Quick (Trinity)<br \/>\n&#8211; Z. Stybar (Quick-Step Alpha Vinyl)<br \/>\n&#8211; F. Zana (Bardiani)<br \/>\n<\/strong>&#8211; O. Aular (Caja Rural)<strong><br \/>\n<\/strong>&#8211; E. Reinders (Riwal)<br \/>\n<\/span><\/td>\n<td style=\"width: 27.9022%;border-color: #e8e8e8;text-align: left;vertical-align: middle\"><span style=\"font-size: 0.9em\"><strong> &#8211; S. Bewley (Retraite)<br \/>\n&#8211; C. Meyer (Retraite)<br \/>\n&#8211; J. Bauer (Q36.5)<br \/>\n&#8211; A. Edmondson (Team DSM)<br \/>\n&#8211; K. Groves (Alpecin-Deceuninck)<br \/>\n&#8211; D. Howson (Q36.5)<br \/>\n&#8211; A. Konychev (Team Corratec)<br \/>\n&#8211; N. Schultz (Israel Premier Tech)<br \/>\n&#8211; D. Smith (Intermach\u00e9 &#8211; Wanty-Gobert)<\/strong><br \/>\n<\/span><\/td>\n<td style=\"width: 27.5967%;border-color: #e8e8e8;text-align: left;vertical-align: middle\"><span style=\"font-size: 0.9em\"><strong>&#8211; K. Colleoni \u2192 2023<br \/>\n&#8211; A.G. Jansen \u2192 2023<br \/>\n&#8211; S. Yates \u2192 2024<br \/>\n&#8211; L. Durbridge \u2192 2024<br \/>\n&#8211; L. Hamilton \u2192 2024<br \/>\n&#8211; J. Maas \u2192 2024<br \/>\n&#8211; C. Scotson \u2192 2024<br \/>\n&#8211; M. Matthews \u2192 2025<br \/>\n&#8211; L. Mezgec \u2192 2025<\/strong><strong><br \/>\n<\/strong>&#8211; N. Schultz \u2192 ?<strong><br \/>\n<\/strong><\/span><\/td>\n<\/tr>\n<tr style=\"height: 22px\">\n<td style=\"width: 15.8859%;border-color: #e8e8e8;text-align: center;vertical-align: middle;height: 115px\"><span style=\"font-size: 0.9em\"><strong><a href=\"https:\/\/dicodusport.fr\/blog\/wp-content\/uploads\/2022\/05\/Maillot-TEAM-DSM-2022.png\"><img loading=\"lazy\" decoding=\"async\" class=\"aligncenter wp-image-226601 \" src=\"https:\/\/dicodusport.fr\/blog\/wp-content\/uploads\/2022\/05\/Maillot-TEAM-DSM-2022.png\" alt=\"\" width=\"62\" height=\"62\" srcset=\"https:\/\/dicodusport.fr\/blog\/wp-content\/uploads\/2022\/05\/Maillot-TEAM-DSM-2022.png 300w, https:\/\/dicodusport.fr\/blog\/wp-content\/uploads\/2022\/05\/Maillot-TEAM-DSM-2022-150x150.png 150w, https:\/\/dicodusport.fr\/blog\/wp-content\/uploads\/2022\/05\/Maillot-TEAM-DSM-2022-80x80.png 80w\" sizes=\"auto, (max-width: 62px) 100vw, 62px\" \/><\/a>TEAM DSM<br \/>\n<\/strong><\/span><\/td>\n<td style=\"width: 28.5132%;height: 115px;border-color: #e8e8e8;text-align: left;vertical-align: middle\"><span style=\"font-size: 0.9em\"><strong>&#8211; P. Bevin (Israel Premier Tech)<br \/>\n&#8211; P. Bittner (Team DSM Development)<br \/>\n&#8211; M. Dinham (Team BridgeLane)<br \/>\n&#8211; A. Edmondson (BikeExchange-Jayco)<br \/>\n&#8211; S. Flynn (Tudor Pro Cycling)<br \/>\n&#8211; M. Poole (Team DSM Development)<br \/>\n&#8211; H. Vanhoucke (Lotto-Soudal)<br \/>\n&#8211; C. Van Uden (Team DSM Development)<br \/>\n<\/strong>&#8211; L. Milesi (Team DSM Development)<strong><br \/>\n<\/strong>&#8211; V. Van Mechelen (Conti Groupama-FDJ)<strong><br \/>\n<\/strong><\/span><\/td>\n<td style=\"width: 27.9022%;height: 115px;border-color: #e8e8e8;text-align: left;vertical-align: middle\"><span style=\"font-size: 0.9em\"><strong>&#8211; A. Kragh Andersen (Retraite)<br \/>\n&#8211; T. Arensman (INEOS Grenadiers)<br \/>\n&#8211; N. Arndt (Bahrain-Victorious)<br \/>\n&#8211; N. Denz (Bora-Hansgrohe)<br \/>\n&#8211; M. Donovan (Q36.5)<br \/>\n&#8211; S. Kragh Andersen (Alpecin-Deceuninck)<br \/>\n&#8211; J. Nieuwenhuis (Baloise &#8211; Trek Lions)<br \/>\n&#8211; C. Pedersen (Soudal &#8211; Quick-Step)<\/strong><br \/>\n&#8211; C. Bol (?)<br \/>\n<\/span><\/td>\n<td style=\"width: 27.5967%;height: 115px;text-align: left;border-color: #e8e8e8;vertical-align: middle\"><span style=\"font-size: 0.9em\"><strong>&#8211; R. Bardet \u2192 2024<br \/>\n&#8211; N. Eekhoff \u2192 2024<br \/>\n&#8211; M. Tusveld \u2192 2024<br \/>\n&#8211; R. Combaud \u2192 2024<br \/>\n&#8211; N. M\u00e4rkl \u2192 2024<br \/>\n&#8211; C. Hamilton \u2192 2025<br \/>\n&#8211; K. Vermaerke \u2192 2025<br \/>\n<\/strong><\/span><\/td>\n<\/tr>\n<tr style=\"height: 22px\">\n<td style=\"width: 15.8859%;border-color: #e8e8e8;text-align: center;vertical-align: middle;height: 22px\"><span style=\"font-size: 0.9em\"><strong><a href=\"https:\/\/dicodusport.fr\/blog\/wp-content\/uploads\/2022\/05\/Maillot-TREK-SEGAFREDO-2022.png\"><img loading=\"lazy\" decoding=\"async\" class=\"aligncenter wp-image-226600 \" src=\"https:\/\/dicodusport.fr\/blog\/wp-content\/uploads\/2022\/05\/Maillot-TREK-SEGAFREDO-2022.png\" alt=\"\" width=\"62\" height=\"62\" srcset=\"https:\/\/dicodusport.fr\/blog\/wp-content\/uploads\/2022\/05\/Maillot-TREK-SEGAFREDO-2022.png 300w, https:\/\/dicodusport.fr\/blog\/wp-content\/uploads\/2022\/05\/Maillot-TREK-SEGAFREDO-2022-150x150.png 150w, https:\/\/dicodusport.fr\/blog\/wp-content\/uploads\/2022\/05\/Maillot-TREK-SEGAFREDO-2022-80x80.png 80w\" sizes=\"auto, (max-width: 62px) 100vw, 62px\" \/><\/a>TREK-SEGAFREDO<\/strong><\/span><\/td>\n<td style=\"width: 28.5132%;height: 22px;border-color: #e8e8e8;text-align: left;vertical-align: middle\"><span style=\"font-size: 0.9em\"><strong>&#8211; T. Nys (Baloise &#8211; Trek Lions)<br \/>\n&#8211; N. Tesfazion (Drone Hopper)<br \/>\n&#8211; M. Vacek (Gazprom-RusVelo)<br \/>\n<\/strong><\/span><\/td>\n<td style=\"width: 27.9022%;height: 22px;border-color: #e8e8e8;text-align: left;vertical-align: middle\"><span style=\"font-size: 0.9em\"><strong>&#8211; G. Brambilla (Q36.5)<br \/>\n&#8211; J. Egholm (Restaurant SuRi &#8211; Carl Ras)<br \/>\n&#8211; M. Moschetti (Q36.5)<br \/>\n&#8211; S. Pellaud (Tudor Pro Cycling)<\/strong><br \/>\n&#8211; A. Kamp (Tudor Pro Cycling)<br \/>\n<\/span><\/td>\n<td style=\"width: 27.5967%;height: 22px;text-align: left;border-color: #e8e8e8;vertical-align: middle\"><span style=\"font-size: 0.9em\"><strong>&#8211; A. Ghebreigzabhier \u2192 2023<br \/>\n&#8211; D. Cataldo \u2192 2024<br \/>\n&#8211; M. Skjelmose Jensen \u2192 2024<br \/>\n&#8211; T. Skujins \u2192 2024<br \/>\n&#8211; J.P. Lopez \u2192 2025<br \/>\n&#8211; M. Pedersen \u2192 2025<br \/>\n&#8211; J. Stuyven \u2192 2025<br \/>\n&#8211; B. Mollema \u2192 2026<\/strong><\/span><\/td>\n<\/tr>\n<tr style=\"height: 22px\">\n<td style=\"width: 15.8859%;border-color: #e8e8e8;text-align: center;vertical-align: middle;height: 69px\"><span style=\"font-size: 0.9em\"><strong><a href=\"https:\/\/dicodusport.fr\/blog\/wp-content\/uploads\/2021\/04\/Maillot-UAE-TEAM-EMIRATES-2022.png\"><img loading=\"lazy\" decoding=\"async\" class=\"aligncenter wp-image-238427\" src=\"https:\/\/dicodusport.fr\/blog\/wp-content\/uploads\/2021\/04\/Maillot-UAE-TEAM-EMIRATES-2022.png\" alt=\"\" width=\"62\" height=\"62\" srcset=\"https:\/\/dicodusport.fr\/blog\/wp-content\/uploads\/2021\/04\/Maillot-UAE-TEAM-EMIRATES-2022.png 300w, https:\/\/dicodusport.fr\/blog\/wp-content\/uploads\/2021\/04\/Maillot-UAE-TEAM-EMIRATES-2022-150x150.png 150w, https:\/\/dicodusport.fr\/blog\/wp-content\/uploads\/2021\/04\/Maillot-UAE-TEAM-EMIRATES-2022-80x80.png 80w\" sizes=\"auto, (max-width: 62px) 100vw, 62px\" \/><\/a>UAE TEAM EMIRATES<\/strong><\/span><\/td>\n<td style=\"width: 28.5132%;height: 69px;border-color: #e8e8e8;text-align: left;vertical-align: middle\"><span style=\"font-size: 0.9em\"><strong>&#8211; S. Bax (Alpecin-Deceuninck)<br \/>\n&#8211; <a title=\"Mercato : UAE Team Emirates s\u2019offre Felix Grossschartner\" href=\"https:\/\/dicodusport.fr\/blog\/mercato-uae-team-emirates-soffre-felix-grosschartner\/\" rel=\"\">F. Grossschartner (Bora-Hansgrohe)<\/a><br \/>\n&#8211; D. Novak (Bahrain Victorious)<br \/>\n&#8211; M. Vink (Bolton Equities Black Spoke Pro Cycling)<br \/>\n&#8211; J. Vine (Alpecin-Deceuninck)<br \/>\n&#8211; T. Wellens (Lotto-Soudal)<\/strong><strong><br \/>\n&#8211; A. Yates (INEOS Grenadiers)<\/strong><br \/>\n<\/span><\/td>\n<td style=\"width: 27.9022%;height: 69px;border-color: #e8e8e8;text-align: left;vertical-align: middle\"><span style=\"font-size: 0.9em\"><strong>&#8211; A. Brunel (Retraite)<br \/>\n&#8211; M. Richeze (Retraite)<br \/>\n<\/strong><strong>&#8211; A.C. Ardila (Burgos BH)<br \/>\n&#8211; R. Costa (Intermarch\u00e9 &#8211; Wanty Gobert)<br \/>\n&#8211; F. Gaviria (Movistar)<br \/>\n<\/strong>&#8211; J. Suter (Tudor Pro Cycling)<strong><br \/>\n<\/strong><\/span><\/td>\n<td style=\"width: 27.5967%;height: 69px;text-align: left;border-color: #e8e8e8;vertical-align: middle\"><span style=\"font-size: 0.9em\"><strong>&#8211; R. Gibbons \u2192 2023<br \/>\n&#8211; V.S. Laengen \u2192 2023<br \/>\n&#8211; J.S. Molano \u2192 2023<br \/>\n&#8211; I. Oliveira \u2192 2023<br \/>\n&#8211; R. Oliveira \u2192 2023<\/strong><br \/>\n<strong>&#8211; M. Trentin \u2192 2023<br \/>\n&#8211; M. Bjerg \u2192 2024<br \/>\n&#8211; R. Majka \u2192 2024<br \/>\n&#8211; B. McNulty \u2192 2024<br \/>\n&#8211; D. Ulissi \u2192 2024<br \/>\n&#8211; J. Ayuso \u2192 2028<br \/>\n<\/strong><\/span><\/td>\n<\/tr>\n<tr style=\"height: 22px\">\n<td style=\"width: 15.8859%;border-color: #e8e8e8;text-align: center;vertical-align: middle;height: 69px\"><span style=\"font-size: 0.9em\"><strong><a href=\"https:\/\/dicodusport.fr\/blog\/wp-content\/uploads\/2022\/05\/Maillot-ALPECIN-FENIX-2022.png\"><img loading=\"lazy\" decoding=\"async\" class=\"aligncenter wp-image-226598 \" src=\"https:\/\/dicodusport.fr\/blog\/wp-content\/uploads\/2022\/05\/Maillot-ALPECIN-FENIX-2022.png\" alt=\"\" width=\"62\" height=\"62\" srcset=\"https:\/\/dicodusport.fr\/blog\/wp-content\/uploads\/2022\/05\/Maillot-ALPECIN-FENIX-2022.png 300w, https:\/\/dicodusport.fr\/blog\/wp-content\/uploads\/2022\/05\/Maillot-ALPECIN-FENIX-2022-150x150.png 150w, https:\/\/dicodusport.fr\/blog\/wp-content\/uploads\/2022\/05\/Maillot-ALPECIN-FENIX-2022-80x80.png 80w\" sizes=\"auto, (max-width: 62px) 100vw, 62px\" \/><\/a><\/strong><strong>ALPECIN &#8211; DECEUNINCK<\/strong><br \/>\n<\/span><\/td>\n<td style=\"width: 28.5132%;height: 69px;border-color: #e8e8e8;text-align: left;vertical-align: middle\"><span style=\"font-size: 0.9em\"><strong>&#8211; N. Conci (Alpecin-Fenix Development)<br \/>\n&#8211; R. Ghys (Sport Vlaanderen)<br \/>\n&#8211; K. Groves (BikeExchange-Jayco)<\/strong><br \/>\n<strong>&#8211; Q. Hermans (Intermarch\u00e9 &#8211; Wanty Gobert)<\/strong><br \/>\n<strong>&#8211; S. Kragh Andersen (Team DSM)<br \/>\n&#8211; A. Laurance (B&amp;B Hotels KTM)<br \/>\n&#8211; J. Plowright (Conti Groupama FDJ)<\/strong><br \/>\n<strong>&#8211; R. Sinkeldeam (Groupama-FDJ)<\/strong><br \/>\n<\/span><\/td>\n<td style=\"width: 27.9022%;height: 69px;border-color: #e8e8e8;text-align: left;vertical-align: middle\"><span style=\"font-size: 0.9em\"><strong>&#8211; S. Bax (UAE Team Emirates)<br \/>\n&#8211; F. De Tier (Bingoal Pauwels Sauces WB)<br \/>\n&#8211; T. Merlier (Soudal &#8211; Quick-Step)<br \/>\n&#8211; S. Thwaites (?)<br \/>\n&#8211; G. Van Keirsbulck (Bingoal Pauwels Sauces WB)<br \/>\n&#8211; J. Vine (UAE Team Emirates)<br \/>\n<\/strong><\/span><\/td>\n<td style=\"width: 27.5967%;height: 69px;text-align: left;border-color: #e8e8e8;vertical-align: middle\"><span style=\"font-size: 0.9em\"><strong>&#8211; J. Janssens \u2192 2024<br \/>\n&#8211; J. Philipsen \u2192 2024<br \/>\n&#8211; G. Vermeersch \u2192 2025<br \/>\n&#8211; X. Meurisse \u2192 2025<br \/>\n<\/strong><\/span><\/td>\n<\/tr>\n<tr style=\"height: 22px\">\n<td style=\"width: 15.8859%;border-color: #e8e8e8;text-align: center;vertical-align: middle;height: 46px\"><span style=\"font-size: 0.9em\"><strong><a href=\"https:\/\/dicodusport.fr\/blog\/wp-content\/uploads\/2022\/05\/Maillot-TEAM-ARKEA-SAMSIC-2022.png\"><img loading=\"lazy\" decoding=\"async\" class=\"aligncenter wp-image-226597 \" src=\"https:\/\/dicodusport.fr\/blog\/wp-content\/uploads\/2022\/05\/Maillot-TEAM-ARKEA-SAMSIC-2022.png\" alt=\"\" width=\"62\" height=\"62\" srcset=\"https:\/\/dicodusport.fr\/blog\/wp-content\/uploads\/2022\/05\/Maillot-TEAM-ARKEA-SAMSIC-2022.png 300w, https:\/\/dicodusport.fr\/blog\/wp-content\/uploads\/2022\/05\/Maillot-TEAM-ARKEA-SAMSIC-2022-150x150.png 150w, https:\/\/dicodusport.fr\/blog\/wp-content\/uploads\/2022\/05\/Maillot-TEAM-ARKEA-SAMSIC-2022-80x80.png 80w\" sizes=\"auto, (max-width: 62px) 100vw, 62px\" \/><\/a>ARK\u00c9A-SAMSIC<\/strong><strong><br \/>\n<\/strong><\/span><\/td>\n<td style=\"width: 28.5132%;height: 46px;border-color: #e8e8e8;text-align: left;vertical-align: middle\"><span style=\"font-size: 0.9em\"><strong>&#8211; L. Barr\u00e9 (Team U Nantes Atlantique)<br \/>\n&#8211; J. Biermans (Israel Premier Tech)<br \/>\n&#8211; C. Champoussin (AG2R Citro\u00ebn)<br \/>\n&#8211; E. Costiou (C\u00f4tes d&rsquo;Armor Marie Morin)<br \/>\n&#8211; D. Dekker (Jumbo-Visma) <\/strong><br \/>\n<strong>&#8211; M. Le Berre (C\u00f4tes d&rsquo;Armor Marie Morin)<br \/>\n&#8211; C. Rodriguez (TotalEnergies)<br \/>\n&#8211; P. Thierry (WB &#8211; Fybolia Morbihan)<br \/>\n<\/strong>&#8211; A. Ponomar (Drone Hopper-Androni Giocattoli)<br \/>\n<\/span><\/td>\n<td style=\"width: 27.9022%;height: 46px;border-color: #e8e8e8;text-align: left;vertical-align: middle\"><strong><span style=\"font-size: 0.9em\">&#8211; R. Hardy (Retraite pro)<br \/>\n&#8211; W. Anacona (?)<br \/>\n&#8211; D. Declercq (?)<br \/>\n&#8211; M. Florez (?)<br \/>\n&#8211; C. Noppe (Cofidis)<br \/>\n&#8211; M. Pajur (?)<br \/>\n&#8211; D. Quintana (?)<br \/>\n<\/span><span style=\"font-size: 0.9em\">&#8211;<\/span><span style=\"font-size: 0.9em\"> N. Quintana (Bahrain Victorious ? Astana ?)<\/span><span style=\"font-size: 0.9em\"><br \/>\n&#8211; C. Swift (INEOS Grenadiers)<\/span><\/strong><\/td>\n<td style=\"width: 27.5967%;height: 46px;text-align: left;border-color: #e8e8e8;vertical-align: middle\"><span style=\"font-size: 0.9em\"><strong>&#8211; D. Grondin \u2192 Dur\u00e9e ?<br \/>\n&#8211; D. McLay \u2192 Dur\u00e9e ?<br \/>\n&#8211; M. Bouet \u2192 2023<br \/>\n&#8211; K. Ledanois \u2192 2023<br \/>\n&#8211; L. Pichon \u2192 2023 ?<br \/>\n&#8211; A. Delaplace \u2192 2024<br \/>\n&#8211; E. Gesbert \u2192 2024 ?<br \/>\n&#8211; T. Guernalec \u2192 2024 ?<br \/>\n&#8211; A. Riou \u2192 2024 ?<\/strong><\/span><\/td>\n<\/tr>\n<tr style=\"height: 22px\">\n<td style=\"width: 15.8859%;border-color: #e8e8e8;text-align: center;vertical-align: middle;height: 46px\"><span style=\"font-size: 0.9em\"><strong><a href=\"https:\/\/dicodusport.fr\/blog\/wp-content\/uploads\/2022\/05\/Maillot-BB-HOTELS-KTM-2022.png\"><img loading=\"lazy\" decoding=\"async\" class=\"aligncenter wp-image-226596 \" src=\"https:\/\/dicodusport.fr\/blog\/wp-content\/uploads\/2022\/05\/Maillot-BB-HOTELS-KTM-2022.png\" alt=\"\" width=\"62\" height=\"62\" srcset=\"https:\/\/dicodusport.fr\/blog\/wp-content\/uploads\/2022\/05\/Maillot-BB-HOTELS-KTM-2022.png 300w, https:\/\/dicodusport.fr\/blog\/wp-content\/uploads\/2022\/05\/Maillot-BB-HOTELS-KTM-2022-150x150.png 150w, https:\/\/dicodusport.fr\/blog\/wp-content\/uploads\/2022\/05\/Maillot-BB-HOTELS-KTM-2022-80x80.png 80w\" sizes=\"auto, (max-width: 62px) 100vw, 62px\" \/><\/a>B&amp;B HOTELS KTM<\/strong><br \/>\n<\/span><\/td>\n<td style=\"width: 28.5132%;height: 46px;border-color: #e8e8e8;text-align: left;vertical-align: middle\">&nbsp;<\/p>\n<p>&nbsp;<\/td>\n<td style=\"width: 27.9022%;height: 46px;border-color: #e8e8e8;text-align: left;vertical-align: middle\"><span style=\"font-size: 0.9em\"><strong>&#8211; Q. Jauregui (Retraite)<br \/>\n&#8211; C. Lemoine (Retraite)<br \/>\n<\/strong><\/span><\/td>\n<td style=\"width: 27.5967%;height: 46px;text-align: left;border-color: #e8e8e8;vertical-align: middle\"><span style=\"font-size: 0.9em\"><strong>&#8211; A. Boileau \u2192 2023<br \/>\n&#8211; C. Gautier \u2192 2023<br \/>\n&#8211; P. Rolland \u2192 2023<br \/>\n&#8211; M. Chevalier \u2192 2024<br \/>\n&#8211; J. Morice \u2192 2024<br \/>\n&#8211; T. Ferasse \u2192 2024<br \/>\n&#8211; L. Mozzato \u2192 2025<\/strong><\/span><\/td>\n<\/tr>\n<tr style=\"height: 22px\">\n<td style=\"width: 15.8859%;border-color: #e8e8e8;text-align: center;vertical-align: middle;height: 23px\"><span style=\"font-size: 0.9em\"><strong><a href=\"https:\/\/dicodusport.fr\/blog\/wp-content\/uploads\/2022\/05\/Maillot-TOTALENERGIES-2022.png\"><img loading=\"lazy\" decoding=\"async\" class=\"aligncenter wp-image-226595 \" src=\"https:\/\/dicodusport.fr\/blog\/wp-content\/uploads\/2022\/05\/Maillot-TOTALENERGIES-2022.png\" alt=\"\" width=\"62\" height=\"62\" srcset=\"https:\/\/dicodusport.fr\/blog\/wp-content\/uploads\/2022\/05\/Maillot-TOTALENERGIES-2022.png 300w, https:\/\/dicodusport.fr\/blog\/wp-content\/uploads\/2022\/05\/Maillot-TOTALENERGIES-2022-150x150.png 150w, https:\/\/dicodusport.fr\/blog\/wp-content\/uploads\/2022\/05\/Maillot-TOTALENERGIES-2022-80x80.png 80w\" sizes=\"auto, (max-width: 62px) 100vw, 62px\" \/><\/a>TOTALENERGIES<\/strong><\/span><\/td>\n<td style=\"width: 28.5132%;height: 23px;border-color: #e8e8e8;text-align: left;vertical-align: middle\"><span style=\"font-size: 0.9em\"><strong>&#8211; T. Bonnet (Vend\u00e9e U)<br \/>\n&#8211; S. Cras (Lotto Soudal)<\/strong><br \/>\n<strong>&#8211; E. Jeanni\u00e8re (Vend\u00e9e U)<br \/>\n&#8211; J. Tesson (Saint-Michel &#8211; Auber 93)<br \/>\n&#8211; M. Vercher (Vend\u00e9e U)<\/strong><br \/>\n<\/span><\/td>\n<td style=\"width: 27.9022%;height: 23px;border-color: #e8e8e8;text-align: left;vertical-align: middle\"><span style=\"font-size: 0.9em\"><strong>&#8211; N. Bonifazio (Intermarch\u00e9 &#8211; Wanty Gobert)<br \/>\n&#8211; A. Geniez (Retraite)<br \/>\n&#8211; J. Sagan (Retraite)<br \/>\n&#8211; N. Terpstra (Retraite)<br \/>\n&#8211; C. Rodriguez (Ark\u00e9a-Samsic)<br \/>\n<\/strong><\/span><\/td>\n<td style=\"width: 27.5967%;height: 23px;text-align: left;border-color: #e8e8e8;vertical-align: middle\"><span style=\"font-size: 0.9em\"><strong>&#8211; M. Bodnar \u2192 2023<br \/>\n&#8211; E. Boasson-Hagen \u2192 2023<br \/>\n&#8211; D. Oss \u2192 2023<br \/>\n&#8211; P. Sagan \u2192 2023<br \/>\n&#8211; J. Simon \u2192 2023<br \/>\n&#8211; D. Van Gestel \u2192 2024<br \/>\n&#8211; A. Vuillermoz \u2192 2024<br \/>\n&#8211; F. Grellier \u2192 2024<br \/>\n&#8211; L. Manzin \u2192 2024<br \/>\n&#8211; P. Ourselin \u2192 2024<br \/>\n&#8211; G. Soupe \u2192 2024<br \/>\n&#8211; A. Turgis \u2192 2025<br \/>\n<\/strong>&#8211; M. Burgaudeau \u2192 ?<strong><br \/>\n<\/strong>&#8211; P. Latour \u2192 ?<br \/>\n<\/span><\/td>\n<\/tr>\n<\/tbody>\n<\/table>\n<\/div>\n<p style=\"text-align: justify;\"><span style=\"font-size: 14px;\"><em><strong>PS : Si certains transferts et\/ou certaines prolongations sont oubli\u00e9s dans ce tableau, n&rsquo;h\u00e9sitez pas \u00e0 nous les signaler, merci !<\/strong><\/em><\/span><\/p>\n<h2 style=\"text-align: justify;\"><strong>\u00c0 lire aussi<\/strong><\/h2>\n<ul>\n<li style=\"text-align: justify;\"><a href=\"https:\/\/dicodusport.fr\/blog\/cyclisme-les-coureurs-sans-contrat-pour-2023\/\"><strong>Les coureurs sans contrat en vue de la saison 2023<\/strong><\/a><\/li>\n<li style=\"text-align: justify;\"><a href=\"https:\/\/dicodusport.fr\/blog\/cyclisme-sur-route-les-cyclistes-retraites-issue-saison-2022\/\"><strong>Les coureurs retrait\u00e9s \u00e0 l&rsquo;issue de la saison 2022<\/strong><\/a><\/li>\n<\/ul>\n<p><span class=\"n3pErH\"><\/p>\n<blockquote class=\"wp-embedded-content\" data-secret=\"u94OZcSREW\"><p><a href=\"https:\/\/dicodusport.fr\/blog\/cyclisme-les-20-coureurs-les-mieux-payes-du-peloton-en-2022\/\">Cyclisme : Les 20 coureurs les mieux pay\u00e9s du peloton en 2022<\/a><\/p><\/blockquote>\n<p><iframe loading=\"lazy\" class=\"wp-embedded-content\" sandbox=\"allow-scripts\" security=\"restricted\" style=\"position: absolute; clip: rect(1px, 1px, 1px, 1px);\" title=\"\u00ab\u00a0Cyclisme : Les 20 coureurs les mieux pay\u00e9s du peloton en 2022\u00a0\u00bb &#8212; Dicodusport\" src=\"https:\/\/dicodusport.fr\/blog\/cyclisme-les-20-coureurs-les-mieux-payes-du-peloton-en-2022\/embed\/#?secret=kbqDHmPl27#?secret=u94OZcSREW\" data-secret=\"u94OZcSREW\" width=\"600\" height=\"338\" frameborder=\"0\" marginwidth=\"0\" marginheight=\"0\" scrolling=\"no\"><\/iframe><\/span><\/p>\n","protected":false},"excerpt":{"rendered":"<p>TRANSFERTS CYCLISME 2022-2023 &#8211; Retrouvez toutes les rumeurs ainsi que les transferts officiels du mercato des \u00e9quipes UCI WorldTeam, mais aussi des \u00e9quipes fran\u00e7aises en UCI ProTeam.<\/p>\n","protected":false},"author":4,"featured_media":228434,"comment_status":"open","ping_status":"closed","sticky":false,"template":"","format":"standard","meta":{"_acf_changed":false,"_daextam_enable_autolinks":"","footnotes":""},"categories":[46994],"tags":[574,8386,8388,10856,10855,5773],"class_list":["post-222765","post","type-post","status-publish","format-standard","has-post-thumbnail","hentry","category-cyclisme-sur-route","tag-cyclisme","tag-mercato-cyclisme","tag-transferts-cyclisme","tag-uci-proteam","tag-uci-worldteam","tag-world-tour"],"acf":[],"yoast_head":"<!-- This site is optimized with the Yoast SEO Premium plugin v26.7 (Yoast SEO v26.7) - https:\/\/yoast.com\/wordpress\/plugins\/seo\/ -->\n<title>Cyclisme Transferts 2022-2023 - Tableau du mercato<\/title>\n<meta name=\"description\" content=\"TRANSFERTS CYCLISME 2022-2023 - Retrouvez toutes les rumeurs ainsi que les transferts officiels du mercato des \u00e9quipes.\" \/>\n<meta name=\"robots\" content=\"index, follow, max-snippet:-1, max-image-preview:large, max-video-preview:-1\" \/>\n<link rel=\"canonical\" href=\"https:\/\/dicodusport.fr\/blog\/cyclisme-transferts-2022-2023-tableau-du-mercato\/\" \/>\n<meta property=\"og:locale\" content=\"fr_FR\" \/>\n<meta property=\"og:type\" content=\"article\" \/>\n<meta property=\"og:title\" content=\"Cyclisme Transferts 2022-2023 - Tableau du mercato\" \/>\n<meta property=\"og:description\" content=\"TRANSFERTS CYCLISME 2022-2023 - Retrouvez toutes les rumeurs ainsi que les transferts officiels du mercato des \u00e9quipes.\" \/>\n<meta property=\"og:url\" content=\"https:\/\/dicodusport.fr\/blog\/cyclisme-transferts-2022-2023-tableau-du-mercato\/\" \/>\n<meta property=\"og:site_name\" content=\"Dicodusport\" \/>\n<meta property=\"article:publisher\" content=\"https:\/\/www.facebook.com\/dicodusport\" \/>\n<meta property=\"article:author\" content=\"https:\/\/www.facebook.com\/florent.ostermann\" \/>\n<meta property=\"article:published_time\" content=\"2022-11-19T11:27:27+00:00\" \/>\n<meta property=\"article:modified_time\" content=\"2023-04-19T22:03:39+00:00\" \/>\n<meta property=\"og:image\" content=\"https:\/\/dicodusport.fr\/blog\/wp-content\/uploads\/2022\/05\/Cyclisme-Transferts-2022-2023-Tableau-du-mercato.png\" \/>\n\t<meta property=\"og:image:width\" content=\"800\" \/>\n\t<meta property=\"og:image:height\" content=\"445\" \/>\n\t<meta property=\"og:image:type\" content=\"image\/png\" \/>\n<meta name=\"author\" content=\"Flo Ostermann\" \/>\n<meta name=\"twitter:card\" content=\"summary_large_image\" \/>\n<meta name=\"twitter:title\" content=\"Cyclisme Transferts 2022-2023 - Tableau du mercato\" \/>\n<meta name=\"twitter:creator\" content=\"@https:\/\/twitter.com\/FlOstermann\" \/>\n<meta name=\"twitter:site\" content=\"@dicodusport\" \/>\n<script type=\"application\/ld+json\" class=\"yoast-schema-graph\">{\"@context\":\"https:\/\/schema.org\",\"@graph\":[{\"@type\":\"NewsArticle\",\"@id\":\"https:\/\/dicodusport.fr\/blog\/cyclisme-transferts-2022-2023-tableau-du-mercato\/#article\",\"isPartOf\":{\"@id\":\"https:\/\/dicodusport.fr\/blog\/cyclisme-transferts-2022-2023-tableau-du-mercato\/\"},\"author\":{\"name\":\"Flo Ostermann\",\"@id\":\"https:\/\/dicodusport.fr\/blog\/#\/schema\/person\/cb02af4c173ce4a653b55e9baf388d4a\"},\"headline\":\"Cyclisme Transferts 2022-2023 &#8211; Tableau du mercato\",\"datePublished\":\"2022-11-19T11:27:27+00:00\",\"dateModified\":\"2023-04-19T22:03:39+00:00\",\"mainEntityOfPage\":{\"@id\":\"https:\/\/dicodusport.fr\/blog\/cyclisme-transferts-2022-2023-tableau-du-mercato\/\"},\"wordCount\":2130,\"commentCount\":21,\"publisher\":{\"@id\":\"https:\/\/dicodusport.fr\/blog\/#organization\"},\"image\":{\"@id\":\"https:\/\/dicodusport.fr\/blog\/cyclisme-transferts-2022-2023-tableau-du-mercato\/#primaryimage\"},\"thumbnailUrl\":\"https:\/\/dicodusport.fr\/blog\/wp-content\/uploads\/2022\/05\/Cyclisme-Transferts-2022-2023-Tableau-du-mercato.png\",\"keywords\":[\"Cyclisme\",\"Mercato Cyclisme\",\"Transferts Cyclisme\",\"UCI ProTeam\",\"UCI WorldTeam\",\"World Tour\"],\"articleSection\":[\"Cyclisme sur route\"],\"inLanguage\":\"fr-FR\",\"potentialAction\":[{\"@type\":\"CommentAction\",\"name\":\"Comment\",\"target\":[\"https:\/\/dicodusport.fr\/blog\/cyclisme-transferts-2022-2023-tableau-du-mercato\/#respond\"]}],\"copyrightYear\":\"2022\",\"copyrightHolder\":{\"@id\":\"https:\/\/dicodusport.fr\/blog\/#organization\"}},{\"@type\":\"WebPage\",\"@id\":\"https:\/\/dicodusport.fr\/blog\/cyclisme-transferts-2022-2023-tableau-du-mercato\/\",\"url\":\"https:\/\/dicodusport.fr\/blog\/cyclisme-transferts-2022-2023-tableau-du-mercato\/\",\"name\":\"Cyclisme Transferts 2022-2023 - Tableau du mercato\",\"isPartOf\":{\"@id\":\"https:\/\/dicodusport.fr\/blog\/#website\"},\"primaryImageOfPage\":{\"@id\":\"https:\/\/dicodusport.fr\/blog\/cyclisme-transferts-2022-2023-tableau-du-mercato\/#primaryimage\"},\"image\":{\"@id\":\"https:\/\/dicodusport.fr\/blog\/cyclisme-transferts-2022-2023-tableau-du-mercato\/#primaryimage\"},\"thumbnailUrl\":\"https:\/\/dicodusport.fr\/blog\/wp-content\/uploads\/2022\/05\/Cyclisme-Transferts-2022-2023-Tableau-du-mercato.png\",\"datePublished\":\"2022-11-19T11:27:27+00:00\",\"dateModified\":\"2023-04-19T22:03:39+00:00\",\"description\":\"TRANSFERTS CYCLISME 2022-2023 - Retrouvez toutes les rumeurs ainsi que les transferts officiels du mercato des \u00e9quipes.\",\"breadcrumb\":{\"@id\":\"https:\/\/dicodusport.fr\/blog\/cyclisme-transferts-2022-2023-tableau-du-mercato\/#breadcrumb\"},\"inLanguage\":\"fr-FR\",\"potentialAction\":[{\"@type\":\"ReadAction\",\"target\":[\"https:\/\/dicodusport.fr\/blog\/cyclisme-transferts-2022-2023-tableau-du-mercato\/\"]}]},{\"@type\":\"ImageObject\",\"inLanguage\":\"fr-FR\",\"@id\":\"https:\/\/dicodusport.fr\/blog\/cyclisme-transferts-2022-2023-tableau-du-mercato\/#primaryimage\",\"url\":\"https:\/\/dicodusport.fr\/blog\/wp-content\/uploads\/2022\/05\/Cyclisme-Transferts-2022-2023-Tableau-du-mercato.png\",\"contentUrl\":\"https:\/\/dicodusport.fr\/blog\/wp-content\/uploads\/2022\/05\/Cyclisme-Transferts-2022-2023-Tableau-du-mercato.png\",\"width\":800,\"height\":445,\"caption\":\"Cyclisme Transferts 2022-2023 - Tableau du mercato\"},{\"@type\":\"BreadcrumbList\",\"@id\":\"https:\/\/dicodusport.fr\/blog\/cyclisme-transferts-2022-2023-tableau-du-mercato\/#breadcrumb\",\"itemListElement\":[{\"@type\":\"ListItem\",\"position\":1,\"name\":\"Accueil\",\"item\":\"https:\/\/dicodusport.fr\/blog\/\"},{\"@type\":\"ListItem\",\"position\":2,\"name\":\"Cyclisme Transferts 2022-2023 &#8211; Tableau du mercato\"}]},{\"@type\":\"WebSite\",\"@id\":\"https:\/\/dicodusport.fr\/blog\/#website\",\"url\":\"https:\/\/dicodusport.fr\/blog\/\",\"name\":\"Dicodusport\",\"description\":\"L&#039;encyclop\u00e9die de l&#039;actualit\u00e9 sportive\",\"publisher\":{\"@id\":\"https:\/\/dicodusport.fr\/blog\/#organization\"},\"potentialAction\":[{\"@type\":\"SearchAction\",\"target\":{\"@type\":\"EntryPoint\",\"urlTemplate\":\"https:\/\/dicodusport.fr\/blog\/?s={search_term_string}\"},\"query-input\":{\"@type\":\"PropertyValueSpecification\",\"valueRequired\":true,\"valueName\":\"search_term_string\"}}],\"inLanguage\":\"fr-FR\"},{\"@type\":\"NewsMediaOrganization\",\"@id\":\"https:\/\/dicodusport.fr\/blog\/#organization\",\"name\":\"Dicodusport\",\"url\":\"https:\/\/dicodusport.fr\/blog\/\",\"logo\":{\"@type\":\"ImageObject\",\"inLanguage\":\"fr-FR\",\"@id\":\"https:\/\/dicodusport.fr\/blog\/#\/schema\/logo\/image\/\",\"url\":\"https:\/\/dicodusport.fr\/blog\/wp-content\/uploads\/2020\/06\/cropped-LOGO-DICODUSPORT-2020-SANS-FOND-SANS-TEXTE.png\",\"contentUrl\":\"https:\/\/dicodusport.fr\/blog\/wp-content\/uploads\/2020\/06\/cropped-LOGO-DICODUSPORT-2020-SANS-FOND-SANS-TEXTE.png\",\"width\":512,\"height\":512,\"caption\":\"Dicodusport\"},\"image\":{\"@id\":\"https:\/\/dicodusport.fr\/blog\/#\/schema\/logo\/image\/\"},\"sameAs\":[\"https:\/\/www.facebook.com\/dicodusport\",\"https:\/\/x.com\/dicodusport\",\"https:\/\/www.instagram.com\/dicodusport\/\",\"https:\/\/www.youtube.com\/channel\/UC7V2KZ5sd3htJivAbA4ZG3w\"],\"description\":\"Dicodusport est l'encyclop\u00e9die de l'actualit\u00e9 sportive.\",\"email\":\"bonjour@dicodusport.fr\",\"legalName\":\"DICODUSPORT\",\"foundingDate\":\"2018-01-14\",\"vatID\":\"FR71834470973\",\"taxID\":\"83447097300043\",\"numberOfEmployees\":{\"@type\":\"QuantitativeValue\",\"minValue\":\"1\",\"maxValue\":\"10\"}},{\"@type\":\"Person\",\"@id\":\"https:\/\/dicodusport.fr\/blog\/#\/schema\/person\/cb02af4c173ce4a653b55e9baf388d4a\",\"name\":\"Flo Ostermann\",\"image\":{\"@type\":\"ImageObject\",\"inLanguage\":\"fr-FR\",\"@id\":\"https:\/\/dicodusport.fr\/blog\/#\/schema\/person\/image\/\",\"url\":\"https:\/\/dicodusport.fr\/blog\/wp-content\/uploads\/2021\/05\/Flo-Ostermann-150x150.jpg\",\"contentUrl\":\"https:\/\/dicodusport.fr\/blog\/wp-content\/uploads\/2021\/05\/Flo-Ostermann-150x150.jpg\",\"caption\":\"Flo Ostermann\"},\"description\":\"Journaliste\/R\u00e9dacteur depuis septembre 2015 - Mes premiers souvenirs dans le sport ? Les envol\u00e9es du Stade Toulousain et les duels Villeneuve-Schumacher et H\u00e4kkinen-Schumacher \u00e0 la fin des ann\u00e9es 90, la Coupe du monde de football en 1998, l\u2019exploit du XV de France face aux All Blacks en 1999, mais aussi Richard C\u0153ur de Lion qui vole sur les montagnes du Tour de France. Bien parti pour devenir professeur d\u2019EPS, les \u00e9v\u00e9nements de la vie (et la flemme d\u2019animer des s\u00e9ances de 3x500 m\u00e8tres toute ma vie) m\u2019ont conduit \u00e0 revoir mes plans. Me voil\u00e0 depuis fin 2017 sur Dicodusport, m\u00e9dia gr\u00e2ce (et pour) lequel je partage ma passion : le sport dans tous ses \u00e9tats. Le tout accompagn\u00e9 par les fous furieux et folles furieuses cit\u00e9s sur cette page !\",\"sameAs\":[\"https:\/\/www.facebook.com\/florent.ostermann\",\"https:\/\/x.com\/https:\/\/twitter.com\/FlOstermann\",\"admin\"],\"url\":\"https:\/\/dicodusport.fr\/blog\/author\/flo\/\"}]}<\/script>\n<!-- \/ Yoast SEO Premium plugin. -->","yoast_head_json":{"title":"Cyclisme Transferts 2022-2023 - Tableau du mercato","description":"TRANSFERTS CYCLISME 2022-2023 - Retrouvez toutes les rumeurs ainsi que les transferts officiels du mercato des \u00e9quipes.","robots":{"index":"index","follow":"follow","max-snippet":"max-snippet:-1","max-image-preview":"max-image-preview:large","max-video-preview":"max-video-preview:-1"},"canonical":"https:\/\/dicodusport.fr\/blog\/cyclisme-transferts-2022-2023-tableau-du-mercato\/","og_locale":"fr_FR","og_type":"article","og_title":"Cyclisme Transferts 2022-2023 - Tableau du mercato","og_description":"TRANSFERTS CYCLISME 2022-2023 - Retrouvez toutes les rumeurs ainsi que les transferts officiels du mercato des \u00e9quipes.","og_url":"https:\/\/dicodusport.fr\/blog\/cyclisme-transferts-2022-2023-tableau-du-mercato\/","og_site_name":"Dicodusport","article_publisher":"https:\/\/www.facebook.com\/dicodusport","article_author":"https:\/\/www.facebook.com\/florent.ostermann","article_published_time":"2022-11-19T11:27:27+00:00","article_modified_time":"2023-04-19T22:03:39+00:00","og_image":[{"width":800,"height":445,"url":"https:\/\/dicodusport.fr\/blog\/wp-content\/uploads\/2022\/05\/Cyclisme-Transferts-2022-2023-Tableau-du-mercato.png","type":"image\/png"}],"author":"Flo Ostermann","twitter_card":"summary_large_image","twitter_title":"Cyclisme Transferts 2022-2023 - Tableau du mercato","twitter_creator":"@https:\/\/twitter.com\/FlOstermann","twitter_site":"@dicodusport","schema":{"@context":"https:\/\/schema.org","@graph":[{"@type":"NewsArticle","@id":"https:\/\/dicodusport.fr\/blog\/cyclisme-transferts-2022-2023-tableau-du-mercato\/#article","isPartOf":{"@id":"https:\/\/dicodusport.fr\/blog\/cyclisme-transferts-2022-2023-tableau-du-mercato\/"},"author":{"name":"Flo Ostermann","@id":"https:\/\/dicodusport.fr\/blog\/#\/schema\/person\/cb02af4c173ce4a653b55e9baf388d4a"},"headline":"Cyclisme Transferts 2022-2023 &#8211; Tableau du mercato","datePublished":"2022-11-19T11:27:27+00:00","dateModified":"2023-04-19T22:03:39+00:00","mainEntityOfPage":{"@id":"https:\/\/dicodusport.fr\/blog\/cyclisme-transferts-2022-2023-tableau-du-mercato\/"},"wordCount":2130,"commentCount":21,"publisher":{"@id":"https:\/\/dicodusport.fr\/blog\/#organization"},"image":{"@id":"https:\/\/dicodusport.fr\/blog\/cyclisme-transferts-2022-2023-tableau-du-mercato\/#primaryimage"},"thumbnailUrl":"https:\/\/dicodusport.fr\/blog\/wp-content\/uploads\/2022\/05\/Cyclisme-Transferts-2022-2023-Tableau-du-mercato.png","keywords":["Cyclisme","Mercato Cyclisme","Transferts Cyclisme","UCI ProTeam","UCI WorldTeam","World Tour"],"articleSection":["Cyclisme sur route"],"inLanguage":"fr-FR","potentialAction":[{"@type":"CommentAction","name":"Comment","target":["https:\/\/dicodusport.fr\/blog\/cyclisme-transferts-2022-2023-tableau-du-mercato\/#respond"]}],"copyrightYear":"2022","copyrightHolder":{"@id":"https:\/\/dicodusport.fr\/blog\/#organization"}},{"@type":"WebPage","@id":"https:\/\/dicodusport.fr\/blog\/cyclisme-transferts-2022-2023-tableau-du-mercato\/","url":"https:\/\/dicodusport.fr\/blog\/cyclisme-transferts-2022-2023-tableau-du-mercato\/","name":"Cyclisme Transferts 2022-2023 - Tableau du mercato","isPartOf":{"@id":"https:\/\/dicodusport.fr\/blog\/#website"},"primaryImageOfPage":{"@id":"https:\/\/dicodusport.fr\/blog\/cyclisme-transferts-2022-2023-tableau-du-mercato\/#primaryimage"},"image":{"@id":"https:\/\/dicodusport.fr\/blog\/cyclisme-transferts-2022-2023-tableau-du-mercato\/#primaryimage"},"thumbnailUrl":"https:\/\/dicodusport.fr\/blog\/wp-content\/uploads\/2022\/05\/Cyclisme-Transferts-2022-2023-Tableau-du-mercato.png","datePublished":"2022-11-19T11:27:27+00:00","dateModified":"2023-04-19T22:03:39+00:00","description":"TRANSFERTS CYCLISME 2022-2023 - Retrouvez toutes les rumeurs ainsi que les transferts officiels du mercato des \u00e9quipes.","breadcrumb":{"@id":"https:\/\/dicodusport.fr\/blog\/cyclisme-transferts-2022-2023-tableau-du-mercato\/#breadcrumb"},"inLanguage":"fr-FR","potentialAction":[{"@type":"ReadAction","target":["https:\/\/dicodusport.fr\/blog\/cyclisme-transferts-2022-2023-tableau-du-mercato\/"]}]},{"@type":"ImageObject","inLanguage":"fr-FR","@id":"https:\/\/dicodusport.fr\/blog\/cyclisme-transferts-2022-2023-tableau-du-mercato\/#primaryimage","url":"https:\/\/dicodusport.fr\/blog\/wp-content\/uploads\/2022\/05\/Cyclisme-Transferts-2022-2023-Tableau-du-mercato.png","contentUrl":"https:\/\/dicodusport.fr\/blog\/wp-content\/uploads\/2022\/05\/Cyclisme-Transferts-2022-2023-Tableau-du-mercato.png","width":800,"height":445,"caption":"Cyclisme Transferts 2022-2023 - Tableau du mercato"},{"@type":"BreadcrumbList","@id":"https:\/\/dicodusport.fr\/blog\/cyclisme-transferts-2022-2023-tableau-du-mercato\/#breadcrumb","itemListElement":[{"@type":"ListItem","position":1,"name":"Accueil","item":"https:\/\/dicodusport.fr\/blog\/"},{"@type":"ListItem","position":2,"name":"Cyclisme Transferts 2022-2023 &#8211; Tableau du mercato"}]},{"@type":"WebSite","@id":"https:\/\/dicodusport.fr\/blog\/#website","url":"https:\/\/dicodusport.fr\/blog\/","name":"Dicodusport","description":"L&#039;encyclop\u00e9die de l&#039;actualit\u00e9 sportive","publisher":{"@id":"https:\/\/dicodusport.fr\/blog\/#organization"},"potentialAction":[{"@type":"SearchAction","target":{"@type":"EntryPoint","urlTemplate":"https:\/\/dicodusport.fr\/blog\/?s={search_term_string}"},"query-input":{"@type":"PropertyValueSpecification","valueRequired":true,"valueName":"search_term_string"}}],"inLanguage":"fr-FR"},{"@type":"NewsMediaOrganization","@id":"https:\/\/dicodusport.fr\/blog\/#organization","name":"Dicodusport","url":"https:\/\/dicodusport.fr\/blog\/","logo":{"@type":"ImageObject","inLanguage":"fr-FR","@id":"https:\/\/dicodusport.fr\/blog\/#\/schema\/logo\/image\/","url":"https:\/\/dicodusport.fr\/blog\/wp-content\/uploads\/2020\/06\/cropped-LOGO-DICODUSPORT-2020-SANS-FOND-SANS-TEXTE.png","contentUrl":"https:\/\/dicodusport.fr\/blog\/wp-content\/uploads\/2020\/06\/cropped-LOGO-DICODUSPORT-2020-SANS-FOND-SANS-TEXTE.png","width":512,"height":512,"caption":"Dicodusport"},"image":{"@id":"https:\/\/dicodusport.fr\/blog\/#\/schema\/logo\/image\/"},"sameAs":["https:\/\/www.facebook.com\/dicodusport","https:\/\/x.com\/dicodusport","https:\/\/www.instagram.com\/dicodusport\/","https:\/\/www.youtube.com\/channel\/UC7V2KZ5sd3htJivAbA4ZG3w"],"description":"Dicodusport est l'encyclop\u00e9die de l'actualit\u00e9 sportive.","email":"bonjour@dicodusport.fr","legalName":"DICODUSPORT","foundingDate":"2018-01-14","vatID":"FR71834470973","taxID":"83447097300043","numberOfEmployees":{"@type":"QuantitativeValue","minValue":"1","maxValue":"10"}},{"@type":"Person","@id":"https:\/\/dicodusport.fr\/blog\/#\/schema\/person\/cb02af4c173ce4a653b55e9baf388d4a","name":"Flo Ostermann","image":{"@type":"ImageObject","inLanguage":"fr-FR","@id":"https:\/\/dicodusport.fr\/blog\/#\/schema\/person\/image\/","url":"https:\/\/dicodusport.fr\/blog\/wp-content\/uploads\/2021\/05\/Flo-Ostermann-150x150.jpg","contentUrl":"https:\/\/dicodusport.fr\/blog\/wp-content\/uploads\/2021\/05\/Flo-Ostermann-150x150.jpg","caption":"Flo Ostermann"},"description":"Journaliste\/R\u00e9dacteur depuis septembre 2015 - Mes premiers souvenirs dans le sport ? Les envol\u00e9es du Stade Toulousain et les duels Villeneuve-Schumacher et H\u00e4kkinen-Schumacher \u00e0 la fin des ann\u00e9es 90, la Coupe du monde de football en 1998, l\u2019exploit du XV de France face aux All Blacks en 1999, mais aussi Richard C\u0153ur de Lion qui vole sur les montagnes du Tour de France. Bien parti pour devenir professeur d\u2019EPS, les \u00e9v\u00e9nements de la vie (et la flemme d\u2019animer des s\u00e9ances de 3x500 m\u00e8tres toute ma vie) m\u2019ont conduit \u00e0 revoir mes plans. Me voil\u00e0 depuis fin 2017 sur Dicodusport, m\u00e9dia gr\u00e2ce (et pour) lequel je partage ma passion : le sport dans tous ses \u00e9tats. Le tout accompagn\u00e9 par les fous furieux et folles furieuses cit\u00e9s sur cette page !","sameAs":["https:\/\/www.facebook.com\/florent.ostermann","https:\/\/x.com\/https:\/\/twitter.com\/FlOstermann","admin"],"url":"https:\/\/dicodusport.fr\/blog\/author\/flo\/"}]}},"_links":{"self":[{"href":"https:\/\/dicodusport.fr\/blog\/wp-json\/wp\/v2\/posts\/222765","targetHints":{"allow":["GET"]}}],"collection":[{"href":"https:\/\/dicodusport.fr\/blog\/wp-json\/wp\/v2\/posts"}],"about":[{"href":"https:\/\/dicodusport.fr\/blog\/wp-json\/wp\/v2\/types\/post"}],"author":[{"embeddable":true,"href":"https:\/\/dicodusport.fr\/blog\/wp-json\/wp\/v2\/users\/4"}],"replies":[{"embeddable":true,"href":"https:\/\/dicodusport.fr\/blog\/wp-json\/wp\/v2\/comments?post=222765"}],"version-history":[{"count":0,"href":"https:\/\/dicodusport.fr\/blog\/wp-json\/wp\/v2\/posts\/222765\/revisions"}],"wp:featuredmedia":[{"embeddable":true,"href":"https:\/\/dicodusport.fr\/blog\/wp-json\/wp\/v2\/media\/228434"}],"wp:attachment":[{"href":"https:\/\/dicodusport.fr\/blog\/wp-json\/wp\/v2\/media?parent=222765"}],"wp:term":[{"taxonomy":"category","embeddable":true,"href":"https:\/\/dicodusport.fr\/blog\/wp-json\/wp\/v2\/categories?post=222765"},{"taxonomy":"post_tag","embeddable":true,"href":"https:\/\/dicodusport.fr\/blog\/wp-json\/wp\/v2\/tags?post=222765"}],"curies":[{"name":"wp","href":"https:\/\/api.w.org\/{rel}","templated":true}]}}