{"id":22284,"date":"2018-07-20T10:00:07","date_gmt":"2018-07-20T08:00:07","guid":{"rendered":"http:\/\/dicodusport.fr\/blog\/?p=22284"},"modified":"2018-07-20T09:36:05","modified_gmt":"2018-07-20T07:36:05","slug":"tour-de-france-classement-general-maillot-a-pois-alaphilippe-les-6-choses-a-retenir-des-alpes","status":"publish","type":"post","link":"https:\/\/dicodusport.fr\/blog\/tour-de-france-classement-general-maillot-a-pois-alaphilippe-les-6-choses-a-retenir-des-alpes\/","title":{"rendered":"Tour de France : classement g\u00e9n\u00e9ral, maillot \u00e0 pois, Alaphilippe, les 6 choses \u00e0 retenir des Alpes"},"content":{"rendered":"<p style=\"text-align: justify;\"><em><strong>Les Alpes c&rsquo;est d\u00e9j\u00e0 fini, les trois \u00e9tapes ont rendu leur verdict. Voici ce qu&rsquo;il faut retenir du passage des coureurs dans les premi\u00e8res\u00a0difficult\u00e9s de cette Grande Boucle.\u00a0<\/strong><\/em><\/p>\n<h4 style=\"text-align: justify;\">La domination Sky, un air de Wiggins\/Froome<\/h4>\n<p style=\"text-align: justify;\">Si sur la premi\u00e8re \u00e9tape,\u00a0les favoris, les coureurs de Sky compris, sont rest\u00e9s dans le rang, cela n&rsquo;a pas \u00e9t\u00e9 le cas sur les deux suivantes,\u00a0avec \u00e0 chaque fois\u00a0le m\u00eame r\u00e9sultat : une domination des hommes en blanc et de Geraint Thomas. Le coureur gallois a remport\u00e9 les deux arriv\u00e9es au sommet \u00e0 la Rosi\u00e8re et l&rsquo;Alpe d&rsquo;Huez. S&rsquo;il\u00a0semble \u00eatre intouchable pour le moment, le leader annonc\u00e9 de l&rsquo;\u00e9quipe, Chris Froome, n&rsquo;a lui m\u00eame pas pu faire grand chose face \u00e0 la sup\u00e9riorit\u00e9 de son co\u00e9quipier. Ce mano \u00e0 mano au sein de la formation britannique ressemble \u00e9trangement \u00e0 celui entre Wiggins et Froome en 2012. Ce dernier \u00e9tait plus fort que son leader et l&rsquo;histoire semble, pour le moment, se r\u00e9p\u00e9ter\u00a0dans le sens inverse\u00a0pour le quadruple vainqueur du Tour de France. Il faut ajouter \u00e0 cela la d\u00e9monstration d&rsquo;Egan Bernal dans l&rsquo;Alpe d&rsquo;Huez qui a tenu en respect tous les autres favoris pendant plus de la moiti\u00e9 de l&rsquo;ascension, \u00e0 seulement 21 ans.<\/p>\n<h4 style=\"text-align: justify;\">Bardet et Dumoulin, les plus forts des autres<\/h4>\n<p style=\"text-align: justify;\">Derri\u00e8re la domination de Sky,\u00a0deux hommes se d\u00e9tachent\u00a0: Romain Bardet et\u00a0Tom Dumoulin. Le Fran\u00e7ais, plus offensif, a essay\u00e9 sur les deux arriv\u00e9es au sommet de fausser compagnie au train\u00a0Sky, en vain pour le moment. Le N\u00e9erlandais est lui le plus constant, avec son style caract\u00e9ristique, il ne s&rsquo;affole jamais et s&rsquo;il n&rsquo;a pas r\u00e9ussi \u00e0 se d\u00e9faire du duo britannique,\u00a0il leur a tenu la drag\u00e9e haute. Enfin, nous aurions pu ajouter Vincenzo Nibali, tant l&rsquo;Italien paraissait fort, mais victime d&rsquo;une chute \u00e0 cause d&rsquo;un spectateur dans la mont\u00e9e de l&rsquo;Alpe d&rsquo;Huez, il est contraint \u00e0 l&rsquo;abandon, souffrant d&rsquo;une fracture d&rsquo;une vert\u00e8bre. Cruel.<\/p>\n<h4 style=\"text-align: justify;\">Le show\u00a0Alaphilippe<\/h4>\n<p style=\"text-align: justify;\">Sur la premi\u00e8re \u00e9tape alpestre entre Annecy et Le Grand-Bornand, le Fran\u00e7ais a fait un sacr\u00e9 num\u00e9ro. Parti avec l&rsquo;\u00e9chapp\u00e9e matinale, Julian Alaphilipe a depos\u00e9 un \u00e0 un ses compagnons pour revenir petit \u00e0 petit sur Taaramae dans le Col de Romme. Il s&rsquo;est impos\u00e9\u00a0en solitaire avec plus d&rsquo;une minute et trente secondes d&rsquo;avance sur le second, Ion Izagirre.\u00a0Pass\u00e9 en t\u00eate au sommet du\u00a0plateau des Gli\u00e8res, du Col de Romme et du Col de la Colombi\u00e8re, le puncheur a \u00e9galement rev\u00eatu le maillot \u00e0 pois de meilleur grimpeur. Tunique qu&rsquo;il a\u00a0ensuite consolid\u00e9 mercredi et jeudi, au sommet de la Mont\u00e9e de Bisanne et du Col de la Madeleine. Que demander de plus ?<\/p>\n<h4 style=\"text-align: justify;\">La course au maillot \u00e0 pois fait rage<\/h4>\n<p style=\"text-align: justify;\">Un\u00a0maillot loin d&rsquo;\u00eatre solidement install\u00e9 sur les \u00e9paules de\u00a0Julien Alaphilippe.\u00a0Deux candidats tr\u00e8s s\u00e9rieux le talonnent : Warren Barguil et Serge Pauwels, deux coureurs qui ont pass\u00e9 beaucoup de temps \u00e0 l&rsquo;avant pour prendre un maximum de points, sans\u00a0pour autant\u00a0aller\u00a0chercher une victoire d&rsquo;\u00e9tape. Le Breton, vainqueur de ce classement en 2017, n&rsquo;a que 14 points de retard et semble \u00eatre l&rsquo;adversaire le plus redoutable pour le coureur de Saint-Amand-Montrond.<\/p>\n<h4 style=\"text-align: justify;\">La d\u00e9bacle des sprinteurs<\/h4>\n<p style=\"text-align: justify;\">Ces premi\u00e8re \u00e9tapes de montagne ont \u00e9limin\u00e9 un tr\u00e8s grand nombre de sprinteurs. Si Marcel Kittel et\u00a0Mark Cavendish sont arriv\u00e9s hors-d\u00e9lais \u00e0\u00a0La Rosi\u00e8re mercredi,\u00a0Fernando Gaviria, Andr\u00e9 Greipel et Dylan Groenewegen ont mis pied \u00e0 terre hier vers l&rsquo;Alpe d&rsquo;Huez. Seul un vainqueur d&rsquo;\u00e9tape au sprint\u00a0est encore pr\u00e9sent, Peter Sagan. En plus du Slovaque, il ne reste plus qu&rsquo;Arnaud D\u00e9mare,\u00a0Alexander Kristoff, John Degenkolb et Christophe Laporte pour animer les sprints massifs.<\/p>\n<h4 style=\"text-align: justify;\">Honte \u00e0 certains \u00ab\u00a0spectateurs\u00a0\u00bb<\/h4>\n<p style=\"text-align: justify;\">Quelle tristesse de voir cela sur le Tour de France. L&rsquo;attitude\u00a0de certains \u00ab\u00a0spectateurs\u00a0\u00bb\u00a0dans la mont\u00e9e de l&rsquo;Alpe d&rsquo;Huez est tout simplement honteuse. Entre l&rsquo;homme qui\u00a0a tent\u00e9\u00a0de frapper Chris Froome, celui qui a fait tomber Nibali et tous ceux qui ont g\u00ean\u00e9 les coureurs avec leur attitude inappropri\u00e9e, les spectateurs de la Grande Boucle ne se sont pas montr\u00e9s sous leur meilleur jour. Si un jour le public se retrouve derri\u00e8re des barri\u00e8res install\u00e9es sur l&rsquo;int\u00e9gralit\u00e9 d&rsquo;une ascension, il sera temps de venir se plaindre&#8230;<\/p>\n<p style=\"text-align: justify;\"><strong><em>Nicolas Jacquemard<\/em><\/strong><br \/>\n<a style=\"color: #000000;\" href=\"https:\/\/twitter.com\/Nico_Jacquemard\" target=\"_blank\" rel=\"noopener noreferrer\"><img loading=\"lazy\" decoding=\"async\" class=\"alignnone wp-image-2908\" src=\"http:\/\/dicodusport.fr\/blog\/wp-content\/uploads\/2017\/07\/logo-twitter-150x150.png\" alt=\"\" width=\"39\" height=\"39\" \/><\/a><a style=\"color: #000000;\" href=\"https:\/\/www.facebook.com\/dicodusport\/\" target=\"_blank\" rel=\"noopener noreferrer\"><img loading=\"lazy\" decoding=\"async\" class=\"alignnone wp-image-2909\" src=\"http:\/\/dicodusport.fr\/blog\/wp-content\/uploads\/2017\/07\/logo-facebook-150x150.png\" alt=\"\" width=\"40\" height=\"40\" \/><\/a><\/p>\n","protected":false},"excerpt":{"rendered":"<p>Les Alpes c&rsquo;est d\u00e9j\u00e0 fini, les trois \u00e9tapes ont rendu leur verdict. Voici ce qu&rsquo;il faut retenir du passage des coureurs dans les premi\u00e8res difficult\u00e9s de cette Grande Boucle. <\/p>\n","protected":false},"author":1,"featured_media":22302,"comment_status":"open","ping_status":"closed","sticky":false,"template":"","format":"standard","meta":{"_acf_changed":false,"_daextam_enable_autolinks":"","footnotes":""},"categories":[2,2307,46995],"tags":[1446,1447,1448,2835,5522,1262],"class_list":["post-22284","post","type-post","status-publish","format-standard","has-post-thumbnail","hentry","category-actualites","category-cyclisme","category-tour-de-france","tag-bardet","tag-barguil","tag-froome","tag-sky","tag-thomas","tag-tour-de-france"],"acf":[],"yoast_head":"<!-- This site is optimized with the Yoast SEO Premium plugin v26.7 (Yoast SEO v26.7) - https:\/\/yoast.com\/wordpress\/plugins\/seo\/ -->\n<title>Tour de France : classement g\u00e9n\u00e9ral, maillot \u00e0 pois, Alaphilippe, les 6 choses \u00e0 retenir des Alpes<\/title>\n<meta name=\"description\" content=\"Les Alpes c&#039;est d\u00e9j\u00e0 fini, les 3 \u00e9tapes ont rendu leur verdict. Voici ce qu&#039;il faut retenir du passage du peloton dans les premi\u00e8res difficult\u00e9s.\" \/>\n<meta name=\"robots\" content=\"index, follow, max-snippet:-1, max-image-preview:large, max-video-preview:-1\" \/>\n<link rel=\"canonical\" href=\"https:\/\/dicodusport.fr\/blog\/tour-de-france-classement-general-maillot-a-pois-alaphilippe-les-6-choses-a-retenir-des-alpes\/\" \/>\n<meta property=\"og:locale\" content=\"fr_FR\" \/>\n<meta property=\"og:type\" content=\"article\" \/>\n<meta property=\"og:title\" content=\"Tour de France : classement g\u00e9n\u00e9ral, maillot \u00e0 pois, Alaphilippe, les 6 choses \u00e0 retenir des Alpes\" \/>\n<meta property=\"og:description\" content=\"Les Alpes c&#039;est d\u00e9j\u00e0 fini, les 3 \u00e9tapes ont rendu leur verdict. Voici ce qu&#039;il faut retenir du passage du peloton dans les premi\u00e8res difficult\u00e9s.\" \/>\n<meta property=\"og:url\" content=\"https:\/\/dicodusport.fr\/blog\/tour-de-france-classement-general-maillot-a-pois-alaphilippe-les-6-choses-a-retenir-des-alpes\/\" \/>\n<meta property=\"og:site_name\" content=\"Dicodusport\" \/>\n<meta property=\"article:publisher\" content=\"https:\/\/www.facebook.com\/dicodusport\" \/>\n<meta property=\"article:author\" content=\"https:\/\/www.facebook.com\/dicodusport\" \/>\n<meta property=\"article:published_time\" content=\"2018-07-20T08:00:07+00:00\" \/>\n<meta property=\"og:image\" content=\"https:\/\/dicodusport.fr\/blog\/wp-content\/uploads\/2018\/07\/Thomas-Froome-Sky.png\" \/>\n\t<meta property=\"og:image:width\" content=\"800\" \/>\n\t<meta property=\"og:image:height\" content=\"445\" \/>\n\t<meta property=\"og:image:type\" content=\"image\/png\" \/>\n<meta name=\"author\" content=\"Nicolas Jacquemard\" \/>\n<meta name=\"twitter:card\" content=\"summary_large_image\" \/>\n<meta name=\"twitter:creator\" content=\"@https:\/\/twitter.com\/Nico_Jacquemard\" \/>\n<meta name=\"twitter:site\" content=\"@dicodusport\" \/>\n<script type=\"application\/ld+json\" class=\"yoast-schema-graph\">{\"@context\":\"https:\/\/schema.org\",\"@graph\":[{\"@type\":\"NewsArticle\",\"@id\":\"https:\/\/dicodusport.fr\/blog\/tour-de-france-classement-general-maillot-a-pois-alaphilippe-les-6-choses-a-retenir-des-alpes\/#article\",\"isPartOf\":{\"@id\":\"https:\/\/dicodusport.fr\/blog\/tour-de-france-classement-general-maillot-a-pois-alaphilippe-les-6-choses-a-retenir-des-alpes\/\"},\"author\":{\"name\":\"Nicolas Jacquemard\",\"@id\":\"https:\/\/dicodusport.fr\/blog\/#\/schema\/person\/55dcb50ad410894e431ed812bbb70191\"},\"headline\":\"Tour de France : classement g\u00e9n\u00e9ral, maillot \u00e0 pois, Alaphilippe, les 6 choses \u00e0 retenir des Alpes\",\"datePublished\":\"2018-07-20T08:00:07+00:00\",\"mainEntityOfPage\":{\"@id\":\"https:\/\/dicodusport.fr\/blog\/tour-de-france-classement-general-maillot-a-pois-alaphilippe-les-6-choses-a-retenir-des-alpes\/\"},\"wordCount\":783,\"commentCount\":1,\"publisher\":{\"@id\":\"https:\/\/dicodusport.fr\/blog\/#organization\"},\"image\":{\"@id\":\"https:\/\/dicodusport.fr\/blog\/tour-de-france-classement-general-maillot-a-pois-alaphilippe-les-6-choses-a-retenir-des-alpes\/#primaryimage\"},\"thumbnailUrl\":\"https:\/\/dicodusport.fr\/blog\/wp-content\/uploads\/2018\/07\/Thomas-Froome-Sky.png\",\"keywords\":[\"bardet\",\"barguil\",\"froome\",\"sky\",\"Thomas\",\"Tour de France\"],\"articleSection\":[\"Actualit\u00e9s\",\"Cyclisme\",\"Tour de France\"],\"inLanguage\":\"fr-FR\",\"potentialAction\":[{\"@type\":\"CommentAction\",\"name\":\"Comment\",\"target\":[\"https:\/\/dicodusport.fr\/blog\/tour-de-france-classement-general-maillot-a-pois-alaphilippe-les-6-choses-a-retenir-des-alpes\/#respond\"]}],\"copyrightYear\":\"2018\",\"copyrightHolder\":{\"@id\":\"https:\/\/dicodusport.fr\/blog\/#organization\"}},{\"@type\":\"WebPage\",\"@id\":\"https:\/\/dicodusport.fr\/blog\/tour-de-france-classement-general-maillot-a-pois-alaphilippe-les-6-choses-a-retenir-des-alpes\/\",\"url\":\"https:\/\/dicodusport.fr\/blog\/tour-de-france-classement-general-maillot-a-pois-alaphilippe-les-6-choses-a-retenir-des-alpes\/\",\"name\":\"Tour de France : classement g\u00e9n\u00e9ral, maillot \u00e0 pois, Alaphilippe, les 6 choses \u00e0 retenir des Alpes\",\"isPartOf\":{\"@id\":\"https:\/\/dicodusport.fr\/blog\/#website\"},\"primaryImageOfPage\":{\"@id\":\"https:\/\/dicodusport.fr\/blog\/tour-de-france-classement-general-maillot-a-pois-alaphilippe-les-6-choses-a-retenir-des-alpes\/#primaryimage\"},\"image\":{\"@id\":\"https:\/\/dicodusport.fr\/blog\/tour-de-france-classement-general-maillot-a-pois-alaphilippe-les-6-choses-a-retenir-des-alpes\/#primaryimage\"},\"thumbnailUrl\":\"https:\/\/dicodusport.fr\/blog\/wp-content\/uploads\/2018\/07\/Thomas-Froome-Sky.png\",\"datePublished\":\"2018-07-20T08:00:07+00:00\",\"description\":\"Les Alpes c'est d\u00e9j\u00e0 fini, les 3 \u00e9tapes ont rendu leur verdict. Voici ce qu'il faut retenir du passage du peloton dans les premi\u00e8res difficult\u00e9s.\",\"breadcrumb\":{\"@id\":\"https:\/\/dicodusport.fr\/blog\/tour-de-france-classement-general-maillot-a-pois-alaphilippe-les-6-choses-a-retenir-des-alpes\/#breadcrumb\"},\"inLanguage\":\"fr-FR\",\"potentialAction\":[{\"@type\":\"ReadAction\",\"target\":[\"https:\/\/dicodusport.fr\/blog\/tour-de-france-classement-general-maillot-a-pois-alaphilippe-les-6-choses-a-retenir-des-alpes\/\"]}]},{\"@type\":\"ImageObject\",\"inLanguage\":\"fr-FR\",\"@id\":\"https:\/\/dicodusport.fr\/blog\/tour-de-france-classement-general-maillot-a-pois-alaphilippe-les-6-choses-a-retenir-des-alpes\/#primaryimage\",\"url\":\"https:\/\/dicodusport.fr\/blog\/wp-content\/uploads\/2018\/07\/Thomas-Froome-Sky.png\",\"contentUrl\":\"https:\/\/dicodusport.fr\/blog\/wp-content\/uploads\/2018\/07\/Thomas-Froome-Sky.png\",\"width\":800,\"height\":445},{\"@type\":\"BreadcrumbList\",\"@id\":\"https:\/\/dicodusport.fr\/blog\/tour-de-france-classement-general-maillot-a-pois-alaphilippe-les-6-choses-a-retenir-des-alpes\/#breadcrumb\",\"itemListElement\":[{\"@type\":\"ListItem\",\"position\":1,\"name\":\"Accueil\",\"item\":\"https:\/\/dicodusport.fr\/blog\/\"},{\"@type\":\"ListItem\",\"position\":2,\"name\":\"Tour de France : classement g\u00e9n\u00e9ral, maillot \u00e0 pois, Alaphilippe, les 6 choses \u00e0 retenir des Alpes\"}]},{\"@type\":\"WebSite\",\"@id\":\"https:\/\/dicodusport.fr\/blog\/#website\",\"url\":\"https:\/\/dicodusport.fr\/blog\/\",\"name\":\"Dicodusport\",\"description\":\"L&#039;encyclop\u00e9die de l&#039;actualit\u00e9 sportive\",\"publisher\":{\"@id\":\"https:\/\/dicodusport.fr\/blog\/#organization\"},\"potentialAction\":[{\"@type\":\"SearchAction\",\"target\":{\"@type\":\"EntryPoint\",\"urlTemplate\":\"https:\/\/dicodusport.fr\/blog\/?s={search_term_string}\"},\"query-input\":{\"@type\":\"PropertyValueSpecification\",\"valueRequired\":true,\"valueName\":\"search_term_string\"}}],\"inLanguage\":\"fr-FR\"},{\"@type\":\"NewsMediaOrganization\",\"@id\":\"https:\/\/dicodusport.fr\/blog\/#organization\",\"name\":\"Dicodusport\",\"url\":\"https:\/\/dicodusport.fr\/blog\/\",\"logo\":{\"@type\":\"ImageObject\",\"inLanguage\":\"fr-FR\",\"@id\":\"https:\/\/dicodusport.fr\/blog\/#\/schema\/logo\/image\/\",\"url\":\"https:\/\/dicodusport.fr\/blog\/wp-content\/uploads\/2020\/06\/cropped-LOGO-DICODUSPORT-2020-SANS-FOND-SANS-TEXTE.png\",\"contentUrl\":\"https:\/\/dicodusport.fr\/blog\/wp-content\/uploads\/2020\/06\/cropped-LOGO-DICODUSPORT-2020-SANS-FOND-SANS-TEXTE.png\",\"width\":512,\"height\":512,\"caption\":\"Dicodusport\"},\"image\":{\"@id\":\"https:\/\/dicodusport.fr\/blog\/#\/schema\/logo\/image\/\"},\"sameAs\":[\"https:\/\/www.facebook.com\/dicodusport\",\"https:\/\/x.com\/dicodusport\",\"https:\/\/www.instagram.com\/dicodusport\/\",\"https:\/\/www.youtube.com\/channel\/UC7V2KZ5sd3htJivAbA4ZG3w\"],\"description\":\"Dicodusport est l'encyclop\u00e9die de l'actualit\u00e9 sportive.\",\"email\":\"bonjour@dicodusport.fr\",\"legalName\":\"DICODUSPORT\",\"foundingDate\":\"2018-01-14\",\"vatID\":\"FR71834470973\",\"taxID\":\"83447097300043\",\"numberOfEmployees\":{\"@type\":\"QuantitativeValue\",\"minValue\":\"1\",\"maxValue\":\"10\"}},{\"@type\":\"Person\",\"@id\":\"https:\/\/dicodusport.fr\/blog\/#\/schema\/person\/55dcb50ad410894e431ed812bbb70191\",\"name\":\"Nicolas Jacquemard\",\"image\":{\"@type\":\"ImageObject\",\"inLanguage\":\"fr-FR\",\"@id\":\"https:\/\/dicodusport.fr\/blog\/#\/schema\/person\/image\/\",\"url\":\"https:\/\/dicodusport.fr\/blog\/wp-content\/uploads\/2021\/05\/Nicolas-Jacquemard-150x150.jpeg\",\"contentUrl\":\"https:\/\/dicodusport.fr\/blog\/wp-content\/uploads\/2021\/05\/Nicolas-Jacquemard-150x150.jpeg\",\"caption\":\"Nicolas Jacquemard\"},\"description\":\"Passionn\u00e9 de sport et entrepreneur depuis mes 18 ans, la cr\u00e9ation de Dicodusport m'a sembl\u00e9 \u00e9vidente pour participer \u00e0 la m\u00e9diatisation d'un plus grand nombre de sports. Le chemin est long mais avec une \u00e9quipe des plus motiv\u00e9es et les Jeux Olympiques de Paris 2024 en point de mire, nous y arriverons ! Journaliste dans le monde du sport depuis plus de 5 ans, je traite aussi bien de football, de rugby, de biathlon que de cyclisme.\",\"sameAs\":[\"https:\/\/www.facebook.com\/dicodusport\",\"https:\/\/x.com\/https:\/\/twitter.com\/Nico_Jacquemard\"],\"url\":\"https:\/\/dicodusport.fr\/blog\/author\/dicodusport\/\"}]}<\/script>\n<!-- \/ Yoast SEO Premium plugin. -->","yoast_head_json":{"title":"Tour de France : classement g\u00e9n\u00e9ral, maillot \u00e0 pois, Alaphilippe, les 6 choses \u00e0 retenir des Alpes","description":"Les Alpes c'est d\u00e9j\u00e0 fini, les 3 \u00e9tapes ont rendu leur verdict. Voici ce qu'il faut retenir du passage du peloton dans les premi\u00e8res difficult\u00e9s.","robots":{"index":"index","follow":"follow","max-snippet":"max-snippet:-1","max-image-preview":"max-image-preview:large","max-video-preview":"max-video-preview:-1"},"canonical":"https:\/\/dicodusport.fr\/blog\/tour-de-france-classement-general-maillot-a-pois-alaphilippe-les-6-choses-a-retenir-des-alpes\/","og_locale":"fr_FR","og_type":"article","og_title":"Tour de France : classement g\u00e9n\u00e9ral, maillot \u00e0 pois, Alaphilippe, les 6 choses \u00e0 retenir des Alpes","og_description":"Les Alpes c'est d\u00e9j\u00e0 fini, les 3 \u00e9tapes ont rendu leur verdict. Voici ce qu'il faut retenir du passage du peloton dans les premi\u00e8res difficult\u00e9s.","og_url":"https:\/\/dicodusport.fr\/blog\/tour-de-france-classement-general-maillot-a-pois-alaphilippe-les-6-choses-a-retenir-des-alpes\/","og_site_name":"Dicodusport","article_publisher":"https:\/\/www.facebook.com\/dicodusport","article_author":"https:\/\/www.facebook.com\/dicodusport","article_published_time":"2018-07-20T08:00:07+00:00","og_image":[{"width":800,"height":445,"url":"https:\/\/dicodusport.fr\/blog\/wp-content\/uploads\/2018\/07\/Thomas-Froome-Sky.png","type":"image\/png"}],"author":"Nicolas Jacquemard","twitter_card":"summary_large_image","twitter_creator":"@https:\/\/twitter.com\/Nico_Jacquemard","twitter_site":"@dicodusport","schema":{"@context":"https:\/\/schema.org","@graph":[{"@type":"NewsArticle","@id":"https:\/\/dicodusport.fr\/blog\/tour-de-france-classement-general-maillot-a-pois-alaphilippe-les-6-choses-a-retenir-des-alpes\/#article","isPartOf":{"@id":"https:\/\/dicodusport.fr\/blog\/tour-de-france-classement-general-maillot-a-pois-alaphilippe-les-6-choses-a-retenir-des-alpes\/"},"author":{"name":"Nicolas Jacquemard","@id":"https:\/\/dicodusport.fr\/blog\/#\/schema\/person\/55dcb50ad410894e431ed812bbb70191"},"headline":"Tour de France : classement g\u00e9n\u00e9ral, maillot \u00e0 pois, Alaphilippe, les 6 choses \u00e0 retenir des Alpes","datePublished":"2018-07-20T08:00:07+00:00","mainEntityOfPage":{"@id":"https:\/\/dicodusport.fr\/blog\/tour-de-france-classement-general-maillot-a-pois-alaphilippe-les-6-choses-a-retenir-des-alpes\/"},"wordCount":783,"commentCount":1,"publisher":{"@id":"https:\/\/dicodusport.fr\/blog\/#organization"},"image":{"@id":"https:\/\/dicodusport.fr\/blog\/tour-de-france-classement-general-maillot-a-pois-alaphilippe-les-6-choses-a-retenir-des-alpes\/#primaryimage"},"thumbnailUrl":"https:\/\/dicodusport.fr\/blog\/wp-content\/uploads\/2018\/07\/Thomas-Froome-Sky.png","keywords":["bardet","barguil","froome","sky","Thomas","Tour de France"],"articleSection":["Actualit\u00e9s","Cyclisme","Tour de France"],"inLanguage":"fr-FR","potentialAction":[{"@type":"CommentAction","name":"Comment","target":["https:\/\/dicodusport.fr\/blog\/tour-de-france-classement-general-maillot-a-pois-alaphilippe-les-6-choses-a-retenir-des-alpes\/#respond"]}],"copyrightYear":"2018","copyrightHolder":{"@id":"https:\/\/dicodusport.fr\/blog\/#organization"}},{"@type":"WebPage","@id":"https:\/\/dicodusport.fr\/blog\/tour-de-france-classement-general-maillot-a-pois-alaphilippe-les-6-choses-a-retenir-des-alpes\/","url":"https:\/\/dicodusport.fr\/blog\/tour-de-france-classement-general-maillot-a-pois-alaphilippe-les-6-choses-a-retenir-des-alpes\/","name":"Tour de France : classement g\u00e9n\u00e9ral, maillot \u00e0 pois, Alaphilippe, les 6 choses \u00e0 retenir des Alpes","isPartOf":{"@id":"https:\/\/dicodusport.fr\/blog\/#website"},"primaryImageOfPage":{"@id":"https:\/\/dicodusport.fr\/blog\/tour-de-france-classement-general-maillot-a-pois-alaphilippe-les-6-choses-a-retenir-des-alpes\/#primaryimage"},"image":{"@id":"https:\/\/dicodusport.fr\/blog\/tour-de-france-classement-general-maillot-a-pois-alaphilippe-les-6-choses-a-retenir-des-alpes\/#primaryimage"},"thumbnailUrl":"https:\/\/dicodusport.fr\/blog\/wp-content\/uploads\/2018\/07\/Thomas-Froome-Sky.png","datePublished":"2018-07-20T08:00:07+00:00","description":"Les Alpes c'est d\u00e9j\u00e0 fini, les 3 \u00e9tapes ont rendu leur verdict. Voici ce qu'il faut retenir du passage du peloton dans les premi\u00e8res difficult\u00e9s.","breadcrumb":{"@id":"https:\/\/dicodusport.fr\/blog\/tour-de-france-classement-general-maillot-a-pois-alaphilippe-les-6-choses-a-retenir-des-alpes\/#breadcrumb"},"inLanguage":"fr-FR","potentialAction":[{"@type":"ReadAction","target":["https:\/\/dicodusport.fr\/blog\/tour-de-france-classement-general-maillot-a-pois-alaphilippe-les-6-choses-a-retenir-des-alpes\/"]}]},{"@type":"ImageObject","inLanguage":"fr-FR","@id":"https:\/\/dicodusport.fr\/blog\/tour-de-france-classement-general-maillot-a-pois-alaphilippe-les-6-choses-a-retenir-des-alpes\/#primaryimage","url":"https:\/\/dicodusport.fr\/blog\/wp-content\/uploads\/2018\/07\/Thomas-Froome-Sky.png","contentUrl":"https:\/\/dicodusport.fr\/blog\/wp-content\/uploads\/2018\/07\/Thomas-Froome-Sky.png","width":800,"height":445},{"@type":"BreadcrumbList","@id":"https:\/\/dicodusport.fr\/blog\/tour-de-france-classement-general-maillot-a-pois-alaphilippe-les-6-choses-a-retenir-des-alpes\/#breadcrumb","itemListElement":[{"@type":"ListItem","position":1,"name":"Accueil","item":"https:\/\/dicodusport.fr\/blog\/"},{"@type":"ListItem","position":2,"name":"Tour de France : classement g\u00e9n\u00e9ral, maillot \u00e0 pois, Alaphilippe, les 6 choses \u00e0 retenir des Alpes"}]},{"@type":"WebSite","@id":"https:\/\/dicodusport.fr\/blog\/#website","url":"https:\/\/dicodusport.fr\/blog\/","name":"Dicodusport","description":"L&#039;encyclop\u00e9die de l&#039;actualit\u00e9 sportive","publisher":{"@id":"https:\/\/dicodusport.fr\/blog\/#organization"},"potentialAction":[{"@type":"SearchAction","target":{"@type":"EntryPoint","urlTemplate":"https:\/\/dicodusport.fr\/blog\/?s={search_term_string}"},"query-input":{"@type":"PropertyValueSpecification","valueRequired":true,"valueName":"search_term_string"}}],"inLanguage":"fr-FR"},{"@type":"NewsMediaOrganization","@id":"https:\/\/dicodusport.fr\/blog\/#organization","name":"Dicodusport","url":"https:\/\/dicodusport.fr\/blog\/","logo":{"@type":"ImageObject","inLanguage":"fr-FR","@id":"https:\/\/dicodusport.fr\/blog\/#\/schema\/logo\/image\/","url":"https:\/\/dicodusport.fr\/blog\/wp-content\/uploads\/2020\/06\/cropped-LOGO-DICODUSPORT-2020-SANS-FOND-SANS-TEXTE.png","contentUrl":"https:\/\/dicodusport.fr\/blog\/wp-content\/uploads\/2020\/06\/cropped-LOGO-DICODUSPORT-2020-SANS-FOND-SANS-TEXTE.png","width":512,"height":512,"caption":"Dicodusport"},"image":{"@id":"https:\/\/dicodusport.fr\/blog\/#\/schema\/logo\/image\/"},"sameAs":["https:\/\/www.facebook.com\/dicodusport","https:\/\/x.com\/dicodusport","https:\/\/www.instagram.com\/dicodusport\/","https:\/\/www.youtube.com\/channel\/UC7V2KZ5sd3htJivAbA4ZG3w"],"description":"Dicodusport est l'encyclop\u00e9die de l'actualit\u00e9 sportive.","email":"bonjour@dicodusport.fr","legalName":"DICODUSPORT","foundingDate":"2018-01-14","vatID":"FR71834470973","taxID":"83447097300043","numberOfEmployees":{"@type":"QuantitativeValue","minValue":"1","maxValue":"10"}},{"@type":"Person","@id":"https:\/\/dicodusport.fr\/blog\/#\/schema\/person\/55dcb50ad410894e431ed812bbb70191","name":"Nicolas Jacquemard","image":{"@type":"ImageObject","inLanguage":"fr-FR","@id":"https:\/\/dicodusport.fr\/blog\/#\/schema\/person\/image\/","url":"https:\/\/dicodusport.fr\/blog\/wp-content\/uploads\/2021\/05\/Nicolas-Jacquemard-150x150.jpeg","contentUrl":"https:\/\/dicodusport.fr\/blog\/wp-content\/uploads\/2021\/05\/Nicolas-Jacquemard-150x150.jpeg","caption":"Nicolas Jacquemard"},"description":"Passionn\u00e9 de sport et entrepreneur depuis mes 18 ans, la cr\u00e9ation de Dicodusport m'a sembl\u00e9 \u00e9vidente pour participer \u00e0 la m\u00e9diatisation d'un plus grand nombre de sports. Le chemin est long mais avec une \u00e9quipe des plus motiv\u00e9es et les Jeux Olympiques de Paris 2024 en point de mire, nous y arriverons ! Journaliste dans le monde du sport depuis plus de 5 ans, je traite aussi bien de football, de rugby, de biathlon que de cyclisme.","sameAs":["https:\/\/www.facebook.com\/dicodusport","https:\/\/x.com\/https:\/\/twitter.com\/Nico_Jacquemard"],"url":"https:\/\/dicodusport.fr\/blog\/author\/dicodusport\/"}]}},"_links":{"self":[{"href":"https:\/\/dicodusport.fr\/blog\/wp-json\/wp\/v2\/posts\/22284","targetHints":{"allow":["GET"]}}],"collection":[{"href":"https:\/\/dicodusport.fr\/blog\/wp-json\/wp\/v2\/posts"}],"about":[{"href":"https:\/\/dicodusport.fr\/blog\/wp-json\/wp\/v2\/types\/post"}],"author":[{"embeddable":true,"href":"https:\/\/dicodusport.fr\/blog\/wp-json\/wp\/v2\/users\/1"}],"replies":[{"embeddable":true,"href":"https:\/\/dicodusport.fr\/blog\/wp-json\/wp\/v2\/comments?post=22284"}],"version-history":[{"count":0,"href":"https:\/\/dicodusport.fr\/blog\/wp-json\/wp\/v2\/posts\/22284\/revisions"}],"wp:featuredmedia":[{"embeddable":true,"href":"https:\/\/dicodusport.fr\/blog\/wp-json\/wp\/v2\/media\/22302"}],"wp:attachment":[{"href":"https:\/\/dicodusport.fr\/blog\/wp-json\/wp\/v2\/media?parent=22284"}],"wp:term":[{"taxonomy":"category","embeddable":true,"href":"https:\/\/dicodusport.fr\/blog\/wp-json\/wp\/v2\/categories?post=22284"},{"taxonomy":"post_tag","embeddable":true,"href":"https:\/\/dicodusport.fr\/blog\/wp-json\/wp\/v2\/tags?post=22284"}],"curies":[{"name":"wp","href":"https:\/\/api.w.org\/{rel}","templated":true}]}}