{"id":22313,"date":"2018-07-20T15:05:58","date_gmt":"2018-07-20T13:05:58","guid":{"rendered":"http:\/\/dicodusport.fr\/blog\/?p=22313"},"modified":"2018-07-20T15:24:12","modified_gmt":"2018-07-20T13:24:12","slug":"mahiedine-mekhissi-le-double-europeen","status":"publish","type":"post","link":"https:\/\/dicodusport.fr\/blog\/mahiedine-mekhissi-le-double-europeen\/","title":{"rendered":"Mahiedine Mekhissi, le doubl\u00e9 europ\u00e9en ?"},"content":{"rendered":"<p style=\"text-align: justify;\"><em><strong>Il y a 4 ans \u00e0 Zurich, le Fran\u00e7ais avait r\u00e9alis\u00e9 le doubl\u00e9 1500 m\u00e8tres et 3000 m\u00e8tres steeple sur la piste, avant de se faire disqualifier sur sa course de pr\u00e9dilection. Cette ann\u00e9e \u00e0 Berlin, il tentera un autre doubl\u00e9.<\/strong><\/em><\/p>\n<p style=\"text-align: justify;\">Comment ne pas se souvenir de Berlin 2014 et du d\u00e9nouement du 3000 m\u00e8tres steeple ? Alors que\u00a0Mahiedine Mekhissi domine largement son sujet et va s&rsquo;imposer, il d\u00e9cide d&rsquo;enlever son maillot avant la ligne d&rsquo;arriv\u00e9e. Les Espagnols portent r\u00e9clamation et le Fran\u00e7ais est disqualifi\u00e9, abandonnant son titre \u00e0 son compatriote Yoann Kowal. Le lendemain, il s&rsquo;aligne en s\u00e9rie du 1500 m\u00e8tres et se qualifie pour la finale. Deux jours plus tard, il d\u00e9pose tous ses adversaires\u00a0\u00e0 400 m\u00e8tres de la ligne pour s&rsquo;adjuger le titre de champion d&rsquo;Europe.<\/p>\n<p style=\"text-align: justify;\">Sur la piste, il a gagn\u00e9 les deux courses, mais\u00a0sur les tablettes,\u00a0un titre seulement\u00a0sera inscrit. En 2016, aux championnats d&rsquo;Europe d&rsquo;Amsterdam,\u00a0il\u00a0n&rsquo;a pas\u00a0retent\u00e9 le doubl\u00e9 et s&rsquo;est align\u00e9\u00a0simplement sur le 3000m steeple, o\u00f9 il est sacr\u00e9\u00a0pour\u00a0la\u00a0troisi\u00e8me fois sur la sc\u00e8ne europ\u00e9enne,\u00a0apr\u00e8s 2010 et 2012.<\/p>\n<p style=\"text-align: justify;\">Cette ann\u00e9e \u00e0 Berlin,\u00a0Mahiedine Mekhissi va bien tenter un doubl\u00e9, mais pas sur les m\u00eames distances qu&rsquo;il y a\u00a0quatre ans. S&rsquo;il garde sa distance de pr\u00e9dilection, le 3000 m\u00e8tres steeple, il s&rsquo;alignera aussi sur le 5000 m\u00e8tres plut\u00f4t que sur le 1500 m\u00e8tres. Il a\u00a0fait ce choix pour travailler son foncier dans le but de briller\u00a0davantage sur la sc\u00e8ne mondiale sur sa distance favorite. Sur 3000 m\u00e8tres, sauf chute, il semble intouchable en Europe. Sur 5000 m\u00e8tres il sera un pr\u00e9tendant s\u00e9rieux \u00e0 la victoire en compagnie des Espagnols qui ont trust\u00e9 les deux premi\u00e8res places en 2016. R\u00e9ponse mi-ao\u00fbt \u00e0 Berlin.<\/p>\n<p style=\"text-align: justify;\"><strong><em>Nicolas Jacquemard<\/em><\/strong><br \/>\n<a style=\"color: #000000;\" href=\"https:\/\/twitter.com\/Nico_Jacquemard\" target=\"_blank\" rel=\"noopener noreferrer\"><img loading=\"lazy\" decoding=\"async\" class=\"alignnone wp-image-2908\" src=\"http:\/\/dicodusport.fr\/blog\/wp-content\/uploads\/2017\/07\/logo-twitter-150x150.png\" alt=\"\" width=\"39\" height=\"39\" \/><\/a><a style=\"color: #000000;\" href=\"https:\/\/www.facebook.com\/dicodusport\/\" target=\"_blank\" rel=\"noopener noreferrer\"><img loading=\"lazy\" decoding=\"async\" class=\"alignnone wp-image-2909\" src=\"http:\/\/dicodusport.fr\/blog\/wp-content\/uploads\/2017\/07\/logo-facebook-150x150.png\" alt=\"\" width=\"40\" height=\"40\" \/><\/a><\/p>\n","protected":false},"excerpt":{"rendered":"<p>Il y a 4 ans \u00e0 Zurich, le Fran\u00e7ais avait r\u00e9alis\u00e9 le doubl\u00e9 1500 m\u00e8tres et 3000 m\u00e8tres steeple sur la piste, avant de se faire disqualifier sur sa course de pr\u00e9dilection. Cette ann\u00e9e \u00e0 Berlin, il tentera un autre doubl\u00e9.<\/p>\n","protected":false},"author":1,"featured_media":22317,"comment_status":"open","ping_status":"closed","sticky":false,"template":"","format":"standard","meta":{"_acf_changed":false,"_daextam_enable_autolinks":"","footnotes":""},"categories":[2,2308],"tags":[143,4909],"class_list":["post-22313","post","type-post","status-publish","format-standard","has-post-thumbnail","hentry","category-actualites","category-athletisme","tag-athletisme","tag-mahiedine-mekhissi"],"acf":[],"yoast_head":"<!-- This site is optimized with the Yoast SEO Premium plugin v26.7 (Yoast SEO v26.7) - https:\/\/yoast.com\/wordpress\/plugins\/seo\/ -->\n<title>Mahiedine Mekhissi, le doubl\u00e9 europ\u00e9en ?<\/title>\n<meta name=\"description\" content=\"A Zurich, le Fran\u00e7ais avait r\u00e9alis\u00e9 le doubl\u00e9 1500 m\u00e8tres et 3000 m\u00e8tres steeple sur la piste, avant de se faire disqualifier sur sa course de pr\u00e9dilection.\" \/>\n<meta name=\"robots\" content=\"index, follow, max-snippet:-1, max-image-preview:large, max-video-preview:-1\" \/>\n<link rel=\"canonical\" href=\"https:\/\/dicodusport.fr\/blog\/mahiedine-mekhissi-le-double-europeen\/\" \/>\n<meta property=\"og:locale\" content=\"fr_FR\" \/>\n<meta property=\"og:type\" content=\"article\" \/>\n<meta property=\"og:title\" content=\"Mahiedine Mekhissi, le doubl\u00e9 europ\u00e9en ?\" \/>\n<meta property=\"og:description\" content=\"A Zurich, le Fran\u00e7ais avait r\u00e9alis\u00e9 le doubl\u00e9 1500 m\u00e8tres et 3000 m\u00e8tres steeple sur la piste, avant de se faire disqualifier sur sa course de pr\u00e9dilection.\" \/>\n<meta property=\"og:url\" content=\"https:\/\/dicodusport.fr\/blog\/mahiedine-mekhissi-le-double-europeen\/\" \/>\n<meta property=\"og:site_name\" content=\"Dicodusport\" \/>\n<meta property=\"article:publisher\" content=\"https:\/\/www.facebook.com\/dicodusport\" \/>\n<meta property=\"article:author\" content=\"https:\/\/www.facebook.com\/dicodusport\" \/>\n<meta property=\"article:published_time\" content=\"2018-07-20T13:05:58+00:00\" \/>\n<meta property=\"article:modified_time\" content=\"2018-07-20T13:24:12+00:00\" \/>\n<meta property=\"og:image\" content=\"https:\/\/dicodusport.fr\/blog\/wp-content\/uploads\/2018\/07\/Mahiedine-Mekhissi.png\" \/>\n\t<meta property=\"og:image:width\" content=\"800\" \/>\n\t<meta property=\"og:image:height\" content=\"445\" \/>\n\t<meta property=\"og:image:type\" content=\"image\/png\" \/>\n<meta name=\"author\" content=\"Nicolas Jacquemard\" \/>\n<meta name=\"twitter:card\" content=\"summary_large_image\" \/>\n<meta name=\"twitter:creator\" content=\"@https:\/\/twitter.com\/Nico_Jacquemard\" \/>\n<meta name=\"twitter:site\" content=\"@dicodusport\" \/>\n<script type=\"application\/ld+json\" class=\"yoast-schema-graph\">{\"@context\":\"https:\/\/schema.org\",\"@graph\":[{\"@type\":\"NewsArticle\",\"@id\":\"https:\/\/dicodusport.fr\/blog\/mahiedine-mekhissi-le-double-europeen\/#article\",\"isPartOf\":{\"@id\":\"https:\/\/dicodusport.fr\/blog\/mahiedine-mekhissi-le-double-europeen\/\"},\"author\":{\"name\":\"Nicolas Jacquemard\",\"@id\":\"https:\/\/dicodusport.fr\/blog\/#\/schema\/person\/55dcb50ad410894e431ed812bbb70191\"},\"headline\":\"Mahiedine Mekhissi, le doubl\u00e9 europ\u00e9en ?\",\"datePublished\":\"2018-07-20T13:05:58+00:00\",\"dateModified\":\"2018-07-20T13:24:12+00:00\",\"mainEntityOfPage\":{\"@id\":\"https:\/\/dicodusport.fr\/blog\/mahiedine-mekhissi-le-double-europeen\/\"},\"wordCount\":323,\"commentCount\":0,\"publisher\":{\"@id\":\"https:\/\/dicodusport.fr\/blog\/#organization\"},\"image\":{\"@id\":\"https:\/\/dicodusport.fr\/blog\/mahiedine-mekhissi-le-double-europeen\/#primaryimage\"},\"thumbnailUrl\":\"https:\/\/dicodusport.fr\/blog\/wp-content\/uploads\/2018\/07\/Mahiedine-Mekhissi.png\",\"keywords\":[\"Athl\u00e9tisme\",\"Mahiedine Mekhissi\"],\"articleSection\":[\"Actualit\u00e9s\",\"Athl\u00e9tisme\"],\"inLanguage\":\"fr-FR\",\"potentialAction\":[{\"@type\":\"CommentAction\",\"name\":\"Comment\",\"target\":[\"https:\/\/dicodusport.fr\/blog\/mahiedine-mekhissi-le-double-europeen\/#respond\"]}],\"copyrightYear\":\"2018\",\"copyrightHolder\":{\"@id\":\"https:\/\/dicodusport.fr\/blog\/#organization\"}},{\"@type\":\"WebPage\",\"@id\":\"https:\/\/dicodusport.fr\/blog\/mahiedine-mekhissi-le-double-europeen\/\",\"url\":\"https:\/\/dicodusport.fr\/blog\/mahiedine-mekhissi-le-double-europeen\/\",\"name\":\"Mahiedine Mekhissi, le doubl\u00e9 europ\u00e9en ?\",\"isPartOf\":{\"@id\":\"https:\/\/dicodusport.fr\/blog\/#website\"},\"primaryImageOfPage\":{\"@id\":\"https:\/\/dicodusport.fr\/blog\/mahiedine-mekhissi-le-double-europeen\/#primaryimage\"},\"image\":{\"@id\":\"https:\/\/dicodusport.fr\/blog\/mahiedine-mekhissi-le-double-europeen\/#primaryimage\"},\"thumbnailUrl\":\"https:\/\/dicodusport.fr\/blog\/wp-content\/uploads\/2018\/07\/Mahiedine-Mekhissi.png\",\"datePublished\":\"2018-07-20T13:05:58+00:00\",\"dateModified\":\"2018-07-20T13:24:12+00:00\",\"description\":\"A Zurich, le Fran\u00e7ais avait r\u00e9alis\u00e9 le doubl\u00e9 1500 m\u00e8tres et 3000 m\u00e8tres steeple sur la piste, avant de se faire disqualifier sur sa course de pr\u00e9dilection.\",\"breadcrumb\":{\"@id\":\"https:\/\/dicodusport.fr\/blog\/mahiedine-mekhissi-le-double-europeen\/#breadcrumb\"},\"inLanguage\":\"fr-FR\",\"potentialAction\":[{\"@type\":\"ReadAction\",\"target\":[\"https:\/\/dicodusport.fr\/blog\/mahiedine-mekhissi-le-double-europeen\/\"]}]},{\"@type\":\"ImageObject\",\"inLanguage\":\"fr-FR\",\"@id\":\"https:\/\/dicodusport.fr\/blog\/mahiedine-mekhissi-le-double-europeen\/#primaryimage\",\"url\":\"https:\/\/dicodusport.fr\/blog\/wp-content\/uploads\/2018\/07\/Mahiedine-Mekhissi.png\",\"contentUrl\":\"https:\/\/dicodusport.fr\/blog\/wp-content\/uploads\/2018\/07\/Mahiedine-Mekhissi.png\",\"width\":800,\"height\":445,\"caption\":\"Mahiedine Mekhissi\"},{\"@type\":\"BreadcrumbList\",\"@id\":\"https:\/\/dicodusport.fr\/blog\/mahiedine-mekhissi-le-double-europeen\/#breadcrumb\",\"itemListElement\":[{\"@type\":\"ListItem\",\"position\":1,\"name\":\"Accueil\",\"item\":\"https:\/\/dicodusport.fr\/blog\/\"},{\"@type\":\"ListItem\",\"position\":2,\"name\":\"Mahiedine Mekhissi, le doubl\u00e9 europ\u00e9en ?\"}]},{\"@type\":\"WebSite\",\"@id\":\"https:\/\/dicodusport.fr\/blog\/#website\",\"url\":\"https:\/\/dicodusport.fr\/blog\/\",\"name\":\"Dicodusport\",\"description\":\"L&#039;encyclop\u00e9die de l&#039;actualit\u00e9 sportive\",\"publisher\":{\"@id\":\"https:\/\/dicodusport.fr\/blog\/#organization\"},\"potentialAction\":[{\"@type\":\"SearchAction\",\"target\":{\"@type\":\"EntryPoint\",\"urlTemplate\":\"https:\/\/dicodusport.fr\/blog\/?s={search_term_string}\"},\"query-input\":{\"@type\":\"PropertyValueSpecification\",\"valueRequired\":true,\"valueName\":\"search_term_string\"}}],\"inLanguage\":\"fr-FR\"},{\"@type\":\"NewsMediaOrganization\",\"@id\":\"https:\/\/dicodusport.fr\/blog\/#organization\",\"name\":\"Dicodusport\",\"url\":\"https:\/\/dicodusport.fr\/blog\/\",\"logo\":{\"@type\":\"ImageObject\",\"inLanguage\":\"fr-FR\",\"@id\":\"https:\/\/dicodusport.fr\/blog\/#\/schema\/logo\/image\/\",\"url\":\"https:\/\/dicodusport.fr\/blog\/wp-content\/uploads\/2020\/06\/cropped-LOGO-DICODUSPORT-2020-SANS-FOND-SANS-TEXTE.png\",\"contentUrl\":\"https:\/\/dicodusport.fr\/blog\/wp-content\/uploads\/2020\/06\/cropped-LOGO-DICODUSPORT-2020-SANS-FOND-SANS-TEXTE.png\",\"width\":512,\"height\":512,\"caption\":\"Dicodusport\"},\"image\":{\"@id\":\"https:\/\/dicodusport.fr\/blog\/#\/schema\/logo\/image\/\"},\"sameAs\":[\"https:\/\/www.facebook.com\/dicodusport\",\"https:\/\/x.com\/dicodusport\",\"https:\/\/www.instagram.com\/dicodusport\/\",\"https:\/\/www.youtube.com\/channel\/UC7V2KZ5sd3htJivAbA4ZG3w\"],\"description\":\"Dicodusport est l'encyclop\u00e9die de l'actualit\u00e9 sportive.\",\"email\":\"bonjour@dicodusport.fr\",\"legalName\":\"DICODUSPORT\",\"foundingDate\":\"2018-01-14\",\"vatID\":\"FR71834470973\",\"taxID\":\"83447097300043\",\"numberOfEmployees\":{\"@type\":\"QuantitativeValue\",\"minValue\":\"1\",\"maxValue\":\"10\"}},{\"@type\":\"Person\",\"@id\":\"https:\/\/dicodusport.fr\/blog\/#\/schema\/person\/55dcb50ad410894e431ed812bbb70191\",\"name\":\"Nicolas Jacquemard\",\"image\":{\"@type\":\"ImageObject\",\"inLanguage\":\"fr-FR\",\"@id\":\"https:\/\/dicodusport.fr\/blog\/#\/schema\/person\/image\/\",\"url\":\"https:\/\/dicodusport.fr\/blog\/wp-content\/uploads\/2021\/05\/Nicolas-Jacquemard-150x150.jpeg\",\"contentUrl\":\"https:\/\/dicodusport.fr\/blog\/wp-content\/uploads\/2021\/05\/Nicolas-Jacquemard-150x150.jpeg\",\"caption\":\"Nicolas Jacquemard\"},\"description\":\"Passionn\u00e9 de sport et entrepreneur depuis mes 18 ans, la cr\u00e9ation de Dicodusport m'a sembl\u00e9 \u00e9vidente pour participer \u00e0 la m\u00e9diatisation d'un plus grand nombre de sports. Le chemin est long mais avec une \u00e9quipe des plus motiv\u00e9es et les Jeux Olympiques de Paris 2024 en point de mire, nous y arriverons ! Journaliste dans le monde du sport depuis plus de 5 ans, je traite aussi bien de football, de rugby, de biathlon que de cyclisme.\",\"sameAs\":[\"https:\/\/www.facebook.com\/dicodusport\",\"https:\/\/x.com\/https:\/\/twitter.com\/Nico_Jacquemard\"],\"url\":\"https:\/\/dicodusport.fr\/blog\/author\/dicodusport\/\"}]}<\/script>\n<!-- \/ Yoast SEO Premium plugin. -->","yoast_head_json":{"title":"Mahiedine Mekhissi, le doubl\u00e9 europ\u00e9en ?","description":"A Zurich, le Fran\u00e7ais avait r\u00e9alis\u00e9 le doubl\u00e9 1500 m\u00e8tres et 3000 m\u00e8tres steeple sur la piste, avant de se faire disqualifier sur sa course de pr\u00e9dilection.","robots":{"index":"index","follow":"follow","max-snippet":"max-snippet:-1","max-image-preview":"max-image-preview:large","max-video-preview":"max-video-preview:-1"},"canonical":"https:\/\/dicodusport.fr\/blog\/mahiedine-mekhissi-le-double-europeen\/","og_locale":"fr_FR","og_type":"article","og_title":"Mahiedine Mekhissi, le doubl\u00e9 europ\u00e9en ?","og_description":"A Zurich, le Fran\u00e7ais avait r\u00e9alis\u00e9 le doubl\u00e9 1500 m\u00e8tres et 3000 m\u00e8tres steeple sur la piste, avant de se faire disqualifier sur sa course de pr\u00e9dilection.","og_url":"https:\/\/dicodusport.fr\/blog\/mahiedine-mekhissi-le-double-europeen\/","og_site_name":"Dicodusport","article_publisher":"https:\/\/www.facebook.com\/dicodusport","article_author":"https:\/\/www.facebook.com\/dicodusport","article_published_time":"2018-07-20T13:05:58+00:00","article_modified_time":"2018-07-20T13:24:12+00:00","og_image":[{"width":800,"height":445,"url":"https:\/\/dicodusport.fr\/blog\/wp-content\/uploads\/2018\/07\/Mahiedine-Mekhissi.png","type":"image\/png"}],"author":"Nicolas Jacquemard","twitter_card":"summary_large_image","twitter_creator":"@https:\/\/twitter.com\/Nico_Jacquemard","twitter_site":"@dicodusport","schema":{"@context":"https:\/\/schema.org","@graph":[{"@type":"NewsArticle","@id":"https:\/\/dicodusport.fr\/blog\/mahiedine-mekhissi-le-double-europeen\/#article","isPartOf":{"@id":"https:\/\/dicodusport.fr\/blog\/mahiedine-mekhissi-le-double-europeen\/"},"author":{"name":"Nicolas Jacquemard","@id":"https:\/\/dicodusport.fr\/blog\/#\/schema\/person\/55dcb50ad410894e431ed812bbb70191"},"headline":"Mahiedine Mekhissi, le doubl\u00e9 europ\u00e9en ?","datePublished":"2018-07-20T13:05:58+00:00","dateModified":"2018-07-20T13:24:12+00:00","mainEntityOfPage":{"@id":"https:\/\/dicodusport.fr\/blog\/mahiedine-mekhissi-le-double-europeen\/"},"wordCount":323,"commentCount":0,"publisher":{"@id":"https:\/\/dicodusport.fr\/blog\/#organization"},"image":{"@id":"https:\/\/dicodusport.fr\/blog\/mahiedine-mekhissi-le-double-europeen\/#primaryimage"},"thumbnailUrl":"https:\/\/dicodusport.fr\/blog\/wp-content\/uploads\/2018\/07\/Mahiedine-Mekhissi.png","keywords":["Athl\u00e9tisme","Mahiedine Mekhissi"],"articleSection":["Actualit\u00e9s","Athl\u00e9tisme"],"inLanguage":"fr-FR","potentialAction":[{"@type":"CommentAction","name":"Comment","target":["https:\/\/dicodusport.fr\/blog\/mahiedine-mekhissi-le-double-europeen\/#respond"]}],"copyrightYear":"2018","copyrightHolder":{"@id":"https:\/\/dicodusport.fr\/blog\/#organization"}},{"@type":"WebPage","@id":"https:\/\/dicodusport.fr\/blog\/mahiedine-mekhissi-le-double-europeen\/","url":"https:\/\/dicodusport.fr\/blog\/mahiedine-mekhissi-le-double-europeen\/","name":"Mahiedine Mekhissi, le doubl\u00e9 europ\u00e9en ?","isPartOf":{"@id":"https:\/\/dicodusport.fr\/blog\/#website"},"primaryImageOfPage":{"@id":"https:\/\/dicodusport.fr\/blog\/mahiedine-mekhissi-le-double-europeen\/#primaryimage"},"image":{"@id":"https:\/\/dicodusport.fr\/blog\/mahiedine-mekhissi-le-double-europeen\/#primaryimage"},"thumbnailUrl":"https:\/\/dicodusport.fr\/blog\/wp-content\/uploads\/2018\/07\/Mahiedine-Mekhissi.png","datePublished":"2018-07-20T13:05:58+00:00","dateModified":"2018-07-20T13:24:12+00:00","description":"A Zurich, le Fran\u00e7ais avait r\u00e9alis\u00e9 le doubl\u00e9 1500 m\u00e8tres et 3000 m\u00e8tres steeple sur la piste, avant de se faire disqualifier sur sa course de pr\u00e9dilection.","breadcrumb":{"@id":"https:\/\/dicodusport.fr\/blog\/mahiedine-mekhissi-le-double-europeen\/#breadcrumb"},"inLanguage":"fr-FR","potentialAction":[{"@type":"ReadAction","target":["https:\/\/dicodusport.fr\/blog\/mahiedine-mekhissi-le-double-europeen\/"]}]},{"@type":"ImageObject","inLanguage":"fr-FR","@id":"https:\/\/dicodusport.fr\/blog\/mahiedine-mekhissi-le-double-europeen\/#primaryimage","url":"https:\/\/dicodusport.fr\/blog\/wp-content\/uploads\/2018\/07\/Mahiedine-Mekhissi.png","contentUrl":"https:\/\/dicodusport.fr\/blog\/wp-content\/uploads\/2018\/07\/Mahiedine-Mekhissi.png","width":800,"height":445,"caption":"Mahiedine Mekhissi"},{"@type":"BreadcrumbList","@id":"https:\/\/dicodusport.fr\/blog\/mahiedine-mekhissi-le-double-europeen\/#breadcrumb","itemListElement":[{"@type":"ListItem","position":1,"name":"Accueil","item":"https:\/\/dicodusport.fr\/blog\/"},{"@type":"ListItem","position":2,"name":"Mahiedine Mekhissi, le doubl\u00e9 europ\u00e9en ?"}]},{"@type":"WebSite","@id":"https:\/\/dicodusport.fr\/blog\/#website","url":"https:\/\/dicodusport.fr\/blog\/","name":"Dicodusport","description":"L&#039;encyclop\u00e9die de l&#039;actualit\u00e9 sportive","publisher":{"@id":"https:\/\/dicodusport.fr\/blog\/#organization"},"potentialAction":[{"@type":"SearchAction","target":{"@type":"EntryPoint","urlTemplate":"https:\/\/dicodusport.fr\/blog\/?s={search_term_string}"},"query-input":{"@type":"PropertyValueSpecification","valueRequired":true,"valueName":"search_term_string"}}],"inLanguage":"fr-FR"},{"@type":"NewsMediaOrganization","@id":"https:\/\/dicodusport.fr\/blog\/#organization","name":"Dicodusport","url":"https:\/\/dicodusport.fr\/blog\/","logo":{"@type":"ImageObject","inLanguage":"fr-FR","@id":"https:\/\/dicodusport.fr\/blog\/#\/schema\/logo\/image\/","url":"https:\/\/dicodusport.fr\/blog\/wp-content\/uploads\/2020\/06\/cropped-LOGO-DICODUSPORT-2020-SANS-FOND-SANS-TEXTE.png","contentUrl":"https:\/\/dicodusport.fr\/blog\/wp-content\/uploads\/2020\/06\/cropped-LOGO-DICODUSPORT-2020-SANS-FOND-SANS-TEXTE.png","width":512,"height":512,"caption":"Dicodusport"},"image":{"@id":"https:\/\/dicodusport.fr\/blog\/#\/schema\/logo\/image\/"},"sameAs":["https:\/\/www.facebook.com\/dicodusport","https:\/\/x.com\/dicodusport","https:\/\/www.instagram.com\/dicodusport\/","https:\/\/www.youtube.com\/channel\/UC7V2KZ5sd3htJivAbA4ZG3w"],"description":"Dicodusport est l'encyclop\u00e9die de l'actualit\u00e9 sportive.","email":"bonjour@dicodusport.fr","legalName":"DICODUSPORT","foundingDate":"2018-01-14","vatID":"FR71834470973","taxID":"83447097300043","numberOfEmployees":{"@type":"QuantitativeValue","minValue":"1","maxValue":"10"}},{"@type":"Person","@id":"https:\/\/dicodusport.fr\/blog\/#\/schema\/person\/55dcb50ad410894e431ed812bbb70191","name":"Nicolas Jacquemard","image":{"@type":"ImageObject","inLanguage":"fr-FR","@id":"https:\/\/dicodusport.fr\/blog\/#\/schema\/person\/image\/","url":"https:\/\/dicodusport.fr\/blog\/wp-content\/uploads\/2021\/05\/Nicolas-Jacquemard-150x150.jpeg","contentUrl":"https:\/\/dicodusport.fr\/blog\/wp-content\/uploads\/2021\/05\/Nicolas-Jacquemard-150x150.jpeg","caption":"Nicolas Jacquemard"},"description":"Passionn\u00e9 de sport et entrepreneur depuis mes 18 ans, la cr\u00e9ation de Dicodusport m'a sembl\u00e9 \u00e9vidente pour participer \u00e0 la m\u00e9diatisation d'un plus grand nombre de sports. Le chemin est long mais avec une \u00e9quipe des plus motiv\u00e9es et les Jeux Olympiques de Paris 2024 en point de mire, nous y arriverons ! Journaliste dans le monde du sport depuis plus de 5 ans, je traite aussi bien de football, de rugby, de biathlon que de cyclisme.","sameAs":["https:\/\/www.facebook.com\/dicodusport","https:\/\/x.com\/https:\/\/twitter.com\/Nico_Jacquemard"],"url":"https:\/\/dicodusport.fr\/blog\/author\/dicodusport\/"}]}},"_links":{"self":[{"href":"https:\/\/dicodusport.fr\/blog\/wp-json\/wp\/v2\/posts\/22313","targetHints":{"allow":["GET"]}}],"collection":[{"href":"https:\/\/dicodusport.fr\/blog\/wp-json\/wp\/v2\/posts"}],"about":[{"href":"https:\/\/dicodusport.fr\/blog\/wp-json\/wp\/v2\/types\/post"}],"author":[{"embeddable":true,"href":"https:\/\/dicodusport.fr\/blog\/wp-json\/wp\/v2\/users\/1"}],"replies":[{"embeddable":true,"href":"https:\/\/dicodusport.fr\/blog\/wp-json\/wp\/v2\/comments?post=22313"}],"version-history":[{"count":0,"href":"https:\/\/dicodusport.fr\/blog\/wp-json\/wp\/v2\/posts\/22313\/revisions"}],"wp:featuredmedia":[{"embeddable":true,"href":"https:\/\/dicodusport.fr\/blog\/wp-json\/wp\/v2\/media\/22317"}],"wp:attachment":[{"href":"https:\/\/dicodusport.fr\/blog\/wp-json\/wp\/v2\/media?parent=22313"}],"wp:term":[{"taxonomy":"category","embeddable":true,"href":"https:\/\/dicodusport.fr\/blog\/wp-json\/wp\/v2\/categories?post=22313"},{"taxonomy":"post_tag","embeddable":true,"href":"https:\/\/dicodusport.fr\/blog\/wp-json\/wp\/v2\/tags?post=22313"}],"curies":[{"name":"wp","href":"https:\/\/api.w.org\/{rel}","templated":true}]}}