{"id":22320,"date":"2018-07-20T17:41:06","date_gmt":"2018-07-20T15:41:06","guid":{"rendered":"http:\/\/dicodusport.fr\/blog\/?p=22320"},"modified":"2018-07-20T20:57:02","modified_gmt":"2018-07-20T18:57:02","slug":"tour-de-france-sagan-ennui-nibali-ce-quil-faut-retenir-de-la-13eme-etape","status":"publish","type":"post","link":"https:\/\/dicodusport.fr\/blog\/tour-de-france-sagan-ennui-nibali-ce-quil-faut-retenir-de-la-13eme-etape\/","title":{"rendered":"Tour de France : Sagan, ennui, Nibali, ce qu&rsquo;il faut retenir de la 13\u00e8me \u00e9tape"},"content":{"rendered":"<p style=\"text-align: justify;\"><strong><em>C&rsquo;est Peter Sagan qui s&rsquo;impose \u00e0 Valence devant\u00a0Alexander Kristoff et Arnaud D\u00e9mare . Voici ce qu&rsquo;il faut retenir de cette\u00a0treizi\u00e8me \u00e9tape.<\/em><\/strong><\/p>\n<p style=\"text-align: justify;\"><strong>Sagan s&rsquo;impose encore : <\/strong>Arnaud D\u00e9mare, bien lanc\u00e9, a demarr\u00e9 \u00e0 200 m\u00e8tres de la ligne d&rsquo;arriv\u00e9e mais il n&rsquo;a pu r\u00e9sister au retour de Peter Sagan, l&rsquo;homme fort de ce Tour de France. Alexander Kristoff prend la deuxi\u00e8me place et le Fran\u00e7ais la troisi\u00e8me.<\/p>\n<p style=\"text-align: justify;\"><b>Une \u00e9chapp\u00e9e\u00a0vaine :\u00a0<\/b>Thomas de Gendt et Thomas Scully ont \u00e9t\u00e9 les premiers \u00e0 r\u00e9ussir \u00e0 s&rsquo;\u00e9chapper et \u00e0 cr\u00e9er un \u00e9cart avec le peloton. Ils ont \u00e9t\u00e9 rejoint \u00e0 140 kilom\u00e8tres de l&rsquo;arriv\u00e9e par\u00a0Dimitri Claeys et Michael Sch\u00e4r. Le peloton ne leur a jamais laiss\u00e9 prendre plus de 2 minutes d&rsquo;avance et leur aventure s&rsquo;est achev\u00e9e \u00e0 une vingtaine de kilom\u00e8tres de l&rsquo;arriv\u00e9e pour trois d&rsquo;entre eux.\u00a0Michael Sch\u00e4r a tent\u00e9 un baroud d&rsquo;honneur mais c&rsquo;\u00e9tait peine perdue.<\/p>\n<p style=\"text-align: justify;\"><strong>Un sprint interm\u00e9diaire pour se d\u00e9gourdir les jambes :\u00a0<\/strong>Le suspense pour le maillot vert est inexistant. Si Peter Sagan va au bout de ce Tour de France, il remportera pour la 6\u00e8me fois ce classement. Pour la forme et se d\u00e9gourdir les jambes, les sprinteurs se sont quand m\u00eame disput\u00e9s la 5\u00e8me place de ce sprint interm\u00e9diaire.\u00a0Alexander Kristoff a devanc\u00e9\u00a0John Degenkolb et Peter Sagan.<\/p>\n<p style=\"text-align: justify;\"><strong>Vincenzo Nibali, non partant :\u00a0<\/strong>Comme annonc\u00e9 hier dans la soir\u00e9e, Vincenzo Nibali n&rsquo;a pas pris le d\u00e9part de cette 13\u00e8me \u00e9tape. Le Tour de France perd le 4\u00e8me du classement g\u00e9n\u00e9ral qui a chut\u00e9 dans l&rsquo;Alpe d&rsquo;Huez, la faute \u00e0 une lani\u00e8re d&rsquo;un spectateur, trop proche des coureurs.<\/p>\n<p><em><strong>F<\/strong><\/em><em><strong>lo Ostermann<br \/>\n<a href=\"https:\/\/www.facebook.com\/florent.ostermann\"><img loading=\"lazy\" decoding=\"async\" class=\"alignnone wp-image-2909\" src=\"http:\/\/dicodusport.fr\/blog\/wp-content\/uploads\/2017\/07\/logo-facebook-150x150.png\" sizes=\"auto, (max-width: 40px) 100vw, 40px\" srcset=\"https:\/\/dicodusport.fr\/blog\/wp-content\/uploads\/2017\/07\/logo-facebook-150x150.png 150w, https:\/\/dicodusport.fr\/blog\/wp-content\/uploads\/2017\/07\/logo-facebook-300x300.png 300w, https:\/\/dicodusport.fr\/blog\/wp-content\/uploads\/2017\/07\/logo-facebook.png 400w\" alt=\"\" width=\"40\" height=\"40\" \/><\/a><a href=\"https:\/\/twitter.com\/SportInsideMag\"><img loading=\"lazy\" decoding=\"async\" class=\"alignnone wp-image-2908\" src=\"http:\/\/dicodusport.fr\/blog\/wp-content\/uploads\/2017\/07\/logo-twitter-150x150.png\" alt=\"\" width=\"39\" height=\"39\" \/><\/a><\/strong><\/em><\/p>\n","protected":false},"excerpt":{"rendered":"<p>C&rsquo;est Peter Sagan qui s&rsquo;impose \u00e0 Valence devant\u00a0Alexander Kristoff et Arnaud D\u00e9mare . Voici ce qu&rsquo;il faut retenir de cette\u00a0treizi\u00e8me \u00e9tape \u00e9tape.<\/p>\n","protected":false},"author":1,"featured_media":22324,"comment_status":"open","ping_status":"closed","sticky":false,"template":"","format":"standard","meta":{"_acf_changed":false,"_daextam_enable_autolinks":"","footnotes":""},"categories":[2,2307,46995],"tags":[574,4373,982,1262,2100],"class_list":["post-22320","post","type-post","status-publish","format-standard","has-post-thumbnail","hentry","category-actualites","category-cyclisme","category-tour-de-france","tag-cyclisme","tag-sagan","tag-sprint","tag-tour-de-france","tag-valence"],"acf":[],"yoast_head":"<!-- This site is optimized with the Yoast SEO Premium plugin v26.7 (Yoast SEO v26.7) - https:\/\/yoast.com\/wordpress\/plugins\/seo\/ -->\n<title>Tour de France : Sagan, ennui, Nibali, ce qu&#039;il faut retenir de la 13\u00e8me \u00e9tape<\/title>\n<meta name=\"description\" content=\"C&#039;est Peter Sagan qui s&#039;impose \u00e0 Valence devant\u00a0Alexander Kristoff et Arnaud D\u00e9mare . Voici ce qu&#039;il faut retenir de cette\u00a0treizi\u00e8me \u00e9tape \u00e9tape.\" \/>\n<meta name=\"robots\" content=\"index, follow, max-snippet:-1, max-image-preview:large, max-video-preview:-1\" \/>\n<link rel=\"canonical\" href=\"https:\/\/dicodusport.fr\/blog\/tour-de-france-sagan-ennui-nibali-ce-quil-faut-retenir-de-la-13eme-etape\/\" \/>\n<meta property=\"og:locale\" content=\"fr_FR\" \/>\n<meta property=\"og:type\" content=\"article\" \/>\n<meta property=\"og:title\" content=\"Tour de France : Sagan, ennui, Nibali, ce qu&#039;il faut retenir de la 13\u00e8me \u00e9tape\" \/>\n<meta property=\"og:description\" content=\"C&#039;est Peter Sagan qui s&#039;impose \u00e0 Valence devant\u00a0Alexander Kristoff et Arnaud D\u00e9mare . Voici ce qu&#039;il faut retenir de cette\u00a0treizi\u00e8me \u00e9tape \u00e9tape.\" \/>\n<meta property=\"og:url\" content=\"https:\/\/dicodusport.fr\/blog\/tour-de-france-sagan-ennui-nibali-ce-quil-faut-retenir-de-la-13eme-etape\/\" \/>\n<meta property=\"og:site_name\" content=\"Dicodusport\" \/>\n<meta property=\"article:publisher\" content=\"https:\/\/www.facebook.com\/dicodusport\" \/>\n<meta property=\"article:author\" content=\"https:\/\/www.facebook.com\/dicodusport\" \/>\n<meta property=\"article:published_time\" content=\"2018-07-20T15:41:06+00:00\" \/>\n<meta property=\"article:modified_time\" content=\"2018-07-20T18:57:02+00:00\" \/>\n<meta property=\"og:image\" content=\"https:\/\/dicodusport.fr\/blog\/wp-content\/uploads\/2018\/07\/Peter-Sagan-Valence.png\" \/>\n\t<meta property=\"og:image:width\" content=\"800\" \/>\n\t<meta property=\"og:image:height\" content=\"445\" \/>\n\t<meta property=\"og:image:type\" content=\"image\/png\" \/>\n<meta name=\"author\" content=\"Nicolas Jacquemard\" \/>\n<meta name=\"twitter:card\" content=\"summary_large_image\" \/>\n<meta name=\"twitter:creator\" content=\"@https:\/\/twitter.com\/Nico_Jacquemard\" \/>\n<meta name=\"twitter:site\" content=\"@dicodusport\" \/>\n<script type=\"application\/ld+json\" class=\"yoast-schema-graph\">{\"@context\":\"https:\/\/schema.org\",\"@graph\":[{\"@type\":\"NewsArticle\",\"@id\":\"https:\/\/dicodusport.fr\/blog\/tour-de-france-sagan-ennui-nibali-ce-quil-faut-retenir-de-la-13eme-etape\/#article\",\"isPartOf\":{\"@id\":\"https:\/\/dicodusport.fr\/blog\/tour-de-france-sagan-ennui-nibali-ce-quil-faut-retenir-de-la-13eme-etape\/\"},\"author\":{\"name\":\"Nicolas Jacquemard\",\"@id\":\"https:\/\/dicodusport.fr\/blog\/#\/schema\/person\/55dcb50ad410894e431ed812bbb70191\"},\"headline\":\"Tour de France : Sagan, ennui, Nibali, ce qu&rsquo;il faut retenir de la 13\u00e8me \u00e9tape\",\"datePublished\":\"2018-07-20T15:41:06+00:00\",\"dateModified\":\"2018-07-20T18:57:02+00:00\",\"mainEntityOfPage\":{\"@id\":\"https:\/\/dicodusport.fr\/blog\/tour-de-france-sagan-ennui-nibali-ce-quil-faut-retenir-de-la-13eme-etape\/\"},\"wordCount\":316,\"commentCount\":1,\"publisher\":{\"@id\":\"https:\/\/dicodusport.fr\/blog\/#organization\"},\"image\":{\"@id\":\"https:\/\/dicodusport.fr\/blog\/tour-de-france-sagan-ennui-nibali-ce-quil-faut-retenir-de-la-13eme-etape\/#primaryimage\"},\"thumbnailUrl\":\"https:\/\/dicodusport.fr\/blog\/wp-content\/uploads\/2018\/07\/Peter-Sagan-Valence.png\",\"keywords\":[\"Cyclisme\",\"Sagan\",\"sprint\",\"Tour de France\",\"valence\"],\"articleSection\":[\"Actualit\u00e9s\",\"Cyclisme\",\"Tour de France\"],\"inLanguage\":\"fr-FR\",\"potentialAction\":[{\"@type\":\"CommentAction\",\"name\":\"Comment\",\"target\":[\"https:\/\/dicodusport.fr\/blog\/tour-de-france-sagan-ennui-nibali-ce-quil-faut-retenir-de-la-13eme-etape\/#respond\"]}],\"copyrightYear\":\"2018\",\"copyrightHolder\":{\"@id\":\"https:\/\/dicodusport.fr\/blog\/#organization\"}},{\"@type\":\"WebPage\",\"@id\":\"https:\/\/dicodusport.fr\/blog\/tour-de-france-sagan-ennui-nibali-ce-quil-faut-retenir-de-la-13eme-etape\/\",\"url\":\"https:\/\/dicodusport.fr\/blog\/tour-de-france-sagan-ennui-nibali-ce-quil-faut-retenir-de-la-13eme-etape\/\",\"name\":\"Tour de France : Sagan, ennui, Nibali, ce qu'il faut retenir de la 13\u00e8me \u00e9tape\",\"isPartOf\":{\"@id\":\"https:\/\/dicodusport.fr\/blog\/#website\"},\"primaryImageOfPage\":{\"@id\":\"https:\/\/dicodusport.fr\/blog\/tour-de-france-sagan-ennui-nibali-ce-quil-faut-retenir-de-la-13eme-etape\/#primaryimage\"},\"image\":{\"@id\":\"https:\/\/dicodusport.fr\/blog\/tour-de-france-sagan-ennui-nibali-ce-quil-faut-retenir-de-la-13eme-etape\/#primaryimage\"},\"thumbnailUrl\":\"https:\/\/dicodusport.fr\/blog\/wp-content\/uploads\/2018\/07\/Peter-Sagan-Valence.png\",\"datePublished\":\"2018-07-20T15:41:06+00:00\",\"dateModified\":\"2018-07-20T18:57:02+00:00\",\"description\":\"C'est Peter Sagan qui s'impose \u00e0 Valence devant\u00a0Alexander Kristoff et Arnaud D\u00e9mare . Voici ce qu'il faut retenir de cette\u00a0treizi\u00e8me \u00e9tape \u00e9tape.\",\"breadcrumb\":{\"@id\":\"https:\/\/dicodusport.fr\/blog\/tour-de-france-sagan-ennui-nibali-ce-quil-faut-retenir-de-la-13eme-etape\/#breadcrumb\"},\"inLanguage\":\"fr-FR\",\"potentialAction\":[{\"@type\":\"ReadAction\",\"target\":[\"https:\/\/dicodusport.fr\/blog\/tour-de-france-sagan-ennui-nibali-ce-quil-faut-retenir-de-la-13eme-etape\/\"]}]},{\"@type\":\"ImageObject\",\"inLanguage\":\"fr-FR\",\"@id\":\"https:\/\/dicodusport.fr\/blog\/tour-de-france-sagan-ennui-nibali-ce-quil-faut-retenir-de-la-13eme-etape\/#primaryimage\",\"url\":\"https:\/\/dicodusport.fr\/blog\/wp-content\/uploads\/2018\/07\/Peter-Sagan-Valence.png\",\"contentUrl\":\"https:\/\/dicodusport.fr\/blog\/wp-content\/uploads\/2018\/07\/Peter-Sagan-Valence.png\",\"width\":800,\"height\":445,\"caption\":\"Peter Sagan Valence\"},{\"@type\":\"BreadcrumbList\",\"@id\":\"https:\/\/dicodusport.fr\/blog\/tour-de-france-sagan-ennui-nibali-ce-quil-faut-retenir-de-la-13eme-etape\/#breadcrumb\",\"itemListElement\":[{\"@type\":\"ListItem\",\"position\":1,\"name\":\"Accueil\",\"item\":\"https:\/\/dicodusport.fr\/blog\/\"},{\"@type\":\"ListItem\",\"position\":2,\"name\":\"Tour de France : Sagan, ennui, Nibali, ce qu&rsquo;il faut retenir de la 13\u00e8me \u00e9tape\"}]},{\"@type\":\"WebSite\",\"@id\":\"https:\/\/dicodusport.fr\/blog\/#website\",\"url\":\"https:\/\/dicodusport.fr\/blog\/\",\"name\":\"Dicodusport\",\"description\":\"L&#039;encyclop\u00e9die de l&#039;actualit\u00e9 sportive\",\"publisher\":{\"@id\":\"https:\/\/dicodusport.fr\/blog\/#organization\"},\"potentialAction\":[{\"@type\":\"SearchAction\",\"target\":{\"@type\":\"EntryPoint\",\"urlTemplate\":\"https:\/\/dicodusport.fr\/blog\/?s={search_term_string}\"},\"query-input\":{\"@type\":\"PropertyValueSpecification\",\"valueRequired\":true,\"valueName\":\"search_term_string\"}}],\"inLanguage\":\"fr-FR\"},{\"@type\":\"NewsMediaOrganization\",\"@id\":\"https:\/\/dicodusport.fr\/blog\/#organization\",\"name\":\"Dicodusport\",\"url\":\"https:\/\/dicodusport.fr\/blog\/\",\"logo\":{\"@type\":\"ImageObject\",\"inLanguage\":\"fr-FR\",\"@id\":\"https:\/\/dicodusport.fr\/blog\/#\/schema\/logo\/image\/\",\"url\":\"https:\/\/dicodusport.fr\/blog\/wp-content\/uploads\/2020\/06\/cropped-LOGO-DICODUSPORT-2020-SANS-FOND-SANS-TEXTE.png\",\"contentUrl\":\"https:\/\/dicodusport.fr\/blog\/wp-content\/uploads\/2020\/06\/cropped-LOGO-DICODUSPORT-2020-SANS-FOND-SANS-TEXTE.png\",\"width\":512,\"height\":512,\"caption\":\"Dicodusport\"},\"image\":{\"@id\":\"https:\/\/dicodusport.fr\/blog\/#\/schema\/logo\/image\/\"},\"sameAs\":[\"https:\/\/www.facebook.com\/dicodusport\",\"https:\/\/x.com\/dicodusport\",\"https:\/\/www.instagram.com\/dicodusport\/\",\"https:\/\/www.youtube.com\/channel\/UC7V2KZ5sd3htJivAbA4ZG3w\"],\"description\":\"Dicodusport est l'encyclop\u00e9die de l'actualit\u00e9 sportive.\",\"email\":\"bonjour@dicodusport.fr\",\"legalName\":\"DICODUSPORT\",\"foundingDate\":\"2018-01-14\",\"vatID\":\"FR71834470973\",\"taxID\":\"83447097300043\",\"numberOfEmployees\":{\"@type\":\"QuantitativeValue\",\"minValue\":\"1\",\"maxValue\":\"10\"}},{\"@type\":\"Person\",\"@id\":\"https:\/\/dicodusport.fr\/blog\/#\/schema\/person\/55dcb50ad410894e431ed812bbb70191\",\"name\":\"Nicolas Jacquemard\",\"image\":{\"@type\":\"ImageObject\",\"inLanguage\":\"fr-FR\",\"@id\":\"https:\/\/dicodusport.fr\/blog\/#\/schema\/person\/image\/\",\"url\":\"https:\/\/dicodusport.fr\/blog\/wp-content\/uploads\/2021\/05\/Nicolas-Jacquemard-150x150.jpeg\",\"contentUrl\":\"https:\/\/dicodusport.fr\/blog\/wp-content\/uploads\/2021\/05\/Nicolas-Jacquemard-150x150.jpeg\",\"caption\":\"Nicolas Jacquemard\"},\"description\":\"Passionn\u00e9 de sport et entrepreneur depuis mes 18 ans, la cr\u00e9ation de Dicodusport m'a sembl\u00e9 \u00e9vidente pour participer \u00e0 la m\u00e9diatisation d'un plus grand nombre de sports. Le chemin est long mais avec une \u00e9quipe des plus motiv\u00e9es et les Jeux Olympiques de Paris 2024 en point de mire, nous y arriverons ! Journaliste dans le monde du sport depuis plus de 5 ans, je traite aussi bien de football, de rugby, de biathlon que de cyclisme.\",\"sameAs\":[\"https:\/\/www.facebook.com\/dicodusport\",\"https:\/\/x.com\/https:\/\/twitter.com\/Nico_Jacquemard\"],\"url\":\"https:\/\/dicodusport.fr\/blog\/author\/dicodusport\/\"}]}<\/script>\n<!-- \/ Yoast SEO Premium plugin. -->","yoast_head_json":{"title":"Tour de France : Sagan, ennui, Nibali, ce qu'il faut retenir de la 13\u00e8me \u00e9tape","description":"C'est Peter Sagan qui s'impose \u00e0 Valence devant\u00a0Alexander Kristoff et Arnaud D\u00e9mare . Voici ce qu'il faut retenir de cette\u00a0treizi\u00e8me \u00e9tape \u00e9tape.","robots":{"index":"index","follow":"follow","max-snippet":"max-snippet:-1","max-image-preview":"max-image-preview:large","max-video-preview":"max-video-preview:-1"},"canonical":"https:\/\/dicodusport.fr\/blog\/tour-de-france-sagan-ennui-nibali-ce-quil-faut-retenir-de-la-13eme-etape\/","og_locale":"fr_FR","og_type":"article","og_title":"Tour de France : Sagan, ennui, Nibali, ce qu'il faut retenir de la 13\u00e8me \u00e9tape","og_description":"C'est Peter Sagan qui s'impose \u00e0 Valence devant\u00a0Alexander Kristoff et Arnaud D\u00e9mare . Voici ce qu'il faut retenir de cette\u00a0treizi\u00e8me \u00e9tape \u00e9tape.","og_url":"https:\/\/dicodusport.fr\/blog\/tour-de-france-sagan-ennui-nibali-ce-quil-faut-retenir-de-la-13eme-etape\/","og_site_name":"Dicodusport","article_publisher":"https:\/\/www.facebook.com\/dicodusport","article_author":"https:\/\/www.facebook.com\/dicodusport","article_published_time":"2018-07-20T15:41:06+00:00","article_modified_time":"2018-07-20T18:57:02+00:00","og_image":[{"width":800,"height":445,"url":"https:\/\/dicodusport.fr\/blog\/wp-content\/uploads\/2018\/07\/Peter-Sagan-Valence.png","type":"image\/png"}],"author":"Nicolas Jacquemard","twitter_card":"summary_large_image","twitter_creator":"@https:\/\/twitter.com\/Nico_Jacquemard","twitter_site":"@dicodusport","schema":{"@context":"https:\/\/schema.org","@graph":[{"@type":"NewsArticle","@id":"https:\/\/dicodusport.fr\/blog\/tour-de-france-sagan-ennui-nibali-ce-quil-faut-retenir-de-la-13eme-etape\/#article","isPartOf":{"@id":"https:\/\/dicodusport.fr\/blog\/tour-de-france-sagan-ennui-nibali-ce-quil-faut-retenir-de-la-13eme-etape\/"},"author":{"name":"Nicolas Jacquemard","@id":"https:\/\/dicodusport.fr\/blog\/#\/schema\/person\/55dcb50ad410894e431ed812bbb70191"},"headline":"Tour de France : Sagan, ennui, Nibali, ce qu&rsquo;il faut retenir de la 13\u00e8me \u00e9tape","datePublished":"2018-07-20T15:41:06+00:00","dateModified":"2018-07-20T18:57:02+00:00","mainEntityOfPage":{"@id":"https:\/\/dicodusport.fr\/blog\/tour-de-france-sagan-ennui-nibali-ce-quil-faut-retenir-de-la-13eme-etape\/"},"wordCount":316,"commentCount":1,"publisher":{"@id":"https:\/\/dicodusport.fr\/blog\/#organization"},"image":{"@id":"https:\/\/dicodusport.fr\/blog\/tour-de-france-sagan-ennui-nibali-ce-quil-faut-retenir-de-la-13eme-etape\/#primaryimage"},"thumbnailUrl":"https:\/\/dicodusport.fr\/blog\/wp-content\/uploads\/2018\/07\/Peter-Sagan-Valence.png","keywords":["Cyclisme","Sagan","sprint","Tour de France","valence"],"articleSection":["Actualit\u00e9s","Cyclisme","Tour de France"],"inLanguage":"fr-FR","potentialAction":[{"@type":"CommentAction","name":"Comment","target":["https:\/\/dicodusport.fr\/blog\/tour-de-france-sagan-ennui-nibali-ce-quil-faut-retenir-de-la-13eme-etape\/#respond"]}],"copyrightYear":"2018","copyrightHolder":{"@id":"https:\/\/dicodusport.fr\/blog\/#organization"}},{"@type":"WebPage","@id":"https:\/\/dicodusport.fr\/blog\/tour-de-france-sagan-ennui-nibali-ce-quil-faut-retenir-de-la-13eme-etape\/","url":"https:\/\/dicodusport.fr\/blog\/tour-de-france-sagan-ennui-nibali-ce-quil-faut-retenir-de-la-13eme-etape\/","name":"Tour de France : Sagan, ennui, Nibali, ce qu'il faut retenir de la 13\u00e8me \u00e9tape","isPartOf":{"@id":"https:\/\/dicodusport.fr\/blog\/#website"},"primaryImageOfPage":{"@id":"https:\/\/dicodusport.fr\/blog\/tour-de-france-sagan-ennui-nibali-ce-quil-faut-retenir-de-la-13eme-etape\/#primaryimage"},"image":{"@id":"https:\/\/dicodusport.fr\/blog\/tour-de-france-sagan-ennui-nibali-ce-quil-faut-retenir-de-la-13eme-etape\/#primaryimage"},"thumbnailUrl":"https:\/\/dicodusport.fr\/blog\/wp-content\/uploads\/2018\/07\/Peter-Sagan-Valence.png","datePublished":"2018-07-20T15:41:06+00:00","dateModified":"2018-07-20T18:57:02+00:00","description":"C'est Peter Sagan qui s'impose \u00e0 Valence devant\u00a0Alexander Kristoff et Arnaud D\u00e9mare . Voici ce qu'il faut retenir de cette\u00a0treizi\u00e8me \u00e9tape \u00e9tape.","breadcrumb":{"@id":"https:\/\/dicodusport.fr\/blog\/tour-de-france-sagan-ennui-nibali-ce-quil-faut-retenir-de-la-13eme-etape\/#breadcrumb"},"inLanguage":"fr-FR","potentialAction":[{"@type":"ReadAction","target":["https:\/\/dicodusport.fr\/blog\/tour-de-france-sagan-ennui-nibali-ce-quil-faut-retenir-de-la-13eme-etape\/"]}]},{"@type":"ImageObject","inLanguage":"fr-FR","@id":"https:\/\/dicodusport.fr\/blog\/tour-de-france-sagan-ennui-nibali-ce-quil-faut-retenir-de-la-13eme-etape\/#primaryimage","url":"https:\/\/dicodusport.fr\/blog\/wp-content\/uploads\/2018\/07\/Peter-Sagan-Valence.png","contentUrl":"https:\/\/dicodusport.fr\/blog\/wp-content\/uploads\/2018\/07\/Peter-Sagan-Valence.png","width":800,"height":445,"caption":"Peter Sagan Valence"},{"@type":"BreadcrumbList","@id":"https:\/\/dicodusport.fr\/blog\/tour-de-france-sagan-ennui-nibali-ce-quil-faut-retenir-de-la-13eme-etape\/#breadcrumb","itemListElement":[{"@type":"ListItem","position":1,"name":"Accueil","item":"https:\/\/dicodusport.fr\/blog\/"},{"@type":"ListItem","position":2,"name":"Tour de France : Sagan, ennui, Nibali, ce qu&rsquo;il faut retenir de la 13\u00e8me \u00e9tape"}]},{"@type":"WebSite","@id":"https:\/\/dicodusport.fr\/blog\/#website","url":"https:\/\/dicodusport.fr\/blog\/","name":"Dicodusport","description":"L&#039;encyclop\u00e9die de l&#039;actualit\u00e9 sportive","publisher":{"@id":"https:\/\/dicodusport.fr\/blog\/#organization"},"potentialAction":[{"@type":"SearchAction","target":{"@type":"EntryPoint","urlTemplate":"https:\/\/dicodusport.fr\/blog\/?s={search_term_string}"},"query-input":{"@type":"PropertyValueSpecification","valueRequired":true,"valueName":"search_term_string"}}],"inLanguage":"fr-FR"},{"@type":"NewsMediaOrganization","@id":"https:\/\/dicodusport.fr\/blog\/#organization","name":"Dicodusport","url":"https:\/\/dicodusport.fr\/blog\/","logo":{"@type":"ImageObject","inLanguage":"fr-FR","@id":"https:\/\/dicodusport.fr\/blog\/#\/schema\/logo\/image\/","url":"https:\/\/dicodusport.fr\/blog\/wp-content\/uploads\/2020\/06\/cropped-LOGO-DICODUSPORT-2020-SANS-FOND-SANS-TEXTE.png","contentUrl":"https:\/\/dicodusport.fr\/blog\/wp-content\/uploads\/2020\/06\/cropped-LOGO-DICODUSPORT-2020-SANS-FOND-SANS-TEXTE.png","width":512,"height":512,"caption":"Dicodusport"},"image":{"@id":"https:\/\/dicodusport.fr\/blog\/#\/schema\/logo\/image\/"},"sameAs":["https:\/\/www.facebook.com\/dicodusport","https:\/\/x.com\/dicodusport","https:\/\/www.instagram.com\/dicodusport\/","https:\/\/www.youtube.com\/channel\/UC7V2KZ5sd3htJivAbA4ZG3w"],"description":"Dicodusport est l'encyclop\u00e9die de l'actualit\u00e9 sportive.","email":"bonjour@dicodusport.fr","legalName":"DICODUSPORT","foundingDate":"2018-01-14","vatID":"FR71834470973","taxID":"83447097300043","numberOfEmployees":{"@type":"QuantitativeValue","minValue":"1","maxValue":"10"}},{"@type":"Person","@id":"https:\/\/dicodusport.fr\/blog\/#\/schema\/person\/55dcb50ad410894e431ed812bbb70191","name":"Nicolas Jacquemard","image":{"@type":"ImageObject","inLanguage":"fr-FR","@id":"https:\/\/dicodusport.fr\/blog\/#\/schema\/person\/image\/","url":"https:\/\/dicodusport.fr\/blog\/wp-content\/uploads\/2021\/05\/Nicolas-Jacquemard-150x150.jpeg","contentUrl":"https:\/\/dicodusport.fr\/blog\/wp-content\/uploads\/2021\/05\/Nicolas-Jacquemard-150x150.jpeg","caption":"Nicolas Jacquemard"},"description":"Passionn\u00e9 de sport et entrepreneur depuis mes 18 ans, la cr\u00e9ation de Dicodusport m'a sembl\u00e9 \u00e9vidente pour participer \u00e0 la m\u00e9diatisation d'un plus grand nombre de sports. Le chemin est long mais avec une \u00e9quipe des plus motiv\u00e9es et les Jeux Olympiques de Paris 2024 en point de mire, nous y arriverons ! Journaliste dans le monde du sport depuis plus de 5 ans, je traite aussi bien de football, de rugby, de biathlon que de cyclisme.","sameAs":["https:\/\/www.facebook.com\/dicodusport","https:\/\/x.com\/https:\/\/twitter.com\/Nico_Jacquemard"],"url":"https:\/\/dicodusport.fr\/blog\/author\/dicodusport\/"}]}},"_links":{"self":[{"href":"https:\/\/dicodusport.fr\/blog\/wp-json\/wp\/v2\/posts\/22320","targetHints":{"allow":["GET"]}}],"collection":[{"href":"https:\/\/dicodusport.fr\/blog\/wp-json\/wp\/v2\/posts"}],"about":[{"href":"https:\/\/dicodusport.fr\/blog\/wp-json\/wp\/v2\/types\/post"}],"author":[{"embeddable":true,"href":"https:\/\/dicodusport.fr\/blog\/wp-json\/wp\/v2\/users\/1"}],"replies":[{"embeddable":true,"href":"https:\/\/dicodusport.fr\/blog\/wp-json\/wp\/v2\/comments?post=22320"}],"version-history":[{"count":0,"href":"https:\/\/dicodusport.fr\/blog\/wp-json\/wp\/v2\/posts\/22320\/revisions"}],"wp:featuredmedia":[{"embeddable":true,"href":"https:\/\/dicodusport.fr\/blog\/wp-json\/wp\/v2\/media\/22324"}],"wp:attachment":[{"href":"https:\/\/dicodusport.fr\/blog\/wp-json\/wp\/v2\/media?parent=22320"}],"wp:term":[{"taxonomy":"category","embeddable":true,"href":"https:\/\/dicodusport.fr\/blog\/wp-json\/wp\/v2\/categories?post=22320"},{"taxonomy":"post_tag","embeddable":true,"href":"https:\/\/dicodusport.fr\/blog\/wp-json\/wp\/v2\/tags?post=22320"}],"curies":[{"name":"wp","href":"https:\/\/api.w.org\/{rel}","templated":true}]}}