{"id":223299,"date":"2022-05-13T15:41:46","date_gmt":"2022-05-13T13:41:46","guid":{"rendered":"https:\/\/dicodusport.fr\/blog\/?p=223299&#038;preview=true&#038;preview_id=223299"},"modified":"2022-05-13T15:41:46","modified_gmt":"2022-05-13T13:41:46","slug":"damien-chouly-jai-deux-trois-pistes-ici-et-ailleurs","status":"publish","type":"post","link":"https:\/\/dicodusport.fr\/blog\/damien-chouly-jai-deux-trois-pistes-ici-et-ailleurs\/","title":{"rendered":"Damien Chouly : \u00ab\u00a0J\u2019ai deux, trois pistes ici et ailleurs\u00a0\u00bb"},"content":{"rendered":"<p style=\"text-align: justify;\"><b><i>RUGBY \u00c0 XV &#8211; Damien Chouly (USAP) a confirm\u00e9 ce vendredi qu&rsquo;il mettrait un terme \u00e0 sa carri\u00e8re de joueur professionnel, \u00e0 la fin de cette saison. <\/i><\/b><\/p>\n<p style=\"text-align: justify;\">\u00c0 36 ans, le troisi\u00e8me ligne de Perpignan, <strong>Damien Chouly<\/strong>, a d\u00e9cid\u00e9 de mettre un terme \u00e0 sa carri\u00e8re. L&rsquo;ancien international, qui compte 46 s\u00e9lections avec le XV de France, s&rsquo;est expliqu\u00e9 pour nos confr\u00e8res de <em>RMC Sport<\/em>.<\/p>\n<blockquote>\n<p style=\"text-align: justify;\">Ce n\u2019\u00e9tait pas facile puisque c\u2019est quelque chose d\u2019important bien s\u00fbr. Cette d\u00e9cision acte la fin de quelque chose qui aura dur\u00e9 18 ans au niveau professionnel. Forc\u00e9ment, ce n\u2019\u00e9tait pas simple. Cela a muri pendant toute cette saison et je suis arriv\u00e9 \u00e0 la conclusion que c\u2019\u00e9tait le bon moment pour arr\u00eater.<\/p>\n<\/blockquote>\n<p style=\"text-align: justify;\">Pour sa reconversion, <strong>Damien Chouly<\/strong> a des propositions, mais n&rsquo;a pour le moment pas d\u00e9cid\u00e9 de sa prochaine destination.<\/p>\n<blockquote>\n<p style=\"text-align: justify;\">Rien n\u2019est arr\u00eat\u00e9. Pour l\u2019instant, je ne veux pas me projeter. Je voulais juste annoncer la fin de ma carri\u00e8re pour \u00eatre un peu lib\u00e9r\u00e9, puisqu\u2019il y avait beaucoup de questions autour de cela. Je peux maintenant me concentrer \u00e0 200% sur la fin du championnat. On va avoir beaucoup de pression et la survie du club en Top 14 en d\u00e9pend. Pour la reconversion, on verra \u00e7a apr\u00e8s. Je ne me prends pas la t\u00eate. Je vais d\u00e9j\u00e0 souffler et apr\u00e8s on en reparlera. C\u2019est la cadence, l\u2019enchainement de tous les week-ends qui est pesant. Aujourd\u2019hui, c\u2019est trop t\u00f4t. J\u2019ai deux, trois pistes ici et ailleurs. On en parle tous les jours avec ma compagne, et je ne veux pas me pr\u00e9cipiter. J\u2019ai la chance d\u2019avoir des opportunit\u00e9s et je veux prendre la bonne d\u00e9cision. Je ne veux pas tout m\u00e9langer aujourd\u2019hui.<\/p>\n<\/blockquote>\n<blockquote class=\"twitter-tweet\">\n<p dir=\"ltr\" lang=\"fr\">Perpignan : \u00ab\u00a0Le bon moment pour arr\u00eater\u00a0\u00bb, confie Damien Chouly \u00e0 \u2066\u2066<a href=\"https:\/\/twitter.com\/RMCsport?ref_src=twsrc%5Etfw\">@RMCsport<\/a>\u2069 sur sa retraite en fin de saison <a href=\"https:\/\/t.co\/gLjYF3CU07\">https:\/\/t.co\/gLjYF3CU07<\/a> via <a href=\"https:\/\/twitter.com\/RMCsport?ref_src=twsrc%5Etfw\">@RMCSport<\/a><\/p>\n<p>\u2014 JF Paturaud (@JFPaturaud) <a href=\"https:\/\/twitter.com\/JFPaturaud\/status\/1525098572068360194?ref_src=twsrc%5Etfw\">May 13, 2022<\/a><\/p><\/blockquote>\n<p style=\"text-align: justify;\"><script async src=\"https:\/\/platform.twitter.com\/widgets.js\" charset=\"utf-8\"><\/script><\/p>\n","protected":false},"excerpt":{"rendered":"<p>RUGBY \u00c0 XV &#8211; Damien Chouly (USAP) a confirm\u00e9 ce vendredi qu&rsquo;il mettrait un terme \u00e0 sa carri\u00e8re de joueur professionnel, \u00e0 la fin de cette saison.<\/p>\n","protected":false},"author":1,"featured_media":223304,"comment_status":"open","ping_status":"closed","sticky":false,"template":"","format":"standard","meta":{"_acf_changed":false,"_daextam_enable_autolinks":"","footnotes":""},"categories":[47050],"tags":[4765],"class_list":["post-223299","post","type-post","status-publish","format-standard","has-post-thumbnail","hentry","category-top-14","tag-usap"],"acf":[],"yoast_head":"<!-- This site is optimized with the Yoast SEO Premium plugin v26.7 (Yoast SEO v26.7) - https:\/\/yoast.com\/wordpress\/plugins\/seo\/ -->\n<title>- Damien Chouly : &quot;J\u2019ai deux, trois pistes ici et ailleurs&quot; - Dicodusport<\/title>\n<meta name=\"description\" content=\"RUGBY \u00c0 XV - Damien Chouly a confirm\u00e9 ce vendredi qu&#039;il mettrait un terme \u00e0 sa carri\u00e8re de joueur professionnel \u00e0 la fin de cette saison.\" \/>\n<meta name=\"robots\" content=\"index, follow, max-snippet:-1, max-image-preview:large, max-video-preview:-1\" \/>\n<link rel=\"canonical\" href=\"https:\/\/dicodusport.fr\/blog\/damien-chouly-jai-deux-trois-pistes-ici-et-ailleurs\/\" \/>\n<meta property=\"og:locale\" content=\"fr_FR\" \/>\n<meta property=\"og:type\" content=\"article\" \/>\n<meta property=\"og:title\" content=\"Damien Chouly : &quot;J\u2019ai deux, trois pistes ici et ailleurs&quot;\" \/>\n<meta property=\"og:description\" content=\"RUGBY \u00c0 XV - Damien Chouly a confirm\u00e9 ce vendredi qu&#039;il mettrait un terme \u00e0 sa carri\u00e8re de joueur professionnel \u00e0 la fin de cette saison.\" \/>\n<meta property=\"og:url\" content=\"https:\/\/dicodusport.fr\/blog\/damien-chouly-jai-deux-trois-pistes-ici-et-ailleurs\/\" \/>\n<meta property=\"og:site_name\" content=\"Dicodusport\" \/>\n<meta property=\"article:publisher\" content=\"https:\/\/www.facebook.com\/dicodusport\" \/>\n<meta property=\"article:author\" content=\"https:\/\/www.facebook.com\/dicodusport\" \/>\n<meta property=\"article:published_time\" content=\"2022-05-13T13:41:46+00:00\" \/>\n<meta property=\"og:image\" content=\"https:\/\/dicodusport.fr\/blog\/wp-content\/uploads\/2022\/05\/Damien-Chouly-Jai-deux-trois-pistes-ici-et-ailleurs.png\" \/>\n\t<meta property=\"og:image:width\" content=\"800\" \/>\n\t<meta property=\"og:image:height\" content=\"445\" \/>\n\t<meta property=\"og:image:type\" content=\"image\/png\" \/>\n<meta name=\"author\" content=\"Nicolas Jacquemard\" \/>\n<meta name=\"twitter:card\" content=\"summary_large_image\" \/>\n<meta name=\"twitter:title\" content=\"Damien Chouly : &quot;J\u2019ai deux, trois pistes ici et ailleurs&quot;\" \/>\n<meta name=\"twitter:creator\" content=\"@https:\/\/twitter.com\/Nico_Jacquemard\" \/>\n<meta name=\"twitter:site\" content=\"@dicodusport\" \/>\n<script type=\"application\/ld+json\" class=\"yoast-schema-graph\">{\"@context\":\"https:\/\/schema.org\",\"@graph\":[{\"@type\":\"NewsArticle\",\"@id\":\"https:\/\/dicodusport.fr\/blog\/damien-chouly-jai-deux-trois-pistes-ici-et-ailleurs\/#article\",\"isPartOf\":{\"@id\":\"https:\/\/dicodusport.fr\/blog\/damien-chouly-jai-deux-trois-pistes-ici-et-ailleurs\/\"},\"author\":{\"name\":\"Nicolas Jacquemard\",\"@id\":\"https:\/\/dicodusport.fr\/blog\/#\/schema\/person\/55dcb50ad410894e431ed812bbb70191\"},\"headline\":\"Damien Chouly : \u00ab\u00a0J\u2019ai deux, trois pistes ici et ailleurs\u00a0\u00bb\",\"datePublished\":\"2022-05-13T13:41:46+00:00\",\"mainEntityOfPage\":{\"@id\":\"https:\/\/dicodusport.fr\/blog\/damien-chouly-jai-deux-trois-pistes-ici-et-ailleurs\/\"},\"wordCount\":351,\"commentCount\":0,\"publisher\":{\"@id\":\"https:\/\/dicodusport.fr\/blog\/#organization\"},\"image\":{\"@id\":\"https:\/\/dicodusport.fr\/blog\/damien-chouly-jai-deux-trois-pistes-ici-et-ailleurs\/#primaryimage\"},\"thumbnailUrl\":\"https:\/\/dicodusport.fr\/blog\/wp-content\/uploads\/2022\/05\/Damien-Chouly-Jai-deux-trois-pistes-ici-et-ailleurs.png\",\"keywords\":[\"USAP\"],\"articleSection\":[\"Top 14\"],\"inLanguage\":\"fr-FR\",\"potentialAction\":[{\"@type\":\"CommentAction\",\"name\":\"Comment\",\"target\":[\"https:\/\/dicodusport.fr\/blog\/damien-chouly-jai-deux-trois-pistes-ici-et-ailleurs\/#respond\"]}],\"copyrightYear\":\"2022\",\"copyrightHolder\":{\"@id\":\"https:\/\/dicodusport.fr\/blog\/#organization\"}},{\"@type\":\"WebPage\",\"@id\":\"https:\/\/dicodusport.fr\/blog\/damien-chouly-jai-deux-trois-pistes-ici-et-ailleurs\/\",\"url\":\"https:\/\/dicodusport.fr\/blog\/damien-chouly-jai-deux-trois-pistes-ici-et-ailleurs\/\",\"name\":\"- Damien Chouly : \\\"J\u2019ai deux, trois pistes ici et ailleurs\\\" - Dicodusport\",\"isPartOf\":{\"@id\":\"https:\/\/dicodusport.fr\/blog\/#website\"},\"primaryImageOfPage\":{\"@id\":\"https:\/\/dicodusport.fr\/blog\/damien-chouly-jai-deux-trois-pistes-ici-et-ailleurs\/#primaryimage\"},\"image\":{\"@id\":\"https:\/\/dicodusport.fr\/blog\/damien-chouly-jai-deux-trois-pistes-ici-et-ailleurs\/#primaryimage\"},\"thumbnailUrl\":\"https:\/\/dicodusport.fr\/blog\/wp-content\/uploads\/2022\/05\/Damien-Chouly-Jai-deux-trois-pistes-ici-et-ailleurs.png\",\"datePublished\":\"2022-05-13T13:41:46+00:00\",\"description\":\"RUGBY \u00c0 XV - Damien Chouly a confirm\u00e9 ce vendredi qu'il mettrait un terme \u00e0 sa carri\u00e8re de joueur professionnel \u00e0 la fin de cette saison.\",\"breadcrumb\":{\"@id\":\"https:\/\/dicodusport.fr\/blog\/damien-chouly-jai-deux-trois-pistes-ici-et-ailleurs\/#breadcrumb\"},\"inLanguage\":\"fr-FR\",\"potentialAction\":[{\"@type\":\"ReadAction\",\"target\":[\"https:\/\/dicodusport.fr\/blog\/damien-chouly-jai-deux-trois-pistes-ici-et-ailleurs\/\"]}]},{\"@type\":\"ImageObject\",\"inLanguage\":\"fr-FR\",\"@id\":\"https:\/\/dicodusport.fr\/blog\/damien-chouly-jai-deux-trois-pistes-ici-et-ailleurs\/#primaryimage\",\"url\":\"https:\/\/dicodusport.fr\/blog\/wp-content\/uploads\/2022\/05\/Damien-Chouly-Jai-deux-trois-pistes-ici-et-ailleurs.png\",\"contentUrl\":\"https:\/\/dicodusport.fr\/blog\/wp-content\/uploads\/2022\/05\/Damien-Chouly-Jai-deux-trois-pistes-ici-et-ailleurs.png\",\"width\":800,\"height\":445},{\"@type\":\"BreadcrumbList\",\"@id\":\"https:\/\/dicodusport.fr\/blog\/damien-chouly-jai-deux-trois-pistes-ici-et-ailleurs\/#breadcrumb\",\"itemListElement\":[{\"@type\":\"ListItem\",\"position\":1,\"name\":\"Accueil\",\"item\":\"https:\/\/dicodusport.fr\/blog\/\"},{\"@type\":\"ListItem\",\"position\":2,\"name\":\"Damien Chouly : \u00ab\u00a0J\u2019ai deux, trois pistes ici et ailleurs\u00a0\u00bb\"}]},{\"@type\":\"WebSite\",\"@id\":\"https:\/\/dicodusport.fr\/blog\/#website\",\"url\":\"https:\/\/dicodusport.fr\/blog\/\",\"name\":\"Dicodusport\",\"description\":\"L&#039;encyclop\u00e9die de l&#039;actualit\u00e9 sportive\",\"publisher\":{\"@id\":\"https:\/\/dicodusport.fr\/blog\/#organization\"},\"potentialAction\":[{\"@type\":\"SearchAction\",\"target\":{\"@type\":\"EntryPoint\",\"urlTemplate\":\"https:\/\/dicodusport.fr\/blog\/?s={search_term_string}\"},\"query-input\":{\"@type\":\"PropertyValueSpecification\",\"valueRequired\":true,\"valueName\":\"search_term_string\"}}],\"inLanguage\":\"fr-FR\"},{\"@type\":\"NewsMediaOrganization\",\"@id\":\"https:\/\/dicodusport.fr\/blog\/#organization\",\"name\":\"Dicodusport\",\"url\":\"https:\/\/dicodusport.fr\/blog\/\",\"logo\":{\"@type\":\"ImageObject\",\"inLanguage\":\"fr-FR\",\"@id\":\"https:\/\/dicodusport.fr\/blog\/#\/schema\/logo\/image\/\",\"url\":\"https:\/\/dicodusport.fr\/blog\/wp-content\/uploads\/2020\/06\/cropped-LOGO-DICODUSPORT-2020-SANS-FOND-SANS-TEXTE.png\",\"contentUrl\":\"https:\/\/dicodusport.fr\/blog\/wp-content\/uploads\/2020\/06\/cropped-LOGO-DICODUSPORT-2020-SANS-FOND-SANS-TEXTE.png\",\"width\":512,\"height\":512,\"caption\":\"Dicodusport\"},\"image\":{\"@id\":\"https:\/\/dicodusport.fr\/blog\/#\/schema\/logo\/image\/\"},\"sameAs\":[\"https:\/\/www.facebook.com\/dicodusport\",\"https:\/\/x.com\/dicodusport\",\"https:\/\/www.instagram.com\/dicodusport\/\",\"https:\/\/www.youtube.com\/channel\/UC7V2KZ5sd3htJivAbA4ZG3w\"],\"description\":\"Dicodusport est l'encyclop\u00e9die de l'actualit\u00e9 sportive.\",\"email\":\"bonjour@dicodusport.fr\",\"legalName\":\"DICODUSPORT\",\"foundingDate\":\"2018-01-14\",\"vatID\":\"FR71834470973\",\"taxID\":\"83447097300043\",\"numberOfEmployees\":{\"@type\":\"QuantitativeValue\",\"minValue\":\"1\",\"maxValue\":\"10\"}},{\"@type\":\"Person\",\"@id\":\"https:\/\/dicodusport.fr\/blog\/#\/schema\/person\/55dcb50ad410894e431ed812bbb70191\",\"name\":\"Nicolas Jacquemard\",\"image\":{\"@type\":\"ImageObject\",\"inLanguage\":\"fr-FR\",\"@id\":\"https:\/\/dicodusport.fr\/blog\/#\/schema\/person\/image\/\",\"url\":\"https:\/\/dicodusport.fr\/blog\/wp-content\/uploads\/2021\/05\/Nicolas-Jacquemard-150x150.jpeg\",\"contentUrl\":\"https:\/\/dicodusport.fr\/blog\/wp-content\/uploads\/2021\/05\/Nicolas-Jacquemard-150x150.jpeg\",\"caption\":\"Nicolas Jacquemard\"},\"description\":\"Passionn\u00e9 de sport et entrepreneur depuis mes 18 ans, la cr\u00e9ation de Dicodusport m'a sembl\u00e9 \u00e9vidente pour participer \u00e0 la m\u00e9diatisation d'un plus grand nombre de sports. Le chemin est long mais avec une \u00e9quipe des plus motiv\u00e9es et les Jeux Olympiques de Paris 2024 en point de mire, nous y arriverons ! Journaliste dans le monde du sport depuis plus de 5 ans, je traite aussi bien de football, de rugby, de biathlon que de cyclisme.\",\"sameAs\":[\"https:\/\/www.facebook.com\/dicodusport\",\"https:\/\/x.com\/https:\/\/twitter.com\/Nico_Jacquemard\"],\"url\":\"https:\/\/dicodusport.fr\/blog\/author\/dicodusport\/\"}]}<\/script>\n<!-- \/ Yoast SEO Premium plugin. -->","yoast_head_json":{"title":"- Damien Chouly : \"J\u2019ai deux, trois pistes ici et ailleurs\" - Dicodusport","description":"RUGBY \u00c0 XV - Damien Chouly a confirm\u00e9 ce vendredi qu'il mettrait un terme \u00e0 sa carri\u00e8re de joueur professionnel \u00e0 la fin de cette saison.","robots":{"index":"index","follow":"follow","max-snippet":"max-snippet:-1","max-image-preview":"max-image-preview:large","max-video-preview":"max-video-preview:-1"},"canonical":"https:\/\/dicodusport.fr\/blog\/damien-chouly-jai-deux-trois-pistes-ici-et-ailleurs\/","og_locale":"fr_FR","og_type":"article","og_title":"Damien Chouly : \"J\u2019ai deux, trois pistes ici et ailleurs\"","og_description":"RUGBY \u00c0 XV - Damien Chouly a confirm\u00e9 ce vendredi qu'il mettrait un terme \u00e0 sa carri\u00e8re de joueur professionnel \u00e0 la fin de cette saison.","og_url":"https:\/\/dicodusport.fr\/blog\/damien-chouly-jai-deux-trois-pistes-ici-et-ailleurs\/","og_site_name":"Dicodusport","article_publisher":"https:\/\/www.facebook.com\/dicodusport","article_author":"https:\/\/www.facebook.com\/dicodusport","article_published_time":"2022-05-13T13:41:46+00:00","og_image":[{"width":800,"height":445,"url":"https:\/\/dicodusport.fr\/blog\/wp-content\/uploads\/2022\/05\/Damien-Chouly-Jai-deux-trois-pistes-ici-et-ailleurs.png","type":"image\/png"}],"author":"Nicolas Jacquemard","twitter_card":"summary_large_image","twitter_title":"Damien Chouly : \"J\u2019ai deux, trois pistes ici et ailleurs\"","twitter_creator":"@https:\/\/twitter.com\/Nico_Jacquemard","twitter_site":"@dicodusport","schema":{"@context":"https:\/\/schema.org","@graph":[{"@type":"NewsArticle","@id":"https:\/\/dicodusport.fr\/blog\/damien-chouly-jai-deux-trois-pistes-ici-et-ailleurs\/#article","isPartOf":{"@id":"https:\/\/dicodusport.fr\/blog\/damien-chouly-jai-deux-trois-pistes-ici-et-ailleurs\/"},"author":{"name":"Nicolas Jacquemard","@id":"https:\/\/dicodusport.fr\/blog\/#\/schema\/person\/55dcb50ad410894e431ed812bbb70191"},"headline":"Damien Chouly : \u00ab\u00a0J\u2019ai deux, trois pistes ici et ailleurs\u00a0\u00bb","datePublished":"2022-05-13T13:41:46+00:00","mainEntityOfPage":{"@id":"https:\/\/dicodusport.fr\/blog\/damien-chouly-jai-deux-trois-pistes-ici-et-ailleurs\/"},"wordCount":351,"commentCount":0,"publisher":{"@id":"https:\/\/dicodusport.fr\/blog\/#organization"},"image":{"@id":"https:\/\/dicodusport.fr\/blog\/damien-chouly-jai-deux-trois-pistes-ici-et-ailleurs\/#primaryimage"},"thumbnailUrl":"https:\/\/dicodusport.fr\/blog\/wp-content\/uploads\/2022\/05\/Damien-Chouly-Jai-deux-trois-pistes-ici-et-ailleurs.png","keywords":["USAP"],"articleSection":["Top 14"],"inLanguage":"fr-FR","potentialAction":[{"@type":"CommentAction","name":"Comment","target":["https:\/\/dicodusport.fr\/blog\/damien-chouly-jai-deux-trois-pistes-ici-et-ailleurs\/#respond"]}],"copyrightYear":"2022","copyrightHolder":{"@id":"https:\/\/dicodusport.fr\/blog\/#organization"}},{"@type":"WebPage","@id":"https:\/\/dicodusport.fr\/blog\/damien-chouly-jai-deux-trois-pistes-ici-et-ailleurs\/","url":"https:\/\/dicodusport.fr\/blog\/damien-chouly-jai-deux-trois-pistes-ici-et-ailleurs\/","name":"- Damien Chouly : \"J\u2019ai deux, trois pistes ici et ailleurs\" - Dicodusport","isPartOf":{"@id":"https:\/\/dicodusport.fr\/blog\/#website"},"primaryImageOfPage":{"@id":"https:\/\/dicodusport.fr\/blog\/damien-chouly-jai-deux-trois-pistes-ici-et-ailleurs\/#primaryimage"},"image":{"@id":"https:\/\/dicodusport.fr\/blog\/damien-chouly-jai-deux-trois-pistes-ici-et-ailleurs\/#primaryimage"},"thumbnailUrl":"https:\/\/dicodusport.fr\/blog\/wp-content\/uploads\/2022\/05\/Damien-Chouly-Jai-deux-trois-pistes-ici-et-ailleurs.png","datePublished":"2022-05-13T13:41:46+00:00","description":"RUGBY \u00c0 XV - Damien Chouly a confirm\u00e9 ce vendredi qu'il mettrait un terme \u00e0 sa carri\u00e8re de joueur professionnel \u00e0 la fin de cette saison.","breadcrumb":{"@id":"https:\/\/dicodusport.fr\/blog\/damien-chouly-jai-deux-trois-pistes-ici-et-ailleurs\/#breadcrumb"},"inLanguage":"fr-FR","potentialAction":[{"@type":"ReadAction","target":["https:\/\/dicodusport.fr\/blog\/damien-chouly-jai-deux-trois-pistes-ici-et-ailleurs\/"]}]},{"@type":"ImageObject","inLanguage":"fr-FR","@id":"https:\/\/dicodusport.fr\/blog\/damien-chouly-jai-deux-trois-pistes-ici-et-ailleurs\/#primaryimage","url":"https:\/\/dicodusport.fr\/blog\/wp-content\/uploads\/2022\/05\/Damien-Chouly-Jai-deux-trois-pistes-ici-et-ailleurs.png","contentUrl":"https:\/\/dicodusport.fr\/blog\/wp-content\/uploads\/2022\/05\/Damien-Chouly-Jai-deux-trois-pistes-ici-et-ailleurs.png","width":800,"height":445},{"@type":"BreadcrumbList","@id":"https:\/\/dicodusport.fr\/blog\/damien-chouly-jai-deux-trois-pistes-ici-et-ailleurs\/#breadcrumb","itemListElement":[{"@type":"ListItem","position":1,"name":"Accueil","item":"https:\/\/dicodusport.fr\/blog\/"},{"@type":"ListItem","position":2,"name":"Damien Chouly : \u00ab\u00a0J\u2019ai deux, trois pistes ici et ailleurs\u00a0\u00bb"}]},{"@type":"WebSite","@id":"https:\/\/dicodusport.fr\/blog\/#website","url":"https:\/\/dicodusport.fr\/blog\/","name":"Dicodusport","description":"L&#039;encyclop\u00e9die de l&#039;actualit\u00e9 sportive","publisher":{"@id":"https:\/\/dicodusport.fr\/blog\/#organization"},"potentialAction":[{"@type":"SearchAction","target":{"@type":"EntryPoint","urlTemplate":"https:\/\/dicodusport.fr\/blog\/?s={search_term_string}"},"query-input":{"@type":"PropertyValueSpecification","valueRequired":true,"valueName":"search_term_string"}}],"inLanguage":"fr-FR"},{"@type":"NewsMediaOrganization","@id":"https:\/\/dicodusport.fr\/blog\/#organization","name":"Dicodusport","url":"https:\/\/dicodusport.fr\/blog\/","logo":{"@type":"ImageObject","inLanguage":"fr-FR","@id":"https:\/\/dicodusport.fr\/blog\/#\/schema\/logo\/image\/","url":"https:\/\/dicodusport.fr\/blog\/wp-content\/uploads\/2020\/06\/cropped-LOGO-DICODUSPORT-2020-SANS-FOND-SANS-TEXTE.png","contentUrl":"https:\/\/dicodusport.fr\/blog\/wp-content\/uploads\/2020\/06\/cropped-LOGO-DICODUSPORT-2020-SANS-FOND-SANS-TEXTE.png","width":512,"height":512,"caption":"Dicodusport"},"image":{"@id":"https:\/\/dicodusport.fr\/blog\/#\/schema\/logo\/image\/"},"sameAs":["https:\/\/www.facebook.com\/dicodusport","https:\/\/x.com\/dicodusport","https:\/\/www.instagram.com\/dicodusport\/","https:\/\/www.youtube.com\/channel\/UC7V2KZ5sd3htJivAbA4ZG3w"],"description":"Dicodusport est l'encyclop\u00e9die de l'actualit\u00e9 sportive.","email":"bonjour@dicodusport.fr","legalName":"DICODUSPORT","foundingDate":"2018-01-14","vatID":"FR71834470973","taxID":"83447097300043","numberOfEmployees":{"@type":"QuantitativeValue","minValue":"1","maxValue":"10"}},{"@type":"Person","@id":"https:\/\/dicodusport.fr\/blog\/#\/schema\/person\/55dcb50ad410894e431ed812bbb70191","name":"Nicolas Jacquemard","image":{"@type":"ImageObject","inLanguage":"fr-FR","@id":"https:\/\/dicodusport.fr\/blog\/#\/schema\/person\/image\/","url":"https:\/\/dicodusport.fr\/blog\/wp-content\/uploads\/2021\/05\/Nicolas-Jacquemard-150x150.jpeg","contentUrl":"https:\/\/dicodusport.fr\/blog\/wp-content\/uploads\/2021\/05\/Nicolas-Jacquemard-150x150.jpeg","caption":"Nicolas Jacquemard"},"description":"Passionn\u00e9 de sport et entrepreneur depuis mes 18 ans, la cr\u00e9ation de Dicodusport m'a sembl\u00e9 \u00e9vidente pour participer \u00e0 la m\u00e9diatisation d'un plus grand nombre de sports. Le chemin est long mais avec une \u00e9quipe des plus motiv\u00e9es et les Jeux Olympiques de Paris 2024 en point de mire, nous y arriverons ! Journaliste dans le monde du sport depuis plus de 5 ans, je traite aussi bien de football, de rugby, de biathlon que de cyclisme.","sameAs":["https:\/\/www.facebook.com\/dicodusport","https:\/\/x.com\/https:\/\/twitter.com\/Nico_Jacquemard"],"url":"https:\/\/dicodusport.fr\/blog\/author\/dicodusport\/"}]}},"_links":{"self":[{"href":"https:\/\/dicodusport.fr\/blog\/wp-json\/wp\/v2\/posts\/223299","targetHints":{"allow":["GET"]}}],"collection":[{"href":"https:\/\/dicodusport.fr\/blog\/wp-json\/wp\/v2\/posts"}],"about":[{"href":"https:\/\/dicodusport.fr\/blog\/wp-json\/wp\/v2\/types\/post"}],"author":[{"embeddable":true,"href":"https:\/\/dicodusport.fr\/blog\/wp-json\/wp\/v2\/users\/1"}],"replies":[{"embeddable":true,"href":"https:\/\/dicodusport.fr\/blog\/wp-json\/wp\/v2\/comments?post=223299"}],"version-history":[{"count":0,"href":"https:\/\/dicodusport.fr\/blog\/wp-json\/wp\/v2\/posts\/223299\/revisions"}],"wp:featuredmedia":[{"embeddable":true,"href":"https:\/\/dicodusport.fr\/blog\/wp-json\/wp\/v2\/media\/223304"}],"wp:attachment":[{"href":"https:\/\/dicodusport.fr\/blog\/wp-json\/wp\/v2\/media?parent=223299"}],"wp:term":[{"taxonomy":"category","embeddable":true,"href":"https:\/\/dicodusport.fr\/blog\/wp-json\/wp\/v2\/categories?post=223299"},{"taxonomy":"post_tag","embeddable":true,"href":"https:\/\/dicodusport.fr\/blog\/wp-json\/wp\/v2\/tags?post=223299"}],"curies":[{"name":"wp","href":"https:\/\/api.w.org\/{rel}","templated":true}]}}