{"id":223464,"date":"2022-05-26T16:50:31","date_gmt":"2022-05-26T14:50:31","guid":{"rendered":"https:\/\/dicodusport.fr\/blog\/?p=223464&#038;preview=true&#038;preview_id=223464"},"modified":"2022-05-26T19:42:21","modified_gmt":"2022-05-26T17:42:21","slug":"boucles-de-la-mayenne-2022-jason-tesson-remporte-la-1ere-etape","status":"publish","type":"post","link":"https:\/\/dicodusport.fr\/blog\/boucles-de-la-mayenne-2022-jason-tesson-remporte-la-1ere-etape\/","title":{"rendered":"Boucles de la Mayenne 2022 : Jason Tesson remporte la 1\u00e8re \u00e9tape !"},"content":{"rendered":"<p style=\"text-align: justify;\"><strong><em><a href=\"https:\/\/dicodusport.fr\/blog\/actualites\/cyclisme\/cyclisme-sur-route-2022\/\">CYCLISME SUR ROUTE 2022<\/a> &#8211; Jason Tesson (Saint-Michel Auber 93) a remport\u00e9 au sprint la premi\u00e8re \u00e9tape des Boucles de la Mayenne ce jeudi. Il a devanc\u00e9 Bram Welten (Groupama FDJ) et Thomas Boudat (GoSport Lille Roubaix M\u00e9tropole).<br \/>\n<\/em><\/strong><\/p>\n<h2 style=\"text-align: justify;\">Un sc\u00e9nario classique<\/h2>\n<p style=\"text-align: justify;\">D&rsquo;abord, six coureurs ont constitu\u00e9 l&rsquo;\u00e9chapp\u00e9e matinale : <strong>Arjen Livyns<\/strong> (Bingoal-Pauwels Sauces-WB), <strong>Angel Madrazo<\/strong> (Burgos-BH), <strong>Lindsay De Vylder<\/strong> (Sport Vlaanderen-Baloise), <strong>Joey Rosskopf<\/strong> (Human Powered Health), <strong>Eugenio Sanchez<\/strong> (Equipo Kern Pharma) et <strong>Ma\u00ebl<\/strong> <strong>Gu\u00e9gan<\/strong> (Team U Nantes Atlantique). Leur avance est mont\u00e9e jusqu&rsquo;\u00e0 4 minutes et 30 secondes apr\u00e8s 60 kilom\u00e8tres de course. Ce sont <strong>Lindsay<\/strong> <strong>De Vylder<\/strong> et <strong>Joey Rosskopf<\/strong> qui se sont disput\u00e9s les points au sommet des difficult\u00e9s.<\/p>\n<p style=\"text-align: justify;\">Puis, les \u00e9quipes St-Michel-Auber 93 et Cofidis ont pris les commandes du peloton pour r\u00e9duire l&rsquo;\u00e9cart des attaquants du jour. L&rsquo;\u00e9cart est pass\u00e9 sous la minute \u00e0 20 kilom\u00e8tres de l&rsquo;arriv\u00e9e. D&rsquo;autres \u00e9quipes se sont alors port\u00e9es \u00e0 l\u2019avant du peloton comme UAE Team Emirates et Uno-X Pro Cycling.<\/p>\n<p style=\"text-align: justify;\">Malheureusement, en t\u00eate de course, <strong>Arjen Livyns <\/strong>a \u00e9t\u00e9 victime d&rsquo;une crevaison \u00e0 18 kilom\u00e8tres du terme. Le dernier coureur issu de l&rsquo;\u00e9chapp\u00e9e matinale, <strong>Joey Rosskopf,<\/strong>\u00a0a \u00e9t\u00e9 repris par le peloton \u00e0 6 kilom\u00e8tres de l&rsquo;arriv\u00e9e par un peloton emmen\u00e9 par la B&amp;B H\u00f4tels &#8211; KTM.<\/p>\n<h2 style=\"text-align: justify;\">La fus\u00e9e Jason Tesson<\/h2>\n<p style=\"text-align: justify;\">Finalement, <strong>Jason Tesson<\/strong> (Saint-Michel Auber 93) a pris le sillage de <strong>Bram Welten<\/strong> (Groupama FDJ) \u00e0 50 m\u00e8tres de la ligne. Il a d\u00e9bord\u00e9 le N\u00e9erlandais afin de d\u00e9crocher son deuxi\u00e8me succ\u00e8s de la saison. <a href=\"https:\/\/dicodusport.fr\/blog\/4-jours-de-dunkerque-victoire-2eme-etape-et-maillot-rose-pour-jason-tesson\/\">Le vainqueur de la deuxi\u00e8me \u00e9tape des 4 Jours de Dunkerque<\/a> a largement devanc\u00e9 <strong>Bram Welten<\/strong>\u00a0et <strong>Thomas Boudat <\/strong>(GoSport Roubaix Lille M\u00e9tropole). <strong>Jason Tesson<\/strong> a pris les commandes du g\u00e9n\u00e9ral avant une \u00e9tape difficile demain vers Pr\u00e9-en-Pail-Saint-Samson.<\/p>\n<blockquote class=\"twitter-tweet\">\n<p dir=\"ltr\" lang=\"fr\">Jason Tesson a remport\u00e9 au sprint la 1\u00e8re \u00e9tape des <a href=\"https:\/\/twitter.com\/hashtag\/Boucles53?src=hash&amp;ref_src=twsrc%5Etfw\">#Boucles53<\/a> <a href=\"https:\/\/twitter.com\/hashtag\/BouclesdelaMayenne?src=hash&amp;ref_src=twsrc%5Etfw\">#BouclesdelaMayenne<\/a> devant Bram Welten et Thomas Boudat <a href=\"https:\/\/twitter.com\/hashtag\/cyclisme?src=hash&amp;ref_src=twsrc%5Etfw\">#cyclisme<\/a> <a href=\"https:\/\/twitter.com\/hashtag\/cycling?src=hash&amp;ref_src=twsrc%5Etfw\">#cycling<\/a> <a href=\"https:\/\/twitter.com\/hashtag\/ciclismo?src=hash&amp;ref_src=twsrc%5Etfw\">#ciclismo<\/a> <a href=\"https:\/\/twitter.com\/hashtag\/wielrennen?src=hash&amp;ref_src=twsrc%5Etfw\">#wielrennen<\/a> <a href=\"https:\/\/t.co\/bwMnr6Tw3t\">pic.twitter.com\/bwMnr6Tw3t<\/a><\/p>\n<p>\u2014 Les Rois du Peloton (@LRoisDuPeloton) <a href=\"https:\/\/twitter.com\/LRoisDuPeloton\/status\/1529837626383015937?ref_src=twsrc%5Etfw\">May 26, 2022<\/a><\/p><\/blockquote>\n<p><script async src=\"https:\/\/platform.twitter.com\/widgets.js\" charset=\"utf-8\"><\/script><\/p>\n<h2 style=\"text-align: justify;\"><strong>\u00c0 lire aussi<\/strong><\/h2>\n<ul>\n<li style=\"text-align: justify;\"><a href=\"https:\/\/dicodusport.fr\/blog\/boucles-de-la-mayenne-2022-classement-1ere-etape\/\"><strong>Classement de la 1\u00e8re \u00e9tape<\/strong><\/a><\/li>\n<li style=\"text-align: justify;\"><a href=\"https:\/\/dicodusport.fr\/blog\/boucles-de-la-mayenne-2022-classement-general\/\"><strong>Classement g\u00e9n\u00e9ral des Boucles de la Mayenne<\/strong><\/a><\/li>\n<\/ul>\n","protected":false},"excerpt":{"rendered":"<p>CYCLISME SUR ROUTE 2022 &#8211; Jason Tesson (Saint-Michel Auber 93) a remport\u00e9 au sprint la premi\u00e8re \u00e9tape des Boucles de la Mayenne ce jeudi. Il a devanc\u00e9 Bram Welten (Groupama FDJ) et Thomas Boudat (GoSport Lille Roubaix M\u00e9tropole).<\/p>\n","protected":false},"author":48,"featured_media":227063,"comment_status":"open","ping_status":"closed","sticky":false,"template":"","format":"standard","meta":{"_acf_changed":false,"_daextam_enable_autolinks":"","footnotes":""},"categories":[46994],"tags":[3119,8023],"class_list":["post-223464","post","type-post","status-publish","format-standard","has-post-thumbnail","hentry","category-cyclisme-sur-route","tag-actualite-cyclisme","tag-boucles-de-la-mayenne"],"acf":[],"yoast_head":"<!-- This site is optimized with the Yoast SEO Premium plugin v26.7 (Yoast SEO v26.7) - https:\/\/yoast.com\/wordpress\/plugins\/seo\/ -->\n<title>Boucles de la Mayenne 2022 : Jason Tesson remporte la 1\u00e8re \u00e9tape !<\/title>\n<meta name=\"description\" content=\"CYCLISME SUR ROUTE 2022 - Jason Tesson (Saint-Michel Auber 93) a remport\u00e9 au sprint la premi\u00e8re \u00e9tape des Boucles de la Mayenne ce jeudi.\" \/>\n<meta name=\"robots\" content=\"index, follow, max-snippet:-1, max-image-preview:large, max-video-preview:-1\" \/>\n<link rel=\"canonical\" href=\"https:\/\/dicodusport.fr\/blog\/boucles-de-la-mayenne-2022-jason-tesson-remporte-la-1ere-etape\/\" \/>\n<meta property=\"og:locale\" content=\"fr_FR\" \/>\n<meta property=\"og:type\" content=\"article\" \/>\n<meta property=\"og:title\" content=\"Boucles de la Mayenne 2022 : Jason Tesson remporte la 1\u00e8re \u00e9tape !\" \/>\n<meta property=\"og:description\" content=\"CYCLISME SUR ROUTE 2022 - Jason Tesson (Saint-Michel Auber 93) a remport\u00e9 au sprint la premi\u00e8re \u00e9tape des Boucles de la Mayenne ce jeudi.\" \/>\n<meta property=\"og:url\" content=\"https:\/\/dicodusport.fr\/blog\/boucles-de-la-mayenne-2022-jason-tesson-remporte-la-1ere-etape\/\" \/>\n<meta property=\"og:site_name\" content=\"Dicodusport\" \/>\n<meta property=\"article:publisher\" content=\"https:\/\/www.facebook.com\/dicodusport\" \/>\n<meta property=\"article:author\" content=\"https:\/\/www.facebook.com\/groups\/LesRoisDuPeloton\" \/>\n<meta property=\"article:published_time\" content=\"2022-05-26T14:50:31+00:00\" \/>\n<meta property=\"article:modified_time\" content=\"2022-05-26T17:42:21+00:00\" \/>\n<meta property=\"og:image\" content=\"https:\/\/dicodusport.fr\/blog\/wp-content\/uploads\/2022\/05\/Boucles-de-la-Mayenne-2022-Jason-Tesson-remporte-la-1ere-etape-1.png\" \/>\n\t<meta property=\"og:image:width\" content=\"800\" \/>\n\t<meta property=\"og:image:height\" content=\"445\" \/>\n\t<meta property=\"og:image:type\" content=\"image\/png\" \/>\n<meta name=\"author\" content=\"Emilien Descampiaux\" \/>\n<meta name=\"twitter:card\" content=\"summary_large_image\" \/>\n<meta name=\"twitter:title\" content=\"Boucles de la Mayenne 2022 : Jason Tesson remporte la 1\u00e8re \u00e9tape !\" \/>\n<meta name=\"twitter:creator\" content=\"@https:\/\/twitter.com\/LRoisDuPeloton\" \/>\n<meta name=\"twitter:site\" content=\"@dicodusport\" \/>\n<script type=\"application\/ld+json\" class=\"yoast-schema-graph\">{\"@context\":\"https:\/\/schema.org\",\"@graph\":[{\"@type\":\"NewsArticle\",\"@id\":\"https:\/\/dicodusport.fr\/blog\/boucles-de-la-mayenne-2022-jason-tesson-remporte-la-1ere-etape\/#article\",\"isPartOf\":{\"@id\":\"https:\/\/dicodusport.fr\/blog\/boucles-de-la-mayenne-2022-jason-tesson-remporte-la-1ere-etape\/\"},\"author\":{\"name\":\"Emilien Descampiaux\",\"@id\":\"https:\/\/dicodusport.fr\/blog\/#\/schema\/person\/6db4bae06b171592211be385b32876a7\"},\"headline\":\"Boucles de la Mayenne 2022 : Jason Tesson remporte la 1\u00e8re \u00e9tape !\",\"datePublished\":\"2022-05-26T14:50:31+00:00\",\"dateModified\":\"2022-05-26T17:42:21+00:00\",\"mainEntityOfPage\":{\"@id\":\"https:\/\/dicodusport.fr\/blog\/boucles-de-la-mayenne-2022-jason-tesson-remporte-la-1ere-etape\/\"},\"wordCount\":371,\"commentCount\":0,\"publisher\":{\"@id\":\"https:\/\/dicodusport.fr\/blog\/#organization\"},\"image\":{\"@id\":\"https:\/\/dicodusport.fr\/blog\/boucles-de-la-mayenne-2022-jason-tesson-remporte-la-1ere-etape\/#primaryimage\"},\"thumbnailUrl\":\"https:\/\/dicodusport.fr\/blog\/wp-content\/uploads\/2022\/05\/Boucles-de-la-Mayenne-2022-Jason-Tesson-remporte-la-1ere-etape-1.png\",\"keywords\":[\"Actualit\u00e9 Cyclisme\",\"Boucles de la Mayenne\"],\"articleSection\":[\"Cyclisme sur route\"],\"inLanguage\":\"fr-FR\",\"potentialAction\":[{\"@type\":\"CommentAction\",\"name\":\"Comment\",\"target\":[\"https:\/\/dicodusport.fr\/blog\/boucles-de-la-mayenne-2022-jason-tesson-remporte-la-1ere-etape\/#respond\"]}],\"copyrightYear\":\"2022\",\"copyrightHolder\":{\"@id\":\"https:\/\/dicodusport.fr\/blog\/#organization\"}},{\"@type\":\"WebPage\",\"@id\":\"https:\/\/dicodusport.fr\/blog\/boucles-de-la-mayenne-2022-jason-tesson-remporte-la-1ere-etape\/\",\"url\":\"https:\/\/dicodusport.fr\/blog\/boucles-de-la-mayenne-2022-jason-tesson-remporte-la-1ere-etape\/\",\"name\":\"Boucles de la Mayenne 2022 : Jason Tesson remporte la 1\u00e8re \u00e9tape !\",\"isPartOf\":{\"@id\":\"https:\/\/dicodusport.fr\/blog\/#website\"},\"primaryImageOfPage\":{\"@id\":\"https:\/\/dicodusport.fr\/blog\/boucles-de-la-mayenne-2022-jason-tesson-remporte-la-1ere-etape\/#primaryimage\"},\"image\":{\"@id\":\"https:\/\/dicodusport.fr\/blog\/boucles-de-la-mayenne-2022-jason-tesson-remporte-la-1ere-etape\/#primaryimage\"},\"thumbnailUrl\":\"https:\/\/dicodusport.fr\/blog\/wp-content\/uploads\/2022\/05\/Boucles-de-la-Mayenne-2022-Jason-Tesson-remporte-la-1ere-etape-1.png\",\"datePublished\":\"2022-05-26T14:50:31+00:00\",\"dateModified\":\"2022-05-26T17:42:21+00:00\",\"description\":\"CYCLISME SUR ROUTE 2022 - Jason Tesson (Saint-Michel Auber 93) a remport\u00e9 au sprint la premi\u00e8re \u00e9tape des Boucles de la Mayenne ce jeudi.\",\"breadcrumb\":{\"@id\":\"https:\/\/dicodusport.fr\/blog\/boucles-de-la-mayenne-2022-jason-tesson-remporte-la-1ere-etape\/#breadcrumb\"},\"inLanguage\":\"fr-FR\",\"potentialAction\":[{\"@type\":\"ReadAction\",\"target\":[\"https:\/\/dicodusport.fr\/blog\/boucles-de-la-mayenne-2022-jason-tesson-remporte-la-1ere-etape\/\"]}]},{\"@type\":\"ImageObject\",\"inLanguage\":\"fr-FR\",\"@id\":\"https:\/\/dicodusport.fr\/blog\/boucles-de-la-mayenne-2022-jason-tesson-remporte-la-1ere-etape\/#primaryimage\",\"url\":\"https:\/\/dicodusport.fr\/blog\/wp-content\/uploads\/2022\/05\/Boucles-de-la-Mayenne-2022-Jason-Tesson-remporte-la-1ere-etape-1.png\",\"contentUrl\":\"https:\/\/dicodusport.fr\/blog\/wp-content\/uploads\/2022\/05\/Boucles-de-la-Mayenne-2022-Jason-Tesson-remporte-la-1ere-etape-1.png\",\"width\":800,\"height\":445,\"caption\":\"Boucles de la Mayenne 2022 Jason Tesson remporte la 1\u00e8re \u00e9tape ! (1)\"},{\"@type\":\"BreadcrumbList\",\"@id\":\"https:\/\/dicodusport.fr\/blog\/boucles-de-la-mayenne-2022-jason-tesson-remporte-la-1ere-etape\/#breadcrumb\",\"itemListElement\":[{\"@type\":\"ListItem\",\"position\":1,\"name\":\"Accueil\",\"item\":\"https:\/\/dicodusport.fr\/blog\/\"},{\"@type\":\"ListItem\",\"position\":2,\"name\":\"Boucles de la Mayenne 2022 : Jason Tesson remporte la 1\u00e8re \u00e9tape !\"}]},{\"@type\":\"WebSite\",\"@id\":\"https:\/\/dicodusport.fr\/blog\/#website\",\"url\":\"https:\/\/dicodusport.fr\/blog\/\",\"name\":\"Dicodusport\",\"description\":\"L&#039;encyclop\u00e9die de l&#039;actualit\u00e9 sportive\",\"publisher\":{\"@id\":\"https:\/\/dicodusport.fr\/blog\/#organization\"},\"potentialAction\":[{\"@type\":\"SearchAction\",\"target\":{\"@type\":\"EntryPoint\",\"urlTemplate\":\"https:\/\/dicodusport.fr\/blog\/?s={search_term_string}\"},\"query-input\":{\"@type\":\"PropertyValueSpecification\",\"valueRequired\":true,\"valueName\":\"search_term_string\"}}],\"inLanguage\":\"fr-FR\"},{\"@type\":\"NewsMediaOrganization\",\"@id\":\"https:\/\/dicodusport.fr\/blog\/#organization\",\"name\":\"Dicodusport\",\"url\":\"https:\/\/dicodusport.fr\/blog\/\",\"logo\":{\"@type\":\"ImageObject\",\"inLanguage\":\"fr-FR\",\"@id\":\"https:\/\/dicodusport.fr\/blog\/#\/schema\/logo\/image\/\",\"url\":\"https:\/\/dicodusport.fr\/blog\/wp-content\/uploads\/2020\/06\/cropped-LOGO-DICODUSPORT-2020-SANS-FOND-SANS-TEXTE.png\",\"contentUrl\":\"https:\/\/dicodusport.fr\/blog\/wp-content\/uploads\/2020\/06\/cropped-LOGO-DICODUSPORT-2020-SANS-FOND-SANS-TEXTE.png\",\"width\":512,\"height\":512,\"caption\":\"Dicodusport\"},\"image\":{\"@id\":\"https:\/\/dicodusport.fr\/blog\/#\/schema\/logo\/image\/\"},\"sameAs\":[\"https:\/\/www.facebook.com\/dicodusport\",\"https:\/\/x.com\/dicodusport\",\"https:\/\/www.instagram.com\/dicodusport\/\",\"https:\/\/www.youtube.com\/channel\/UC7V2KZ5sd3htJivAbA4ZG3w\"],\"description\":\"Dicodusport est l'encyclop\u00e9die de l'actualit\u00e9 sportive.\",\"email\":\"bonjour@dicodusport.fr\",\"legalName\":\"DICODUSPORT\",\"foundingDate\":\"2018-01-14\",\"vatID\":\"FR71834470973\",\"taxID\":\"83447097300043\",\"numberOfEmployees\":{\"@type\":\"QuantitativeValue\",\"minValue\":\"1\",\"maxValue\":\"10\"}},{\"@type\":\"Person\",\"@id\":\"https:\/\/dicodusport.fr\/blog\/#\/schema\/person\/6db4bae06b171592211be385b32876a7\",\"name\":\"Emilien Descampiaux\",\"image\":{\"@type\":\"ImageObject\",\"inLanguage\":\"fr-FR\",\"@id\":\"https:\/\/dicodusport.fr\/blog\/#\/schema\/person\/image\/\",\"url\":\"https:\/\/dicodusport.fr\/blog\/wp-content\/uploads\/2021\/05\/Emilien-Descampiaux-150x150.jpg\",\"contentUrl\":\"https:\/\/dicodusport.fr\/blog\/wp-content\/uploads\/2021\/05\/Emilien-Descampiaux-150x150.jpg\",\"caption\":\"Emilien Descampiaux\"},\"description\":\"Journaliste\/r\u00e9dacteur depuis 2014 - Fan de la classe de Frank Vandenbroucke, je vis cyclisme (et de ses paysages) depuis plus de 20 ans. Je suis tr\u00e8s impliqu\u00e9 sur mes diff\u00e9rents r\u00e9seaux sociaux pour partager ma passion sur le monde et l'Histoire de la bicyclette avec ma voix sur les images en noir et blanc du succ\u00e8s de Rik Van Steenbergen lors du Ronde sur le V\u00e9lodrome de Gand.\",\"sameAs\":[\"https:\/\/www.facebook.com\/groups\/LesRoisDuPeloton\",\"https:\/\/x.com\/https:\/\/twitter.com\/LRoisDuPeloton\"],\"url\":\"https:\/\/dicodusport.fr\/blog\/author\/emiliend\/\"}]}<\/script>\n<!-- \/ Yoast SEO Premium plugin. -->","yoast_head_json":{"title":"Boucles de la Mayenne 2022 : Jason Tesson remporte la 1\u00e8re \u00e9tape !","description":"CYCLISME SUR ROUTE 2022 - Jason Tesson (Saint-Michel Auber 93) a remport\u00e9 au sprint la premi\u00e8re \u00e9tape des Boucles de la Mayenne ce jeudi.","robots":{"index":"index","follow":"follow","max-snippet":"max-snippet:-1","max-image-preview":"max-image-preview:large","max-video-preview":"max-video-preview:-1"},"canonical":"https:\/\/dicodusport.fr\/blog\/boucles-de-la-mayenne-2022-jason-tesson-remporte-la-1ere-etape\/","og_locale":"fr_FR","og_type":"article","og_title":"Boucles de la Mayenne 2022 : Jason Tesson remporte la 1\u00e8re \u00e9tape !","og_description":"CYCLISME SUR ROUTE 2022 - Jason Tesson (Saint-Michel Auber 93) a remport\u00e9 au sprint la premi\u00e8re \u00e9tape des Boucles de la Mayenne ce jeudi.","og_url":"https:\/\/dicodusport.fr\/blog\/boucles-de-la-mayenne-2022-jason-tesson-remporte-la-1ere-etape\/","og_site_name":"Dicodusport","article_publisher":"https:\/\/www.facebook.com\/dicodusport","article_author":"https:\/\/www.facebook.com\/groups\/LesRoisDuPeloton","article_published_time":"2022-05-26T14:50:31+00:00","article_modified_time":"2022-05-26T17:42:21+00:00","og_image":[{"width":800,"height":445,"url":"https:\/\/dicodusport.fr\/blog\/wp-content\/uploads\/2022\/05\/Boucles-de-la-Mayenne-2022-Jason-Tesson-remporte-la-1ere-etape-1.png","type":"image\/png"}],"author":"Emilien Descampiaux","twitter_card":"summary_large_image","twitter_title":"Boucles de la Mayenne 2022 : Jason Tesson remporte la 1\u00e8re \u00e9tape !","twitter_creator":"@https:\/\/twitter.com\/LRoisDuPeloton","twitter_site":"@dicodusport","schema":{"@context":"https:\/\/schema.org","@graph":[{"@type":"NewsArticle","@id":"https:\/\/dicodusport.fr\/blog\/boucles-de-la-mayenne-2022-jason-tesson-remporte-la-1ere-etape\/#article","isPartOf":{"@id":"https:\/\/dicodusport.fr\/blog\/boucles-de-la-mayenne-2022-jason-tesson-remporte-la-1ere-etape\/"},"author":{"name":"Emilien Descampiaux","@id":"https:\/\/dicodusport.fr\/blog\/#\/schema\/person\/6db4bae06b171592211be385b32876a7"},"headline":"Boucles de la Mayenne 2022 : Jason Tesson remporte la 1\u00e8re \u00e9tape !","datePublished":"2022-05-26T14:50:31+00:00","dateModified":"2022-05-26T17:42:21+00:00","mainEntityOfPage":{"@id":"https:\/\/dicodusport.fr\/blog\/boucles-de-la-mayenne-2022-jason-tesson-remporte-la-1ere-etape\/"},"wordCount":371,"commentCount":0,"publisher":{"@id":"https:\/\/dicodusport.fr\/blog\/#organization"},"image":{"@id":"https:\/\/dicodusport.fr\/blog\/boucles-de-la-mayenne-2022-jason-tesson-remporte-la-1ere-etape\/#primaryimage"},"thumbnailUrl":"https:\/\/dicodusport.fr\/blog\/wp-content\/uploads\/2022\/05\/Boucles-de-la-Mayenne-2022-Jason-Tesson-remporte-la-1ere-etape-1.png","keywords":["Actualit\u00e9 Cyclisme","Boucles de la Mayenne"],"articleSection":["Cyclisme sur route"],"inLanguage":"fr-FR","potentialAction":[{"@type":"CommentAction","name":"Comment","target":["https:\/\/dicodusport.fr\/blog\/boucles-de-la-mayenne-2022-jason-tesson-remporte-la-1ere-etape\/#respond"]}],"copyrightYear":"2022","copyrightHolder":{"@id":"https:\/\/dicodusport.fr\/blog\/#organization"}},{"@type":"WebPage","@id":"https:\/\/dicodusport.fr\/blog\/boucles-de-la-mayenne-2022-jason-tesson-remporte-la-1ere-etape\/","url":"https:\/\/dicodusport.fr\/blog\/boucles-de-la-mayenne-2022-jason-tesson-remporte-la-1ere-etape\/","name":"Boucles de la Mayenne 2022 : Jason Tesson remporte la 1\u00e8re \u00e9tape !","isPartOf":{"@id":"https:\/\/dicodusport.fr\/blog\/#website"},"primaryImageOfPage":{"@id":"https:\/\/dicodusport.fr\/blog\/boucles-de-la-mayenne-2022-jason-tesson-remporte-la-1ere-etape\/#primaryimage"},"image":{"@id":"https:\/\/dicodusport.fr\/blog\/boucles-de-la-mayenne-2022-jason-tesson-remporte-la-1ere-etape\/#primaryimage"},"thumbnailUrl":"https:\/\/dicodusport.fr\/blog\/wp-content\/uploads\/2022\/05\/Boucles-de-la-Mayenne-2022-Jason-Tesson-remporte-la-1ere-etape-1.png","datePublished":"2022-05-26T14:50:31+00:00","dateModified":"2022-05-26T17:42:21+00:00","description":"CYCLISME SUR ROUTE 2022 - Jason Tesson (Saint-Michel Auber 93) a remport\u00e9 au sprint la premi\u00e8re \u00e9tape des Boucles de la Mayenne ce jeudi.","breadcrumb":{"@id":"https:\/\/dicodusport.fr\/blog\/boucles-de-la-mayenne-2022-jason-tesson-remporte-la-1ere-etape\/#breadcrumb"},"inLanguage":"fr-FR","potentialAction":[{"@type":"ReadAction","target":["https:\/\/dicodusport.fr\/blog\/boucles-de-la-mayenne-2022-jason-tesson-remporte-la-1ere-etape\/"]}]},{"@type":"ImageObject","inLanguage":"fr-FR","@id":"https:\/\/dicodusport.fr\/blog\/boucles-de-la-mayenne-2022-jason-tesson-remporte-la-1ere-etape\/#primaryimage","url":"https:\/\/dicodusport.fr\/blog\/wp-content\/uploads\/2022\/05\/Boucles-de-la-Mayenne-2022-Jason-Tesson-remporte-la-1ere-etape-1.png","contentUrl":"https:\/\/dicodusport.fr\/blog\/wp-content\/uploads\/2022\/05\/Boucles-de-la-Mayenne-2022-Jason-Tesson-remporte-la-1ere-etape-1.png","width":800,"height":445,"caption":"Boucles de la Mayenne 2022 Jason Tesson remporte la 1\u00e8re \u00e9tape ! (1)"},{"@type":"BreadcrumbList","@id":"https:\/\/dicodusport.fr\/blog\/boucles-de-la-mayenne-2022-jason-tesson-remporte-la-1ere-etape\/#breadcrumb","itemListElement":[{"@type":"ListItem","position":1,"name":"Accueil","item":"https:\/\/dicodusport.fr\/blog\/"},{"@type":"ListItem","position":2,"name":"Boucles de la Mayenne 2022 : Jason Tesson remporte la 1\u00e8re \u00e9tape !"}]},{"@type":"WebSite","@id":"https:\/\/dicodusport.fr\/blog\/#website","url":"https:\/\/dicodusport.fr\/blog\/","name":"Dicodusport","description":"L&#039;encyclop\u00e9die de l&#039;actualit\u00e9 sportive","publisher":{"@id":"https:\/\/dicodusport.fr\/blog\/#organization"},"potentialAction":[{"@type":"SearchAction","target":{"@type":"EntryPoint","urlTemplate":"https:\/\/dicodusport.fr\/blog\/?s={search_term_string}"},"query-input":{"@type":"PropertyValueSpecification","valueRequired":true,"valueName":"search_term_string"}}],"inLanguage":"fr-FR"},{"@type":"NewsMediaOrganization","@id":"https:\/\/dicodusport.fr\/blog\/#organization","name":"Dicodusport","url":"https:\/\/dicodusport.fr\/blog\/","logo":{"@type":"ImageObject","inLanguage":"fr-FR","@id":"https:\/\/dicodusport.fr\/blog\/#\/schema\/logo\/image\/","url":"https:\/\/dicodusport.fr\/blog\/wp-content\/uploads\/2020\/06\/cropped-LOGO-DICODUSPORT-2020-SANS-FOND-SANS-TEXTE.png","contentUrl":"https:\/\/dicodusport.fr\/blog\/wp-content\/uploads\/2020\/06\/cropped-LOGO-DICODUSPORT-2020-SANS-FOND-SANS-TEXTE.png","width":512,"height":512,"caption":"Dicodusport"},"image":{"@id":"https:\/\/dicodusport.fr\/blog\/#\/schema\/logo\/image\/"},"sameAs":["https:\/\/www.facebook.com\/dicodusport","https:\/\/x.com\/dicodusport","https:\/\/www.instagram.com\/dicodusport\/","https:\/\/www.youtube.com\/channel\/UC7V2KZ5sd3htJivAbA4ZG3w"],"description":"Dicodusport est l'encyclop\u00e9die de l'actualit\u00e9 sportive.","email":"bonjour@dicodusport.fr","legalName":"DICODUSPORT","foundingDate":"2018-01-14","vatID":"FR71834470973","taxID":"83447097300043","numberOfEmployees":{"@type":"QuantitativeValue","minValue":"1","maxValue":"10"}},{"@type":"Person","@id":"https:\/\/dicodusport.fr\/blog\/#\/schema\/person\/6db4bae06b171592211be385b32876a7","name":"Emilien Descampiaux","image":{"@type":"ImageObject","inLanguage":"fr-FR","@id":"https:\/\/dicodusport.fr\/blog\/#\/schema\/person\/image\/","url":"https:\/\/dicodusport.fr\/blog\/wp-content\/uploads\/2021\/05\/Emilien-Descampiaux-150x150.jpg","contentUrl":"https:\/\/dicodusport.fr\/blog\/wp-content\/uploads\/2021\/05\/Emilien-Descampiaux-150x150.jpg","caption":"Emilien Descampiaux"},"description":"Journaliste\/r\u00e9dacteur depuis 2014 - Fan de la classe de Frank Vandenbroucke, je vis cyclisme (et de ses paysages) depuis plus de 20 ans. Je suis tr\u00e8s impliqu\u00e9 sur mes diff\u00e9rents r\u00e9seaux sociaux pour partager ma passion sur le monde et l'Histoire de la bicyclette avec ma voix sur les images en noir et blanc du succ\u00e8s de Rik Van Steenbergen lors du Ronde sur le V\u00e9lodrome de Gand.","sameAs":["https:\/\/www.facebook.com\/groups\/LesRoisDuPeloton","https:\/\/x.com\/https:\/\/twitter.com\/LRoisDuPeloton"],"url":"https:\/\/dicodusport.fr\/blog\/author\/emiliend\/"}]}},"_links":{"self":[{"href":"https:\/\/dicodusport.fr\/blog\/wp-json\/wp\/v2\/posts\/223464","targetHints":{"allow":["GET"]}}],"collection":[{"href":"https:\/\/dicodusport.fr\/blog\/wp-json\/wp\/v2\/posts"}],"about":[{"href":"https:\/\/dicodusport.fr\/blog\/wp-json\/wp\/v2\/types\/post"}],"author":[{"embeddable":true,"href":"https:\/\/dicodusport.fr\/blog\/wp-json\/wp\/v2\/users\/48"}],"replies":[{"embeddable":true,"href":"https:\/\/dicodusport.fr\/blog\/wp-json\/wp\/v2\/comments?post=223464"}],"version-history":[{"count":0,"href":"https:\/\/dicodusport.fr\/blog\/wp-json\/wp\/v2\/posts\/223464\/revisions"}],"wp:featuredmedia":[{"embeddable":true,"href":"https:\/\/dicodusport.fr\/blog\/wp-json\/wp\/v2\/media\/227063"}],"wp:attachment":[{"href":"https:\/\/dicodusport.fr\/blog\/wp-json\/wp\/v2\/media?parent=223464"}],"wp:term":[{"taxonomy":"category","embeddable":true,"href":"https:\/\/dicodusport.fr\/blog\/wp-json\/wp\/v2\/categories?post=223464"},{"taxonomy":"post_tag","embeddable":true,"href":"https:\/\/dicodusport.fr\/blog\/wp-json\/wp\/v2\/tags?post=223464"}],"curies":[{"name":"wp","href":"https:\/\/api.w.org\/{rel}","templated":true}]}}