{"id":223911,"date":"2022-05-15T13:19:27","date_gmt":"2022-05-15T11:19:27","guid":{"rendered":"https:\/\/dicodusport.fr\/blog\/?p=223911&#038;preview=true&#038;preview_id=223911"},"modified":"2022-05-15T13:19:27","modified_gmt":"2022-05-15T11:19:27","slug":"circuit-itf-premier-titre-pour-valentin-royer-jurgen-briand-passe-pres","status":"publish","type":"post","link":"https:\/\/dicodusport.fr\/blog\/circuit-itf-premier-titre-pour-valentin-royer-jurgen-briand-passe-pres\/","title":{"rendered":"Circuit ITF : Premier titre pour Valentin Royer, Jurgen Briand passe pr\u00e8s"},"content":{"rendered":"<p style=\"text-align: justify;\"><strong><em>TENNIS &#8211; CIRCUIT ITF &#8211; Premier titre professionnel pour le jeune Valentin Royer, imp\u00e9rial au Mont\u00e9n\u00e9gro. Jurgen Briand, lui, aura tenu un set mais s&rsquo;est inclin\u00e9 en finale \u00e0 Prague.<\/em><\/strong><\/p>\n<p style=\"text-align: justify;\">Les talents tricolores fleurissent sur le circuit ITF. Nouvel exemple avec Valentin Royer,\u00a0 20 ans, qui vient de remporter son premier titre en professionnel lors du M15 d&rsquo;Ulcinj (Mont\u00e9n\u00e9gro). Il n&rsquo;aura conc\u00e9d\u00e9 aucun set, ni disput\u00e9 aucun tie-break cette semaine. En finale, il aura surclass\u00e9 l&rsquo;Italien Samuel Vincent Ruggieri, d&rsquo;un classement pourtant \u00e9quivalent au sien, 6-2, 6-2. Finaliste malheureux \u00e0 Antalya voil\u00e0 un mois, il n&rsquo;a cette fois pas craqu\u00e9 dans la finale. Une victoire qui en appelle d&rsquo;autres pour lui.<\/p>\n<blockquote class=\"twitter-tweet\">\n<p dir=\"ltr\" lang=\"fr\">&#x1f3be;&#x1f1eb;&#x1f1f7; Valentin <a href=\"https:\/\/twitter.com\/hashtag\/Royer?src=hash&amp;ref_src=twsrc%5Etfw\">#Royer<\/a> (20 ans) remporte le 15000$ d\u2019Ulcinj &#x1f1f2;&#x1f1ea;. Gr\u00e2ce \u00e0 ce succ\u00e8s, il devrait faire son entr\u00e9e dans le top 470 \u00e0 l\u2019ATP. <a href=\"https:\/\/twitter.com\/hashtag\/Tennis?src=hash&amp;ref_src=twsrc%5Etfw\">#Tennis<\/a><\/p>\n<p>\u2014 Mikael Mazaleyrat (@MikaelMazal) <a href=\"https:\/\/twitter.com\/MikaelMazal\/status\/1525777970643750912?ref_src=twsrc%5Etfw\">May 15, 2022<\/a><\/p><\/blockquote>\n<p style=\"text-align: justify;\"><script async src=\"https:\/\/platform.twitter.com\/widgets.js\" charset=\"utf-8\"><\/script><\/p>\n<h2 style=\"text-align: justify;\">Briand a eu sa chance<\/h2>\n<p style=\"text-align: justify;\">La France aurait pu faire un doubl\u00e9 ce dimanche, mais <strong>Jurgen Briand<\/strong> a malheureusement chut\u00e9 en finale contre le local <strong>Martin Krumich<\/strong>, en finale du M25 de Prague (<strong>7-6, 6-0<\/strong>). Le Fran\u00e7ais aurait pu remporter un premier set extr\u00eamement accroch\u00e9 mais a craqu\u00e9 au tie-break, avant de s&rsquo;effondrer dans la deuxi\u00e8me manche. C&rsquo;\u00e9tait sa deuxi\u00e8me finale, apr\u00e8s une perdue de justesse lors du M15 de Bratislava la saison derni\u00e8re. Il devra prendre son mal en patience pour enfin soulever son premier troph\u00e9e.<\/p>\n<blockquote class=\"twitter-tweet\">\n<p dir=\"ltr\" lang=\"fr\">[<a href=\"https:\/\/twitter.com\/hashtag\/ITF?src=hash&amp;ref_src=twsrc%5Etfw\">#ITF<\/a>] Jurgen <a href=\"https:\/\/twitter.com\/hashtag\/Briand?src=hash&amp;ref_src=twsrc%5Etfw\">#Briand<\/a> (n\u00b0596) &#x1f1eb;&#x1f1f7; s&rsquo;incline en finale \u00e0 <a href=\"https:\/\/twitter.com\/hashtag\/Prague?src=hash&amp;ref_src=twsrc%5Etfw\">#Prague<\/a> (R\u00e9publique Tch\u00e8que, M25, terre battue) ! Ce dimanche, en finale, il a perdu face \u00e0 Martin <a href=\"https:\/\/twitter.com\/hashtag\/Krumich?src=hash&amp;ref_src=twsrc%5Etfw\">#Krumich<\/a> (n\u00b0569) &#x1f1e8;&#x1f1ff; en deux sets 7-6 (3), 6-0.<\/p>\n<p>\u2014 Jeu, Set Et Match (@jeu_set_etmatch) <a href=\"https:\/\/twitter.com\/jeu_set_etmatch\/status\/1525785758044389379?ref_src=twsrc%5Etfw\">May 15, 2022<\/a><\/p><\/blockquote>\n<p style=\"text-align: justify;\"><script async src=\"https:\/\/platform.twitter.com\/widgets.js\" charset=\"utf-8\"><\/script><\/p>\n","protected":false},"excerpt":{"rendered":"<p>TENNIS &#8211; CIRCUIT ITF &#8211; Premier titre pour le jeune Valentin Royer au Mont\u00e9n\u00e9gro. Jurgen Briand, lui s&rsquo;est inclin\u00e9 en finale \u00e0 Prague.<\/p>\n","protected":false},"author":59,"featured_media":223929,"comment_status":"open","ping_status":"closed","sticky":false,"template":"","format":"standard","meta":{"_acf_changed":false,"_daextam_enable_autolinks":"","footnotes":""},"categories":[2302],"tags":[4792,23517],"class_list":["post-223911","post","type-post","status-publish","format-standard","has-post-thumbnail","hentry","category-tennis","tag-tennis-francais","tag-valentin-royer"],"acf":[],"yoast_head":"<!-- This site is optimized with the Yoast SEO Premium plugin v26.7 (Yoast SEO v26.7) - https:\/\/yoast.com\/wordpress\/plugins\/seo\/ -->\n<title>Circuit ITF : Premier titre pour Valentin Royer, Jurgen Briand passe pr\u00e8s<\/title>\n<meta name=\"description\" content=\"TENNIS - CIRCUIT ITF - Premier titre pour le jeune Valentin Royer au Mont\u00e9n\u00e9gro. Jurgen Briand, lui s&#039;est inclin\u00e9 en finale \u00e0 Prague.\" \/>\n<meta name=\"robots\" content=\"index, follow, max-snippet:-1, max-image-preview:large, max-video-preview:-1\" \/>\n<link rel=\"canonical\" href=\"https:\/\/dicodusport.fr\/blog\/circuit-itf-premier-titre-pour-valentin-royer-jurgen-briand-passe-pres\/\" \/>\n<meta property=\"og:locale\" content=\"fr_FR\" \/>\n<meta property=\"og:type\" content=\"article\" \/>\n<meta property=\"og:title\" content=\"Circuit ITF : Premier titre pour Valentin Royer, Jurgen Briand passe pr\u00e8s\" \/>\n<meta property=\"og:description\" content=\"TENNIS - CIRCUIT ITF - Premier titre pour le jeune Valentin Royer au Mont\u00e9n\u00e9gro. Jurgen Briand, lui s&#039;est inclin\u00e9 en finale \u00e0 Prague.\" \/>\n<meta property=\"og:url\" content=\"https:\/\/dicodusport.fr\/blog\/circuit-itf-premier-titre-pour-valentin-royer-jurgen-briand-passe-pres\/\" \/>\n<meta property=\"og:site_name\" content=\"Dicodusport\" \/>\n<meta property=\"article:publisher\" content=\"https:\/\/www.facebook.com\/dicodusport\" \/>\n<meta property=\"article:author\" content=\"https:\/\/www.facebook.com\/sebastien.gente\/\" \/>\n<meta property=\"article:published_time\" content=\"2022-05-15T11:19:27+00:00\" \/>\n<meta property=\"og:image\" content=\"https:\/\/dicodusport.fr\/blog\/wp-content\/uploads\/2022\/05\/Circuit-ITF-Premier-titre-pour-Valentin-Royer-Jurgen-Briand-passe-pres.jpg\" \/>\n\t<meta property=\"og:image:width\" content=\"800\" \/>\n\t<meta property=\"og:image:height\" content=\"445\" \/>\n\t<meta property=\"og:image:type\" content=\"image\/jpeg\" \/>\n<meta name=\"author\" content=\"S\u00e9bastien Gente\" \/>\n<meta name=\"twitter:card\" content=\"summary_large_image\" \/>\n<meta name=\"twitter:title\" content=\"Circuit ITF : Premier titre pour Valentin Royer, Jurgen Briand passe pr\u00e8s\" \/>\n<meta name=\"twitter:creator\" content=\"@https:\/\/twitter.com\/globulo24\" \/>\n<meta name=\"twitter:site\" content=\"@dicodusport\" \/>\n<script type=\"application\/ld+json\" class=\"yoast-schema-graph\">{\"@context\":\"https:\/\/schema.org\",\"@graph\":[{\"@type\":\"NewsArticle\",\"@id\":\"https:\/\/dicodusport.fr\/blog\/circuit-itf-premier-titre-pour-valentin-royer-jurgen-briand-passe-pres\/#article\",\"isPartOf\":{\"@id\":\"https:\/\/dicodusport.fr\/blog\/circuit-itf-premier-titre-pour-valentin-royer-jurgen-briand-passe-pres\/\"},\"author\":{\"name\":\"S\u00e9bastien Gente\",\"@id\":\"https:\/\/dicodusport.fr\/blog\/#\/schema\/person\/627966a6cde45dbd8c5e36ac85d783da\"},\"headline\":\"Circuit ITF : Premier titre pour Valentin Royer, Jurgen Briand passe pr\u00e8s\",\"datePublished\":\"2022-05-15T11:19:27+00:00\",\"mainEntityOfPage\":{\"@id\":\"https:\/\/dicodusport.fr\/blog\/circuit-itf-premier-titre-pour-valentin-royer-jurgen-briand-passe-pres\/\"},\"wordCount\":324,\"commentCount\":0,\"publisher\":{\"@id\":\"https:\/\/dicodusport.fr\/blog\/#organization\"},\"image\":{\"@id\":\"https:\/\/dicodusport.fr\/blog\/circuit-itf-premier-titre-pour-valentin-royer-jurgen-briand-passe-pres\/#primaryimage\"},\"thumbnailUrl\":\"https:\/\/dicodusport.fr\/blog\/wp-content\/uploads\/2022\/05\/Circuit-ITF-Premier-titre-pour-Valentin-Royer-Jurgen-Briand-passe-pres.jpg\",\"keywords\":[\"Tennis fran\u00e7ais\",\"Valentin Royer\"],\"articleSection\":[\"Tennis\"],\"inLanguage\":\"fr-FR\",\"potentialAction\":[{\"@type\":\"CommentAction\",\"name\":\"Comment\",\"target\":[\"https:\/\/dicodusport.fr\/blog\/circuit-itf-premier-titre-pour-valentin-royer-jurgen-briand-passe-pres\/#respond\"]}],\"copyrightYear\":\"2022\",\"copyrightHolder\":{\"@id\":\"https:\/\/dicodusport.fr\/blog\/#organization\"}},{\"@type\":\"WebPage\",\"@id\":\"https:\/\/dicodusport.fr\/blog\/circuit-itf-premier-titre-pour-valentin-royer-jurgen-briand-passe-pres\/\",\"url\":\"https:\/\/dicodusport.fr\/blog\/circuit-itf-premier-titre-pour-valentin-royer-jurgen-briand-passe-pres\/\",\"name\":\"Circuit ITF : Premier titre pour Valentin Royer, Jurgen Briand passe pr\u00e8s\",\"isPartOf\":{\"@id\":\"https:\/\/dicodusport.fr\/blog\/#website\"},\"primaryImageOfPage\":{\"@id\":\"https:\/\/dicodusport.fr\/blog\/circuit-itf-premier-titre-pour-valentin-royer-jurgen-briand-passe-pres\/#primaryimage\"},\"image\":{\"@id\":\"https:\/\/dicodusport.fr\/blog\/circuit-itf-premier-titre-pour-valentin-royer-jurgen-briand-passe-pres\/#primaryimage\"},\"thumbnailUrl\":\"https:\/\/dicodusport.fr\/blog\/wp-content\/uploads\/2022\/05\/Circuit-ITF-Premier-titre-pour-Valentin-Royer-Jurgen-Briand-passe-pres.jpg\",\"datePublished\":\"2022-05-15T11:19:27+00:00\",\"description\":\"TENNIS - CIRCUIT ITF - Premier titre pour le jeune Valentin Royer au Mont\u00e9n\u00e9gro. Jurgen Briand, lui s'est inclin\u00e9 en finale \u00e0 Prague.\",\"breadcrumb\":{\"@id\":\"https:\/\/dicodusport.fr\/blog\/circuit-itf-premier-titre-pour-valentin-royer-jurgen-briand-passe-pres\/#breadcrumb\"},\"inLanguage\":\"fr-FR\",\"potentialAction\":[{\"@type\":\"ReadAction\",\"target\":[\"https:\/\/dicodusport.fr\/blog\/circuit-itf-premier-titre-pour-valentin-royer-jurgen-briand-passe-pres\/\"]}]},{\"@type\":\"ImageObject\",\"inLanguage\":\"fr-FR\",\"@id\":\"https:\/\/dicodusport.fr\/blog\/circuit-itf-premier-titre-pour-valentin-royer-jurgen-briand-passe-pres\/#primaryimage\",\"url\":\"https:\/\/dicodusport.fr\/blog\/wp-content\/uploads\/2022\/05\/Circuit-ITF-Premier-titre-pour-Valentin-Royer-Jurgen-Briand-passe-pres.jpg\",\"contentUrl\":\"https:\/\/dicodusport.fr\/blog\/wp-content\/uploads\/2022\/05\/Circuit-ITF-Premier-titre-pour-Valentin-Royer-Jurgen-Briand-passe-pres.jpg\",\"width\":800,\"height\":445,\"caption\":\"Circuit ITF Premier titre pour Valentin Royer, Jurgen Briand passe pr\u00e8s\"},{\"@type\":\"BreadcrumbList\",\"@id\":\"https:\/\/dicodusport.fr\/blog\/circuit-itf-premier-titre-pour-valentin-royer-jurgen-briand-passe-pres\/#breadcrumb\",\"itemListElement\":[{\"@type\":\"ListItem\",\"position\":1,\"name\":\"Accueil\",\"item\":\"https:\/\/dicodusport.fr\/blog\/\"},{\"@type\":\"ListItem\",\"position\":2,\"name\":\"Circuit ITF : Premier titre pour Valentin Royer, Jurgen Briand passe pr\u00e8s\"}]},{\"@type\":\"WebSite\",\"@id\":\"https:\/\/dicodusport.fr\/blog\/#website\",\"url\":\"https:\/\/dicodusport.fr\/blog\/\",\"name\":\"Dicodusport\",\"description\":\"L&#039;encyclop\u00e9die de l&#039;actualit\u00e9 sportive\",\"publisher\":{\"@id\":\"https:\/\/dicodusport.fr\/blog\/#organization\"},\"potentialAction\":[{\"@type\":\"SearchAction\",\"target\":{\"@type\":\"EntryPoint\",\"urlTemplate\":\"https:\/\/dicodusport.fr\/blog\/?s={search_term_string}\"},\"query-input\":{\"@type\":\"PropertyValueSpecification\",\"valueRequired\":true,\"valueName\":\"search_term_string\"}}],\"inLanguage\":\"fr-FR\"},{\"@type\":\"NewsMediaOrganization\",\"@id\":\"https:\/\/dicodusport.fr\/blog\/#organization\",\"name\":\"Dicodusport\",\"url\":\"https:\/\/dicodusport.fr\/blog\/\",\"logo\":{\"@type\":\"ImageObject\",\"inLanguage\":\"fr-FR\",\"@id\":\"https:\/\/dicodusport.fr\/blog\/#\/schema\/logo\/image\/\",\"url\":\"https:\/\/dicodusport.fr\/blog\/wp-content\/uploads\/2020\/06\/cropped-LOGO-DICODUSPORT-2020-SANS-FOND-SANS-TEXTE.png\",\"contentUrl\":\"https:\/\/dicodusport.fr\/blog\/wp-content\/uploads\/2020\/06\/cropped-LOGO-DICODUSPORT-2020-SANS-FOND-SANS-TEXTE.png\",\"width\":512,\"height\":512,\"caption\":\"Dicodusport\"},\"image\":{\"@id\":\"https:\/\/dicodusport.fr\/blog\/#\/schema\/logo\/image\/\"},\"sameAs\":[\"https:\/\/www.facebook.com\/dicodusport\",\"https:\/\/x.com\/dicodusport\",\"https:\/\/www.instagram.com\/dicodusport\/\",\"https:\/\/www.youtube.com\/channel\/UC7V2KZ5sd3htJivAbA4ZG3w\"],\"description\":\"Dicodusport est l'encyclop\u00e9die de l'actualit\u00e9 sportive.\",\"email\":\"bonjour@dicodusport.fr\",\"legalName\":\"DICODUSPORT\",\"foundingDate\":\"2018-01-14\",\"vatID\":\"FR71834470973\",\"taxID\":\"83447097300043\",\"numberOfEmployees\":{\"@type\":\"QuantitativeValue\",\"minValue\":\"1\",\"maxValue\":\"10\"}},{\"@type\":\"Person\",\"@id\":\"https:\/\/dicodusport.fr\/blog\/#\/schema\/person\/627966a6cde45dbd8c5e36ac85d783da\",\"name\":\"S\u00e9bastien Gente\",\"image\":{\"@type\":\"ImageObject\",\"inLanguage\":\"fr-FR\",\"@id\":\"https:\/\/dicodusport.fr\/blog\/#\/schema\/person\/image\/\",\"url\":\"https:\/\/dicodusport.fr\/blog\/wp-content\/uploads\/2021\/09\/1510990_10205810251400683_4124423575079401707_n-150x150.jpg\",\"contentUrl\":\"https:\/\/dicodusport.fr\/blog\/wp-content\/uploads\/2021\/09\/1510990_10205810251400683_4124423575079401707_n-150x150.jpg\",\"caption\":\"S\u00e9bastien Gente\"},\"description\":\"John Stockton, Gianni Bugno, Zinedine Zidane, Steffi Graf, Frode Andresen, St\u00e9phane Stoecklin, Davis Kamoga, Primoz Peterka, Werner Schlager et Aur\u00e9lien Rougerie. Point commun entre ces sportifs? Ils m'ont fait r\u00eaver et ont berc\u00e9 mon adolescence. Je suis un fondu de sports et j'essaie de retranscrire ma passion \u00e0 travers mes articles. Originaire du P\u00e9rigord, ma passion pour les Girondins, les Jaunards et les Jazzmen transpire dans mes \u00e9crits. \u00c0 Dicodusport depuis 2021, je d\u00e9niche les sports m\u00e9connus dans lesquels la France brille, et il y en a !\",\"sameAs\":[\"https:\/\/www.facebook.com\/sebastien.gente\/\",\"https:\/\/www.instagram.com\/sebgente\/\",\"https:\/\/www.linkedin.com\/in\/sbastien-gente-a29583169\/\",\"https:\/\/x.com\/https:\/\/twitter.com\/globulo24\",\"SebastienGente\"],\"worksFor\":\"S\u00e9bastien GENTE\",\"url\":\"https:\/\/dicodusport.fr\/blog\/author\/sebastiengente\/\"}]}<\/script>\n<!-- \/ Yoast SEO Premium plugin. -->","yoast_head_json":{"title":"Circuit ITF : Premier titre pour Valentin Royer, Jurgen Briand passe pr\u00e8s","description":"TENNIS - CIRCUIT ITF - Premier titre pour le jeune Valentin Royer au Mont\u00e9n\u00e9gro. Jurgen Briand, lui s'est inclin\u00e9 en finale \u00e0 Prague.","robots":{"index":"index","follow":"follow","max-snippet":"max-snippet:-1","max-image-preview":"max-image-preview:large","max-video-preview":"max-video-preview:-1"},"canonical":"https:\/\/dicodusport.fr\/blog\/circuit-itf-premier-titre-pour-valentin-royer-jurgen-briand-passe-pres\/","og_locale":"fr_FR","og_type":"article","og_title":"Circuit ITF : Premier titre pour Valentin Royer, Jurgen Briand passe pr\u00e8s","og_description":"TENNIS - CIRCUIT ITF - Premier titre pour le jeune Valentin Royer au Mont\u00e9n\u00e9gro. Jurgen Briand, lui s'est inclin\u00e9 en finale \u00e0 Prague.","og_url":"https:\/\/dicodusport.fr\/blog\/circuit-itf-premier-titre-pour-valentin-royer-jurgen-briand-passe-pres\/","og_site_name":"Dicodusport","article_publisher":"https:\/\/www.facebook.com\/dicodusport","article_author":"https:\/\/www.facebook.com\/sebastien.gente\/","article_published_time":"2022-05-15T11:19:27+00:00","og_image":[{"width":800,"height":445,"url":"https:\/\/dicodusport.fr\/blog\/wp-content\/uploads\/2022\/05\/Circuit-ITF-Premier-titre-pour-Valentin-Royer-Jurgen-Briand-passe-pres.jpg","type":"image\/jpeg"}],"author":"S\u00e9bastien Gente","twitter_card":"summary_large_image","twitter_title":"Circuit ITF : Premier titre pour Valentin Royer, Jurgen Briand passe pr\u00e8s","twitter_creator":"@https:\/\/twitter.com\/globulo24","twitter_site":"@dicodusport","schema":{"@context":"https:\/\/schema.org","@graph":[{"@type":"NewsArticle","@id":"https:\/\/dicodusport.fr\/blog\/circuit-itf-premier-titre-pour-valentin-royer-jurgen-briand-passe-pres\/#article","isPartOf":{"@id":"https:\/\/dicodusport.fr\/blog\/circuit-itf-premier-titre-pour-valentin-royer-jurgen-briand-passe-pres\/"},"author":{"name":"S\u00e9bastien Gente","@id":"https:\/\/dicodusport.fr\/blog\/#\/schema\/person\/627966a6cde45dbd8c5e36ac85d783da"},"headline":"Circuit ITF : Premier titre pour Valentin Royer, Jurgen Briand passe pr\u00e8s","datePublished":"2022-05-15T11:19:27+00:00","mainEntityOfPage":{"@id":"https:\/\/dicodusport.fr\/blog\/circuit-itf-premier-titre-pour-valentin-royer-jurgen-briand-passe-pres\/"},"wordCount":324,"commentCount":0,"publisher":{"@id":"https:\/\/dicodusport.fr\/blog\/#organization"},"image":{"@id":"https:\/\/dicodusport.fr\/blog\/circuit-itf-premier-titre-pour-valentin-royer-jurgen-briand-passe-pres\/#primaryimage"},"thumbnailUrl":"https:\/\/dicodusport.fr\/blog\/wp-content\/uploads\/2022\/05\/Circuit-ITF-Premier-titre-pour-Valentin-Royer-Jurgen-Briand-passe-pres.jpg","keywords":["Tennis fran\u00e7ais","Valentin Royer"],"articleSection":["Tennis"],"inLanguage":"fr-FR","potentialAction":[{"@type":"CommentAction","name":"Comment","target":["https:\/\/dicodusport.fr\/blog\/circuit-itf-premier-titre-pour-valentin-royer-jurgen-briand-passe-pres\/#respond"]}],"copyrightYear":"2022","copyrightHolder":{"@id":"https:\/\/dicodusport.fr\/blog\/#organization"}},{"@type":"WebPage","@id":"https:\/\/dicodusport.fr\/blog\/circuit-itf-premier-titre-pour-valentin-royer-jurgen-briand-passe-pres\/","url":"https:\/\/dicodusport.fr\/blog\/circuit-itf-premier-titre-pour-valentin-royer-jurgen-briand-passe-pres\/","name":"Circuit ITF : Premier titre pour Valentin Royer, Jurgen Briand passe pr\u00e8s","isPartOf":{"@id":"https:\/\/dicodusport.fr\/blog\/#website"},"primaryImageOfPage":{"@id":"https:\/\/dicodusport.fr\/blog\/circuit-itf-premier-titre-pour-valentin-royer-jurgen-briand-passe-pres\/#primaryimage"},"image":{"@id":"https:\/\/dicodusport.fr\/blog\/circuit-itf-premier-titre-pour-valentin-royer-jurgen-briand-passe-pres\/#primaryimage"},"thumbnailUrl":"https:\/\/dicodusport.fr\/blog\/wp-content\/uploads\/2022\/05\/Circuit-ITF-Premier-titre-pour-Valentin-Royer-Jurgen-Briand-passe-pres.jpg","datePublished":"2022-05-15T11:19:27+00:00","description":"TENNIS - CIRCUIT ITF - Premier titre pour le jeune Valentin Royer au Mont\u00e9n\u00e9gro. Jurgen Briand, lui s'est inclin\u00e9 en finale \u00e0 Prague.","breadcrumb":{"@id":"https:\/\/dicodusport.fr\/blog\/circuit-itf-premier-titre-pour-valentin-royer-jurgen-briand-passe-pres\/#breadcrumb"},"inLanguage":"fr-FR","potentialAction":[{"@type":"ReadAction","target":["https:\/\/dicodusport.fr\/blog\/circuit-itf-premier-titre-pour-valentin-royer-jurgen-briand-passe-pres\/"]}]},{"@type":"ImageObject","inLanguage":"fr-FR","@id":"https:\/\/dicodusport.fr\/blog\/circuit-itf-premier-titre-pour-valentin-royer-jurgen-briand-passe-pres\/#primaryimage","url":"https:\/\/dicodusport.fr\/blog\/wp-content\/uploads\/2022\/05\/Circuit-ITF-Premier-titre-pour-Valentin-Royer-Jurgen-Briand-passe-pres.jpg","contentUrl":"https:\/\/dicodusport.fr\/blog\/wp-content\/uploads\/2022\/05\/Circuit-ITF-Premier-titre-pour-Valentin-Royer-Jurgen-Briand-passe-pres.jpg","width":800,"height":445,"caption":"Circuit ITF Premier titre pour Valentin Royer, Jurgen Briand passe pr\u00e8s"},{"@type":"BreadcrumbList","@id":"https:\/\/dicodusport.fr\/blog\/circuit-itf-premier-titre-pour-valentin-royer-jurgen-briand-passe-pres\/#breadcrumb","itemListElement":[{"@type":"ListItem","position":1,"name":"Accueil","item":"https:\/\/dicodusport.fr\/blog\/"},{"@type":"ListItem","position":2,"name":"Circuit ITF : Premier titre pour Valentin Royer, Jurgen Briand passe pr\u00e8s"}]},{"@type":"WebSite","@id":"https:\/\/dicodusport.fr\/blog\/#website","url":"https:\/\/dicodusport.fr\/blog\/","name":"Dicodusport","description":"L&#039;encyclop\u00e9die de l&#039;actualit\u00e9 sportive","publisher":{"@id":"https:\/\/dicodusport.fr\/blog\/#organization"},"potentialAction":[{"@type":"SearchAction","target":{"@type":"EntryPoint","urlTemplate":"https:\/\/dicodusport.fr\/blog\/?s={search_term_string}"},"query-input":{"@type":"PropertyValueSpecification","valueRequired":true,"valueName":"search_term_string"}}],"inLanguage":"fr-FR"},{"@type":"NewsMediaOrganization","@id":"https:\/\/dicodusport.fr\/blog\/#organization","name":"Dicodusport","url":"https:\/\/dicodusport.fr\/blog\/","logo":{"@type":"ImageObject","inLanguage":"fr-FR","@id":"https:\/\/dicodusport.fr\/blog\/#\/schema\/logo\/image\/","url":"https:\/\/dicodusport.fr\/blog\/wp-content\/uploads\/2020\/06\/cropped-LOGO-DICODUSPORT-2020-SANS-FOND-SANS-TEXTE.png","contentUrl":"https:\/\/dicodusport.fr\/blog\/wp-content\/uploads\/2020\/06\/cropped-LOGO-DICODUSPORT-2020-SANS-FOND-SANS-TEXTE.png","width":512,"height":512,"caption":"Dicodusport"},"image":{"@id":"https:\/\/dicodusport.fr\/blog\/#\/schema\/logo\/image\/"},"sameAs":["https:\/\/www.facebook.com\/dicodusport","https:\/\/x.com\/dicodusport","https:\/\/www.instagram.com\/dicodusport\/","https:\/\/www.youtube.com\/channel\/UC7V2KZ5sd3htJivAbA4ZG3w"],"description":"Dicodusport est l'encyclop\u00e9die de l'actualit\u00e9 sportive.","email":"bonjour@dicodusport.fr","legalName":"DICODUSPORT","foundingDate":"2018-01-14","vatID":"FR71834470973","taxID":"83447097300043","numberOfEmployees":{"@type":"QuantitativeValue","minValue":"1","maxValue":"10"}},{"@type":"Person","@id":"https:\/\/dicodusport.fr\/blog\/#\/schema\/person\/627966a6cde45dbd8c5e36ac85d783da","name":"S\u00e9bastien Gente","image":{"@type":"ImageObject","inLanguage":"fr-FR","@id":"https:\/\/dicodusport.fr\/blog\/#\/schema\/person\/image\/","url":"https:\/\/dicodusport.fr\/blog\/wp-content\/uploads\/2021\/09\/1510990_10205810251400683_4124423575079401707_n-150x150.jpg","contentUrl":"https:\/\/dicodusport.fr\/blog\/wp-content\/uploads\/2021\/09\/1510990_10205810251400683_4124423575079401707_n-150x150.jpg","caption":"S\u00e9bastien Gente"},"description":"John Stockton, Gianni Bugno, Zinedine Zidane, Steffi Graf, Frode Andresen, St\u00e9phane Stoecklin, Davis Kamoga, Primoz Peterka, Werner Schlager et Aur\u00e9lien Rougerie. Point commun entre ces sportifs? Ils m'ont fait r\u00eaver et ont berc\u00e9 mon adolescence. Je suis un fondu de sports et j'essaie de retranscrire ma passion \u00e0 travers mes articles. Originaire du P\u00e9rigord, ma passion pour les Girondins, les Jaunards et les Jazzmen transpire dans mes \u00e9crits. \u00c0 Dicodusport depuis 2021, je d\u00e9niche les sports m\u00e9connus dans lesquels la France brille, et il y en a !","sameAs":["https:\/\/www.facebook.com\/sebastien.gente\/","https:\/\/www.instagram.com\/sebgente\/","https:\/\/www.linkedin.com\/in\/sbastien-gente-a29583169\/","https:\/\/x.com\/https:\/\/twitter.com\/globulo24","SebastienGente"],"worksFor":"S\u00e9bastien GENTE","url":"https:\/\/dicodusport.fr\/blog\/author\/sebastiengente\/"}]}},"_links":{"self":[{"href":"https:\/\/dicodusport.fr\/blog\/wp-json\/wp\/v2\/posts\/223911","targetHints":{"allow":["GET"]}}],"collection":[{"href":"https:\/\/dicodusport.fr\/blog\/wp-json\/wp\/v2\/posts"}],"about":[{"href":"https:\/\/dicodusport.fr\/blog\/wp-json\/wp\/v2\/types\/post"}],"author":[{"embeddable":true,"href":"https:\/\/dicodusport.fr\/blog\/wp-json\/wp\/v2\/users\/59"}],"replies":[{"embeddable":true,"href":"https:\/\/dicodusport.fr\/blog\/wp-json\/wp\/v2\/comments?post=223911"}],"version-history":[{"count":0,"href":"https:\/\/dicodusport.fr\/blog\/wp-json\/wp\/v2\/posts\/223911\/revisions"}],"wp:featuredmedia":[{"embeddable":true,"href":"https:\/\/dicodusport.fr\/blog\/wp-json\/wp\/v2\/media\/223929"}],"wp:attachment":[{"href":"https:\/\/dicodusport.fr\/blog\/wp-json\/wp\/v2\/media?parent=223911"}],"wp:term":[{"taxonomy":"category","embeddable":true,"href":"https:\/\/dicodusport.fr\/blog\/wp-json\/wp\/v2\/categories?post=223911"},{"taxonomy":"post_tag","embeddable":true,"href":"https:\/\/dicodusport.fr\/blog\/wp-json\/wp\/v2\/tags?post=223911"}],"curies":[{"name":"wp","href":"https:\/\/api.w.org\/{rel}","templated":true}]}}