{"id":22392,"date":"2018-07-22T17:59:11","date_gmt":"2018-07-22T15:59:11","guid":{"rendered":"http:\/\/dicodusport.fr\/blog\/?p=22392"},"modified":"2018-07-22T18:07:36","modified_gmt":"2018-07-22T16:07:36","slug":"tour-de-france-cort-nielsen-calmejane-ce-quil-faut-retenir-de-la-15eme-etape","status":"publish","type":"post","link":"https:\/\/dicodusport.fr\/blog\/tour-de-france-cort-nielsen-calmejane-ce-quil-faut-retenir-de-la-15eme-etape\/","title":{"rendered":"Tour de France : Cort Nielsen, Calmejane, ce qu&rsquo;il faut retenir de la 15\u00e8me \u00e9tape"},"content":{"rendered":"<p style=\"text-align: justify;\"><strong><em>Victoire Magnus Cort Nielsen devant Ion Izaguirre et Bauke Mollema. Voici ce qu&rsquo;il faut retenir de cette quinzi\u00e8me \u00e9tape.<\/em><\/strong><\/p>\n<p style=\"text-align: justify;\"><strong>Cort Nielsen, une victoire collective :\u00a0<\/strong>Une trentaine de coureurs en t\u00eate, avec des grimpeurs, des baroudeurs, mais aussi un Peter Sagan d\u00e9cid\u00e9ment intenable. Si le groupe a explos\u00e9 dans le Pic de Nore, avec notamment Julien Bernard (Trek-Segafredo) et Fabien Grellier (Direct Energie) qui ont bien cru pouvoir cr\u00e9er l&rsquo;exploit, derri\u00e8re, Rafal Majka, le Polonais de la Bora Hansgrohe, a r\u00e9alis\u00e9 un sacr\u00e9 num\u00e9ro dans les pentes raides d&rsquo;une mont\u00e9e in\u00e9dite. Mais le triple vainqueur d&rsquo;\u00e9tapes n&rsquo;a pas pu r\u00e9sister au retour des poursuivants avec un vent d\u00e9favorable, \u00e0 9 km de l&rsquo;arriv\u00e9e.<\/p>\n<p style=\"text-align: justify;\">C&rsquo;est \u00e0 6 km de l&rsquo;arriv\u00e9e que Magnus Cort Nielsen, Ion Izaguirre et Bauke Mollema ont tent\u00e9 leur chance. Derri\u00e8re, les co\u00e9quipiers du trio (Valgren, Pozzovivo et Skujins) enterraient Majka et Calmejane. Si Ion Izaguirre tentant de partir seul, Magnus Cort Nielsen contr\u00f4lait et s&rsquo;imposait finalement au sprint. Deuxi\u00e8me victoire d&rsquo;affil\u00e9e pour Astana.<\/p>\n<p style=\"text-align: justify;\"><strong>Dan Martin fausse compagnie au peloton :\u00a0<\/strong>Brillant vainqueur \u00e0 M\u00fbr-de-Bretagne mais malchanceux par la suite, l&rsquo;Irlandais Dan Martin, 10\u00e8me du classement g\u00e9n\u00e9ral ce matin \u00e0 6&rsquo;54 du Geraint Thomas, a pris la poudre d&rsquo;escampette dans le Pic de Nore \u00e0 50 km de l&rsquo;arriv\u00e9e. S&rsquo;il a tr\u00e8s vite creus\u00e9 l&rsquo;\u00e9cart avec une bonne minute d&rsquo;avance, il a ensuite \u00e9t\u00e9 revu au bas de la descente \u00e0 25km de l&rsquo;arriv\u00e9e. Un coup d&rsquo;\u00e9p\u00e9e dans l&rsquo;eau, qui aura eu le m\u00e9rite de \u00ab\u00a0secouer\u00a0\u00bb un peloton en balade dominicale.<\/p>\n<p style=\"text-align: justify;\"><b>Calmejane s&rsquo;est grill\u00e9 : <\/b>Parti \u00e0 120 km de l&rsquo;arriv\u00e9e en solitaire alors qu&rsquo;il figurait dans la grande \u00e9chapp\u00e9e du jour, l&rsquo;initiative de Lilian Calmejane a quelque peu interpell\u00e9 les suiveurs, mais aussi son propre directeur sportif. S&rsquo;il s&rsquo;est relev\u00e9 apr\u00e8s le Col de Si\u00e9, le r\u00e9gional de l&rsquo;\u00e9tape, qui avait coch\u00e9 cette arriv\u00e9e \u00e0 Carcassonne, a sans doute grill\u00e9 des cartouches trop t\u00f4t. M\u00eame s&rsquo;il a tr\u00e8s bien r\u00e9sist\u00e9 dans le final en \u00e9tant dans le groupe qui s&rsquo;est jou\u00e9 la victoire aujourd&rsquo;hui, la fougue de l&rsquo;Albigeois lui a jou\u00e9 un mauvais tour, puisqu&rsquo;il n&rsquo;a pas pu accompagner Cort Nielsen, Mollema et Izaguirre \u00e0 6 km de l&rsquo;arriv\u00e9e. Dommage, car il semblait \u00eatre en mesure de jouer la gagne sur le papier<\/p>\n<p><em><strong>F<\/strong><\/em><em><strong>lo Ostermann<br \/>\n<a href=\"https:\/\/www.facebook.com\/florent.ostermann\"><img loading=\"lazy\" decoding=\"async\" class=\"alignnone wp-image-2909\" src=\"http:\/\/dicodusport.fr\/blog\/wp-content\/uploads\/2017\/07\/logo-facebook-150x150.png\" sizes=\"auto, (max-width: 40px) 100vw, 40px\" srcset=\"https:\/\/dicodusport.fr\/blog\/wp-content\/uploads\/2017\/07\/logo-facebook-150x150.png 150w, https:\/\/dicodusport.fr\/blog\/wp-content\/uploads\/2017\/07\/logo-facebook-300x300.png 300w, https:\/\/dicodusport.fr\/blog\/wp-content\/uploads\/2017\/07\/logo-facebook.png 400w\" alt=\"\" width=\"40\" height=\"40\" \/><\/a><a href=\"https:\/\/twitter.com\/SportInsideMag\"><img loading=\"lazy\" decoding=\"async\" class=\"alignnone wp-image-2908\" src=\"http:\/\/dicodusport.fr\/blog\/wp-content\/uploads\/2017\/07\/logo-twitter-150x150.png\" alt=\"\" width=\"39\" height=\"39\" \/><\/a><\/strong><\/em><\/p>\n","protected":false},"excerpt":{"rendered":"<p>Victoire Magnus Cort Nielsen devant Ion Izaguirre et Bauke Mollema. Voici ce qu&rsquo;il faut retenir de cette quinzi\u00e8me \u00e9tape.<\/p>\n","protected":false},"author":1,"featured_media":22417,"comment_status":"open","ping_status":"closed","sticky":false,"template":"","format":"standard","meta":{"_acf_changed":false,"_daextam_enable_autolinks":"","footnotes":""},"categories":[2,2307,46995],"tags":[5324,574,1262],"class_list":["post-22392","post","type-post","status-publish","format-standard","has-post-thumbnail","hentry","category-actualites","category-cyclisme","category-tour-de-france","tag-carcassonne","tag-cyclisme","tag-tour-de-france"],"acf":[],"yoast_head":"<!-- This site is optimized with the Yoast SEO Premium plugin v26.7 (Yoast SEO v26.7) - https:\/\/yoast.com\/wordpress\/plugins\/seo\/ -->\n<title>Tour de France : Cort Nielsen, Calmejane, ce qu&#039;il faut retenir de la 15\u00e8me \u00e9tape<\/title>\n<meta name=\"description\" content=\"Victoire Magnus Cort Nielsen devant Ion Izaguirre et Bauke Mollema. Voici ce qu&#039;il faut retenir de cette quinzi\u00e8me \u00e9tape.\" \/>\n<meta name=\"robots\" content=\"index, follow, max-snippet:-1, max-image-preview:large, max-video-preview:-1\" \/>\n<link rel=\"canonical\" href=\"https:\/\/dicodusport.fr\/blog\/tour-de-france-cort-nielsen-calmejane-ce-quil-faut-retenir-de-la-15eme-etape\/\" \/>\n<meta property=\"og:locale\" content=\"fr_FR\" \/>\n<meta property=\"og:type\" content=\"article\" \/>\n<meta property=\"og:title\" content=\"Tour de France : Cort Nielsen, Calmejane, ce qu&#039;il faut retenir de la 15\u00e8me \u00e9tape\" \/>\n<meta property=\"og:description\" content=\"Victoire Magnus Cort Nielsen devant Ion Izaguirre et Bauke Mollema. Voici ce qu&#039;il faut retenir de cette quinzi\u00e8me \u00e9tape.\" \/>\n<meta property=\"og:url\" content=\"https:\/\/dicodusport.fr\/blog\/tour-de-france-cort-nielsen-calmejane-ce-quil-faut-retenir-de-la-15eme-etape\/\" \/>\n<meta property=\"og:site_name\" content=\"Dicodusport\" \/>\n<meta property=\"article:publisher\" content=\"https:\/\/www.facebook.com\/dicodusport\" \/>\n<meta property=\"article:author\" content=\"https:\/\/www.facebook.com\/dicodusport\" \/>\n<meta property=\"article:published_time\" content=\"2018-07-22T15:59:11+00:00\" \/>\n<meta property=\"article:modified_time\" content=\"2018-07-22T16:07:36+00:00\" \/>\n<meta property=\"og:image\" content=\"https:\/\/dicodusport.fr\/blog\/wp-content\/uploads\/2018\/07\/Cort-Nielsen.png\" \/>\n\t<meta property=\"og:image:width\" content=\"800\" \/>\n\t<meta property=\"og:image:height\" content=\"445\" \/>\n\t<meta property=\"og:image:type\" content=\"image\/png\" \/>\n<meta name=\"author\" content=\"Nicolas Jacquemard\" \/>\n<meta name=\"twitter:card\" content=\"summary_large_image\" \/>\n<meta name=\"twitter:creator\" content=\"@https:\/\/twitter.com\/Nico_Jacquemard\" \/>\n<meta name=\"twitter:site\" content=\"@dicodusport\" \/>\n<script type=\"application\/ld+json\" class=\"yoast-schema-graph\">{\"@context\":\"https:\/\/schema.org\",\"@graph\":[{\"@type\":\"NewsArticle\",\"@id\":\"https:\/\/dicodusport.fr\/blog\/tour-de-france-cort-nielsen-calmejane-ce-quil-faut-retenir-de-la-15eme-etape\/#article\",\"isPartOf\":{\"@id\":\"https:\/\/dicodusport.fr\/blog\/tour-de-france-cort-nielsen-calmejane-ce-quil-faut-retenir-de-la-15eme-etape\/\"},\"author\":{\"name\":\"Nicolas Jacquemard\",\"@id\":\"https:\/\/dicodusport.fr\/blog\/#\/schema\/person\/55dcb50ad410894e431ed812bbb70191\"},\"headline\":\"Tour de France : Cort Nielsen, Calmejane, ce qu&rsquo;il faut retenir de la 15\u00e8me \u00e9tape\",\"datePublished\":\"2018-07-22T15:59:11+00:00\",\"dateModified\":\"2018-07-22T16:07:36+00:00\",\"mainEntityOfPage\":{\"@id\":\"https:\/\/dicodusport.fr\/blog\/tour-de-france-cort-nielsen-calmejane-ce-quil-faut-retenir-de-la-15eme-etape\/\"},\"wordCount\":446,\"commentCount\":0,\"publisher\":{\"@id\":\"https:\/\/dicodusport.fr\/blog\/#organization\"},\"image\":{\"@id\":\"https:\/\/dicodusport.fr\/blog\/tour-de-france-cort-nielsen-calmejane-ce-quil-faut-retenir-de-la-15eme-etape\/#primaryimage\"},\"thumbnailUrl\":\"https:\/\/dicodusport.fr\/blog\/wp-content\/uploads\/2018\/07\/Cort-Nielsen.png\",\"keywords\":[\"Carcassonne\",\"Cyclisme\",\"Tour de France\"],\"articleSection\":[\"Actualit\u00e9s\",\"Cyclisme\",\"Tour de France\"],\"inLanguage\":\"fr-FR\",\"potentialAction\":[{\"@type\":\"CommentAction\",\"name\":\"Comment\",\"target\":[\"https:\/\/dicodusport.fr\/blog\/tour-de-france-cort-nielsen-calmejane-ce-quil-faut-retenir-de-la-15eme-etape\/#respond\"]}],\"copyrightYear\":\"2018\",\"copyrightHolder\":{\"@id\":\"https:\/\/dicodusport.fr\/blog\/#organization\"}},{\"@type\":\"WebPage\",\"@id\":\"https:\/\/dicodusport.fr\/blog\/tour-de-france-cort-nielsen-calmejane-ce-quil-faut-retenir-de-la-15eme-etape\/\",\"url\":\"https:\/\/dicodusport.fr\/blog\/tour-de-france-cort-nielsen-calmejane-ce-quil-faut-retenir-de-la-15eme-etape\/\",\"name\":\"Tour de France : Cort Nielsen, Calmejane, ce qu'il faut retenir de la 15\u00e8me \u00e9tape\",\"isPartOf\":{\"@id\":\"https:\/\/dicodusport.fr\/blog\/#website\"},\"primaryImageOfPage\":{\"@id\":\"https:\/\/dicodusport.fr\/blog\/tour-de-france-cort-nielsen-calmejane-ce-quil-faut-retenir-de-la-15eme-etape\/#primaryimage\"},\"image\":{\"@id\":\"https:\/\/dicodusport.fr\/blog\/tour-de-france-cort-nielsen-calmejane-ce-quil-faut-retenir-de-la-15eme-etape\/#primaryimage\"},\"thumbnailUrl\":\"https:\/\/dicodusport.fr\/blog\/wp-content\/uploads\/2018\/07\/Cort-Nielsen.png\",\"datePublished\":\"2018-07-22T15:59:11+00:00\",\"dateModified\":\"2018-07-22T16:07:36+00:00\",\"description\":\"Victoire Magnus Cort Nielsen devant Ion Izaguirre et Bauke Mollema. Voici ce qu'il faut retenir de cette quinzi\u00e8me \u00e9tape.\",\"breadcrumb\":{\"@id\":\"https:\/\/dicodusport.fr\/blog\/tour-de-france-cort-nielsen-calmejane-ce-quil-faut-retenir-de-la-15eme-etape\/#breadcrumb\"},\"inLanguage\":\"fr-FR\",\"potentialAction\":[{\"@type\":\"ReadAction\",\"target\":[\"https:\/\/dicodusport.fr\/blog\/tour-de-france-cort-nielsen-calmejane-ce-quil-faut-retenir-de-la-15eme-etape\/\"]}]},{\"@type\":\"ImageObject\",\"inLanguage\":\"fr-FR\",\"@id\":\"https:\/\/dicodusport.fr\/blog\/tour-de-france-cort-nielsen-calmejane-ce-quil-faut-retenir-de-la-15eme-etape\/#primaryimage\",\"url\":\"https:\/\/dicodusport.fr\/blog\/wp-content\/uploads\/2018\/07\/Cort-Nielsen.png\",\"contentUrl\":\"https:\/\/dicodusport.fr\/blog\/wp-content\/uploads\/2018\/07\/Cort-Nielsen.png\",\"width\":800,\"height\":445,\"caption\":\"Cort Nielsen\"},{\"@type\":\"BreadcrumbList\",\"@id\":\"https:\/\/dicodusport.fr\/blog\/tour-de-france-cort-nielsen-calmejane-ce-quil-faut-retenir-de-la-15eme-etape\/#breadcrumb\",\"itemListElement\":[{\"@type\":\"ListItem\",\"position\":1,\"name\":\"Accueil\",\"item\":\"https:\/\/dicodusport.fr\/blog\/\"},{\"@type\":\"ListItem\",\"position\":2,\"name\":\"Tour de France : Cort Nielsen, Calmejane, ce qu&rsquo;il faut retenir de la 15\u00e8me \u00e9tape\"}]},{\"@type\":\"WebSite\",\"@id\":\"https:\/\/dicodusport.fr\/blog\/#website\",\"url\":\"https:\/\/dicodusport.fr\/blog\/\",\"name\":\"Dicodusport\",\"description\":\"L&#039;encyclop\u00e9die de l&#039;actualit\u00e9 sportive\",\"publisher\":{\"@id\":\"https:\/\/dicodusport.fr\/blog\/#organization\"},\"potentialAction\":[{\"@type\":\"SearchAction\",\"target\":{\"@type\":\"EntryPoint\",\"urlTemplate\":\"https:\/\/dicodusport.fr\/blog\/?s={search_term_string}\"},\"query-input\":{\"@type\":\"PropertyValueSpecification\",\"valueRequired\":true,\"valueName\":\"search_term_string\"}}],\"inLanguage\":\"fr-FR\"},{\"@type\":\"NewsMediaOrganization\",\"@id\":\"https:\/\/dicodusport.fr\/blog\/#organization\",\"name\":\"Dicodusport\",\"url\":\"https:\/\/dicodusport.fr\/blog\/\",\"logo\":{\"@type\":\"ImageObject\",\"inLanguage\":\"fr-FR\",\"@id\":\"https:\/\/dicodusport.fr\/blog\/#\/schema\/logo\/image\/\",\"url\":\"https:\/\/dicodusport.fr\/blog\/wp-content\/uploads\/2020\/06\/cropped-LOGO-DICODUSPORT-2020-SANS-FOND-SANS-TEXTE.png\",\"contentUrl\":\"https:\/\/dicodusport.fr\/blog\/wp-content\/uploads\/2020\/06\/cropped-LOGO-DICODUSPORT-2020-SANS-FOND-SANS-TEXTE.png\",\"width\":512,\"height\":512,\"caption\":\"Dicodusport\"},\"image\":{\"@id\":\"https:\/\/dicodusport.fr\/blog\/#\/schema\/logo\/image\/\"},\"sameAs\":[\"https:\/\/www.facebook.com\/dicodusport\",\"https:\/\/x.com\/dicodusport\",\"https:\/\/www.instagram.com\/dicodusport\/\",\"https:\/\/www.youtube.com\/channel\/UC7V2KZ5sd3htJivAbA4ZG3w\"],\"description\":\"Dicodusport est l'encyclop\u00e9die de l'actualit\u00e9 sportive.\",\"email\":\"bonjour@dicodusport.fr\",\"legalName\":\"DICODUSPORT\",\"foundingDate\":\"2018-01-14\",\"vatID\":\"FR71834470973\",\"taxID\":\"83447097300043\",\"numberOfEmployees\":{\"@type\":\"QuantitativeValue\",\"minValue\":\"1\",\"maxValue\":\"10\"}},{\"@type\":\"Person\",\"@id\":\"https:\/\/dicodusport.fr\/blog\/#\/schema\/person\/55dcb50ad410894e431ed812bbb70191\",\"name\":\"Nicolas Jacquemard\",\"image\":{\"@type\":\"ImageObject\",\"inLanguage\":\"fr-FR\",\"@id\":\"https:\/\/dicodusport.fr\/blog\/#\/schema\/person\/image\/\",\"url\":\"https:\/\/dicodusport.fr\/blog\/wp-content\/uploads\/2021\/05\/Nicolas-Jacquemard-150x150.jpeg\",\"contentUrl\":\"https:\/\/dicodusport.fr\/blog\/wp-content\/uploads\/2021\/05\/Nicolas-Jacquemard-150x150.jpeg\",\"caption\":\"Nicolas Jacquemard\"},\"description\":\"Passionn\u00e9 de sport et entrepreneur depuis mes 18 ans, la cr\u00e9ation de Dicodusport m'a sembl\u00e9 \u00e9vidente pour participer \u00e0 la m\u00e9diatisation d'un plus grand nombre de sports. Le chemin est long mais avec une \u00e9quipe des plus motiv\u00e9es et les Jeux Olympiques de Paris 2024 en point de mire, nous y arriverons ! Journaliste dans le monde du sport depuis plus de 5 ans, je traite aussi bien de football, de rugby, de biathlon que de cyclisme.\",\"sameAs\":[\"https:\/\/www.facebook.com\/dicodusport\",\"https:\/\/x.com\/https:\/\/twitter.com\/Nico_Jacquemard\"],\"url\":\"https:\/\/dicodusport.fr\/blog\/author\/dicodusport\/\"}]}<\/script>\n<!-- \/ Yoast SEO Premium plugin. -->","yoast_head_json":{"title":"Tour de France : Cort Nielsen, Calmejane, ce qu'il faut retenir de la 15\u00e8me \u00e9tape","description":"Victoire Magnus Cort Nielsen devant Ion Izaguirre et Bauke Mollema. Voici ce qu'il faut retenir de cette quinzi\u00e8me \u00e9tape.","robots":{"index":"index","follow":"follow","max-snippet":"max-snippet:-1","max-image-preview":"max-image-preview:large","max-video-preview":"max-video-preview:-1"},"canonical":"https:\/\/dicodusport.fr\/blog\/tour-de-france-cort-nielsen-calmejane-ce-quil-faut-retenir-de-la-15eme-etape\/","og_locale":"fr_FR","og_type":"article","og_title":"Tour de France : Cort Nielsen, Calmejane, ce qu'il faut retenir de la 15\u00e8me \u00e9tape","og_description":"Victoire Magnus Cort Nielsen devant Ion Izaguirre et Bauke Mollema. Voici ce qu'il faut retenir de cette quinzi\u00e8me \u00e9tape.","og_url":"https:\/\/dicodusport.fr\/blog\/tour-de-france-cort-nielsen-calmejane-ce-quil-faut-retenir-de-la-15eme-etape\/","og_site_name":"Dicodusport","article_publisher":"https:\/\/www.facebook.com\/dicodusport","article_author":"https:\/\/www.facebook.com\/dicodusport","article_published_time":"2018-07-22T15:59:11+00:00","article_modified_time":"2018-07-22T16:07:36+00:00","og_image":[{"width":800,"height":445,"url":"https:\/\/dicodusport.fr\/blog\/wp-content\/uploads\/2018\/07\/Cort-Nielsen.png","type":"image\/png"}],"author":"Nicolas Jacquemard","twitter_card":"summary_large_image","twitter_creator":"@https:\/\/twitter.com\/Nico_Jacquemard","twitter_site":"@dicodusport","schema":{"@context":"https:\/\/schema.org","@graph":[{"@type":"NewsArticle","@id":"https:\/\/dicodusport.fr\/blog\/tour-de-france-cort-nielsen-calmejane-ce-quil-faut-retenir-de-la-15eme-etape\/#article","isPartOf":{"@id":"https:\/\/dicodusport.fr\/blog\/tour-de-france-cort-nielsen-calmejane-ce-quil-faut-retenir-de-la-15eme-etape\/"},"author":{"name":"Nicolas Jacquemard","@id":"https:\/\/dicodusport.fr\/blog\/#\/schema\/person\/55dcb50ad410894e431ed812bbb70191"},"headline":"Tour de France : Cort Nielsen, Calmejane, ce qu&rsquo;il faut retenir de la 15\u00e8me \u00e9tape","datePublished":"2018-07-22T15:59:11+00:00","dateModified":"2018-07-22T16:07:36+00:00","mainEntityOfPage":{"@id":"https:\/\/dicodusport.fr\/blog\/tour-de-france-cort-nielsen-calmejane-ce-quil-faut-retenir-de-la-15eme-etape\/"},"wordCount":446,"commentCount":0,"publisher":{"@id":"https:\/\/dicodusport.fr\/blog\/#organization"},"image":{"@id":"https:\/\/dicodusport.fr\/blog\/tour-de-france-cort-nielsen-calmejane-ce-quil-faut-retenir-de-la-15eme-etape\/#primaryimage"},"thumbnailUrl":"https:\/\/dicodusport.fr\/blog\/wp-content\/uploads\/2018\/07\/Cort-Nielsen.png","keywords":["Carcassonne","Cyclisme","Tour de France"],"articleSection":["Actualit\u00e9s","Cyclisme","Tour de France"],"inLanguage":"fr-FR","potentialAction":[{"@type":"CommentAction","name":"Comment","target":["https:\/\/dicodusport.fr\/blog\/tour-de-france-cort-nielsen-calmejane-ce-quil-faut-retenir-de-la-15eme-etape\/#respond"]}],"copyrightYear":"2018","copyrightHolder":{"@id":"https:\/\/dicodusport.fr\/blog\/#organization"}},{"@type":"WebPage","@id":"https:\/\/dicodusport.fr\/blog\/tour-de-france-cort-nielsen-calmejane-ce-quil-faut-retenir-de-la-15eme-etape\/","url":"https:\/\/dicodusport.fr\/blog\/tour-de-france-cort-nielsen-calmejane-ce-quil-faut-retenir-de-la-15eme-etape\/","name":"Tour de France : Cort Nielsen, Calmejane, ce qu'il faut retenir de la 15\u00e8me \u00e9tape","isPartOf":{"@id":"https:\/\/dicodusport.fr\/blog\/#website"},"primaryImageOfPage":{"@id":"https:\/\/dicodusport.fr\/blog\/tour-de-france-cort-nielsen-calmejane-ce-quil-faut-retenir-de-la-15eme-etape\/#primaryimage"},"image":{"@id":"https:\/\/dicodusport.fr\/blog\/tour-de-france-cort-nielsen-calmejane-ce-quil-faut-retenir-de-la-15eme-etape\/#primaryimage"},"thumbnailUrl":"https:\/\/dicodusport.fr\/blog\/wp-content\/uploads\/2018\/07\/Cort-Nielsen.png","datePublished":"2018-07-22T15:59:11+00:00","dateModified":"2018-07-22T16:07:36+00:00","description":"Victoire Magnus Cort Nielsen devant Ion Izaguirre et Bauke Mollema. Voici ce qu'il faut retenir de cette quinzi\u00e8me \u00e9tape.","breadcrumb":{"@id":"https:\/\/dicodusport.fr\/blog\/tour-de-france-cort-nielsen-calmejane-ce-quil-faut-retenir-de-la-15eme-etape\/#breadcrumb"},"inLanguage":"fr-FR","potentialAction":[{"@type":"ReadAction","target":["https:\/\/dicodusport.fr\/blog\/tour-de-france-cort-nielsen-calmejane-ce-quil-faut-retenir-de-la-15eme-etape\/"]}]},{"@type":"ImageObject","inLanguage":"fr-FR","@id":"https:\/\/dicodusport.fr\/blog\/tour-de-france-cort-nielsen-calmejane-ce-quil-faut-retenir-de-la-15eme-etape\/#primaryimage","url":"https:\/\/dicodusport.fr\/blog\/wp-content\/uploads\/2018\/07\/Cort-Nielsen.png","contentUrl":"https:\/\/dicodusport.fr\/blog\/wp-content\/uploads\/2018\/07\/Cort-Nielsen.png","width":800,"height":445,"caption":"Cort Nielsen"},{"@type":"BreadcrumbList","@id":"https:\/\/dicodusport.fr\/blog\/tour-de-france-cort-nielsen-calmejane-ce-quil-faut-retenir-de-la-15eme-etape\/#breadcrumb","itemListElement":[{"@type":"ListItem","position":1,"name":"Accueil","item":"https:\/\/dicodusport.fr\/blog\/"},{"@type":"ListItem","position":2,"name":"Tour de France : Cort Nielsen, Calmejane, ce qu&rsquo;il faut retenir de la 15\u00e8me \u00e9tape"}]},{"@type":"WebSite","@id":"https:\/\/dicodusport.fr\/blog\/#website","url":"https:\/\/dicodusport.fr\/blog\/","name":"Dicodusport","description":"L&#039;encyclop\u00e9die de l&#039;actualit\u00e9 sportive","publisher":{"@id":"https:\/\/dicodusport.fr\/blog\/#organization"},"potentialAction":[{"@type":"SearchAction","target":{"@type":"EntryPoint","urlTemplate":"https:\/\/dicodusport.fr\/blog\/?s={search_term_string}"},"query-input":{"@type":"PropertyValueSpecification","valueRequired":true,"valueName":"search_term_string"}}],"inLanguage":"fr-FR"},{"@type":"NewsMediaOrganization","@id":"https:\/\/dicodusport.fr\/blog\/#organization","name":"Dicodusport","url":"https:\/\/dicodusport.fr\/blog\/","logo":{"@type":"ImageObject","inLanguage":"fr-FR","@id":"https:\/\/dicodusport.fr\/blog\/#\/schema\/logo\/image\/","url":"https:\/\/dicodusport.fr\/blog\/wp-content\/uploads\/2020\/06\/cropped-LOGO-DICODUSPORT-2020-SANS-FOND-SANS-TEXTE.png","contentUrl":"https:\/\/dicodusport.fr\/blog\/wp-content\/uploads\/2020\/06\/cropped-LOGO-DICODUSPORT-2020-SANS-FOND-SANS-TEXTE.png","width":512,"height":512,"caption":"Dicodusport"},"image":{"@id":"https:\/\/dicodusport.fr\/blog\/#\/schema\/logo\/image\/"},"sameAs":["https:\/\/www.facebook.com\/dicodusport","https:\/\/x.com\/dicodusport","https:\/\/www.instagram.com\/dicodusport\/","https:\/\/www.youtube.com\/channel\/UC7V2KZ5sd3htJivAbA4ZG3w"],"description":"Dicodusport est l'encyclop\u00e9die de l'actualit\u00e9 sportive.","email":"bonjour@dicodusport.fr","legalName":"DICODUSPORT","foundingDate":"2018-01-14","vatID":"FR71834470973","taxID":"83447097300043","numberOfEmployees":{"@type":"QuantitativeValue","minValue":"1","maxValue":"10"}},{"@type":"Person","@id":"https:\/\/dicodusport.fr\/blog\/#\/schema\/person\/55dcb50ad410894e431ed812bbb70191","name":"Nicolas Jacquemard","image":{"@type":"ImageObject","inLanguage":"fr-FR","@id":"https:\/\/dicodusport.fr\/blog\/#\/schema\/person\/image\/","url":"https:\/\/dicodusport.fr\/blog\/wp-content\/uploads\/2021\/05\/Nicolas-Jacquemard-150x150.jpeg","contentUrl":"https:\/\/dicodusport.fr\/blog\/wp-content\/uploads\/2021\/05\/Nicolas-Jacquemard-150x150.jpeg","caption":"Nicolas Jacquemard"},"description":"Passionn\u00e9 de sport et entrepreneur depuis mes 18 ans, la cr\u00e9ation de Dicodusport m'a sembl\u00e9 \u00e9vidente pour participer \u00e0 la m\u00e9diatisation d'un plus grand nombre de sports. Le chemin est long mais avec une \u00e9quipe des plus motiv\u00e9es et les Jeux Olympiques de Paris 2024 en point de mire, nous y arriverons ! Journaliste dans le monde du sport depuis plus de 5 ans, je traite aussi bien de football, de rugby, de biathlon que de cyclisme.","sameAs":["https:\/\/www.facebook.com\/dicodusport","https:\/\/x.com\/https:\/\/twitter.com\/Nico_Jacquemard"],"url":"https:\/\/dicodusport.fr\/blog\/author\/dicodusport\/"}]}},"_links":{"self":[{"href":"https:\/\/dicodusport.fr\/blog\/wp-json\/wp\/v2\/posts\/22392","targetHints":{"allow":["GET"]}}],"collection":[{"href":"https:\/\/dicodusport.fr\/blog\/wp-json\/wp\/v2\/posts"}],"about":[{"href":"https:\/\/dicodusport.fr\/blog\/wp-json\/wp\/v2\/types\/post"}],"author":[{"embeddable":true,"href":"https:\/\/dicodusport.fr\/blog\/wp-json\/wp\/v2\/users\/1"}],"replies":[{"embeddable":true,"href":"https:\/\/dicodusport.fr\/blog\/wp-json\/wp\/v2\/comments?post=22392"}],"version-history":[{"count":0,"href":"https:\/\/dicodusport.fr\/blog\/wp-json\/wp\/v2\/posts\/22392\/revisions"}],"wp:featuredmedia":[{"embeddable":true,"href":"https:\/\/dicodusport.fr\/blog\/wp-json\/wp\/v2\/media\/22417"}],"wp:attachment":[{"href":"https:\/\/dicodusport.fr\/blog\/wp-json\/wp\/v2\/media?parent=22392"}],"wp:term":[{"taxonomy":"category","embeddable":true,"href":"https:\/\/dicodusport.fr\/blog\/wp-json\/wp\/v2\/categories?post=22392"},{"taxonomy":"post_tag","embeddable":true,"href":"https:\/\/dicodusport.fr\/blog\/wp-json\/wp\/v2\/tags?post=22392"}],"curies":[{"name":"wp","href":"https:\/\/api.w.org\/{rel}","templated":true}]}}