{"id":224011,"date":"2022-05-15T17:04:16","date_gmt":"2022-05-15T15:04:16","guid":{"rendered":"https:\/\/dicodusport.fr\/blog\/?p=224011&#038;preview=true&#038;preview_id=224011"},"modified":"2022-05-15T17:37:58","modified_gmt":"2022-05-15T15:37:58","slug":"vtt-xco-nove-mesto-tom-pidcock-s-impose-devant-vlad-dascalu","status":"publish","type":"post","link":"https:\/\/dicodusport.fr\/blog\/vtt-xco-nove-mesto-tom-pidcock-s-impose-devant-vlad-dascalu\/","title":{"rendered":"VTT XCO Nove Mesto : Tom Pidcock s&rsquo;impose devant Vlad Dascalu"},"content":{"rendered":"<p style=\"text-align: justify;\"><strong><em><a href=\"https:\/\/dicodusport.fr\/blog\/actualites\/cyclisme\/vtt\/coupe-du-monde-vtt-2022\/\">COUPE DU MONDE DE VTT 2022<\/a> &#8211; D\u00e9j\u00e0 vainqueur \u00e0 Albstadt la semaine pass\u00e9e, Tom Pidcock (INEOS Grenadiers) a r\u00e9cidiv\u00e9 ce dimanche, \u00e0 Nove Mesto (R\u00e9publique Tch\u00e8que). Il devance le Roumain Vlad Dascalu.<\/em><\/strong><\/p>\n<p style=\"text-align: justify;\">Apr\u00e8s Albstadt, <strong>Tom Pidcock<\/strong> fait sa loi \u00e0 Nove Mesto. Le Britannique, champion olympique XCO en titre, a attendu le sprint et le 8\u00e8me et dernier tour pour aller chercher la victoire, en devan\u00e7ant le Roumain <strong>Vlad Dascalu<\/strong>. Troisi\u00e8me, la l\u00e9gende suisse <strong>Nino Schurter<\/strong> a encore fait des siennes. Plomb\u00e9 par un probl\u00e8me m\u00e9canique \u00e0 mi-course et repouss\u00e9 \u00e0 plus d&rsquo;une minute du groupe de t\u00eate, le champion du monde en titre est parvenu \u00e0 refaire son retard, seul, pour revenir sur le devant de la sc\u00e8ne \u00e0 l&rsquo;amorce du dernier tour. Avant de logiquement c\u00e9der dans l&rsquo;ultime boucle. Premier Fran\u00e7ais, <strong>Titouan Carod<\/strong> termine 7\u00e8me.<\/p>\n<ul>\n<li style=\"text-align: justify;\"><a href=\"https:\/\/dicodusport.fr\/blog\/classement-course-hommes-vtt-xco-nove-mesto\/\"><strong>Classement de la course XCO hommes de Nove Mesto<\/strong><\/a><\/li>\n<\/ul>\n","protected":false},"excerpt":{"rendered":"<p>COUPE DU MONDE DE VTT 2022 &#8211; D\u00e9j\u00e0 vainqueur \u00e0 Albstadt la semaine pass\u00e9e, Tom Pidcock (INEOS Grenadiers) a r\u00e9cidiv\u00e9 ce dimanche, \u00e0 Nove Mesto (R\u00e9publique Tch\u00e8que). Il devance le Roumain Vlad Dascalu.<\/p>\n","protected":false},"author":4,"featured_media":224048,"comment_status":"open","ping_status":"closed","sticky":false,"template":"","format":"standard","meta":{"_acf_changed":false,"_daextam_enable_autolinks":"","footnotes":""},"categories":[10279],"tags":[6928,692,16645],"class_list":["post-224011","post","type-post","status-publish","format-standard","has-post-thumbnail","hentry","category-vtt","tag-nove-mesto","tag-vtt","tag-vtt-nove-mesto"],"acf":[],"yoast_head":"<!-- This site is optimized with the Yoast SEO Premium plugin v26.7 (Yoast SEO v26.7) - https:\/\/yoast.com\/wordpress\/plugins\/seo\/ -->\n<title>VTT XCO Nove Mesto : Tom Pidcock s&#039;impose devant Vlad Dascalu<\/title>\n<meta name=\"description\" content=\"COUPE DU MONDE DE VTT 2022 - D\u00e9j\u00e0 vainqueur \u00e0 Albstadt la semaine pass\u00e9e, Tom Pidcock a r\u00e9cidiv\u00e9 ce dimanche, \u00e0 Nove Mesto.\" \/>\n<meta name=\"robots\" content=\"index, follow, max-snippet:-1, max-image-preview:large, max-video-preview:-1\" \/>\n<link rel=\"canonical\" href=\"https:\/\/dicodusport.fr\/blog\/vtt-xco-nove-mesto-tom-pidcock-s-impose-devant-vlad-dascalu\/\" \/>\n<meta property=\"og:locale\" content=\"fr_FR\" \/>\n<meta property=\"og:type\" content=\"article\" \/>\n<meta property=\"og:title\" content=\"VTT XCO Nove Mesto : Tom Pidcock s&#039;impose devant Vlad Dascalu\" \/>\n<meta property=\"og:description\" content=\"COUPE DU MONDE DE VTT 2022 - D\u00e9j\u00e0 vainqueur \u00e0 Albstadt la semaine pass\u00e9e, Tom Pidcock a r\u00e9cidiv\u00e9 ce dimanche, \u00e0 Nove Mesto.\" \/>\n<meta property=\"og:url\" content=\"https:\/\/dicodusport.fr\/blog\/vtt-xco-nove-mesto-tom-pidcock-s-impose-devant-vlad-dascalu\/\" \/>\n<meta property=\"og:site_name\" content=\"Dicodusport\" \/>\n<meta property=\"article:publisher\" content=\"https:\/\/www.facebook.com\/dicodusport\" \/>\n<meta property=\"article:author\" content=\"https:\/\/www.facebook.com\/florent.ostermann\" \/>\n<meta property=\"article:published_time\" content=\"2022-05-15T15:04:16+00:00\" \/>\n<meta property=\"article:modified_time\" content=\"2022-05-15T15:37:58+00:00\" \/>\n<meta property=\"og:image\" content=\"https:\/\/dicodusport.fr\/blog\/wp-content\/uploads\/2022\/05\/VTT-XCO-Nove-Mesto-Tom-Pidcock-simpose-devant-Vlad-Dascalu.png\" \/>\n\t<meta property=\"og:image:width\" content=\"800\" \/>\n\t<meta property=\"og:image:height\" content=\"445\" \/>\n\t<meta property=\"og:image:type\" content=\"image\/png\" \/>\n<meta name=\"author\" content=\"Flo Ostermann\" \/>\n<meta name=\"twitter:card\" content=\"summary_large_image\" \/>\n<meta name=\"twitter:title\" content=\"VTT XCO Nove Mesto : Tom Pidcock s&#039;impose devant Vlad Dascalu\" \/>\n<meta name=\"twitter:creator\" content=\"@https:\/\/twitter.com\/FlOstermann\" \/>\n<meta name=\"twitter:site\" content=\"@dicodusport\" \/>\n<script type=\"application\/ld+json\" class=\"yoast-schema-graph\">{\"@context\":\"https:\/\/schema.org\",\"@graph\":[{\"@type\":\"NewsArticle\",\"@id\":\"https:\/\/dicodusport.fr\/blog\/vtt-xco-nove-mesto-tom-pidcock-s-impose-devant-vlad-dascalu\/#article\",\"isPartOf\":{\"@id\":\"https:\/\/dicodusport.fr\/blog\/vtt-xco-nove-mesto-tom-pidcock-s-impose-devant-vlad-dascalu\/\"},\"author\":{\"name\":\"Flo Ostermann\",\"@id\":\"https:\/\/dicodusport.fr\/blog\/#\/schema\/person\/cb02af4c173ce4a653b55e9baf388d4a\"},\"headline\":\"VTT XCO Nove Mesto : Tom Pidcock s&rsquo;impose devant Vlad Dascalu\",\"datePublished\":\"2022-05-15T15:04:16+00:00\",\"dateModified\":\"2022-05-15T15:37:58+00:00\",\"mainEntityOfPage\":{\"@id\":\"https:\/\/dicodusport.fr\/blog\/vtt-xco-nove-mesto-tom-pidcock-s-impose-devant-vlad-dascalu\/\"},\"wordCount\":168,\"commentCount\":0,\"publisher\":{\"@id\":\"https:\/\/dicodusport.fr\/blog\/#organization\"},\"image\":{\"@id\":\"https:\/\/dicodusport.fr\/blog\/vtt-xco-nove-mesto-tom-pidcock-s-impose-devant-vlad-dascalu\/#primaryimage\"},\"thumbnailUrl\":\"https:\/\/dicodusport.fr\/blog\/wp-content\/uploads\/2022\/05\/VTT-XCO-Nove-Mesto-Tom-Pidcock-simpose-devant-Vlad-Dascalu.png\",\"keywords\":[\"Nove Mesto\",\"VTT\",\"VTT Nove Mesto\"],\"articleSection\":[\"VTT\"],\"inLanguage\":\"fr-FR\",\"potentialAction\":[{\"@type\":\"CommentAction\",\"name\":\"Comment\",\"target\":[\"https:\/\/dicodusport.fr\/blog\/vtt-xco-nove-mesto-tom-pidcock-s-impose-devant-vlad-dascalu\/#respond\"]}],\"copyrightYear\":\"2022\",\"copyrightHolder\":{\"@id\":\"https:\/\/dicodusport.fr\/blog\/#organization\"}},{\"@type\":\"WebPage\",\"@id\":\"https:\/\/dicodusport.fr\/blog\/vtt-xco-nove-mesto-tom-pidcock-s-impose-devant-vlad-dascalu\/\",\"url\":\"https:\/\/dicodusport.fr\/blog\/vtt-xco-nove-mesto-tom-pidcock-s-impose-devant-vlad-dascalu\/\",\"name\":\"VTT XCO Nove Mesto : Tom Pidcock s'impose devant Vlad Dascalu\",\"isPartOf\":{\"@id\":\"https:\/\/dicodusport.fr\/blog\/#website\"},\"primaryImageOfPage\":{\"@id\":\"https:\/\/dicodusport.fr\/blog\/vtt-xco-nove-mesto-tom-pidcock-s-impose-devant-vlad-dascalu\/#primaryimage\"},\"image\":{\"@id\":\"https:\/\/dicodusport.fr\/blog\/vtt-xco-nove-mesto-tom-pidcock-s-impose-devant-vlad-dascalu\/#primaryimage\"},\"thumbnailUrl\":\"https:\/\/dicodusport.fr\/blog\/wp-content\/uploads\/2022\/05\/VTT-XCO-Nove-Mesto-Tom-Pidcock-simpose-devant-Vlad-Dascalu.png\",\"datePublished\":\"2022-05-15T15:04:16+00:00\",\"dateModified\":\"2022-05-15T15:37:58+00:00\",\"description\":\"COUPE DU MONDE DE VTT 2022 - D\u00e9j\u00e0 vainqueur \u00e0 Albstadt la semaine pass\u00e9e, Tom Pidcock a r\u00e9cidiv\u00e9 ce dimanche, \u00e0 Nove Mesto.\",\"breadcrumb\":{\"@id\":\"https:\/\/dicodusport.fr\/blog\/vtt-xco-nove-mesto-tom-pidcock-s-impose-devant-vlad-dascalu\/#breadcrumb\"},\"inLanguage\":\"fr-FR\",\"potentialAction\":[{\"@type\":\"ReadAction\",\"target\":[\"https:\/\/dicodusport.fr\/blog\/vtt-xco-nove-mesto-tom-pidcock-s-impose-devant-vlad-dascalu\/\"]}]},{\"@type\":\"ImageObject\",\"inLanguage\":\"fr-FR\",\"@id\":\"https:\/\/dicodusport.fr\/blog\/vtt-xco-nove-mesto-tom-pidcock-s-impose-devant-vlad-dascalu\/#primaryimage\",\"url\":\"https:\/\/dicodusport.fr\/blog\/wp-content\/uploads\/2022\/05\/VTT-XCO-Nove-Mesto-Tom-Pidcock-simpose-devant-Vlad-Dascalu.png\",\"contentUrl\":\"https:\/\/dicodusport.fr\/blog\/wp-content\/uploads\/2022\/05\/VTT-XCO-Nove-Mesto-Tom-Pidcock-simpose-devant-Vlad-Dascalu.png\",\"width\":800,\"height\":445,\"caption\":\"VTT XCO Nove Mesto Tom Pidcock s'impose devant Vlad Dascalu\"},{\"@type\":\"BreadcrumbList\",\"@id\":\"https:\/\/dicodusport.fr\/blog\/vtt-xco-nove-mesto-tom-pidcock-s-impose-devant-vlad-dascalu\/#breadcrumb\",\"itemListElement\":[{\"@type\":\"ListItem\",\"position\":1,\"name\":\"Accueil\",\"item\":\"https:\/\/dicodusport.fr\/blog\/\"},{\"@type\":\"ListItem\",\"position\":2,\"name\":\"VTT XCO Nove Mesto : Tom Pidcock s&rsquo;impose devant Vlad Dascalu\"}]},{\"@type\":\"WebSite\",\"@id\":\"https:\/\/dicodusport.fr\/blog\/#website\",\"url\":\"https:\/\/dicodusport.fr\/blog\/\",\"name\":\"Dicodusport\",\"description\":\"L&#039;encyclop\u00e9die de l&#039;actualit\u00e9 sportive\",\"publisher\":{\"@id\":\"https:\/\/dicodusport.fr\/blog\/#organization\"},\"potentialAction\":[{\"@type\":\"SearchAction\",\"target\":{\"@type\":\"EntryPoint\",\"urlTemplate\":\"https:\/\/dicodusport.fr\/blog\/?s={search_term_string}\"},\"query-input\":{\"@type\":\"PropertyValueSpecification\",\"valueRequired\":true,\"valueName\":\"search_term_string\"}}],\"inLanguage\":\"fr-FR\"},{\"@type\":\"NewsMediaOrganization\",\"@id\":\"https:\/\/dicodusport.fr\/blog\/#organization\",\"name\":\"Dicodusport\",\"url\":\"https:\/\/dicodusport.fr\/blog\/\",\"logo\":{\"@type\":\"ImageObject\",\"inLanguage\":\"fr-FR\",\"@id\":\"https:\/\/dicodusport.fr\/blog\/#\/schema\/logo\/image\/\",\"url\":\"https:\/\/dicodusport.fr\/blog\/wp-content\/uploads\/2020\/06\/cropped-LOGO-DICODUSPORT-2020-SANS-FOND-SANS-TEXTE.png\",\"contentUrl\":\"https:\/\/dicodusport.fr\/blog\/wp-content\/uploads\/2020\/06\/cropped-LOGO-DICODUSPORT-2020-SANS-FOND-SANS-TEXTE.png\",\"width\":512,\"height\":512,\"caption\":\"Dicodusport\"},\"image\":{\"@id\":\"https:\/\/dicodusport.fr\/blog\/#\/schema\/logo\/image\/\"},\"sameAs\":[\"https:\/\/www.facebook.com\/dicodusport\",\"https:\/\/x.com\/dicodusport\",\"https:\/\/www.instagram.com\/dicodusport\/\",\"https:\/\/www.youtube.com\/channel\/UC7V2KZ5sd3htJivAbA4ZG3w\"],\"description\":\"Dicodusport est l'encyclop\u00e9die de l'actualit\u00e9 sportive.\",\"email\":\"bonjour@dicodusport.fr\",\"legalName\":\"DICODUSPORT\",\"foundingDate\":\"2018-01-14\",\"vatID\":\"FR71834470973\",\"taxID\":\"83447097300043\",\"numberOfEmployees\":{\"@type\":\"QuantitativeValue\",\"minValue\":\"1\",\"maxValue\":\"10\"}},{\"@type\":\"Person\",\"@id\":\"https:\/\/dicodusport.fr\/blog\/#\/schema\/person\/cb02af4c173ce4a653b55e9baf388d4a\",\"name\":\"Flo Ostermann\",\"image\":{\"@type\":\"ImageObject\",\"inLanguage\":\"fr-FR\",\"@id\":\"https:\/\/dicodusport.fr\/blog\/#\/schema\/person\/image\/\",\"url\":\"https:\/\/dicodusport.fr\/blog\/wp-content\/uploads\/2021\/05\/Flo-Ostermann-150x150.jpg\",\"contentUrl\":\"https:\/\/dicodusport.fr\/blog\/wp-content\/uploads\/2021\/05\/Flo-Ostermann-150x150.jpg\",\"caption\":\"Flo Ostermann\"},\"description\":\"Journaliste\/R\u00e9dacteur depuis septembre 2015 - Mes premiers souvenirs dans le sport ? Les envol\u00e9es du Stade Toulousain et les duels Villeneuve-Schumacher et H\u00e4kkinen-Schumacher \u00e0 la fin des ann\u00e9es 90, la Coupe du monde de football en 1998, l\u2019exploit du XV de France face aux All Blacks en 1999, mais aussi Richard C\u0153ur de Lion qui vole sur les montagnes du Tour de France. Bien parti pour devenir professeur d\u2019EPS, les \u00e9v\u00e9nements de la vie (et la flemme d\u2019animer des s\u00e9ances de 3x500 m\u00e8tres toute ma vie) m\u2019ont conduit \u00e0 revoir mes plans. Me voil\u00e0 depuis fin 2017 sur Dicodusport, m\u00e9dia gr\u00e2ce (et pour) lequel je partage ma passion : le sport dans tous ses \u00e9tats. Le tout accompagn\u00e9 par les fous furieux et folles furieuses cit\u00e9s sur cette page !\",\"sameAs\":[\"https:\/\/www.facebook.com\/florent.ostermann\",\"https:\/\/x.com\/https:\/\/twitter.com\/FlOstermann\",\"admin\"],\"url\":\"https:\/\/dicodusport.fr\/blog\/author\/flo\/\"}]}<\/script>\n<!-- \/ Yoast SEO Premium plugin. -->","yoast_head_json":{"title":"VTT XCO Nove Mesto : Tom Pidcock s'impose devant Vlad Dascalu","description":"COUPE DU MONDE DE VTT 2022 - D\u00e9j\u00e0 vainqueur \u00e0 Albstadt la semaine pass\u00e9e, Tom Pidcock a r\u00e9cidiv\u00e9 ce dimanche, \u00e0 Nove Mesto.","robots":{"index":"index","follow":"follow","max-snippet":"max-snippet:-1","max-image-preview":"max-image-preview:large","max-video-preview":"max-video-preview:-1"},"canonical":"https:\/\/dicodusport.fr\/blog\/vtt-xco-nove-mesto-tom-pidcock-s-impose-devant-vlad-dascalu\/","og_locale":"fr_FR","og_type":"article","og_title":"VTT XCO Nove Mesto : Tom Pidcock s'impose devant Vlad Dascalu","og_description":"COUPE DU MONDE DE VTT 2022 - D\u00e9j\u00e0 vainqueur \u00e0 Albstadt la semaine pass\u00e9e, Tom Pidcock a r\u00e9cidiv\u00e9 ce dimanche, \u00e0 Nove Mesto.","og_url":"https:\/\/dicodusport.fr\/blog\/vtt-xco-nove-mesto-tom-pidcock-s-impose-devant-vlad-dascalu\/","og_site_name":"Dicodusport","article_publisher":"https:\/\/www.facebook.com\/dicodusport","article_author":"https:\/\/www.facebook.com\/florent.ostermann","article_published_time":"2022-05-15T15:04:16+00:00","article_modified_time":"2022-05-15T15:37:58+00:00","og_image":[{"width":800,"height":445,"url":"https:\/\/dicodusport.fr\/blog\/wp-content\/uploads\/2022\/05\/VTT-XCO-Nove-Mesto-Tom-Pidcock-simpose-devant-Vlad-Dascalu.png","type":"image\/png"}],"author":"Flo Ostermann","twitter_card":"summary_large_image","twitter_title":"VTT XCO Nove Mesto : Tom Pidcock s'impose devant Vlad Dascalu","twitter_creator":"@https:\/\/twitter.com\/FlOstermann","twitter_site":"@dicodusport","schema":{"@context":"https:\/\/schema.org","@graph":[{"@type":"NewsArticle","@id":"https:\/\/dicodusport.fr\/blog\/vtt-xco-nove-mesto-tom-pidcock-s-impose-devant-vlad-dascalu\/#article","isPartOf":{"@id":"https:\/\/dicodusport.fr\/blog\/vtt-xco-nove-mesto-tom-pidcock-s-impose-devant-vlad-dascalu\/"},"author":{"name":"Flo Ostermann","@id":"https:\/\/dicodusport.fr\/blog\/#\/schema\/person\/cb02af4c173ce4a653b55e9baf388d4a"},"headline":"VTT XCO Nove Mesto : Tom Pidcock s&rsquo;impose devant Vlad Dascalu","datePublished":"2022-05-15T15:04:16+00:00","dateModified":"2022-05-15T15:37:58+00:00","mainEntityOfPage":{"@id":"https:\/\/dicodusport.fr\/blog\/vtt-xco-nove-mesto-tom-pidcock-s-impose-devant-vlad-dascalu\/"},"wordCount":168,"commentCount":0,"publisher":{"@id":"https:\/\/dicodusport.fr\/blog\/#organization"},"image":{"@id":"https:\/\/dicodusport.fr\/blog\/vtt-xco-nove-mesto-tom-pidcock-s-impose-devant-vlad-dascalu\/#primaryimage"},"thumbnailUrl":"https:\/\/dicodusport.fr\/blog\/wp-content\/uploads\/2022\/05\/VTT-XCO-Nove-Mesto-Tom-Pidcock-simpose-devant-Vlad-Dascalu.png","keywords":["Nove Mesto","VTT","VTT Nove Mesto"],"articleSection":["VTT"],"inLanguage":"fr-FR","potentialAction":[{"@type":"CommentAction","name":"Comment","target":["https:\/\/dicodusport.fr\/blog\/vtt-xco-nove-mesto-tom-pidcock-s-impose-devant-vlad-dascalu\/#respond"]}],"copyrightYear":"2022","copyrightHolder":{"@id":"https:\/\/dicodusport.fr\/blog\/#organization"}},{"@type":"WebPage","@id":"https:\/\/dicodusport.fr\/blog\/vtt-xco-nove-mesto-tom-pidcock-s-impose-devant-vlad-dascalu\/","url":"https:\/\/dicodusport.fr\/blog\/vtt-xco-nove-mesto-tom-pidcock-s-impose-devant-vlad-dascalu\/","name":"VTT XCO Nove Mesto : Tom Pidcock s'impose devant Vlad Dascalu","isPartOf":{"@id":"https:\/\/dicodusport.fr\/blog\/#website"},"primaryImageOfPage":{"@id":"https:\/\/dicodusport.fr\/blog\/vtt-xco-nove-mesto-tom-pidcock-s-impose-devant-vlad-dascalu\/#primaryimage"},"image":{"@id":"https:\/\/dicodusport.fr\/blog\/vtt-xco-nove-mesto-tom-pidcock-s-impose-devant-vlad-dascalu\/#primaryimage"},"thumbnailUrl":"https:\/\/dicodusport.fr\/blog\/wp-content\/uploads\/2022\/05\/VTT-XCO-Nove-Mesto-Tom-Pidcock-simpose-devant-Vlad-Dascalu.png","datePublished":"2022-05-15T15:04:16+00:00","dateModified":"2022-05-15T15:37:58+00:00","description":"COUPE DU MONDE DE VTT 2022 - D\u00e9j\u00e0 vainqueur \u00e0 Albstadt la semaine pass\u00e9e, Tom Pidcock a r\u00e9cidiv\u00e9 ce dimanche, \u00e0 Nove Mesto.","breadcrumb":{"@id":"https:\/\/dicodusport.fr\/blog\/vtt-xco-nove-mesto-tom-pidcock-s-impose-devant-vlad-dascalu\/#breadcrumb"},"inLanguage":"fr-FR","potentialAction":[{"@type":"ReadAction","target":["https:\/\/dicodusport.fr\/blog\/vtt-xco-nove-mesto-tom-pidcock-s-impose-devant-vlad-dascalu\/"]}]},{"@type":"ImageObject","inLanguage":"fr-FR","@id":"https:\/\/dicodusport.fr\/blog\/vtt-xco-nove-mesto-tom-pidcock-s-impose-devant-vlad-dascalu\/#primaryimage","url":"https:\/\/dicodusport.fr\/blog\/wp-content\/uploads\/2022\/05\/VTT-XCO-Nove-Mesto-Tom-Pidcock-simpose-devant-Vlad-Dascalu.png","contentUrl":"https:\/\/dicodusport.fr\/blog\/wp-content\/uploads\/2022\/05\/VTT-XCO-Nove-Mesto-Tom-Pidcock-simpose-devant-Vlad-Dascalu.png","width":800,"height":445,"caption":"VTT XCO Nove Mesto Tom Pidcock s'impose devant Vlad Dascalu"},{"@type":"BreadcrumbList","@id":"https:\/\/dicodusport.fr\/blog\/vtt-xco-nove-mesto-tom-pidcock-s-impose-devant-vlad-dascalu\/#breadcrumb","itemListElement":[{"@type":"ListItem","position":1,"name":"Accueil","item":"https:\/\/dicodusport.fr\/blog\/"},{"@type":"ListItem","position":2,"name":"VTT XCO Nove Mesto : Tom Pidcock s&rsquo;impose devant Vlad Dascalu"}]},{"@type":"WebSite","@id":"https:\/\/dicodusport.fr\/blog\/#website","url":"https:\/\/dicodusport.fr\/blog\/","name":"Dicodusport","description":"L&#039;encyclop\u00e9die de l&#039;actualit\u00e9 sportive","publisher":{"@id":"https:\/\/dicodusport.fr\/blog\/#organization"},"potentialAction":[{"@type":"SearchAction","target":{"@type":"EntryPoint","urlTemplate":"https:\/\/dicodusport.fr\/blog\/?s={search_term_string}"},"query-input":{"@type":"PropertyValueSpecification","valueRequired":true,"valueName":"search_term_string"}}],"inLanguage":"fr-FR"},{"@type":"NewsMediaOrganization","@id":"https:\/\/dicodusport.fr\/blog\/#organization","name":"Dicodusport","url":"https:\/\/dicodusport.fr\/blog\/","logo":{"@type":"ImageObject","inLanguage":"fr-FR","@id":"https:\/\/dicodusport.fr\/blog\/#\/schema\/logo\/image\/","url":"https:\/\/dicodusport.fr\/blog\/wp-content\/uploads\/2020\/06\/cropped-LOGO-DICODUSPORT-2020-SANS-FOND-SANS-TEXTE.png","contentUrl":"https:\/\/dicodusport.fr\/blog\/wp-content\/uploads\/2020\/06\/cropped-LOGO-DICODUSPORT-2020-SANS-FOND-SANS-TEXTE.png","width":512,"height":512,"caption":"Dicodusport"},"image":{"@id":"https:\/\/dicodusport.fr\/blog\/#\/schema\/logo\/image\/"},"sameAs":["https:\/\/www.facebook.com\/dicodusport","https:\/\/x.com\/dicodusport","https:\/\/www.instagram.com\/dicodusport\/","https:\/\/www.youtube.com\/channel\/UC7V2KZ5sd3htJivAbA4ZG3w"],"description":"Dicodusport est l'encyclop\u00e9die de l'actualit\u00e9 sportive.","email":"bonjour@dicodusport.fr","legalName":"DICODUSPORT","foundingDate":"2018-01-14","vatID":"FR71834470973","taxID":"83447097300043","numberOfEmployees":{"@type":"QuantitativeValue","minValue":"1","maxValue":"10"}},{"@type":"Person","@id":"https:\/\/dicodusport.fr\/blog\/#\/schema\/person\/cb02af4c173ce4a653b55e9baf388d4a","name":"Flo Ostermann","image":{"@type":"ImageObject","inLanguage":"fr-FR","@id":"https:\/\/dicodusport.fr\/blog\/#\/schema\/person\/image\/","url":"https:\/\/dicodusport.fr\/blog\/wp-content\/uploads\/2021\/05\/Flo-Ostermann-150x150.jpg","contentUrl":"https:\/\/dicodusport.fr\/blog\/wp-content\/uploads\/2021\/05\/Flo-Ostermann-150x150.jpg","caption":"Flo Ostermann"},"description":"Journaliste\/R\u00e9dacteur depuis septembre 2015 - Mes premiers souvenirs dans le sport ? Les envol\u00e9es du Stade Toulousain et les duels Villeneuve-Schumacher et H\u00e4kkinen-Schumacher \u00e0 la fin des ann\u00e9es 90, la Coupe du monde de football en 1998, l\u2019exploit du XV de France face aux All Blacks en 1999, mais aussi Richard C\u0153ur de Lion qui vole sur les montagnes du Tour de France. Bien parti pour devenir professeur d\u2019EPS, les \u00e9v\u00e9nements de la vie (et la flemme d\u2019animer des s\u00e9ances de 3x500 m\u00e8tres toute ma vie) m\u2019ont conduit \u00e0 revoir mes plans. Me voil\u00e0 depuis fin 2017 sur Dicodusport, m\u00e9dia gr\u00e2ce (et pour) lequel je partage ma passion : le sport dans tous ses \u00e9tats. Le tout accompagn\u00e9 par les fous furieux et folles furieuses cit\u00e9s sur cette page !","sameAs":["https:\/\/www.facebook.com\/florent.ostermann","https:\/\/x.com\/https:\/\/twitter.com\/FlOstermann","admin"],"url":"https:\/\/dicodusport.fr\/blog\/author\/flo\/"}]}},"_links":{"self":[{"href":"https:\/\/dicodusport.fr\/blog\/wp-json\/wp\/v2\/posts\/224011","targetHints":{"allow":["GET"]}}],"collection":[{"href":"https:\/\/dicodusport.fr\/blog\/wp-json\/wp\/v2\/posts"}],"about":[{"href":"https:\/\/dicodusport.fr\/blog\/wp-json\/wp\/v2\/types\/post"}],"author":[{"embeddable":true,"href":"https:\/\/dicodusport.fr\/blog\/wp-json\/wp\/v2\/users\/4"}],"replies":[{"embeddable":true,"href":"https:\/\/dicodusport.fr\/blog\/wp-json\/wp\/v2\/comments?post=224011"}],"version-history":[{"count":0,"href":"https:\/\/dicodusport.fr\/blog\/wp-json\/wp\/v2\/posts\/224011\/revisions"}],"wp:featuredmedia":[{"embeddable":true,"href":"https:\/\/dicodusport.fr\/blog\/wp-json\/wp\/v2\/media\/224048"}],"wp:attachment":[{"href":"https:\/\/dicodusport.fr\/blog\/wp-json\/wp\/v2\/media?parent=224011"}],"wp:term":[{"taxonomy":"category","embeddable":true,"href":"https:\/\/dicodusport.fr\/blog\/wp-json\/wp\/v2\/categories?post=224011"},{"taxonomy":"post_tag","embeddable":true,"href":"https:\/\/dicodusport.fr\/blog\/wp-json\/wp\/v2\/tags?post=224011"}],"curies":[{"name":"wp","href":"https:\/\/api.w.org\/{rel}","templated":true}]}}