{"id":224163,"date":"2022-05-16T08:39:43","date_gmt":"2022-05-16T06:39:43","guid":{"rendered":"https:\/\/dicodusport.fr\/blog\/?p=224163&#038;preview=true&#038;preview_id=224163"},"modified":"2022-05-16T08:39:43","modified_gmt":"2022-05-16T06:39:43","slug":"romain-bardet-je-savais-quau-sprint-jetais-le-plus-rapide","status":"publish","type":"post","link":"https:\/\/dicodusport.fr\/blog\/romain-bardet-je-savais-quau-sprint-jetais-le-plus-rapide\/","title":{"rendered":"Romain Bardet : \u00ab\u00a0Je savais qu&rsquo;au sprint, j&rsquo;\u00e9tais le plus rapide\u00a0\u00bb"},"content":{"rendered":"<p style=\"text-align: justify;\"><em><strong>TOUR D&rsquo;ITALIE 2022 &#8211; Deuxi\u00e8me en haut du Blockhaus, Romain Bardet \u00e9tait frustr\u00e9 de ne pas avoir lev\u00e9 les bras \u00e0 cause d&rsquo;une erreur de placement.\u00a0<\/strong><\/em><\/p>\n<p style=\"text-align: justify;\">Mal plac\u00e9 au moment d&rsquo;aborder le dernier virage, <strong>Romain Bardet<\/strong> est parti de trop loin pour r\u00e9ussir \u00e0 remonter sur <strong>Jai Hindley<\/strong>. Le 3\u00e8me du <a href=\"https:\/\/dicodusport.fr\/blog\/tour-d-italie-2022-classement-general\/\" target=\"_blank\" rel=\"noopener\">classement g\u00e9n\u00e9ral du Tour d&rsquo;Italie<\/a> avait du mal \u00e0 dig\u00e9rer son erreur dans des propos repris par <em>L&rsquo;\u00c9quipe<\/em> :<\/p>\n<blockquote>\n<p style=\"text-align: justify;\">Je fais une erreur dans le dernier virage. J&rsquo;ai essay\u00e9 de ne pas trop faire le forcing dans la petite bosse car je savais qu&rsquo;au sprint, j&rsquo;\u00e9tais le plus rapide. Je suis rest\u00e9 dans la roue de Carapaz mais Hindley a pris trois longueurs au virage, je ne pensais pas que c&rsquo;\u00e9tait aussi court apr\u00e8s celui-ci&#8230; C&rsquo;est vraiment rageant.<\/p>\n<\/blockquote>\n<p style=\"text-align: justify;\"><strong>Romain Bardet<\/strong> s&rsquo;est aussi montr\u00e9 satisfait de sa forme et de son niveau par rapport aux autres favoris du <strong>Giro<\/strong>. Le grimpeur fran\u00e7ais \u00e9tait le plus fort avec <strong>Richard Carapaz<\/strong> et <strong>Mikel Landa<\/strong> sur les pentes du Blockhaus dimanche.<\/p>\n<blockquote class=\"twitter-tweet\">\n<p dir=\"ltr\" lang=\"fr\"><a href=\"https:\/\/twitter.com\/hashtag\/Giro105?src=hash&amp;ref_src=twsrc%5Etfw\">#Giro105<\/a> &#x1f1ee;&#x1f1f9; \/ &#x1f399; D\u00e9cla<br \/>\n&#x1f1eb;&#x1f1f7; <a href=\"https:\/\/twitter.com\/romainbardet?ref_src=twsrc%5Etfw\">@romainbardet<\/a> (DSM) : \u00ab\u00a0C&rsquo;est difficile \u00e0 accepter l\u00e0, j&rsquo;ai fait une erreur au virage et c&rsquo;est les quelques centim\u00e8tres qui me manquent. Je n&rsquo;ai pas trop fait le forcing dans la bosse parce que je savais qu&rsquo;au sprint j&rsquo;\u00e9tais le plus rapide.\u00a0\u00bb <a href=\"https:\/\/t.co\/as4nmugkZ4\">https:\/\/t.co\/as4nmugkZ4<\/a><\/p>\n<p>\u2014 Renaud Breban (@RenaudB31) <a href=\"https:\/\/twitter.com\/RenaudB31\/status\/1525888490487037952?ref_src=twsrc%5Etfw\">May 15, 2022<\/a><\/p><\/blockquote>\n<p style=\"text-align: justify;\"><script async src=\"https:\/\/platform.twitter.com\/widgets.js\" charset=\"utf-8\"><\/script><\/p>\n","protected":false},"excerpt":{"rendered":"<p>TOUR D&rsquo;ITALIE 2022 &#8211; Deuxi\u00e8me en haut du Blockhaus, Romain Bardet \u00e9tait frustr\u00e9 de ne pas avoir lev\u00e9 les bras \u00e0 cause d&rsquo;une erreur de placement.\u00a0<\/p>\n","protected":false},"author":1,"featured_media":224164,"comment_status":"open","ping_status":"closed","sticky":false,"template":"","format":"standard","meta":{"_acf_changed":false,"_daextam_enable_autolinks":"","footnotes":""},"categories":[47041],"tags":[2830,3646,4722],"class_list":["post-224163","post","type-post","status-publish","format-standard","has-post-thumbnail","hentry","category-tour-d-italie","tag-giro","tag-romain-bardet","tag-tour-ditalie"],"acf":[],"yoast_head":"<!-- This site is optimized with the Yoast SEO Premium plugin v26.7 (Yoast SEO v26.7) - https:\/\/yoast.com\/wordpress\/plugins\/seo\/ -->\n<title>- Romain Bardet : &quot;Je savais qu&#039;au sprint, j&#039;\u00e9tais le plus rapide&quot; - Dicodusport<\/title>\n<meta name=\"description\" content=\"TOUR D&#039;ITALIE 2022 - Deuxi\u00e8me en haut du Blockhaus, Romain Bardet \u00e9tait frustr\u00e9 de ne pas avoir lev\u00e9 les bras \u00e0 cause d&#039;une erreur de placement.\u00a0\" \/>\n<meta name=\"robots\" content=\"index, follow, max-snippet:-1, max-image-preview:large, max-video-preview:-1\" \/>\n<link rel=\"canonical\" href=\"https:\/\/dicodusport.fr\/blog\/romain-bardet-je-savais-quau-sprint-jetais-le-plus-rapide\/\" \/>\n<meta property=\"og:locale\" content=\"fr_FR\" \/>\n<meta property=\"og:type\" content=\"article\" \/>\n<meta property=\"og:title\" content=\"Romain Bardet : &quot;Je savais qu&#039;au sprint, j&#039;\u00e9tais le plus rapide&quot;\" \/>\n<meta property=\"og:description\" content=\"TOUR D&#039;ITALIE 2022 - Deuxi\u00e8me en haut du Blockhaus, Romain Bardet \u00e9tait frustr\u00e9 de ne pas avoir lev\u00e9 les bras \u00e0 cause d&#039;une erreur de placement.\u00a0\" \/>\n<meta property=\"og:url\" content=\"https:\/\/dicodusport.fr\/blog\/romain-bardet-je-savais-quau-sprint-jetais-le-plus-rapide\/\" \/>\n<meta property=\"og:site_name\" content=\"Dicodusport\" \/>\n<meta property=\"article:publisher\" content=\"https:\/\/www.facebook.com\/dicodusport\" \/>\n<meta property=\"article:author\" content=\"https:\/\/www.facebook.com\/dicodusport\" \/>\n<meta property=\"article:published_time\" content=\"2022-05-16T06:39:43+00:00\" \/>\n<meta property=\"og:image\" content=\"https:\/\/dicodusport.fr\/blog\/wp-content\/uploads\/2022\/05\/Romain-Bardet-Je-savais-quau-sprint-je\u0301tais-le-plus-rapide.png\" \/>\n\t<meta property=\"og:image:width\" content=\"800\" \/>\n\t<meta property=\"og:image:height\" content=\"445\" \/>\n\t<meta property=\"og:image:type\" content=\"image\/png\" \/>\n<meta name=\"author\" content=\"Nicolas Jacquemard\" \/>\n<meta name=\"twitter:card\" content=\"summary_large_image\" \/>\n<meta name=\"twitter:title\" content=\"Romain Bardet : &quot;Je savais qu&#039;au sprint, j&#039;\u00e9tais le plus rapide&quot;\" \/>\n<meta name=\"twitter:creator\" content=\"@https:\/\/twitter.com\/Nico_Jacquemard\" \/>\n<meta name=\"twitter:site\" content=\"@dicodusport\" \/>\n<script type=\"application\/ld+json\" class=\"yoast-schema-graph\">{\"@context\":\"https:\/\/schema.org\",\"@graph\":[{\"@type\":\"NewsArticle\",\"@id\":\"https:\/\/dicodusport.fr\/blog\/romain-bardet-je-savais-quau-sprint-jetais-le-plus-rapide\/#article\",\"isPartOf\":{\"@id\":\"https:\/\/dicodusport.fr\/blog\/romain-bardet-je-savais-quau-sprint-jetais-le-plus-rapide\/\"},\"author\":{\"name\":\"Nicolas Jacquemard\",\"@id\":\"https:\/\/dicodusport.fr\/blog\/#\/schema\/person\/55dcb50ad410894e431ed812bbb70191\"},\"headline\":\"Romain Bardet : \u00ab\u00a0Je savais qu&rsquo;au sprint, j&rsquo;\u00e9tais le plus rapide\u00a0\u00bb\",\"datePublished\":\"2022-05-16T06:39:43+00:00\",\"mainEntityOfPage\":{\"@id\":\"https:\/\/dicodusport.fr\/blog\/romain-bardet-je-savais-quau-sprint-jetais-le-plus-rapide\/\"},\"wordCount\":266,\"commentCount\":0,\"publisher\":{\"@id\":\"https:\/\/dicodusport.fr\/blog\/#organization\"},\"image\":{\"@id\":\"https:\/\/dicodusport.fr\/blog\/romain-bardet-je-savais-quau-sprint-jetais-le-plus-rapide\/#primaryimage\"},\"thumbnailUrl\":\"https:\/\/dicodusport.fr\/blog\/wp-content\/uploads\/2022\/05\/Romain-Bardet-Je-savais-quau-sprint-je\u0301tais-le-plus-rapide.png\",\"keywords\":[\"Giro\",\"Romain Bardet\",\"Tour d'Italie\"],\"articleSection\":[\"Tour d'Italie\"],\"inLanguage\":\"fr-FR\",\"potentialAction\":[{\"@type\":\"CommentAction\",\"name\":\"Comment\",\"target\":[\"https:\/\/dicodusport.fr\/blog\/romain-bardet-je-savais-quau-sprint-jetais-le-plus-rapide\/#respond\"]}],\"copyrightYear\":\"2022\",\"copyrightHolder\":{\"@id\":\"https:\/\/dicodusport.fr\/blog\/#organization\"}},{\"@type\":\"WebPage\",\"@id\":\"https:\/\/dicodusport.fr\/blog\/romain-bardet-je-savais-quau-sprint-jetais-le-plus-rapide\/\",\"url\":\"https:\/\/dicodusport.fr\/blog\/romain-bardet-je-savais-quau-sprint-jetais-le-plus-rapide\/\",\"name\":\"- Romain Bardet : \\\"Je savais qu'au sprint, j'\u00e9tais le plus rapide\\\" - Dicodusport\",\"isPartOf\":{\"@id\":\"https:\/\/dicodusport.fr\/blog\/#website\"},\"primaryImageOfPage\":{\"@id\":\"https:\/\/dicodusport.fr\/blog\/romain-bardet-je-savais-quau-sprint-jetais-le-plus-rapide\/#primaryimage\"},\"image\":{\"@id\":\"https:\/\/dicodusport.fr\/blog\/romain-bardet-je-savais-quau-sprint-jetais-le-plus-rapide\/#primaryimage\"},\"thumbnailUrl\":\"https:\/\/dicodusport.fr\/blog\/wp-content\/uploads\/2022\/05\/Romain-Bardet-Je-savais-quau-sprint-je\u0301tais-le-plus-rapide.png\",\"datePublished\":\"2022-05-16T06:39:43+00:00\",\"description\":\"TOUR D'ITALIE 2022 - Deuxi\u00e8me en haut du Blockhaus, Romain Bardet \u00e9tait frustr\u00e9 de ne pas avoir lev\u00e9 les bras \u00e0 cause d'une erreur de placement.\u00a0\",\"breadcrumb\":{\"@id\":\"https:\/\/dicodusport.fr\/blog\/romain-bardet-je-savais-quau-sprint-jetais-le-plus-rapide\/#breadcrumb\"},\"inLanguage\":\"fr-FR\",\"potentialAction\":[{\"@type\":\"ReadAction\",\"target\":[\"https:\/\/dicodusport.fr\/blog\/romain-bardet-je-savais-quau-sprint-jetais-le-plus-rapide\/\"]}]},{\"@type\":\"ImageObject\",\"inLanguage\":\"fr-FR\",\"@id\":\"https:\/\/dicodusport.fr\/blog\/romain-bardet-je-savais-quau-sprint-jetais-le-plus-rapide\/#primaryimage\",\"url\":\"https:\/\/dicodusport.fr\/blog\/wp-content\/uploads\/2022\/05\/Romain-Bardet-Je-savais-quau-sprint-je\u0301tais-le-plus-rapide.png\",\"contentUrl\":\"https:\/\/dicodusport.fr\/blog\/wp-content\/uploads\/2022\/05\/Romain-Bardet-Je-savais-quau-sprint-je\u0301tais-le-plus-rapide.png\",\"width\":800,\"height\":445},{\"@type\":\"BreadcrumbList\",\"@id\":\"https:\/\/dicodusport.fr\/blog\/romain-bardet-je-savais-quau-sprint-jetais-le-plus-rapide\/#breadcrumb\",\"itemListElement\":[{\"@type\":\"ListItem\",\"position\":1,\"name\":\"Accueil\",\"item\":\"https:\/\/dicodusport.fr\/blog\/\"},{\"@type\":\"ListItem\",\"position\":2,\"name\":\"Romain Bardet : \u00ab\u00a0Je savais qu&rsquo;au sprint, j&rsquo;\u00e9tais le plus rapide\u00a0\u00bb\"}]},{\"@type\":\"WebSite\",\"@id\":\"https:\/\/dicodusport.fr\/blog\/#website\",\"url\":\"https:\/\/dicodusport.fr\/blog\/\",\"name\":\"Dicodusport\",\"description\":\"L&#039;encyclop\u00e9die de l&#039;actualit\u00e9 sportive\",\"publisher\":{\"@id\":\"https:\/\/dicodusport.fr\/blog\/#organization\"},\"potentialAction\":[{\"@type\":\"SearchAction\",\"target\":{\"@type\":\"EntryPoint\",\"urlTemplate\":\"https:\/\/dicodusport.fr\/blog\/?s={search_term_string}\"},\"query-input\":{\"@type\":\"PropertyValueSpecification\",\"valueRequired\":true,\"valueName\":\"search_term_string\"}}],\"inLanguage\":\"fr-FR\"},{\"@type\":\"NewsMediaOrganization\",\"@id\":\"https:\/\/dicodusport.fr\/blog\/#organization\",\"name\":\"Dicodusport\",\"url\":\"https:\/\/dicodusport.fr\/blog\/\",\"logo\":{\"@type\":\"ImageObject\",\"inLanguage\":\"fr-FR\",\"@id\":\"https:\/\/dicodusport.fr\/blog\/#\/schema\/logo\/image\/\",\"url\":\"https:\/\/dicodusport.fr\/blog\/wp-content\/uploads\/2020\/06\/cropped-LOGO-DICODUSPORT-2020-SANS-FOND-SANS-TEXTE.png\",\"contentUrl\":\"https:\/\/dicodusport.fr\/blog\/wp-content\/uploads\/2020\/06\/cropped-LOGO-DICODUSPORT-2020-SANS-FOND-SANS-TEXTE.png\",\"width\":512,\"height\":512,\"caption\":\"Dicodusport\"},\"image\":{\"@id\":\"https:\/\/dicodusport.fr\/blog\/#\/schema\/logo\/image\/\"},\"sameAs\":[\"https:\/\/www.facebook.com\/dicodusport\",\"https:\/\/x.com\/dicodusport\",\"https:\/\/www.instagram.com\/dicodusport\/\",\"https:\/\/www.youtube.com\/channel\/UC7V2KZ5sd3htJivAbA4ZG3w\"],\"description\":\"Dicodusport est l'encyclop\u00e9die de l'actualit\u00e9 sportive.\",\"email\":\"bonjour@dicodusport.fr\",\"legalName\":\"DICODUSPORT\",\"foundingDate\":\"2018-01-14\",\"vatID\":\"FR71834470973\",\"taxID\":\"83447097300043\",\"numberOfEmployees\":{\"@type\":\"QuantitativeValue\",\"minValue\":\"1\",\"maxValue\":\"10\"}},{\"@type\":\"Person\",\"@id\":\"https:\/\/dicodusport.fr\/blog\/#\/schema\/person\/55dcb50ad410894e431ed812bbb70191\",\"name\":\"Nicolas Jacquemard\",\"image\":{\"@type\":\"ImageObject\",\"inLanguage\":\"fr-FR\",\"@id\":\"https:\/\/dicodusport.fr\/blog\/#\/schema\/person\/image\/\",\"url\":\"https:\/\/dicodusport.fr\/blog\/wp-content\/uploads\/2021\/05\/Nicolas-Jacquemard-150x150.jpeg\",\"contentUrl\":\"https:\/\/dicodusport.fr\/blog\/wp-content\/uploads\/2021\/05\/Nicolas-Jacquemard-150x150.jpeg\",\"caption\":\"Nicolas Jacquemard\"},\"description\":\"Passionn\u00e9 de sport et entrepreneur depuis mes 18 ans, la cr\u00e9ation de Dicodusport m'a sembl\u00e9 \u00e9vidente pour participer \u00e0 la m\u00e9diatisation d'un plus grand nombre de sports. Le chemin est long mais avec une \u00e9quipe des plus motiv\u00e9es et les Jeux Olympiques de Paris 2024 en point de mire, nous y arriverons ! Journaliste dans le monde du sport depuis plus de 5 ans, je traite aussi bien de football, de rugby, de biathlon que de cyclisme.\",\"sameAs\":[\"https:\/\/www.facebook.com\/dicodusport\",\"https:\/\/x.com\/https:\/\/twitter.com\/Nico_Jacquemard\"],\"url\":\"https:\/\/dicodusport.fr\/blog\/author\/dicodusport\/\"}]}<\/script>\n<!-- \/ Yoast SEO Premium plugin. -->","yoast_head_json":{"title":"- Romain Bardet : \"Je savais qu'au sprint, j'\u00e9tais le plus rapide\" - Dicodusport","description":"TOUR D'ITALIE 2022 - Deuxi\u00e8me en haut du Blockhaus, Romain Bardet \u00e9tait frustr\u00e9 de ne pas avoir lev\u00e9 les bras \u00e0 cause d'une erreur de placement.\u00a0","robots":{"index":"index","follow":"follow","max-snippet":"max-snippet:-1","max-image-preview":"max-image-preview:large","max-video-preview":"max-video-preview:-1"},"canonical":"https:\/\/dicodusport.fr\/blog\/romain-bardet-je-savais-quau-sprint-jetais-le-plus-rapide\/","og_locale":"fr_FR","og_type":"article","og_title":"Romain Bardet : \"Je savais qu'au sprint, j'\u00e9tais le plus rapide\"","og_description":"TOUR D'ITALIE 2022 - Deuxi\u00e8me en haut du Blockhaus, Romain Bardet \u00e9tait frustr\u00e9 de ne pas avoir lev\u00e9 les bras \u00e0 cause d'une erreur de placement.\u00a0","og_url":"https:\/\/dicodusport.fr\/blog\/romain-bardet-je-savais-quau-sprint-jetais-le-plus-rapide\/","og_site_name":"Dicodusport","article_publisher":"https:\/\/www.facebook.com\/dicodusport","article_author":"https:\/\/www.facebook.com\/dicodusport","article_published_time":"2022-05-16T06:39:43+00:00","og_image":[{"width":800,"height":445,"url":"https:\/\/dicodusport.fr\/blog\/wp-content\/uploads\/2022\/05\/Romain-Bardet-Je-savais-quau-sprint-je\u0301tais-le-plus-rapide.png","type":"image\/png"}],"author":"Nicolas Jacquemard","twitter_card":"summary_large_image","twitter_title":"Romain Bardet : \"Je savais qu'au sprint, j'\u00e9tais le plus rapide\"","twitter_creator":"@https:\/\/twitter.com\/Nico_Jacquemard","twitter_site":"@dicodusport","schema":{"@context":"https:\/\/schema.org","@graph":[{"@type":"NewsArticle","@id":"https:\/\/dicodusport.fr\/blog\/romain-bardet-je-savais-quau-sprint-jetais-le-plus-rapide\/#article","isPartOf":{"@id":"https:\/\/dicodusport.fr\/blog\/romain-bardet-je-savais-quau-sprint-jetais-le-plus-rapide\/"},"author":{"name":"Nicolas Jacquemard","@id":"https:\/\/dicodusport.fr\/blog\/#\/schema\/person\/55dcb50ad410894e431ed812bbb70191"},"headline":"Romain Bardet : \u00ab\u00a0Je savais qu&rsquo;au sprint, j&rsquo;\u00e9tais le plus rapide\u00a0\u00bb","datePublished":"2022-05-16T06:39:43+00:00","mainEntityOfPage":{"@id":"https:\/\/dicodusport.fr\/blog\/romain-bardet-je-savais-quau-sprint-jetais-le-plus-rapide\/"},"wordCount":266,"commentCount":0,"publisher":{"@id":"https:\/\/dicodusport.fr\/blog\/#organization"},"image":{"@id":"https:\/\/dicodusport.fr\/blog\/romain-bardet-je-savais-quau-sprint-jetais-le-plus-rapide\/#primaryimage"},"thumbnailUrl":"https:\/\/dicodusport.fr\/blog\/wp-content\/uploads\/2022\/05\/Romain-Bardet-Je-savais-quau-sprint-je\u0301tais-le-plus-rapide.png","keywords":["Giro","Romain Bardet","Tour d'Italie"],"articleSection":["Tour d'Italie"],"inLanguage":"fr-FR","potentialAction":[{"@type":"CommentAction","name":"Comment","target":["https:\/\/dicodusport.fr\/blog\/romain-bardet-je-savais-quau-sprint-jetais-le-plus-rapide\/#respond"]}],"copyrightYear":"2022","copyrightHolder":{"@id":"https:\/\/dicodusport.fr\/blog\/#organization"}},{"@type":"WebPage","@id":"https:\/\/dicodusport.fr\/blog\/romain-bardet-je-savais-quau-sprint-jetais-le-plus-rapide\/","url":"https:\/\/dicodusport.fr\/blog\/romain-bardet-je-savais-quau-sprint-jetais-le-plus-rapide\/","name":"- Romain Bardet : \"Je savais qu'au sprint, j'\u00e9tais le plus rapide\" - Dicodusport","isPartOf":{"@id":"https:\/\/dicodusport.fr\/blog\/#website"},"primaryImageOfPage":{"@id":"https:\/\/dicodusport.fr\/blog\/romain-bardet-je-savais-quau-sprint-jetais-le-plus-rapide\/#primaryimage"},"image":{"@id":"https:\/\/dicodusport.fr\/blog\/romain-bardet-je-savais-quau-sprint-jetais-le-plus-rapide\/#primaryimage"},"thumbnailUrl":"https:\/\/dicodusport.fr\/blog\/wp-content\/uploads\/2022\/05\/Romain-Bardet-Je-savais-quau-sprint-je\u0301tais-le-plus-rapide.png","datePublished":"2022-05-16T06:39:43+00:00","description":"TOUR D'ITALIE 2022 - Deuxi\u00e8me en haut du Blockhaus, Romain Bardet \u00e9tait frustr\u00e9 de ne pas avoir lev\u00e9 les bras \u00e0 cause d'une erreur de placement.\u00a0","breadcrumb":{"@id":"https:\/\/dicodusport.fr\/blog\/romain-bardet-je-savais-quau-sprint-jetais-le-plus-rapide\/#breadcrumb"},"inLanguage":"fr-FR","potentialAction":[{"@type":"ReadAction","target":["https:\/\/dicodusport.fr\/blog\/romain-bardet-je-savais-quau-sprint-jetais-le-plus-rapide\/"]}]},{"@type":"ImageObject","inLanguage":"fr-FR","@id":"https:\/\/dicodusport.fr\/blog\/romain-bardet-je-savais-quau-sprint-jetais-le-plus-rapide\/#primaryimage","url":"https:\/\/dicodusport.fr\/blog\/wp-content\/uploads\/2022\/05\/Romain-Bardet-Je-savais-quau-sprint-je\u0301tais-le-plus-rapide.png","contentUrl":"https:\/\/dicodusport.fr\/blog\/wp-content\/uploads\/2022\/05\/Romain-Bardet-Je-savais-quau-sprint-je\u0301tais-le-plus-rapide.png","width":800,"height":445},{"@type":"BreadcrumbList","@id":"https:\/\/dicodusport.fr\/blog\/romain-bardet-je-savais-quau-sprint-jetais-le-plus-rapide\/#breadcrumb","itemListElement":[{"@type":"ListItem","position":1,"name":"Accueil","item":"https:\/\/dicodusport.fr\/blog\/"},{"@type":"ListItem","position":2,"name":"Romain Bardet : \u00ab\u00a0Je savais qu&rsquo;au sprint, j&rsquo;\u00e9tais le plus rapide\u00a0\u00bb"}]},{"@type":"WebSite","@id":"https:\/\/dicodusport.fr\/blog\/#website","url":"https:\/\/dicodusport.fr\/blog\/","name":"Dicodusport","description":"L&#039;encyclop\u00e9die de l&#039;actualit\u00e9 sportive","publisher":{"@id":"https:\/\/dicodusport.fr\/blog\/#organization"},"potentialAction":[{"@type":"SearchAction","target":{"@type":"EntryPoint","urlTemplate":"https:\/\/dicodusport.fr\/blog\/?s={search_term_string}"},"query-input":{"@type":"PropertyValueSpecification","valueRequired":true,"valueName":"search_term_string"}}],"inLanguage":"fr-FR"},{"@type":"NewsMediaOrganization","@id":"https:\/\/dicodusport.fr\/blog\/#organization","name":"Dicodusport","url":"https:\/\/dicodusport.fr\/blog\/","logo":{"@type":"ImageObject","inLanguage":"fr-FR","@id":"https:\/\/dicodusport.fr\/blog\/#\/schema\/logo\/image\/","url":"https:\/\/dicodusport.fr\/blog\/wp-content\/uploads\/2020\/06\/cropped-LOGO-DICODUSPORT-2020-SANS-FOND-SANS-TEXTE.png","contentUrl":"https:\/\/dicodusport.fr\/blog\/wp-content\/uploads\/2020\/06\/cropped-LOGO-DICODUSPORT-2020-SANS-FOND-SANS-TEXTE.png","width":512,"height":512,"caption":"Dicodusport"},"image":{"@id":"https:\/\/dicodusport.fr\/blog\/#\/schema\/logo\/image\/"},"sameAs":["https:\/\/www.facebook.com\/dicodusport","https:\/\/x.com\/dicodusport","https:\/\/www.instagram.com\/dicodusport\/","https:\/\/www.youtube.com\/channel\/UC7V2KZ5sd3htJivAbA4ZG3w"],"description":"Dicodusport est l'encyclop\u00e9die de l'actualit\u00e9 sportive.","email":"bonjour@dicodusport.fr","legalName":"DICODUSPORT","foundingDate":"2018-01-14","vatID":"FR71834470973","taxID":"83447097300043","numberOfEmployees":{"@type":"QuantitativeValue","minValue":"1","maxValue":"10"}},{"@type":"Person","@id":"https:\/\/dicodusport.fr\/blog\/#\/schema\/person\/55dcb50ad410894e431ed812bbb70191","name":"Nicolas Jacquemard","image":{"@type":"ImageObject","inLanguage":"fr-FR","@id":"https:\/\/dicodusport.fr\/blog\/#\/schema\/person\/image\/","url":"https:\/\/dicodusport.fr\/blog\/wp-content\/uploads\/2021\/05\/Nicolas-Jacquemard-150x150.jpeg","contentUrl":"https:\/\/dicodusport.fr\/blog\/wp-content\/uploads\/2021\/05\/Nicolas-Jacquemard-150x150.jpeg","caption":"Nicolas Jacquemard"},"description":"Passionn\u00e9 de sport et entrepreneur depuis mes 18 ans, la cr\u00e9ation de Dicodusport m'a sembl\u00e9 \u00e9vidente pour participer \u00e0 la m\u00e9diatisation d'un plus grand nombre de sports. Le chemin est long mais avec une \u00e9quipe des plus motiv\u00e9es et les Jeux Olympiques de Paris 2024 en point de mire, nous y arriverons ! Journaliste dans le monde du sport depuis plus de 5 ans, je traite aussi bien de football, de rugby, de biathlon que de cyclisme.","sameAs":["https:\/\/www.facebook.com\/dicodusport","https:\/\/x.com\/https:\/\/twitter.com\/Nico_Jacquemard"],"url":"https:\/\/dicodusport.fr\/blog\/author\/dicodusport\/"}]}},"_links":{"self":[{"href":"https:\/\/dicodusport.fr\/blog\/wp-json\/wp\/v2\/posts\/224163","targetHints":{"allow":["GET"]}}],"collection":[{"href":"https:\/\/dicodusport.fr\/blog\/wp-json\/wp\/v2\/posts"}],"about":[{"href":"https:\/\/dicodusport.fr\/blog\/wp-json\/wp\/v2\/types\/post"}],"author":[{"embeddable":true,"href":"https:\/\/dicodusport.fr\/blog\/wp-json\/wp\/v2\/users\/1"}],"replies":[{"embeddable":true,"href":"https:\/\/dicodusport.fr\/blog\/wp-json\/wp\/v2\/comments?post=224163"}],"version-history":[{"count":0,"href":"https:\/\/dicodusport.fr\/blog\/wp-json\/wp\/v2\/posts\/224163\/revisions"}],"wp:featuredmedia":[{"embeddable":true,"href":"https:\/\/dicodusport.fr\/blog\/wp-json\/wp\/v2\/media\/224164"}],"wp:attachment":[{"href":"https:\/\/dicodusport.fr\/blog\/wp-json\/wp\/v2\/media?parent=224163"}],"wp:term":[{"taxonomy":"category","embeddable":true,"href":"https:\/\/dicodusport.fr\/blog\/wp-json\/wp\/v2\/categories?post=224163"},{"taxonomy":"post_tag","embeddable":true,"href":"https:\/\/dicodusport.fr\/blog\/wp-json\/wp\/v2\/tags?post=224163"}],"curies":[{"name":"wp","href":"https:\/\/api.w.org\/{rel}","templated":true}]}}