{"id":224229,"date":"2022-05-16T12:52:09","date_gmt":"2022-05-16T10:52:09","guid":{"rendered":"https:\/\/dicodusport.fr\/blog\/?p=224229&#038;preview=true&#038;preview_id=224229"},"modified":"2022-05-16T12:52:09","modified_gmt":"2022-05-16T10:52:09","slug":"simon-yates-pense-a-abandonner-le-tour-italie-2022","status":"publish","type":"post","link":"https:\/\/dicodusport.fr\/blog\/simon-yates-pense-a-abandonner-le-tour-italie-2022\/","title":{"rendered":"Simon Yates pense \u00e0 abandonner le Tour d&rsquo;Italie 2022"},"content":{"rendered":"<p style=\"text-align: justify;\"><strong><em><a href=\"https:\/\/dicodusport.fr\/blog\/tour-d-italie-2022-etapes-et-resultats\/\">TOUR D&rsquo;ITALIE 2022<\/a> &#8211; En difficult\u00e9 dans la mont\u00e9e du Blockhaus dimanche, Simon Yates n&rsquo;est pas s\u00fbr d&rsquo;\u00eatre au d\u00e9part de la 10\u00e8me \u00e9tape mardi.<\/em><\/strong><\/p>\n<p style=\"text-align: justify;\"><strong>Simon Yates<\/strong> est touch\u00e9 au genou depuis sa chute et le Britannique a v\u00e9cu un moment compliqu\u00e9 dans l&rsquo;ascension du Blockhaus. Alors qu&rsquo;il a perdu tout espoir de remporter ce <strong>Giro 2022<\/strong>, il n&rsquo;est pas s\u00fbr de repartir. Il a expliqu\u00e9 \u00e0 <em>Velo News<\/em> :<\/p>\n<blockquote>\n<p style=\"text-align: justify;\">Nous verrons si je continue \u00e0 me battre. Nous avons d&rsquo;abord un jour de repos, puis nous verrons comment \u00e7a se passe, mais je ne sais pas encore si je vais continuer. Cette blessure m&rsquo;a caus\u00e9 beaucoup de probl\u00e8mes.<\/p>\n<\/blockquote>\n<p style=\"text-align: justify;\">En plus de sa blessure au genou, <strong>Simon Yates<\/strong> a expliqu\u00e9 qu&rsquo;il avait aussi beaucoup souffert de la chaleur dans <a href=\"https:\/\/dicodusport.fr\/blog\/tour-ditalie-2022-jai-hindley-gagne-la-9eme-etape-au-sommet-du-blockhaus\/\">la mont\u00e9e du Blockhaus dimanche<\/a>.<\/p>\n<blockquote class=\"twitter-tweet\">\n<p dir=\"ltr\" lang=\"fr\"><a href=\"https:\/\/twitter.com\/hashtag\/Giro105?src=hash&amp;ref_src=twsrc%5Etfw\">#Giro105<\/a> &#x1f1ee;&#x1f1f9; \/ &#x1f399; D\u00e9cla<br \/>\n&#x1f1e6;&#x1f1fa; <a href=\"https:\/\/twitter.com\/SimonYatess?ref_src=twsrc%5Etfw\">@SimonYatess<\/a> (BEX) : \u00ab\u00a0Nous verrons si je continue \u00e0 me battre. Nous avons d&rsquo;abord un jour de repos, puis nous verrons comment se passe, mais je ne sais pas encore si je vais continuer. Cette blessure m&rsquo;a caus\u00e9 beaucoup de probl\u00e8mes.\u00a0\u00bb<\/p>\n<p>(&#x1f4f7; : RCS) <a href=\"https:\/\/t.co\/7hTJooFGnR\">pic.twitter.com\/7hTJooFGnR<\/a><\/p>\n<p>\u2014 Renaud Breban (@RenaudB31) <a href=\"https:\/\/twitter.com\/RenaudB31\/status\/1525924066128961537?ref_src=twsrc%5Etfw\">May 15, 2022<\/a><\/p><\/blockquote>\n<p style=\"text-align: justify;\"><script async src=\"https:\/\/platform.twitter.com\/widgets.js\" charset=\"utf-8\"><\/script><\/p>\n","protected":false},"excerpt":{"rendered":"<p>TOUR D&rsquo;ITALIE 2022 &#8211; En difficult\u00e9 dans la mont\u00e9e du Blockhaus dimanche, Simon Yates n&rsquo;est pas s\u00fbr d&rsquo;\u00eatre au d\u00e9part de la 10\u00e8me \u00e9tape mardi.<\/p>\n","protected":false},"author":1,"featured_media":224231,"comment_status":"open","ping_status":"closed","sticky":false,"template":"","format":"standard","meta":{"_acf_changed":false,"_daextam_enable_autolinks":"","footnotes":""},"categories":[47041],"tags":[2830,4100,4722],"class_list":["post-224229","post","type-post","status-publish","format-standard","has-post-thumbnail","hentry","category-tour-d-italie","tag-giro","tag-simon-yates","tag-tour-ditalie"],"acf":[],"yoast_head":"<!-- This site is optimized with the Yoast SEO Premium plugin v26.7 (Yoast SEO v26.7) - https:\/\/yoast.com\/wordpress\/plugins\/seo\/ -->\n<title>- Simon Yates pense \u00e0 abandonner le Tour d&#039;Italie 2022 - Dicodusport<\/title>\n<meta name=\"description\" content=\"TOUR D&#039;ITALIE 2022 - En difficult\u00e9 dans la mont\u00e9e du Blockhaus dimanche, Simon Yates n&#039;est pas s\u00fbr d&#039;\u00eatre au d\u00e9part de la 10\u00e8me \u00e9tape mardi.\" \/>\n<meta name=\"robots\" content=\"index, follow, max-snippet:-1, max-image-preview:large, max-video-preview:-1\" \/>\n<link rel=\"canonical\" href=\"https:\/\/dicodusport.fr\/blog\/simon-yates-pense-a-abandonner-le-tour-italie-2022\/\" \/>\n<meta property=\"og:locale\" content=\"fr_FR\" \/>\n<meta property=\"og:type\" content=\"article\" \/>\n<meta property=\"og:title\" content=\"Simon Yates pense \u00e0 abandonner le Tour d&#039;Italie 2022\" \/>\n<meta property=\"og:description\" content=\"TOUR D&#039;ITALIE 2022 - En difficult\u00e9 dans la mont\u00e9e du Blockhaus dimanche, Simon Yates n&#039;est pas s\u00fbr d&#039;\u00eatre au d\u00e9part de la 10\u00e8me \u00e9tape mardi.\" \/>\n<meta property=\"og:url\" content=\"https:\/\/dicodusport.fr\/blog\/simon-yates-pense-a-abandonner-le-tour-italie-2022\/\" \/>\n<meta property=\"og:site_name\" content=\"Dicodusport\" \/>\n<meta property=\"article:publisher\" content=\"https:\/\/www.facebook.com\/dicodusport\" \/>\n<meta property=\"article:author\" content=\"https:\/\/www.facebook.com\/dicodusport\" \/>\n<meta property=\"article:published_time\" content=\"2022-05-16T10:52:09+00:00\" \/>\n<meta property=\"og:image\" content=\"https:\/\/dicodusport.fr\/blog\/wp-content\/uploads\/2022\/05\/Simon-Yates-pense-a\u0300-abandonner-le-Tour-dItalie-2022.png\" \/>\n\t<meta property=\"og:image:width\" content=\"800\" \/>\n\t<meta property=\"og:image:height\" content=\"445\" \/>\n\t<meta property=\"og:image:type\" content=\"image\/png\" \/>\n<meta name=\"author\" content=\"Nicolas Jacquemard\" \/>\n<meta name=\"twitter:card\" content=\"summary_large_image\" \/>\n<meta name=\"twitter:title\" content=\"Simon Yates pense \u00e0 abandonner le Tour d&#039;Italie 2022\" \/>\n<meta name=\"twitter:creator\" content=\"@https:\/\/twitter.com\/Nico_Jacquemard\" \/>\n<meta name=\"twitter:site\" content=\"@dicodusport\" \/>\n<script type=\"application\/ld+json\" class=\"yoast-schema-graph\">{\"@context\":\"https:\/\/schema.org\",\"@graph\":[{\"@type\":\"NewsArticle\",\"@id\":\"https:\/\/dicodusport.fr\/blog\/simon-yates-pense-a-abandonner-le-tour-italie-2022\/#article\",\"isPartOf\":{\"@id\":\"https:\/\/dicodusport.fr\/blog\/simon-yates-pense-a-abandonner-le-tour-italie-2022\/\"},\"author\":{\"name\":\"Nicolas Jacquemard\",\"@id\":\"https:\/\/dicodusport.fr\/blog\/#\/schema\/person\/55dcb50ad410894e431ed812bbb70191\"},\"headline\":\"Simon Yates pense \u00e0 abandonner le Tour d&rsquo;Italie 2022\",\"datePublished\":\"2022-05-16T10:52:09+00:00\",\"mainEntityOfPage\":{\"@id\":\"https:\/\/dicodusport.fr\/blog\/simon-yates-pense-a-abandonner-le-tour-italie-2022\/\"},\"wordCount\":224,\"commentCount\":0,\"publisher\":{\"@id\":\"https:\/\/dicodusport.fr\/blog\/#organization\"},\"image\":{\"@id\":\"https:\/\/dicodusport.fr\/blog\/simon-yates-pense-a-abandonner-le-tour-italie-2022\/#primaryimage\"},\"thumbnailUrl\":\"https:\/\/dicodusport.fr\/blog\/wp-content\/uploads\/2022\/05\/Simon-Yates-pense-a\u0300-abandonner-le-Tour-dItalie-2022.png\",\"keywords\":[\"Giro\",\"Simon Yates\",\"Tour d'Italie\"],\"articleSection\":[\"Tour d'Italie\"],\"inLanguage\":\"fr-FR\",\"potentialAction\":[{\"@type\":\"CommentAction\",\"name\":\"Comment\",\"target\":[\"https:\/\/dicodusport.fr\/blog\/simon-yates-pense-a-abandonner-le-tour-italie-2022\/#respond\"]}],\"copyrightYear\":\"2022\",\"copyrightHolder\":{\"@id\":\"https:\/\/dicodusport.fr\/blog\/#organization\"}},{\"@type\":\"WebPage\",\"@id\":\"https:\/\/dicodusport.fr\/blog\/simon-yates-pense-a-abandonner-le-tour-italie-2022\/\",\"url\":\"https:\/\/dicodusport.fr\/blog\/simon-yates-pense-a-abandonner-le-tour-italie-2022\/\",\"name\":\"- Simon Yates pense \u00e0 abandonner le Tour d'Italie 2022 - Dicodusport\",\"isPartOf\":{\"@id\":\"https:\/\/dicodusport.fr\/blog\/#website\"},\"primaryImageOfPage\":{\"@id\":\"https:\/\/dicodusport.fr\/blog\/simon-yates-pense-a-abandonner-le-tour-italie-2022\/#primaryimage\"},\"image\":{\"@id\":\"https:\/\/dicodusport.fr\/blog\/simon-yates-pense-a-abandonner-le-tour-italie-2022\/#primaryimage\"},\"thumbnailUrl\":\"https:\/\/dicodusport.fr\/blog\/wp-content\/uploads\/2022\/05\/Simon-Yates-pense-a\u0300-abandonner-le-Tour-dItalie-2022.png\",\"datePublished\":\"2022-05-16T10:52:09+00:00\",\"description\":\"TOUR D'ITALIE 2022 - En difficult\u00e9 dans la mont\u00e9e du Blockhaus dimanche, Simon Yates n'est pas s\u00fbr d'\u00eatre au d\u00e9part de la 10\u00e8me \u00e9tape mardi.\",\"breadcrumb\":{\"@id\":\"https:\/\/dicodusport.fr\/blog\/simon-yates-pense-a-abandonner-le-tour-italie-2022\/#breadcrumb\"},\"inLanguage\":\"fr-FR\",\"potentialAction\":[{\"@type\":\"ReadAction\",\"target\":[\"https:\/\/dicodusport.fr\/blog\/simon-yates-pense-a-abandonner-le-tour-italie-2022\/\"]}]},{\"@type\":\"ImageObject\",\"inLanguage\":\"fr-FR\",\"@id\":\"https:\/\/dicodusport.fr\/blog\/simon-yates-pense-a-abandonner-le-tour-italie-2022\/#primaryimage\",\"url\":\"https:\/\/dicodusport.fr\/blog\/wp-content\/uploads\/2022\/05\/Simon-Yates-pense-a\u0300-abandonner-le-Tour-dItalie-2022.png\",\"contentUrl\":\"https:\/\/dicodusport.fr\/blog\/wp-content\/uploads\/2022\/05\/Simon-Yates-pense-a\u0300-abandonner-le-Tour-dItalie-2022.png\",\"width\":800,\"height\":445},{\"@type\":\"BreadcrumbList\",\"@id\":\"https:\/\/dicodusport.fr\/blog\/simon-yates-pense-a-abandonner-le-tour-italie-2022\/#breadcrumb\",\"itemListElement\":[{\"@type\":\"ListItem\",\"position\":1,\"name\":\"Accueil\",\"item\":\"https:\/\/dicodusport.fr\/blog\/\"},{\"@type\":\"ListItem\",\"position\":2,\"name\":\"Simon Yates pense \u00e0 abandonner le Tour d&rsquo;Italie 2022\"}]},{\"@type\":\"WebSite\",\"@id\":\"https:\/\/dicodusport.fr\/blog\/#website\",\"url\":\"https:\/\/dicodusport.fr\/blog\/\",\"name\":\"Dicodusport\",\"description\":\"L&#039;encyclop\u00e9die de l&#039;actualit\u00e9 sportive\",\"publisher\":{\"@id\":\"https:\/\/dicodusport.fr\/blog\/#organization\"},\"potentialAction\":[{\"@type\":\"SearchAction\",\"target\":{\"@type\":\"EntryPoint\",\"urlTemplate\":\"https:\/\/dicodusport.fr\/blog\/?s={search_term_string}\"},\"query-input\":{\"@type\":\"PropertyValueSpecification\",\"valueRequired\":true,\"valueName\":\"search_term_string\"}}],\"inLanguage\":\"fr-FR\"},{\"@type\":\"NewsMediaOrganization\",\"@id\":\"https:\/\/dicodusport.fr\/blog\/#organization\",\"name\":\"Dicodusport\",\"url\":\"https:\/\/dicodusport.fr\/blog\/\",\"logo\":{\"@type\":\"ImageObject\",\"inLanguage\":\"fr-FR\",\"@id\":\"https:\/\/dicodusport.fr\/blog\/#\/schema\/logo\/image\/\",\"url\":\"https:\/\/dicodusport.fr\/blog\/wp-content\/uploads\/2020\/06\/cropped-LOGO-DICODUSPORT-2020-SANS-FOND-SANS-TEXTE.png\",\"contentUrl\":\"https:\/\/dicodusport.fr\/blog\/wp-content\/uploads\/2020\/06\/cropped-LOGO-DICODUSPORT-2020-SANS-FOND-SANS-TEXTE.png\",\"width\":512,\"height\":512,\"caption\":\"Dicodusport\"},\"image\":{\"@id\":\"https:\/\/dicodusport.fr\/blog\/#\/schema\/logo\/image\/\"},\"sameAs\":[\"https:\/\/www.facebook.com\/dicodusport\",\"https:\/\/x.com\/dicodusport\",\"https:\/\/www.instagram.com\/dicodusport\/\",\"https:\/\/www.youtube.com\/channel\/UC7V2KZ5sd3htJivAbA4ZG3w\"],\"description\":\"Dicodusport est l'encyclop\u00e9die de l'actualit\u00e9 sportive.\",\"email\":\"bonjour@dicodusport.fr\",\"legalName\":\"DICODUSPORT\",\"foundingDate\":\"2018-01-14\",\"vatID\":\"FR71834470973\",\"taxID\":\"83447097300043\",\"numberOfEmployees\":{\"@type\":\"QuantitativeValue\",\"minValue\":\"1\",\"maxValue\":\"10\"}},{\"@type\":\"Person\",\"@id\":\"https:\/\/dicodusport.fr\/blog\/#\/schema\/person\/55dcb50ad410894e431ed812bbb70191\",\"name\":\"Nicolas Jacquemard\",\"image\":{\"@type\":\"ImageObject\",\"inLanguage\":\"fr-FR\",\"@id\":\"https:\/\/dicodusport.fr\/blog\/#\/schema\/person\/image\/\",\"url\":\"https:\/\/dicodusport.fr\/blog\/wp-content\/uploads\/2021\/05\/Nicolas-Jacquemard-150x150.jpeg\",\"contentUrl\":\"https:\/\/dicodusport.fr\/blog\/wp-content\/uploads\/2021\/05\/Nicolas-Jacquemard-150x150.jpeg\",\"caption\":\"Nicolas Jacquemard\"},\"description\":\"Passionn\u00e9 de sport et entrepreneur depuis mes 18 ans, la cr\u00e9ation de Dicodusport m'a sembl\u00e9 \u00e9vidente pour participer \u00e0 la m\u00e9diatisation d'un plus grand nombre de sports. Le chemin est long mais avec une \u00e9quipe des plus motiv\u00e9es et les Jeux Olympiques de Paris 2024 en point de mire, nous y arriverons ! Journaliste dans le monde du sport depuis plus de 5 ans, je traite aussi bien de football, de rugby, de biathlon que de cyclisme.\",\"sameAs\":[\"https:\/\/www.facebook.com\/dicodusport\",\"https:\/\/x.com\/https:\/\/twitter.com\/Nico_Jacquemard\"],\"url\":\"https:\/\/dicodusport.fr\/blog\/author\/dicodusport\/\"}]}<\/script>\n<!-- \/ Yoast SEO Premium plugin. -->","yoast_head_json":{"title":"- Simon Yates pense \u00e0 abandonner le Tour d'Italie 2022 - Dicodusport","description":"TOUR D'ITALIE 2022 - En difficult\u00e9 dans la mont\u00e9e du Blockhaus dimanche, Simon Yates n'est pas s\u00fbr d'\u00eatre au d\u00e9part de la 10\u00e8me \u00e9tape mardi.","robots":{"index":"index","follow":"follow","max-snippet":"max-snippet:-1","max-image-preview":"max-image-preview:large","max-video-preview":"max-video-preview:-1"},"canonical":"https:\/\/dicodusport.fr\/blog\/simon-yates-pense-a-abandonner-le-tour-italie-2022\/","og_locale":"fr_FR","og_type":"article","og_title":"Simon Yates pense \u00e0 abandonner le Tour d'Italie 2022","og_description":"TOUR D'ITALIE 2022 - En difficult\u00e9 dans la mont\u00e9e du Blockhaus dimanche, Simon Yates n'est pas s\u00fbr d'\u00eatre au d\u00e9part de la 10\u00e8me \u00e9tape mardi.","og_url":"https:\/\/dicodusport.fr\/blog\/simon-yates-pense-a-abandonner-le-tour-italie-2022\/","og_site_name":"Dicodusport","article_publisher":"https:\/\/www.facebook.com\/dicodusport","article_author":"https:\/\/www.facebook.com\/dicodusport","article_published_time":"2022-05-16T10:52:09+00:00","og_image":[{"width":800,"height":445,"url":"https:\/\/dicodusport.fr\/blog\/wp-content\/uploads\/2022\/05\/Simon-Yates-pense-a\u0300-abandonner-le-Tour-dItalie-2022.png","type":"image\/png"}],"author":"Nicolas Jacquemard","twitter_card":"summary_large_image","twitter_title":"Simon Yates pense \u00e0 abandonner le Tour d'Italie 2022","twitter_creator":"@https:\/\/twitter.com\/Nico_Jacquemard","twitter_site":"@dicodusport","schema":{"@context":"https:\/\/schema.org","@graph":[{"@type":"NewsArticle","@id":"https:\/\/dicodusport.fr\/blog\/simon-yates-pense-a-abandonner-le-tour-italie-2022\/#article","isPartOf":{"@id":"https:\/\/dicodusport.fr\/blog\/simon-yates-pense-a-abandonner-le-tour-italie-2022\/"},"author":{"name":"Nicolas Jacquemard","@id":"https:\/\/dicodusport.fr\/blog\/#\/schema\/person\/55dcb50ad410894e431ed812bbb70191"},"headline":"Simon Yates pense \u00e0 abandonner le Tour d&rsquo;Italie 2022","datePublished":"2022-05-16T10:52:09+00:00","mainEntityOfPage":{"@id":"https:\/\/dicodusport.fr\/blog\/simon-yates-pense-a-abandonner-le-tour-italie-2022\/"},"wordCount":224,"commentCount":0,"publisher":{"@id":"https:\/\/dicodusport.fr\/blog\/#organization"},"image":{"@id":"https:\/\/dicodusport.fr\/blog\/simon-yates-pense-a-abandonner-le-tour-italie-2022\/#primaryimage"},"thumbnailUrl":"https:\/\/dicodusport.fr\/blog\/wp-content\/uploads\/2022\/05\/Simon-Yates-pense-a\u0300-abandonner-le-Tour-dItalie-2022.png","keywords":["Giro","Simon Yates","Tour d'Italie"],"articleSection":["Tour d'Italie"],"inLanguage":"fr-FR","potentialAction":[{"@type":"CommentAction","name":"Comment","target":["https:\/\/dicodusport.fr\/blog\/simon-yates-pense-a-abandonner-le-tour-italie-2022\/#respond"]}],"copyrightYear":"2022","copyrightHolder":{"@id":"https:\/\/dicodusport.fr\/blog\/#organization"}},{"@type":"WebPage","@id":"https:\/\/dicodusport.fr\/blog\/simon-yates-pense-a-abandonner-le-tour-italie-2022\/","url":"https:\/\/dicodusport.fr\/blog\/simon-yates-pense-a-abandonner-le-tour-italie-2022\/","name":"- Simon Yates pense \u00e0 abandonner le Tour d'Italie 2022 - Dicodusport","isPartOf":{"@id":"https:\/\/dicodusport.fr\/blog\/#website"},"primaryImageOfPage":{"@id":"https:\/\/dicodusport.fr\/blog\/simon-yates-pense-a-abandonner-le-tour-italie-2022\/#primaryimage"},"image":{"@id":"https:\/\/dicodusport.fr\/blog\/simon-yates-pense-a-abandonner-le-tour-italie-2022\/#primaryimage"},"thumbnailUrl":"https:\/\/dicodusport.fr\/blog\/wp-content\/uploads\/2022\/05\/Simon-Yates-pense-a\u0300-abandonner-le-Tour-dItalie-2022.png","datePublished":"2022-05-16T10:52:09+00:00","description":"TOUR D'ITALIE 2022 - En difficult\u00e9 dans la mont\u00e9e du Blockhaus dimanche, Simon Yates n'est pas s\u00fbr d'\u00eatre au d\u00e9part de la 10\u00e8me \u00e9tape mardi.","breadcrumb":{"@id":"https:\/\/dicodusport.fr\/blog\/simon-yates-pense-a-abandonner-le-tour-italie-2022\/#breadcrumb"},"inLanguage":"fr-FR","potentialAction":[{"@type":"ReadAction","target":["https:\/\/dicodusport.fr\/blog\/simon-yates-pense-a-abandonner-le-tour-italie-2022\/"]}]},{"@type":"ImageObject","inLanguage":"fr-FR","@id":"https:\/\/dicodusport.fr\/blog\/simon-yates-pense-a-abandonner-le-tour-italie-2022\/#primaryimage","url":"https:\/\/dicodusport.fr\/blog\/wp-content\/uploads\/2022\/05\/Simon-Yates-pense-a\u0300-abandonner-le-Tour-dItalie-2022.png","contentUrl":"https:\/\/dicodusport.fr\/blog\/wp-content\/uploads\/2022\/05\/Simon-Yates-pense-a\u0300-abandonner-le-Tour-dItalie-2022.png","width":800,"height":445},{"@type":"BreadcrumbList","@id":"https:\/\/dicodusport.fr\/blog\/simon-yates-pense-a-abandonner-le-tour-italie-2022\/#breadcrumb","itemListElement":[{"@type":"ListItem","position":1,"name":"Accueil","item":"https:\/\/dicodusport.fr\/blog\/"},{"@type":"ListItem","position":2,"name":"Simon Yates pense \u00e0 abandonner le Tour d&rsquo;Italie 2022"}]},{"@type":"WebSite","@id":"https:\/\/dicodusport.fr\/blog\/#website","url":"https:\/\/dicodusport.fr\/blog\/","name":"Dicodusport","description":"L&#039;encyclop\u00e9die de l&#039;actualit\u00e9 sportive","publisher":{"@id":"https:\/\/dicodusport.fr\/blog\/#organization"},"potentialAction":[{"@type":"SearchAction","target":{"@type":"EntryPoint","urlTemplate":"https:\/\/dicodusport.fr\/blog\/?s={search_term_string}"},"query-input":{"@type":"PropertyValueSpecification","valueRequired":true,"valueName":"search_term_string"}}],"inLanguage":"fr-FR"},{"@type":"NewsMediaOrganization","@id":"https:\/\/dicodusport.fr\/blog\/#organization","name":"Dicodusport","url":"https:\/\/dicodusport.fr\/blog\/","logo":{"@type":"ImageObject","inLanguage":"fr-FR","@id":"https:\/\/dicodusport.fr\/blog\/#\/schema\/logo\/image\/","url":"https:\/\/dicodusport.fr\/blog\/wp-content\/uploads\/2020\/06\/cropped-LOGO-DICODUSPORT-2020-SANS-FOND-SANS-TEXTE.png","contentUrl":"https:\/\/dicodusport.fr\/blog\/wp-content\/uploads\/2020\/06\/cropped-LOGO-DICODUSPORT-2020-SANS-FOND-SANS-TEXTE.png","width":512,"height":512,"caption":"Dicodusport"},"image":{"@id":"https:\/\/dicodusport.fr\/blog\/#\/schema\/logo\/image\/"},"sameAs":["https:\/\/www.facebook.com\/dicodusport","https:\/\/x.com\/dicodusport","https:\/\/www.instagram.com\/dicodusport\/","https:\/\/www.youtube.com\/channel\/UC7V2KZ5sd3htJivAbA4ZG3w"],"description":"Dicodusport est l'encyclop\u00e9die de l'actualit\u00e9 sportive.","email":"bonjour@dicodusport.fr","legalName":"DICODUSPORT","foundingDate":"2018-01-14","vatID":"FR71834470973","taxID":"83447097300043","numberOfEmployees":{"@type":"QuantitativeValue","minValue":"1","maxValue":"10"}},{"@type":"Person","@id":"https:\/\/dicodusport.fr\/blog\/#\/schema\/person\/55dcb50ad410894e431ed812bbb70191","name":"Nicolas Jacquemard","image":{"@type":"ImageObject","inLanguage":"fr-FR","@id":"https:\/\/dicodusport.fr\/blog\/#\/schema\/person\/image\/","url":"https:\/\/dicodusport.fr\/blog\/wp-content\/uploads\/2021\/05\/Nicolas-Jacquemard-150x150.jpeg","contentUrl":"https:\/\/dicodusport.fr\/blog\/wp-content\/uploads\/2021\/05\/Nicolas-Jacquemard-150x150.jpeg","caption":"Nicolas Jacquemard"},"description":"Passionn\u00e9 de sport et entrepreneur depuis mes 18 ans, la cr\u00e9ation de Dicodusport m'a sembl\u00e9 \u00e9vidente pour participer \u00e0 la m\u00e9diatisation d'un plus grand nombre de sports. Le chemin est long mais avec une \u00e9quipe des plus motiv\u00e9es et les Jeux Olympiques de Paris 2024 en point de mire, nous y arriverons ! Journaliste dans le monde du sport depuis plus de 5 ans, je traite aussi bien de football, de rugby, de biathlon que de cyclisme.","sameAs":["https:\/\/www.facebook.com\/dicodusport","https:\/\/x.com\/https:\/\/twitter.com\/Nico_Jacquemard"],"url":"https:\/\/dicodusport.fr\/blog\/author\/dicodusport\/"}]}},"_links":{"self":[{"href":"https:\/\/dicodusport.fr\/blog\/wp-json\/wp\/v2\/posts\/224229","targetHints":{"allow":["GET"]}}],"collection":[{"href":"https:\/\/dicodusport.fr\/blog\/wp-json\/wp\/v2\/posts"}],"about":[{"href":"https:\/\/dicodusport.fr\/blog\/wp-json\/wp\/v2\/types\/post"}],"author":[{"embeddable":true,"href":"https:\/\/dicodusport.fr\/blog\/wp-json\/wp\/v2\/users\/1"}],"replies":[{"embeddable":true,"href":"https:\/\/dicodusport.fr\/blog\/wp-json\/wp\/v2\/comments?post=224229"}],"version-history":[{"count":0,"href":"https:\/\/dicodusport.fr\/blog\/wp-json\/wp\/v2\/posts\/224229\/revisions"}],"wp:featuredmedia":[{"embeddable":true,"href":"https:\/\/dicodusport.fr\/blog\/wp-json\/wp\/v2\/media\/224231"}],"wp:attachment":[{"href":"https:\/\/dicodusport.fr\/blog\/wp-json\/wp\/v2\/media?parent=224229"}],"wp:term":[{"taxonomy":"category","embeddable":true,"href":"https:\/\/dicodusport.fr\/blog\/wp-json\/wp\/v2\/categories?post=224229"},{"taxonomy":"post_tag","embeddable":true,"href":"https:\/\/dicodusport.fr\/blog\/wp-json\/wp\/v2\/tags?post=224229"}],"curies":[{"name":"wp","href":"https:\/\/api.w.org\/{rel}","templated":true}]}}