{"id":224259,"date":"2022-05-16T15:18:39","date_gmt":"2022-05-16T13:18:39","guid":{"rendered":"https:\/\/dicodusport.fr\/blog\/?p=224259&#038;preview=true&#038;preview_id=224259"},"modified":"2022-05-16T15:18:39","modified_gmt":"2022-05-16T13:18:39","slug":"novak-djokovic-et-iga-swiatek-accentuent-leur-domination-au-classement-mondial","status":"publish","type":"post","link":"https:\/\/dicodusport.fr\/blog\/novak-djokovic-et-iga-swiatek-accentuent-leur-domination-au-classement-mondial\/","title":{"rendered":"Novak Djokovic et Iga Swiatek accentuent leur domination au classement mondial"},"content":{"rendered":"<p style=\"text-align: justify;\"><b><i>CLASSEMENT ATP\/WTA &#8211; <\/i><\/b><b><i>Suite \u00e0 leur victoire lors du Masters 1000 de Rome sur terre battue, Novak Djokovic et Iga Switaek ont accru leur avance sur leurs adversaires. Avec ce succ\u00e8s, le Serbe est assur\u00e9 d&rsquo;\u00eatre t\u00eate de s\u00e9rie num\u00e9ro 1 \u00e0 Rol<\/i><\/b><b><i>and-Garros tandis qu&rsquo;Iga Swiatek continue de marquer cette saison 2022 de son empreinte.\u00a0<\/i><\/b><\/p>\n<h2 style=\"text-align: justify;\">370 semaines d&rsquo;affil\u00e9e pour Novak<\/h2>\n<p style=\"text-align: justify;\">Avec son succ\u00e8s sur la terre battue de la capitaine italienne, <strong>Novak Djokovic<\/strong> compte d\u00e9sormais pr\u00e8s de 600 pts d&rsquo;avance sur le second, <strong>Daniil Medvedev<\/strong>, au classement ATP au lundi 16 mai. Le Serbe a domin\u00e9 le haut du pav\u00e9 du classement ATP masculin durant 370 semaines d&rsquo;affil\u00e9e (sur des p\u00e9riodes diff\u00e9rents), soit soixante de plus que <strong>Roger Federer<\/strong>. \u00c0 Paris, le tenant du titre de Roland-Garros sera t\u00eate de num\u00e9ro un et tentera de conserver sa couronne sur la cendr\u00e9e parisienne.<\/p>\n<p style=\"text-align: justify;\">\u00c9limin\u00e9 en quart de finale, face au Canadien <strong>Denis Shapovalov<\/strong>, <strong>Rafael Nadal<\/strong> perd lui un rang et se retrouve cinqui\u00e8me au classement ATP. Finaliste \u00e0 Rome, le Grec <strong>Stefanos Tsitsipas<\/strong> gagne une place et se retrouve quatri\u00e8me. Enfin, le Norv\u00e9gien<strong> Casper Ruud<\/strong>, qui n&rsquo;a pas eu la t\u00e2che facile face \u00e0 <strong>Novak Djokovic<\/strong> en demi-finales (6\/4 6\/3), gagne deux places et passe de la dixi\u00e8me \u00e0 la huiti\u00e8me place. <strong>Matteo Berrettini<\/strong>, op\u00e9r\u00e9 de la main droite fin mars, fait lui le chemin inverse.<\/p>\n<h2 style=\"text-align: justify;\">Le Top 10<\/h2>\n<blockquote class=\"twitter-tweet\">\n<p dir=\"ltr\" lang=\"es\">&#x1f3be; Tras una semana intensa de buen tenis, as\u00ed amanece el ranking de la ATP.<\/p>\n<p>&#x1f451; El serbio &#x1f1f7;&#x1f1f8; Novak Djokovic se mantiene al frente de la clasificaci\u00f3n.<\/p>\n<p>&#x1f503; El ascenso a la cuarta posiciones del griego &#x1f1ec;&#x1f1f7; S. Tsitsip\u00e1s; mientras el noruego &#x1f1f3;&#x1f1f4; C. Ruud asciende dos lugares.<a href=\"https:\/\/twitter.com\/hashtag\/Tenis?src=hash&amp;ref_src=twsrc%5Etfw\">#Tenis<\/a> <a href=\"https:\/\/t.co\/qhvZ0EpB7b\">pic.twitter.com\/qhvZ0EpB7b<\/a><\/p>\n<p>\u2014 DESDE CANCHA (@decandeportes) <a href=\"https:\/\/twitter.com\/decandeportes\/status\/1526173340079165442?ref_src=twsrc%5Etfw\">May 16, 2022<\/a><\/p><\/blockquote>\n<p><script async src=\"https:\/\/platform.twitter.com\/widgets.js\" charset=\"utf-8\"><\/script><\/p>\n<h2 style=\"text-align: justify;\">Ons Jabeur proche du Top 5<\/h2>\n<p style=\"text-align: justify;\"><strong>Iga Swiatek<\/strong> est actuellement intouchable sur le circuit WTA. \u00c0 Rome, la Polonaise a remport\u00e9 son cinqui\u00e8me tournoi cons\u00e9cutif, et son quatri\u00e8me Masters 1000 de la saison (apr\u00e8s Doha, Indian Wells et Miami). La num\u00e9ro 1 mondiale compte d\u00e9sormais pr\u00e8s de 2000 points d&rsquo;avance sur la Tch\u00e8que <strong>Barbora Krejcikova<\/strong>.<\/p>\n<p style=\"text-align: justify;\">Derri\u00e8re, <strong>Ons Jabeur<\/strong> est \u00e9galement en excellente forme. Suite \u00e0 son succ\u00e8s sur le Masters 1000 de Madrid, la Tunisienne a \u00e9chou\u00e9 en finale \u00e0 Rome, face \u00e0 une <strong>Iga Swiatek<\/strong> qui joue sur une autre plan\u00e8te actuellement. Gr\u00e2ce \u00e0 cette belle semaine italienne, <strong>Ons Jabeur<\/strong> se retrouve sixi\u00e8me du dernier classement de la WTA, ce qui constitue son meilleur classement en carri\u00e8re. De plus, elle n&rsquo;est pas qu&rsquo;\u00e0 port\u00e9e de fusil du Top 5, \u00e0 seulement 70 ponts de l&rsquo;Estonienne <strong>Anett Kontaveit.\u00a0<\/strong><\/p>\n<h2 style=\"text-align: justify;\">Le Top 10<\/h2>\n<blockquote class=\"twitter-tweet\">\n<p dir=\"ltr\" lang=\"es\">&#x1f3be; Tras una semana intensa de buen tenis, as\u00ed amanece el ranking de la WTA.<\/p>\n<p>&#x1f451; La polaca &#x1f1f5;&#x1f1f1; Iga Swi\u0105tek, se mantiene firme al frente de la clasificaci\u00f3n.<\/p>\n<p>&#x1f503; La checa &#x1f1e8;&#x1f1ff; K. Pliskov\u00e1 desciende dos escalones; mientras que la tunecina &#x1f1f9;&#x1f1f3; O. Jabeur asciende una posici\u00f3n.<a href=\"https:\/\/twitter.com\/hashtag\/Tenis?src=hash&amp;ref_src=twsrc%5Etfw\">#Tenis<\/a> <a href=\"https:\/\/t.co\/5M4MzSmlqZ\">pic.twitter.com\/5M4MzSmlqZ<\/a><\/p>\n<p>\u2014 DESDE CANCHA (@decandeportes) <a href=\"https:\/\/twitter.com\/decandeportes\/status\/1526173815516057600?ref_src=twsrc%5Etfw\">May 16, 2022<\/a><\/p><\/blockquote>\n<p><script async src=\"https:\/\/platform.twitter.com\/widgets.js\" charset=\"utf-8\"><\/script><\/p>\n","protected":false},"excerpt":{"rendered":"<p>CLASSEMENT ATP\/WTA &#8211; Novak Djokovic et Iga Swiatek consolident leur avance en t\u00eate, tandis qu&rsquo;Ons Jabeur effectue un joli rapproch\u00e9.<\/p>\n","protected":false},"author":42,"featured_media":224272,"comment_status":"open","ping_status":"closed","sticky":false,"template":"","format":"standard","meta":{"_acf_changed":false,"_daextam_enable_autolinks":"","footnotes":""},"categories":[2302],"tags":[8022,3224],"class_list":["post-224259","post","type-post","status-publish","format-standard","has-post-thumbnail","hentry","category-tennis","tag-iga-swiatek","tag-novak-djokovic"],"acf":[],"yoast_head":"<!-- This site is optimized with the Yoast SEO Premium plugin v26.7 (Yoast SEO v26.7) - https:\/\/yoast.com\/wordpress\/plugins\/seo\/ -->\n<title>Tennis - Novak Djokovic et Iga Swiatek accentuent leur domination au classement mondial - Dicodusport<\/title>\n<meta name=\"description\" content=\"CLASSEMENT ATP\/WTA - Novak Djokovic et Iga Swiatek consolident leur avance en t\u00eate, tandis qu&#039;Ons Jabeur effectue un joli rapproch\u00e9.\" \/>\n<meta name=\"robots\" content=\"index, follow, max-snippet:-1, max-image-preview:large, max-video-preview:-1\" \/>\n<link rel=\"canonical\" href=\"https:\/\/dicodusport.fr\/blog\/novak-djokovic-et-iga-swiatek-accentuent-leur-domination-au-classement-mondial\/\" \/>\n<meta property=\"og:locale\" content=\"fr_FR\" \/>\n<meta property=\"og:type\" content=\"article\" \/>\n<meta property=\"og:title\" content=\"Novak Djokovic et Iga Swiatek accentuent leur domination au classement mondial\" \/>\n<meta property=\"og:description\" content=\"CLASSEMENT ATP\/WTA - Novak Djokovic et Iga Swiatek consolident leur avance en t\u00eate, tandis qu&#039;Ons Jabeur effectue un joli rapproch\u00e9.\" \/>\n<meta property=\"og:url\" content=\"https:\/\/dicodusport.fr\/blog\/novak-djokovic-et-iga-swiatek-accentuent-leur-domination-au-classement-mondial\/\" \/>\n<meta property=\"og:site_name\" content=\"Dicodusport\" \/>\n<meta property=\"article:publisher\" content=\"https:\/\/www.facebook.com\/dicodusport\" \/>\n<meta property=\"article:published_time\" content=\"2022-05-16T13:18:39+00:00\" \/>\n<meta property=\"og:image\" content=\"https:\/\/dicodusport.fr\/blog\/wp-content\/uploads\/2022\/05\/Novak-Djokovic-et-Iga-Swiatek-accentuent-leur-domination-au-classement-mondial.png\" \/>\n\t<meta property=\"og:image:width\" content=\"800\" \/>\n\t<meta property=\"og:image:height\" content=\"445\" \/>\n\t<meta property=\"og:image:type\" content=\"image\/png\" \/>\n<meta name=\"author\" content=\"Nicolas Mezine\" \/>\n<meta name=\"twitter:card\" content=\"summary_large_image\" \/>\n<meta name=\"twitter:title\" content=\"Novak Djokovic et Iga Swiatek accentuent leur domination au classement mondial\" \/>\n<meta name=\"twitter:creator\" content=\"@https:\/\/twitter.com\/Lbiji13\" \/>\n<meta name=\"twitter:site\" content=\"@dicodusport\" \/>\n<script type=\"application\/ld+json\" class=\"yoast-schema-graph\">{\"@context\":\"https:\/\/schema.org\",\"@graph\":[{\"@type\":\"NewsArticle\",\"@id\":\"https:\/\/dicodusport.fr\/blog\/novak-djokovic-et-iga-swiatek-accentuent-leur-domination-au-classement-mondial\/#article\",\"isPartOf\":{\"@id\":\"https:\/\/dicodusport.fr\/blog\/novak-djokovic-et-iga-swiatek-accentuent-leur-domination-au-classement-mondial\/\"},\"author\":{\"name\":\"Nicolas Mezine\",\"@id\":\"https:\/\/dicodusport.fr\/blog\/#\/schema\/person\/99fcf31b3ee0d51fed53ade78139bbbf\"},\"headline\":\"Novak Djokovic et Iga Swiatek accentuent leur domination au classement mondial\",\"datePublished\":\"2022-05-16T13:18:39+00:00\",\"mainEntityOfPage\":{\"@id\":\"https:\/\/dicodusport.fr\/blog\/novak-djokovic-et-iga-swiatek-accentuent-leur-domination-au-classement-mondial\/\"},\"wordCount\":558,\"commentCount\":0,\"publisher\":{\"@id\":\"https:\/\/dicodusport.fr\/blog\/#organization\"},\"image\":{\"@id\":\"https:\/\/dicodusport.fr\/blog\/novak-djokovic-et-iga-swiatek-accentuent-leur-domination-au-classement-mondial\/#primaryimage\"},\"thumbnailUrl\":\"https:\/\/dicodusport.fr\/blog\/wp-content\/uploads\/2022\/05\/Novak-Djokovic-et-Iga-Swiatek-accentuent-leur-domination-au-classement-mondial.png\",\"keywords\":[\"Iga Swiatek\",\"Novak Djokovic\"],\"articleSection\":[\"Tennis\"],\"inLanguage\":\"fr-FR\",\"potentialAction\":[{\"@type\":\"CommentAction\",\"name\":\"Comment\",\"target\":[\"https:\/\/dicodusport.fr\/blog\/novak-djokovic-et-iga-swiatek-accentuent-leur-domination-au-classement-mondial\/#respond\"]}],\"copyrightYear\":\"2022\",\"copyrightHolder\":{\"@id\":\"https:\/\/dicodusport.fr\/blog\/#organization\"}},{\"@type\":\"WebPage\",\"@id\":\"https:\/\/dicodusport.fr\/blog\/novak-djokovic-et-iga-swiatek-accentuent-leur-domination-au-classement-mondial\/\",\"url\":\"https:\/\/dicodusport.fr\/blog\/novak-djokovic-et-iga-swiatek-accentuent-leur-domination-au-classement-mondial\/\",\"name\":\"Tennis - Novak Djokovic et Iga Swiatek accentuent leur domination au classement mondial - Dicodusport\",\"isPartOf\":{\"@id\":\"https:\/\/dicodusport.fr\/blog\/#website\"},\"primaryImageOfPage\":{\"@id\":\"https:\/\/dicodusport.fr\/blog\/novak-djokovic-et-iga-swiatek-accentuent-leur-domination-au-classement-mondial\/#primaryimage\"},\"image\":{\"@id\":\"https:\/\/dicodusport.fr\/blog\/novak-djokovic-et-iga-swiatek-accentuent-leur-domination-au-classement-mondial\/#primaryimage\"},\"thumbnailUrl\":\"https:\/\/dicodusport.fr\/blog\/wp-content\/uploads\/2022\/05\/Novak-Djokovic-et-Iga-Swiatek-accentuent-leur-domination-au-classement-mondial.png\",\"datePublished\":\"2022-05-16T13:18:39+00:00\",\"description\":\"CLASSEMENT ATP\/WTA - Novak Djokovic et Iga Swiatek consolident leur avance en t\u00eate, tandis qu'Ons Jabeur effectue un joli rapproch\u00e9.\",\"breadcrumb\":{\"@id\":\"https:\/\/dicodusport.fr\/blog\/novak-djokovic-et-iga-swiatek-accentuent-leur-domination-au-classement-mondial\/#breadcrumb\"},\"inLanguage\":\"fr-FR\",\"potentialAction\":[{\"@type\":\"ReadAction\",\"target\":[\"https:\/\/dicodusport.fr\/blog\/novak-djokovic-et-iga-swiatek-accentuent-leur-domination-au-classement-mondial\/\"]}]},{\"@type\":\"ImageObject\",\"inLanguage\":\"fr-FR\",\"@id\":\"https:\/\/dicodusport.fr\/blog\/novak-djokovic-et-iga-swiatek-accentuent-leur-domination-au-classement-mondial\/#primaryimage\",\"url\":\"https:\/\/dicodusport.fr\/blog\/wp-content\/uploads\/2022\/05\/Novak-Djokovic-et-Iga-Swiatek-accentuent-leur-domination-au-classement-mondial.png\",\"contentUrl\":\"https:\/\/dicodusport.fr\/blog\/wp-content\/uploads\/2022\/05\/Novak-Djokovic-et-Iga-Swiatek-accentuent-leur-domination-au-classement-mondial.png\",\"width\":800,\"height\":445,\"caption\":\"Novak Djokovic et Iga Swiatek accentuent leur domination au classement mondial\"},{\"@type\":\"BreadcrumbList\",\"@id\":\"https:\/\/dicodusport.fr\/blog\/novak-djokovic-et-iga-swiatek-accentuent-leur-domination-au-classement-mondial\/#breadcrumb\",\"itemListElement\":[{\"@type\":\"ListItem\",\"position\":1,\"name\":\"Accueil\",\"item\":\"https:\/\/dicodusport.fr\/blog\/\"},{\"@type\":\"ListItem\",\"position\":2,\"name\":\"Novak Djokovic et Iga Swiatek accentuent leur domination au classement mondial\"}]},{\"@type\":\"WebSite\",\"@id\":\"https:\/\/dicodusport.fr\/blog\/#website\",\"url\":\"https:\/\/dicodusport.fr\/blog\/\",\"name\":\"Dicodusport\",\"description\":\"L&#039;encyclop\u00e9die de l&#039;actualit\u00e9 sportive\",\"publisher\":{\"@id\":\"https:\/\/dicodusport.fr\/blog\/#organization\"},\"potentialAction\":[{\"@type\":\"SearchAction\",\"target\":{\"@type\":\"EntryPoint\",\"urlTemplate\":\"https:\/\/dicodusport.fr\/blog\/?s={search_term_string}\"},\"query-input\":{\"@type\":\"PropertyValueSpecification\",\"valueRequired\":true,\"valueName\":\"search_term_string\"}}],\"inLanguage\":\"fr-FR\"},{\"@type\":\"NewsMediaOrganization\",\"@id\":\"https:\/\/dicodusport.fr\/blog\/#organization\",\"name\":\"Dicodusport\",\"url\":\"https:\/\/dicodusport.fr\/blog\/\",\"logo\":{\"@type\":\"ImageObject\",\"inLanguage\":\"fr-FR\",\"@id\":\"https:\/\/dicodusport.fr\/blog\/#\/schema\/logo\/image\/\",\"url\":\"https:\/\/dicodusport.fr\/blog\/wp-content\/uploads\/2020\/06\/cropped-LOGO-DICODUSPORT-2020-SANS-FOND-SANS-TEXTE.png\",\"contentUrl\":\"https:\/\/dicodusport.fr\/blog\/wp-content\/uploads\/2020\/06\/cropped-LOGO-DICODUSPORT-2020-SANS-FOND-SANS-TEXTE.png\",\"width\":512,\"height\":512,\"caption\":\"Dicodusport\"},\"image\":{\"@id\":\"https:\/\/dicodusport.fr\/blog\/#\/schema\/logo\/image\/\"},\"sameAs\":[\"https:\/\/www.facebook.com\/dicodusport\",\"https:\/\/x.com\/dicodusport\",\"https:\/\/www.instagram.com\/dicodusport\/\",\"https:\/\/www.youtube.com\/channel\/UC7V2KZ5sd3htJivAbA4ZG3w\"],\"description\":\"Dicodusport est l'encyclop\u00e9die de l'actualit\u00e9 sportive.\",\"email\":\"bonjour@dicodusport.fr\",\"legalName\":\"DICODUSPORT\",\"foundingDate\":\"2018-01-14\",\"vatID\":\"FR71834470973\",\"taxID\":\"83447097300043\",\"numberOfEmployees\":{\"@type\":\"QuantitativeValue\",\"minValue\":\"1\",\"maxValue\":\"10\"}},{\"@type\":\"Person\",\"@id\":\"https:\/\/dicodusport.fr\/blog\/#\/schema\/person\/99fcf31b3ee0d51fed53ade78139bbbf\",\"name\":\"Nicolas Mezine\",\"image\":{\"@type\":\"ImageObject\",\"inLanguage\":\"fr-FR\",\"@id\":\"https:\/\/dicodusport.fr\/blog\/#\/schema\/person\/image\/\",\"url\":\"https:\/\/dicodusport.fr\/blog\/wp-content\/uploads\/2021\/09\/IMG_4655-e1631787111223-150x150.jpg\",\"contentUrl\":\"https:\/\/dicodusport.fr\/blog\/wp-content\/uploads\/2021\/09\/IMG_4655-e1631787111223-150x150.jpg\",\"caption\":\"Nicolas Mezine\"},\"description\":\"Passionn\u00e9 de sport, notamment de rugby dans toutes ses variantes (XV, XIII et VII). Fan du RC Toulon et de l'Olympique de Marseille.\",\"sameAs\":[\"https:\/\/www.linkedin.com\/in\/nicolas-mezine-521380160\/\",\"https:\/\/x.com\/https:\/\/twitter.com\/Lbiji13\"],\"url\":\"https:\/\/dicodusport.fr\/blog\/author\/nicolas-m\/\"}]}<\/script>\n<!-- \/ Yoast SEO Premium plugin. -->","yoast_head_json":{"title":"Tennis - Novak Djokovic et Iga Swiatek accentuent leur domination au classement mondial - Dicodusport","description":"CLASSEMENT ATP\/WTA - Novak Djokovic et Iga Swiatek consolident leur avance en t\u00eate, tandis qu'Ons Jabeur effectue un joli rapproch\u00e9.","robots":{"index":"index","follow":"follow","max-snippet":"max-snippet:-1","max-image-preview":"max-image-preview:large","max-video-preview":"max-video-preview:-1"},"canonical":"https:\/\/dicodusport.fr\/blog\/novak-djokovic-et-iga-swiatek-accentuent-leur-domination-au-classement-mondial\/","og_locale":"fr_FR","og_type":"article","og_title":"Novak Djokovic et Iga Swiatek accentuent leur domination au classement mondial","og_description":"CLASSEMENT ATP\/WTA - Novak Djokovic et Iga Swiatek consolident leur avance en t\u00eate, tandis qu'Ons Jabeur effectue un joli rapproch\u00e9.","og_url":"https:\/\/dicodusport.fr\/blog\/novak-djokovic-et-iga-swiatek-accentuent-leur-domination-au-classement-mondial\/","og_site_name":"Dicodusport","article_publisher":"https:\/\/www.facebook.com\/dicodusport","article_published_time":"2022-05-16T13:18:39+00:00","og_image":[{"width":800,"height":445,"url":"https:\/\/dicodusport.fr\/blog\/wp-content\/uploads\/2022\/05\/Novak-Djokovic-et-Iga-Swiatek-accentuent-leur-domination-au-classement-mondial.png","type":"image\/png"}],"author":"Nicolas Mezine","twitter_card":"summary_large_image","twitter_title":"Novak Djokovic et Iga Swiatek accentuent leur domination au classement mondial","twitter_creator":"@https:\/\/twitter.com\/Lbiji13","twitter_site":"@dicodusport","schema":{"@context":"https:\/\/schema.org","@graph":[{"@type":"NewsArticle","@id":"https:\/\/dicodusport.fr\/blog\/novak-djokovic-et-iga-swiatek-accentuent-leur-domination-au-classement-mondial\/#article","isPartOf":{"@id":"https:\/\/dicodusport.fr\/blog\/novak-djokovic-et-iga-swiatek-accentuent-leur-domination-au-classement-mondial\/"},"author":{"name":"Nicolas Mezine","@id":"https:\/\/dicodusport.fr\/blog\/#\/schema\/person\/99fcf31b3ee0d51fed53ade78139bbbf"},"headline":"Novak Djokovic et Iga Swiatek accentuent leur domination au classement mondial","datePublished":"2022-05-16T13:18:39+00:00","mainEntityOfPage":{"@id":"https:\/\/dicodusport.fr\/blog\/novak-djokovic-et-iga-swiatek-accentuent-leur-domination-au-classement-mondial\/"},"wordCount":558,"commentCount":0,"publisher":{"@id":"https:\/\/dicodusport.fr\/blog\/#organization"},"image":{"@id":"https:\/\/dicodusport.fr\/blog\/novak-djokovic-et-iga-swiatek-accentuent-leur-domination-au-classement-mondial\/#primaryimage"},"thumbnailUrl":"https:\/\/dicodusport.fr\/blog\/wp-content\/uploads\/2022\/05\/Novak-Djokovic-et-Iga-Swiatek-accentuent-leur-domination-au-classement-mondial.png","keywords":["Iga Swiatek","Novak Djokovic"],"articleSection":["Tennis"],"inLanguage":"fr-FR","potentialAction":[{"@type":"CommentAction","name":"Comment","target":["https:\/\/dicodusport.fr\/blog\/novak-djokovic-et-iga-swiatek-accentuent-leur-domination-au-classement-mondial\/#respond"]}],"copyrightYear":"2022","copyrightHolder":{"@id":"https:\/\/dicodusport.fr\/blog\/#organization"}},{"@type":"WebPage","@id":"https:\/\/dicodusport.fr\/blog\/novak-djokovic-et-iga-swiatek-accentuent-leur-domination-au-classement-mondial\/","url":"https:\/\/dicodusport.fr\/blog\/novak-djokovic-et-iga-swiatek-accentuent-leur-domination-au-classement-mondial\/","name":"Tennis - Novak Djokovic et Iga Swiatek accentuent leur domination au classement mondial - Dicodusport","isPartOf":{"@id":"https:\/\/dicodusport.fr\/blog\/#website"},"primaryImageOfPage":{"@id":"https:\/\/dicodusport.fr\/blog\/novak-djokovic-et-iga-swiatek-accentuent-leur-domination-au-classement-mondial\/#primaryimage"},"image":{"@id":"https:\/\/dicodusport.fr\/blog\/novak-djokovic-et-iga-swiatek-accentuent-leur-domination-au-classement-mondial\/#primaryimage"},"thumbnailUrl":"https:\/\/dicodusport.fr\/blog\/wp-content\/uploads\/2022\/05\/Novak-Djokovic-et-Iga-Swiatek-accentuent-leur-domination-au-classement-mondial.png","datePublished":"2022-05-16T13:18:39+00:00","description":"CLASSEMENT ATP\/WTA - Novak Djokovic et Iga Swiatek consolident leur avance en t\u00eate, tandis qu'Ons Jabeur effectue un joli rapproch\u00e9.","breadcrumb":{"@id":"https:\/\/dicodusport.fr\/blog\/novak-djokovic-et-iga-swiatek-accentuent-leur-domination-au-classement-mondial\/#breadcrumb"},"inLanguage":"fr-FR","potentialAction":[{"@type":"ReadAction","target":["https:\/\/dicodusport.fr\/blog\/novak-djokovic-et-iga-swiatek-accentuent-leur-domination-au-classement-mondial\/"]}]},{"@type":"ImageObject","inLanguage":"fr-FR","@id":"https:\/\/dicodusport.fr\/blog\/novak-djokovic-et-iga-swiatek-accentuent-leur-domination-au-classement-mondial\/#primaryimage","url":"https:\/\/dicodusport.fr\/blog\/wp-content\/uploads\/2022\/05\/Novak-Djokovic-et-Iga-Swiatek-accentuent-leur-domination-au-classement-mondial.png","contentUrl":"https:\/\/dicodusport.fr\/blog\/wp-content\/uploads\/2022\/05\/Novak-Djokovic-et-Iga-Swiatek-accentuent-leur-domination-au-classement-mondial.png","width":800,"height":445,"caption":"Novak Djokovic et Iga Swiatek accentuent leur domination au classement mondial"},{"@type":"BreadcrumbList","@id":"https:\/\/dicodusport.fr\/blog\/novak-djokovic-et-iga-swiatek-accentuent-leur-domination-au-classement-mondial\/#breadcrumb","itemListElement":[{"@type":"ListItem","position":1,"name":"Accueil","item":"https:\/\/dicodusport.fr\/blog\/"},{"@type":"ListItem","position":2,"name":"Novak Djokovic et Iga Swiatek accentuent leur domination au classement mondial"}]},{"@type":"WebSite","@id":"https:\/\/dicodusport.fr\/blog\/#website","url":"https:\/\/dicodusport.fr\/blog\/","name":"Dicodusport","description":"L&#039;encyclop\u00e9die de l&#039;actualit\u00e9 sportive","publisher":{"@id":"https:\/\/dicodusport.fr\/blog\/#organization"},"potentialAction":[{"@type":"SearchAction","target":{"@type":"EntryPoint","urlTemplate":"https:\/\/dicodusport.fr\/blog\/?s={search_term_string}"},"query-input":{"@type":"PropertyValueSpecification","valueRequired":true,"valueName":"search_term_string"}}],"inLanguage":"fr-FR"},{"@type":"NewsMediaOrganization","@id":"https:\/\/dicodusport.fr\/blog\/#organization","name":"Dicodusport","url":"https:\/\/dicodusport.fr\/blog\/","logo":{"@type":"ImageObject","inLanguage":"fr-FR","@id":"https:\/\/dicodusport.fr\/blog\/#\/schema\/logo\/image\/","url":"https:\/\/dicodusport.fr\/blog\/wp-content\/uploads\/2020\/06\/cropped-LOGO-DICODUSPORT-2020-SANS-FOND-SANS-TEXTE.png","contentUrl":"https:\/\/dicodusport.fr\/blog\/wp-content\/uploads\/2020\/06\/cropped-LOGO-DICODUSPORT-2020-SANS-FOND-SANS-TEXTE.png","width":512,"height":512,"caption":"Dicodusport"},"image":{"@id":"https:\/\/dicodusport.fr\/blog\/#\/schema\/logo\/image\/"},"sameAs":["https:\/\/www.facebook.com\/dicodusport","https:\/\/x.com\/dicodusport","https:\/\/www.instagram.com\/dicodusport\/","https:\/\/www.youtube.com\/channel\/UC7V2KZ5sd3htJivAbA4ZG3w"],"description":"Dicodusport est l'encyclop\u00e9die de l'actualit\u00e9 sportive.","email":"bonjour@dicodusport.fr","legalName":"DICODUSPORT","foundingDate":"2018-01-14","vatID":"FR71834470973","taxID":"83447097300043","numberOfEmployees":{"@type":"QuantitativeValue","minValue":"1","maxValue":"10"}},{"@type":"Person","@id":"https:\/\/dicodusport.fr\/blog\/#\/schema\/person\/99fcf31b3ee0d51fed53ade78139bbbf","name":"Nicolas Mezine","image":{"@type":"ImageObject","inLanguage":"fr-FR","@id":"https:\/\/dicodusport.fr\/blog\/#\/schema\/person\/image\/","url":"https:\/\/dicodusport.fr\/blog\/wp-content\/uploads\/2021\/09\/IMG_4655-e1631787111223-150x150.jpg","contentUrl":"https:\/\/dicodusport.fr\/blog\/wp-content\/uploads\/2021\/09\/IMG_4655-e1631787111223-150x150.jpg","caption":"Nicolas Mezine"},"description":"Passionn\u00e9 de sport, notamment de rugby dans toutes ses variantes (XV, XIII et VII). Fan du RC Toulon et de l'Olympique de Marseille.","sameAs":["https:\/\/www.linkedin.com\/in\/nicolas-mezine-521380160\/","https:\/\/x.com\/https:\/\/twitter.com\/Lbiji13"],"url":"https:\/\/dicodusport.fr\/blog\/author\/nicolas-m\/"}]}},"_links":{"self":[{"href":"https:\/\/dicodusport.fr\/blog\/wp-json\/wp\/v2\/posts\/224259","targetHints":{"allow":["GET"]}}],"collection":[{"href":"https:\/\/dicodusport.fr\/blog\/wp-json\/wp\/v2\/posts"}],"about":[{"href":"https:\/\/dicodusport.fr\/blog\/wp-json\/wp\/v2\/types\/post"}],"author":[{"embeddable":true,"href":"https:\/\/dicodusport.fr\/blog\/wp-json\/wp\/v2\/users\/42"}],"replies":[{"embeddable":true,"href":"https:\/\/dicodusport.fr\/blog\/wp-json\/wp\/v2\/comments?post=224259"}],"version-history":[{"count":0,"href":"https:\/\/dicodusport.fr\/blog\/wp-json\/wp\/v2\/posts\/224259\/revisions"}],"wp:featuredmedia":[{"embeddable":true,"href":"https:\/\/dicodusport.fr\/blog\/wp-json\/wp\/v2\/media\/224272"}],"wp:attachment":[{"href":"https:\/\/dicodusport.fr\/blog\/wp-json\/wp\/v2\/media?parent=224259"}],"wp:term":[{"taxonomy":"category","embeddable":true,"href":"https:\/\/dicodusport.fr\/blog\/wp-json\/wp\/v2\/categories?post=224259"},{"taxonomy":"post_tag","embeddable":true,"href":"https:\/\/dicodusport.fr\/blog\/wp-json\/wp\/v2\/tags?post=224259"}],"curies":[{"name":"wp","href":"https:\/\/api.w.org\/{rel}","templated":true}]}}