{"id":224361,"date":"2022-05-17T08:21:16","date_gmt":"2022-05-17T06:21:16","guid":{"rendered":"https:\/\/dicodusport.fr\/blog\/?p=224361&#038;preview=true&#038;preview_id=224361"},"modified":"2022-05-17T11:14:34","modified_gmt":"2022-05-17T09:14:34","slug":"stade-rochelais-saison-terminee-pour-tawera-kerr-barlow","status":"publish","type":"post","link":"https:\/\/dicodusport.fr\/blog\/stade-rochelais-saison-terminee-pour-tawera-kerr-barlow\/","title":{"rendered":"Stade Rochelais : Saison termin\u00e9e pour Tawera Kerr-Barlow ?"},"content":{"rendered":"<p style=\"text-align: justify;\"><b><i><a href=\"https:\/\/www.flashscore.fr\/rugby\/france\/top-14\/\" target=\"_blank\" rel=\"noopener\">TOP 14<\/a> &#8211; Selon RMC Sport, Tawera Kerr-Barlow pourrait souffrir d&rsquo;une fracture de la main et manquer la fin de saison.\u00a0<\/i><\/b><\/p>\n<p style=\"text-align: justify;\">Sorti en cours de match lors de <a href=\"https:\/\/dicodusport.fr\/blog\/champions-cup-la-rochelle-va-defier-le-leinster-en-finale\/\">la demi-finale de Champions Cup face au Racing 92<\/a>, le demi de m\u00eal\u00e9e de La Rochelle, <strong>Tawera Kerr-Barlow<\/strong>, va devoir passer des examens compl\u00e9mentaires pour conna\u00eetre la nature de sa blessure. Selon nos confr\u00e8res de <em>RMC Sport<\/em>, le staff m\u00e9dical rochelais craint une main cass\u00e9e pour <strong>Tawera Kerr-Barlow<\/strong>, ce qui serait synonyme de fin saison. Ce serait un vrai coup dur pour Ronan O&rsquo;Gara, puisque <strong>Jules Le Bail<\/strong> est lui aussi \u00e0 l&rsquo;infirmerie. <strong>Arthur Reti\u00e8re<\/strong> et <strong>Thomas Berjon<\/strong> seront les options disponibles en cas de confirmation d&rsquo;une grave blessure pour le demi de m\u00eal\u00e9e n\u00e9o-z\u00e9landais.<\/p>\n<blockquote class=\"twitter-tweet\">\n<p dir=\"ltr\" lang=\"fr\">&#x1f3c9; Apr\u00e8s la qualification du Stade Rochelais pour la finale de Coupe d\u2019Europe, inqui\u00e9tude autour du demi de m\u00eal\u00e9e n\u00e9o-z\u00e9landais, touch\u00e9 \u00e0 une main et sorti en cours de match.<a href=\"https:\/\/t.co\/qttmq0r120\">https:\/\/t.co\/qttmq0r120<\/a><\/p>\n<p>\u2014 RMC Sport (@RMCsport) <a href=\"https:\/\/twitter.com\/RMCsport\/status\/1526175988131954689?ref_src=twsrc%5Etfw\">May 16, 2022<\/a><\/p><\/blockquote>\n<p style=\"text-align: justify;\"><script async src=\"https:\/\/platform.twitter.com\/widgets.js\" charset=\"utf-8\"><\/script><\/p>\n","protected":false},"excerpt":{"rendered":"<p>TOP 14 &#8211; Selon RMC Sport, Tawera Kerr-Barlow pourrait souffrir d&rsquo;une fracture de la main et manquer la fin de saison.\u00a0<\/p>\n","protected":false},"author":1,"featured_media":224367,"comment_status":"open","ping_status":"closed","sticky":false,"template":"","format":"standard","meta":{"_acf_changed":false,"_daextam_enable_autolinks":"","footnotes":""},"categories":[47050],"tags":[2702,23549],"class_list":["post-224361","post","type-post","status-publish","format-standard","has-post-thumbnail","hentry","category-top-14","tag-stade-rochelais","tag-tawera-kerr-barlow"],"acf":[],"yoast_head":"<!-- This site is optimized with the Yoast SEO Premium plugin v26.7 (Yoast SEO v26.7) - https:\/\/yoast.com\/wordpress\/plugins\/seo\/ -->\n<title>- Stade Rochelais : Saison termin\u00e9e pour Tawera Kerr-Barlow ? - Dicodusport<\/title>\n<meta name=\"description\" content=\"TOP 14 - Selon RMC Sport, Tawera Kerr-Barlow pourrait souffrir d&#039;une fracture de la main et manquer la fin de saison.\u00a0\" \/>\n<meta name=\"robots\" content=\"index, follow, max-snippet:-1, max-image-preview:large, max-video-preview:-1\" \/>\n<link rel=\"canonical\" href=\"https:\/\/dicodusport.fr\/blog\/stade-rochelais-saison-terminee-pour-tawera-kerr-barlow\/\" \/>\n<meta property=\"og:locale\" content=\"fr_FR\" \/>\n<meta property=\"og:type\" content=\"article\" \/>\n<meta property=\"og:title\" content=\"Stade Rochelais : Saison termin\u00e9e pour Tawera Kerr-Barlow ?\" \/>\n<meta property=\"og:description\" content=\"TOP 14 - Selon RMC Sport, Tawera Kerr-Barlow pourrait souffrir d&#039;une fracture de la main et manquer la fin de saison.\u00a0\" \/>\n<meta property=\"og:url\" content=\"https:\/\/dicodusport.fr\/blog\/stade-rochelais-saison-terminee-pour-tawera-kerr-barlow\/\" \/>\n<meta property=\"og:site_name\" content=\"Dicodusport\" \/>\n<meta property=\"article:publisher\" content=\"https:\/\/www.facebook.com\/dicodusport\" \/>\n<meta property=\"article:author\" content=\"https:\/\/www.facebook.com\/dicodusport\" \/>\n<meta property=\"article:published_time\" content=\"2022-05-17T06:21:16+00:00\" \/>\n<meta property=\"article:modified_time\" content=\"2022-05-17T09:14:34+00:00\" \/>\n<meta property=\"og:image\" content=\"https:\/\/dicodusport.fr\/blog\/wp-content\/uploads\/2022\/05\/Stade-Rochelais-Saison-termine\u0301e-pour-Tawera-Kerr-Barlow-.png\" \/>\n\t<meta property=\"og:image:width\" content=\"800\" \/>\n\t<meta property=\"og:image:height\" content=\"445\" \/>\n\t<meta property=\"og:image:type\" content=\"image\/png\" \/>\n<meta name=\"author\" content=\"Nicolas Jacquemard\" \/>\n<meta name=\"twitter:card\" content=\"summary_large_image\" \/>\n<meta name=\"twitter:title\" content=\"Stade Rochelais : Saison termin\u00e9e pour Tawera Kerr-Barlow ?\" \/>\n<meta name=\"twitter:creator\" content=\"@https:\/\/twitter.com\/Nico_Jacquemard\" \/>\n<meta name=\"twitter:site\" content=\"@dicodusport\" \/>\n<script type=\"application\/ld+json\" class=\"yoast-schema-graph\">{\"@context\":\"https:\/\/schema.org\",\"@graph\":[{\"@type\":\"NewsArticle\",\"@id\":\"https:\/\/dicodusport.fr\/blog\/stade-rochelais-saison-terminee-pour-tawera-kerr-barlow\/#article\",\"isPartOf\":{\"@id\":\"https:\/\/dicodusport.fr\/blog\/stade-rochelais-saison-terminee-pour-tawera-kerr-barlow\/\"},\"author\":{\"name\":\"Nicolas Jacquemard\",\"@id\":\"https:\/\/dicodusport.fr\/blog\/#\/schema\/person\/55dcb50ad410894e431ed812bbb70191\"},\"headline\":\"Stade Rochelais : Saison termin\u00e9e pour Tawera Kerr-Barlow ?\",\"datePublished\":\"2022-05-17T06:21:16+00:00\",\"dateModified\":\"2022-05-17T09:14:34+00:00\",\"mainEntityOfPage\":{\"@id\":\"https:\/\/dicodusport.fr\/blog\/stade-rochelais-saison-terminee-pour-tawera-kerr-barlow\/\"},\"wordCount\":191,\"commentCount\":0,\"publisher\":{\"@id\":\"https:\/\/dicodusport.fr\/blog\/#organization\"},\"image\":{\"@id\":\"https:\/\/dicodusport.fr\/blog\/stade-rochelais-saison-terminee-pour-tawera-kerr-barlow\/#primaryimage\"},\"thumbnailUrl\":\"https:\/\/dicodusport.fr\/blog\/wp-content\/uploads\/2022\/05\/Stade-Rochelais-Saison-termine\u0301e-pour-Tawera-Kerr-Barlow-.png\",\"keywords\":[\"Stade Rochelais\",\"Tawera Kerr-Barlow\"],\"articleSection\":[\"Top 14\"],\"inLanguage\":\"fr-FR\",\"potentialAction\":[{\"@type\":\"CommentAction\",\"name\":\"Comment\",\"target\":[\"https:\/\/dicodusport.fr\/blog\/stade-rochelais-saison-terminee-pour-tawera-kerr-barlow\/#respond\"]}],\"copyrightYear\":\"2022\",\"copyrightHolder\":{\"@id\":\"https:\/\/dicodusport.fr\/blog\/#organization\"}},{\"@type\":\"WebPage\",\"@id\":\"https:\/\/dicodusport.fr\/blog\/stade-rochelais-saison-terminee-pour-tawera-kerr-barlow\/\",\"url\":\"https:\/\/dicodusport.fr\/blog\/stade-rochelais-saison-terminee-pour-tawera-kerr-barlow\/\",\"name\":\"- Stade Rochelais : Saison termin\u00e9e pour Tawera Kerr-Barlow ? - Dicodusport\",\"isPartOf\":{\"@id\":\"https:\/\/dicodusport.fr\/blog\/#website\"},\"primaryImageOfPage\":{\"@id\":\"https:\/\/dicodusport.fr\/blog\/stade-rochelais-saison-terminee-pour-tawera-kerr-barlow\/#primaryimage\"},\"image\":{\"@id\":\"https:\/\/dicodusport.fr\/blog\/stade-rochelais-saison-terminee-pour-tawera-kerr-barlow\/#primaryimage\"},\"thumbnailUrl\":\"https:\/\/dicodusport.fr\/blog\/wp-content\/uploads\/2022\/05\/Stade-Rochelais-Saison-termine\u0301e-pour-Tawera-Kerr-Barlow-.png\",\"datePublished\":\"2022-05-17T06:21:16+00:00\",\"dateModified\":\"2022-05-17T09:14:34+00:00\",\"description\":\"TOP 14 - Selon RMC Sport, Tawera Kerr-Barlow pourrait souffrir d'une fracture de la main et manquer la fin de saison.\u00a0\",\"breadcrumb\":{\"@id\":\"https:\/\/dicodusport.fr\/blog\/stade-rochelais-saison-terminee-pour-tawera-kerr-barlow\/#breadcrumb\"},\"inLanguage\":\"fr-FR\",\"potentialAction\":[{\"@type\":\"ReadAction\",\"target\":[\"https:\/\/dicodusport.fr\/blog\/stade-rochelais-saison-terminee-pour-tawera-kerr-barlow\/\"]}]},{\"@type\":\"ImageObject\",\"inLanguage\":\"fr-FR\",\"@id\":\"https:\/\/dicodusport.fr\/blog\/stade-rochelais-saison-terminee-pour-tawera-kerr-barlow\/#primaryimage\",\"url\":\"https:\/\/dicodusport.fr\/blog\/wp-content\/uploads\/2022\/05\/Stade-Rochelais-Saison-termine\u0301e-pour-Tawera-Kerr-Barlow-.png\",\"contentUrl\":\"https:\/\/dicodusport.fr\/blog\/wp-content\/uploads\/2022\/05\/Stade-Rochelais-Saison-termine\u0301e-pour-Tawera-Kerr-Barlow-.png\",\"width\":800,\"height\":445},{\"@type\":\"BreadcrumbList\",\"@id\":\"https:\/\/dicodusport.fr\/blog\/stade-rochelais-saison-terminee-pour-tawera-kerr-barlow\/#breadcrumb\",\"itemListElement\":[{\"@type\":\"ListItem\",\"position\":1,\"name\":\"Accueil\",\"item\":\"https:\/\/dicodusport.fr\/blog\/\"},{\"@type\":\"ListItem\",\"position\":2,\"name\":\"Stade Rochelais : Saison termin\u00e9e pour Tawera Kerr-Barlow ?\"}]},{\"@type\":\"WebSite\",\"@id\":\"https:\/\/dicodusport.fr\/blog\/#website\",\"url\":\"https:\/\/dicodusport.fr\/blog\/\",\"name\":\"Dicodusport\",\"description\":\"L&#039;encyclop\u00e9die de l&#039;actualit\u00e9 sportive\",\"publisher\":{\"@id\":\"https:\/\/dicodusport.fr\/blog\/#organization\"},\"potentialAction\":[{\"@type\":\"SearchAction\",\"target\":{\"@type\":\"EntryPoint\",\"urlTemplate\":\"https:\/\/dicodusport.fr\/blog\/?s={search_term_string}\"},\"query-input\":{\"@type\":\"PropertyValueSpecification\",\"valueRequired\":true,\"valueName\":\"search_term_string\"}}],\"inLanguage\":\"fr-FR\"},{\"@type\":\"NewsMediaOrganization\",\"@id\":\"https:\/\/dicodusport.fr\/blog\/#organization\",\"name\":\"Dicodusport\",\"url\":\"https:\/\/dicodusport.fr\/blog\/\",\"logo\":{\"@type\":\"ImageObject\",\"inLanguage\":\"fr-FR\",\"@id\":\"https:\/\/dicodusport.fr\/blog\/#\/schema\/logo\/image\/\",\"url\":\"https:\/\/dicodusport.fr\/blog\/wp-content\/uploads\/2020\/06\/cropped-LOGO-DICODUSPORT-2020-SANS-FOND-SANS-TEXTE.png\",\"contentUrl\":\"https:\/\/dicodusport.fr\/blog\/wp-content\/uploads\/2020\/06\/cropped-LOGO-DICODUSPORT-2020-SANS-FOND-SANS-TEXTE.png\",\"width\":512,\"height\":512,\"caption\":\"Dicodusport\"},\"image\":{\"@id\":\"https:\/\/dicodusport.fr\/blog\/#\/schema\/logo\/image\/\"},\"sameAs\":[\"https:\/\/www.facebook.com\/dicodusport\",\"https:\/\/x.com\/dicodusport\",\"https:\/\/www.instagram.com\/dicodusport\/\",\"https:\/\/www.youtube.com\/channel\/UC7V2KZ5sd3htJivAbA4ZG3w\"],\"description\":\"Dicodusport est l'encyclop\u00e9die de l'actualit\u00e9 sportive.\",\"email\":\"bonjour@dicodusport.fr\",\"legalName\":\"DICODUSPORT\",\"foundingDate\":\"2018-01-14\",\"vatID\":\"FR71834470973\",\"taxID\":\"83447097300043\",\"numberOfEmployees\":{\"@type\":\"QuantitativeValue\",\"minValue\":\"1\",\"maxValue\":\"10\"}},{\"@type\":\"Person\",\"@id\":\"https:\/\/dicodusport.fr\/blog\/#\/schema\/person\/55dcb50ad410894e431ed812bbb70191\",\"name\":\"Nicolas Jacquemard\",\"image\":{\"@type\":\"ImageObject\",\"inLanguage\":\"fr-FR\",\"@id\":\"https:\/\/dicodusport.fr\/blog\/#\/schema\/person\/image\/\",\"url\":\"https:\/\/dicodusport.fr\/blog\/wp-content\/uploads\/2021\/05\/Nicolas-Jacquemard-150x150.jpeg\",\"contentUrl\":\"https:\/\/dicodusport.fr\/blog\/wp-content\/uploads\/2021\/05\/Nicolas-Jacquemard-150x150.jpeg\",\"caption\":\"Nicolas Jacquemard\"},\"description\":\"Passionn\u00e9 de sport et entrepreneur depuis mes 18 ans, la cr\u00e9ation de Dicodusport m'a sembl\u00e9 \u00e9vidente pour participer \u00e0 la m\u00e9diatisation d'un plus grand nombre de sports. Le chemin est long mais avec une \u00e9quipe des plus motiv\u00e9es et les Jeux Olympiques de Paris 2024 en point de mire, nous y arriverons ! Journaliste dans le monde du sport depuis plus de 5 ans, je traite aussi bien de football, de rugby, de biathlon que de cyclisme.\",\"sameAs\":[\"https:\/\/www.facebook.com\/dicodusport\",\"https:\/\/x.com\/https:\/\/twitter.com\/Nico_Jacquemard\"],\"url\":\"https:\/\/dicodusport.fr\/blog\/author\/dicodusport\/\"}]}<\/script>\n<!-- \/ Yoast SEO Premium plugin. -->","yoast_head_json":{"title":"- Stade Rochelais : Saison termin\u00e9e pour Tawera Kerr-Barlow ? - Dicodusport","description":"TOP 14 - Selon RMC Sport, Tawera Kerr-Barlow pourrait souffrir d'une fracture de la main et manquer la fin de saison.\u00a0","robots":{"index":"index","follow":"follow","max-snippet":"max-snippet:-1","max-image-preview":"max-image-preview:large","max-video-preview":"max-video-preview:-1"},"canonical":"https:\/\/dicodusport.fr\/blog\/stade-rochelais-saison-terminee-pour-tawera-kerr-barlow\/","og_locale":"fr_FR","og_type":"article","og_title":"Stade Rochelais : Saison termin\u00e9e pour Tawera Kerr-Barlow ?","og_description":"TOP 14 - Selon RMC Sport, Tawera Kerr-Barlow pourrait souffrir d'une fracture de la main et manquer la fin de saison.\u00a0","og_url":"https:\/\/dicodusport.fr\/blog\/stade-rochelais-saison-terminee-pour-tawera-kerr-barlow\/","og_site_name":"Dicodusport","article_publisher":"https:\/\/www.facebook.com\/dicodusport","article_author":"https:\/\/www.facebook.com\/dicodusport","article_published_time":"2022-05-17T06:21:16+00:00","article_modified_time":"2022-05-17T09:14:34+00:00","og_image":[{"width":800,"height":445,"url":"https:\/\/dicodusport.fr\/blog\/wp-content\/uploads\/2022\/05\/Stade-Rochelais-Saison-termine\u0301e-pour-Tawera-Kerr-Barlow-.png","type":"image\/png"}],"author":"Nicolas Jacquemard","twitter_card":"summary_large_image","twitter_title":"Stade Rochelais : Saison termin\u00e9e pour Tawera Kerr-Barlow ?","twitter_creator":"@https:\/\/twitter.com\/Nico_Jacquemard","twitter_site":"@dicodusport","schema":{"@context":"https:\/\/schema.org","@graph":[{"@type":"NewsArticle","@id":"https:\/\/dicodusport.fr\/blog\/stade-rochelais-saison-terminee-pour-tawera-kerr-barlow\/#article","isPartOf":{"@id":"https:\/\/dicodusport.fr\/blog\/stade-rochelais-saison-terminee-pour-tawera-kerr-barlow\/"},"author":{"name":"Nicolas Jacquemard","@id":"https:\/\/dicodusport.fr\/blog\/#\/schema\/person\/55dcb50ad410894e431ed812bbb70191"},"headline":"Stade Rochelais : Saison termin\u00e9e pour Tawera Kerr-Barlow ?","datePublished":"2022-05-17T06:21:16+00:00","dateModified":"2022-05-17T09:14:34+00:00","mainEntityOfPage":{"@id":"https:\/\/dicodusport.fr\/blog\/stade-rochelais-saison-terminee-pour-tawera-kerr-barlow\/"},"wordCount":191,"commentCount":0,"publisher":{"@id":"https:\/\/dicodusport.fr\/blog\/#organization"},"image":{"@id":"https:\/\/dicodusport.fr\/blog\/stade-rochelais-saison-terminee-pour-tawera-kerr-barlow\/#primaryimage"},"thumbnailUrl":"https:\/\/dicodusport.fr\/blog\/wp-content\/uploads\/2022\/05\/Stade-Rochelais-Saison-termine\u0301e-pour-Tawera-Kerr-Barlow-.png","keywords":["Stade Rochelais","Tawera Kerr-Barlow"],"articleSection":["Top 14"],"inLanguage":"fr-FR","potentialAction":[{"@type":"CommentAction","name":"Comment","target":["https:\/\/dicodusport.fr\/blog\/stade-rochelais-saison-terminee-pour-tawera-kerr-barlow\/#respond"]}],"copyrightYear":"2022","copyrightHolder":{"@id":"https:\/\/dicodusport.fr\/blog\/#organization"}},{"@type":"WebPage","@id":"https:\/\/dicodusport.fr\/blog\/stade-rochelais-saison-terminee-pour-tawera-kerr-barlow\/","url":"https:\/\/dicodusport.fr\/blog\/stade-rochelais-saison-terminee-pour-tawera-kerr-barlow\/","name":"- Stade Rochelais : Saison termin\u00e9e pour Tawera Kerr-Barlow ? - Dicodusport","isPartOf":{"@id":"https:\/\/dicodusport.fr\/blog\/#website"},"primaryImageOfPage":{"@id":"https:\/\/dicodusport.fr\/blog\/stade-rochelais-saison-terminee-pour-tawera-kerr-barlow\/#primaryimage"},"image":{"@id":"https:\/\/dicodusport.fr\/blog\/stade-rochelais-saison-terminee-pour-tawera-kerr-barlow\/#primaryimage"},"thumbnailUrl":"https:\/\/dicodusport.fr\/blog\/wp-content\/uploads\/2022\/05\/Stade-Rochelais-Saison-termine\u0301e-pour-Tawera-Kerr-Barlow-.png","datePublished":"2022-05-17T06:21:16+00:00","dateModified":"2022-05-17T09:14:34+00:00","description":"TOP 14 - Selon RMC Sport, Tawera Kerr-Barlow pourrait souffrir d'une fracture de la main et manquer la fin de saison.\u00a0","breadcrumb":{"@id":"https:\/\/dicodusport.fr\/blog\/stade-rochelais-saison-terminee-pour-tawera-kerr-barlow\/#breadcrumb"},"inLanguage":"fr-FR","potentialAction":[{"@type":"ReadAction","target":["https:\/\/dicodusport.fr\/blog\/stade-rochelais-saison-terminee-pour-tawera-kerr-barlow\/"]}]},{"@type":"ImageObject","inLanguage":"fr-FR","@id":"https:\/\/dicodusport.fr\/blog\/stade-rochelais-saison-terminee-pour-tawera-kerr-barlow\/#primaryimage","url":"https:\/\/dicodusport.fr\/blog\/wp-content\/uploads\/2022\/05\/Stade-Rochelais-Saison-termine\u0301e-pour-Tawera-Kerr-Barlow-.png","contentUrl":"https:\/\/dicodusport.fr\/blog\/wp-content\/uploads\/2022\/05\/Stade-Rochelais-Saison-termine\u0301e-pour-Tawera-Kerr-Barlow-.png","width":800,"height":445},{"@type":"BreadcrumbList","@id":"https:\/\/dicodusport.fr\/blog\/stade-rochelais-saison-terminee-pour-tawera-kerr-barlow\/#breadcrumb","itemListElement":[{"@type":"ListItem","position":1,"name":"Accueil","item":"https:\/\/dicodusport.fr\/blog\/"},{"@type":"ListItem","position":2,"name":"Stade Rochelais : Saison termin\u00e9e pour Tawera Kerr-Barlow ?"}]},{"@type":"WebSite","@id":"https:\/\/dicodusport.fr\/blog\/#website","url":"https:\/\/dicodusport.fr\/blog\/","name":"Dicodusport","description":"L&#039;encyclop\u00e9die de l&#039;actualit\u00e9 sportive","publisher":{"@id":"https:\/\/dicodusport.fr\/blog\/#organization"},"potentialAction":[{"@type":"SearchAction","target":{"@type":"EntryPoint","urlTemplate":"https:\/\/dicodusport.fr\/blog\/?s={search_term_string}"},"query-input":{"@type":"PropertyValueSpecification","valueRequired":true,"valueName":"search_term_string"}}],"inLanguage":"fr-FR"},{"@type":"NewsMediaOrganization","@id":"https:\/\/dicodusport.fr\/blog\/#organization","name":"Dicodusport","url":"https:\/\/dicodusport.fr\/blog\/","logo":{"@type":"ImageObject","inLanguage":"fr-FR","@id":"https:\/\/dicodusport.fr\/blog\/#\/schema\/logo\/image\/","url":"https:\/\/dicodusport.fr\/blog\/wp-content\/uploads\/2020\/06\/cropped-LOGO-DICODUSPORT-2020-SANS-FOND-SANS-TEXTE.png","contentUrl":"https:\/\/dicodusport.fr\/blog\/wp-content\/uploads\/2020\/06\/cropped-LOGO-DICODUSPORT-2020-SANS-FOND-SANS-TEXTE.png","width":512,"height":512,"caption":"Dicodusport"},"image":{"@id":"https:\/\/dicodusport.fr\/blog\/#\/schema\/logo\/image\/"},"sameAs":["https:\/\/www.facebook.com\/dicodusport","https:\/\/x.com\/dicodusport","https:\/\/www.instagram.com\/dicodusport\/","https:\/\/www.youtube.com\/channel\/UC7V2KZ5sd3htJivAbA4ZG3w"],"description":"Dicodusport est l'encyclop\u00e9die de l'actualit\u00e9 sportive.","email":"bonjour@dicodusport.fr","legalName":"DICODUSPORT","foundingDate":"2018-01-14","vatID":"FR71834470973","taxID":"83447097300043","numberOfEmployees":{"@type":"QuantitativeValue","minValue":"1","maxValue":"10"}},{"@type":"Person","@id":"https:\/\/dicodusport.fr\/blog\/#\/schema\/person\/55dcb50ad410894e431ed812bbb70191","name":"Nicolas Jacquemard","image":{"@type":"ImageObject","inLanguage":"fr-FR","@id":"https:\/\/dicodusport.fr\/blog\/#\/schema\/person\/image\/","url":"https:\/\/dicodusport.fr\/blog\/wp-content\/uploads\/2021\/05\/Nicolas-Jacquemard-150x150.jpeg","contentUrl":"https:\/\/dicodusport.fr\/blog\/wp-content\/uploads\/2021\/05\/Nicolas-Jacquemard-150x150.jpeg","caption":"Nicolas Jacquemard"},"description":"Passionn\u00e9 de sport et entrepreneur depuis mes 18 ans, la cr\u00e9ation de Dicodusport m'a sembl\u00e9 \u00e9vidente pour participer \u00e0 la m\u00e9diatisation d'un plus grand nombre de sports. Le chemin est long mais avec une \u00e9quipe des plus motiv\u00e9es et les Jeux Olympiques de Paris 2024 en point de mire, nous y arriverons ! Journaliste dans le monde du sport depuis plus de 5 ans, je traite aussi bien de football, de rugby, de biathlon que de cyclisme.","sameAs":["https:\/\/www.facebook.com\/dicodusport","https:\/\/x.com\/https:\/\/twitter.com\/Nico_Jacquemard"],"url":"https:\/\/dicodusport.fr\/blog\/author\/dicodusport\/"}]}},"_links":{"self":[{"href":"https:\/\/dicodusport.fr\/blog\/wp-json\/wp\/v2\/posts\/224361","targetHints":{"allow":["GET"]}}],"collection":[{"href":"https:\/\/dicodusport.fr\/blog\/wp-json\/wp\/v2\/posts"}],"about":[{"href":"https:\/\/dicodusport.fr\/blog\/wp-json\/wp\/v2\/types\/post"}],"author":[{"embeddable":true,"href":"https:\/\/dicodusport.fr\/blog\/wp-json\/wp\/v2\/users\/1"}],"replies":[{"embeddable":true,"href":"https:\/\/dicodusport.fr\/blog\/wp-json\/wp\/v2\/comments?post=224361"}],"version-history":[{"count":0,"href":"https:\/\/dicodusport.fr\/blog\/wp-json\/wp\/v2\/posts\/224361\/revisions"}],"wp:featuredmedia":[{"embeddable":true,"href":"https:\/\/dicodusport.fr\/blog\/wp-json\/wp\/v2\/media\/224367"}],"wp:attachment":[{"href":"https:\/\/dicodusport.fr\/blog\/wp-json\/wp\/v2\/media?parent=224361"}],"wp:term":[{"taxonomy":"category","embeddable":true,"href":"https:\/\/dicodusport.fr\/blog\/wp-json\/wp\/v2\/categories?post=224361"},{"taxonomy":"post_tag","embeddable":true,"href":"https:\/\/dicodusport.fr\/blog\/wp-json\/wp\/v2\/tags?post=224361"}],"curies":[{"name":"wp","href":"https:\/\/api.w.org\/{rel}","templated":true}]}}