{"id":2245,"date":"2017-06-14T14:21:10","date_gmt":"2017-06-14T13:21:10","guid":{"rendered":"http:\/\/dicodusport.fr\/blog\/?p=2245"},"modified":"2021-04-13T23:20:08","modified_gmt":"2021-04-13T21:20:08","slug":"la-semaine-de-la-bande-13-victoire-a-mazamet-pour-sebastien-pillon","status":"publish","type":"post","link":"https:\/\/dicodusport.fr\/blog\/la-semaine-de-la-bande-13-victoire-a-mazamet-pour-sebastien-pillon\/","title":{"rendered":"La semaine de La Bande #13 : Victoire \u00e0 Mazamet pour S\u00e9bastien Pillon"},"content":{"rendered":"<p style=\"text-align: justify;\"><span style=\"color: #000000;\"><em>Chaque mardi, retrouvez \u00ab\u00a0la semaine de\u00a0<\/em><span style=\"color: #0000ff;\"><em><a style=\"color: #0000ff;\" href=\"http:\/\/dicodusport.fr\/blog\/la-bande\/\">La Bande<\/a><\/em><\/span><em>\u00a0\u00bb sur votre blog\u00a0<\/em><span style=\"color: #0000ff;\"><em><a style=\"color: #0000ff;\" href=\"http:\/\/dicodusport.fr\/blog\/\">dicodusport.fr<\/a><\/em><\/span><em><span style=\"color: #0000ff;\">\u00a0<\/span>: r\u00e9sultats, actualit\u00e9s, d\u00e9clarations, courses \u00e0 venir. Sebastien Pillon remporte la 67\u00e8me Boucles du Tarn et du Sidobre en solitaire avec plus de 2 minutes d&rsquo;avance, Bravo !\u00a0<\/em><\/span><\/p>\n<p style=\"text-align: justify;\"><span style=\"font-size: 18pt; color: #000000;\"><strong>Les R\u00e9sultats<\/strong><\/span><\/p>\n<p style=\"text-align: justify;\"><span style=\"color: #000000;\"><strong>11 Juin : <span style=\"color: #0000ff;\"><a style=\"color: #0000ff;\" href=\"http:\/\/www.directvelo.com\/actualite\/58778\/boucles-du-tarn-et-du-sidobre-classement\" target=\"_blank\" rel=\"noopener noreferrer\">67eme Boucles du Tarn et du Sidobre<\/a><\/span> \u00e0 Mazamet<\/strong><\/span><\/p>\n<p style=\"text-align: justify;\"><span style=\"color: #000000;\">1er PILLON S\u00e9bastien (La Bande)<\/span><\/p>\n<p style=\"text-align: justify;\"><span style=\"color: #000000;\">10\u00e8me CHATELET Nicolas\u00a0(La Bande)<\/span><br \/>\n<span style=\"color: #000000;\">13\u00e8me LAVIGNE Baptiste\u00a0(La Bande)<\/span><br \/>\n<span style=\"color: #000000;\">29\u00e8me BORN Vivian\u00a0(La Bande)<\/span><br \/>\n<span style=\"color: #000000;\">51\u00e8me WATANABE Ayumu\u00a0(La Bande)<\/span><\/p>\n<p><span style=\"color: #000000;\">Ab Couturet Thomas<\/span><br \/>\n<span style=\"color: #000000;\">Ab Bazin Cl\u00e9ment<\/span><\/p>\n<p style=\"text-align: justify;\"><span style=\"font-size: 18pt; color: #000000;\"><strong>La d\u00e9claration<\/strong><\/span><\/p>\n<p style=\"text-align: justify;\"><span style=\"color: #000000;\"><strong>S\u00e9bastien Pillon<\/strong> :\u00a0\u00bbUne tr\u00e8s belle \u00e9preuve 1, 2, 3, juniors en Midi-Pyr\u00e9n\u00e9es et que j&rsquo;ai \u00e0 c\u0153ur de bien figurer avec un profil qui me correspond.\u00a0Nous avons eu un d\u00e9part fictif de 10 km en raison de la route qui \u00e9tait en mauvais \u00e9tat, d\u00e8s que la course a \u00e9t\u00e9 lanc\u00e9 la premi\u00e8re heure \u00e9tait tr\u00e8s rapide \u00e0 plus de 43 km\/h de moyenne. Pour ma part je savais qu&rsquo;il fallait que je reste au chaud dans le peloton jusqu&rsquo;au km70. Kilom\u00e8tre 70 les gros leader ont commenc\u00e9 \u00e0 bouger et nous sommes partis avec une vingtaine de personnes \u00e0 l&rsquo;avant. \u00c0 environ 30 km de l&rsquo;arriv\u00e9e un coureur de l&rsquo;\u00e9quipe \u00a0\u00bb team cycliste azureen\u00a0\u00bb a port\u00e9 une grosse attaque, je suis revenu sur lui assez rapidement et j&rsquo;ai pu donc contrer son attaque. Je suis parti en solitaire. J&rsquo;ai pris assez rapidement 40 secondes d&rsquo;avance sur 4 coureurs, cet \u00e9cart \u00e0 stagner sur quelques kilom\u00e8tres, et \u00e0 20 km de l&rsquo;arriv\u00e9e je me suis mis en mode contre-la-montre individuel. M<\/span><span style=\"color: #000000;\">on directeur sportif m&rsquo;a annonc\u00e9 que les \u00e9carts augmentaient jusqu&rsquo;\u00e0 monter \u00e0 trois minutes \u00e0 5 km de l&rsquo;arriv\u00e9e. J&rsquo;ai pu franchir en t\u00eate la ligne d&rsquo;arriv\u00e9e en savourant ma victoire avec mon directeur sportif \u00ab\u00a0la bande\u00a0\u00bb \u00e0 mes c\u00f4t\u00e9s. Et pour couronner le tout j&rsquo;ai fini meilleur grimpeur. C&rsquo;est une victoire solitaire mais aussi d&rsquo;\u00e9quipe car gr\u00e2ce \u00e0 mes co\u00e9quipiers j&rsquo;ai pu m&rsquo;\u00e9conomiser la premi\u00e8re partie de course.\u00a0\u00bb<\/span><\/p>\n<p style=\"text-align: justify;\"><span style=\"font-size: 18pt; color: #000000;\"><strong>L&rsquo;actu \u00a0<\/strong><\/span><\/p>\n<p style=\"text-align: justify;\"><span style=\"color: #000000;\">Ayumu Watanabe a pris l&rsquo;avion lundi matin pour rentrer au Japon, il participera \u00e0 quelques courses dans le pays pour garder les sensations et il tentera de d\u00e9crocher le titre de champion espoirs du Japon le 25 juin lors du championnat du pays. Bonne chance Ayumu !<\/span><\/p>\n<p style=\"text-align: justify;\"><img loading=\"lazy\" decoding=\"async\" class=\"alignnone wp-image-2253 size-full\" src=\"http:\/\/dicodusport.fr\/blog\/wp-content\/uploads\/2017\/06\/19143887_803372649826531_282082493308718782_o.jpg\" alt=\"\" width=\"2048\" height=\"1152\" srcset=\"https:\/\/dicodusport.fr\/blog\/wp-content\/uploads\/2017\/06\/19143887_803372649826531_282082493308718782_o.jpg 2048w, https:\/\/dicodusport.fr\/blog\/wp-content\/uploads\/2017\/06\/19143887_803372649826531_282082493308718782_o-300x169.jpg 300w, https:\/\/dicodusport.fr\/blog\/wp-content\/uploads\/2017\/06\/19143887_803372649826531_282082493308718782_o-768x432.jpg 768w, https:\/\/dicodusport.fr\/blog\/wp-content\/uploads\/2017\/06\/19143887_803372649826531_282082493308718782_o-1024x576.jpg 1024w\" sizes=\"auto, (max-width: 2048px) 100vw, 2048px\" \/><\/p>\n<p style=\"text-align: justify;\"><span style=\"font-size: 18pt; color: #000000;\"><strong>Les Courses \u00e0 Venir<\/strong><\/span><\/p>\n<p style=\"text-align: justify;\"><span style=\"color: #000000;\"><strong>17\/18 Juin : <span style=\"color: #0000ff;\"><a style=\"color: #0000ff;\" href=\"http:\/\/www.directvelo.com\/actualite\/58828\/tour-du-pays-de-bearn-les-engages\" target=\"_blank\" rel=\"noopener noreferrer\">Tour du Pays de B\u00e9arn<\/a><\/span><\/strong><\/span><\/p>\n<p style=\"text-align: justify;\"><span style=\"color: #000000;\">Les \u00e9tapes :<\/span><\/p>\n<p style=\"text-align: justify;\"><span style=\"color: #000000;\"> 17\/06 &#8211; Et. 1 : Serres-Castet &#8211; Serres-Castet (118,7 km)<\/span><br \/>\n<span style=\"color: #000000;\"> 18\/06 &#8211; Et. 2 : Oloron-Sainte-Marie &#8211; Oloron-Sainte-Marie (114,7 km)<\/span><\/p>\n<p style=\"text-align: justify;\"><span style=\"color: #000000;\">L&rsquo;effectif :<strong><br \/>\n<\/strong><\/span><br \/>\n<span style=\"color: #000000;\"> BORN Vivian<\/span><br \/>\n<span style=\"color: #000000;\"> LAVIGNE Baptiste<\/span><br \/>\n<span style=\"color: #000000;\"> CHATELET Nicolas<\/span><br \/>\n<span style=\"color: #000000;\"> PILLON S\u00e9bastien<\/span><br \/>\n<span style=\"color: #000000;\"> BAZIN Cl\u00e9ment<\/span><br \/>\n<span style=\"color: #000000;\"> DESTANG Lucas<\/span><\/p>\n<p style=\"text-align: justify;\"><img loading=\"lazy\" decoding=\"async\" class=\"alignnone size-full wp-image-2254\" src=\"http:\/\/dicodusport.fr\/blog\/wp-content\/uploads\/2017\/06\/19025297_803373123159817_6342919278390008191_o.jpg\" alt=\"\" width=\"2048\" height=\"1153\" srcset=\"https:\/\/dicodusport.fr\/blog\/wp-content\/uploads\/2017\/06\/19025297_803373123159817_6342919278390008191_o.jpg 2048w, https:\/\/dicodusport.fr\/blog\/wp-content\/uploads\/2017\/06\/19025297_803373123159817_6342919278390008191_o-300x169.jpg 300w, https:\/\/dicodusport.fr\/blog\/wp-content\/uploads\/2017\/06\/19025297_803373123159817_6342919278390008191_o-768x432.jpg 768w, https:\/\/dicodusport.fr\/blog\/wp-content\/uploads\/2017\/06\/19025297_803373123159817_6342919278390008191_o-1024x577.jpg 1024w\" sizes=\"auto, (max-width: 2048px) 100vw, 2048px\" \/><\/p>\n<p style=\"text-align: justify;\"><span style=\"font-size: 18pt; color: #000000;\"><strong>Le Mot du Manager<\/strong><\/span><\/p>\n<p style=\"text-align: justify;\"><span style=\"color: #000000;\"><strong>Max Massat<\/strong>\u00a0: \u00ab\u00a0Une belle victoire de \u00ab\u00a0Pillou\u00a0\u00bb qui fait du bien au moral, dommage que \u00e7a vienne du plus ancien mais au moins il montre que le s\u00e9rieux paie toujours un jour. C&rsquo;est un passionn\u00e9 et un exemple au niveau de l&rsquo;entrainement, souvent critiqu\u00e9 car il fait beaucoup de cyclosportive, mais moi \u00e7a ne me d\u00e9range pas du moment qu&rsquo;il vient courir avec nous sur des courses qu&rsquo;il lui correspond et faire des r\u00e9sultats comme celui-ci. Il avait fait 3eme aussi en Mars, Pillou sait gagner et il le prouve encore, et dans le cyclisme seule la victoire compte, les jeunes ont souvent tendance \u00e0 l&rsquo;oublier&#8230; .<\/span><\/p>\n<p style=\"text-align: justify;\"><span style=\"color: #000000;\">J&rsquo;esp\u00e8re que cela va apporter de la confiance, ce week-end nous avons encore une chance de faire quelques choses sur un parcours de grimpeur mais la premi\u00e8re \u00e9tape pourrait arriver au sprint si le Vend\u00e9e U et le top 16 cadenasse la course, dans ce cas l\u00e0 nous aurons peut-\u00eatre la carte Lucas Destang en pr\u00e9paration pour le championnat de France Elite amateur le 24 juin prochain \u00e0 Saint-Omer.<\/span><\/p>\n<p style=\"text-align: justify;\"><span style=\"color: #000000;\">Nous partons pour pour 1 mois de courses \u00e0 \u00e9tape \u00e0 partir de samedi, Tour du Pays du B\u00e9arn (17\/18 juin), Tour de la CABA (24\/25 juin), Tour de Tarentaise (6\/8 juillet) et le Tour des Deux-S\u00e8vres (13\/16 juillet) il y a de quoi faire, c&rsquo;est maintenant qu&rsquo;ils doivent tout mettre, ensuite \u00e7a sera quartier libre car je dois me concentrer sur des discussions en cours pour la continuit\u00e9 du projet.\u00a0\u00bb<br \/>\n<\/span><\/p>\n<p style=\"text-align: justify;\"><img loading=\"lazy\" decoding=\"async\" class=\"size-thumbnail wp-image-999 aligncenter\" src=\"http:\/\/dicodusport.fr\/blog\/wp-content\/uploads\/2017\/01\/cropped-logo-dicodusport-sans-fond-150x150.png\" alt=\"\" width=\"150\" height=\"150\" srcset=\"https:\/\/dicodusport.fr\/blog\/wp-content\/uploads\/2017\/01\/cropped-logo-dicodusport-sans-fond-150x150.png 150w, https:\/\/dicodusport.fr\/blog\/wp-content\/uploads\/2017\/01\/cropped-logo-dicodusport-sans-fond-300x300.png 300w, https:\/\/dicodusport.fr\/blog\/wp-content\/uploads\/2017\/01\/cropped-logo-dicodusport-sans-fond-270x270.png 270w, https:\/\/dicodusport.fr\/blog\/wp-content\/uploads\/2017\/01\/cropped-logo-dicodusport-sans-fond-192x192.png 192w, https:\/\/dicodusport.fr\/blog\/wp-content\/uploads\/2017\/01\/cropped-logo-dicodusport-sans-fond-180x180.png 180w, https:\/\/dicodusport.fr\/blog\/wp-content\/uploads\/2017\/01\/cropped-logo-dicodusport-sans-fond-32x32.png 32w, https:\/\/dicodusport.fr\/blog\/wp-content\/uploads\/2017\/01\/cropped-logo-dicodusport-sans-fond.png 512w\" sizes=\"auto, (max-width: 150px) 100vw, 150px\" \/><\/p>\n<p>&nbsp;<\/p>\n","protected":false},"excerpt":{"rendered":"<p>Chaque mardi, retrouvez \u00ab\u00a0la semaine de\u00a0La Bande\u00a0\u00bb sur votre blog\u00a0dicodusport.fr\u00a0: r\u00e9sultats, actualit\u00e9s, d\u00e9clarations, courses \u00e0 venir. Sebastien Pillon remporte la 67\u00e8me Boucles du Tarn et du Sidobre en solitaire avec plus de 2 minutes d&rsquo;avance, Bravo !\u00a0 Les R\u00e9sultats 11 Juin : 67eme Boucles du Tarn et du Sidobre \u00e0 Mazamet 1er PILLON S\u00e9bastien (La [&hellip;]<\/p>\n","protected":false},"author":1,"featured_media":2255,"comment_status":"open","ping_status":"closed","sticky":false,"template":"","format":"standard","meta":{"_acf_changed":false,"_daextam_enable_autolinks":"","footnotes":""},"categories":[2016],"tags":[772,773],"class_list":["post-2245","post","type-post","status-publish","format-standard","has-post-thumbnail","hentry","category-nos-champions","tag-la-bande","tag-max-massat"],"acf":[],"yoast_head":"<!-- This site is optimized with the Yoast SEO Premium plugin v26.7 (Yoast SEO v26.7) - https:\/\/yoast.com\/wordpress\/plugins\/seo\/ -->\n<title>La semaine de La Bande #13 : Victoire \u00e0 Mazamet pour S\u00e9bastien Pillon<\/title>\n<meta name=\"description\" content=\"Sebastien Pillon remporte la 67\u00e8me Boucles du Tarn et du Sidobre en solitaire avec plus de 2 minutes d&#039;avance, Bravo !\" \/>\n<meta name=\"robots\" content=\"index, follow, max-snippet:-1, max-image-preview:large, max-video-preview:-1\" \/>\n<link rel=\"canonical\" href=\"https:\/\/dicodusport.fr\/blog\/la-semaine-de-la-bande-13-victoire-a-mazamet-pour-sebastien-pillon\/\" \/>\n<meta property=\"og:locale\" content=\"fr_FR\" \/>\n<meta property=\"og:type\" content=\"article\" \/>\n<meta property=\"og:title\" content=\"La semaine de La Bande #13 : Victoire \u00e0 Mazamet pour S\u00e9bastien Pillon\" \/>\n<meta property=\"og:description\" content=\"Sebastien Pillon remporte la 67\u00e8me Boucles du Tarn et du Sidobre en solitaire avec plus de 2 minutes d&#039;avance, Bravo !\" \/>\n<meta property=\"og:url\" content=\"https:\/\/dicodusport.fr\/blog\/la-semaine-de-la-bande-13-victoire-a-mazamet-pour-sebastien-pillon\/\" \/>\n<meta property=\"og:site_name\" content=\"Dicodusport\" \/>\n<meta property=\"article:publisher\" content=\"https:\/\/www.facebook.com\/dicodusport\" \/>\n<meta property=\"article:author\" content=\"https:\/\/www.facebook.com\/dicodusport\" \/>\n<meta property=\"article:published_time\" content=\"2017-06-14T13:21:10+00:00\" \/>\n<meta property=\"article:modified_time\" content=\"2021-04-13T21:20:08+00:00\" \/>\n<meta property=\"og:image\" content=\"https:\/\/dicodusport.fr\/blog\/wp-content\/uploads\/2017\/06\/victoire-sebastien-pillon-1.png\" \/>\n\t<meta property=\"og:image:width\" content=\"1200\" \/>\n\t<meta property=\"og:image:height\" content=\"670\" \/>\n\t<meta property=\"og:image:type\" content=\"image\/png\" \/>\n<meta name=\"author\" content=\"Nicolas Jacquemard\" \/>\n<meta name=\"twitter:card\" content=\"summary_large_image\" \/>\n<meta name=\"twitter:creator\" content=\"@https:\/\/twitter.com\/Nico_Jacquemard\" \/>\n<meta name=\"twitter:site\" content=\"@dicodusport\" \/>\n<script type=\"application\/ld+json\" class=\"yoast-schema-graph\">{\"@context\":\"https:\/\/schema.org\",\"@graph\":[{\"@type\":\"NewsArticle\",\"@id\":\"https:\/\/dicodusport.fr\/blog\/la-semaine-de-la-bande-13-victoire-a-mazamet-pour-sebastien-pillon\/#article\",\"isPartOf\":{\"@id\":\"https:\/\/dicodusport.fr\/blog\/la-semaine-de-la-bande-13-victoire-a-mazamet-pour-sebastien-pillon\/\"},\"author\":{\"name\":\"Nicolas Jacquemard\",\"@id\":\"https:\/\/dicodusport.fr\/blog\/#\/schema\/person\/55dcb50ad410894e431ed812bbb70191\"},\"headline\":\"La semaine de La Bande #13 : Victoire \u00e0 Mazamet pour S\u00e9bastien Pillon\",\"datePublished\":\"2017-06-14T13:21:10+00:00\",\"dateModified\":\"2021-04-13T21:20:08+00:00\",\"mainEntityOfPage\":{\"@id\":\"https:\/\/dicodusport.fr\/blog\/la-semaine-de-la-bande-13-victoire-a-mazamet-pour-sebastien-pillon\/\"},\"wordCount\":705,\"commentCount\":0,\"publisher\":{\"@id\":\"https:\/\/dicodusport.fr\/blog\/#organization\"},\"image\":{\"@id\":\"https:\/\/dicodusport.fr\/blog\/la-semaine-de-la-bande-13-victoire-a-mazamet-pour-sebastien-pillon\/#primaryimage\"},\"thumbnailUrl\":\"https:\/\/dicodusport.fr\/blog\/wp-content\/uploads\/2017\/06\/victoire-sebastien-pillon-1.png\",\"keywords\":[\"la bande\",\"max massat\"],\"articleSection\":[\"Nos champions\"],\"inLanguage\":\"fr-FR\",\"potentialAction\":[{\"@type\":\"CommentAction\",\"name\":\"Comment\",\"target\":[\"https:\/\/dicodusport.fr\/blog\/la-semaine-de-la-bande-13-victoire-a-mazamet-pour-sebastien-pillon\/#respond\"]}],\"copyrightYear\":\"2017\",\"copyrightHolder\":{\"@id\":\"https:\/\/dicodusport.fr\/blog\/#organization\"}},{\"@type\":\"WebPage\",\"@id\":\"https:\/\/dicodusport.fr\/blog\/la-semaine-de-la-bande-13-victoire-a-mazamet-pour-sebastien-pillon\/\",\"url\":\"https:\/\/dicodusport.fr\/blog\/la-semaine-de-la-bande-13-victoire-a-mazamet-pour-sebastien-pillon\/\",\"name\":\"La semaine de La Bande #13 : Victoire \u00e0 Mazamet pour S\u00e9bastien Pillon\",\"isPartOf\":{\"@id\":\"https:\/\/dicodusport.fr\/blog\/#website\"},\"primaryImageOfPage\":{\"@id\":\"https:\/\/dicodusport.fr\/blog\/la-semaine-de-la-bande-13-victoire-a-mazamet-pour-sebastien-pillon\/#primaryimage\"},\"image\":{\"@id\":\"https:\/\/dicodusport.fr\/blog\/la-semaine-de-la-bande-13-victoire-a-mazamet-pour-sebastien-pillon\/#primaryimage\"},\"thumbnailUrl\":\"https:\/\/dicodusport.fr\/blog\/wp-content\/uploads\/2017\/06\/victoire-sebastien-pillon-1.png\",\"datePublished\":\"2017-06-14T13:21:10+00:00\",\"dateModified\":\"2021-04-13T21:20:08+00:00\",\"description\":\"Sebastien Pillon remporte la 67\u00e8me Boucles du Tarn et du Sidobre en solitaire avec plus de 2 minutes d'avance, Bravo !\",\"breadcrumb\":{\"@id\":\"https:\/\/dicodusport.fr\/blog\/la-semaine-de-la-bande-13-victoire-a-mazamet-pour-sebastien-pillon\/#breadcrumb\"},\"inLanguage\":\"fr-FR\",\"potentialAction\":[{\"@type\":\"ReadAction\",\"target\":[\"https:\/\/dicodusport.fr\/blog\/la-semaine-de-la-bande-13-victoire-a-mazamet-pour-sebastien-pillon\/\"]}]},{\"@type\":\"ImageObject\",\"inLanguage\":\"fr-FR\",\"@id\":\"https:\/\/dicodusport.fr\/blog\/la-semaine-de-la-bande-13-victoire-a-mazamet-pour-sebastien-pillon\/#primaryimage\",\"url\":\"https:\/\/dicodusport.fr\/blog\/wp-content\/uploads\/2017\/06\/victoire-sebastien-pillon-1.png\",\"contentUrl\":\"https:\/\/dicodusport.fr\/blog\/wp-content\/uploads\/2017\/06\/victoire-sebastien-pillon-1.png\",\"width\":1200,\"height\":670,\"caption\":\"victoire sebastien pillon\"},{\"@type\":\"BreadcrumbList\",\"@id\":\"https:\/\/dicodusport.fr\/blog\/la-semaine-de-la-bande-13-victoire-a-mazamet-pour-sebastien-pillon\/#breadcrumb\",\"itemListElement\":[{\"@type\":\"ListItem\",\"position\":1,\"name\":\"Accueil\",\"item\":\"https:\/\/dicodusport.fr\/blog\/\"},{\"@type\":\"ListItem\",\"position\":2,\"name\":\"La semaine de La Bande #13 : Victoire \u00e0 Mazamet pour S\u00e9bastien Pillon\"}]},{\"@type\":\"WebSite\",\"@id\":\"https:\/\/dicodusport.fr\/blog\/#website\",\"url\":\"https:\/\/dicodusport.fr\/blog\/\",\"name\":\"Dicodusport\",\"description\":\"L&#039;encyclop\u00e9die de l&#039;actualit\u00e9 sportive\",\"publisher\":{\"@id\":\"https:\/\/dicodusport.fr\/blog\/#organization\"},\"potentialAction\":[{\"@type\":\"SearchAction\",\"target\":{\"@type\":\"EntryPoint\",\"urlTemplate\":\"https:\/\/dicodusport.fr\/blog\/?s={search_term_string}\"},\"query-input\":{\"@type\":\"PropertyValueSpecification\",\"valueRequired\":true,\"valueName\":\"search_term_string\"}}],\"inLanguage\":\"fr-FR\"},{\"@type\":\"NewsMediaOrganization\",\"@id\":\"https:\/\/dicodusport.fr\/blog\/#organization\",\"name\":\"Dicodusport\",\"url\":\"https:\/\/dicodusport.fr\/blog\/\",\"logo\":{\"@type\":\"ImageObject\",\"inLanguage\":\"fr-FR\",\"@id\":\"https:\/\/dicodusport.fr\/blog\/#\/schema\/logo\/image\/\",\"url\":\"https:\/\/dicodusport.fr\/blog\/wp-content\/uploads\/2020\/06\/cropped-LOGO-DICODUSPORT-2020-SANS-FOND-SANS-TEXTE.png\",\"contentUrl\":\"https:\/\/dicodusport.fr\/blog\/wp-content\/uploads\/2020\/06\/cropped-LOGO-DICODUSPORT-2020-SANS-FOND-SANS-TEXTE.png\",\"width\":512,\"height\":512,\"caption\":\"Dicodusport\"},\"image\":{\"@id\":\"https:\/\/dicodusport.fr\/blog\/#\/schema\/logo\/image\/\"},\"sameAs\":[\"https:\/\/www.facebook.com\/dicodusport\",\"https:\/\/x.com\/dicodusport\",\"https:\/\/www.instagram.com\/dicodusport\/\",\"https:\/\/www.youtube.com\/channel\/UC7V2KZ5sd3htJivAbA4ZG3w\"],\"description\":\"Dicodusport est l'encyclop\u00e9die de l'actualit\u00e9 sportive.\",\"email\":\"bonjour@dicodusport.fr\",\"legalName\":\"DICODUSPORT\",\"foundingDate\":\"2018-01-14\",\"vatID\":\"FR71834470973\",\"taxID\":\"83447097300043\",\"numberOfEmployees\":{\"@type\":\"QuantitativeValue\",\"minValue\":\"1\",\"maxValue\":\"10\"}},{\"@type\":\"Person\",\"@id\":\"https:\/\/dicodusport.fr\/blog\/#\/schema\/person\/55dcb50ad410894e431ed812bbb70191\",\"name\":\"Nicolas Jacquemard\",\"image\":{\"@type\":\"ImageObject\",\"inLanguage\":\"fr-FR\",\"@id\":\"https:\/\/dicodusport.fr\/blog\/#\/schema\/person\/image\/\",\"url\":\"https:\/\/dicodusport.fr\/blog\/wp-content\/uploads\/2021\/05\/Nicolas-Jacquemard-150x150.jpeg\",\"contentUrl\":\"https:\/\/dicodusport.fr\/blog\/wp-content\/uploads\/2021\/05\/Nicolas-Jacquemard-150x150.jpeg\",\"caption\":\"Nicolas Jacquemard\"},\"description\":\"Passionn\u00e9 de sport et entrepreneur depuis mes 18 ans, la cr\u00e9ation de Dicodusport m'a sembl\u00e9 \u00e9vidente pour participer \u00e0 la m\u00e9diatisation d'un plus grand nombre de sports. Le chemin est long mais avec une \u00e9quipe des plus motiv\u00e9es et les Jeux Olympiques de Paris 2024 en point de mire, nous y arriverons ! Journaliste dans le monde du sport depuis plus de 5 ans, je traite aussi bien de football, de rugby, de biathlon que de cyclisme.\",\"sameAs\":[\"https:\/\/www.facebook.com\/dicodusport\",\"https:\/\/x.com\/https:\/\/twitter.com\/Nico_Jacquemard\"],\"url\":\"https:\/\/dicodusport.fr\/blog\/author\/dicodusport\/\"}]}<\/script>\n<!-- \/ Yoast SEO Premium plugin. -->","yoast_head_json":{"title":"La semaine de La Bande #13 : Victoire \u00e0 Mazamet pour S\u00e9bastien Pillon","description":"Sebastien Pillon remporte la 67\u00e8me Boucles du Tarn et du Sidobre en solitaire avec plus de 2 minutes d'avance, Bravo !","robots":{"index":"index","follow":"follow","max-snippet":"max-snippet:-1","max-image-preview":"max-image-preview:large","max-video-preview":"max-video-preview:-1"},"canonical":"https:\/\/dicodusport.fr\/blog\/la-semaine-de-la-bande-13-victoire-a-mazamet-pour-sebastien-pillon\/","og_locale":"fr_FR","og_type":"article","og_title":"La semaine de La Bande #13 : Victoire \u00e0 Mazamet pour S\u00e9bastien Pillon","og_description":"Sebastien Pillon remporte la 67\u00e8me Boucles du Tarn et du Sidobre en solitaire avec plus de 2 minutes d'avance, Bravo !","og_url":"https:\/\/dicodusport.fr\/blog\/la-semaine-de-la-bande-13-victoire-a-mazamet-pour-sebastien-pillon\/","og_site_name":"Dicodusport","article_publisher":"https:\/\/www.facebook.com\/dicodusport","article_author":"https:\/\/www.facebook.com\/dicodusport","article_published_time":"2017-06-14T13:21:10+00:00","article_modified_time":"2021-04-13T21:20:08+00:00","og_image":[{"width":1200,"height":670,"url":"https:\/\/dicodusport.fr\/blog\/wp-content\/uploads\/2017\/06\/victoire-sebastien-pillon-1.png","type":"image\/png"}],"author":"Nicolas Jacquemard","twitter_card":"summary_large_image","twitter_creator":"@https:\/\/twitter.com\/Nico_Jacquemard","twitter_site":"@dicodusport","schema":{"@context":"https:\/\/schema.org","@graph":[{"@type":"NewsArticle","@id":"https:\/\/dicodusport.fr\/blog\/la-semaine-de-la-bande-13-victoire-a-mazamet-pour-sebastien-pillon\/#article","isPartOf":{"@id":"https:\/\/dicodusport.fr\/blog\/la-semaine-de-la-bande-13-victoire-a-mazamet-pour-sebastien-pillon\/"},"author":{"name":"Nicolas Jacquemard","@id":"https:\/\/dicodusport.fr\/blog\/#\/schema\/person\/55dcb50ad410894e431ed812bbb70191"},"headline":"La semaine de La Bande #13 : Victoire \u00e0 Mazamet pour S\u00e9bastien Pillon","datePublished":"2017-06-14T13:21:10+00:00","dateModified":"2021-04-13T21:20:08+00:00","mainEntityOfPage":{"@id":"https:\/\/dicodusport.fr\/blog\/la-semaine-de-la-bande-13-victoire-a-mazamet-pour-sebastien-pillon\/"},"wordCount":705,"commentCount":0,"publisher":{"@id":"https:\/\/dicodusport.fr\/blog\/#organization"},"image":{"@id":"https:\/\/dicodusport.fr\/blog\/la-semaine-de-la-bande-13-victoire-a-mazamet-pour-sebastien-pillon\/#primaryimage"},"thumbnailUrl":"https:\/\/dicodusport.fr\/blog\/wp-content\/uploads\/2017\/06\/victoire-sebastien-pillon-1.png","keywords":["la bande","max massat"],"articleSection":["Nos champions"],"inLanguage":"fr-FR","potentialAction":[{"@type":"CommentAction","name":"Comment","target":["https:\/\/dicodusport.fr\/blog\/la-semaine-de-la-bande-13-victoire-a-mazamet-pour-sebastien-pillon\/#respond"]}],"copyrightYear":"2017","copyrightHolder":{"@id":"https:\/\/dicodusport.fr\/blog\/#organization"}},{"@type":"WebPage","@id":"https:\/\/dicodusport.fr\/blog\/la-semaine-de-la-bande-13-victoire-a-mazamet-pour-sebastien-pillon\/","url":"https:\/\/dicodusport.fr\/blog\/la-semaine-de-la-bande-13-victoire-a-mazamet-pour-sebastien-pillon\/","name":"La semaine de La Bande #13 : Victoire \u00e0 Mazamet pour S\u00e9bastien Pillon","isPartOf":{"@id":"https:\/\/dicodusport.fr\/blog\/#website"},"primaryImageOfPage":{"@id":"https:\/\/dicodusport.fr\/blog\/la-semaine-de-la-bande-13-victoire-a-mazamet-pour-sebastien-pillon\/#primaryimage"},"image":{"@id":"https:\/\/dicodusport.fr\/blog\/la-semaine-de-la-bande-13-victoire-a-mazamet-pour-sebastien-pillon\/#primaryimage"},"thumbnailUrl":"https:\/\/dicodusport.fr\/blog\/wp-content\/uploads\/2017\/06\/victoire-sebastien-pillon-1.png","datePublished":"2017-06-14T13:21:10+00:00","dateModified":"2021-04-13T21:20:08+00:00","description":"Sebastien Pillon remporte la 67\u00e8me Boucles du Tarn et du Sidobre en solitaire avec plus de 2 minutes d'avance, Bravo !","breadcrumb":{"@id":"https:\/\/dicodusport.fr\/blog\/la-semaine-de-la-bande-13-victoire-a-mazamet-pour-sebastien-pillon\/#breadcrumb"},"inLanguage":"fr-FR","potentialAction":[{"@type":"ReadAction","target":["https:\/\/dicodusport.fr\/blog\/la-semaine-de-la-bande-13-victoire-a-mazamet-pour-sebastien-pillon\/"]}]},{"@type":"ImageObject","inLanguage":"fr-FR","@id":"https:\/\/dicodusport.fr\/blog\/la-semaine-de-la-bande-13-victoire-a-mazamet-pour-sebastien-pillon\/#primaryimage","url":"https:\/\/dicodusport.fr\/blog\/wp-content\/uploads\/2017\/06\/victoire-sebastien-pillon-1.png","contentUrl":"https:\/\/dicodusport.fr\/blog\/wp-content\/uploads\/2017\/06\/victoire-sebastien-pillon-1.png","width":1200,"height":670,"caption":"victoire sebastien pillon"},{"@type":"BreadcrumbList","@id":"https:\/\/dicodusport.fr\/blog\/la-semaine-de-la-bande-13-victoire-a-mazamet-pour-sebastien-pillon\/#breadcrumb","itemListElement":[{"@type":"ListItem","position":1,"name":"Accueil","item":"https:\/\/dicodusport.fr\/blog\/"},{"@type":"ListItem","position":2,"name":"La semaine de La Bande #13 : Victoire \u00e0 Mazamet pour S\u00e9bastien Pillon"}]},{"@type":"WebSite","@id":"https:\/\/dicodusport.fr\/blog\/#website","url":"https:\/\/dicodusport.fr\/blog\/","name":"Dicodusport","description":"L&#039;encyclop\u00e9die de l&#039;actualit\u00e9 sportive","publisher":{"@id":"https:\/\/dicodusport.fr\/blog\/#organization"},"potentialAction":[{"@type":"SearchAction","target":{"@type":"EntryPoint","urlTemplate":"https:\/\/dicodusport.fr\/blog\/?s={search_term_string}"},"query-input":{"@type":"PropertyValueSpecification","valueRequired":true,"valueName":"search_term_string"}}],"inLanguage":"fr-FR"},{"@type":"NewsMediaOrganization","@id":"https:\/\/dicodusport.fr\/blog\/#organization","name":"Dicodusport","url":"https:\/\/dicodusport.fr\/blog\/","logo":{"@type":"ImageObject","inLanguage":"fr-FR","@id":"https:\/\/dicodusport.fr\/blog\/#\/schema\/logo\/image\/","url":"https:\/\/dicodusport.fr\/blog\/wp-content\/uploads\/2020\/06\/cropped-LOGO-DICODUSPORT-2020-SANS-FOND-SANS-TEXTE.png","contentUrl":"https:\/\/dicodusport.fr\/blog\/wp-content\/uploads\/2020\/06\/cropped-LOGO-DICODUSPORT-2020-SANS-FOND-SANS-TEXTE.png","width":512,"height":512,"caption":"Dicodusport"},"image":{"@id":"https:\/\/dicodusport.fr\/blog\/#\/schema\/logo\/image\/"},"sameAs":["https:\/\/www.facebook.com\/dicodusport","https:\/\/x.com\/dicodusport","https:\/\/www.instagram.com\/dicodusport\/","https:\/\/www.youtube.com\/channel\/UC7V2KZ5sd3htJivAbA4ZG3w"],"description":"Dicodusport est l'encyclop\u00e9die de l'actualit\u00e9 sportive.","email":"bonjour@dicodusport.fr","legalName":"DICODUSPORT","foundingDate":"2018-01-14","vatID":"FR71834470973","taxID":"83447097300043","numberOfEmployees":{"@type":"QuantitativeValue","minValue":"1","maxValue":"10"}},{"@type":"Person","@id":"https:\/\/dicodusport.fr\/blog\/#\/schema\/person\/55dcb50ad410894e431ed812bbb70191","name":"Nicolas Jacquemard","image":{"@type":"ImageObject","inLanguage":"fr-FR","@id":"https:\/\/dicodusport.fr\/blog\/#\/schema\/person\/image\/","url":"https:\/\/dicodusport.fr\/blog\/wp-content\/uploads\/2021\/05\/Nicolas-Jacquemard-150x150.jpeg","contentUrl":"https:\/\/dicodusport.fr\/blog\/wp-content\/uploads\/2021\/05\/Nicolas-Jacquemard-150x150.jpeg","caption":"Nicolas Jacquemard"},"description":"Passionn\u00e9 de sport et entrepreneur depuis mes 18 ans, la cr\u00e9ation de Dicodusport m'a sembl\u00e9 \u00e9vidente pour participer \u00e0 la m\u00e9diatisation d'un plus grand nombre de sports. Le chemin est long mais avec une \u00e9quipe des plus motiv\u00e9es et les Jeux Olympiques de Paris 2024 en point de mire, nous y arriverons ! Journaliste dans le monde du sport depuis plus de 5 ans, je traite aussi bien de football, de rugby, de biathlon que de cyclisme.","sameAs":["https:\/\/www.facebook.com\/dicodusport","https:\/\/x.com\/https:\/\/twitter.com\/Nico_Jacquemard"],"url":"https:\/\/dicodusport.fr\/blog\/author\/dicodusport\/"}]}},"_links":{"self":[{"href":"https:\/\/dicodusport.fr\/blog\/wp-json\/wp\/v2\/posts\/2245","targetHints":{"allow":["GET"]}}],"collection":[{"href":"https:\/\/dicodusport.fr\/blog\/wp-json\/wp\/v2\/posts"}],"about":[{"href":"https:\/\/dicodusport.fr\/blog\/wp-json\/wp\/v2\/types\/post"}],"author":[{"embeddable":true,"href":"https:\/\/dicodusport.fr\/blog\/wp-json\/wp\/v2\/users\/1"}],"replies":[{"embeddable":true,"href":"https:\/\/dicodusport.fr\/blog\/wp-json\/wp\/v2\/comments?post=2245"}],"version-history":[{"count":0,"href":"https:\/\/dicodusport.fr\/blog\/wp-json\/wp\/v2\/posts\/2245\/revisions"}],"wp:featuredmedia":[{"embeddable":true,"href":"https:\/\/dicodusport.fr\/blog\/wp-json\/wp\/v2\/media\/2255"}],"wp:attachment":[{"href":"https:\/\/dicodusport.fr\/blog\/wp-json\/wp\/v2\/media?parent=2245"}],"wp:term":[{"taxonomy":"category","embeddable":true,"href":"https:\/\/dicodusport.fr\/blog\/wp-json\/wp\/v2\/categories?post=2245"},{"taxonomy":"post_tag","embeddable":true,"href":"https:\/\/dicodusport.fr\/blog\/wp-json\/wp\/v2\/tags?post=2245"}],"curies":[{"name":"wp","href":"https:\/\/api.w.org\/{rel}","templated":true}]}}