{"id":224626,"date":"2022-05-18T12:05:29","date_gmt":"2022-05-18T10:05:29","guid":{"rendered":"https:\/\/dicodusport.fr\/blog\/?p=224626&#038;preview=true&#038;preview_id=224626"},"modified":"2022-05-18T12:05:24","modified_gmt":"2022-05-18T10:05:24","slug":"xv-de-france-feminin-gaelle-mignot-et-david-ortiz-vont-integrer-le-staff","status":"publish","type":"post","link":"https:\/\/dicodusport.fr\/blog\/xv-de-france-feminin-gaelle-mignot-et-david-ortiz-vont-integrer-le-staff\/","title":{"rendered":"XV de France f\u00e9minin : Ga\u00eblle Mignot et David Ortiz vont int\u00e9grer le staff"},"content":{"rendered":"<p style=\"text-align: justify;\"><b><i>RUGBY \u00c0 XV &#8211; Selon nos confr\u00e8res du Midi Olympique, Ga\u00eblle Mignot et David Ortiz vont rejoindre le staff du XV de France.\u00a0<\/i><\/b><\/p>\n<p style=\"text-align: justify;\">Suite \u00e0 des difficult\u00e9s avec Thomas Darracq, <strong>Samuel Cherouk<\/strong> (manager) et <strong>St\u00e9phane Eymard<\/strong> (entra\u00eeneur des trois-quarts) vont \u00eatre \u00e9vinc\u00e9s du staff su XV de France f\u00e9minin dans les prochains jours. La F\u00e9d\u00e9ration Fran\u00e7aise de Rugby \u00e0 XV aurait d\u00e9j\u00e0 trouv\u00e9 le nom des rempla\u00e7ants. <strong>Ga\u00eblle Mignot<\/strong>, ancienne capitaine des Bleues, et <strong>David Ortiz<\/strong>, qui vient de quitter son poste d&rsquo;entra\u00eeneur des avants \u00e0 Agen, devraient int\u00e9grer le staff d&rsquo;<strong>Annick Hayraud<\/strong> dans un futur proche. Le prochain objectif pour l&rsquo;\u00e9quipe de France f\u00e9minine de rugby sera la Coupe du monde en octobre prochain et ces nouveaux \u00e9l\u00e9ments du staff devront apporter leur exp\u00e9rience du haut niveau.<\/p>\n<blockquote class=\"twitter-tweet\">\n<p dir=\"ltr\" lang=\"fr\">\u00c0 5 mois de la coupe du monde, il y a du changement chez les Bleues !<a href=\"https:\/\/t.co\/EjadxsSBqL\">https:\/\/t.co\/EjadxsSBqL<\/a><\/p>\n<p>\u2014 RUGBYRAMA (@RugbyramaFR) <a href=\"https:\/\/twitter.com\/RugbyramaFR\/status\/1526827439858515968?ref_src=twsrc%5Etfw\">May 18, 2022<\/a><\/p><\/blockquote>\n<p><script async src=\"https:\/\/platform.twitter.com\/widgets.js\" charset=\"utf-8\"><\/script><\/p>\n","protected":false},"excerpt":{"rendered":"<p>RUGBY \u00c0 XV &#8211; Selon nos confr\u00e8res du Midi Olympique, Ga\u00eblle Mignot et David Ortiz vont rejoindre le staff du XV de France.\u00a0<\/p>\n","protected":false},"author":1,"featured_media":224629,"comment_status":"open","ping_status":"closed","sticky":false,"template":"","format":"standard","meta":{"_acf_changed":false,"_daextam_enable_autolinks":"","footnotes":""},"categories":[19951],"tags":[110,1638],"class_list":["post-224626","post","type-post","status-publish","format-standard","has-post-thumbnail","hentry","category-xv-de-france","tag-rugby-a-xv","tag-xv-de-france"],"acf":[],"yoast_head":"<!-- This site is optimized with the Yoast SEO Premium plugin v26.7 (Yoast SEO v26.7) - https:\/\/yoast.com\/wordpress\/plugins\/seo\/ -->\n<title>XV de France - XV de France f\u00e9minin : Ga\u00eblle Mignot et David Ortiz vont int\u00e9grer le staff - Dicodusport<\/title>\n<meta name=\"description\" content=\"RUGBY \u00c0 XV - Selon nos confr\u00e8res du Midi Olympique, Ga\u00eblle Mignot et David Ortiz vont rejoindre le staff du XV de France.\u00a0\" \/>\n<meta name=\"robots\" content=\"index, follow, max-snippet:-1, max-image-preview:large, max-video-preview:-1\" \/>\n<link rel=\"canonical\" href=\"https:\/\/dicodusport.fr\/blog\/xv-de-france-feminin-gaelle-mignot-et-david-ortiz-vont-integrer-le-staff\/\" \/>\n<meta property=\"og:locale\" content=\"fr_FR\" \/>\n<meta property=\"og:type\" content=\"article\" \/>\n<meta property=\"og:title\" content=\"XV de France f\u00e9minin : Ga\u00eblle Mignot et David Ortiz vont int\u00e9grer le staff\" \/>\n<meta property=\"og:description\" content=\"RUGBY \u00c0 XV - Selon nos confr\u00e8res du Midi Olympique, Ga\u00eblle Mignot et David Ortiz vont rejoindre le staff du XV de France.\u00a0\" \/>\n<meta property=\"og:url\" content=\"https:\/\/dicodusport.fr\/blog\/xv-de-france-feminin-gaelle-mignot-et-david-ortiz-vont-integrer-le-staff\/\" \/>\n<meta property=\"og:site_name\" content=\"Dicodusport\" \/>\n<meta property=\"article:publisher\" content=\"https:\/\/www.facebook.com\/dicodusport\" \/>\n<meta property=\"article:author\" content=\"https:\/\/www.facebook.com\/dicodusport\" \/>\n<meta property=\"article:published_time\" content=\"2022-05-18T10:05:29+00:00\" \/>\n<meta property=\"og:image\" content=\"https:\/\/dicodusport.fr\/blog\/wp-content\/uploads\/2022\/05\/XV-de-France-fe\u0301minin-Gae\u0308lle-Mignot-et-David-Ortiz-vont-inte\u0301grer-le-staff.png\" \/>\n\t<meta property=\"og:image:width\" content=\"800\" \/>\n\t<meta property=\"og:image:height\" content=\"445\" \/>\n\t<meta property=\"og:image:type\" content=\"image\/png\" \/>\n<meta name=\"author\" content=\"Nicolas Jacquemard\" \/>\n<meta name=\"twitter:card\" content=\"summary_large_image\" \/>\n<meta name=\"twitter:title\" content=\"XV de France f\u00e9minin : Ga\u00eblle Mignot et David Ortiz vont int\u00e9grer le staff\" \/>\n<meta name=\"twitter:creator\" content=\"@https:\/\/twitter.com\/Nico_Jacquemard\" \/>\n<meta name=\"twitter:site\" content=\"@dicodusport\" \/>\n<script type=\"application\/ld+json\" class=\"yoast-schema-graph\">{\"@context\":\"https:\/\/schema.org\",\"@graph\":[{\"@type\":\"NewsArticle\",\"@id\":\"https:\/\/dicodusport.fr\/blog\/xv-de-france-feminin-gaelle-mignot-et-david-ortiz-vont-integrer-le-staff\/#article\",\"isPartOf\":{\"@id\":\"https:\/\/dicodusport.fr\/blog\/xv-de-france-feminin-gaelle-mignot-et-david-ortiz-vont-integrer-le-staff\/\"},\"author\":{\"name\":\"Nicolas Jacquemard\",\"@id\":\"https:\/\/dicodusport.fr\/blog\/#\/schema\/person\/55dcb50ad410894e431ed812bbb70191\"},\"headline\":\"XV de France f\u00e9minin : Ga\u00eblle Mignot et David Ortiz vont int\u00e9grer le staff\",\"datePublished\":\"2022-05-18T10:05:29+00:00\",\"mainEntityOfPage\":{\"@id\":\"https:\/\/dicodusport.fr\/blog\/xv-de-france-feminin-gaelle-mignot-et-david-ortiz-vont-integrer-le-staff\/\"},\"wordCount\":182,\"commentCount\":0,\"publisher\":{\"@id\":\"https:\/\/dicodusport.fr\/blog\/#organization\"},\"image\":{\"@id\":\"https:\/\/dicodusport.fr\/blog\/xv-de-france-feminin-gaelle-mignot-et-david-ortiz-vont-integrer-le-staff\/#primaryimage\"},\"thumbnailUrl\":\"https:\/\/dicodusport.fr\/blog\/wp-content\/uploads\/2022\/05\/XV-de-France-fe\u0301minin-Gae\u0308lle-Mignot-et-David-Ortiz-vont-inte\u0301grer-le-staff.png\",\"keywords\":[\"Rugby \u00e0 XV\",\"XV de France\"],\"articleSection\":[\"XV de France\"],\"inLanguage\":\"fr-FR\",\"potentialAction\":[{\"@type\":\"CommentAction\",\"name\":\"Comment\",\"target\":[\"https:\/\/dicodusport.fr\/blog\/xv-de-france-feminin-gaelle-mignot-et-david-ortiz-vont-integrer-le-staff\/#respond\"]}],\"copyrightYear\":\"2022\",\"copyrightHolder\":{\"@id\":\"https:\/\/dicodusport.fr\/blog\/#organization\"}},{\"@type\":\"WebPage\",\"@id\":\"https:\/\/dicodusport.fr\/blog\/xv-de-france-feminin-gaelle-mignot-et-david-ortiz-vont-integrer-le-staff\/\",\"url\":\"https:\/\/dicodusport.fr\/blog\/xv-de-france-feminin-gaelle-mignot-et-david-ortiz-vont-integrer-le-staff\/\",\"name\":\"XV de France - XV de France f\u00e9minin : Ga\u00eblle Mignot et David Ortiz vont int\u00e9grer le staff - Dicodusport\",\"isPartOf\":{\"@id\":\"https:\/\/dicodusport.fr\/blog\/#website\"},\"primaryImageOfPage\":{\"@id\":\"https:\/\/dicodusport.fr\/blog\/xv-de-france-feminin-gaelle-mignot-et-david-ortiz-vont-integrer-le-staff\/#primaryimage\"},\"image\":{\"@id\":\"https:\/\/dicodusport.fr\/blog\/xv-de-france-feminin-gaelle-mignot-et-david-ortiz-vont-integrer-le-staff\/#primaryimage\"},\"thumbnailUrl\":\"https:\/\/dicodusport.fr\/blog\/wp-content\/uploads\/2022\/05\/XV-de-France-fe\u0301minin-Gae\u0308lle-Mignot-et-David-Ortiz-vont-inte\u0301grer-le-staff.png\",\"datePublished\":\"2022-05-18T10:05:29+00:00\",\"description\":\"RUGBY \u00c0 XV - Selon nos confr\u00e8res du Midi Olympique, Ga\u00eblle Mignot et David Ortiz vont rejoindre le staff du XV de France.\u00a0\",\"breadcrumb\":{\"@id\":\"https:\/\/dicodusport.fr\/blog\/xv-de-france-feminin-gaelle-mignot-et-david-ortiz-vont-integrer-le-staff\/#breadcrumb\"},\"inLanguage\":\"fr-FR\",\"potentialAction\":[{\"@type\":\"ReadAction\",\"target\":[\"https:\/\/dicodusport.fr\/blog\/xv-de-france-feminin-gaelle-mignot-et-david-ortiz-vont-integrer-le-staff\/\"]}]},{\"@type\":\"ImageObject\",\"inLanguage\":\"fr-FR\",\"@id\":\"https:\/\/dicodusport.fr\/blog\/xv-de-france-feminin-gaelle-mignot-et-david-ortiz-vont-integrer-le-staff\/#primaryimage\",\"url\":\"https:\/\/dicodusport.fr\/blog\/wp-content\/uploads\/2022\/05\/XV-de-France-fe\u0301minin-Gae\u0308lle-Mignot-et-David-Ortiz-vont-inte\u0301grer-le-staff.png\",\"contentUrl\":\"https:\/\/dicodusport.fr\/blog\/wp-content\/uploads\/2022\/05\/XV-de-France-fe\u0301minin-Gae\u0308lle-Mignot-et-David-Ortiz-vont-inte\u0301grer-le-staff.png\",\"width\":800,\"height\":445},{\"@type\":\"BreadcrumbList\",\"@id\":\"https:\/\/dicodusport.fr\/blog\/xv-de-france-feminin-gaelle-mignot-et-david-ortiz-vont-integrer-le-staff\/#breadcrumb\",\"itemListElement\":[{\"@type\":\"ListItem\",\"position\":1,\"name\":\"Accueil\",\"item\":\"https:\/\/dicodusport.fr\/blog\/\"},{\"@type\":\"ListItem\",\"position\":2,\"name\":\"XV de France f\u00e9minin : Ga\u00eblle Mignot et David Ortiz vont int\u00e9grer le staff\"}]},{\"@type\":\"WebSite\",\"@id\":\"https:\/\/dicodusport.fr\/blog\/#website\",\"url\":\"https:\/\/dicodusport.fr\/blog\/\",\"name\":\"Dicodusport\",\"description\":\"L&#039;encyclop\u00e9die de l&#039;actualit\u00e9 sportive\",\"publisher\":{\"@id\":\"https:\/\/dicodusport.fr\/blog\/#organization\"},\"potentialAction\":[{\"@type\":\"SearchAction\",\"target\":{\"@type\":\"EntryPoint\",\"urlTemplate\":\"https:\/\/dicodusport.fr\/blog\/?s={search_term_string}\"},\"query-input\":{\"@type\":\"PropertyValueSpecification\",\"valueRequired\":true,\"valueName\":\"search_term_string\"}}],\"inLanguage\":\"fr-FR\"},{\"@type\":\"NewsMediaOrganization\",\"@id\":\"https:\/\/dicodusport.fr\/blog\/#organization\",\"name\":\"Dicodusport\",\"url\":\"https:\/\/dicodusport.fr\/blog\/\",\"logo\":{\"@type\":\"ImageObject\",\"inLanguage\":\"fr-FR\",\"@id\":\"https:\/\/dicodusport.fr\/blog\/#\/schema\/logo\/image\/\",\"url\":\"https:\/\/dicodusport.fr\/blog\/wp-content\/uploads\/2020\/06\/cropped-LOGO-DICODUSPORT-2020-SANS-FOND-SANS-TEXTE.png\",\"contentUrl\":\"https:\/\/dicodusport.fr\/blog\/wp-content\/uploads\/2020\/06\/cropped-LOGO-DICODUSPORT-2020-SANS-FOND-SANS-TEXTE.png\",\"width\":512,\"height\":512,\"caption\":\"Dicodusport\"},\"image\":{\"@id\":\"https:\/\/dicodusport.fr\/blog\/#\/schema\/logo\/image\/\"},\"sameAs\":[\"https:\/\/www.facebook.com\/dicodusport\",\"https:\/\/x.com\/dicodusport\",\"https:\/\/www.instagram.com\/dicodusport\/\",\"https:\/\/www.youtube.com\/channel\/UC7V2KZ5sd3htJivAbA4ZG3w\"],\"description\":\"Dicodusport est l'encyclop\u00e9die de l'actualit\u00e9 sportive.\",\"email\":\"bonjour@dicodusport.fr\",\"legalName\":\"DICODUSPORT\",\"foundingDate\":\"2018-01-14\",\"vatID\":\"FR71834470973\",\"taxID\":\"83447097300043\",\"numberOfEmployees\":{\"@type\":\"QuantitativeValue\",\"minValue\":\"1\",\"maxValue\":\"10\"}},{\"@type\":\"Person\",\"@id\":\"https:\/\/dicodusport.fr\/blog\/#\/schema\/person\/55dcb50ad410894e431ed812bbb70191\",\"name\":\"Nicolas Jacquemard\",\"image\":{\"@type\":\"ImageObject\",\"inLanguage\":\"fr-FR\",\"@id\":\"https:\/\/dicodusport.fr\/blog\/#\/schema\/person\/image\/\",\"url\":\"https:\/\/dicodusport.fr\/blog\/wp-content\/uploads\/2021\/05\/Nicolas-Jacquemard-150x150.jpeg\",\"contentUrl\":\"https:\/\/dicodusport.fr\/blog\/wp-content\/uploads\/2021\/05\/Nicolas-Jacquemard-150x150.jpeg\",\"caption\":\"Nicolas Jacquemard\"},\"description\":\"Passionn\u00e9 de sport et entrepreneur depuis mes 18 ans, la cr\u00e9ation de Dicodusport m'a sembl\u00e9 \u00e9vidente pour participer \u00e0 la m\u00e9diatisation d'un plus grand nombre de sports. Le chemin est long mais avec une \u00e9quipe des plus motiv\u00e9es et les Jeux Olympiques de Paris 2024 en point de mire, nous y arriverons ! Journaliste dans le monde du sport depuis plus de 5 ans, je traite aussi bien de football, de rugby, de biathlon que de cyclisme.\",\"sameAs\":[\"https:\/\/www.facebook.com\/dicodusport\",\"https:\/\/x.com\/https:\/\/twitter.com\/Nico_Jacquemard\"],\"url\":\"https:\/\/dicodusport.fr\/blog\/author\/dicodusport\/\"}]}<\/script>\n<!-- \/ Yoast SEO Premium plugin. -->","yoast_head_json":{"title":"XV de France - XV de France f\u00e9minin : Ga\u00eblle Mignot et David Ortiz vont int\u00e9grer le staff - Dicodusport","description":"RUGBY \u00c0 XV - Selon nos confr\u00e8res du Midi Olympique, Ga\u00eblle Mignot et David Ortiz vont rejoindre le staff du XV de France.\u00a0","robots":{"index":"index","follow":"follow","max-snippet":"max-snippet:-1","max-image-preview":"max-image-preview:large","max-video-preview":"max-video-preview:-1"},"canonical":"https:\/\/dicodusport.fr\/blog\/xv-de-france-feminin-gaelle-mignot-et-david-ortiz-vont-integrer-le-staff\/","og_locale":"fr_FR","og_type":"article","og_title":"XV de France f\u00e9minin : Ga\u00eblle Mignot et David Ortiz vont int\u00e9grer le staff","og_description":"RUGBY \u00c0 XV - Selon nos confr\u00e8res du Midi Olympique, Ga\u00eblle Mignot et David Ortiz vont rejoindre le staff du XV de France.\u00a0","og_url":"https:\/\/dicodusport.fr\/blog\/xv-de-france-feminin-gaelle-mignot-et-david-ortiz-vont-integrer-le-staff\/","og_site_name":"Dicodusport","article_publisher":"https:\/\/www.facebook.com\/dicodusport","article_author":"https:\/\/www.facebook.com\/dicodusport","article_published_time":"2022-05-18T10:05:29+00:00","og_image":[{"width":800,"height":445,"url":"https:\/\/dicodusport.fr\/blog\/wp-content\/uploads\/2022\/05\/XV-de-France-fe\u0301minin-Gae\u0308lle-Mignot-et-David-Ortiz-vont-inte\u0301grer-le-staff.png","type":"image\/png"}],"author":"Nicolas Jacquemard","twitter_card":"summary_large_image","twitter_title":"XV de France f\u00e9minin : Ga\u00eblle Mignot et David Ortiz vont int\u00e9grer le staff","twitter_creator":"@https:\/\/twitter.com\/Nico_Jacquemard","twitter_site":"@dicodusport","schema":{"@context":"https:\/\/schema.org","@graph":[{"@type":"NewsArticle","@id":"https:\/\/dicodusport.fr\/blog\/xv-de-france-feminin-gaelle-mignot-et-david-ortiz-vont-integrer-le-staff\/#article","isPartOf":{"@id":"https:\/\/dicodusport.fr\/blog\/xv-de-france-feminin-gaelle-mignot-et-david-ortiz-vont-integrer-le-staff\/"},"author":{"name":"Nicolas Jacquemard","@id":"https:\/\/dicodusport.fr\/blog\/#\/schema\/person\/55dcb50ad410894e431ed812bbb70191"},"headline":"XV de France f\u00e9minin : Ga\u00eblle Mignot et David Ortiz vont int\u00e9grer le staff","datePublished":"2022-05-18T10:05:29+00:00","mainEntityOfPage":{"@id":"https:\/\/dicodusport.fr\/blog\/xv-de-france-feminin-gaelle-mignot-et-david-ortiz-vont-integrer-le-staff\/"},"wordCount":182,"commentCount":0,"publisher":{"@id":"https:\/\/dicodusport.fr\/blog\/#organization"},"image":{"@id":"https:\/\/dicodusport.fr\/blog\/xv-de-france-feminin-gaelle-mignot-et-david-ortiz-vont-integrer-le-staff\/#primaryimage"},"thumbnailUrl":"https:\/\/dicodusport.fr\/blog\/wp-content\/uploads\/2022\/05\/XV-de-France-fe\u0301minin-Gae\u0308lle-Mignot-et-David-Ortiz-vont-inte\u0301grer-le-staff.png","keywords":["Rugby \u00e0 XV","XV de France"],"articleSection":["XV de France"],"inLanguage":"fr-FR","potentialAction":[{"@type":"CommentAction","name":"Comment","target":["https:\/\/dicodusport.fr\/blog\/xv-de-france-feminin-gaelle-mignot-et-david-ortiz-vont-integrer-le-staff\/#respond"]}],"copyrightYear":"2022","copyrightHolder":{"@id":"https:\/\/dicodusport.fr\/blog\/#organization"}},{"@type":"WebPage","@id":"https:\/\/dicodusport.fr\/blog\/xv-de-france-feminin-gaelle-mignot-et-david-ortiz-vont-integrer-le-staff\/","url":"https:\/\/dicodusport.fr\/blog\/xv-de-france-feminin-gaelle-mignot-et-david-ortiz-vont-integrer-le-staff\/","name":"XV de France - XV de France f\u00e9minin : Ga\u00eblle Mignot et David Ortiz vont int\u00e9grer le staff - Dicodusport","isPartOf":{"@id":"https:\/\/dicodusport.fr\/blog\/#website"},"primaryImageOfPage":{"@id":"https:\/\/dicodusport.fr\/blog\/xv-de-france-feminin-gaelle-mignot-et-david-ortiz-vont-integrer-le-staff\/#primaryimage"},"image":{"@id":"https:\/\/dicodusport.fr\/blog\/xv-de-france-feminin-gaelle-mignot-et-david-ortiz-vont-integrer-le-staff\/#primaryimage"},"thumbnailUrl":"https:\/\/dicodusport.fr\/blog\/wp-content\/uploads\/2022\/05\/XV-de-France-fe\u0301minin-Gae\u0308lle-Mignot-et-David-Ortiz-vont-inte\u0301grer-le-staff.png","datePublished":"2022-05-18T10:05:29+00:00","description":"RUGBY \u00c0 XV - Selon nos confr\u00e8res du Midi Olympique, Ga\u00eblle Mignot et David Ortiz vont rejoindre le staff du XV de France.\u00a0","breadcrumb":{"@id":"https:\/\/dicodusport.fr\/blog\/xv-de-france-feminin-gaelle-mignot-et-david-ortiz-vont-integrer-le-staff\/#breadcrumb"},"inLanguage":"fr-FR","potentialAction":[{"@type":"ReadAction","target":["https:\/\/dicodusport.fr\/blog\/xv-de-france-feminin-gaelle-mignot-et-david-ortiz-vont-integrer-le-staff\/"]}]},{"@type":"ImageObject","inLanguage":"fr-FR","@id":"https:\/\/dicodusport.fr\/blog\/xv-de-france-feminin-gaelle-mignot-et-david-ortiz-vont-integrer-le-staff\/#primaryimage","url":"https:\/\/dicodusport.fr\/blog\/wp-content\/uploads\/2022\/05\/XV-de-France-fe\u0301minin-Gae\u0308lle-Mignot-et-David-Ortiz-vont-inte\u0301grer-le-staff.png","contentUrl":"https:\/\/dicodusport.fr\/blog\/wp-content\/uploads\/2022\/05\/XV-de-France-fe\u0301minin-Gae\u0308lle-Mignot-et-David-Ortiz-vont-inte\u0301grer-le-staff.png","width":800,"height":445},{"@type":"BreadcrumbList","@id":"https:\/\/dicodusport.fr\/blog\/xv-de-france-feminin-gaelle-mignot-et-david-ortiz-vont-integrer-le-staff\/#breadcrumb","itemListElement":[{"@type":"ListItem","position":1,"name":"Accueil","item":"https:\/\/dicodusport.fr\/blog\/"},{"@type":"ListItem","position":2,"name":"XV de France f\u00e9minin : Ga\u00eblle Mignot et David Ortiz vont int\u00e9grer le staff"}]},{"@type":"WebSite","@id":"https:\/\/dicodusport.fr\/blog\/#website","url":"https:\/\/dicodusport.fr\/blog\/","name":"Dicodusport","description":"L&#039;encyclop\u00e9die de l&#039;actualit\u00e9 sportive","publisher":{"@id":"https:\/\/dicodusport.fr\/blog\/#organization"},"potentialAction":[{"@type":"SearchAction","target":{"@type":"EntryPoint","urlTemplate":"https:\/\/dicodusport.fr\/blog\/?s={search_term_string}"},"query-input":{"@type":"PropertyValueSpecification","valueRequired":true,"valueName":"search_term_string"}}],"inLanguage":"fr-FR"},{"@type":"NewsMediaOrganization","@id":"https:\/\/dicodusport.fr\/blog\/#organization","name":"Dicodusport","url":"https:\/\/dicodusport.fr\/blog\/","logo":{"@type":"ImageObject","inLanguage":"fr-FR","@id":"https:\/\/dicodusport.fr\/blog\/#\/schema\/logo\/image\/","url":"https:\/\/dicodusport.fr\/blog\/wp-content\/uploads\/2020\/06\/cropped-LOGO-DICODUSPORT-2020-SANS-FOND-SANS-TEXTE.png","contentUrl":"https:\/\/dicodusport.fr\/blog\/wp-content\/uploads\/2020\/06\/cropped-LOGO-DICODUSPORT-2020-SANS-FOND-SANS-TEXTE.png","width":512,"height":512,"caption":"Dicodusport"},"image":{"@id":"https:\/\/dicodusport.fr\/blog\/#\/schema\/logo\/image\/"},"sameAs":["https:\/\/www.facebook.com\/dicodusport","https:\/\/x.com\/dicodusport","https:\/\/www.instagram.com\/dicodusport\/","https:\/\/www.youtube.com\/channel\/UC7V2KZ5sd3htJivAbA4ZG3w"],"description":"Dicodusport est l'encyclop\u00e9die de l'actualit\u00e9 sportive.","email":"bonjour@dicodusport.fr","legalName":"DICODUSPORT","foundingDate":"2018-01-14","vatID":"FR71834470973","taxID":"83447097300043","numberOfEmployees":{"@type":"QuantitativeValue","minValue":"1","maxValue":"10"}},{"@type":"Person","@id":"https:\/\/dicodusport.fr\/blog\/#\/schema\/person\/55dcb50ad410894e431ed812bbb70191","name":"Nicolas Jacquemard","image":{"@type":"ImageObject","inLanguage":"fr-FR","@id":"https:\/\/dicodusport.fr\/blog\/#\/schema\/person\/image\/","url":"https:\/\/dicodusport.fr\/blog\/wp-content\/uploads\/2021\/05\/Nicolas-Jacquemard-150x150.jpeg","contentUrl":"https:\/\/dicodusport.fr\/blog\/wp-content\/uploads\/2021\/05\/Nicolas-Jacquemard-150x150.jpeg","caption":"Nicolas Jacquemard"},"description":"Passionn\u00e9 de sport et entrepreneur depuis mes 18 ans, la cr\u00e9ation de Dicodusport m'a sembl\u00e9 \u00e9vidente pour participer \u00e0 la m\u00e9diatisation d'un plus grand nombre de sports. Le chemin est long mais avec une \u00e9quipe des plus motiv\u00e9es et les Jeux Olympiques de Paris 2024 en point de mire, nous y arriverons ! Journaliste dans le monde du sport depuis plus de 5 ans, je traite aussi bien de football, de rugby, de biathlon que de cyclisme.","sameAs":["https:\/\/www.facebook.com\/dicodusport","https:\/\/x.com\/https:\/\/twitter.com\/Nico_Jacquemard"],"url":"https:\/\/dicodusport.fr\/blog\/author\/dicodusport\/"}]}},"_links":{"self":[{"href":"https:\/\/dicodusport.fr\/blog\/wp-json\/wp\/v2\/posts\/224626","targetHints":{"allow":["GET"]}}],"collection":[{"href":"https:\/\/dicodusport.fr\/blog\/wp-json\/wp\/v2\/posts"}],"about":[{"href":"https:\/\/dicodusport.fr\/blog\/wp-json\/wp\/v2\/types\/post"}],"author":[{"embeddable":true,"href":"https:\/\/dicodusport.fr\/blog\/wp-json\/wp\/v2\/users\/1"}],"replies":[{"embeddable":true,"href":"https:\/\/dicodusport.fr\/blog\/wp-json\/wp\/v2\/comments?post=224626"}],"version-history":[{"count":0,"href":"https:\/\/dicodusport.fr\/blog\/wp-json\/wp\/v2\/posts\/224626\/revisions"}],"wp:featuredmedia":[{"embeddable":true,"href":"https:\/\/dicodusport.fr\/blog\/wp-json\/wp\/v2\/media\/224629"}],"wp:attachment":[{"href":"https:\/\/dicodusport.fr\/blog\/wp-json\/wp\/v2\/media?parent=224626"}],"wp:term":[{"taxonomy":"category","embeddable":true,"href":"https:\/\/dicodusport.fr\/blog\/wp-json\/wp\/v2\/categories?post=224626"},{"taxonomy":"post_tag","embeddable":true,"href":"https:\/\/dicodusport.fr\/blog\/wp-json\/wp\/v2\/tags?post=224626"}],"curies":[{"name":"wp","href":"https:\/\/api.w.org\/{rel}","templated":true}]}}