{"id":224672,"date":"2022-05-18T13:47:42","date_gmt":"2022-05-18T11:47:42","guid":{"rendered":"https:\/\/dicodusport.fr\/blog\/?p=224672&#038;preview=true&#038;preview_id=224672"},"modified":"2022-05-18T13:53:14","modified_gmt":"2022-05-18T11:53:14","slug":"tim-merlier-rejoindra-quick-step-alpha-vinyl-la-saison-prochaine","status":"publish","type":"post","link":"https:\/\/dicodusport.fr\/blog\/tim-merlier-rejoindra-quick-step-alpha-vinyl-la-saison-prochaine\/","title":{"rendered":"Tim Merlier rejoindra Quick-Step Alpha Vinyl la saison prochaine"},"content":{"rendered":"<p style=\"text-align: justify;\"><b><i>WORLD TOUR &#8211; Mark Cavendish \u00e9tant sur la fin, Patrick Lefevere souhaitait recruter une pointure mondiale du sprint pour renforcer les rangs du Wolfpack. C&rsquo;est d\u00e9sormais chose faite, puisque Tim Merlier (29 ans, Alpecin-Fenix) rejoindra la formation Quick-Step Alpha Vinyl la saison prochaine.\u00a0<\/i><\/b><\/p>\n<h2 style=\"text-align: justify;\">Un contrat de deux ans sur la table<\/h2>\n<p style=\"text-align: justify;\">En fin de contrat \u00e0 la fin de la saison, <strong>Tim Merlier<\/strong> (29 ans) \u00e9tait fortement d\u00e9sir\u00e9 par plusieurs \u00e9quipes du World Tour, surtout quand on regarde de plus pr\u00e8s son CV : une victoire sur le Tour de France, une autre sur le Giro, deux victoires sur Tirreno-Adriatico et plusieurs classiques belges estampill\u00e9es 1.1. D&rsquo;apr\u00e8s les informations du m\u00e9dia belge <em>Wielerflits<\/em>, <strong>le sprinteur de la formation Alpecin-Fenix signera pour deux ans avec la formation de Patrick Lefevere<\/strong>.<\/p>\n<p style=\"text-align: justify;\">Ces derni\u00e8res semaines, le patron du Wolfpack avait effectu\u00e9 plusieurs appels du pied dans les m\u00e9dias, indiquant chercher une pointure belge capable de remplacer <strong>Mark Cavendish<\/strong>. <em>Wielerflits<\/em> pr\u00e9cise que l&rsquo;accord verbal entre les deux parties est intervenu la semaine derni\u00e8re. D\u00e9sormais, on peut se poser la question du futur de <strong>Mark Cavendish<\/strong>. Le sprinteur britannique aura en effet <strong>Fabio Jakobsen<\/strong>, le sprinteur num\u00e9ro 1 de l&rsquo;\u00e9quipe, et <strong>Tim Merlier<\/strong> comme concurrent la saison prochaine.<\/p>\n<p style=\"text-align: justify;\">Revenu en grande pompe l&rsquo;an dernier sur le Tour de France, <strong>Mark Cavendish<\/strong> pourrait faire les frais de cette arriv\u00e9e puisque lui aussi voit son contrat se terminer \u00e0 la fin de la saison 2022. Pour remplacer <strong>Tim Merlier<\/strong>, on peut supposer que la formation Alpecin-Fenix, prochainement Alpecin-Deceuninck, scrutera le march\u00e9 des transferts avec minutie pour remplacer un coureur capable de jolis succ\u00e8s en World Tour, d&rsquo;autant que le budget sera plus important la saison prochaine.<\/p>\n<blockquote class=\"twitter-tweet\">\n<p dir=\"ltr\" lang=\"nl\">Tim Merlier verlaat Alpecin-Fenix en gaat volgend jaar bij Soudal-Quick-Step aan de slag<a href=\"https:\/\/t.co\/8p2ODehR65\">https:\/\/t.co\/8p2ODehR65<\/a><\/p>\n<p>\u2014 Nico Dick (@NicoDick) <a href=\"https:\/\/twitter.com\/NicoDick\/status\/1526864983891533830?ref_src=twsrc%5Etfw\">May 18, 2022<\/a><\/p><\/blockquote>\n<p><script async src=\"https:\/\/platform.twitter.com\/widgets.js\" charset=\"utf-8\"><\/script><\/p>\n<div class=\"mm_container mb-3\" style=\"text-align: justify;\">\n<h2 id=\"mm_mobile_mid\" class=\"wielerflits_ros_mobile\">A lire aussi :<\/h2>\n<p><span class=\"wxyVbKAreGmcIJO2ZY73TRMXz\"><\/p>\n<blockquote class=\"wp-embedded-content\" data-secret=\"yhbqJ2QzI8\"><p><a href=\"https:\/\/dicodusport.fr\/blog\/arnaud-de-lie-plait-a-la-quick-step-alpha-vinyl\/\">Arnaud De Lie pla\u00eet \u00e0 la Quick-Step Alpha Vinyl<\/a><\/p><\/blockquote>\n<p><iframe loading=\"lazy\" class=\"wp-embedded-content\" sandbox=\"allow-scripts\" security=\"restricted\" style=\"position: absolute; clip: rect(1px, 1px, 1px, 1px);\" title=\"\u00ab\u00a0Arnaud De Lie pla\u00eet \u00e0 la Quick-Step Alpha Vinyl\u00a0\u00bb &#8212; Dicodusport\" src=\"https:\/\/dicodusport.fr\/blog\/arnaud-de-lie-plait-a-la-quick-step-alpha-vinyl\/embed\/#?secret=vTR6MJHrQd#?secret=yhbqJ2QzI8\" data-secret=\"yhbqJ2QzI8\" width=\"600\" height=\"338\" frameborder=\"0\" marginwidth=\"0\" marginheight=\"0\" scrolling=\"no\"><\/iframe><\/span><\/p>\n<\/div>\n","protected":false},"excerpt":{"rendered":"<p>WORLD TOUR &#8211; Mark Cavendish \u00e9tant sur la fin, Patrick Lefevere souhaitait recruter une pointure mondiale du sprint pour renforcer les rangs du Wolfpack. C&rsquo;est d\u00e9sormais chose faite, puisque Tim Merlier (29 ans, Alpecin-Fenix) rejoindra la formation Quick-Step Alpha Vinyl la saison prochaine.\u00a0<\/p>\n","protected":false},"author":42,"featured_media":224677,"comment_status":"open","ping_status":"closed","sticky":false,"template":"","format":"standard","meta":{"_acf_changed":false,"_daextam_enable_autolinks":"","footnotes":""},"categories":[2307],"tags":[23545,18715,20633,16548,2832],"class_list":["post-224672","post","type-post","status-publish","format-standard","has-post-thumbnail","hentry","category-cyclisme","tag-alpecin-deceuninck","tag-alpecin-fenix","tag-quick-step-alpha-vinyl","tag-tim-merlier","tag-transferts"],"acf":[],"yoast_head":"<!-- This site is optimized with the Yoast SEO Premium plugin v26.7 (Yoast SEO v26.7) - https:\/\/yoast.com\/wordpress\/plugins\/seo\/ -->\n<title>Cyclisme - Tim Merlier rejoindra Quick-Step Alpha Vinyl la saison prochaine - Dicodusport<\/title>\n<meta name=\"description\" content=\"WORLD TOUR - Tim Merlier (29 ans, Alpecin-Fenix) rejoindra la Quick-Steph Alpha Vinyl de Julian Alaphilippe la saison prochaine.\" \/>\n<meta name=\"robots\" content=\"index, follow, max-snippet:-1, max-image-preview:large, max-video-preview:-1\" \/>\n<link rel=\"canonical\" href=\"https:\/\/dicodusport.fr\/blog\/tim-merlier-rejoindra-quick-step-alpha-vinyl-la-saison-prochaine\/\" \/>\n<meta property=\"og:locale\" content=\"fr_FR\" \/>\n<meta property=\"og:type\" content=\"article\" \/>\n<meta property=\"og:title\" content=\"Tim Merlier rejoindra Quick-Step Alpha Vinyl la saison prochaine\" \/>\n<meta property=\"og:description\" content=\"WORLD TOUR - Tim Merlier (29 ans, Alpecin-Fenix) rejoindra la Quick-Steph Alpha Vinyl de Julian Alaphilippe la saison prochaine.\" \/>\n<meta property=\"og:url\" content=\"https:\/\/dicodusport.fr\/blog\/tim-merlier-rejoindra-quick-step-alpha-vinyl-la-saison-prochaine\/\" \/>\n<meta property=\"og:site_name\" content=\"Dicodusport\" \/>\n<meta property=\"article:publisher\" content=\"https:\/\/www.facebook.com\/dicodusport\" \/>\n<meta property=\"article:published_time\" content=\"2022-05-18T11:47:42+00:00\" \/>\n<meta property=\"article:modified_time\" content=\"2022-05-18T11:53:14+00:00\" \/>\n<meta property=\"og:image\" content=\"https:\/\/dicodusport.fr\/blog\/wp-content\/uploads\/2022\/05\/Tim-Merlier-rejoindra-Quick-Step-Alpha-Vinyl-la-saison-prochaine.png\" \/>\n\t<meta property=\"og:image:width\" content=\"800\" \/>\n\t<meta property=\"og:image:height\" content=\"445\" \/>\n\t<meta property=\"og:image:type\" content=\"image\/png\" \/>\n<meta name=\"author\" content=\"Nicolas Mezine\" \/>\n<meta name=\"twitter:card\" content=\"summary_large_image\" \/>\n<meta name=\"twitter:title\" content=\"Tim Merlier rejoindra Quick-Step Alpha Vinyl la saison prochaine\" \/>\n<meta name=\"twitter:creator\" content=\"@https:\/\/twitter.com\/Lbiji13\" \/>\n<meta name=\"twitter:site\" content=\"@dicodusport\" \/>\n<script type=\"application\/ld+json\" class=\"yoast-schema-graph\">{\"@context\":\"https:\/\/schema.org\",\"@graph\":[{\"@type\":\"NewsArticle\",\"@id\":\"https:\/\/dicodusport.fr\/blog\/tim-merlier-rejoindra-quick-step-alpha-vinyl-la-saison-prochaine\/#article\",\"isPartOf\":{\"@id\":\"https:\/\/dicodusport.fr\/blog\/tim-merlier-rejoindra-quick-step-alpha-vinyl-la-saison-prochaine\/\"},\"author\":{\"name\":\"Nicolas Mezine\",\"@id\":\"https:\/\/dicodusport.fr\/blog\/#\/schema\/person\/99fcf31b3ee0d51fed53ade78139bbbf\"},\"headline\":\"Tim Merlier rejoindra Quick-Step Alpha Vinyl la saison prochaine\",\"datePublished\":\"2022-05-18T11:47:42+00:00\",\"dateModified\":\"2022-05-18T11:53:14+00:00\",\"mainEntityOfPage\":{\"@id\":\"https:\/\/dicodusport.fr\/blog\/tim-merlier-rejoindra-quick-step-alpha-vinyl-la-saison-prochaine\/\"},\"wordCount\":329,\"commentCount\":0,\"publisher\":{\"@id\":\"https:\/\/dicodusport.fr\/blog\/#organization\"},\"image\":{\"@id\":\"https:\/\/dicodusport.fr\/blog\/tim-merlier-rejoindra-quick-step-alpha-vinyl-la-saison-prochaine\/#primaryimage\"},\"thumbnailUrl\":\"https:\/\/dicodusport.fr\/blog\/wp-content\/uploads\/2022\/05\/Tim-Merlier-rejoindra-Quick-Step-Alpha-Vinyl-la-saison-prochaine.png\",\"keywords\":[\"Alpecin-Deceuninck\",\"Alpecin-Fenix\",\"Quick-Step Alpha Vinyl\",\"Tim Merlier\",\"transferts\"],\"articleSection\":[\"Cyclisme\"],\"inLanguage\":\"fr-FR\",\"potentialAction\":[{\"@type\":\"CommentAction\",\"name\":\"Comment\",\"target\":[\"https:\/\/dicodusport.fr\/blog\/tim-merlier-rejoindra-quick-step-alpha-vinyl-la-saison-prochaine\/#respond\"]}],\"copyrightYear\":\"2022\",\"copyrightHolder\":{\"@id\":\"https:\/\/dicodusport.fr\/blog\/#organization\"}},{\"@type\":\"WebPage\",\"@id\":\"https:\/\/dicodusport.fr\/blog\/tim-merlier-rejoindra-quick-step-alpha-vinyl-la-saison-prochaine\/\",\"url\":\"https:\/\/dicodusport.fr\/blog\/tim-merlier-rejoindra-quick-step-alpha-vinyl-la-saison-prochaine\/\",\"name\":\"Cyclisme - Tim Merlier rejoindra Quick-Step Alpha Vinyl la saison prochaine - Dicodusport\",\"isPartOf\":{\"@id\":\"https:\/\/dicodusport.fr\/blog\/#website\"},\"primaryImageOfPage\":{\"@id\":\"https:\/\/dicodusport.fr\/blog\/tim-merlier-rejoindra-quick-step-alpha-vinyl-la-saison-prochaine\/#primaryimage\"},\"image\":{\"@id\":\"https:\/\/dicodusport.fr\/blog\/tim-merlier-rejoindra-quick-step-alpha-vinyl-la-saison-prochaine\/#primaryimage\"},\"thumbnailUrl\":\"https:\/\/dicodusport.fr\/blog\/wp-content\/uploads\/2022\/05\/Tim-Merlier-rejoindra-Quick-Step-Alpha-Vinyl-la-saison-prochaine.png\",\"datePublished\":\"2022-05-18T11:47:42+00:00\",\"dateModified\":\"2022-05-18T11:53:14+00:00\",\"description\":\"WORLD TOUR - Tim Merlier (29 ans, Alpecin-Fenix) rejoindra la Quick-Steph Alpha Vinyl de Julian Alaphilippe la saison prochaine.\",\"breadcrumb\":{\"@id\":\"https:\/\/dicodusport.fr\/blog\/tim-merlier-rejoindra-quick-step-alpha-vinyl-la-saison-prochaine\/#breadcrumb\"},\"inLanguage\":\"fr-FR\",\"potentialAction\":[{\"@type\":\"ReadAction\",\"target\":[\"https:\/\/dicodusport.fr\/blog\/tim-merlier-rejoindra-quick-step-alpha-vinyl-la-saison-prochaine\/\"]}]},{\"@type\":\"ImageObject\",\"inLanguage\":\"fr-FR\",\"@id\":\"https:\/\/dicodusport.fr\/blog\/tim-merlier-rejoindra-quick-step-alpha-vinyl-la-saison-prochaine\/#primaryimage\",\"url\":\"https:\/\/dicodusport.fr\/blog\/wp-content\/uploads\/2022\/05\/Tim-Merlier-rejoindra-Quick-Step-Alpha-Vinyl-la-saison-prochaine.png\",\"contentUrl\":\"https:\/\/dicodusport.fr\/blog\/wp-content\/uploads\/2022\/05\/Tim-Merlier-rejoindra-Quick-Step-Alpha-Vinyl-la-saison-prochaine.png\",\"width\":800,\"height\":445},{\"@type\":\"BreadcrumbList\",\"@id\":\"https:\/\/dicodusport.fr\/blog\/tim-merlier-rejoindra-quick-step-alpha-vinyl-la-saison-prochaine\/#breadcrumb\",\"itemListElement\":[{\"@type\":\"ListItem\",\"position\":1,\"name\":\"Accueil\",\"item\":\"https:\/\/dicodusport.fr\/blog\/\"},{\"@type\":\"ListItem\",\"position\":2,\"name\":\"Tim Merlier rejoindra Quick-Step Alpha Vinyl la saison prochaine\"}]},{\"@type\":\"WebSite\",\"@id\":\"https:\/\/dicodusport.fr\/blog\/#website\",\"url\":\"https:\/\/dicodusport.fr\/blog\/\",\"name\":\"Dicodusport\",\"description\":\"L&#039;encyclop\u00e9die de l&#039;actualit\u00e9 sportive\",\"publisher\":{\"@id\":\"https:\/\/dicodusport.fr\/blog\/#organization\"},\"potentialAction\":[{\"@type\":\"SearchAction\",\"target\":{\"@type\":\"EntryPoint\",\"urlTemplate\":\"https:\/\/dicodusport.fr\/blog\/?s={search_term_string}\"},\"query-input\":{\"@type\":\"PropertyValueSpecification\",\"valueRequired\":true,\"valueName\":\"search_term_string\"}}],\"inLanguage\":\"fr-FR\"},{\"@type\":\"NewsMediaOrganization\",\"@id\":\"https:\/\/dicodusport.fr\/blog\/#organization\",\"name\":\"Dicodusport\",\"url\":\"https:\/\/dicodusport.fr\/blog\/\",\"logo\":{\"@type\":\"ImageObject\",\"inLanguage\":\"fr-FR\",\"@id\":\"https:\/\/dicodusport.fr\/blog\/#\/schema\/logo\/image\/\",\"url\":\"https:\/\/dicodusport.fr\/blog\/wp-content\/uploads\/2020\/06\/cropped-LOGO-DICODUSPORT-2020-SANS-FOND-SANS-TEXTE.png\",\"contentUrl\":\"https:\/\/dicodusport.fr\/blog\/wp-content\/uploads\/2020\/06\/cropped-LOGO-DICODUSPORT-2020-SANS-FOND-SANS-TEXTE.png\",\"width\":512,\"height\":512,\"caption\":\"Dicodusport\"},\"image\":{\"@id\":\"https:\/\/dicodusport.fr\/blog\/#\/schema\/logo\/image\/\"},\"sameAs\":[\"https:\/\/www.facebook.com\/dicodusport\",\"https:\/\/x.com\/dicodusport\",\"https:\/\/www.instagram.com\/dicodusport\/\",\"https:\/\/www.youtube.com\/channel\/UC7V2KZ5sd3htJivAbA4ZG3w\"],\"description\":\"Dicodusport est l'encyclop\u00e9die de l'actualit\u00e9 sportive.\",\"email\":\"bonjour@dicodusport.fr\",\"legalName\":\"DICODUSPORT\",\"foundingDate\":\"2018-01-14\",\"vatID\":\"FR71834470973\",\"taxID\":\"83447097300043\",\"numberOfEmployees\":{\"@type\":\"QuantitativeValue\",\"minValue\":\"1\",\"maxValue\":\"10\"}},{\"@type\":\"Person\",\"@id\":\"https:\/\/dicodusport.fr\/blog\/#\/schema\/person\/99fcf31b3ee0d51fed53ade78139bbbf\",\"name\":\"Nicolas Mezine\",\"image\":{\"@type\":\"ImageObject\",\"inLanguage\":\"fr-FR\",\"@id\":\"https:\/\/dicodusport.fr\/blog\/#\/schema\/person\/image\/\",\"url\":\"https:\/\/dicodusport.fr\/blog\/wp-content\/uploads\/2021\/09\/IMG_4655-e1631787111223-150x150.jpg\",\"contentUrl\":\"https:\/\/dicodusport.fr\/blog\/wp-content\/uploads\/2021\/09\/IMG_4655-e1631787111223-150x150.jpg\",\"caption\":\"Nicolas Mezine\"},\"description\":\"Passionn\u00e9 de sport, notamment de rugby dans toutes ses variantes (XV, XIII et VII). Fan du RC Toulon et de l'Olympique de Marseille.\",\"sameAs\":[\"https:\/\/www.linkedin.com\/in\/nicolas-mezine-521380160\/\",\"https:\/\/x.com\/https:\/\/twitter.com\/Lbiji13\"],\"url\":\"https:\/\/dicodusport.fr\/blog\/author\/nicolas-m\/\"}]}<\/script>\n<!-- \/ Yoast SEO Premium plugin. -->","yoast_head_json":{"title":"Cyclisme - Tim Merlier rejoindra Quick-Step Alpha Vinyl la saison prochaine - Dicodusport","description":"WORLD TOUR - Tim Merlier (29 ans, Alpecin-Fenix) rejoindra la Quick-Steph Alpha Vinyl de Julian Alaphilippe la saison prochaine.","robots":{"index":"index","follow":"follow","max-snippet":"max-snippet:-1","max-image-preview":"max-image-preview:large","max-video-preview":"max-video-preview:-1"},"canonical":"https:\/\/dicodusport.fr\/blog\/tim-merlier-rejoindra-quick-step-alpha-vinyl-la-saison-prochaine\/","og_locale":"fr_FR","og_type":"article","og_title":"Tim Merlier rejoindra Quick-Step Alpha Vinyl la saison prochaine","og_description":"WORLD TOUR - Tim Merlier (29 ans, Alpecin-Fenix) rejoindra la Quick-Steph Alpha Vinyl de Julian Alaphilippe la saison prochaine.","og_url":"https:\/\/dicodusport.fr\/blog\/tim-merlier-rejoindra-quick-step-alpha-vinyl-la-saison-prochaine\/","og_site_name":"Dicodusport","article_publisher":"https:\/\/www.facebook.com\/dicodusport","article_published_time":"2022-05-18T11:47:42+00:00","article_modified_time":"2022-05-18T11:53:14+00:00","og_image":[{"width":800,"height":445,"url":"https:\/\/dicodusport.fr\/blog\/wp-content\/uploads\/2022\/05\/Tim-Merlier-rejoindra-Quick-Step-Alpha-Vinyl-la-saison-prochaine.png","type":"image\/png"}],"author":"Nicolas Mezine","twitter_card":"summary_large_image","twitter_title":"Tim Merlier rejoindra Quick-Step Alpha Vinyl la saison prochaine","twitter_creator":"@https:\/\/twitter.com\/Lbiji13","twitter_site":"@dicodusport","schema":{"@context":"https:\/\/schema.org","@graph":[{"@type":"NewsArticle","@id":"https:\/\/dicodusport.fr\/blog\/tim-merlier-rejoindra-quick-step-alpha-vinyl-la-saison-prochaine\/#article","isPartOf":{"@id":"https:\/\/dicodusport.fr\/blog\/tim-merlier-rejoindra-quick-step-alpha-vinyl-la-saison-prochaine\/"},"author":{"name":"Nicolas Mezine","@id":"https:\/\/dicodusport.fr\/blog\/#\/schema\/person\/99fcf31b3ee0d51fed53ade78139bbbf"},"headline":"Tim Merlier rejoindra Quick-Step Alpha Vinyl la saison prochaine","datePublished":"2022-05-18T11:47:42+00:00","dateModified":"2022-05-18T11:53:14+00:00","mainEntityOfPage":{"@id":"https:\/\/dicodusport.fr\/blog\/tim-merlier-rejoindra-quick-step-alpha-vinyl-la-saison-prochaine\/"},"wordCount":329,"commentCount":0,"publisher":{"@id":"https:\/\/dicodusport.fr\/blog\/#organization"},"image":{"@id":"https:\/\/dicodusport.fr\/blog\/tim-merlier-rejoindra-quick-step-alpha-vinyl-la-saison-prochaine\/#primaryimage"},"thumbnailUrl":"https:\/\/dicodusport.fr\/blog\/wp-content\/uploads\/2022\/05\/Tim-Merlier-rejoindra-Quick-Step-Alpha-Vinyl-la-saison-prochaine.png","keywords":["Alpecin-Deceuninck","Alpecin-Fenix","Quick-Step Alpha Vinyl","Tim Merlier","transferts"],"articleSection":["Cyclisme"],"inLanguage":"fr-FR","potentialAction":[{"@type":"CommentAction","name":"Comment","target":["https:\/\/dicodusport.fr\/blog\/tim-merlier-rejoindra-quick-step-alpha-vinyl-la-saison-prochaine\/#respond"]}],"copyrightYear":"2022","copyrightHolder":{"@id":"https:\/\/dicodusport.fr\/blog\/#organization"}},{"@type":"WebPage","@id":"https:\/\/dicodusport.fr\/blog\/tim-merlier-rejoindra-quick-step-alpha-vinyl-la-saison-prochaine\/","url":"https:\/\/dicodusport.fr\/blog\/tim-merlier-rejoindra-quick-step-alpha-vinyl-la-saison-prochaine\/","name":"Cyclisme - Tim Merlier rejoindra Quick-Step Alpha Vinyl la saison prochaine - Dicodusport","isPartOf":{"@id":"https:\/\/dicodusport.fr\/blog\/#website"},"primaryImageOfPage":{"@id":"https:\/\/dicodusport.fr\/blog\/tim-merlier-rejoindra-quick-step-alpha-vinyl-la-saison-prochaine\/#primaryimage"},"image":{"@id":"https:\/\/dicodusport.fr\/blog\/tim-merlier-rejoindra-quick-step-alpha-vinyl-la-saison-prochaine\/#primaryimage"},"thumbnailUrl":"https:\/\/dicodusport.fr\/blog\/wp-content\/uploads\/2022\/05\/Tim-Merlier-rejoindra-Quick-Step-Alpha-Vinyl-la-saison-prochaine.png","datePublished":"2022-05-18T11:47:42+00:00","dateModified":"2022-05-18T11:53:14+00:00","description":"WORLD TOUR - Tim Merlier (29 ans, Alpecin-Fenix) rejoindra la Quick-Steph Alpha Vinyl de Julian Alaphilippe la saison prochaine.","breadcrumb":{"@id":"https:\/\/dicodusport.fr\/blog\/tim-merlier-rejoindra-quick-step-alpha-vinyl-la-saison-prochaine\/#breadcrumb"},"inLanguage":"fr-FR","potentialAction":[{"@type":"ReadAction","target":["https:\/\/dicodusport.fr\/blog\/tim-merlier-rejoindra-quick-step-alpha-vinyl-la-saison-prochaine\/"]}]},{"@type":"ImageObject","inLanguage":"fr-FR","@id":"https:\/\/dicodusport.fr\/blog\/tim-merlier-rejoindra-quick-step-alpha-vinyl-la-saison-prochaine\/#primaryimage","url":"https:\/\/dicodusport.fr\/blog\/wp-content\/uploads\/2022\/05\/Tim-Merlier-rejoindra-Quick-Step-Alpha-Vinyl-la-saison-prochaine.png","contentUrl":"https:\/\/dicodusport.fr\/blog\/wp-content\/uploads\/2022\/05\/Tim-Merlier-rejoindra-Quick-Step-Alpha-Vinyl-la-saison-prochaine.png","width":800,"height":445},{"@type":"BreadcrumbList","@id":"https:\/\/dicodusport.fr\/blog\/tim-merlier-rejoindra-quick-step-alpha-vinyl-la-saison-prochaine\/#breadcrumb","itemListElement":[{"@type":"ListItem","position":1,"name":"Accueil","item":"https:\/\/dicodusport.fr\/blog\/"},{"@type":"ListItem","position":2,"name":"Tim Merlier rejoindra Quick-Step Alpha Vinyl la saison prochaine"}]},{"@type":"WebSite","@id":"https:\/\/dicodusport.fr\/blog\/#website","url":"https:\/\/dicodusport.fr\/blog\/","name":"Dicodusport","description":"L&#039;encyclop\u00e9die de l&#039;actualit\u00e9 sportive","publisher":{"@id":"https:\/\/dicodusport.fr\/blog\/#organization"},"potentialAction":[{"@type":"SearchAction","target":{"@type":"EntryPoint","urlTemplate":"https:\/\/dicodusport.fr\/blog\/?s={search_term_string}"},"query-input":{"@type":"PropertyValueSpecification","valueRequired":true,"valueName":"search_term_string"}}],"inLanguage":"fr-FR"},{"@type":"NewsMediaOrganization","@id":"https:\/\/dicodusport.fr\/blog\/#organization","name":"Dicodusport","url":"https:\/\/dicodusport.fr\/blog\/","logo":{"@type":"ImageObject","inLanguage":"fr-FR","@id":"https:\/\/dicodusport.fr\/blog\/#\/schema\/logo\/image\/","url":"https:\/\/dicodusport.fr\/blog\/wp-content\/uploads\/2020\/06\/cropped-LOGO-DICODUSPORT-2020-SANS-FOND-SANS-TEXTE.png","contentUrl":"https:\/\/dicodusport.fr\/blog\/wp-content\/uploads\/2020\/06\/cropped-LOGO-DICODUSPORT-2020-SANS-FOND-SANS-TEXTE.png","width":512,"height":512,"caption":"Dicodusport"},"image":{"@id":"https:\/\/dicodusport.fr\/blog\/#\/schema\/logo\/image\/"},"sameAs":["https:\/\/www.facebook.com\/dicodusport","https:\/\/x.com\/dicodusport","https:\/\/www.instagram.com\/dicodusport\/","https:\/\/www.youtube.com\/channel\/UC7V2KZ5sd3htJivAbA4ZG3w"],"description":"Dicodusport est l'encyclop\u00e9die de l'actualit\u00e9 sportive.","email":"bonjour@dicodusport.fr","legalName":"DICODUSPORT","foundingDate":"2018-01-14","vatID":"FR71834470973","taxID":"83447097300043","numberOfEmployees":{"@type":"QuantitativeValue","minValue":"1","maxValue":"10"}},{"@type":"Person","@id":"https:\/\/dicodusport.fr\/blog\/#\/schema\/person\/99fcf31b3ee0d51fed53ade78139bbbf","name":"Nicolas Mezine","image":{"@type":"ImageObject","inLanguage":"fr-FR","@id":"https:\/\/dicodusport.fr\/blog\/#\/schema\/person\/image\/","url":"https:\/\/dicodusport.fr\/blog\/wp-content\/uploads\/2021\/09\/IMG_4655-e1631787111223-150x150.jpg","contentUrl":"https:\/\/dicodusport.fr\/blog\/wp-content\/uploads\/2021\/09\/IMG_4655-e1631787111223-150x150.jpg","caption":"Nicolas Mezine"},"description":"Passionn\u00e9 de sport, notamment de rugby dans toutes ses variantes (XV, XIII et VII). Fan du RC Toulon et de l'Olympique de Marseille.","sameAs":["https:\/\/www.linkedin.com\/in\/nicolas-mezine-521380160\/","https:\/\/x.com\/https:\/\/twitter.com\/Lbiji13"],"url":"https:\/\/dicodusport.fr\/blog\/author\/nicolas-m\/"}]}},"_links":{"self":[{"href":"https:\/\/dicodusport.fr\/blog\/wp-json\/wp\/v2\/posts\/224672","targetHints":{"allow":["GET"]}}],"collection":[{"href":"https:\/\/dicodusport.fr\/blog\/wp-json\/wp\/v2\/posts"}],"about":[{"href":"https:\/\/dicodusport.fr\/blog\/wp-json\/wp\/v2\/types\/post"}],"author":[{"embeddable":true,"href":"https:\/\/dicodusport.fr\/blog\/wp-json\/wp\/v2\/users\/42"}],"replies":[{"embeddable":true,"href":"https:\/\/dicodusport.fr\/blog\/wp-json\/wp\/v2\/comments?post=224672"}],"version-history":[{"count":0,"href":"https:\/\/dicodusport.fr\/blog\/wp-json\/wp\/v2\/posts\/224672\/revisions"}],"wp:featuredmedia":[{"embeddable":true,"href":"https:\/\/dicodusport.fr\/blog\/wp-json\/wp\/v2\/media\/224677"}],"wp:attachment":[{"href":"https:\/\/dicodusport.fr\/blog\/wp-json\/wp\/v2\/media?parent=224672"}],"wp:term":[{"taxonomy":"category","embeddable":true,"href":"https:\/\/dicodusport.fr\/blog\/wp-json\/wp\/v2\/categories?post=224672"},{"taxonomy":"post_tag","embeddable":true,"href":"https:\/\/dicodusport.fr\/blog\/wp-json\/wp\/v2\/tags?post=224672"}],"curies":[{"name":"wp","href":"https:\/\/api.w.org\/{rel}","templated":true}]}}