{"id":224763,"date":"2022-05-18T21:01:05","date_gmt":"2022-05-18T19:01:05","guid":{"rendered":"https:\/\/dicodusport.fr\/blog\/?p=224763&#038;preview=true&#038;preview_id=224763"},"modified":"2022-05-18T21:01:05","modified_gmt":"2022-05-18T19:01:05","slug":"qualifications-roland-garros-les-temps-forts-de-ce-mercredi","status":"publish","type":"post","link":"https:\/\/dicodusport.fr\/blog\/qualifications-roland-garros-les-temps-forts-de-ce-mercredi\/","title":{"rendered":"Qualifications Roland-Garros : Les temps forts de ce mercredi"},"content":{"rendered":"<p style=\"text-align: justify;\"><b><i><a href=\"https:\/\/dicodusport.fr\/blog\/actualites\/tennis\/roland-garros-2022\/\" target=\"_blank\" rel=\"noopener\">ROLAND-GARROS 2022<\/a> &#8211;\u00a0 Deuxi\u00e8me des trois tours de qualification aujourd&rsquo;hui. Si Selena Janicijevic est pass\u00e9e proche de l&rsquo;exploit, Oc\u00e9ane Babel, Sean Cuenin et Geoffrey Blancaneaux ne sont plus\u00a0 qu&rsquo;\u00e0 un match de se qualifier.\u00a0<\/i><\/b><\/p>\n<p style=\"text-align: justify;\">Demi-finaliste de Roland-Garros junior l&rsquo;an dernier, <strong>Sean Cuenin<\/strong> n&rsquo;est plus qu&rsquo;\u00e0 un match du grand tableau chez les seniors. Malgr\u00e9 son jeune \u00e2ge, il a affich\u00e9 une maturit\u00e9 \u00e0 toute \u00e9preuve contre l&rsquo;exp\u00e9riment\u00e9 Indien <strong>Rankumar Ramanathan.<\/strong> Apr\u00e8s un premier set tr\u00e8s tendu, le Fran\u00e7ais s&rsquo;est montr\u00e9 solide lors du tie-break, avant de rapidement breaker dans le second et de s&rsquo;accrocher \u00e0 son avantage jusqu&rsquo;au bout. <a href=\"https:\/\/dicodusport.fr\/blog\/circuit-itf-premier-titre-pour-sean-cuenin-selena-janicijevic-passe-pres\/\">Vainqueur de son premier tournoi ITF voil\u00e0 deux semaines,<\/a> il n&rsquo;est donc plus qu&rsquo;\u00e0 un match de son premier grand tableau ATP, en Grand Chelem qui plus est. Ce sera contre l&rsquo;obscur Italien <strong>Giulio Zepperi<\/strong>, contre lequel <strong>Sean Cuenin<\/strong> aura toutes ses chances.<\/p>\n<blockquote class=\"twitter-tweet\">\n<p dir=\"ltr\" lang=\"fr\">18. A 18 ans 3 mois et 2 jours, Sean <a href=\"https:\/\/twitter.com\/hashtag\/Cuenin?src=hash&amp;ref_src=twsrc%5Etfw\">#Cuenin<\/a> (N\u00b0595) est le plus jeune joueur Fran\u00e7ais \u00e0 se qualifier pour le troisi\u00e8me tour des qualifications d&rsquo;un tournoi du Grand Chelem depuis -au moins- la saison 2007 ! <a href=\"https:\/\/twitter.com\/hashtag\/RG22?src=hash&amp;ref_src=twsrc%5Etfw\">#RG22<\/a> <a href=\"https:\/\/t.co\/Qx5TeftOOi\">pic.twitter.com\/Qx5TeftOOi<\/a><\/p>\n<p>\u2014 Jeu, Set et Maths (@JeuSetMaths) <a href=\"https:\/\/twitter.com\/JeuSetMaths\/status\/1526918086313615365?ref_src=twsrc%5Etfw\">May 18, 2022<\/a><\/p><\/blockquote>\n<p><script async src=\"https:\/\/platform.twitter.com\/widgets.js\" charset=\"utf-8\"><\/script><\/p>\n<h2>Blancaneaux bien plac\u00e9<\/h2>\n<p style=\"text-align: justify;\">Un autre Fran\u00e7ais s&rsquo;est qualifi\u00e9 aujourd&rsquo;hui, en la personne de <strong>Geoffrey Blancaneaux.<\/strong> Le Parisien aurait pu boucler l&rsquo;affaire en deux manches, mais s&rsquo;est finalement impos\u00e9 <strong>6-2, 6-7, 6-4<\/strong> contre le Britannique <strong>Liam Broady,<\/strong> pourtant mieux class\u00e9 d&rsquo;une cinquantaine de places (142 contre 195). Il jouera sa qualification dans le grand tableau (ce qui serait une premi\u00e8re pour lui en cinq tentatives \u00e0 Roland-Garros) contre <strong>Daniel Masur.<\/strong> Le Fran\u00e7ais m\u00e8ne 2-0 contre l&rsquo;Allemand, dont un succ\u00e8s sur terre battue.<\/p>\n<blockquote class=\"twitter-tweet\">\n<p dir=\"ltr\" lang=\"fr\">&#x1f3be; Exceptionnel Geoffrey Blancaneaux ! Le Fran\u00e7ais se qualifie au terme d&rsquo;un \u00e9norme match face \u00e0 Liam Broady &#x1f1ec;&#x1f1e7;<br \/>\nIl l&#8217;emporte 6-1, 6-7, 6-4 apr\u00e8s 2h38 de match. C&rsquo;est la 3\u00e8me qualification fran\u00e7aise du jour, et quelle qualification ! &#x1f1eb;&#x1f1f7; <a href=\"https:\/\/twitter.com\/hashtag\/RolandGarros?src=hash&amp;ref_src=twsrc%5Etfw\">#RolandGarros<\/a> <a href=\"https:\/\/t.co\/2vLsc3S0pR\">pic.twitter.com\/2vLsc3S0pR<\/a><\/p>\n<p>\u2014 francetvsport (@francetvsport) <a href=\"https:\/\/twitter.com\/francetvsport\/status\/1526986891366653952?ref_src=twsrc%5Etfw\">May 18, 2022<\/a><\/p><\/blockquote>\n<p><script async src=\"https:\/\/platform.twitter.com\/widgets.js\" charset=\"utf-8\"><\/script><\/p>\n<p style=\"text-align: justify;\">Les autres Tricolores n&rsquo;ont pas eu autant de r\u00e9ussite. <strong>Alexandre Muller<\/strong> n&rsquo;aura tenu qu&rsquo;un set (<strong>7-6, 6-2<\/strong>) contre <strong>Franco Agamenone. Enzo Couacaud<\/strong> aura \u00e9t\u00e9 trop juste contre <strong>Tim Van Rejthoven<\/strong> (<strong>6-4, 7-5<\/strong>). La sensation <strong>Gabriel Debru<\/strong> aura parfois fait se lever la foule, mais aura fini par c\u00e9der contre <strong>Norbert Gombos<\/strong> (<strong>6-4, 7-6<\/strong>). Quelques t\u00eates d&rsquo;affiche ont \u00e9galement chut\u00e9, comme <strong>Fernando Verdasco, Salvatore Caruso, <\/strong>ou <strong>Radu Albot<\/strong>.<\/p>\n<h2>Quel exploit d&rsquo;Oc\u00e9ane Babel<\/h2>\n<p style=\"text-align: justify;\">Apr\u00e8s un premier set perdu 6-1 contre<strong> Ekaterine Gorgodze<\/strong>, t\u00eate de s\u00e9rie n\u00b08 des qualifications, on ne donnait pas cher des chances d&rsquo;<strong>Oc\u00e9ane Babel<\/strong> dans ce deuxi\u00e8me tour des qualifications. Pourtant, la jeune Tricolore a comme hier montr\u00e9 sa combativit\u00e9 faisant le break en d\u00e9but de chaque manche, puis en repartant au combat quand la G\u00e9orgienne a \u00e9galis\u00e9. Au final, une superbe victoire <strong>1-6, 6-4, 6-4<\/strong> contre une adversaire qui flirte depuis longtemps avec la 100\u00e8me place mondiale, l\u00e0 o\u00f9 la Tricolore n&rsquo;est pas encore dans les 600 meilleures. Elle n&rsquo;a d\u00e9sormais plus qu&rsquo;un match \u00e0 remporter contre <strong>Oksana Selekhmeteva<\/strong>, pour r\u00e9aliser un authentique exploit. En effet, il faut remonter \u00e0 2006 (<strong>Aravane Reza\u00ef<\/strong> et <strong>Virginie Pichet)<\/strong> pour voir des Fran\u00e7aises sortir des qualifications \u00e0 Roland-Garros !<\/p>\n<blockquote class=\"twitter-tweet\">\n<p dir=\"ltr\" lang=\"fr\">&#x1f3be; Quelle performance d&rsquo;Oc\u00e9ane Babel ! La jeune Fran\u00e7aise s&rsquo;offre la 109\u00e8me joueuse mondiale en 3 sets, 1-6, 6-4, 6-4 et file au 3\u00e8me tour des qualifications ! 2\u00e8me tricolore qualifi\u00e9 aujourd&rsquo;hui apr\u00e8s Sean Cuenin ! &#x1f1eb;&#x1f1f7; <a href=\"https:\/\/twitter.com\/hashtag\/RolandGarros?src=hash&amp;ref_src=twsrc%5Etfw\">#RolandGarros<\/a> <a href=\"https:\/\/t.co\/ng2JNTFgxF\">pic.twitter.com\/ng2JNTFgxF<\/a><\/p>\n<p>\u2014 francetvsport (@francetvsport) <a href=\"https:\/\/twitter.com\/francetvsport\/status\/1526967459323990019?ref_src=twsrc%5Etfw\">May 18, 2022<\/a><\/p><\/blockquote>\n<p><script async src=\"https:\/\/platform.twitter.com\/widgets.js\" charset=\"utf-8\"><\/script><\/p>\n<h2>Les regrets de Janicijevic<\/h2>\n<p style=\"text-align: justify;\">Apr\u00e8s plus de trois heures de rude combat, <strong>Selena Janicijevic<\/strong> a fini par rendre les armes contre l&rsquo;exp\u00e9riment\u00e9e<strong> Irina Bara<\/strong>. Une d\u00e9faite am\u00e8re<strong> 5-7, 6-4, 6-3<\/strong>, contre une Roumaine qui aura mieux n\u00e9goci\u00e9 les points importants en fin de match. Pourtant, la Fran\u00e7aise aura \u00e9t\u00e9 au niveau de l&rsquo;\u00e9v\u00e8nement, gratifiant le public de quelques coups droits exceptionnels. L&rsquo;avenir est radieux pour la Tricolore, qui avec ce niveau de jeu, devrait se rapprocher rapidement des 200 premi\u00e8res places mondiales. Troisi\u00e8me Fran\u00e7aise en course aujourd&rsquo;hui, <strong>Jessika Ponchet<\/strong> n&rsquo;aura malheureusement eu aucune chance contre <strong>Jule Niemeier,<\/strong> t\u00eate de s\u00e9rie n\u00b02 des qualifications (<strong>6-4, 6-0<\/strong>).<\/p>\n<blockquote class=\"twitter-tweet\">\n<p dir=\"ltr\" lang=\"fr\">Selena <a href=\"https:\/\/twitter.com\/hashtag\/Janicijevic?src=hash&amp;ref_src=twsrc%5Etfw\">#Janicijevic<\/a> (n\u00b0344) &#x1f1eb;&#x1f1f7; est \u00e9limin\u00e9e au deuxi\u00e8me tour des qualifications de <a href=\"https:\/\/twitter.com\/hashtag\/RolandGarros?src=hash&amp;ref_src=twsrc%5Etfw\">#RolandGarros<\/a> ! Ce mercredi, elle s&rsquo;incline face \u00e0 Irina Maria <a href=\"https:\/\/twitter.com\/hashtag\/Bara?src=hash&amp;ref_src=twsrc%5Etfw\">#Bara<\/a> (n\u00b0114) &#x1f1f7;&#x1f1f4; en trois sets 5-7, 6-4, 6-3. <a href=\"https:\/\/twitter.com\/hashtag\/RG22?src=hash&amp;ref_src=twsrc%5Etfw\">#RG22<\/a><\/p>\n<p>&#x1f4f8; : <a href=\"https:\/\/twitter.com\/FFTennis?ref_src=twsrc%5Etfw\">@FFTennis<\/a> <a href=\"https:\/\/t.co\/GZE5EKKwZi\">pic.twitter.com\/GZE5EKKwZi<\/a><\/p>\n<p>\u2014 Jeu, Set Et Match (@jeu_set_etmatch) <a href=\"https:\/\/twitter.com\/jeu_set_etmatch\/status\/1526957616785764352?ref_src=twsrc%5Etfw\">May 18, 2022<\/a><\/p><\/blockquote>\n<p><script async src=\"https:\/\/platform.twitter.com\/widgets.js\" charset=\"utf-8\"><\/script><\/p>\n","protected":false},"excerpt":{"rendered":"<p>ROLAND-GARROS 2022 &#8211;\u00a0 Oc\u00e9ane Babel, Sean Cuenin et Geoffrey Blancaneaux ne sont plus\u00a0 qu&rsquo;\u00e0 un match de se qualifier.\u00a0<\/p>\n","protected":false},"author":59,"featured_media":224788,"comment_status":"open","ping_status":"closed","sticky":false,"template":"","format":"standard","meta":{"_acf_changed":false,"_daextam_enable_autolinks":"","footnotes":""},"categories":[47090],"tags":[1461,23242],"class_list":["post-224763","post","type-post","status-publish","format-standard","has-post-thumbnail","hentry","category-roland-garros","tag-geoffrey-blancaneaux","tag-sean-cuenin"],"acf":[],"yoast_head":"<!-- This site is optimized with the Yoast SEO Premium plugin v26.7 (Yoast SEO v26.7) - https:\/\/yoast.com\/wordpress\/plugins\/seo\/ -->\n<title>- Qualifications Roland-Garros : Les temps forts de ce mercredi - Dicodusport<\/title>\n<meta name=\"description\" content=\"ROLAND-GARROS 2022 -\u00a0 Oc\u00e9ane Babel, Sean Cuenin et Geoffrey Blancaneaux ne sont plus\u00a0 qu&#039;\u00e0 un match de se qualifier.\u00a0\" \/>\n<meta name=\"robots\" content=\"index, follow, max-snippet:-1, max-image-preview:large, max-video-preview:-1\" \/>\n<link rel=\"canonical\" href=\"https:\/\/dicodusport.fr\/blog\/qualifications-roland-garros-les-temps-forts-de-ce-mercredi\/\" \/>\n<meta property=\"og:locale\" content=\"fr_FR\" \/>\n<meta property=\"og:type\" content=\"article\" \/>\n<meta property=\"og:title\" content=\"Qualifications Roland-Garros : Les temps forts de ce mercredi\" \/>\n<meta property=\"og:description\" content=\"ROLAND-GARROS 2022 -\u00a0 Oc\u00e9ane Babel, Sean Cuenin et Geoffrey Blancaneaux ne sont plus\u00a0 qu&#039;\u00e0 un match de se qualifier.\u00a0\" \/>\n<meta property=\"og:url\" content=\"https:\/\/dicodusport.fr\/blog\/qualifications-roland-garros-les-temps-forts-de-ce-mercredi\/\" \/>\n<meta property=\"og:site_name\" content=\"Dicodusport\" \/>\n<meta property=\"article:publisher\" content=\"https:\/\/www.facebook.com\/dicodusport\" \/>\n<meta property=\"article:author\" content=\"https:\/\/www.facebook.com\/sebastien.gente\/\" \/>\n<meta property=\"article:published_time\" content=\"2022-05-18T19:01:05+00:00\" \/>\n<meta property=\"og:image\" content=\"https:\/\/dicodusport.fr\/blog\/wp-content\/uploads\/2022\/05\/Qualifications-Roland-Garros-Les-temps-forts-de-ce-mercredi.png\" \/>\n\t<meta property=\"og:image:width\" content=\"800\" \/>\n\t<meta property=\"og:image:height\" content=\"445\" \/>\n\t<meta property=\"og:image:type\" content=\"image\/png\" \/>\n<meta name=\"author\" content=\"S\u00e9bastien Gente\" \/>\n<meta name=\"twitter:card\" content=\"summary_large_image\" \/>\n<meta name=\"twitter:title\" content=\"Qualifications Roland-Garros : Les temps forts de ce mercredi\" \/>\n<meta name=\"twitter:creator\" content=\"@https:\/\/twitter.com\/globulo24\" \/>\n<meta name=\"twitter:site\" content=\"@dicodusport\" \/>\n<script type=\"application\/ld+json\" class=\"yoast-schema-graph\">{\"@context\":\"https:\/\/schema.org\",\"@graph\":[{\"@type\":\"NewsArticle\",\"@id\":\"https:\/\/dicodusport.fr\/blog\/qualifications-roland-garros-les-temps-forts-de-ce-mercredi\/#article\",\"isPartOf\":{\"@id\":\"https:\/\/dicodusport.fr\/blog\/qualifications-roland-garros-les-temps-forts-de-ce-mercredi\/\"},\"author\":{\"name\":\"S\u00e9bastien Gente\",\"@id\":\"https:\/\/dicodusport.fr\/blog\/#\/schema\/person\/627966a6cde45dbd8c5e36ac85d783da\"},\"headline\":\"Qualifications Roland-Garros : Les temps forts de ce mercredi\",\"datePublished\":\"2022-05-18T19:01:05+00:00\",\"mainEntityOfPage\":{\"@id\":\"https:\/\/dicodusport.fr\/blog\/qualifications-roland-garros-les-temps-forts-de-ce-mercredi\/\"},\"wordCount\":817,\"commentCount\":0,\"publisher\":{\"@id\":\"https:\/\/dicodusport.fr\/blog\/#organization\"},\"image\":{\"@id\":\"https:\/\/dicodusport.fr\/blog\/qualifications-roland-garros-les-temps-forts-de-ce-mercredi\/#primaryimage\"},\"thumbnailUrl\":\"https:\/\/dicodusport.fr\/blog\/wp-content\/uploads\/2022\/05\/Qualifications-Roland-Garros-Les-temps-forts-de-ce-mercredi.png\",\"keywords\":[\"Geoffrey Blancaneaux\",\"Sean Cuenin\"],\"articleSection\":[\"Roland-Garros\"],\"inLanguage\":\"fr-FR\",\"potentialAction\":[{\"@type\":\"CommentAction\",\"name\":\"Comment\",\"target\":[\"https:\/\/dicodusport.fr\/blog\/qualifications-roland-garros-les-temps-forts-de-ce-mercredi\/#respond\"]}],\"copyrightYear\":\"2022\",\"copyrightHolder\":{\"@id\":\"https:\/\/dicodusport.fr\/blog\/#organization\"}},{\"@type\":\"WebPage\",\"@id\":\"https:\/\/dicodusport.fr\/blog\/qualifications-roland-garros-les-temps-forts-de-ce-mercredi\/\",\"url\":\"https:\/\/dicodusport.fr\/blog\/qualifications-roland-garros-les-temps-forts-de-ce-mercredi\/\",\"name\":\"- Qualifications Roland-Garros : Les temps forts de ce mercredi - Dicodusport\",\"isPartOf\":{\"@id\":\"https:\/\/dicodusport.fr\/blog\/#website\"},\"primaryImageOfPage\":{\"@id\":\"https:\/\/dicodusport.fr\/blog\/qualifications-roland-garros-les-temps-forts-de-ce-mercredi\/#primaryimage\"},\"image\":{\"@id\":\"https:\/\/dicodusport.fr\/blog\/qualifications-roland-garros-les-temps-forts-de-ce-mercredi\/#primaryimage\"},\"thumbnailUrl\":\"https:\/\/dicodusport.fr\/blog\/wp-content\/uploads\/2022\/05\/Qualifications-Roland-Garros-Les-temps-forts-de-ce-mercredi.png\",\"datePublished\":\"2022-05-18T19:01:05+00:00\",\"description\":\"ROLAND-GARROS 2022 -\u00a0 Oc\u00e9ane Babel, Sean Cuenin et Geoffrey Blancaneaux ne sont plus\u00a0 qu'\u00e0 un match de se qualifier.\u00a0\",\"breadcrumb\":{\"@id\":\"https:\/\/dicodusport.fr\/blog\/qualifications-roland-garros-les-temps-forts-de-ce-mercredi\/#breadcrumb\"},\"inLanguage\":\"fr-FR\",\"potentialAction\":[{\"@type\":\"ReadAction\",\"target\":[\"https:\/\/dicodusport.fr\/blog\/qualifications-roland-garros-les-temps-forts-de-ce-mercredi\/\"]}]},{\"@type\":\"ImageObject\",\"inLanguage\":\"fr-FR\",\"@id\":\"https:\/\/dicodusport.fr\/blog\/qualifications-roland-garros-les-temps-forts-de-ce-mercredi\/#primaryimage\",\"url\":\"https:\/\/dicodusport.fr\/blog\/wp-content\/uploads\/2022\/05\/Qualifications-Roland-Garros-Les-temps-forts-de-ce-mercredi.png\",\"contentUrl\":\"https:\/\/dicodusport.fr\/blog\/wp-content\/uploads\/2022\/05\/Qualifications-Roland-Garros-Les-temps-forts-de-ce-mercredi.png\",\"width\":800,\"height\":445,\"caption\":\"Qualifications Roland-Garros Les temps forts de ce mercredi\"},{\"@type\":\"BreadcrumbList\",\"@id\":\"https:\/\/dicodusport.fr\/blog\/qualifications-roland-garros-les-temps-forts-de-ce-mercredi\/#breadcrumb\",\"itemListElement\":[{\"@type\":\"ListItem\",\"position\":1,\"name\":\"Accueil\",\"item\":\"https:\/\/dicodusport.fr\/blog\/\"},{\"@type\":\"ListItem\",\"position\":2,\"name\":\"Qualifications Roland-Garros : Les temps forts de ce mercredi\"}]},{\"@type\":\"WebSite\",\"@id\":\"https:\/\/dicodusport.fr\/blog\/#website\",\"url\":\"https:\/\/dicodusport.fr\/blog\/\",\"name\":\"Dicodusport\",\"description\":\"L&#039;encyclop\u00e9die de l&#039;actualit\u00e9 sportive\",\"publisher\":{\"@id\":\"https:\/\/dicodusport.fr\/blog\/#organization\"},\"potentialAction\":[{\"@type\":\"SearchAction\",\"target\":{\"@type\":\"EntryPoint\",\"urlTemplate\":\"https:\/\/dicodusport.fr\/blog\/?s={search_term_string}\"},\"query-input\":{\"@type\":\"PropertyValueSpecification\",\"valueRequired\":true,\"valueName\":\"search_term_string\"}}],\"inLanguage\":\"fr-FR\"},{\"@type\":\"NewsMediaOrganization\",\"@id\":\"https:\/\/dicodusport.fr\/blog\/#organization\",\"name\":\"Dicodusport\",\"url\":\"https:\/\/dicodusport.fr\/blog\/\",\"logo\":{\"@type\":\"ImageObject\",\"inLanguage\":\"fr-FR\",\"@id\":\"https:\/\/dicodusport.fr\/blog\/#\/schema\/logo\/image\/\",\"url\":\"https:\/\/dicodusport.fr\/blog\/wp-content\/uploads\/2020\/06\/cropped-LOGO-DICODUSPORT-2020-SANS-FOND-SANS-TEXTE.png\",\"contentUrl\":\"https:\/\/dicodusport.fr\/blog\/wp-content\/uploads\/2020\/06\/cropped-LOGO-DICODUSPORT-2020-SANS-FOND-SANS-TEXTE.png\",\"width\":512,\"height\":512,\"caption\":\"Dicodusport\"},\"image\":{\"@id\":\"https:\/\/dicodusport.fr\/blog\/#\/schema\/logo\/image\/\"},\"sameAs\":[\"https:\/\/www.facebook.com\/dicodusport\",\"https:\/\/x.com\/dicodusport\",\"https:\/\/www.instagram.com\/dicodusport\/\",\"https:\/\/www.youtube.com\/channel\/UC7V2KZ5sd3htJivAbA4ZG3w\"],\"description\":\"Dicodusport est l'encyclop\u00e9die de l'actualit\u00e9 sportive.\",\"email\":\"bonjour@dicodusport.fr\",\"legalName\":\"DICODUSPORT\",\"foundingDate\":\"2018-01-14\",\"vatID\":\"FR71834470973\",\"taxID\":\"83447097300043\",\"numberOfEmployees\":{\"@type\":\"QuantitativeValue\",\"minValue\":\"1\",\"maxValue\":\"10\"}},{\"@type\":\"Person\",\"@id\":\"https:\/\/dicodusport.fr\/blog\/#\/schema\/person\/627966a6cde45dbd8c5e36ac85d783da\",\"name\":\"S\u00e9bastien Gente\",\"image\":{\"@type\":\"ImageObject\",\"inLanguage\":\"fr-FR\",\"@id\":\"https:\/\/dicodusport.fr\/blog\/#\/schema\/person\/image\/\",\"url\":\"https:\/\/dicodusport.fr\/blog\/wp-content\/uploads\/2021\/09\/1510990_10205810251400683_4124423575079401707_n-150x150.jpg\",\"contentUrl\":\"https:\/\/dicodusport.fr\/blog\/wp-content\/uploads\/2021\/09\/1510990_10205810251400683_4124423575079401707_n-150x150.jpg\",\"caption\":\"S\u00e9bastien Gente\"},\"description\":\"John Stockton, Gianni Bugno, Zinedine Zidane, Steffi Graf, Frode Andresen, St\u00e9phane Stoecklin, Davis Kamoga, Primoz Peterka, Werner Schlager et Aur\u00e9lien Rougerie. Point commun entre ces sportifs? Ils m'ont fait r\u00eaver et ont berc\u00e9 mon adolescence. Je suis un fondu de sports et j'essaie de retranscrire ma passion \u00e0 travers mes articles. Originaire du P\u00e9rigord, ma passion pour les Girondins, les Jaunards et les Jazzmen transpire dans mes \u00e9crits. \u00c0 Dicodusport depuis 2021, je d\u00e9niche les sports m\u00e9connus dans lesquels la France brille, et il y en a !\",\"sameAs\":[\"https:\/\/www.facebook.com\/sebastien.gente\/\",\"https:\/\/www.instagram.com\/sebgente\/\",\"https:\/\/www.linkedin.com\/in\/sbastien-gente-a29583169\/\",\"https:\/\/x.com\/https:\/\/twitter.com\/globulo24\",\"SebastienGente\"],\"worksFor\":\"S\u00e9bastien GENTE\",\"url\":\"https:\/\/dicodusport.fr\/blog\/author\/sebastiengente\/\"}]}<\/script>\n<!-- \/ Yoast SEO Premium plugin. -->","yoast_head_json":{"title":"- Qualifications Roland-Garros : Les temps forts de ce mercredi - Dicodusport","description":"ROLAND-GARROS 2022 -\u00a0 Oc\u00e9ane Babel, Sean Cuenin et Geoffrey Blancaneaux ne sont plus\u00a0 qu'\u00e0 un match de se qualifier.\u00a0","robots":{"index":"index","follow":"follow","max-snippet":"max-snippet:-1","max-image-preview":"max-image-preview:large","max-video-preview":"max-video-preview:-1"},"canonical":"https:\/\/dicodusport.fr\/blog\/qualifications-roland-garros-les-temps-forts-de-ce-mercredi\/","og_locale":"fr_FR","og_type":"article","og_title":"Qualifications Roland-Garros : Les temps forts de ce mercredi","og_description":"ROLAND-GARROS 2022 -\u00a0 Oc\u00e9ane Babel, Sean Cuenin et Geoffrey Blancaneaux ne sont plus\u00a0 qu'\u00e0 un match de se qualifier.\u00a0","og_url":"https:\/\/dicodusport.fr\/blog\/qualifications-roland-garros-les-temps-forts-de-ce-mercredi\/","og_site_name":"Dicodusport","article_publisher":"https:\/\/www.facebook.com\/dicodusport","article_author":"https:\/\/www.facebook.com\/sebastien.gente\/","article_published_time":"2022-05-18T19:01:05+00:00","og_image":[{"width":800,"height":445,"url":"https:\/\/dicodusport.fr\/blog\/wp-content\/uploads\/2022\/05\/Qualifications-Roland-Garros-Les-temps-forts-de-ce-mercredi.png","type":"image\/png"}],"author":"S\u00e9bastien Gente","twitter_card":"summary_large_image","twitter_title":"Qualifications Roland-Garros : Les temps forts de ce mercredi","twitter_creator":"@https:\/\/twitter.com\/globulo24","twitter_site":"@dicodusport","schema":{"@context":"https:\/\/schema.org","@graph":[{"@type":"NewsArticle","@id":"https:\/\/dicodusport.fr\/blog\/qualifications-roland-garros-les-temps-forts-de-ce-mercredi\/#article","isPartOf":{"@id":"https:\/\/dicodusport.fr\/blog\/qualifications-roland-garros-les-temps-forts-de-ce-mercredi\/"},"author":{"name":"S\u00e9bastien Gente","@id":"https:\/\/dicodusport.fr\/blog\/#\/schema\/person\/627966a6cde45dbd8c5e36ac85d783da"},"headline":"Qualifications Roland-Garros : Les temps forts de ce mercredi","datePublished":"2022-05-18T19:01:05+00:00","mainEntityOfPage":{"@id":"https:\/\/dicodusport.fr\/blog\/qualifications-roland-garros-les-temps-forts-de-ce-mercredi\/"},"wordCount":817,"commentCount":0,"publisher":{"@id":"https:\/\/dicodusport.fr\/blog\/#organization"},"image":{"@id":"https:\/\/dicodusport.fr\/blog\/qualifications-roland-garros-les-temps-forts-de-ce-mercredi\/#primaryimage"},"thumbnailUrl":"https:\/\/dicodusport.fr\/blog\/wp-content\/uploads\/2022\/05\/Qualifications-Roland-Garros-Les-temps-forts-de-ce-mercredi.png","keywords":["Geoffrey Blancaneaux","Sean Cuenin"],"articleSection":["Roland-Garros"],"inLanguage":"fr-FR","potentialAction":[{"@type":"CommentAction","name":"Comment","target":["https:\/\/dicodusport.fr\/blog\/qualifications-roland-garros-les-temps-forts-de-ce-mercredi\/#respond"]}],"copyrightYear":"2022","copyrightHolder":{"@id":"https:\/\/dicodusport.fr\/blog\/#organization"}},{"@type":"WebPage","@id":"https:\/\/dicodusport.fr\/blog\/qualifications-roland-garros-les-temps-forts-de-ce-mercredi\/","url":"https:\/\/dicodusport.fr\/blog\/qualifications-roland-garros-les-temps-forts-de-ce-mercredi\/","name":"- Qualifications Roland-Garros : Les temps forts de ce mercredi - Dicodusport","isPartOf":{"@id":"https:\/\/dicodusport.fr\/blog\/#website"},"primaryImageOfPage":{"@id":"https:\/\/dicodusport.fr\/blog\/qualifications-roland-garros-les-temps-forts-de-ce-mercredi\/#primaryimage"},"image":{"@id":"https:\/\/dicodusport.fr\/blog\/qualifications-roland-garros-les-temps-forts-de-ce-mercredi\/#primaryimage"},"thumbnailUrl":"https:\/\/dicodusport.fr\/blog\/wp-content\/uploads\/2022\/05\/Qualifications-Roland-Garros-Les-temps-forts-de-ce-mercredi.png","datePublished":"2022-05-18T19:01:05+00:00","description":"ROLAND-GARROS 2022 -\u00a0 Oc\u00e9ane Babel, Sean Cuenin et Geoffrey Blancaneaux ne sont plus\u00a0 qu'\u00e0 un match de se qualifier.\u00a0","breadcrumb":{"@id":"https:\/\/dicodusport.fr\/blog\/qualifications-roland-garros-les-temps-forts-de-ce-mercredi\/#breadcrumb"},"inLanguage":"fr-FR","potentialAction":[{"@type":"ReadAction","target":["https:\/\/dicodusport.fr\/blog\/qualifications-roland-garros-les-temps-forts-de-ce-mercredi\/"]}]},{"@type":"ImageObject","inLanguage":"fr-FR","@id":"https:\/\/dicodusport.fr\/blog\/qualifications-roland-garros-les-temps-forts-de-ce-mercredi\/#primaryimage","url":"https:\/\/dicodusport.fr\/blog\/wp-content\/uploads\/2022\/05\/Qualifications-Roland-Garros-Les-temps-forts-de-ce-mercredi.png","contentUrl":"https:\/\/dicodusport.fr\/blog\/wp-content\/uploads\/2022\/05\/Qualifications-Roland-Garros-Les-temps-forts-de-ce-mercredi.png","width":800,"height":445,"caption":"Qualifications Roland-Garros Les temps forts de ce mercredi"},{"@type":"BreadcrumbList","@id":"https:\/\/dicodusport.fr\/blog\/qualifications-roland-garros-les-temps-forts-de-ce-mercredi\/#breadcrumb","itemListElement":[{"@type":"ListItem","position":1,"name":"Accueil","item":"https:\/\/dicodusport.fr\/blog\/"},{"@type":"ListItem","position":2,"name":"Qualifications Roland-Garros : Les temps forts de ce mercredi"}]},{"@type":"WebSite","@id":"https:\/\/dicodusport.fr\/blog\/#website","url":"https:\/\/dicodusport.fr\/blog\/","name":"Dicodusport","description":"L&#039;encyclop\u00e9die de l&#039;actualit\u00e9 sportive","publisher":{"@id":"https:\/\/dicodusport.fr\/blog\/#organization"},"potentialAction":[{"@type":"SearchAction","target":{"@type":"EntryPoint","urlTemplate":"https:\/\/dicodusport.fr\/blog\/?s={search_term_string}"},"query-input":{"@type":"PropertyValueSpecification","valueRequired":true,"valueName":"search_term_string"}}],"inLanguage":"fr-FR"},{"@type":"NewsMediaOrganization","@id":"https:\/\/dicodusport.fr\/blog\/#organization","name":"Dicodusport","url":"https:\/\/dicodusport.fr\/blog\/","logo":{"@type":"ImageObject","inLanguage":"fr-FR","@id":"https:\/\/dicodusport.fr\/blog\/#\/schema\/logo\/image\/","url":"https:\/\/dicodusport.fr\/blog\/wp-content\/uploads\/2020\/06\/cropped-LOGO-DICODUSPORT-2020-SANS-FOND-SANS-TEXTE.png","contentUrl":"https:\/\/dicodusport.fr\/blog\/wp-content\/uploads\/2020\/06\/cropped-LOGO-DICODUSPORT-2020-SANS-FOND-SANS-TEXTE.png","width":512,"height":512,"caption":"Dicodusport"},"image":{"@id":"https:\/\/dicodusport.fr\/blog\/#\/schema\/logo\/image\/"},"sameAs":["https:\/\/www.facebook.com\/dicodusport","https:\/\/x.com\/dicodusport","https:\/\/www.instagram.com\/dicodusport\/","https:\/\/www.youtube.com\/channel\/UC7V2KZ5sd3htJivAbA4ZG3w"],"description":"Dicodusport est l'encyclop\u00e9die de l'actualit\u00e9 sportive.","email":"bonjour@dicodusport.fr","legalName":"DICODUSPORT","foundingDate":"2018-01-14","vatID":"FR71834470973","taxID":"83447097300043","numberOfEmployees":{"@type":"QuantitativeValue","minValue":"1","maxValue":"10"}},{"@type":"Person","@id":"https:\/\/dicodusport.fr\/blog\/#\/schema\/person\/627966a6cde45dbd8c5e36ac85d783da","name":"S\u00e9bastien Gente","image":{"@type":"ImageObject","inLanguage":"fr-FR","@id":"https:\/\/dicodusport.fr\/blog\/#\/schema\/person\/image\/","url":"https:\/\/dicodusport.fr\/blog\/wp-content\/uploads\/2021\/09\/1510990_10205810251400683_4124423575079401707_n-150x150.jpg","contentUrl":"https:\/\/dicodusport.fr\/blog\/wp-content\/uploads\/2021\/09\/1510990_10205810251400683_4124423575079401707_n-150x150.jpg","caption":"S\u00e9bastien Gente"},"description":"John Stockton, Gianni Bugno, Zinedine Zidane, Steffi Graf, Frode Andresen, St\u00e9phane Stoecklin, Davis Kamoga, Primoz Peterka, Werner Schlager et Aur\u00e9lien Rougerie. Point commun entre ces sportifs? Ils m'ont fait r\u00eaver et ont berc\u00e9 mon adolescence. Je suis un fondu de sports et j'essaie de retranscrire ma passion \u00e0 travers mes articles. Originaire du P\u00e9rigord, ma passion pour les Girondins, les Jaunards et les Jazzmen transpire dans mes \u00e9crits. \u00c0 Dicodusport depuis 2021, je d\u00e9niche les sports m\u00e9connus dans lesquels la France brille, et il y en a !","sameAs":["https:\/\/www.facebook.com\/sebastien.gente\/","https:\/\/www.instagram.com\/sebgente\/","https:\/\/www.linkedin.com\/in\/sbastien-gente-a29583169\/","https:\/\/x.com\/https:\/\/twitter.com\/globulo24","SebastienGente"],"worksFor":"S\u00e9bastien GENTE","url":"https:\/\/dicodusport.fr\/blog\/author\/sebastiengente\/"}]}},"_links":{"self":[{"href":"https:\/\/dicodusport.fr\/blog\/wp-json\/wp\/v2\/posts\/224763","targetHints":{"allow":["GET"]}}],"collection":[{"href":"https:\/\/dicodusport.fr\/blog\/wp-json\/wp\/v2\/posts"}],"about":[{"href":"https:\/\/dicodusport.fr\/blog\/wp-json\/wp\/v2\/types\/post"}],"author":[{"embeddable":true,"href":"https:\/\/dicodusport.fr\/blog\/wp-json\/wp\/v2\/users\/59"}],"replies":[{"embeddable":true,"href":"https:\/\/dicodusport.fr\/blog\/wp-json\/wp\/v2\/comments?post=224763"}],"version-history":[{"count":0,"href":"https:\/\/dicodusport.fr\/blog\/wp-json\/wp\/v2\/posts\/224763\/revisions"}],"wp:featuredmedia":[{"embeddable":true,"href":"https:\/\/dicodusport.fr\/blog\/wp-json\/wp\/v2\/media\/224788"}],"wp:attachment":[{"href":"https:\/\/dicodusport.fr\/blog\/wp-json\/wp\/v2\/media?parent=224763"}],"wp:term":[{"taxonomy":"category","embeddable":true,"href":"https:\/\/dicodusport.fr\/blog\/wp-json\/wp\/v2\/categories?post=224763"},{"taxonomy":"post_tag","embeddable":true,"href":"https:\/\/dicodusport.fr\/blog\/wp-json\/wp\/v2\/tags?post=224763"}],"curies":[{"name":"wp","href":"https:\/\/api.w.org\/{rel}","templated":true}]}}