{"id":224841,"date":"2022-05-22T14:20:26","date_gmt":"2022-05-22T12:20:26","guid":{"rendered":"https:\/\/dicodusport.fr\/blog\/?p=224841&#038;preview=true&#038;preview_id=224841"},"modified":"2023-01-19T11:28:55","modified_gmt":"2023-01-19T10:28:55","slug":"rallye-wrc-portugal-2022-programme-des-speciales-et-resultats","status":"publish","type":"post","link":"https:\/\/dicodusport.fr\/blog\/rallye-wrc-portugal-2022-programme-des-speciales-et-resultats\/","title":{"rendered":"Rallye WRC Portugal 2022 &#8211; Les r\u00e9sultats complets"},"content":{"rendered":"<p style=\"text-align: justify;\"><strong><em><a href=\"https:\/\/dicodusport.fr\/blog\/actualites\/sports-mecaniques\/rallye\/wrc-2022\/\">WRC 2022<\/a> &#8211; Retrouvez le programme complet des sp\u00e9ciales et les r\u00e9sultats du Rallye du Portugal, qui se d\u00e9roule du jeudi 19 au dimanche 22 mai 2022.<\/em><\/strong><\/p>\n<p style=\"text-align: justify;\">Apr\u00e8s une \u00e9dition 2020 annul\u00e9e, le <strong>Rallye WRC du Portugal<\/strong> a fait son retour en 2021, avec le succ\u00e8s d&rsquo;<strong>Elfyn Evans<\/strong> (Toyota). En cette ann\u00e9e 2022, le rallye portugais devrait offrir un sacr\u00e9 spectacle. Si <strong>Kalle Rovanper\u00e4<\/strong> (Toyota) tentera d&rsquo;accro\u00eetre son avance au classement du championnat du monde des pilotes, <strong>S\u00e9bastien Loeb<\/strong> (Ford) et<strong> S\u00e9bastien Ogier<\/strong> (Toyota) qui ont fait le show sur le Rallye de Monte-Carlo, seront les stars de ce week-end en terres portugaises. Loeb, vainqueur sur le Monte-Carlo, tentera de doubler la mise, alors qu&rsquo;Ogier voudra certainement prendre sa revanche.<\/p>\n<p style=\"text-align: justify;\"><strong>Les sp\u00e9ciales sont retransmises en direct sur Canal+ Sport et Canal+ D\u00e9cal\u00e9.<\/strong><\/p>\n<h2 style=\"text-align: justify;\"><strong>Rallye WRC Portugal : Le programme complet <\/strong><\/h2>\n<table style=\"width: 100%; border-collapse: collapse;\">\n<tbody>\n<tr>\n<td style=\"background-color: #fc4c02; width: 100%; text-align: center; vertical-align: middle;\" colspan=\"4\"><span style=\"color: #ffffff;\"><strong>JEUDI 19 MAI 2022<\/strong><\/span><span style=\"color: #ffffff;\"><strong><br \/>\n<\/strong><\/span><\/td>\n<\/tr>\n<tr>\n<td style=\"text-align: center; vertical-align: middle; width: 80px; background-color: #000000;\"><span style=\"color: #ffffff; font-size: 0.9em;\"><strong>Horaire<\/strong><\/span><\/td>\n<td style=\"text-align: center; vertical-align: middle; width: 120px; background-color: #000000;\"><span style=\"color: #ffffff;\"><span style=\"font-size: 0.9em;\"><b>Sp\u00e9ciale<\/b><\/span><\/span><\/td>\n<td style=\"text-align: center; vertical-align: middle; width: 300px; background-color: #000000;\"><span style=\"color: #ffffff; font-size: 0.9em;\"><strong>Vainqueurs<\/strong><\/span><\/td>\n<td style=\"text-align: center; vertical-align: middle; width: 300px; background-color: #000000;\"><span style=\"color: #ffffff; font-size: 0.9em;\"><strong>Leaders<\/strong><\/span><\/td>\n<\/tr>\n<tr>\n<td style=\"text-align: center; vertical-align: middle; width: 80px;\"><strong>10h01<\/strong><\/td>\n<td style=\"text-align: center; vertical-align: middle; width: 120px;\"><strong>Shakedown<br \/>\n<a href=\"https:\/\/fr.motorsport.com\/wrc\/results\/2022\/rallye-du-portugal-540306\/?st=SHD\"><span style=\"font-size: 0.9em;\"><em><span style=\"font-size: 0.8em;\">Classement<\/span><\/em><\/span><\/a><br \/>\n<\/strong><\/td>\n<td style=\"text-align: center; vertical-align: middle; width: 300px;\"><span style=\"font-size: 0.9em;\"><strong>\ud83c\uddec\ud83c\udde7 Elfyn EVANS \/ \ud83c\uddec\ud83c\udde7 Scott MARTIN<\/strong><br \/>\n<span style=\"font-size: 0.8em;\">TOYOTA<\/span><\/span><\/td>\n<td style=\"text-align: center; vertical-align: middle; width: 300px;\"><span style=\"font-size: 0.9em;\"><strong>\ud83c\uddec\ud83c\udde7 Elfyn EVANS \/ \ud83c\uddec\ud83c\udde7 Scott MARTIN<\/strong><br \/>\n<span style=\"font-size: 0.8em;\">TOYOTA<\/span><\/span><\/td>\n<\/tr>\n<tr>\n<td style=\"text-align: center; vertical-align: middle; width: 80px;\"><strong>20h03<\/strong><\/td>\n<td style=\"text-align: center; vertical-align: middle; width: 120px;\"><strong>ES1<br \/>\n<a href=\"https:\/\/fr.motorsport.com\/wrc\/results\/2022\/rallye-du-portugal-540306\/?st=SS+1\"><span style=\"font-size: 0.9em;\"><em><span style=\"font-size: 0.8em;\">Classement<\/span><\/em><\/span><\/a><br \/>\n<\/strong><\/td>\n<td style=\"text-align: center; vertical-align: middle; width: 300px;\"><span style=\"font-size: 0.9em;\"><strong> \ud83c\udde7\ud83c\uddea Thierry NEUVILLE \/ \ud83c\udde7\ud83c\uddea Martijn WYDAEGHE<br \/>\n<\/strong><span style=\"font-size: 0.8em;\">HYUNDAI<\/span><\/span><\/td>\n<td style=\"text-align: center; vertical-align: middle; width: 300px;\"><span style=\"font-size: 0.9em;\"><strong>\ud83c\udde7\ud83c\uddea Thierry NEUVILLE \/ \ud83c\udde7\ud83c\uddea Martijn WYDAEGHE<br \/>\n<span style=\"font-size: 0.8em;\">HYUNDAI<\/span> <\/strong><\/span><\/td>\n<\/tr>\n<tr>\n<td style=\"background-color: #fc4c02; width: 100%; text-align: center; vertical-align: middle;\" colspan=\"4\"><span style=\"color: #ffffff;\"><strong>VENDREDI 20 MAI 2022<\/strong><\/span><\/td>\n<\/tr>\n<tr>\n<td style=\"text-align: center; vertical-align: middle; width: 80px; background-color: #000000;\"><span style=\"color: #ffffff; font-size: 0.9em;\"><strong>Horaire<\/strong><\/span><\/td>\n<td style=\"text-align: center; vertical-align: middle; width: 120px; background-color: #000000;\"><span style=\"color: #ffffff;\"><span style=\"font-size: 0.9em;\"><b>Sp\u00e9ciale<\/b><\/span><\/span><\/td>\n<td style=\"text-align: center; vertical-align: middle; width: 300px; background-color: #000000;\"><span style=\"color: #ffffff; font-size: 0.9em;\"><strong>Vainqueurs<\/strong><\/span><\/td>\n<td style=\"text-align: center; vertical-align: middle; width: 300px; background-color: #000000;\"><span style=\"color: #ffffff; font-size: 0.9em;\"><strong>Leaders<\/strong><\/span><\/td>\n<\/tr>\n<tr>\n<td style=\"text-align: center; vertical-align: middle; width: 80px;\"><strong>9h08<\/strong><\/td>\n<td style=\"text-align: center; vertical-align: middle; width: 120px;\"><strong>ES2<br \/>\n<a href=\"https:\/\/fr.motorsport.com\/wrc\/results\/2022\/rallye-du-portugal-540306\/?st=SS+2\"><span style=\"font-size: 0.9em;\"><em><span style=\"font-size: 0.8em;\">Classement<\/span><\/em><\/span><\/a><br \/>\n<\/strong><\/td>\n<td style=\"text-align: center; vertical-align: middle; width: 300px;\"><span style=\"font-size: 0.9em;\"><strong>\ud83c\uddec\ud83c\udde7 Elfyn EVANS \/ \ud83c\uddec\ud83c\udde7 Scott MARTIN<\/strong><br \/>\n<span style=\"font-size: 0.8em;\">TOYOTA<\/span><\/span><\/td>\n<td style=\"text-align: center; vertical-align: middle; width: 300px;\"><span style=\"font-size: 0.9em;\"><strong>\ud83c\uddec\ud83c\udde7 Elfyn EVANS \/ \ud83c\uddec\ud83c\udde7 Scott MARTIN<\/strong><br \/>\n<span style=\"font-size: 0.8em;\">TOYOTA<\/span><\/span><\/td>\n<\/tr>\n<tr>\n<td style=\"text-align: center; vertical-align: middle; width: 80px;\"><strong>10h08<\/strong><\/td>\n<td style=\"text-align: center; vertical-align: middle; width: 120px;\"><strong>ES3<br \/>\n<a href=\"https:\/\/fr.motorsport.com\/wrc\/results\/2022\/rallye-du-portugal-540306\/?st=SS+4\"><span style=\"font-size: 0.9em;\"><em><span style=\"font-size: 0.8em;\">Classement<\/span><\/em><\/span><\/a><br \/>\n<\/strong><\/td>\n<td style=\"text-align: center; vertical-align: middle; width: 300px;\"><span style=\"font-size: 0.9em;\"><strong>\ud83c\uddec\ud83c\udde7 Elfyn EVANS \/ \ud83c\uddec\ud83c\udde7 Scott MARTIN<\/strong><br \/>\n<span style=\"font-size: 0.8em;\">TOYOTA<\/span><\/span><\/td>\n<td style=\"text-align: center; vertical-align: middle; width: 300px;\"><span style=\"font-size: 0.9em;\"><strong>\ud83c\uddec\ud83c\udde7 Elfyn EVANS \/ \ud83c\uddec\ud83c\udde7 Scott MARTIN<\/strong><br \/>\n<span style=\"font-size: 0.8em;\">TOYOTA<\/span><\/span><\/td>\n<\/tr>\n<tr>\n<td style=\"text-align: center; vertical-align: middle; width: 80px;\"><strong>11h08<\/strong><\/td>\n<td style=\"text-align: center; vertical-align: middle; width: 120px;\"><strong>ES4<br \/>\n<a href=\"https:\/\/fr.motorsport.com\/wrc\/results\/2022\/rallye-du-portugal-540306\/?st=SS+4\"><span style=\"font-size: 0.9em;\"><em><span style=\"font-size: 0.8em;\">Classement<\/span><\/em><\/span><\/a><br \/>\n<\/strong><\/td>\n<td style=\"text-align: center; vertical-align: middle; width: 300px;\"><span style=\"font-size: 0.9em;\"><strong>\ud83c\uddeb\ud83c\uddf7 S\u00e9bastien LOEB \/ \ud83c\uddeb\ud83c\uddf7 Isabelle GALMICHE<\/strong><br \/>\n<span style=\"font-size: 0.8em;\">FORD<\/span><\/span><\/td>\n<td style=\"text-align: center; vertical-align: middle; width: 300px;\"><span style=\"font-size: 0.9em;\"><strong>\ud83c\uddeb\ud83c\uddf7 S\u00e9bastien LOEB \/ \ud83c\uddeb\ud83c\uddf7 Isabelle GALMICHE<\/strong><br \/>\n<span style=\"font-size: 0.8em;\">FORD<\/span><\/span><\/td>\n<\/tr>\n<tr>\n<td style=\"text-align: center; vertical-align: middle; width: 80px;\"><strong>13h31<\/strong><\/td>\n<td style=\"text-align: center; vertical-align: middle; width: 120px;\"><strong>ES5<br \/>\n<a href=\"https:\/\/fr.motorsport.com\/wrc\/results\/2022\/rallye-du-portugal-540306\/?st=SS+5\"><span style=\"font-size: 0.9em;\"><em><span style=\"font-size: 0.8em;\">Classement<\/span><\/em><\/span><\/a><br \/>\n<\/strong><\/td>\n<td style=\"text-align: center; vertical-align: middle; width: 300px;\"><span style=\"font-size: 0.9em;\"><strong>\ud83c\uddeb\ud83c\uddf7 S\u00e9bastien OGIER \/ \ud83c\uddeb\ud83c\uddf7 Benjamin VEILLAS<\/strong><br \/>\n<span style=\"font-size: 0.8em;\">TOYOTA<\/span><\/span><\/td>\n<td style=\"text-align: center; vertical-align: middle; width: 300px;\"><span style=\"font-size: 0.9em;\"><strong>\ud83c\uddec\ud83c\udde7 Elfyn EVANS \/ \ud83c\uddec\ud83c\udde7 Scott MARTIN<\/strong><br \/>\n<span style=\"font-size: 0.8em;\">TOYOTA<\/span><\/span><\/td>\n<\/tr>\n<tr>\n<td style=\"text-align: center; vertical-align: middle; width: 80px;\"><strong>14h31<\/strong><\/td>\n<td style=\"text-align: center; vertical-align: middle; width: 120px;\"><strong>ES6<br \/>\n<a href=\"https:\/\/fr.motorsport.com\/wrc\/results\/2022\/rallye-du-portugal-540306\/?st=SS+6\"><span style=\"font-size: 0.9em;\"><em><span style=\"font-size: 0.8em;\">Classement<\/span><\/em><\/span><\/a><br \/>\n<\/strong><\/td>\n<td style=\"text-align: center; vertical-align: middle; width: 300px;\"><span style=\"font-size: 0.9em;\"><strong>\ud83c\uddec\ud83c\udde7 Elfyn EVANS \/ \ud83c\uddec\ud83c\udde7 Scott MARTIN<\/strong><br \/>\n<span style=\"font-size: 0.8em;\">TOYOTA<\/span><\/span><\/td>\n<td style=\"text-align: center; vertical-align: middle; width: 300px;\"><span style=\"font-size: 0.9em;\"><strong>\ud83c\uddec\ud83c\udde7 Elfyn EVANS \/ \ud83c\uddec\ud83c\udde7 Scott MARTIN<\/strong><br \/>\n<span style=\"font-size: 0.8em;\">TOYOTA<\/span><\/span><\/td>\n<\/tr>\n<tr>\n<td style=\"text-align: center; vertical-align: middle; width: 80px;\"><strong>15h38<\/strong><\/td>\n<td style=\"text-align: center; vertical-align: middle; width: 120px;\"><strong>ES7<br \/>\n<span style=\"font-size: 0.9em;\"><em><span style=\"font-size: 0.8em;\"><a href=\"https:\/\/fr.motorsport.com\/wrc\/results\/2022\/rallye-du-portugal-540306\/?st=SS+7\">Classement<\/a><\/span><\/em><\/span><br \/>\n<\/strong><\/td>\n<td style=\"text-align: center; vertical-align: middle; width: 300px;\"><span style=\"font-size: 0.9em;\"><strong>\ud83c\uddeb\ud83c\uddee Kalle ROVANPER\u00c4 \/ \ud83c\uddeb\ud83c\uddee Jonne HALTTUNEN<\/strong><br \/>\n<span style=\"font-size: 0.8em;\">TOYOTA<\/span><\/span><\/td>\n<td style=\"text-align: center; vertical-align: middle; width: 300px;\"><span style=\"font-size: 0.9em;\"><strong>\ud83c\uddec\ud83c\udde7 Elfyn EVANS \/ \ud83c\uddec\ud83c\udde7 Scott MARTIN<\/strong><br \/>\n<span style=\"font-size: 0.8em;\">TOYOTA<\/span><\/span><\/td>\n<\/tr>\n<tr>\n<td style=\"text-align: center; vertical-align: middle; width: 80px;\"><strong>17h05<\/strong><\/td>\n<td style=\"text-align: center; vertical-align: middle; width: 120px;\"><strong>ES8<br \/>\n<span style=\"font-size: 0.9em;\"><em><span style=\"font-size: 0.8em;\"><a href=\"https:\/\/fr.motorsport.com\/wrc\/results\/2022\/rallye-du-portugal-540306\/?st=SS+8\">Classement<\/a><\/span><\/em><\/span><br \/>\n<\/strong><\/td>\n<td style=\"text-align: center; vertical-align: middle; width: 300px;\"><span style=\"font-size: 0.9em;\"><strong>\ud83c\uddeb\ud83c\uddee Kalle ROVANPER\u00c4 \/ \ud83c\uddeb\ud83c\uddee Jonne HALTTUNEN<\/strong><br \/>\n<span style=\"font-size: 0.8em;\">TOYOTA<\/span><\/span><\/td>\n<td style=\"text-align: center; vertical-align: middle; width: 300px;\"><span style=\"font-size: 0.9em;\"><strong>\ud83c\uddec\ud83c\udde7 Elfyn EVANS \/ \ud83c\uddec\ud83c\udde7 Scott MARTIN<\/strong><br \/>\n<span style=\"font-size: 0.8em;\">TOYOTA<\/span><\/span><\/td>\n<\/tr>\n<tr>\n<td style=\"text-align: center; vertical-align: middle; width: 80px;\"><strong>20h03<\/strong><\/td>\n<td style=\"text-align: center; vertical-align: middle; width: 120px;\"><strong>ES9<br \/>\n<span style=\"font-size: 0.9em;\"><em><span style=\"font-size: 0.8em;\"><a href=\"https:\/\/fr.motorsport.com\/wrc\/results\/2022\/rallye-du-portugal-540306\/?st=SS+9\">Classement<\/a><\/span><\/em><\/span><br \/>\n<\/strong><\/td>\n<td style=\"text-align: center; vertical-align: middle; width: 300px;\"><span style=\"font-size: 0.9em;\"><strong>\ud83c\uddec\ud83c\udde7 Elfyn EVANS \/ \ud83c\uddec\ud83c\udde7 Scott MARTIN<\/strong><br \/>\n<span style=\"font-size: 0.8em;\">TOYOTA<\/span><\/span><\/td>\n<td style=\"text-align: center; vertical-align: middle; width: 300px;\"><span style=\"font-size: 0.9em;\"><strong>\ud83c\uddec\ud83c\udde7 Elfyn EVANS \/ \ud83c\uddec\ud83c\udde7 Scott MARTIN<\/strong><br \/>\n<span style=\"font-size: 0.8em;\">TOYOTA<\/span><\/span><\/td>\n<\/tr>\n<tr>\n<td style=\"background-color: #fc4c02; width: 100%; text-align: center; vertical-align: middle;\" colspan=\"4\"><span style=\"color: #ffffff;\"><strong>SAMEDI 21 MAI 2022<\/strong><\/span><span style=\"color: #ffffff;\"><strong><br \/>\n<\/strong><\/span><\/td>\n<\/tr>\n<tr>\n<td style=\"text-align: center; vertical-align: middle; width: 80px; background-color: #000000;\"><span style=\"color: #ffffff; font-size: 0.9em;\"><strong>Horaire<\/strong><\/span><\/td>\n<td style=\"text-align: center; vertical-align: middle; width: 120px; background-color: #000000;\"><span style=\"color: #ffffff;\"><span style=\"font-size: 0.9em;\"><b>Sp\u00e9ciale<\/b><\/span><\/span><\/td>\n<td style=\"text-align: center; vertical-align: middle; width: 300px; background-color: #000000;\"><span style=\"color: #ffffff; font-size: 0.9em;\"><strong>Vainqueurs<\/strong><\/span><\/td>\n<td style=\"text-align: center; vertical-align: middle; width: 300px; background-color: #000000;\"><span style=\"color: #ffffff; font-size: 0.9em;\"><strong>Leaders<\/strong><\/span><\/td>\n<\/tr>\n<tr>\n<td style=\"text-align: center; vertical-align: middle; width: 80px;\"><strong>8h38<\/strong><\/td>\n<td style=\"text-align: center; vertical-align: middle; width: 120px;\"><strong>ES10<br \/>\n<span style=\"font-size: 0.9em;\"><em><span style=\"font-size: 0.8em;\"><a href=\"https:\/\/fr.motorsport.com\/wrc\/results\/2022\/rallye-du-portugal-540306\/?st=SS+10\">Classement<\/a><\/span><\/em><\/span><br \/>\n<\/strong><\/td>\n<td style=\"text-align: center; vertical-align: middle; width: 300px;\"><span style=\"font-size: 0.9em;\"><strong>\ud83c\uddec\ud83c\udde7 Elfyn EVANS \/ \ud83c\uddec\ud83c\udde7 Scott MARTIN<\/strong><br \/>\n<span style=\"font-size: 0.8em;\">TOYOTA<\/span><\/span><\/td>\n<td style=\"text-align: center; vertical-align: middle; width: 300px;\"><span style=\"font-size: 0.9em;\"><strong>\ud83c\uddec\ud83c\udde7 Elfyn EVANS \/ \ud83c\uddec\ud83c\udde7 Scott MARTIN<\/strong><br \/>\n<span style=\"font-size: 0.8em;\">TOYOTA<\/span><\/span><\/td>\n<\/tr>\n<tr>\n<td style=\"text-align: center; vertical-align: middle; width: 80px;\"><strong>9h38<\/strong><\/td>\n<td style=\"text-align: center; vertical-align: middle; width: 120px;\"><strong>ES11<br \/>\n<span style=\"font-size: 0.9em;\"><em><span style=\"font-size: 0.8em;\"><a href=\"https:\/\/fr.motorsport.com\/wrc\/results\/2022\/rallye-du-portugal-540306\/?st=SS+11\">Classement<\/a><\/span><\/em><\/span><br \/>\n<\/strong><\/td>\n<td style=\"text-align: center; vertical-align: middle; width: 300px;\"><span style=\"font-size: 0.9em;\"><strong>\ud83c\uddeb\ud83c\uddee Kalle ROVANPER\u00c4 \/ \ud83c\uddeb\ud83c\uddee Jonne HALTTUNEN<\/strong><br \/>\n<span style=\"font-size: 0.8em;\">TOYOTA<\/span><\/span><\/td>\n<td style=\"text-align: center; vertical-align: middle; width: 300px;\"><span style=\"font-size: 0.9em;\"><strong>\ud83c\uddec\ud83c\udde7 Elfyn EVANS \/ \ud83c\uddec\ud83c\udde7 Scott MARTIN<\/strong><br \/>\n<span style=\"font-size: 0.8em;\">TOYOTA<\/span><\/span><\/td>\n<\/tr>\n<tr>\n<td style=\"text-align: center; vertical-align: middle; width: 80px;\"><strong>10h54<\/strong><\/td>\n<td style=\"text-align: center; vertical-align: middle; width: 120px;\"><strong>ES12<br \/>\n<span style=\"font-size: 0.9em;\"><em><span style=\"font-size: 0.8em;\"><a href=\"https:\/\/fr.motorsport.com\/wrc\/results\/2022\/rallye-du-portugal-540306\/?st=SS+12\">Classement<\/a><\/span><\/em><\/span><br \/>\n<\/strong><\/td>\n<td style=\"text-align: center; vertical-align: middle; width: 300px;\"><span style=\"font-size: 0.9em;\"><strong>\ud83c\uddec\ud83c\udde7 Elfyn EVANS \/ \ud83c\uddec\ud83c\udde7 Scott MARTIN<\/strong><br \/>\n<span style=\"font-size: 0.8em;\">TOYOTA<\/span><\/span><\/td>\n<td style=\"text-align: center; vertical-align: middle; width: 300px;\"><span style=\"font-size: 0.9em;\"><strong>\ud83c\uddec\ud83c\udde7 Elfyn EVANS \/ \ud83c\uddec\ud83c\udde7 Scott MARTIN<\/strong><br \/>\n<span style=\"font-size: 0.8em;\">TOYOTA<\/span><\/span><\/td>\n<\/tr>\n<tr>\n<td style=\"text-align: center; vertical-align: middle; width: 80px;\"><strong>15h38<\/strong><\/td>\n<td style=\"text-align: center; vertical-align: middle; width: 120px;\"><strong>ES13<br \/>\n<span style=\"font-size: 0.9em;\"><em><span style=\"font-size: 0.8em;\"><a href=\"https:\/\/fr.motorsport.com\/wrc\/results\/2022\/rallye-du-portugal-540306\/?st=SS+13\">Classement<\/a><\/span><\/em><\/span><br \/>\n<\/strong><\/td>\n<td style=\"text-align: center; vertical-align: middle; width: 300px;\"><span style=\"font-size: 0.9em;\"><strong>\ud83c\uddeb\ud83c\uddee Kalle ROVANPER\u00c4 \/ \ud83c\uddeb\ud83c\uddee Jonne HALTTUNEN<\/strong><br \/>\n<span style=\"font-size: 0.8em;\">TOYOTA<\/span><\/span><\/td>\n<td style=\"text-align: center; vertical-align: middle; width: 300px;\"><span style=\"font-size: 0.9em;\"><strong>\ud83c\uddec\ud83c\udde7 Elfyn EVANS \/ \ud83c\uddec\ud83c\udde7 Scott MARTIN<\/strong><br \/>\n<span style=\"font-size: 0.8em;\">TOYOTA<\/span><\/span><\/td>\n<\/tr>\n<tr>\n<td style=\"text-align: center; vertical-align: middle; width: 80px;\"><strong>16h38<\/strong><\/td>\n<td style=\"text-align: center; vertical-align: middle; width: 120px;\"><strong>ES14<br \/>\n<span style=\"font-size: 0.9em;\"><em><span style=\"font-size: 0.8em;\"><a href=\"https:\/\/fr.motorsport.com\/wrc\/results\/2022\/rallye-du-portugal-540306\/?st=SS+14\">Classement<\/a><\/span><\/em><\/span><br \/>\n<\/strong><\/td>\n<td style=\"text-align: center; vertical-align: middle; width: 300px;\"><span style=\"font-size: 0.9em;\"><strong>\ud83c\uddeb\ud83c\uddee Kalle ROVANPER\u00c4 \/ \ud83c\uddeb\ud83c\uddee Jonne HALTTUNEN<\/strong><br \/>\n<span style=\"font-size: 0.8em;\">TOYOTA<\/span><\/span><\/td>\n<td style=\"text-align: center; vertical-align: middle; width: 300px;\"><span style=\"font-size: 0.9em;\"><strong>\ud83c\uddec\ud83c\udde7 Elfyn EVANS \/ \ud83c\uddec\ud83c\udde7 Scott MARTIN<\/strong><br \/>\n<span style=\"font-size: 0.8em;\">TOYOTA<\/span><\/span><\/td>\n<\/tr>\n<tr>\n<td style=\"text-align: center; vertical-align: middle; width: 80px;\"><strong>17h54<\/strong><\/td>\n<td style=\"text-align: center; vertical-align: middle; width: 120px;\"><strong>ES15<br \/>\n<span style=\"font-size: 0.9em;\"><em><span style=\"font-size: 0.8em;\"><a href=\"https:\/\/fr.motorsport.com\/wrc\/results\/2022\/rallye-du-portugal-540306\/?st=SS+15\">Classement<\/a><\/span><\/em><\/span><br \/>\n<\/strong><\/td>\n<td style=\"text-align: center; vertical-align: middle; width: 300px;\"><span style=\"font-size: 0.9em;\"><strong>\ud83c\udde7\ud83c\uddea Thierry NEUVILLE \/ \ud83c\udde7\ud83c\uddea Martijn WYDAEGHE<br \/>\n<\/strong><span style=\"font-size: 0.8em;\">HYUNDAI<\/span><\/span><\/td>\n<td style=\"text-align: center; vertical-align: middle; width: 300px;\"><span style=\"font-size: 0.9em;\"><strong>\ud83c\uddeb\ud83c\uddee Kalle ROVANPER\u00c4 \/ \ud83c\uddeb\ud83c\uddee Jonne HALTTUNEN<\/strong><br \/>\n<span style=\"font-size: 0.8em;\">TOYOTA<\/span><\/span><\/td>\n<\/tr>\n<tr>\n<td style=\"text-align: center; vertical-align: middle; width: 80px;\"><strong>20h03<\/strong><\/td>\n<td style=\"text-align: center; vertical-align: middle; width: 120px;\"><strong>ES16<br \/>\n<span style=\"font-size: 0.9em;\"><em><span style=\"font-size: 0.8em;\"><a href=\"https:\/\/fr.motorsport.com\/wrc\/results\/2022\/rallye-du-portugal-540306\/?st=SS+16\">Classement<\/a><\/span><\/em><\/span><br \/>\n<\/strong><\/td>\n<td style=\"text-align: center; vertical-align: middle; width: 300px;\"><span style=\"font-size: 0.9em;\"><strong>\ud83c\uddf7\ud83c\uddfa Nikolay GRYAZIN \/ \ud83c\uddf7\ud83c\uddfa Konstantin ALEKSANDROV<br \/>\n<\/strong><span style=\"font-size: 0.8em;\">SKODA<\/span><\/span><\/td>\n<td style=\"text-align: center; vertical-align: middle; width: 300px;\"><span style=\"font-size: 0.9em;\"><strong>\ud83c\uddeb\ud83c\uddee Kalle ROVANPER\u00c4 \/ \ud83c\uddeb\ud83c\uddee Jonne HALTTUNEN<\/strong><br \/>\n<span style=\"font-size: 0.8em;\">TOYOTA<\/span><\/span><\/td>\n<\/tr>\n<tr>\n<td style=\"background-color: #fc4c02; width: 100%; text-align: center; vertical-align: middle;\" colspan=\"4\"><span style=\"color: #ffffff;\"><strong>DIMANCHE 22 MAI 2022<\/strong><\/span><\/td>\n<\/tr>\n<tr>\n<td style=\"text-align: center; vertical-align: middle; width: 80px; background-color: #000000;\"><span style=\"color: #ffffff; font-size: 0.9em;\"><strong>Horaire<\/strong><\/span><\/td>\n<td style=\"text-align: center; vertical-align: middle; width: 120px; background-color: #000000;\"><span style=\"color: #ffffff;\"><span style=\"font-size: 0.9em;\"><b>Sp\u00e9ciale<\/b><\/span><\/span><\/td>\n<td style=\"text-align: center; vertical-align: middle; width: 300px; background-color: #000000;\"><span style=\"color: #ffffff; font-size: 0.9em;\"><strong>Vainqueurs<\/strong><\/span><\/td>\n<td style=\"text-align: center; vertical-align: middle; width: 300px; background-color: #000000;\"><span style=\"color: #ffffff; font-size: 0.9em;\"><strong>Leaders<\/strong><\/span><\/td>\n<\/tr>\n<tr>\n<td style=\"text-align: center; vertical-align: middle; width: 80px;\"><strong>8h08<\/strong><\/td>\n<td style=\"text-align: center; vertical-align: middle; width: 120px;\"><strong>ES17<br \/>\n<span style=\"font-size: 0.9em;\"><em><span style=\"font-size: 0.8em;\"><a href=\"https:\/\/fr.motorsport.com\/wrc\/results\/2022\/rallye-du-portugal-540306\/?st=SS+17\">Classement<\/a><\/span><\/em><\/span><br \/>\n<\/strong><\/td>\n<td style=\"text-align: center; vertical-align: middle; width: 300px;\"><span style=\"font-size: 0.9em;\"><strong>\ud83c\uddeb\ud83c\uddee Kalle ROVANPER\u00c4 \/ \ud83c\uddeb\ud83c\uddee Jonne HALTTUNEN<\/strong><br \/>\n<span style=\"font-size: 0.8em;\">TOYOTA<\/span><\/span><\/td>\n<td style=\"text-align: center; vertical-align: middle; width: 300px;\"><span style=\"font-size: 0.9em;\"><strong>\ud83c\uddeb\ud83c\uddee Kalle ROVANPER\u00c4 \/ \ud83c\uddeb\ud83c\uddee Jonne HALTTUNEN<\/strong><br \/>\n<span style=\"font-size: 0.8em;\">TOYOTA<\/span><\/span><\/td>\n<\/tr>\n<tr>\n<td style=\"text-align: center; vertical-align: middle; width: 80px;\"><strong>8h57<\/strong><\/td>\n<td style=\"text-align: center; vertical-align: middle; width: 120px;\"><strong>ES18<br \/>\n<span style=\"font-size: 0.9em;\"><em><span style=\"font-size: 0.8em;\"><a href=\"https:\/\/fr.motorsport.com\/wrc\/results\/2022\/rallye-du-portugal-540306\/?st=SS+16\">Classement<\/a><\/span><\/em><\/span><br \/>\n<\/strong><\/td>\n<td style=\"text-align: center; vertical-align: middle; width: 300px;\"><span style=\"font-size: 0.9em;\"><strong>\ud83c\uddea\ud83c\uddea Ott T\u00c4NAK \/ \ud83c\uddea\ud83c\uddea Martin J\u00c4RVEOJA<\/strong><br \/>\n<span style=\"font-size: 0.8em;\">HYUNDAI<\/span><\/span><\/td>\n<td style=\"text-align: center; vertical-align: middle; width: 300px;\"><span style=\"font-size: 0.9em;\"><strong>\ud83c\uddeb\ud83c\uddee Kalle ROVANPER\u00c4 \/ \ud83c\uddeb\ud83c\uddee Jonne HALTTUNEN<\/strong><br \/>\n<span style=\"font-size: 0.8em;\">TOYOTA<\/span><\/span><\/td>\n<\/tr>\n<tr>\n<td style=\"text-align: center; vertical-align: middle; width: 80px;\"><strong>9h38<\/strong><\/td>\n<td style=\"text-align: center; vertical-align: middle; width: 120px;\"><strong>ES19<br \/>\n<span style=\"font-size: 0.9em;\"><em><span style=\"font-size: 0.8em;\"><a href=\"https:\/\/fr.motorsport.com\/wrc\/results\/2022\/rallye-du-portugal-540306\/?st=SS+19\">Classement<\/a><\/span><\/em><\/span><br \/>\n<\/strong><\/td>\n<td style=\"text-align: center; vertical-align: middle; width: 300px;\"><span style=\"font-size: 0.9em;\"><strong>\ud83c\uddea\ud83c\uddea Ott T\u00c4NAK \/ \ud83c\uddea\ud83c\uddea Martin J\u00c4RVEOJA<\/strong><br \/>\n<span style=\"font-size: 0.8em;\">HYUNDAI<\/span><\/span><\/td>\n<td style=\"text-align: center; vertical-align: middle; width: 300px;\"><span style=\"font-size: 0.9em;\"><strong>\ud83c\uddeb\ud83c\uddee Kalle ROVANPER\u00c4 \/ \ud83c\uddeb\ud83c\uddee Jonne HALTTUNEN<\/strong><br \/>\n<span style=\"font-size: 0.8em;\">TOYOTA<\/span><\/span><\/td>\n<\/tr>\n<tr>\n<td style=\"text-align: center; vertical-align: middle; width: 80px;\"><strong>11h08<\/strong><\/td>\n<td style=\"text-align: center; vertical-align: middle; width: 120px;\"><strong>ES20<br \/>\n<span style=\"font-size: 0.9em;\"><em><span style=\"font-size: 0.8em;\"><a href=\"https:\/\/fr.motorsport.com\/wrc\/results\/2022\/rallye-du-portugal-540306\/?st=SS+20\">Classement<\/a><\/span><\/em><\/span><br \/>\n<\/strong><\/td>\n<td style=\"text-align: center; vertical-align: middle; width: 300px;\"><span style=\"font-size: 0.9em;\"><strong>\ud83c\uddeb\ud83c\uddee Kalle ROVANPER\u00c4 \/ \ud83c\uddeb\ud83c\uddee Jonne HALTTUNEN<\/strong><br \/>\n<span style=\"font-size: 0.8em;\">TOYOTA<\/span><\/span><\/td>\n<td style=\"text-align: center; vertical-align: middle; width: 300px;\"><span style=\"font-size: 0.9em;\"><strong>\ud83c\uddeb\ud83c\uddee Kalle ROVANPER\u00c4 \/ \ud83c\uddeb\ud83c\uddee Jonne HALTTUNEN<\/strong><br \/>\n<span style=\"font-size: 0.8em;\">TOYOTA<\/span><\/span><\/td>\n<\/tr>\n<tr>\n<td style=\"text-align: center; vertical-align: middle; width: 80px;\"><strong>13h18<\/strong><\/td>\n<td style=\"text-align: center; vertical-align: middle; width: 120px;\"><strong>ES21 &#8211; Power Stage<br \/>\n<span style=\"font-size: 0.9em;\"><em><span style=\"font-size: 0.8em;\"><a href=\"https:\/\/fr.motorsport.com\/wrc\/results\/2022\/rallye-du-portugal-540306\/?st=SS+21\">Classement<\/a><\/span><\/em><\/span><br \/>\n<\/strong><\/td>\n<td style=\"text-align: center; vertical-align: middle; width: 300px;\"><span style=\"font-size: 0.9em;\"><strong>\ud83c\uddeb\ud83c\uddee Kalle ROVANPER\u00c4 \/ \ud83c\uddeb\ud83c\uddee Jonne HALTTUNEN<\/strong><br \/>\n<span style=\"font-size: 0.8em;\">TOYOTA<\/span><\/span><\/td>\n<td style=\"text-align: center; vertical-align: middle; width: 300px;\"><span style=\"font-size: 0.9em;\"><strong>\ud83c\uddeb\ud83c\uddee Kalle ROVANPER\u00c4 \/ \ud83c\uddeb\ud83c\uddee Jonne HALTTUNEN<\/strong><br \/>\n<span style=\"font-size: 0.8em;\">TOYOTA<\/span><\/span><\/td>\n<\/tr>\n<\/tbody>\n<\/table>\n<h2 style=\"text-align: justify;\">Le classement g\u00e9n\u00e9ral du Rallye du Portugal<\/h2>\n<p><span class=\"27JoztZ73WdQvHN0jeWNmrn5ETkIrpDx9dKPcq4iFi5lZEXbaTu6cb60RSUSjCePUH\"><\/p>\n<blockquote class=\"wp-embedded-content\" data-secret=\"IVuqWfWCBR\"><p><a href=\"https:\/\/dicodusport.fr\/blog\/wrc-rallye-du-portugal-classement-general\/\">WRC Rallye du Portugal &#8211; Le classement g\u00e9n\u00e9ral<\/a><\/p><\/blockquote>\n<p><iframe loading=\"lazy\" class=\"wp-embedded-content\" sandbox=\"allow-scripts\" security=\"restricted\" style=\"position: absolute; clip: rect(1px, 1px, 1px, 1px);\" title=\"\u00ab\u00a0WRC Rallye du Portugal &#8211; Le classement g\u00e9n\u00e9ral\u00a0\u00bb &#8212; Dicodusport\" src=\"https:\/\/dicodusport.fr\/blog\/wrc-rallye-du-portugal-classement-general\/embed\/#?secret=RRpQTgBajh#?secret=IVuqWfWCBR\" data-secret=\"IVuqWfWCBR\" width=\"600\" height=\"338\" frameborder=\"0\" marginwidth=\"0\" marginheight=\"0\" scrolling=\"no\"><\/iframe><\/span><\/p>\n<h2 style=\"text-align: justify;\"><strong>\u00c0 lire aussi<\/strong><\/h2>\n<ul>\n<li style=\"text-align: justify;\"><a href=\"https:\/\/dicodusport.fr\/blog\/rallye-wrc-2022-calendrier-complet-et-resultats\/\"><strong>WRC 2022 &#8211; Calendrier complet et r\u00e9sultats<\/strong><\/a><\/li>\n<\/ul>\n","protected":false},"excerpt":{"rendered":"<p>WRC 2022 &#8211; Retrouvez le programme complet des sp\u00e9ciales et les r\u00e9sultats du Rallye du Portugal, qui se d\u00e9roule du jeudi 19 au dimanche 22 mai 2022.<\/p>\n","protected":false},"author":4,"featured_media":224845,"comment_status":"open","ping_status":"closed","sticky":false,"template":"","format":"standard","meta":{"_acf_changed":false,"_daextam_enable_autolinks":"","footnotes":""},"categories":[47088],"tags":[16819,16822],"class_list":["post-224841","post","type-post","status-publish","format-standard","has-post-thumbnail","hentry","category-rallye-wrc","tag-rallye-du-portugal","tag-wrc-portugal"],"acf":[],"yoast_head":"<!-- This site is optimized with the Yoast SEO Premium plugin v26.7 (Yoast SEO v26.7) - https:\/\/yoast.com\/wordpress\/plugins\/seo\/ -->\n<title>Rallye WRC Portugal 2022 - Programme des sp\u00e9ciales et r\u00e9sultats<\/title>\n<meta name=\"description\" content=\"WRC 2022 - Retrouvez le programme des sp\u00e9ciales et les r\u00e9sultats du Rallye du Portugal, qui se d\u00e9roule du jeudi 19 au dimanche 22 mai 2022.\" \/>\n<meta name=\"robots\" content=\"index, follow, max-snippet:-1, max-image-preview:large, max-video-preview:-1\" \/>\n<link rel=\"canonical\" href=\"https:\/\/dicodusport.fr\/blog\/rallye-wrc-portugal-2022-programme-des-speciales-et-resultats\/\" \/>\n<meta property=\"og:locale\" content=\"fr_FR\" \/>\n<meta property=\"og:type\" content=\"article\" \/>\n<meta property=\"og:title\" content=\"Rallye WRC Portugal 2022 - Les r\u00e9sultats complets\" \/>\n<meta property=\"og:description\" content=\"WRC 2022 - Retrouvez le programme des sp\u00e9ciales et les r\u00e9sultats du Rallye du Portugal, qui se d\u00e9roule du jeudi 19 au dimanche 22 mai 2022.\" \/>\n<meta property=\"og:url\" content=\"https:\/\/dicodusport.fr\/blog\/rallye-wrc-portugal-2022-programme-des-speciales-et-resultats\/\" \/>\n<meta property=\"og:site_name\" content=\"Dicodusport\" \/>\n<meta property=\"article:publisher\" content=\"https:\/\/www.facebook.com\/dicodusport\" \/>\n<meta property=\"article:author\" content=\"https:\/\/www.facebook.com\/florent.ostermann\" \/>\n<meta property=\"article:published_time\" content=\"2022-05-22T12:20:26+00:00\" \/>\n<meta property=\"article:modified_time\" content=\"2023-01-19T10:28:55+00:00\" \/>\n<meta property=\"og:image\" content=\"https:\/\/dicodusport.fr\/blog\/wp-content\/uploads\/2022\/05\/Rallye-WRC-Portugal-2022-Programme-des-speciales-et-resultats.png\" \/>\n\t<meta property=\"og:image:width\" content=\"800\" \/>\n\t<meta property=\"og:image:height\" content=\"445\" \/>\n\t<meta property=\"og:image:type\" content=\"image\/png\" \/>\n<meta name=\"author\" content=\"Flo Ostermann\" \/>\n<meta name=\"twitter:card\" content=\"summary_large_image\" \/>\n<meta name=\"twitter:title\" content=\"Rallye WRC Portugal 2022 - Les r\u00e9sultats complets\" \/>\n<meta name=\"twitter:creator\" content=\"@https:\/\/twitter.com\/FlOstermann\" \/>\n<meta name=\"twitter:site\" content=\"@dicodusport\" \/>\n<script type=\"application\/ld+json\" class=\"yoast-schema-graph\">{\"@context\":\"https:\/\/schema.org\",\"@graph\":[{\"@type\":\"NewsArticle\",\"@id\":\"https:\/\/dicodusport.fr\/blog\/rallye-wrc-portugal-2022-programme-des-speciales-et-resultats\/#article\",\"isPartOf\":{\"@id\":\"https:\/\/dicodusport.fr\/blog\/rallye-wrc-portugal-2022-programme-des-speciales-et-resultats\/\"},\"author\":{\"name\":\"Flo Ostermann\",\"@id\":\"https:\/\/dicodusport.fr\/blog\/#\/schema\/person\/cb02af4c173ce4a653b55e9baf388d4a\"},\"headline\":\"Rallye WRC Portugal 2022 &#8211; Les r\u00e9sultats complets\",\"datePublished\":\"2022-05-22T12:20:26+00:00\",\"dateModified\":\"2023-01-19T10:28:55+00:00\",\"mainEntityOfPage\":{\"@id\":\"https:\/\/dicodusport.fr\/blog\/rallye-wrc-portugal-2022-programme-des-speciales-et-resultats\/\"},\"wordCount\":503,\"commentCount\":0,\"publisher\":{\"@id\":\"https:\/\/dicodusport.fr\/blog\/#organization\"},\"image\":{\"@id\":\"https:\/\/dicodusport.fr\/blog\/rallye-wrc-portugal-2022-programme-des-speciales-et-resultats\/#primaryimage\"},\"thumbnailUrl\":\"https:\/\/dicodusport.fr\/blog\/wp-content\/uploads\/2022\/05\/Rallye-WRC-Portugal-2022-Programme-des-speciales-et-resultats.png\",\"keywords\":[\"Rallye du Portugal\",\"WRC Portugal\"],\"articleSection\":[\"Rallye WRC\"],\"inLanguage\":\"fr-FR\",\"potentialAction\":[{\"@type\":\"CommentAction\",\"name\":\"Comment\",\"target\":[\"https:\/\/dicodusport.fr\/blog\/rallye-wrc-portugal-2022-programme-des-speciales-et-resultats\/#respond\"]}],\"copyrightYear\":\"2022\",\"copyrightHolder\":{\"@id\":\"https:\/\/dicodusport.fr\/blog\/#organization\"}},{\"@type\":\"WebPage\",\"@id\":\"https:\/\/dicodusport.fr\/blog\/rallye-wrc-portugal-2022-programme-des-speciales-et-resultats\/\",\"url\":\"https:\/\/dicodusport.fr\/blog\/rallye-wrc-portugal-2022-programme-des-speciales-et-resultats\/\",\"name\":\"Rallye WRC Portugal 2022 - Programme des sp\u00e9ciales et r\u00e9sultats\",\"isPartOf\":{\"@id\":\"https:\/\/dicodusport.fr\/blog\/#website\"},\"primaryImageOfPage\":{\"@id\":\"https:\/\/dicodusport.fr\/blog\/rallye-wrc-portugal-2022-programme-des-speciales-et-resultats\/#primaryimage\"},\"image\":{\"@id\":\"https:\/\/dicodusport.fr\/blog\/rallye-wrc-portugal-2022-programme-des-speciales-et-resultats\/#primaryimage\"},\"thumbnailUrl\":\"https:\/\/dicodusport.fr\/blog\/wp-content\/uploads\/2022\/05\/Rallye-WRC-Portugal-2022-Programme-des-speciales-et-resultats.png\",\"datePublished\":\"2022-05-22T12:20:26+00:00\",\"dateModified\":\"2023-01-19T10:28:55+00:00\",\"description\":\"WRC 2022 - Retrouvez le programme des sp\u00e9ciales et les r\u00e9sultats du Rallye du Portugal, qui se d\u00e9roule du jeudi 19 au dimanche 22 mai 2022.\",\"breadcrumb\":{\"@id\":\"https:\/\/dicodusport.fr\/blog\/rallye-wrc-portugal-2022-programme-des-speciales-et-resultats\/#breadcrumb\"},\"inLanguage\":\"fr-FR\",\"potentialAction\":[{\"@type\":\"ReadAction\",\"target\":[\"https:\/\/dicodusport.fr\/blog\/rallye-wrc-portugal-2022-programme-des-speciales-et-resultats\/\"]}]},{\"@type\":\"ImageObject\",\"inLanguage\":\"fr-FR\",\"@id\":\"https:\/\/dicodusport.fr\/blog\/rallye-wrc-portugal-2022-programme-des-speciales-et-resultats\/#primaryimage\",\"url\":\"https:\/\/dicodusport.fr\/blog\/wp-content\/uploads\/2022\/05\/Rallye-WRC-Portugal-2022-Programme-des-speciales-et-resultats.png\",\"contentUrl\":\"https:\/\/dicodusport.fr\/blog\/wp-content\/uploads\/2022\/05\/Rallye-WRC-Portugal-2022-Programme-des-speciales-et-resultats.png\",\"width\":800,\"height\":445,\"caption\":\"Rallye WRC Portugal 2022 - Programme des sp\u00e9ciales et r\u00e9sultats\"},{\"@type\":\"BreadcrumbList\",\"@id\":\"https:\/\/dicodusport.fr\/blog\/rallye-wrc-portugal-2022-programme-des-speciales-et-resultats\/#breadcrumb\",\"itemListElement\":[{\"@type\":\"ListItem\",\"position\":1,\"name\":\"Accueil\",\"item\":\"https:\/\/dicodusport.fr\/blog\/\"},{\"@type\":\"ListItem\",\"position\":2,\"name\":\"Rallye WRC Portugal 2022 &#8211; Les r\u00e9sultats complets\"}]},{\"@type\":\"WebSite\",\"@id\":\"https:\/\/dicodusport.fr\/blog\/#website\",\"url\":\"https:\/\/dicodusport.fr\/blog\/\",\"name\":\"Dicodusport\",\"description\":\"L&#039;encyclop\u00e9die de l&#039;actualit\u00e9 sportive\",\"publisher\":{\"@id\":\"https:\/\/dicodusport.fr\/blog\/#organization\"},\"potentialAction\":[{\"@type\":\"SearchAction\",\"target\":{\"@type\":\"EntryPoint\",\"urlTemplate\":\"https:\/\/dicodusport.fr\/blog\/?s={search_term_string}\"},\"query-input\":{\"@type\":\"PropertyValueSpecification\",\"valueRequired\":true,\"valueName\":\"search_term_string\"}}],\"inLanguage\":\"fr-FR\"},{\"@type\":\"NewsMediaOrganization\",\"@id\":\"https:\/\/dicodusport.fr\/blog\/#organization\",\"name\":\"Dicodusport\",\"url\":\"https:\/\/dicodusport.fr\/blog\/\",\"logo\":{\"@type\":\"ImageObject\",\"inLanguage\":\"fr-FR\",\"@id\":\"https:\/\/dicodusport.fr\/blog\/#\/schema\/logo\/image\/\",\"url\":\"https:\/\/dicodusport.fr\/blog\/wp-content\/uploads\/2020\/06\/cropped-LOGO-DICODUSPORT-2020-SANS-FOND-SANS-TEXTE.png\",\"contentUrl\":\"https:\/\/dicodusport.fr\/blog\/wp-content\/uploads\/2020\/06\/cropped-LOGO-DICODUSPORT-2020-SANS-FOND-SANS-TEXTE.png\",\"width\":512,\"height\":512,\"caption\":\"Dicodusport\"},\"image\":{\"@id\":\"https:\/\/dicodusport.fr\/blog\/#\/schema\/logo\/image\/\"},\"sameAs\":[\"https:\/\/www.facebook.com\/dicodusport\",\"https:\/\/x.com\/dicodusport\",\"https:\/\/www.instagram.com\/dicodusport\/\",\"https:\/\/www.youtube.com\/channel\/UC7V2KZ5sd3htJivAbA4ZG3w\"],\"description\":\"Dicodusport est l'encyclop\u00e9die de l'actualit\u00e9 sportive.\",\"email\":\"bonjour@dicodusport.fr\",\"legalName\":\"DICODUSPORT\",\"foundingDate\":\"2018-01-14\",\"vatID\":\"FR71834470973\",\"taxID\":\"83447097300043\",\"numberOfEmployees\":{\"@type\":\"QuantitativeValue\",\"minValue\":\"1\",\"maxValue\":\"10\"}},{\"@type\":\"Person\",\"@id\":\"https:\/\/dicodusport.fr\/blog\/#\/schema\/person\/cb02af4c173ce4a653b55e9baf388d4a\",\"name\":\"Flo Ostermann\",\"image\":{\"@type\":\"ImageObject\",\"inLanguage\":\"fr-FR\",\"@id\":\"https:\/\/dicodusport.fr\/blog\/#\/schema\/person\/image\/\",\"url\":\"https:\/\/dicodusport.fr\/blog\/wp-content\/uploads\/2021\/05\/Flo-Ostermann-150x150.jpg\",\"contentUrl\":\"https:\/\/dicodusport.fr\/blog\/wp-content\/uploads\/2021\/05\/Flo-Ostermann-150x150.jpg\",\"caption\":\"Flo Ostermann\"},\"description\":\"Journaliste\/R\u00e9dacteur depuis septembre 2015 - Mes premiers souvenirs dans le sport ? Les envol\u00e9es du Stade Toulousain et les duels Villeneuve-Schumacher et H\u00e4kkinen-Schumacher \u00e0 la fin des ann\u00e9es 90, la Coupe du monde de football en 1998, l\u2019exploit du XV de France face aux All Blacks en 1999, mais aussi Richard C\u0153ur de Lion qui vole sur les montagnes du Tour de France. Bien parti pour devenir professeur d\u2019EPS, les \u00e9v\u00e9nements de la vie (et la flemme d\u2019animer des s\u00e9ances de 3x500 m\u00e8tres toute ma vie) m\u2019ont conduit \u00e0 revoir mes plans. Me voil\u00e0 depuis fin 2017 sur Dicodusport, m\u00e9dia gr\u00e2ce (et pour) lequel je partage ma passion : le sport dans tous ses \u00e9tats. Le tout accompagn\u00e9 par les fous furieux et folles furieuses cit\u00e9s sur cette page !\",\"sameAs\":[\"https:\/\/www.facebook.com\/florent.ostermann\",\"https:\/\/x.com\/https:\/\/twitter.com\/FlOstermann\",\"admin\"],\"url\":\"https:\/\/dicodusport.fr\/blog\/author\/flo\/\"}]}<\/script>\n<!-- \/ Yoast SEO Premium plugin. -->","yoast_head_json":{"title":"Rallye WRC Portugal 2022 - Programme des sp\u00e9ciales et r\u00e9sultats","description":"WRC 2022 - Retrouvez le programme des sp\u00e9ciales et les r\u00e9sultats du Rallye du Portugal, qui se d\u00e9roule du jeudi 19 au dimanche 22 mai 2022.","robots":{"index":"index","follow":"follow","max-snippet":"max-snippet:-1","max-image-preview":"max-image-preview:large","max-video-preview":"max-video-preview:-1"},"canonical":"https:\/\/dicodusport.fr\/blog\/rallye-wrc-portugal-2022-programme-des-speciales-et-resultats\/","og_locale":"fr_FR","og_type":"article","og_title":"Rallye WRC Portugal 2022 - Les r\u00e9sultats complets","og_description":"WRC 2022 - Retrouvez le programme des sp\u00e9ciales et les r\u00e9sultats du Rallye du Portugal, qui se d\u00e9roule du jeudi 19 au dimanche 22 mai 2022.","og_url":"https:\/\/dicodusport.fr\/blog\/rallye-wrc-portugal-2022-programme-des-speciales-et-resultats\/","og_site_name":"Dicodusport","article_publisher":"https:\/\/www.facebook.com\/dicodusport","article_author":"https:\/\/www.facebook.com\/florent.ostermann","article_published_time":"2022-05-22T12:20:26+00:00","article_modified_time":"2023-01-19T10:28:55+00:00","og_image":[{"width":800,"height":445,"url":"https:\/\/dicodusport.fr\/blog\/wp-content\/uploads\/2022\/05\/Rallye-WRC-Portugal-2022-Programme-des-speciales-et-resultats.png","type":"image\/png"}],"author":"Flo Ostermann","twitter_card":"summary_large_image","twitter_title":"Rallye WRC Portugal 2022 - Les r\u00e9sultats complets","twitter_creator":"@https:\/\/twitter.com\/FlOstermann","twitter_site":"@dicodusport","schema":{"@context":"https:\/\/schema.org","@graph":[{"@type":"NewsArticle","@id":"https:\/\/dicodusport.fr\/blog\/rallye-wrc-portugal-2022-programme-des-speciales-et-resultats\/#article","isPartOf":{"@id":"https:\/\/dicodusport.fr\/blog\/rallye-wrc-portugal-2022-programme-des-speciales-et-resultats\/"},"author":{"name":"Flo Ostermann","@id":"https:\/\/dicodusport.fr\/blog\/#\/schema\/person\/cb02af4c173ce4a653b55e9baf388d4a"},"headline":"Rallye WRC Portugal 2022 &#8211; Les r\u00e9sultats complets","datePublished":"2022-05-22T12:20:26+00:00","dateModified":"2023-01-19T10:28:55+00:00","mainEntityOfPage":{"@id":"https:\/\/dicodusport.fr\/blog\/rallye-wrc-portugal-2022-programme-des-speciales-et-resultats\/"},"wordCount":503,"commentCount":0,"publisher":{"@id":"https:\/\/dicodusport.fr\/blog\/#organization"},"image":{"@id":"https:\/\/dicodusport.fr\/blog\/rallye-wrc-portugal-2022-programme-des-speciales-et-resultats\/#primaryimage"},"thumbnailUrl":"https:\/\/dicodusport.fr\/blog\/wp-content\/uploads\/2022\/05\/Rallye-WRC-Portugal-2022-Programme-des-speciales-et-resultats.png","keywords":["Rallye du Portugal","WRC Portugal"],"articleSection":["Rallye WRC"],"inLanguage":"fr-FR","potentialAction":[{"@type":"CommentAction","name":"Comment","target":["https:\/\/dicodusport.fr\/blog\/rallye-wrc-portugal-2022-programme-des-speciales-et-resultats\/#respond"]}],"copyrightYear":"2022","copyrightHolder":{"@id":"https:\/\/dicodusport.fr\/blog\/#organization"}},{"@type":"WebPage","@id":"https:\/\/dicodusport.fr\/blog\/rallye-wrc-portugal-2022-programme-des-speciales-et-resultats\/","url":"https:\/\/dicodusport.fr\/blog\/rallye-wrc-portugal-2022-programme-des-speciales-et-resultats\/","name":"Rallye WRC Portugal 2022 - Programme des sp\u00e9ciales et r\u00e9sultats","isPartOf":{"@id":"https:\/\/dicodusport.fr\/blog\/#website"},"primaryImageOfPage":{"@id":"https:\/\/dicodusport.fr\/blog\/rallye-wrc-portugal-2022-programme-des-speciales-et-resultats\/#primaryimage"},"image":{"@id":"https:\/\/dicodusport.fr\/blog\/rallye-wrc-portugal-2022-programme-des-speciales-et-resultats\/#primaryimage"},"thumbnailUrl":"https:\/\/dicodusport.fr\/blog\/wp-content\/uploads\/2022\/05\/Rallye-WRC-Portugal-2022-Programme-des-speciales-et-resultats.png","datePublished":"2022-05-22T12:20:26+00:00","dateModified":"2023-01-19T10:28:55+00:00","description":"WRC 2022 - Retrouvez le programme des sp\u00e9ciales et les r\u00e9sultats du Rallye du Portugal, qui se d\u00e9roule du jeudi 19 au dimanche 22 mai 2022.","breadcrumb":{"@id":"https:\/\/dicodusport.fr\/blog\/rallye-wrc-portugal-2022-programme-des-speciales-et-resultats\/#breadcrumb"},"inLanguage":"fr-FR","potentialAction":[{"@type":"ReadAction","target":["https:\/\/dicodusport.fr\/blog\/rallye-wrc-portugal-2022-programme-des-speciales-et-resultats\/"]}]},{"@type":"ImageObject","inLanguage":"fr-FR","@id":"https:\/\/dicodusport.fr\/blog\/rallye-wrc-portugal-2022-programme-des-speciales-et-resultats\/#primaryimage","url":"https:\/\/dicodusport.fr\/blog\/wp-content\/uploads\/2022\/05\/Rallye-WRC-Portugal-2022-Programme-des-speciales-et-resultats.png","contentUrl":"https:\/\/dicodusport.fr\/blog\/wp-content\/uploads\/2022\/05\/Rallye-WRC-Portugal-2022-Programme-des-speciales-et-resultats.png","width":800,"height":445,"caption":"Rallye WRC Portugal 2022 - Programme des sp\u00e9ciales et r\u00e9sultats"},{"@type":"BreadcrumbList","@id":"https:\/\/dicodusport.fr\/blog\/rallye-wrc-portugal-2022-programme-des-speciales-et-resultats\/#breadcrumb","itemListElement":[{"@type":"ListItem","position":1,"name":"Accueil","item":"https:\/\/dicodusport.fr\/blog\/"},{"@type":"ListItem","position":2,"name":"Rallye WRC Portugal 2022 &#8211; Les r\u00e9sultats complets"}]},{"@type":"WebSite","@id":"https:\/\/dicodusport.fr\/blog\/#website","url":"https:\/\/dicodusport.fr\/blog\/","name":"Dicodusport","description":"L&#039;encyclop\u00e9die de l&#039;actualit\u00e9 sportive","publisher":{"@id":"https:\/\/dicodusport.fr\/blog\/#organization"},"potentialAction":[{"@type":"SearchAction","target":{"@type":"EntryPoint","urlTemplate":"https:\/\/dicodusport.fr\/blog\/?s={search_term_string}"},"query-input":{"@type":"PropertyValueSpecification","valueRequired":true,"valueName":"search_term_string"}}],"inLanguage":"fr-FR"},{"@type":"NewsMediaOrganization","@id":"https:\/\/dicodusport.fr\/blog\/#organization","name":"Dicodusport","url":"https:\/\/dicodusport.fr\/blog\/","logo":{"@type":"ImageObject","inLanguage":"fr-FR","@id":"https:\/\/dicodusport.fr\/blog\/#\/schema\/logo\/image\/","url":"https:\/\/dicodusport.fr\/blog\/wp-content\/uploads\/2020\/06\/cropped-LOGO-DICODUSPORT-2020-SANS-FOND-SANS-TEXTE.png","contentUrl":"https:\/\/dicodusport.fr\/blog\/wp-content\/uploads\/2020\/06\/cropped-LOGO-DICODUSPORT-2020-SANS-FOND-SANS-TEXTE.png","width":512,"height":512,"caption":"Dicodusport"},"image":{"@id":"https:\/\/dicodusport.fr\/blog\/#\/schema\/logo\/image\/"},"sameAs":["https:\/\/www.facebook.com\/dicodusport","https:\/\/x.com\/dicodusport","https:\/\/www.instagram.com\/dicodusport\/","https:\/\/www.youtube.com\/channel\/UC7V2KZ5sd3htJivAbA4ZG3w"],"description":"Dicodusport est l'encyclop\u00e9die de l'actualit\u00e9 sportive.","email":"bonjour@dicodusport.fr","legalName":"DICODUSPORT","foundingDate":"2018-01-14","vatID":"FR71834470973","taxID":"83447097300043","numberOfEmployees":{"@type":"QuantitativeValue","minValue":"1","maxValue":"10"}},{"@type":"Person","@id":"https:\/\/dicodusport.fr\/blog\/#\/schema\/person\/cb02af4c173ce4a653b55e9baf388d4a","name":"Flo Ostermann","image":{"@type":"ImageObject","inLanguage":"fr-FR","@id":"https:\/\/dicodusport.fr\/blog\/#\/schema\/person\/image\/","url":"https:\/\/dicodusport.fr\/blog\/wp-content\/uploads\/2021\/05\/Flo-Ostermann-150x150.jpg","contentUrl":"https:\/\/dicodusport.fr\/blog\/wp-content\/uploads\/2021\/05\/Flo-Ostermann-150x150.jpg","caption":"Flo Ostermann"},"description":"Journaliste\/R\u00e9dacteur depuis septembre 2015 - Mes premiers souvenirs dans le sport ? Les envol\u00e9es du Stade Toulousain et les duels Villeneuve-Schumacher et H\u00e4kkinen-Schumacher \u00e0 la fin des ann\u00e9es 90, la Coupe du monde de football en 1998, l\u2019exploit du XV de France face aux All Blacks en 1999, mais aussi Richard C\u0153ur de Lion qui vole sur les montagnes du Tour de France. Bien parti pour devenir professeur d\u2019EPS, les \u00e9v\u00e9nements de la vie (et la flemme d\u2019animer des s\u00e9ances de 3x500 m\u00e8tres toute ma vie) m\u2019ont conduit \u00e0 revoir mes plans. Me voil\u00e0 depuis fin 2017 sur Dicodusport, m\u00e9dia gr\u00e2ce (et pour) lequel je partage ma passion : le sport dans tous ses \u00e9tats. Le tout accompagn\u00e9 par les fous furieux et folles furieuses cit\u00e9s sur cette page !","sameAs":["https:\/\/www.facebook.com\/florent.ostermann","https:\/\/x.com\/https:\/\/twitter.com\/FlOstermann","admin"],"url":"https:\/\/dicodusport.fr\/blog\/author\/flo\/"}]}},"_links":{"self":[{"href":"https:\/\/dicodusport.fr\/blog\/wp-json\/wp\/v2\/posts\/224841","targetHints":{"allow":["GET"]}}],"collection":[{"href":"https:\/\/dicodusport.fr\/blog\/wp-json\/wp\/v2\/posts"}],"about":[{"href":"https:\/\/dicodusport.fr\/blog\/wp-json\/wp\/v2\/types\/post"}],"author":[{"embeddable":true,"href":"https:\/\/dicodusport.fr\/blog\/wp-json\/wp\/v2\/users\/4"}],"replies":[{"embeddable":true,"href":"https:\/\/dicodusport.fr\/blog\/wp-json\/wp\/v2\/comments?post=224841"}],"version-history":[{"count":0,"href":"https:\/\/dicodusport.fr\/blog\/wp-json\/wp\/v2\/posts\/224841\/revisions"}],"wp:featuredmedia":[{"embeddable":true,"href":"https:\/\/dicodusport.fr\/blog\/wp-json\/wp\/v2\/media\/224845"}],"wp:attachment":[{"href":"https:\/\/dicodusport.fr\/blog\/wp-json\/wp\/v2\/media?parent=224841"}],"wp:term":[{"taxonomy":"category","embeddable":true,"href":"https:\/\/dicodusport.fr\/blog\/wp-json\/wp\/v2\/categories?post=224841"},{"taxonomy":"post_tag","embeddable":true,"href":"https:\/\/dicodusport.fr\/blog\/wp-json\/wp\/v2\/tags?post=224841"}],"curies":[{"name":"wp","href":"https:\/\/api.w.org\/{rel}","templated":true}]}}