{"id":224857,"date":"2022-05-19T12:58:49","date_gmt":"2022-05-19T10:58:49","guid":{"rendered":"https:\/\/dicodusport.fr\/blog\/?p=224857&#038;preview=true&#038;preview_id=224857"},"modified":"2022-05-19T17:05:03","modified_gmt":"2022-05-19T15:05:03","slug":"arthur-retiere-sengage-avec-le-stade-toulousain","status":"publish","type":"post","link":"https:\/\/dicodusport.fr\/blog\/arthur-retiere-sengage-avec-le-stade-toulousain\/","title":{"rendered":"Arthur Reti\u00e8re s&rsquo;engage avec le Stade Toulousain"},"content":{"rendered":"<p style=\"text-align: justify;\"><i><b>TOP 14 &#8211; Le Stade Toulousain a officialis\u00e9 la signature d&rsquo;Arthur Reti\u00e8re pour les trois prochaines saisons.<\/b><\/i><\/p>\n<p style=\"text-align: justify;\">C&rsquo;\u00e9tait un secret de polichinelle, c&rsquo;est maintenant officiel. <strong>Arthur Reti\u00e8re<\/strong> (24 ans) rejoint le Stade Toulousain \u00e0 compter de la saison 2022-2023. L&rsquo;ailier\/arri\u00e8re du Stade Rochelais, capable \u00e9galement d&rsquo;\u00e9voluer au poste de demi de m\u00eal\u00e9e, s&rsquo;est engag\u00e9 pour trois saisons, ce qui garantit sa pr\u00e9sence dans la ville rose jusqu&rsquo;en juin 2025. Souvent bless\u00e9 ces derniers temps, <strong>Arthur Reti\u00e8re<\/strong> voudra se relancer avec les champions d&rsquo;Europe 2021. Le <a href=\"https:\/\/www.flashscore.fr\/equipe\/stade-toulousain\/2LK4pW1j\/\" target=\"_blank\" rel=\"noopener\">Stade Toulousain<\/a> continue un recrutement ambitieux pour sa ligne de trois-quarts, puisqu&rsquo;<a href=\"https:\/\/dicodusport.fr\/blog\/ange-capuozzo-le-stade-toulousain-ca-ne-se-refuse-pas\/\"><strong>Ange Capuozzo<\/strong><\/a>, <strong>Pierre-Louis Barassi<\/strong> et <a href=\"https:\/\/dicodusport.fr\/blog\/officiel-melvyn-jaminet-sengage-avec-le-stade-toulousain\/\"><strong>Melvyn Jaminet<\/strong><\/a> ont d\u00e9j\u00e0 paraph\u00e9 un contrat avec le club pour la saison prochaine.<\/p>\n<p style=\"text-align: justify;\">\u00c0 noter que le fr\u00e8re cadet d&rsquo;Arthur Reti\u00e8re, Edgar (21 ans), a lui prolong\u00e9 pour deux saisons chez les Stadistes, lui qui animait, jusqu&rsquo;ici, le jeu des espoirs du Stade Toulousain.<\/p>\n<blockquote class=\"twitter-tweet\">\n<p dir=\"ltr\" lang=\"fr\">\u211d\u0300, nouveau joueur du Stade<\/p>\n<p>L&rsquo;ailier polyvalent s&rsquo;engage jusqu&rsquo;en 2025 ! Il rejoint ainsi son fr\u00e8re, Edgar, qui prolonge jusqu&rsquo;en 2024<\/p>\n<p>Axe 2&#xfe0f;&#x20e3; : Renforcer son effectif<br \/>\nAxe 3&#xfe0f;&#x20e3; : Grandir avec sa formation<a href=\"https:\/\/twitter.com\/hashtag\/Trajectoire2027?src=hash&amp;ref_src=twsrc%5Etfw\">#Trajectoire2027<\/a><a href=\"https:\/\/twitter.com\/ArthurRetiere?ref_src=twsrc%5Etfw\">@ArthurRetiere<\/a> <a href=\"https:\/\/twitter.com\/edgarrtr10?ref_src=twsrc%5Etfw\">@edgarrtr10<\/a><\/p>\n<p>\u2014 Stade Toulousain (@StadeToulousain) <a href=\"https:\/\/twitter.com\/StadeToulousain\/status\/1527227827577401352?ref_src=twsrc%5Etfw\">May 19, 2022<\/a><\/p><\/blockquote>\n<p><script async src=\"https:\/\/platform.twitter.com\/widgets.js\" charset=\"utf-8\"><\/script><\/p>\n","protected":false},"excerpt":{"rendered":"<p>TOP 14 &#8211; Le Stade Toulousain a officialis\u00e9 la signature d&rsquo;Arthur Reti\u00e8re pour les trois prochaines saisons.<\/p>\n","protected":false},"author":1,"featured_media":224859,"comment_status":"open","ping_status":"closed","sticky":false,"template":"","format":"standard","meta":{"_acf_changed":false,"_daextam_enable_autolinks":"","footnotes":""},"categories":[47050],"tags":[10540,4008,111,463],"class_list":["post-224857","post","type-post","status-publish","format-standard","has-post-thumbnail","hentry","category-top-14","tag-arthur-retiere","tag-stade-toulousain","tag-top-14","tag-toulouse"],"acf":[],"yoast_head":"<!-- This site is optimized with the Yoast SEO Premium plugin v26.7 (Yoast SEO v26.7) - https:\/\/yoast.com\/wordpress\/plugins\/seo\/ -->\n<title>- Arthur Reti\u00e8re s&#039;engage avec le Stade Toulousain - Dicodusport<\/title>\n<meta name=\"description\" content=\"TOP 14 - Le Stade Toulousain a officialis\u00e9 la signature d&#039;Arthur Reti\u00e8re pour les trois prochaines saisons.\" \/>\n<meta name=\"robots\" content=\"index, follow, max-snippet:-1, max-image-preview:large, max-video-preview:-1\" \/>\n<link rel=\"canonical\" href=\"https:\/\/dicodusport.fr\/blog\/arthur-retiere-sengage-avec-le-stade-toulousain\/\" \/>\n<meta property=\"og:locale\" content=\"fr_FR\" \/>\n<meta property=\"og:type\" content=\"article\" \/>\n<meta property=\"og:title\" content=\"Arthur Reti\u00e8re s&#039;engage avec le Stade Toulousain\" \/>\n<meta property=\"og:description\" content=\"TOP 14 - Le Stade Toulousain a officialis\u00e9 la signature d&#039;Arthur Reti\u00e8re pour les trois prochaines saisons.\" \/>\n<meta property=\"og:url\" content=\"https:\/\/dicodusport.fr\/blog\/arthur-retiere-sengage-avec-le-stade-toulousain\/\" \/>\n<meta property=\"og:site_name\" content=\"Dicodusport\" \/>\n<meta property=\"article:publisher\" content=\"https:\/\/www.facebook.com\/dicodusport\" \/>\n<meta property=\"article:author\" content=\"https:\/\/www.facebook.com\/dicodusport\" \/>\n<meta property=\"article:published_time\" content=\"2022-05-19T10:58:49+00:00\" \/>\n<meta property=\"article:modified_time\" content=\"2022-05-19T15:05:03+00:00\" \/>\n<meta property=\"og:image\" content=\"https:\/\/dicodusport.fr\/blog\/wp-content\/uploads\/2022\/05\/Arthur-Retie\u0300re-sengage-avec-le-Stade-Toulousain.png\" \/>\n\t<meta property=\"og:image:width\" content=\"800\" \/>\n\t<meta property=\"og:image:height\" content=\"445\" \/>\n\t<meta property=\"og:image:type\" content=\"image\/png\" \/>\n<meta name=\"author\" content=\"Nicolas Jacquemard\" \/>\n<meta name=\"twitter:card\" content=\"summary_large_image\" \/>\n<meta name=\"twitter:title\" content=\"Arthur Reti\u00e8re s&#039;engage avec le Stade Toulousain\" \/>\n<meta name=\"twitter:creator\" content=\"@https:\/\/twitter.com\/Nico_Jacquemard\" \/>\n<meta name=\"twitter:site\" content=\"@dicodusport\" \/>\n<script type=\"application\/ld+json\" class=\"yoast-schema-graph\">{\"@context\":\"https:\/\/schema.org\",\"@graph\":[{\"@type\":\"NewsArticle\",\"@id\":\"https:\/\/dicodusport.fr\/blog\/arthur-retiere-sengage-avec-le-stade-toulousain\/#article\",\"isPartOf\":{\"@id\":\"https:\/\/dicodusport.fr\/blog\/arthur-retiere-sengage-avec-le-stade-toulousain\/\"},\"author\":{\"name\":\"Nicolas Jacquemard\",\"@id\":\"https:\/\/dicodusport.fr\/blog\/#\/schema\/person\/55dcb50ad410894e431ed812bbb70191\"},\"headline\":\"Arthur Reti\u00e8re s&rsquo;engage avec le Stade Toulousain\",\"datePublished\":\"2022-05-19T10:58:49+00:00\",\"dateModified\":\"2022-05-19T15:05:03+00:00\",\"mainEntityOfPage\":{\"@id\":\"https:\/\/dicodusport.fr\/blog\/arthur-retiere-sengage-avec-le-stade-toulousain\/\"},\"wordCount\":216,\"commentCount\":0,\"publisher\":{\"@id\":\"https:\/\/dicodusport.fr\/blog\/#organization\"},\"image\":{\"@id\":\"https:\/\/dicodusport.fr\/blog\/arthur-retiere-sengage-avec-le-stade-toulousain\/#primaryimage\"},\"thumbnailUrl\":\"https:\/\/dicodusport.fr\/blog\/wp-content\/uploads\/2022\/05\/Arthur-Retie\u0300re-sengage-avec-le-Stade-Toulousain.png\",\"keywords\":[\"Arthur Reti\u00e8re\",\"Stade Toulousain\",\"Top 14\",\"Toulouse\"],\"articleSection\":[\"Top 14\"],\"inLanguage\":\"fr-FR\",\"potentialAction\":[{\"@type\":\"CommentAction\",\"name\":\"Comment\",\"target\":[\"https:\/\/dicodusport.fr\/blog\/arthur-retiere-sengage-avec-le-stade-toulousain\/#respond\"]}],\"copyrightYear\":\"2022\",\"copyrightHolder\":{\"@id\":\"https:\/\/dicodusport.fr\/blog\/#organization\"}},{\"@type\":\"WebPage\",\"@id\":\"https:\/\/dicodusport.fr\/blog\/arthur-retiere-sengage-avec-le-stade-toulousain\/\",\"url\":\"https:\/\/dicodusport.fr\/blog\/arthur-retiere-sengage-avec-le-stade-toulousain\/\",\"name\":\"- Arthur Reti\u00e8re s'engage avec le Stade Toulousain - Dicodusport\",\"isPartOf\":{\"@id\":\"https:\/\/dicodusport.fr\/blog\/#website\"},\"primaryImageOfPage\":{\"@id\":\"https:\/\/dicodusport.fr\/blog\/arthur-retiere-sengage-avec-le-stade-toulousain\/#primaryimage\"},\"image\":{\"@id\":\"https:\/\/dicodusport.fr\/blog\/arthur-retiere-sengage-avec-le-stade-toulousain\/#primaryimage\"},\"thumbnailUrl\":\"https:\/\/dicodusport.fr\/blog\/wp-content\/uploads\/2022\/05\/Arthur-Retie\u0300re-sengage-avec-le-Stade-Toulousain.png\",\"datePublished\":\"2022-05-19T10:58:49+00:00\",\"dateModified\":\"2022-05-19T15:05:03+00:00\",\"description\":\"TOP 14 - Le Stade Toulousain a officialis\u00e9 la signature d'Arthur Reti\u00e8re pour les trois prochaines saisons.\",\"breadcrumb\":{\"@id\":\"https:\/\/dicodusport.fr\/blog\/arthur-retiere-sengage-avec-le-stade-toulousain\/#breadcrumb\"},\"inLanguage\":\"fr-FR\",\"potentialAction\":[{\"@type\":\"ReadAction\",\"target\":[\"https:\/\/dicodusport.fr\/blog\/arthur-retiere-sengage-avec-le-stade-toulousain\/\"]}]},{\"@type\":\"ImageObject\",\"inLanguage\":\"fr-FR\",\"@id\":\"https:\/\/dicodusport.fr\/blog\/arthur-retiere-sengage-avec-le-stade-toulousain\/#primaryimage\",\"url\":\"https:\/\/dicodusport.fr\/blog\/wp-content\/uploads\/2022\/05\/Arthur-Retie\u0300re-sengage-avec-le-Stade-Toulousain.png\",\"contentUrl\":\"https:\/\/dicodusport.fr\/blog\/wp-content\/uploads\/2022\/05\/Arthur-Retie\u0300re-sengage-avec-le-Stade-Toulousain.png\",\"width\":800,\"height\":445},{\"@type\":\"BreadcrumbList\",\"@id\":\"https:\/\/dicodusport.fr\/blog\/arthur-retiere-sengage-avec-le-stade-toulousain\/#breadcrumb\",\"itemListElement\":[{\"@type\":\"ListItem\",\"position\":1,\"name\":\"Accueil\",\"item\":\"https:\/\/dicodusport.fr\/blog\/\"},{\"@type\":\"ListItem\",\"position\":2,\"name\":\"Arthur Reti\u00e8re s&rsquo;engage avec le Stade Toulousain\"}]},{\"@type\":\"WebSite\",\"@id\":\"https:\/\/dicodusport.fr\/blog\/#website\",\"url\":\"https:\/\/dicodusport.fr\/blog\/\",\"name\":\"Dicodusport\",\"description\":\"L&#039;encyclop\u00e9die de l&#039;actualit\u00e9 sportive\",\"publisher\":{\"@id\":\"https:\/\/dicodusport.fr\/blog\/#organization\"},\"potentialAction\":[{\"@type\":\"SearchAction\",\"target\":{\"@type\":\"EntryPoint\",\"urlTemplate\":\"https:\/\/dicodusport.fr\/blog\/?s={search_term_string}\"},\"query-input\":{\"@type\":\"PropertyValueSpecification\",\"valueRequired\":true,\"valueName\":\"search_term_string\"}}],\"inLanguage\":\"fr-FR\"},{\"@type\":\"NewsMediaOrganization\",\"@id\":\"https:\/\/dicodusport.fr\/blog\/#organization\",\"name\":\"Dicodusport\",\"url\":\"https:\/\/dicodusport.fr\/blog\/\",\"logo\":{\"@type\":\"ImageObject\",\"inLanguage\":\"fr-FR\",\"@id\":\"https:\/\/dicodusport.fr\/blog\/#\/schema\/logo\/image\/\",\"url\":\"https:\/\/dicodusport.fr\/blog\/wp-content\/uploads\/2020\/06\/cropped-LOGO-DICODUSPORT-2020-SANS-FOND-SANS-TEXTE.png\",\"contentUrl\":\"https:\/\/dicodusport.fr\/blog\/wp-content\/uploads\/2020\/06\/cropped-LOGO-DICODUSPORT-2020-SANS-FOND-SANS-TEXTE.png\",\"width\":512,\"height\":512,\"caption\":\"Dicodusport\"},\"image\":{\"@id\":\"https:\/\/dicodusport.fr\/blog\/#\/schema\/logo\/image\/\"},\"sameAs\":[\"https:\/\/www.facebook.com\/dicodusport\",\"https:\/\/x.com\/dicodusport\",\"https:\/\/www.instagram.com\/dicodusport\/\",\"https:\/\/www.youtube.com\/channel\/UC7V2KZ5sd3htJivAbA4ZG3w\"],\"description\":\"Dicodusport est l'encyclop\u00e9die de l'actualit\u00e9 sportive.\",\"email\":\"bonjour@dicodusport.fr\",\"legalName\":\"DICODUSPORT\",\"foundingDate\":\"2018-01-14\",\"vatID\":\"FR71834470973\",\"taxID\":\"83447097300043\",\"numberOfEmployees\":{\"@type\":\"QuantitativeValue\",\"minValue\":\"1\",\"maxValue\":\"10\"}},{\"@type\":\"Person\",\"@id\":\"https:\/\/dicodusport.fr\/blog\/#\/schema\/person\/55dcb50ad410894e431ed812bbb70191\",\"name\":\"Nicolas Jacquemard\",\"image\":{\"@type\":\"ImageObject\",\"inLanguage\":\"fr-FR\",\"@id\":\"https:\/\/dicodusport.fr\/blog\/#\/schema\/person\/image\/\",\"url\":\"https:\/\/dicodusport.fr\/blog\/wp-content\/uploads\/2021\/05\/Nicolas-Jacquemard-150x150.jpeg\",\"contentUrl\":\"https:\/\/dicodusport.fr\/blog\/wp-content\/uploads\/2021\/05\/Nicolas-Jacquemard-150x150.jpeg\",\"caption\":\"Nicolas Jacquemard\"},\"description\":\"Passionn\u00e9 de sport et entrepreneur depuis mes 18 ans, la cr\u00e9ation de Dicodusport m'a sembl\u00e9 \u00e9vidente pour participer \u00e0 la m\u00e9diatisation d'un plus grand nombre de sports. Le chemin est long mais avec une \u00e9quipe des plus motiv\u00e9es et les Jeux Olympiques de Paris 2024 en point de mire, nous y arriverons ! Journaliste dans le monde du sport depuis plus de 5 ans, je traite aussi bien de football, de rugby, de biathlon que de cyclisme.\",\"sameAs\":[\"https:\/\/www.facebook.com\/dicodusport\",\"https:\/\/x.com\/https:\/\/twitter.com\/Nico_Jacquemard\"],\"url\":\"https:\/\/dicodusport.fr\/blog\/author\/dicodusport\/\"}]}<\/script>\n<!-- \/ Yoast SEO Premium plugin. -->","yoast_head_json":{"title":"- Arthur Reti\u00e8re s'engage avec le Stade Toulousain - Dicodusport","description":"TOP 14 - Le Stade Toulousain a officialis\u00e9 la signature d'Arthur Reti\u00e8re pour les trois prochaines saisons.","robots":{"index":"index","follow":"follow","max-snippet":"max-snippet:-1","max-image-preview":"max-image-preview:large","max-video-preview":"max-video-preview:-1"},"canonical":"https:\/\/dicodusport.fr\/blog\/arthur-retiere-sengage-avec-le-stade-toulousain\/","og_locale":"fr_FR","og_type":"article","og_title":"Arthur Reti\u00e8re s'engage avec le Stade Toulousain","og_description":"TOP 14 - Le Stade Toulousain a officialis\u00e9 la signature d'Arthur Reti\u00e8re pour les trois prochaines saisons.","og_url":"https:\/\/dicodusport.fr\/blog\/arthur-retiere-sengage-avec-le-stade-toulousain\/","og_site_name":"Dicodusport","article_publisher":"https:\/\/www.facebook.com\/dicodusport","article_author":"https:\/\/www.facebook.com\/dicodusport","article_published_time":"2022-05-19T10:58:49+00:00","article_modified_time":"2022-05-19T15:05:03+00:00","og_image":[{"width":800,"height":445,"url":"https:\/\/dicodusport.fr\/blog\/wp-content\/uploads\/2022\/05\/Arthur-Retie\u0300re-sengage-avec-le-Stade-Toulousain.png","type":"image\/png"}],"author":"Nicolas Jacquemard","twitter_card":"summary_large_image","twitter_title":"Arthur Reti\u00e8re s'engage avec le Stade Toulousain","twitter_creator":"@https:\/\/twitter.com\/Nico_Jacquemard","twitter_site":"@dicodusport","schema":{"@context":"https:\/\/schema.org","@graph":[{"@type":"NewsArticle","@id":"https:\/\/dicodusport.fr\/blog\/arthur-retiere-sengage-avec-le-stade-toulousain\/#article","isPartOf":{"@id":"https:\/\/dicodusport.fr\/blog\/arthur-retiere-sengage-avec-le-stade-toulousain\/"},"author":{"name":"Nicolas Jacquemard","@id":"https:\/\/dicodusport.fr\/blog\/#\/schema\/person\/55dcb50ad410894e431ed812bbb70191"},"headline":"Arthur Reti\u00e8re s&rsquo;engage avec le Stade Toulousain","datePublished":"2022-05-19T10:58:49+00:00","dateModified":"2022-05-19T15:05:03+00:00","mainEntityOfPage":{"@id":"https:\/\/dicodusport.fr\/blog\/arthur-retiere-sengage-avec-le-stade-toulousain\/"},"wordCount":216,"commentCount":0,"publisher":{"@id":"https:\/\/dicodusport.fr\/blog\/#organization"},"image":{"@id":"https:\/\/dicodusport.fr\/blog\/arthur-retiere-sengage-avec-le-stade-toulousain\/#primaryimage"},"thumbnailUrl":"https:\/\/dicodusport.fr\/blog\/wp-content\/uploads\/2022\/05\/Arthur-Retie\u0300re-sengage-avec-le-Stade-Toulousain.png","keywords":["Arthur Reti\u00e8re","Stade Toulousain","Top 14","Toulouse"],"articleSection":["Top 14"],"inLanguage":"fr-FR","potentialAction":[{"@type":"CommentAction","name":"Comment","target":["https:\/\/dicodusport.fr\/blog\/arthur-retiere-sengage-avec-le-stade-toulousain\/#respond"]}],"copyrightYear":"2022","copyrightHolder":{"@id":"https:\/\/dicodusport.fr\/blog\/#organization"}},{"@type":"WebPage","@id":"https:\/\/dicodusport.fr\/blog\/arthur-retiere-sengage-avec-le-stade-toulousain\/","url":"https:\/\/dicodusport.fr\/blog\/arthur-retiere-sengage-avec-le-stade-toulousain\/","name":"- Arthur Reti\u00e8re s'engage avec le Stade Toulousain - Dicodusport","isPartOf":{"@id":"https:\/\/dicodusport.fr\/blog\/#website"},"primaryImageOfPage":{"@id":"https:\/\/dicodusport.fr\/blog\/arthur-retiere-sengage-avec-le-stade-toulousain\/#primaryimage"},"image":{"@id":"https:\/\/dicodusport.fr\/blog\/arthur-retiere-sengage-avec-le-stade-toulousain\/#primaryimage"},"thumbnailUrl":"https:\/\/dicodusport.fr\/blog\/wp-content\/uploads\/2022\/05\/Arthur-Retie\u0300re-sengage-avec-le-Stade-Toulousain.png","datePublished":"2022-05-19T10:58:49+00:00","dateModified":"2022-05-19T15:05:03+00:00","description":"TOP 14 - Le Stade Toulousain a officialis\u00e9 la signature d'Arthur Reti\u00e8re pour les trois prochaines saisons.","breadcrumb":{"@id":"https:\/\/dicodusport.fr\/blog\/arthur-retiere-sengage-avec-le-stade-toulousain\/#breadcrumb"},"inLanguage":"fr-FR","potentialAction":[{"@type":"ReadAction","target":["https:\/\/dicodusport.fr\/blog\/arthur-retiere-sengage-avec-le-stade-toulousain\/"]}]},{"@type":"ImageObject","inLanguage":"fr-FR","@id":"https:\/\/dicodusport.fr\/blog\/arthur-retiere-sengage-avec-le-stade-toulousain\/#primaryimage","url":"https:\/\/dicodusport.fr\/blog\/wp-content\/uploads\/2022\/05\/Arthur-Retie\u0300re-sengage-avec-le-Stade-Toulousain.png","contentUrl":"https:\/\/dicodusport.fr\/blog\/wp-content\/uploads\/2022\/05\/Arthur-Retie\u0300re-sengage-avec-le-Stade-Toulousain.png","width":800,"height":445},{"@type":"BreadcrumbList","@id":"https:\/\/dicodusport.fr\/blog\/arthur-retiere-sengage-avec-le-stade-toulousain\/#breadcrumb","itemListElement":[{"@type":"ListItem","position":1,"name":"Accueil","item":"https:\/\/dicodusport.fr\/blog\/"},{"@type":"ListItem","position":2,"name":"Arthur Reti\u00e8re s&rsquo;engage avec le Stade Toulousain"}]},{"@type":"WebSite","@id":"https:\/\/dicodusport.fr\/blog\/#website","url":"https:\/\/dicodusport.fr\/blog\/","name":"Dicodusport","description":"L&#039;encyclop\u00e9die de l&#039;actualit\u00e9 sportive","publisher":{"@id":"https:\/\/dicodusport.fr\/blog\/#organization"},"potentialAction":[{"@type":"SearchAction","target":{"@type":"EntryPoint","urlTemplate":"https:\/\/dicodusport.fr\/blog\/?s={search_term_string}"},"query-input":{"@type":"PropertyValueSpecification","valueRequired":true,"valueName":"search_term_string"}}],"inLanguage":"fr-FR"},{"@type":"NewsMediaOrganization","@id":"https:\/\/dicodusport.fr\/blog\/#organization","name":"Dicodusport","url":"https:\/\/dicodusport.fr\/blog\/","logo":{"@type":"ImageObject","inLanguage":"fr-FR","@id":"https:\/\/dicodusport.fr\/blog\/#\/schema\/logo\/image\/","url":"https:\/\/dicodusport.fr\/blog\/wp-content\/uploads\/2020\/06\/cropped-LOGO-DICODUSPORT-2020-SANS-FOND-SANS-TEXTE.png","contentUrl":"https:\/\/dicodusport.fr\/blog\/wp-content\/uploads\/2020\/06\/cropped-LOGO-DICODUSPORT-2020-SANS-FOND-SANS-TEXTE.png","width":512,"height":512,"caption":"Dicodusport"},"image":{"@id":"https:\/\/dicodusport.fr\/blog\/#\/schema\/logo\/image\/"},"sameAs":["https:\/\/www.facebook.com\/dicodusport","https:\/\/x.com\/dicodusport","https:\/\/www.instagram.com\/dicodusport\/","https:\/\/www.youtube.com\/channel\/UC7V2KZ5sd3htJivAbA4ZG3w"],"description":"Dicodusport est l'encyclop\u00e9die de l'actualit\u00e9 sportive.","email":"bonjour@dicodusport.fr","legalName":"DICODUSPORT","foundingDate":"2018-01-14","vatID":"FR71834470973","taxID":"83447097300043","numberOfEmployees":{"@type":"QuantitativeValue","minValue":"1","maxValue":"10"}},{"@type":"Person","@id":"https:\/\/dicodusport.fr\/blog\/#\/schema\/person\/55dcb50ad410894e431ed812bbb70191","name":"Nicolas Jacquemard","image":{"@type":"ImageObject","inLanguage":"fr-FR","@id":"https:\/\/dicodusport.fr\/blog\/#\/schema\/person\/image\/","url":"https:\/\/dicodusport.fr\/blog\/wp-content\/uploads\/2021\/05\/Nicolas-Jacquemard-150x150.jpeg","contentUrl":"https:\/\/dicodusport.fr\/blog\/wp-content\/uploads\/2021\/05\/Nicolas-Jacquemard-150x150.jpeg","caption":"Nicolas Jacquemard"},"description":"Passionn\u00e9 de sport et entrepreneur depuis mes 18 ans, la cr\u00e9ation de Dicodusport m'a sembl\u00e9 \u00e9vidente pour participer \u00e0 la m\u00e9diatisation d'un plus grand nombre de sports. Le chemin est long mais avec une \u00e9quipe des plus motiv\u00e9es et les Jeux Olympiques de Paris 2024 en point de mire, nous y arriverons ! Journaliste dans le monde du sport depuis plus de 5 ans, je traite aussi bien de football, de rugby, de biathlon que de cyclisme.","sameAs":["https:\/\/www.facebook.com\/dicodusport","https:\/\/x.com\/https:\/\/twitter.com\/Nico_Jacquemard"],"url":"https:\/\/dicodusport.fr\/blog\/author\/dicodusport\/"}]}},"_links":{"self":[{"href":"https:\/\/dicodusport.fr\/blog\/wp-json\/wp\/v2\/posts\/224857","targetHints":{"allow":["GET"]}}],"collection":[{"href":"https:\/\/dicodusport.fr\/blog\/wp-json\/wp\/v2\/posts"}],"about":[{"href":"https:\/\/dicodusport.fr\/blog\/wp-json\/wp\/v2\/types\/post"}],"author":[{"embeddable":true,"href":"https:\/\/dicodusport.fr\/blog\/wp-json\/wp\/v2\/users\/1"}],"replies":[{"embeddable":true,"href":"https:\/\/dicodusport.fr\/blog\/wp-json\/wp\/v2\/comments?post=224857"}],"version-history":[{"count":0,"href":"https:\/\/dicodusport.fr\/blog\/wp-json\/wp\/v2\/posts\/224857\/revisions"}],"wp:featuredmedia":[{"embeddable":true,"href":"https:\/\/dicodusport.fr\/blog\/wp-json\/wp\/v2\/media\/224859"}],"wp:attachment":[{"href":"https:\/\/dicodusport.fr\/blog\/wp-json\/wp\/v2\/media?parent=224857"}],"wp:term":[{"taxonomy":"category","embeddable":true,"href":"https:\/\/dicodusport.fr\/blog\/wp-json\/wp\/v2\/categories?post=224857"},{"taxonomy":"post_tag","embeddable":true,"href":"https:\/\/dicodusport.fr\/blog\/wp-json\/wp\/v2\/tags?post=224857"}],"curies":[{"name":"wp","href":"https:\/\/api.w.org\/{rel}","templated":true}]}}