{"id":226097,"date":"2022-05-23T15:20:31","date_gmt":"2022-05-23T13:20:31","guid":{"rendered":"https:\/\/dicodusport.fr\/blog\/?p=226097&#038;preview=true&#038;preview_id=226097"},"modified":"2022-05-24T05:18:07","modified_gmt":"2022-05-24T03:18:07","slug":"escalade-mejdi-schalck-remporte-sa-premiere-coupe-du-monde-de-bloc-a-18-ans","status":"publish","type":"post","link":"https:\/\/dicodusport.fr\/blog\/escalade-mejdi-schalck-remporte-sa-premiere-coupe-du-monde-de-bloc-a-18-ans\/","title":{"rendered":"Escalade : Mejdi Schalck remporte sa premi\u00e8re Coupe du monde de bloc \u00e0 18 ans"},"content":{"rendered":"<p style=\"text-align: justify;\"><b><i>ESCALADE &#8211; Sensationnel Mejdi Schalck ! \u00c0 18 ans, le Fran\u00e7ais a remport\u00e9 ce dimanche sa premi\u00e8re Coupe du monde de bloc, \u00e0 Salt Lake City (USA). Une performance folle !<\/i><\/b><\/p>\n<p style=\"text-align: justify;\">Il y a un an quasiment jour pour jour, <strong>Mejdi Schalck<\/strong>, alors \u00e2g\u00e9 de 17 ans, obtenait son premier podium en Coupe du monde d&rsquo;escalade, une m\u00e9daille d&rsquo;argent \u00e0&#8230; Salt Lake City. Ce dimanche, le Savoyard a fait encore mieux. Qualifi\u00e9 de justesse en finale de bloc (6\u00e8me, les six premiers passent), Schalck a alors r\u00e9alis\u00e9 une vraie d\u00e9monstration. Troisi\u00e8me \u00e0 Meiringen (Suisse) et septi\u00e8me \u00e0 S\u00e9oul (Cor\u00e9e du Sud) en d\u00e9but de saison, le Fran\u00e7ais a encha\u00een\u00e9 les quatre blocs en 9 essais, soit deux tentatives de moins que le Japonais<strong> Ogata Yoshiyuki<\/strong>. Cette victoire est la premi\u00e8re pour un non-Japonais en Coupe du monde depuis un an, le premier succ\u00e8s fran\u00e7ais sur le circuit depuis 2019. Fort !<\/p>\n<blockquote class=\"twitter-tweet\">\n<p dir=\"ltr\" lang=\"fr\">&#x1f3c6; Mejdi <a href=\"https:\/\/twitter.com\/hashtag\/Schalck?src=hash&amp;ref_src=twsrc%5Etfw\">#Schalck<\/a> remporte la coupe du monde de bloc de Salt Lake City ! &#x1f9d7;&#x200d;&#x2642;&#xfe0f;<\/p>\n<p>\u00c0 seulement 18 ans, le fran\u00e7ais a domin\u00e9 cette nuit la finale de l&rsquo;\u00e9preuve de bloc \u00e0 Salt Lake City (4 tops). Il remporte ainsi la premi\u00e8re coupe du monde d&rsquo;<a href=\"https:\/\/twitter.com\/hashtag\/escalade?src=hash&amp;ref_src=twsrc%5Etfw\">#escalade<\/a> de sa carri\u00e8re. <a href=\"https:\/\/twitter.com\/hashtag\/SaltLakeCityWC?src=hash&amp;ref_src=twsrc%5Etfw\">#SaltLakeCityWC<\/a> <a href=\"https:\/\/t.co\/S1kp6iYuVq\">pic.twitter.com\/S1kp6iYuVq<\/a><\/p>\n<p>\u2014 Objectif Paris 2024 &#x1f1eb;&#x1f1f7; &#x1f947; (@Objectif_2024) <a href=\"https:\/\/twitter.com\/Objectif_2024\/status\/1528607304291065857?ref_src=twsrc%5Etfw\">May 23, 2022<\/a><\/p><\/blockquote>\n<p><script async src=\"https:\/\/platform.twitter.com\/widgets.js\" charset=\"utf-8\"><\/script><\/p>\n","protected":false},"excerpt":{"rendered":"<p>ESCALADE &#8211; Sensationnel Mejdi Schalck ! \u00c0 18 ans, le Fran\u00e7ais a remport\u00e9 ce dimanche sa premi\u00e8re Coupe du monde de bloc, \u00e0 Salt Lake City (USA). Une performance folle !<\/p>\n","protected":false},"author":4,"featured_media":226115,"comment_status":"open","ping_status":"closed","sticky":false,"template":"","format":"standard","meta":{"_acf_changed":false,"_daextam_enable_autolinks":"","footnotes":""},"categories":[10930],"tags":[23681,477,23682],"class_list":["post-226097","post","type-post","status-publish","format-standard","has-post-thumbnail","hentry","category-escalade","tag-coupe-du-monde-descalade","tag-escalade","tag-mejdi-schalck"],"acf":[],"yoast_head":"<!-- This site is optimized with the Yoast SEO Premium plugin v26.7 (Yoast SEO v26.7) - https:\/\/yoast.com\/wordpress\/plugins\/seo\/ -->\n<title>Escalade - Escalade : Mejdi Schalck remporte sa premi\u00e8re Coupe du monde de bloc \u00e0 18 ans - Dicodusport<\/title>\n<meta name=\"description\" content=\"ESCALADE - Sensationnel Mejdi Schalck ! \u00c0 18 ans, le Fran\u00e7ais a remport\u00e9 ce dimanche sa premi\u00e8re Coupe du monde de bloc, \u00e0 Salt Lake City (USA).\" \/>\n<meta name=\"robots\" content=\"index, follow, max-snippet:-1, max-image-preview:large, max-video-preview:-1\" \/>\n<link rel=\"canonical\" href=\"https:\/\/dicodusport.fr\/blog\/escalade-mejdi-schalck-remporte-sa-premiere-coupe-du-monde-de-bloc-a-18-ans\/\" \/>\n<meta property=\"og:locale\" content=\"fr_FR\" \/>\n<meta property=\"og:type\" content=\"article\" \/>\n<meta property=\"og:title\" content=\"Escalade : Mejdi Schalck remporte sa premi\u00e8re Coupe du monde de bloc \u00e0 18 ans\" \/>\n<meta property=\"og:description\" content=\"ESCALADE - Sensationnel Mejdi Schalck ! \u00c0 18 ans, le Fran\u00e7ais a remport\u00e9 ce dimanche sa premi\u00e8re Coupe du monde de bloc, \u00e0 Salt Lake City (USA).\" \/>\n<meta property=\"og:url\" content=\"https:\/\/dicodusport.fr\/blog\/escalade-mejdi-schalck-remporte-sa-premiere-coupe-du-monde-de-bloc-a-18-ans\/\" \/>\n<meta property=\"og:site_name\" content=\"Dicodusport\" \/>\n<meta property=\"article:publisher\" content=\"https:\/\/www.facebook.com\/dicodusport\" \/>\n<meta property=\"article:author\" content=\"https:\/\/www.facebook.com\/florent.ostermann\" \/>\n<meta property=\"article:published_time\" content=\"2022-05-23T13:20:31+00:00\" \/>\n<meta property=\"article:modified_time\" content=\"2022-05-24T03:18:07+00:00\" \/>\n<meta property=\"og:image\" content=\"https:\/\/dicodusport.fr\/blog\/wp-content\/uploads\/2022\/05\/Escalade-Mejdi-Schalck-remporte-sa-premiere-Coupe-du-monde-de-bloc-a-18-ans.png\" \/>\n\t<meta property=\"og:image:width\" content=\"800\" \/>\n\t<meta property=\"og:image:height\" content=\"445\" \/>\n\t<meta property=\"og:image:type\" content=\"image\/png\" \/>\n<meta name=\"author\" content=\"Flo Ostermann\" \/>\n<meta name=\"twitter:card\" content=\"summary_large_image\" \/>\n<meta name=\"twitter:title\" content=\"Escalade : Mejdi Schalck remporte sa premi\u00e8re Coupe du monde de bloc \u00e0 18 ans\" \/>\n<meta name=\"twitter:creator\" content=\"@https:\/\/twitter.com\/FlOstermann\" \/>\n<meta name=\"twitter:site\" content=\"@dicodusport\" \/>\n<script type=\"application\/ld+json\" class=\"yoast-schema-graph\">{\"@context\":\"https:\/\/schema.org\",\"@graph\":[{\"@type\":\"NewsArticle\",\"@id\":\"https:\/\/dicodusport.fr\/blog\/escalade-mejdi-schalck-remporte-sa-premiere-coupe-du-monde-de-bloc-a-18-ans\/#article\",\"isPartOf\":{\"@id\":\"https:\/\/dicodusport.fr\/blog\/escalade-mejdi-schalck-remporte-sa-premiere-coupe-du-monde-de-bloc-a-18-ans\/\"},\"author\":{\"name\":\"Flo Ostermann\",\"@id\":\"https:\/\/dicodusport.fr\/blog\/#\/schema\/person\/cb02af4c173ce4a653b55e9baf388d4a\"},\"headline\":\"Escalade : Mejdi Schalck remporte sa premi\u00e8re Coupe du monde de bloc \u00e0 18 ans\",\"datePublished\":\"2022-05-23T13:20:31+00:00\",\"dateModified\":\"2022-05-24T03:18:07+00:00\",\"mainEntityOfPage\":{\"@id\":\"https:\/\/dicodusport.fr\/blog\/escalade-mejdi-schalck-remporte-sa-premiere-coupe-du-monde-de-bloc-a-18-ans\/\"},\"wordCount\":247,\"commentCount\":0,\"publisher\":{\"@id\":\"https:\/\/dicodusport.fr\/blog\/#organization\"},\"image\":{\"@id\":\"https:\/\/dicodusport.fr\/blog\/escalade-mejdi-schalck-remporte-sa-premiere-coupe-du-monde-de-bloc-a-18-ans\/#primaryimage\"},\"thumbnailUrl\":\"https:\/\/dicodusport.fr\/blog\/wp-content\/uploads\/2022\/05\/Escalade-Mejdi-Schalck-remporte-sa-premiere-Coupe-du-monde-de-bloc-a-18-ans.png\",\"keywords\":[\"Coupe du monde d'escalade\",\"Escalade\",\"Mejdi Schalck\"],\"articleSection\":[\"Escalade\"],\"inLanguage\":\"fr-FR\",\"potentialAction\":[{\"@type\":\"CommentAction\",\"name\":\"Comment\",\"target\":[\"https:\/\/dicodusport.fr\/blog\/escalade-mejdi-schalck-remporte-sa-premiere-coupe-du-monde-de-bloc-a-18-ans\/#respond\"]}],\"copyrightYear\":\"2022\",\"copyrightHolder\":{\"@id\":\"https:\/\/dicodusport.fr\/blog\/#organization\"}},{\"@type\":\"WebPage\",\"@id\":\"https:\/\/dicodusport.fr\/blog\/escalade-mejdi-schalck-remporte-sa-premiere-coupe-du-monde-de-bloc-a-18-ans\/\",\"url\":\"https:\/\/dicodusport.fr\/blog\/escalade-mejdi-schalck-remporte-sa-premiere-coupe-du-monde-de-bloc-a-18-ans\/\",\"name\":\"Escalade - Escalade : Mejdi Schalck remporte sa premi\u00e8re Coupe du monde de bloc \u00e0 18 ans - Dicodusport\",\"isPartOf\":{\"@id\":\"https:\/\/dicodusport.fr\/blog\/#website\"},\"primaryImageOfPage\":{\"@id\":\"https:\/\/dicodusport.fr\/blog\/escalade-mejdi-schalck-remporte-sa-premiere-coupe-du-monde-de-bloc-a-18-ans\/#primaryimage\"},\"image\":{\"@id\":\"https:\/\/dicodusport.fr\/blog\/escalade-mejdi-schalck-remporte-sa-premiere-coupe-du-monde-de-bloc-a-18-ans\/#primaryimage\"},\"thumbnailUrl\":\"https:\/\/dicodusport.fr\/blog\/wp-content\/uploads\/2022\/05\/Escalade-Mejdi-Schalck-remporte-sa-premiere-Coupe-du-monde-de-bloc-a-18-ans.png\",\"datePublished\":\"2022-05-23T13:20:31+00:00\",\"dateModified\":\"2022-05-24T03:18:07+00:00\",\"description\":\"ESCALADE - Sensationnel Mejdi Schalck ! \u00c0 18 ans, le Fran\u00e7ais a remport\u00e9 ce dimanche sa premi\u00e8re Coupe du monde de bloc, \u00e0 Salt Lake City (USA).\",\"breadcrumb\":{\"@id\":\"https:\/\/dicodusport.fr\/blog\/escalade-mejdi-schalck-remporte-sa-premiere-coupe-du-monde-de-bloc-a-18-ans\/#breadcrumb\"},\"inLanguage\":\"fr-FR\",\"potentialAction\":[{\"@type\":\"ReadAction\",\"target\":[\"https:\/\/dicodusport.fr\/blog\/escalade-mejdi-schalck-remporte-sa-premiere-coupe-du-monde-de-bloc-a-18-ans\/\"]}]},{\"@type\":\"ImageObject\",\"inLanguage\":\"fr-FR\",\"@id\":\"https:\/\/dicodusport.fr\/blog\/escalade-mejdi-schalck-remporte-sa-premiere-coupe-du-monde-de-bloc-a-18-ans\/#primaryimage\",\"url\":\"https:\/\/dicodusport.fr\/blog\/wp-content\/uploads\/2022\/05\/Escalade-Mejdi-Schalck-remporte-sa-premiere-Coupe-du-monde-de-bloc-a-18-ans.png\",\"contentUrl\":\"https:\/\/dicodusport.fr\/blog\/wp-content\/uploads\/2022\/05\/Escalade-Mejdi-Schalck-remporte-sa-premiere-Coupe-du-monde-de-bloc-a-18-ans.png\",\"width\":800,\"height\":445,\"caption\":\"Escalade Mejdi Schalck remporte sa premi\u00e8re Coupe du monde de bloc \u00e0 18 ans\"},{\"@type\":\"BreadcrumbList\",\"@id\":\"https:\/\/dicodusport.fr\/blog\/escalade-mejdi-schalck-remporte-sa-premiere-coupe-du-monde-de-bloc-a-18-ans\/#breadcrumb\",\"itemListElement\":[{\"@type\":\"ListItem\",\"position\":1,\"name\":\"Accueil\",\"item\":\"https:\/\/dicodusport.fr\/blog\/\"},{\"@type\":\"ListItem\",\"position\":2,\"name\":\"Escalade : Mejdi Schalck remporte sa premi\u00e8re Coupe du monde de bloc \u00e0 18 ans\"}]},{\"@type\":\"WebSite\",\"@id\":\"https:\/\/dicodusport.fr\/blog\/#website\",\"url\":\"https:\/\/dicodusport.fr\/blog\/\",\"name\":\"Dicodusport\",\"description\":\"L&#039;encyclop\u00e9die de l&#039;actualit\u00e9 sportive\",\"publisher\":{\"@id\":\"https:\/\/dicodusport.fr\/blog\/#organization\"},\"potentialAction\":[{\"@type\":\"SearchAction\",\"target\":{\"@type\":\"EntryPoint\",\"urlTemplate\":\"https:\/\/dicodusport.fr\/blog\/?s={search_term_string}\"},\"query-input\":{\"@type\":\"PropertyValueSpecification\",\"valueRequired\":true,\"valueName\":\"search_term_string\"}}],\"inLanguage\":\"fr-FR\"},{\"@type\":\"NewsMediaOrganization\",\"@id\":\"https:\/\/dicodusport.fr\/blog\/#organization\",\"name\":\"Dicodusport\",\"url\":\"https:\/\/dicodusport.fr\/blog\/\",\"logo\":{\"@type\":\"ImageObject\",\"inLanguage\":\"fr-FR\",\"@id\":\"https:\/\/dicodusport.fr\/blog\/#\/schema\/logo\/image\/\",\"url\":\"https:\/\/dicodusport.fr\/blog\/wp-content\/uploads\/2020\/06\/cropped-LOGO-DICODUSPORT-2020-SANS-FOND-SANS-TEXTE.png\",\"contentUrl\":\"https:\/\/dicodusport.fr\/blog\/wp-content\/uploads\/2020\/06\/cropped-LOGO-DICODUSPORT-2020-SANS-FOND-SANS-TEXTE.png\",\"width\":512,\"height\":512,\"caption\":\"Dicodusport\"},\"image\":{\"@id\":\"https:\/\/dicodusport.fr\/blog\/#\/schema\/logo\/image\/\"},\"sameAs\":[\"https:\/\/www.facebook.com\/dicodusport\",\"https:\/\/x.com\/dicodusport\",\"https:\/\/www.instagram.com\/dicodusport\/\",\"https:\/\/www.youtube.com\/channel\/UC7V2KZ5sd3htJivAbA4ZG3w\"],\"description\":\"Dicodusport est l'encyclop\u00e9die de l'actualit\u00e9 sportive.\",\"email\":\"bonjour@dicodusport.fr\",\"legalName\":\"DICODUSPORT\",\"foundingDate\":\"2018-01-14\",\"vatID\":\"FR71834470973\",\"taxID\":\"83447097300043\",\"numberOfEmployees\":{\"@type\":\"QuantitativeValue\",\"minValue\":\"1\",\"maxValue\":\"10\"}},{\"@type\":\"Person\",\"@id\":\"https:\/\/dicodusport.fr\/blog\/#\/schema\/person\/cb02af4c173ce4a653b55e9baf388d4a\",\"name\":\"Flo Ostermann\",\"image\":{\"@type\":\"ImageObject\",\"inLanguage\":\"fr-FR\",\"@id\":\"https:\/\/dicodusport.fr\/blog\/#\/schema\/person\/image\/\",\"url\":\"https:\/\/dicodusport.fr\/blog\/wp-content\/uploads\/2021\/05\/Flo-Ostermann-150x150.jpg\",\"contentUrl\":\"https:\/\/dicodusport.fr\/blog\/wp-content\/uploads\/2021\/05\/Flo-Ostermann-150x150.jpg\",\"caption\":\"Flo Ostermann\"},\"description\":\"Journaliste\/R\u00e9dacteur depuis septembre 2015 - Mes premiers souvenirs dans le sport ? Les envol\u00e9es du Stade Toulousain et les duels Villeneuve-Schumacher et H\u00e4kkinen-Schumacher \u00e0 la fin des ann\u00e9es 90, la Coupe du monde de football en 1998, l\u2019exploit du XV de France face aux All Blacks en 1999, mais aussi Richard C\u0153ur de Lion qui vole sur les montagnes du Tour de France. Bien parti pour devenir professeur d\u2019EPS, les \u00e9v\u00e9nements de la vie (et la flemme d\u2019animer des s\u00e9ances de 3x500 m\u00e8tres toute ma vie) m\u2019ont conduit \u00e0 revoir mes plans. Me voil\u00e0 depuis fin 2017 sur Dicodusport, m\u00e9dia gr\u00e2ce (et pour) lequel je partage ma passion : le sport dans tous ses \u00e9tats. Le tout accompagn\u00e9 par les fous furieux et folles furieuses cit\u00e9s sur cette page !\",\"sameAs\":[\"https:\/\/www.facebook.com\/florent.ostermann\",\"https:\/\/x.com\/https:\/\/twitter.com\/FlOstermann\",\"admin\"],\"url\":\"https:\/\/dicodusport.fr\/blog\/author\/flo\/\"}]}<\/script>\n<!-- \/ Yoast SEO Premium plugin. -->","yoast_head_json":{"title":"Escalade - Escalade : Mejdi Schalck remporte sa premi\u00e8re Coupe du monde de bloc \u00e0 18 ans - Dicodusport","description":"ESCALADE - Sensationnel Mejdi Schalck ! \u00c0 18 ans, le Fran\u00e7ais a remport\u00e9 ce dimanche sa premi\u00e8re Coupe du monde de bloc, \u00e0 Salt Lake City (USA).","robots":{"index":"index","follow":"follow","max-snippet":"max-snippet:-1","max-image-preview":"max-image-preview:large","max-video-preview":"max-video-preview:-1"},"canonical":"https:\/\/dicodusport.fr\/blog\/escalade-mejdi-schalck-remporte-sa-premiere-coupe-du-monde-de-bloc-a-18-ans\/","og_locale":"fr_FR","og_type":"article","og_title":"Escalade : Mejdi Schalck remporte sa premi\u00e8re Coupe du monde de bloc \u00e0 18 ans","og_description":"ESCALADE - Sensationnel Mejdi Schalck ! \u00c0 18 ans, le Fran\u00e7ais a remport\u00e9 ce dimanche sa premi\u00e8re Coupe du monde de bloc, \u00e0 Salt Lake City (USA).","og_url":"https:\/\/dicodusport.fr\/blog\/escalade-mejdi-schalck-remporte-sa-premiere-coupe-du-monde-de-bloc-a-18-ans\/","og_site_name":"Dicodusport","article_publisher":"https:\/\/www.facebook.com\/dicodusport","article_author":"https:\/\/www.facebook.com\/florent.ostermann","article_published_time":"2022-05-23T13:20:31+00:00","article_modified_time":"2022-05-24T03:18:07+00:00","og_image":[{"width":800,"height":445,"url":"https:\/\/dicodusport.fr\/blog\/wp-content\/uploads\/2022\/05\/Escalade-Mejdi-Schalck-remporte-sa-premiere-Coupe-du-monde-de-bloc-a-18-ans.png","type":"image\/png"}],"author":"Flo Ostermann","twitter_card":"summary_large_image","twitter_title":"Escalade : Mejdi Schalck remporte sa premi\u00e8re Coupe du monde de bloc \u00e0 18 ans","twitter_creator":"@https:\/\/twitter.com\/FlOstermann","twitter_site":"@dicodusport","schema":{"@context":"https:\/\/schema.org","@graph":[{"@type":"NewsArticle","@id":"https:\/\/dicodusport.fr\/blog\/escalade-mejdi-schalck-remporte-sa-premiere-coupe-du-monde-de-bloc-a-18-ans\/#article","isPartOf":{"@id":"https:\/\/dicodusport.fr\/blog\/escalade-mejdi-schalck-remporte-sa-premiere-coupe-du-monde-de-bloc-a-18-ans\/"},"author":{"name":"Flo Ostermann","@id":"https:\/\/dicodusport.fr\/blog\/#\/schema\/person\/cb02af4c173ce4a653b55e9baf388d4a"},"headline":"Escalade : Mejdi Schalck remporte sa premi\u00e8re Coupe du monde de bloc \u00e0 18 ans","datePublished":"2022-05-23T13:20:31+00:00","dateModified":"2022-05-24T03:18:07+00:00","mainEntityOfPage":{"@id":"https:\/\/dicodusport.fr\/blog\/escalade-mejdi-schalck-remporte-sa-premiere-coupe-du-monde-de-bloc-a-18-ans\/"},"wordCount":247,"commentCount":0,"publisher":{"@id":"https:\/\/dicodusport.fr\/blog\/#organization"},"image":{"@id":"https:\/\/dicodusport.fr\/blog\/escalade-mejdi-schalck-remporte-sa-premiere-coupe-du-monde-de-bloc-a-18-ans\/#primaryimage"},"thumbnailUrl":"https:\/\/dicodusport.fr\/blog\/wp-content\/uploads\/2022\/05\/Escalade-Mejdi-Schalck-remporte-sa-premiere-Coupe-du-monde-de-bloc-a-18-ans.png","keywords":["Coupe du monde d'escalade","Escalade","Mejdi Schalck"],"articleSection":["Escalade"],"inLanguage":"fr-FR","potentialAction":[{"@type":"CommentAction","name":"Comment","target":["https:\/\/dicodusport.fr\/blog\/escalade-mejdi-schalck-remporte-sa-premiere-coupe-du-monde-de-bloc-a-18-ans\/#respond"]}],"copyrightYear":"2022","copyrightHolder":{"@id":"https:\/\/dicodusport.fr\/blog\/#organization"}},{"@type":"WebPage","@id":"https:\/\/dicodusport.fr\/blog\/escalade-mejdi-schalck-remporte-sa-premiere-coupe-du-monde-de-bloc-a-18-ans\/","url":"https:\/\/dicodusport.fr\/blog\/escalade-mejdi-schalck-remporte-sa-premiere-coupe-du-monde-de-bloc-a-18-ans\/","name":"Escalade - Escalade : Mejdi Schalck remporte sa premi\u00e8re Coupe du monde de bloc \u00e0 18 ans - Dicodusport","isPartOf":{"@id":"https:\/\/dicodusport.fr\/blog\/#website"},"primaryImageOfPage":{"@id":"https:\/\/dicodusport.fr\/blog\/escalade-mejdi-schalck-remporte-sa-premiere-coupe-du-monde-de-bloc-a-18-ans\/#primaryimage"},"image":{"@id":"https:\/\/dicodusport.fr\/blog\/escalade-mejdi-schalck-remporte-sa-premiere-coupe-du-monde-de-bloc-a-18-ans\/#primaryimage"},"thumbnailUrl":"https:\/\/dicodusport.fr\/blog\/wp-content\/uploads\/2022\/05\/Escalade-Mejdi-Schalck-remporte-sa-premiere-Coupe-du-monde-de-bloc-a-18-ans.png","datePublished":"2022-05-23T13:20:31+00:00","dateModified":"2022-05-24T03:18:07+00:00","description":"ESCALADE - Sensationnel Mejdi Schalck ! \u00c0 18 ans, le Fran\u00e7ais a remport\u00e9 ce dimanche sa premi\u00e8re Coupe du monde de bloc, \u00e0 Salt Lake City (USA).","breadcrumb":{"@id":"https:\/\/dicodusport.fr\/blog\/escalade-mejdi-schalck-remporte-sa-premiere-coupe-du-monde-de-bloc-a-18-ans\/#breadcrumb"},"inLanguage":"fr-FR","potentialAction":[{"@type":"ReadAction","target":["https:\/\/dicodusport.fr\/blog\/escalade-mejdi-schalck-remporte-sa-premiere-coupe-du-monde-de-bloc-a-18-ans\/"]}]},{"@type":"ImageObject","inLanguage":"fr-FR","@id":"https:\/\/dicodusport.fr\/blog\/escalade-mejdi-schalck-remporte-sa-premiere-coupe-du-monde-de-bloc-a-18-ans\/#primaryimage","url":"https:\/\/dicodusport.fr\/blog\/wp-content\/uploads\/2022\/05\/Escalade-Mejdi-Schalck-remporte-sa-premiere-Coupe-du-monde-de-bloc-a-18-ans.png","contentUrl":"https:\/\/dicodusport.fr\/blog\/wp-content\/uploads\/2022\/05\/Escalade-Mejdi-Schalck-remporte-sa-premiere-Coupe-du-monde-de-bloc-a-18-ans.png","width":800,"height":445,"caption":"Escalade Mejdi Schalck remporte sa premi\u00e8re Coupe du monde de bloc \u00e0 18 ans"},{"@type":"BreadcrumbList","@id":"https:\/\/dicodusport.fr\/blog\/escalade-mejdi-schalck-remporte-sa-premiere-coupe-du-monde-de-bloc-a-18-ans\/#breadcrumb","itemListElement":[{"@type":"ListItem","position":1,"name":"Accueil","item":"https:\/\/dicodusport.fr\/blog\/"},{"@type":"ListItem","position":2,"name":"Escalade : Mejdi Schalck remporte sa premi\u00e8re Coupe du monde de bloc \u00e0 18 ans"}]},{"@type":"WebSite","@id":"https:\/\/dicodusport.fr\/blog\/#website","url":"https:\/\/dicodusport.fr\/blog\/","name":"Dicodusport","description":"L&#039;encyclop\u00e9die de l&#039;actualit\u00e9 sportive","publisher":{"@id":"https:\/\/dicodusport.fr\/blog\/#organization"},"potentialAction":[{"@type":"SearchAction","target":{"@type":"EntryPoint","urlTemplate":"https:\/\/dicodusport.fr\/blog\/?s={search_term_string}"},"query-input":{"@type":"PropertyValueSpecification","valueRequired":true,"valueName":"search_term_string"}}],"inLanguage":"fr-FR"},{"@type":"NewsMediaOrganization","@id":"https:\/\/dicodusport.fr\/blog\/#organization","name":"Dicodusport","url":"https:\/\/dicodusport.fr\/blog\/","logo":{"@type":"ImageObject","inLanguage":"fr-FR","@id":"https:\/\/dicodusport.fr\/blog\/#\/schema\/logo\/image\/","url":"https:\/\/dicodusport.fr\/blog\/wp-content\/uploads\/2020\/06\/cropped-LOGO-DICODUSPORT-2020-SANS-FOND-SANS-TEXTE.png","contentUrl":"https:\/\/dicodusport.fr\/blog\/wp-content\/uploads\/2020\/06\/cropped-LOGO-DICODUSPORT-2020-SANS-FOND-SANS-TEXTE.png","width":512,"height":512,"caption":"Dicodusport"},"image":{"@id":"https:\/\/dicodusport.fr\/blog\/#\/schema\/logo\/image\/"},"sameAs":["https:\/\/www.facebook.com\/dicodusport","https:\/\/x.com\/dicodusport","https:\/\/www.instagram.com\/dicodusport\/","https:\/\/www.youtube.com\/channel\/UC7V2KZ5sd3htJivAbA4ZG3w"],"description":"Dicodusport est l'encyclop\u00e9die de l'actualit\u00e9 sportive.","email":"bonjour@dicodusport.fr","legalName":"DICODUSPORT","foundingDate":"2018-01-14","vatID":"FR71834470973","taxID":"83447097300043","numberOfEmployees":{"@type":"QuantitativeValue","minValue":"1","maxValue":"10"}},{"@type":"Person","@id":"https:\/\/dicodusport.fr\/blog\/#\/schema\/person\/cb02af4c173ce4a653b55e9baf388d4a","name":"Flo Ostermann","image":{"@type":"ImageObject","inLanguage":"fr-FR","@id":"https:\/\/dicodusport.fr\/blog\/#\/schema\/person\/image\/","url":"https:\/\/dicodusport.fr\/blog\/wp-content\/uploads\/2021\/05\/Flo-Ostermann-150x150.jpg","contentUrl":"https:\/\/dicodusport.fr\/blog\/wp-content\/uploads\/2021\/05\/Flo-Ostermann-150x150.jpg","caption":"Flo Ostermann"},"description":"Journaliste\/R\u00e9dacteur depuis septembre 2015 - Mes premiers souvenirs dans le sport ? Les envol\u00e9es du Stade Toulousain et les duels Villeneuve-Schumacher et H\u00e4kkinen-Schumacher \u00e0 la fin des ann\u00e9es 90, la Coupe du monde de football en 1998, l\u2019exploit du XV de France face aux All Blacks en 1999, mais aussi Richard C\u0153ur de Lion qui vole sur les montagnes du Tour de France. Bien parti pour devenir professeur d\u2019EPS, les \u00e9v\u00e9nements de la vie (et la flemme d\u2019animer des s\u00e9ances de 3x500 m\u00e8tres toute ma vie) m\u2019ont conduit \u00e0 revoir mes plans. Me voil\u00e0 depuis fin 2017 sur Dicodusport, m\u00e9dia gr\u00e2ce (et pour) lequel je partage ma passion : le sport dans tous ses \u00e9tats. Le tout accompagn\u00e9 par les fous furieux et folles furieuses cit\u00e9s sur cette page !","sameAs":["https:\/\/www.facebook.com\/florent.ostermann","https:\/\/x.com\/https:\/\/twitter.com\/FlOstermann","admin"],"url":"https:\/\/dicodusport.fr\/blog\/author\/flo\/"}]}},"_links":{"self":[{"href":"https:\/\/dicodusport.fr\/blog\/wp-json\/wp\/v2\/posts\/226097","targetHints":{"allow":["GET"]}}],"collection":[{"href":"https:\/\/dicodusport.fr\/blog\/wp-json\/wp\/v2\/posts"}],"about":[{"href":"https:\/\/dicodusport.fr\/blog\/wp-json\/wp\/v2\/types\/post"}],"author":[{"embeddable":true,"href":"https:\/\/dicodusport.fr\/blog\/wp-json\/wp\/v2\/users\/4"}],"replies":[{"embeddable":true,"href":"https:\/\/dicodusport.fr\/blog\/wp-json\/wp\/v2\/comments?post=226097"}],"version-history":[{"count":0,"href":"https:\/\/dicodusport.fr\/blog\/wp-json\/wp\/v2\/posts\/226097\/revisions"}],"wp:featuredmedia":[{"embeddable":true,"href":"https:\/\/dicodusport.fr\/blog\/wp-json\/wp\/v2\/media\/226115"}],"wp:attachment":[{"href":"https:\/\/dicodusport.fr\/blog\/wp-json\/wp\/v2\/media?parent=226097"}],"wp:term":[{"taxonomy":"category","embeddable":true,"href":"https:\/\/dicodusport.fr\/blog\/wp-json\/wp\/v2\/categories?post=226097"},{"taxonomy":"post_tag","embeddable":true,"href":"https:\/\/dicodusport.fr\/blog\/wp-json\/wp\/v2\/tags?post=226097"}],"curies":[{"name":"wp","href":"https:\/\/api.w.org\/{rel}","templated":true}]}}