{"id":22623,"date":"2018-07-25T17:45:51","date_gmt":"2018-07-25T15:45:51","guid":{"rendered":"http:\/\/dicodusport.fr\/blog\/?p=22623"},"modified":"2018-07-25T18:08:38","modified_gmt":"2018-07-25T16:08:38","slug":"tour-de-france-quintana-bardet-froome-ce-quil-faut-retenir-de-la-17eme-etape","status":"publish","type":"post","link":"https:\/\/dicodusport.fr\/blog\/tour-de-france-quintana-bardet-froome-ce-quil-faut-retenir-de-la-17eme-etape\/","title":{"rendered":"Tour de France : Quintana, Bardet, Froome, ce qu&rsquo;il faut retenir de la 17\u00e8me \u00e9tape"},"content":{"rendered":"<p style=\"text-align: justify;\"><strong><em>Victoire de Nairo Quintana devant Dan Martin et Geraint Thomas. Voici ce qu&rsquo;il faut retenir de cette 17\u00e8me \u00e9tape.<\/em><\/strong><\/p>\n<p style=\"text-align: justify;\"><strong>Un final intense :\u00a0<\/strong>Si Nairo Quintana et Dan Martin ont allum\u00e9 les premiers, Primoz Roglic et Chris Froome ont fait exploser le groupe des favoris \u00e0 13 km de l&rsquo;arriv\u00e9e. Derri\u00e8re, c&rsquo;est Tom Dumoulin qui a ramen\u00e9 Geraint Thomas, Mikel Landa, Romain Bardet, Steven Kruijswijk et Egan Bernal sur le Slov\u00e8ne et le quadruple vainqueur du Tour. Dans le m\u00eame temps, Quintana s&rsquo;envolait et profitait d&rsquo;Alejandro Valverde pour revenir tr\u00e8s pr\u00e8s du rescap\u00e9 de l&rsquo;\u00e9chapp\u00e9e, l&rsquo;Estonien Tanel Kangert (Astana), au point de le rejoindre et de le d\u00e9poser \u00e0 moins de 9 km de l&rsquo;arriv\u00e9e, en compagnie du guerrier polonais Rafal Majka.<\/p>\n<p style=\"text-align: justify;\">D\u00e8s les premi\u00e8res pentes du Col du Portet apr\u00e8s Espiaube, Quintana laissait sur place Majka. Serein et a\u00e9rien comme \u00e0 la belle \u00e9poque, le dauphin de Christopher Froome en 2013 et 2015 a r\u00e9sist\u00e9 \u00e0 Dan Martin, en embuscade, pour s&rsquo;imposer au sommet, remportant sa deuxi\u00e8me victoire sur un Tour de France. Derri\u00e8re, c&rsquo;est une attaque de Tom Dumoulin \u00e0 2 km de l&rsquo;arriv\u00e9e qui a condamn\u00e9 Christopher Froome, scotch\u00e9 sur les pentes du Portet dans la roue de Bernal. Le plus fort, c&rsquo;est bien le maillot jaune, Geraint Thomas, qui a grappill\u00e9 quelques secondes suppl\u00e9mentaires sur Dumoulin et Roglic. Le N\u00e9erlandais s&#8217;empare malgr\u00e9 tout de la deuxi\u00e8me place du classement g\u00e9n\u00e9ral.<\/p>\n<p style=\"text-align: justify;\"><strong>Bardet, la d\u00e9ception :<\/strong> C&rsquo;est \u00e0 moins de 6 km du terme de cette \u00e9tape que Romain Bardet a d\u00fb se rendre \u00e0 l&rsquo;\u00e9vidence. A l&rsquo;ouvrage depuis le pied de de la derni\u00e8re difficult\u00e9, le coureur de Brioude n&rsquo;a pas pu suivre les cadors que sont Thomas, Froome, Dumoulin, Roglic et Landa. Sans doute marqu\u00e9 par un d\u00e9but de Tour chaotique, les jambes n&rsquo;ont pas r\u00e9pondu et conc\u00e8de aujourd&rsquo;hui 1&rsquo;18\u00a0\u00bb sur Thomas. Il recule \u00e0 la 8\u00e8me place du classement g\u00e9n\u00e9ral. Dur.<\/p>\n<div id=\"attachment_22634\" style=\"width: 601px\" class=\"wp-caption aligncenter\"><img loading=\"lazy\" decoding=\"async\" aria-describedby=\"caption-attachment-22634\" class=\" wp-image-22634\" src=\"http:\/\/dicodusport.fr\/blog\/wp-content\/uploads\/2018\/07\/Classement-g\u00e9n\u00e9ral-17\u00e8me-\u00e9tape.png\" alt=\"\" width=\"591\" height=\"340\" srcset=\"https:\/\/dicodusport.fr\/blog\/wp-content\/uploads\/2018\/07\/Classement-g\u00e9n\u00e9ral-17\u00e8me-\u00e9tape.png 822w, https:\/\/dicodusport.fr\/blog\/wp-content\/uploads\/2018\/07\/Classement-g\u00e9n\u00e9ral-17\u00e8me-\u00e9tape-300x173.png 300w, https:\/\/dicodusport.fr\/blog\/wp-content\/uploads\/2018\/07\/Classement-g\u00e9n\u00e9ral-17\u00e8me-\u00e9tape-768x442.png 768w\" sizes=\"auto, (max-width: 591px) 100vw, 591px\" \/><p id=\"caption-attachment-22634\" class=\"wp-caption-text\">Classement g\u00e9n\u00e9ral apr\u00e8s la 17\u00e8me \u00e9tape &#8211; ASO<\/p><\/div>\n<p style=\"text-align: justify;\"><strong>AG2R, le coup d&rsquo;\u00e9p\u00e9e dans l&rsquo;eau : <\/strong>D\u00e9cevant, d&rsquo;autant plus que Romain Bardet avait mobilis\u00e9 ses co\u00e9quipiers dans la deuxi\u00e8me ascension du jour. On commen\u00e7ait presque \u00e0 s&rsquo;ennuyer lorsque les AG2R ont acc\u00e9l\u00e9r\u00e9 dans le col de Val Louron-Azet. Mais avec une \u00e9quipe amput\u00e9e de trois coureurs, difficile de faire trembler l&rsquo;armada Sky. Si Silvan Dillier et Pierre Latour ont appuy\u00e9 un tr\u00e8s long relais, Oliver Naesen n&rsquo;a m\u00eame pas pu en prendre un, tandis que Mathias Frank, victime d&rsquo;une crevaison au pied du col, n&rsquo;a pas pu donner de coup de main. Lorsque Latour s&rsquo;est \u00e9cart\u00e9, en se mettant gentiment dans le rouge, plus personne n&rsquo;\u00e9tait l\u00e0. Difficile de comprendre la strat\u00e9gie des <em>Ciel et Terre.<\/em><\/p>\n<p style=\"text-align: justify;\"><b>Une grille de d\u00e9part qui fait flop :\u00a0<\/b>C&rsquo;\u00e9tait l&rsquo;une des innovations de cette Grande Boucle : un d\u00e9part sur une grille, comme en Formule 1 ou en motocross. Les 20 premiers du classement g\u00e9n\u00e9ral \u00e9taient donc \u00e0 l&rsquo;avant lorsque le d\u00e9part a \u00e9t\u00e9 donn\u00e9. Si on pouvait se douter que les favoris n&rsquo;allaient pas se bagarrer sur les 100 premiers m\u00e8tres, cette nouveaut\u00e9 n&rsquo;aura pas chang\u00e9 grand chose, puisque ce sont les baroudeurs qui ont d\u00e9marr\u00e9 en trombe dans la mont\u00e9e du Col du Peyresourde. Un flop.<\/p>\n<p style=\"text-align: justify;\"><strong>Alaphilippe, des pois de plus en plus nombreux : <\/strong>Parti en contre derri\u00e8re l&rsquo;\u00e9chapp\u00e9e men\u00e9e par Tanel Kangert, Julian Alaphilippe a de nouveau fait le show aujourd&rsquo;hui. Second au sommet de Peyragudes et en t\u00eate en haut de Val Louret-Azet, le double vainqueur d&rsquo;\u00e9tapes au Grand-Bornand et \u00e0 Bagn\u00e8res-de-Luchon hier a inscrit 18 nouveaux points. Avec 67 points d&rsquo;avance sur Warren Barguil, il semble plus que jamais bien parti pour conserver sa tunique jusqu&rsquo;\u00e0 Paris.<\/p>\n<p><em><strong>F<\/strong><\/em><em><strong>lo Ostermann<br \/>\n<a href=\"https:\/\/www.facebook.com\/florent.ostermann\"><img loading=\"lazy\" decoding=\"async\" class=\"alignnone wp-image-2909\" src=\"http:\/\/dicodusport.fr\/blog\/wp-content\/uploads\/2017\/07\/logo-facebook-150x150.png\" sizes=\"auto, (max-width: 40px) 100vw, 40px\" srcset=\"https:\/\/dicodusport.fr\/blog\/wp-content\/uploads\/2017\/07\/logo-facebook-150x150.png 150w, https:\/\/dicodusport.fr\/blog\/wp-content\/uploads\/2017\/07\/logo-facebook-300x300.png 300w, https:\/\/dicodusport.fr\/blog\/wp-content\/uploads\/2017\/07\/logo-facebook.png 400w\" alt=\"\" width=\"40\" height=\"40\" \/><\/a><a href=\"https:\/\/twitter.com\/SportInsideMag\"><img loading=\"lazy\" decoding=\"async\" class=\"alignnone wp-image-2908\" src=\"http:\/\/dicodusport.fr\/blog\/wp-content\/uploads\/2017\/07\/logo-twitter-150x150.png\" alt=\"\" width=\"39\" height=\"39\" \/><\/a><\/strong><\/em><\/p>\n","protected":false},"excerpt":{"rendered":"<p>Victoire de Nairo Quintana devant Dan Martin et Geraint Thomas. Voici ce qu&rsquo;il faut retenir de cette 17\u00e8me \u00e9tape.<\/p>\n","protected":false},"author":4,"featured_media":22629,"comment_status":"open","ping_status":"closed","sticky":false,"template":"","format":"standard","meta":{"_acf_changed":false,"_daextam_enable_autolinks":"","footnotes":""},"categories":[2,2307,46995],"tags":[5324,574,1262],"class_list":["post-22623","post","type-post","status-publish","format-standard","has-post-thumbnail","hentry","category-actualites","category-cyclisme","category-tour-de-france","tag-carcassonne","tag-cyclisme","tag-tour-de-france"],"acf":[],"yoast_head":"<!-- This site is optimized with the Yoast SEO Premium plugin v26.7 (Yoast SEO v26.7) - https:\/\/yoast.com\/wordpress\/plugins\/seo\/ -->\n<title>Tour de France : Quintana, Bardet, Froome, ce qu&#039;il faut retenir de la 17\u00e8me \u00e9tape<\/title>\n<meta name=\"description\" content=\"Victoire de Nairo Quintana devant Dan Martin et Geraint Thomas. Voici ce qu&#039;il faut retenir de cette 17\u00e8me \u00e9tape.\" \/>\n<meta name=\"robots\" content=\"index, follow, max-snippet:-1, max-image-preview:large, max-video-preview:-1\" \/>\n<link rel=\"canonical\" href=\"https:\/\/dicodusport.fr\/blog\/tour-de-france-quintana-bardet-froome-ce-quil-faut-retenir-de-la-17eme-etape\/\" \/>\n<meta property=\"og:locale\" content=\"fr_FR\" \/>\n<meta property=\"og:type\" content=\"article\" \/>\n<meta property=\"og:title\" content=\"Tour de France : Quintana, Bardet, Froome, ce qu&#039;il faut retenir de la 17\u00e8me \u00e9tape\" \/>\n<meta property=\"og:description\" content=\"Victoire de Nairo Quintana devant Dan Martin et Geraint Thomas. Voici ce qu&#039;il faut retenir de cette 17\u00e8me \u00e9tape.\" \/>\n<meta property=\"og:url\" content=\"https:\/\/dicodusport.fr\/blog\/tour-de-france-quintana-bardet-froome-ce-quil-faut-retenir-de-la-17eme-etape\/\" \/>\n<meta property=\"og:site_name\" content=\"Dicodusport\" \/>\n<meta property=\"article:publisher\" content=\"https:\/\/www.facebook.com\/dicodusport\" \/>\n<meta property=\"article:author\" content=\"https:\/\/www.facebook.com\/florent.ostermann\" \/>\n<meta property=\"article:published_time\" content=\"2018-07-25T15:45:51+00:00\" \/>\n<meta property=\"article:modified_time\" content=\"2018-07-25T16:08:38+00:00\" \/>\n<meta property=\"og:image\" content=\"https:\/\/dicodusport.fr\/blog\/wp-content\/uploads\/2018\/07\/Nairo-Quintana-1.png\" \/>\n\t<meta property=\"og:image:width\" content=\"800\" \/>\n\t<meta property=\"og:image:height\" content=\"445\" \/>\n\t<meta property=\"og:image:type\" content=\"image\/png\" \/>\n<meta name=\"author\" content=\"Flo Ostermann\" \/>\n<meta name=\"twitter:card\" content=\"summary_large_image\" \/>\n<meta name=\"twitter:creator\" content=\"@https:\/\/twitter.com\/FlOstermann\" \/>\n<meta name=\"twitter:site\" content=\"@dicodusport\" \/>\n<script type=\"application\/ld+json\" class=\"yoast-schema-graph\">{\"@context\":\"https:\/\/schema.org\",\"@graph\":[{\"@type\":\"NewsArticle\",\"@id\":\"https:\/\/dicodusport.fr\/blog\/tour-de-france-quintana-bardet-froome-ce-quil-faut-retenir-de-la-17eme-etape\/#article\",\"isPartOf\":{\"@id\":\"https:\/\/dicodusport.fr\/blog\/tour-de-france-quintana-bardet-froome-ce-quil-faut-retenir-de-la-17eme-etape\/\"},\"author\":{\"name\":\"Flo Ostermann\",\"@id\":\"https:\/\/dicodusport.fr\/blog\/#\/schema\/person\/cb02af4c173ce4a653b55e9baf388d4a\"},\"headline\":\"Tour de France : Quintana, Bardet, Froome, ce qu&rsquo;il faut retenir de la 17\u00e8me \u00e9tape\",\"datePublished\":\"2018-07-25T15:45:51+00:00\",\"dateModified\":\"2018-07-25T16:08:38+00:00\",\"mainEntityOfPage\":{\"@id\":\"https:\/\/dicodusport.fr\/blog\/tour-de-france-quintana-bardet-froome-ce-quil-faut-retenir-de-la-17eme-etape\/\"},\"wordCount\":696,\"commentCount\":0,\"publisher\":{\"@id\":\"https:\/\/dicodusport.fr\/blog\/#organization\"},\"image\":{\"@id\":\"https:\/\/dicodusport.fr\/blog\/tour-de-france-quintana-bardet-froome-ce-quil-faut-retenir-de-la-17eme-etape\/#primaryimage\"},\"thumbnailUrl\":\"https:\/\/dicodusport.fr\/blog\/wp-content\/uploads\/2018\/07\/Nairo-Quintana-1.png\",\"keywords\":[\"Carcassonne\",\"Cyclisme\",\"Tour de France\"],\"articleSection\":[\"Actualit\u00e9s\",\"Cyclisme\",\"Tour de France\"],\"inLanguage\":\"fr-FR\",\"potentialAction\":[{\"@type\":\"CommentAction\",\"name\":\"Comment\",\"target\":[\"https:\/\/dicodusport.fr\/blog\/tour-de-france-quintana-bardet-froome-ce-quil-faut-retenir-de-la-17eme-etape\/#respond\"]}],\"copyrightYear\":\"2018\",\"copyrightHolder\":{\"@id\":\"https:\/\/dicodusport.fr\/blog\/#organization\"}},{\"@type\":\"WebPage\",\"@id\":\"https:\/\/dicodusport.fr\/blog\/tour-de-france-quintana-bardet-froome-ce-quil-faut-retenir-de-la-17eme-etape\/\",\"url\":\"https:\/\/dicodusport.fr\/blog\/tour-de-france-quintana-bardet-froome-ce-quil-faut-retenir-de-la-17eme-etape\/\",\"name\":\"Tour de France : Quintana, Bardet, Froome, ce qu'il faut retenir de la 17\u00e8me \u00e9tape\",\"isPartOf\":{\"@id\":\"https:\/\/dicodusport.fr\/blog\/#website\"},\"primaryImageOfPage\":{\"@id\":\"https:\/\/dicodusport.fr\/blog\/tour-de-france-quintana-bardet-froome-ce-quil-faut-retenir-de-la-17eme-etape\/#primaryimage\"},\"image\":{\"@id\":\"https:\/\/dicodusport.fr\/blog\/tour-de-france-quintana-bardet-froome-ce-quil-faut-retenir-de-la-17eme-etape\/#primaryimage\"},\"thumbnailUrl\":\"https:\/\/dicodusport.fr\/blog\/wp-content\/uploads\/2018\/07\/Nairo-Quintana-1.png\",\"datePublished\":\"2018-07-25T15:45:51+00:00\",\"dateModified\":\"2018-07-25T16:08:38+00:00\",\"description\":\"Victoire de Nairo Quintana devant Dan Martin et Geraint Thomas. Voici ce qu'il faut retenir de cette 17\u00e8me \u00e9tape.\",\"breadcrumb\":{\"@id\":\"https:\/\/dicodusport.fr\/blog\/tour-de-france-quintana-bardet-froome-ce-quil-faut-retenir-de-la-17eme-etape\/#breadcrumb\"},\"inLanguage\":\"fr-FR\",\"potentialAction\":[{\"@type\":\"ReadAction\",\"target\":[\"https:\/\/dicodusport.fr\/blog\/tour-de-france-quintana-bardet-froome-ce-quil-faut-retenir-de-la-17eme-etape\/\"]}]},{\"@type\":\"ImageObject\",\"inLanguage\":\"fr-FR\",\"@id\":\"https:\/\/dicodusport.fr\/blog\/tour-de-france-quintana-bardet-froome-ce-quil-faut-retenir-de-la-17eme-etape\/#primaryimage\",\"url\":\"https:\/\/dicodusport.fr\/blog\/wp-content\/uploads\/2018\/07\/Nairo-Quintana-1.png\",\"contentUrl\":\"https:\/\/dicodusport.fr\/blog\/wp-content\/uploads\/2018\/07\/Nairo-Quintana-1.png\",\"width\":800,\"height\":445,\"caption\":\"Nairo Quintana (1)\"},{\"@type\":\"BreadcrumbList\",\"@id\":\"https:\/\/dicodusport.fr\/blog\/tour-de-france-quintana-bardet-froome-ce-quil-faut-retenir-de-la-17eme-etape\/#breadcrumb\",\"itemListElement\":[{\"@type\":\"ListItem\",\"position\":1,\"name\":\"Accueil\",\"item\":\"https:\/\/dicodusport.fr\/blog\/\"},{\"@type\":\"ListItem\",\"position\":2,\"name\":\"Tour de France : Quintana, Bardet, Froome, ce qu&rsquo;il faut retenir de la 17\u00e8me \u00e9tape\"}]},{\"@type\":\"WebSite\",\"@id\":\"https:\/\/dicodusport.fr\/blog\/#website\",\"url\":\"https:\/\/dicodusport.fr\/blog\/\",\"name\":\"Dicodusport\",\"description\":\"L&#039;encyclop\u00e9die de l&#039;actualit\u00e9 sportive\",\"publisher\":{\"@id\":\"https:\/\/dicodusport.fr\/blog\/#organization\"},\"potentialAction\":[{\"@type\":\"SearchAction\",\"target\":{\"@type\":\"EntryPoint\",\"urlTemplate\":\"https:\/\/dicodusport.fr\/blog\/?s={search_term_string}\"},\"query-input\":{\"@type\":\"PropertyValueSpecification\",\"valueRequired\":true,\"valueName\":\"search_term_string\"}}],\"inLanguage\":\"fr-FR\"},{\"@type\":\"NewsMediaOrganization\",\"@id\":\"https:\/\/dicodusport.fr\/blog\/#organization\",\"name\":\"Dicodusport\",\"url\":\"https:\/\/dicodusport.fr\/blog\/\",\"logo\":{\"@type\":\"ImageObject\",\"inLanguage\":\"fr-FR\",\"@id\":\"https:\/\/dicodusport.fr\/blog\/#\/schema\/logo\/image\/\",\"url\":\"https:\/\/dicodusport.fr\/blog\/wp-content\/uploads\/2020\/06\/cropped-LOGO-DICODUSPORT-2020-SANS-FOND-SANS-TEXTE.png\",\"contentUrl\":\"https:\/\/dicodusport.fr\/blog\/wp-content\/uploads\/2020\/06\/cropped-LOGO-DICODUSPORT-2020-SANS-FOND-SANS-TEXTE.png\",\"width\":512,\"height\":512,\"caption\":\"Dicodusport\"},\"image\":{\"@id\":\"https:\/\/dicodusport.fr\/blog\/#\/schema\/logo\/image\/\"},\"sameAs\":[\"https:\/\/www.facebook.com\/dicodusport\",\"https:\/\/x.com\/dicodusport\",\"https:\/\/www.instagram.com\/dicodusport\/\",\"https:\/\/www.youtube.com\/channel\/UC7V2KZ5sd3htJivAbA4ZG3w\"],\"description\":\"Dicodusport est l'encyclop\u00e9die de l'actualit\u00e9 sportive.\",\"email\":\"bonjour@dicodusport.fr\",\"legalName\":\"DICODUSPORT\",\"foundingDate\":\"2018-01-14\",\"vatID\":\"FR71834470973\",\"taxID\":\"83447097300043\",\"numberOfEmployees\":{\"@type\":\"QuantitativeValue\",\"minValue\":\"1\",\"maxValue\":\"10\"}},{\"@type\":\"Person\",\"@id\":\"https:\/\/dicodusport.fr\/blog\/#\/schema\/person\/cb02af4c173ce4a653b55e9baf388d4a\",\"name\":\"Flo Ostermann\",\"image\":{\"@type\":\"ImageObject\",\"inLanguage\":\"fr-FR\",\"@id\":\"https:\/\/dicodusport.fr\/blog\/#\/schema\/person\/image\/\",\"url\":\"https:\/\/dicodusport.fr\/blog\/wp-content\/uploads\/2021\/05\/Flo-Ostermann-150x150.jpg\",\"contentUrl\":\"https:\/\/dicodusport.fr\/blog\/wp-content\/uploads\/2021\/05\/Flo-Ostermann-150x150.jpg\",\"caption\":\"Flo Ostermann\"},\"description\":\"Journaliste\/R\u00e9dacteur depuis septembre 2015 - Mes premiers souvenirs dans le sport ? Les envol\u00e9es du Stade Toulousain et les duels Villeneuve-Schumacher et H\u00e4kkinen-Schumacher \u00e0 la fin des ann\u00e9es 90, la Coupe du monde de football en 1998, l\u2019exploit du XV de France face aux All Blacks en 1999, mais aussi Richard C\u0153ur de Lion qui vole sur les montagnes du Tour de France. Bien parti pour devenir professeur d\u2019EPS, les \u00e9v\u00e9nements de la vie (et la flemme d\u2019animer des s\u00e9ances de 3x500 m\u00e8tres toute ma vie) m\u2019ont conduit \u00e0 revoir mes plans. Me voil\u00e0 depuis fin 2017 sur Dicodusport, m\u00e9dia gr\u00e2ce (et pour) lequel je partage ma passion : le sport dans tous ses \u00e9tats. Le tout accompagn\u00e9 par les fous furieux et folles furieuses cit\u00e9s sur cette page !\",\"sameAs\":[\"https:\/\/www.facebook.com\/florent.ostermann\",\"https:\/\/x.com\/https:\/\/twitter.com\/FlOstermann\",\"admin\"],\"url\":\"https:\/\/dicodusport.fr\/blog\/author\/flo\/\"}]}<\/script>\n<!-- \/ Yoast SEO Premium plugin. -->","yoast_head_json":{"title":"Tour de France : Quintana, Bardet, Froome, ce qu'il faut retenir de la 17\u00e8me \u00e9tape","description":"Victoire de Nairo Quintana devant Dan Martin et Geraint Thomas. Voici ce qu'il faut retenir de cette 17\u00e8me \u00e9tape.","robots":{"index":"index","follow":"follow","max-snippet":"max-snippet:-1","max-image-preview":"max-image-preview:large","max-video-preview":"max-video-preview:-1"},"canonical":"https:\/\/dicodusport.fr\/blog\/tour-de-france-quintana-bardet-froome-ce-quil-faut-retenir-de-la-17eme-etape\/","og_locale":"fr_FR","og_type":"article","og_title":"Tour de France : Quintana, Bardet, Froome, ce qu'il faut retenir de la 17\u00e8me \u00e9tape","og_description":"Victoire de Nairo Quintana devant Dan Martin et Geraint Thomas. Voici ce qu'il faut retenir de cette 17\u00e8me \u00e9tape.","og_url":"https:\/\/dicodusport.fr\/blog\/tour-de-france-quintana-bardet-froome-ce-quil-faut-retenir-de-la-17eme-etape\/","og_site_name":"Dicodusport","article_publisher":"https:\/\/www.facebook.com\/dicodusport","article_author":"https:\/\/www.facebook.com\/florent.ostermann","article_published_time":"2018-07-25T15:45:51+00:00","article_modified_time":"2018-07-25T16:08:38+00:00","og_image":[{"width":800,"height":445,"url":"https:\/\/dicodusport.fr\/blog\/wp-content\/uploads\/2018\/07\/Nairo-Quintana-1.png","type":"image\/png"}],"author":"Flo Ostermann","twitter_card":"summary_large_image","twitter_creator":"@https:\/\/twitter.com\/FlOstermann","twitter_site":"@dicodusport","schema":{"@context":"https:\/\/schema.org","@graph":[{"@type":"NewsArticle","@id":"https:\/\/dicodusport.fr\/blog\/tour-de-france-quintana-bardet-froome-ce-quil-faut-retenir-de-la-17eme-etape\/#article","isPartOf":{"@id":"https:\/\/dicodusport.fr\/blog\/tour-de-france-quintana-bardet-froome-ce-quil-faut-retenir-de-la-17eme-etape\/"},"author":{"name":"Flo Ostermann","@id":"https:\/\/dicodusport.fr\/blog\/#\/schema\/person\/cb02af4c173ce4a653b55e9baf388d4a"},"headline":"Tour de France : Quintana, Bardet, Froome, ce qu&rsquo;il faut retenir de la 17\u00e8me \u00e9tape","datePublished":"2018-07-25T15:45:51+00:00","dateModified":"2018-07-25T16:08:38+00:00","mainEntityOfPage":{"@id":"https:\/\/dicodusport.fr\/blog\/tour-de-france-quintana-bardet-froome-ce-quil-faut-retenir-de-la-17eme-etape\/"},"wordCount":696,"commentCount":0,"publisher":{"@id":"https:\/\/dicodusport.fr\/blog\/#organization"},"image":{"@id":"https:\/\/dicodusport.fr\/blog\/tour-de-france-quintana-bardet-froome-ce-quil-faut-retenir-de-la-17eme-etape\/#primaryimage"},"thumbnailUrl":"https:\/\/dicodusport.fr\/blog\/wp-content\/uploads\/2018\/07\/Nairo-Quintana-1.png","keywords":["Carcassonne","Cyclisme","Tour de France"],"articleSection":["Actualit\u00e9s","Cyclisme","Tour de France"],"inLanguage":"fr-FR","potentialAction":[{"@type":"CommentAction","name":"Comment","target":["https:\/\/dicodusport.fr\/blog\/tour-de-france-quintana-bardet-froome-ce-quil-faut-retenir-de-la-17eme-etape\/#respond"]}],"copyrightYear":"2018","copyrightHolder":{"@id":"https:\/\/dicodusport.fr\/blog\/#organization"}},{"@type":"WebPage","@id":"https:\/\/dicodusport.fr\/blog\/tour-de-france-quintana-bardet-froome-ce-quil-faut-retenir-de-la-17eme-etape\/","url":"https:\/\/dicodusport.fr\/blog\/tour-de-france-quintana-bardet-froome-ce-quil-faut-retenir-de-la-17eme-etape\/","name":"Tour de France : Quintana, Bardet, Froome, ce qu'il faut retenir de la 17\u00e8me \u00e9tape","isPartOf":{"@id":"https:\/\/dicodusport.fr\/blog\/#website"},"primaryImageOfPage":{"@id":"https:\/\/dicodusport.fr\/blog\/tour-de-france-quintana-bardet-froome-ce-quil-faut-retenir-de-la-17eme-etape\/#primaryimage"},"image":{"@id":"https:\/\/dicodusport.fr\/blog\/tour-de-france-quintana-bardet-froome-ce-quil-faut-retenir-de-la-17eme-etape\/#primaryimage"},"thumbnailUrl":"https:\/\/dicodusport.fr\/blog\/wp-content\/uploads\/2018\/07\/Nairo-Quintana-1.png","datePublished":"2018-07-25T15:45:51+00:00","dateModified":"2018-07-25T16:08:38+00:00","description":"Victoire de Nairo Quintana devant Dan Martin et Geraint Thomas. Voici ce qu'il faut retenir de cette 17\u00e8me \u00e9tape.","breadcrumb":{"@id":"https:\/\/dicodusport.fr\/blog\/tour-de-france-quintana-bardet-froome-ce-quil-faut-retenir-de-la-17eme-etape\/#breadcrumb"},"inLanguage":"fr-FR","potentialAction":[{"@type":"ReadAction","target":["https:\/\/dicodusport.fr\/blog\/tour-de-france-quintana-bardet-froome-ce-quil-faut-retenir-de-la-17eme-etape\/"]}]},{"@type":"ImageObject","inLanguage":"fr-FR","@id":"https:\/\/dicodusport.fr\/blog\/tour-de-france-quintana-bardet-froome-ce-quil-faut-retenir-de-la-17eme-etape\/#primaryimage","url":"https:\/\/dicodusport.fr\/blog\/wp-content\/uploads\/2018\/07\/Nairo-Quintana-1.png","contentUrl":"https:\/\/dicodusport.fr\/blog\/wp-content\/uploads\/2018\/07\/Nairo-Quintana-1.png","width":800,"height":445,"caption":"Nairo Quintana (1)"},{"@type":"BreadcrumbList","@id":"https:\/\/dicodusport.fr\/blog\/tour-de-france-quintana-bardet-froome-ce-quil-faut-retenir-de-la-17eme-etape\/#breadcrumb","itemListElement":[{"@type":"ListItem","position":1,"name":"Accueil","item":"https:\/\/dicodusport.fr\/blog\/"},{"@type":"ListItem","position":2,"name":"Tour de France : Quintana, Bardet, Froome, ce qu&rsquo;il faut retenir de la 17\u00e8me \u00e9tape"}]},{"@type":"WebSite","@id":"https:\/\/dicodusport.fr\/blog\/#website","url":"https:\/\/dicodusport.fr\/blog\/","name":"Dicodusport","description":"L&#039;encyclop\u00e9die de l&#039;actualit\u00e9 sportive","publisher":{"@id":"https:\/\/dicodusport.fr\/blog\/#organization"},"potentialAction":[{"@type":"SearchAction","target":{"@type":"EntryPoint","urlTemplate":"https:\/\/dicodusport.fr\/blog\/?s={search_term_string}"},"query-input":{"@type":"PropertyValueSpecification","valueRequired":true,"valueName":"search_term_string"}}],"inLanguage":"fr-FR"},{"@type":"NewsMediaOrganization","@id":"https:\/\/dicodusport.fr\/blog\/#organization","name":"Dicodusport","url":"https:\/\/dicodusport.fr\/blog\/","logo":{"@type":"ImageObject","inLanguage":"fr-FR","@id":"https:\/\/dicodusport.fr\/blog\/#\/schema\/logo\/image\/","url":"https:\/\/dicodusport.fr\/blog\/wp-content\/uploads\/2020\/06\/cropped-LOGO-DICODUSPORT-2020-SANS-FOND-SANS-TEXTE.png","contentUrl":"https:\/\/dicodusport.fr\/blog\/wp-content\/uploads\/2020\/06\/cropped-LOGO-DICODUSPORT-2020-SANS-FOND-SANS-TEXTE.png","width":512,"height":512,"caption":"Dicodusport"},"image":{"@id":"https:\/\/dicodusport.fr\/blog\/#\/schema\/logo\/image\/"},"sameAs":["https:\/\/www.facebook.com\/dicodusport","https:\/\/x.com\/dicodusport","https:\/\/www.instagram.com\/dicodusport\/","https:\/\/www.youtube.com\/channel\/UC7V2KZ5sd3htJivAbA4ZG3w"],"description":"Dicodusport est l'encyclop\u00e9die de l'actualit\u00e9 sportive.","email":"bonjour@dicodusport.fr","legalName":"DICODUSPORT","foundingDate":"2018-01-14","vatID":"FR71834470973","taxID":"83447097300043","numberOfEmployees":{"@type":"QuantitativeValue","minValue":"1","maxValue":"10"}},{"@type":"Person","@id":"https:\/\/dicodusport.fr\/blog\/#\/schema\/person\/cb02af4c173ce4a653b55e9baf388d4a","name":"Flo Ostermann","image":{"@type":"ImageObject","inLanguage":"fr-FR","@id":"https:\/\/dicodusport.fr\/blog\/#\/schema\/person\/image\/","url":"https:\/\/dicodusport.fr\/blog\/wp-content\/uploads\/2021\/05\/Flo-Ostermann-150x150.jpg","contentUrl":"https:\/\/dicodusport.fr\/blog\/wp-content\/uploads\/2021\/05\/Flo-Ostermann-150x150.jpg","caption":"Flo Ostermann"},"description":"Journaliste\/R\u00e9dacteur depuis septembre 2015 - Mes premiers souvenirs dans le sport ? Les envol\u00e9es du Stade Toulousain et les duels Villeneuve-Schumacher et H\u00e4kkinen-Schumacher \u00e0 la fin des ann\u00e9es 90, la Coupe du monde de football en 1998, l\u2019exploit du XV de France face aux All Blacks en 1999, mais aussi Richard C\u0153ur de Lion qui vole sur les montagnes du Tour de France. Bien parti pour devenir professeur d\u2019EPS, les \u00e9v\u00e9nements de la vie (et la flemme d\u2019animer des s\u00e9ances de 3x500 m\u00e8tres toute ma vie) m\u2019ont conduit \u00e0 revoir mes plans. Me voil\u00e0 depuis fin 2017 sur Dicodusport, m\u00e9dia gr\u00e2ce (et pour) lequel je partage ma passion : le sport dans tous ses \u00e9tats. Le tout accompagn\u00e9 par les fous furieux et folles furieuses cit\u00e9s sur cette page !","sameAs":["https:\/\/www.facebook.com\/florent.ostermann","https:\/\/x.com\/https:\/\/twitter.com\/FlOstermann","admin"],"url":"https:\/\/dicodusport.fr\/blog\/author\/flo\/"}]}},"_links":{"self":[{"href":"https:\/\/dicodusport.fr\/blog\/wp-json\/wp\/v2\/posts\/22623","targetHints":{"allow":["GET"]}}],"collection":[{"href":"https:\/\/dicodusport.fr\/blog\/wp-json\/wp\/v2\/posts"}],"about":[{"href":"https:\/\/dicodusport.fr\/blog\/wp-json\/wp\/v2\/types\/post"}],"author":[{"embeddable":true,"href":"https:\/\/dicodusport.fr\/blog\/wp-json\/wp\/v2\/users\/4"}],"replies":[{"embeddable":true,"href":"https:\/\/dicodusport.fr\/blog\/wp-json\/wp\/v2\/comments?post=22623"}],"version-history":[{"count":0,"href":"https:\/\/dicodusport.fr\/blog\/wp-json\/wp\/v2\/posts\/22623\/revisions"}],"wp:featuredmedia":[{"embeddable":true,"href":"https:\/\/dicodusport.fr\/blog\/wp-json\/wp\/v2\/media\/22629"}],"wp:attachment":[{"href":"https:\/\/dicodusport.fr\/blog\/wp-json\/wp\/v2\/media?parent=22623"}],"wp:term":[{"taxonomy":"category","embeddable":true,"href":"https:\/\/dicodusport.fr\/blog\/wp-json\/wp\/v2\/categories?post=22623"},{"taxonomy":"post_tag","embeddable":true,"href":"https:\/\/dicodusport.fr\/blog\/wp-json\/wp\/v2\/tags?post=22623"}],"curies":[{"name":"wp","href":"https:\/\/api.w.org\/{rel}","templated":true}]}}