{"id":226283,"date":"2022-05-24T11:34:23","date_gmt":"2022-05-24T09:34:23","guid":{"rendered":"https:\/\/dicodusport.fr\/blog\/?p=226283&#038;preview=true&#038;preview_id=226283"},"modified":"2022-06-14T11:07:21","modified_gmt":"2022-06-14T09:07:21","slug":"boucles-de-la-mayenne-2022-a-quelle-heure-et-sur-quelle-chaine","status":"publish","type":"post","link":"https:\/\/dicodusport.fr\/blog\/boucles-de-la-mayenne-2022-a-quelle-heure-et-sur-quelle-chaine\/","title":{"rendered":"Boucles de la Mayenne 2022 : \u00c0 quelle heure et sur quelle cha\u00eene ?"},"content":{"rendered":"<p style=\"text-align: justify;\"><strong><em><a href=\"https:\/\/dicodusport.fr\/blog\/actualites\/cyclisme\/cyclisme-sur-route-2022\/\">CYCLISME SUR ROUTE 2022<\/a> &#8211; La 47\u00e8me \u00e9dition des Boucles de la Mayenne 2022 d\u00e9marre ce jeudi 26 mai 2022. D\u00e9couvrez le programme TV de la course fran\u00e7aise.\u00a0<\/em><\/strong><\/p>\n<p style=\"text-align: justify;\"><strong>Arnaud D\u00e9mare<\/strong>, vainqueur sortant, ne sera pas au d\u00e9part puisqu&rsquo;il brille sur les routes du Tour d&rsquo;Italie 2022. En t\u00eate d&rsquo;affiche, il y aura notamment <strong>Beno\u00eet Cosnefroy<\/strong>, <strong>Bryan Coquard<\/strong>, <strong>Pascal Ackermann<\/strong>, <strong>Amaury Capiot<\/strong>, <strong>Anthony Turgis<\/strong> ou encore <strong>Benjamin Thomas<\/strong>.<\/p>\n<h2 style=\"text-align: justify;\">Cyclisme : Le Programme TV des Boucles de la Mayenne 2022<\/h2>\n<h3 style=\"text-align: justify;\">Jeudi 26 mai 2022 : \u00c9tape 1<\/h3>\n<p style=\"text-align: justify;\">14h00 : La Cha\u00eene L&rsquo;\u00c9quipe<\/p>\n<h3 style=\"text-align: justify;\">Vendredi 27 mai 2022 : \u00c9tape 2<\/h3>\n<p style=\"text-align: justify;\">14h00 : La Cha\u00eene L&rsquo;\u00c9quipe<\/p>\n<h3 style=\"text-align: justify;\">Samedi 28 mai 2022 : \u00c9tape 3<\/h3>\n<p style=\"text-align: justify;\">14h15 : La Cha\u00eene L&rsquo;\u00c9quipe<\/p>\n<h3 style=\"text-align: justify;\">Dimanche 29 mai 2022 : \u00c9tape 4<\/h3>\n<p style=\"text-align: justify;\">14h10 : La Cha\u00eene L&rsquo;\u00c9quipe<\/p>\n<h2 style=\"text-align: justify;\">\u00c0 lire aussi<\/h2>\n<ul>\n<li style=\"text-align: justify;\"><strong>Les engag\u00e9s des Boucles de la Mayenne 2022<\/strong><\/li>\n<li><b>Le profil des \u00e9tapes des Boucles de la Mayenne 2022 <\/b><\/li>\n<\/ul>\n","protected":false},"excerpt":{"rendered":"<p>CYCLISME SUR ROUTE 2022 &#8211; La 47\u00e8me \u00e9dition des Boucles de la Mayenne 2022 d\u00e9marre ce jeudi 26 mai 2022. D\u00e9couvrez le programme TV de la course fran\u00e7aise.\u00a0<\/p>\n","protected":false},"author":1,"featured_media":226284,"comment_status":"open","ping_status":"closed","sticky":false,"template":"","format":"standard","meta":{"_acf_changed":false,"_daextam_enable_autolinks":"","footnotes":""},"categories":[46994],"tags":[8023],"class_list":["post-226283","post","type-post","status-publish","format-standard","has-post-thumbnail","hentry","category-cyclisme-sur-route","tag-boucles-de-la-mayenne"],"acf":[],"yoast_head":"<!-- This site is optimized with the Yoast SEO Premium plugin v26.7 (Yoast SEO v26.7) - https:\/\/yoast.com\/wordpress\/plugins\/seo\/ -->\n<title>Boucles de la Mayenne 2022 : \u00c0 quelle heure et sur quelle cha\u00eene ?<\/title>\n<meta name=\"description\" content=\"CYCLISME SUR ROUTE 2022 - La 47\u00e8me \u00e9dition des Boucles de la Mayenne 2022 d\u00e9marre ce jeudi 26 mai 2022. D\u00e9couvrez le programme TV de la course fran\u00e7aise.\u00a0\" \/>\n<meta name=\"robots\" content=\"index, follow, max-snippet:-1, max-image-preview:large, max-video-preview:-1\" \/>\n<link rel=\"canonical\" href=\"https:\/\/dicodusport.fr\/blog\/boucles-de-la-mayenne-2022-a-quelle-heure-et-sur-quelle-chaine\/\" \/>\n<meta property=\"og:locale\" content=\"fr_FR\" \/>\n<meta property=\"og:type\" content=\"article\" \/>\n<meta property=\"og:title\" content=\"Boucles de la Mayenne 2022 : \u00c0 quelle heure et sur quelle cha\u00eene ?\" \/>\n<meta property=\"og:description\" content=\"CYCLISME SUR ROUTE 2022 - La 47\u00e8me \u00e9dition des Boucles de la Mayenne 2022 d\u00e9marre ce jeudi 26 mai 2022. D\u00e9couvrez le programme TV de la course fran\u00e7aise.\u00a0\" \/>\n<meta property=\"og:url\" content=\"https:\/\/dicodusport.fr\/blog\/boucles-de-la-mayenne-2022-a-quelle-heure-et-sur-quelle-chaine\/\" \/>\n<meta property=\"og:site_name\" content=\"Dicodusport\" \/>\n<meta property=\"article:publisher\" content=\"https:\/\/www.facebook.com\/dicodusport\" \/>\n<meta property=\"article:author\" content=\"https:\/\/www.facebook.com\/dicodusport\" \/>\n<meta property=\"article:published_time\" content=\"2022-05-24T09:34:23+00:00\" \/>\n<meta property=\"article:modified_time\" content=\"2022-06-14T09:07:21+00:00\" \/>\n<meta property=\"og:image\" content=\"https:\/\/dicodusport.fr\/blog\/wp-content\/uploads\/2022\/05\/Boucles-de-la-Mayenne-2022-A\u0300-quelle-heure-et-sur-quelle-chai\u0302ne-.png\" \/>\n\t<meta property=\"og:image:width\" content=\"800\" \/>\n\t<meta property=\"og:image:height\" content=\"445\" \/>\n\t<meta property=\"og:image:type\" content=\"image\/png\" \/>\n<meta name=\"author\" content=\"Nicolas Jacquemard\" \/>\n<meta name=\"twitter:card\" content=\"summary_large_image\" \/>\n<meta name=\"twitter:title\" content=\"Boucles de la Mayenne 2022 : \u00c0 quelle heure et sur quelle cha\u00eene ?\" \/>\n<meta name=\"twitter:creator\" content=\"@https:\/\/twitter.com\/Nico_Jacquemard\" \/>\n<meta name=\"twitter:site\" content=\"@dicodusport\" \/>\n<script type=\"application\/ld+json\" class=\"yoast-schema-graph\">{\"@context\":\"https:\/\/schema.org\",\"@graph\":[{\"@type\":\"NewsArticle\",\"@id\":\"https:\/\/dicodusport.fr\/blog\/boucles-de-la-mayenne-2022-a-quelle-heure-et-sur-quelle-chaine\/#article\",\"isPartOf\":{\"@id\":\"https:\/\/dicodusport.fr\/blog\/boucles-de-la-mayenne-2022-a-quelle-heure-et-sur-quelle-chaine\/\"},\"author\":{\"name\":\"Nicolas Jacquemard\",\"@id\":\"https:\/\/dicodusport.fr\/blog\/#\/schema\/person\/55dcb50ad410894e431ed812bbb70191\"},\"headline\":\"Boucles de la Mayenne 2022 : \u00c0 quelle heure et sur quelle cha\u00eene ?\",\"datePublished\":\"2022-05-24T09:34:23+00:00\",\"dateModified\":\"2022-06-14T09:07:21+00:00\",\"mainEntityOfPage\":{\"@id\":\"https:\/\/dicodusport.fr\/blog\/boucles-de-la-mayenne-2022-a-quelle-heure-et-sur-quelle-chaine\/\"},\"wordCount\":147,\"commentCount\":0,\"publisher\":{\"@id\":\"https:\/\/dicodusport.fr\/blog\/#organization\"},\"image\":{\"@id\":\"https:\/\/dicodusport.fr\/blog\/boucles-de-la-mayenne-2022-a-quelle-heure-et-sur-quelle-chaine\/#primaryimage\"},\"thumbnailUrl\":\"https:\/\/dicodusport.fr\/blog\/wp-content\/uploads\/2022\/05\/Boucles-de-la-Mayenne-2022-A\u0300-quelle-heure-et-sur-quelle-chai\u0302ne-.png\",\"keywords\":[\"Boucles de la Mayenne\"],\"articleSection\":[\"Cyclisme sur route\"],\"inLanguage\":\"fr-FR\",\"potentialAction\":[{\"@type\":\"CommentAction\",\"name\":\"Comment\",\"target\":[\"https:\/\/dicodusport.fr\/blog\/boucles-de-la-mayenne-2022-a-quelle-heure-et-sur-quelle-chaine\/#respond\"]}],\"copyrightYear\":\"2022\",\"copyrightHolder\":{\"@id\":\"https:\/\/dicodusport.fr\/blog\/#organization\"}},{\"@type\":\"WebPage\",\"@id\":\"https:\/\/dicodusport.fr\/blog\/boucles-de-la-mayenne-2022-a-quelle-heure-et-sur-quelle-chaine\/\",\"url\":\"https:\/\/dicodusport.fr\/blog\/boucles-de-la-mayenne-2022-a-quelle-heure-et-sur-quelle-chaine\/\",\"name\":\"Boucles de la Mayenne 2022 : \u00c0 quelle heure et sur quelle cha\u00eene ?\",\"isPartOf\":{\"@id\":\"https:\/\/dicodusport.fr\/blog\/#website\"},\"primaryImageOfPage\":{\"@id\":\"https:\/\/dicodusport.fr\/blog\/boucles-de-la-mayenne-2022-a-quelle-heure-et-sur-quelle-chaine\/#primaryimage\"},\"image\":{\"@id\":\"https:\/\/dicodusport.fr\/blog\/boucles-de-la-mayenne-2022-a-quelle-heure-et-sur-quelle-chaine\/#primaryimage\"},\"thumbnailUrl\":\"https:\/\/dicodusport.fr\/blog\/wp-content\/uploads\/2022\/05\/Boucles-de-la-Mayenne-2022-A\u0300-quelle-heure-et-sur-quelle-chai\u0302ne-.png\",\"datePublished\":\"2022-05-24T09:34:23+00:00\",\"dateModified\":\"2022-06-14T09:07:21+00:00\",\"description\":\"CYCLISME SUR ROUTE 2022 - La 47\u00e8me \u00e9dition des Boucles de la Mayenne 2022 d\u00e9marre ce jeudi 26 mai 2022. D\u00e9couvrez le programme TV de la course fran\u00e7aise.\u00a0\",\"breadcrumb\":{\"@id\":\"https:\/\/dicodusport.fr\/blog\/boucles-de-la-mayenne-2022-a-quelle-heure-et-sur-quelle-chaine\/#breadcrumb\"},\"inLanguage\":\"fr-FR\",\"potentialAction\":[{\"@type\":\"ReadAction\",\"target\":[\"https:\/\/dicodusport.fr\/blog\/boucles-de-la-mayenne-2022-a-quelle-heure-et-sur-quelle-chaine\/\"]}]},{\"@type\":\"ImageObject\",\"inLanguage\":\"fr-FR\",\"@id\":\"https:\/\/dicodusport.fr\/blog\/boucles-de-la-mayenne-2022-a-quelle-heure-et-sur-quelle-chaine\/#primaryimage\",\"url\":\"https:\/\/dicodusport.fr\/blog\/wp-content\/uploads\/2022\/05\/Boucles-de-la-Mayenne-2022-A\u0300-quelle-heure-et-sur-quelle-chai\u0302ne-.png\",\"contentUrl\":\"https:\/\/dicodusport.fr\/blog\/wp-content\/uploads\/2022\/05\/Boucles-de-la-Mayenne-2022-A\u0300-quelle-heure-et-sur-quelle-chai\u0302ne-.png\",\"width\":800,\"height\":445},{\"@type\":\"BreadcrumbList\",\"@id\":\"https:\/\/dicodusport.fr\/blog\/boucles-de-la-mayenne-2022-a-quelle-heure-et-sur-quelle-chaine\/#breadcrumb\",\"itemListElement\":[{\"@type\":\"ListItem\",\"position\":1,\"name\":\"Accueil\",\"item\":\"https:\/\/dicodusport.fr\/blog\/\"},{\"@type\":\"ListItem\",\"position\":2,\"name\":\"Boucles de la Mayenne 2022 : \u00c0 quelle heure et sur quelle cha\u00eene ?\"}]},{\"@type\":\"WebSite\",\"@id\":\"https:\/\/dicodusport.fr\/blog\/#website\",\"url\":\"https:\/\/dicodusport.fr\/blog\/\",\"name\":\"Dicodusport\",\"description\":\"L&#039;encyclop\u00e9die de l&#039;actualit\u00e9 sportive\",\"publisher\":{\"@id\":\"https:\/\/dicodusport.fr\/blog\/#organization\"},\"potentialAction\":[{\"@type\":\"SearchAction\",\"target\":{\"@type\":\"EntryPoint\",\"urlTemplate\":\"https:\/\/dicodusport.fr\/blog\/?s={search_term_string}\"},\"query-input\":{\"@type\":\"PropertyValueSpecification\",\"valueRequired\":true,\"valueName\":\"search_term_string\"}}],\"inLanguage\":\"fr-FR\"},{\"@type\":\"NewsMediaOrganization\",\"@id\":\"https:\/\/dicodusport.fr\/blog\/#organization\",\"name\":\"Dicodusport\",\"url\":\"https:\/\/dicodusport.fr\/blog\/\",\"logo\":{\"@type\":\"ImageObject\",\"inLanguage\":\"fr-FR\",\"@id\":\"https:\/\/dicodusport.fr\/blog\/#\/schema\/logo\/image\/\",\"url\":\"https:\/\/dicodusport.fr\/blog\/wp-content\/uploads\/2020\/06\/cropped-LOGO-DICODUSPORT-2020-SANS-FOND-SANS-TEXTE.png\",\"contentUrl\":\"https:\/\/dicodusport.fr\/blog\/wp-content\/uploads\/2020\/06\/cropped-LOGO-DICODUSPORT-2020-SANS-FOND-SANS-TEXTE.png\",\"width\":512,\"height\":512,\"caption\":\"Dicodusport\"},\"image\":{\"@id\":\"https:\/\/dicodusport.fr\/blog\/#\/schema\/logo\/image\/\"},\"sameAs\":[\"https:\/\/www.facebook.com\/dicodusport\",\"https:\/\/x.com\/dicodusport\",\"https:\/\/www.instagram.com\/dicodusport\/\",\"https:\/\/www.youtube.com\/channel\/UC7V2KZ5sd3htJivAbA4ZG3w\"],\"description\":\"Dicodusport est l'encyclop\u00e9die de l'actualit\u00e9 sportive.\",\"email\":\"bonjour@dicodusport.fr\",\"legalName\":\"DICODUSPORT\",\"foundingDate\":\"2018-01-14\",\"vatID\":\"FR71834470973\",\"taxID\":\"83447097300043\",\"numberOfEmployees\":{\"@type\":\"QuantitativeValue\",\"minValue\":\"1\",\"maxValue\":\"10\"}},{\"@type\":\"Person\",\"@id\":\"https:\/\/dicodusport.fr\/blog\/#\/schema\/person\/55dcb50ad410894e431ed812bbb70191\",\"name\":\"Nicolas Jacquemard\",\"image\":{\"@type\":\"ImageObject\",\"inLanguage\":\"fr-FR\",\"@id\":\"https:\/\/dicodusport.fr\/blog\/#\/schema\/person\/image\/\",\"url\":\"https:\/\/dicodusport.fr\/blog\/wp-content\/uploads\/2021\/05\/Nicolas-Jacquemard-150x150.jpeg\",\"contentUrl\":\"https:\/\/dicodusport.fr\/blog\/wp-content\/uploads\/2021\/05\/Nicolas-Jacquemard-150x150.jpeg\",\"caption\":\"Nicolas Jacquemard\"},\"description\":\"Passionn\u00e9 de sport et entrepreneur depuis mes 18 ans, la cr\u00e9ation de Dicodusport m'a sembl\u00e9 \u00e9vidente pour participer \u00e0 la m\u00e9diatisation d'un plus grand nombre de sports. Le chemin est long mais avec une \u00e9quipe des plus motiv\u00e9es et les Jeux Olympiques de Paris 2024 en point de mire, nous y arriverons ! Journaliste dans le monde du sport depuis plus de 5 ans, je traite aussi bien de football, de rugby, de biathlon que de cyclisme.\",\"sameAs\":[\"https:\/\/www.facebook.com\/dicodusport\",\"https:\/\/x.com\/https:\/\/twitter.com\/Nico_Jacquemard\"],\"url\":\"https:\/\/dicodusport.fr\/blog\/author\/dicodusport\/\"}]}<\/script>\n<!-- \/ Yoast SEO Premium plugin. -->","yoast_head_json":{"title":"Boucles de la Mayenne 2022 : \u00c0 quelle heure et sur quelle cha\u00eene ?","description":"CYCLISME SUR ROUTE 2022 - La 47\u00e8me \u00e9dition des Boucles de la Mayenne 2022 d\u00e9marre ce jeudi 26 mai 2022. D\u00e9couvrez le programme TV de la course fran\u00e7aise.\u00a0","robots":{"index":"index","follow":"follow","max-snippet":"max-snippet:-1","max-image-preview":"max-image-preview:large","max-video-preview":"max-video-preview:-1"},"canonical":"https:\/\/dicodusport.fr\/blog\/boucles-de-la-mayenne-2022-a-quelle-heure-et-sur-quelle-chaine\/","og_locale":"fr_FR","og_type":"article","og_title":"Boucles de la Mayenne 2022 : \u00c0 quelle heure et sur quelle cha\u00eene ?","og_description":"CYCLISME SUR ROUTE 2022 - La 47\u00e8me \u00e9dition des Boucles de la Mayenne 2022 d\u00e9marre ce jeudi 26 mai 2022. D\u00e9couvrez le programme TV de la course fran\u00e7aise.\u00a0","og_url":"https:\/\/dicodusport.fr\/blog\/boucles-de-la-mayenne-2022-a-quelle-heure-et-sur-quelle-chaine\/","og_site_name":"Dicodusport","article_publisher":"https:\/\/www.facebook.com\/dicodusport","article_author":"https:\/\/www.facebook.com\/dicodusport","article_published_time":"2022-05-24T09:34:23+00:00","article_modified_time":"2022-06-14T09:07:21+00:00","og_image":[{"width":800,"height":445,"url":"https:\/\/dicodusport.fr\/blog\/wp-content\/uploads\/2022\/05\/Boucles-de-la-Mayenne-2022-A\u0300-quelle-heure-et-sur-quelle-chai\u0302ne-.png","type":"image\/png"}],"author":"Nicolas Jacquemard","twitter_card":"summary_large_image","twitter_title":"Boucles de la Mayenne 2022 : \u00c0 quelle heure et sur quelle cha\u00eene ?","twitter_creator":"@https:\/\/twitter.com\/Nico_Jacquemard","twitter_site":"@dicodusport","schema":{"@context":"https:\/\/schema.org","@graph":[{"@type":"NewsArticle","@id":"https:\/\/dicodusport.fr\/blog\/boucles-de-la-mayenne-2022-a-quelle-heure-et-sur-quelle-chaine\/#article","isPartOf":{"@id":"https:\/\/dicodusport.fr\/blog\/boucles-de-la-mayenne-2022-a-quelle-heure-et-sur-quelle-chaine\/"},"author":{"name":"Nicolas Jacquemard","@id":"https:\/\/dicodusport.fr\/blog\/#\/schema\/person\/55dcb50ad410894e431ed812bbb70191"},"headline":"Boucles de la Mayenne 2022 : \u00c0 quelle heure et sur quelle cha\u00eene ?","datePublished":"2022-05-24T09:34:23+00:00","dateModified":"2022-06-14T09:07:21+00:00","mainEntityOfPage":{"@id":"https:\/\/dicodusport.fr\/blog\/boucles-de-la-mayenne-2022-a-quelle-heure-et-sur-quelle-chaine\/"},"wordCount":147,"commentCount":0,"publisher":{"@id":"https:\/\/dicodusport.fr\/blog\/#organization"},"image":{"@id":"https:\/\/dicodusport.fr\/blog\/boucles-de-la-mayenne-2022-a-quelle-heure-et-sur-quelle-chaine\/#primaryimage"},"thumbnailUrl":"https:\/\/dicodusport.fr\/blog\/wp-content\/uploads\/2022\/05\/Boucles-de-la-Mayenne-2022-A\u0300-quelle-heure-et-sur-quelle-chai\u0302ne-.png","keywords":["Boucles de la Mayenne"],"articleSection":["Cyclisme sur route"],"inLanguage":"fr-FR","potentialAction":[{"@type":"CommentAction","name":"Comment","target":["https:\/\/dicodusport.fr\/blog\/boucles-de-la-mayenne-2022-a-quelle-heure-et-sur-quelle-chaine\/#respond"]}],"copyrightYear":"2022","copyrightHolder":{"@id":"https:\/\/dicodusport.fr\/blog\/#organization"}},{"@type":"WebPage","@id":"https:\/\/dicodusport.fr\/blog\/boucles-de-la-mayenne-2022-a-quelle-heure-et-sur-quelle-chaine\/","url":"https:\/\/dicodusport.fr\/blog\/boucles-de-la-mayenne-2022-a-quelle-heure-et-sur-quelle-chaine\/","name":"Boucles de la Mayenne 2022 : \u00c0 quelle heure et sur quelle cha\u00eene ?","isPartOf":{"@id":"https:\/\/dicodusport.fr\/blog\/#website"},"primaryImageOfPage":{"@id":"https:\/\/dicodusport.fr\/blog\/boucles-de-la-mayenne-2022-a-quelle-heure-et-sur-quelle-chaine\/#primaryimage"},"image":{"@id":"https:\/\/dicodusport.fr\/blog\/boucles-de-la-mayenne-2022-a-quelle-heure-et-sur-quelle-chaine\/#primaryimage"},"thumbnailUrl":"https:\/\/dicodusport.fr\/blog\/wp-content\/uploads\/2022\/05\/Boucles-de-la-Mayenne-2022-A\u0300-quelle-heure-et-sur-quelle-chai\u0302ne-.png","datePublished":"2022-05-24T09:34:23+00:00","dateModified":"2022-06-14T09:07:21+00:00","description":"CYCLISME SUR ROUTE 2022 - La 47\u00e8me \u00e9dition des Boucles de la Mayenne 2022 d\u00e9marre ce jeudi 26 mai 2022. D\u00e9couvrez le programme TV de la course fran\u00e7aise.\u00a0","breadcrumb":{"@id":"https:\/\/dicodusport.fr\/blog\/boucles-de-la-mayenne-2022-a-quelle-heure-et-sur-quelle-chaine\/#breadcrumb"},"inLanguage":"fr-FR","potentialAction":[{"@type":"ReadAction","target":["https:\/\/dicodusport.fr\/blog\/boucles-de-la-mayenne-2022-a-quelle-heure-et-sur-quelle-chaine\/"]}]},{"@type":"ImageObject","inLanguage":"fr-FR","@id":"https:\/\/dicodusport.fr\/blog\/boucles-de-la-mayenne-2022-a-quelle-heure-et-sur-quelle-chaine\/#primaryimage","url":"https:\/\/dicodusport.fr\/blog\/wp-content\/uploads\/2022\/05\/Boucles-de-la-Mayenne-2022-A\u0300-quelle-heure-et-sur-quelle-chai\u0302ne-.png","contentUrl":"https:\/\/dicodusport.fr\/blog\/wp-content\/uploads\/2022\/05\/Boucles-de-la-Mayenne-2022-A\u0300-quelle-heure-et-sur-quelle-chai\u0302ne-.png","width":800,"height":445},{"@type":"BreadcrumbList","@id":"https:\/\/dicodusport.fr\/blog\/boucles-de-la-mayenne-2022-a-quelle-heure-et-sur-quelle-chaine\/#breadcrumb","itemListElement":[{"@type":"ListItem","position":1,"name":"Accueil","item":"https:\/\/dicodusport.fr\/blog\/"},{"@type":"ListItem","position":2,"name":"Boucles de la Mayenne 2022 : \u00c0 quelle heure et sur quelle cha\u00eene ?"}]},{"@type":"WebSite","@id":"https:\/\/dicodusport.fr\/blog\/#website","url":"https:\/\/dicodusport.fr\/blog\/","name":"Dicodusport","description":"L&#039;encyclop\u00e9die de l&#039;actualit\u00e9 sportive","publisher":{"@id":"https:\/\/dicodusport.fr\/blog\/#organization"},"potentialAction":[{"@type":"SearchAction","target":{"@type":"EntryPoint","urlTemplate":"https:\/\/dicodusport.fr\/blog\/?s={search_term_string}"},"query-input":{"@type":"PropertyValueSpecification","valueRequired":true,"valueName":"search_term_string"}}],"inLanguage":"fr-FR"},{"@type":"NewsMediaOrganization","@id":"https:\/\/dicodusport.fr\/blog\/#organization","name":"Dicodusport","url":"https:\/\/dicodusport.fr\/blog\/","logo":{"@type":"ImageObject","inLanguage":"fr-FR","@id":"https:\/\/dicodusport.fr\/blog\/#\/schema\/logo\/image\/","url":"https:\/\/dicodusport.fr\/blog\/wp-content\/uploads\/2020\/06\/cropped-LOGO-DICODUSPORT-2020-SANS-FOND-SANS-TEXTE.png","contentUrl":"https:\/\/dicodusport.fr\/blog\/wp-content\/uploads\/2020\/06\/cropped-LOGO-DICODUSPORT-2020-SANS-FOND-SANS-TEXTE.png","width":512,"height":512,"caption":"Dicodusport"},"image":{"@id":"https:\/\/dicodusport.fr\/blog\/#\/schema\/logo\/image\/"},"sameAs":["https:\/\/www.facebook.com\/dicodusport","https:\/\/x.com\/dicodusport","https:\/\/www.instagram.com\/dicodusport\/","https:\/\/www.youtube.com\/channel\/UC7V2KZ5sd3htJivAbA4ZG3w"],"description":"Dicodusport est l'encyclop\u00e9die de l'actualit\u00e9 sportive.","email":"bonjour@dicodusport.fr","legalName":"DICODUSPORT","foundingDate":"2018-01-14","vatID":"FR71834470973","taxID":"83447097300043","numberOfEmployees":{"@type":"QuantitativeValue","minValue":"1","maxValue":"10"}},{"@type":"Person","@id":"https:\/\/dicodusport.fr\/blog\/#\/schema\/person\/55dcb50ad410894e431ed812bbb70191","name":"Nicolas Jacquemard","image":{"@type":"ImageObject","inLanguage":"fr-FR","@id":"https:\/\/dicodusport.fr\/blog\/#\/schema\/person\/image\/","url":"https:\/\/dicodusport.fr\/blog\/wp-content\/uploads\/2021\/05\/Nicolas-Jacquemard-150x150.jpeg","contentUrl":"https:\/\/dicodusport.fr\/blog\/wp-content\/uploads\/2021\/05\/Nicolas-Jacquemard-150x150.jpeg","caption":"Nicolas Jacquemard"},"description":"Passionn\u00e9 de sport et entrepreneur depuis mes 18 ans, la cr\u00e9ation de Dicodusport m'a sembl\u00e9 \u00e9vidente pour participer \u00e0 la m\u00e9diatisation d'un plus grand nombre de sports. Le chemin est long mais avec une \u00e9quipe des plus motiv\u00e9es et les Jeux Olympiques de Paris 2024 en point de mire, nous y arriverons ! Journaliste dans le monde du sport depuis plus de 5 ans, je traite aussi bien de football, de rugby, de biathlon que de cyclisme.","sameAs":["https:\/\/www.facebook.com\/dicodusport","https:\/\/x.com\/https:\/\/twitter.com\/Nico_Jacquemard"],"url":"https:\/\/dicodusport.fr\/blog\/author\/dicodusport\/"}]}},"_links":{"self":[{"href":"https:\/\/dicodusport.fr\/blog\/wp-json\/wp\/v2\/posts\/226283","targetHints":{"allow":["GET"]}}],"collection":[{"href":"https:\/\/dicodusport.fr\/blog\/wp-json\/wp\/v2\/posts"}],"about":[{"href":"https:\/\/dicodusport.fr\/blog\/wp-json\/wp\/v2\/types\/post"}],"author":[{"embeddable":true,"href":"https:\/\/dicodusport.fr\/blog\/wp-json\/wp\/v2\/users\/1"}],"replies":[{"embeddable":true,"href":"https:\/\/dicodusport.fr\/blog\/wp-json\/wp\/v2\/comments?post=226283"}],"version-history":[{"count":0,"href":"https:\/\/dicodusport.fr\/blog\/wp-json\/wp\/v2\/posts\/226283\/revisions"}],"wp:featuredmedia":[{"embeddable":true,"href":"https:\/\/dicodusport.fr\/blog\/wp-json\/wp\/v2\/media\/226284"}],"wp:attachment":[{"href":"https:\/\/dicodusport.fr\/blog\/wp-json\/wp\/v2\/media?parent=226283"}],"wp:term":[{"taxonomy":"category","embeddable":true,"href":"https:\/\/dicodusport.fr\/blog\/wp-json\/wp\/v2\/categories?post=226283"},{"taxonomy":"post_tag","embeddable":true,"href":"https:\/\/dicodusport.fr\/blog\/wp-json\/wp\/v2\/tags?post=226283"}],"curies":[{"name":"wp","href":"https:\/\/api.w.org\/{rel}","templated":true}]}}