{"id":226519,"date":"2022-05-25T09:27:10","date_gmt":"2022-05-25T07:27:10","guid":{"rendered":"https:\/\/dicodusport.fr\/blog\/?p=226519&#038;preview=true&#038;preview_id=226519"},"modified":"2022-05-26T00:36:37","modified_gmt":"2022-05-25T22:36:37","slug":"le-psg-na-pas-dit-son-dernier-mot-pour-aurelien-tchouameni","status":"publish","type":"post","link":"https:\/\/dicodusport.fr\/blog\/le-psg-na-pas-dit-son-dernier-mot-pour-aurelien-tchouameni\/","title":{"rendered":"Le PSG n&rsquo;a pas dit son dernier mot pour Aur\u00e9lien Tchouam\u00e9ni"},"content":{"rendered":"<p style=\"text-align: justify;\"><b><i>FOOTBALL &#8211; Alors que la presse annonce un accord avec le Real Madrid, le PSG n&rsquo;a pas dit son dernier mot pour Aur\u00e9lien Tchouam\u00e9ni.<\/i><\/b><\/p>\n<p style=\"text-align: justify;\">Le PSG va-t-il jouer encore un mauvais tour au Real Madrid ? Selon <em>Le Parisien<\/em>, ce n&rsquo;est pas impossible puisque le club de la capitale n&rsquo;aurait pas abandonn\u00e9 l&rsquo;id\u00e9e de signer le milieu de terrain de l&rsquo;AS Monaco, <strong>Aur\u00e9lien Tchouam\u00e9ni<\/strong>. La prolongation de Kylian Mbapp\u00e9 est un atout, puisque les deux joueurs sont proches et auraient d\u00e9j\u00e0 discut\u00e9 ensemble du fait de jouer pour la m\u00eame \u00e9quipe. Nos confr\u00e8res pr\u00e9cisent que le Real Madrid reste favori sur ce dossier, mais que tant que rien n&rsquo;est sign\u00e9, Paris tentera de subtiliser l&rsquo;international fran\u00e7ais \u00e0 la maison blanche.<\/p>\n<blockquote class=\"twitter-tweet\">\n<p dir=\"ltr\" lang=\"fr\">&#x1f6a8; Aur\u00e9lien Tchouameni &#x1f1eb;&#x1f1f7; est une priorit\u00e9 ABSOLUE pour le PSG.<\/p>\n<p>Lui et Kylian Mbapp\u00e9 ont parfois \u00e9voqu\u00e9 l\u2019id\u00e9e d\u2019\u00e9voluer ensemble et pas sur le ton de la plaisanterie.<\/p>\n<p>Pas de confirmation de l\u2019info selon laquelle il a choisi le Real mais Paris ne part pas favori.<\/p>\n<p>(Le Parisien)<\/p>\n<p>\u2014 Hadrien Grenier (@hadrien_grenier) <a href=\"https:\/\/twitter.com\/hadrien_grenier\/status\/1529352443473055746?ref_src=twsrc%5Etfw\">May 25, 2022<\/a><\/p><\/blockquote>\n<p style=\"text-align: justify;\"><script async src=\"https:\/\/platform.twitter.com\/widgets.js\" charset=\"utf-8\"><\/script><\/p>\n","protected":false},"excerpt":{"rendered":"<p>FOOTBALL &#8211; Alors que la presse annonce un accord avec le Real Madrid, le PSG n&rsquo;a pas dit son dernier mot pour Aur\u00e9lien Tchouam\u00e9ni.<\/p>\n","protected":false},"author":1,"featured_media":226520,"comment_status":"open","ping_status":"closed","sticky":false,"template":"","format":"standard","meta":{"_acf_changed":false,"_daextam_enable_autolinks":"","footnotes":""},"categories":[2301],"tags":[19811,75,910],"class_list":["post-226519","post","type-post","status-publish","format-standard","has-post-thumbnail","hentry","category-football","tag-aurelien-tchouameni","tag-football","tag-psg"],"acf":[],"yoast_head":"<!-- This site is optimized with the Yoast SEO Premium plugin v26.7 (Yoast SEO v26.7) - https:\/\/yoast.com\/wordpress\/plugins\/seo\/ -->\n<title>Football - Le PSG n&#039;a pas dit son dernier mot pour Aur\u00e9lien Tchouam\u00e9ni - Dicodusport<\/title>\n<meta name=\"description\" content=\"FOOTBALL - Alors que la presse annonce un accord avec le Real Madrid, le PSG n&#039;a pas dit son dernier mot pour Aur\u00e9lien Tchouam\u00e9ni.\" \/>\n<meta name=\"robots\" content=\"index, follow, max-snippet:-1, max-image-preview:large, max-video-preview:-1\" \/>\n<link rel=\"canonical\" href=\"https:\/\/dicodusport.fr\/blog\/le-psg-na-pas-dit-son-dernier-mot-pour-aurelien-tchouameni\/\" \/>\n<meta property=\"og:locale\" content=\"fr_FR\" \/>\n<meta property=\"og:type\" content=\"article\" \/>\n<meta property=\"og:title\" content=\"Le PSG n&#039;a pas dit son dernier mot pour Aur\u00e9lien Tchouam\u00e9ni\" \/>\n<meta property=\"og:description\" content=\"FOOTBALL - Alors que la presse annonce un accord avec le Real Madrid, le PSG n&#039;a pas dit son dernier mot pour Aur\u00e9lien Tchouam\u00e9ni.\" \/>\n<meta property=\"og:url\" content=\"https:\/\/dicodusport.fr\/blog\/le-psg-na-pas-dit-son-dernier-mot-pour-aurelien-tchouameni\/\" \/>\n<meta property=\"og:site_name\" content=\"Dicodusport\" \/>\n<meta property=\"article:publisher\" content=\"https:\/\/www.facebook.com\/dicodusport\" \/>\n<meta property=\"article:author\" content=\"https:\/\/www.facebook.com\/dicodusport\" \/>\n<meta property=\"article:published_time\" content=\"2022-05-25T07:27:10+00:00\" \/>\n<meta property=\"article:modified_time\" content=\"2022-05-25T22:36:37+00:00\" \/>\n<meta property=\"og:image\" content=\"https:\/\/dicodusport.fr\/blog\/wp-content\/uploads\/2022\/05\/Le-PSG-na-pas-dit-son-dernier-mot-pour-Aure\u0301lien-Tchouame\u0301ni.png\" \/>\n\t<meta property=\"og:image:width\" content=\"800\" \/>\n\t<meta property=\"og:image:height\" content=\"445\" \/>\n\t<meta property=\"og:image:type\" content=\"image\/png\" \/>\n<meta name=\"author\" content=\"Nicolas Jacquemard\" \/>\n<meta name=\"twitter:card\" content=\"summary_large_image\" \/>\n<meta name=\"twitter:title\" content=\"Le PSG n&#039;a pas dit son dernier mot pour Aur\u00e9lien Tchouam\u00e9ni\" \/>\n<meta name=\"twitter:creator\" content=\"@https:\/\/twitter.com\/Nico_Jacquemard\" \/>\n<meta name=\"twitter:site\" content=\"@dicodusport\" \/>\n<script type=\"application\/ld+json\" class=\"yoast-schema-graph\">{\"@context\":\"https:\/\/schema.org\",\"@graph\":[{\"@type\":\"NewsArticle\",\"@id\":\"https:\/\/dicodusport.fr\/blog\/le-psg-na-pas-dit-son-dernier-mot-pour-aurelien-tchouameni\/#article\",\"isPartOf\":{\"@id\":\"https:\/\/dicodusport.fr\/blog\/le-psg-na-pas-dit-son-dernier-mot-pour-aurelien-tchouameni\/\"},\"author\":{\"name\":\"Nicolas Jacquemard\",\"@id\":\"https:\/\/dicodusport.fr\/blog\/#\/schema\/person\/55dcb50ad410894e431ed812bbb70191\"},\"headline\":\"Le PSG n&rsquo;a pas dit son dernier mot pour Aur\u00e9lien Tchouam\u00e9ni\",\"datePublished\":\"2022-05-25T07:27:10+00:00\",\"dateModified\":\"2022-05-25T22:36:37+00:00\",\"mainEntityOfPage\":{\"@id\":\"https:\/\/dicodusport.fr\/blog\/le-psg-na-pas-dit-son-dernier-mot-pour-aurelien-tchouameni\/\"},\"wordCount\":215,\"commentCount\":0,\"publisher\":{\"@id\":\"https:\/\/dicodusport.fr\/blog\/#organization\"},\"image\":{\"@id\":\"https:\/\/dicodusport.fr\/blog\/le-psg-na-pas-dit-son-dernier-mot-pour-aurelien-tchouameni\/#primaryimage\"},\"thumbnailUrl\":\"https:\/\/dicodusport.fr\/blog\/wp-content\/uploads\/2022\/05\/Le-PSG-na-pas-dit-son-dernier-mot-pour-Aure\u0301lien-Tchouame\u0301ni.png\",\"keywords\":[\"Aur\u00e9lien Tchouameni\",\"Football\",\"PSG\"],\"articleSection\":[\"Football\"],\"inLanguage\":\"fr-FR\",\"potentialAction\":[{\"@type\":\"CommentAction\",\"name\":\"Comment\",\"target\":[\"https:\/\/dicodusport.fr\/blog\/le-psg-na-pas-dit-son-dernier-mot-pour-aurelien-tchouameni\/#respond\"]}],\"copyrightYear\":\"2022\",\"copyrightHolder\":{\"@id\":\"https:\/\/dicodusport.fr\/blog\/#organization\"}},{\"@type\":\"WebPage\",\"@id\":\"https:\/\/dicodusport.fr\/blog\/le-psg-na-pas-dit-son-dernier-mot-pour-aurelien-tchouameni\/\",\"url\":\"https:\/\/dicodusport.fr\/blog\/le-psg-na-pas-dit-son-dernier-mot-pour-aurelien-tchouameni\/\",\"name\":\"Football - Le PSG n'a pas dit son dernier mot pour Aur\u00e9lien Tchouam\u00e9ni - Dicodusport\",\"isPartOf\":{\"@id\":\"https:\/\/dicodusport.fr\/blog\/#website\"},\"primaryImageOfPage\":{\"@id\":\"https:\/\/dicodusport.fr\/blog\/le-psg-na-pas-dit-son-dernier-mot-pour-aurelien-tchouameni\/#primaryimage\"},\"image\":{\"@id\":\"https:\/\/dicodusport.fr\/blog\/le-psg-na-pas-dit-son-dernier-mot-pour-aurelien-tchouameni\/#primaryimage\"},\"thumbnailUrl\":\"https:\/\/dicodusport.fr\/blog\/wp-content\/uploads\/2022\/05\/Le-PSG-na-pas-dit-son-dernier-mot-pour-Aure\u0301lien-Tchouame\u0301ni.png\",\"datePublished\":\"2022-05-25T07:27:10+00:00\",\"dateModified\":\"2022-05-25T22:36:37+00:00\",\"description\":\"FOOTBALL - Alors que la presse annonce un accord avec le Real Madrid, le PSG n'a pas dit son dernier mot pour Aur\u00e9lien Tchouam\u00e9ni.\",\"breadcrumb\":{\"@id\":\"https:\/\/dicodusport.fr\/blog\/le-psg-na-pas-dit-son-dernier-mot-pour-aurelien-tchouameni\/#breadcrumb\"},\"inLanguage\":\"fr-FR\",\"potentialAction\":[{\"@type\":\"ReadAction\",\"target\":[\"https:\/\/dicodusport.fr\/blog\/le-psg-na-pas-dit-son-dernier-mot-pour-aurelien-tchouameni\/\"]}]},{\"@type\":\"ImageObject\",\"inLanguage\":\"fr-FR\",\"@id\":\"https:\/\/dicodusport.fr\/blog\/le-psg-na-pas-dit-son-dernier-mot-pour-aurelien-tchouameni\/#primaryimage\",\"url\":\"https:\/\/dicodusport.fr\/blog\/wp-content\/uploads\/2022\/05\/Le-PSG-na-pas-dit-son-dernier-mot-pour-Aure\u0301lien-Tchouame\u0301ni.png\",\"contentUrl\":\"https:\/\/dicodusport.fr\/blog\/wp-content\/uploads\/2022\/05\/Le-PSG-na-pas-dit-son-dernier-mot-pour-Aure\u0301lien-Tchouame\u0301ni.png\",\"width\":800,\"height\":445},{\"@type\":\"BreadcrumbList\",\"@id\":\"https:\/\/dicodusport.fr\/blog\/le-psg-na-pas-dit-son-dernier-mot-pour-aurelien-tchouameni\/#breadcrumb\",\"itemListElement\":[{\"@type\":\"ListItem\",\"position\":1,\"name\":\"Accueil\",\"item\":\"https:\/\/dicodusport.fr\/blog\/\"},{\"@type\":\"ListItem\",\"position\":2,\"name\":\"Le PSG n&rsquo;a pas dit son dernier mot pour Aur\u00e9lien Tchouam\u00e9ni\"}]},{\"@type\":\"WebSite\",\"@id\":\"https:\/\/dicodusport.fr\/blog\/#website\",\"url\":\"https:\/\/dicodusport.fr\/blog\/\",\"name\":\"Dicodusport\",\"description\":\"L&#039;encyclop\u00e9die de l&#039;actualit\u00e9 sportive\",\"publisher\":{\"@id\":\"https:\/\/dicodusport.fr\/blog\/#organization\"},\"potentialAction\":[{\"@type\":\"SearchAction\",\"target\":{\"@type\":\"EntryPoint\",\"urlTemplate\":\"https:\/\/dicodusport.fr\/blog\/?s={search_term_string}\"},\"query-input\":{\"@type\":\"PropertyValueSpecification\",\"valueRequired\":true,\"valueName\":\"search_term_string\"}}],\"inLanguage\":\"fr-FR\"},{\"@type\":\"NewsMediaOrganization\",\"@id\":\"https:\/\/dicodusport.fr\/blog\/#organization\",\"name\":\"Dicodusport\",\"url\":\"https:\/\/dicodusport.fr\/blog\/\",\"logo\":{\"@type\":\"ImageObject\",\"inLanguage\":\"fr-FR\",\"@id\":\"https:\/\/dicodusport.fr\/blog\/#\/schema\/logo\/image\/\",\"url\":\"https:\/\/dicodusport.fr\/blog\/wp-content\/uploads\/2020\/06\/cropped-LOGO-DICODUSPORT-2020-SANS-FOND-SANS-TEXTE.png\",\"contentUrl\":\"https:\/\/dicodusport.fr\/blog\/wp-content\/uploads\/2020\/06\/cropped-LOGO-DICODUSPORT-2020-SANS-FOND-SANS-TEXTE.png\",\"width\":512,\"height\":512,\"caption\":\"Dicodusport\"},\"image\":{\"@id\":\"https:\/\/dicodusport.fr\/blog\/#\/schema\/logo\/image\/\"},\"sameAs\":[\"https:\/\/www.facebook.com\/dicodusport\",\"https:\/\/x.com\/dicodusport\",\"https:\/\/www.instagram.com\/dicodusport\/\",\"https:\/\/www.youtube.com\/channel\/UC7V2KZ5sd3htJivAbA4ZG3w\"],\"description\":\"Dicodusport est l'encyclop\u00e9die de l'actualit\u00e9 sportive.\",\"email\":\"bonjour@dicodusport.fr\",\"legalName\":\"DICODUSPORT\",\"foundingDate\":\"2018-01-14\",\"vatID\":\"FR71834470973\",\"taxID\":\"83447097300043\",\"numberOfEmployees\":{\"@type\":\"QuantitativeValue\",\"minValue\":\"1\",\"maxValue\":\"10\"}},{\"@type\":\"Person\",\"@id\":\"https:\/\/dicodusport.fr\/blog\/#\/schema\/person\/55dcb50ad410894e431ed812bbb70191\",\"name\":\"Nicolas Jacquemard\",\"image\":{\"@type\":\"ImageObject\",\"inLanguage\":\"fr-FR\",\"@id\":\"https:\/\/dicodusport.fr\/blog\/#\/schema\/person\/image\/\",\"url\":\"https:\/\/dicodusport.fr\/blog\/wp-content\/uploads\/2021\/05\/Nicolas-Jacquemard-150x150.jpeg\",\"contentUrl\":\"https:\/\/dicodusport.fr\/blog\/wp-content\/uploads\/2021\/05\/Nicolas-Jacquemard-150x150.jpeg\",\"caption\":\"Nicolas Jacquemard\"},\"description\":\"Passionn\u00e9 de sport et entrepreneur depuis mes 18 ans, la cr\u00e9ation de Dicodusport m'a sembl\u00e9 \u00e9vidente pour participer \u00e0 la m\u00e9diatisation d'un plus grand nombre de sports. Le chemin est long mais avec une \u00e9quipe des plus motiv\u00e9es et les Jeux Olympiques de Paris 2024 en point de mire, nous y arriverons ! Journaliste dans le monde du sport depuis plus de 5 ans, je traite aussi bien de football, de rugby, de biathlon que de cyclisme.\",\"sameAs\":[\"https:\/\/www.facebook.com\/dicodusport\",\"https:\/\/x.com\/https:\/\/twitter.com\/Nico_Jacquemard\"],\"url\":\"https:\/\/dicodusport.fr\/blog\/author\/dicodusport\/\"}]}<\/script>\n<!-- \/ Yoast SEO Premium plugin. -->","yoast_head_json":{"title":"Football - Le PSG n'a pas dit son dernier mot pour Aur\u00e9lien Tchouam\u00e9ni - Dicodusport","description":"FOOTBALL - Alors que la presse annonce un accord avec le Real Madrid, le PSG n'a pas dit son dernier mot pour Aur\u00e9lien Tchouam\u00e9ni.","robots":{"index":"index","follow":"follow","max-snippet":"max-snippet:-1","max-image-preview":"max-image-preview:large","max-video-preview":"max-video-preview:-1"},"canonical":"https:\/\/dicodusport.fr\/blog\/le-psg-na-pas-dit-son-dernier-mot-pour-aurelien-tchouameni\/","og_locale":"fr_FR","og_type":"article","og_title":"Le PSG n'a pas dit son dernier mot pour Aur\u00e9lien Tchouam\u00e9ni","og_description":"FOOTBALL - Alors que la presse annonce un accord avec le Real Madrid, le PSG n'a pas dit son dernier mot pour Aur\u00e9lien Tchouam\u00e9ni.","og_url":"https:\/\/dicodusport.fr\/blog\/le-psg-na-pas-dit-son-dernier-mot-pour-aurelien-tchouameni\/","og_site_name":"Dicodusport","article_publisher":"https:\/\/www.facebook.com\/dicodusport","article_author":"https:\/\/www.facebook.com\/dicodusport","article_published_time":"2022-05-25T07:27:10+00:00","article_modified_time":"2022-05-25T22:36:37+00:00","og_image":[{"width":800,"height":445,"url":"https:\/\/dicodusport.fr\/blog\/wp-content\/uploads\/2022\/05\/Le-PSG-na-pas-dit-son-dernier-mot-pour-Aure\u0301lien-Tchouame\u0301ni.png","type":"image\/png"}],"author":"Nicolas Jacquemard","twitter_card":"summary_large_image","twitter_title":"Le PSG n'a pas dit son dernier mot pour Aur\u00e9lien Tchouam\u00e9ni","twitter_creator":"@https:\/\/twitter.com\/Nico_Jacquemard","twitter_site":"@dicodusport","schema":{"@context":"https:\/\/schema.org","@graph":[{"@type":"NewsArticle","@id":"https:\/\/dicodusport.fr\/blog\/le-psg-na-pas-dit-son-dernier-mot-pour-aurelien-tchouameni\/#article","isPartOf":{"@id":"https:\/\/dicodusport.fr\/blog\/le-psg-na-pas-dit-son-dernier-mot-pour-aurelien-tchouameni\/"},"author":{"name":"Nicolas Jacquemard","@id":"https:\/\/dicodusport.fr\/blog\/#\/schema\/person\/55dcb50ad410894e431ed812bbb70191"},"headline":"Le PSG n&rsquo;a pas dit son dernier mot pour Aur\u00e9lien Tchouam\u00e9ni","datePublished":"2022-05-25T07:27:10+00:00","dateModified":"2022-05-25T22:36:37+00:00","mainEntityOfPage":{"@id":"https:\/\/dicodusport.fr\/blog\/le-psg-na-pas-dit-son-dernier-mot-pour-aurelien-tchouameni\/"},"wordCount":215,"commentCount":0,"publisher":{"@id":"https:\/\/dicodusport.fr\/blog\/#organization"},"image":{"@id":"https:\/\/dicodusport.fr\/blog\/le-psg-na-pas-dit-son-dernier-mot-pour-aurelien-tchouameni\/#primaryimage"},"thumbnailUrl":"https:\/\/dicodusport.fr\/blog\/wp-content\/uploads\/2022\/05\/Le-PSG-na-pas-dit-son-dernier-mot-pour-Aure\u0301lien-Tchouame\u0301ni.png","keywords":["Aur\u00e9lien Tchouameni","Football","PSG"],"articleSection":["Football"],"inLanguage":"fr-FR","potentialAction":[{"@type":"CommentAction","name":"Comment","target":["https:\/\/dicodusport.fr\/blog\/le-psg-na-pas-dit-son-dernier-mot-pour-aurelien-tchouameni\/#respond"]}],"copyrightYear":"2022","copyrightHolder":{"@id":"https:\/\/dicodusport.fr\/blog\/#organization"}},{"@type":"WebPage","@id":"https:\/\/dicodusport.fr\/blog\/le-psg-na-pas-dit-son-dernier-mot-pour-aurelien-tchouameni\/","url":"https:\/\/dicodusport.fr\/blog\/le-psg-na-pas-dit-son-dernier-mot-pour-aurelien-tchouameni\/","name":"Football - Le PSG n'a pas dit son dernier mot pour Aur\u00e9lien Tchouam\u00e9ni - Dicodusport","isPartOf":{"@id":"https:\/\/dicodusport.fr\/blog\/#website"},"primaryImageOfPage":{"@id":"https:\/\/dicodusport.fr\/blog\/le-psg-na-pas-dit-son-dernier-mot-pour-aurelien-tchouameni\/#primaryimage"},"image":{"@id":"https:\/\/dicodusport.fr\/blog\/le-psg-na-pas-dit-son-dernier-mot-pour-aurelien-tchouameni\/#primaryimage"},"thumbnailUrl":"https:\/\/dicodusport.fr\/blog\/wp-content\/uploads\/2022\/05\/Le-PSG-na-pas-dit-son-dernier-mot-pour-Aure\u0301lien-Tchouame\u0301ni.png","datePublished":"2022-05-25T07:27:10+00:00","dateModified":"2022-05-25T22:36:37+00:00","description":"FOOTBALL - Alors que la presse annonce un accord avec le Real Madrid, le PSG n'a pas dit son dernier mot pour Aur\u00e9lien Tchouam\u00e9ni.","breadcrumb":{"@id":"https:\/\/dicodusport.fr\/blog\/le-psg-na-pas-dit-son-dernier-mot-pour-aurelien-tchouameni\/#breadcrumb"},"inLanguage":"fr-FR","potentialAction":[{"@type":"ReadAction","target":["https:\/\/dicodusport.fr\/blog\/le-psg-na-pas-dit-son-dernier-mot-pour-aurelien-tchouameni\/"]}]},{"@type":"ImageObject","inLanguage":"fr-FR","@id":"https:\/\/dicodusport.fr\/blog\/le-psg-na-pas-dit-son-dernier-mot-pour-aurelien-tchouameni\/#primaryimage","url":"https:\/\/dicodusport.fr\/blog\/wp-content\/uploads\/2022\/05\/Le-PSG-na-pas-dit-son-dernier-mot-pour-Aure\u0301lien-Tchouame\u0301ni.png","contentUrl":"https:\/\/dicodusport.fr\/blog\/wp-content\/uploads\/2022\/05\/Le-PSG-na-pas-dit-son-dernier-mot-pour-Aure\u0301lien-Tchouame\u0301ni.png","width":800,"height":445},{"@type":"BreadcrumbList","@id":"https:\/\/dicodusport.fr\/blog\/le-psg-na-pas-dit-son-dernier-mot-pour-aurelien-tchouameni\/#breadcrumb","itemListElement":[{"@type":"ListItem","position":1,"name":"Accueil","item":"https:\/\/dicodusport.fr\/blog\/"},{"@type":"ListItem","position":2,"name":"Le PSG n&rsquo;a pas dit son dernier mot pour Aur\u00e9lien Tchouam\u00e9ni"}]},{"@type":"WebSite","@id":"https:\/\/dicodusport.fr\/blog\/#website","url":"https:\/\/dicodusport.fr\/blog\/","name":"Dicodusport","description":"L&#039;encyclop\u00e9die de l&#039;actualit\u00e9 sportive","publisher":{"@id":"https:\/\/dicodusport.fr\/blog\/#organization"},"potentialAction":[{"@type":"SearchAction","target":{"@type":"EntryPoint","urlTemplate":"https:\/\/dicodusport.fr\/blog\/?s={search_term_string}"},"query-input":{"@type":"PropertyValueSpecification","valueRequired":true,"valueName":"search_term_string"}}],"inLanguage":"fr-FR"},{"@type":"NewsMediaOrganization","@id":"https:\/\/dicodusport.fr\/blog\/#organization","name":"Dicodusport","url":"https:\/\/dicodusport.fr\/blog\/","logo":{"@type":"ImageObject","inLanguage":"fr-FR","@id":"https:\/\/dicodusport.fr\/blog\/#\/schema\/logo\/image\/","url":"https:\/\/dicodusport.fr\/blog\/wp-content\/uploads\/2020\/06\/cropped-LOGO-DICODUSPORT-2020-SANS-FOND-SANS-TEXTE.png","contentUrl":"https:\/\/dicodusport.fr\/blog\/wp-content\/uploads\/2020\/06\/cropped-LOGO-DICODUSPORT-2020-SANS-FOND-SANS-TEXTE.png","width":512,"height":512,"caption":"Dicodusport"},"image":{"@id":"https:\/\/dicodusport.fr\/blog\/#\/schema\/logo\/image\/"},"sameAs":["https:\/\/www.facebook.com\/dicodusport","https:\/\/x.com\/dicodusport","https:\/\/www.instagram.com\/dicodusport\/","https:\/\/www.youtube.com\/channel\/UC7V2KZ5sd3htJivAbA4ZG3w"],"description":"Dicodusport est l'encyclop\u00e9die de l'actualit\u00e9 sportive.","email":"bonjour@dicodusport.fr","legalName":"DICODUSPORT","foundingDate":"2018-01-14","vatID":"FR71834470973","taxID":"83447097300043","numberOfEmployees":{"@type":"QuantitativeValue","minValue":"1","maxValue":"10"}},{"@type":"Person","@id":"https:\/\/dicodusport.fr\/blog\/#\/schema\/person\/55dcb50ad410894e431ed812bbb70191","name":"Nicolas Jacquemard","image":{"@type":"ImageObject","inLanguage":"fr-FR","@id":"https:\/\/dicodusport.fr\/blog\/#\/schema\/person\/image\/","url":"https:\/\/dicodusport.fr\/blog\/wp-content\/uploads\/2021\/05\/Nicolas-Jacquemard-150x150.jpeg","contentUrl":"https:\/\/dicodusport.fr\/blog\/wp-content\/uploads\/2021\/05\/Nicolas-Jacquemard-150x150.jpeg","caption":"Nicolas Jacquemard"},"description":"Passionn\u00e9 de sport et entrepreneur depuis mes 18 ans, la cr\u00e9ation de Dicodusport m'a sembl\u00e9 \u00e9vidente pour participer \u00e0 la m\u00e9diatisation d'un plus grand nombre de sports. Le chemin est long mais avec une \u00e9quipe des plus motiv\u00e9es et les Jeux Olympiques de Paris 2024 en point de mire, nous y arriverons ! Journaliste dans le monde du sport depuis plus de 5 ans, je traite aussi bien de football, de rugby, de biathlon que de cyclisme.","sameAs":["https:\/\/www.facebook.com\/dicodusport","https:\/\/x.com\/https:\/\/twitter.com\/Nico_Jacquemard"],"url":"https:\/\/dicodusport.fr\/blog\/author\/dicodusport\/"}]}},"_links":{"self":[{"href":"https:\/\/dicodusport.fr\/blog\/wp-json\/wp\/v2\/posts\/226519","targetHints":{"allow":["GET"]}}],"collection":[{"href":"https:\/\/dicodusport.fr\/blog\/wp-json\/wp\/v2\/posts"}],"about":[{"href":"https:\/\/dicodusport.fr\/blog\/wp-json\/wp\/v2\/types\/post"}],"author":[{"embeddable":true,"href":"https:\/\/dicodusport.fr\/blog\/wp-json\/wp\/v2\/users\/1"}],"replies":[{"embeddable":true,"href":"https:\/\/dicodusport.fr\/blog\/wp-json\/wp\/v2\/comments?post=226519"}],"version-history":[{"count":0,"href":"https:\/\/dicodusport.fr\/blog\/wp-json\/wp\/v2\/posts\/226519\/revisions"}],"wp:featuredmedia":[{"embeddable":true,"href":"https:\/\/dicodusport.fr\/blog\/wp-json\/wp\/v2\/media\/226520"}],"wp:attachment":[{"href":"https:\/\/dicodusport.fr\/blog\/wp-json\/wp\/v2\/media?parent=226519"}],"wp:term":[{"taxonomy":"category","embeddable":true,"href":"https:\/\/dicodusport.fr\/blog\/wp-json\/wp\/v2\/categories?post=226519"},{"taxonomy":"post_tag","embeddable":true,"href":"https:\/\/dicodusport.fr\/blog\/wp-json\/wp\/v2\/tags?post=226519"}],"curies":[{"name":"wp","href":"https:\/\/api.w.org\/{rel}","templated":true}]}}