{"id":22664,"date":"2018-07-26T18:08:57","date_gmt":"2018-07-26T16:08:57","guid":{"rendered":"http:\/\/dicodusport.fr\/blog\/?p=22664"},"modified":"2018-07-26T19:53:38","modified_gmt":"2018-07-26T17:53:38","slug":"tour-de-france-demare-echappes-quintana-ce-quil-faut-retenir-de-la-18eme-etape","status":"publish","type":"post","link":"https:\/\/dicodusport.fr\/blog\/tour-de-france-demare-echappes-quintana-ce-quil-faut-retenir-de-la-18eme-etape\/","title":{"rendered":"Tour de France : D\u00e9mare, \u00e9chapp\u00e9s, Quintana, ce qu&rsquo;il faut retenir de la 18\u00e8me \u00e9tape"},"content":{"rendered":"<p style=\"text-align: justify;\"><strong><em>Victoire de Arnaud D\u00e9mare devant Christophe Laporte et Alexander Kristoff. Voici ce qu&rsquo;il faut retenir de cette 18\u00e8me \u00e9tape.<\/em><\/strong><\/p>\n<p style=\"text-align: justify;\"><strong>D\u00e9mare avec la mani\u00e8re ! <\/strong>Largu\u00e9 dans les Pyr\u00e9n\u00e9es, critiqu\u00e9 par Andr\u00e9 Greipel hier, Arnaud D\u00e9mare a r\u00e9pondu de la meilleure des mani\u00e8res, en s&rsquo;imposant au sprint devant un autre tricolore, Christophe Laporte. Le Picard a profit\u00e9 pleinement du tr\u00e8s bon travail de son \u00e9quipe jusqu&rsquo;aux 300m. C&rsquo;est sa deuxi\u00e8me victoire d&rsquo;\u00e9tape sur une Grande Boucle, apr\u00e8s son succ\u00e8s l&rsquo;an dernier \u00e0 Vittel. Cela faisait 40 ans que les Fran\u00e7ais n&rsquo;avaient pas r\u00e9ussi un doubl\u00e9 sur un sprint massif. C&rsquo;est d\u00e9sormais chose faite.<\/p>\n<p style=\"text-align: justify;\"><strong>Les sprinteurs la voulaient :<\/strong> Hayman, Durbridge (Mitchelton-Scott), Terpstra (Quick Step), Boudat (Direct Energie) et Van Keirsbulck (Wanty-Gobert) composaient l&rsquo;\u00e9chapp\u00e9e du jour. Ces cinq fuyards ont ram\u00e9 pour creuser un \u00e9cart, avec au maximum, 2&rsquo;15\u00a0\u00bb d&rsquo;avance sur un peloton emmen\u00e9 par les co\u00e9quipiers d&rsquo;Arnaud D\u00e9mare, Alexander Kristoff et Christophe Laporte. Groupama-FDJ, UAE Emirates et Cofidis n&rsquo;ont jamais laiss\u00e9 grand chose au groupe de t\u00eate, qui sera finalement repris \u00e0 15 km de la ligne d&rsquo;arriv\u00e9e, comme si c&rsquo;\u00e9tait \u00e9crit.<\/p>\n<p style=\"text-align: justify;\"><strong>Petite frayeur pour Quintana : <\/strong>Apr\u00e8s sa magnifique victoire hier, Nairo Quintana a go\u00fbt\u00e9 au bitume aujourd&rsquo;hui, \u00e0 103km de l&rsquo;arriv\u00e9e. Cinqui\u00e8me au classement g\u00e9n\u00e9ral, le petit Colombien est assez vite remont\u00e9 sur son v\u00e9lo afin de rentrer dans le peloton, bien aid\u00e9 par son co\u00e9quipier, Andrey Amador. Souffrant de l&rsquo;\u00e9paule gauche, cela restait visiblement superficiel pour le coureur de la Movistar. Plus de peur que de mal donc.<\/p>\n<p><em><strong>F<\/strong><\/em><em><strong>lo Ostermann<br \/>\n<a href=\"https:\/\/www.facebook.com\/florent.ostermann\"><img loading=\"lazy\" decoding=\"async\" class=\"alignnone wp-image-2909\" src=\"http:\/\/dicodusport.fr\/blog\/wp-content\/uploads\/2017\/07\/logo-facebook-150x150.png\" sizes=\"auto, (max-width: 40px) 100vw, 40px\" srcset=\"https:\/\/dicodusport.fr\/blog\/wp-content\/uploads\/2017\/07\/logo-facebook-150x150.png 150w, https:\/\/dicodusport.fr\/blog\/wp-content\/uploads\/2017\/07\/logo-facebook-300x300.png 300w, https:\/\/dicodusport.fr\/blog\/wp-content\/uploads\/2017\/07\/logo-facebook.png 400w\" alt=\"\" width=\"40\" height=\"40\" \/><\/a><a href=\"https:\/\/twitter.com\/SportInsideMag\"><img loading=\"lazy\" decoding=\"async\" class=\"alignnone wp-image-2908\" src=\"http:\/\/dicodusport.fr\/blog\/wp-content\/uploads\/2017\/07\/logo-twitter-150x150.png\" alt=\"\" width=\"39\" height=\"39\" \/><\/a><\/strong><\/em><\/p>\n","protected":false},"excerpt":{"rendered":"<p>Victoire de Arnaud D\u00e9mare devant Christophe Laporte et Alexander Kristoff. Voici ce qu&rsquo;il faut retenir de cette 18\u00e8me \u00e9tape.<\/p>\n","protected":false},"author":4,"featured_media":22669,"comment_status":"open","ping_status":"closed","sticky":false,"template":"","format":"standard","meta":{"_acf_changed":false,"_daextam_enable_autolinks":"","footnotes":""},"categories":[2,2307,46995],"tags":[574,1093,1262],"class_list":["post-22664","post","type-post","status-publish","format-standard","has-post-thumbnail","hentry","category-actualites","category-cyclisme","category-tour-de-france","tag-cyclisme","tag-pau","tag-tour-de-france"],"acf":[],"yoast_head":"<!-- This site is optimized with the Yoast SEO Premium plugin v26.7 (Yoast SEO v26.7) - https:\/\/yoast.com\/wordpress\/plugins\/seo\/ -->\n<title>Tour de France : D\u00e9mare, \u00e9chapp\u00e9s, Quintana, ce qu&#039;il faut retenir de la 18\u00e8me \u00e9tape<\/title>\n<meta name=\"description\" content=\"Victoire de Arnaud D\u00e9mare devant Christophe Laporte et Alexander Kristoff. Voici ce qu&#039;il faut retenir de cette 18\u00e8me \u00e9tape.\" \/>\n<meta name=\"robots\" content=\"index, follow, max-snippet:-1, max-image-preview:large, max-video-preview:-1\" \/>\n<link rel=\"canonical\" href=\"https:\/\/dicodusport.fr\/blog\/tour-de-france-demare-echappes-quintana-ce-quil-faut-retenir-de-la-18eme-etape\/\" \/>\n<meta property=\"og:locale\" content=\"fr_FR\" \/>\n<meta property=\"og:type\" content=\"article\" \/>\n<meta property=\"og:title\" content=\"Tour de France : D\u00e9mare, \u00e9chapp\u00e9s, Quintana, ce qu&#039;il faut retenir de la 18\u00e8me \u00e9tape\" \/>\n<meta property=\"og:description\" content=\"Victoire de Arnaud D\u00e9mare devant Christophe Laporte et Alexander Kristoff. Voici ce qu&#039;il faut retenir de cette 18\u00e8me \u00e9tape.\" \/>\n<meta property=\"og:url\" content=\"https:\/\/dicodusport.fr\/blog\/tour-de-france-demare-echappes-quintana-ce-quil-faut-retenir-de-la-18eme-etape\/\" \/>\n<meta property=\"og:site_name\" content=\"Dicodusport\" \/>\n<meta property=\"article:publisher\" content=\"https:\/\/www.facebook.com\/dicodusport\" \/>\n<meta property=\"article:author\" content=\"https:\/\/www.facebook.com\/florent.ostermann\" \/>\n<meta property=\"article:published_time\" content=\"2018-07-26T16:08:57+00:00\" \/>\n<meta property=\"article:modified_time\" content=\"2018-07-26T17:53:38+00:00\" \/>\n<meta property=\"og:image\" content=\"https:\/\/dicodusport.fr\/blog\/wp-content\/uploads\/2018\/07\/Arnaud-De\u0301mare-Pau.png\" \/>\n\t<meta property=\"og:image:width\" content=\"800\" \/>\n\t<meta property=\"og:image:height\" content=\"445\" \/>\n\t<meta property=\"og:image:type\" content=\"image\/png\" \/>\n<meta name=\"author\" content=\"Flo Ostermann\" \/>\n<meta name=\"twitter:card\" content=\"summary_large_image\" \/>\n<meta name=\"twitter:creator\" content=\"@https:\/\/twitter.com\/FlOstermann\" \/>\n<meta name=\"twitter:site\" content=\"@dicodusport\" \/>\n<script type=\"application\/ld+json\" class=\"yoast-schema-graph\">{\"@context\":\"https:\/\/schema.org\",\"@graph\":[{\"@type\":\"NewsArticle\",\"@id\":\"https:\/\/dicodusport.fr\/blog\/tour-de-france-demare-echappes-quintana-ce-quil-faut-retenir-de-la-18eme-etape\/#article\",\"isPartOf\":{\"@id\":\"https:\/\/dicodusport.fr\/blog\/tour-de-france-demare-echappes-quintana-ce-quil-faut-retenir-de-la-18eme-etape\/\"},\"author\":{\"name\":\"Flo Ostermann\",\"@id\":\"https:\/\/dicodusport.fr\/blog\/#\/schema\/person\/cb02af4c173ce4a653b55e9baf388d4a\"},\"headline\":\"Tour de France : D\u00e9mare, \u00e9chapp\u00e9s, Quintana, ce qu&rsquo;il faut retenir de la 18\u00e8me \u00e9tape\",\"datePublished\":\"2018-07-26T16:08:57+00:00\",\"dateModified\":\"2018-07-26T17:53:38+00:00\",\"mainEntityOfPage\":{\"@id\":\"https:\/\/dicodusport.fr\/blog\/tour-de-france-demare-echappes-quintana-ce-quil-faut-retenir-de-la-18eme-etape\/\"},\"wordCount\":306,\"commentCount\":0,\"publisher\":{\"@id\":\"https:\/\/dicodusport.fr\/blog\/#organization\"},\"image\":{\"@id\":\"https:\/\/dicodusport.fr\/blog\/tour-de-france-demare-echappes-quintana-ce-quil-faut-retenir-de-la-18eme-etape\/#primaryimage\"},\"thumbnailUrl\":\"https:\/\/dicodusport.fr\/blog\/wp-content\/uploads\/2018\/07\/Arnaud-De\u0301mare-Pau.png\",\"keywords\":[\"Cyclisme\",\"pau\",\"Tour de France\"],\"articleSection\":[\"Actualit\u00e9s\",\"Cyclisme\",\"Tour de France\"],\"inLanguage\":\"fr-FR\",\"potentialAction\":[{\"@type\":\"CommentAction\",\"name\":\"Comment\",\"target\":[\"https:\/\/dicodusport.fr\/blog\/tour-de-france-demare-echappes-quintana-ce-quil-faut-retenir-de-la-18eme-etape\/#respond\"]}],\"copyrightYear\":\"2018\",\"copyrightHolder\":{\"@id\":\"https:\/\/dicodusport.fr\/blog\/#organization\"}},{\"@type\":\"WebPage\",\"@id\":\"https:\/\/dicodusport.fr\/blog\/tour-de-france-demare-echappes-quintana-ce-quil-faut-retenir-de-la-18eme-etape\/\",\"url\":\"https:\/\/dicodusport.fr\/blog\/tour-de-france-demare-echappes-quintana-ce-quil-faut-retenir-de-la-18eme-etape\/\",\"name\":\"Tour de France : D\u00e9mare, \u00e9chapp\u00e9s, Quintana, ce qu'il faut retenir de la 18\u00e8me \u00e9tape\",\"isPartOf\":{\"@id\":\"https:\/\/dicodusport.fr\/blog\/#website\"},\"primaryImageOfPage\":{\"@id\":\"https:\/\/dicodusport.fr\/blog\/tour-de-france-demare-echappes-quintana-ce-quil-faut-retenir-de-la-18eme-etape\/#primaryimage\"},\"image\":{\"@id\":\"https:\/\/dicodusport.fr\/blog\/tour-de-france-demare-echappes-quintana-ce-quil-faut-retenir-de-la-18eme-etape\/#primaryimage\"},\"thumbnailUrl\":\"https:\/\/dicodusport.fr\/blog\/wp-content\/uploads\/2018\/07\/Arnaud-De\u0301mare-Pau.png\",\"datePublished\":\"2018-07-26T16:08:57+00:00\",\"dateModified\":\"2018-07-26T17:53:38+00:00\",\"description\":\"Victoire de Arnaud D\u00e9mare devant Christophe Laporte et Alexander Kristoff. Voici ce qu'il faut retenir de cette 18\u00e8me \u00e9tape.\",\"breadcrumb\":{\"@id\":\"https:\/\/dicodusport.fr\/blog\/tour-de-france-demare-echappes-quintana-ce-quil-faut-retenir-de-la-18eme-etape\/#breadcrumb\"},\"inLanguage\":\"fr-FR\",\"potentialAction\":[{\"@type\":\"ReadAction\",\"target\":[\"https:\/\/dicodusport.fr\/blog\/tour-de-france-demare-echappes-quintana-ce-quil-faut-retenir-de-la-18eme-etape\/\"]}]},{\"@type\":\"ImageObject\",\"inLanguage\":\"fr-FR\",\"@id\":\"https:\/\/dicodusport.fr\/blog\/tour-de-france-demare-echappes-quintana-ce-quil-faut-retenir-de-la-18eme-etape\/#primaryimage\",\"url\":\"https:\/\/dicodusport.fr\/blog\/wp-content\/uploads\/2018\/07\/Arnaud-De\u0301mare-Pau.png\",\"contentUrl\":\"https:\/\/dicodusport.fr\/blog\/wp-content\/uploads\/2018\/07\/Arnaud-De\u0301mare-Pau.png\",\"width\":800,\"height\":445,\"caption\":\"Arnaud De\u0301mare Pau\"},{\"@type\":\"BreadcrumbList\",\"@id\":\"https:\/\/dicodusport.fr\/blog\/tour-de-france-demare-echappes-quintana-ce-quil-faut-retenir-de-la-18eme-etape\/#breadcrumb\",\"itemListElement\":[{\"@type\":\"ListItem\",\"position\":1,\"name\":\"Accueil\",\"item\":\"https:\/\/dicodusport.fr\/blog\/\"},{\"@type\":\"ListItem\",\"position\":2,\"name\":\"Tour de France : D\u00e9mare, \u00e9chapp\u00e9s, Quintana, ce qu&rsquo;il faut retenir de la 18\u00e8me \u00e9tape\"}]},{\"@type\":\"WebSite\",\"@id\":\"https:\/\/dicodusport.fr\/blog\/#website\",\"url\":\"https:\/\/dicodusport.fr\/blog\/\",\"name\":\"Dicodusport\",\"description\":\"L&#039;encyclop\u00e9die de l&#039;actualit\u00e9 sportive\",\"publisher\":{\"@id\":\"https:\/\/dicodusport.fr\/blog\/#organization\"},\"potentialAction\":[{\"@type\":\"SearchAction\",\"target\":{\"@type\":\"EntryPoint\",\"urlTemplate\":\"https:\/\/dicodusport.fr\/blog\/?s={search_term_string}\"},\"query-input\":{\"@type\":\"PropertyValueSpecification\",\"valueRequired\":true,\"valueName\":\"search_term_string\"}}],\"inLanguage\":\"fr-FR\"},{\"@type\":\"NewsMediaOrganization\",\"@id\":\"https:\/\/dicodusport.fr\/blog\/#organization\",\"name\":\"Dicodusport\",\"url\":\"https:\/\/dicodusport.fr\/blog\/\",\"logo\":{\"@type\":\"ImageObject\",\"inLanguage\":\"fr-FR\",\"@id\":\"https:\/\/dicodusport.fr\/blog\/#\/schema\/logo\/image\/\",\"url\":\"https:\/\/dicodusport.fr\/blog\/wp-content\/uploads\/2020\/06\/cropped-LOGO-DICODUSPORT-2020-SANS-FOND-SANS-TEXTE.png\",\"contentUrl\":\"https:\/\/dicodusport.fr\/blog\/wp-content\/uploads\/2020\/06\/cropped-LOGO-DICODUSPORT-2020-SANS-FOND-SANS-TEXTE.png\",\"width\":512,\"height\":512,\"caption\":\"Dicodusport\"},\"image\":{\"@id\":\"https:\/\/dicodusport.fr\/blog\/#\/schema\/logo\/image\/\"},\"sameAs\":[\"https:\/\/www.facebook.com\/dicodusport\",\"https:\/\/x.com\/dicodusport\",\"https:\/\/www.instagram.com\/dicodusport\/\",\"https:\/\/www.youtube.com\/channel\/UC7V2KZ5sd3htJivAbA4ZG3w\"],\"description\":\"Dicodusport est l'encyclop\u00e9die de l'actualit\u00e9 sportive.\",\"email\":\"bonjour@dicodusport.fr\",\"legalName\":\"DICODUSPORT\",\"foundingDate\":\"2018-01-14\",\"vatID\":\"FR71834470973\",\"taxID\":\"83447097300043\",\"numberOfEmployees\":{\"@type\":\"QuantitativeValue\",\"minValue\":\"1\",\"maxValue\":\"10\"}},{\"@type\":\"Person\",\"@id\":\"https:\/\/dicodusport.fr\/blog\/#\/schema\/person\/cb02af4c173ce4a653b55e9baf388d4a\",\"name\":\"Flo Ostermann\",\"image\":{\"@type\":\"ImageObject\",\"inLanguage\":\"fr-FR\",\"@id\":\"https:\/\/dicodusport.fr\/blog\/#\/schema\/person\/image\/\",\"url\":\"https:\/\/dicodusport.fr\/blog\/wp-content\/uploads\/2021\/05\/Flo-Ostermann-150x150.jpg\",\"contentUrl\":\"https:\/\/dicodusport.fr\/blog\/wp-content\/uploads\/2021\/05\/Flo-Ostermann-150x150.jpg\",\"caption\":\"Flo Ostermann\"},\"description\":\"Journaliste\/R\u00e9dacteur depuis septembre 2015 - Mes premiers souvenirs dans le sport ? Les envol\u00e9es du Stade Toulousain et les duels Villeneuve-Schumacher et H\u00e4kkinen-Schumacher \u00e0 la fin des ann\u00e9es 90, la Coupe du monde de football en 1998, l\u2019exploit du XV de France face aux All Blacks en 1999, mais aussi Richard C\u0153ur de Lion qui vole sur les montagnes du Tour de France. Bien parti pour devenir professeur d\u2019EPS, les \u00e9v\u00e9nements de la vie (et la flemme d\u2019animer des s\u00e9ances de 3x500 m\u00e8tres toute ma vie) m\u2019ont conduit \u00e0 revoir mes plans. Me voil\u00e0 depuis fin 2017 sur Dicodusport, m\u00e9dia gr\u00e2ce (et pour) lequel je partage ma passion : le sport dans tous ses \u00e9tats. Le tout accompagn\u00e9 par les fous furieux et folles furieuses cit\u00e9s sur cette page !\",\"sameAs\":[\"https:\/\/www.facebook.com\/florent.ostermann\",\"https:\/\/x.com\/https:\/\/twitter.com\/FlOstermann\",\"admin\"],\"url\":\"https:\/\/dicodusport.fr\/blog\/author\/flo\/\"}]}<\/script>\n<!-- \/ Yoast SEO Premium plugin. -->","yoast_head_json":{"title":"Tour de France : D\u00e9mare, \u00e9chapp\u00e9s, Quintana, ce qu'il faut retenir de la 18\u00e8me \u00e9tape","description":"Victoire de Arnaud D\u00e9mare devant Christophe Laporte et Alexander Kristoff. Voici ce qu'il faut retenir de cette 18\u00e8me \u00e9tape.","robots":{"index":"index","follow":"follow","max-snippet":"max-snippet:-1","max-image-preview":"max-image-preview:large","max-video-preview":"max-video-preview:-1"},"canonical":"https:\/\/dicodusport.fr\/blog\/tour-de-france-demare-echappes-quintana-ce-quil-faut-retenir-de-la-18eme-etape\/","og_locale":"fr_FR","og_type":"article","og_title":"Tour de France : D\u00e9mare, \u00e9chapp\u00e9s, Quintana, ce qu'il faut retenir de la 18\u00e8me \u00e9tape","og_description":"Victoire de Arnaud D\u00e9mare devant Christophe Laporte et Alexander Kristoff. Voici ce qu'il faut retenir de cette 18\u00e8me \u00e9tape.","og_url":"https:\/\/dicodusport.fr\/blog\/tour-de-france-demare-echappes-quintana-ce-quil-faut-retenir-de-la-18eme-etape\/","og_site_name":"Dicodusport","article_publisher":"https:\/\/www.facebook.com\/dicodusport","article_author":"https:\/\/www.facebook.com\/florent.ostermann","article_published_time":"2018-07-26T16:08:57+00:00","article_modified_time":"2018-07-26T17:53:38+00:00","og_image":[{"width":800,"height":445,"url":"https:\/\/dicodusport.fr\/blog\/wp-content\/uploads\/2018\/07\/Arnaud-De\u0301mare-Pau.png","type":"image\/png"}],"author":"Flo Ostermann","twitter_card":"summary_large_image","twitter_creator":"@https:\/\/twitter.com\/FlOstermann","twitter_site":"@dicodusport","schema":{"@context":"https:\/\/schema.org","@graph":[{"@type":"NewsArticle","@id":"https:\/\/dicodusport.fr\/blog\/tour-de-france-demare-echappes-quintana-ce-quil-faut-retenir-de-la-18eme-etape\/#article","isPartOf":{"@id":"https:\/\/dicodusport.fr\/blog\/tour-de-france-demare-echappes-quintana-ce-quil-faut-retenir-de-la-18eme-etape\/"},"author":{"name":"Flo Ostermann","@id":"https:\/\/dicodusport.fr\/blog\/#\/schema\/person\/cb02af4c173ce4a653b55e9baf388d4a"},"headline":"Tour de France : D\u00e9mare, \u00e9chapp\u00e9s, Quintana, ce qu&rsquo;il faut retenir de la 18\u00e8me \u00e9tape","datePublished":"2018-07-26T16:08:57+00:00","dateModified":"2018-07-26T17:53:38+00:00","mainEntityOfPage":{"@id":"https:\/\/dicodusport.fr\/blog\/tour-de-france-demare-echappes-quintana-ce-quil-faut-retenir-de-la-18eme-etape\/"},"wordCount":306,"commentCount":0,"publisher":{"@id":"https:\/\/dicodusport.fr\/blog\/#organization"},"image":{"@id":"https:\/\/dicodusport.fr\/blog\/tour-de-france-demare-echappes-quintana-ce-quil-faut-retenir-de-la-18eme-etape\/#primaryimage"},"thumbnailUrl":"https:\/\/dicodusport.fr\/blog\/wp-content\/uploads\/2018\/07\/Arnaud-De\u0301mare-Pau.png","keywords":["Cyclisme","pau","Tour de France"],"articleSection":["Actualit\u00e9s","Cyclisme","Tour de France"],"inLanguage":"fr-FR","potentialAction":[{"@type":"CommentAction","name":"Comment","target":["https:\/\/dicodusport.fr\/blog\/tour-de-france-demare-echappes-quintana-ce-quil-faut-retenir-de-la-18eme-etape\/#respond"]}],"copyrightYear":"2018","copyrightHolder":{"@id":"https:\/\/dicodusport.fr\/blog\/#organization"}},{"@type":"WebPage","@id":"https:\/\/dicodusport.fr\/blog\/tour-de-france-demare-echappes-quintana-ce-quil-faut-retenir-de-la-18eme-etape\/","url":"https:\/\/dicodusport.fr\/blog\/tour-de-france-demare-echappes-quintana-ce-quil-faut-retenir-de-la-18eme-etape\/","name":"Tour de France : D\u00e9mare, \u00e9chapp\u00e9s, Quintana, ce qu'il faut retenir de la 18\u00e8me \u00e9tape","isPartOf":{"@id":"https:\/\/dicodusport.fr\/blog\/#website"},"primaryImageOfPage":{"@id":"https:\/\/dicodusport.fr\/blog\/tour-de-france-demare-echappes-quintana-ce-quil-faut-retenir-de-la-18eme-etape\/#primaryimage"},"image":{"@id":"https:\/\/dicodusport.fr\/blog\/tour-de-france-demare-echappes-quintana-ce-quil-faut-retenir-de-la-18eme-etape\/#primaryimage"},"thumbnailUrl":"https:\/\/dicodusport.fr\/blog\/wp-content\/uploads\/2018\/07\/Arnaud-De\u0301mare-Pau.png","datePublished":"2018-07-26T16:08:57+00:00","dateModified":"2018-07-26T17:53:38+00:00","description":"Victoire de Arnaud D\u00e9mare devant Christophe Laporte et Alexander Kristoff. Voici ce qu'il faut retenir de cette 18\u00e8me \u00e9tape.","breadcrumb":{"@id":"https:\/\/dicodusport.fr\/blog\/tour-de-france-demare-echappes-quintana-ce-quil-faut-retenir-de-la-18eme-etape\/#breadcrumb"},"inLanguage":"fr-FR","potentialAction":[{"@type":"ReadAction","target":["https:\/\/dicodusport.fr\/blog\/tour-de-france-demare-echappes-quintana-ce-quil-faut-retenir-de-la-18eme-etape\/"]}]},{"@type":"ImageObject","inLanguage":"fr-FR","@id":"https:\/\/dicodusport.fr\/blog\/tour-de-france-demare-echappes-quintana-ce-quil-faut-retenir-de-la-18eme-etape\/#primaryimage","url":"https:\/\/dicodusport.fr\/blog\/wp-content\/uploads\/2018\/07\/Arnaud-De\u0301mare-Pau.png","contentUrl":"https:\/\/dicodusport.fr\/blog\/wp-content\/uploads\/2018\/07\/Arnaud-De\u0301mare-Pau.png","width":800,"height":445,"caption":"Arnaud De\u0301mare Pau"},{"@type":"BreadcrumbList","@id":"https:\/\/dicodusport.fr\/blog\/tour-de-france-demare-echappes-quintana-ce-quil-faut-retenir-de-la-18eme-etape\/#breadcrumb","itemListElement":[{"@type":"ListItem","position":1,"name":"Accueil","item":"https:\/\/dicodusport.fr\/blog\/"},{"@type":"ListItem","position":2,"name":"Tour de France : D\u00e9mare, \u00e9chapp\u00e9s, Quintana, ce qu&rsquo;il faut retenir de la 18\u00e8me \u00e9tape"}]},{"@type":"WebSite","@id":"https:\/\/dicodusport.fr\/blog\/#website","url":"https:\/\/dicodusport.fr\/blog\/","name":"Dicodusport","description":"L&#039;encyclop\u00e9die de l&#039;actualit\u00e9 sportive","publisher":{"@id":"https:\/\/dicodusport.fr\/blog\/#organization"},"potentialAction":[{"@type":"SearchAction","target":{"@type":"EntryPoint","urlTemplate":"https:\/\/dicodusport.fr\/blog\/?s={search_term_string}"},"query-input":{"@type":"PropertyValueSpecification","valueRequired":true,"valueName":"search_term_string"}}],"inLanguage":"fr-FR"},{"@type":"NewsMediaOrganization","@id":"https:\/\/dicodusport.fr\/blog\/#organization","name":"Dicodusport","url":"https:\/\/dicodusport.fr\/blog\/","logo":{"@type":"ImageObject","inLanguage":"fr-FR","@id":"https:\/\/dicodusport.fr\/blog\/#\/schema\/logo\/image\/","url":"https:\/\/dicodusport.fr\/blog\/wp-content\/uploads\/2020\/06\/cropped-LOGO-DICODUSPORT-2020-SANS-FOND-SANS-TEXTE.png","contentUrl":"https:\/\/dicodusport.fr\/blog\/wp-content\/uploads\/2020\/06\/cropped-LOGO-DICODUSPORT-2020-SANS-FOND-SANS-TEXTE.png","width":512,"height":512,"caption":"Dicodusport"},"image":{"@id":"https:\/\/dicodusport.fr\/blog\/#\/schema\/logo\/image\/"},"sameAs":["https:\/\/www.facebook.com\/dicodusport","https:\/\/x.com\/dicodusport","https:\/\/www.instagram.com\/dicodusport\/","https:\/\/www.youtube.com\/channel\/UC7V2KZ5sd3htJivAbA4ZG3w"],"description":"Dicodusport est l'encyclop\u00e9die de l'actualit\u00e9 sportive.","email":"bonjour@dicodusport.fr","legalName":"DICODUSPORT","foundingDate":"2018-01-14","vatID":"FR71834470973","taxID":"83447097300043","numberOfEmployees":{"@type":"QuantitativeValue","minValue":"1","maxValue":"10"}},{"@type":"Person","@id":"https:\/\/dicodusport.fr\/blog\/#\/schema\/person\/cb02af4c173ce4a653b55e9baf388d4a","name":"Flo Ostermann","image":{"@type":"ImageObject","inLanguage":"fr-FR","@id":"https:\/\/dicodusport.fr\/blog\/#\/schema\/person\/image\/","url":"https:\/\/dicodusport.fr\/blog\/wp-content\/uploads\/2021\/05\/Flo-Ostermann-150x150.jpg","contentUrl":"https:\/\/dicodusport.fr\/blog\/wp-content\/uploads\/2021\/05\/Flo-Ostermann-150x150.jpg","caption":"Flo Ostermann"},"description":"Journaliste\/R\u00e9dacteur depuis septembre 2015 - Mes premiers souvenirs dans le sport ? Les envol\u00e9es du Stade Toulousain et les duels Villeneuve-Schumacher et H\u00e4kkinen-Schumacher \u00e0 la fin des ann\u00e9es 90, la Coupe du monde de football en 1998, l\u2019exploit du XV de France face aux All Blacks en 1999, mais aussi Richard C\u0153ur de Lion qui vole sur les montagnes du Tour de France. Bien parti pour devenir professeur d\u2019EPS, les \u00e9v\u00e9nements de la vie (et la flemme d\u2019animer des s\u00e9ances de 3x500 m\u00e8tres toute ma vie) m\u2019ont conduit \u00e0 revoir mes plans. Me voil\u00e0 depuis fin 2017 sur Dicodusport, m\u00e9dia gr\u00e2ce (et pour) lequel je partage ma passion : le sport dans tous ses \u00e9tats. Le tout accompagn\u00e9 par les fous furieux et folles furieuses cit\u00e9s sur cette page !","sameAs":["https:\/\/www.facebook.com\/florent.ostermann","https:\/\/x.com\/https:\/\/twitter.com\/FlOstermann","admin"],"url":"https:\/\/dicodusport.fr\/blog\/author\/flo\/"}]}},"_links":{"self":[{"href":"https:\/\/dicodusport.fr\/blog\/wp-json\/wp\/v2\/posts\/22664","targetHints":{"allow":["GET"]}}],"collection":[{"href":"https:\/\/dicodusport.fr\/blog\/wp-json\/wp\/v2\/posts"}],"about":[{"href":"https:\/\/dicodusport.fr\/blog\/wp-json\/wp\/v2\/types\/post"}],"author":[{"embeddable":true,"href":"https:\/\/dicodusport.fr\/blog\/wp-json\/wp\/v2\/users\/4"}],"replies":[{"embeddable":true,"href":"https:\/\/dicodusport.fr\/blog\/wp-json\/wp\/v2\/comments?post=22664"}],"version-history":[{"count":0,"href":"https:\/\/dicodusport.fr\/blog\/wp-json\/wp\/v2\/posts\/22664\/revisions"}],"wp:featuredmedia":[{"embeddable":true,"href":"https:\/\/dicodusport.fr\/blog\/wp-json\/wp\/v2\/media\/22669"}],"wp:attachment":[{"href":"https:\/\/dicodusport.fr\/blog\/wp-json\/wp\/v2\/media?parent=22664"}],"wp:term":[{"taxonomy":"category","embeddable":true,"href":"https:\/\/dicodusport.fr\/blog\/wp-json\/wp\/v2\/categories?post=22664"},{"taxonomy":"post_tag","embeddable":true,"href":"https:\/\/dicodusport.fr\/blog\/wp-json\/wp\/v2\/tags?post=22664"}],"curies":[{"name":"wp","href":"https:\/\/api.w.org\/{rel}","templated":true}]}}