{"id":226756,"date":"2022-05-25T22:55:02","date_gmt":"2022-05-25T20:55:02","guid":{"rendered":"https:\/\/dicodusport.fr\/blog\/?p=226756&#038;preview=true&#038;preview_id=226756"},"modified":"2022-05-25T22:55:02","modified_gmt":"2022-05-25T20:55:02","slug":"athletisme-alice-finot-et-jules-pommery-font-tomber-deux-records-de-france","status":"publish","type":"post","link":"https:\/\/dicodusport.fr\/blog\/athletisme-alice-finot-et-jules-pommery-font-tomber-deux-records-de-france\/","title":{"rendered":"Athl\u00e9tisme : Alice Finot et Jules Pommery font tomber deux records de France"},"content":{"rendered":"<p style=\"text-align: justify;\"><b><i><a href=\"https:\/\/dicodusport.fr\/blog\/actualites\/athletisme\/\">ATHL\u00c9TISME<\/a> &#8211; Jules Pommery puis Alice Finot ont tous les deux battu un record de France dans leur discipline respective, la longueur et le 3 000 m\u00e8tres steeple. Le premier cit\u00e9 s&rsquo;est envol\u00e9 \u00e0 8m17 et la seconde r\u00e9alise un temps de 9:21.41. Double r\u00e9compense pour chacun avec des minimas obtenus pour les comp\u00e9titions internationales de cet \u00e9t\u00e9.<\/i><\/b><\/p>\n<p style=\"text-align: justify;\">Pour la premi\u00e8re fois de sa carri\u00e8re, <strong>Jules Pommery<\/strong> casse la barre des 8 m\u00e8tres. Le champion d&rsquo;Europe juniors 2019 s&rsquo;est envol\u00e9 \u00e0 8m17 lors du meeting grec de Kallithea. Ce saut lui permet de subtiliser \u00e0 <strong>Yann Domenech<\/strong> le record de France espoirs de la longueur (8m13 en 2001). Le sauteur de 21 ans assure par la m\u00eame occasion sa place pour les championnats d&rsquo;Europe de Munich cet \u00e9t\u00e9. Il se rapproche des 8m22 n\u00e9cessaires pour composter son ticket pour les Mondiaux d&rsquo;Eugene.<\/p>\n<blockquote class=\"twitter-tweet\">\n<p dir=\"ltr\" lang=\"fr\"> Record de France espoirs de la longueur !<\/p>\n<p> Jules Pommery s\u2019est envol\u00e9 \u00e0 8,17 m (+0.9) lors du meeting de Kallithea !<\/p>\n<p> Il am\u00e9liore de 4 cm la marque de Yann Domenech, qui tenait depuis 2001.<\/p>\n<p><a href=\"https:\/\/t.co\/C1IKtajGcf\">pic.twitter.com\/C1IKtajGcf<\/a><\/p>\n<p>\u2014 FFAthl\u00e9tisme (@FFAthletisme) <a href=\"https:\/\/twitter.com\/FFAthletisme\/status\/1529522254354186242?ref_src=twsrc%5Etfw\">May 25, 2022<\/a><\/p><\/blockquote>\n<p><script async src=\"https:\/\/platform.twitter.com\/widgets.js\" charset=\"utf-8\"><\/script><\/p>\n<p style=\"text-align: justify;\">Le deuxi\u00e8me record national battu aujourd&rsquo;hui est cette fois-ci chez les \u00e9lites. Lors du meeting de Huelva, <strong>Alice Finot<\/strong> s&rsquo;est empar\u00e9e de la meilleure marque fran\u00e7aise de l&rsquo;histoire sur 3000 m steeple avec un temps de 9:21.41. Elle am\u00e9liore de plus de quatre secondes l&rsquo;ancien record de France d\u00e9tenu par Sophie Duarte depuis 2009. La Franc-Comtoise, vice-championne d&rsquo;Europe en salle du 3 000 m\u00e8tres, est dans la p\u00e9riode de sa vie. Elle r\u00e9alise les minimas pour les championnats du monde et se place en quatri\u00e8me position dans la hi\u00e9rarchie mondiale \u00e0 ce jour.<\/p>\n<blockquote class=\"twitter-tweet\">\n<p dir=\"ltr\" lang=\"fr\">        !<\/p>\n<p> Alice Finot s&rsquo;est impos\u00e9e lors du meeting de Huelva en 9&rsquo;21\u00a0\u00bb41, effa\u00e7ant des tablettes les 9&rsquo;25\u00a0\u00bb62 (2009) de Sophie Duarte !<\/p>\n<p> Elle r\u00e9alise les minima pour les Mondiaux de Eugene et les Europe de Munich ! <a href=\"https:\/\/t.co\/t65eRBKnVM\">pic.twitter.com\/t65eRBKnVM<\/a><\/p>\n<p>\u2014 FFAthl\u00e9tisme (@FFAthletisme) <a href=\"https:\/\/twitter.com\/FFAthletisme\/status\/1529550407227383809?ref_src=twsrc%5Etfw\">May 25, 2022<\/a><\/p><\/blockquote>\n<p><script async src=\"https:\/\/platform.twitter.com\/widgets.js\" charset=\"utf-8\"><\/script><\/p>\n","protected":false},"excerpt":{"rendered":"<p>ATHL\u00c9TISME &#8211; Jules Pommery puis Alice Finot ont tous les deux battu un record de France dans leur discipline respective, la longueur et le 3 000 m\u00e8tres steeple. Le premier cit\u00e9 s&rsquo;est envol\u00e9 \u00e0 8m17 et la seconde r\u00e9alise un temps de 9:21.41. Double r\u00e9compense pour chacun avec des minimas obtenus pour les comp\u00e9titions internationales de cet \u00e9t\u00e9.<\/p>\n","protected":false},"author":61,"featured_media":226766,"comment_status":"open","ping_status":"closed","sticky":false,"template":"","format":"standard","meta":{"_acf_changed":false,"_daextam_enable_autolinks":"","footnotes":""},"categories":[2308],"tags":[14953,7631],"class_list":["post-226756","post","type-post","status-publish","format-standard","has-post-thumbnail","hentry","category-athletisme","tag-alice-finot","tag-record-de-france"],"acf":[],"yoast_head":"<!-- This site is optimized with the Yoast SEO Premium plugin v26.7 (Yoast SEO v26.7) - https:\/\/yoast.com\/wordpress\/plugins\/seo\/ -->\n<title>Athl\u00e9tisme - Athl\u00e9tisme : Alice Finot et Jules Pommery font tomber deux records de France - Dicodusport<\/title>\n<meta name=\"description\" content=\"Jules Pommery et Alice Finot ont tous les deux battu un record de France dans leur discipline respective aujourd&#039;hui.\" \/>\n<meta name=\"robots\" content=\"index, follow, max-snippet:-1, max-image-preview:large, max-video-preview:-1\" \/>\n<link rel=\"canonical\" href=\"https:\/\/dicodusport.fr\/blog\/athletisme-alice-finot-et-jules-pommery-font-tomber-deux-records-de-france\/\" \/>\n<meta property=\"og:locale\" content=\"fr_FR\" \/>\n<meta property=\"og:type\" content=\"article\" \/>\n<meta property=\"og:title\" content=\"Athl\u00e9tisme : Alice Finot et Jules Pommery font tomber deux records de France\" \/>\n<meta property=\"og:description\" content=\"Jules Pommery et Alice Finot ont tous les deux battu un record de France dans leur discipline respective aujourd&#039;hui.\" \/>\n<meta property=\"og:url\" content=\"https:\/\/dicodusport.fr\/blog\/athletisme-alice-finot-et-jules-pommery-font-tomber-deux-records-de-france\/\" \/>\n<meta property=\"og:site_name\" content=\"Dicodusport\" \/>\n<meta property=\"article:publisher\" content=\"https:\/\/www.facebook.com\/dicodusport\" \/>\n<meta property=\"article:published_time\" content=\"2022-05-25T20:55:02+00:00\" \/>\n<meta property=\"og:image\" content=\"https:\/\/dicodusport.fr\/blog\/wp-content\/uploads\/2022\/05\/Athletisme-Alice-Finot-et-Jules-Pommery-font-tomber-deux-records-de-France.png\" \/>\n\t<meta property=\"og:image:width\" content=\"800\" \/>\n\t<meta property=\"og:image:height\" content=\"445\" \/>\n\t<meta property=\"og:image:type\" content=\"image\/png\" \/>\n<meta name=\"author\" content=\"Pierre Gorce\" \/>\n<meta name=\"twitter:card\" content=\"summary_large_image\" \/>\n<meta name=\"twitter:title\" content=\"Athl\u00e9tisme : Alice Finot et Jules Pommery font tomber deux records de France\" \/>\n<meta name=\"twitter:creator\" content=\"@https:\/\/twitter.com\/pierregorce12\" \/>\n<meta name=\"twitter:site\" content=\"@dicodusport\" \/>\n<script type=\"application\/ld+json\" class=\"yoast-schema-graph\">{\"@context\":\"https:\/\/schema.org\",\"@graph\":[{\"@type\":\"NewsArticle\",\"@id\":\"https:\/\/dicodusport.fr\/blog\/athletisme-alice-finot-et-jules-pommery-font-tomber-deux-records-de-france\/#article\",\"isPartOf\":{\"@id\":\"https:\/\/dicodusport.fr\/blog\/athletisme-alice-finot-et-jules-pommery-font-tomber-deux-records-de-france\/\"},\"author\":{\"name\":\"Pierre Gorce\",\"@id\":\"https:\/\/dicodusport.fr\/blog\/#\/schema\/person\/0eaf70b33d703a1a66b1155ac1bda018\"},\"headline\":\"Athl\u00e9tisme : Alice Finot et Jules Pommery font tomber deux records de France\",\"datePublished\":\"2022-05-25T20:55:02+00:00\",\"mainEntityOfPage\":{\"@id\":\"https:\/\/dicodusport.fr\/blog\/athletisme-alice-finot-et-jules-pommery-font-tomber-deux-records-de-france\/\"},\"wordCount\":346,\"commentCount\":0,\"publisher\":{\"@id\":\"https:\/\/dicodusport.fr\/blog\/#organization\"},\"image\":{\"@id\":\"https:\/\/dicodusport.fr\/blog\/athletisme-alice-finot-et-jules-pommery-font-tomber-deux-records-de-france\/#primaryimage\"},\"thumbnailUrl\":\"https:\/\/dicodusport.fr\/blog\/wp-content\/uploads\/2022\/05\/Athletisme-Alice-Finot-et-Jules-Pommery-font-tomber-deux-records-de-France.png\",\"keywords\":[\"Alice Finot\",\"Record de France\"],\"articleSection\":[\"Athl\u00e9tisme\"],\"inLanguage\":\"fr-FR\",\"potentialAction\":[{\"@type\":\"CommentAction\",\"name\":\"Comment\",\"target\":[\"https:\/\/dicodusport.fr\/blog\/athletisme-alice-finot-et-jules-pommery-font-tomber-deux-records-de-france\/#respond\"]}],\"copyrightYear\":\"2022\",\"copyrightHolder\":{\"@id\":\"https:\/\/dicodusport.fr\/blog\/#organization\"}},{\"@type\":\"WebPage\",\"@id\":\"https:\/\/dicodusport.fr\/blog\/athletisme-alice-finot-et-jules-pommery-font-tomber-deux-records-de-france\/\",\"url\":\"https:\/\/dicodusport.fr\/blog\/athletisme-alice-finot-et-jules-pommery-font-tomber-deux-records-de-france\/\",\"name\":\"Athl\u00e9tisme - Athl\u00e9tisme : Alice Finot et Jules Pommery font tomber deux records de France - Dicodusport\",\"isPartOf\":{\"@id\":\"https:\/\/dicodusport.fr\/blog\/#website\"},\"primaryImageOfPage\":{\"@id\":\"https:\/\/dicodusport.fr\/blog\/athletisme-alice-finot-et-jules-pommery-font-tomber-deux-records-de-france\/#primaryimage\"},\"image\":{\"@id\":\"https:\/\/dicodusport.fr\/blog\/athletisme-alice-finot-et-jules-pommery-font-tomber-deux-records-de-france\/#primaryimage\"},\"thumbnailUrl\":\"https:\/\/dicodusport.fr\/blog\/wp-content\/uploads\/2022\/05\/Athletisme-Alice-Finot-et-Jules-Pommery-font-tomber-deux-records-de-France.png\",\"datePublished\":\"2022-05-25T20:55:02+00:00\",\"description\":\"Jules Pommery et Alice Finot ont tous les deux battu un record de France dans leur discipline respective aujourd'hui.\",\"breadcrumb\":{\"@id\":\"https:\/\/dicodusport.fr\/blog\/athletisme-alice-finot-et-jules-pommery-font-tomber-deux-records-de-france\/#breadcrumb\"},\"inLanguage\":\"fr-FR\",\"potentialAction\":[{\"@type\":\"ReadAction\",\"target\":[\"https:\/\/dicodusport.fr\/blog\/athletisme-alice-finot-et-jules-pommery-font-tomber-deux-records-de-france\/\"]}]},{\"@type\":\"ImageObject\",\"inLanguage\":\"fr-FR\",\"@id\":\"https:\/\/dicodusport.fr\/blog\/athletisme-alice-finot-et-jules-pommery-font-tomber-deux-records-de-france\/#primaryimage\",\"url\":\"https:\/\/dicodusport.fr\/blog\/wp-content\/uploads\/2022\/05\/Athletisme-Alice-Finot-et-Jules-Pommery-font-tomber-deux-records-de-France.png\",\"contentUrl\":\"https:\/\/dicodusport.fr\/blog\/wp-content\/uploads\/2022\/05\/Athletisme-Alice-Finot-et-Jules-Pommery-font-tomber-deux-records-de-France.png\",\"width\":800,\"height\":445,\"caption\":\"Athl\u00e9tisme Alice Finot et Jules Pommery font tomber deux records de France\"},{\"@type\":\"BreadcrumbList\",\"@id\":\"https:\/\/dicodusport.fr\/blog\/athletisme-alice-finot-et-jules-pommery-font-tomber-deux-records-de-france\/#breadcrumb\",\"itemListElement\":[{\"@type\":\"ListItem\",\"position\":1,\"name\":\"Accueil\",\"item\":\"https:\/\/dicodusport.fr\/blog\/\"},{\"@type\":\"ListItem\",\"position\":2,\"name\":\"Athl\u00e9tisme : Alice Finot et Jules Pommery font tomber deux records de France\"}]},{\"@type\":\"WebSite\",\"@id\":\"https:\/\/dicodusport.fr\/blog\/#website\",\"url\":\"https:\/\/dicodusport.fr\/blog\/\",\"name\":\"Dicodusport\",\"description\":\"L&#039;encyclop\u00e9die de l&#039;actualit\u00e9 sportive\",\"publisher\":{\"@id\":\"https:\/\/dicodusport.fr\/blog\/#organization\"},\"potentialAction\":[{\"@type\":\"SearchAction\",\"target\":{\"@type\":\"EntryPoint\",\"urlTemplate\":\"https:\/\/dicodusport.fr\/blog\/?s={search_term_string}\"},\"query-input\":{\"@type\":\"PropertyValueSpecification\",\"valueRequired\":true,\"valueName\":\"search_term_string\"}}],\"inLanguage\":\"fr-FR\"},{\"@type\":\"NewsMediaOrganization\",\"@id\":\"https:\/\/dicodusport.fr\/blog\/#organization\",\"name\":\"Dicodusport\",\"url\":\"https:\/\/dicodusport.fr\/blog\/\",\"logo\":{\"@type\":\"ImageObject\",\"inLanguage\":\"fr-FR\",\"@id\":\"https:\/\/dicodusport.fr\/blog\/#\/schema\/logo\/image\/\",\"url\":\"https:\/\/dicodusport.fr\/blog\/wp-content\/uploads\/2020\/06\/cropped-LOGO-DICODUSPORT-2020-SANS-FOND-SANS-TEXTE.png\",\"contentUrl\":\"https:\/\/dicodusport.fr\/blog\/wp-content\/uploads\/2020\/06\/cropped-LOGO-DICODUSPORT-2020-SANS-FOND-SANS-TEXTE.png\",\"width\":512,\"height\":512,\"caption\":\"Dicodusport\"},\"image\":{\"@id\":\"https:\/\/dicodusport.fr\/blog\/#\/schema\/logo\/image\/\"},\"sameAs\":[\"https:\/\/www.facebook.com\/dicodusport\",\"https:\/\/x.com\/dicodusport\",\"https:\/\/www.instagram.com\/dicodusport\/\",\"https:\/\/www.youtube.com\/channel\/UC7V2KZ5sd3htJivAbA4ZG3w\"],\"description\":\"Dicodusport est l'encyclop\u00e9die de l'actualit\u00e9 sportive.\",\"email\":\"bonjour@dicodusport.fr\",\"legalName\":\"DICODUSPORT\",\"foundingDate\":\"2018-01-14\",\"vatID\":\"FR71834470973\",\"taxID\":\"83447097300043\",\"numberOfEmployees\":{\"@type\":\"QuantitativeValue\",\"minValue\":\"1\",\"maxValue\":\"10\"}},{\"@type\":\"Person\",\"@id\":\"https:\/\/dicodusport.fr\/blog\/#\/schema\/person\/0eaf70b33d703a1a66b1155ac1bda018\",\"name\":\"Pierre Gorce\",\"image\":{\"@type\":\"ImageObject\",\"inLanguage\":\"fr-FR\",\"@id\":\"https:\/\/dicodusport.fr\/blog\/#\/schema\/person\/image\/\",\"url\":\"https:\/\/dicodusport.fr\/blog\/wp-content\/uploads\/2022\/03\/IMG_20211214_233053_722-150x150.jpg\",\"contentUrl\":\"https:\/\/dicodusport.fr\/blog\/wp-content\/uploads\/2022\/03\/IMG_20211214_233053_722-150x150.jpg\",\"caption\":\"Pierre Gorce\"},\"description\":\"Couteau suisse venant tout droit de Haute-Savoie. Habitu\u00e9 \u00e0 regarder du sport depuis petit, j'en ai maintenant fait mon m\u00e9tier. Des sports d'hiver au surf, en passant par le tennis, la F1, le handball et l'athl\u00e9tisme, j'essaie d'avoir mes yeux sur l'enti\u00e8ret\u00e9 de l'actualit\u00e9. Jeune homme berc\u00e9 par les exploits de Jean-Baptiste Grange, Sebastian Vettel et des Experts. Membre de la g\u00e9n\u00e9ration 1999 comme Luka Doncic, Sydney McLaughlin, Lando Norris et Loana Lecomte, mais avec beaucoup moins de talent qu'eux.\",\"sameAs\":[\"https:\/\/x.com\/https:\/\/twitter.com\/pierregorce12\"],\"birthDate\":\"1999-08-29\",\"url\":\"https:\/\/dicodusport.fr\/blog\/author\/pierreg\/\"}]}<\/script>\n<!-- \/ Yoast SEO Premium plugin. -->","yoast_head_json":{"title":"Athl\u00e9tisme - Athl\u00e9tisme : Alice Finot et Jules Pommery font tomber deux records de France - Dicodusport","description":"Jules Pommery et Alice Finot ont tous les deux battu un record de France dans leur discipline respective aujourd'hui.","robots":{"index":"index","follow":"follow","max-snippet":"max-snippet:-1","max-image-preview":"max-image-preview:large","max-video-preview":"max-video-preview:-1"},"canonical":"https:\/\/dicodusport.fr\/blog\/athletisme-alice-finot-et-jules-pommery-font-tomber-deux-records-de-france\/","og_locale":"fr_FR","og_type":"article","og_title":"Athl\u00e9tisme : Alice Finot et Jules Pommery font tomber deux records de France","og_description":"Jules Pommery et Alice Finot ont tous les deux battu un record de France dans leur discipline respective aujourd'hui.","og_url":"https:\/\/dicodusport.fr\/blog\/athletisme-alice-finot-et-jules-pommery-font-tomber-deux-records-de-france\/","og_site_name":"Dicodusport","article_publisher":"https:\/\/www.facebook.com\/dicodusport","article_published_time":"2022-05-25T20:55:02+00:00","og_image":[{"width":800,"height":445,"url":"https:\/\/dicodusport.fr\/blog\/wp-content\/uploads\/2022\/05\/Athletisme-Alice-Finot-et-Jules-Pommery-font-tomber-deux-records-de-France.png","type":"image\/png"}],"author":"Pierre Gorce","twitter_card":"summary_large_image","twitter_title":"Athl\u00e9tisme : Alice Finot et Jules Pommery font tomber deux records de France","twitter_creator":"@https:\/\/twitter.com\/pierregorce12","twitter_site":"@dicodusport","schema":{"@context":"https:\/\/schema.org","@graph":[{"@type":"NewsArticle","@id":"https:\/\/dicodusport.fr\/blog\/athletisme-alice-finot-et-jules-pommery-font-tomber-deux-records-de-france\/#article","isPartOf":{"@id":"https:\/\/dicodusport.fr\/blog\/athletisme-alice-finot-et-jules-pommery-font-tomber-deux-records-de-france\/"},"author":{"name":"Pierre Gorce","@id":"https:\/\/dicodusport.fr\/blog\/#\/schema\/person\/0eaf70b33d703a1a66b1155ac1bda018"},"headline":"Athl\u00e9tisme : Alice Finot et Jules Pommery font tomber deux records de France","datePublished":"2022-05-25T20:55:02+00:00","mainEntityOfPage":{"@id":"https:\/\/dicodusport.fr\/blog\/athletisme-alice-finot-et-jules-pommery-font-tomber-deux-records-de-france\/"},"wordCount":346,"commentCount":0,"publisher":{"@id":"https:\/\/dicodusport.fr\/blog\/#organization"},"image":{"@id":"https:\/\/dicodusport.fr\/blog\/athletisme-alice-finot-et-jules-pommery-font-tomber-deux-records-de-france\/#primaryimage"},"thumbnailUrl":"https:\/\/dicodusport.fr\/blog\/wp-content\/uploads\/2022\/05\/Athletisme-Alice-Finot-et-Jules-Pommery-font-tomber-deux-records-de-France.png","keywords":["Alice Finot","Record de France"],"articleSection":["Athl\u00e9tisme"],"inLanguage":"fr-FR","potentialAction":[{"@type":"CommentAction","name":"Comment","target":["https:\/\/dicodusport.fr\/blog\/athletisme-alice-finot-et-jules-pommery-font-tomber-deux-records-de-france\/#respond"]}],"copyrightYear":"2022","copyrightHolder":{"@id":"https:\/\/dicodusport.fr\/blog\/#organization"}},{"@type":"WebPage","@id":"https:\/\/dicodusport.fr\/blog\/athletisme-alice-finot-et-jules-pommery-font-tomber-deux-records-de-france\/","url":"https:\/\/dicodusport.fr\/blog\/athletisme-alice-finot-et-jules-pommery-font-tomber-deux-records-de-france\/","name":"Athl\u00e9tisme - Athl\u00e9tisme : Alice Finot et Jules Pommery font tomber deux records de France - Dicodusport","isPartOf":{"@id":"https:\/\/dicodusport.fr\/blog\/#website"},"primaryImageOfPage":{"@id":"https:\/\/dicodusport.fr\/blog\/athletisme-alice-finot-et-jules-pommery-font-tomber-deux-records-de-france\/#primaryimage"},"image":{"@id":"https:\/\/dicodusport.fr\/blog\/athletisme-alice-finot-et-jules-pommery-font-tomber-deux-records-de-france\/#primaryimage"},"thumbnailUrl":"https:\/\/dicodusport.fr\/blog\/wp-content\/uploads\/2022\/05\/Athletisme-Alice-Finot-et-Jules-Pommery-font-tomber-deux-records-de-France.png","datePublished":"2022-05-25T20:55:02+00:00","description":"Jules Pommery et Alice Finot ont tous les deux battu un record de France dans leur discipline respective aujourd'hui.","breadcrumb":{"@id":"https:\/\/dicodusport.fr\/blog\/athletisme-alice-finot-et-jules-pommery-font-tomber-deux-records-de-france\/#breadcrumb"},"inLanguage":"fr-FR","potentialAction":[{"@type":"ReadAction","target":["https:\/\/dicodusport.fr\/blog\/athletisme-alice-finot-et-jules-pommery-font-tomber-deux-records-de-france\/"]}]},{"@type":"ImageObject","inLanguage":"fr-FR","@id":"https:\/\/dicodusport.fr\/blog\/athletisme-alice-finot-et-jules-pommery-font-tomber-deux-records-de-france\/#primaryimage","url":"https:\/\/dicodusport.fr\/blog\/wp-content\/uploads\/2022\/05\/Athletisme-Alice-Finot-et-Jules-Pommery-font-tomber-deux-records-de-France.png","contentUrl":"https:\/\/dicodusport.fr\/blog\/wp-content\/uploads\/2022\/05\/Athletisme-Alice-Finot-et-Jules-Pommery-font-tomber-deux-records-de-France.png","width":800,"height":445,"caption":"Athl\u00e9tisme Alice Finot et Jules Pommery font tomber deux records de France"},{"@type":"BreadcrumbList","@id":"https:\/\/dicodusport.fr\/blog\/athletisme-alice-finot-et-jules-pommery-font-tomber-deux-records-de-france\/#breadcrumb","itemListElement":[{"@type":"ListItem","position":1,"name":"Accueil","item":"https:\/\/dicodusport.fr\/blog\/"},{"@type":"ListItem","position":2,"name":"Athl\u00e9tisme : Alice Finot et Jules Pommery font tomber deux records de France"}]},{"@type":"WebSite","@id":"https:\/\/dicodusport.fr\/blog\/#website","url":"https:\/\/dicodusport.fr\/blog\/","name":"Dicodusport","description":"L&#039;encyclop\u00e9die de l&#039;actualit\u00e9 sportive","publisher":{"@id":"https:\/\/dicodusport.fr\/blog\/#organization"},"potentialAction":[{"@type":"SearchAction","target":{"@type":"EntryPoint","urlTemplate":"https:\/\/dicodusport.fr\/blog\/?s={search_term_string}"},"query-input":{"@type":"PropertyValueSpecification","valueRequired":true,"valueName":"search_term_string"}}],"inLanguage":"fr-FR"},{"@type":"NewsMediaOrganization","@id":"https:\/\/dicodusport.fr\/blog\/#organization","name":"Dicodusport","url":"https:\/\/dicodusport.fr\/blog\/","logo":{"@type":"ImageObject","inLanguage":"fr-FR","@id":"https:\/\/dicodusport.fr\/blog\/#\/schema\/logo\/image\/","url":"https:\/\/dicodusport.fr\/blog\/wp-content\/uploads\/2020\/06\/cropped-LOGO-DICODUSPORT-2020-SANS-FOND-SANS-TEXTE.png","contentUrl":"https:\/\/dicodusport.fr\/blog\/wp-content\/uploads\/2020\/06\/cropped-LOGO-DICODUSPORT-2020-SANS-FOND-SANS-TEXTE.png","width":512,"height":512,"caption":"Dicodusport"},"image":{"@id":"https:\/\/dicodusport.fr\/blog\/#\/schema\/logo\/image\/"},"sameAs":["https:\/\/www.facebook.com\/dicodusport","https:\/\/x.com\/dicodusport","https:\/\/www.instagram.com\/dicodusport\/","https:\/\/www.youtube.com\/channel\/UC7V2KZ5sd3htJivAbA4ZG3w"],"description":"Dicodusport est l'encyclop\u00e9die de l'actualit\u00e9 sportive.","email":"bonjour@dicodusport.fr","legalName":"DICODUSPORT","foundingDate":"2018-01-14","vatID":"FR71834470973","taxID":"83447097300043","numberOfEmployees":{"@type":"QuantitativeValue","minValue":"1","maxValue":"10"}},{"@type":"Person","@id":"https:\/\/dicodusport.fr\/blog\/#\/schema\/person\/0eaf70b33d703a1a66b1155ac1bda018","name":"Pierre Gorce","image":{"@type":"ImageObject","inLanguage":"fr-FR","@id":"https:\/\/dicodusport.fr\/blog\/#\/schema\/person\/image\/","url":"https:\/\/dicodusport.fr\/blog\/wp-content\/uploads\/2022\/03\/IMG_20211214_233053_722-150x150.jpg","contentUrl":"https:\/\/dicodusport.fr\/blog\/wp-content\/uploads\/2022\/03\/IMG_20211214_233053_722-150x150.jpg","caption":"Pierre Gorce"},"description":"Couteau suisse venant tout droit de Haute-Savoie. Habitu\u00e9 \u00e0 regarder du sport depuis petit, j'en ai maintenant fait mon m\u00e9tier. Des sports d'hiver au surf, en passant par le tennis, la F1, le handball et l'athl\u00e9tisme, j'essaie d'avoir mes yeux sur l'enti\u00e8ret\u00e9 de l'actualit\u00e9. Jeune homme berc\u00e9 par les exploits de Jean-Baptiste Grange, Sebastian Vettel et des Experts. Membre de la g\u00e9n\u00e9ration 1999 comme Luka Doncic, Sydney McLaughlin, Lando Norris et Loana Lecomte, mais avec beaucoup moins de talent qu'eux.","sameAs":["https:\/\/x.com\/https:\/\/twitter.com\/pierregorce12"],"birthDate":"1999-08-29","url":"https:\/\/dicodusport.fr\/blog\/author\/pierreg\/"}]}},"_links":{"self":[{"href":"https:\/\/dicodusport.fr\/blog\/wp-json\/wp\/v2\/posts\/226756","targetHints":{"allow":["GET"]}}],"collection":[{"href":"https:\/\/dicodusport.fr\/blog\/wp-json\/wp\/v2\/posts"}],"about":[{"href":"https:\/\/dicodusport.fr\/blog\/wp-json\/wp\/v2\/types\/post"}],"author":[{"embeddable":true,"href":"https:\/\/dicodusport.fr\/blog\/wp-json\/wp\/v2\/users\/61"}],"replies":[{"embeddable":true,"href":"https:\/\/dicodusport.fr\/blog\/wp-json\/wp\/v2\/comments?post=226756"}],"version-history":[{"count":0,"href":"https:\/\/dicodusport.fr\/blog\/wp-json\/wp\/v2\/posts\/226756\/revisions"}],"wp:featuredmedia":[{"embeddable":true,"href":"https:\/\/dicodusport.fr\/blog\/wp-json\/wp\/v2\/media\/226766"}],"wp:attachment":[{"href":"https:\/\/dicodusport.fr\/blog\/wp-json\/wp\/v2\/media?parent=226756"}],"wp:term":[{"taxonomy":"category","embeddable":true,"href":"https:\/\/dicodusport.fr\/blog\/wp-json\/wp\/v2\/categories?post=226756"},{"taxonomy":"post_tag","embeddable":true,"href":"https:\/\/dicodusport.fr\/blog\/wp-json\/wp\/v2\/tags?post=226756"}],"curies":[{"name":"wp","href":"https:\/\/api.w.org\/{rel}","templated":true}]}}