{"id":226865,"date":"2022-05-26T17:19:26","date_gmt":"2022-05-26T15:19:26","guid":{"rendered":"https:\/\/dicodusport.fr\/blog\/?p=226865&#038;preview=true&#038;preview_id=226865"},"modified":"2022-05-26T19:34:54","modified_gmt":"2022-05-26T17:34:54","slug":"tour-ditalie-2022-dries-de-bondt-sadjuge-la-18eme-etape","status":"publish","type":"post","link":"https:\/\/dicodusport.fr\/blog\/tour-ditalie-2022-dries-de-bondt-sadjuge-la-18eme-etape\/","title":{"rendered":"Tour d&rsquo;Italie 2022 : Dries De Bondt s&rsquo;adjuge la 18\u00e8me \u00e9tape !"},"content":{"rendered":"<p style=\"text-align: justify;\"><em><strong><a href=\"https:\/\/dicodusport.fr\/blog\/actualites\/cyclisme\/cyclisme-sur-route-2022\/tour-italie-2022\/\">TOUR D&rsquo;ITALIE 2022<\/a> &#8211; Issu de l&rsquo;\u00e9chapp\u00e9e du jour, Dries De Bondt (Alpecin Fenix) s&rsquo;est impos\u00e9 sur la 18\u00e8me \u00e9tape du 105\u00e8me Giro d\u2019Italia ce jeudi, \u00e0 <span class=\"red\">Tr\u00e9vise<\/span>. Il a devanc\u00e9 Edoardo Affini (Jumbo Visma) et Magnus Cort-Nielsen (EF EasyPost). Richard Carapaz (IENOS Grenadiers) conserve son maillot rose.<br \/>\n<\/strong><\/em><\/p>\n<h2 style=\"text-align: justify;\">Quatre courageux \u00e0 l&rsquo;avant de la course<\/h2>\n<p style=\"text-align: justify;\">Apr\u00e8s un d\u00e9part rapide, quatre coureurs ont form\u00e9 l&rsquo;\u00e9chapp\u00e9e du jour sur cette \u00e9tape de transition : <strong>Dries de Bondt<\/strong> (Alpecin Fenix), <strong>Davide Gabburo<\/strong> (Bardiani CSF), <strong>Magnus Cort-Nielsen<\/strong> (EF Education EasyPost) et <strong>Edoardo Affini<\/strong> (Jumbo Visma). Malgr\u00e9 les vell\u00e9it\u00e9s de l&rsquo;\u00e9quipe Eolo Kometa, le peloton a laiss\u00e9 l&rsquo;\u00e9cart monter \u00e0 2 minutes 10 en faveur des quatre fuyards. Malheureusement, le 4e du classement g\u00e9n\u00e9ral <strong>Joao Almeida<\/strong> (UAE Team Emirates) n&rsquo;a pas pris le d\u00e9part de cette \u00e9tape. Il a \u00e9t\u00e9 contr\u00f4l\u00e9 positif au Covid-19. Les autres coureurs de la formation <span class=\"phrase-bubble__suggestion-label ng-tns-c88-3 phrase-bubble__suggestion-label_active phrase-bubble__suggestion-label_many ng-star-inserted\"><span class=\"ng-tns-c88-3 ng-star-inserted\">\u00e9miratie<\/span><\/span> ont subi un test PCR n\u00e9gatif.<\/p>\n<p style=\"text-align: justify;\">Les formations Quick-Step Alpha Vinyl, UAE Team Emirates, Groupama FDJ et Team DSM ont, dans un premier temps, contr\u00f4l\u00e9 l&rsquo;\u00e9cart. <strong>Dries De Bondt<\/strong> est pass\u00e9 en t\u00eate au sommet du Scale di Primolano. <strong>Davide Gabburo<\/strong> a lui pass\u00e9 en premi\u00e8re position le sprint interm\u00e9diaire de Valdobbiadene.<\/p>\n<p style=\"text-align: justify;\">Apr\u00e8s l&rsquo;ascension du Muro di Ca&rsquo; del Poggio, le peloton comptait un retard de pr\u00e8s de 3 minutes. Le rythme de la poursuite s&rsquo;est alors consid\u00e9rablement \u00e9lev\u00e9 sous l&rsquo;impulsion de toutes les \u00e9quipes des sprinteurs. Face \u00e0 cette allure de folie, le porteur du maillot blanc <strong>Juan Pedro Lopez<\/strong> (Trek Segafredo) &#8211; 9e du classement g\u00e9n\u00e9ral &#8211; a \u00e9t\u00e9 distanc\u00e9. Malgr\u00e9 le gros travail des \u00e9quipes des sprinteurs, l&rsquo;\u00e9cart a pein\u00e9 \u00e0 descendre sur les routes plates vers le circuit final \u00e0 Tr\u00e9vise. La collaboration a \u00e9t\u00e9 parfaite entre les quatre coureurs de t\u00eate jusqu&rsquo;\u00e0 la flamme rouge.<\/p>\n<h2 style=\"text-align: justify;\">Les attaquants gardent le peloton en respect<\/h2>\n<p style=\"text-align: justify;\">Par la suite, les quatre attaquants ont superbement r\u00e9sist\u00e9 au peloton. Ils comptaient plus d&rsquo;une minute d&rsquo;avance \u00e0 7 kilom\u00e8tres de l&rsquo;arriv\u00e9e. Finalement, <strong>Dries De Bondt<\/strong> s&rsquo;est montr\u00e9 le plus rapide devant <strong>Edoardo Affini<\/strong>, <strong>Magnus Cort-Nielsen<\/strong>\u00a0et <strong>Davide Gabburo<\/strong>. <strong>Alberto Dainese<\/strong> (Team DSM) a r\u00e9gl\u00e9 le peloton \u00e0 14 secondes devant <strong>Arnaud D\u00e9mare<\/strong> (Groupama FDJ) et <strong>Davide Cimolai<\/strong> (Cofidis). Alpecin-Fenix signe sa troisi\u00e8me victoire sur ce Tour d&rsquo;Italie 2022 apr\u00e8s les succ\u00e8s de <a href=\"https:\/\/dicodusport.fr\/blog\/tour-ditalie-2022-mathieu-van-der-poel-remporte-la-1ere-etape\/\"><strong>Mathieu van der Poel<\/strong><\/a> et de <a href=\"https:\/\/dicodusport.fr\/blog\/tour-d-italie-2022-stefano-oldani-alpecin-fenix-simpose-sur-la-12eme-etape\/\"><strong>Stefano Oldani<\/strong>.<\/a> Au classement g\u00e9n\u00e9ral, <strong>Richard Carapaz <\/strong>(INEOS Grenadiers) a gard\u00e9 son maillot rose avec 3 secondes d&rsquo;avance sur <strong>Jai Hindley\u00a0<\/strong>(Bora Hansgrohe) avant le retour de la montagne, demain.<\/p>\n<blockquote class=\"twitter-tweet\">\n<p dir=\"ltr\" lang=\"fr\">DRIES DE BONDT SURPREND LE PELOTON AUJOURD&rsquo;HUI ! Premi\u00e8re victoire sur un Grand Tour pour l&rsquo;ancien champion de Belgique qui devance Affini sur la ligne ! <a href=\"https:\/\/twitter.com\/hashtag\/Giro?src=hash&amp;ref_src=twsrc%5Etfw\">#Giro<\/a> <a href=\"https:\/\/t.co\/LKNJ5uuAyY\">pic.twitter.com\/LKNJ5uuAyY<\/a><\/p>\n<p>\u2014 Le Gruppetto (@LeGruppetto) <a href=\"https:\/\/twitter.com\/LeGruppetto\/status\/1529842776640307201?ref_src=twsrc%5Etfw\">May 26, 2022<\/a><\/p><\/blockquote>\n<p><script async src=\"https:\/\/platform.twitter.com\/widgets.js\" charset=\"utf-8\"><\/script><\/p>\n<h2 style=\"text-align: justify;\">\u00c0 lire aussi<\/h2>\n<ul>\n<li style=\"text-align: justify;\"><strong><a href=\"https:\/\/dicodusport.fr\/blog\/tour-ditalie-2022-classement-18eme-etape\/\">Le classement de la 18\u00e8me \u00e9tape du Tour d&rsquo;Italie 2022<\/a>\u00a0<\/strong><\/li>\n<li style=\"text-align: justify;\"><a href=\"https:\/\/dicodusport.fr\/blog\/tour-d-italie-2022-classement-general\/\"><strong>Le classement g\u00e9n\u00e9ral du Tour d&rsquo;Italie 2022<\/strong><\/a><\/li>\n<li style=\"text-align: justify;\"><a href=\"https:\/\/dicodusport.fr\/blog\/classement-par-points-tour-italie-2022-maillot-cyclamen\/\"><strong>Le classement du maillot cyclamen pour le classement par points<\/strong><\/a><\/li>\n<\/ul>\n","protected":false},"excerpt":{"rendered":"<p>TOUR D&rsquo;ITALIE 2022 &#8211; Issu de l&rsquo;\u00e9chapp\u00e9e du jour, Dries De Bondt (Alpecin Fenix) s&rsquo;est impos\u00e9 sur la 18\u00e8me \u00e9tape du 105\u00e8me Giro d\u2019Italia ce mardi, \u00e0 Tr\u00e9vise. Il a devanc\u00e9 Edoardo Affini (Jumbo Visma). Richard Carapaz (IENOS Grenadiers) a conserv\u00e9 son maillot rose.<\/p>\n","protected":false},"author":48,"featured_media":227061,"comment_status":"open","ping_status":"closed","sticky":false,"template":"","format":"standard","meta":{"_acf_changed":false,"_daextam_enable_autolinks":"","footnotes":""},"categories":[47041],"tags":[3119,24,4722],"class_list":["post-226865","post","type-post","status-publish","format-standard","has-post-thumbnail","hentry","category-tour-d-italie","tag-actualite-cyclisme","tag-sport","tag-tour-ditalie"],"acf":[],"yoast_head":"<!-- This site is optimized with the Yoast SEO Premium plugin v26.7 (Yoast SEO v26.7) - https:\/\/yoast.com\/wordpress\/plugins\/seo\/ -->\n<title>Tour d&#039;Italie 2022 : Dries De Bondt s&#039;adjuge la 18\u00e8me \u00e9tape !<\/title>\n<meta name=\"description\" content=\"TOUR D&#039;ITALIE 2022 - Issu de l&#039;\u00e9chapp\u00e9e du jour, Dries De Bondt (Alpecin Fenix) s&#039;est impos\u00e9 sur la 18\u00e8me \u00e9tape du 105\u00e8me Giro d\u2019Italia.\" \/>\n<meta name=\"robots\" content=\"index, follow, max-snippet:-1, max-image-preview:large, max-video-preview:-1\" \/>\n<link rel=\"canonical\" href=\"https:\/\/dicodusport.fr\/blog\/tour-ditalie-2022-dries-de-bondt-sadjuge-la-18eme-etape\/\" \/>\n<meta property=\"og:locale\" content=\"fr_FR\" \/>\n<meta property=\"og:type\" content=\"article\" \/>\n<meta property=\"og:title\" content=\"Tour d&#039;Italie 2022 : Dries De Bondt s&#039;adjuge la 18\u00e8me \u00e9tape !\" \/>\n<meta property=\"og:description\" content=\"TOUR D&#039;ITALIE 2022 - Issu de l&#039;\u00e9chapp\u00e9e du jour, Dries De Bondt (Alpecin Fenix) s&#039;est impos\u00e9 sur la 18\u00e8me \u00e9tape du 105\u00e8me Giro d\u2019Italia.\" \/>\n<meta property=\"og:url\" content=\"https:\/\/dicodusport.fr\/blog\/tour-ditalie-2022-dries-de-bondt-sadjuge-la-18eme-etape\/\" \/>\n<meta property=\"og:site_name\" content=\"Dicodusport\" \/>\n<meta property=\"article:publisher\" content=\"https:\/\/www.facebook.com\/dicodusport\" \/>\n<meta property=\"article:author\" content=\"https:\/\/www.facebook.com\/groups\/LesRoisDuPeloton\" \/>\n<meta property=\"article:published_time\" content=\"2022-05-26T15:19:26+00:00\" \/>\n<meta property=\"article:modified_time\" content=\"2022-05-26T17:34:54+00:00\" \/>\n<meta property=\"og:image\" content=\"https:\/\/dicodusport.fr\/blog\/wp-content\/uploads\/2022\/05\/Tour-dItalie-2022-Dries-De-Bondt-sadjuge-la-18eme-etape-1.png\" \/>\n\t<meta property=\"og:image:width\" content=\"800\" \/>\n\t<meta property=\"og:image:height\" content=\"445\" \/>\n\t<meta property=\"og:image:type\" content=\"image\/png\" \/>\n<meta name=\"author\" content=\"Emilien Descampiaux\" \/>\n<meta name=\"twitter:card\" content=\"summary_large_image\" \/>\n<meta name=\"twitter:title\" content=\"Tour d&#039;Italie 2022 : Dries De Bondt s&#039;adjuge la 18\u00e8me \u00e9tape !\" \/>\n<meta name=\"twitter:creator\" content=\"@https:\/\/twitter.com\/LRoisDuPeloton\" \/>\n<meta name=\"twitter:site\" content=\"@dicodusport\" \/>\n<script type=\"application\/ld+json\" class=\"yoast-schema-graph\">{\"@context\":\"https:\/\/schema.org\",\"@graph\":[{\"@type\":\"NewsArticle\",\"@id\":\"https:\/\/dicodusport.fr\/blog\/tour-ditalie-2022-dries-de-bondt-sadjuge-la-18eme-etape\/#article\",\"isPartOf\":{\"@id\":\"https:\/\/dicodusport.fr\/blog\/tour-ditalie-2022-dries-de-bondt-sadjuge-la-18eme-etape\/\"},\"author\":{\"name\":\"Emilien Descampiaux\",\"@id\":\"https:\/\/dicodusport.fr\/blog\/#\/schema\/person\/6db4bae06b171592211be385b32876a7\"},\"headline\":\"Tour d&rsquo;Italie 2022 : Dries De Bondt s&rsquo;adjuge la 18\u00e8me \u00e9tape !\",\"datePublished\":\"2022-05-26T15:19:26+00:00\",\"dateModified\":\"2022-05-26T17:34:54+00:00\",\"mainEntityOfPage\":{\"@id\":\"https:\/\/dicodusport.fr\/blog\/tour-ditalie-2022-dries-de-bondt-sadjuge-la-18eme-etape\/\"},\"wordCount\":527,\"commentCount\":0,\"publisher\":{\"@id\":\"https:\/\/dicodusport.fr\/blog\/#organization\"},\"image\":{\"@id\":\"https:\/\/dicodusport.fr\/blog\/tour-ditalie-2022-dries-de-bondt-sadjuge-la-18eme-etape\/#primaryimage\"},\"thumbnailUrl\":\"https:\/\/dicodusport.fr\/blog\/wp-content\/uploads\/2022\/05\/Tour-dItalie-2022-Dries-De-Bondt-sadjuge-la-18eme-etape-1.png\",\"keywords\":[\"Actualit\u00e9 Cyclisme\",\"sport\",\"Tour d'Italie\"],\"articleSection\":[\"Tour d'Italie\"],\"inLanguage\":\"fr-FR\",\"potentialAction\":[{\"@type\":\"CommentAction\",\"name\":\"Comment\",\"target\":[\"https:\/\/dicodusport.fr\/blog\/tour-ditalie-2022-dries-de-bondt-sadjuge-la-18eme-etape\/#respond\"]}],\"copyrightYear\":\"2022\",\"copyrightHolder\":{\"@id\":\"https:\/\/dicodusport.fr\/blog\/#organization\"}},{\"@type\":\"WebPage\",\"@id\":\"https:\/\/dicodusport.fr\/blog\/tour-ditalie-2022-dries-de-bondt-sadjuge-la-18eme-etape\/\",\"url\":\"https:\/\/dicodusport.fr\/blog\/tour-ditalie-2022-dries-de-bondt-sadjuge-la-18eme-etape\/\",\"name\":\"Tour d'Italie 2022 : Dries De Bondt s'adjuge la 18\u00e8me \u00e9tape !\",\"isPartOf\":{\"@id\":\"https:\/\/dicodusport.fr\/blog\/#website\"},\"primaryImageOfPage\":{\"@id\":\"https:\/\/dicodusport.fr\/blog\/tour-ditalie-2022-dries-de-bondt-sadjuge-la-18eme-etape\/#primaryimage\"},\"image\":{\"@id\":\"https:\/\/dicodusport.fr\/blog\/tour-ditalie-2022-dries-de-bondt-sadjuge-la-18eme-etape\/#primaryimage\"},\"thumbnailUrl\":\"https:\/\/dicodusport.fr\/blog\/wp-content\/uploads\/2022\/05\/Tour-dItalie-2022-Dries-De-Bondt-sadjuge-la-18eme-etape-1.png\",\"datePublished\":\"2022-05-26T15:19:26+00:00\",\"dateModified\":\"2022-05-26T17:34:54+00:00\",\"description\":\"TOUR D'ITALIE 2022 - Issu de l'\u00e9chapp\u00e9e du jour, Dries De Bondt (Alpecin Fenix) s'est impos\u00e9 sur la 18\u00e8me \u00e9tape du 105\u00e8me Giro d\u2019Italia.\",\"breadcrumb\":{\"@id\":\"https:\/\/dicodusport.fr\/blog\/tour-ditalie-2022-dries-de-bondt-sadjuge-la-18eme-etape\/#breadcrumb\"},\"inLanguage\":\"fr-FR\",\"potentialAction\":[{\"@type\":\"ReadAction\",\"target\":[\"https:\/\/dicodusport.fr\/blog\/tour-ditalie-2022-dries-de-bondt-sadjuge-la-18eme-etape\/\"]}]},{\"@type\":\"ImageObject\",\"inLanguage\":\"fr-FR\",\"@id\":\"https:\/\/dicodusport.fr\/blog\/tour-ditalie-2022-dries-de-bondt-sadjuge-la-18eme-etape\/#primaryimage\",\"url\":\"https:\/\/dicodusport.fr\/blog\/wp-content\/uploads\/2022\/05\/Tour-dItalie-2022-Dries-De-Bondt-sadjuge-la-18eme-etape-1.png\",\"contentUrl\":\"https:\/\/dicodusport.fr\/blog\/wp-content\/uploads\/2022\/05\/Tour-dItalie-2022-Dries-De-Bondt-sadjuge-la-18eme-etape-1.png\",\"width\":800,\"height\":445,\"caption\":\"Tour d'Italie 2022 Dries De Bondt s'adjuge la 18\u00e8me \u00e9tape ! (1)\"},{\"@type\":\"BreadcrumbList\",\"@id\":\"https:\/\/dicodusport.fr\/blog\/tour-ditalie-2022-dries-de-bondt-sadjuge-la-18eme-etape\/#breadcrumb\",\"itemListElement\":[{\"@type\":\"ListItem\",\"position\":1,\"name\":\"Accueil\",\"item\":\"https:\/\/dicodusport.fr\/blog\/\"},{\"@type\":\"ListItem\",\"position\":2,\"name\":\"Tour d&rsquo;Italie 2022 : Dries De Bondt s&rsquo;adjuge la 18\u00e8me \u00e9tape !\"}]},{\"@type\":\"WebSite\",\"@id\":\"https:\/\/dicodusport.fr\/blog\/#website\",\"url\":\"https:\/\/dicodusport.fr\/blog\/\",\"name\":\"Dicodusport\",\"description\":\"L&#039;encyclop\u00e9die de l&#039;actualit\u00e9 sportive\",\"publisher\":{\"@id\":\"https:\/\/dicodusport.fr\/blog\/#organization\"},\"potentialAction\":[{\"@type\":\"SearchAction\",\"target\":{\"@type\":\"EntryPoint\",\"urlTemplate\":\"https:\/\/dicodusport.fr\/blog\/?s={search_term_string}\"},\"query-input\":{\"@type\":\"PropertyValueSpecification\",\"valueRequired\":true,\"valueName\":\"search_term_string\"}}],\"inLanguage\":\"fr-FR\"},{\"@type\":\"NewsMediaOrganization\",\"@id\":\"https:\/\/dicodusport.fr\/blog\/#organization\",\"name\":\"Dicodusport\",\"url\":\"https:\/\/dicodusport.fr\/blog\/\",\"logo\":{\"@type\":\"ImageObject\",\"inLanguage\":\"fr-FR\",\"@id\":\"https:\/\/dicodusport.fr\/blog\/#\/schema\/logo\/image\/\",\"url\":\"https:\/\/dicodusport.fr\/blog\/wp-content\/uploads\/2020\/06\/cropped-LOGO-DICODUSPORT-2020-SANS-FOND-SANS-TEXTE.png\",\"contentUrl\":\"https:\/\/dicodusport.fr\/blog\/wp-content\/uploads\/2020\/06\/cropped-LOGO-DICODUSPORT-2020-SANS-FOND-SANS-TEXTE.png\",\"width\":512,\"height\":512,\"caption\":\"Dicodusport\"},\"image\":{\"@id\":\"https:\/\/dicodusport.fr\/blog\/#\/schema\/logo\/image\/\"},\"sameAs\":[\"https:\/\/www.facebook.com\/dicodusport\",\"https:\/\/x.com\/dicodusport\",\"https:\/\/www.instagram.com\/dicodusport\/\",\"https:\/\/www.youtube.com\/channel\/UC7V2KZ5sd3htJivAbA4ZG3w\"],\"description\":\"Dicodusport est l'encyclop\u00e9die de l'actualit\u00e9 sportive.\",\"email\":\"bonjour@dicodusport.fr\",\"legalName\":\"DICODUSPORT\",\"foundingDate\":\"2018-01-14\",\"vatID\":\"FR71834470973\",\"taxID\":\"83447097300043\",\"numberOfEmployees\":{\"@type\":\"QuantitativeValue\",\"minValue\":\"1\",\"maxValue\":\"10\"}},{\"@type\":\"Person\",\"@id\":\"https:\/\/dicodusport.fr\/blog\/#\/schema\/person\/6db4bae06b171592211be385b32876a7\",\"name\":\"Emilien Descampiaux\",\"image\":{\"@type\":\"ImageObject\",\"inLanguage\":\"fr-FR\",\"@id\":\"https:\/\/dicodusport.fr\/blog\/#\/schema\/person\/image\/\",\"url\":\"https:\/\/dicodusport.fr\/blog\/wp-content\/uploads\/2021\/05\/Emilien-Descampiaux-150x150.jpg\",\"contentUrl\":\"https:\/\/dicodusport.fr\/blog\/wp-content\/uploads\/2021\/05\/Emilien-Descampiaux-150x150.jpg\",\"caption\":\"Emilien Descampiaux\"},\"description\":\"Journaliste\/r\u00e9dacteur depuis 2014 - Fan de la classe de Frank Vandenbroucke, je vis cyclisme (et de ses paysages) depuis plus de 20 ans. Je suis tr\u00e8s impliqu\u00e9 sur mes diff\u00e9rents r\u00e9seaux sociaux pour partager ma passion sur le monde et l'Histoire de la bicyclette avec ma voix sur les images en noir et blanc du succ\u00e8s de Rik Van Steenbergen lors du Ronde sur le V\u00e9lodrome de Gand.\",\"sameAs\":[\"https:\/\/www.facebook.com\/groups\/LesRoisDuPeloton\",\"https:\/\/x.com\/https:\/\/twitter.com\/LRoisDuPeloton\"],\"url\":\"https:\/\/dicodusport.fr\/blog\/author\/emiliend\/\"}]}<\/script>\n<!-- \/ Yoast SEO Premium plugin. -->","yoast_head_json":{"title":"Tour d'Italie 2022 : Dries De Bondt s'adjuge la 18\u00e8me \u00e9tape !","description":"TOUR D'ITALIE 2022 - Issu de l'\u00e9chapp\u00e9e du jour, Dries De Bondt (Alpecin Fenix) s'est impos\u00e9 sur la 18\u00e8me \u00e9tape du 105\u00e8me Giro d\u2019Italia.","robots":{"index":"index","follow":"follow","max-snippet":"max-snippet:-1","max-image-preview":"max-image-preview:large","max-video-preview":"max-video-preview:-1"},"canonical":"https:\/\/dicodusport.fr\/blog\/tour-ditalie-2022-dries-de-bondt-sadjuge-la-18eme-etape\/","og_locale":"fr_FR","og_type":"article","og_title":"Tour d'Italie 2022 : Dries De Bondt s'adjuge la 18\u00e8me \u00e9tape !","og_description":"TOUR D'ITALIE 2022 - Issu de l'\u00e9chapp\u00e9e du jour, Dries De Bondt (Alpecin Fenix) s'est impos\u00e9 sur la 18\u00e8me \u00e9tape du 105\u00e8me Giro d\u2019Italia.","og_url":"https:\/\/dicodusport.fr\/blog\/tour-ditalie-2022-dries-de-bondt-sadjuge-la-18eme-etape\/","og_site_name":"Dicodusport","article_publisher":"https:\/\/www.facebook.com\/dicodusport","article_author":"https:\/\/www.facebook.com\/groups\/LesRoisDuPeloton","article_published_time":"2022-05-26T15:19:26+00:00","article_modified_time":"2022-05-26T17:34:54+00:00","og_image":[{"width":800,"height":445,"url":"https:\/\/dicodusport.fr\/blog\/wp-content\/uploads\/2022\/05\/Tour-dItalie-2022-Dries-De-Bondt-sadjuge-la-18eme-etape-1.png","type":"image\/png"}],"author":"Emilien Descampiaux","twitter_card":"summary_large_image","twitter_title":"Tour d'Italie 2022 : Dries De Bondt s'adjuge la 18\u00e8me \u00e9tape !","twitter_creator":"@https:\/\/twitter.com\/LRoisDuPeloton","twitter_site":"@dicodusport","schema":{"@context":"https:\/\/schema.org","@graph":[{"@type":"NewsArticle","@id":"https:\/\/dicodusport.fr\/blog\/tour-ditalie-2022-dries-de-bondt-sadjuge-la-18eme-etape\/#article","isPartOf":{"@id":"https:\/\/dicodusport.fr\/blog\/tour-ditalie-2022-dries-de-bondt-sadjuge-la-18eme-etape\/"},"author":{"name":"Emilien Descampiaux","@id":"https:\/\/dicodusport.fr\/blog\/#\/schema\/person\/6db4bae06b171592211be385b32876a7"},"headline":"Tour d&rsquo;Italie 2022 : Dries De Bondt s&rsquo;adjuge la 18\u00e8me \u00e9tape !","datePublished":"2022-05-26T15:19:26+00:00","dateModified":"2022-05-26T17:34:54+00:00","mainEntityOfPage":{"@id":"https:\/\/dicodusport.fr\/blog\/tour-ditalie-2022-dries-de-bondt-sadjuge-la-18eme-etape\/"},"wordCount":527,"commentCount":0,"publisher":{"@id":"https:\/\/dicodusport.fr\/blog\/#organization"},"image":{"@id":"https:\/\/dicodusport.fr\/blog\/tour-ditalie-2022-dries-de-bondt-sadjuge-la-18eme-etape\/#primaryimage"},"thumbnailUrl":"https:\/\/dicodusport.fr\/blog\/wp-content\/uploads\/2022\/05\/Tour-dItalie-2022-Dries-De-Bondt-sadjuge-la-18eme-etape-1.png","keywords":["Actualit\u00e9 Cyclisme","sport","Tour d'Italie"],"articleSection":["Tour d'Italie"],"inLanguage":"fr-FR","potentialAction":[{"@type":"CommentAction","name":"Comment","target":["https:\/\/dicodusport.fr\/blog\/tour-ditalie-2022-dries-de-bondt-sadjuge-la-18eme-etape\/#respond"]}],"copyrightYear":"2022","copyrightHolder":{"@id":"https:\/\/dicodusport.fr\/blog\/#organization"}},{"@type":"WebPage","@id":"https:\/\/dicodusport.fr\/blog\/tour-ditalie-2022-dries-de-bondt-sadjuge-la-18eme-etape\/","url":"https:\/\/dicodusport.fr\/blog\/tour-ditalie-2022-dries-de-bondt-sadjuge-la-18eme-etape\/","name":"Tour d'Italie 2022 : Dries De Bondt s'adjuge la 18\u00e8me \u00e9tape !","isPartOf":{"@id":"https:\/\/dicodusport.fr\/blog\/#website"},"primaryImageOfPage":{"@id":"https:\/\/dicodusport.fr\/blog\/tour-ditalie-2022-dries-de-bondt-sadjuge-la-18eme-etape\/#primaryimage"},"image":{"@id":"https:\/\/dicodusport.fr\/blog\/tour-ditalie-2022-dries-de-bondt-sadjuge-la-18eme-etape\/#primaryimage"},"thumbnailUrl":"https:\/\/dicodusport.fr\/blog\/wp-content\/uploads\/2022\/05\/Tour-dItalie-2022-Dries-De-Bondt-sadjuge-la-18eme-etape-1.png","datePublished":"2022-05-26T15:19:26+00:00","dateModified":"2022-05-26T17:34:54+00:00","description":"TOUR D'ITALIE 2022 - Issu de l'\u00e9chapp\u00e9e du jour, Dries De Bondt (Alpecin Fenix) s'est impos\u00e9 sur la 18\u00e8me \u00e9tape du 105\u00e8me Giro d\u2019Italia.","breadcrumb":{"@id":"https:\/\/dicodusport.fr\/blog\/tour-ditalie-2022-dries-de-bondt-sadjuge-la-18eme-etape\/#breadcrumb"},"inLanguage":"fr-FR","potentialAction":[{"@type":"ReadAction","target":["https:\/\/dicodusport.fr\/blog\/tour-ditalie-2022-dries-de-bondt-sadjuge-la-18eme-etape\/"]}]},{"@type":"ImageObject","inLanguage":"fr-FR","@id":"https:\/\/dicodusport.fr\/blog\/tour-ditalie-2022-dries-de-bondt-sadjuge-la-18eme-etape\/#primaryimage","url":"https:\/\/dicodusport.fr\/blog\/wp-content\/uploads\/2022\/05\/Tour-dItalie-2022-Dries-De-Bondt-sadjuge-la-18eme-etape-1.png","contentUrl":"https:\/\/dicodusport.fr\/blog\/wp-content\/uploads\/2022\/05\/Tour-dItalie-2022-Dries-De-Bondt-sadjuge-la-18eme-etape-1.png","width":800,"height":445,"caption":"Tour d'Italie 2022 Dries De Bondt s'adjuge la 18\u00e8me \u00e9tape ! (1)"},{"@type":"BreadcrumbList","@id":"https:\/\/dicodusport.fr\/blog\/tour-ditalie-2022-dries-de-bondt-sadjuge-la-18eme-etape\/#breadcrumb","itemListElement":[{"@type":"ListItem","position":1,"name":"Accueil","item":"https:\/\/dicodusport.fr\/blog\/"},{"@type":"ListItem","position":2,"name":"Tour d&rsquo;Italie 2022 : Dries De Bondt s&rsquo;adjuge la 18\u00e8me \u00e9tape !"}]},{"@type":"WebSite","@id":"https:\/\/dicodusport.fr\/blog\/#website","url":"https:\/\/dicodusport.fr\/blog\/","name":"Dicodusport","description":"L&#039;encyclop\u00e9die de l&#039;actualit\u00e9 sportive","publisher":{"@id":"https:\/\/dicodusport.fr\/blog\/#organization"},"potentialAction":[{"@type":"SearchAction","target":{"@type":"EntryPoint","urlTemplate":"https:\/\/dicodusport.fr\/blog\/?s={search_term_string}"},"query-input":{"@type":"PropertyValueSpecification","valueRequired":true,"valueName":"search_term_string"}}],"inLanguage":"fr-FR"},{"@type":"NewsMediaOrganization","@id":"https:\/\/dicodusport.fr\/blog\/#organization","name":"Dicodusport","url":"https:\/\/dicodusport.fr\/blog\/","logo":{"@type":"ImageObject","inLanguage":"fr-FR","@id":"https:\/\/dicodusport.fr\/blog\/#\/schema\/logo\/image\/","url":"https:\/\/dicodusport.fr\/blog\/wp-content\/uploads\/2020\/06\/cropped-LOGO-DICODUSPORT-2020-SANS-FOND-SANS-TEXTE.png","contentUrl":"https:\/\/dicodusport.fr\/blog\/wp-content\/uploads\/2020\/06\/cropped-LOGO-DICODUSPORT-2020-SANS-FOND-SANS-TEXTE.png","width":512,"height":512,"caption":"Dicodusport"},"image":{"@id":"https:\/\/dicodusport.fr\/blog\/#\/schema\/logo\/image\/"},"sameAs":["https:\/\/www.facebook.com\/dicodusport","https:\/\/x.com\/dicodusport","https:\/\/www.instagram.com\/dicodusport\/","https:\/\/www.youtube.com\/channel\/UC7V2KZ5sd3htJivAbA4ZG3w"],"description":"Dicodusport est l'encyclop\u00e9die de l'actualit\u00e9 sportive.","email":"bonjour@dicodusport.fr","legalName":"DICODUSPORT","foundingDate":"2018-01-14","vatID":"FR71834470973","taxID":"83447097300043","numberOfEmployees":{"@type":"QuantitativeValue","minValue":"1","maxValue":"10"}},{"@type":"Person","@id":"https:\/\/dicodusport.fr\/blog\/#\/schema\/person\/6db4bae06b171592211be385b32876a7","name":"Emilien Descampiaux","image":{"@type":"ImageObject","inLanguage":"fr-FR","@id":"https:\/\/dicodusport.fr\/blog\/#\/schema\/person\/image\/","url":"https:\/\/dicodusport.fr\/blog\/wp-content\/uploads\/2021\/05\/Emilien-Descampiaux-150x150.jpg","contentUrl":"https:\/\/dicodusport.fr\/blog\/wp-content\/uploads\/2021\/05\/Emilien-Descampiaux-150x150.jpg","caption":"Emilien Descampiaux"},"description":"Journaliste\/r\u00e9dacteur depuis 2014 - Fan de la classe de Frank Vandenbroucke, je vis cyclisme (et de ses paysages) depuis plus de 20 ans. Je suis tr\u00e8s impliqu\u00e9 sur mes diff\u00e9rents r\u00e9seaux sociaux pour partager ma passion sur le monde et l'Histoire de la bicyclette avec ma voix sur les images en noir et blanc du succ\u00e8s de Rik Van Steenbergen lors du Ronde sur le V\u00e9lodrome de Gand.","sameAs":["https:\/\/www.facebook.com\/groups\/LesRoisDuPeloton","https:\/\/x.com\/https:\/\/twitter.com\/LRoisDuPeloton"],"url":"https:\/\/dicodusport.fr\/blog\/author\/emiliend\/"}]}},"_links":{"self":[{"href":"https:\/\/dicodusport.fr\/blog\/wp-json\/wp\/v2\/posts\/226865","targetHints":{"allow":["GET"]}}],"collection":[{"href":"https:\/\/dicodusport.fr\/blog\/wp-json\/wp\/v2\/posts"}],"about":[{"href":"https:\/\/dicodusport.fr\/blog\/wp-json\/wp\/v2\/types\/post"}],"author":[{"embeddable":true,"href":"https:\/\/dicodusport.fr\/blog\/wp-json\/wp\/v2\/users\/48"}],"replies":[{"embeddable":true,"href":"https:\/\/dicodusport.fr\/blog\/wp-json\/wp\/v2\/comments?post=226865"}],"version-history":[{"count":0,"href":"https:\/\/dicodusport.fr\/blog\/wp-json\/wp\/v2\/posts\/226865\/revisions"}],"wp:featuredmedia":[{"embeddable":true,"href":"https:\/\/dicodusport.fr\/blog\/wp-json\/wp\/v2\/media\/227061"}],"wp:attachment":[{"href":"https:\/\/dicodusport.fr\/blog\/wp-json\/wp\/v2\/media?parent=226865"}],"wp:term":[{"taxonomy":"category","embeddable":true,"href":"https:\/\/dicodusport.fr\/blog\/wp-json\/wp\/v2\/categories?post=226865"},{"taxonomy":"post_tag","embeddable":true,"href":"https:\/\/dicodusport.fr\/blog\/wp-json\/wp\/v2\/tags?post=226865"}],"curies":[{"name":"wp","href":"https:\/\/api.w.org\/{rel}","templated":true}]}}