{"id":227048,"date":"2022-05-26T19:00:23","date_gmt":"2022-05-26T17:00:23","guid":{"rendered":"https:\/\/dicodusport.fr\/blog\/?p=227048&#038;preview=true&#038;preview_id=227048"},"modified":"2022-05-26T19:06:51","modified_gmt":"2022-05-26T17:06:51","slug":"mathieu-faivre-change-dequipementier","status":"publish","type":"post","link":"https:\/\/dicodusport.fr\/blog\/mathieu-faivre-change-dequipementier\/","title":{"rendered":"Mathieu Faivre change d&rsquo;\u00e9quipementier"},"content":{"rendered":"<p style=\"text-align: justify;\"><em><strong>Quelques jours apr\u00e8s avoir confirm\u00e9 la fin de l\u2019aventure avec son \u00e9quipementier Head,\u00a0Mathieu Faivre a annonc\u00e9 rejoindre Salomon, l\u2019entreprise fran\u00e7aise qui n\u2019en finit pas d\u2019animer l\u2019actualit\u00e9 du mercato estival sur le circuit blanc.\u00a0<\/strong><\/em><\/p>\n<p style=\"text-align: justify;\"><span style=\"font-weight: 400;\">En effet, les grands noms se suivent et le futur semble plein de promesses pour la marque d\u2019Annecy, qui vient \u00e9galement d\u2019accueillir, entre autres, Alice Robinson et\u00a0<\/span><a href=\"https:\/\/www.lematin.ch\/story\/michelle-gisin-et-nadine-faehndrich-transferees-chez-salomon-482240592631\"><span style=\"font-weight: 400;\">Michelle Gisin dans ses rangs<\/span><\/a><span style=\"font-weight: 400;\">.\u00a0<\/span><\/p>\n<p style=\"text-align: justify;\"><span style=\"font-weight: 400;\">Pour le Ni\u00e7ois, l\u2019\u00e9t\u00e9 sera encore plus anim\u00e9 qu\u2019\u00e0 l\u2019accoutum\u00e9e. Il devra trouver de nouveaux automatismes avec un changement toujours complexe \u00e0 g\u00e9rer. Apr\u00e8s 10 ans sur des skis Head, le double champion du monde va donc d\u00e9couvrir de nouvelles chaussures, fixations et bien s\u00fbr, de nouveaux skis. Un pari risqu\u00e9 ?\u00a0<\/span><\/p>\n<h2 style=\"text-align: justify;\">Une collaboration dor\u00e9e avec Head<\/h2>\n<p style=\"text-align: justify;\"><span style=\"font-weight: 400;\">Dans ses d\u00e9clarations au service communication de Salomon \u00e0 la suite de l\u2019annonce de son arriv\u00e9e, Mathieu Faivre insistait sur l\u2019opportunit\u00e9 pr\u00e9sent\u00e9e de rejoindre les rangs d\u2019une entreprise fran\u00e7aise.\u00a0<\/span><b>Pour lui, \u00eatre \u00e9quip\u00e9 d\u2019une marque fran\u00e7aise aux pieds avait une grande importance<\/b><span style=\"font-weight: 400;\">, tout comme le fait d\u2019\u00eatre inclus en masse dans le d\u00e9veloppement. Il arrive \u00e9galement avec un statut \u00e0 part,\u00a0<\/span><a href=\"https:\/\/dicodusport.fr\/blog\/jo-pekin-2022-ski-alpin-mathieu-faivre-en-bronze-sur-le-geant-marco-odermatt-titre\/\"><span style=\"font-weight: 400;\">une m\u00e9daille de bronze olympique<\/span><\/a><span style=\"font-weight: 400;\">\u00a0autour du cou et de grandes ambitions pour ses futures ann\u00e9es de carri\u00e8re.\u00a0<\/span><\/p>\n<p style=\"text-align: justify;\"><span style=\"font-weight: 400;\">Pour la marque aux skis bleus, il repr\u00e9sente donc le pr\u00e9sent et un potentiel commercial immense. Son aura va lui permettre d\u2019\u00eatre totalement impliqu\u00e9 dans la construction de ses propres skis. Il est fort probable qu\u2019il n\u2019en \u00e9tait pas de m\u00eame chez Head, l\u2019\u00e9quipementier autrichien.\u00a0<\/span><\/p>\n<p style=\"text-align: justify;\"><span style=\"font-weight: 400;\">Il ne faut cependant pas croire que la collaboration entre les deux parties ne fut pas fructueuse lors de cette derni\u00e8re d\u00e9cennie, bien au contraire !\u00a0<\/span><b>Head \u00e9tait bien entendu l\u2019\u00e9quipementier de Mathieu Faivre durant ses deux titres de champion du monde en 2021, sa m\u00e9daille olympique il y a quelques mois et ses dix podiums en Coupe du monde de ski alpin.\u00a0<\/b><\/p>\n<p style=\"text-align: justify;\"><span style=\"font-weight: 400;\">Bien qu\u2019il n\u2019ait pas toujours fait partie des t\u00eates d\u2019affiche et des personnages phares de la marque alpine, Faivre fut toujours un m\u00e9tronome fix\u00e9 \u00e0 des spatules qui lui offraient les cartes pour d\u00e9ployer son ski si esth\u00e9tique.\u00a0<\/span><\/p>\n<div id=\"attachment_227049\" style=\"width: 810px\" class=\"wp-caption aligncenter\"><a href=\"https:\/\/dicodusport.fr\/blog\/wp-content\/uploads\/2022\/05\/Mathieu-Faivre-2022.png\"><img loading=\"lazy\" decoding=\"async\" aria-describedby=\"caption-attachment-227049\" class=\"size-full wp-image-227049\" src=\"https:\/\/dicodusport.fr\/blog\/wp-content\/uploads\/2022\/05\/Mathieu-Faivre-2022.png\" alt=\"\" width=\"800\" height=\"445\" srcset=\"https:\/\/dicodusport.fr\/blog\/wp-content\/uploads\/2022\/05\/Mathieu-Faivre-2022.png 800w, https:\/\/dicodusport.fr\/blog\/wp-content\/uploads\/2022\/05\/Mathieu-Faivre-2022-300x167.png 300w, https:\/\/dicodusport.fr\/blog\/wp-content\/uploads\/2022\/05\/Mathieu-Faivre-2022-768x427.png 768w\" sizes=\"auto, (max-width: 800px) 100vw, 800px\" \/><\/a><p id=\"caption-attachment-227049\" class=\"wp-caption-text\">\u00a9 Icon Sport<\/p><\/div>\n<p style=\"text-align: justify;\"><span style=\"font-weight: 400;\">Et s\u2019il est fier de passer sous le giron fran\u00e7ais, il est important de souligner que le skieur de 30 ans se sera montr\u00e9 particuli\u00e8rement \u00e0 l\u2019aise \u00e0 l\u2019\u00e9tranger chez son ancien \u00e9quipementier.\u00a0<\/span><b>S\u2019exporter \u00e0 l\u2019\u00e9tranger n\u2019est jamais simple dans le monde du sport.\u00a0<\/b><span style=\"font-weight: 400;\">Ou du moins, certains sports mettent en avant plus de facilit\u00e9s, \u00e0 l\u2019instar du poker qui offre g\u00e9n\u00e9ralement\u00a0<\/span><a href=\"https:\/\/www.pokerstars.be\/fr\/real-money\/multi-currency\/\"><span style=\"font-weight: 400;\">les m\u00eames conditions<\/span><\/a><span style=\"font-weight: 400;\">\u00a0pour d\u00e9voiler tout son talent, o\u00f9 que l\u2019on se trouve. Dans le monde du ski, la barri\u00e8re de la langue ou les habitudes r\u00e9gionales perdurent par instants. On ignore le niveau aux cartes de Mathieu Faivre &#8211; m\u00eame si les jeux collectifs sont souvent de mise en \u00e9quipe de France &#8211; mais toujours est-il que cette adaptation sur la dur\u00e9e fut un gage de r\u00e9ussite.\u00a0<\/span><\/p>\n<p style=\"text-align: justify;\"><span style=\"font-weight: 400;\">Pour la marque Head, la perte du skieur d\u2019Isola 2000 est probablement un coup dur, d\u2019autant plus apr\u00e8s sa mont\u00e9e en puissance r\u00e9cente et sa capacit\u00e9 \u00e0 figurer parmi les meilleurs lors des \u00e9v\u00e9nements majeurs. Cependant, elle met aussi en avant une certaine r\u00e9gression (ou une progression des autres marques, un peu en retrait sur certaines disciplines).\u00a0<\/span><\/p>\n<p style=\"text-align: justify;\"><span style=\"font-weight: 400;\">La saison pass\u00e9e,\u00a0<\/span><b>aucun vainqueur de globe n\u2019\u00e9tait \u00e9quip\u00e9 de la marque aux skis blancs<\/b><span style=\"font-weight: 400;\">. Une raret\u00e9 qui inqui\u00e8te localement.\u00a0<\/span><\/p>\n<h2 style=\"text-align: justify;\">Le futur de Salomon est lanc\u00e9<\/h2>\n<p style=\"text-align: justify;\">Absente <span style=\"font-weight: 400;\">de ce classement \u00e9galement, et ce, depuis plusieurs ann\u00e9es, la marque ann\u00e9cienne voudra retrouver les sommets de la Coupe du monde et mise sur des grands noms, notamment avec Michelle Gisin, double championne olympique et transfuge de la marque voisine, Rossignol.\u00a0<\/span><\/p>\n<p style=\"text-align: justify;\"><span style=\"font-weight: 400;\">Toujours sur le circuit f\u00e9minin, deux jeunes talents pour lesquels l\u2019avenir semble radieux sont \u00e9galement pass\u00e9s saluer les \u00e9quipes de l\u2019\u00e9quipementier et communiquer autour de leur transfert. Avec la Suissesse Camille Rast et la N\u00e9o-Z\u00e9landaise\u00a0<\/span><a href=\"https:\/\/www.rtl.be\/sport\/tous-les-sports\/autres-sports\/coupe-du-monde-de-ski-alpin-alice-robinson-gagne-le-geant-de-kranjska-gora-1196702.aspx\"><span style=\"font-weight: 400;\">Alice Robinson<\/span><\/a><span style=\"font-weight: 400;\">,\u00a0<\/span><b>Salomon mise sur l\u2019avenir\u00a0<\/b><span style=\"font-weight: 400;\">et fera tout son possible pour accompagner les futures stars du cirque blanc.\u00a0<\/span><\/p>\n","protected":false},"excerpt":{"rendered":"<p>Quelques jours apr\u00e8s avoir confirm\u00e9 la fin de l\u2019aventure avec son \u00e9quipementier Head,\u00a0Mathieu Faivre a annonc\u00e9 rejoindre Salomon, l\u2019entreprise fran\u00e7aise qui n\u2019en finit pas d\u2019animer l\u2019actualit\u00e9 du mercato estival sur le circuit blanc.\u00a0<\/p>\n","protected":false},"author":1,"featured_media":227050,"comment_status":"open","ping_status":"closed","sticky":false,"template":"","format":"standard","meta":{"_acf_changed":false,"_daextam_enable_autolinks":"","footnotes":""},"categories":[9217],"tags":[3889],"class_list":["post-227048","post","type-post","status-publish","format-standard","has-post-thumbnail","hentry","category-ski","tag-mathieu-faivre"],"acf":[],"yoast_head":"<!-- This site is optimized with the Yoast SEO Premium plugin v26.7 (Yoast SEO v26.7) - https:\/\/yoast.com\/wordpress\/plugins\/seo\/ -->\n<title>Ski - Mathieu Faivre change d&#039;\u00e9quipementier - Dicodusport<\/title>\n<meta name=\"description\" content=\"Quelques jours apr\u00e8s avoir confirm\u00e9 la fin de l\u2019aventure avec son \u00e9quipementier Head,\u00a0Mathieu Faivre a annonc\u00e9 rejoindre Salomon, l\u2019entreprise fran\u00e7aise qui n\u2019en finit pas d\u2019animer l\u2019actualit\u00e9 du mercato estival sur le circuit blanc.\u00a0\" \/>\n<meta name=\"robots\" content=\"index, follow, max-snippet:-1, max-image-preview:large, max-video-preview:-1\" \/>\n<link rel=\"canonical\" href=\"https:\/\/dicodusport.fr\/blog\/mathieu-faivre-change-dequipementier\/\" \/>\n<meta property=\"og:locale\" content=\"fr_FR\" \/>\n<meta property=\"og:type\" content=\"article\" \/>\n<meta property=\"og:title\" content=\"Mathieu Faivre change d&#039;\u00e9quipementier\" \/>\n<meta property=\"og:description\" content=\"Quelques jours apr\u00e8s avoir confirm\u00e9 la fin de l\u2019aventure avec son \u00e9quipementier Head,\u00a0Mathieu Faivre a annonc\u00e9 rejoindre Salomon, l\u2019entreprise fran\u00e7aise qui n\u2019en finit pas d\u2019animer l\u2019actualit\u00e9 du mercato estival sur le circuit blanc.\u00a0\" \/>\n<meta property=\"og:url\" content=\"https:\/\/dicodusport.fr\/blog\/mathieu-faivre-change-dequipementier\/\" \/>\n<meta property=\"og:site_name\" content=\"Dicodusport\" \/>\n<meta property=\"article:publisher\" content=\"https:\/\/www.facebook.com\/dicodusport\" \/>\n<meta property=\"article:author\" content=\"https:\/\/www.facebook.com\/dicodusport\" \/>\n<meta property=\"article:published_time\" content=\"2022-05-26T17:00:23+00:00\" \/>\n<meta property=\"article:modified_time\" content=\"2022-05-26T17:06:51+00:00\" \/>\n<meta property=\"og:image\" content=\"https:\/\/dicodusport.fr\/blog\/wp-content\/uploads\/2022\/05\/Mathieu-Faivre-change-de\u0301quipementier.png\" \/>\n\t<meta property=\"og:image:width\" content=\"800\" \/>\n\t<meta property=\"og:image:height\" content=\"445\" \/>\n\t<meta property=\"og:image:type\" content=\"image\/png\" \/>\n<meta name=\"author\" content=\"Nicolas Jacquemard\" \/>\n<meta name=\"twitter:card\" content=\"summary_large_image\" \/>\n<meta name=\"twitter:title\" content=\"Mathieu Faivre change d&#039;\u00e9quipementier\" \/>\n<meta name=\"twitter:creator\" content=\"@https:\/\/twitter.com\/Nico_Jacquemard\" \/>\n<meta name=\"twitter:site\" content=\"@dicodusport\" \/>\n<script type=\"application\/ld+json\" class=\"yoast-schema-graph\">{\"@context\":\"https:\/\/schema.org\",\"@graph\":[{\"@type\":\"NewsArticle\",\"@id\":\"https:\/\/dicodusport.fr\/blog\/mathieu-faivre-change-dequipementier\/#article\",\"isPartOf\":{\"@id\":\"https:\/\/dicodusport.fr\/blog\/mathieu-faivre-change-dequipementier\/\"},\"author\":{\"name\":\"Nicolas Jacquemard\",\"@id\":\"https:\/\/dicodusport.fr\/blog\/#\/schema\/person\/55dcb50ad410894e431ed812bbb70191\"},\"headline\":\"Mathieu Faivre change d&rsquo;\u00e9quipementier\",\"datePublished\":\"2022-05-26T17:00:23+00:00\",\"dateModified\":\"2022-05-26T17:06:51+00:00\",\"mainEntityOfPage\":{\"@id\":\"https:\/\/dicodusport.fr\/blog\/mathieu-faivre-change-dequipementier\/\"},\"wordCount\":746,\"commentCount\":0,\"publisher\":{\"@id\":\"https:\/\/dicodusport.fr\/blog\/#organization\"},\"image\":{\"@id\":\"https:\/\/dicodusport.fr\/blog\/mathieu-faivre-change-dequipementier\/#primaryimage\"},\"thumbnailUrl\":\"https:\/\/dicodusport.fr\/blog\/wp-content\/uploads\/2022\/05\/Mathieu-Faivre-change-de\u0301quipementier.png\",\"keywords\":[\"Mathieu Faivre\"],\"articleSection\":[\"Ski\"],\"inLanguage\":\"fr-FR\",\"potentialAction\":[{\"@type\":\"CommentAction\",\"name\":\"Comment\",\"target\":[\"https:\/\/dicodusport.fr\/blog\/mathieu-faivre-change-dequipementier\/#respond\"]}],\"copyrightYear\":\"2022\",\"copyrightHolder\":{\"@id\":\"https:\/\/dicodusport.fr\/blog\/#organization\"}},{\"@type\":\"WebPage\",\"@id\":\"https:\/\/dicodusport.fr\/blog\/mathieu-faivre-change-dequipementier\/\",\"url\":\"https:\/\/dicodusport.fr\/blog\/mathieu-faivre-change-dequipementier\/\",\"name\":\"Ski - Mathieu Faivre change d'\u00e9quipementier - Dicodusport\",\"isPartOf\":{\"@id\":\"https:\/\/dicodusport.fr\/blog\/#website\"},\"primaryImageOfPage\":{\"@id\":\"https:\/\/dicodusport.fr\/blog\/mathieu-faivre-change-dequipementier\/#primaryimage\"},\"image\":{\"@id\":\"https:\/\/dicodusport.fr\/blog\/mathieu-faivre-change-dequipementier\/#primaryimage\"},\"thumbnailUrl\":\"https:\/\/dicodusport.fr\/blog\/wp-content\/uploads\/2022\/05\/Mathieu-Faivre-change-de\u0301quipementier.png\",\"datePublished\":\"2022-05-26T17:00:23+00:00\",\"dateModified\":\"2022-05-26T17:06:51+00:00\",\"description\":\"Quelques jours apr\u00e8s avoir confirm\u00e9 la fin de l\u2019aventure avec son \u00e9quipementier Head,\u00a0Mathieu Faivre a annonc\u00e9 rejoindre Salomon, l\u2019entreprise fran\u00e7aise qui n\u2019en finit pas d\u2019animer l\u2019actualit\u00e9 du mercato estival sur le circuit blanc.\u00a0\",\"breadcrumb\":{\"@id\":\"https:\/\/dicodusport.fr\/blog\/mathieu-faivre-change-dequipementier\/#breadcrumb\"},\"inLanguage\":\"fr-FR\",\"potentialAction\":[{\"@type\":\"ReadAction\",\"target\":[\"https:\/\/dicodusport.fr\/blog\/mathieu-faivre-change-dequipementier\/\"]}]},{\"@type\":\"ImageObject\",\"inLanguage\":\"fr-FR\",\"@id\":\"https:\/\/dicodusport.fr\/blog\/mathieu-faivre-change-dequipementier\/#primaryimage\",\"url\":\"https:\/\/dicodusport.fr\/blog\/wp-content\/uploads\/2022\/05\/Mathieu-Faivre-change-de\u0301quipementier.png\",\"contentUrl\":\"https:\/\/dicodusport.fr\/blog\/wp-content\/uploads\/2022\/05\/Mathieu-Faivre-change-de\u0301quipementier.png\",\"width\":800,\"height\":445},{\"@type\":\"BreadcrumbList\",\"@id\":\"https:\/\/dicodusport.fr\/blog\/mathieu-faivre-change-dequipementier\/#breadcrumb\",\"itemListElement\":[{\"@type\":\"ListItem\",\"position\":1,\"name\":\"Accueil\",\"item\":\"https:\/\/dicodusport.fr\/blog\/\"},{\"@type\":\"ListItem\",\"position\":2,\"name\":\"Mathieu Faivre change d&rsquo;\u00e9quipementier\"}]},{\"@type\":\"WebSite\",\"@id\":\"https:\/\/dicodusport.fr\/blog\/#website\",\"url\":\"https:\/\/dicodusport.fr\/blog\/\",\"name\":\"Dicodusport\",\"description\":\"L&#039;encyclop\u00e9die de l&#039;actualit\u00e9 sportive\",\"publisher\":{\"@id\":\"https:\/\/dicodusport.fr\/blog\/#organization\"},\"potentialAction\":[{\"@type\":\"SearchAction\",\"target\":{\"@type\":\"EntryPoint\",\"urlTemplate\":\"https:\/\/dicodusport.fr\/blog\/?s={search_term_string}\"},\"query-input\":{\"@type\":\"PropertyValueSpecification\",\"valueRequired\":true,\"valueName\":\"search_term_string\"}}],\"inLanguage\":\"fr-FR\"},{\"@type\":\"NewsMediaOrganization\",\"@id\":\"https:\/\/dicodusport.fr\/blog\/#organization\",\"name\":\"Dicodusport\",\"url\":\"https:\/\/dicodusport.fr\/blog\/\",\"logo\":{\"@type\":\"ImageObject\",\"inLanguage\":\"fr-FR\",\"@id\":\"https:\/\/dicodusport.fr\/blog\/#\/schema\/logo\/image\/\",\"url\":\"https:\/\/dicodusport.fr\/blog\/wp-content\/uploads\/2020\/06\/cropped-LOGO-DICODUSPORT-2020-SANS-FOND-SANS-TEXTE.png\",\"contentUrl\":\"https:\/\/dicodusport.fr\/blog\/wp-content\/uploads\/2020\/06\/cropped-LOGO-DICODUSPORT-2020-SANS-FOND-SANS-TEXTE.png\",\"width\":512,\"height\":512,\"caption\":\"Dicodusport\"},\"image\":{\"@id\":\"https:\/\/dicodusport.fr\/blog\/#\/schema\/logo\/image\/\"},\"sameAs\":[\"https:\/\/www.facebook.com\/dicodusport\",\"https:\/\/x.com\/dicodusport\",\"https:\/\/www.instagram.com\/dicodusport\/\",\"https:\/\/www.youtube.com\/channel\/UC7V2KZ5sd3htJivAbA4ZG3w\"],\"description\":\"Dicodusport est l'encyclop\u00e9die de l'actualit\u00e9 sportive.\",\"email\":\"bonjour@dicodusport.fr\",\"legalName\":\"DICODUSPORT\",\"foundingDate\":\"2018-01-14\",\"vatID\":\"FR71834470973\",\"taxID\":\"83447097300043\",\"numberOfEmployees\":{\"@type\":\"QuantitativeValue\",\"minValue\":\"1\",\"maxValue\":\"10\"}},{\"@type\":\"Person\",\"@id\":\"https:\/\/dicodusport.fr\/blog\/#\/schema\/person\/55dcb50ad410894e431ed812bbb70191\",\"name\":\"Nicolas Jacquemard\",\"image\":{\"@type\":\"ImageObject\",\"inLanguage\":\"fr-FR\",\"@id\":\"https:\/\/dicodusport.fr\/blog\/#\/schema\/person\/image\/\",\"url\":\"https:\/\/dicodusport.fr\/blog\/wp-content\/uploads\/2021\/05\/Nicolas-Jacquemard-150x150.jpeg\",\"contentUrl\":\"https:\/\/dicodusport.fr\/blog\/wp-content\/uploads\/2021\/05\/Nicolas-Jacquemard-150x150.jpeg\",\"caption\":\"Nicolas Jacquemard\"},\"description\":\"Passionn\u00e9 de sport et entrepreneur depuis mes 18 ans, la cr\u00e9ation de Dicodusport m'a sembl\u00e9 \u00e9vidente pour participer \u00e0 la m\u00e9diatisation d'un plus grand nombre de sports. Le chemin est long mais avec une \u00e9quipe des plus motiv\u00e9es et les Jeux Olympiques de Paris 2024 en point de mire, nous y arriverons ! Journaliste dans le monde du sport depuis plus de 5 ans, je traite aussi bien de football, de rugby, de biathlon que de cyclisme.\",\"sameAs\":[\"https:\/\/www.facebook.com\/dicodusport\",\"https:\/\/x.com\/https:\/\/twitter.com\/Nico_Jacquemard\"],\"url\":\"https:\/\/dicodusport.fr\/blog\/author\/dicodusport\/\"}]}<\/script>\n<!-- \/ Yoast SEO Premium plugin. -->","yoast_head_json":{"title":"Ski - Mathieu Faivre change d'\u00e9quipementier - Dicodusport","description":"Quelques jours apr\u00e8s avoir confirm\u00e9 la fin de l\u2019aventure avec son \u00e9quipementier Head,\u00a0Mathieu Faivre a annonc\u00e9 rejoindre Salomon, l\u2019entreprise fran\u00e7aise qui n\u2019en finit pas d\u2019animer l\u2019actualit\u00e9 du mercato estival sur le circuit blanc.\u00a0","robots":{"index":"index","follow":"follow","max-snippet":"max-snippet:-1","max-image-preview":"max-image-preview:large","max-video-preview":"max-video-preview:-1"},"canonical":"https:\/\/dicodusport.fr\/blog\/mathieu-faivre-change-dequipementier\/","og_locale":"fr_FR","og_type":"article","og_title":"Mathieu Faivre change d'\u00e9quipementier","og_description":"Quelques jours apr\u00e8s avoir confirm\u00e9 la fin de l\u2019aventure avec son \u00e9quipementier Head,\u00a0Mathieu Faivre a annonc\u00e9 rejoindre Salomon, l\u2019entreprise fran\u00e7aise qui n\u2019en finit pas d\u2019animer l\u2019actualit\u00e9 du mercato estival sur le circuit blanc.\u00a0","og_url":"https:\/\/dicodusport.fr\/blog\/mathieu-faivre-change-dequipementier\/","og_site_name":"Dicodusport","article_publisher":"https:\/\/www.facebook.com\/dicodusport","article_author":"https:\/\/www.facebook.com\/dicodusport","article_published_time":"2022-05-26T17:00:23+00:00","article_modified_time":"2022-05-26T17:06:51+00:00","og_image":[{"width":800,"height":445,"url":"https:\/\/dicodusport.fr\/blog\/wp-content\/uploads\/2022\/05\/Mathieu-Faivre-change-de\u0301quipementier.png","type":"image\/png"}],"author":"Nicolas Jacquemard","twitter_card":"summary_large_image","twitter_title":"Mathieu Faivre change d'\u00e9quipementier","twitter_creator":"@https:\/\/twitter.com\/Nico_Jacquemard","twitter_site":"@dicodusport","schema":{"@context":"https:\/\/schema.org","@graph":[{"@type":"NewsArticle","@id":"https:\/\/dicodusport.fr\/blog\/mathieu-faivre-change-dequipementier\/#article","isPartOf":{"@id":"https:\/\/dicodusport.fr\/blog\/mathieu-faivre-change-dequipementier\/"},"author":{"name":"Nicolas Jacquemard","@id":"https:\/\/dicodusport.fr\/blog\/#\/schema\/person\/55dcb50ad410894e431ed812bbb70191"},"headline":"Mathieu Faivre change d&rsquo;\u00e9quipementier","datePublished":"2022-05-26T17:00:23+00:00","dateModified":"2022-05-26T17:06:51+00:00","mainEntityOfPage":{"@id":"https:\/\/dicodusport.fr\/blog\/mathieu-faivre-change-dequipementier\/"},"wordCount":746,"commentCount":0,"publisher":{"@id":"https:\/\/dicodusport.fr\/blog\/#organization"},"image":{"@id":"https:\/\/dicodusport.fr\/blog\/mathieu-faivre-change-dequipementier\/#primaryimage"},"thumbnailUrl":"https:\/\/dicodusport.fr\/blog\/wp-content\/uploads\/2022\/05\/Mathieu-Faivre-change-de\u0301quipementier.png","keywords":["Mathieu Faivre"],"articleSection":["Ski"],"inLanguage":"fr-FR","potentialAction":[{"@type":"CommentAction","name":"Comment","target":["https:\/\/dicodusport.fr\/blog\/mathieu-faivre-change-dequipementier\/#respond"]}],"copyrightYear":"2022","copyrightHolder":{"@id":"https:\/\/dicodusport.fr\/blog\/#organization"}},{"@type":"WebPage","@id":"https:\/\/dicodusport.fr\/blog\/mathieu-faivre-change-dequipementier\/","url":"https:\/\/dicodusport.fr\/blog\/mathieu-faivre-change-dequipementier\/","name":"Ski - Mathieu Faivre change d'\u00e9quipementier - Dicodusport","isPartOf":{"@id":"https:\/\/dicodusport.fr\/blog\/#website"},"primaryImageOfPage":{"@id":"https:\/\/dicodusport.fr\/blog\/mathieu-faivre-change-dequipementier\/#primaryimage"},"image":{"@id":"https:\/\/dicodusport.fr\/blog\/mathieu-faivre-change-dequipementier\/#primaryimage"},"thumbnailUrl":"https:\/\/dicodusport.fr\/blog\/wp-content\/uploads\/2022\/05\/Mathieu-Faivre-change-de\u0301quipementier.png","datePublished":"2022-05-26T17:00:23+00:00","dateModified":"2022-05-26T17:06:51+00:00","description":"Quelques jours apr\u00e8s avoir confirm\u00e9 la fin de l\u2019aventure avec son \u00e9quipementier Head,\u00a0Mathieu Faivre a annonc\u00e9 rejoindre Salomon, l\u2019entreprise fran\u00e7aise qui n\u2019en finit pas d\u2019animer l\u2019actualit\u00e9 du mercato estival sur le circuit blanc.\u00a0","breadcrumb":{"@id":"https:\/\/dicodusport.fr\/blog\/mathieu-faivre-change-dequipementier\/#breadcrumb"},"inLanguage":"fr-FR","potentialAction":[{"@type":"ReadAction","target":["https:\/\/dicodusport.fr\/blog\/mathieu-faivre-change-dequipementier\/"]}]},{"@type":"ImageObject","inLanguage":"fr-FR","@id":"https:\/\/dicodusport.fr\/blog\/mathieu-faivre-change-dequipementier\/#primaryimage","url":"https:\/\/dicodusport.fr\/blog\/wp-content\/uploads\/2022\/05\/Mathieu-Faivre-change-de\u0301quipementier.png","contentUrl":"https:\/\/dicodusport.fr\/blog\/wp-content\/uploads\/2022\/05\/Mathieu-Faivre-change-de\u0301quipementier.png","width":800,"height":445},{"@type":"BreadcrumbList","@id":"https:\/\/dicodusport.fr\/blog\/mathieu-faivre-change-dequipementier\/#breadcrumb","itemListElement":[{"@type":"ListItem","position":1,"name":"Accueil","item":"https:\/\/dicodusport.fr\/blog\/"},{"@type":"ListItem","position":2,"name":"Mathieu Faivre change d&rsquo;\u00e9quipementier"}]},{"@type":"WebSite","@id":"https:\/\/dicodusport.fr\/blog\/#website","url":"https:\/\/dicodusport.fr\/blog\/","name":"Dicodusport","description":"L&#039;encyclop\u00e9die de l&#039;actualit\u00e9 sportive","publisher":{"@id":"https:\/\/dicodusport.fr\/blog\/#organization"},"potentialAction":[{"@type":"SearchAction","target":{"@type":"EntryPoint","urlTemplate":"https:\/\/dicodusport.fr\/blog\/?s={search_term_string}"},"query-input":{"@type":"PropertyValueSpecification","valueRequired":true,"valueName":"search_term_string"}}],"inLanguage":"fr-FR"},{"@type":"NewsMediaOrganization","@id":"https:\/\/dicodusport.fr\/blog\/#organization","name":"Dicodusport","url":"https:\/\/dicodusport.fr\/blog\/","logo":{"@type":"ImageObject","inLanguage":"fr-FR","@id":"https:\/\/dicodusport.fr\/blog\/#\/schema\/logo\/image\/","url":"https:\/\/dicodusport.fr\/blog\/wp-content\/uploads\/2020\/06\/cropped-LOGO-DICODUSPORT-2020-SANS-FOND-SANS-TEXTE.png","contentUrl":"https:\/\/dicodusport.fr\/blog\/wp-content\/uploads\/2020\/06\/cropped-LOGO-DICODUSPORT-2020-SANS-FOND-SANS-TEXTE.png","width":512,"height":512,"caption":"Dicodusport"},"image":{"@id":"https:\/\/dicodusport.fr\/blog\/#\/schema\/logo\/image\/"},"sameAs":["https:\/\/www.facebook.com\/dicodusport","https:\/\/x.com\/dicodusport","https:\/\/www.instagram.com\/dicodusport\/","https:\/\/www.youtube.com\/channel\/UC7V2KZ5sd3htJivAbA4ZG3w"],"description":"Dicodusport est l'encyclop\u00e9die de l'actualit\u00e9 sportive.","email":"bonjour@dicodusport.fr","legalName":"DICODUSPORT","foundingDate":"2018-01-14","vatID":"FR71834470973","taxID":"83447097300043","numberOfEmployees":{"@type":"QuantitativeValue","minValue":"1","maxValue":"10"}},{"@type":"Person","@id":"https:\/\/dicodusport.fr\/blog\/#\/schema\/person\/55dcb50ad410894e431ed812bbb70191","name":"Nicolas Jacquemard","image":{"@type":"ImageObject","inLanguage":"fr-FR","@id":"https:\/\/dicodusport.fr\/blog\/#\/schema\/person\/image\/","url":"https:\/\/dicodusport.fr\/blog\/wp-content\/uploads\/2021\/05\/Nicolas-Jacquemard-150x150.jpeg","contentUrl":"https:\/\/dicodusport.fr\/blog\/wp-content\/uploads\/2021\/05\/Nicolas-Jacquemard-150x150.jpeg","caption":"Nicolas Jacquemard"},"description":"Passionn\u00e9 de sport et entrepreneur depuis mes 18 ans, la cr\u00e9ation de Dicodusport m'a sembl\u00e9 \u00e9vidente pour participer \u00e0 la m\u00e9diatisation d'un plus grand nombre de sports. Le chemin est long mais avec une \u00e9quipe des plus motiv\u00e9es et les Jeux Olympiques de Paris 2024 en point de mire, nous y arriverons ! Journaliste dans le monde du sport depuis plus de 5 ans, je traite aussi bien de football, de rugby, de biathlon que de cyclisme.","sameAs":["https:\/\/www.facebook.com\/dicodusport","https:\/\/x.com\/https:\/\/twitter.com\/Nico_Jacquemard"],"url":"https:\/\/dicodusport.fr\/blog\/author\/dicodusport\/"}]}},"_links":{"self":[{"href":"https:\/\/dicodusport.fr\/blog\/wp-json\/wp\/v2\/posts\/227048","targetHints":{"allow":["GET"]}}],"collection":[{"href":"https:\/\/dicodusport.fr\/blog\/wp-json\/wp\/v2\/posts"}],"about":[{"href":"https:\/\/dicodusport.fr\/blog\/wp-json\/wp\/v2\/types\/post"}],"author":[{"embeddable":true,"href":"https:\/\/dicodusport.fr\/blog\/wp-json\/wp\/v2\/users\/1"}],"replies":[{"embeddable":true,"href":"https:\/\/dicodusport.fr\/blog\/wp-json\/wp\/v2\/comments?post=227048"}],"version-history":[{"count":0,"href":"https:\/\/dicodusport.fr\/blog\/wp-json\/wp\/v2\/posts\/227048\/revisions"}],"wp:featuredmedia":[{"embeddable":true,"href":"https:\/\/dicodusport.fr\/blog\/wp-json\/wp\/v2\/media\/227050"}],"wp:attachment":[{"href":"https:\/\/dicodusport.fr\/blog\/wp-json\/wp\/v2\/media?parent=227048"}],"wp:term":[{"taxonomy":"category","embeddable":true,"href":"https:\/\/dicodusport.fr\/blog\/wp-json\/wp\/v2\/categories?post=227048"},{"taxonomy":"post_tag","embeddable":true,"href":"https:\/\/dicodusport.fr\/blog\/wp-json\/wp\/v2\/tags?post=227048"}],"curies":[{"name":"wp","href":"https:\/\/api.w.org\/{rel}","templated":true}]}}