{"id":22721,"date":"2018-07-27T17:56:27","date_gmt":"2018-07-27T15:56:27","guid":{"rendered":"http:\/\/dicodusport.fr\/blog\/?p=22721"},"modified":"2018-07-27T18:09:00","modified_gmt":"2018-07-27T16:09:00","slug":"tour-de-france-roglic-alaphilippe-bardet-ce-quil-faut-retenir-de-la-19eme-etape","status":"publish","type":"post","link":"https:\/\/dicodusport.fr\/blog\/tour-de-france-roglic-alaphilippe-bardet-ce-quil-faut-retenir-de-la-19eme-etape\/","title":{"rendered":"Tour de France : Roglic, Alaphilippe, Bardet, ce qu&rsquo;il faut retenir de la 19\u00e8me \u00e9tape"},"content":{"rendered":"<p style=\"text-align: justify;\"><strong><em>Victoire de Primoz Roglic \u00e0 Laruns devant Geraint Thomas et Romain Bardet, apr\u00e8s une course anim\u00e9e par de nombreuses offensives. Voici ce qu&rsquo;il faut retenir de cette 19\u00e8me \u00e9tape.<\/em><\/strong><\/p>\n<p style=\"text-align: justify;\"><strong>Primoz Roglic, le funambule \u00a0: <\/strong>Tous les favoris se sont regroup\u00e9s d\u00e8s le d\u00e9but de la derni\u00e8re descente, dans laquelle Roglic a men\u00e9 un tempo infernal. Si dans un premier temps les autres favoris ont r\u00e9ussi \u00e0 prendre sa roue, c&rsquo;est \u00e0 7 kilom\u00e8tres de l&rsquo;arriv\u00e9e que le Slov\u00e8ne a sem\u00e9 ses poursuivants, emmen\u00e9s par Tom Dumoulin. Personne ne reverra Primoz Roglic qui remporte l&rsquo;\u00e9tape et prend la troisi\u00e8me place du classement g\u00e9n\u00e9ral \u00e0 Chris Froome.<\/p>\n<p style=\"text-align: justify;\"><b>Julian Alaphilippe et Warren Barguil \u00e0 l&rsquo;avant : <\/b>Si les deux Fran\u00e7ais avaient une nouvelle fois pris la bonne \u00e9chapp\u00e9e, aucun des deux n&rsquo;avait les jambes pour gagner \u00e0 Laruns. Le coureur de la Quick-Step, d\u00e9j\u00e0 vainqueur de deux \u00e9tapes, a profit\u00e9 des premiers cols pour s&rsquo;assurer le gain du maillot \u00e0 pois. Il remporte pour la premi\u00e8re fois ce classement alors que Warren Barguil, vainqueur de ce maillot en 2017, a rat\u00e9 son Tour de France 2018.<\/p>\n<p style=\"text-align: justify;\"><strong>Bardet, Landa et Zakarin \u00e0 l&rsquo;attaque : <\/strong>Dans le col du Tourmalet, Mikel Landa, Romain Bardet et Ilnur Zakarin sont pass\u00e9s \u00e0 l&rsquo;offensive. Ils sont d&rsquo;abord revenus sur les premiers \u00e9chapp\u00e9s du jour avant de s&rsquo;isoler dans les premi\u00e8res pentes du col de l&rsquo;Aubisque. Ils ont \u00e9t\u00e9 repris \u00e0 moins de deux kilom\u00e8tres du sommet de la derni\u00e8re ascension du jour par les favoris.<\/p>\n<p style=\"text-align: justify;\"><strong>Peter Sagan, quel calvaire<\/strong> : Sur cette 19\u00e8me \u00e9tape du Tour de France, les spectateurs ont d\u00e9couvert une nouvelle facette de la star slovaque. L\u00e2ch\u00e9 d\u00e8s que la pente s&rsquo;est \u00e9lev\u00e9e dans l&rsquo;Aspin, le porteur du maillot vert a souffert toute la journ\u00e9e pour r\u00e9ussir \u00e0 rentrer dans les d\u00e9lais. Peter Sagan est humain, sa chute lors de la 17\u00e8me \u00e9tape lui a laiss\u00e9 d&rsquo;importantes s\u00e9quelles.<\/p>\n<p style=\"text-align: justify;\"><strong>Nairo Quintana largu\u00e9<\/strong> : Vainqueur de la 17\u00e8me \u00e9tape en solitaire, le grimpeur colombien de la Movistar a sombr\u00e9 d\u00e8s que les favoris ont acc\u00e9l\u00e9r\u00e9 l&rsquo;allure. Il termine \u00e0 plus de 7 minutes.<\/p>\n<p><em><strong>Nicolas Jacquemard<br \/>\n<a href=\"https:\/\/twitter.com\/Nico_Jacquemard\" target=\"_blank\" rel=\"noopener noreferrer\"><img loading=\"lazy\" decoding=\"async\" class=\"alignnone wp-image-2908\" src=\"http:\/\/dicodusport.fr\/blog\/wp-content\/uploads\/2017\/07\/logo-twitter-150x150.png\" alt=\"\" width=\"39\" height=\"39\" \/><\/a><a href=\"https:\/\/www.facebook.com\/dicodusport\/\" target=\"_blank\" rel=\"noopener noreferrer\"><img loading=\"lazy\" decoding=\"async\" class=\"alignnone wp-image-2909\" src=\"http:\/\/dicodusport.fr\/blog\/wp-content\/uploads\/2017\/07\/logo-facebook-150x150.png\" alt=\"\" width=\"40\" height=\"40\" \/><\/a><\/strong><\/em><\/p>\n","protected":false},"excerpt":{"rendered":"<p>Victoire de Primoz Roglic \u00e0 Laruns devant Geraint Thomas et Romain Bardet, apr\u00e8s une course anim\u00e9e par de nombreuses offensives. Voici ce qu&rsquo;il faut retenir de cette 19\u00e8me \u00e9tape.<\/p>\n","protected":false},"author":1,"featured_media":22735,"comment_status":"open","ping_status":"closed","sticky":false,"template":"","format":"standard","meta":{"_acf_changed":false,"_daextam_enable_autolinks":"","footnotes":""},"categories":[2,2307,46995],"tags":[1446,574,1093,5505,1262],"class_list":["post-22721","post","type-post","status-publish","format-standard","has-post-thumbnail","hentry","category-actualites","category-cyclisme","category-tour-de-france","tag-bardet","tag-cyclisme","tag-pau","tag-roglic","tag-tour-de-france"],"acf":[],"yoast_head":"<!-- This site is optimized with the Yoast SEO Premium plugin v26.7 (Yoast SEO v26.7) - https:\/\/yoast.com\/wordpress\/plugins\/seo\/ -->\n<title>Tour de France : Roglic, Alaphilippe, Bardet, ce qu&#039;il faut retenir de la 19\u00e8me \u00e9tape<\/title>\n<meta name=\"description\" content=\"Victoire de Primoz Roglic \u00e0 Laruns devant Geraint Thomas et Romain Bardet, apr\u00e8s une course anim\u00e9e par de nombreuses offensives.\" \/>\n<meta name=\"robots\" content=\"index, follow, max-snippet:-1, max-image-preview:large, max-video-preview:-1\" \/>\n<link rel=\"canonical\" href=\"https:\/\/dicodusport.fr\/blog\/tour-de-france-roglic-alaphilippe-bardet-ce-quil-faut-retenir-de-la-19eme-etape\/\" \/>\n<meta property=\"og:locale\" content=\"fr_FR\" \/>\n<meta property=\"og:type\" content=\"article\" \/>\n<meta property=\"og:title\" content=\"Tour de France : Roglic, Alaphilippe, Bardet, ce qu&#039;il faut retenir de la 19\u00e8me \u00e9tape\" \/>\n<meta property=\"og:description\" content=\"Victoire de Primoz Roglic \u00e0 Laruns devant Geraint Thomas et Romain Bardet, apr\u00e8s une course anim\u00e9e par de nombreuses offensives.\" \/>\n<meta property=\"og:url\" content=\"https:\/\/dicodusport.fr\/blog\/tour-de-france-roglic-alaphilippe-bardet-ce-quil-faut-retenir-de-la-19eme-etape\/\" \/>\n<meta property=\"og:site_name\" content=\"Dicodusport\" \/>\n<meta property=\"article:publisher\" content=\"https:\/\/www.facebook.com\/dicodusport\" \/>\n<meta property=\"article:author\" content=\"https:\/\/www.facebook.com\/dicodusport\" \/>\n<meta property=\"article:published_time\" content=\"2018-07-27T15:56:27+00:00\" \/>\n<meta property=\"article:modified_time\" content=\"2018-07-27T16:09:00+00:00\" \/>\n<meta property=\"og:image\" content=\"https:\/\/dicodusport.fr\/blog\/wp-content\/uploads\/2018\/07\/Primoz-Roglic.png\" \/>\n\t<meta property=\"og:image:width\" content=\"800\" \/>\n\t<meta property=\"og:image:height\" content=\"445\" \/>\n\t<meta property=\"og:image:type\" content=\"image\/png\" \/>\n<meta name=\"author\" content=\"Nicolas Jacquemard\" \/>\n<meta name=\"twitter:card\" content=\"summary_large_image\" \/>\n<meta name=\"twitter:creator\" content=\"@https:\/\/twitter.com\/Nico_Jacquemard\" \/>\n<meta name=\"twitter:site\" content=\"@dicodusport\" \/>\n<script type=\"application\/ld+json\" class=\"yoast-schema-graph\">{\"@context\":\"https:\/\/schema.org\",\"@graph\":[{\"@type\":\"NewsArticle\",\"@id\":\"https:\/\/dicodusport.fr\/blog\/tour-de-france-roglic-alaphilippe-bardet-ce-quil-faut-retenir-de-la-19eme-etape\/#article\",\"isPartOf\":{\"@id\":\"https:\/\/dicodusport.fr\/blog\/tour-de-france-roglic-alaphilippe-bardet-ce-quil-faut-retenir-de-la-19eme-etape\/\"},\"author\":{\"name\":\"Nicolas Jacquemard\",\"@id\":\"https:\/\/dicodusport.fr\/blog\/#\/schema\/person\/55dcb50ad410894e431ed812bbb70191\"},\"headline\":\"Tour de France : Roglic, Alaphilippe, Bardet, ce qu&rsquo;il faut retenir de la 19\u00e8me \u00e9tape\",\"datePublished\":\"2018-07-27T15:56:27+00:00\",\"dateModified\":\"2018-07-27T16:09:00+00:00\",\"mainEntityOfPage\":{\"@id\":\"https:\/\/dicodusport.fr\/blog\/tour-de-france-roglic-alaphilippe-bardet-ce-quil-faut-retenir-de-la-19eme-etape\/\"},\"wordCount\":392,\"commentCount\":0,\"publisher\":{\"@id\":\"https:\/\/dicodusport.fr\/blog\/#organization\"},\"image\":{\"@id\":\"https:\/\/dicodusport.fr\/blog\/tour-de-france-roglic-alaphilippe-bardet-ce-quil-faut-retenir-de-la-19eme-etape\/#primaryimage\"},\"thumbnailUrl\":\"https:\/\/dicodusport.fr\/blog\/wp-content\/uploads\/2018\/07\/Primoz-Roglic.png\",\"keywords\":[\"bardet\",\"Cyclisme\",\"pau\",\"Roglic\",\"Tour de France\"],\"articleSection\":[\"Actualit\u00e9s\",\"Cyclisme\",\"Tour de France\"],\"inLanguage\":\"fr-FR\",\"potentialAction\":[{\"@type\":\"CommentAction\",\"name\":\"Comment\",\"target\":[\"https:\/\/dicodusport.fr\/blog\/tour-de-france-roglic-alaphilippe-bardet-ce-quil-faut-retenir-de-la-19eme-etape\/#respond\"]}],\"copyrightYear\":\"2018\",\"copyrightHolder\":{\"@id\":\"https:\/\/dicodusport.fr\/blog\/#organization\"}},{\"@type\":\"WebPage\",\"@id\":\"https:\/\/dicodusport.fr\/blog\/tour-de-france-roglic-alaphilippe-bardet-ce-quil-faut-retenir-de-la-19eme-etape\/\",\"url\":\"https:\/\/dicodusport.fr\/blog\/tour-de-france-roglic-alaphilippe-bardet-ce-quil-faut-retenir-de-la-19eme-etape\/\",\"name\":\"Tour de France : Roglic, Alaphilippe, Bardet, ce qu'il faut retenir de la 19\u00e8me \u00e9tape\",\"isPartOf\":{\"@id\":\"https:\/\/dicodusport.fr\/blog\/#website\"},\"primaryImageOfPage\":{\"@id\":\"https:\/\/dicodusport.fr\/blog\/tour-de-france-roglic-alaphilippe-bardet-ce-quil-faut-retenir-de-la-19eme-etape\/#primaryimage\"},\"image\":{\"@id\":\"https:\/\/dicodusport.fr\/blog\/tour-de-france-roglic-alaphilippe-bardet-ce-quil-faut-retenir-de-la-19eme-etape\/#primaryimage\"},\"thumbnailUrl\":\"https:\/\/dicodusport.fr\/blog\/wp-content\/uploads\/2018\/07\/Primoz-Roglic.png\",\"datePublished\":\"2018-07-27T15:56:27+00:00\",\"dateModified\":\"2018-07-27T16:09:00+00:00\",\"description\":\"Victoire de Primoz Roglic \u00e0 Laruns devant Geraint Thomas et Romain Bardet, apr\u00e8s une course anim\u00e9e par de nombreuses offensives.\",\"breadcrumb\":{\"@id\":\"https:\/\/dicodusport.fr\/blog\/tour-de-france-roglic-alaphilippe-bardet-ce-quil-faut-retenir-de-la-19eme-etape\/#breadcrumb\"},\"inLanguage\":\"fr-FR\",\"potentialAction\":[{\"@type\":\"ReadAction\",\"target\":[\"https:\/\/dicodusport.fr\/blog\/tour-de-france-roglic-alaphilippe-bardet-ce-quil-faut-retenir-de-la-19eme-etape\/\"]}]},{\"@type\":\"ImageObject\",\"inLanguage\":\"fr-FR\",\"@id\":\"https:\/\/dicodusport.fr\/blog\/tour-de-france-roglic-alaphilippe-bardet-ce-quil-faut-retenir-de-la-19eme-etape\/#primaryimage\",\"url\":\"https:\/\/dicodusport.fr\/blog\/wp-content\/uploads\/2018\/07\/Primoz-Roglic.png\",\"contentUrl\":\"https:\/\/dicodusport.fr\/blog\/wp-content\/uploads\/2018\/07\/Primoz-Roglic.png\",\"width\":800,\"height\":445,\"caption\":\"Primoz Roglic\"},{\"@type\":\"BreadcrumbList\",\"@id\":\"https:\/\/dicodusport.fr\/blog\/tour-de-france-roglic-alaphilippe-bardet-ce-quil-faut-retenir-de-la-19eme-etape\/#breadcrumb\",\"itemListElement\":[{\"@type\":\"ListItem\",\"position\":1,\"name\":\"Accueil\",\"item\":\"https:\/\/dicodusport.fr\/blog\/\"},{\"@type\":\"ListItem\",\"position\":2,\"name\":\"Tour de France : Roglic, Alaphilippe, Bardet, ce qu&rsquo;il faut retenir de la 19\u00e8me \u00e9tape\"}]},{\"@type\":\"WebSite\",\"@id\":\"https:\/\/dicodusport.fr\/blog\/#website\",\"url\":\"https:\/\/dicodusport.fr\/blog\/\",\"name\":\"Dicodusport\",\"description\":\"L&#039;encyclop\u00e9die de l&#039;actualit\u00e9 sportive\",\"publisher\":{\"@id\":\"https:\/\/dicodusport.fr\/blog\/#organization\"},\"potentialAction\":[{\"@type\":\"SearchAction\",\"target\":{\"@type\":\"EntryPoint\",\"urlTemplate\":\"https:\/\/dicodusport.fr\/blog\/?s={search_term_string}\"},\"query-input\":{\"@type\":\"PropertyValueSpecification\",\"valueRequired\":true,\"valueName\":\"search_term_string\"}}],\"inLanguage\":\"fr-FR\"},{\"@type\":\"NewsMediaOrganization\",\"@id\":\"https:\/\/dicodusport.fr\/blog\/#organization\",\"name\":\"Dicodusport\",\"url\":\"https:\/\/dicodusport.fr\/blog\/\",\"logo\":{\"@type\":\"ImageObject\",\"inLanguage\":\"fr-FR\",\"@id\":\"https:\/\/dicodusport.fr\/blog\/#\/schema\/logo\/image\/\",\"url\":\"https:\/\/dicodusport.fr\/blog\/wp-content\/uploads\/2020\/06\/cropped-LOGO-DICODUSPORT-2020-SANS-FOND-SANS-TEXTE.png\",\"contentUrl\":\"https:\/\/dicodusport.fr\/blog\/wp-content\/uploads\/2020\/06\/cropped-LOGO-DICODUSPORT-2020-SANS-FOND-SANS-TEXTE.png\",\"width\":512,\"height\":512,\"caption\":\"Dicodusport\"},\"image\":{\"@id\":\"https:\/\/dicodusport.fr\/blog\/#\/schema\/logo\/image\/\"},\"sameAs\":[\"https:\/\/www.facebook.com\/dicodusport\",\"https:\/\/x.com\/dicodusport\",\"https:\/\/www.instagram.com\/dicodusport\/\",\"https:\/\/www.youtube.com\/channel\/UC7V2KZ5sd3htJivAbA4ZG3w\"],\"description\":\"Dicodusport est l'encyclop\u00e9die de l'actualit\u00e9 sportive.\",\"email\":\"bonjour@dicodusport.fr\",\"legalName\":\"DICODUSPORT\",\"foundingDate\":\"2018-01-14\",\"vatID\":\"FR71834470973\",\"taxID\":\"83447097300043\",\"numberOfEmployees\":{\"@type\":\"QuantitativeValue\",\"minValue\":\"1\",\"maxValue\":\"10\"}},{\"@type\":\"Person\",\"@id\":\"https:\/\/dicodusport.fr\/blog\/#\/schema\/person\/55dcb50ad410894e431ed812bbb70191\",\"name\":\"Nicolas Jacquemard\",\"image\":{\"@type\":\"ImageObject\",\"inLanguage\":\"fr-FR\",\"@id\":\"https:\/\/dicodusport.fr\/blog\/#\/schema\/person\/image\/\",\"url\":\"https:\/\/dicodusport.fr\/blog\/wp-content\/uploads\/2021\/05\/Nicolas-Jacquemard-150x150.jpeg\",\"contentUrl\":\"https:\/\/dicodusport.fr\/blog\/wp-content\/uploads\/2021\/05\/Nicolas-Jacquemard-150x150.jpeg\",\"caption\":\"Nicolas Jacquemard\"},\"description\":\"Passionn\u00e9 de sport et entrepreneur depuis mes 18 ans, la cr\u00e9ation de Dicodusport m'a sembl\u00e9 \u00e9vidente pour participer \u00e0 la m\u00e9diatisation d'un plus grand nombre de sports. Le chemin est long mais avec une \u00e9quipe des plus motiv\u00e9es et les Jeux Olympiques de Paris 2024 en point de mire, nous y arriverons ! Journaliste dans le monde du sport depuis plus de 5 ans, je traite aussi bien de football, de rugby, de biathlon que de cyclisme.\",\"sameAs\":[\"https:\/\/www.facebook.com\/dicodusport\",\"https:\/\/x.com\/https:\/\/twitter.com\/Nico_Jacquemard\"],\"url\":\"https:\/\/dicodusport.fr\/blog\/author\/dicodusport\/\"}]}<\/script>\n<!-- \/ Yoast SEO Premium plugin. -->","yoast_head_json":{"title":"Tour de France : Roglic, Alaphilippe, Bardet, ce qu'il faut retenir de la 19\u00e8me \u00e9tape","description":"Victoire de Primoz Roglic \u00e0 Laruns devant Geraint Thomas et Romain Bardet, apr\u00e8s une course anim\u00e9e par de nombreuses offensives.","robots":{"index":"index","follow":"follow","max-snippet":"max-snippet:-1","max-image-preview":"max-image-preview:large","max-video-preview":"max-video-preview:-1"},"canonical":"https:\/\/dicodusport.fr\/blog\/tour-de-france-roglic-alaphilippe-bardet-ce-quil-faut-retenir-de-la-19eme-etape\/","og_locale":"fr_FR","og_type":"article","og_title":"Tour de France : Roglic, Alaphilippe, Bardet, ce qu'il faut retenir de la 19\u00e8me \u00e9tape","og_description":"Victoire de Primoz Roglic \u00e0 Laruns devant Geraint Thomas et Romain Bardet, apr\u00e8s une course anim\u00e9e par de nombreuses offensives.","og_url":"https:\/\/dicodusport.fr\/blog\/tour-de-france-roglic-alaphilippe-bardet-ce-quil-faut-retenir-de-la-19eme-etape\/","og_site_name":"Dicodusport","article_publisher":"https:\/\/www.facebook.com\/dicodusport","article_author":"https:\/\/www.facebook.com\/dicodusport","article_published_time":"2018-07-27T15:56:27+00:00","article_modified_time":"2018-07-27T16:09:00+00:00","og_image":[{"width":800,"height":445,"url":"https:\/\/dicodusport.fr\/blog\/wp-content\/uploads\/2018\/07\/Primoz-Roglic.png","type":"image\/png"}],"author":"Nicolas Jacquemard","twitter_card":"summary_large_image","twitter_creator":"@https:\/\/twitter.com\/Nico_Jacquemard","twitter_site":"@dicodusport","schema":{"@context":"https:\/\/schema.org","@graph":[{"@type":"NewsArticle","@id":"https:\/\/dicodusport.fr\/blog\/tour-de-france-roglic-alaphilippe-bardet-ce-quil-faut-retenir-de-la-19eme-etape\/#article","isPartOf":{"@id":"https:\/\/dicodusport.fr\/blog\/tour-de-france-roglic-alaphilippe-bardet-ce-quil-faut-retenir-de-la-19eme-etape\/"},"author":{"name":"Nicolas Jacquemard","@id":"https:\/\/dicodusport.fr\/blog\/#\/schema\/person\/55dcb50ad410894e431ed812bbb70191"},"headline":"Tour de France : Roglic, Alaphilippe, Bardet, ce qu&rsquo;il faut retenir de la 19\u00e8me \u00e9tape","datePublished":"2018-07-27T15:56:27+00:00","dateModified":"2018-07-27T16:09:00+00:00","mainEntityOfPage":{"@id":"https:\/\/dicodusport.fr\/blog\/tour-de-france-roglic-alaphilippe-bardet-ce-quil-faut-retenir-de-la-19eme-etape\/"},"wordCount":392,"commentCount":0,"publisher":{"@id":"https:\/\/dicodusport.fr\/blog\/#organization"},"image":{"@id":"https:\/\/dicodusport.fr\/blog\/tour-de-france-roglic-alaphilippe-bardet-ce-quil-faut-retenir-de-la-19eme-etape\/#primaryimage"},"thumbnailUrl":"https:\/\/dicodusport.fr\/blog\/wp-content\/uploads\/2018\/07\/Primoz-Roglic.png","keywords":["bardet","Cyclisme","pau","Roglic","Tour de France"],"articleSection":["Actualit\u00e9s","Cyclisme","Tour de France"],"inLanguage":"fr-FR","potentialAction":[{"@type":"CommentAction","name":"Comment","target":["https:\/\/dicodusport.fr\/blog\/tour-de-france-roglic-alaphilippe-bardet-ce-quil-faut-retenir-de-la-19eme-etape\/#respond"]}],"copyrightYear":"2018","copyrightHolder":{"@id":"https:\/\/dicodusport.fr\/blog\/#organization"}},{"@type":"WebPage","@id":"https:\/\/dicodusport.fr\/blog\/tour-de-france-roglic-alaphilippe-bardet-ce-quil-faut-retenir-de-la-19eme-etape\/","url":"https:\/\/dicodusport.fr\/blog\/tour-de-france-roglic-alaphilippe-bardet-ce-quil-faut-retenir-de-la-19eme-etape\/","name":"Tour de France : Roglic, Alaphilippe, Bardet, ce qu'il faut retenir de la 19\u00e8me \u00e9tape","isPartOf":{"@id":"https:\/\/dicodusport.fr\/blog\/#website"},"primaryImageOfPage":{"@id":"https:\/\/dicodusport.fr\/blog\/tour-de-france-roglic-alaphilippe-bardet-ce-quil-faut-retenir-de-la-19eme-etape\/#primaryimage"},"image":{"@id":"https:\/\/dicodusport.fr\/blog\/tour-de-france-roglic-alaphilippe-bardet-ce-quil-faut-retenir-de-la-19eme-etape\/#primaryimage"},"thumbnailUrl":"https:\/\/dicodusport.fr\/blog\/wp-content\/uploads\/2018\/07\/Primoz-Roglic.png","datePublished":"2018-07-27T15:56:27+00:00","dateModified":"2018-07-27T16:09:00+00:00","description":"Victoire de Primoz Roglic \u00e0 Laruns devant Geraint Thomas et Romain Bardet, apr\u00e8s une course anim\u00e9e par de nombreuses offensives.","breadcrumb":{"@id":"https:\/\/dicodusport.fr\/blog\/tour-de-france-roglic-alaphilippe-bardet-ce-quil-faut-retenir-de-la-19eme-etape\/#breadcrumb"},"inLanguage":"fr-FR","potentialAction":[{"@type":"ReadAction","target":["https:\/\/dicodusport.fr\/blog\/tour-de-france-roglic-alaphilippe-bardet-ce-quil-faut-retenir-de-la-19eme-etape\/"]}]},{"@type":"ImageObject","inLanguage":"fr-FR","@id":"https:\/\/dicodusport.fr\/blog\/tour-de-france-roglic-alaphilippe-bardet-ce-quil-faut-retenir-de-la-19eme-etape\/#primaryimage","url":"https:\/\/dicodusport.fr\/blog\/wp-content\/uploads\/2018\/07\/Primoz-Roglic.png","contentUrl":"https:\/\/dicodusport.fr\/blog\/wp-content\/uploads\/2018\/07\/Primoz-Roglic.png","width":800,"height":445,"caption":"Primoz Roglic"},{"@type":"BreadcrumbList","@id":"https:\/\/dicodusport.fr\/blog\/tour-de-france-roglic-alaphilippe-bardet-ce-quil-faut-retenir-de-la-19eme-etape\/#breadcrumb","itemListElement":[{"@type":"ListItem","position":1,"name":"Accueil","item":"https:\/\/dicodusport.fr\/blog\/"},{"@type":"ListItem","position":2,"name":"Tour de France : Roglic, Alaphilippe, Bardet, ce qu&rsquo;il faut retenir de la 19\u00e8me \u00e9tape"}]},{"@type":"WebSite","@id":"https:\/\/dicodusport.fr\/blog\/#website","url":"https:\/\/dicodusport.fr\/blog\/","name":"Dicodusport","description":"L&#039;encyclop\u00e9die de l&#039;actualit\u00e9 sportive","publisher":{"@id":"https:\/\/dicodusport.fr\/blog\/#organization"},"potentialAction":[{"@type":"SearchAction","target":{"@type":"EntryPoint","urlTemplate":"https:\/\/dicodusport.fr\/blog\/?s={search_term_string}"},"query-input":{"@type":"PropertyValueSpecification","valueRequired":true,"valueName":"search_term_string"}}],"inLanguage":"fr-FR"},{"@type":"NewsMediaOrganization","@id":"https:\/\/dicodusport.fr\/blog\/#organization","name":"Dicodusport","url":"https:\/\/dicodusport.fr\/blog\/","logo":{"@type":"ImageObject","inLanguage":"fr-FR","@id":"https:\/\/dicodusport.fr\/blog\/#\/schema\/logo\/image\/","url":"https:\/\/dicodusport.fr\/blog\/wp-content\/uploads\/2020\/06\/cropped-LOGO-DICODUSPORT-2020-SANS-FOND-SANS-TEXTE.png","contentUrl":"https:\/\/dicodusport.fr\/blog\/wp-content\/uploads\/2020\/06\/cropped-LOGO-DICODUSPORT-2020-SANS-FOND-SANS-TEXTE.png","width":512,"height":512,"caption":"Dicodusport"},"image":{"@id":"https:\/\/dicodusport.fr\/blog\/#\/schema\/logo\/image\/"},"sameAs":["https:\/\/www.facebook.com\/dicodusport","https:\/\/x.com\/dicodusport","https:\/\/www.instagram.com\/dicodusport\/","https:\/\/www.youtube.com\/channel\/UC7V2KZ5sd3htJivAbA4ZG3w"],"description":"Dicodusport est l'encyclop\u00e9die de l'actualit\u00e9 sportive.","email":"bonjour@dicodusport.fr","legalName":"DICODUSPORT","foundingDate":"2018-01-14","vatID":"FR71834470973","taxID":"83447097300043","numberOfEmployees":{"@type":"QuantitativeValue","minValue":"1","maxValue":"10"}},{"@type":"Person","@id":"https:\/\/dicodusport.fr\/blog\/#\/schema\/person\/55dcb50ad410894e431ed812bbb70191","name":"Nicolas Jacquemard","image":{"@type":"ImageObject","inLanguage":"fr-FR","@id":"https:\/\/dicodusport.fr\/blog\/#\/schema\/person\/image\/","url":"https:\/\/dicodusport.fr\/blog\/wp-content\/uploads\/2021\/05\/Nicolas-Jacquemard-150x150.jpeg","contentUrl":"https:\/\/dicodusport.fr\/blog\/wp-content\/uploads\/2021\/05\/Nicolas-Jacquemard-150x150.jpeg","caption":"Nicolas Jacquemard"},"description":"Passionn\u00e9 de sport et entrepreneur depuis mes 18 ans, la cr\u00e9ation de Dicodusport m'a sembl\u00e9 \u00e9vidente pour participer \u00e0 la m\u00e9diatisation d'un plus grand nombre de sports. Le chemin est long mais avec une \u00e9quipe des plus motiv\u00e9es et les Jeux Olympiques de Paris 2024 en point de mire, nous y arriverons ! Journaliste dans le monde du sport depuis plus de 5 ans, je traite aussi bien de football, de rugby, de biathlon que de cyclisme.","sameAs":["https:\/\/www.facebook.com\/dicodusport","https:\/\/x.com\/https:\/\/twitter.com\/Nico_Jacquemard"],"url":"https:\/\/dicodusport.fr\/blog\/author\/dicodusport\/"}]}},"_links":{"self":[{"href":"https:\/\/dicodusport.fr\/blog\/wp-json\/wp\/v2\/posts\/22721","targetHints":{"allow":["GET"]}}],"collection":[{"href":"https:\/\/dicodusport.fr\/blog\/wp-json\/wp\/v2\/posts"}],"about":[{"href":"https:\/\/dicodusport.fr\/blog\/wp-json\/wp\/v2\/types\/post"}],"author":[{"embeddable":true,"href":"https:\/\/dicodusport.fr\/blog\/wp-json\/wp\/v2\/users\/1"}],"replies":[{"embeddable":true,"href":"https:\/\/dicodusport.fr\/blog\/wp-json\/wp\/v2\/comments?post=22721"}],"version-history":[{"count":0,"href":"https:\/\/dicodusport.fr\/blog\/wp-json\/wp\/v2\/posts\/22721\/revisions"}],"wp:featuredmedia":[{"embeddable":true,"href":"https:\/\/dicodusport.fr\/blog\/wp-json\/wp\/v2\/media\/22735"}],"wp:attachment":[{"href":"https:\/\/dicodusport.fr\/blog\/wp-json\/wp\/v2\/media?parent=22721"}],"wp:term":[{"taxonomy":"category","embeddable":true,"href":"https:\/\/dicodusport.fr\/blog\/wp-json\/wp\/v2\/categories?post=22721"},{"taxonomy":"post_tag","embeddable":true,"href":"https:\/\/dicodusport.fr\/blog\/wp-json\/wp\/v2\/tags?post=22721"}],"curies":[{"name":"wp","href":"https:\/\/api.w.org\/{rel}","templated":true}]}}