{"id":227376,"date":"2022-05-28T09:32:09","date_gmt":"2022-05-28T07:32:09","guid":{"rendered":"https:\/\/dicodusport.fr\/blog\/?p=227376&#038;preview=true&#038;preview_id=227376"},"modified":"2022-05-29T07:29:41","modified_gmt":"2022-05-29T05:29:41","slug":"om-et-ol-a-la-bagarre-pour-seko-fofana","status":"publish","type":"post","link":"https:\/\/dicodusport.fr\/blog\/om-et-ol-a-la-bagarre-pour-seko-fofana\/","title":{"rendered":"L&rsquo;OM et l&rsquo;OL \u00e0 la bagarre pour Seko Fofana"},"content":{"rendered":"<p style=\"text-align: justify;\"><b><i>LIGUE 1 &#8211; Auteur d&rsquo;une saison XXL avec le RC Lens, Seko Fofana pourrait quitter le Pas-de-Calais cet \u00e9t\u00e9. Deux cadors de Ligue 1 sont \u00e0 la bagarre sur ce dossier.\u00a0<\/i><\/b><\/p>\n<p style=\"text-align: justify;\">O\u00f9 \u00e9voluera <strong>Seko Fofana<\/strong> la saison prochaine ? Ce n&rsquo;est pas impossible qu&rsquo;il reste \u00e0 Lens, mais de nombreuses \u00e9quipes ont fait du joueur une priorit\u00e9. Depuis plusieurs jours, l&rsquo;int\u00e9r\u00eat de l&rsquo;<strong>Olympique de Marseille<\/strong> n&rsquo;est plus un secret, mais Pablo Longoria va avoir de la concurrence sur ce dossier. L&rsquo;<strong>OL<\/strong> s&rsquo;est aussi positionn\u00e9 sur le milieu de 27 ans mais part avec un d\u00e9savantage, le fait de ne pas jouer la Ligue des Champions la saison prochaine. Malgr\u00e9 tout, les Lyonnais tentent d&rsquo;avancer sur ce dossier selon <em>Le 10 Sport<\/em>. \u00c0 l&rsquo;\u00e9tranger, le FC S\u00e9ville suivrait le joueur de tr\u00e8s pr\u00e8s et pourrait coiffer les deux Olympiques.<\/p>\n<blockquote class=\"twitter-tweet\">\n<p dir=\"ltr\" lang=\"fr\">L\u2019<a href=\"https:\/\/twitter.com\/hashtag\/OL?src=hash&amp;ref_src=twsrc%5Etfw\">#OL<\/a> avance sur Seko <a href=\"https:\/\/twitter.com\/hashtag\/Fofana?src=hash&amp;ref_src=twsrc%5Etfw\">#Fofana<\/a> (RC <a href=\"https:\/\/twitter.com\/hashtag\/Lens?src=hash&amp;ref_src=twsrc%5Etfw\">#Lens<\/a>) !<a href=\"https:\/\/twitter.com\/rclensofficiel?ref_src=twsrc%5Etfw\">@rclensofficiel<\/a> <a href=\"https:\/\/twitter.com\/hashtag\/Transferts?src=hash&amp;ref_src=twsrc%5Etfw\">#Transferts<\/a><br \/>\n(Le 10 Sport : <a href=\"https:\/\/t.co\/onET2lgvLv\">https:\/\/t.co\/onET2lgvLv<\/a>) <a href=\"https:\/\/t.co\/R8GERcwvio\">pic.twitter.com\/R8GERcwvio<\/a><\/p>\n<p>\u2014 OL+ (@OL__Plus) <a href=\"https:\/\/twitter.com\/OL__Plus\/status\/1530278384617635840?ref_src=twsrc%5Etfw\">May 27, 2022<\/a><\/p><\/blockquote>\n<p><script async src=\"https:\/\/platform.twitter.com\/widgets.js\" charset=\"utf-8\"><\/script><\/p>\n<p>&nbsp;<\/p>\n","protected":false},"excerpt":{"rendered":"<p>LIGUE 1 &#8211; Auteur d&rsquo;une saison XXL avec le RC Lens, Seko Fofana pourrait quitter le Pas-de-Calais cet \u00e9t\u00e9. Deux cadors de Ligue 1 sont \u00e0 la bagarre sur ce dossier.\u00a0<\/p>\n","protected":false},"author":1,"featured_media":227389,"comment_status":"open","ping_status":"closed","sticky":false,"template":"","format":"standard","meta":{"_acf_changed":false,"_daextam_enable_autolinks":"","footnotes":""},"categories":[47045],"tags":[1145,1889,19607],"class_list":["post-227376","post","type-post","status-publish","format-standard","has-post-thumbnail","hentry","category-ligue-1","tag-ol","tag-om","tag-seko-fofana"],"acf":[],"yoast_head":"<!-- This site is optimized with the Yoast SEO Premium plugin v26.7 (Yoast SEO v26.7) - https:\/\/yoast.com\/wordpress\/plugins\/seo\/ -->\n<title>- L&#039;OM et l&#039;OL \u00e0 la bagarre pour Seko Fofana - Dicodusport<\/title>\n<meta name=\"description\" content=\"LIGUE 1 - Auteur d&#039;une saison XXL, Seko Fofana pourrait quitter Lens cet \u00e9t\u00e9 et deux cadors de Ligue 1 sont \u00e0 la bagarre sur ce dossier.\u00a0\" \/>\n<meta name=\"robots\" content=\"index, follow, max-snippet:-1, max-image-preview:large, max-video-preview:-1\" \/>\n<link rel=\"canonical\" href=\"https:\/\/dicodusport.fr\/blog\/om-et-ol-a-la-bagarre-pour-seko-fofana\/\" \/>\n<meta property=\"og:locale\" content=\"fr_FR\" \/>\n<meta property=\"og:type\" content=\"article\" \/>\n<meta property=\"og:title\" content=\"L&#039;OM et l&#039;OL \u00e0 la bagarre pour Seko Fofana\" \/>\n<meta property=\"og:description\" content=\"LIGUE 1 - Auteur d&#039;une saison XXL, Seko Fofana pourrait quitter Lens cet \u00e9t\u00e9 et deux cadors de Ligue 1 sont \u00e0 la bagarre sur ce dossier.\u00a0\" \/>\n<meta property=\"og:url\" content=\"https:\/\/dicodusport.fr\/blog\/om-et-ol-a-la-bagarre-pour-seko-fofana\/\" \/>\n<meta property=\"og:site_name\" content=\"Dicodusport\" \/>\n<meta property=\"article:publisher\" content=\"https:\/\/www.facebook.com\/dicodusport\" \/>\n<meta property=\"article:author\" content=\"https:\/\/www.facebook.com\/dicodusport\" \/>\n<meta property=\"article:published_time\" content=\"2022-05-28T07:32:09+00:00\" \/>\n<meta property=\"article:modified_time\" content=\"2022-05-29T05:29:41+00:00\" \/>\n<meta property=\"og:image\" content=\"https:\/\/dicodusport.fr\/blog\/wp-content\/uploads\/2022\/05\/LOM-et-lOL-a\u0300-la-bagarre-pour-Seko-Fofana.png\" \/>\n\t<meta property=\"og:image:width\" content=\"800\" \/>\n\t<meta property=\"og:image:height\" content=\"445\" \/>\n\t<meta property=\"og:image:type\" content=\"image\/png\" \/>\n<meta name=\"author\" content=\"Nicolas Jacquemard\" \/>\n<meta name=\"twitter:card\" content=\"summary_large_image\" \/>\n<meta name=\"twitter:title\" content=\"L&#039;OM et l&#039;OL \u00e0 la bagarre pour Seko Fofana\" \/>\n<meta name=\"twitter:creator\" content=\"@https:\/\/twitter.com\/Nico_Jacquemard\" \/>\n<meta name=\"twitter:site\" content=\"@dicodusport\" \/>\n<script type=\"application\/ld+json\" class=\"yoast-schema-graph\">{\"@context\":\"https:\/\/schema.org\",\"@graph\":[{\"@type\":\"NewsArticle\",\"@id\":\"https:\/\/dicodusport.fr\/blog\/om-et-ol-a-la-bagarre-pour-seko-fofana\/#article\",\"isPartOf\":{\"@id\":\"https:\/\/dicodusport.fr\/blog\/om-et-ol-a-la-bagarre-pour-seko-fofana\/\"},\"author\":{\"name\":\"Nicolas Jacquemard\",\"@id\":\"https:\/\/dicodusport.fr\/blog\/#\/schema\/person\/55dcb50ad410894e431ed812bbb70191\"},\"headline\":\"L&rsquo;OM et l&rsquo;OL \u00e0 la bagarre pour Seko Fofana\",\"datePublished\":\"2022-05-28T07:32:09+00:00\",\"dateModified\":\"2022-05-29T05:29:41+00:00\",\"mainEntityOfPage\":{\"@id\":\"https:\/\/dicodusport.fr\/blog\/om-et-ol-a-la-bagarre-pour-seko-fofana\/\"},\"wordCount\":183,\"commentCount\":0,\"publisher\":{\"@id\":\"https:\/\/dicodusport.fr\/blog\/#organization\"},\"image\":{\"@id\":\"https:\/\/dicodusport.fr\/blog\/om-et-ol-a-la-bagarre-pour-seko-fofana\/#primaryimage\"},\"thumbnailUrl\":\"https:\/\/dicodusport.fr\/blog\/wp-content\/uploads\/2022\/05\/LOM-et-lOL-a\u0300-la-bagarre-pour-Seko-Fofana.png\",\"keywords\":[\"OL\",\"OM\",\"Seko Fofana\"],\"articleSection\":[\"Ligue 1\"],\"inLanguage\":\"fr-FR\",\"potentialAction\":[{\"@type\":\"CommentAction\",\"name\":\"Comment\",\"target\":[\"https:\/\/dicodusport.fr\/blog\/om-et-ol-a-la-bagarre-pour-seko-fofana\/#respond\"]}],\"copyrightYear\":\"2022\",\"copyrightHolder\":{\"@id\":\"https:\/\/dicodusport.fr\/blog\/#organization\"}},{\"@type\":\"WebPage\",\"@id\":\"https:\/\/dicodusport.fr\/blog\/om-et-ol-a-la-bagarre-pour-seko-fofana\/\",\"url\":\"https:\/\/dicodusport.fr\/blog\/om-et-ol-a-la-bagarre-pour-seko-fofana\/\",\"name\":\"- L'OM et l'OL \u00e0 la bagarre pour Seko Fofana - Dicodusport\",\"isPartOf\":{\"@id\":\"https:\/\/dicodusport.fr\/blog\/#website\"},\"primaryImageOfPage\":{\"@id\":\"https:\/\/dicodusport.fr\/blog\/om-et-ol-a-la-bagarre-pour-seko-fofana\/#primaryimage\"},\"image\":{\"@id\":\"https:\/\/dicodusport.fr\/blog\/om-et-ol-a-la-bagarre-pour-seko-fofana\/#primaryimage\"},\"thumbnailUrl\":\"https:\/\/dicodusport.fr\/blog\/wp-content\/uploads\/2022\/05\/LOM-et-lOL-a\u0300-la-bagarre-pour-Seko-Fofana.png\",\"datePublished\":\"2022-05-28T07:32:09+00:00\",\"dateModified\":\"2022-05-29T05:29:41+00:00\",\"description\":\"LIGUE 1 - Auteur d'une saison XXL, Seko Fofana pourrait quitter Lens cet \u00e9t\u00e9 et deux cadors de Ligue 1 sont \u00e0 la bagarre sur ce dossier.\u00a0\",\"breadcrumb\":{\"@id\":\"https:\/\/dicodusport.fr\/blog\/om-et-ol-a-la-bagarre-pour-seko-fofana\/#breadcrumb\"},\"inLanguage\":\"fr-FR\",\"potentialAction\":[{\"@type\":\"ReadAction\",\"target\":[\"https:\/\/dicodusport.fr\/blog\/om-et-ol-a-la-bagarre-pour-seko-fofana\/\"]}]},{\"@type\":\"ImageObject\",\"inLanguage\":\"fr-FR\",\"@id\":\"https:\/\/dicodusport.fr\/blog\/om-et-ol-a-la-bagarre-pour-seko-fofana\/#primaryimage\",\"url\":\"https:\/\/dicodusport.fr\/blog\/wp-content\/uploads\/2022\/05\/LOM-et-lOL-a\u0300-la-bagarre-pour-Seko-Fofana.png\",\"contentUrl\":\"https:\/\/dicodusport.fr\/blog\/wp-content\/uploads\/2022\/05\/LOM-et-lOL-a\u0300-la-bagarre-pour-Seko-Fofana.png\",\"width\":800,\"height\":445},{\"@type\":\"BreadcrumbList\",\"@id\":\"https:\/\/dicodusport.fr\/blog\/om-et-ol-a-la-bagarre-pour-seko-fofana\/#breadcrumb\",\"itemListElement\":[{\"@type\":\"ListItem\",\"position\":1,\"name\":\"Accueil\",\"item\":\"https:\/\/dicodusport.fr\/blog\/\"},{\"@type\":\"ListItem\",\"position\":2,\"name\":\"L&rsquo;OM et l&rsquo;OL \u00e0 la bagarre pour Seko Fofana\"}]},{\"@type\":\"WebSite\",\"@id\":\"https:\/\/dicodusport.fr\/blog\/#website\",\"url\":\"https:\/\/dicodusport.fr\/blog\/\",\"name\":\"Dicodusport\",\"description\":\"L&#039;encyclop\u00e9die de l&#039;actualit\u00e9 sportive\",\"publisher\":{\"@id\":\"https:\/\/dicodusport.fr\/blog\/#organization\"},\"potentialAction\":[{\"@type\":\"SearchAction\",\"target\":{\"@type\":\"EntryPoint\",\"urlTemplate\":\"https:\/\/dicodusport.fr\/blog\/?s={search_term_string}\"},\"query-input\":{\"@type\":\"PropertyValueSpecification\",\"valueRequired\":true,\"valueName\":\"search_term_string\"}}],\"inLanguage\":\"fr-FR\"},{\"@type\":\"NewsMediaOrganization\",\"@id\":\"https:\/\/dicodusport.fr\/blog\/#organization\",\"name\":\"Dicodusport\",\"url\":\"https:\/\/dicodusport.fr\/blog\/\",\"logo\":{\"@type\":\"ImageObject\",\"inLanguage\":\"fr-FR\",\"@id\":\"https:\/\/dicodusport.fr\/blog\/#\/schema\/logo\/image\/\",\"url\":\"https:\/\/dicodusport.fr\/blog\/wp-content\/uploads\/2020\/06\/cropped-LOGO-DICODUSPORT-2020-SANS-FOND-SANS-TEXTE.png\",\"contentUrl\":\"https:\/\/dicodusport.fr\/blog\/wp-content\/uploads\/2020\/06\/cropped-LOGO-DICODUSPORT-2020-SANS-FOND-SANS-TEXTE.png\",\"width\":512,\"height\":512,\"caption\":\"Dicodusport\"},\"image\":{\"@id\":\"https:\/\/dicodusport.fr\/blog\/#\/schema\/logo\/image\/\"},\"sameAs\":[\"https:\/\/www.facebook.com\/dicodusport\",\"https:\/\/x.com\/dicodusport\",\"https:\/\/www.instagram.com\/dicodusport\/\",\"https:\/\/www.youtube.com\/channel\/UC7V2KZ5sd3htJivAbA4ZG3w\"],\"description\":\"Dicodusport est l'encyclop\u00e9die de l'actualit\u00e9 sportive.\",\"email\":\"bonjour@dicodusport.fr\",\"legalName\":\"DICODUSPORT\",\"foundingDate\":\"2018-01-14\",\"vatID\":\"FR71834470973\",\"taxID\":\"83447097300043\",\"numberOfEmployees\":{\"@type\":\"QuantitativeValue\",\"minValue\":\"1\",\"maxValue\":\"10\"}},{\"@type\":\"Person\",\"@id\":\"https:\/\/dicodusport.fr\/blog\/#\/schema\/person\/55dcb50ad410894e431ed812bbb70191\",\"name\":\"Nicolas Jacquemard\",\"image\":{\"@type\":\"ImageObject\",\"inLanguage\":\"fr-FR\",\"@id\":\"https:\/\/dicodusport.fr\/blog\/#\/schema\/person\/image\/\",\"url\":\"https:\/\/dicodusport.fr\/blog\/wp-content\/uploads\/2021\/05\/Nicolas-Jacquemard-150x150.jpeg\",\"contentUrl\":\"https:\/\/dicodusport.fr\/blog\/wp-content\/uploads\/2021\/05\/Nicolas-Jacquemard-150x150.jpeg\",\"caption\":\"Nicolas Jacquemard\"},\"description\":\"Passionn\u00e9 de sport et entrepreneur depuis mes 18 ans, la cr\u00e9ation de Dicodusport m'a sembl\u00e9 \u00e9vidente pour participer \u00e0 la m\u00e9diatisation d'un plus grand nombre de sports. Le chemin est long mais avec une \u00e9quipe des plus motiv\u00e9es et les Jeux Olympiques de Paris 2024 en point de mire, nous y arriverons ! Journaliste dans le monde du sport depuis plus de 5 ans, je traite aussi bien de football, de rugby, de biathlon que de cyclisme.\",\"sameAs\":[\"https:\/\/www.facebook.com\/dicodusport\",\"https:\/\/x.com\/https:\/\/twitter.com\/Nico_Jacquemard\"],\"url\":\"https:\/\/dicodusport.fr\/blog\/author\/dicodusport\/\"}]}<\/script>\n<!-- \/ Yoast SEO Premium plugin. -->","yoast_head_json":{"title":"- L'OM et l'OL \u00e0 la bagarre pour Seko Fofana - Dicodusport","description":"LIGUE 1 - Auteur d'une saison XXL, Seko Fofana pourrait quitter Lens cet \u00e9t\u00e9 et deux cadors de Ligue 1 sont \u00e0 la bagarre sur ce dossier.\u00a0","robots":{"index":"index","follow":"follow","max-snippet":"max-snippet:-1","max-image-preview":"max-image-preview:large","max-video-preview":"max-video-preview:-1"},"canonical":"https:\/\/dicodusport.fr\/blog\/om-et-ol-a-la-bagarre-pour-seko-fofana\/","og_locale":"fr_FR","og_type":"article","og_title":"L'OM et l'OL \u00e0 la bagarre pour Seko Fofana","og_description":"LIGUE 1 - Auteur d'une saison XXL, Seko Fofana pourrait quitter Lens cet \u00e9t\u00e9 et deux cadors de Ligue 1 sont \u00e0 la bagarre sur ce dossier.\u00a0","og_url":"https:\/\/dicodusport.fr\/blog\/om-et-ol-a-la-bagarre-pour-seko-fofana\/","og_site_name":"Dicodusport","article_publisher":"https:\/\/www.facebook.com\/dicodusport","article_author":"https:\/\/www.facebook.com\/dicodusport","article_published_time":"2022-05-28T07:32:09+00:00","article_modified_time":"2022-05-29T05:29:41+00:00","og_image":[{"width":800,"height":445,"url":"https:\/\/dicodusport.fr\/blog\/wp-content\/uploads\/2022\/05\/LOM-et-lOL-a\u0300-la-bagarre-pour-Seko-Fofana.png","type":"image\/png"}],"author":"Nicolas Jacquemard","twitter_card":"summary_large_image","twitter_title":"L'OM et l'OL \u00e0 la bagarre pour Seko Fofana","twitter_creator":"@https:\/\/twitter.com\/Nico_Jacquemard","twitter_site":"@dicodusport","schema":{"@context":"https:\/\/schema.org","@graph":[{"@type":"NewsArticle","@id":"https:\/\/dicodusport.fr\/blog\/om-et-ol-a-la-bagarre-pour-seko-fofana\/#article","isPartOf":{"@id":"https:\/\/dicodusport.fr\/blog\/om-et-ol-a-la-bagarre-pour-seko-fofana\/"},"author":{"name":"Nicolas Jacquemard","@id":"https:\/\/dicodusport.fr\/blog\/#\/schema\/person\/55dcb50ad410894e431ed812bbb70191"},"headline":"L&rsquo;OM et l&rsquo;OL \u00e0 la bagarre pour Seko Fofana","datePublished":"2022-05-28T07:32:09+00:00","dateModified":"2022-05-29T05:29:41+00:00","mainEntityOfPage":{"@id":"https:\/\/dicodusport.fr\/blog\/om-et-ol-a-la-bagarre-pour-seko-fofana\/"},"wordCount":183,"commentCount":0,"publisher":{"@id":"https:\/\/dicodusport.fr\/blog\/#organization"},"image":{"@id":"https:\/\/dicodusport.fr\/blog\/om-et-ol-a-la-bagarre-pour-seko-fofana\/#primaryimage"},"thumbnailUrl":"https:\/\/dicodusport.fr\/blog\/wp-content\/uploads\/2022\/05\/LOM-et-lOL-a\u0300-la-bagarre-pour-Seko-Fofana.png","keywords":["OL","OM","Seko Fofana"],"articleSection":["Ligue 1"],"inLanguage":"fr-FR","potentialAction":[{"@type":"CommentAction","name":"Comment","target":["https:\/\/dicodusport.fr\/blog\/om-et-ol-a-la-bagarre-pour-seko-fofana\/#respond"]}],"copyrightYear":"2022","copyrightHolder":{"@id":"https:\/\/dicodusport.fr\/blog\/#organization"}},{"@type":"WebPage","@id":"https:\/\/dicodusport.fr\/blog\/om-et-ol-a-la-bagarre-pour-seko-fofana\/","url":"https:\/\/dicodusport.fr\/blog\/om-et-ol-a-la-bagarre-pour-seko-fofana\/","name":"- L'OM et l'OL \u00e0 la bagarre pour Seko Fofana - Dicodusport","isPartOf":{"@id":"https:\/\/dicodusport.fr\/blog\/#website"},"primaryImageOfPage":{"@id":"https:\/\/dicodusport.fr\/blog\/om-et-ol-a-la-bagarre-pour-seko-fofana\/#primaryimage"},"image":{"@id":"https:\/\/dicodusport.fr\/blog\/om-et-ol-a-la-bagarre-pour-seko-fofana\/#primaryimage"},"thumbnailUrl":"https:\/\/dicodusport.fr\/blog\/wp-content\/uploads\/2022\/05\/LOM-et-lOL-a\u0300-la-bagarre-pour-Seko-Fofana.png","datePublished":"2022-05-28T07:32:09+00:00","dateModified":"2022-05-29T05:29:41+00:00","description":"LIGUE 1 - Auteur d'une saison XXL, Seko Fofana pourrait quitter Lens cet \u00e9t\u00e9 et deux cadors de Ligue 1 sont \u00e0 la bagarre sur ce dossier.\u00a0","breadcrumb":{"@id":"https:\/\/dicodusport.fr\/blog\/om-et-ol-a-la-bagarre-pour-seko-fofana\/#breadcrumb"},"inLanguage":"fr-FR","potentialAction":[{"@type":"ReadAction","target":["https:\/\/dicodusport.fr\/blog\/om-et-ol-a-la-bagarre-pour-seko-fofana\/"]}]},{"@type":"ImageObject","inLanguage":"fr-FR","@id":"https:\/\/dicodusport.fr\/blog\/om-et-ol-a-la-bagarre-pour-seko-fofana\/#primaryimage","url":"https:\/\/dicodusport.fr\/blog\/wp-content\/uploads\/2022\/05\/LOM-et-lOL-a\u0300-la-bagarre-pour-Seko-Fofana.png","contentUrl":"https:\/\/dicodusport.fr\/blog\/wp-content\/uploads\/2022\/05\/LOM-et-lOL-a\u0300-la-bagarre-pour-Seko-Fofana.png","width":800,"height":445},{"@type":"BreadcrumbList","@id":"https:\/\/dicodusport.fr\/blog\/om-et-ol-a-la-bagarre-pour-seko-fofana\/#breadcrumb","itemListElement":[{"@type":"ListItem","position":1,"name":"Accueil","item":"https:\/\/dicodusport.fr\/blog\/"},{"@type":"ListItem","position":2,"name":"L&rsquo;OM et l&rsquo;OL \u00e0 la bagarre pour Seko Fofana"}]},{"@type":"WebSite","@id":"https:\/\/dicodusport.fr\/blog\/#website","url":"https:\/\/dicodusport.fr\/blog\/","name":"Dicodusport","description":"L&#039;encyclop\u00e9die de l&#039;actualit\u00e9 sportive","publisher":{"@id":"https:\/\/dicodusport.fr\/blog\/#organization"},"potentialAction":[{"@type":"SearchAction","target":{"@type":"EntryPoint","urlTemplate":"https:\/\/dicodusport.fr\/blog\/?s={search_term_string}"},"query-input":{"@type":"PropertyValueSpecification","valueRequired":true,"valueName":"search_term_string"}}],"inLanguage":"fr-FR"},{"@type":"NewsMediaOrganization","@id":"https:\/\/dicodusport.fr\/blog\/#organization","name":"Dicodusport","url":"https:\/\/dicodusport.fr\/blog\/","logo":{"@type":"ImageObject","inLanguage":"fr-FR","@id":"https:\/\/dicodusport.fr\/blog\/#\/schema\/logo\/image\/","url":"https:\/\/dicodusport.fr\/blog\/wp-content\/uploads\/2020\/06\/cropped-LOGO-DICODUSPORT-2020-SANS-FOND-SANS-TEXTE.png","contentUrl":"https:\/\/dicodusport.fr\/blog\/wp-content\/uploads\/2020\/06\/cropped-LOGO-DICODUSPORT-2020-SANS-FOND-SANS-TEXTE.png","width":512,"height":512,"caption":"Dicodusport"},"image":{"@id":"https:\/\/dicodusport.fr\/blog\/#\/schema\/logo\/image\/"},"sameAs":["https:\/\/www.facebook.com\/dicodusport","https:\/\/x.com\/dicodusport","https:\/\/www.instagram.com\/dicodusport\/","https:\/\/www.youtube.com\/channel\/UC7V2KZ5sd3htJivAbA4ZG3w"],"description":"Dicodusport est l'encyclop\u00e9die de l'actualit\u00e9 sportive.","email":"bonjour@dicodusport.fr","legalName":"DICODUSPORT","foundingDate":"2018-01-14","vatID":"FR71834470973","taxID":"83447097300043","numberOfEmployees":{"@type":"QuantitativeValue","minValue":"1","maxValue":"10"}},{"@type":"Person","@id":"https:\/\/dicodusport.fr\/blog\/#\/schema\/person\/55dcb50ad410894e431ed812bbb70191","name":"Nicolas Jacquemard","image":{"@type":"ImageObject","inLanguage":"fr-FR","@id":"https:\/\/dicodusport.fr\/blog\/#\/schema\/person\/image\/","url":"https:\/\/dicodusport.fr\/blog\/wp-content\/uploads\/2021\/05\/Nicolas-Jacquemard-150x150.jpeg","contentUrl":"https:\/\/dicodusport.fr\/blog\/wp-content\/uploads\/2021\/05\/Nicolas-Jacquemard-150x150.jpeg","caption":"Nicolas Jacquemard"},"description":"Passionn\u00e9 de sport et entrepreneur depuis mes 18 ans, la cr\u00e9ation de Dicodusport m'a sembl\u00e9 \u00e9vidente pour participer \u00e0 la m\u00e9diatisation d'un plus grand nombre de sports. Le chemin est long mais avec une \u00e9quipe des plus motiv\u00e9es et les Jeux Olympiques de Paris 2024 en point de mire, nous y arriverons ! Journaliste dans le monde du sport depuis plus de 5 ans, je traite aussi bien de football, de rugby, de biathlon que de cyclisme.","sameAs":["https:\/\/www.facebook.com\/dicodusport","https:\/\/x.com\/https:\/\/twitter.com\/Nico_Jacquemard"],"url":"https:\/\/dicodusport.fr\/blog\/author\/dicodusport\/"}]}},"_links":{"self":[{"href":"https:\/\/dicodusport.fr\/blog\/wp-json\/wp\/v2\/posts\/227376","targetHints":{"allow":["GET"]}}],"collection":[{"href":"https:\/\/dicodusport.fr\/blog\/wp-json\/wp\/v2\/posts"}],"about":[{"href":"https:\/\/dicodusport.fr\/blog\/wp-json\/wp\/v2\/types\/post"}],"author":[{"embeddable":true,"href":"https:\/\/dicodusport.fr\/blog\/wp-json\/wp\/v2\/users\/1"}],"replies":[{"embeddable":true,"href":"https:\/\/dicodusport.fr\/blog\/wp-json\/wp\/v2\/comments?post=227376"}],"version-history":[{"count":0,"href":"https:\/\/dicodusport.fr\/blog\/wp-json\/wp\/v2\/posts\/227376\/revisions"}],"wp:featuredmedia":[{"embeddable":true,"href":"https:\/\/dicodusport.fr\/blog\/wp-json\/wp\/v2\/media\/227389"}],"wp:attachment":[{"href":"https:\/\/dicodusport.fr\/blog\/wp-json\/wp\/v2\/media?parent=227376"}],"wp:term":[{"taxonomy":"category","embeddable":true,"href":"https:\/\/dicodusport.fr\/blog\/wp-json\/wp\/v2\/categories?post=227376"},{"taxonomy":"post_tag","embeddable":true,"href":"https:\/\/dicodusport.fr\/blog\/wp-json\/wp\/v2\/tags?post=227376"}],"curies":[{"name":"wp","href":"https:\/\/api.w.org\/{rel}","templated":true}]}}