{"id":227704,"date":"2022-05-29T09:00:15","date_gmt":"2022-05-29T07:00:15","guid":{"rendered":"https:\/\/dicodusport.fr\/blog\/?p=227704&#038;preview=true&#038;preview_id=227704"},"modified":"2022-05-29T17:46:12","modified_gmt":"2022-05-29T15:46:12","slug":"alize-cornet-cette-poignee-de-cretins-ca-fait-mal-au-coeur","status":"publish","type":"post","link":"https:\/\/dicodusport.fr\/blog\/alize-cornet-cette-poignee-de-cretins-ca-fait-mal-au-coeur\/","title":{"rendered":"Aliz\u00e9 Cornet : \u00ab\u00a0Cette poign\u00e9e de cr\u00e9tins, \u00e7a fait mal au c\u0153ur\u00a0\u00bb"},"content":{"rendered":"<p style=\"text-align: justify;\"><b><i>ROLAND-GARROS &#8211; <a href=\"https:\/\/dicodusport.fr\/blog\/roland-garros-2022-alize-cornet-contrainte-a-labandon-face-a-qinwen-zheng\/\">Contrainte \u00e0 l&rsquo;abandon samedi<\/a> au troisi\u00e8me tour, Aliz\u00e9 Cornet est revenu sur les sifflets au moment o\u00f9 elle a quitt\u00e9 le court.\u00a0<\/i><\/b><\/p>\n<p style=\"text-align: justify;\">La Fran\u00e7aise l&rsquo;admet, elle aurait surement d\u00fb d\u00e9clarer forfait avant le match, car la douleur \u00e9tait trop importante. Mais <strong>Aliz\u00e9 Cornet<\/strong> a malgr\u00e9 tout essay\u00e9 d&rsquo;aller jouer ce troisi\u00e8me tour malgr\u00e9 la blessure contract\u00e9e deux jours avant. Pour <a href=\"https:\/\/www.eurosport.fr\/tennis\/roland-garros\/2022\/alize-cornet-sifflee-apres-son-abandon-cette-poignee-de-cretins-ca-fait-mal-au-coeur_sto8955041\/story.shtml\" target=\"_blank\" rel=\"noopener\">Eurosport<\/a>, elle a expliqu\u00e9 :<\/p>\n<blockquote>\n<p style=\"text-align: justify;\">Il ne faut pas g\u00e9n\u00e9raliser, c&rsquo;est peut-\u00eatre une poign\u00e9e de personnes dans le stade. Cela peut \u00eatre 20, 30 ou 40 personnes qui font du bruit, cela ne veut rien dire, essaie-t-elle de temp\u00e9rer. Mais, franchement, c&rsquo;est abus\u00e9. C&rsquo;est abus\u00e9 quand on voit ce que je donne sur le terrain depuis toutes ces ann\u00e9es. Il aurait \u00e9t\u00e9 beaucoup plus facile pour moi de ne pas rentrer sur le court, de ne pas me rendre vuln\u00e9rable avec cette blessure. J&rsquo;ai \u00e9t\u00e9 fid\u00e8le \u00e0 ce que je suis. Oui, \u00e7a fait chier parce que c&rsquo;est injuste. \u00c7a fait de la peine mais, encore une fois, la plupart des gens sont peut-\u00eatre tristes pour moi et comprennent ce qui arrive, mais cette poign\u00e9e de cr\u00e9tins, \u00e7a fait mal au c\u0153ur.<\/p>\n<\/blockquote>\n<p style=\"text-align: justify;\">Sans grande surprise suite \u00e0 l&rsquo;absence de <strong>Ga\u00ebl Monfils<\/strong> et aux difficult\u00e9s des joueurs et joueurs fran\u00e7aises cette saison, il n&rsquo;y aura pas de Tricolore en deuxi\u00e8me semaine de Roland-Garros cette ann\u00e9e.<\/p>\n<blockquote class=\"twitter-tweet\">\n<p dir=\"ltr\" lang=\"fr\">&#x1f1eb;&#x1f1f7; Il n&rsquo;y a plus aucune joueuse fran\u00e7aise dans le tableau f\u00e9minin en simple : apr\u00e8s Parry et Jeanjean, c&rsquo;est au tour d&rsquo;Aliz\u00e9 Cornet d&rsquo;\u00eatre \u00e9limin\u00e9e, sur abandon &#x1f614; <a href=\"https:\/\/twitter.com\/hashtag\/RolandGarros?src=hash&amp;ref_src=twsrc%5Etfw\">#RolandGarros<\/a><a href=\"https:\/\/t.co\/jmxJmW6CtI\">https:\/\/t.co\/jmxJmW6CtI<\/a><\/p>\n<p>\u2014 Dicodusport &#x2b50;&#x2b50; (@dicodusport) <a href=\"https:\/\/twitter.com\/dicodusport\/status\/1530535833014509569?ref_src=twsrc%5Etfw\">May 28, 2022<\/a><\/p><\/blockquote>\n<p style=\"text-align: justify;\"><script async src=\"https:\/\/platform.twitter.com\/widgets.js\" charset=\"utf-8\"><\/script><\/p>\n","protected":false},"excerpt":{"rendered":"<p>ROLAND-GARROS &#8211; Contrainte \u00e0 l&rsquo;abandon samedi au troisi\u00e8me tour, Aliz\u00e9 Cornet est revenu sur les sifflets au moment o\u00f9 elle a quitt\u00e9 le court.\u00a0<\/p>\n","protected":false},"author":1,"featured_media":227705,"comment_status":"open","ping_status":"closed","sticky":false,"template":"","format":"standard","meta":{"_acf_changed":false,"_daextam_enable_autolinks":"","footnotes":""},"categories":[47090],"tags":[4785,4535,159],"class_list":["post-227704","post","type-post","status-publish","format-standard","has-post-thumbnail","hentry","category-roland-garros","tag-alize-cornet","tag-cornet","tag-roland-garros"],"acf":[],"yoast_head":"<!-- This site is optimized with the Yoast SEO Premium plugin v26.7 (Yoast SEO v26.7) - https:\/\/yoast.com\/wordpress\/plugins\/seo\/ -->\n<title>- Aliz\u00e9 Cornet : &quot;Cette poign\u00e9e de cr\u00e9tins, \u00e7a fait mal au c\u0153ur&quot; - Dicodusport<\/title>\n<meta name=\"description\" content=\"ROLAND-GARROS - Contrainte \u00e0 l&#039;abandon samedi au troisi\u00e8me tour, Aliz\u00e9 Cornet est revenu sur les sifflets au moment o\u00f9 elle a quitt\u00e9 le court\" \/>\n<meta name=\"robots\" content=\"index, follow, max-snippet:-1, max-image-preview:large, max-video-preview:-1\" \/>\n<link rel=\"canonical\" href=\"https:\/\/dicodusport.fr\/blog\/alize-cornet-cette-poignee-de-cretins-ca-fait-mal-au-coeur\/\" \/>\n<meta property=\"og:locale\" content=\"fr_FR\" \/>\n<meta property=\"og:type\" content=\"article\" \/>\n<meta property=\"og:title\" content=\"Aliz\u00e9 Cornet : &quot;Cette poign\u00e9e de cr\u00e9tins, \u00e7a fait mal au c\u0153ur&quot;\" \/>\n<meta property=\"og:description\" content=\"ROLAND-GARROS - Contrainte \u00e0 l&#039;abandon samedi au troisi\u00e8me tour, Aliz\u00e9 Cornet est revenu sur les sifflets au moment o\u00f9 elle a quitt\u00e9 le court\" \/>\n<meta property=\"og:url\" content=\"https:\/\/dicodusport.fr\/blog\/alize-cornet-cette-poignee-de-cretins-ca-fait-mal-au-coeur\/\" \/>\n<meta property=\"og:site_name\" content=\"Dicodusport\" \/>\n<meta property=\"article:publisher\" content=\"https:\/\/www.facebook.com\/dicodusport\" \/>\n<meta property=\"article:author\" content=\"https:\/\/www.facebook.com\/dicodusport\" \/>\n<meta property=\"article:published_time\" content=\"2022-05-29T07:00:15+00:00\" \/>\n<meta property=\"article:modified_time\" content=\"2022-05-29T15:46:12+00:00\" \/>\n<meta property=\"og:image\" content=\"https:\/\/dicodusport.fr\/blog\/wp-content\/uploads\/2022\/05\/Alize\u0301-Cornet-Cette-poigne\u0301e-de-cre\u0301tins-c\u0327a-fait-mal-au-coeur.png\" \/>\n\t<meta property=\"og:image:width\" content=\"800\" \/>\n\t<meta property=\"og:image:height\" content=\"445\" \/>\n\t<meta property=\"og:image:type\" content=\"image\/png\" \/>\n<meta name=\"author\" content=\"Nicolas Jacquemard\" \/>\n<meta name=\"twitter:card\" content=\"summary_large_image\" \/>\n<meta name=\"twitter:title\" content=\"Aliz\u00e9 Cornet : &quot;Cette poign\u00e9e de cr\u00e9tins, \u00e7a fait mal au c\u0153ur&quot;\" \/>\n<meta name=\"twitter:creator\" content=\"@https:\/\/twitter.com\/Nico_Jacquemard\" \/>\n<meta name=\"twitter:site\" content=\"@dicodusport\" \/>\n<script type=\"application\/ld+json\" class=\"yoast-schema-graph\">{\"@context\":\"https:\/\/schema.org\",\"@graph\":[{\"@type\":\"NewsArticle\",\"@id\":\"https:\/\/dicodusport.fr\/blog\/alize-cornet-cette-poignee-de-cretins-ca-fait-mal-au-coeur\/#article\",\"isPartOf\":{\"@id\":\"https:\/\/dicodusport.fr\/blog\/alize-cornet-cette-poignee-de-cretins-ca-fait-mal-au-coeur\/\"},\"author\":{\"name\":\"Nicolas Jacquemard\",\"@id\":\"https:\/\/dicodusport.fr\/blog\/#\/schema\/person\/55dcb50ad410894e431ed812bbb70191\"},\"headline\":\"Aliz\u00e9 Cornet : \u00ab\u00a0Cette poign\u00e9e de cr\u00e9tins, \u00e7a fait mal au c\u0153ur\u00a0\u00bb\",\"datePublished\":\"2022-05-29T07:00:15+00:00\",\"dateModified\":\"2022-05-29T15:46:12+00:00\",\"mainEntityOfPage\":{\"@id\":\"https:\/\/dicodusport.fr\/blog\/alize-cornet-cette-poignee-de-cretins-ca-fait-mal-au-coeur\/\"},\"wordCount\":320,\"commentCount\":0,\"publisher\":{\"@id\":\"https:\/\/dicodusport.fr\/blog\/#organization\"},\"image\":{\"@id\":\"https:\/\/dicodusport.fr\/blog\/alize-cornet-cette-poignee-de-cretins-ca-fait-mal-au-coeur\/#primaryimage\"},\"thumbnailUrl\":\"https:\/\/dicodusport.fr\/blog\/wp-content\/uploads\/2022\/05\/Alize\u0301-Cornet-Cette-poigne\u0301e-de-cre\u0301tins-c\u0327a-fait-mal-au-coeur.png\",\"keywords\":[\"Aliz\u00e9 Cornet\",\"cornet\",\"Roland-Garros\"],\"articleSection\":[\"Roland-Garros\"],\"inLanguage\":\"fr-FR\",\"potentialAction\":[{\"@type\":\"CommentAction\",\"name\":\"Comment\",\"target\":[\"https:\/\/dicodusport.fr\/blog\/alize-cornet-cette-poignee-de-cretins-ca-fait-mal-au-coeur\/#respond\"]}],\"copyrightYear\":\"2022\",\"copyrightHolder\":{\"@id\":\"https:\/\/dicodusport.fr\/blog\/#organization\"}},{\"@type\":\"WebPage\",\"@id\":\"https:\/\/dicodusport.fr\/blog\/alize-cornet-cette-poignee-de-cretins-ca-fait-mal-au-coeur\/\",\"url\":\"https:\/\/dicodusport.fr\/blog\/alize-cornet-cette-poignee-de-cretins-ca-fait-mal-au-coeur\/\",\"name\":\"- Aliz\u00e9 Cornet : \\\"Cette poign\u00e9e de cr\u00e9tins, \u00e7a fait mal au c\u0153ur\\\" - Dicodusport\",\"isPartOf\":{\"@id\":\"https:\/\/dicodusport.fr\/blog\/#website\"},\"primaryImageOfPage\":{\"@id\":\"https:\/\/dicodusport.fr\/blog\/alize-cornet-cette-poignee-de-cretins-ca-fait-mal-au-coeur\/#primaryimage\"},\"image\":{\"@id\":\"https:\/\/dicodusport.fr\/blog\/alize-cornet-cette-poignee-de-cretins-ca-fait-mal-au-coeur\/#primaryimage\"},\"thumbnailUrl\":\"https:\/\/dicodusport.fr\/blog\/wp-content\/uploads\/2022\/05\/Alize\u0301-Cornet-Cette-poigne\u0301e-de-cre\u0301tins-c\u0327a-fait-mal-au-coeur.png\",\"datePublished\":\"2022-05-29T07:00:15+00:00\",\"dateModified\":\"2022-05-29T15:46:12+00:00\",\"description\":\"ROLAND-GARROS - Contrainte \u00e0 l'abandon samedi au troisi\u00e8me tour, Aliz\u00e9 Cornet est revenu sur les sifflets au moment o\u00f9 elle a quitt\u00e9 le court\",\"breadcrumb\":{\"@id\":\"https:\/\/dicodusport.fr\/blog\/alize-cornet-cette-poignee-de-cretins-ca-fait-mal-au-coeur\/#breadcrumb\"},\"inLanguage\":\"fr-FR\",\"potentialAction\":[{\"@type\":\"ReadAction\",\"target\":[\"https:\/\/dicodusport.fr\/blog\/alize-cornet-cette-poignee-de-cretins-ca-fait-mal-au-coeur\/\"]}]},{\"@type\":\"ImageObject\",\"inLanguage\":\"fr-FR\",\"@id\":\"https:\/\/dicodusport.fr\/blog\/alize-cornet-cette-poignee-de-cretins-ca-fait-mal-au-coeur\/#primaryimage\",\"url\":\"https:\/\/dicodusport.fr\/blog\/wp-content\/uploads\/2022\/05\/Alize\u0301-Cornet-Cette-poigne\u0301e-de-cre\u0301tins-c\u0327a-fait-mal-au-coeur.png\",\"contentUrl\":\"https:\/\/dicodusport.fr\/blog\/wp-content\/uploads\/2022\/05\/Alize\u0301-Cornet-Cette-poigne\u0301e-de-cre\u0301tins-c\u0327a-fait-mal-au-coeur.png\",\"width\":800,\"height\":445},{\"@type\":\"BreadcrumbList\",\"@id\":\"https:\/\/dicodusport.fr\/blog\/alize-cornet-cette-poignee-de-cretins-ca-fait-mal-au-coeur\/#breadcrumb\",\"itemListElement\":[{\"@type\":\"ListItem\",\"position\":1,\"name\":\"Accueil\",\"item\":\"https:\/\/dicodusport.fr\/blog\/\"},{\"@type\":\"ListItem\",\"position\":2,\"name\":\"Aliz\u00e9 Cornet : \u00ab\u00a0Cette poign\u00e9e de cr\u00e9tins, \u00e7a fait mal au c\u0153ur\u00a0\u00bb\"}]},{\"@type\":\"WebSite\",\"@id\":\"https:\/\/dicodusport.fr\/blog\/#website\",\"url\":\"https:\/\/dicodusport.fr\/blog\/\",\"name\":\"Dicodusport\",\"description\":\"L&#039;encyclop\u00e9die de l&#039;actualit\u00e9 sportive\",\"publisher\":{\"@id\":\"https:\/\/dicodusport.fr\/blog\/#organization\"},\"potentialAction\":[{\"@type\":\"SearchAction\",\"target\":{\"@type\":\"EntryPoint\",\"urlTemplate\":\"https:\/\/dicodusport.fr\/blog\/?s={search_term_string}\"},\"query-input\":{\"@type\":\"PropertyValueSpecification\",\"valueRequired\":true,\"valueName\":\"search_term_string\"}}],\"inLanguage\":\"fr-FR\"},{\"@type\":\"NewsMediaOrganization\",\"@id\":\"https:\/\/dicodusport.fr\/blog\/#organization\",\"name\":\"Dicodusport\",\"url\":\"https:\/\/dicodusport.fr\/blog\/\",\"logo\":{\"@type\":\"ImageObject\",\"inLanguage\":\"fr-FR\",\"@id\":\"https:\/\/dicodusport.fr\/blog\/#\/schema\/logo\/image\/\",\"url\":\"https:\/\/dicodusport.fr\/blog\/wp-content\/uploads\/2020\/06\/cropped-LOGO-DICODUSPORT-2020-SANS-FOND-SANS-TEXTE.png\",\"contentUrl\":\"https:\/\/dicodusport.fr\/blog\/wp-content\/uploads\/2020\/06\/cropped-LOGO-DICODUSPORT-2020-SANS-FOND-SANS-TEXTE.png\",\"width\":512,\"height\":512,\"caption\":\"Dicodusport\"},\"image\":{\"@id\":\"https:\/\/dicodusport.fr\/blog\/#\/schema\/logo\/image\/\"},\"sameAs\":[\"https:\/\/www.facebook.com\/dicodusport\",\"https:\/\/x.com\/dicodusport\",\"https:\/\/www.instagram.com\/dicodusport\/\",\"https:\/\/www.youtube.com\/channel\/UC7V2KZ5sd3htJivAbA4ZG3w\"],\"description\":\"Dicodusport est l'encyclop\u00e9die de l'actualit\u00e9 sportive.\",\"email\":\"bonjour@dicodusport.fr\",\"legalName\":\"DICODUSPORT\",\"foundingDate\":\"2018-01-14\",\"vatID\":\"FR71834470973\",\"taxID\":\"83447097300043\",\"numberOfEmployees\":{\"@type\":\"QuantitativeValue\",\"minValue\":\"1\",\"maxValue\":\"10\"}},{\"@type\":\"Person\",\"@id\":\"https:\/\/dicodusport.fr\/blog\/#\/schema\/person\/55dcb50ad410894e431ed812bbb70191\",\"name\":\"Nicolas Jacquemard\",\"image\":{\"@type\":\"ImageObject\",\"inLanguage\":\"fr-FR\",\"@id\":\"https:\/\/dicodusport.fr\/blog\/#\/schema\/person\/image\/\",\"url\":\"https:\/\/dicodusport.fr\/blog\/wp-content\/uploads\/2021\/05\/Nicolas-Jacquemard-150x150.jpeg\",\"contentUrl\":\"https:\/\/dicodusport.fr\/blog\/wp-content\/uploads\/2021\/05\/Nicolas-Jacquemard-150x150.jpeg\",\"caption\":\"Nicolas Jacquemard\"},\"description\":\"Passionn\u00e9 de sport et entrepreneur depuis mes 18 ans, la cr\u00e9ation de Dicodusport m'a sembl\u00e9 \u00e9vidente pour participer \u00e0 la m\u00e9diatisation d'un plus grand nombre de sports. Le chemin est long mais avec une \u00e9quipe des plus motiv\u00e9es et les Jeux Olympiques de Paris 2024 en point de mire, nous y arriverons ! Journaliste dans le monde du sport depuis plus de 5 ans, je traite aussi bien de football, de rugby, de biathlon que de cyclisme.\",\"sameAs\":[\"https:\/\/www.facebook.com\/dicodusport\",\"https:\/\/x.com\/https:\/\/twitter.com\/Nico_Jacquemard\"],\"url\":\"https:\/\/dicodusport.fr\/blog\/author\/dicodusport\/\"}]}<\/script>\n<!-- \/ Yoast SEO Premium plugin. -->","yoast_head_json":{"title":"- Aliz\u00e9 Cornet : \"Cette poign\u00e9e de cr\u00e9tins, \u00e7a fait mal au c\u0153ur\" - Dicodusport","description":"ROLAND-GARROS - Contrainte \u00e0 l'abandon samedi au troisi\u00e8me tour, Aliz\u00e9 Cornet est revenu sur les sifflets au moment o\u00f9 elle a quitt\u00e9 le court","robots":{"index":"index","follow":"follow","max-snippet":"max-snippet:-1","max-image-preview":"max-image-preview:large","max-video-preview":"max-video-preview:-1"},"canonical":"https:\/\/dicodusport.fr\/blog\/alize-cornet-cette-poignee-de-cretins-ca-fait-mal-au-coeur\/","og_locale":"fr_FR","og_type":"article","og_title":"Aliz\u00e9 Cornet : \"Cette poign\u00e9e de cr\u00e9tins, \u00e7a fait mal au c\u0153ur\"","og_description":"ROLAND-GARROS - Contrainte \u00e0 l'abandon samedi au troisi\u00e8me tour, Aliz\u00e9 Cornet est revenu sur les sifflets au moment o\u00f9 elle a quitt\u00e9 le court","og_url":"https:\/\/dicodusport.fr\/blog\/alize-cornet-cette-poignee-de-cretins-ca-fait-mal-au-coeur\/","og_site_name":"Dicodusport","article_publisher":"https:\/\/www.facebook.com\/dicodusport","article_author":"https:\/\/www.facebook.com\/dicodusport","article_published_time":"2022-05-29T07:00:15+00:00","article_modified_time":"2022-05-29T15:46:12+00:00","og_image":[{"width":800,"height":445,"url":"https:\/\/dicodusport.fr\/blog\/wp-content\/uploads\/2022\/05\/Alize\u0301-Cornet-Cette-poigne\u0301e-de-cre\u0301tins-c\u0327a-fait-mal-au-coeur.png","type":"image\/png"}],"author":"Nicolas Jacquemard","twitter_card":"summary_large_image","twitter_title":"Aliz\u00e9 Cornet : \"Cette poign\u00e9e de cr\u00e9tins, \u00e7a fait mal au c\u0153ur\"","twitter_creator":"@https:\/\/twitter.com\/Nico_Jacquemard","twitter_site":"@dicodusport","schema":{"@context":"https:\/\/schema.org","@graph":[{"@type":"NewsArticle","@id":"https:\/\/dicodusport.fr\/blog\/alize-cornet-cette-poignee-de-cretins-ca-fait-mal-au-coeur\/#article","isPartOf":{"@id":"https:\/\/dicodusport.fr\/blog\/alize-cornet-cette-poignee-de-cretins-ca-fait-mal-au-coeur\/"},"author":{"name":"Nicolas Jacquemard","@id":"https:\/\/dicodusport.fr\/blog\/#\/schema\/person\/55dcb50ad410894e431ed812bbb70191"},"headline":"Aliz\u00e9 Cornet : \u00ab\u00a0Cette poign\u00e9e de cr\u00e9tins, \u00e7a fait mal au c\u0153ur\u00a0\u00bb","datePublished":"2022-05-29T07:00:15+00:00","dateModified":"2022-05-29T15:46:12+00:00","mainEntityOfPage":{"@id":"https:\/\/dicodusport.fr\/blog\/alize-cornet-cette-poignee-de-cretins-ca-fait-mal-au-coeur\/"},"wordCount":320,"commentCount":0,"publisher":{"@id":"https:\/\/dicodusport.fr\/blog\/#organization"},"image":{"@id":"https:\/\/dicodusport.fr\/blog\/alize-cornet-cette-poignee-de-cretins-ca-fait-mal-au-coeur\/#primaryimage"},"thumbnailUrl":"https:\/\/dicodusport.fr\/blog\/wp-content\/uploads\/2022\/05\/Alize\u0301-Cornet-Cette-poigne\u0301e-de-cre\u0301tins-c\u0327a-fait-mal-au-coeur.png","keywords":["Aliz\u00e9 Cornet","cornet","Roland-Garros"],"articleSection":["Roland-Garros"],"inLanguage":"fr-FR","potentialAction":[{"@type":"CommentAction","name":"Comment","target":["https:\/\/dicodusport.fr\/blog\/alize-cornet-cette-poignee-de-cretins-ca-fait-mal-au-coeur\/#respond"]}],"copyrightYear":"2022","copyrightHolder":{"@id":"https:\/\/dicodusport.fr\/blog\/#organization"}},{"@type":"WebPage","@id":"https:\/\/dicodusport.fr\/blog\/alize-cornet-cette-poignee-de-cretins-ca-fait-mal-au-coeur\/","url":"https:\/\/dicodusport.fr\/blog\/alize-cornet-cette-poignee-de-cretins-ca-fait-mal-au-coeur\/","name":"- Aliz\u00e9 Cornet : \"Cette poign\u00e9e de cr\u00e9tins, \u00e7a fait mal au c\u0153ur\" - Dicodusport","isPartOf":{"@id":"https:\/\/dicodusport.fr\/blog\/#website"},"primaryImageOfPage":{"@id":"https:\/\/dicodusport.fr\/blog\/alize-cornet-cette-poignee-de-cretins-ca-fait-mal-au-coeur\/#primaryimage"},"image":{"@id":"https:\/\/dicodusport.fr\/blog\/alize-cornet-cette-poignee-de-cretins-ca-fait-mal-au-coeur\/#primaryimage"},"thumbnailUrl":"https:\/\/dicodusport.fr\/blog\/wp-content\/uploads\/2022\/05\/Alize\u0301-Cornet-Cette-poigne\u0301e-de-cre\u0301tins-c\u0327a-fait-mal-au-coeur.png","datePublished":"2022-05-29T07:00:15+00:00","dateModified":"2022-05-29T15:46:12+00:00","description":"ROLAND-GARROS - Contrainte \u00e0 l'abandon samedi au troisi\u00e8me tour, Aliz\u00e9 Cornet est revenu sur les sifflets au moment o\u00f9 elle a quitt\u00e9 le court","breadcrumb":{"@id":"https:\/\/dicodusport.fr\/blog\/alize-cornet-cette-poignee-de-cretins-ca-fait-mal-au-coeur\/#breadcrumb"},"inLanguage":"fr-FR","potentialAction":[{"@type":"ReadAction","target":["https:\/\/dicodusport.fr\/blog\/alize-cornet-cette-poignee-de-cretins-ca-fait-mal-au-coeur\/"]}]},{"@type":"ImageObject","inLanguage":"fr-FR","@id":"https:\/\/dicodusport.fr\/blog\/alize-cornet-cette-poignee-de-cretins-ca-fait-mal-au-coeur\/#primaryimage","url":"https:\/\/dicodusport.fr\/blog\/wp-content\/uploads\/2022\/05\/Alize\u0301-Cornet-Cette-poigne\u0301e-de-cre\u0301tins-c\u0327a-fait-mal-au-coeur.png","contentUrl":"https:\/\/dicodusport.fr\/blog\/wp-content\/uploads\/2022\/05\/Alize\u0301-Cornet-Cette-poigne\u0301e-de-cre\u0301tins-c\u0327a-fait-mal-au-coeur.png","width":800,"height":445},{"@type":"BreadcrumbList","@id":"https:\/\/dicodusport.fr\/blog\/alize-cornet-cette-poignee-de-cretins-ca-fait-mal-au-coeur\/#breadcrumb","itemListElement":[{"@type":"ListItem","position":1,"name":"Accueil","item":"https:\/\/dicodusport.fr\/blog\/"},{"@type":"ListItem","position":2,"name":"Aliz\u00e9 Cornet : \u00ab\u00a0Cette poign\u00e9e de cr\u00e9tins, \u00e7a fait mal au c\u0153ur\u00a0\u00bb"}]},{"@type":"WebSite","@id":"https:\/\/dicodusport.fr\/blog\/#website","url":"https:\/\/dicodusport.fr\/blog\/","name":"Dicodusport","description":"L&#039;encyclop\u00e9die de l&#039;actualit\u00e9 sportive","publisher":{"@id":"https:\/\/dicodusport.fr\/blog\/#organization"},"potentialAction":[{"@type":"SearchAction","target":{"@type":"EntryPoint","urlTemplate":"https:\/\/dicodusport.fr\/blog\/?s={search_term_string}"},"query-input":{"@type":"PropertyValueSpecification","valueRequired":true,"valueName":"search_term_string"}}],"inLanguage":"fr-FR"},{"@type":"NewsMediaOrganization","@id":"https:\/\/dicodusport.fr\/blog\/#organization","name":"Dicodusport","url":"https:\/\/dicodusport.fr\/blog\/","logo":{"@type":"ImageObject","inLanguage":"fr-FR","@id":"https:\/\/dicodusport.fr\/blog\/#\/schema\/logo\/image\/","url":"https:\/\/dicodusport.fr\/blog\/wp-content\/uploads\/2020\/06\/cropped-LOGO-DICODUSPORT-2020-SANS-FOND-SANS-TEXTE.png","contentUrl":"https:\/\/dicodusport.fr\/blog\/wp-content\/uploads\/2020\/06\/cropped-LOGO-DICODUSPORT-2020-SANS-FOND-SANS-TEXTE.png","width":512,"height":512,"caption":"Dicodusport"},"image":{"@id":"https:\/\/dicodusport.fr\/blog\/#\/schema\/logo\/image\/"},"sameAs":["https:\/\/www.facebook.com\/dicodusport","https:\/\/x.com\/dicodusport","https:\/\/www.instagram.com\/dicodusport\/","https:\/\/www.youtube.com\/channel\/UC7V2KZ5sd3htJivAbA4ZG3w"],"description":"Dicodusport est l'encyclop\u00e9die de l'actualit\u00e9 sportive.","email":"bonjour@dicodusport.fr","legalName":"DICODUSPORT","foundingDate":"2018-01-14","vatID":"FR71834470973","taxID":"83447097300043","numberOfEmployees":{"@type":"QuantitativeValue","minValue":"1","maxValue":"10"}},{"@type":"Person","@id":"https:\/\/dicodusport.fr\/blog\/#\/schema\/person\/55dcb50ad410894e431ed812bbb70191","name":"Nicolas Jacquemard","image":{"@type":"ImageObject","inLanguage":"fr-FR","@id":"https:\/\/dicodusport.fr\/blog\/#\/schema\/person\/image\/","url":"https:\/\/dicodusport.fr\/blog\/wp-content\/uploads\/2021\/05\/Nicolas-Jacquemard-150x150.jpeg","contentUrl":"https:\/\/dicodusport.fr\/blog\/wp-content\/uploads\/2021\/05\/Nicolas-Jacquemard-150x150.jpeg","caption":"Nicolas Jacquemard"},"description":"Passionn\u00e9 de sport et entrepreneur depuis mes 18 ans, la cr\u00e9ation de Dicodusport m'a sembl\u00e9 \u00e9vidente pour participer \u00e0 la m\u00e9diatisation d'un plus grand nombre de sports. Le chemin est long mais avec une \u00e9quipe des plus motiv\u00e9es et les Jeux Olympiques de Paris 2024 en point de mire, nous y arriverons ! Journaliste dans le monde du sport depuis plus de 5 ans, je traite aussi bien de football, de rugby, de biathlon que de cyclisme.","sameAs":["https:\/\/www.facebook.com\/dicodusport","https:\/\/x.com\/https:\/\/twitter.com\/Nico_Jacquemard"],"url":"https:\/\/dicodusport.fr\/blog\/author\/dicodusport\/"}]}},"_links":{"self":[{"href":"https:\/\/dicodusport.fr\/blog\/wp-json\/wp\/v2\/posts\/227704","targetHints":{"allow":["GET"]}}],"collection":[{"href":"https:\/\/dicodusport.fr\/blog\/wp-json\/wp\/v2\/posts"}],"about":[{"href":"https:\/\/dicodusport.fr\/blog\/wp-json\/wp\/v2\/types\/post"}],"author":[{"embeddable":true,"href":"https:\/\/dicodusport.fr\/blog\/wp-json\/wp\/v2\/users\/1"}],"replies":[{"embeddable":true,"href":"https:\/\/dicodusport.fr\/blog\/wp-json\/wp\/v2\/comments?post=227704"}],"version-history":[{"count":0,"href":"https:\/\/dicodusport.fr\/blog\/wp-json\/wp\/v2\/posts\/227704\/revisions"}],"wp:featuredmedia":[{"embeddable":true,"href":"https:\/\/dicodusport.fr\/blog\/wp-json\/wp\/v2\/media\/227705"}],"wp:attachment":[{"href":"https:\/\/dicodusport.fr\/blog\/wp-json\/wp\/v2\/media?parent=227704"}],"wp:term":[{"taxonomy":"category","embeddable":true,"href":"https:\/\/dicodusport.fr\/blog\/wp-json\/wp\/v2\/categories?post=227704"},{"taxonomy":"post_tag","embeddable":true,"href":"https:\/\/dicodusport.fr\/blog\/wp-json\/wp\/v2\/tags?post=227704"}],"curies":[{"name":"wp","href":"https:\/\/api.w.org\/{rel}","templated":true}]}}