{"id":227722,"date":"2022-05-29T11:37:53","date_gmt":"2022-05-29T09:37:53","guid":{"rendered":"https:\/\/dicodusport.fr\/blog\/?p=227722&#038;preview=true&#038;preview_id=227722"},"modified":"2022-05-29T19:04:37","modified_gmt":"2022-05-29T17:04:37","slug":"f2-monaco-theo-pourchaire-termine-deuxieme-drugovich-s-impose","status":"publish","type":"post","link":"https:\/\/dicodusport.fr\/blog\/f2-monaco-theo-pourchaire-termine-deuxieme-drugovich-s-impose\/","title":{"rendered":"F2 Monaco : Th\u00e9o Pourchaire termine deuxi\u00e8me, Felipe Drugovich s&rsquo;impose"},"content":{"rendered":"<p style=\"text-align: justify;\"><strong><em><a href=\"https:\/\/dicodusport.fr\/blog\/actualites\/sports-mecaniques\/formule-2\/\">FORMULE 2<\/a> \u2013 <\/em><\/strong><strong><em>Apr\u00e8s sa victoire l\u2019ann\u00e9e derni\u00e8re, le Fran\u00e7ais Th\u00e9o Pourchaire (ART Grand Prix), a termin\u00e9 deuxi\u00e8me de la course principale du Grand Prix de Monaco aujourd&rsquo;hui. Le pilote de 18 ans originaire de Grasse a \u00e9t\u00e9 devanc\u00e9 par le Br\u00e9silien Felipe Drugovich (MP Motorsport) qui n&rsquo;a commis aucune erreur. Ce dernier augmente son avance en t\u00eate du championnat. Juri Vips (Hitech) compl\u00e8te le podium. <\/em><\/strong><strong><em>L\u2019autre Fran\u00e7ais, Cl\u00e9ment Novalak (MP Motorsport), a d\u00fb abandonner.<\/em><\/strong><\/p>\n<p style=\"text-align: justify;\"><strong>Th\u00e9o Pourchaire<\/strong> (ART Grand Prix) partait en premi\u00e8re ligne et n\u2019a pas trembl\u00e9 au d\u00e9part de la course. Le Br\u00e9silien <strong>Felipe Drugovich <\/strong>(MP Motorsport) s\u2019\u00e9lan\u00e7ait de la pole position et l\u2019a conserv\u00e9e juste devant le Fran\u00e7ais.<\/p>\n<p style=\"text-align: justify;\">Un \u00e9cart de quelques secondes s\u2019est cr\u00e9\u00e9 lors des 20 premiers tours entre les deux pilotes. Au tour 19, <strong>Amaury Cordeel<\/strong> (Van Amersfoort Racing) a tap\u00e9 le rail, provoquant une voiture de s\u00e9curit\u00e9. Partis avec les pneus tendres, les deux hommes de t\u00eate sont pass\u00e9s au stand pour chausser des pneus super tendres.<\/p>\n<blockquote class=\"twitter-tweet\">\n<p dir=\"ltr\" lang=\"fr\">Bon envol de Th\u00e9o Pourchaire qui bloque tout de suite Doohan pour conserver sa 2\u00e8me place ! &#x1f44f;<a href=\"https:\/\/twitter.com\/hashtag\/MonacoGP?src=hash&amp;ref_src=twsrc%5Etfw\">#MonacoGP<\/a> &#x1f1f2;&#x1f1e8; <a href=\"https:\/\/twitter.com\/hashtag\/F2?src=hash&amp;ref_src=twsrc%5Etfw\">#F2<\/a><\/p>\n<p>&#x25b6;&#xfe0f; <a href=\"https:\/\/t.co\/7plkVVV12v\">https:\/\/t.co\/7plkVVV12v<\/a> <a href=\"https:\/\/t.co\/fo9hNREL8X\">pic.twitter.com\/fo9hNREL8X<\/a><\/p>\n<p>\u2014 CANAL+ F1\u00ae (@CanalplusF1) <a href=\"https:\/\/twitter.com\/CanalplusF1\/status\/1530825998274637824?ref_src=twsrc%5Etfw\">May 29, 2022<\/a><\/p><\/blockquote>\n<p><script async src=\"https:\/\/platform.twitter.com\/widgets.js\" charset=\"utf-8\"><\/script><\/p>\n<p style=\"text-align: justify;\">\u00c0 la relance, le pilote parti des stands, <strong>Liam Lawson <\/strong>(Carlin), a tent\u00e9 un d\u00e9passement sur l\u2019autre Fran\u00e7ais <strong>Cl\u00e9ment Novalak <\/strong>(MP Motorsport). Malheureusement, la man\u0153uvre ne s\u2019est pas bien d\u00e9roul\u00e9e et ce dernier a d\u00fb arr\u00eater sa course \u00e0 cet instant. La voiture de s\u00e9curit\u00e9 est arriv\u00e9e \u00e0 nouveau. Apr\u00e8s cette nouvelle relance, on a assist\u00e9 \u00e0 la menace constante de <strong>Th\u00e9o Pourchaire<\/strong> sur le leader <strong>Felipe Drugovich<\/strong>. De superbes images, mais le Fran\u00e7ais semble bloqu\u00e9 et n\u2019a aucune occasion de d\u00e9passer si le Br\u00e9silien ne commet pas d\u2019erreur.<\/p>\n<h2 style=\"text-align: justify;\">Drugovich augmente son avance au championnat<\/h2>\n<p style=\"text-align: justify;\">Parti en pole position, le Br\u00e9silien <strong>Felipe Drugovich<\/strong> n&rsquo;a commis aucune erreur et s&rsquo;est brillamment impos\u00e9 en Principaut\u00e9. Il prend 25 points suppl\u00e9mentaires au championnat du monde et en compte d\u00e9sormais 32 d&rsquo;avance sur <strong>Th\u00e9o Pourchaire<\/strong> qui est deuxi\u00e8me.<\/p>\n<blockquote class=\"twitter-tweet\">\n<p dir=\"ltr\" lang=\"en\">The points finishers from the Monaco Feature Race &#x1f44f;<a href=\"https:\/\/twitter.com\/hashtag\/MonacoGP?src=hash&amp;ref_src=twsrc%5Etfw\">#MonacoGP<\/a> <a href=\"https:\/\/twitter.com\/hashtag\/F2?src=hash&amp;ref_src=twsrc%5Etfw\">#F2<\/a> <a href=\"https:\/\/t.co\/fnjVgOa28n\">pic.twitter.com\/fnjVgOa28n<\/a><\/p>\n<p>\u2014 Formula 2 (@Formula2) <a href=\"https:\/\/twitter.com\/Formula2\/status\/1530843025680760832?ref_src=twsrc%5Etfw\">May 29, 2022<\/a><\/p><\/blockquote>\n<p><script async src=\"https:\/\/platform.twitter.com\/widgets.js\" charset=\"utf-8\"><\/script><\/p>\n","protected":false},"excerpt":{"rendered":"<p>FORMULE 2 \u2013 Apr\u00e8s sa victoire l\u2019ann\u00e9e derni\u00e8re, le Fran\u00e7ais Th\u00e9o Pourchaire (ART Grand Prix), a termin\u00e9 deuxi\u00e8me de la course principale du Grand Prix de Monaco aujourd&rsquo;hui. Le pilote de 18 ans originaire de Grasse a \u00e9t\u00e9 devanc\u00e9 par le Br\u00e9silien Felipe Drugovich (MP Motorsport) qui n&rsquo;a commis aucune erreur. Ce dernier augmente son avance en t\u00eate du championnat. Juri Vips (Hitech) compl\u00e8te le podium. L\u2019autre Fran\u00e7ais, Cl\u00e9ment Novalak (MP Motorsport), a d\u00fb abandonner.<\/p>\n","protected":false},"author":54,"featured_media":227735,"comment_status":"open","ping_status":"closed","sticky":false,"template":"","format":"standard","meta":{"_acf_changed":false,"_daextam_enable_autolinks":"","footnotes":""},"categories":[47086],"tags":[12085,7951,11090],"class_list":["post-227722","post","type-post","status-publish","format-standard","has-post-thumbnail","hentry","category-formules-de-promotion","tag-formule-2","tag-grand-prix-de-monaco","tag-theo-pourchaire"],"acf":[],"yoast_head":"<!-- This site is optimized with the Yoast SEO Premium plugin v26.7 (Yoast SEO v26.7) - https:\/\/yoast.com\/wordpress\/plugins\/seo\/ -->\n<title>F2 Monaco : Th\u00e9o Pourchaire termine deuxi\u00e8me, Felipe Drugovich s&#039;impose<\/title>\n<meta name=\"description\" content=\"FORMULE 2 \u2013 Le pilote fran\u00e7ais Th\u00e9o Pourchaire (ART Grand Prix) a termin\u00e9 deuxi\u00e8me de du Grand Prix de Formule 2 \u00e0 Monaco. Drugovich gagne.\" \/>\n<meta name=\"robots\" content=\"index, follow, max-snippet:-1, max-image-preview:large, max-video-preview:-1\" \/>\n<link rel=\"canonical\" href=\"https:\/\/dicodusport.fr\/blog\/f2-monaco-theo-pourchaire-termine-deuxieme-drugovich-s-impose\/\" \/>\n<meta property=\"og:locale\" content=\"fr_FR\" \/>\n<meta property=\"og:type\" content=\"article\" \/>\n<meta property=\"og:title\" content=\"F2 Monaco : Th\u00e9o Pourchaire termine deuxi\u00e8me, Felipe Drugovich s&#039;impose\" \/>\n<meta property=\"og:description\" content=\"FORMULE 2 \u2013 Le pilote fran\u00e7ais Th\u00e9o Pourchaire (ART Grand Prix) a termin\u00e9 deuxi\u00e8me de du Grand Prix de Formule 2 \u00e0 Monaco. Drugovich gagne.\" \/>\n<meta property=\"og:url\" content=\"https:\/\/dicodusport.fr\/blog\/f2-monaco-theo-pourchaire-termine-deuxieme-drugovich-s-impose\/\" \/>\n<meta property=\"og:site_name\" content=\"Dicodusport\" \/>\n<meta property=\"article:publisher\" content=\"https:\/\/www.facebook.com\/dicodusport\" \/>\n<meta property=\"article:author\" content=\"https:\/\/www.facebook.com\/roxane.lecacher\" \/>\n<meta property=\"article:published_time\" content=\"2022-05-29T09:37:53+00:00\" \/>\n<meta property=\"article:modified_time\" content=\"2022-05-29T17:04:37+00:00\" \/>\n<meta property=\"og:image\" content=\"https:\/\/dicodusport.fr\/blog\/wp-content\/uploads\/2022\/05\/F2-Monaco-Theo-Pourchaire-termine-deuxieme-Felipe-Drugovich-simpose.png\" \/>\n\t<meta property=\"og:image:width\" content=\"800\" \/>\n\t<meta property=\"og:image:height\" content=\"445\" \/>\n\t<meta property=\"og:image:type\" content=\"image\/png\" \/>\n<meta name=\"author\" content=\"Roxane Lecacher\" \/>\n<meta name=\"twitter:card\" content=\"summary_large_image\" \/>\n<meta name=\"twitter:title\" content=\"F2 Monaco : Th\u00e9o Pourchaire termine deuxi\u00e8me, Felipe Drugovich s&#039;impose\" \/>\n<meta name=\"twitter:creator\" content=\"@dicodusport\" \/>\n<meta name=\"twitter:site\" content=\"@dicodusport\" \/>\n<script type=\"application\/ld+json\" class=\"yoast-schema-graph\">{\"@context\":\"https:\/\/schema.org\",\"@graph\":[{\"@type\":\"NewsArticle\",\"@id\":\"https:\/\/dicodusport.fr\/blog\/f2-monaco-theo-pourchaire-termine-deuxieme-drugovich-s-impose\/#article\",\"isPartOf\":{\"@id\":\"https:\/\/dicodusport.fr\/blog\/f2-monaco-theo-pourchaire-termine-deuxieme-drugovich-s-impose\/\"},\"author\":{\"name\":\"Roxane Lecacher\",\"@id\":\"https:\/\/dicodusport.fr\/blog\/#\/schema\/person\/819fb2545dd2715bd7c0580d6d4b411a\"},\"headline\":\"F2 Monaco : Th\u00e9o Pourchaire termine deuxi\u00e8me, Felipe Drugovich s&rsquo;impose\",\"datePublished\":\"2022-05-29T09:37:53+00:00\",\"dateModified\":\"2022-05-29T17:04:37+00:00\",\"mainEntityOfPage\":{\"@id\":\"https:\/\/dicodusport.fr\/blog\/f2-monaco-theo-pourchaire-termine-deuxieme-drugovich-s-impose\/\"},\"wordCount\":422,\"commentCount\":0,\"publisher\":{\"@id\":\"https:\/\/dicodusport.fr\/blog\/#organization\"},\"image\":{\"@id\":\"https:\/\/dicodusport.fr\/blog\/f2-monaco-theo-pourchaire-termine-deuxieme-drugovich-s-impose\/#primaryimage\"},\"thumbnailUrl\":\"https:\/\/dicodusport.fr\/blog\/wp-content\/uploads\/2022\/05\/F2-Monaco-Theo-Pourchaire-termine-deuxieme-Felipe-Drugovich-simpose.png\",\"keywords\":[\"Formule 2\",\"Grand Prix de Monaco\",\"Th\u00e9o Pourchaire\"],\"articleSection\":[\"Formules de promotion\"],\"inLanguage\":\"fr-FR\",\"potentialAction\":[{\"@type\":\"CommentAction\",\"name\":\"Comment\",\"target\":[\"https:\/\/dicodusport.fr\/blog\/f2-monaco-theo-pourchaire-termine-deuxieme-drugovich-s-impose\/#respond\"]}],\"copyrightYear\":\"2022\",\"copyrightHolder\":{\"@id\":\"https:\/\/dicodusport.fr\/blog\/#organization\"}},{\"@type\":\"WebPage\",\"@id\":\"https:\/\/dicodusport.fr\/blog\/f2-monaco-theo-pourchaire-termine-deuxieme-drugovich-s-impose\/\",\"url\":\"https:\/\/dicodusport.fr\/blog\/f2-monaco-theo-pourchaire-termine-deuxieme-drugovich-s-impose\/\",\"name\":\"F2 Monaco : Th\u00e9o Pourchaire termine deuxi\u00e8me, Felipe Drugovich s'impose\",\"isPartOf\":{\"@id\":\"https:\/\/dicodusport.fr\/blog\/#website\"},\"primaryImageOfPage\":{\"@id\":\"https:\/\/dicodusport.fr\/blog\/f2-monaco-theo-pourchaire-termine-deuxieme-drugovich-s-impose\/#primaryimage\"},\"image\":{\"@id\":\"https:\/\/dicodusport.fr\/blog\/f2-monaco-theo-pourchaire-termine-deuxieme-drugovich-s-impose\/#primaryimage\"},\"thumbnailUrl\":\"https:\/\/dicodusport.fr\/blog\/wp-content\/uploads\/2022\/05\/F2-Monaco-Theo-Pourchaire-termine-deuxieme-Felipe-Drugovich-simpose.png\",\"datePublished\":\"2022-05-29T09:37:53+00:00\",\"dateModified\":\"2022-05-29T17:04:37+00:00\",\"description\":\"FORMULE 2 \u2013 Le pilote fran\u00e7ais Th\u00e9o Pourchaire (ART Grand Prix) a termin\u00e9 deuxi\u00e8me de du Grand Prix de Formule 2 \u00e0 Monaco. Drugovich gagne.\",\"breadcrumb\":{\"@id\":\"https:\/\/dicodusport.fr\/blog\/f2-monaco-theo-pourchaire-termine-deuxieme-drugovich-s-impose\/#breadcrumb\"},\"inLanguage\":\"fr-FR\",\"potentialAction\":[{\"@type\":\"ReadAction\",\"target\":[\"https:\/\/dicodusport.fr\/blog\/f2-monaco-theo-pourchaire-termine-deuxieme-drugovich-s-impose\/\"]}]},{\"@type\":\"ImageObject\",\"inLanguage\":\"fr-FR\",\"@id\":\"https:\/\/dicodusport.fr\/blog\/f2-monaco-theo-pourchaire-termine-deuxieme-drugovich-s-impose\/#primaryimage\",\"url\":\"https:\/\/dicodusport.fr\/blog\/wp-content\/uploads\/2022\/05\/F2-Monaco-Theo-Pourchaire-termine-deuxieme-Felipe-Drugovich-simpose.png\",\"contentUrl\":\"https:\/\/dicodusport.fr\/blog\/wp-content\/uploads\/2022\/05\/F2-Monaco-Theo-Pourchaire-termine-deuxieme-Felipe-Drugovich-simpose.png\",\"width\":800,\"height\":445,\"caption\":\"F2 Monaco Th\u00e9o Pourchaire termine deuxi\u00e8me, Felipe Drugovich s'impose\"},{\"@type\":\"BreadcrumbList\",\"@id\":\"https:\/\/dicodusport.fr\/blog\/f2-monaco-theo-pourchaire-termine-deuxieme-drugovich-s-impose\/#breadcrumb\",\"itemListElement\":[{\"@type\":\"ListItem\",\"position\":1,\"name\":\"Accueil\",\"item\":\"https:\/\/dicodusport.fr\/blog\/\"},{\"@type\":\"ListItem\",\"position\":2,\"name\":\"F2 Monaco : Th\u00e9o Pourchaire termine deuxi\u00e8me, Felipe Drugovich s&rsquo;impose\"}]},{\"@type\":\"WebSite\",\"@id\":\"https:\/\/dicodusport.fr\/blog\/#website\",\"url\":\"https:\/\/dicodusport.fr\/blog\/\",\"name\":\"Dicodusport\",\"description\":\"L&#039;encyclop\u00e9die de l&#039;actualit\u00e9 sportive\",\"publisher\":{\"@id\":\"https:\/\/dicodusport.fr\/blog\/#organization\"},\"potentialAction\":[{\"@type\":\"SearchAction\",\"target\":{\"@type\":\"EntryPoint\",\"urlTemplate\":\"https:\/\/dicodusport.fr\/blog\/?s={search_term_string}\"},\"query-input\":{\"@type\":\"PropertyValueSpecification\",\"valueRequired\":true,\"valueName\":\"search_term_string\"}}],\"inLanguage\":\"fr-FR\"},{\"@type\":\"NewsMediaOrganization\",\"@id\":\"https:\/\/dicodusport.fr\/blog\/#organization\",\"name\":\"Dicodusport\",\"url\":\"https:\/\/dicodusport.fr\/blog\/\",\"logo\":{\"@type\":\"ImageObject\",\"inLanguage\":\"fr-FR\",\"@id\":\"https:\/\/dicodusport.fr\/blog\/#\/schema\/logo\/image\/\",\"url\":\"https:\/\/dicodusport.fr\/blog\/wp-content\/uploads\/2020\/06\/cropped-LOGO-DICODUSPORT-2020-SANS-FOND-SANS-TEXTE.png\",\"contentUrl\":\"https:\/\/dicodusport.fr\/blog\/wp-content\/uploads\/2020\/06\/cropped-LOGO-DICODUSPORT-2020-SANS-FOND-SANS-TEXTE.png\",\"width\":512,\"height\":512,\"caption\":\"Dicodusport\"},\"image\":{\"@id\":\"https:\/\/dicodusport.fr\/blog\/#\/schema\/logo\/image\/\"},\"sameAs\":[\"https:\/\/www.facebook.com\/dicodusport\",\"https:\/\/x.com\/dicodusport\",\"https:\/\/www.instagram.com\/dicodusport\/\",\"https:\/\/www.youtube.com\/channel\/UC7V2KZ5sd3htJivAbA4ZG3w\"],\"description\":\"Dicodusport est l'encyclop\u00e9die de l'actualit\u00e9 sportive.\",\"email\":\"bonjour@dicodusport.fr\",\"legalName\":\"DICODUSPORT\",\"foundingDate\":\"2018-01-14\",\"vatID\":\"FR71834470973\",\"taxID\":\"83447097300043\",\"numberOfEmployees\":{\"@type\":\"QuantitativeValue\",\"minValue\":\"1\",\"maxValue\":\"10\"}},{\"@type\":\"Person\",\"@id\":\"https:\/\/dicodusport.fr\/blog\/#\/schema\/person\/819fb2545dd2715bd7c0580d6d4b411a\",\"name\":\"Roxane Lecacher\",\"image\":{\"@type\":\"ImageObject\",\"inLanguage\":\"fr-FR\",\"@id\":\"https:\/\/dicodusport.fr\/blog\/#\/schema\/person\/image\/\",\"url\":\"https:\/\/dicodusport.fr\/blog\/wp-content\/uploads\/2021\/05\/Roxane-Lecacher-150x150.jpg\",\"contentUrl\":\"https:\/\/dicodusport.fr\/blog\/wp-content\/uploads\/2021\/05\/Roxane-Lecacher-150x150.jpg\",\"caption\":\"Roxane Lecacher\"},\"description\":\"Journaliste\/r\u00e9dactrice depuis janvier 2021 - N\u00e9e quelques jours avant la premi\u00e8re \u00e9toile des Bleus, je baigne dans une famille tr\u00e8s sportive. Je n\u2019ai eu d\u2019autres choix que de me passionner pour le sujet. Pratiquante de l\u2019athl\u00e9tisme depuis toute petite, j\u2019ai aussi un attrait tout particulier pour la Formule 1, le biathlon et le foot. Pendant les grands \u00e9v\u00e9nements, il est impossible de d\u00e9crocher de ma t\u00e9l\u00e9. C\u2019est \u00e0 travers Dicodusport que j\u2019aime d\u00e9sormais vous transmettre mes \u00e9motions et ma passion.\",\"sameAs\":[\"https:\/\/www.facebook.com\/roxane.lecacher\",\"https:\/\/fr.linkedin.com\/in\/roxane-lecacher-23368313b\"],\"url\":\"https:\/\/dicodusport.fr\/blog\/author\/roxanel\/\"}]}<\/script>\n<!-- \/ Yoast SEO Premium plugin. -->","yoast_head_json":{"title":"F2 Monaco : Th\u00e9o Pourchaire termine deuxi\u00e8me, Felipe Drugovich s'impose","description":"FORMULE 2 \u2013 Le pilote fran\u00e7ais Th\u00e9o Pourchaire (ART Grand Prix) a termin\u00e9 deuxi\u00e8me de du Grand Prix de Formule 2 \u00e0 Monaco. Drugovich gagne.","robots":{"index":"index","follow":"follow","max-snippet":"max-snippet:-1","max-image-preview":"max-image-preview:large","max-video-preview":"max-video-preview:-1"},"canonical":"https:\/\/dicodusport.fr\/blog\/f2-monaco-theo-pourchaire-termine-deuxieme-drugovich-s-impose\/","og_locale":"fr_FR","og_type":"article","og_title":"F2 Monaco : Th\u00e9o Pourchaire termine deuxi\u00e8me, Felipe Drugovich s'impose","og_description":"FORMULE 2 \u2013 Le pilote fran\u00e7ais Th\u00e9o Pourchaire (ART Grand Prix) a termin\u00e9 deuxi\u00e8me de du Grand Prix de Formule 2 \u00e0 Monaco. Drugovich gagne.","og_url":"https:\/\/dicodusport.fr\/blog\/f2-monaco-theo-pourchaire-termine-deuxieme-drugovich-s-impose\/","og_site_name":"Dicodusport","article_publisher":"https:\/\/www.facebook.com\/dicodusport","article_author":"https:\/\/www.facebook.com\/roxane.lecacher","article_published_time":"2022-05-29T09:37:53+00:00","article_modified_time":"2022-05-29T17:04:37+00:00","og_image":[{"width":800,"height":445,"url":"https:\/\/dicodusport.fr\/blog\/wp-content\/uploads\/2022\/05\/F2-Monaco-Theo-Pourchaire-termine-deuxieme-Felipe-Drugovich-simpose.png","type":"image\/png"}],"author":"Roxane Lecacher","twitter_card":"summary_large_image","twitter_title":"F2 Monaco : Th\u00e9o Pourchaire termine deuxi\u00e8me, Felipe Drugovich s'impose","twitter_creator":"@dicodusport","twitter_site":"@dicodusport","schema":{"@context":"https:\/\/schema.org","@graph":[{"@type":"NewsArticle","@id":"https:\/\/dicodusport.fr\/blog\/f2-monaco-theo-pourchaire-termine-deuxieme-drugovich-s-impose\/#article","isPartOf":{"@id":"https:\/\/dicodusport.fr\/blog\/f2-monaco-theo-pourchaire-termine-deuxieme-drugovich-s-impose\/"},"author":{"name":"Roxane Lecacher","@id":"https:\/\/dicodusport.fr\/blog\/#\/schema\/person\/819fb2545dd2715bd7c0580d6d4b411a"},"headline":"F2 Monaco : Th\u00e9o Pourchaire termine deuxi\u00e8me, Felipe Drugovich s&rsquo;impose","datePublished":"2022-05-29T09:37:53+00:00","dateModified":"2022-05-29T17:04:37+00:00","mainEntityOfPage":{"@id":"https:\/\/dicodusport.fr\/blog\/f2-monaco-theo-pourchaire-termine-deuxieme-drugovich-s-impose\/"},"wordCount":422,"commentCount":0,"publisher":{"@id":"https:\/\/dicodusport.fr\/blog\/#organization"},"image":{"@id":"https:\/\/dicodusport.fr\/blog\/f2-monaco-theo-pourchaire-termine-deuxieme-drugovich-s-impose\/#primaryimage"},"thumbnailUrl":"https:\/\/dicodusport.fr\/blog\/wp-content\/uploads\/2022\/05\/F2-Monaco-Theo-Pourchaire-termine-deuxieme-Felipe-Drugovich-simpose.png","keywords":["Formule 2","Grand Prix de Monaco","Th\u00e9o Pourchaire"],"articleSection":["Formules de promotion"],"inLanguage":"fr-FR","potentialAction":[{"@type":"CommentAction","name":"Comment","target":["https:\/\/dicodusport.fr\/blog\/f2-monaco-theo-pourchaire-termine-deuxieme-drugovich-s-impose\/#respond"]}],"copyrightYear":"2022","copyrightHolder":{"@id":"https:\/\/dicodusport.fr\/blog\/#organization"}},{"@type":"WebPage","@id":"https:\/\/dicodusport.fr\/blog\/f2-monaco-theo-pourchaire-termine-deuxieme-drugovich-s-impose\/","url":"https:\/\/dicodusport.fr\/blog\/f2-monaco-theo-pourchaire-termine-deuxieme-drugovich-s-impose\/","name":"F2 Monaco : Th\u00e9o Pourchaire termine deuxi\u00e8me, Felipe Drugovich s'impose","isPartOf":{"@id":"https:\/\/dicodusport.fr\/blog\/#website"},"primaryImageOfPage":{"@id":"https:\/\/dicodusport.fr\/blog\/f2-monaco-theo-pourchaire-termine-deuxieme-drugovich-s-impose\/#primaryimage"},"image":{"@id":"https:\/\/dicodusport.fr\/blog\/f2-monaco-theo-pourchaire-termine-deuxieme-drugovich-s-impose\/#primaryimage"},"thumbnailUrl":"https:\/\/dicodusport.fr\/blog\/wp-content\/uploads\/2022\/05\/F2-Monaco-Theo-Pourchaire-termine-deuxieme-Felipe-Drugovich-simpose.png","datePublished":"2022-05-29T09:37:53+00:00","dateModified":"2022-05-29T17:04:37+00:00","description":"FORMULE 2 \u2013 Le pilote fran\u00e7ais Th\u00e9o Pourchaire (ART Grand Prix) a termin\u00e9 deuxi\u00e8me de du Grand Prix de Formule 2 \u00e0 Monaco. Drugovich gagne.","breadcrumb":{"@id":"https:\/\/dicodusport.fr\/blog\/f2-monaco-theo-pourchaire-termine-deuxieme-drugovich-s-impose\/#breadcrumb"},"inLanguage":"fr-FR","potentialAction":[{"@type":"ReadAction","target":["https:\/\/dicodusport.fr\/blog\/f2-monaco-theo-pourchaire-termine-deuxieme-drugovich-s-impose\/"]}]},{"@type":"ImageObject","inLanguage":"fr-FR","@id":"https:\/\/dicodusport.fr\/blog\/f2-monaco-theo-pourchaire-termine-deuxieme-drugovich-s-impose\/#primaryimage","url":"https:\/\/dicodusport.fr\/blog\/wp-content\/uploads\/2022\/05\/F2-Monaco-Theo-Pourchaire-termine-deuxieme-Felipe-Drugovich-simpose.png","contentUrl":"https:\/\/dicodusport.fr\/blog\/wp-content\/uploads\/2022\/05\/F2-Monaco-Theo-Pourchaire-termine-deuxieme-Felipe-Drugovich-simpose.png","width":800,"height":445,"caption":"F2 Monaco Th\u00e9o Pourchaire termine deuxi\u00e8me, Felipe Drugovich s'impose"},{"@type":"BreadcrumbList","@id":"https:\/\/dicodusport.fr\/blog\/f2-monaco-theo-pourchaire-termine-deuxieme-drugovich-s-impose\/#breadcrumb","itemListElement":[{"@type":"ListItem","position":1,"name":"Accueil","item":"https:\/\/dicodusport.fr\/blog\/"},{"@type":"ListItem","position":2,"name":"F2 Monaco : Th\u00e9o Pourchaire termine deuxi\u00e8me, Felipe Drugovich s&rsquo;impose"}]},{"@type":"WebSite","@id":"https:\/\/dicodusport.fr\/blog\/#website","url":"https:\/\/dicodusport.fr\/blog\/","name":"Dicodusport","description":"L&#039;encyclop\u00e9die de l&#039;actualit\u00e9 sportive","publisher":{"@id":"https:\/\/dicodusport.fr\/blog\/#organization"},"potentialAction":[{"@type":"SearchAction","target":{"@type":"EntryPoint","urlTemplate":"https:\/\/dicodusport.fr\/blog\/?s={search_term_string}"},"query-input":{"@type":"PropertyValueSpecification","valueRequired":true,"valueName":"search_term_string"}}],"inLanguage":"fr-FR"},{"@type":"NewsMediaOrganization","@id":"https:\/\/dicodusport.fr\/blog\/#organization","name":"Dicodusport","url":"https:\/\/dicodusport.fr\/blog\/","logo":{"@type":"ImageObject","inLanguage":"fr-FR","@id":"https:\/\/dicodusport.fr\/blog\/#\/schema\/logo\/image\/","url":"https:\/\/dicodusport.fr\/blog\/wp-content\/uploads\/2020\/06\/cropped-LOGO-DICODUSPORT-2020-SANS-FOND-SANS-TEXTE.png","contentUrl":"https:\/\/dicodusport.fr\/blog\/wp-content\/uploads\/2020\/06\/cropped-LOGO-DICODUSPORT-2020-SANS-FOND-SANS-TEXTE.png","width":512,"height":512,"caption":"Dicodusport"},"image":{"@id":"https:\/\/dicodusport.fr\/blog\/#\/schema\/logo\/image\/"},"sameAs":["https:\/\/www.facebook.com\/dicodusport","https:\/\/x.com\/dicodusport","https:\/\/www.instagram.com\/dicodusport\/","https:\/\/www.youtube.com\/channel\/UC7V2KZ5sd3htJivAbA4ZG3w"],"description":"Dicodusport est l'encyclop\u00e9die de l'actualit\u00e9 sportive.","email":"bonjour@dicodusport.fr","legalName":"DICODUSPORT","foundingDate":"2018-01-14","vatID":"FR71834470973","taxID":"83447097300043","numberOfEmployees":{"@type":"QuantitativeValue","minValue":"1","maxValue":"10"}},{"@type":"Person","@id":"https:\/\/dicodusport.fr\/blog\/#\/schema\/person\/819fb2545dd2715bd7c0580d6d4b411a","name":"Roxane Lecacher","image":{"@type":"ImageObject","inLanguage":"fr-FR","@id":"https:\/\/dicodusport.fr\/blog\/#\/schema\/person\/image\/","url":"https:\/\/dicodusport.fr\/blog\/wp-content\/uploads\/2021\/05\/Roxane-Lecacher-150x150.jpg","contentUrl":"https:\/\/dicodusport.fr\/blog\/wp-content\/uploads\/2021\/05\/Roxane-Lecacher-150x150.jpg","caption":"Roxane Lecacher"},"description":"Journaliste\/r\u00e9dactrice depuis janvier 2021 - N\u00e9e quelques jours avant la premi\u00e8re \u00e9toile des Bleus, je baigne dans une famille tr\u00e8s sportive. Je n\u2019ai eu d\u2019autres choix que de me passionner pour le sujet. Pratiquante de l\u2019athl\u00e9tisme depuis toute petite, j\u2019ai aussi un attrait tout particulier pour la Formule 1, le biathlon et le foot. Pendant les grands \u00e9v\u00e9nements, il est impossible de d\u00e9crocher de ma t\u00e9l\u00e9. C\u2019est \u00e0 travers Dicodusport que j\u2019aime d\u00e9sormais vous transmettre mes \u00e9motions et ma passion.","sameAs":["https:\/\/www.facebook.com\/roxane.lecacher","https:\/\/fr.linkedin.com\/in\/roxane-lecacher-23368313b"],"url":"https:\/\/dicodusport.fr\/blog\/author\/roxanel\/"}]}},"_links":{"self":[{"href":"https:\/\/dicodusport.fr\/blog\/wp-json\/wp\/v2\/posts\/227722","targetHints":{"allow":["GET"]}}],"collection":[{"href":"https:\/\/dicodusport.fr\/blog\/wp-json\/wp\/v2\/posts"}],"about":[{"href":"https:\/\/dicodusport.fr\/blog\/wp-json\/wp\/v2\/types\/post"}],"author":[{"embeddable":true,"href":"https:\/\/dicodusport.fr\/blog\/wp-json\/wp\/v2\/users\/54"}],"replies":[{"embeddable":true,"href":"https:\/\/dicodusport.fr\/blog\/wp-json\/wp\/v2\/comments?post=227722"}],"version-history":[{"count":0,"href":"https:\/\/dicodusport.fr\/blog\/wp-json\/wp\/v2\/posts\/227722\/revisions"}],"wp:featuredmedia":[{"embeddable":true,"href":"https:\/\/dicodusport.fr\/blog\/wp-json\/wp\/v2\/media\/227735"}],"wp:attachment":[{"href":"https:\/\/dicodusport.fr\/blog\/wp-json\/wp\/v2\/media?parent=227722"}],"wp:term":[{"taxonomy":"category","embeddable":true,"href":"https:\/\/dicodusport.fr\/blog\/wp-json\/wp\/v2\/categories?post=227722"},{"taxonomy":"post_tag","embeddable":true,"href":"https:\/\/dicodusport.fr\/blog\/wp-json\/wp\/v2\/tags?post=227722"}],"curies":[{"name":"wp","href":"https:\/\/api.w.org\/{rel}","templated":true}]}}