{"id":227723,"date":"2022-05-29T11:17:46","date_gmt":"2022-05-29T09:17:46","guid":{"rendered":"https:\/\/dicodusport.fr\/blog\/?p=227723&#038;preview=true&#038;preview_id=227723"},"modified":"2025-09-16T08:57:55","modified_gmt":"2025-09-16T06:57:55","slug":"en-seigneur-karim-benzema-donne-son-brassard-a-marcelo-pour-la-remise-du-trophee","status":"publish","type":"post","link":"https:\/\/dicodusport.fr\/blog\/en-seigneur-karim-benzema-donne-son-brassard-a-marcelo-pour-la-remise-du-trophee\/","title":{"rendered":"[Vid\u00e9o] En seigneur, Karim Benzema donne son brassard \u00e0 Marcelo pour la remise du troph\u00e9e"},"content":{"rendered":"<p style=\"text-align: justify;\"><b><i>LIGUE DES CHAMPIONS &#8211; Karim Benzema a une nouvelle fois d\u00e9montr\u00e9 sa classe au moment de la remise du troph\u00e9e en donnant son brassard de capitaine \u00e0 Marcelo.<\/i><\/b><\/p>\n<p style=\"text-align: justify;\">Capitaine du jour, <strong>Karim Benzema<\/strong> aurait d\u00fb soulever le troph\u00e9e en premier comme le veut la tradition. Mais le Fran\u00e7ais a donn\u00e9 son brassard \u00e0 <strong>Marcelo<\/strong> avant la c\u00e9r\u00e9monie pour que ce soit lui qui ait ce privil\u00e8ge. Le Br\u00e9silien, qui comme le Fran\u00e7ais a d\u00e9croch\u00e9 sa cinqui\u00e8me Ligue des Champions, jouait probablement son dernier match avec le Real Madrid\u00a0<a href=\"https:\/\/dicodusport.fr\/blog\/ligue-des-champions-real-madrid-sacre-pour-14eme-fois\/\">lors de cette finale contre Liverpool<\/a>.<\/p>\n<blockquote class=\"twitter-tweet\">\n<p dir=\"ltr\" lang=\"fr\">&#x1f44b;&#x1f3fd; Salut \u00e0 toutes et \u00e0 tous &#x26aa;&#xfe0f; Ce matin, le Real est champion d&rsquo;Europe!<br \/>\nIl jouera la Super Coupe de l&rsquo;UEFA contre Francfort en ao\u00fbt! <a href=\"https:\/\/twitter.com\/hashtag\/UCL?src=hash&amp;ref_src=twsrc%5Etfw\">#UCL<\/a> | <a href=\"https:\/\/twitter.com\/hashtag\/UCLfinal?src=hash&amp;ref_src=twsrc%5Etfw\">#UCLfinal<\/a> <a href=\"https:\/\/t.co\/jRoIDZCe2K\">pic.twitter.com\/jRoIDZCe2K<\/a><\/p>\n<p>\u2014 L&rsquo;UEFA &#x1f1eb;&#x1f1f7; (@UEFAcom_fr) <a href=\"https:\/\/twitter.com\/UEFAcom_fr\/status\/1530793381328306177?ref_src=twsrc%5Etfw\">May 29, 2022<\/a><\/p><\/blockquote>\n<p><script async src=\"https:\/\/platform.twitter.com\/widgets.js\" charset=\"utf-8\"><\/script><\/p>\n","protected":false},"excerpt":{"rendered":"<p>LIGUE DES CHAMPIONS &#8211; Karim Benzema a une nouvelle fois d\u00e9montr\u00e9 sa classe au moment de la remise du troph\u00e9e en donnant son brassard de capitaine \u00e0 Marcelo.<\/p>\n","protected":false},"author":1,"featured_media":227730,"comment_status":"open","ping_status":"closed","sticky":false,"template":"","format":"standard","meta":{"_acf_changed":false,"_daextam_enable_autolinks":"","footnotes":""},"categories":[47250],"tags":[3072,75,4727,419,521],"class_list":["post-227723","post","type-post","status-publish","format-standard","has-post-thumbnail","hentry","category-ligue-des-champions-de-football","tag-benzema","tag-football","tag-karim-benzema","tag-ligue-des-champions","tag-real-madrid"],"acf":[],"yoast_head":"<!-- This site is optimized with the Yoast SEO Premium plugin v26.7 (Yoast SEO v26.7) - https:\/\/yoast.com\/wordpress\/plugins\/seo\/ -->\n<title>- [Vid\u00e9o] En seigneur, Karim Benzema donne son brassard \u00e0 Marcelo pour la remise du troph\u00e9e - Dicodusport<\/title>\n<meta name=\"description\" content=\"LIGUE DES CHAMPIONS - Karim Benzema a une nouvelle fois d\u00e9montr\u00e9 sa classe au moment de la remise du troph\u00e9e en donnant son brassard de capitaine \u00e0 Marcelo.\" \/>\n<meta name=\"robots\" content=\"index, follow, max-snippet:-1, max-image-preview:large, max-video-preview:-1\" \/>\n<link rel=\"canonical\" href=\"https:\/\/dicodusport.fr\/blog\/en-seigneur-karim-benzema-donne-son-brassard-a-marcelo-pour-la-remise-du-trophee\/\" \/>\n<meta property=\"og:locale\" content=\"fr_FR\" \/>\n<meta property=\"og:type\" content=\"article\" \/>\n<meta property=\"og:title\" content=\"[Vid\u00e9o] En seigneur, Karim Benzema donne son brassard \u00e0 Marcelo pour la remise du troph\u00e9e\" \/>\n<meta property=\"og:description\" content=\"LIGUE DES CHAMPIONS - Karim Benzema a une nouvelle fois d\u00e9montr\u00e9 sa classe au moment de la remise du troph\u00e9e en donnant son brassard de capitaine \u00e0 Marcelo.\" \/>\n<meta property=\"og:url\" content=\"https:\/\/dicodusport.fr\/blog\/en-seigneur-karim-benzema-donne-son-brassard-a-marcelo-pour-la-remise-du-trophee\/\" \/>\n<meta property=\"og:site_name\" content=\"Dicodusport\" \/>\n<meta property=\"article:publisher\" content=\"https:\/\/www.facebook.com\/dicodusport\" \/>\n<meta property=\"article:author\" content=\"https:\/\/www.facebook.com\/dicodusport\" \/>\n<meta property=\"article:published_time\" content=\"2022-05-29T09:17:46+00:00\" \/>\n<meta property=\"article:modified_time\" content=\"2025-09-16T06:57:55+00:00\" \/>\n<meta property=\"og:image\" content=\"https:\/\/dicodusport.fr\/blog\/wp-content\/uploads\/2022\/05\/Karim-Benzema-donne-son-brassard-a\u0300-Marcelo-pour-la-remise-du-trophe\u0301e.png\" \/>\n\t<meta property=\"og:image:width\" content=\"800\" \/>\n\t<meta property=\"og:image:height\" content=\"445\" \/>\n\t<meta property=\"og:image:type\" content=\"image\/png\" \/>\n<meta name=\"author\" content=\"Nicolas Jacquemard\" \/>\n<meta name=\"twitter:card\" content=\"summary_large_image\" \/>\n<meta name=\"twitter:title\" content=\"[Vid\u00e9o] En seigneur, Karim Benzema donne son brassard \u00e0 Marcelo pour la remise du troph\u00e9e\" \/>\n<meta name=\"twitter:creator\" content=\"@https:\/\/twitter.com\/Nico_Jacquemard\" \/>\n<meta name=\"twitter:site\" content=\"@dicodusport\" \/>\n<script type=\"application\/ld+json\" class=\"yoast-schema-graph\">{\"@context\":\"https:\/\/schema.org\",\"@graph\":[{\"@type\":\"NewsArticle\",\"@id\":\"https:\/\/dicodusport.fr\/blog\/en-seigneur-karim-benzema-donne-son-brassard-a-marcelo-pour-la-remise-du-trophee\/#article\",\"isPartOf\":{\"@id\":\"https:\/\/dicodusport.fr\/blog\/en-seigneur-karim-benzema-donne-son-brassard-a-marcelo-pour-la-remise-du-trophee\/\"},\"author\":{\"name\":\"Nicolas Jacquemard\",\"@id\":\"https:\/\/dicodusport.fr\/blog\/#\/schema\/person\/55dcb50ad410894e431ed812bbb70191\"},\"headline\":\"[Vid\u00e9o] En seigneur, Karim Benzema donne son brassard \u00e0 Marcelo pour la remise du troph\u00e9e\",\"datePublished\":\"2022-05-29T09:17:46+00:00\",\"dateModified\":\"2025-09-16T06:57:55+00:00\",\"mainEntityOfPage\":{\"@id\":\"https:\/\/dicodusport.fr\/blog\/en-seigneur-karim-benzema-donne-son-brassard-a-marcelo-pour-la-remise-du-trophee\/\"},\"wordCount\":172,\"commentCount\":0,\"publisher\":{\"@id\":\"https:\/\/dicodusport.fr\/blog\/#organization\"},\"image\":{\"@id\":\"https:\/\/dicodusport.fr\/blog\/en-seigneur-karim-benzema-donne-son-brassard-a-marcelo-pour-la-remise-du-trophee\/#primaryimage\"},\"thumbnailUrl\":\"https:\/\/dicodusport.fr\/blog\/wp-content\/uploads\/2022\/05\/Karim-Benzema-donne-son-brassard-a\u0300-Marcelo-pour-la-remise-du-trophe\u0301e.png\",\"keywords\":[\"benzema\",\"Football\",\"Karim Benzema\",\"Ligue des champions\",\"Real Madrid\"],\"articleSection\":[\"Ligue des Champions de football\"],\"inLanguage\":\"fr-FR\",\"potentialAction\":[{\"@type\":\"CommentAction\",\"name\":\"Comment\",\"target\":[\"https:\/\/dicodusport.fr\/blog\/en-seigneur-karim-benzema-donne-son-brassard-a-marcelo-pour-la-remise-du-trophee\/#respond\"]}],\"copyrightYear\":\"2022\",\"copyrightHolder\":{\"@id\":\"https:\/\/dicodusport.fr\/blog\/#organization\"}},{\"@type\":\"WebPage\",\"@id\":\"https:\/\/dicodusport.fr\/blog\/en-seigneur-karim-benzema-donne-son-brassard-a-marcelo-pour-la-remise-du-trophee\/\",\"url\":\"https:\/\/dicodusport.fr\/blog\/en-seigneur-karim-benzema-donne-son-brassard-a-marcelo-pour-la-remise-du-trophee\/\",\"name\":\"- [Vid\u00e9o] En seigneur, Karim Benzema donne son brassard \u00e0 Marcelo pour la remise du troph\u00e9e - Dicodusport\",\"isPartOf\":{\"@id\":\"https:\/\/dicodusport.fr\/blog\/#website\"},\"primaryImageOfPage\":{\"@id\":\"https:\/\/dicodusport.fr\/blog\/en-seigneur-karim-benzema-donne-son-brassard-a-marcelo-pour-la-remise-du-trophee\/#primaryimage\"},\"image\":{\"@id\":\"https:\/\/dicodusport.fr\/blog\/en-seigneur-karim-benzema-donne-son-brassard-a-marcelo-pour-la-remise-du-trophee\/#primaryimage\"},\"thumbnailUrl\":\"https:\/\/dicodusport.fr\/blog\/wp-content\/uploads\/2022\/05\/Karim-Benzema-donne-son-brassard-a\u0300-Marcelo-pour-la-remise-du-trophe\u0301e.png\",\"datePublished\":\"2022-05-29T09:17:46+00:00\",\"dateModified\":\"2025-09-16T06:57:55+00:00\",\"description\":\"LIGUE DES CHAMPIONS - Karim Benzema a une nouvelle fois d\u00e9montr\u00e9 sa classe au moment de la remise du troph\u00e9e en donnant son brassard de capitaine \u00e0 Marcelo.\",\"breadcrumb\":{\"@id\":\"https:\/\/dicodusport.fr\/blog\/en-seigneur-karim-benzema-donne-son-brassard-a-marcelo-pour-la-remise-du-trophee\/#breadcrumb\"},\"inLanguage\":\"fr-FR\",\"potentialAction\":[{\"@type\":\"ReadAction\",\"target\":[\"https:\/\/dicodusport.fr\/blog\/en-seigneur-karim-benzema-donne-son-brassard-a-marcelo-pour-la-remise-du-trophee\/\"]}]},{\"@type\":\"ImageObject\",\"inLanguage\":\"fr-FR\",\"@id\":\"https:\/\/dicodusport.fr\/blog\/en-seigneur-karim-benzema-donne-son-brassard-a-marcelo-pour-la-remise-du-trophee\/#primaryimage\",\"url\":\"https:\/\/dicodusport.fr\/blog\/wp-content\/uploads\/2022\/05\/Karim-Benzema-donne-son-brassard-a\u0300-Marcelo-pour-la-remise-du-trophe\u0301e.png\",\"contentUrl\":\"https:\/\/dicodusport.fr\/blog\/wp-content\/uploads\/2022\/05\/Karim-Benzema-donne-son-brassard-a\u0300-Marcelo-pour-la-remise-du-trophe\u0301e.png\",\"width\":800,\"height\":445},{\"@type\":\"BreadcrumbList\",\"@id\":\"https:\/\/dicodusport.fr\/blog\/en-seigneur-karim-benzema-donne-son-brassard-a-marcelo-pour-la-remise-du-trophee\/#breadcrumb\",\"itemListElement\":[{\"@type\":\"ListItem\",\"position\":1,\"name\":\"Accueil\",\"item\":\"https:\/\/dicodusport.fr\/blog\/\"},{\"@type\":\"ListItem\",\"position\":2,\"name\":\"[Vid\u00e9o] En seigneur, Karim Benzema donne son brassard \u00e0 Marcelo pour la remise du troph\u00e9e\"}]},{\"@type\":\"WebSite\",\"@id\":\"https:\/\/dicodusport.fr\/blog\/#website\",\"url\":\"https:\/\/dicodusport.fr\/blog\/\",\"name\":\"Dicodusport\",\"description\":\"L&#039;encyclop\u00e9die de l&#039;actualit\u00e9 sportive\",\"publisher\":{\"@id\":\"https:\/\/dicodusport.fr\/blog\/#organization\"},\"potentialAction\":[{\"@type\":\"SearchAction\",\"target\":{\"@type\":\"EntryPoint\",\"urlTemplate\":\"https:\/\/dicodusport.fr\/blog\/?s={search_term_string}\"},\"query-input\":{\"@type\":\"PropertyValueSpecification\",\"valueRequired\":true,\"valueName\":\"search_term_string\"}}],\"inLanguage\":\"fr-FR\"},{\"@type\":\"NewsMediaOrganization\",\"@id\":\"https:\/\/dicodusport.fr\/blog\/#organization\",\"name\":\"Dicodusport\",\"url\":\"https:\/\/dicodusport.fr\/blog\/\",\"logo\":{\"@type\":\"ImageObject\",\"inLanguage\":\"fr-FR\",\"@id\":\"https:\/\/dicodusport.fr\/blog\/#\/schema\/logo\/image\/\",\"url\":\"https:\/\/dicodusport.fr\/blog\/wp-content\/uploads\/2020\/06\/cropped-LOGO-DICODUSPORT-2020-SANS-FOND-SANS-TEXTE.png\",\"contentUrl\":\"https:\/\/dicodusport.fr\/blog\/wp-content\/uploads\/2020\/06\/cropped-LOGO-DICODUSPORT-2020-SANS-FOND-SANS-TEXTE.png\",\"width\":512,\"height\":512,\"caption\":\"Dicodusport\"},\"image\":{\"@id\":\"https:\/\/dicodusport.fr\/blog\/#\/schema\/logo\/image\/\"},\"sameAs\":[\"https:\/\/www.facebook.com\/dicodusport\",\"https:\/\/x.com\/dicodusport\",\"https:\/\/www.instagram.com\/dicodusport\/\",\"https:\/\/www.youtube.com\/channel\/UC7V2KZ5sd3htJivAbA4ZG3w\"],\"description\":\"Dicodusport est l'encyclop\u00e9die de l'actualit\u00e9 sportive.\",\"email\":\"bonjour@dicodusport.fr\",\"legalName\":\"DICODUSPORT\",\"foundingDate\":\"2018-01-14\",\"vatID\":\"FR71834470973\",\"taxID\":\"83447097300043\",\"numberOfEmployees\":{\"@type\":\"QuantitativeValue\",\"minValue\":\"1\",\"maxValue\":\"10\"}},{\"@type\":\"Person\",\"@id\":\"https:\/\/dicodusport.fr\/blog\/#\/schema\/person\/55dcb50ad410894e431ed812bbb70191\",\"name\":\"Nicolas Jacquemard\",\"image\":{\"@type\":\"ImageObject\",\"inLanguage\":\"fr-FR\",\"@id\":\"https:\/\/dicodusport.fr\/blog\/#\/schema\/person\/image\/\",\"url\":\"https:\/\/dicodusport.fr\/blog\/wp-content\/uploads\/2021\/05\/Nicolas-Jacquemard-150x150.jpeg\",\"contentUrl\":\"https:\/\/dicodusport.fr\/blog\/wp-content\/uploads\/2021\/05\/Nicolas-Jacquemard-150x150.jpeg\",\"caption\":\"Nicolas Jacquemard\"},\"description\":\"Passionn\u00e9 de sport et entrepreneur depuis mes 18 ans, la cr\u00e9ation de Dicodusport m'a sembl\u00e9 \u00e9vidente pour participer \u00e0 la m\u00e9diatisation d'un plus grand nombre de sports. Le chemin est long mais avec une \u00e9quipe des plus motiv\u00e9es et les Jeux Olympiques de Paris 2024 en point de mire, nous y arriverons ! Journaliste dans le monde du sport depuis plus de 5 ans, je traite aussi bien de football, de rugby, de biathlon que de cyclisme.\",\"sameAs\":[\"https:\/\/www.facebook.com\/dicodusport\",\"https:\/\/x.com\/https:\/\/twitter.com\/Nico_Jacquemard\"],\"url\":\"https:\/\/dicodusport.fr\/blog\/author\/dicodusport\/\"}]}<\/script>\n<!-- \/ Yoast SEO Premium plugin. -->","yoast_head_json":{"title":"- [Vid\u00e9o] En seigneur, Karim Benzema donne son brassard \u00e0 Marcelo pour la remise du troph\u00e9e - Dicodusport","description":"LIGUE DES CHAMPIONS - Karim Benzema a une nouvelle fois d\u00e9montr\u00e9 sa classe au moment de la remise du troph\u00e9e en donnant son brassard de capitaine \u00e0 Marcelo.","robots":{"index":"index","follow":"follow","max-snippet":"max-snippet:-1","max-image-preview":"max-image-preview:large","max-video-preview":"max-video-preview:-1"},"canonical":"https:\/\/dicodusport.fr\/blog\/en-seigneur-karim-benzema-donne-son-brassard-a-marcelo-pour-la-remise-du-trophee\/","og_locale":"fr_FR","og_type":"article","og_title":"[Vid\u00e9o] En seigneur, Karim Benzema donne son brassard \u00e0 Marcelo pour la remise du troph\u00e9e","og_description":"LIGUE DES CHAMPIONS - Karim Benzema a une nouvelle fois d\u00e9montr\u00e9 sa classe au moment de la remise du troph\u00e9e en donnant son brassard de capitaine \u00e0 Marcelo.","og_url":"https:\/\/dicodusport.fr\/blog\/en-seigneur-karim-benzema-donne-son-brassard-a-marcelo-pour-la-remise-du-trophee\/","og_site_name":"Dicodusport","article_publisher":"https:\/\/www.facebook.com\/dicodusport","article_author":"https:\/\/www.facebook.com\/dicodusport","article_published_time":"2022-05-29T09:17:46+00:00","article_modified_time":"2025-09-16T06:57:55+00:00","og_image":[{"width":800,"height":445,"url":"https:\/\/dicodusport.fr\/blog\/wp-content\/uploads\/2022\/05\/Karim-Benzema-donne-son-brassard-a\u0300-Marcelo-pour-la-remise-du-trophe\u0301e.png","type":"image\/png"}],"author":"Nicolas Jacquemard","twitter_card":"summary_large_image","twitter_title":"[Vid\u00e9o] En seigneur, Karim Benzema donne son brassard \u00e0 Marcelo pour la remise du troph\u00e9e","twitter_creator":"@https:\/\/twitter.com\/Nico_Jacquemard","twitter_site":"@dicodusport","schema":{"@context":"https:\/\/schema.org","@graph":[{"@type":"NewsArticle","@id":"https:\/\/dicodusport.fr\/blog\/en-seigneur-karim-benzema-donne-son-brassard-a-marcelo-pour-la-remise-du-trophee\/#article","isPartOf":{"@id":"https:\/\/dicodusport.fr\/blog\/en-seigneur-karim-benzema-donne-son-brassard-a-marcelo-pour-la-remise-du-trophee\/"},"author":{"name":"Nicolas Jacquemard","@id":"https:\/\/dicodusport.fr\/blog\/#\/schema\/person\/55dcb50ad410894e431ed812bbb70191"},"headline":"[Vid\u00e9o] En seigneur, Karim Benzema donne son brassard \u00e0 Marcelo pour la remise du troph\u00e9e","datePublished":"2022-05-29T09:17:46+00:00","dateModified":"2025-09-16T06:57:55+00:00","mainEntityOfPage":{"@id":"https:\/\/dicodusport.fr\/blog\/en-seigneur-karim-benzema-donne-son-brassard-a-marcelo-pour-la-remise-du-trophee\/"},"wordCount":172,"commentCount":0,"publisher":{"@id":"https:\/\/dicodusport.fr\/blog\/#organization"},"image":{"@id":"https:\/\/dicodusport.fr\/blog\/en-seigneur-karim-benzema-donne-son-brassard-a-marcelo-pour-la-remise-du-trophee\/#primaryimage"},"thumbnailUrl":"https:\/\/dicodusport.fr\/blog\/wp-content\/uploads\/2022\/05\/Karim-Benzema-donne-son-brassard-a\u0300-Marcelo-pour-la-remise-du-trophe\u0301e.png","keywords":["benzema","Football","Karim Benzema","Ligue des champions","Real Madrid"],"articleSection":["Ligue des Champions de football"],"inLanguage":"fr-FR","potentialAction":[{"@type":"CommentAction","name":"Comment","target":["https:\/\/dicodusport.fr\/blog\/en-seigneur-karim-benzema-donne-son-brassard-a-marcelo-pour-la-remise-du-trophee\/#respond"]}],"copyrightYear":"2022","copyrightHolder":{"@id":"https:\/\/dicodusport.fr\/blog\/#organization"}},{"@type":"WebPage","@id":"https:\/\/dicodusport.fr\/blog\/en-seigneur-karim-benzema-donne-son-brassard-a-marcelo-pour-la-remise-du-trophee\/","url":"https:\/\/dicodusport.fr\/blog\/en-seigneur-karim-benzema-donne-son-brassard-a-marcelo-pour-la-remise-du-trophee\/","name":"- [Vid\u00e9o] En seigneur, Karim Benzema donne son brassard \u00e0 Marcelo pour la remise du troph\u00e9e - Dicodusport","isPartOf":{"@id":"https:\/\/dicodusport.fr\/blog\/#website"},"primaryImageOfPage":{"@id":"https:\/\/dicodusport.fr\/blog\/en-seigneur-karim-benzema-donne-son-brassard-a-marcelo-pour-la-remise-du-trophee\/#primaryimage"},"image":{"@id":"https:\/\/dicodusport.fr\/blog\/en-seigneur-karim-benzema-donne-son-brassard-a-marcelo-pour-la-remise-du-trophee\/#primaryimage"},"thumbnailUrl":"https:\/\/dicodusport.fr\/blog\/wp-content\/uploads\/2022\/05\/Karim-Benzema-donne-son-brassard-a\u0300-Marcelo-pour-la-remise-du-trophe\u0301e.png","datePublished":"2022-05-29T09:17:46+00:00","dateModified":"2025-09-16T06:57:55+00:00","description":"LIGUE DES CHAMPIONS - Karim Benzema a une nouvelle fois d\u00e9montr\u00e9 sa classe au moment de la remise du troph\u00e9e en donnant son brassard de capitaine \u00e0 Marcelo.","breadcrumb":{"@id":"https:\/\/dicodusport.fr\/blog\/en-seigneur-karim-benzema-donne-son-brassard-a-marcelo-pour-la-remise-du-trophee\/#breadcrumb"},"inLanguage":"fr-FR","potentialAction":[{"@type":"ReadAction","target":["https:\/\/dicodusport.fr\/blog\/en-seigneur-karim-benzema-donne-son-brassard-a-marcelo-pour-la-remise-du-trophee\/"]}]},{"@type":"ImageObject","inLanguage":"fr-FR","@id":"https:\/\/dicodusport.fr\/blog\/en-seigneur-karim-benzema-donne-son-brassard-a-marcelo-pour-la-remise-du-trophee\/#primaryimage","url":"https:\/\/dicodusport.fr\/blog\/wp-content\/uploads\/2022\/05\/Karim-Benzema-donne-son-brassard-a\u0300-Marcelo-pour-la-remise-du-trophe\u0301e.png","contentUrl":"https:\/\/dicodusport.fr\/blog\/wp-content\/uploads\/2022\/05\/Karim-Benzema-donne-son-brassard-a\u0300-Marcelo-pour-la-remise-du-trophe\u0301e.png","width":800,"height":445},{"@type":"BreadcrumbList","@id":"https:\/\/dicodusport.fr\/blog\/en-seigneur-karim-benzema-donne-son-brassard-a-marcelo-pour-la-remise-du-trophee\/#breadcrumb","itemListElement":[{"@type":"ListItem","position":1,"name":"Accueil","item":"https:\/\/dicodusport.fr\/blog\/"},{"@type":"ListItem","position":2,"name":"[Vid\u00e9o] En seigneur, Karim Benzema donne son brassard \u00e0 Marcelo pour la remise du troph\u00e9e"}]},{"@type":"WebSite","@id":"https:\/\/dicodusport.fr\/blog\/#website","url":"https:\/\/dicodusport.fr\/blog\/","name":"Dicodusport","description":"L&#039;encyclop\u00e9die de l&#039;actualit\u00e9 sportive","publisher":{"@id":"https:\/\/dicodusport.fr\/blog\/#organization"},"potentialAction":[{"@type":"SearchAction","target":{"@type":"EntryPoint","urlTemplate":"https:\/\/dicodusport.fr\/blog\/?s={search_term_string}"},"query-input":{"@type":"PropertyValueSpecification","valueRequired":true,"valueName":"search_term_string"}}],"inLanguage":"fr-FR"},{"@type":"NewsMediaOrganization","@id":"https:\/\/dicodusport.fr\/blog\/#organization","name":"Dicodusport","url":"https:\/\/dicodusport.fr\/blog\/","logo":{"@type":"ImageObject","inLanguage":"fr-FR","@id":"https:\/\/dicodusport.fr\/blog\/#\/schema\/logo\/image\/","url":"https:\/\/dicodusport.fr\/blog\/wp-content\/uploads\/2020\/06\/cropped-LOGO-DICODUSPORT-2020-SANS-FOND-SANS-TEXTE.png","contentUrl":"https:\/\/dicodusport.fr\/blog\/wp-content\/uploads\/2020\/06\/cropped-LOGO-DICODUSPORT-2020-SANS-FOND-SANS-TEXTE.png","width":512,"height":512,"caption":"Dicodusport"},"image":{"@id":"https:\/\/dicodusport.fr\/blog\/#\/schema\/logo\/image\/"},"sameAs":["https:\/\/www.facebook.com\/dicodusport","https:\/\/x.com\/dicodusport","https:\/\/www.instagram.com\/dicodusport\/","https:\/\/www.youtube.com\/channel\/UC7V2KZ5sd3htJivAbA4ZG3w"],"description":"Dicodusport est l'encyclop\u00e9die de l'actualit\u00e9 sportive.","email":"bonjour@dicodusport.fr","legalName":"DICODUSPORT","foundingDate":"2018-01-14","vatID":"FR71834470973","taxID":"83447097300043","numberOfEmployees":{"@type":"QuantitativeValue","minValue":"1","maxValue":"10"}},{"@type":"Person","@id":"https:\/\/dicodusport.fr\/blog\/#\/schema\/person\/55dcb50ad410894e431ed812bbb70191","name":"Nicolas Jacquemard","image":{"@type":"ImageObject","inLanguage":"fr-FR","@id":"https:\/\/dicodusport.fr\/blog\/#\/schema\/person\/image\/","url":"https:\/\/dicodusport.fr\/blog\/wp-content\/uploads\/2021\/05\/Nicolas-Jacquemard-150x150.jpeg","contentUrl":"https:\/\/dicodusport.fr\/blog\/wp-content\/uploads\/2021\/05\/Nicolas-Jacquemard-150x150.jpeg","caption":"Nicolas Jacquemard"},"description":"Passionn\u00e9 de sport et entrepreneur depuis mes 18 ans, la cr\u00e9ation de Dicodusport m'a sembl\u00e9 \u00e9vidente pour participer \u00e0 la m\u00e9diatisation d'un plus grand nombre de sports. Le chemin est long mais avec une \u00e9quipe des plus motiv\u00e9es et les Jeux Olympiques de Paris 2024 en point de mire, nous y arriverons ! Journaliste dans le monde du sport depuis plus de 5 ans, je traite aussi bien de football, de rugby, de biathlon que de cyclisme.","sameAs":["https:\/\/www.facebook.com\/dicodusport","https:\/\/x.com\/https:\/\/twitter.com\/Nico_Jacquemard"],"url":"https:\/\/dicodusport.fr\/blog\/author\/dicodusport\/"}]}},"_links":{"self":[{"href":"https:\/\/dicodusport.fr\/blog\/wp-json\/wp\/v2\/posts\/227723","targetHints":{"allow":["GET"]}}],"collection":[{"href":"https:\/\/dicodusport.fr\/blog\/wp-json\/wp\/v2\/posts"}],"about":[{"href":"https:\/\/dicodusport.fr\/blog\/wp-json\/wp\/v2\/types\/post"}],"author":[{"embeddable":true,"href":"https:\/\/dicodusport.fr\/blog\/wp-json\/wp\/v2\/users\/1"}],"replies":[{"embeddable":true,"href":"https:\/\/dicodusport.fr\/blog\/wp-json\/wp\/v2\/comments?post=227723"}],"version-history":[{"count":1,"href":"https:\/\/dicodusport.fr\/blog\/wp-json\/wp\/v2\/posts\/227723\/revisions"}],"predecessor-version":[{"id":611452,"href":"https:\/\/dicodusport.fr\/blog\/wp-json\/wp\/v2\/posts\/227723\/revisions\/611452"}],"wp:featuredmedia":[{"embeddable":true,"href":"https:\/\/dicodusport.fr\/blog\/wp-json\/wp\/v2\/media\/227730"}],"wp:attachment":[{"href":"https:\/\/dicodusport.fr\/blog\/wp-json\/wp\/v2\/media?parent=227723"}],"wp:term":[{"taxonomy":"category","embeddable":true,"href":"https:\/\/dicodusport.fr\/blog\/wp-json\/wp\/v2\/categories?post=227723"},{"taxonomy":"post_tag","embeddable":true,"href":"https:\/\/dicodusport.fr\/blog\/wp-json\/wp\/v2\/tags?post=227723"}],"curies":[{"name":"wp","href":"https:\/\/api.w.org\/{rel}","templated":true}]}}