{"id":227740,"date":"2022-05-29T12:41:40","date_gmt":"2022-05-29T10:41:40","guid":{"rendered":"https:\/\/dicodusport.fr\/blog\/?p=227740&#038;preview=true&#038;preview_id=227740"},"modified":"2022-05-29T17:43:45","modified_gmt":"2022-05-29T15:43:45","slug":"tir-sportif-cdm-de-bakou-nouveau-succes-pour-oceanne-muller","status":"publish","type":"post","link":"https:\/\/dicodusport.fr\/blog\/tir-sportif-cdm-de-bakou-nouveau-succes-pour-oceanne-muller\/","title":{"rendered":"Coupe du monde de tir sportif : Nouveau succ\u00e8s pour Oc\u00e9anne Muller \u00e0 Bakou"},"content":{"rendered":"<p style=\"text-align: justify;\"><strong><em>TIR SPORTIF &#8211; Laur\u00e9ate de la manche de Coupe du monde de tir \u00e0 la carabine \u00e0 10 m\u00e8tres \u00e0 Bakou, la Fran\u00e7aise Oc\u00e9anne Muller est plus que jamais n\u00b01 mondiale de la discipline.\u00a0<\/em><\/strong><\/p>\n<p style=\"text-align: justify;\">Les Fran\u00e7ais brillent r\u00e9guli\u00e8rement en tir sportif, men\u00e9s par <a href=\"https:\/\/dicodusport.fr\/blog\/jo-tokyo-2020-tir-jean-quiquampoix-champion-olympique-du-pistolet-vitesse-25m\/\">le champion olympique<\/a> <strong>Jean Quiquampoix<\/strong>. Mais il n&rsquo;est pas le seul \u00e0 obtenir des r\u00e9sultats probants. Dans sa foul\u00e9e, <strong>Oc\u00e9anne Muller<\/strong> est en train de se b\u00e2tir un solide palmar\u00e8s. Elle vient de remporter sa deuxi\u00e8me \u00e9preuve de Coupe du monde au tir \u00e0 la carabine, \u00e0 Bakou (Azerba\u00efdjan), en dominant la Polonaise <strong>Aneta Stankieciwz<\/strong> en finale. <a href=\"https:\/\/dicodusport.fr\/blog\/mondiaux-de-tir-oceanne-muller-championne-du-monde-juniors-carabine-10-metres\/\">Championne du monde juniors en septembre<\/a> et <a href=\"https:\/\/dicodusport.fr\/blog\/tir-sportif-caire-jean-quiquampoix-oceane-muller-et-mathilde-lamolle-en-or\/\">laur\u00e9ate en Coupe du monde au Caire en mars<\/a>, la Fran\u00e7aise est plus que jamais n\u00b01 mondiale de la discipline. De bon augure avant les championnats du monde pr\u00e9vus en octobre.<\/p>\n<blockquote class=\"twitter-tweet\">\n<p dir=\"ltr\" lang=\"fr\">&#x1f3c6; Oc\u00e9anne <a href=\"https:\/\/twitter.com\/hashtag\/Muller?src=hash&amp;ref_src=twsrc%5Etfw\">#Muller<\/a> remporte la coupe du monde de &#x1f1e6;&#x1f1ff; Bakou (carabine \u00e0 10m).<\/p>\n<p>C&rsquo;est la 2\u00e8me victoire en coupe du monde de la saison de la jeune fran\u00e7aise, qui confirme sa place de n\u00b01 mondiale actuelle de la discipline. <a href=\"https:\/\/t.co\/pZ82NyrdIJ\">pic.twitter.com\/pZ82NyrdIJ<\/a><\/p>\n<p>\u2014 Objectif Paris 2024 &#x1f1eb;&#x1f1f7; &#x1f947; (@Objectif_2024) <a href=\"https:\/\/twitter.com\/Objectif_2024\/status\/1530829347904540672?ref_src=twsrc%5Etfw\">May 29, 2022<\/a><\/p><\/blockquote>\n<p><script async src=\"https:\/\/platform.twitter.com\/widgets.js\" charset=\"utf-8\"><\/script><\/p>\n","protected":false},"excerpt":{"rendered":"<p>TIR SPORTIF &#8211; Laur\u00e9ate de la manche de Coupe du monde de tir \u00e0 la carabine \u00e0 10 m\u00e8tres \u00e0 Bakou, la Fran\u00e7aise Oc\u00e9anne Muller est plus que jamais n\u00b01 mondiale de la discipline.\u00a0<\/p>\n","protected":false},"author":59,"featured_media":170247,"comment_status":"open","ping_status":"closed","sticky":false,"template":"","format":"standard","meta":{"_acf_changed":false,"_daextam_enable_autolinks":"","footnotes":""},"categories":[16898],"tags":[16665,14754],"class_list":["post-227740","post","type-post","status-publish","format-standard","has-post-thumbnail","hentry","category-tir","tag-coupe-du-monde-de-tir","tag-tir-sportif"],"acf":[],"yoast_head":"<!-- This site is optimized with the Yoast SEO Premium plugin v26.7 (Yoast SEO v26.7) - https:\/\/yoast.com\/wordpress\/plugins\/seo\/ -->\n<title>Coupe du monde de tir sportif : Nouveau succ\u00e8s pour Oc\u00e9anne Muller \u00e0 Bakou<\/title>\n<meta name=\"description\" content=\"Laur\u00e9ate de la manche de Coupe du monde de tir \u00e0 la carabine \u00e0 10 m\u00e8tres \u00e0 Bakou, Oc\u00e9anne Muller est plus que jamais n\u00b01 mondiale.\" \/>\n<meta name=\"robots\" content=\"index, follow, max-snippet:-1, max-image-preview:large, max-video-preview:-1\" \/>\n<link rel=\"canonical\" href=\"https:\/\/dicodusport.fr\/blog\/tir-sportif-cdm-de-bakou-nouveau-succes-pour-oceanne-muller\/\" \/>\n<meta property=\"og:locale\" content=\"fr_FR\" \/>\n<meta property=\"og:type\" content=\"article\" \/>\n<meta property=\"og:title\" content=\"Coupe du monde de tir sportif : Nouveau succ\u00e8s pour Oc\u00e9anne Muller \u00e0 Bakou\" \/>\n<meta property=\"og:description\" content=\"Laur\u00e9ate de la manche de Coupe du monde de tir \u00e0 la carabine \u00e0 10 m\u00e8tres \u00e0 Bakou, Oc\u00e9anne Muller est plus que jamais n\u00b01 mondiale.\" \/>\n<meta property=\"og:url\" content=\"https:\/\/dicodusport.fr\/blog\/tir-sportif-cdm-de-bakou-nouveau-succes-pour-oceanne-muller\/\" \/>\n<meta property=\"og:site_name\" content=\"Dicodusport\" \/>\n<meta property=\"article:publisher\" content=\"https:\/\/www.facebook.com\/dicodusport\" \/>\n<meta property=\"article:author\" content=\"https:\/\/www.facebook.com\/sebastien.gente\/\" \/>\n<meta property=\"article:published_time\" content=\"2022-05-29T10:41:40+00:00\" \/>\n<meta property=\"article:modified_time\" content=\"2022-05-29T15:43:45+00:00\" \/>\n<meta property=\"og:image\" content=\"https:\/\/dicodusport.fr\/blog\/wp-content\/uploads\/2021\/09\/Mondiaux-de-tir-Oceanne-Muller-championne-du-monde-juniors-a-la-carabine-a-10-metres.png\" \/>\n\t<meta property=\"og:image:width\" content=\"800\" \/>\n\t<meta property=\"og:image:height\" content=\"445\" \/>\n\t<meta property=\"og:image:type\" content=\"image\/png\" \/>\n<meta name=\"author\" content=\"S\u00e9bastien Gente\" \/>\n<meta name=\"twitter:card\" content=\"summary_large_image\" \/>\n<meta name=\"twitter:title\" content=\"Coupe du monde de tir sportif : Nouveau succ\u00e8s pour Oc\u00e9anne Muller \u00e0 Bakou\" \/>\n<meta name=\"twitter:creator\" content=\"@https:\/\/twitter.com\/globulo24\" \/>\n<meta name=\"twitter:site\" content=\"@dicodusport\" \/>\n<script type=\"application\/ld+json\" class=\"yoast-schema-graph\">{\"@context\":\"https:\/\/schema.org\",\"@graph\":[{\"@type\":\"NewsArticle\",\"@id\":\"https:\/\/dicodusport.fr\/blog\/tir-sportif-cdm-de-bakou-nouveau-succes-pour-oceanne-muller\/#article\",\"isPartOf\":{\"@id\":\"https:\/\/dicodusport.fr\/blog\/tir-sportif-cdm-de-bakou-nouveau-succes-pour-oceanne-muller\/\"},\"author\":{\"name\":\"S\u00e9bastien Gente\",\"@id\":\"https:\/\/dicodusport.fr\/blog\/#\/schema\/person\/627966a6cde45dbd8c5e36ac85d783da\"},\"headline\":\"Coupe du monde de tir sportif : Nouveau succ\u00e8s pour Oc\u00e9anne Muller \u00e0 Bakou\",\"datePublished\":\"2022-05-29T10:41:40+00:00\",\"dateModified\":\"2022-05-29T15:43:45+00:00\",\"mainEntityOfPage\":{\"@id\":\"https:\/\/dicodusport.fr\/blog\/tir-sportif-cdm-de-bakou-nouveau-succes-pour-oceanne-muller\/\"},\"wordCount\":230,\"commentCount\":0,\"publisher\":{\"@id\":\"https:\/\/dicodusport.fr\/blog\/#organization\"},\"image\":{\"@id\":\"https:\/\/dicodusport.fr\/blog\/tir-sportif-cdm-de-bakou-nouveau-succes-pour-oceanne-muller\/#primaryimage\"},\"thumbnailUrl\":\"https:\/\/dicodusport.fr\/blog\/wp-content\/uploads\/2021\/09\/Mondiaux-de-tir-Oceanne-Muller-championne-du-monde-juniors-a-la-carabine-a-10-metres.png\",\"keywords\":[\"Coupe du monde de tir\",\"Tir sportif\"],\"articleSection\":[\"Tir\"],\"inLanguage\":\"fr-FR\",\"potentialAction\":[{\"@type\":\"CommentAction\",\"name\":\"Comment\",\"target\":[\"https:\/\/dicodusport.fr\/blog\/tir-sportif-cdm-de-bakou-nouveau-succes-pour-oceanne-muller\/#respond\"]}],\"copyrightYear\":\"2022\",\"copyrightHolder\":{\"@id\":\"https:\/\/dicodusport.fr\/blog\/#organization\"}},{\"@type\":\"WebPage\",\"@id\":\"https:\/\/dicodusport.fr\/blog\/tir-sportif-cdm-de-bakou-nouveau-succes-pour-oceanne-muller\/\",\"url\":\"https:\/\/dicodusport.fr\/blog\/tir-sportif-cdm-de-bakou-nouveau-succes-pour-oceanne-muller\/\",\"name\":\"Coupe du monde de tir sportif : Nouveau succ\u00e8s pour Oc\u00e9anne Muller \u00e0 Bakou\",\"isPartOf\":{\"@id\":\"https:\/\/dicodusport.fr\/blog\/#website\"},\"primaryImageOfPage\":{\"@id\":\"https:\/\/dicodusport.fr\/blog\/tir-sportif-cdm-de-bakou-nouveau-succes-pour-oceanne-muller\/#primaryimage\"},\"image\":{\"@id\":\"https:\/\/dicodusport.fr\/blog\/tir-sportif-cdm-de-bakou-nouveau-succes-pour-oceanne-muller\/#primaryimage\"},\"thumbnailUrl\":\"https:\/\/dicodusport.fr\/blog\/wp-content\/uploads\/2021\/09\/Mondiaux-de-tir-Oceanne-Muller-championne-du-monde-juniors-a-la-carabine-a-10-metres.png\",\"datePublished\":\"2022-05-29T10:41:40+00:00\",\"dateModified\":\"2022-05-29T15:43:45+00:00\",\"description\":\"Laur\u00e9ate de la manche de Coupe du monde de tir \u00e0 la carabine \u00e0 10 m\u00e8tres \u00e0 Bakou, Oc\u00e9anne Muller est plus que jamais n\u00b01 mondiale.\",\"breadcrumb\":{\"@id\":\"https:\/\/dicodusport.fr\/blog\/tir-sportif-cdm-de-bakou-nouveau-succes-pour-oceanne-muller\/#breadcrumb\"},\"inLanguage\":\"fr-FR\",\"potentialAction\":[{\"@type\":\"ReadAction\",\"target\":[\"https:\/\/dicodusport.fr\/blog\/tir-sportif-cdm-de-bakou-nouveau-succes-pour-oceanne-muller\/\"]}]},{\"@type\":\"ImageObject\",\"inLanguage\":\"fr-FR\",\"@id\":\"https:\/\/dicodusport.fr\/blog\/tir-sportif-cdm-de-bakou-nouveau-succes-pour-oceanne-muller\/#primaryimage\",\"url\":\"https:\/\/dicodusport.fr\/blog\/wp-content\/uploads\/2021\/09\/Mondiaux-de-tir-Oceanne-Muller-championne-du-monde-juniors-a-la-carabine-a-10-metres.png\",\"contentUrl\":\"https:\/\/dicodusport.fr\/blog\/wp-content\/uploads\/2021\/09\/Mondiaux-de-tir-Oceanne-Muller-championne-du-monde-juniors-a-la-carabine-a-10-metres.png\",\"width\":800,\"height\":445,\"caption\":\"Jeux Europ\u00e9ens 2023 Oc\u00e9anne Muller (tir) prend le bronze\"},{\"@type\":\"BreadcrumbList\",\"@id\":\"https:\/\/dicodusport.fr\/blog\/tir-sportif-cdm-de-bakou-nouveau-succes-pour-oceanne-muller\/#breadcrumb\",\"itemListElement\":[{\"@type\":\"ListItem\",\"position\":1,\"name\":\"Accueil\",\"item\":\"https:\/\/dicodusport.fr\/blog\/\"},{\"@type\":\"ListItem\",\"position\":2,\"name\":\"Coupe du monde de tir sportif : Nouveau succ\u00e8s pour Oc\u00e9anne Muller \u00e0 Bakou\"}]},{\"@type\":\"WebSite\",\"@id\":\"https:\/\/dicodusport.fr\/blog\/#website\",\"url\":\"https:\/\/dicodusport.fr\/blog\/\",\"name\":\"Dicodusport\",\"description\":\"L&#039;encyclop\u00e9die de l&#039;actualit\u00e9 sportive\",\"publisher\":{\"@id\":\"https:\/\/dicodusport.fr\/blog\/#organization\"},\"potentialAction\":[{\"@type\":\"SearchAction\",\"target\":{\"@type\":\"EntryPoint\",\"urlTemplate\":\"https:\/\/dicodusport.fr\/blog\/?s={search_term_string}\"},\"query-input\":{\"@type\":\"PropertyValueSpecification\",\"valueRequired\":true,\"valueName\":\"search_term_string\"}}],\"inLanguage\":\"fr-FR\"},{\"@type\":\"NewsMediaOrganization\",\"@id\":\"https:\/\/dicodusport.fr\/blog\/#organization\",\"name\":\"Dicodusport\",\"url\":\"https:\/\/dicodusport.fr\/blog\/\",\"logo\":{\"@type\":\"ImageObject\",\"inLanguage\":\"fr-FR\",\"@id\":\"https:\/\/dicodusport.fr\/blog\/#\/schema\/logo\/image\/\",\"url\":\"https:\/\/dicodusport.fr\/blog\/wp-content\/uploads\/2020\/06\/cropped-LOGO-DICODUSPORT-2020-SANS-FOND-SANS-TEXTE.png\",\"contentUrl\":\"https:\/\/dicodusport.fr\/blog\/wp-content\/uploads\/2020\/06\/cropped-LOGO-DICODUSPORT-2020-SANS-FOND-SANS-TEXTE.png\",\"width\":512,\"height\":512,\"caption\":\"Dicodusport\"},\"image\":{\"@id\":\"https:\/\/dicodusport.fr\/blog\/#\/schema\/logo\/image\/\"},\"sameAs\":[\"https:\/\/www.facebook.com\/dicodusport\",\"https:\/\/x.com\/dicodusport\",\"https:\/\/www.instagram.com\/dicodusport\/\",\"https:\/\/www.youtube.com\/channel\/UC7V2KZ5sd3htJivAbA4ZG3w\"],\"description\":\"Dicodusport est l'encyclop\u00e9die de l'actualit\u00e9 sportive.\",\"email\":\"bonjour@dicodusport.fr\",\"legalName\":\"DICODUSPORT\",\"foundingDate\":\"2018-01-14\",\"vatID\":\"FR71834470973\",\"taxID\":\"83447097300043\",\"numberOfEmployees\":{\"@type\":\"QuantitativeValue\",\"minValue\":\"1\",\"maxValue\":\"10\"}},{\"@type\":\"Person\",\"@id\":\"https:\/\/dicodusport.fr\/blog\/#\/schema\/person\/627966a6cde45dbd8c5e36ac85d783da\",\"name\":\"S\u00e9bastien Gente\",\"image\":{\"@type\":\"ImageObject\",\"inLanguage\":\"fr-FR\",\"@id\":\"https:\/\/dicodusport.fr\/blog\/#\/schema\/person\/image\/\",\"url\":\"https:\/\/dicodusport.fr\/blog\/wp-content\/uploads\/2021\/09\/1510990_10205810251400683_4124423575079401707_n-150x150.jpg\",\"contentUrl\":\"https:\/\/dicodusport.fr\/blog\/wp-content\/uploads\/2021\/09\/1510990_10205810251400683_4124423575079401707_n-150x150.jpg\",\"caption\":\"S\u00e9bastien Gente\"},\"description\":\"John Stockton, Gianni Bugno, Zinedine Zidane, Steffi Graf, Frode Andresen, St\u00e9phane Stoecklin, Davis Kamoga, Primoz Peterka, Werner Schlager et Aur\u00e9lien Rougerie. Point commun entre ces sportifs? Ils m'ont fait r\u00eaver et ont berc\u00e9 mon adolescence. Je suis un fondu de sports et j'essaie de retranscrire ma passion \u00e0 travers mes articles. Originaire du P\u00e9rigord, ma passion pour les Girondins, les Jaunards et les Jazzmen transpire dans mes \u00e9crits. \u00c0 Dicodusport depuis 2021, je d\u00e9niche les sports m\u00e9connus dans lesquels la France brille, et il y en a !\",\"sameAs\":[\"https:\/\/www.facebook.com\/sebastien.gente\/\",\"https:\/\/www.instagram.com\/sebgente\/\",\"https:\/\/www.linkedin.com\/in\/sbastien-gente-a29583169\/\",\"https:\/\/x.com\/https:\/\/twitter.com\/globulo24\",\"SebastienGente\"],\"worksFor\":\"S\u00e9bastien GENTE\",\"url\":\"https:\/\/dicodusport.fr\/blog\/author\/sebastiengente\/\"}]}<\/script>\n<!-- \/ Yoast SEO Premium plugin. -->","yoast_head_json":{"title":"Coupe du monde de tir sportif : Nouveau succ\u00e8s pour Oc\u00e9anne Muller \u00e0 Bakou","description":"Laur\u00e9ate de la manche de Coupe du monde de tir \u00e0 la carabine \u00e0 10 m\u00e8tres \u00e0 Bakou, Oc\u00e9anne Muller est plus que jamais n\u00b01 mondiale.","robots":{"index":"index","follow":"follow","max-snippet":"max-snippet:-1","max-image-preview":"max-image-preview:large","max-video-preview":"max-video-preview:-1"},"canonical":"https:\/\/dicodusport.fr\/blog\/tir-sportif-cdm-de-bakou-nouveau-succes-pour-oceanne-muller\/","og_locale":"fr_FR","og_type":"article","og_title":"Coupe du monde de tir sportif : Nouveau succ\u00e8s pour Oc\u00e9anne Muller \u00e0 Bakou","og_description":"Laur\u00e9ate de la manche de Coupe du monde de tir \u00e0 la carabine \u00e0 10 m\u00e8tres \u00e0 Bakou, Oc\u00e9anne Muller est plus que jamais n\u00b01 mondiale.","og_url":"https:\/\/dicodusport.fr\/blog\/tir-sportif-cdm-de-bakou-nouveau-succes-pour-oceanne-muller\/","og_site_name":"Dicodusport","article_publisher":"https:\/\/www.facebook.com\/dicodusport","article_author":"https:\/\/www.facebook.com\/sebastien.gente\/","article_published_time":"2022-05-29T10:41:40+00:00","article_modified_time":"2022-05-29T15:43:45+00:00","og_image":[{"width":800,"height":445,"url":"https:\/\/dicodusport.fr\/blog\/wp-content\/uploads\/2021\/09\/Mondiaux-de-tir-Oceanne-Muller-championne-du-monde-juniors-a-la-carabine-a-10-metres.png","type":"image\/png"}],"author":"S\u00e9bastien Gente","twitter_card":"summary_large_image","twitter_title":"Coupe du monde de tir sportif : Nouveau succ\u00e8s pour Oc\u00e9anne Muller \u00e0 Bakou","twitter_creator":"@https:\/\/twitter.com\/globulo24","twitter_site":"@dicodusport","schema":{"@context":"https:\/\/schema.org","@graph":[{"@type":"NewsArticle","@id":"https:\/\/dicodusport.fr\/blog\/tir-sportif-cdm-de-bakou-nouveau-succes-pour-oceanne-muller\/#article","isPartOf":{"@id":"https:\/\/dicodusport.fr\/blog\/tir-sportif-cdm-de-bakou-nouveau-succes-pour-oceanne-muller\/"},"author":{"name":"S\u00e9bastien Gente","@id":"https:\/\/dicodusport.fr\/blog\/#\/schema\/person\/627966a6cde45dbd8c5e36ac85d783da"},"headline":"Coupe du monde de tir sportif : Nouveau succ\u00e8s pour Oc\u00e9anne Muller \u00e0 Bakou","datePublished":"2022-05-29T10:41:40+00:00","dateModified":"2022-05-29T15:43:45+00:00","mainEntityOfPage":{"@id":"https:\/\/dicodusport.fr\/blog\/tir-sportif-cdm-de-bakou-nouveau-succes-pour-oceanne-muller\/"},"wordCount":230,"commentCount":0,"publisher":{"@id":"https:\/\/dicodusport.fr\/blog\/#organization"},"image":{"@id":"https:\/\/dicodusport.fr\/blog\/tir-sportif-cdm-de-bakou-nouveau-succes-pour-oceanne-muller\/#primaryimage"},"thumbnailUrl":"https:\/\/dicodusport.fr\/blog\/wp-content\/uploads\/2021\/09\/Mondiaux-de-tir-Oceanne-Muller-championne-du-monde-juniors-a-la-carabine-a-10-metres.png","keywords":["Coupe du monde de tir","Tir sportif"],"articleSection":["Tir"],"inLanguage":"fr-FR","potentialAction":[{"@type":"CommentAction","name":"Comment","target":["https:\/\/dicodusport.fr\/blog\/tir-sportif-cdm-de-bakou-nouveau-succes-pour-oceanne-muller\/#respond"]}],"copyrightYear":"2022","copyrightHolder":{"@id":"https:\/\/dicodusport.fr\/blog\/#organization"}},{"@type":"WebPage","@id":"https:\/\/dicodusport.fr\/blog\/tir-sportif-cdm-de-bakou-nouveau-succes-pour-oceanne-muller\/","url":"https:\/\/dicodusport.fr\/blog\/tir-sportif-cdm-de-bakou-nouveau-succes-pour-oceanne-muller\/","name":"Coupe du monde de tir sportif : Nouveau succ\u00e8s pour Oc\u00e9anne Muller \u00e0 Bakou","isPartOf":{"@id":"https:\/\/dicodusport.fr\/blog\/#website"},"primaryImageOfPage":{"@id":"https:\/\/dicodusport.fr\/blog\/tir-sportif-cdm-de-bakou-nouveau-succes-pour-oceanne-muller\/#primaryimage"},"image":{"@id":"https:\/\/dicodusport.fr\/blog\/tir-sportif-cdm-de-bakou-nouveau-succes-pour-oceanne-muller\/#primaryimage"},"thumbnailUrl":"https:\/\/dicodusport.fr\/blog\/wp-content\/uploads\/2021\/09\/Mondiaux-de-tir-Oceanne-Muller-championne-du-monde-juniors-a-la-carabine-a-10-metres.png","datePublished":"2022-05-29T10:41:40+00:00","dateModified":"2022-05-29T15:43:45+00:00","description":"Laur\u00e9ate de la manche de Coupe du monde de tir \u00e0 la carabine \u00e0 10 m\u00e8tres \u00e0 Bakou, Oc\u00e9anne Muller est plus que jamais n\u00b01 mondiale.","breadcrumb":{"@id":"https:\/\/dicodusport.fr\/blog\/tir-sportif-cdm-de-bakou-nouveau-succes-pour-oceanne-muller\/#breadcrumb"},"inLanguage":"fr-FR","potentialAction":[{"@type":"ReadAction","target":["https:\/\/dicodusport.fr\/blog\/tir-sportif-cdm-de-bakou-nouveau-succes-pour-oceanne-muller\/"]}]},{"@type":"ImageObject","inLanguage":"fr-FR","@id":"https:\/\/dicodusport.fr\/blog\/tir-sportif-cdm-de-bakou-nouveau-succes-pour-oceanne-muller\/#primaryimage","url":"https:\/\/dicodusport.fr\/blog\/wp-content\/uploads\/2021\/09\/Mondiaux-de-tir-Oceanne-Muller-championne-du-monde-juniors-a-la-carabine-a-10-metres.png","contentUrl":"https:\/\/dicodusport.fr\/blog\/wp-content\/uploads\/2021\/09\/Mondiaux-de-tir-Oceanne-Muller-championne-du-monde-juniors-a-la-carabine-a-10-metres.png","width":800,"height":445,"caption":"Jeux Europ\u00e9ens 2023 Oc\u00e9anne Muller (tir) prend le bronze"},{"@type":"BreadcrumbList","@id":"https:\/\/dicodusport.fr\/blog\/tir-sportif-cdm-de-bakou-nouveau-succes-pour-oceanne-muller\/#breadcrumb","itemListElement":[{"@type":"ListItem","position":1,"name":"Accueil","item":"https:\/\/dicodusport.fr\/blog\/"},{"@type":"ListItem","position":2,"name":"Coupe du monde de tir sportif : Nouveau succ\u00e8s pour Oc\u00e9anne Muller \u00e0 Bakou"}]},{"@type":"WebSite","@id":"https:\/\/dicodusport.fr\/blog\/#website","url":"https:\/\/dicodusport.fr\/blog\/","name":"Dicodusport","description":"L&#039;encyclop\u00e9die de l&#039;actualit\u00e9 sportive","publisher":{"@id":"https:\/\/dicodusport.fr\/blog\/#organization"},"potentialAction":[{"@type":"SearchAction","target":{"@type":"EntryPoint","urlTemplate":"https:\/\/dicodusport.fr\/blog\/?s={search_term_string}"},"query-input":{"@type":"PropertyValueSpecification","valueRequired":true,"valueName":"search_term_string"}}],"inLanguage":"fr-FR"},{"@type":"NewsMediaOrganization","@id":"https:\/\/dicodusport.fr\/blog\/#organization","name":"Dicodusport","url":"https:\/\/dicodusport.fr\/blog\/","logo":{"@type":"ImageObject","inLanguage":"fr-FR","@id":"https:\/\/dicodusport.fr\/blog\/#\/schema\/logo\/image\/","url":"https:\/\/dicodusport.fr\/blog\/wp-content\/uploads\/2020\/06\/cropped-LOGO-DICODUSPORT-2020-SANS-FOND-SANS-TEXTE.png","contentUrl":"https:\/\/dicodusport.fr\/blog\/wp-content\/uploads\/2020\/06\/cropped-LOGO-DICODUSPORT-2020-SANS-FOND-SANS-TEXTE.png","width":512,"height":512,"caption":"Dicodusport"},"image":{"@id":"https:\/\/dicodusport.fr\/blog\/#\/schema\/logo\/image\/"},"sameAs":["https:\/\/www.facebook.com\/dicodusport","https:\/\/x.com\/dicodusport","https:\/\/www.instagram.com\/dicodusport\/","https:\/\/www.youtube.com\/channel\/UC7V2KZ5sd3htJivAbA4ZG3w"],"description":"Dicodusport est l'encyclop\u00e9die de l'actualit\u00e9 sportive.","email":"bonjour@dicodusport.fr","legalName":"DICODUSPORT","foundingDate":"2018-01-14","vatID":"FR71834470973","taxID":"83447097300043","numberOfEmployees":{"@type":"QuantitativeValue","minValue":"1","maxValue":"10"}},{"@type":"Person","@id":"https:\/\/dicodusport.fr\/blog\/#\/schema\/person\/627966a6cde45dbd8c5e36ac85d783da","name":"S\u00e9bastien Gente","image":{"@type":"ImageObject","inLanguage":"fr-FR","@id":"https:\/\/dicodusport.fr\/blog\/#\/schema\/person\/image\/","url":"https:\/\/dicodusport.fr\/blog\/wp-content\/uploads\/2021\/09\/1510990_10205810251400683_4124423575079401707_n-150x150.jpg","contentUrl":"https:\/\/dicodusport.fr\/blog\/wp-content\/uploads\/2021\/09\/1510990_10205810251400683_4124423575079401707_n-150x150.jpg","caption":"S\u00e9bastien Gente"},"description":"John Stockton, Gianni Bugno, Zinedine Zidane, Steffi Graf, Frode Andresen, St\u00e9phane Stoecklin, Davis Kamoga, Primoz Peterka, Werner Schlager et Aur\u00e9lien Rougerie. Point commun entre ces sportifs? Ils m'ont fait r\u00eaver et ont berc\u00e9 mon adolescence. Je suis un fondu de sports et j'essaie de retranscrire ma passion \u00e0 travers mes articles. Originaire du P\u00e9rigord, ma passion pour les Girondins, les Jaunards et les Jazzmen transpire dans mes \u00e9crits. \u00c0 Dicodusport depuis 2021, je d\u00e9niche les sports m\u00e9connus dans lesquels la France brille, et il y en a !","sameAs":["https:\/\/www.facebook.com\/sebastien.gente\/","https:\/\/www.instagram.com\/sebgente\/","https:\/\/www.linkedin.com\/in\/sbastien-gente-a29583169\/","https:\/\/x.com\/https:\/\/twitter.com\/globulo24","SebastienGente"],"worksFor":"S\u00e9bastien GENTE","url":"https:\/\/dicodusport.fr\/blog\/author\/sebastiengente\/"}]}},"_links":{"self":[{"href":"https:\/\/dicodusport.fr\/blog\/wp-json\/wp\/v2\/posts\/227740","targetHints":{"allow":["GET"]}}],"collection":[{"href":"https:\/\/dicodusport.fr\/blog\/wp-json\/wp\/v2\/posts"}],"about":[{"href":"https:\/\/dicodusport.fr\/blog\/wp-json\/wp\/v2\/types\/post"}],"author":[{"embeddable":true,"href":"https:\/\/dicodusport.fr\/blog\/wp-json\/wp\/v2\/users\/59"}],"replies":[{"embeddable":true,"href":"https:\/\/dicodusport.fr\/blog\/wp-json\/wp\/v2\/comments?post=227740"}],"version-history":[{"count":0,"href":"https:\/\/dicodusport.fr\/blog\/wp-json\/wp\/v2\/posts\/227740\/revisions"}],"wp:featuredmedia":[{"embeddable":true,"href":"https:\/\/dicodusport.fr\/blog\/wp-json\/wp\/v2\/media\/170247"}],"wp:attachment":[{"href":"https:\/\/dicodusport.fr\/blog\/wp-json\/wp\/v2\/media?parent=227740"}],"wp:term":[{"taxonomy":"category","embeddable":true,"href":"https:\/\/dicodusport.fr\/blog\/wp-json\/wp\/v2\/categories?post=227740"},{"taxonomy":"post_tag","embeddable":true,"href":"https:\/\/dicodusport.fr\/blog\/wp-json\/wp\/v2\/tags?post=227740"}],"curies":[{"name":"wp","href":"https:\/\/api.w.org\/{rel}","templated":true}]}}