{"id":228465,"date":"2022-05-31T15:17:33","date_gmt":"2022-05-31T13:17:33","guid":{"rendered":"https:\/\/dicodusport.fr\/blog\/?p=228465&#038;preview=true&#038;preview_id=228465"},"modified":"2022-05-31T15:53:18","modified_gmt":"2022-05-31T13:53:18","slug":"karim-benzema-elu-joueur-de-la-saison-en-ligue-des-champions","status":"publish","type":"post","link":"https:\/\/dicodusport.fr\/blog\/karim-benzema-elu-joueur-de-la-saison-en-ligue-des-champions\/","title":{"rendered":"Karim Benzema \u00e9lu joueur de la saison en Ligue des Champions"},"content":{"rendered":"<p style=\"text-align: justify;\"><b><i>LIGUE DES CHAMPIONS 2021\/2022 &#8211; Vainqueur de la comp\u00e9tition samedi avec le Real Madrid, Karim Benzema vient de plus d&rsquo;\u00eatre nomm\u00e9 meilleur joueur de la saison.<\/i><\/b><\/p>\n<p style=\"text-align: justify;\"><strong>Karim Benzema<\/strong> a remport\u00e9 sa cinqui\u00e8me Ligue des Champions samedi soir <a href=\"https:\/\/dicodusport.fr\/blog\/ligue-des-champions-real-madrid-sacre-pour-14eme-fois\/\">lors du succ\u00e8s du Real contre Liverpool<\/a> (1-0). Et il vient encore d&rsquo;\u00e9toffer son palmar\u00e8s, puisque l&rsquo;UEFA vient de l&rsquo;\u00e9lire meilleur joueur de la comp\u00e9tition cette saison. Une r\u00e9compense logique, tant l&rsquo;attaquant fran\u00e7ais a marqu\u00e9 cette \u00e9dition de son empreinte. 15 buts inscrits, dont des tripl\u00e9s d\u00e9cisifs contre le PSG et Chelsea, ont permis \u00e0 son club de r\u00e9aliser un parcours hom\u00e9rique vers le titre. Avec toutes ces victoires et r\u00e9compenses, on voit mal ce qui pourrait emp\u00eacher <em>El Nueve<\/em> de d\u00e9crocher son premier Ballon d&rsquo;Or.<\/p>\n<blockquote class=\"twitter-tweet\">\n<p dir=\"ltr\" lang=\"fr\">&#x1f534; OFFICIEL !<\/p>\n<p>L\u2019UEFA a nomm\u00e9 Karim Benzema Joueur de la saison en Champions League 2021\/22 &#x1f44f;&#x1f1eb;&#x1f1f7; <a href=\"https:\/\/t.co\/P346nBKucF\">pic.twitter.com\/P346nBKucF<\/a><\/p>\n<p>\u2014 Footballogue&#x2b50;&#xfe0f;&#x2b50;&#xfe0f; (@Footballogue) <a href=\"https:\/\/twitter.com\/Footballogue\/status\/1531566917563174913?ref_src=twsrc%5Etfw\">May 31, 2022<\/a><\/p><\/blockquote>\n<p><script async src=\"https:\/\/platform.twitter.com\/widgets.js\" charset=\"utf-8\"><\/script><\/p>\n","protected":false},"excerpt":{"rendered":"<p>LIGUE DES CHAMPIONS 2021\/2022 &#8211; Vainqueur de la comp\u00e9tition samedi avec le Real Madrid, Karim Benzema vient de plus d&rsquo;\u00eatre nomm\u00e9 meilleur joueur de la saison.<\/p>\n","protected":false},"author":59,"featured_media":228475,"comment_status":"open","ping_status":"closed","sticky":false,"template":"","format":"standard","meta":{"_acf_changed":false,"_daextam_enable_autolinks":"","footnotes":""},"categories":[2301],"tags":[75,4727,521],"class_list":["post-228465","post","type-post","status-publish","format-standard","has-post-thumbnail","hentry","category-football","tag-football","tag-karim-benzema","tag-real-madrid"],"acf":[],"yoast_head":"<!-- This site is optimized with the Yoast SEO Premium plugin v26.7 (Yoast SEO v26.7) - https:\/\/yoast.com\/wordpress\/plugins\/seo\/ -->\n<title>Football - Karim Benzema \u00e9lu joueur de la saison en Ligue des Champions - Dicodusport<\/title>\n<meta name=\"description\" content=\"LIGUE DES CHAMPIONS 2021\/2022 - Vainqueur de la comp\u00e9tition avec le Real Madrid, Karim Benzema a \u00e9t\u00e9 nomm\u00e9 meilleur joueur de la saison\" \/>\n<meta name=\"robots\" content=\"index, follow, max-snippet:-1, max-image-preview:large, max-video-preview:-1\" \/>\n<link rel=\"canonical\" href=\"https:\/\/dicodusport.fr\/blog\/karim-benzema-elu-joueur-de-la-saison-en-ligue-des-champions\/\" \/>\n<meta property=\"og:locale\" content=\"fr_FR\" \/>\n<meta property=\"og:type\" content=\"article\" \/>\n<meta property=\"og:title\" content=\"Karim Benzema \u00e9lu joueur de la saison en Ligue des Champions\" \/>\n<meta property=\"og:description\" content=\"LIGUE DES CHAMPIONS 2021\/2022 - Vainqueur de la comp\u00e9tition avec le Real Madrid, Karim Benzema a \u00e9t\u00e9 nomm\u00e9 meilleur joueur de la saison\" \/>\n<meta property=\"og:url\" content=\"https:\/\/dicodusport.fr\/blog\/karim-benzema-elu-joueur-de-la-saison-en-ligue-des-champions\/\" \/>\n<meta property=\"og:site_name\" content=\"Dicodusport\" \/>\n<meta property=\"article:publisher\" content=\"https:\/\/www.facebook.com\/dicodusport\" \/>\n<meta property=\"article:author\" content=\"https:\/\/www.facebook.com\/sebastien.gente\/\" \/>\n<meta property=\"article:published_time\" content=\"2022-05-31T13:17:33+00:00\" \/>\n<meta property=\"article:modified_time\" content=\"2022-05-31T13:53:18+00:00\" \/>\n<meta property=\"og:image\" content=\"https:\/\/dicodusport.fr\/blog\/wp-content\/uploads\/2022\/05\/Karim-Benzema-elu-joueur-de-la-saison-en-Ligue-des-Champions.png\" \/>\n\t<meta property=\"og:image:width\" content=\"800\" \/>\n\t<meta property=\"og:image:height\" content=\"445\" \/>\n\t<meta property=\"og:image:type\" content=\"image\/png\" \/>\n<meta name=\"author\" content=\"S\u00e9bastien Gente\" \/>\n<meta name=\"twitter:card\" content=\"summary_large_image\" \/>\n<meta name=\"twitter:title\" content=\"Karim Benzema \u00e9lu joueur de la saison en Ligue des Champions\" \/>\n<meta name=\"twitter:creator\" content=\"@https:\/\/twitter.com\/globulo24\" \/>\n<meta name=\"twitter:site\" content=\"@dicodusport\" \/>\n<script type=\"application\/ld+json\" class=\"yoast-schema-graph\">{\"@context\":\"https:\/\/schema.org\",\"@graph\":[{\"@type\":\"NewsArticle\",\"@id\":\"https:\/\/dicodusport.fr\/blog\/karim-benzema-elu-joueur-de-la-saison-en-ligue-des-champions\/#article\",\"isPartOf\":{\"@id\":\"https:\/\/dicodusport.fr\/blog\/karim-benzema-elu-joueur-de-la-saison-en-ligue-des-champions\/\"},\"author\":{\"name\":\"S\u00e9bastien Gente\",\"@id\":\"https:\/\/dicodusport.fr\/blog\/#\/schema\/person\/627966a6cde45dbd8c5e36ac85d783da\"},\"headline\":\"Karim Benzema \u00e9lu joueur de la saison en Ligue des Champions\",\"datePublished\":\"2022-05-31T13:17:33+00:00\",\"dateModified\":\"2022-05-31T13:53:18+00:00\",\"mainEntityOfPage\":{\"@id\":\"https:\/\/dicodusport.fr\/blog\/karim-benzema-elu-joueur-de-la-saison-en-ligue-des-champions\/\"},\"wordCount\":192,\"commentCount\":0,\"publisher\":{\"@id\":\"https:\/\/dicodusport.fr\/blog\/#organization\"},\"image\":{\"@id\":\"https:\/\/dicodusport.fr\/blog\/karim-benzema-elu-joueur-de-la-saison-en-ligue-des-champions\/#primaryimage\"},\"thumbnailUrl\":\"https:\/\/dicodusport.fr\/blog\/wp-content\/uploads\/2022\/05\/Karim-Benzema-elu-joueur-de-la-saison-en-Ligue-des-Champions.png\",\"keywords\":[\"Football\",\"Karim Benzema\",\"Real Madrid\"],\"articleSection\":[\"Football\"],\"inLanguage\":\"fr-FR\",\"potentialAction\":[{\"@type\":\"CommentAction\",\"name\":\"Comment\",\"target\":[\"https:\/\/dicodusport.fr\/blog\/karim-benzema-elu-joueur-de-la-saison-en-ligue-des-champions\/#respond\"]}],\"copyrightYear\":\"2022\",\"copyrightHolder\":{\"@id\":\"https:\/\/dicodusport.fr\/blog\/#organization\"}},{\"@type\":\"WebPage\",\"@id\":\"https:\/\/dicodusport.fr\/blog\/karim-benzema-elu-joueur-de-la-saison-en-ligue-des-champions\/\",\"url\":\"https:\/\/dicodusport.fr\/blog\/karim-benzema-elu-joueur-de-la-saison-en-ligue-des-champions\/\",\"name\":\"Football - Karim Benzema \u00e9lu joueur de la saison en Ligue des Champions - Dicodusport\",\"isPartOf\":{\"@id\":\"https:\/\/dicodusport.fr\/blog\/#website\"},\"primaryImageOfPage\":{\"@id\":\"https:\/\/dicodusport.fr\/blog\/karim-benzema-elu-joueur-de-la-saison-en-ligue-des-champions\/#primaryimage\"},\"image\":{\"@id\":\"https:\/\/dicodusport.fr\/blog\/karim-benzema-elu-joueur-de-la-saison-en-ligue-des-champions\/#primaryimage\"},\"thumbnailUrl\":\"https:\/\/dicodusport.fr\/blog\/wp-content\/uploads\/2022\/05\/Karim-Benzema-elu-joueur-de-la-saison-en-Ligue-des-Champions.png\",\"datePublished\":\"2022-05-31T13:17:33+00:00\",\"dateModified\":\"2022-05-31T13:53:18+00:00\",\"description\":\"LIGUE DES CHAMPIONS 2021\/2022 - Vainqueur de la comp\u00e9tition avec le Real Madrid, Karim Benzema a \u00e9t\u00e9 nomm\u00e9 meilleur joueur de la saison\",\"breadcrumb\":{\"@id\":\"https:\/\/dicodusport.fr\/blog\/karim-benzema-elu-joueur-de-la-saison-en-ligue-des-champions\/#breadcrumb\"},\"inLanguage\":\"fr-FR\",\"potentialAction\":[{\"@type\":\"ReadAction\",\"target\":[\"https:\/\/dicodusport.fr\/blog\/karim-benzema-elu-joueur-de-la-saison-en-ligue-des-champions\/\"]}]},{\"@type\":\"ImageObject\",\"inLanguage\":\"fr-FR\",\"@id\":\"https:\/\/dicodusport.fr\/blog\/karim-benzema-elu-joueur-de-la-saison-en-ligue-des-champions\/#primaryimage\",\"url\":\"https:\/\/dicodusport.fr\/blog\/wp-content\/uploads\/2022\/05\/Karim-Benzema-elu-joueur-de-la-saison-en-Ligue-des-Champions.png\",\"contentUrl\":\"https:\/\/dicodusport.fr\/blog\/wp-content\/uploads\/2022\/05\/Karim-Benzema-elu-joueur-de-la-saison-en-Ligue-des-Champions.png\",\"width\":800,\"height\":445,\"caption\":\"Karim Benzema \u00e9lu joueur de la saison en Ligue des Champions\"},{\"@type\":\"BreadcrumbList\",\"@id\":\"https:\/\/dicodusport.fr\/blog\/karim-benzema-elu-joueur-de-la-saison-en-ligue-des-champions\/#breadcrumb\",\"itemListElement\":[{\"@type\":\"ListItem\",\"position\":1,\"name\":\"Accueil\",\"item\":\"https:\/\/dicodusport.fr\/blog\/\"},{\"@type\":\"ListItem\",\"position\":2,\"name\":\"Karim Benzema \u00e9lu joueur de la saison en Ligue des Champions\"}]},{\"@type\":\"WebSite\",\"@id\":\"https:\/\/dicodusport.fr\/blog\/#website\",\"url\":\"https:\/\/dicodusport.fr\/blog\/\",\"name\":\"Dicodusport\",\"description\":\"L&#039;encyclop\u00e9die de l&#039;actualit\u00e9 sportive\",\"publisher\":{\"@id\":\"https:\/\/dicodusport.fr\/blog\/#organization\"},\"potentialAction\":[{\"@type\":\"SearchAction\",\"target\":{\"@type\":\"EntryPoint\",\"urlTemplate\":\"https:\/\/dicodusport.fr\/blog\/?s={search_term_string}\"},\"query-input\":{\"@type\":\"PropertyValueSpecification\",\"valueRequired\":true,\"valueName\":\"search_term_string\"}}],\"inLanguage\":\"fr-FR\"},{\"@type\":\"NewsMediaOrganization\",\"@id\":\"https:\/\/dicodusport.fr\/blog\/#organization\",\"name\":\"Dicodusport\",\"url\":\"https:\/\/dicodusport.fr\/blog\/\",\"logo\":{\"@type\":\"ImageObject\",\"inLanguage\":\"fr-FR\",\"@id\":\"https:\/\/dicodusport.fr\/blog\/#\/schema\/logo\/image\/\",\"url\":\"https:\/\/dicodusport.fr\/blog\/wp-content\/uploads\/2020\/06\/cropped-LOGO-DICODUSPORT-2020-SANS-FOND-SANS-TEXTE.png\",\"contentUrl\":\"https:\/\/dicodusport.fr\/blog\/wp-content\/uploads\/2020\/06\/cropped-LOGO-DICODUSPORT-2020-SANS-FOND-SANS-TEXTE.png\",\"width\":512,\"height\":512,\"caption\":\"Dicodusport\"},\"image\":{\"@id\":\"https:\/\/dicodusport.fr\/blog\/#\/schema\/logo\/image\/\"},\"sameAs\":[\"https:\/\/www.facebook.com\/dicodusport\",\"https:\/\/x.com\/dicodusport\",\"https:\/\/www.instagram.com\/dicodusport\/\",\"https:\/\/www.youtube.com\/channel\/UC7V2KZ5sd3htJivAbA4ZG3w\"],\"description\":\"Dicodusport est l'encyclop\u00e9die de l'actualit\u00e9 sportive.\",\"email\":\"bonjour@dicodusport.fr\",\"legalName\":\"DICODUSPORT\",\"foundingDate\":\"2018-01-14\",\"vatID\":\"FR71834470973\",\"taxID\":\"83447097300043\",\"numberOfEmployees\":{\"@type\":\"QuantitativeValue\",\"minValue\":\"1\",\"maxValue\":\"10\"}},{\"@type\":\"Person\",\"@id\":\"https:\/\/dicodusport.fr\/blog\/#\/schema\/person\/627966a6cde45dbd8c5e36ac85d783da\",\"name\":\"S\u00e9bastien Gente\",\"image\":{\"@type\":\"ImageObject\",\"inLanguage\":\"fr-FR\",\"@id\":\"https:\/\/dicodusport.fr\/blog\/#\/schema\/person\/image\/\",\"url\":\"https:\/\/dicodusport.fr\/blog\/wp-content\/uploads\/2021\/09\/1510990_10205810251400683_4124423575079401707_n-150x150.jpg\",\"contentUrl\":\"https:\/\/dicodusport.fr\/blog\/wp-content\/uploads\/2021\/09\/1510990_10205810251400683_4124423575079401707_n-150x150.jpg\",\"caption\":\"S\u00e9bastien Gente\"},\"description\":\"John Stockton, Gianni Bugno, Zinedine Zidane, Steffi Graf, Frode Andresen, St\u00e9phane Stoecklin, Davis Kamoga, Primoz Peterka, Werner Schlager et Aur\u00e9lien Rougerie. Point commun entre ces sportifs? Ils m'ont fait r\u00eaver et ont berc\u00e9 mon adolescence. Je suis un fondu de sports et j'essaie de retranscrire ma passion \u00e0 travers mes articles. Originaire du P\u00e9rigord, ma passion pour les Girondins, les Jaunards et les Jazzmen transpire dans mes \u00e9crits. \u00c0 Dicodusport depuis 2021, je d\u00e9niche les sports m\u00e9connus dans lesquels la France brille, et il y en a !\",\"sameAs\":[\"https:\/\/www.facebook.com\/sebastien.gente\/\",\"https:\/\/www.instagram.com\/sebgente\/\",\"https:\/\/www.linkedin.com\/in\/sbastien-gente-a29583169\/\",\"https:\/\/x.com\/https:\/\/twitter.com\/globulo24\",\"SebastienGente\"],\"worksFor\":\"S\u00e9bastien GENTE\",\"url\":\"https:\/\/dicodusport.fr\/blog\/author\/sebastiengente\/\"}]}<\/script>\n<!-- \/ Yoast SEO Premium plugin. -->","yoast_head_json":{"title":"Football - Karim Benzema \u00e9lu joueur de la saison en Ligue des Champions - Dicodusport","description":"LIGUE DES CHAMPIONS 2021\/2022 - Vainqueur de la comp\u00e9tition avec le Real Madrid, Karim Benzema a \u00e9t\u00e9 nomm\u00e9 meilleur joueur de la saison","robots":{"index":"index","follow":"follow","max-snippet":"max-snippet:-1","max-image-preview":"max-image-preview:large","max-video-preview":"max-video-preview:-1"},"canonical":"https:\/\/dicodusport.fr\/blog\/karim-benzema-elu-joueur-de-la-saison-en-ligue-des-champions\/","og_locale":"fr_FR","og_type":"article","og_title":"Karim Benzema \u00e9lu joueur de la saison en Ligue des Champions","og_description":"LIGUE DES CHAMPIONS 2021\/2022 - Vainqueur de la comp\u00e9tition avec le Real Madrid, Karim Benzema a \u00e9t\u00e9 nomm\u00e9 meilleur joueur de la saison","og_url":"https:\/\/dicodusport.fr\/blog\/karim-benzema-elu-joueur-de-la-saison-en-ligue-des-champions\/","og_site_name":"Dicodusport","article_publisher":"https:\/\/www.facebook.com\/dicodusport","article_author":"https:\/\/www.facebook.com\/sebastien.gente\/","article_published_time":"2022-05-31T13:17:33+00:00","article_modified_time":"2022-05-31T13:53:18+00:00","og_image":[{"width":800,"height":445,"url":"https:\/\/dicodusport.fr\/blog\/wp-content\/uploads\/2022\/05\/Karim-Benzema-elu-joueur-de-la-saison-en-Ligue-des-Champions.png","type":"image\/png"}],"author":"S\u00e9bastien Gente","twitter_card":"summary_large_image","twitter_title":"Karim Benzema \u00e9lu joueur de la saison en Ligue des Champions","twitter_creator":"@https:\/\/twitter.com\/globulo24","twitter_site":"@dicodusport","schema":{"@context":"https:\/\/schema.org","@graph":[{"@type":"NewsArticle","@id":"https:\/\/dicodusport.fr\/blog\/karim-benzema-elu-joueur-de-la-saison-en-ligue-des-champions\/#article","isPartOf":{"@id":"https:\/\/dicodusport.fr\/blog\/karim-benzema-elu-joueur-de-la-saison-en-ligue-des-champions\/"},"author":{"name":"S\u00e9bastien Gente","@id":"https:\/\/dicodusport.fr\/blog\/#\/schema\/person\/627966a6cde45dbd8c5e36ac85d783da"},"headline":"Karim Benzema \u00e9lu joueur de la saison en Ligue des Champions","datePublished":"2022-05-31T13:17:33+00:00","dateModified":"2022-05-31T13:53:18+00:00","mainEntityOfPage":{"@id":"https:\/\/dicodusport.fr\/blog\/karim-benzema-elu-joueur-de-la-saison-en-ligue-des-champions\/"},"wordCount":192,"commentCount":0,"publisher":{"@id":"https:\/\/dicodusport.fr\/blog\/#organization"},"image":{"@id":"https:\/\/dicodusport.fr\/blog\/karim-benzema-elu-joueur-de-la-saison-en-ligue-des-champions\/#primaryimage"},"thumbnailUrl":"https:\/\/dicodusport.fr\/blog\/wp-content\/uploads\/2022\/05\/Karim-Benzema-elu-joueur-de-la-saison-en-Ligue-des-Champions.png","keywords":["Football","Karim Benzema","Real Madrid"],"articleSection":["Football"],"inLanguage":"fr-FR","potentialAction":[{"@type":"CommentAction","name":"Comment","target":["https:\/\/dicodusport.fr\/blog\/karim-benzema-elu-joueur-de-la-saison-en-ligue-des-champions\/#respond"]}],"copyrightYear":"2022","copyrightHolder":{"@id":"https:\/\/dicodusport.fr\/blog\/#organization"}},{"@type":"WebPage","@id":"https:\/\/dicodusport.fr\/blog\/karim-benzema-elu-joueur-de-la-saison-en-ligue-des-champions\/","url":"https:\/\/dicodusport.fr\/blog\/karim-benzema-elu-joueur-de-la-saison-en-ligue-des-champions\/","name":"Football - Karim Benzema \u00e9lu joueur de la saison en Ligue des Champions - Dicodusport","isPartOf":{"@id":"https:\/\/dicodusport.fr\/blog\/#website"},"primaryImageOfPage":{"@id":"https:\/\/dicodusport.fr\/blog\/karim-benzema-elu-joueur-de-la-saison-en-ligue-des-champions\/#primaryimage"},"image":{"@id":"https:\/\/dicodusport.fr\/blog\/karim-benzema-elu-joueur-de-la-saison-en-ligue-des-champions\/#primaryimage"},"thumbnailUrl":"https:\/\/dicodusport.fr\/blog\/wp-content\/uploads\/2022\/05\/Karim-Benzema-elu-joueur-de-la-saison-en-Ligue-des-Champions.png","datePublished":"2022-05-31T13:17:33+00:00","dateModified":"2022-05-31T13:53:18+00:00","description":"LIGUE DES CHAMPIONS 2021\/2022 - Vainqueur de la comp\u00e9tition avec le Real Madrid, Karim Benzema a \u00e9t\u00e9 nomm\u00e9 meilleur joueur de la saison","breadcrumb":{"@id":"https:\/\/dicodusport.fr\/blog\/karim-benzema-elu-joueur-de-la-saison-en-ligue-des-champions\/#breadcrumb"},"inLanguage":"fr-FR","potentialAction":[{"@type":"ReadAction","target":["https:\/\/dicodusport.fr\/blog\/karim-benzema-elu-joueur-de-la-saison-en-ligue-des-champions\/"]}]},{"@type":"ImageObject","inLanguage":"fr-FR","@id":"https:\/\/dicodusport.fr\/blog\/karim-benzema-elu-joueur-de-la-saison-en-ligue-des-champions\/#primaryimage","url":"https:\/\/dicodusport.fr\/blog\/wp-content\/uploads\/2022\/05\/Karim-Benzema-elu-joueur-de-la-saison-en-Ligue-des-Champions.png","contentUrl":"https:\/\/dicodusport.fr\/blog\/wp-content\/uploads\/2022\/05\/Karim-Benzema-elu-joueur-de-la-saison-en-Ligue-des-Champions.png","width":800,"height":445,"caption":"Karim Benzema \u00e9lu joueur de la saison en Ligue des Champions"},{"@type":"BreadcrumbList","@id":"https:\/\/dicodusport.fr\/blog\/karim-benzema-elu-joueur-de-la-saison-en-ligue-des-champions\/#breadcrumb","itemListElement":[{"@type":"ListItem","position":1,"name":"Accueil","item":"https:\/\/dicodusport.fr\/blog\/"},{"@type":"ListItem","position":2,"name":"Karim Benzema \u00e9lu joueur de la saison en Ligue des Champions"}]},{"@type":"WebSite","@id":"https:\/\/dicodusport.fr\/blog\/#website","url":"https:\/\/dicodusport.fr\/blog\/","name":"Dicodusport","description":"L&#039;encyclop\u00e9die de l&#039;actualit\u00e9 sportive","publisher":{"@id":"https:\/\/dicodusport.fr\/blog\/#organization"},"potentialAction":[{"@type":"SearchAction","target":{"@type":"EntryPoint","urlTemplate":"https:\/\/dicodusport.fr\/blog\/?s={search_term_string}"},"query-input":{"@type":"PropertyValueSpecification","valueRequired":true,"valueName":"search_term_string"}}],"inLanguage":"fr-FR"},{"@type":"NewsMediaOrganization","@id":"https:\/\/dicodusport.fr\/blog\/#organization","name":"Dicodusport","url":"https:\/\/dicodusport.fr\/blog\/","logo":{"@type":"ImageObject","inLanguage":"fr-FR","@id":"https:\/\/dicodusport.fr\/blog\/#\/schema\/logo\/image\/","url":"https:\/\/dicodusport.fr\/blog\/wp-content\/uploads\/2020\/06\/cropped-LOGO-DICODUSPORT-2020-SANS-FOND-SANS-TEXTE.png","contentUrl":"https:\/\/dicodusport.fr\/blog\/wp-content\/uploads\/2020\/06\/cropped-LOGO-DICODUSPORT-2020-SANS-FOND-SANS-TEXTE.png","width":512,"height":512,"caption":"Dicodusport"},"image":{"@id":"https:\/\/dicodusport.fr\/blog\/#\/schema\/logo\/image\/"},"sameAs":["https:\/\/www.facebook.com\/dicodusport","https:\/\/x.com\/dicodusport","https:\/\/www.instagram.com\/dicodusport\/","https:\/\/www.youtube.com\/channel\/UC7V2KZ5sd3htJivAbA4ZG3w"],"description":"Dicodusport est l'encyclop\u00e9die de l'actualit\u00e9 sportive.","email":"bonjour@dicodusport.fr","legalName":"DICODUSPORT","foundingDate":"2018-01-14","vatID":"FR71834470973","taxID":"83447097300043","numberOfEmployees":{"@type":"QuantitativeValue","minValue":"1","maxValue":"10"}},{"@type":"Person","@id":"https:\/\/dicodusport.fr\/blog\/#\/schema\/person\/627966a6cde45dbd8c5e36ac85d783da","name":"S\u00e9bastien Gente","image":{"@type":"ImageObject","inLanguage":"fr-FR","@id":"https:\/\/dicodusport.fr\/blog\/#\/schema\/person\/image\/","url":"https:\/\/dicodusport.fr\/blog\/wp-content\/uploads\/2021\/09\/1510990_10205810251400683_4124423575079401707_n-150x150.jpg","contentUrl":"https:\/\/dicodusport.fr\/blog\/wp-content\/uploads\/2021\/09\/1510990_10205810251400683_4124423575079401707_n-150x150.jpg","caption":"S\u00e9bastien Gente"},"description":"John Stockton, Gianni Bugno, Zinedine Zidane, Steffi Graf, Frode Andresen, St\u00e9phane Stoecklin, Davis Kamoga, Primoz Peterka, Werner Schlager et Aur\u00e9lien Rougerie. Point commun entre ces sportifs? Ils m'ont fait r\u00eaver et ont berc\u00e9 mon adolescence. Je suis un fondu de sports et j'essaie de retranscrire ma passion \u00e0 travers mes articles. Originaire du P\u00e9rigord, ma passion pour les Girondins, les Jaunards et les Jazzmen transpire dans mes \u00e9crits. \u00c0 Dicodusport depuis 2021, je d\u00e9niche les sports m\u00e9connus dans lesquels la France brille, et il y en a !","sameAs":["https:\/\/www.facebook.com\/sebastien.gente\/","https:\/\/www.instagram.com\/sebgente\/","https:\/\/www.linkedin.com\/in\/sbastien-gente-a29583169\/","https:\/\/x.com\/https:\/\/twitter.com\/globulo24","SebastienGente"],"worksFor":"S\u00e9bastien GENTE","url":"https:\/\/dicodusport.fr\/blog\/author\/sebastiengente\/"}]}},"_links":{"self":[{"href":"https:\/\/dicodusport.fr\/blog\/wp-json\/wp\/v2\/posts\/228465","targetHints":{"allow":["GET"]}}],"collection":[{"href":"https:\/\/dicodusport.fr\/blog\/wp-json\/wp\/v2\/posts"}],"about":[{"href":"https:\/\/dicodusport.fr\/blog\/wp-json\/wp\/v2\/types\/post"}],"author":[{"embeddable":true,"href":"https:\/\/dicodusport.fr\/blog\/wp-json\/wp\/v2\/users\/59"}],"replies":[{"embeddable":true,"href":"https:\/\/dicodusport.fr\/blog\/wp-json\/wp\/v2\/comments?post=228465"}],"version-history":[{"count":0,"href":"https:\/\/dicodusport.fr\/blog\/wp-json\/wp\/v2\/posts\/228465\/revisions"}],"wp:featuredmedia":[{"embeddable":true,"href":"https:\/\/dicodusport.fr\/blog\/wp-json\/wp\/v2\/media\/228475"}],"wp:attachment":[{"href":"https:\/\/dicodusport.fr\/blog\/wp-json\/wp\/v2\/media?parent=228465"}],"wp:term":[{"taxonomy":"category","embeddable":true,"href":"https:\/\/dicodusport.fr\/blog\/wp-json\/wp\/v2\/categories?post=228465"},{"taxonomy":"post_tag","embeddable":true,"href":"https:\/\/dicodusport.fr\/blog\/wp-json\/wp\/v2\/tags?post=228465"}],"curies":[{"name":"wp","href":"https:\/\/api.w.org\/{rel}","templated":true}]}}