{"id":228512,"date":"2022-05-31T17:58:17","date_gmt":"2022-05-31T15:58:17","guid":{"rendered":"https:\/\/dicodusport.fr\/blog\/?p=228512&#038;preview=true&#038;preview_id=228512"},"modified":"2022-05-31T18:13:46","modified_gmt":"2022-05-31T16:13:46","slug":"xv-de-france-feminin-thomas-darracq-nomme-selectionneur-entraineur","status":"publish","type":"post","link":"https:\/\/dicodusport.fr\/blog\/xv-de-france-feminin-thomas-darracq-nomme-selectionneur-entraineur\/","title":{"rendered":"XV de France f\u00e9minin : Thomas Darracq nomm\u00e9 s\u00e9lectionneur-entraineur"},"content":{"rendered":"<p style=\"text-align: justify;\"><b><i>RUGBY A XV &#8211; Thomas Darracq, membre du staff du XV de France f\u00e9minin, prend de l&rsquo;\u00e9paisseur. La F\u00e9d\u00e9ration a annonc\u00e9 qu&rsquo;il allait devenir s\u00e9lectionneur entraineur de cette \u00e9quipe.<\/i><\/b><\/p>\n<p style=\"text-align: justify;\">Voil\u00e0 deux semaines, <strong>Samuel Cherouk<\/strong> et <strong>St\u00e9phane Eymard<\/strong> avaient \u00e9t\u00e9 d\u00e9barqu\u00e9s du staff, <a href=\"https:\/\/dicodusport.fr\/blog\/xv-de-france-feminin-gaelle-mignot-et-david-ortiz-vont-integrer-le-staff\/\">et remplac\u00e9s par <strong>Ga\u00eblle Mignot<\/strong><\/a> et <strong>David Ortiz,<\/strong> \u00e0 cause de difficult\u00e9s avec<strong> Thomas Darracq<\/strong>. La F\u00e9d\u00e9ration Fran\u00e7aise de Rugby croit visiblement plus que jamais en ce dernier, puisqu&rsquo;elle vient de le nommer s\u00e9lectionneur &#8211; entra\u00eeneur du XV de France f\u00e9minin. N\u00e9anmoins, <strong>Annick Hayraud<\/strong> reste la manageuse de l&rsquo;\u00e9quipe. Les Bleues ont termin\u00e9 deuxi\u00e8mes du dernier <a href=\"https:\/\/dicodusport.fr\/blog\/6-nations-feminin-2022-calendrier-resultats-et-classement\/\">Tournoi des 6 Nations<\/a>. Elles sont d\u00e9sormais concentr\u00e9es sur la pr\u00e9paration de la Coupe du monde en Nouvelle-Z\u00e9lande, \u00e0 l&rsquo;automne prochain.<\/p>\n<blockquote class=\"twitter-tweet\">\n<p dir=\"ltr\" lang=\"fr\">Encore du changement c\u00f4t\u00e9 XV de France \u00e0 quelques mois de la Coupe du Monde, Thomas Darracq nomm\u00e9 s\u00e9lectionneur entra\u00eeneur. Si Annick Hayraud reste dans le staff en tant que manager, le Landais semble d\u00e9sormais avoir les cl\u00e9s du camion <a href=\"https:\/\/twitter.com\/hashtag\/XVdeFrance?src=hash&amp;ref_src=twsrc%5Etfw\">#XVdeFrance<\/a> <a href=\"https:\/\/t.co\/J57Wk55rqJ\">pic.twitter.com\/J57Wk55rqJ<\/a><\/p>\n<p>\u2014 Justine Saint-Sevin (@JustineStSevin) <a href=\"https:\/\/twitter.com\/JustineStSevin\/status\/1531622442480836608?ref_src=twsrc%5Etfw\">May 31, 2022<\/a><\/p><\/blockquote>\n<p><script async src=\"https:\/\/platform.twitter.com\/widgets.js\" charset=\"utf-8\"><\/script><\/p>\n<p style=\"text-align: justify;\"><strong>Thomas Darracq<\/strong> a notamment \u00e9t\u00e9 responsable du centre de formation de l&rsquo;Aviron Bayonnais par le pass\u00e9. Il a \u00e9galement occup\u00e9 le poste de s\u00e9lectionneur de plusieurs \u00e9quipes de France (Rugby \u00e0 7, U20 f\u00e9minines). L&rsquo;int\u00e9ress\u00e9 a r\u00e9agi favorablement \u00e0 cette nomination.<\/p>\n<blockquote>\n<p style=\"text-align: justify;\">Je tiens \u00e0 remercier chaleureusement la F\u00e9d\u00e9ration Fran\u00e7aise de Rugby pour sa confiance. Nous avons l\u2019ambition de voir r\u00e9ussir l\u2019\u00e9quipe de France lors de la prochaine Coupe du Monde, et de construire \u00e0 terme une \u00e9quipe en capacit\u00e9 d\u2019\u00e9galer les meilleures nations mondiales.<\/p>\n<\/blockquote>\n","protected":false},"excerpt":{"rendered":"<p>RUGBY A XV &#8211; Thomas Darracq, membre du staff du XV de France f\u00e9minin, prend de l&rsquo;\u00e9paisseur. La f\u00e9d\u00e9ration a annonc\u00e9 qu&rsquo;il allait devenir s\u00e9lectionneur entraineur de cette \u00e9quipe.<\/p>\n","protected":false},"author":59,"featured_media":228516,"comment_status":"open","ping_status":"closed","sticky":false,"template":"","format":"standard","meta":{"_acf_changed":false,"_daextam_enable_autolinks":"","footnotes":""},"categories":[19951],"tags":[13,852,3643],"class_list":["post-228512","post","type-post","status-publish","format-standard","has-post-thumbnail","hentry","category-xv-de-france","tag-rugby","tag-rugby-feminin","tag-xv-de-france-feminin"],"acf":[],"yoast_head":"<!-- This site is optimized with the Yoast SEO Premium plugin v26.7 (Yoast SEO v26.7) - https:\/\/yoast.com\/wordpress\/plugins\/seo\/ -->\n<title>XV de France - XV de France f\u00e9minin : Thomas Darracq nomm\u00e9 s\u00e9lectionneur-entraineur - Dicodusport<\/title>\n<meta name=\"description\" content=\"RUGBY A XV - La f\u00e9d\u00e9ration a annonc\u00e9 que Thomas Darracq, allait devenir s\u00e9lectionneur entraineur du XV de France f\u00e9minin.\" \/>\n<meta name=\"robots\" content=\"index, follow, max-snippet:-1, max-image-preview:large, max-video-preview:-1\" \/>\n<link rel=\"canonical\" href=\"https:\/\/dicodusport.fr\/blog\/xv-de-france-feminin-thomas-darracq-nomme-selectionneur-entraineur\/\" \/>\n<meta property=\"og:locale\" content=\"fr_FR\" \/>\n<meta property=\"og:type\" content=\"article\" \/>\n<meta property=\"og:title\" content=\"XV de France f\u00e9minin : Thomas Darracq nomm\u00e9 s\u00e9lectionneur-entraineur\" \/>\n<meta property=\"og:description\" content=\"RUGBY A XV - La f\u00e9d\u00e9ration a annonc\u00e9 que Thomas Darracq, allait devenir s\u00e9lectionneur entraineur du XV de France f\u00e9minin.\" \/>\n<meta property=\"og:url\" content=\"https:\/\/dicodusport.fr\/blog\/xv-de-france-feminin-thomas-darracq-nomme-selectionneur-entraineur\/\" \/>\n<meta property=\"og:site_name\" content=\"Dicodusport\" \/>\n<meta property=\"article:publisher\" content=\"https:\/\/www.facebook.com\/dicodusport\" \/>\n<meta property=\"article:author\" content=\"https:\/\/www.facebook.com\/sebastien.gente\/\" \/>\n<meta property=\"article:published_time\" content=\"2022-05-31T15:58:17+00:00\" \/>\n<meta property=\"article:modified_time\" content=\"2022-05-31T16:13:46+00:00\" \/>\n<meta property=\"og:image\" content=\"https:\/\/dicodusport.fr\/blog\/wp-content\/uploads\/2022\/05\/XV-de-France-feminin-Thomas-Darracq-nomme-selectionneur-entraineur.png\" \/>\n\t<meta property=\"og:image:width\" content=\"800\" \/>\n\t<meta property=\"og:image:height\" content=\"445\" \/>\n\t<meta property=\"og:image:type\" content=\"image\/png\" \/>\n<meta name=\"author\" content=\"S\u00e9bastien Gente\" \/>\n<meta name=\"twitter:card\" content=\"summary_large_image\" \/>\n<meta name=\"twitter:title\" content=\"XV de France f\u00e9minin : Thomas Darracq nomm\u00e9 s\u00e9lectionneur-entraineur\" \/>\n<meta name=\"twitter:creator\" content=\"@https:\/\/twitter.com\/globulo24\" \/>\n<meta name=\"twitter:site\" content=\"@dicodusport\" \/>\n<script type=\"application\/ld+json\" class=\"yoast-schema-graph\">{\"@context\":\"https:\/\/schema.org\",\"@graph\":[{\"@type\":\"NewsArticle\",\"@id\":\"https:\/\/dicodusport.fr\/blog\/xv-de-france-feminin-thomas-darracq-nomme-selectionneur-entraineur\/#article\",\"isPartOf\":{\"@id\":\"https:\/\/dicodusport.fr\/blog\/xv-de-france-feminin-thomas-darracq-nomme-selectionneur-entraineur\/\"},\"author\":{\"name\":\"S\u00e9bastien Gente\",\"@id\":\"https:\/\/dicodusport.fr\/blog\/#\/schema\/person\/627966a6cde45dbd8c5e36ac85d783da\"},\"headline\":\"XV de France f\u00e9minin : Thomas Darracq nomm\u00e9 s\u00e9lectionneur-entraineur\",\"datePublished\":\"2022-05-31T15:58:17+00:00\",\"dateModified\":\"2022-05-31T16:13:46+00:00\",\"mainEntityOfPage\":{\"@id\":\"https:\/\/dicodusport.fr\/blog\/xv-de-france-feminin-thomas-darracq-nomme-selectionneur-entraineur\/\"},\"wordCount\":300,\"commentCount\":0,\"publisher\":{\"@id\":\"https:\/\/dicodusport.fr\/blog\/#organization\"},\"image\":{\"@id\":\"https:\/\/dicodusport.fr\/blog\/xv-de-france-feminin-thomas-darracq-nomme-selectionneur-entraineur\/#primaryimage\"},\"thumbnailUrl\":\"https:\/\/dicodusport.fr\/blog\/wp-content\/uploads\/2022\/05\/XV-de-France-feminin-Thomas-Darracq-nomme-selectionneur-entraineur.png\",\"keywords\":[\"Rugby\",\"rugby f\u00e9minin\",\"XV de France f\u00e9minin\"],\"articleSection\":[\"XV de France\"],\"inLanguage\":\"fr-FR\",\"potentialAction\":[{\"@type\":\"CommentAction\",\"name\":\"Comment\",\"target\":[\"https:\/\/dicodusport.fr\/blog\/xv-de-france-feminin-thomas-darracq-nomme-selectionneur-entraineur\/#respond\"]}],\"copyrightYear\":\"2022\",\"copyrightHolder\":{\"@id\":\"https:\/\/dicodusport.fr\/blog\/#organization\"}},{\"@type\":\"WebPage\",\"@id\":\"https:\/\/dicodusport.fr\/blog\/xv-de-france-feminin-thomas-darracq-nomme-selectionneur-entraineur\/\",\"url\":\"https:\/\/dicodusport.fr\/blog\/xv-de-france-feminin-thomas-darracq-nomme-selectionneur-entraineur\/\",\"name\":\"XV de France - XV de France f\u00e9minin : Thomas Darracq nomm\u00e9 s\u00e9lectionneur-entraineur - Dicodusport\",\"isPartOf\":{\"@id\":\"https:\/\/dicodusport.fr\/blog\/#website\"},\"primaryImageOfPage\":{\"@id\":\"https:\/\/dicodusport.fr\/blog\/xv-de-france-feminin-thomas-darracq-nomme-selectionneur-entraineur\/#primaryimage\"},\"image\":{\"@id\":\"https:\/\/dicodusport.fr\/blog\/xv-de-france-feminin-thomas-darracq-nomme-selectionneur-entraineur\/#primaryimage\"},\"thumbnailUrl\":\"https:\/\/dicodusport.fr\/blog\/wp-content\/uploads\/2022\/05\/XV-de-France-feminin-Thomas-Darracq-nomme-selectionneur-entraineur.png\",\"datePublished\":\"2022-05-31T15:58:17+00:00\",\"dateModified\":\"2022-05-31T16:13:46+00:00\",\"description\":\"RUGBY A XV - La f\u00e9d\u00e9ration a annonc\u00e9 que Thomas Darracq, allait devenir s\u00e9lectionneur entraineur du XV de France f\u00e9minin.\",\"breadcrumb\":{\"@id\":\"https:\/\/dicodusport.fr\/blog\/xv-de-france-feminin-thomas-darracq-nomme-selectionneur-entraineur\/#breadcrumb\"},\"inLanguage\":\"fr-FR\",\"potentialAction\":[{\"@type\":\"ReadAction\",\"target\":[\"https:\/\/dicodusport.fr\/blog\/xv-de-france-feminin-thomas-darracq-nomme-selectionneur-entraineur\/\"]}]},{\"@type\":\"ImageObject\",\"inLanguage\":\"fr-FR\",\"@id\":\"https:\/\/dicodusport.fr\/blog\/xv-de-france-feminin-thomas-darracq-nomme-selectionneur-entraineur\/#primaryimage\",\"url\":\"https:\/\/dicodusport.fr\/blog\/wp-content\/uploads\/2022\/05\/XV-de-France-feminin-Thomas-Darracq-nomme-selectionneur-entraineur.png\",\"contentUrl\":\"https:\/\/dicodusport.fr\/blog\/wp-content\/uploads\/2022\/05\/XV-de-France-feminin-Thomas-Darracq-nomme-selectionneur-entraineur.png\",\"width\":800,\"height\":445,\"caption\":\"XV de France f\u00e9minin Thomas Darracq nomm\u00e9 s\u00e9lectionneur-entraineur\"},{\"@type\":\"BreadcrumbList\",\"@id\":\"https:\/\/dicodusport.fr\/blog\/xv-de-france-feminin-thomas-darracq-nomme-selectionneur-entraineur\/#breadcrumb\",\"itemListElement\":[{\"@type\":\"ListItem\",\"position\":1,\"name\":\"Accueil\",\"item\":\"https:\/\/dicodusport.fr\/blog\/\"},{\"@type\":\"ListItem\",\"position\":2,\"name\":\"XV de France f\u00e9minin : Thomas Darracq nomm\u00e9 s\u00e9lectionneur-entraineur\"}]},{\"@type\":\"WebSite\",\"@id\":\"https:\/\/dicodusport.fr\/blog\/#website\",\"url\":\"https:\/\/dicodusport.fr\/blog\/\",\"name\":\"Dicodusport\",\"description\":\"L&#039;encyclop\u00e9die de l&#039;actualit\u00e9 sportive\",\"publisher\":{\"@id\":\"https:\/\/dicodusport.fr\/blog\/#organization\"},\"potentialAction\":[{\"@type\":\"SearchAction\",\"target\":{\"@type\":\"EntryPoint\",\"urlTemplate\":\"https:\/\/dicodusport.fr\/blog\/?s={search_term_string}\"},\"query-input\":{\"@type\":\"PropertyValueSpecification\",\"valueRequired\":true,\"valueName\":\"search_term_string\"}}],\"inLanguage\":\"fr-FR\"},{\"@type\":\"NewsMediaOrganization\",\"@id\":\"https:\/\/dicodusport.fr\/blog\/#organization\",\"name\":\"Dicodusport\",\"url\":\"https:\/\/dicodusport.fr\/blog\/\",\"logo\":{\"@type\":\"ImageObject\",\"inLanguage\":\"fr-FR\",\"@id\":\"https:\/\/dicodusport.fr\/blog\/#\/schema\/logo\/image\/\",\"url\":\"https:\/\/dicodusport.fr\/blog\/wp-content\/uploads\/2020\/06\/cropped-LOGO-DICODUSPORT-2020-SANS-FOND-SANS-TEXTE.png\",\"contentUrl\":\"https:\/\/dicodusport.fr\/blog\/wp-content\/uploads\/2020\/06\/cropped-LOGO-DICODUSPORT-2020-SANS-FOND-SANS-TEXTE.png\",\"width\":512,\"height\":512,\"caption\":\"Dicodusport\"},\"image\":{\"@id\":\"https:\/\/dicodusport.fr\/blog\/#\/schema\/logo\/image\/\"},\"sameAs\":[\"https:\/\/www.facebook.com\/dicodusport\",\"https:\/\/x.com\/dicodusport\",\"https:\/\/www.instagram.com\/dicodusport\/\",\"https:\/\/www.youtube.com\/channel\/UC7V2KZ5sd3htJivAbA4ZG3w\"],\"description\":\"Dicodusport est l'encyclop\u00e9die de l'actualit\u00e9 sportive.\",\"email\":\"bonjour@dicodusport.fr\",\"legalName\":\"DICODUSPORT\",\"foundingDate\":\"2018-01-14\",\"vatID\":\"FR71834470973\",\"taxID\":\"83447097300043\",\"numberOfEmployees\":{\"@type\":\"QuantitativeValue\",\"minValue\":\"1\",\"maxValue\":\"10\"}},{\"@type\":\"Person\",\"@id\":\"https:\/\/dicodusport.fr\/blog\/#\/schema\/person\/627966a6cde45dbd8c5e36ac85d783da\",\"name\":\"S\u00e9bastien Gente\",\"image\":{\"@type\":\"ImageObject\",\"inLanguage\":\"fr-FR\",\"@id\":\"https:\/\/dicodusport.fr\/blog\/#\/schema\/person\/image\/\",\"url\":\"https:\/\/dicodusport.fr\/blog\/wp-content\/uploads\/2021\/09\/1510990_10205810251400683_4124423575079401707_n-150x150.jpg\",\"contentUrl\":\"https:\/\/dicodusport.fr\/blog\/wp-content\/uploads\/2021\/09\/1510990_10205810251400683_4124423575079401707_n-150x150.jpg\",\"caption\":\"S\u00e9bastien Gente\"},\"description\":\"John Stockton, Gianni Bugno, Zinedine Zidane, Steffi Graf, Frode Andresen, St\u00e9phane Stoecklin, Davis Kamoga, Primoz Peterka, Werner Schlager et Aur\u00e9lien Rougerie. Point commun entre ces sportifs? Ils m'ont fait r\u00eaver et ont berc\u00e9 mon adolescence. Je suis un fondu de sports et j'essaie de retranscrire ma passion \u00e0 travers mes articles. Originaire du P\u00e9rigord, ma passion pour les Girondins, les Jaunards et les Jazzmen transpire dans mes \u00e9crits. \u00c0 Dicodusport depuis 2021, je d\u00e9niche les sports m\u00e9connus dans lesquels la France brille, et il y en a !\",\"sameAs\":[\"https:\/\/www.facebook.com\/sebastien.gente\/\",\"https:\/\/www.instagram.com\/sebgente\/\",\"https:\/\/www.linkedin.com\/in\/sbastien-gente-a29583169\/\",\"https:\/\/x.com\/https:\/\/twitter.com\/globulo24\",\"SebastienGente\"],\"worksFor\":\"S\u00e9bastien GENTE\",\"url\":\"https:\/\/dicodusport.fr\/blog\/author\/sebastiengente\/\"}]}<\/script>\n<!-- \/ Yoast SEO Premium plugin. -->","yoast_head_json":{"title":"XV de France - XV de France f\u00e9minin : Thomas Darracq nomm\u00e9 s\u00e9lectionneur-entraineur - Dicodusport","description":"RUGBY A XV - La f\u00e9d\u00e9ration a annonc\u00e9 que Thomas Darracq, allait devenir s\u00e9lectionneur entraineur du XV de France f\u00e9minin.","robots":{"index":"index","follow":"follow","max-snippet":"max-snippet:-1","max-image-preview":"max-image-preview:large","max-video-preview":"max-video-preview:-1"},"canonical":"https:\/\/dicodusport.fr\/blog\/xv-de-france-feminin-thomas-darracq-nomme-selectionneur-entraineur\/","og_locale":"fr_FR","og_type":"article","og_title":"XV de France f\u00e9minin : Thomas Darracq nomm\u00e9 s\u00e9lectionneur-entraineur","og_description":"RUGBY A XV - La f\u00e9d\u00e9ration a annonc\u00e9 que Thomas Darracq, allait devenir s\u00e9lectionneur entraineur du XV de France f\u00e9minin.","og_url":"https:\/\/dicodusport.fr\/blog\/xv-de-france-feminin-thomas-darracq-nomme-selectionneur-entraineur\/","og_site_name":"Dicodusport","article_publisher":"https:\/\/www.facebook.com\/dicodusport","article_author":"https:\/\/www.facebook.com\/sebastien.gente\/","article_published_time":"2022-05-31T15:58:17+00:00","article_modified_time":"2022-05-31T16:13:46+00:00","og_image":[{"width":800,"height":445,"url":"https:\/\/dicodusport.fr\/blog\/wp-content\/uploads\/2022\/05\/XV-de-France-feminin-Thomas-Darracq-nomme-selectionneur-entraineur.png","type":"image\/png"}],"author":"S\u00e9bastien Gente","twitter_card":"summary_large_image","twitter_title":"XV de France f\u00e9minin : Thomas Darracq nomm\u00e9 s\u00e9lectionneur-entraineur","twitter_creator":"@https:\/\/twitter.com\/globulo24","twitter_site":"@dicodusport","schema":{"@context":"https:\/\/schema.org","@graph":[{"@type":"NewsArticle","@id":"https:\/\/dicodusport.fr\/blog\/xv-de-france-feminin-thomas-darracq-nomme-selectionneur-entraineur\/#article","isPartOf":{"@id":"https:\/\/dicodusport.fr\/blog\/xv-de-france-feminin-thomas-darracq-nomme-selectionneur-entraineur\/"},"author":{"name":"S\u00e9bastien Gente","@id":"https:\/\/dicodusport.fr\/blog\/#\/schema\/person\/627966a6cde45dbd8c5e36ac85d783da"},"headline":"XV de France f\u00e9minin : Thomas Darracq nomm\u00e9 s\u00e9lectionneur-entraineur","datePublished":"2022-05-31T15:58:17+00:00","dateModified":"2022-05-31T16:13:46+00:00","mainEntityOfPage":{"@id":"https:\/\/dicodusport.fr\/blog\/xv-de-france-feminin-thomas-darracq-nomme-selectionneur-entraineur\/"},"wordCount":300,"commentCount":0,"publisher":{"@id":"https:\/\/dicodusport.fr\/blog\/#organization"},"image":{"@id":"https:\/\/dicodusport.fr\/blog\/xv-de-france-feminin-thomas-darracq-nomme-selectionneur-entraineur\/#primaryimage"},"thumbnailUrl":"https:\/\/dicodusport.fr\/blog\/wp-content\/uploads\/2022\/05\/XV-de-France-feminin-Thomas-Darracq-nomme-selectionneur-entraineur.png","keywords":["Rugby","rugby f\u00e9minin","XV de France f\u00e9minin"],"articleSection":["XV de France"],"inLanguage":"fr-FR","potentialAction":[{"@type":"CommentAction","name":"Comment","target":["https:\/\/dicodusport.fr\/blog\/xv-de-france-feminin-thomas-darracq-nomme-selectionneur-entraineur\/#respond"]}],"copyrightYear":"2022","copyrightHolder":{"@id":"https:\/\/dicodusport.fr\/blog\/#organization"}},{"@type":"WebPage","@id":"https:\/\/dicodusport.fr\/blog\/xv-de-france-feminin-thomas-darracq-nomme-selectionneur-entraineur\/","url":"https:\/\/dicodusport.fr\/blog\/xv-de-france-feminin-thomas-darracq-nomme-selectionneur-entraineur\/","name":"XV de France - XV de France f\u00e9minin : Thomas Darracq nomm\u00e9 s\u00e9lectionneur-entraineur - Dicodusport","isPartOf":{"@id":"https:\/\/dicodusport.fr\/blog\/#website"},"primaryImageOfPage":{"@id":"https:\/\/dicodusport.fr\/blog\/xv-de-france-feminin-thomas-darracq-nomme-selectionneur-entraineur\/#primaryimage"},"image":{"@id":"https:\/\/dicodusport.fr\/blog\/xv-de-france-feminin-thomas-darracq-nomme-selectionneur-entraineur\/#primaryimage"},"thumbnailUrl":"https:\/\/dicodusport.fr\/blog\/wp-content\/uploads\/2022\/05\/XV-de-France-feminin-Thomas-Darracq-nomme-selectionneur-entraineur.png","datePublished":"2022-05-31T15:58:17+00:00","dateModified":"2022-05-31T16:13:46+00:00","description":"RUGBY A XV - La f\u00e9d\u00e9ration a annonc\u00e9 que Thomas Darracq, allait devenir s\u00e9lectionneur entraineur du XV de France f\u00e9minin.","breadcrumb":{"@id":"https:\/\/dicodusport.fr\/blog\/xv-de-france-feminin-thomas-darracq-nomme-selectionneur-entraineur\/#breadcrumb"},"inLanguage":"fr-FR","potentialAction":[{"@type":"ReadAction","target":["https:\/\/dicodusport.fr\/blog\/xv-de-france-feminin-thomas-darracq-nomme-selectionneur-entraineur\/"]}]},{"@type":"ImageObject","inLanguage":"fr-FR","@id":"https:\/\/dicodusport.fr\/blog\/xv-de-france-feminin-thomas-darracq-nomme-selectionneur-entraineur\/#primaryimage","url":"https:\/\/dicodusport.fr\/blog\/wp-content\/uploads\/2022\/05\/XV-de-France-feminin-Thomas-Darracq-nomme-selectionneur-entraineur.png","contentUrl":"https:\/\/dicodusport.fr\/blog\/wp-content\/uploads\/2022\/05\/XV-de-France-feminin-Thomas-Darracq-nomme-selectionneur-entraineur.png","width":800,"height":445,"caption":"XV de France f\u00e9minin Thomas Darracq nomm\u00e9 s\u00e9lectionneur-entraineur"},{"@type":"BreadcrumbList","@id":"https:\/\/dicodusport.fr\/blog\/xv-de-france-feminin-thomas-darracq-nomme-selectionneur-entraineur\/#breadcrumb","itemListElement":[{"@type":"ListItem","position":1,"name":"Accueil","item":"https:\/\/dicodusport.fr\/blog\/"},{"@type":"ListItem","position":2,"name":"XV de France f\u00e9minin : Thomas Darracq nomm\u00e9 s\u00e9lectionneur-entraineur"}]},{"@type":"WebSite","@id":"https:\/\/dicodusport.fr\/blog\/#website","url":"https:\/\/dicodusport.fr\/blog\/","name":"Dicodusport","description":"L&#039;encyclop\u00e9die de l&#039;actualit\u00e9 sportive","publisher":{"@id":"https:\/\/dicodusport.fr\/blog\/#organization"},"potentialAction":[{"@type":"SearchAction","target":{"@type":"EntryPoint","urlTemplate":"https:\/\/dicodusport.fr\/blog\/?s={search_term_string}"},"query-input":{"@type":"PropertyValueSpecification","valueRequired":true,"valueName":"search_term_string"}}],"inLanguage":"fr-FR"},{"@type":"NewsMediaOrganization","@id":"https:\/\/dicodusport.fr\/blog\/#organization","name":"Dicodusport","url":"https:\/\/dicodusport.fr\/blog\/","logo":{"@type":"ImageObject","inLanguage":"fr-FR","@id":"https:\/\/dicodusport.fr\/blog\/#\/schema\/logo\/image\/","url":"https:\/\/dicodusport.fr\/blog\/wp-content\/uploads\/2020\/06\/cropped-LOGO-DICODUSPORT-2020-SANS-FOND-SANS-TEXTE.png","contentUrl":"https:\/\/dicodusport.fr\/blog\/wp-content\/uploads\/2020\/06\/cropped-LOGO-DICODUSPORT-2020-SANS-FOND-SANS-TEXTE.png","width":512,"height":512,"caption":"Dicodusport"},"image":{"@id":"https:\/\/dicodusport.fr\/blog\/#\/schema\/logo\/image\/"},"sameAs":["https:\/\/www.facebook.com\/dicodusport","https:\/\/x.com\/dicodusport","https:\/\/www.instagram.com\/dicodusport\/","https:\/\/www.youtube.com\/channel\/UC7V2KZ5sd3htJivAbA4ZG3w"],"description":"Dicodusport est l'encyclop\u00e9die de l'actualit\u00e9 sportive.","email":"bonjour@dicodusport.fr","legalName":"DICODUSPORT","foundingDate":"2018-01-14","vatID":"FR71834470973","taxID":"83447097300043","numberOfEmployees":{"@type":"QuantitativeValue","minValue":"1","maxValue":"10"}},{"@type":"Person","@id":"https:\/\/dicodusport.fr\/blog\/#\/schema\/person\/627966a6cde45dbd8c5e36ac85d783da","name":"S\u00e9bastien Gente","image":{"@type":"ImageObject","inLanguage":"fr-FR","@id":"https:\/\/dicodusport.fr\/blog\/#\/schema\/person\/image\/","url":"https:\/\/dicodusport.fr\/blog\/wp-content\/uploads\/2021\/09\/1510990_10205810251400683_4124423575079401707_n-150x150.jpg","contentUrl":"https:\/\/dicodusport.fr\/blog\/wp-content\/uploads\/2021\/09\/1510990_10205810251400683_4124423575079401707_n-150x150.jpg","caption":"S\u00e9bastien Gente"},"description":"John Stockton, Gianni Bugno, Zinedine Zidane, Steffi Graf, Frode Andresen, St\u00e9phane Stoecklin, Davis Kamoga, Primoz Peterka, Werner Schlager et Aur\u00e9lien Rougerie. Point commun entre ces sportifs? Ils m'ont fait r\u00eaver et ont berc\u00e9 mon adolescence. Je suis un fondu de sports et j'essaie de retranscrire ma passion \u00e0 travers mes articles. Originaire du P\u00e9rigord, ma passion pour les Girondins, les Jaunards et les Jazzmen transpire dans mes \u00e9crits. \u00c0 Dicodusport depuis 2021, je d\u00e9niche les sports m\u00e9connus dans lesquels la France brille, et il y en a !","sameAs":["https:\/\/www.facebook.com\/sebastien.gente\/","https:\/\/www.instagram.com\/sebgente\/","https:\/\/www.linkedin.com\/in\/sbastien-gente-a29583169\/","https:\/\/x.com\/https:\/\/twitter.com\/globulo24","SebastienGente"],"worksFor":"S\u00e9bastien GENTE","url":"https:\/\/dicodusport.fr\/blog\/author\/sebastiengente\/"}]}},"_links":{"self":[{"href":"https:\/\/dicodusport.fr\/blog\/wp-json\/wp\/v2\/posts\/228512","targetHints":{"allow":["GET"]}}],"collection":[{"href":"https:\/\/dicodusport.fr\/blog\/wp-json\/wp\/v2\/posts"}],"about":[{"href":"https:\/\/dicodusport.fr\/blog\/wp-json\/wp\/v2\/types\/post"}],"author":[{"embeddable":true,"href":"https:\/\/dicodusport.fr\/blog\/wp-json\/wp\/v2\/users\/59"}],"replies":[{"embeddable":true,"href":"https:\/\/dicodusport.fr\/blog\/wp-json\/wp\/v2\/comments?post=228512"}],"version-history":[{"count":0,"href":"https:\/\/dicodusport.fr\/blog\/wp-json\/wp\/v2\/posts\/228512\/revisions"}],"wp:featuredmedia":[{"embeddable":true,"href":"https:\/\/dicodusport.fr\/blog\/wp-json\/wp\/v2\/media\/228516"}],"wp:attachment":[{"href":"https:\/\/dicodusport.fr\/blog\/wp-json\/wp\/v2\/media?parent=228512"}],"wp:term":[{"taxonomy":"category","embeddable":true,"href":"https:\/\/dicodusport.fr\/blog\/wp-json\/wp\/v2\/categories?post=228512"},{"taxonomy":"post_tag","embeddable":true,"href":"https:\/\/dicodusport.fr\/blog\/wp-json\/wp\/v2\/tags?post=228512"}],"curies":[{"name":"wp","href":"https:\/\/api.w.org\/{rel}","templated":true}]}}