{"id":229120,"date":"2022-06-03T08:45:21","date_gmt":"2022-06-03T06:45:21","guid":{"rendered":"https:\/\/dicodusport.fr\/blog\/?p=229120"},"modified":"2022-06-03T09:09:58","modified_gmt":"2022-06-03T07:09:58","slug":"championnats-d-europe-de-trampoline-les-bleus-en-or-par-equipes","status":"publish","type":"post","link":"https:\/\/dicodusport.fr\/blog\/championnats-d-europe-de-trampoline-les-bleus-en-or-par-equipes\/","title":{"rendered":"Championnats d&rsquo;Europe de trampoline : Les Bleus en or par \u00e9quipes !"},"content":{"rendered":"<p style=\"text-align: justify;\"><em><strong>CHAMPIONNATS D&rsquo;EUROPE DE TRAMPOLINE &#8211; Enfin ! Apr\u00e8s 22 ans d&rsquo;attente, l&rsquo;\u00e9quipe de France masculine seniors de trampoline est championne d&rsquo;Europe. Avec un total de 12 points, elle devance de deux unit\u00e9s les vice-champions en titre portugais.<\/strong><\/em><\/p>\n<h2>Fin d&rsquo;une attente interminable<\/h2>\n<p style=\"text-align: justify;\">Ils l&rsquo;ont fait ! M\u00e9daill\u00e9e de bronze l&rsquo;an pass\u00e9 \u00e0 Sotchi, l&rsquo;\u00e9quipe de France a cette fois franchi les deux marches qui manquaient. Sans les deux meilleures nations europ\u00e9ennes pr\u00e9sentent \u00e0 Rimini (Italie) que sont la Russie et la Bi\u00e9lorussie, l&rsquo;exploit des Bleus n&rsquo;en est pas moins retentissant. Pr\u00e9tendants au podium, les Fran\u00e7ais avaient comme plus s\u00e9rieux concurrents les Portugais, m\u00e9daill\u00e9s d&rsquo;argent en titre, juste devant les Bleus en 2021. Avec deux premi\u00e8res places sur trois groupes correspondant \u00e0 5 points, les trampolinistes tricolores \u00e9taient bien au rendez-vous. <strong>Pierre Gouzou<\/strong>, tout d&rsquo;abord, avec une belle note de 53.320 avant qu&rsquo;<strong>Allan Morante<\/strong> signe le deuxi\u00e8me meilleur score de la finale avec 58.970.<\/p>\n<p style=\"text-align: justify;\">Entre-temps, <strong>Morgan Demiro-O-Domiro<\/strong> rapporte deux points avec une note l\u00e9g\u00e8rement inf\u00e9rieure de 56.400. <strong>Florestan Riou<\/strong> accompagnera ses co\u00e9quipiers \u00e9galement sur le podium. Douze points donc, qui suffisent pour battre de deux points les Ib\u00e9riques. Les Britanniques prennent la m\u00e9daille de bronze avec 8 points. C&rsquo;est donc un \u00e9v\u00e9nement pour le trampoline tricolore, qui vient de mettre fin \u00e0 plus de deux d\u00e9cennies de disette dans cette cat\u00e9gorie.<\/p>\n<blockquote class=\"twitter-tweet\">\n<p dir=\"ltr\" lang=\"fr\">[Championnats d&rsquo;Europe TR\/TU] &#x1f4cd;Rimini &#x1f1ee;&#x1f1f9;<\/p>\n<p>L&rsquo;\u00e9quipe de France masculine senior de trampoline est sacr\u00e9e championne d&rsquo;Europe ! 22 ans que cela n&rsquo;\u00e9tait pas arriv\u00e9 ! <a href=\"https:\/\/t.co\/zcffhyMFKW\">pic.twitter.com\/zcffhyMFKW<\/a><\/p>\n<p>\u2014 F\u00e9d\u00e9ration Fran\u00e7aise de Gymnastique (@ffgymnastique) <a href=\"https:\/\/twitter.com\/ffgymnastique\/status\/1532429108013056000?ref_src=twsrc%5Etfw\">June 2, 2022<\/a><\/p><\/blockquote>\n<p><script async src=\"https:\/\/platform.twitter.com\/widgets.js\" charset=\"utf-8\"><\/script><\/p>\n","protected":false},"excerpt":{"rendered":"<p>CHAMPIONNATS D&rsquo;EUROPE DE TRAMPOLINE &#8211; Enfin ! Apr\u00e8s 22 ans d&rsquo;attente, l&rsquo;\u00e9quipe de France masculine seniors de trampoline est championne d&rsquo;Europe. Avec un total de 12 points, elle devance de deux unit\u00e9s les vice-champions en titre portugais.<\/p>\n","protected":false},"author":43,"featured_media":229183,"comment_status":"open","ping_status":"closed","sticky":false,"template":"","format":"standard","meta":{"_acf_changed":false,"_daextam_enable_autolinks":"","footnotes":""},"categories":[10429],"tags":[16385,199,16379],"class_list":["post-229120","post","type-post","status-publish","format-standard","has-post-thumbnail","hentry","category-gymnastique","tag-championnats-deurope-de-trampoline","tag-equipe-de-france","tag-trampoline"],"acf":[],"yoast_head":"<!-- This site is optimized with the Yoast SEO Premium plugin v26.7 (Yoast SEO v26.7) - https:\/\/yoast.com\/wordpress\/plugins\/seo\/ -->\n<title>Championnats d&#039;Europe de trampoline : Les Bleus en or par \u00e9quipes !<\/title>\n<meta name=\"description\" content=\"Premi\u00e8re m\u00e9daille d&#039;or pour les trampolinistes tricolores \u00e0 Rimini. L&#039;\u00e9quipe masculine met fin \u00e0 22 ans d&#039;attente et s&#039;offre le titre.\" \/>\n<meta name=\"robots\" content=\"index, follow, max-snippet:-1, max-image-preview:large, max-video-preview:-1\" \/>\n<link rel=\"canonical\" href=\"https:\/\/dicodusport.fr\/blog\/championnats-d-europe-de-trampoline-les-bleus-en-or-par-equipes\/\" \/>\n<meta property=\"og:locale\" content=\"fr_FR\" \/>\n<meta property=\"og:type\" content=\"article\" \/>\n<meta property=\"og:title\" content=\"Championnats d&#039;Europe de trampoline : Les Bleus en or par \u00e9quipes !\" \/>\n<meta property=\"og:description\" content=\"Premi\u00e8re m\u00e9daille d&#039;or pour les trampolinistes tricolores \u00e0 Rimini. L&#039;\u00e9quipe masculine met fin \u00e0 22 ans d&#039;attente et s&#039;offre le titre.\" \/>\n<meta property=\"og:url\" content=\"https:\/\/dicodusport.fr\/blog\/championnats-d-europe-de-trampoline-les-bleus-en-or-par-equipes\/\" \/>\n<meta property=\"og:site_name\" content=\"Dicodusport\" \/>\n<meta property=\"article:publisher\" content=\"https:\/\/www.facebook.com\/dicodusport\" \/>\n<meta property=\"article:author\" content=\"https:\/\/www.facebook.com\/Max.Bld2\/\" \/>\n<meta property=\"article:published_time\" content=\"2022-06-03T06:45:21+00:00\" \/>\n<meta property=\"article:modified_time\" content=\"2022-06-03T07:09:58+00:00\" \/>\n<meta property=\"og:image\" content=\"https:\/\/dicodusport.fr\/blog\/wp-content\/uploads\/2022\/06\/Championnats-dEurope-de-trampoline-Les-Bleus-en-or-par-equipes-.png\" \/>\n\t<meta property=\"og:image:width\" content=\"800\" \/>\n\t<meta property=\"og:image:height\" content=\"445\" \/>\n\t<meta property=\"og:image:type\" content=\"image\/png\" \/>\n<meta name=\"author\" content=\"Maxime Boulard\" \/>\n<meta name=\"twitter:card\" content=\"summary_large_image\" \/>\n<meta name=\"twitter:title\" content=\"Championnats d&#039;Europe de trampoline : Les Bleus en or par \u00e9quipes !\" \/>\n<meta name=\"twitter:creator\" content=\"@https:\/\/twitter.com\/MaximeB_2\" \/>\n<meta name=\"twitter:site\" content=\"@dicodusport\" \/>\n<script type=\"application\/ld+json\" class=\"yoast-schema-graph\">{\"@context\":\"https:\/\/schema.org\",\"@graph\":[{\"@type\":\"NewsArticle\",\"@id\":\"https:\/\/dicodusport.fr\/blog\/championnats-d-europe-de-trampoline-les-bleus-en-or-par-equipes\/#article\",\"isPartOf\":{\"@id\":\"https:\/\/dicodusport.fr\/blog\/championnats-d-europe-de-trampoline-les-bleus-en-or-par-equipes\/\"},\"author\":{\"name\":\"Maxime Boulard\",\"@id\":\"https:\/\/dicodusport.fr\/blog\/#\/schema\/person\/5aab10ee856e86ac63e9819a9da34784\"},\"headline\":\"Championnats d&rsquo;Europe de trampoline : Les Bleus en or par \u00e9quipes !\",\"datePublished\":\"2022-06-03T06:45:21+00:00\",\"dateModified\":\"2022-06-03T07:09:58+00:00\",\"mainEntityOfPage\":{\"@id\":\"https:\/\/dicodusport.fr\/blog\/championnats-d-europe-de-trampoline-les-bleus-en-or-par-equipes\/\"},\"wordCount\":302,\"commentCount\":0,\"publisher\":{\"@id\":\"https:\/\/dicodusport.fr\/blog\/#organization\"},\"image\":{\"@id\":\"https:\/\/dicodusport.fr\/blog\/championnats-d-europe-de-trampoline-les-bleus-en-or-par-equipes\/#primaryimage\"},\"thumbnailUrl\":\"https:\/\/dicodusport.fr\/blog\/wp-content\/uploads\/2022\/06\/Championnats-dEurope-de-trampoline-Les-Bleus-en-or-par-equipes-.png\",\"keywords\":[\"Championnats d'Europe de trampoline\",\"\u00c9quipe de France\",\"trampoline\"],\"articleSection\":[\"Gymnastique\"],\"inLanguage\":\"fr-FR\",\"potentialAction\":[{\"@type\":\"CommentAction\",\"name\":\"Comment\",\"target\":[\"https:\/\/dicodusport.fr\/blog\/championnats-d-europe-de-trampoline-les-bleus-en-or-par-equipes\/#respond\"]}],\"copyrightYear\":\"2022\",\"copyrightHolder\":{\"@id\":\"https:\/\/dicodusport.fr\/blog\/#organization\"}},{\"@type\":\"WebPage\",\"@id\":\"https:\/\/dicodusport.fr\/blog\/championnats-d-europe-de-trampoline-les-bleus-en-or-par-equipes\/\",\"url\":\"https:\/\/dicodusport.fr\/blog\/championnats-d-europe-de-trampoline-les-bleus-en-or-par-equipes\/\",\"name\":\"Championnats d'Europe de trampoline : Les Bleus en or par \u00e9quipes !\",\"isPartOf\":{\"@id\":\"https:\/\/dicodusport.fr\/blog\/#website\"},\"primaryImageOfPage\":{\"@id\":\"https:\/\/dicodusport.fr\/blog\/championnats-d-europe-de-trampoline-les-bleus-en-or-par-equipes\/#primaryimage\"},\"image\":{\"@id\":\"https:\/\/dicodusport.fr\/blog\/championnats-d-europe-de-trampoline-les-bleus-en-or-par-equipes\/#primaryimage\"},\"thumbnailUrl\":\"https:\/\/dicodusport.fr\/blog\/wp-content\/uploads\/2022\/06\/Championnats-dEurope-de-trampoline-Les-Bleus-en-or-par-equipes-.png\",\"datePublished\":\"2022-06-03T06:45:21+00:00\",\"dateModified\":\"2022-06-03T07:09:58+00:00\",\"description\":\"Premi\u00e8re m\u00e9daille d'or pour les trampolinistes tricolores \u00e0 Rimini. L'\u00e9quipe masculine met fin \u00e0 22 ans d'attente et s'offre le titre.\",\"breadcrumb\":{\"@id\":\"https:\/\/dicodusport.fr\/blog\/championnats-d-europe-de-trampoline-les-bleus-en-or-par-equipes\/#breadcrumb\"},\"inLanguage\":\"fr-FR\",\"potentialAction\":[{\"@type\":\"ReadAction\",\"target\":[\"https:\/\/dicodusport.fr\/blog\/championnats-d-europe-de-trampoline-les-bleus-en-or-par-equipes\/\"]}]},{\"@type\":\"ImageObject\",\"inLanguage\":\"fr-FR\",\"@id\":\"https:\/\/dicodusport.fr\/blog\/championnats-d-europe-de-trampoline-les-bleus-en-or-par-equipes\/#primaryimage\",\"url\":\"https:\/\/dicodusport.fr\/blog\/wp-content\/uploads\/2022\/06\/Championnats-dEurope-de-trampoline-Les-Bleus-en-or-par-equipes-.png\",\"contentUrl\":\"https:\/\/dicodusport.fr\/blog\/wp-content\/uploads\/2022\/06\/Championnats-dEurope-de-trampoline-Les-Bleus-en-or-par-equipes-.png\",\"width\":800,\"height\":445,\"caption\":\"Championnats d'Europe de trampoline Les Bleus en or par \u00e9quipes !\"},{\"@type\":\"BreadcrumbList\",\"@id\":\"https:\/\/dicodusport.fr\/blog\/championnats-d-europe-de-trampoline-les-bleus-en-or-par-equipes\/#breadcrumb\",\"itemListElement\":[{\"@type\":\"ListItem\",\"position\":1,\"name\":\"Accueil\",\"item\":\"https:\/\/dicodusport.fr\/blog\/\"},{\"@type\":\"ListItem\",\"position\":2,\"name\":\"Championnats d&rsquo;Europe de trampoline : Les Bleus en or par \u00e9quipes !\"}]},{\"@type\":\"WebSite\",\"@id\":\"https:\/\/dicodusport.fr\/blog\/#website\",\"url\":\"https:\/\/dicodusport.fr\/blog\/\",\"name\":\"Dicodusport\",\"description\":\"L&#039;encyclop\u00e9die de l&#039;actualit\u00e9 sportive\",\"publisher\":{\"@id\":\"https:\/\/dicodusport.fr\/blog\/#organization\"},\"potentialAction\":[{\"@type\":\"SearchAction\",\"target\":{\"@type\":\"EntryPoint\",\"urlTemplate\":\"https:\/\/dicodusport.fr\/blog\/?s={search_term_string}\"},\"query-input\":{\"@type\":\"PropertyValueSpecification\",\"valueRequired\":true,\"valueName\":\"search_term_string\"}}],\"inLanguage\":\"fr-FR\"},{\"@type\":\"NewsMediaOrganization\",\"@id\":\"https:\/\/dicodusport.fr\/blog\/#organization\",\"name\":\"Dicodusport\",\"url\":\"https:\/\/dicodusport.fr\/blog\/\",\"logo\":{\"@type\":\"ImageObject\",\"inLanguage\":\"fr-FR\",\"@id\":\"https:\/\/dicodusport.fr\/blog\/#\/schema\/logo\/image\/\",\"url\":\"https:\/\/dicodusport.fr\/blog\/wp-content\/uploads\/2020\/06\/cropped-LOGO-DICODUSPORT-2020-SANS-FOND-SANS-TEXTE.png\",\"contentUrl\":\"https:\/\/dicodusport.fr\/blog\/wp-content\/uploads\/2020\/06\/cropped-LOGO-DICODUSPORT-2020-SANS-FOND-SANS-TEXTE.png\",\"width\":512,\"height\":512,\"caption\":\"Dicodusport\"},\"image\":{\"@id\":\"https:\/\/dicodusport.fr\/blog\/#\/schema\/logo\/image\/\"},\"sameAs\":[\"https:\/\/www.facebook.com\/dicodusport\",\"https:\/\/x.com\/dicodusport\",\"https:\/\/www.instagram.com\/dicodusport\/\",\"https:\/\/www.youtube.com\/channel\/UC7V2KZ5sd3htJivAbA4ZG3w\"],\"description\":\"Dicodusport est l'encyclop\u00e9die de l'actualit\u00e9 sportive.\",\"email\":\"bonjour@dicodusport.fr\",\"legalName\":\"DICODUSPORT\",\"foundingDate\":\"2018-01-14\",\"vatID\":\"FR71834470973\",\"taxID\":\"83447097300043\",\"numberOfEmployees\":{\"@type\":\"QuantitativeValue\",\"minValue\":\"1\",\"maxValue\":\"10\"}},{\"@type\":\"Person\",\"@id\":\"https:\/\/dicodusport.fr\/blog\/#\/schema\/person\/5aab10ee856e86ac63e9819a9da34784\",\"name\":\"Maxime Boulard\",\"image\":{\"@type\":\"ImageObject\",\"inLanguage\":\"fr-FR\",\"@id\":\"https:\/\/dicodusport.fr\/blog\/#\/schema\/person\/image\/\",\"url\":\"https:\/\/dicodusport.fr\/blog\/wp-content\/uploads\/2021\/05\/Maxime-Boulard-150x150.jpg\",\"contentUrl\":\"https:\/\/dicodusport.fr\/blog\/wp-content\/uploads\/2021\/05\/Maxime-Boulard-150x150.jpg\",\"caption\":\"Maxime Boulard\"},\"description\":\"Journaliste\/r\u00e9dacteur depuis octobre 2020 - Si mon plus vieux souvenir de sport aurait pu m'en d\u00e9go\u00fbter, la finale de la Coupe du monde 2006 a \u00e9t\u00e9 tout le contraire. V\u00e9ritable d\u00e9clencheur d'une passion qui aujourd'hui ne fait que grandir avec le temps, mon leitmotiv est la France qui brille ! Je relate les exploits pass\u00e9s et pr\u00e9sents du sport bleu-blanc-rouge sans m\u00e9nagement depuis octobre 2020. Sport valide ou handisport, aucune diff\u00e9rence, il n'y a que du sport et plusieurs fa\u00e7ons de le pratiquer.\",\"sameAs\":[\"https:\/\/www.facebook.com\/Max.Bld2\/\",\"https:\/\/x.com\/https:\/\/twitter.com\/MaximeB_2\"],\"url\":\"https:\/\/dicodusport.fr\/blog\/author\/maxime-b\/\"}]}<\/script>\n<!-- \/ Yoast SEO Premium plugin. -->","yoast_head_json":{"title":"Championnats d'Europe de trampoline : Les Bleus en or par \u00e9quipes !","description":"Premi\u00e8re m\u00e9daille d'or pour les trampolinistes tricolores \u00e0 Rimini. L'\u00e9quipe masculine met fin \u00e0 22 ans d'attente et s'offre le titre.","robots":{"index":"index","follow":"follow","max-snippet":"max-snippet:-1","max-image-preview":"max-image-preview:large","max-video-preview":"max-video-preview:-1"},"canonical":"https:\/\/dicodusport.fr\/blog\/championnats-d-europe-de-trampoline-les-bleus-en-or-par-equipes\/","og_locale":"fr_FR","og_type":"article","og_title":"Championnats d'Europe de trampoline : Les Bleus en or par \u00e9quipes !","og_description":"Premi\u00e8re m\u00e9daille d'or pour les trampolinistes tricolores \u00e0 Rimini. L'\u00e9quipe masculine met fin \u00e0 22 ans d'attente et s'offre le titre.","og_url":"https:\/\/dicodusport.fr\/blog\/championnats-d-europe-de-trampoline-les-bleus-en-or-par-equipes\/","og_site_name":"Dicodusport","article_publisher":"https:\/\/www.facebook.com\/dicodusport","article_author":"https:\/\/www.facebook.com\/Max.Bld2\/","article_published_time":"2022-06-03T06:45:21+00:00","article_modified_time":"2022-06-03T07:09:58+00:00","og_image":[{"width":800,"height":445,"url":"https:\/\/dicodusport.fr\/blog\/wp-content\/uploads\/2022\/06\/Championnats-dEurope-de-trampoline-Les-Bleus-en-or-par-equipes-.png","type":"image\/png"}],"author":"Maxime Boulard","twitter_card":"summary_large_image","twitter_title":"Championnats d'Europe de trampoline : Les Bleus en or par \u00e9quipes !","twitter_creator":"@https:\/\/twitter.com\/MaximeB_2","twitter_site":"@dicodusport","schema":{"@context":"https:\/\/schema.org","@graph":[{"@type":"NewsArticle","@id":"https:\/\/dicodusport.fr\/blog\/championnats-d-europe-de-trampoline-les-bleus-en-or-par-equipes\/#article","isPartOf":{"@id":"https:\/\/dicodusport.fr\/blog\/championnats-d-europe-de-trampoline-les-bleus-en-or-par-equipes\/"},"author":{"name":"Maxime Boulard","@id":"https:\/\/dicodusport.fr\/blog\/#\/schema\/person\/5aab10ee856e86ac63e9819a9da34784"},"headline":"Championnats d&rsquo;Europe de trampoline : Les Bleus en or par \u00e9quipes !","datePublished":"2022-06-03T06:45:21+00:00","dateModified":"2022-06-03T07:09:58+00:00","mainEntityOfPage":{"@id":"https:\/\/dicodusport.fr\/blog\/championnats-d-europe-de-trampoline-les-bleus-en-or-par-equipes\/"},"wordCount":302,"commentCount":0,"publisher":{"@id":"https:\/\/dicodusport.fr\/blog\/#organization"},"image":{"@id":"https:\/\/dicodusport.fr\/blog\/championnats-d-europe-de-trampoline-les-bleus-en-or-par-equipes\/#primaryimage"},"thumbnailUrl":"https:\/\/dicodusport.fr\/blog\/wp-content\/uploads\/2022\/06\/Championnats-dEurope-de-trampoline-Les-Bleus-en-or-par-equipes-.png","keywords":["Championnats d'Europe de trampoline","\u00c9quipe de France","trampoline"],"articleSection":["Gymnastique"],"inLanguage":"fr-FR","potentialAction":[{"@type":"CommentAction","name":"Comment","target":["https:\/\/dicodusport.fr\/blog\/championnats-d-europe-de-trampoline-les-bleus-en-or-par-equipes\/#respond"]}],"copyrightYear":"2022","copyrightHolder":{"@id":"https:\/\/dicodusport.fr\/blog\/#organization"}},{"@type":"WebPage","@id":"https:\/\/dicodusport.fr\/blog\/championnats-d-europe-de-trampoline-les-bleus-en-or-par-equipes\/","url":"https:\/\/dicodusport.fr\/blog\/championnats-d-europe-de-trampoline-les-bleus-en-or-par-equipes\/","name":"Championnats d'Europe de trampoline : Les Bleus en or par \u00e9quipes !","isPartOf":{"@id":"https:\/\/dicodusport.fr\/blog\/#website"},"primaryImageOfPage":{"@id":"https:\/\/dicodusport.fr\/blog\/championnats-d-europe-de-trampoline-les-bleus-en-or-par-equipes\/#primaryimage"},"image":{"@id":"https:\/\/dicodusport.fr\/blog\/championnats-d-europe-de-trampoline-les-bleus-en-or-par-equipes\/#primaryimage"},"thumbnailUrl":"https:\/\/dicodusport.fr\/blog\/wp-content\/uploads\/2022\/06\/Championnats-dEurope-de-trampoline-Les-Bleus-en-or-par-equipes-.png","datePublished":"2022-06-03T06:45:21+00:00","dateModified":"2022-06-03T07:09:58+00:00","description":"Premi\u00e8re m\u00e9daille d'or pour les trampolinistes tricolores \u00e0 Rimini. L'\u00e9quipe masculine met fin \u00e0 22 ans d'attente et s'offre le titre.","breadcrumb":{"@id":"https:\/\/dicodusport.fr\/blog\/championnats-d-europe-de-trampoline-les-bleus-en-or-par-equipes\/#breadcrumb"},"inLanguage":"fr-FR","potentialAction":[{"@type":"ReadAction","target":["https:\/\/dicodusport.fr\/blog\/championnats-d-europe-de-trampoline-les-bleus-en-or-par-equipes\/"]}]},{"@type":"ImageObject","inLanguage":"fr-FR","@id":"https:\/\/dicodusport.fr\/blog\/championnats-d-europe-de-trampoline-les-bleus-en-or-par-equipes\/#primaryimage","url":"https:\/\/dicodusport.fr\/blog\/wp-content\/uploads\/2022\/06\/Championnats-dEurope-de-trampoline-Les-Bleus-en-or-par-equipes-.png","contentUrl":"https:\/\/dicodusport.fr\/blog\/wp-content\/uploads\/2022\/06\/Championnats-dEurope-de-trampoline-Les-Bleus-en-or-par-equipes-.png","width":800,"height":445,"caption":"Championnats d'Europe de trampoline Les Bleus en or par \u00e9quipes !"},{"@type":"BreadcrumbList","@id":"https:\/\/dicodusport.fr\/blog\/championnats-d-europe-de-trampoline-les-bleus-en-or-par-equipes\/#breadcrumb","itemListElement":[{"@type":"ListItem","position":1,"name":"Accueil","item":"https:\/\/dicodusport.fr\/blog\/"},{"@type":"ListItem","position":2,"name":"Championnats d&rsquo;Europe de trampoline : Les Bleus en or par \u00e9quipes !"}]},{"@type":"WebSite","@id":"https:\/\/dicodusport.fr\/blog\/#website","url":"https:\/\/dicodusport.fr\/blog\/","name":"Dicodusport","description":"L&#039;encyclop\u00e9die de l&#039;actualit\u00e9 sportive","publisher":{"@id":"https:\/\/dicodusport.fr\/blog\/#organization"},"potentialAction":[{"@type":"SearchAction","target":{"@type":"EntryPoint","urlTemplate":"https:\/\/dicodusport.fr\/blog\/?s={search_term_string}"},"query-input":{"@type":"PropertyValueSpecification","valueRequired":true,"valueName":"search_term_string"}}],"inLanguage":"fr-FR"},{"@type":"NewsMediaOrganization","@id":"https:\/\/dicodusport.fr\/blog\/#organization","name":"Dicodusport","url":"https:\/\/dicodusport.fr\/blog\/","logo":{"@type":"ImageObject","inLanguage":"fr-FR","@id":"https:\/\/dicodusport.fr\/blog\/#\/schema\/logo\/image\/","url":"https:\/\/dicodusport.fr\/blog\/wp-content\/uploads\/2020\/06\/cropped-LOGO-DICODUSPORT-2020-SANS-FOND-SANS-TEXTE.png","contentUrl":"https:\/\/dicodusport.fr\/blog\/wp-content\/uploads\/2020\/06\/cropped-LOGO-DICODUSPORT-2020-SANS-FOND-SANS-TEXTE.png","width":512,"height":512,"caption":"Dicodusport"},"image":{"@id":"https:\/\/dicodusport.fr\/blog\/#\/schema\/logo\/image\/"},"sameAs":["https:\/\/www.facebook.com\/dicodusport","https:\/\/x.com\/dicodusport","https:\/\/www.instagram.com\/dicodusport\/","https:\/\/www.youtube.com\/channel\/UC7V2KZ5sd3htJivAbA4ZG3w"],"description":"Dicodusport est l'encyclop\u00e9die de l'actualit\u00e9 sportive.","email":"bonjour@dicodusport.fr","legalName":"DICODUSPORT","foundingDate":"2018-01-14","vatID":"FR71834470973","taxID":"83447097300043","numberOfEmployees":{"@type":"QuantitativeValue","minValue":"1","maxValue":"10"}},{"@type":"Person","@id":"https:\/\/dicodusport.fr\/blog\/#\/schema\/person\/5aab10ee856e86ac63e9819a9da34784","name":"Maxime Boulard","image":{"@type":"ImageObject","inLanguage":"fr-FR","@id":"https:\/\/dicodusport.fr\/blog\/#\/schema\/person\/image\/","url":"https:\/\/dicodusport.fr\/blog\/wp-content\/uploads\/2021\/05\/Maxime-Boulard-150x150.jpg","contentUrl":"https:\/\/dicodusport.fr\/blog\/wp-content\/uploads\/2021\/05\/Maxime-Boulard-150x150.jpg","caption":"Maxime Boulard"},"description":"Journaliste\/r\u00e9dacteur depuis octobre 2020 - Si mon plus vieux souvenir de sport aurait pu m'en d\u00e9go\u00fbter, la finale de la Coupe du monde 2006 a \u00e9t\u00e9 tout le contraire. V\u00e9ritable d\u00e9clencheur d'une passion qui aujourd'hui ne fait que grandir avec le temps, mon leitmotiv est la France qui brille ! Je relate les exploits pass\u00e9s et pr\u00e9sents du sport bleu-blanc-rouge sans m\u00e9nagement depuis octobre 2020. Sport valide ou handisport, aucune diff\u00e9rence, il n'y a que du sport et plusieurs fa\u00e7ons de le pratiquer.","sameAs":["https:\/\/www.facebook.com\/Max.Bld2\/","https:\/\/x.com\/https:\/\/twitter.com\/MaximeB_2"],"url":"https:\/\/dicodusport.fr\/blog\/author\/maxime-b\/"}]}},"_links":{"self":[{"href":"https:\/\/dicodusport.fr\/blog\/wp-json\/wp\/v2\/posts\/229120","targetHints":{"allow":["GET"]}}],"collection":[{"href":"https:\/\/dicodusport.fr\/blog\/wp-json\/wp\/v2\/posts"}],"about":[{"href":"https:\/\/dicodusport.fr\/blog\/wp-json\/wp\/v2\/types\/post"}],"author":[{"embeddable":true,"href":"https:\/\/dicodusport.fr\/blog\/wp-json\/wp\/v2\/users\/43"}],"replies":[{"embeddable":true,"href":"https:\/\/dicodusport.fr\/blog\/wp-json\/wp\/v2\/comments?post=229120"}],"version-history":[{"count":0,"href":"https:\/\/dicodusport.fr\/blog\/wp-json\/wp\/v2\/posts\/229120\/revisions"}],"wp:featuredmedia":[{"embeddable":true,"href":"https:\/\/dicodusport.fr\/blog\/wp-json\/wp\/v2\/media\/229183"}],"wp:attachment":[{"href":"https:\/\/dicodusport.fr\/blog\/wp-json\/wp\/v2\/media?parent=229120"}],"wp:term":[{"taxonomy":"category","embeddable":true,"href":"https:\/\/dicodusport.fr\/blog\/wp-json\/wp\/v2\/categories?post=229120"},{"taxonomy":"post_tag","embeddable":true,"href":"https:\/\/dicodusport.fr\/blog\/wp-json\/wp\/v2\/tags?post=229120"}],"curies":[{"name":"wp","href":"https:\/\/api.w.org\/{rel}","templated":true}]}}