{"id":229285,"date":"2022-06-03T17:05:41","date_gmt":"2022-06-03T15:05:41","guid":{"rendered":"https:\/\/dicodusport.fr\/blog\/?p=229285&#038;preview=true&#038;preview_id=229285"},"modified":"2022-06-03T18:04:03","modified_gmt":"2022-06-03T16:04:03","slug":"roland-garros-2022-le-francais-gabriel-debru-qualifie-pour-la-finale-chez-les-juniors","status":"publish","type":"post","link":"https:\/\/dicodusport.fr\/blog\/roland-garros-2022-le-francais-gabriel-debru-qualifie-pour-la-finale-chez-les-juniors\/","title":{"rendered":"Roland-Garros 2022 : Le Fran\u00e7ais Gabriel Debru qualifi\u00e9 pour la finale chez les juniors"},"content":{"rendered":"<p style=\"text-align: justify;\"><b><i><a title=\"Roland-Garros 2022 : les tableaux juniors\" href=\"https:\/\/dicodusport.fr\/blog\/roland-garros-2022-les-tableaux-juniors\/\" target=\"_blank\" rel=\"noopener\">Roland-Garros 2022<\/a> &#8211; C&rsquo;est un des ph\u00e9nom\u00e8nes fran\u00e7ais de ce Roland-Garros. Gabriel Debru, 16 ans, s&rsquo;est qualifi\u00e9 cet apr\u00e8s-midi pour la finale du tournoi junior, apr\u00e8s avoir r\u00e9ussi de <a href=\"https:\/\/dicodusport.fr\/blog\/qualifications-roland-garros-les-temps-forts-de-ce-lundi\/\">belles qualifications chez les pros<\/a>. Le n\u00b015 mondial a domin\u00e9 le Croate Prizmic sur l&rsquo;\u00e9trange score de 6\/1 0\/6 6\/3, malgr\u00e9 une coupure de 2h30 en fin de match \u00e0 cause de la pluie. Il affrontera un joueur non-t\u00eate de s\u00e9rie en finale demain.<br \/>\n<\/i><\/b><\/p>\n<p style=\"text-align: justify;\">Subir une interruption de match alors qu&rsquo;on est \u00e0 1 jeu de conclure peut mettre un sacr\u00e9 coup au mental. Pourtant, \u00e7a n&rsquo;a pas perturb\u00e9 <strong>Gabriel Debru<\/strong>. Le match du Fran\u00e7ais de 16 ans a en effet \u00e9t\u00e9 <strong>stopp\u00e9 pendant 2 heures et demie \u00e0 cause d&rsquo;un orage<\/strong> qui s&rsquo;est abattu sur Roland-Garros. Ce alors qu&rsquo;il menait 6\/1 0\/6 5\/2 face au Croate Primzic, du m\u00eame \u00e2ge que lui. \u00c0 son retour sur le court, Debru ne s&rsquo;est pas d\u00e9stabilis\u00e9 et a remis un coup d&rsquo;acc\u00e9l\u00e9rateur au bon moment. Il s&rsquo;impose finalement sur son service, 6\/3 dans le dernier set.<\/p>\n<p style=\"text-align: justify;\">Tout au long du match, Debru a fait parler sa <strong>puissance d\u00e9j\u00e0 impressionnante pour son \u00e2ge<\/strong>. Du haut de son m\u00e8tre 94, il a clairement domin\u00e9 son adversaire croate de ce c\u00f4t\u00e9-l\u00e0. Son jeu offensif a fait des ravages, malgr\u00e9 un gros trou d&rsquo;air sur le second set. M\u00eame s&rsquo;il a commis des fautes, il a pris le jeu \u00e0 son compte. Ce \u00e0 la fois sur son puissant service, derri\u00e8re lequel il a multipli\u00e9 les mont\u00e9es \u00e0 la vol\u00e9e, et sur le service de son adversaire qu&rsquo;il a constamment agress\u00e9 notamment sur seconde balle. Au final,<strong> c&rsquo;est le plus entreprenant des deux qui a \u00e9t\u00e9 r\u00e9compens\u00e9<\/strong>.<\/p>\n<blockquote class=\"twitter-tweet\">\n<p dir=\"ltr\" lang=\"fr\">Chez les Juniors, Gabriel <a href=\"https:\/\/twitter.com\/hashtag\/Debru?src=hash&amp;ref_src=twsrc%5Etfw\">#Debru<\/a> &#x1f1eb;&#x1f1f7; se qualifie pour la finale de <a href=\"https:\/\/twitter.com\/hashtag\/RolandGarros?src=hash&amp;ref_src=twsrc%5Etfw\">#RolandGarros<\/a> ! Ce vendredi, en demies, il \u00e9limine Dino <a href=\"https:\/\/twitter.com\/hashtag\/Prizmic?src=hash&amp;ref_src=twsrc%5Etfw\">#Prizmic<\/a> &#x1f1ed;&#x1f1f7; en trois sets 6-1, 0-6, 6-3. \u00c0 16 ans, ce sera sa premi\u00e8re finale en Grand Chelem. <a href=\"https:\/\/twitter.com\/hashtag\/RG22?src=hash&amp;ref_src=twsrc%5Etfw\">#RG22<\/a><\/p>\n<p>&#x1f4f8; : <a href=\"https:\/\/twitter.com\/FFTennis?ref_src=twsrc%5Etfw\">@FFTennis<\/a> <a href=\"https:\/\/t.co\/EakW33cRl1\">pic.twitter.com\/EakW33cRl1<\/a><\/p>\n<p>\u2014 Jeu, Set Et Match (@jeu_set_etmatch) <a href=\"https:\/\/twitter.com\/jeu_set_etmatch\/status\/1532743245565939712?ref_src=twsrc%5Etfw\">June 3, 2022<\/a><\/p><\/blockquote>\n<p style=\"text-align: justify;\"><script async src=\"https:\/\/platform.twitter.com\/widgets.js\" charset=\"utf-8\"><\/script><\/p>\n<h2 style=\"text-align: justify;\">Un parcours quasiment sans-faute<\/h2>\n<p style=\"text-align: justify;\">M\u00eame s&rsquo;il n&rsquo;est (que) 15\u00e8me mondial chez les juniors, <strong>Debru a outragement domin\u00e9 le tournoi<\/strong>. Avant aujourd&rsquo;hui, il n&rsquo;avait pas perdu un seul set cette semaine. Ce en partie gr\u00e2ce \u00e0 un tirage facile, puisque quasiment toutes les t\u00eates de s\u00e9rie ont \u00e9t\u00e9 \u00e9limin\u00e9es. Mais aussi gr\u00e2ce \u00e0 un <strong>excellent niveau de jeu, confort\u00e9 depuis ses apparitions encourageantes chez les pros<\/strong>.<\/p>\n<p style=\"text-align: justify;\">Depuis Roland-Garros 2021, Debru a en effet disput\u00e9 plusieurs Futures et Challengers. Il a aussi \u00e9t\u00e9 invit\u00e9 sur les qualifications chez les pros cette ann\u00e9e, o\u00f9 il a pass\u00e9 un tour en dominant son compatriote <strong>Arthur Fils<\/strong>. C&rsquo;est ainsi logiquement qu&rsquo;il domine le circuit junior, alors qu&rsquo;il n&rsquo;a pas encore 17 ans. Il disputera la finale demain, pour <strong>succ\u00e9der \u00e0 un autre Fran\u00e7ais, <a href=\"https:\/\/dicodusport.fr\/blog\/roland-garros-luca-van-assche-s-offre-le-titre-chez-les-juniors\/\">Luca Van Assche<\/a><\/strong>. Il sera oppos\u00e9 au vainqueur du match entre le Belge Bailly et le Polonais Pawelski, deux joueurs non-t\u00eates de s\u00e9rie.<\/p>\n","protected":false},"excerpt":{"rendered":"<p>Roland-Garros 2022 &#8211; C&rsquo;est un des ph\u00e9nom\u00e8nes fran\u00e7ais de ce Roland-Garros. Gabriel Debru, 16 ans, s&rsquo;est qualifi\u00e9 cet apr\u00e8s-midi pour la finale du tournoi junior, apr\u00e8s avoir r\u00e9ussi de belles qualifications chez les pros. Le n\u00b015 mondial a domin\u00e9 le Croate Prizmic sur l&rsquo;\u00e9trange score de 6\/1 0\/6 6\/3, malgr\u00e9 une coupure de 2h30 en [&hellip;]<\/p>\n","protected":false},"author":13,"featured_media":229354,"comment_status":"open","ping_status":"closed","sticky":false,"template":"","format":"standard","meta":{"_acf_changed":false,"_daextam_enable_autolinks":"","footnotes":""},"categories":[47090],"tags":[18563,23548],"class_list":["post-229285","post","type-post","status-publish","format-standard","has-post-thumbnail","hentry","category-roland-garros","tag-francais-tennis","tag-gabriel-debru"],"acf":[],"yoast_head":"<!-- This site is optimized with the Yoast SEO Premium plugin v26.7 (Yoast SEO v26.7) - https:\/\/yoast.com\/wordpress\/plugins\/seo\/ -->\n<title>Roland-Garros 2022 : Le Fran\u00e7ais Gabriel Debru qualifi\u00e9 pour la finale chez les juniors<\/title>\n<meta name=\"description\" content=\"Apr\u00e8s son beau parcours en qualifications chez les pros, le Fran\u00e7ais Gabriel Debru (16 ans) jouera la finale du tournoi Juniors demain\" \/>\n<meta name=\"robots\" content=\"index, follow, max-snippet:-1, max-image-preview:large, max-video-preview:-1\" \/>\n<link rel=\"canonical\" href=\"https:\/\/dicodusport.fr\/blog\/roland-garros-2022-le-francais-gabriel-debru-qualifie-pour-la-finale-chez-les-juniors\/\" \/>\n<meta property=\"og:locale\" content=\"fr_FR\" \/>\n<meta property=\"og:type\" content=\"article\" \/>\n<meta property=\"og:title\" content=\"Roland-Garros 2022 : Le Fran\u00e7ais Gabriel Debru qualifi\u00e9 pour la finale chez les juniors\" \/>\n<meta property=\"og:description\" content=\"Apr\u00e8s son beau parcours en qualifications chez les pros, le Fran\u00e7ais Gabriel Debru (16 ans) jouera la finale du tournoi Juniors demain\" \/>\n<meta property=\"og:url\" content=\"https:\/\/dicodusport.fr\/blog\/roland-garros-2022-le-francais-gabriel-debru-qualifie-pour-la-finale-chez-les-juniors\/\" \/>\n<meta property=\"og:site_name\" content=\"Dicodusport\" \/>\n<meta property=\"article:publisher\" content=\"https:\/\/www.facebook.com\/dicodusport\" \/>\n<meta property=\"article:published_time\" content=\"2022-06-03T15:05:41+00:00\" \/>\n<meta property=\"article:modified_time\" content=\"2022-06-03T16:04:03+00:00\" \/>\n<meta property=\"og:image\" content=\"https:\/\/dicodusport.fr\/blog\/wp-content\/uploads\/2022\/06\/roland-garros-2022-le-francais-gabriel-debru-qualifie-pour-la-finale-chez-les-juniors.png\" \/>\n\t<meta property=\"og:image:width\" content=\"800\" \/>\n\t<meta property=\"og:image:height\" content=\"445\" \/>\n\t<meta property=\"og:image:type\" content=\"image\/png\" \/>\n<meta name=\"author\" content=\"Tom Compayrot\" \/>\n<meta name=\"twitter:card\" content=\"summary_large_image\" \/>\n<meta name=\"twitter:title\" content=\"Roland-Garros 2022 : Le Fran\u00e7ais Gabriel Debru qualifi\u00e9 pour la finale chez les juniors\" \/>\n<meta name=\"twitter:creator\" content=\"@https:\/\/twitter.com\/Tom_Cprt\" \/>\n<meta name=\"twitter:site\" content=\"@dicodusport\" \/>\n<script type=\"application\/ld+json\" class=\"yoast-schema-graph\">{\"@context\":\"https:\/\/schema.org\",\"@graph\":[{\"@type\":\"NewsArticle\",\"@id\":\"https:\/\/dicodusport.fr\/blog\/roland-garros-2022-le-francais-gabriel-debru-qualifie-pour-la-finale-chez-les-juniors\/#article\",\"isPartOf\":{\"@id\":\"https:\/\/dicodusport.fr\/blog\/roland-garros-2022-le-francais-gabriel-debru-qualifie-pour-la-finale-chez-les-juniors\/\"},\"author\":{\"name\":\"Tom Compayrot\",\"@id\":\"https:\/\/dicodusport.fr\/blog\/#\/schema\/person\/bf1e4f404e108bd2be5b447b16bde9a7\"},\"headline\":\"Roland-Garros 2022 : Le Fran\u00e7ais Gabriel Debru qualifi\u00e9 pour la finale chez les juniors\",\"datePublished\":\"2022-06-03T15:05:41+00:00\",\"dateModified\":\"2022-06-03T16:04:03+00:00\",\"mainEntityOfPage\":{\"@id\":\"https:\/\/dicodusport.fr\/blog\/roland-garros-2022-le-francais-gabriel-debru-qualifie-pour-la-finale-chez-les-juniors\/\"},\"wordCount\":541,\"commentCount\":0,\"publisher\":{\"@id\":\"https:\/\/dicodusport.fr\/blog\/#organization\"},\"image\":{\"@id\":\"https:\/\/dicodusport.fr\/blog\/roland-garros-2022-le-francais-gabriel-debru-qualifie-pour-la-finale-chez-les-juniors\/#primaryimage\"},\"thumbnailUrl\":\"https:\/\/dicodusport.fr\/blog\/wp-content\/uploads\/2022\/06\/roland-garros-2022-le-francais-gabriel-debru-qualifie-pour-la-finale-chez-les-juniors.png\",\"keywords\":[\"fran\u00e7ais tennis\",\"Gabriel Debru\"],\"articleSection\":[\"Roland-Garros\"],\"inLanguage\":\"fr-FR\",\"potentialAction\":[{\"@type\":\"CommentAction\",\"name\":\"Comment\",\"target\":[\"https:\/\/dicodusport.fr\/blog\/roland-garros-2022-le-francais-gabriel-debru-qualifie-pour-la-finale-chez-les-juniors\/#respond\"]}],\"copyrightYear\":\"2022\",\"copyrightHolder\":{\"@id\":\"https:\/\/dicodusport.fr\/blog\/#organization\"}},{\"@type\":\"WebPage\",\"@id\":\"https:\/\/dicodusport.fr\/blog\/roland-garros-2022-le-francais-gabriel-debru-qualifie-pour-la-finale-chez-les-juniors\/\",\"url\":\"https:\/\/dicodusport.fr\/blog\/roland-garros-2022-le-francais-gabriel-debru-qualifie-pour-la-finale-chez-les-juniors\/\",\"name\":\"Roland-Garros 2022 : Le Fran\u00e7ais Gabriel Debru qualifi\u00e9 pour la finale chez les juniors\",\"isPartOf\":{\"@id\":\"https:\/\/dicodusport.fr\/blog\/#website\"},\"primaryImageOfPage\":{\"@id\":\"https:\/\/dicodusport.fr\/blog\/roland-garros-2022-le-francais-gabriel-debru-qualifie-pour-la-finale-chez-les-juniors\/#primaryimage\"},\"image\":{\"@id\":\"https:\/\/dicodusport.fr\/blog\/roland-garros-2022-le-francais-gabriel-debru-qualifie-pour-la-finale-chez-les-juniors\/#primaryimage\"},\"thumbnailUrl\":\"https:\/\/dicodusport.fr\/blog\/wp-content\/uploads\/2022\/06\/roland-garros-2022-le-francais-gabriel-debru-qualifie-pour-la-finale-chez-les-juniors.png\",\"datePublished\":\"2022-06-03T15:05:41+00:00\",\"dateModified\":\"2022-06-03T16:04:03+00:00\",\"description\":\"Apr\u00e8s son beau parcours en qualifications chez les pros, le Fran\u00e7ais Gabriel Debru (16 ans) jouera la finale du tournoi Juniors demain\",\"breadcrumb\":{\"@id\":\"https:\/\/dicodusport.fr\/blog\/roland-garros-2022-le-francais-gabriel-debru-qualifie-pour-la-finale-chez-les-juniors\/#breadcrumb\"},\"inLanguage\":\"fr-FR\",\"potentialAction\":[{\"@type\":\"ReadAction\",\"target\":[\"https:\/\/dicodusport.fr\/blog\/roland-garros-2022-le-francais-gabriel-debru-qualifie-pour-la-finale-chez-les-juniors\/\"]}]},{\"@type\":\"ImageObject\",\"inLanguage\":\"fr-FR\",\"@id\":\"https:\/\/dicodusport.fr\/blog\/roland-garros-2022-le-francais-gabriel-debru-qualifie-pour-la-finale-chez-les-juniors\/#primaryimage\",\"url\":\"https:\/\/dicodusport.fr\/blog\/wp-content\/uploads\/2022\/06\/roland-garros-2022-le-francais-gabriel-debru-qualifie-pour-la-finale-chez-les-juniors.png\",\"contentUrl\":\"https:\/\/dicodusport.fr\/blog\/wp-content\/uploads\/2022\/06\/roland-garros-2022-le-francais-gabriel-debru-qualifie-pour-la-finale-chez-les-juniors.png\",\"width\":800,\"height\":445},{\"@type\":\"BreadcrumbList\",\"@id\":\"https:\/\/dicodusport.fr\/blog\/roland-garros-2022-le-francais-gabriel-debru-qualifie-pour-la-finale-chez-les-juniors\/#breadcrumb\",\"itemListElement\":[{\"@type\":\"ListItem\",\"position\":1,\"name\":\"Accueil\",\"item\":\"https:\/\/dicodusport.fr\/blog\/\"},{\"@type\":\"ListItem\",\"position\":2,\"name\":\"Roland-Garros 2022 : Le Fran\u00e7ais Gabriel Debru qualifi\u00e9 pour la finale chez les juniors\"}]},{\"@type\":\"WebSite\",\"@id\":\"https:\/\/dicodusport.fr\/blog\/#website\",\"url\":\"https:\/\/dicodusport.fr\/blog\/\",\"name\":\"Dicodusport\",\"description\":\"L&#039;encyclop\u00e9die de l&#039;actualit\u00e9 sportive\",\"publisher\":{\"@id\":\"https:\/\/dicodusport.fr\/blog\/#organization\"},\"potentialAction\":[{\"@type\":\"SearchAction\",\"target\":{\"@type\":\"EntryPoint\",\"urlTemplate\":\"https:\/\/dicodusport.fr\/blog\/?s={search_term_string}\"},\"query-input\":{\"@type\":\"PropertyValueSpecification\",\"valueRequired\":true,\"valueName\":\"search_term_string\"}}],\"inLanguage\":\"fr-FR\"},{\"@type\":\"NewsMediaOrganization\",\"@id\":\"https:\/\/dicodusport.fr\/blog\/#organization\",\"name\":\"Dicodusport\",\"url\":\"https:\/\/dicodusport.fr\/blog\/\",\"logo\":{\"@type\":\"ImageObject\",\"inLanguage\":\"fr-FR\",\"@id\":\"https:\/\/dicodusport.fr\/blog\/#\/schema\/logo\/image\/\",\"url\":\"https:\/\/dicodusport.fr\/blog\/wp-content\/uploads\/2020\/06\/cropped-LOGO-DICODUSPORT-2020-SANS-FOND-SANS-TEXTE.png\",\"contentUrl\":\"https:\/\/dicodusport.fr\/blog\/wp-content\/uploads\/2020\/06\/cropped-LOGO-DICODUSPORT-2020-SANS-FOND-SANS-TEXTE.png\",\"width\":512,\"height\":512,\"caption\":\"Dicodusport\"},\"image\":{\"@id\":\"https:\/\/dicodusport.fr\/blog\/#\/schema\/logo\/image\/\"},\"sameAs\":[\"https:\/\/www.facebook.com\/dicodusport\",\"https:\/\/x.com\/dicodusport\",\"https:\/\/www.instagram.com\/dicodusport\/\",\"https:\/\/www.youtube.com\/channel\/UC7V2KZ5sd3htJivAbA4ZG3w\"],\"description\":\"Dicodusport est l'encyclop\u00e9die de l'actualit\u00e9 sportive.\",\"email\":\"bonjour@dicodusport.fr\",\"legalName\":\"DICODUSPORT\",\"foundingDate\":\"2018-01-14\",\"vatID\":\"FR71834470973\",\"taxID\":\"83447097300043\",\"numberOfEmployees\":{\"@type\":\"QuantitativeValue\",\"minValue\":\"1\",\"maxValue\":\"10\"}},{\"@type\":\"Person\",\"@id\":\"https:\/\/dicodusport.fr\/blog\/#\/schema\/person\/bf1e4f404e108bd2be5b447b16bde9a7\",\"name\":\"Tom Compayrot\",\"image\":{\"@type\":\"ImageObject\",\"inLanguage\":\"fr-FR\",\"@id\":\"https:\/\/dicodusport.fr\/blog\/#\/schema\/person\/image\/\",\"url\":\"https:\/\/dicodusport.fr\/blog\/wp-content\/uploads\/2021\/05\/Tom-Compayrot-150x150.jpg\",\"contentUrl\":\"https:\/\/dicodusport.fr\/blog\/wp-content\/uploads\/2021\/05\/Tom-Compayrot-150x150.jpg\",\"caption\":\"Tom Compayrot\"},\"description\":\"Journaliste\/r\u00e9dacteur depuis mars 2017 - Amoureux de la petite balle jaune et du gros ballon orange qui tra\u00eene sa carcasse sur Dicodusport depuis 2017. Rafael Nadal et LeBron James sont les meilleurs joueurs de l'histoire.\",\"sameAs\":[\"https:\/\/x.com\/https:\/\/twitter.com\/Tom_Cprt\"],\"url\":\"https:\/\/dicodusport.fr\/blog\/author\/tom\/\"}]}<\/script>\n<!-- \/ Yoast SEO Premium plugin. -->","yoast_head_json":{"title":"Roland-Garros 2022 : Le Fran\u00e7ais Gabriel Debru qualifi\u00e9 pour la finale chez les juniors","description":"Apr\u00e8s son beau parcours en qualifications chez les pros, le Fran\u00e7ais Gabriel Debru (16 ans) jouera la finale du tournoi Juniors demain","robots":{"index":"index","follow":"follow","max-snippet":"max-snippet:-1","max-image-preview":"max-image-preview:large","max-video-preview":"max-video-preview:-1"},"canonical":"https:\/\/dicodusport.fr\/blog\/roland-garros-2022-le-francais-gabriel-debru-qualifie-pour-la-finale-chez-les-juniors\/","og_locale":"fr_FR","og_type":"article","og_title":"Roland-Garros 2022 : Le Fran\u00e7ais Gabriel Debru qualifi\u00e9 pour la finale chez les juniors","og_description":"Apr\u00e8s son beau parcours en qualifications chez les pros, le Fran\u00e7ais Gabriel Debru (16 ans) jouera la finale du tournoi Juniors demain","og_url":"https:\/\/dicodusport.fr\/blog\/roland-garros-2022-le-francais-gabriel-debru-qualifie-pour-la-finale-chez-les-juniors\/","og_site_name":"Dicodusport","article_publisher":"https:\/\/www.facebook.com\/dicodusport","article_published_time":"2022-06-03T15:05:41+00:00","article_modified_time":"2022-06-03T16:04:03+00:00","og_image":[{"width":800,"height":445,"url":"https:\/\/dicodusport.fr\/blog\/wp-content\/uploads\/2022\/06\/roland-garros-2022-le-francais-gabriel-debru-qualifie-pour-la-finale-chez-les-juniors.png","type":"image\/png"}],"author":"Tom Compayrot","twitter_card":"summary_large_image","twitter_title":"Roland-Garros 2022 : Le Fran\u00e7ais Gabriel Debru qualifi\u00e9 pour la finale chez les juniors","twitter_creator":"@https:\/\/twitter.com\/Tom_Cprt","twitter_site":"@dicodusport","schema":{"@context":"https:\/\/schema.org","@graph":[{"@type":"NewsArticle","@id":"https:\/\/dicodusport.fr\/blog\/roland-garros-2022-le-francais-gabriel-debru-qualifie-pour-la-finale-chez-les-juniors\/#article","isPartOf":{"@id":"https:\/\/dicodusport.fr\/blog\/roland-garros-2022-le-francais-gabriel-debru-qualifie-pour-la-finale-chez-les-juniors\/"},"author":{"name":"Tom Compayrot","@id":"https:\/\/dicodusport.fr\/blog\/#\/schema\/person\/bf1e4f404e108bd2be5b447b16bde9a7"},"headline":"Roland-Garros 2022 : Le Fran\u00e7ais Gabriel Debru qualifi\u00e9 pour la finale chez les juniors","datePublished":"2022-06-03T15:05:41+00:00","dateModified":"2022-06-03T16:04:03+00:00","mainEntityOfPage":{"@id":"https:\/\/dicodusport.fr\/blog\/roland-garros-2022-le-francais-gabriel-debru-qualifie-pour-la-finale-chez-les-juniors\/"},"wordCount":541,"commentCount":0,"publisher":{"@id":"https:\/\/dicodusport.fr\/blog\/#organization"},"image":{"@id":"https:\/\/dicodusport.fr\/blog\/roland-garros-2022-le-francais-gabriel-debru-qualifie-pour-la-finale-chez-les-juniors\/#primaryimage"},"thumbnailUrl":"https:\/\/dicodusport.fr\/blog\/wp-content\/uploads\/2022\/06\/roland-garros-2022-le-francais-gabriel-debru-qualifie-pour-la-finale-chez-les-juniors.png","keywords":["fran\u00e7ais tennis","Gabriel Debru"],"articleSection":["Roland-Garros"],"inLanguage":"fr-FR","potentialAction":[{"@type":"CommentAction","name":"Comment","target":["https:\/\/dicodusport.fr\/blog\/roland-garros-2022-le-francais-gabriel-debru-qualifie-pour-la-finale-chez-les-juniors\/#respond"]}],"copyrightYear":"2022","copyrightHolder":{"@id":"https:\/\/dicodusport.fr\/blog\/#organization"}},{"@type":"WebPage","@id":"https:\/\/dicodusport.fr\/blog\/roland-garros-2022-le-francais-gabriel-debru-qualifie-pour-la-finale-chez-les-juniors\/","url":"https:\/\/dicodusport.fr\/blog\/roland-garros-2022-le-francais-gabriel-debru-qualifie-pour-la-finale-chez-les-juniors\/","name":"Roland-Garros 2022 : Le Fran\u00e7ais Gabriel Debru qualifi\u00e9 pour la finale chez les juniors","isPartOf":{"@id":"https:\/\/dicodusport.fr\/blog\/#website"},"primaryImageOfPage":{"@id":"https:\/\/dicodusport.fr\/blog\/roland-garros-2022-le-francais-gabriel-debru-qualifie-pour-la-finale-chez-les-juniors\/#primaryimage"},"image":{"@id":"https:\/\/dicodusport.fr\/blog\/roland-garros-2022-le-francais-gabriel-debru-qualifie-pour-la-finale-chez-les-juniors\/#primaryimage"},"thumbnailUrl":"https:\/\/dicodusport.fr\/blog\/wp-content\/uploads\/2022\/06\/roland-garros-2022-le-francais-gabriel-debru-qualifie-pour-la-finale-chez-les-juniors.png","datePublished":"2022-06-03T15:05:41+00:00","dateModified":"2022-06-03T16:04:03+00:00","description":"Apr\u00e8s son beau parcours en qualifications chez les pros, le Fran\u00e7ais Gabriel Debru (16 ans) jouera la finale du tournoi Juniors demain","breadcrumb":{"@id":"https:\/\/dicodusport.fr\/blog\/roland-garros-2022-le-francais-gabriel-debru-qualifie-pour-la-finale-chez-les-juniors\/#breadcrumb"},"inLanguage":"fr-FR","potentialAction":[{"@type":"ReadAction","target":["https:\/\/dicodusport.fr\/blog\/roland-garros-2022-le-francais-gabriel-debru-qualifie-pour-la-finale-chez-les-juniors\/"]}]},{"@type":"ImageObject","inLanguage":"fr-FR","@id":"https:\/\/dicodusport.fr\/blog\/roland-garros-2022-le-francais-gabriel-debru-qualifie-pour-la-finale-chez-les-juniors\/#primaryimage","url":"https:\/\/dicodusport.fr\/blog\/wp-content\/uploads\/2022\/06\/roland-garros-2022-le-francais-gabriel-debru-qualifie-pour-la-finale-chez-les-juniors.png","contentUrl":"https:\/\/dicodusport.fr\/blog\/wp-content\/uploads\/2022\/06\/roland-garros-2022-le-francais-gabriel-debru-qualifie-pour-la-finale-chez-les-juniors.png","width":800,"height":445},{"@type":"BreadcrumbList","@id":"https:\/\/dicodusport.fr\/blog\/roland-garros-2022-le-francais-gabriel-debru-qualifie-pour-la-finale-chez-les-juniors\/#breadcrumb","itemListElement":[{"@type":"ListItem","position":1,"name":"Accueil","item":"https:\/\/dicodusport.fr\/blog\/"},{"@type":"ListItem","position":2,"name":"Roland-Garros 2022 : Le Fran\u00e7ais Gabriel Debru qualifi\u00e9 pour la finale chez les juniors"}]},{"@type":"WebSite","@id":"https:\/\/dicodusport.fr\/blog\/#website","url":"https:\/\/dicodusport.fr\/blog\/","name":"Dicodusport","description":"L&#039;encyclop\u00e9die de l&#039;actualit\u00e9 sportive","publisher":{"@id":"https:\/\/dicodusport.fr\/blog\/#organization"},"potentialAction":[{"@type":"SearchAction","target":{"@type":"EntryPoint","urlTemplate":"https:\/\/dicodusport.fr\/blog\/?s={search_term_string}"},"query-input":{"@type":"PropertyValueSpecification","valueRequired":true,"valueName":"search_term_string"}}],"inLanguage":"fr-FR"},{"@type":"NewsMediaOrganization","@id":"https:\/\/dicodusport.fr\/blog\/#organization","name":"Dicodusport","url":"https:\/\/dicodusport.fr\/blog\/","logo":{"@type":"ImageObject","inLanguage":"fr-FR","@id":"https:\/\/dicodusport.fr\/blog\/#\/schema\/logo\/image\/","url":"https:\/\/dicodusport.fr\/blog\/wp-content\/uploads\/2020\/06\/cropped-LOGO-DICODUSPORT-2020-SANS-FOND-SANS-TEXTE.png","contentUrl":"https:\/\/dicodusport.fr\/blog\/wp-content\/uploads\/2020\/06\/cropped-LOGO-DICODUSPORT-2020-SANS-FOND-SANS-TEXTE.png","width":512,"height":512,"caption":"Dicodusport"},"image":{"@id":"https:\/\/dicodusport.fr\/blog\/#\/schema\/logo\/image\/"},"sameAs":["https:\/\/www.facebook.com\/dicodusport","https:\/\/x.com\/dicodusport","https:\/\/www.instagram.com\/dicodusport\/","https:\/\/www.youtube.com\/channel\/UC7V2KZ5sd3htJivAbA4ZG3w"],"description":"Dicodusport est l'encyclop\u00e9die de l'actualit\u00e9 sportive.","email":"bonjour@dicodusport.fr","legalName":"DICODUSPORT","foundingDate":"2018-01-14","vatID":"FR71834470973","taxID":"83447097300043","numberOfEmployees":{"@type":"QuantitativeValue","minValue":"1","maxValue":"10"}},{"@type":"Person","@id":"https:\/\/dicodusport.fr\/blog\/#\/schema\/person\/bf1e4f404e108bd2be5b447b16bde9a7","name":"Tom Compayrot","image":{"@type":"ImageObject","inLanguage":"fr-FR","@id":"https:\/\/dicodusport.fr\/blog\/#\/schema\/person\/image\/","url":"https:\/\/dicodusport.fr\/blog\/wp-content\/uploads\/2021\/05\/Tom-Compayrot-150x150.jpg","contentUrl":"https:\/\/dicodusport.fr\/blog\/wp-content\/uploads\/2021\/05\/Tom-Compayrot-150x150.jpg","caption":"Tom Compayrot"},"description":"Journaliste\/r\u00e9dacteur depuis mars 2017 - Amoureux de la petite balle jaune et du gros ballon orange qui tra\u00eene sa carcasse sur Dicodusport depuis 2017. Rafael Nadal et LeBron James sont les meilleurs joueurs de l'histoire.","sameAs":["https:\/\/x.com\/https:\/\/twitter.com\/Tom_Cprt"],"url":"https:\/\/dicodusport.fr\/blog\/author\/tom\/"}]}},"_links":{"self":[{"href":"https:\/\/dicodusport.fr\/blog\/wp-json\/wp\/v2\/posts\/229285","targetHints":{"allow":["GET"]}}],"collection":[{"href":"https:\/\/dicodusport.fr\/blog\/wp-json\/wp\/v2\/posts"}],"about":[{"href":"https:\/\/dicodusport.fr\/blog\/wp-json\/wp\/v2\/types\/post"}],"author":[{"embeddable":true,"href":"https:\/\/dicodusport.fr\/blog\/wp-json\/wp\/v2\/users\/13"}],"replies":[{"embeddable":true,"href":"https:\/\/dicodusport.fr\/blog\/wp-json\/wp\/v2\/comments?post=229285"}],"version-history":[{"count":0,"href":"https:\/\/dicodusport.fr\/blog\/wp-json\/wp\/v2\/posts\/229285\/revisions"}],"wp:featuredmedia":[{"embeddable":true,"href":"https:\/\/dicodusport.fr\/blog\/wp-json\/wp\/v2\/media\/229354"}],"wp:attachment":[{"href":"https:\/\/dicodusport.fr\/blog\/wp-json\/wp\/v2\/media?parent=229285"}],"wp:term":[{"taxonomy":"category","embeddable":true,"href":"https:\/\/dicodusport.fr\/blog\/wp-json\/wp\/v2\/categories?post=229285"},{"taxonomy":"post_tag","embeddable":true,"href":"https:\/\/dicodusport.fr\/blog\/wp-json\/wp\/v2\/tags?post=229285"}],"curies":[{"name":"wp","href":"https:\/\/api.w.org\/{rel}","templated":true}]}}