{"id":229348,"date":"2022-06-03T18:14:10","date_gmt":"2022-06-03T16:14:10","guid":{"rendered":"https:\/\/dicodusport.fr\/blog\/?p=229348&#038;preview=true&#038;preview_id=229348"},"modified":"2022-06-03T23:26:08","modified_gmt":"2022-06-03T21:26:08","slug":"liga-le-grand-menage-a-valence-jose-bordalas-quitte-le-club-gennaro-gattuso-le-remplace","status":"publish","type":"post","link":"https:\/\/dicodusport.fr\/blog\/liga-le-grand-menage-a-valence-jose-bordalas-quitte-le-club-gennaro-gattuso-le-remplace\/","title":{"rendered":"Liga : Le grand m\u00e9nage \u00e0 Valence, Jos\u00e9 Bordalas quitte le club, Gennaro Gattuso devrait le remplacer"},"content":{"rendered":"<p style=\"text-align: justify;\"><em><strong>LIGA &#8211; Le club de Valence va vivre une nouvelle \u00e8re cet \u00e9t\u00e9. Exit le pr\u00e9sident du club Anil Murthy d\u00e9mis de ses fonctions, et l&rsquo;entraineur Jos\u00e9 Bordalas. C&rsquo;est l\u2019entra\u00eeneur italien Gennaro Gattuso qui est largement pressenti pour le remplacer.\u00a0<\/strong><\/em><\/p>\n<h2 style=\"text-align: justify;\">Du changement \u00e0 tous les \u00e9tages<\/h2>\n<p style=\"text-align: justify;\">L&rsquo;\u00e9t\u00e9 sera chaud, mais l&rsquo;\u00e9t\u00e9 sera charg\u00e9 pour la direction du FC Valence. Le club espagnol, qui n&rsquo;a termin\u00e9 que 9\u00e8me cette saison en championnat, ne disputera pas de coupe d&rsquo;Europe la saison prochaine. Une d\u00e9ception de plus qui dure depuis d\u00e9sormais trois ans, date de la derni\u00e8re qualification en Ligue des Champions, quand le club des <i>Merengots,\u00a0<\/i>s&rsquo;\u00e9tait arr\u00eat\u00e9 en huiti\u00e8me de finale face \u00e0 l&rsquo;Atalanta Bergame. Un changement qui passe par le d\u00e9part de son pr\u00e9sident <strong>Anil Murthy<\/strong>. <strong>L&rsquo;homme d&rsquo;affaires singapourien d&rsquo;origine indienne a \u00e9t\u00e9 \u00e9vinc\u00e9 de son poste par le conseil d&rsquo;administration, <\/strong>a annonc\u00e9 le club lundi\u00a0dans un communiqu\u00e9.<\/p>\n<blockquote>\n<p style=\"text-align: justify;\">Le Conseil d&rsquo;administration consid\u00e8re qu&rsquo;il faut un changement de leader pour retrouver de la cr\u00e9dibilit\u00e9 au sein des supporters afin de remettre le Valence CF dans la route du succ\u00e8s, a expliqu\u00e9 le club.<strong> C&rsquo;est pourquoi Anil Murthy cesse d&rsquo;\u00eatre le pr\u00e9sident et employ\u00e9 du Valence CF \u00e0 effet imm\u00e9diat.<\/strong><\/p>\n<\/blockquote>\n<div class=\"Article__paragraph\" data-v-b2a6bf6c=\"\">\n<div class=\"Paragraph\" data-v-1b208c60=\"\" data-v-b2a6bf6c=\"\">\n<blockquote class=\"twitter-tweet\">\n<p dir=\"ltr\" lang=\"pt\">COMUNICADO OFICIAL &#x2935;&#xfe0f;<\/p>\n<p>\u2014 Valencia CF (@valenciacf) <a href=\"https:\/\/twitter.com\/valenciacf\/status\/1531248054501879813?ref_src=twsrc%5Etfw\">May 30, 2022<\/a><\/p><\/blockquote>\n<p><script async src=\"https:\/\/platform.twitter.com\/widgets.js\" charset=\"utf-8\"><\/script><\/p>\n<p style=\"text-align: justify;\" data-v-1b208c60=\"\">Le club a d\u00e9cid\u00e9 de limoger <strong>Anil Murthy<\/strong> suite \u00e0 des propos pol\u00e9miques r\u00e9v\u00e9l\u00e9s par le journal sportif espagnol <em>Superdeporte<\/em> en avril dernier. <strong>Ce dernier s&rsquo;\u00e9tait montr\u00e9 critique envers ses propres joueurs, les supporters, d&rsquo;anciens dirigeants mais aussi la f\u00e9d\u00e9ration espagnole.<\/strong> Il sera remplac\u00e9 par<strong> Sean Bai<\/strong>, auparavant directeur de l&rsquo;Acad\u00e9mie du Valence CF, et qui dirigera le club en int\u00e9rim, en attendant qu&rsquo;un nouveau pr\u00e9sident soit \u00e9lu par le conseil d\u2019administration.<\/p>\n<h2 class=\"Paragraph__content\">Un accent italien sur la c\u00f4te valencienne<\/h2>\n<p style=\"text-align: justify;\">Apr\u00e8s le d\u00e9part du pr\u00e9sident c&rsquo;est au tour de l\u2019entra\u00eeneur de faire ses valises<strong>. Le coach Jos\u00e9 Bordelas, arriv\u00e9 en d\u00e9but de saison, n&rsquo;aura finalement pas fait long feu en terre m\u00e9diterran\u00e9enne.<\/strong> Le technicien de 58 ans, qui avait effectu\u00e9 auparavant cinq saisons du c\u00f4t\u00e9 de Getafe, n&rsquo;aura pas r\u00e9ussi \u00e0 relever le club <em>Che<\/em> en championnat, malgr\u00e9 une finale de Coupe du Roi perdue face au Betis S\u00e9ville.<\/p>\n<blockquote class=\"twitter-tweet\">\n<p dir=\"ltr\" lang=\"en\">Gennaro Gattuso has signed his contract as new Valencia head coach until June 2024 plus option for further season. &#x1f987;&#x1f1ee;&#x1f1f9; <a href=\"https:\/\/twitter.com\/hashtag\/Valencia?src=hash&amp;ref_src=twsrc%5Etfw\">#Valencia<\/a> <a href=\"https:\/\/twitter.com\/DiMarzio?ref_src=twsrc%5Etfw\">@DiMarzio<\/a> <a href=\"https:\/\/twitter.com\/SkySport?ref_src=twsrc%5Etfw\">@SkySport<\/a><\/p>\n<p>Official statement on Bordal\u00e1s now matter of hours. &#x2935;&#xfe0f;&#x2705; <a href=\"https:\/\/t.co\/04jEG5exoU\">https:\/\/t.co\/04jEG5exoU<\/a><\/p>\n<p>\u2014 Fabrizio Romano (@FabrizioRomano) <a href=\"https:\/\/twitter.com\/FabrizioRomano\/status\/1532392886783950848?ref_src=twsrc%5Etfw\">June 2, 2022<\/a><\/p><\/blockquote>\n<p><script async src=\"https:\/\/platform.twitter.com\/widgets.js\" charset=\"utf-8\"><\/script><\/p>\n<p style=\"text-align: justify;\">Son rempla\u00e7ant est d\u00e9j\u00e0 annonc\u00e9 depuis quelques jours. Le journaliste Fabrizio Romano a d\u00e9clar\u00e9 que <strong>Gennaro Gattuso, <\/strong>l&rsquo;ancien entra\u00eeneur du Napoli,<strong> devrait d\u00e9barquer en terre valencienne<\/strong>. L&rsquo;ancien joueur de l&rsquo;AC Milan va d\u00e9j\u00e0 conna\u00eetre sa 7\u00e8me exp\u00e9rience en tant que coach sur un banc professionnel. Il avait notamment remport\u00e9 la coupe d&rsquo;Italie avec Naples en 2020. \u00c0 voir si le technicien italien parvient \u00e0 ramener le club de Valence en coupe d&rsquo;Europe.<\/p>\n<\/div>\n<\/div>\n","protected":false},"excerpt":{"rendered":"<p>LIGA &#8211; Le club de Valence va vivre une nouvelle \u00e8re cet \u00e9t\u00e9. Exit le pr\u00e9sident du club Anil Murthy d\u00e9mis de ses fonctions, et l&rsquo;entraineur Jos\u00e9 Bordalas. C&rsquo;est l\u2019entra\u00eeneur italien Gennaro Gattuso qui est largement pressenti pour le remplacer.\u00a0 Du changement \u00e0 tous les \u00e9tages L&rsquo;\u00e9t\u00e9 sera chaud, mais l&rsquo;\u00e9t\u00e9 sera charg\u00e9 pour la [&hellip;]<\/p>\n","protected":false},"author":73,"featured_media":229389,"comment_status":"open","ping_status":"closed","sticky":false,"template":"","format":"standard","meta":{"_acf_changed":false,"_daextam_enable_autolinks":"","footnotes":""},"categories":[2301],"tags":[9976,75,4204],"class_list":["post-229348","post","type-post","status-publish","format-standard","has-post-thumbnail","hentry","category-football","tag-fc-valence","tag-football","tag-liga"],"acf":[],"yoast_head":"<!-- This site is optimized with the Yoast SEO Premium plugin v26.7 (Yoast SEO v26.7) - https:\/\/yoast.com\/wordpress\/plugins\/seo\/ -->\n<title>Liga : Le grand m\u00e9nage \u00e0 Valence, Jos\u00e9 Bordalas quitte le club, Gennaro Gattuso devrait le remplacer<\/title>\n<meta name=\"description\" content=\"LIGA - Exit le pr\u00e9sident Anil Murthy et l&#039;entraineur Jos\u00e9 Bordalas. Gennaro Gattuso devrait le remplacer sur le banc de Valence.\" \/>\n<meta name=\"robots\" content=\"index, follow, max-snippet:-1, max-image-preview:large, max-video-preview:-1\" \/>\n<link rel=\"canonical\" href=\"https:\/\/dicodusport.fr\/blog\/liga-le-grand-menage-a-valence-jose-bordalas-quitte-le-club-gennaro-gattuso-le-remplace\/\" \/>\n<meta property=\"og:locale\" content=\"fr_FR\" \/>\n<meta property=\"og:type\" content=\"article\" \/>\n<meta property=\"og:title\" content=\"Liga : Le grand m\u00e9nage \u00e0 Valence, Jos\u00e9 Bordalas quitte le club, Gennaro Gattuso devrait le remplacer\" \/>\n<meta property=\"og:description\" content=\"LIGA - Exit le pr\u00e9sident Anil Murthy et l&#039;entraineur Jos\u00e9 Bordalas. Gennaro Gattuso devrait le remplacer sur le banc de Valence.\" \/>\n<meta property=\"og:url\" content=\"https:\/\/dicodusport.fr\/blog\/liga-le-grand-menage-a-valence-jose-bordalas-quitte-le-club-gennaro-gattuso-le-remplace\/\" \/>\n<meta property=\"og:site_name\" content=\"Dicodusport\" \/>\n<meta property=\"article:publisher\" content=\"https:\/\/www.facebook.com\/dicodusport\" \/>\n<meta property=\"article:published_time\" content=\"2022-06-03T16:14:10+00:00\" \/>\n<meta property=\"article:modified_time\" content=\"2022-06-03T21:26:08+00:00\" \/>\n<meta property=\"og:image\" content=\"https:\/\/dicodusport.fr\/blog\/wp-content\/uploads\/2022\/06\/Liga-Le-grand-menage-a-Valence-Jose-Bordalas-quitte-le-club-Gennaro-Gattuso-devrait-le-remplacer.png\" \/>\n\t<meta property=\"og:image:width\" content=\"800\" \/>\n\t<meta property=\"og:image:height\" content=\"445\" \/>\n\t<meta property=\"og:image:type\" content=\"image\/png\" \/>\n<meta name=\"author\" content=\"Romain Fiore\" \/>\n<meta name=\"twitter:card\" content=\"summary_large_image\" \/>\n<meta name=\"twitter:title\" content=\"Liga : Le grand m\u00e9nage \u00e0 Valence, Jos\u00e9 Bordalas quitte le club, Gennaro Gattuso devrait le remplacer\" \/>\n<meta name=\"twitter:creator\" content=\"@https:\/\/twitter.com\/romain_fiore\" \/>\n<meta name=\"twitter:site\" content=\"@dicodusport\" \/>\n<script type=\"application\/ld+json\" class=\"yoast-schema-graph\">{\"@context\":\"https:\/\/schema.org\",\"@graph\":[{\"@type\":\"NewsArticle\",\"@id\":\"https:\/\/dicodusport.fr\/blog\/liga-le-grand-menage-a-valence-jose-bordalas-quitte-le-club-gennaro-gattuso-le-remplace\/#article\",\"isPartOf\":{\"@id\":\"https:\/\/dicodusport.fr\/blog\/liga-le-grand-menage-a-valence-jose-bordalas-quitte-le-club-gennaro-gattuso-le-remplace\/\"},\"author\":{\"name\":\"Romain Fiore\",\"@id\":\"https:\/\/dicodusport.fr\/blog\/#\/schema\/person\/7ca91cb9956847cfcdf25671708a6e4f\"},\"headline\":\"Liga : Le grand m\u00e9nage \u00e0 Valence, Jos\u00e9 Bordalas quitte le club, Gennaro Gattuso devrait le remplacer\",\"datePublished\":\"2022-06-03T16:14:10+00:00\",\"dateModified\":\"2022-06-03T21:26:08+00:00\",\"mainEntityOfPage\":{\"@id\":\"https:\/\/dicodusport.fr\/blog\/liga-le-grand-menage-a-valence-jose-bordalas-quitte-le-club-gennaro-gattuso-le-remplace\/\"},\"wordCount\":561,\"commentCount\":0,\"publisher\":{\"@id\":\"https:\/\/dicodusport.fr\/blog\/#organization\"},\"image\":{\"@id\":\"https:\/\/dicodusport.fr\/blog\/liga-le-grand-menage-a-valence-jose-bordalas-quitte-le-club-gennaro-gattuso-le-remplace\/#primaryimage\"},\"thumbnailUrl\":\"https:\/\/dicodusport.fr\/blog\/wp-content\/uploads\/2022\/06\/Liga-Le-grand-menage-a-Valence-Jose-Bordalas-quitte-le-club-Gennaro-Gattuso-devrait-le-remplacer.png\",\"keywords\":[\"FC Valence\",\"Football\",\"Liga\"],\"articleSection\":[\"Football\"],\"inLanguage\":\"fr-FR\",\"potentialAction\":[{\"@type\":\"CommentAction\",\"name\":\"Comment\",\"target\":[\"https:\/\/dicodusport.fr\/blog\/liga-le-grand-menage-a-valence-jose-bordalas-quitte-le-club-gennaro-gattuso-le-remplace\/#respond\"]}],\"copyrightYear\":\"2022\",\"copyrightHolder\":{\"@id\":\"https:\/\/dicodusport.fr\/blog\/#organization\"}},{\"@type\":\"WebPage\",\"@id\":\"https:\/\/dicodusport.fr\/blog\/liga-le-grand-menage-a-valence-jose-bordalas-quitte-le-club-gennaro-gattuso-le-remplace\/\",\"url\":\"https:\/\/dicodusport.fr\/blog\/liga-le-grand-menage-a-valence-jose-bordalas-quitte-le-club-gennaro-gattuso-le-remplace\/\",\"name\":\"Liga : Le grand m\u00e9nage \u00e0 Valence, Jos\u00e9 Bordalas quitte le club, Gennaro Gattuso devrait le remplacer\",\"isPartOf\":{\"@id\":\"https:\/\/dicodusport.fr\/blog\/#website\"},\"primaryImageOfPage\":{\"@id\":\"https:\/\/dicodusport.fr\/blog\/liga-le-grand-menage-a-valence-jose-bordalas-quitte-le-club-gennaro-gattuso-le-remplace\/#primaryimage\"},\"image\":{\"@id\":\"https:\/\/dicodusport.fr\/blog\/liga-le-grand-menage-a-valence-jose-bordalas-quitte-le-club-gennaro-gattuso-le-remplace\/#primaryimage\"},\"thumbnailUrl\":\"https:\/\/dicodusport.fr\/blog\/wp-content\/uploads\/2022\/06\/Liga-Le-grand-menage-a-Valence-Jose-Bordalas-quitte-le-club-Gennaro-Gattuso-devrait-le-remplacer.png\",\"datePublished\":\"2022-06-03T16:14:10+00:00\",\"dateModified\":\"2022-06-03T21:26:08+00:00\",\"description\":\"LIGA - Exit le pr\u00e9sident Anil Murthy et l'entraineur Jos\u00e9 Bordalas. Gennaro Gattuso devrait le remplacer sur le banc de Valence.\",\"breadcrumb\":{\"@id\":\"https:\/\/dicodusport.fr\/blog\/liga-le-grand-menage-a-valence-jose-bordalas-quitte-le-club-gennaro-gattuso-le-remplace\/#breadcrumb\"},\"inLanguage\":\"fr-FR\",\"potentialAction\":[{\"@type\":\"ReadAction\",\"target\":[\"https:\/\/dicodusport.fr\/blog\/liga-le-grand-menage-a-valence-jose-bordalas-quitte-le-club-gennaro-gattuso-le-remplace\/\"]}]},{\"@type\":\"ImageObject\",\"inLanguage\":\"fr-FR\",\"@id\":\"https:\/\/dicodusport.fr\/blog\/liga-le-grand-menage-a-valence-jose-bordalas-quitte-le-club-gennaro-gattuso-le-remplace\/#primaryimage\",\"url\":\"https:\/\/dicodusport.fr\/blog\/wp-content\/uploads\/2022\/06\/Liga-Le-grand-menage-a-Valence-Jose-Bordalas-quitte-le-club-Gennaro-Gattuso-devrait-le-remplacer.png\",\"contentUrl\":\"https:\/\/dicodusport.fr\/blog\/wp-content\/uploads\/2022\/06\/Liga-Le-grand-menage-a-Valence-Jose-Bordalas-quitte-le-club-Gennaro-Gattuso-devrait-le-remplacer.png\",\"width\":800,\"height\":445,\"caption\":\"Liga Le grand m\u00e9nage \u00e0 Valence, Jos\u00e9 Bordalas quitte le club, Gennaro Gattuso devrait le remplacer\"},{\"@type\":\"BreadcrumbList\",\"@id\":\"https:\/\/dicodusport.fr\/blog\/liga-le-grand-menage-a-valence-jose-bordalas-quitte-le-club-gennaro-gattuso-le-remplace\/#breadcrumb\",\"itemListElement\":[{\"@type\":\"ListItem\",\"position\":1,\"name\":\"Accueil\",\"item\":\"https:\/\/dicodusport.fr\/blog\/\"},{\"@type\":\"ListItem\",\"position\":2,\"name\":\"Liga : Le grand m\u00e9nage \u00e0 Valence, Jos\u00e9 Bordalas quitte le club, Gennaro Gattuso devrait le remplacer\"}]},{\"@type\":\"WebSite\",\"@id\":\"https:\/\/dicodusport.fr\/blog\/#website\",\"url\":\"https:\/\/dicodusport.fr\/blog\/\",\"name\":\"Dicodusport\",\"description\":\"L&#039;encyclop\u00e9die de l&#039;actualit\u00e9 sportive\",\"publisher\":{\"@id\":\"https:\/\/dicodusport.fr\/blog\/#organization\"},\"potentialAction\":[{\"@type\":\"SearchAction\",\"target\":{\"@type\":\"EntryPoint\",\"urlTemplate\":\"https:\/\/dicodusport.fr\/blog\/?s={search_term_string}\"},\"query-input\":{\"@type\":\"PropertyValueSpecification\",\"valueRequired\":true,\"valueName\":\"search_term_string\"}}],\"inLanguage\":\"fr-FR\"},{\"@type\":\"NewsMediaOrganization\",\"@id\":\"https:\/\/dicodusport.fr\/blog\/#organization\",\"name\":\"Dicodusport\",\"url\":\"https:\/\/dicodusport.fr\/blog\/\",\"logo\":{\"@type\":\"ImageObject\",\"inLanguage\":\"fr-FR\",\"@id\":\"https:\/\/dicodusport.fr\/blog\/#\/schema\/logo\/image\/\",\"url\":\"https:\/\/dicodusport.fr\/blog\/wp-content\/uploads\/2020\/06\/cropped-LOGO-DICODUSPORT-2020-SANS-FOND-SANS-TEXTE.png\",\"contentUrl\":\"https:\/\/dicodusport.fr\/blog\/wp-content\/uploads\/2020\/06\/cropped-LOGO-DICODUSPORT-2020-SANS-FOND-SANS-TEXTE.png\",\"width\":512,\"height\":512,\"caption\":\"Dicodusport\"},\"image\":{\"@id\":\"https:\/\/dicodusport.fr\/blog\/#\/schema\/logo\/image\/\"},\"sameAs\":[\"https:\/\/www.facebook.com\/dicodusport\",\"https:\/\/x.com\/dicodusport\",\"https:\/\/www.instagram.com\/dicodusport\/\",\"https:\/\/www.youtube.com\/channel\/UC7V2KZ5sd3htJivAbA4ZG3w\"],\"description\":\"Dicodusport est l'encyclop\u00e9die de l'actualit\u00e9 sportive.\",\"email\":\"bonjour@dicodusport.fr\",\"legalName\":\"DICODUSPORT\",\"foundingDate\":\"2018-01-14\",\"vatID\":\"FR71834470973\",\"taxID\":\"83447097300043\",\"numberOfEmployees\":{\"@type\":\"QuantitativeValue\",\"minValue\":\"1\",\"maxValue\":\"10\"}},{\"@type\":\"Person\",\"@id\":\"https:\/\/dicodusport.fr\/blog\/#\/schema\/person\/7ca91cb9956847cfcdf25671708a6e4f\",\"name\":\"Romain Fiore\",\"image\":{\"@type\":\"ImageObject\",\"inLanguage\":\"fr-FR\",\"@id\":\"https:\/\/dicodusport.fr\/blog\/#\/schema\/person\/image\/\",\"url\":\"https:\/\/dicodusport.fr\/blog\/wp-content\/uploads\/2022\/06\/IMG_2931-150x150.jpg\",\"contentUrl\":\"https:\/\/dicodusport.fr\/blog\/wp-content\/uploads\/2022\/06\/IMG_2931-150x150.jpg\",\"caption\":\"Romain Fiore\"},\"description\":\"Fan absolu de foot et d'un certain club \u00e0 l'\u00e9toile en bleu et blanc. Amateur de beau jeu et d'Argentins au pied gauche magique. Passionn\u00e9 de sport US (NBA, NFL, MLS) et loyal \u00e0 la Damian Lillard. Je suis l\u00e0 pour vous apporter tout ce que le sport peut nous donner.\",\"sameAs\":[\"https:\/\/www.linkedin.com\/in\/romain-fiore-191a451b6\/\",\"https:\/\/x.com\/https:\/\/twitter.com\/romain_fiore\"],\"url\":\"https:\/\/dicodusport.fr\/blog\/author\/romain-fiore\/\"}]}<\/script>\n<!-- \/ Yoast SEO Premium plugin. -->","yoast_head_json":{"title":"Liga : Le grand m\u00e9nage \u00e0 Valence, Jos\u00e9 Bordalas quitte le club, Gennaro Gattuso devrait le remplacer","description":"LIGA - Exit le pr\u00e9sident Anil Murthy et l'entraineur Jos\u00e9 Bordalas. Gennaro Gattuso devrait le remplacer sur le banc de Valence.","robots":{"index":"index","follow":"follow","max-snippet":"max-snippet:-1","max-image-preview":"max-image-preview:large","max-video-preview":"max-video-preview:-1"},"canonical":"https:\/\/dicodusport.fr\/blog\/liga-le-grand-menage-a-valence-jose-bordalas-quitte-le-club-gennaro-gattuso-le-remplace\/","og_locale":"fr_FR","og_type":"article","og_title":"Liga : Le grand m\u00e9nage \u00e0 Valence, Jos\u00e9 Bordalas quitte le club, Gennaro Gattuso devrait le remplacer","og_description":"LIGA - Exit le pr\u00e9sident Anil Murthy et l'entraineur Jos\u00e9 Bordalas. Gennaro Gattuso devrait le remplacer sur le banc de Valence.","og_url":"https:\/\/dicodusport.fr\/blog\/liga-le-grand-menage-a-valence-jose-bordalas-quitte-le-club-gennaro-gattuso-le-remplace\/","og_site_name":"Dicodusport","article_publisher":"https:\/\/www.facebook.com\/dicodusport","article_published_time":"2022-06-03T16:14:10+00:00","article_modified_time":"2022-06-03T21:26:08+00:00","og_image":[{"width":800,"height":445,"url":"https:\/\/dicodusport.fr\/blog\/wp-content\/uploads\/2022\/06\/Liga-Le-grand-menage-a-Valence-Jose-Bordalas-quitte-le-club-Gennaro-Gattuso-devrait-le-remplacer.png","type":"image\/png"}],"author":"Romain Fiore","twitter_card":"summary_large_image","twitter_title":"Liga : Le grand m\u00e9nage \u00e0 Valence, Jos\u00e9 Bordalas quitte le club, Gennaro Gattuso devrait le remplacer","twitter_creator":"@https:\/\/twitter.com\/romain_fiore","twitter_site":"@dicodusport","schema":{"@context":"https:\/\/schema.org","@graph":[{"@type":"NewsArticle","@id":"https:\/\/dicodusport.fr\/blog\/liga-le-grand-menage-a-valence-jose-bordalas-quitte-le-club-gennaro-gattuso-le-remplace\/#article","isPartOf":{"@id":"https:\/\/dicodusport.fr\/blog\/liga-le-grand-menage-a-valence-jose-bordalas-quitte-le-club-gennaro-gattuso-le-remplace\/"},"author":{"name":"Romain Fiore","@id":"https:\/\/dicodusport.fr\/blog\/#\/schema\/person\/7ca91cb9956847cfcdf25671708a6e4f"},"headline":"Liga : Le grand m\u00e9nage \u00e0 Valence, Jos\u00e9 Bordalas quitte le club, Gennaro Gattuso devrait le remplacer","datePublished":"2022-06-03T16:14:10+00:00","dateModified":"2022-06-03T21:26:08+00:00","mainEntityOfPage":{"@id":"https:\/\/dicodusport.fr\/blog\/liga-le-grand-menage-a-valence-jose-bordalas-quitte-le-club-gennaro-gattuso-le-remplace\/"},"wordCount":561,"commentCount":0,"publisher":{"@id":"https:\/\/dicodusport.fr\/blog\/#organization"},"image":{"@id":"https:\/\/dicodusport.fr\/blog\/liga-le-grand-menage-a-valence-jose-bordalas-quitte-le-club-gennaro-gattuso-le-remplace\/#primaryimage"},"thumbnailUrl":"https:\/\/dicodusport.fr\/blog\/wp-content\/uploads\/2022\/06\/Liga-Le-grand-menage-a-Valence-Jose-Bordalas-quitte-le-club-Gennaro-Gattuso-devrait-le-remplacer.png","keywords":["FC Valence","Football","Liga"],"articleSection":["Football"],"inLanguage":"fr-FR","potentialAction":[{"@type":"CommentAction","name":"Comment","target":["https:\/\/dicodusport.fr\/blog\/liga-le-grand-menage-a-valence-jose-bordalas-quitte-le-club-gennaro-gattuso-le-remplace\/#respond"]}],"copyrightYear":"2022","copyrightHolder":{"@id":"https:\/\/dicodusport.fr\/blog\/#organization"}},{"@type":"WebPage","@id":"https:\/\/dicodusport.fr\/blog\/liga-le-grand-menage-a-valence-jose-bordalas-quitte-le-club-gennaro-gattuso-le-remplace\/","url":"https:\/\/dicodusport.fr\/blog\/liga-le-grand-menage-a-valence-jose-bordalas-quitte-le-club-gennaro-gattuso-le-remplace\/","name":"Liga : Le grand m\u00e9nage \u00e0 Valence, Jos\u00e9 Bordalas quitte le club, Gennaro Gattuso devrait le remplacer","isPartOf":{"@id":"https:\/\/dicodusport.fr\/blog\/#website"},"primaryImageOfPage":{"@id":"https:\/\/dicodusport.fr\/blog\/liga-le-grand-menage-a-valence-jose-bordalas-quitte-le-club-gennaro-gattuso-le-remplace\/#primaryimage"},"image":{"@id":"https:\/\/dicodusport.fr\/blog\/liga-le-grand-menage-a-valence-jose-bordalas-quitte-le-club-gennaro-gattuso-le-remplace\/#primaryimage"},"thumbnailUrl":"https:\/\/dicodusport.fr\/blog\/wp-content\/uploads\/2022\/06\/Liga-Le-grand-menage-a-Valence-Jose-Bordalas-quitte-le-club-Gennaro-Gattuso-devrait-le-remplacer.png","datePublished":"2022-06-03T16:14:10+00:00","dateModified":"2022-06-03T21:26:08+00:00","description":"LIGA - Exit le pr\u00e9sident Anil Murthy et l'entraineur Jos\u00e9 Bordalas. Gennaro Gattuso devrait le remplacer sur le banc de Valence.","breadcrumb":{"@id":"https:\/\/dicodusport.fr\/blog\/liga-le-grand-menage-a-valence-jose-bordalas-quitte-le-club-gennaro-gattuso-le-remplace\/#breadcrumb"},"inLanguage":"fr-FR","potentialAction":[{"@type":"ReadAction","target":["https:\/\/dicodusport.fr\/blog\/liga-le-grand-menage-a-valence-jose-bordalas-quitte-le-club-gennaro-gattuso-le-remplace\/"]}]},{"@type":"ImageObject","inLanguage":"fr-FR","@id":"https:\/\/dicodusport.fr\/blog\/liga-le-grand-menage-a-valence-jose-bordalas-quitte-le-club-gennaro-gattuso-le-remplace\/#primaryimage","url":"https:\/\/dicodusport.fr\/blog\/wp-content\/uploads\/2022\/06\/Liga-Le-grand-menage-a-Valence-Jose-Bordalas-quitte-le-club-Gennaro-Gattuso-devrait-le-remplacer.png","contentUrl":"https:\/\/dicodusport.fr\/blog\/wp-content\/uploads\/2022\/06\/Liga-Le-grand-menage-a-Valence-Jose-Bordalas-quitte-le-club-Gennaro-Gattuso-devrait-le-remplacer.png","width":800,"height":445,"caption":"Liga Le grand m\u00e9nage \u00e0 Valence, Jos\u00e9 Bordalas quitte le club, Gennaro Gattuso devrait le remplacer"},{"@type":"BreadcrumbList","@id":"https:\/\/dicodusport.fr\/blog\/liga-le-grand-menage-a-valence-jose-bordalas-quitte-le-club-gennaro-gattuso-le-remplace\/#breadcrumb","itemListElement":[{"@type":"ListItem","position":1,"name":"Accueil","item":"https:\/\/dicodusport.fr\/blog\/"},{"@type":"ListItem","position":2,"name":"Liga : Le grand m\u00e9nage \u00e0 Valence, Jos\u00e9 Bordalas quitte le club, Gennaro Gattuso devrait le remplacer"}]},{"@type":"WebSite","@id":"https:\/\/dicodusport.fr\/blog\/#website","url":"https:\/\/dicodusport.fr\/blog\/","name":"Dicodusport","description":"L&#039;encyclop\u00e9die de l&#039;actualit\u00e9 sportive","publisher":{"@id":"https:\/\/dicodusport.fr\/blog\/#organization"},"potentialAction":[{"@type":"SearchAction","target":{"@type":"EntryPoint","urlTemplate":"https:\/\/dicodusport.fr\/blog\/?s={search_term_string}"},"query-input":{"@type":"PropertyValueSpecification","valueRequired":true,"valueName":"search_term_string"}}],"inLanguage":"fr-FR"},{"@type":"NewsMediaOrganization","@id":"https:\/\/dicodusport.fr\/blog\/#organization","name":"Dicodusport","url":"https:\/\/dicodusport.fr\/blog\/","logo":{"@type":"ImageObject","inLanguage":"fr-FR","@id":"https:\/\/dicodusport.fr\/blog\/#\/schema\/logo\/image\/","url":"https:\/\/dicodusport.fr\/blog\/wp-content\/uploads\/2020\/06\/cropped-LOGO-DICODUSPORT-2020-SANS-FOND-SANS-TEXTE.png","contentUrl":"https:\/\/dicodusport.fr\/blog\/wp-content\/uploads\/2020\/06\/cropped-LOGO-DICODUSPORT-2020-SANS-FOND-SANS-TEXTE.png","width":512,"height":512,"caption":"Dicodusport"},"image":{"@id":"https:\/\/dicodusport.fr\/blog\/#\/schema\/logo\/image\/"},"sameAs":["https:\/\/www.facebook.com\/dicodusport","https:\/\/x.com\/dicodusport","https:\/\/www.instagram.com\/dicodusport\/","https:\/\/www.youtube.com\/channel\/UC7V2KZ5sd3htJivAbA4ZG3w"],"description":"Dicodusport est l'encyclop\u00e9die de l'actualit\u00e9 sportive.","email":"bonjour@dicodusport.fr","legalName":"DICODUSPORT","foundingDate":"2018-01-14","vatID":"FR71834470973","taxID":"83447097300043","numberOfEmployees":{"@type":"QuantitativeValue","minValue":"1","maxValue":"10"}},{"@type":"Person","@id":"https:\/\/dicodusport.fr\/blog\/#\/schema\/person\/7ca91cb9956847cfcdf25671708a6e4f","name":"Romain Fiore","image":{"@type":"ImageObject","inLanguage":"fr-FR","@id":"https:\/\/dicodusport.fr\/blog\/#\/schema\/person\/image\/","url":"https:\/\/dicodusport.fr\/blog\/wp-content\/uploads\/2022\/06\/IMG_2931-150x150.jpg","contentUrl":"https:\/\/dicodusport.fr\/blog\/wp-content\/uploads\/2022\/06\/IMG_2931-150x150.jpg","caption":"Romain Fiore"},"description":"Fan absolu de foot et d'un certain club \u00e0 l'\u00e9toile en bleu et blanc. Amateur de beau jeu et d'Argentins au pied gauche magique. Passionn\u00e9 de sport US (NBA, NFL, MLS) et loyal \u00e0 la Damian Lillard. Je suis l\u00e0 pour vous apporter tout ce que le sport peut nous donner.","sameAs":["https:\/\/www.linkedin.com\/in\/romain-fiore-191a451b6\/","https:\/\/x.com\/https:\/\/twitter.com\/romain_fiore"],"url":"https:\/\/dicodusport.fr\/blog\/author\/romain-fiore\/"}]}},"_links":{"self":[{"href":"https:\/\/dicodusport.fr\/blog\/wp-json\/wp\/v2\/posts\/229348","targetHints":{"allow":["GET"]}}],"collection":[{"href":"https:\/\/dicodusport.fr\/blog\/wp-json\/wp\/v2\/posts"}],"about":[{"href":"https:\/\/dicodusport.fr\/blog\/wp-json\/wp\/v2\/types\/post"}],"author":[{"embeddable":true,"href":"https:\/\/dicodusport.fr\/blog\/wp-json\/wp\/v2\/users\/73"}],"replies":[{"embeddable":true,"href":"https:\/\/dicodusport.fr\/blog\/wp-json\/wp\/v2\/comments?post=229348"}],"version-history":[{"count":0,"href":"https:\/\/dicodusport.fr\/blog\/wp-json\/wp\/v2\/posts\/229348\/revisions"}],"wp:featuredmedia":[{"embeddable":true,"href":"https:\/\/dicodusport.fr\/blog\/wp-json\/wp\/v2\/media\/229389"}],"wp:attachment":[{"href":"https:\/\/dicodusport.fr\/blog\/wp-json\/wp\/v2\/media?parent=229348"}],"wp:term":[{"taxonomy":"category","embeddable":true,"href":"https:\/\/dicodusport.fr\/blog\/wp-json\/wp\/v2\/categories?post=229348"},{"taxonomy":"post_tag","embeddable":true,"href":"https:\/\/dicodusport.fr\/blog\/wp-json\/wp\/v2\/tags?post=229348"}],"curies":[{"name":"wp","href":"https:\/\/api.w.org\/{rel}","templated":true}]}}